{"id":994,"date":"2005-07-17T00:00:00","date_gmt":"2005-07-16T22:00:00","guid":{"rendered":""},"modified":"2016-04-28T14:47:07","modified_gmt":"2016-04-28T12:47:07","slug":"lineguaglianza-fattore-di-armonia","status":"publish","type":"post","link":"https:\/\/www.rassegnastampa-totustuus.it\/cattolica\/lineguaglianza-fattore-di-armonia\/","title":{"rendered":"L&#8217;ineguaglianza, fattore di armonia"},"content":{"rendered":"<div style=\"text-align: center;\"><img loading=\"lazy\" decoding=\"async\" class=\"alignleft wp-image-33685\" src=\"https:\/\/www.rassegnastampa-totustuus.it\/cattolica\/wp-content\/uploads\/2005\/07\/egualitarismo.jpg\" alt=\"egualitarismo\" width=\"240\" height=\"177\" \/>\u00a0Tratto da:<strong> DIAGNOSI <\/strong><\/div>\n<div style=\"text-align: center;\">Saggio di fisiologia sociale<strong><br \/>\n<\/strong><\/div>\n<p style=\"text-align: center;\">di<strong> Gustave Thibon <\/strong><\/p>\n<p><!--more--><\/p>\n<div style=\"text-align: justify;\">La febbre egalitaria \u00e8 uno dei mali pi\u00f9 profondi e pi\u00f9 gravi della nostra epoca. Confessata o dissimulata, essa perturba in tutti i campi l&#8217;equilibrio dell&#8217;umanit\u00e0. Essa fa urtare fra loro, in una competizione senza esito, gli individui, le classi sociali e le nazioni. In ultima analisi, ciascuno finisce col trovare insopportabile di non essere l&#8217;uguale non importa di chi e non importa in che cosa.<\/div>\n<p style=\"text-align: justify;\">Un avventuriero aspira al potere supremo, il &#8220;proletariato&#8221; vuole spazzar via le classi dominanti, i popoli &#8220;poveri e dinamici&#8221; sentono di possedere tutti i diritti nei confronti dei loro vicini ricchi. Naturalmente, si sono inventati, per giustificare questa malattia vergognosa, dei vocaboli pieni di grandezza: il povero attacca il ricco in nome del &#8220;diritto all&#8217;esistenza&#8221;, il fisiologicamente tarato che vuole sposarsi in dispregio a ogni dovere si appella al suo &#8220;diritto all&#8217;amore&#8221;, le nazioni conquistatrici sbandierano la teoria dello &#8220;spazio vitale&#8221;. Ma queste grosse parole non servono che a rendere pi\u00f9 ripugnante l&#8217;egoistica realt\u00e0 che nascondono.<\/p>\n<p style=\"text-align: justify;\">Come tutte le aberrazioni umane, queste aspirazioni insensate possiedono tuttavia un fondamento nella realt\u00e0. L&#8217;egualitarismo &#8211; e consideriamo questa definizione come fondamentale &#8211; rappresenta la caricatura e la corruzione del senso dell&#8217;armonia e della unit\u00e0 sociale. Una critica seria dell&#8217;egualitarismo implica pertanto uno studio preciso delle condizioni di tale armonia e unit\u00e0. Non si pu\u00f2 definire una malattia che in funzione della salute.<\/p>\n<p style=\"text-align: justify;\"><strong>Le ineguaglianze naturali e le ineguaglianze sociali.<\/strong><\/p>\n<p style=\"text-align: justify;\">Se gli uomini sono tutti uguali in quanto uomini, essi per\u00f2 incarnano, per cos\u00ec dire, a gradi molto diversi, l&#8217;essenza umana. Basta mettere a confronto fra di loro gli individui, i popoli e le razze per constatare una moltitudine pressoch\u00e9 infinita di ineguaglianze naturali. Gli uomini nascono ineguali in salute, in forza fisica, in intelligenza, in volont\u00e0, in amore, ecc.. Una tale ineguaglianza presenta un carattere di necessit\u00e0 assoluta: non v&#8217;\u00e8 possibilit\u00e0 di scampo o di rimedio; se si tratta di un male, quel male \u00e8 incurabile.<\/p>\n<p style=\"text-align: justify;\">Cos\u00ec quell&#8217;ineguaglianza \u00e8 ammessa da tutti gli spiriti sani, non solo di fatto ma di diritto. Vicino a queste ineguaglianze naturali fra gli uomini si pu\u00f2 osservare l&#8217;ineguaglianza delle funzioni e dei privilegi inerenti alla gerarchia sociale. Gli uomini non hanno la stessa posizione nella societ\u00e0 e sono inugualmente potenti, inugualmente ricchi, ecc.. E qui si impone una osservazione capitale: queste ineguaglianze sociali non sono ricalcate sulle ineguaglianze naturali; anzi, \u00e8 raro che gli esseri meglio dotati dalla natura siano anche quelli che esercitano il potere o detengono la ricchezza.<\/p>\n<p style=\"text-align: justify;\">Questo stacco fra i doni naturali e la missione sociale \u00e8 espresso in modo esatto dalla Scrittura: &#8220;Ho anche visto sotto il sole che la corsa non \u00e8 degli agili, n\u00e9 la guerra dei valorosi, n\u00e9 il pane dei saggi, n\u00e9 la ricchezza degli intelligenti, n\u00e9 il favore dei sapienti, poich\u00e9 tutto \u00e8 legato, per essi, al tempo e alle circostanze&#8221;.<\/p>\n<p style=\"text-align: justify;\">Si pu\u00f2 facilmente capire come un tale margine di contingenza fra le capacit\u00e0 naturali degli uomini e la loro posizione sociale abbia ispirato seri dubbi sulla legittimit\u00e0 di certe ineguaglianze. Nessuno pu\u00f2 nulla contro il fatto che di due uomini l&#8217;uno sia forte e l&#8217;altro debole, l&#8217;uno intelligente e l&#8217;altro sciocco; invece si avverte istintivamente che la differenza per cui l&#8217;uno \u00e8 principe e l&#8217;altro plebeo, l&#8217;uno ricco e l&#8217;altro miserabile non ha davvero nulla di fatale, e che in un buon numero di casi il rapporto potrebbe essere invertito senza danno. Ci\u00f2 solleva un&#8217;altra questione.<\/p>\n<p style=\"text-align: justify;\"><strong>Problema dell&#8217;ineguaglianza artificiale.<\/strong><\/p>\n<p style=\"text-align: justify;\">Gli spiriti semplicisti sono portati a considerare le ineguaglianze sociali come artificiali. Occorre intendersi sul senso di quest&#8217;ultima parola. Se s&#8217;intende dire con ci\u00f2 che le differenze sociali non s&#8217;impongono con il peso della necessit\u00e0 primordiale e diretta che caratterizza le differenze naturali, e che esse son in parte l&#8217;opera dell&#8217;uomo, come una casa, un poema, un campo coltivato, ecc., siamo d&#8217;accordo. Ma se artificiale vuol significare fittizio, irreale e, per conseguenza, illegittimo e meritevole di distruzione, facciamo molte riserve. La natura umana infatti implica la vita in societ\u00e0 e la vita in societ\u00e0 la gerarchia e le sue differenze.<\/p>\n<p style=\"text-align: justify;\">L&#8217;artificiale delle ineguaglianze sociali rappresenta una forma di naturale in secondo grado: \u00e8 il prodotto spontaneo della natura di un essere fatto per creare e organizzare. Capisco benissimo, potr\u00e0 controbattere l&#8217;egualitaria; e per questo non il principio delle ineguaglianze sociali intendo denunciare come artificiale, ma il fatto che tali ineguaglianze appoggino cos\u00ec poco sulle differenze naturali. Ci\u00f2 che \u00e8 ingiusto, e che bisogna distruggere, \u00e8 uno stato sociale, in cui viene osservato un simile divorzio fra le capacit\u00e0 degli uomini da un lato e la loro missione e i loro privilegi dall&#8217;altro. L&#8217;argomentazione non \u00e8 sufficiente.<\/p>\n<p style=\"text-align: justify;\">Una differenza di posizione sociale o economica fra due uomini non merita di essere condannata per il solo fatto che non s&#8217;appoggia su una ineguaglianza naturale. Un cittadino dotato pu\u00f2 sempre dirsi a ragione, di fronte agli errori di quel monarca o di quel finanziere: &#8220;Perch\u00e9 non io? Userei meglio di quell&#8217;uomo del potere o della fortuna&#8221;. Ma la risposta \u00e8 facile: Di quale mezzo disponete per entrare in possesso di quel potere o di quella fortuna? Possedete una ricetta infallibile per condurre automaticamente &#8220;i pi\u00f9 degni&#8221; al sommo della scala sociale? Se \u00e8 cos\u00ec, le vostre rivendicazioni sono legittime.<\/p>\n<p style=\"text-align: justify;\">Rousseau, segnalando non senza ragione, nel Contratto sociale, le carenze del sistema ereditario, aggiungeva che la democrazia elettiva avrebbe quasi necessariamente conferito il potere al meglio della nazione. Ahim\u00e8! basta dare uno sguardo ai nuovi padroni che ci ha largito ormai da pi\u00f9 di un secolo quel sistema elettorale da cui si attendeva l&#8217;et\u00e0 d&#8217;oro, per constatare che la scissura tra le ineguaglianze umane e le ineguaglianze sociali non tende affatto a restringersi. Gli accidenti del strugle for life si sono rivelati ancor pi\u00f9 disastrosi di quelli del sistema ereditario&#8230; Sarebbe certamente augurabile che la gerarchia sociale si basasse sulla gerarchia naturale. Ma una simile armonia rappresenta un ideale verso il quale una societ\u00e0 sana deve tendere incessantemente senza mai sperare di realizzarlo pienamente.<\/p>\n<p style=\"text-align: justify;\">Se bastasse, per respingere un sistema sociale, constatare che non conduce necessariamente i migliori ai primi posti, tutte le forme di societ\u00e0 dovrebbero essere eliminate in blocco&#8230; Rimane tuttavia il fatto che i diversi sistemi sociali sono inugualmente imperfetti, e, fatta giustizia delle esagerazioni egalitarie, rimane altres\u00ec il fatto che vi \u00e8 molto di artificiale, nel senso peggiore del termine, nelle ineguaglianze sociali. Per cui il problema si sposta in questo senso: cos&#8217;\u00e8 una ineguaglianza artificiale?<\/p>\n<p style=\"text-align: justify;\"><strong>L&#8217;ineguaglianza organica e l&#8217;ineguaglianza anarchica.<\/strong><\/p>\n<p style=\"text-align: justify;\">Non sappiamo se l&#8217;ultimo sovrano di Bisanzio, Costantino Dragases, che si fece uccidere sugli spalti della sua citt\u00e0 dopo una difesa eroica, fosse, tra gli innumerevoli abitanti del suo impero, il pi\u00f9 degno del potere supremo; e non sappiamo neppure se il pi\u00f9 ricco proprietario del nostro villaggio, che lavora lui stesso e fa lavorare numerosi operai, &#8220;meriti&#8221; in modo speciale la sua fortuna economica. Ma sappiamo bene che n\u00e9 l&#8217;uno n\u00e9 l&#8217;altro godono di privilegi artificiali: li sentiamo a posto, servono a qualche cosa: il primo faceva il suo mestiere di re, il secondo fa il suo mestiere di ricco.<\/p>\n<p style=\"text-align: justify;\">Se pensiamo, al contrario, a certo monarca moderno che abbandona il suo popolo dopo averlo esortato a combattere sino all&#8217;ultima goccia di sangue o a certo &#8220;fortunato&#8221; vincitore della lotteria nazionale immerso in un lusso o in piaceri imbecilli, abbiamo l&#8217;impressione nettissima che quei due uomini sono stati l&#8217;oggetto di un favore assurdo del destino: non sono a posto, non servono a nulla, non fanno il loro mestiere&#8230; E&#8217; chiaro: l&#8217;ineguaglianza delle posizioni e dei privilegi diventa fittizia e ingiusta nella misura in cui essa non corrisponde pi\u00f9 all&#8217;ineguaglianza delle &#8220;missioni&#8221;, delle cariche e delle responsabilit\u00e0.<\/p>\n<p style=\"text-align: justify;\">Un re che &#8220;lascia cadere&#8221; il suo popolo pensando che all&#8217;estero ci sono ancora palazzi e casin\u00f2 dove la vita \u00e8 piacevole, \u00e8 un cattivo re; un ricco che non redime la sua fortuna economica, sia con iniziative benefiche, sia con quella distinzione e quel lusso dei sentimenti che talora l&#8217;ozio materiale favorisce, \u00e8 un cattivo ricco.<\/p>\n<p style=\"text-align: justify;\">Allorch\u00e9 non sappiamo qual signore medioevale diceva, per spiegare la differenza fra un gentiluomo e un tanghero, che, posti l&#8217;uno e l&#8217;altro fra la morte e il disonore, il tanghero opta per la vita, e il gentiluomo per la morte, sommariamente definiva il principio di una sana uguaglianza: il rischio vicino al privilegio, il rischio corrispettivo del privilegio&#8230; Sventuratamente, \u00e8 tendenza naturale dell&#8217;egoismo umano ricercare i privilegi senza i rischi e i pesi.<\/p>\n<p style=\"text-align: justify;\">Ci si vuole innalzare non gi\u00e0, come sarebbe legittimo, per meglio donarsi e impegnarsi, ma per meglio disimpegnarsi, per potersela cavare a buon mercato! Si fa combinare in forma paradossale la sete di emergere con il desiderio di mettersi al coperto: si vuol essere tanto pi\u00f9 al sicuro quanto pi\u00f9 si \u00e8 in alto, il che, propriamente, \u00e8 un assurdo. E le ineguaglianze create da tale atteggiamento sono anarchiche per essenza; come il piacere sessuale separato dalla funzione procreatrice, non hanno alcuna finalit\u00e0 collettiva; possono assomigliarsi a corpi estranei nell&#8217;organismo sociale.<\/p>\n<p style=\"text-align: justify;\">Tale culto della falsa ineguaglianza e dell&#8217;ascesa senza merito n\u00e9 sacrificio, necessariamente va di pari passo con il culto del denaro. In una societ\u00e0 sana, la sorte personale dei capi e dei potenti \u00e8 legata a quella degli uomini che governano o dei beni che possiedono: il principe fa corpo col suo popolo, il padrone con la sua terra, ecc.; la felicit\u00e0 e la sicurezza di questi uomini dipendono in gran parte dal compimento del loro dovere sociale. Il ricco, all&#8217;opposto (in quanto detentore di moneta anonima), non \u00e8 inserito in nessuna funzione precisa nella societ\u00e0: qualunque sia la sua abdicazione, la sua rinunzia nei confronti dei suoi doveri sociali, godr\u00e0 dovunque degli stessi privilegi e della stessa sicurezza. Si pensi ai re in esilio, ai finanzieri cosmopoliti, e magari ai piccoli rentiers egoisti&#8230;<\/p>\n<p style=\"text-align: justify;\">L&#8217;ineguaglianza artificiale consiste dunque anzitutto nella ineguaglianza finanziaria, senza correttivo n\u00e9 base funzionale. Una societ\u00e0 si dichiara malsana nella misura in cui tende a fondare la sua gerarchia sulla diversit\u00e0 morta delle fortune economiche (8), a detrimento della differenza vivente delle funzioni. Tale tendenza fu, come si sa, la caratteristica indelebile della societ\u00e0 capitalistica&#8230;<\/p>\n<p style=\"text-align: justify;\">Riassumendo: perch\u00e9 un&#8217;ineguaglianza sociale sia legittima, non \u00e8 necessario che sia ricalcata su una differenza di valore personale (l&#8217;ideale del right man in the right place, si presenta come un asintoto&#8230;), ma basta che ciascuno eserciti una funzione organica e serva meglio che pu\u00f2, nel suo ordine, il bene collettivo.<\/p>\n<p style=\"text-align: justify;\"><strong>Sorgente del falso egualitarismo.<\/strong><\/p>\n<p style=\"text-align: justify;\">Ci sia permesso ora una breve divagazione psicologica sulle radici del terribile istinto di uguaglianza che sconvolge la societ\u00e0. Il primo riflesso dell&#8217;egualitarismo \u00e8 questo grido: perch\u00e9 io no? Da quale stato d&#8217;animo sorge? Prendiamo un uomo qualunque, che invidia la sorte di un grande personaggio e dice a s\u00e9 stesso: come vorrei essere al suo posto! Che cosa invidia a quel destino privilegiato? Gli impegni, i rischi e l&#8217;austera gioia di servire (per la maggior parte del suo tempo quel tale non ci pensa neppure), o piuttosto il prestigio, la fortuna e tutte le possibilit\u00e0 di piacere e di agio che nel suo pensiero fanno tutt&#8217;uno con la posizione del personaggio invidiato?<\/p>\n<p style=\"text-align: justify;\">La risposta \u00e8 troppo facile&#8230; L&#8217;istinto egalitario ha le stesse sorgenti dell&#8217;istinto edonistico, \u00e8 il segno della medesima decadenza. L&#8217;edonismo infatti nasce da un processo di disgregazione affettiva per il quale la sete della felicit\u00e0, naturale in tutti gli uomini, si separa dalla sete di agire, di donarsi, di lottare, dallo slancio verso la virt\u00f9, nel senso etimologico e generale del termine. Nell&#8217;uomo sano, questi due istinti sono strettamente legati l&#8217;uno all&#8217;altro: la felicit\u00e0 \u00e8 il coronamento dello sforzo e del dono, ingrandisce in funzione della perfezione acquistata.<\/p>\n<p style=\"text-align: justify;\">Il decadente, all&#8217;opposto, non associa l&#8217;idea di felicit\u00e0 a quella di perfezione e di ascensione; non conosce altra perfezione che il godimento e la sicurezza: Dio, per lui, non \u00e8 purezza, ma facilit\u00e0 e riposo. Cos\u00ec, per poco che la sua posizione sociale sia inferiore, egli \u00e8 spontaneamente egualitaria: in questo ordine della felicit\u00e0 materiale e del rifiuto di servire, che solo esiste per lui, e di fronte a privilegi senza la missione, di privilegi che permettono la sine-cura, l&#8217;ultimo degli uomini pu\u00f2 legittimamente ambire i posti pi\u00f9 alti.<\/p>\n<p style=\"text-align: justify;\">Di fronte al denaro, soprattutto: ognuno si sente degno di essere l&#8217;eletto di questa divinit\u00e0 anonima, ognuno si sente capace, in definitiva, di godere e di non far nulla! D&#8217;altronde, non \u00e8 effetto del caso che le epoche in cui il primato sociale \u00e8 devoluto al denaro siano anche quelle in cui imperversa la peggiore febbre egualitaria. Ma questi operai che vorrebbero per s\u00e9 la vita facile di un grigio cliente di palazzo, questo vecchio contadino che la necessit\u00e0 costringe ancora, in cerca di benessere, a curvare la schiena sulla terra e che la vuota oziosit\u00e0 del piccolo pensionato suo vicino esaspera di gelosia, tutti i cuori contratti da un corrosivo: &#8220;perch\u00e9 io no?&#8221;, che cosa invidiano, in realt\u00e0, ai loro fratelli &#8220;privilegiati&#8221;?<\/p>\n<p style=\"text-align: justify;\">Per quanto strano possa sembrare, essi invidiano loro il loro nulla! Diretta verso il privilegio senza doveri, verso il peccato (perch\u00e9 il rifiuto di servire \u00e8 la definizione stessa del peccato), la volont\u00e0 di uguaglianza diventa una volont\u00e0 di nulla, una vertigine di autodegradazione e di morte. E in questo risiede il segreto e la logica del &#8220;comunismo&#8221;. Non vi sono che due cose assolutamente comuni a tutti gli uomini: il loro nulla originale e il Dio che li ha creati. Se essi sono troppo deboli o troppo peccatori per unirsi nel culto di quel Dio, invincibilmente tendono a comunicare nel nulla. Ma l&#8217;egualitarismo non conduce al nulla puro e semplice: l&#8217;uomo e la societ\u00e0 hanno la vita dura.<\/p>\n<p style=\"text-align: justify;\">Peccato capitale contro l&#8217;armonia &#8211; che non \u00e8 se non un gioco di uguaglianze fondate sulle funzioni e i doveri, &#8211; l&#8217;egualitarismo genera il caos o, per meglio dire, sostituisce al gioco delle ineguaglianze organiche un guazzabuglio di ineguaglianze assurde e divoratrici, frutto dell&#8217;intrigo e del caso &#8211; di tutto ci\u00f2 che v&#8217;\u00e8 di meno umano nell&#8217;uomo. E&#8217; chiaro, per esempio, al dire dei testimoni pi\u00f9 autorevoli, che il &#8220;comunismo&#8221; sovietico, fondato di diritto sull&#8217;egualitarismo pi\u00f9 rigido, ha dato vita, di fatto, alle ineguaglianze pi\u00f9 rivoltanti che la storia abbia mai conosciuto.<\/p>\n<p style=\"text-align: justify;\"><strong>Ineguaglianze e armonia.<\/strong><\/p>\n<p style=\"text-align: justify;\">Ascoltiamo una melodia. Ogni nota vi occupa un posto differente nella scala dei suoni, tutti gli elementi musicali (e i silenzi stessi) sono ineguali fra loro e, senza queste ineguaglianze, la melodia non esisterebbe pi\u00f9. Ma essa non esisterebbe lo stesso se si sopprimesse, fra i suoi diversi elementi, quella specie di uguaglianza profonda che risulta dalla comunione e dalla fusione nell&#8217;unit\u00e0 del medesimo tutto: non avremmo pi\u00f9, allora, che un caos di suoni. Tale duplice esigenza di ineguaglianza e di uguaglianza si ritrova nella scala della societ\u00e0 umana.<\/p>\n<p style=\"text-align: justify;\">Alla piatta nozione di uguaglianza, giova sostituire la nozione profonda di armonia. La sola uguaglianza reale e auspicabile fra gli uomini non pu\u00f2 risiedere n\u00e9 in seno alle nature n\u00e9 in seno alle funzioni, non pu\u00f2 essere che una uguaglianza di convergenza. Essa riposa sulla comunione, e la comunione non esiste senza la differenza: i grani di sabbia del deserto sono identici ed estranei gli uni agli altri&#8230; In ogni armonia, l&#8217;interdipendenza corregge e corona l&#8217;ineguaglianza: le note di una melodia sono cos\u00ec ben legate le une alle altre nell&#8217;unit\u00e0 dell&#8217;assieme che, prese separatamente, non hanno pi\u00f9 n\u00e9 anima n\u00e9 funzione. Cos\u00ec deve pure essere per la vita sociale.<\/p>\n<p style=\"text-align: justify;\">In mancanza dell&#8217;impossibile catastrofica comunanza di doveri e di privilegi, bisogna che esista fra gli uomini, e soprattutto fra chi dirige e chi \u00e8 diretto, una specie di comunanza di destino. I veri capi sono per un popolo una testa e sono a un tempo distinti da lui e a lui uniti: la testa e il corpo vivono, soffrono e muoiono insieme&#8230; Ma i cattivi padroni &#8211; bench\u00e9 siano quasi tutti ardenti egalitaristi e pretendano, con una falsa e lusingatrice umilt\u00e0, di identificarsi al popolo &#8211; sono estranei a quelli che dirigono, non sono testa per nessuno, e tutta la loro abilit\u00e0 consiste nel far muovere dal di fuori e per il loro profitto personale i riflessi di un corpo decapitato&#8230;<\/p>\n<p style=\"text-align: justify;\">E questo ci conduce a formulare la seguente legge: una istituzione \u00e8 sana nella misura in cui favorisce questa salutare interdipendenza fra i membri della gerarchia sociale. Organizzazioni come il sistema feudale e il sistema corporativo sotto I'&#8221;ancien r\u00e9gime&#8221; servivano a tale scopo: esse non hanno dovuto soccombere a un vizio formale, ma al difetto delle persone. E&#8217; chiaro, invece, che i miti sociali che ha il XIX secolo (capitalismo, suffragio universale, funzionarizzazione dei cittadini, ecc.) sono malsani nel loro principio, perch\u00e9 atomizzano gli uomini. Non di qualche ritocco, ma d&#8217;una generale rifusione hanno bisogno le istituzioni moderne.<\/p>\n<p style=\"text-align: justify;\"><strong>Missione della Francia cristiana.<\/strong><\/p>\n<p style=\"text-align: justify;\">Si rabbrividisce al pensiero degli abissi di miseria e di corruzione da cui i popoli verrebbero inghiottiti qualora, passata la febbre e l&#8217;emorragia guerriera, ci ritrovassimo in un clima morale e politico simile a quello che \u00e8 seguito all&#8217;ultima guerra. Esauste come sono, non \u00e8 possibile che le strutture sociali di oggi resistano lungamente alla crisi che le ha scosse e che \u00e8 opera loro!<\/p>\n<p style=\"text-align: justify;\">Tutti sono d&#8217;accordo nel prevedere e desiderare, a breve scadenza, lo schiudersi di un nuovo mondo. Se questa attesa \u00e8 destinata a essere soddisfatta, siamo certi che il genio e il cuore dei Francesi vi contribuiranno potentemente. Il popolo francese possiede infatti, in grado unico, il doppio senso dell&#8217;uguaglianza e dell&#8217;ineguaglianza.<\/p>\n<p style=\"text-align: justify;\">Nessun altro \u00e8 altrettanto individualista, altrettanto ribelle al gregarismo: proprio in Francia \u00e8 possibile constatare, in ordine alle funzioni e alle precedenze sociali, le ineguaglianze pi\u00f9 numerose e sottili: siamo il popolo che presenta il massimo di &#8220;distinzione&#8221; (nel duplice significato del termine) e, conseguentemente, il minimo di uguaglianza.<\/p>\n<p style=\"text-align: justify;\">Ma siamo altres\u00ec il popolo in cui la coscienza dell&#8217;uguaglianza profonda fra gli uomini si \u00e8 affermata, sana, col massimo di giustizia, e ha causato, corrotta, le pi\u00f9 grandi rovine. Dopo il &#8220;chi t&#8217;ha fatto re?&#8221; gettato in faccia al primo capetingio da un suo suddito e il &#8220;fango comune&#8221; che Bossuet ricordava ai grandi, abbiamo avuto, ahim\u00e8, la terribile mistica egalitaria della rivoluzione francese.<\/p>\n<p style=\"text-align: justify;\">Teniamo i due capi della catena: tocca a noi unire in una sintesi armoniosa lo spirito di uguaglianza e lo spirito d&#8217;ineguaglianza. Vano sarebbe abbandonarsi ora a fantasiose anticipazioni, e voler tracciare il disegno esatto della societ\u00e0 futura. Ma con certezza si pu\u00f2 prevedere che essa sfuggir\u00e0 alla vorace marea del materialismo solo a condizione di veder rinascere degli istituti imparentati al corporativismo nell&#8217;ordine economico e allo spirito della cavalleria e del sacerdozio nell&#8217;ordine politico.<\/p>\n<p style=\"text-align: justify;\">Simili istituzioni e solo esse saranno in grado di frenare efficacemente l&#8217;egualitarismo, sostituendo all&#8217;inuguagIianza materiale e qualitativa una ineguaglianza orientata verso la qualit\u00e0 e lo spirito, o, almeno, facendo della prima non pi\u00f9 un valore assoluto, ma semplicemente il sostegno o lo strumento della seconda. E, contemporaneamente, esse lavoreranno a ristabilire la sana uguaglianza, poich\u00e9 la materia divide, e lo spirito unisce.<\/p>\n<p style=\"text-align: justify;\">Il nostro ideale respinge, insieme, l&#8217;egualitarismo che vuol cancellare le differenze sociali e la falsa mentalit\u00e0 aristocratica che tenderebbe a indurirle in differenze di essenza (sarebbe ridicolo che il capo contraccambiasse l&#8217;amore che gli si porta, diceva gi\u00e0 Aristotele&#8230;); consiste nel purificare e organizzare Ie ineguaglianze in vista di un&#8217;uguaglianza pi\u00f9 profonda; pi\u00f9 precisamente nel mettere l&#8217;ineguaglianza al servizio dell&#8217;unit\u00e0. Ma tale unit\u00e0 che cos&#8217;\u00e8, se non l&#8217;amore, e che cos&#8217;\u00e8 l&#8217;amore, se non Dio? Attraverso le loro ineguaglianze naturali e sociali, tutti gli uomini sentono oscuramente che procedono dalla stessa origine e concorrono al medesimo fine.<\/p>\n<p style=\"text-align: justify;\">Il cattivo egualitarismo nasce dall&#8217;irrigidimento egoista di tale intenzione, che \u00e8 vera soltanto sulla linea dell&#8217;amore: come tutte le grandi aberrazioni dell&#8217;uomo, esso deriva dal rifiuto della condizione di creatura e dall&#8217;ambizione di essere come Dio. La vera uguaglianza \u00e8 il frutto di un amore comune; presuppone dunque l&#8217;obl\u00eco e il dono di s\u00e8. Ma se ciascuno non pensa che a s\u00e8, se l&#8217;inferiore si irrigidisce nella sua invidia, e il superiore nei suoi privilegi, che nome daremo alla febbre di uguaglianza che nasce in un simile mondo?<\/p>\n<p style=\"text-align: justify;\">Essa non \u00e8 pi\u00f9 allora che un pretesto o un vessillo nella lotta, vecchia come il peccato, fra piccoli dei affamati che considerano come ingiustizia assoluta, ma riparabile, ogni limite alla loro volont\u00e0 di godimento o di potenza, e dei quali ciascuno vuole tutto avere e per s\u00e8 solo. E&#8217; infatti una legge fatale: gli uomini che si scostano daIl&#8217;amore comune sono votati all&#8217;odio reciproco. E lo spirito di uguaglianza procede necessariamente dall&#8217;una o dall&#8217;altra di queste due sorgenti. Cos\u00ec non v&#8217;\u00e8 solida struttura sociale senza clima religioso.<\/p>\n<p style=\"text-align: justify;\">Un solo amore comune \u00e8 capace di avvicinare efficacemente gli uomini: l&#8217;amore supremo. Tutti i miti, in nome dei quali si \u00e8 preteso unire gli uomini fuori di Dio, hanno moltiplicato la separazione e l&#8217;anarchia. Chi non raccoglie con me, disperde&#8230; La Francia ritrover\u00e0 la sua missione solo ritrovando il suo Dio.<\/p>\n<p style=\"text-align: justify;\">Ignorando quel Dio, la rivoluzione del 1789 fece deviare verso il nulla la grande idea cristiana di uguaglianza. Il mondo attende ora una rivoluzione francese cristiana. L&#8217;egualitarismo ateo \u00e8 malsano perch\u00e9 non ha altra risorsa che limare fino al nulla le differenze umane. Ma l&#8217;egualitarismo cristiano \u00e8 sano perch\u00e9 \u00e8 fondato sul superamento e non sull&#8217;estinzione di tali differenze: esso le prolunga fino alla loro origine e al loro fine comuni, cio\u00e8 l&#8217;amore eterno. Cos\u00ec si compie, nell&#8217;unit\u00e0 di quest&#8217;amore, la sintesi dell&#8217;uguaglianza e dell&#8217;ineguaglianza.<\/p>\n","protected":false},"excerpt":{"rendered":"<p>\u00a0Tratto da: DIAGNOSI Saggio di fisiologia sociale di Gustave Thibon<\/p><p><a class=\"more-link btn\" href=\"https:\/\/www.rassegnastampa-totustuus.it\/cattolica\/lineguaglianza-fattore-di-armonia\/\">Continua a leggere<\/a><\/p>\n","protected":false},"author":6,"featured_media":33685,"comment_status":"closed","ping_status":"open","sticky":false,"template":"","format":"standard","meta":{"footnotes":""},"categories":[53],"tags":[772,771,235],"class_list":["post-994","post","type-post","status-publish","format-standard","has-post-thumbnail","hentry","category-politica","tag-egualitarismo","tag-g-thibon","tag-politica-2","item-wrap"],"yoast_head":"<!-- This site is optimized with the Yoast SEO plugin v27.5 - https:\/\/yoast.com\/product\/yoast-seo-wordpress\/ -->\n<title>L&#039;ineguaglianza, fattore di armonia - Rassegna Stampa Cattolica<\/title>\n<meta name=\"description\" content=\"Rassegna Stampa Cattolica - Per una cultura che nasce dalla Rivelazione cristiana in conformit\u00e0 alla tradizione e al Magistero della Chiesa in opposizione ad ogni relativismo e totalitarismo\" \/>\n<meta name=\"robots\" content=\"index, follow, max-snippet:-1, max-image-preview:large, max-video-preview:-1\" \/>\n<link rel=\"canonical\" href=\"https:\/\/www.rassegnastampa-totustuus.it\/cattolica\/lineguaglianza-fattore-di-armonia\/\" \/>\n<meta property=\"og:locale\" content=\"it_IT\" \/>\n<meta property=\"og:type\" content=\"article\" \/>\n<meta property=\"og:title\" content=\"L&#039;ineguaglianza, fattore di armonia - Rassegna Stampa Cattolica\" \/>\n<meta property=\"og:description\" content=\"Rassegna Stampa Cattolica - Per una cultura che nasce dalla Rivelazione cristiana in conformit\u00e0 alla tradizione e al Magistero della Chiesa in opposizione ad ogni relativismo e totalitarismo\" \/>\n<meta property=\"og:url\" content=\"https:\/\/www.rassegnastampa-totustuus.it\/cattolica\/lineguaglianza-fattore-di-armonia\/\" \/>\n<meta property=\"og:site_name\" content=\"Rassegna Stampa Cattolica\" \/>\n<meta property=\"article:publisher\" content=\"https:\/\/www.facebook.com\/rassegnastampacattolica\" \/>\n<meta property=\"article:published_time\" content=\"2005-07-16T22:00:00+00:00\" \/>\n<meta property=\"article:modified_time\" content=\"2016-04-28T12:47:07+00:00\" \/>\n<meta property=\"og:image\" content=\"https:\/\/www.rassegnastampa-totustuus.it\/cattolica\/wp-content\/uploads\/2005\/07\/egualitarismo.jpg\" \/>\n\t<meta property=\"og:image:width\" content=\"261\" \/>\n\t<meta property=\"og:image:height\" content=\"193\" \/>\n\t<meta property=\"og:image:type\" content=\"image\/jpeg\" \/>\n<meta name=\"author\" content=\"Redazione\" \/>\n<meta name=\"twitter:card\" content=\"summary_large_image\" \/>\n<meta name=\"twitter:creator\" content=\"@rassegnastampa9\" \/>\n<meta name=\"twitter:site\" content=\"@rassegnastampa9\" \/>\n<meta name=\"twitter:label1\" content=\"Scritto da\" \/>\n\t<meta name=\"twitter:data1\" content=\"Redazione\" \/>\n\t<meta name=\"twitter:label2\" content=\"Tempo di lettura stimato\" \/>\n\t<meta name=\"twitter:data2\" content=\"18 minuti\" \/>\n<script type=\"application\/ld+json\" class=\"yoast-schema-graph\">{\"@context\":\"https:\\\/\\\/schema.org\",\"@graph\":[{\"@type\":\"Article\",\"@id\":\"https:\\\/\\\/www.rassegnastampa-totustuus.it\\\/cattolica\\\/lineguaglianza-fattore-di-armonia\\\/#article\",\"isPartOf\":{\"@id\":\"https:\\\/\\\/www.rassegnastampa-totustuus.it\\\/cattolica\\\/lineguaglianza-fattore-di-armonia\\\/\"},\"author\":{\"name\":\"Redazione\",\"@id\":\"https:\\\/\\\/www.rassegnastampa-totustuus.it\\\/cattolica\\\/#\\\/schema\\\/person\\\/08f319d2bd1a0904ad9e2bfb7b15e5c3\"},\"headline\":\"L&#8217;ineguaglianza, fattore di armonia\",\"datePublished\":\"2005-07-16T22:00:00+00:00\",\"dateModified\":\"2016-04-28T12:47:07+00:00\",\"mainEntityOfPage\":{\"@id\":\"https:\\\/\\\/www.rassegnastampa-totustuus.it\\\/cattolica\\\/lineguaglianza-fattore-di-armonia\\\/\"},\"wordCount\":3645,\"publisher\":{\"@id\":\"https:\\\/\\\/www.rassegnastampa-totustuus.it\\\/cattolica\\\/#organization\"},\"image\":{\"@id\":\"https:\\\/\\\/www.rassegnastampa-totustuus.it\\\/cattolica\\\/lineguaglianza-fattore-di-armonia\\\/#primaryimage\"},\"thumbnailUrl\":\"https:\\\/\\\/www.rassegnastampa-totustuus.it\\\/cattolica\\\/wp-content\\\/uploads\\\/2005\\\/07\\\/egualitarismo.jpg\",\"keywords\":[\"egualitarismo\",\"G.Thibon\",\"politica\"],\"articleSection\":[\"Politica\"],\"inLanguage\":\"it-IT\"},{\"@type\":\"WebPage\",\"@id\":\"https:\\\/\\\/www.rassegnastampa-totustuus.it\\\/cattolica\\\/lineguaglianza-fattore-di-armonia\\\/\",\"url\":\"https:\\\/\\\/www.rassegnastampa-totustuus.it\\\/cattolica\\\/lineguaglianza-fattore-di-armonia\\\/\",\"name\":\"L'ineguaglianza, fattore di armonia - Rassegna Stampa Cattolica\",\"isPartOf\":{\"@id\":\"https:\\\/\\\/www.rassegnastampa-totustuus.it\\\/cattolica\\\/#website\"},\"primaryImageOfPage\":{\"@id\":\"https:\\\/\\\/www.rassegnastampa-totustuus.it\\\/cattolica\\\/lineguaglianza-fattore-di-armonia\\\/#primaryimage\"},\"image\":{\"@id\":\"https:\\\/\\\/www.rassegnastampa-totustuus.it\\\/cattolica\\\/lineguaglianza-fattore-di-armonia\\\/#primaryimage\"},\"thumbnailUrl\":\"https:\\\/\\\/www.rassegnastampa-totustuus.it\\\/cattolica\\\/wp-content\\\/uploads\\\/2005\\\/07\\\/egualitarismo.jpg\",\"datePublished\":\"2005-07-16T22:00:00+00:00\",\"dateModified\":\"2016-04-28T12:47:07+00:00\",\"description\":\"Rassegna Stampa Cattolica - Per una cultura che nasce dalla Rivelazione cristiana in conformit\u00e0 alla tradizione e al Magistero della Chiesa in opposizione ad ogni relativismo e totalitarismo\",\"breadcrumb\":{\"@id\":\"https:\\\/\\\/www.rassegnastampa-totustuus.it\\\/cattolica\\\/lineguaglianza-fattore-di-armonia\\\/#breadcrumb\"},\"inLanguage\":\"it-IT\",\"potentialAction\":[{\"@type\":\"ReadAction\",\"target\":[\"https:\\\/\\\/www.rassegnastampa-totustuus.it\\\/cattolica\\\/lineguaglianza-fattore-di-armonia\\\/\"]}]},{\"@type\":\"ImageObject\",\"inLanguage\":\"it-IT\",\"@id\":\"https:\\\/\\\/www.rassegnastampa-totustuus.it\\\/cattolica\\\/lineguaglianza-fattore-di-armonia\\\/#primaryimage\",\"url\":\"https:\\\/\\\/www.rassegnastampa-totustuus.it\\\/cattolica\\\/wp-content\\\/uploads\\\/2005\\\/07\\\/egualitarismo.jpg\",\"contentUrl\":\"https:\\\/\\\/www.rassegnastampa-totustuus.it\\\/cattolica\\\/wp-content\\\/uploads\\\/2005\\\/07\\\/egualitarismo.jpg\",\"width\":261,\"height\":193},{\"@type\":\"BreadcrumbList\",\"@id\":\"https:\\\/\\\/www.rassegnastampa-totustuus.it\\\/cattolica\\\/lineguaglianza-fattore-di-armonia\\\/#breadcrumb\",\"itemListElement\":[{\"@type\":\"ListItem\",\"position\":1,\"name\":\"Home\",\"item\":\"https:\\\/\\\/www.rassegnastampa-totustuus.it\\\/cattolica\\\/\"},{\"@type\":\"ListItem\",\"position\":2,\"name\":\"L&#8217;ineguaglianza, fattore di armonia\"}]},{\"@type\":\"WebSite\",\"@id\":\"https:\\\/\\\/www.rassegnastampa-totustuus.it\\\/cattolica\\\/#website\",\"url\":\"https:\\\/\\\/www.rassegnastampa-totustuus.it\\\/cattolica\\\/\",\"name\":\"Rassegna Stampa Cattolica\",\"description\":\"Per una cultura che nasce dalla Rivelazione cristiana in conformit\u00e0 alla tradizione e al Magistero della Chiesa in opposizione ad ogni relativismo e totalitarismo\",\"publisher\":{\"@id\":\"https:\\\/\\\/www.rassegnastampa-totustuus.it\\\/cattolica\\\/#organization\"},\"alternateName\":\"Rass. Cattolica\",\"potentialAction\":[{\"@type\":\"SearchAction\",\"target\":{\"@type\":\"EntryPoint\",\"urlTemplate\":\"https:\\\/\\\/www.rassegnastampa-totustuus.it\\\/cattolica\\\/?s={search_term_string}\"},\"query-input\":{\"@type\":\"PropertyValueSpecification\",\"valueRequired\":true,\"valueName\":\"search_term_string\"}}],\"inLanguage\":\"it-IT\"},{\"@type\":\"Organization\",\"@id\":\"https:\\\/\\\/www.rassegnastampa-totustuus.it\\\/cattolica\\\/#organization\",\"name\":\"Rassegna Stampa Cattolica\",\"url\":\"https:\\\/\\\/www.rassegnastampa-totustuus.it\\\/cattolica\\\/\",\"logo\":{\"@type\":\"ImageObject\",\"inLanguage\":\"it-IT\",\"@id\":\"https:\\\/\\\/www.rassegnastampa-totustuus.it\\\/cattolica\\\/#\\\/schema\\\/logo\\\/image\\\/\",\"url\":\"https:\\\/\\\/www.rassegnastampa-totustuus.it\\\/cattolica\\\/wp-content\\\/uploads\\\/2014\\\/04\\\/logo-rassegna1.gif\",\"contentUrl\":\"https:\\\/\\\/www.rassegnastampa-totustuus.it\\\/cattolica\\\/wp-content\\\/uploads\\\/2014\\\/04\\\/logo-rassegna1.gif\",\"width\":600,\"height\":163,\"caption\":\"Rassegna Stampa Cattolica\"},\"image\":{\"@id\":\"https:\\\/\\\/www.rassegnastampa-totustuus.it\\\/cattolica\\\/#\\\/schema\\\/logo\\\/image\\\/\"},\"sameAs\":[\"https:\\\/\\\/www.facebook.com\\\/rassegnastampacattolica\",\"https:\\\/\\\/x.com\\\/rassegnastampa9\"]},{\"@type\":\"Person\",\"@id\":\"https:\\\/\\\/www.rassegnastampa-totustuus.it\\\/cattolica\\\/#\\\/schema\\\/person\\\/08f319d2bd1a0904ad9e2bfb7b15e5c3\",\"name\":\"Redazione\",\"image\":{\"@type\":\"ImageObject\",\"inLanguage\":\"it-IT\",\"@id\":\"https:\\\/\\\/secure.gravatar.com\\\/avatar\\\/2fcdf27c78ea025fbdb44e914cc63c72249ffec9dc8aafd5c82b26240ef3f346?s=96&d=mm&r=g\",\"url\":\"https:\\\/\\\/secure.gravatar.com\\\/avatar\\\/2fcdf27c78ea025fbdb44e914cc63c72249ffec9dc8aafd5c82b26240ef3f346?s=96&d=mm&r=g\",\"contentUrl\":\"https:\\\/\\\/secure.gravatar.com\\\/avatar\\\/2fcdf27c78ea025fbdb44e914cc63c72249ffec9dc8aafd5c82b26240ef3f346?s=96&d=mm&r=g\",\"caption\":\"Redazione\"},\"url\":\"https:\\\/\\\/www.rassegnastampa-totustuus.it\\\/cattolica\\\/author\\\/pietroelle\\\/\"}]}<\/script>\n<!-- \/ Yoast SEO plugin. -->","yoast_head_json":{"title":"L'ineguaglianza, fattore di armonia - Rassegna Stampa Cattolica","description":"Rassegna Stampa Cattolica - Per una cultura che nasce dalla Rivelazione cristiana in conformit\u00e0 alla tradizione e al Magistero della Chiesa in opposizione ad ogni relativismo e totalitarismo","robots":{"index":"index","follow":"follow","max-snippet":"max-snippet:-1","max-image-preview":"max-image-preview:large","max-video-preview":"max-video-preview:-1"},"canonical":"https:\/\/www.rassegnastampa-totustuus.it\/cattolica\/lineguaglianza-fattore-di-armonia\/","og_locale":"it_IT","og_type":"article","og_title":"L'ineguaglianza, fattore di armonia - Rassegna Stampa Cattolica","og_description":"Rassegna Stampa Cattolica - Per una cultura che nasce dalla Rivelazione cristiana in conformit\u00e0 alla tradizione e al Magistero della Chiesa in opposizione ad ogni relativismo e totalitarismo","og_url":"https:\/\/www.rassegnastampa-totustuus.it\/cattolica\/lineguaglianza-fattore-di-armonia\/","og_site_name":"Rassegna Stampa Cattolica","article_publisher":"https:\/\/www.facebook.com\/rassegnastampacattolica","article_published_time":"2005-07-16T22:00:00+00:00","article_modified_time":"2016-04-28T12:47:07+00:00","og_image":[{"width":261,"height":193,"url":"https:\/\/www.rassegnastampa-totustuus.it\/cattolica\/wp-content\/uploads\/2005\/07\/egualitarismo.jpg","type":"image\/jpeg"}],"author":"Redazione","twitter_card":"summary_large_image","twitter_creator":"@rassegnastampa9","twitter_site":"@rassegnastampa9","twitter_misc":{"Scritto da":"Redazione","Tempo di lettura stimato":"18 minuti"},"schema":{"@context":"https:\/\/schema.org","@graph":[{"@type":"Article","@id":"https:\/\/www.rassegnastampa-totustuus.it\/cattolica\/lineguaglianza-fattore-di-armonia\/#article","isPartOf":{"@id":"https:\/\/www.rassegnastampa-totustuus.it\/cattolica\/lineguaglianza-fattore-di-armonia\/"},"author":{"name":"Redazione","@id":"https:\/\/www.rassegnastampa-totustuus.it\/cattolica\/#\/schema\/person\/08f319d2bd1a0904ad9e2bfb7b15e5c3"},"headline":"L&#8217;ineguaglianza, fattore di armonia","datePublished":"2005-07-16T22:00:00+00:00","dateModified":"2016-04-28T12:47:07+00:00","mainEntityOfPage":{"@id":"https:\/\/www.rassegnastampa-totustuus.it\/cattolica\/lineguaglianza-fattore-di-armonia\/"},"wordCount":3645,"publisher":{"@id":"https:\/\/www.rassegnastampa-totustuus.it\/cattolica\/#organization"},"image":{"@id":"https:\/\/www.rassegnastampa-totustuus.it\/cattolica\/lineguaglianza-fattore-di-armonia\/#primaryimage"},"thumbnailUrl":"https:\/\/www.rassegnastampa-totustuus.it\/cattolica\/wp-content\/uploads\/2005\/07\/egualitarismo.jpg","keywords":["egualitarismo","G.Thibon","politica"],"articleSection":["Politica"],"inLanguage":"it-IT"},{"@type":"WebPage","@id":"https:\/\/www.rassegnastampa-totustuus.it\/cattolica\/lineguaglianza-fattore-di-armonia\/","url":"https:\/\/www.rassegnastampa-totustuus.it\/cattolica\/lineguaglianza-fattore-di-armonia\/","name":"L'ineguaglianza, fattore di armonia - Rassegna Stampa Cattolica","isPartOf":{"@id":"https:\/\/www.rassegnastampa-totustuus.it\/cattolica\/#website"},"primaryImageOfPage":{"@id":"https:\/\/www.rassegnastampa-totustuus.it\/cattolica\/lineguaglianza-fattore-di-armonia\/#primaryimage"},"image":{"@id":"https:\/\/www.rassegnastampa-totustuus.it\/cattolica\/lineguaglianza-fattore-di-armonia\/#primaryimage"},"thumbnailUrl":"https:\/\/www.rassegnastampa-totustuus.it\/cattolica\/wp-content\/uploads\/2005\/07\/egualitarismo.jpg","datePublished":"2005-07-16T22:00:00+00:00","dateModified":"2016-04-28T12:47:07+00:00","description":"Rassegna Stampa Cattolica - Per una cultura che nasce dalla Rivelazione cristiana in conformit\u00e0 alla tradizione e al Magistero della Chiesa in opposizione ad ogni relativismo e totalitarismo","breadcrumb":{"@id":"https:\/\/www.rassegnastampa-totustuus.it\/cattolica\/lineguaglianza-fattore-di-armonia\/#breadcrumb"},"inLanguage":"it-IT","potentialAction":[{"@type":"ReadAction","target":["https:\/\/www.rassegnastampa-totustuus.it\/cattolica\/lineguaglianza-fattore-di-armonia\/"]}]},{"@type":"ImageObject","inLanguage":"it-IT","@id":"https:\/\/www.rassegnastampa-totustuus.it\/cattolica\/lineguaglianza-fattore-di-armonia\/#primaryimage","url":"https:\/\/www.rassegnastampa-totustuus.it\/cattolica\/wp-content\/uploads\/2005\/07\/egualitarismo.jpg","contentUrl":"https:\/\/www.rassegnastampa-totustuus.it\/cattolica\/wp-content\/uploads\/2005\/07\/egualitarismo.jpg","width":261,"height":193},{"@type":"BreadcrumbList","@id":"https:\/\/www.rassegnastampa-totustuus.it\/cattolica\/lineguaglianza-fattore-di-armonia\/#breadcrumb","itemListElement":[{"@type":"ListItem","position":1,"name":"Home","item":"https:\/\/www.rassegnastampa-totustuus.it\/cattolica\/"},{"@type":"ListItem","position":2,"name":"L&#8217;ineguaglianza, fattore di armonia"}]},{"@type":"WebSite","@id":"https:\/\/www.rassegnastampa-totustuus.it\/cattolica\/#website","url":"https:\/\/www.rassegnastampa-totustuus.it\/cattolica\/","name":"Rassegna Stampa Cattolica","description":"Per una cultura che nasce dalla Rivelazione cristiana in conformit\u00e0 alla tradizione e al Magistero della Chiesa in opposizione ad ogni relativismo e totalitarismo","publisher":{"@id":"https:\/\/www.rassegnastampa-totustuus.it\/cattolica\/#organization"},"alternateName":"Rass. Cattolica","potentialAction":[{"@type":"SearchAction","target":{"@type":"EntryPoint","urlTemplate":"https:\/\/www.rassegnastampa-totustuus.it\/cattolica\/?s={search_term_string}"},"query-input":{"@type":"PropertyValueSpecification","valueRequired":true,"valueName":"search_term_string"}}],"inLanguage":"it-IT"},{"@type":"Organization","@id":"https:\/\/www.rassegnastampa-totustuus.it\/cattolica\/#organization","name":"Rassegna Stampa Cattolica","url":"https:\/\/www.rassegnastampa-totustuus.it\/cattolica\/","logo":{"@type":"ImageObject","inLanguage":"it-IT","@id":"https:\/\/www.rassegnastampa-totustuus.it\/cattolica\/#\/schema\/logo\/image\/","url":"https:\/\/www.rassegnastampa-totustuus.it\/cattolica\/wp-content\/uploads\/2014\/04\/logo-rassegna1.gif","contentUrl":"https:\/\/www.rassegnastampa-totustuus.it\/cattolica\/wp-content\/uploads\/2014\/04\/logo-rassegna1.gif","width":600,"height":163,"caption":"Rassegna Stampa Cattolica"},"image":{"@id":"https:\/\/www.rassegnastampa-totustuus.it\/cattolica\/#\/schema\/logo\/image\/"},"sameAs":["https:\/\/www.facebook.com\/rassegnastampacattolica","https:\/\/x.com\/rassegnastampa9"]},{"@type":"Person","@id":"https:\/\/www.rassegnastampa-totustuus.it\/cattolica\/#\/schema\/person\/08f319d2bd1a0904ad9e2bfb7b15e5c3","name":"Redazione","image":{"@type":"ImageObject","inLanguage":"it-IT","@id":"https:\/\/secure.gravatar.com\/avatar\/2fcdf27c78ea025fbdb44e914cc63c72249ffec9dc8aafd5c82b26240ef3f346?s=96&d=mm&r=g","url":"https:\/\/secure.gravatar.com\/avatar\/2fcdf27c78ea025fbdb44e914cc63c72249ffec9dc8aafd5c82b26240ef3f346?s=96&d=mm&r=g","contentUrl":"https:\/\/secure.gravatar.com\/avatar\/2fcdf27c78ea025fbdb44e914cc63c72249ffec9dc8aafd5c82b26240ef3f346?s=96&d=mm&r=g","caption":"Redazione"},"url":"https:\/\/www.rassegnastampa-totustuus.it\/cattolica\/author\/pietroelle\/"}]}},"_links":{"self":[{"href":"https:\/\/www.rassegnastampa-totustuus.it\/cattolica\/wp-json\/wp\/v2\/posts\/994","targetHints":{"allow":["GET"]}}],"collection":[{"href":"https:\/\/www.rassegnastampa-totustuus.it\/cattolica\/wp-json\/wp\/v2\/posts"}],"about":[{"href":"https:\/\/www.rassegnastampa-totustuus.it\/cattolica\/wp-json\/wp\/v2\/types\/post"}],"author":[{"embeddable":true,"href":"https:\/\/www.rassegnastampa-totustuus.it\/cattolica\/wp-json\/wp\/v2\/users\/6"}],"replies":[{"embeddable":true,"href":"https:\/\/www.rassegnastampa-totustuus.it\/cattolica\/wp-json\/wp\/v2\/comments?post=994"}],"version-history":[{"count":4,"href":"https:\/\/www.rassegnastampa-totustuus.it\/cattolica\/wp-json\/wp\/v2\/posts\/994\/revisions"}],"predecessor-version":[{"id":33686,"href":"https:\/\/www.rassegnastampa-totustuus.it\/cattolica\/wp-json\/wp\/v2\/posts\/994\/revisions\/33686"}],"wp:featuredmedia":[{"embeddable":true,"href":"https:\/\/www.rassegnastampa-totustuus.it\/cattolica\/wp-json\/wp\/v2\/media\/33685"}],"wp:attachment":[{"href":"https:\/\/www.rassegnastampa-totustuus.it\/cattolica\/wp-json\/wp\/v2\/media?parent=994"}],"wp:term":[{"taxonomy":"category","embeddable":true,"href":"https:\/\/www.rassegnastampa-totustuus.it\/cattolica\/wp-json\/wp\/v2\/categories?post=994"},{"taxonomy":"post_tag","embeddable":true,"href":"https:\/\/www.rassegnastampa-totustuus.it\/cattolica\/wp-json\/wp\/v2\/tags?post=994"}],"curies":[{"name":"wp","href":"https:\/\/api.w.org\/{rel}","templated":true}]}}