{"id":993,"date":"2005-07-17T00:00:00","date_gmt":"2005-07-16T22:00:00","guid":{"rendered":""},"modified":"2015-11-11T14:53:46","modified_gmt":"2015-11-11T13:53:46","slug":"la-libert-e-le-sue-interpretazioni","status":"publish","type":"post","link":"https:\/\/www.rassegnastampa-totustuus.it\/cattolica\/la-libert-e-le-sue-interpretazioni\/","title":{"rendered":"La libert\u00e0 e le sue interpretazioni"},"content":{"rendered":"<p align=\"center\"><a href=\"https:\/\/www.rassegnastampa-totustuus.it\/cattolica\/wp-content\/uploads\/2005\/07\/libert\u00e01.jpg\"><img loading=\"lazy\" decoding=\"async\" class=\"alignright wp-image-27424\" src=\"https:\/\/www.rassegnastampa-totustuus.it\/cattolica\/wp-content\/uploads\/2005\/07\/libert\u00e01.jpg\" alt=\"libert\u00e0\" width=\"250\" height=\"166\" \/><\/a>Articolo pubblicato su <b>Il Timone<\/b> n.24 marzo\/aprile 2003<\/p>\n<p style=\"text-align: justify;\" align=\"center\"><em>In tutto l\u2019universo soltanto l\u2019uomo \u00e8 dotato di libert\u00e0. Perch\u00e9 ha facolt\u00e0 spirituali. Il pensiero dei filosofi sul significato della libert\u00e0<\/em><\/p>\n<p style=\"text-align: center;\" align=\"center\">di <b>Laura Boccenti<\/b><\/p>\n<p><!--more--><strong>Gli antichi<\/strong><\/p>\n<p style=\"text-align: justify;\">Socrate (470 o 469 a.C. &#8211; 399 a.C.) centra la propria riflessione sulla natura dell\u2019uomo che identifica con la ragione. Se lo specifico dell\u2019uomo \u00e8 la ragione, la sua perfezione, cio\u00e8 l\u2019attuazione della sua natura, sar\u00e0 la conoscenza, e l\u2019ignoranza sar\u00e0 la radice di ogni vizio. Socrate non riesce ad uscire dalla difficolt\u00e0 posta dal suo &#8220;intellettualismo&#8221;: se l\u2019uomo sta tutto nella sua ragione, quando conosce il vero necessariamente dovr\u00e0 agire secondo la sua conoscenza, far\u00e0 il bene o il male a seconda di ci\u00f2 che la sua ragione ha conosciuto. Socrate individua una radice della libert\u00e0, perch\u00e9 chi non conosce la verit\u00e0 non pu\u00f2 attuare pienamente la propria libert\u00e0, ma non identifica un\u2019altra caratteristica fondamentale dell\u2019agire umano: la capacit\u00e0 di scegliere.<\/p>\n<p style=\"text-align: justify;\">Aristotele (385 a.C. &#8211; 322 a.C.) approfondisce criticamente l\u2019etica socratica. L\u2019etica di Aristotele ha il suo punto di partenza nella metafisica e nell\u2019antropologia: l\u2019uomo \u00e8 &#8220;animale razionale&#8221;, la razionalit\u00e0 oltre a testimoniare l\u2019esistenza di una dimensione immateriale, \u00e8 anche fondamento della scelta. &#8220;<i>Che cosa \u00e8\u2026 la scelta? E\u2019 manifestamente un che di volontario\u2026 Ma non sar\u00e0 forse quel volontario che \u00e8 preceduto da una deliberazione? Infatti, la scelta \u00e8 accompagnata da ragione, cio\u00e8 da pensiero<\/i>&#8221; (Etica Nicomachea, III, 2, 1112 a 13-16).<\/p>\n<p style=\"text-align: justify;\">Come la ragione \u00e8 la caratteristica che distingue la conoscenza umana dalla conoscenza solo sensibile degli animali, cos\u00ec la scelta volontaria \u00e8 la propriet\u00e0 che distingue l\u2019agire umano da ogni altro agire materiale.<\/p>\n<p style=\"text-align: justify;\"><strong>Patristica e scolastica<\/strong><\/p>\n<p style=\"text-align: justify;\">Le riflessioni patristica e scolastica affrontano il problema della libert\u00e0 utilizzando gli elementi offerti dalla filosofia classica, ma componendoli in una sintesi originale: compare per la prima volta il termine esplicito &#8220;libero arbitrio&#8221;. S. Anselmo d\u2019Aosta (1034-1109), che s\u2019ispira a S.Agostino (354-430), afferma che il libero arbitrio \u00e8 la possibilit\u00e0 di peccare o non peccare, di scegliere il bene o il male.<\/p>\n<p style=\"text-align: justify;\">S.Tommaso d\u2019Aquino (1225-1274) descrive il rapporto tra ragione e volont\u00e0 in modo semplice e magistrale, facendo emergere in tutto il suo spessore la dignit\u00e0 della persona umana e la sua conseguente responsabilit\u00e0: &#8220;<i>L\u2019uomo si distingue dalle altre creature, non ragionevoli, perch\u00e9 padrone dei propri atti. perci\u00f2 in senso stretto si dicono umane solo le azioni di cui l\u2019uomo ha la padronanza. D\u2019altra parte l\u2019uomo padrone dei propri atti mediante la ragione e la volont\u00e0\u2026 quindi\u2026 sono chiamate umane le azioni che derivano dalla deliberata volont\u00e0&#8221;<\/i> (Summa theol., I-II, q.1, a.1). la radice della libert\u00e0 \u00e8 la volont\u00e0, ma la sua causa \u00e8 la ragione. &#8220;<i>infatti la volont\u00e0 pu\u00f2 liberamente indirizzarsi a cose diverse, perch\u00e9 la ragione \u00e8 capace di concepire diversi beni<\/i>&#8221; (Summa theol., I-II, q.17, a.1, ad 2).<\/p>\n<p style=\"text-align: justify;\">La libert\u00e0 dunque sta nel fatto che l\u2019uomo \u00e8 padrone dei propri atti: essere liberi significa essere causa delle proprie azioni perch\u00e9 sono state scelte e la scelta non riguarda solo il &#8220;modo&#8221; in cui si realizza qualcosa, ma soprattutto il perch\u00e9, cio\u00e8 il fine del proprio agire; perci\u00f2 l\u2019uomo \u00e8 responsabile delle proprie azioni. In tutto l\u2019universo sensibile solo l\u2019uomo \u00e8 dotato di libert\u00e0 infatti tale propriet\u00e0 peculiare ed esclusiva non gli proviene dalla corporeit\u00e0, ma dalle facolt\u00e0 spirituali.<\/p>\n<p style=\"text-align: justify;\"><strong>I moderni<\/strong><\/p>\n<p style=\"text-align: justify;\">Nella filosofia moderna la libert\u00e0 come reale possibilit\u00e0 di scelta viene messa in discussione dall\u2019immanentismo panteistico di Spinosa e dall\u2019idealismo tedesco. In entrambi i casi il dato di partenza \u00e8 l\u2019esistenza di un unico piano dell\u2019essere, pensato come &#8220;sostanza&#8221; da Spinosa e come &#8220;spirito&#8221; dall\u2019idealismo.<\/p>\n<p style=\"text-align: justify;\">Se esiste una unica realt\u00e0, essa deve per forza essere pensata come causa di se stessa, come realt\u00e0 necessaria, quindi non ha senso porsi il problema della libert\u00e0 umana come reale possibilit\u00e0 di scelta: ci\u00f2 che accade \u00e8 sempre necessario, non pu\u00f2 essere diverso da come \u00e8.<\/p>\n<p style=\"text-align: justify;\">Anche il positivismo nega di fatto l\u2019esistenza della libert\u00e0, perch\u00e9 considera l\u2019uomo come totalmente soggetto alle leggi di natura, le azioni umane, per i positivisti e i neo-positivisti hanno solo l\u2019apparenza della libert\u00e0, mentre di fatto sono sottoposte allo stesso determinismo fisico-meccanico a cui \u00e8 soggetto il resto del mondo.<\/p>\n<p style=\"text-align: justify;\"><strong>Esistenzialismo<\/strong><\/p>\n<p style=\"text-align: justify;\">Tra le molte prospettive che potrebbero essere prese in considerazione nel pensiero contemporaneo, l\u2019esistenzialismo merita un\u2019attenzione particolare per l\u2019influenza che ha lungamente esercitato anche all\u2019interno del mondo cattolico. L\u2019esistenzialismo vuole superare sia l\u2019idealismo che il positivismo per rivalutare l\u2019esistenza concreta dell\u2019uomo. E\u2019 Martin Heidegger (1889-1976) in <i>Essere e tempo<\/i>, opera pubblicata nel 1927, a porre le coordinate fondamentali all\u2019interno delle quali si muover\u00e0 il pensiero esistenzialista.<\/p>\n<p style=\"text-align: justify;\">L\u2019idealismo e il positivismo avevano, sia pure per motivi diversi, chiuso l\u2019uomo all\u2019interno di un orizzonte totalmente necessario. Contro questa riduzione del soggetto a cosa, Hedegger afferma che il modo di essere dell\u2019uomo \u00e8 l\u2019esistenza, la sua natura, la sua essenza e esistenza, cio\u00e8 pura possibilit\u00e0, puro poter-essere.<\/p>\n<p style=\"text-align: justify;\">Il problema che sorge da questa impostazione \u00e8 che viene meno il fine verso cui l\u2019uomo deve tendere: quale progetto deve attuare la libert\u00e0 se non c\u2019\u00e8 pi\u00f9 una natura e quindi un bene ultimo da raggiungere a essa conseguente?<\/p>\n<p style=\"text-align: justify;\">Dall\u2019esistenzialismo nasce un\u2019idea di libert\u00e0 come spontaneit\u00e0, immediatezza. L\u2019atto libero procede dalla deliberazione, mentre l\u2019atto spontaneo dall\u2019istintivit\u00e0. L\u2019esperienza della coscienza testimonia che nell\u2019uomo c\u2019\u00e8 come sospensione, una discontinuit\u00e0 tra gli impulsi e l\u2019atto. In questo intervallo, che non deve essere pensato come un periodo di tempo, ma come l\u2019atto con cui l\u2019io personale interviene scegliendo, orientando la volont\u00e0 e assumendo o respingendo l\u2019azione, si compie l\u2019opera della libert\u00e0.<\/p>\n<p style=\"text-align: justify;\"><strong>Ricorda:<\/strong><\/p>\n<p style=\"text-align: justify;\"><span style=\"font-size: 12px;\">&#8220;la vera libert\u00e0 \u00e8 nell\u2019uomo segno altissimo dell\u2019immagine divina. Dio volle, infatti, lasciare l\u2019uomo \u2018in mano al suo consiglio\u2019 (cfr. <\/span><i style=\"font-size: 12px;\">Sir<\/i><span style=\"font-size: 12px;\"> 15,14), cos\u00ec che esso cerchi spontaneamente il suo Creatore, e giunga liberamente, con l\u2019adesione a lui, alla piena e beata perfezione&#8221; (<\/span><i style=\"font-size: 12px;\">Gaudium et Spes<\/i><span style=\"font-size: 12px;\">, 17). se esiste il diritto di essere rispettati nel proprio cammino di ricerca della verit\u00e0, esiste ancor prima l\u2019obbligo morale grave per ciascuno di cercare la verit\u00e0 e di aderivi una volta conosciuta&#8221;.<\/span><\/p>\n<p style=\"text-align: right;\">(<b>Giovanni Paolo II<\/b>, <i>Veritatis splendor<\/i>, n.34).<\/p>\n<p style=\"text-align: justify;\"><span style=\"color: #000000;\"><b><span style=\"font-size: 9pt; font-family: Arial;\">Bibliografia:<\/span><\/b><\/span><\/p>\n<p><b><span style=\"font-size: 9pt; font-family: Arial; mso-bidi-font-size: 12.0pt;\">S.Agostino<\/span><\/b><span style=\"font-size: 9pt; font-family: Arial; mso-bidi-font-size: 12.0pt;\">, <i>De libero arbitrio<\/i><\/span><\/p>\n<p><b><span style=\"font-size: 9pt; font-family: Arial; mso-bidi-font-size: 12.0pt;\">S.Tommaso d\u2019Aquino<\/span><\/b><span style=\"font-size: 9pt; font-family: Arial; mso-bidi-font-size: 12.0pt;\">, <i>Summa theologiae <\/i>I-II, q. 6-21<\/span><\/p>\n<p><b><span style=\"font-size: 9pt; font-family: Arial; mso-bidi-font-size: 12.0pt;\">Karol Wojtyla, <\/span><\/b><i><span style=\"font-size: 9pt; font-family: Arial; mso-bidi-font-size: 12.0pt;\">Persona e atto, <\/span><\/i><span style=\"font-size: 9pt; font-family: Arial; mso-bidi-font-size: 12.0pt;\">Libreria Editrice Vaticana, Citt\u00e0 del Vaticano 1982<\/span><\/p>\n<p><b><span style=\"font-size: 9pt; font-family: Arial; mso-bidi-font-size: 12.0pt;\">Franco Amerio<\/span><\/b><span style=\"font-size: 9pt; font-family: Arial; mso-bidi-font-size: 12.0pt;\">, <i>La dottrina della fede<\/i>, Ares, Milano 1982<\/span><\/p>\n<p><b><span style=\"font-size: 9pt; font-family: Arial; mso-bidi-font-size: 12.0pt;\">Cornelio Fabro<\/span><\/b><span style=\"font-size: 9pt; font-family: Arial; mso-bidi-font-size: 12.0pt;\">, voce <i>Libert\u00e0<\/i>, in <i>Enciclopedia cattolica,<\/i> vol. VII, coll.1283-1287<\/span><\/p>\n","protected":false},"excerpt":{"rendered":"<p>Articolo pubblicato su Il Timone n.24 marzo\/aprile 2003 In tutto l\u2019universo soltanto l\u2019uomo \u00e8 dotato di libert\u00e0. Perch\u00e9 ha facolt\u00e0 spirituali. Il pensiero dei filosofi sul significato della libert\u00e0 di Laura Boccenti<\/p><p><a class=\"more-link btn\" href=\"https:\/\/www.rassegnastampa-totustuus.it\/cattolica\/la-libert-e-le-sue-interpretazioni\/\">Continua a leggere<\/a><\/p>\n","protected":false},"author":6,"featured_media":27424,"comment_status":"closed","ping_status":"open","sticky":false,"template":"","format":"standard","meta":{"footnotes":""},"categories":[57],"tags":[170,767],"class_list":["post-993","post","type-post","status-publish","format-standard","has-post-thumbnail","hentry","category-filosofia","tag-filosofia-2","tag-liberta","item-wrap"],"yoast_head":"<!-- This site is optimized with the Yoast SEO plugin v27.5 - https:\/\/yoast.com\/product\/yoast-seo-wordpress\/ -->\n<title>La libert\u00e0 e le sue interpretazioni - Rassegna Stampa Cattolica<\/title>\n<meta name=\"description\" content=\"Rassegna Stampa Cattolica - Per una cultura che nasce dalla Rivelazione cristiana in conformit\u00e0 alla tradizione e al Magistero della Chiesa in opposizione ad ogni relativismo e totalitarismo\" \/>\n<meta name=\"robots\" content=\"index, follow, max-snippet:-1, max-image-preview:large, max-video-preview:-1\" \/>\n<link rel=\"canonical\" href=\"https:\/\/www.rassegnastampa-totustuus.it\/cattolica\/la-libert-e-le-sue-interpretazioni\/\" \/>\n<meta property=\"og:locale\" content=\"it_IT\" \/>\n<meta property=\"og:type\" content=\"article\" \/>\n<meta property=\"og:title\" content=\"La libert\u00e0 e le sue interpretazioni - Rassegna Stampa Cattolica\" \/>\n<meta property=\"og:description\" content=\"Rassegna Stampa Cattolica - Per una cultura che nasce dalla Rivelazione cristiana in conformit\u00e0 alla tradizione e al Magistero della Chiesa in opposizione ad ogni relativismo e totalitarismo\" \/>\n<meta property=\"og:url\" content=\"https:\/\/www.rassegnastampa-totustuus.it\/cattolica\/la-libert-e-le-sue-interpretazioni\/\" \/>\n<meta property=\"og:site_name\" content=\"Rassegna Stampa Cattolica\" \/>\n<meta property=\"article:publisher\" content=\"https:\/\/www.facebook.com\/rassegnastampacattolica\" \/>\n<meta property=\"article:published_time\" content=\"2005-07-16T22:00:00+00:00\" \/>\n<meta property=\"article:modified_time\" content=\"2015-11-11T13:53:46+00:00\" \/>\n<meta property=\"og:image\" content=\"https:\/\/www.rassegnastampa-totustuus.it\/cattolica\/wp-content\/uploads\/2005\/07\/libert\u00e01.jpg\" \/>\n\t<meta property=\"og:image:width\" content=\"275\" \/>\n\t<meta property=\"og:image:height\" content=\"183\" \/>\n\t<meta property=\"og:image:type\" content=\"image\/jpeg\" \/>\n<meta name=\"author\" content=\"Redazione\" \/>\n<meta name=\"twitter:card\" content=\"summary_large_image\" \/>\n<meta name=\"twitter:creator\" content=\"@rassegnastampa9\" \/>\n<meta name=\"twitter:site\" content=\"@rassegnastampa9\" \/>\n<meta name=\"twitter:label1\" content=\"Scritto da\" \/>\n\t<meta name=\"twitter:data1\" content=\"Redazione\" \/>\n\t<meta name=\"twitter:label2\" content=\"Tempo di lettura stimato\" \/>\n\t<meta name=\"twitter:data2\" content=\"5 minuti\" \/>\n<script type=\"application\/ld+json\" class=\"yoast-schema-graph\">{\"@context\":\"https:\\\/\\\/schema.org\",\"@graph\":[{\"@type\":\"Article\",\"@id\":\"https:\\\/\\\/www.rassegnastampa-totustuus.it\\\/cattolica\\\/la-libert-e-le-sue-interpretazioni\\\/#article\",\"isPartOf\":{\"@id\":\"https:\\\/\\\/www.rassegnastampa-totustuus.it\\\/cattolica\\\/la-libert-e-le-sue-interpretazioni\\\/\"},\"author\":{\"name\":\"Redazione\",\"@id\":\"https:\\\/\\\/www.rassegnastampa-totustuus.it\\\/cattolica\\\/#\\\/schema\\\/person\\\/08f319d2bd1a0904ad9e2bfb7b15e5c3\"},\"headline\":\"La libert\u00e0 e le sue interpretazioni\",\"datePublished\":\"2005-07-16T22:00:00+00:00\",\"dateModified\":\"2015-11-11T13:53:46+00:00\",\"mainEntityOfPage\":{\"@id\":\"https:\\\/\\\/www.rassegnastampa-totustuus.it\\\/cattolica\\\/la-libert-e-le-sue-interpretazioni\\\/\"},\"wordCount\":1086,\"publisher\":{\"@id\":\"https:\\\/\\\/www.rassegnastampa-totustuus.it\\\/cattolica\\\/#organization\"},\"image\":{\"@id\":\"https:\\\/\\\/www.rassegnastampa-totustuus.it\\\/cattolica\\\/la-libert-e-le-sue-interpretazioni\\\/#primaryimage\"},\"thumbnailUrl\":\"https:\\\/\\\/www.rassegnastampa-totustuus.it\\\/cattolica\\\/wp-content\\\/uploads\\\/2005\\\/07\\\/libert\u00e01.jpg\",\"keywords\":[\"filosofia\",\"libert\u00e0\"],\"articleSection\":[\"Filosofia\"],\"inLanguage\":\"it-IT\"},{\"@type\":\"WebPage\",\"@id\":\"https:\\\/\\\/www.rassegnastampa-totustuus.it\\\/cattolica\\\/la-libert-e-le-sue-interpretazioni\\\/\",\"url\":\"https:\\\/\\\/www.rassegnastampa-totustuus.it\\\/cattolica\\\/la-libert-e-le-sue-interpretazioni\\\/\",\"name\":\"La libert\u00e0 e le sue interpretazioni - Rassegna Stampa Cattolica\",\"isPartOf\":{\"@id\":\"https:\\\/\\\/www.rassegnastampa-totustuus.it\\\/cattolica\\\/#website\"},\"primaryImageOfPage\":{\"@id\":\"https:\\\/\\\/www.rassegnastampa-totustuus.it\\\/cattolica\\\/la-libert-e-le-sue-interpretazioni\\\/#primaryimage\"},\"image\":{\"@id\":\"https:\\\/\\\/www.rassegnastampa-totustuus.it\\\/cattolica\\\/la-libert-e-le-sue-interpretazioni\\\/#primaryimage\"},\"thumbnailUrl\":\"https:\\\/\\\/www.rassegnastampa-totustuus.it\\\/cattolica\\\/wp-content\\\/uploads\\\/2005\\\/07\\\/libert\u00e01.jpg\",\"datePublished\":\"2005-07-16T22:00:00+00:00\",\"dateModified\":\"2015-11-11T13:53:46+00:00\",\"description\":\"Rassegna Stampa Cattolica - Per una cultura che nasce dalla Rivelazione cristiana in conformit\u00e0 alla tradizione e al Magistero della Chiesa in opposizione ad ogni relativismo e totalitarismo\",\"breadcrumb\":{\"@id\":\"https:\\\/\\\/www.rassegnastampa-totustuus.it\\\/cattolica\\\/la-libert-e-le-sue-interpretazioni\\\/#breadcrumb\"},\"inLanguage\":\"it-IT\",\"potentialAction\":[{\"@type\":\"ReadAction\",\"target\":[\"https:\\\/\\\/www.rassegnastampa-totustuus.it\\\/cattolica\\\/la-libert-e-le-sue-interpretazioni\\\/\"]}]},{\"@type\":\"ImageObject\",\"inLanguage\":\"it-IT\",\"@id\":\"https:\\\/\\\/www.rassegnastampa-totustuus.it\\\/cattolica\\\/la-libert-e-le-sue-interpretazioni\\\/#primaryimage\",\"url\":\"https:\\\/\\\/www.rassegnastampa-totustuus.it\\\/cattolica\\\/wp-content\\\/uploads\\\/2005\\\/07\\\/libert\u00e01.jpg\",\"contentUrl\":\"https:\\\/\\\/www.rassegnastampa-totustuus.it\\\/cattolica\\\/wp-content\\\/uploads\\\/2005\\\/07\\\/libert\u00e01.jpg\",\"width\":275,\"height\":183},{\"@type\":\"BreadcrumbList\",\"@id\":\"https:\\\/\\\/www.rassegnastampa-totustuus.it\\\/cattolica\\\/la-libert-e-le-sue-interpretazioni\\\/#breadcrumb\",\"itemListElement\":[{\"@type\":\"ListItem\",\"position\":1,\"name\":\"Home\",\"item\":\"https:\\\/\\\/www.rassegnastampa-totustuus.it\\\/cattolica\\\/\"},{\"@type\":\"ListItem\",\"position\":2,\"name\":\"La libert\u00e0 e le sue interpretazioni\"}]},{\"@type\":\"WebSite\",\"@id\":\"https:\\\/\\\/www.rassegnastampa-totustuus.it\\\/cattolica\\\/#website\",\"url\":\"https:\\\/\\\/www.rassegnastampa-totustuus.it\\\/cattolica\\\/\",\"name\":\"Rassegna Stampa Cattolica\",\"description\":\"Per una cultura che nasce dalla Rivelazione cristiana in conformit\u00e0 alla tradizione e al Magistero della Chiesa in opposizione ad ogni relativismo e totalitarismo\",\"publisher\":{\"@id\":\"https:\\\/\\\/www.rassegnastampa-totustuus.it\\\/cattolica\\\/#organization\"},\"alternateName\":\"Rass. Cattolica\",\"potentialAction\":[{\"@type\":\"SearchAction\",\"target\":{\"@type\":\"EntryPoint\",\"urlTemplate\":\"https:\\\/\\\/www.rassegnastampa-totustuus.it\\\/cattolica\\\/?s={search_term_string}\"},\"query-input\":{\"@type\":\"PropertyValueSpecification\",\"valueRequired\":true,\"valueName\":\"search_term_string\"}}],\"inLanguage\":\"it-IT\"},{\"@type\":\"Organization\",\"@id\":\"https:\\\/\\\/www.rassegnastampa-totustuus.it\\\/cattolica\\\/#organization\",\"name\":\"Rassegna Stampa Cattolica\",\"url\":\"https:\\\/\\\/www.rassegnastampa-totustuus.it\\\/cattolica\\\/\",\"logo\":{\"@type\":\"ImageObject\",\"inLanguage\":\"it-IT\",\"@id\":\"https:\\\/\\\/www.rassegnastampa-totustuus.it\\\/cattolica\\\/#\\\/schema\\\/logo\\\/image\\\/\",\"url\":\"https:\\\/\\\/www.rassegnastampa-totustuus.it\\\/cattolica\\\/wp-content\\\/uploads\\\/2014\\\/04\\\/logo-rassegna1.gif\",\"contentUrl\":\"https:\\\/\\\/www.rassegnastampa-totustuus.it\\\/cattolica\\\/wp-content\\\/uploads\\\/2014\\\/04\\\/logo-rassegna1.gif\",\"width\":600,\"height\":163,\"caption\":\"Rassegna Stampa Cattolica\"},\"image\":{\"@id\":\"https:\\\/\\\/www.rassegnastampa-totustuus.it\\\/cattolica\\\/#\\\/schema\\\/logo\\\/image\\\/\"},\"sameAs\":[\"https:\\\/\\\/www.facebook.com\\\/rassegnastampacattolica\",\"https:\\\/\\\/x.com\\\/rassegnastampa9\"]},{\"@type\":\"Person\",\"@id\":\"https:\\\/\\\/www.rassegnastampa-totustuus.it\\\/cattolica\\\/#\\\/schema\\\/person\\\/08f319d2bd1a0904ad9e2bfb7b15e5c3\",\"name\":\"Redazione\",\"image\":{\"@type\":\"ImageObject\",\"inLanguage\":\"it-IT\",\"@id\":\"https:\\\/\\\/secure.gravatar.com\\\/avatar\\\/2fcdf27c78ea025fbdb44e914cc63c72249ffec9dc8aafd5c82b26240ef3f346?s=96&d=mm&r=g\",\"url\":\"https:\\\/\\\/secure.gravatar.com\\\/avatar\\\/2fcdf27c78ea025fbdb44e914cc63c72249ffec9dc8aafd5c82b26240ef3f346?s=96&d=mm&r=g\",\"contentUrl\":\"https:\\\/\\\/secure.gravatar.com\\\/avatar\\\/2fcdf27c78ea025fbdb44e914cc63c72249ffec9dc8aafd5c82b26240ef3f346?s=96&d=mm&r=g\",\"caption\":\"Redazione\"},\"url\":\"https:\\\/\\\/www.rassegnastampa-totustuus.it\\\/cattolica\\\/author\\\/pietroelle\\\/\"}]}<\/script>\n<!-- \/ Yoast SEO plugin. -->","yoast_head_json":{"title":"La libert\u00e0 e le sue interpretazioni - Rassegna Stampa Cattolica","description":"Rassegna Stampa Cattolica - Per una cultura che nasce dalla Rivelazione cristiana in conformit\u00e0 alla tradizione e al Magistero della Chiesa in opposizione ad ogni relativismo e totalitarismo","robots":{"index":"index","follow":"follow","max-snippet":"max-snippet:-1","max-image-preview":"max-image-preview:large","max-video-preview":"max-video-preview:-1"},"canonical":"https:\/\/www.rassegnastampa-totustuus.it\/cattolica\/la-libert-e-le-sue-interpretazioni\/","og_locale":"it_IT","og_type":"article","og_title":"La libert\u00e0 e le sue interpretazioni - Rassegna Stampa Cattolica","og_description":"Rassegna Stampa Cattolica - Per una cultura che nasce dalla Rivelazione cristiana in conformit\u00e0 alla tradizione e al Magistero della Chiesa in opposizione ad ogni relativismo e totalitarismo","og_url":"https:\/\/www.rassegnastampa-totustuus.it\/cattolica\/la-libert-e-le-sue-interpretazioni\/","og_site_name":"Rassegna Stampa Cattolica","article_publisher":"https:\/\/www.facebook.com\/rassegnastampacattolica","article_published_time":"2005-07-16T22:00:00+00:00","article_modified_time":"2015-11-11T13:53:46+00:00","og_image":[{"width":275,"height":183,"url":"https:\/\/www.rassegnastampa-totustuus.it\/cattolica\/wp-content\/uploads\/2005\/07\/libert\u00e01.jpg","type":"image\/jpeg"}],"author":"Redazione","twitter_card":"summary_large_image","twitter_creator":"@rassegnastampa9","twitter_site":"@rassegnastampa9","twitter_misc":{"Scritto da":"Redazione","Tempo di lettura stimato":"5 minuti"},"schema":{"@context":"https:\/\/schema.org","@graph":[{"@type":"Article","@id":"https:\/\/www.rassegnastampa-totustuus.it\/cattolica\/la-libert-e-le-sue-interpretazioni\/#article","isPartOf":{"@id":"https:\/\/www.rassegnastampa-totustuus.it\/cattolica\/la-libert-e-le-sue-interpretazioni\/"},"author":{"name":"Redazione","@id":"https:\/\/www.rassegnastampa-totustuus.it\/cattolica\/#\/schema\/person\/08f319d2bd1a0904ad9e2bfb7b15e5c3"},"headline":"La libert\u00e0 e le sue interpretazioni","datePublished":"2005-07-16T22:00:00+00:00","dateModified":"2015-11-11T13:53:46+00:00","mainEntityOfPage":{"@id":"https:\/\/www.rassegnastampa-totustuus.it\/cattolica\/la-libert-e-le-sue-interpretazioni\/"},"wordCount":1086,"publisher":{"@id":"https:\/\/www.rassegnastampa-totustuus.it\/cattolica\/#organization"},"image":{"@id":"https:\/\/www.rassegnastampa-totustuus.it\/cattolica\/la-libert-e-le-sue-interpretazioni\/#primaryimage"},"thumbnailUrl":"https:\/\/www.rassegnastampa-totustuus.it\/cattolica\/wp-content\/uploads\/2005\/07\/libert\u00e01.jpg","keywords":["filosofia","libert\u00e0"],"articleSection":["Filosofia"],"inLanguage":"it-IT"},{"@type":"WebPage","@id":"https:\/\/www.rassegnastampa-totustuus.it\/cattolica\/la-libert-e-le-sue-interpretazioni\/","url":"https:\/\/www.rassegnastampa-totustuus.it\/cattolica\/la-libert-e-le-sue-interpretazioni\/","name":"La libert\u00e0 e le sue interpretazioni - Rassegna Stampa Cattolica","isPartOf":{"@id":"https:\/\/www.rassegnastampa-totustuus.it\/cattolica\/#website"},"primaryImageOfPage":{"@id":"https:\/\/www.rassegnastampa-totustuus.it\/cattolica\/la-libert-e-le-sue-interpretazioni\/#primaryimage"},"image":{"@id":"https:\/\/www.rassegnastampa-totustuus.it\/cattolica\/la-libert-e-le-sue-interpretazioni\/#primaryimage"},"thumbnailUrl":"https:\/\/www.rassegnastampa-totustuus.it\/cattolica\/wp-content\/uploads\/2005\/07\/libert\u00e01.jpg","datePublished":"2005-07-16T22:00:00+00:00","dateModified":"2015-11-11T13:53:46+00:00","description":"Rassegna Stampa Cattolica - Per una cultura che nasce dalla Rivelazione cristiana in conformit\u00e0 alla tradizione e al Magistero della Chiesa in opposizione ad ogni relativismo e totalitarismo","breadcrumb":{"@id":"https:\/\/www.rassegnastampa-totustuus.it\/cattolica\/la-libert-e-le-sue-interpretazioni\/#breadcrumb"},"inLanguage":"it-IT","potentialAction":[{"@type":"ReadAction","target":["https:\/\/www.rassegnastampa-totustuus.it\/cattolica\/la-libert-e-le-sue-interpretazioni\/"]}]},{"@type":"ImageObject","inLanguage":"it-IT","@id":"https:\/\/www.rassegnastampa-totustuus.it\/cattolica\/la-libert-e-le-sue-interpretazioni\/#primaryimage","url":"https:\/\/www.rassegnastampa-totustuus.it\/cattolica\/wp-content\/uploads\/2005\/07\/libert\u00e01.jpg","contentUrl":"https:\/\/www.rassegnastampa-totustuus.it\/cattolica\/wp-content\/uploads\/2005\/07\/libert\u00e01.jpg","width":275,"height":183},{"@type":"BreadcrumbList","@id":"https:\/\/www.rassegnastampa-totustuus.it\/cattolica\/la-libert-e-le-sue-interpretazioni\/#breadcrumb","itemListElement":[{"@type":"ListItem","position":1,"name":"Home","item":"https:\/\/www.rassegnastampa-totustuus.it\/cattolica\/"},{"@type":"ListItem","position":2,"name":"La libert\u00e0 e le sue interpretazioni"}]},{"@type":"WebSite","@id":"https:\/\/www.rassegnastampa-totustuus.it\/cattolica\/#website","url":"https:\/\/www.rassegnastampa-totustuus.it\/cattolica\/","name":"Rassegna Stampa Cattolica","description":"Per una cultura che nasce dalla Rivelazione cristiana in conformit\u00e0 alla tradizione e al Magistero della Chiesa in opposizione ad ogni relativismo e totalitarismo","publisher":{"@id":"https:\/\/www.rassegnastampa-totustuus.it\/cattolica\/#organization"},"alternateName":"Rass. Cattolica","potentialAction":[{"@type":"SearchAction","target":{"@type":"EntryPoint","urlTemplate":"https:\/\/www.rassegnastampa-totustuus.it\/cattolica\/?s={search_term_string}"},"query-input":{"@type":"PropertyValueSpecification","valueRequired":true,"valueName":"search_term_string"}}],"inLanguage":"it-IT"},{"@type":"Organization","@id":"https:\/\/www.rassegnastampa-totustuus.it\/cattolica\/#organization","name":"Rassegna Stampa Cattolica","url":"https:\/\/www.rassegnastampa-totustuus.it\/cattolica\/","logo":{"@type":"ImageObject","inLanguage":"it-IT","@id":"https:\/\/www.rassegnastampa-totustuus.it\/cattolica\/#\/schema\/logo\/image\/","url":"https:\/\/www.rassegnastampa-totustuus.it\/cattolica\/wp-content\/uploads\/2014\/04\/logo-rassegna1.gif","contentUrl":"https:\/\/www.rassegnastampa-totustuus.it\/cattolica\/wp-content\/uploads\/2014\/04\/logo-rassegna1.gif","width":600,"height":163,"caption":"Rassegna Stampa Cattolica"},"image":{"@id":"https:\/\/www.rassegnastampa-totustuus.it\/cattolica\/#\/schema\/logo\/image\/"},"sameAs":["https:\/\/www.facebook.com\/rassegnastampacattolica","https:\/\/x.com\/rassegnastampa9"]},{"@type":"Person","@id":"https:\/\/www.rassegnastampa-totustuus.it\/cattolica\/#\/schema\/person\/08f319d2bd1a0904ad9e2bfb7b15e5c3","name":"Redazione","image":{"@type":"ImageObject","inLanguage":"it-IT","@id":"https:\/\/secure.gravatar.com\/avatar\/2fcdf27c78ea025fbdb44e914cc63c72249ffec9dc8aafd5c82b26240ef3f346?s=96&d=mm&r=g","url":"https:\/\/secure.gravatar.com\/avatar\/2fcdf27c78ea025fbdb44e914cc63c72249ffec9dc8aafd5c82b26240ef3f346?s=96&d=mm&r=g","contentUrl":"https:\/\/secure.gravatar.com\/avatar\/2fcdf27c78ea025fbdb44e914cc63c72249ffec9dc8aafd5c82b26240ef3f346?s=96&d=mm&r=g","caption":"Redazione"},"url":"https:\/\/www.rassegnastampa-totustuus.it\/cattolica\/author\/pietroelle\/"}]}},"_links":{"self":[{"href":"https:\/\/www.rassegnastampa-totustuus.it\/cattolica\/wp-json\/wp\/v2\/posts\/993","targetHints":{"allow":["GET"]}}],"collection":[{"href":"https:\/\/www.rassegnastampa-totustuus.it\/cattolica\/wp-json\/wp\/v2\/posts"}],"about":[{"href":"https:\/\/www.rassegnastampa-totustuus.it\/cattolica\/wp-json\/wp\/v2\/types\/post"}],"author":[{"embeddable":true,"href":"https:\/\/www.rassegnastampa-totustuus.it\/cattolica\/wp-json\/wp\/v2\/users\/6"}],"replies":[{"embeddable":true,"href":"https:\/\/www.rassegnastampa-totustuus.it\/cattolica\/wp-json\/wp\/v2\/comments?post=993"}],"version-history":[{"count":4,"href":"https:\/\/www.rassegnastampa-totustuus.it\/cattolica\/wp-json\/wp\/v2\/posts\/993\/revisions"}],"predecessor-version":[{"id":27426,"href":"https:\/\/www.rassegnastampa-totustuus.it\/cattolica\/wp-json\/wp\/v2\/posts\/993\/revisions\/27426"}],"wp:featuredmedia":[{"embeddable":true,"href":"https:\/\/www.rassegnastampa-totustuus.it\/cattolica\/wp-json\/wp\/v2\/media\/27424"}],"wp:attachment":[{"href":"https:\/\/www.rassegnastampa-totustuus.it\/cattolica\/wp-json\/wp\/v2\/media?parent=993"}],"wp:term":[{"taxonomy":"category","embeddable":true,"href":"https:\/\/www.rassegnastampa-totustuus.it\/cattolica\/wp-json\/wp\/v2\/categories?post=993"},{"taxonomy":"post_tag","embeddable":true,"href":"https:\/\/www.rassegnastampa-totustuus.it\/cattolica\/wp-json\/wp\/v2\/tags?post=993"}],"curies":[{"name":"wp","href":"https:\/\/api.w.org\/{rel}","templated":true}]}}