{"id":988,"date":"2005-07-17T00:00:00","date_gmt":"2005-07-16T22:00:00","guid":{"rendered":""},"modified":"2016-04-22T12:32:59","modified_gmt":"2016-04-22T10:32:59","slug":"monarchia-aristocrazia-e-democrazia-la-sovranit-secondo-de-maistre","status":"publish","type":"post","link":"https:\/\/www.rassegnastampa-totustuus.it\/cattolica\/monarchia-aristocrazia-e-democrazia-la-sovranit-secondo-de-maistre\/","title":{"rendered":"Monarchia, aristocrazia e democrazia La sovranit\u00e0 secondo de Maistre"},"content":{"rendered":"<div style=\"text-align: center;\"><img loading=\"lazy\" decoding=\"async\" class=\"alignleft wp-image-33376\" src=\"https:\/\/www.rassegnastampa-totustuus.it\/cattolica\/wp-content\/uploads\/2005\/07\/Savoia.jpg\" alt=\"Savoia\" width=\"157\" height=\"200\" \/>Articolo pubblicato su <strong>Il Giornale<\/strong> (Toscana)<\/div>\n<div style=\"text-align: center;\">12 settembre 2000<\/div>\n<p style=\"text-align: center;\">di <b>Claudio Finzi<\/b><\/p>\n<p style=\"text-align: justify;\">Il popolo \u00e8 sovrano, e di chi? A prima vista di se stesso. Il popolo \u00e8 dunque soggetto. Qui c\u2019\u00e8 sicuramente qualche equivoco se non un errore, perch\u00e9 il popolo che comanda, non \u00e8 il popolo che obbedisce. E sufficiente dunque enunciare la proposizione generale: il popolo \u00e8 sovrano, per comprendere che questa ha bisogno di un commento\u00bb<\/p>\n<p><!--more--><\/p>\n<div style=\"text-align: justify;\">Chi oltre due secoli fa scrive queste parole, individuando lucidamente il punto dolente di tutte le democrazie, \u00e8 Giuseppe de Maistre, savoiardo fedelissimo ai suoi sovrani, attento critico dei guasti provocati dalla rivoluzione francese. Allievo dei gesuiti. Giuseppe de Maistre percorre un\u2019interessante carriera politica fino a diventare ambasciatore a San Pietroburgo presso lo zar di Russia.<\/div>\n<p style=\"text-align: justify;\">Nei suoi scritti affronta tutta una serie di problemi politici: dalla rivoluzione francese alla sovranit\u00e0, dal rapporto fra religione e politica alla funzione del papato e del papa. La sua riflessione lascia una traccia profonda nel pensiero tradizionalista e controrivoluzionario, dando occasione e inizio a una serie infinita di studi. Non mancano peraltro zone d\u2019ombra: poco studiata \u00e8 la sua notevole influenza sul pensiero russo dell\u2019Ottocento e del primo Novecento.<\/p>\n<p style=\"text-align: justify;\">La frase, dalla quale siamo partiti, apre lo <i>Studio sulla sovranit\u00e0<\/i>, iniziato nel 1794, rimasto incompiuto e pubblicato postumo. Giuseppe de Maistre vi analizza definizioni, contraddizioni, problemi. difficolt\u00e0 delle tre classiche forme di governo: monarchia, aristocrazia, democrazia, utilizzando con estrema attenzione e abilit\u00e0 sia obiezioni antiche sia le suggestioni e le riflessioni provocate dalle distruzioni e dai guasti della rivoluzione francese.<\/p>\n<p style=\"text-align: justify;\">La presunzione pi\u00f9 disastrosa dei rivoluzionari \u00e8 quella di credere di poter costruire il mondo politico sulle basi della pura razionalit\u00e0, trascurando tutto quanto \u00e8 legato al carattere degli uomini e dei popoli, alla loro storia, alle tradizioni giuridiche e politiche, ai sentimenti religiosi. La pretesa insomma di poter cancellare interamente il passato per dar vita a una societ\u00e0 geometricamente razionale Ma l\u2019uomo \u00e8 pi\u00f9 complicato di quanto non abbiano mai creduto i &#8220;filosofi&#8221; dell\u2019illuminismo: \u00e8 un essere storico ed intimamente religioso, perch\u00e9 soltanto nella religione l\u2019uomo stesso e la sua societ\u00e0 possono trovare un fondamento reale. Cancellare tutto questo significa distruggere le fondamenta di ogni convivenza civile.<\/p>\n<p style=\"text-align: justify;\">Subito dopo ecco l\u2019altra follia rivoluzionaria: dare alla democrazia la preminenza fra le forme di governo, facendone l\u2019unica forma legittima. Con conseguenti contraddizioni insuperabili, posto che persino un Gian Giacomo Rousseau, fanatico assertore della democrazia, deve poi riconoscere che questa \u00e8 adatta soltanto a Stati di dimensioni minuscole, perch\u00e9 soltanto in una societ\u00e0 piccola \u00e8 possibile ottenere quella identit\u00e0 di governanti e governati, che segna la vera democrazia. In una societ\u00e0 ampia la democrazia diventa fittizia, consegnando il governo reale ad una oligarchia, solitamente avida, rapace, oppressiva, che usa gli organi elettivi come paravento.<\/p>\n<p style=\"text-align: justify;\">Gli uomini e i popoli sentono invece di avere bisogno di autorit\u00e0, quella autorit\u00e0 ragionevole e non &#8220;razionalistica&#8221;, che meglio che in ogni altro luogo si concreta e si mostra nella monarchia. Tutti i poteri in ogni Stato sono sempre assoluti, scrive de Maistre, ma proprio nella monarchia, come dimostra la storia, essi sono molto meno arbitrari che nella democrazia.<\/p>\n<p style=\"text-align: justify;\">Fermiamoci qui, lasciando al lettore del libro il piacere di cogliere tutte le sfumature delle critiche, che Giuseppe De Maistre, scrittore tanto preciso quanto brillante, formula agli aspetti particolari della democrazia e della pretesa di attuarla nei grandi Stati. Ne segnaliamo una soltanto: in democrazia \u00e8 impossibile una buona amministrazione della giustizia. Vista la situazione italiana, sarebbe bene riflettere sulle parole di Giuseppe De Maistre.<\/p>\n<p style=\"text-align: justify;\">_______________<\/p>\n<p style=\"text-align: justify;\"><span style=\"font-size: 9pt; font-family: Arial; mso-bidi-font-size: 12.0pt;\"><strong>Il libro<\/strong><\/span><\/p>\n<p style=\"text-align: justify;\"><span style=\"font-size: 9pt; font-family: Arial; mso-bidi-font-size: 12.0pt;\"><strong>Joseph de Maistre, <\/strong><em>Scritti politici: saggio sul principio generazionale delle costituzioni politiche<\/em><\/span><span style=\"font-size: 9pt; font-family: Arial; mso-bidi-font-size: 11.0pt;\"><em>; studio sulla sovranit\u00e0<\/em><strong>, <\/strong><\/span><span style=\"font-size: 9pt; font-family: Arial; mso-bidi-font-size: 12.0pt;\">Introduzione Francio Cardini, <\/span><span style=\"font-size: 9pt; font-family: Arial; mso-bidi-font-size: 12.0pt;\">Presentazione di Luigi Negri &#8211; <\/span><span style=\"font-size: 9pt; font-family: Arial; mso-bidi-font-size: 12.0pt;\">Edizioni Cantagalli, Siena. <\/span><span style=\"font-size: 9pt; font-family: Arial; mso-bidi-font-size: 12.0pt;\">Pagg. 336, <\/span><span style=\"font-size: 9pt; font-family: Arial; mso-bidi-font-size: 12.0pt;\">Lire 32.000<\/span><\/p>\n","protected":false},"excerpt":{"rendered":"<p>Articolo pubblicato su Il Giornale (Toscana) 12 settembre 2000 di Claudio Finzi Il popolo \u00e8 sovrano, e di chi? A prima vista di se stesso. Il popolo \u00e8 dunque soggetto. Qui c\u2019\u00e8 sicuramente qualche equivoco se non un errore, perch\u00e9 il popolo che comanda, non \u00e8 il popolo che obbedisce. E sufficiente dunque enunciare la &hellip; <\/p>\n<p><a class=\"more-link btn\" href=\"https:\/\/www.rassegnastampa-totustuus.it\/cattolica\/monarchia-aristocrazia-e-democrazia-la-sovranit-secondo-de-maistre\/\">Continua a leggere<\/a><\/p>\n","protected":false},"author":6,"featured_media":33376,"comment_status":"closed","ping_status":"open","sticky":false,"template":"","format":"standard","meta":{"footnotes":""},"categories":[17,53,54],"tags":[462,766,265,235],"class_list":["post-988","post","type-post","status-publish","format-standard","has-post-thumbnail","hentry","category-libri","category-politica","category-rivoluzione-e-controrivoluzione","tag-controrivoluzione","tag-g-de-maistre","tag-libri-2","tag-politica-2","item-wrap"],"yoast_head":"<!-- This site is optimized with the Yoast SEO plugin v27.5 - https:\/\/yoast.com\/product\/yoast-seo-wordpress\/ -->\n<title>Monarchia, aristocrazia e democrazia La sovranit\u00e0 secondo de Maistre - Rassegna Stampa Cattolica<\/title>\n<meta name=\"description\" content=\"Rassegna Stampa Cattolica - Per una cultura che nasce dalla Rivelazione cristiana in conformit\u00e0 alla tradizione e al Magistero della Chiesa in opposizione ad ogni relativismo e totalitarismo\" \/>\n<meta name=\"robots\" content=\"index, follow, max-snippet:-1, max-image-preview:large, max-video-preview:-1\" \/>\n<link rel=\"canonical\" href=\"https:\/\/www.rassegnastampa-totustuus.it\/cattolica\/monarchia-aristocrazia-e-democrazia-la-sovranit-secondo-de-maistre\/\" \/>\n<meta property=\"og:locale\" content=\"it_IT\" \/>\n<meta property=\"og:type\" content=\"article\" \/>\n<meta property=\"og:title\" content=\"Monarchia, aristocrazia e democrazia La sovranit\u00e0 secondo de Maistre - Rassegna Stampa Cattolica\" \/>\n<meta property=\"og:description\" content=\"Rassegna Stampa Cattolica - Per una cultura che nasce dalla Rivelazione cristiana in conformit\u00e0 alla tradizione e al Magistero della Chiesa in opposizione ad ogni relativismo e totalitarismo\" \/>\n<meta property=\"og:url\" content=\"https:\/\/www.rassegnastampa-totustuus.it\/cattolica\/monarchia-aristocrazia-e-democrazia-la-sovranit-secondo-de-maistre\/\" \/>\n<meta property=\"og:site_name\" content=\"Rassegna Stampa Cattolica\" \/>\n<meta property=\"article:publisher\" content=\"https:\/\/www.facebook.com\/rassegnastampacattolica\" \/>\n<meta property=\"article:published_time\" content=\"2005-07-16T22:00:00+00:00\" \/>\n<meta property=\"article:modified_time\" content=\"2016-04-22T10:32:59+00:00\" \/>\n<meta property=\"og:image\" content=\"https:\/\/www.rassegnastampa-totustuus.it\/cattolica\/wp-content\/uploads\/2005\/07\/Savoia.jpg\" \/>\n\t<meta property=\"og:image:width\" content=\"199\" \/>\n\t<meta property=\"og:image:height\" content=\"254\" \/>\n\t<meta property=\"og:image:type\" content=\"image\/jpeg\" \/>\n<meta name=\"author\" content=\"Redazione\" \/>\n<meta name=\"twitter:card\" content=\"summary_large_image\" \/>\n<meta name=\"twitter:creator\" content=\"@rassegnastampa9\" \/>\n<meta name=\"twitter:site\" content=\"@rassegnastampa9\" \/>\n<meta name=\"twitter:label1\" content=\"Scritto da\" \/>\n\t<meta name=\"twitter:data1\" content=\"Redazione\" \/>\n\t<meta name=\"twitter:label2\" content=\"Tempo di lettura stimato\" \/>\n\t<meta name=\"twitter:data2\" content=\"3 minuti\" \/>\n<script type=\"application\/ld+json\" class=\"yoast-schema-graph\">{\"@context\":\"https:\\\/\\\/schema.org\",\"@graph\":[{\"@type\":\"Article\",\"@id\":\"https:\\\/\\\/www.rassegnastampa-totustuus.it\\\/cattolica\\\/monarchia-aristocrazia-e-democrazia-la-sovranit-secondo-de-maistre\\\/#article\",\"isPartOf\":{\"@id\":\"https:\\\/\\\/www.rassegnastampa-totustuus.it\\\/cattolica\\\/monarchia-aristocrazia-e-democrazia-la-sovranit-secondo-de-maistre\\\/\"},\"author\":{\"name\":\"Redazione\",\"@id\":\"https:\\\/\\\/www.rassegnastampa-totustuus.it\\\/cattolica\\\/#\\\/schema\\\/person\\\/08f319d2bd1a0904ad9e2bfb7b15e5c3\"},\"headline\":\"Monarchia, aristocrazia e democrazia La sovranit\u00e0 secondo de Maistre\",\"datePublished\":\"2005-07-16T22:00:00+00:00\",\"dateModified\":\"2016-04-22T10:32:59+00:00\",\"mainEntityOfPage\":{\"@id\":\"https:\\\/\\\/www.rassegnastampa-totustuus.it\\\/cattolica\\\/monarchia-aristocrazia-e-democrazia-la-sovranit-secondo-de-maistre\\\/\"},\"wordCount\":615,\"publisher\":{\"@id\":\"https:\\\/\\\/www.rassegnastampa-totustuus.it\\\/cattolica\\\/#organization\"},\"image\":{\"@id\":\"https:\\\/\\\/www.rassegnastampa-totustuus.it\\\/cattolica\\\/monarchia-aristocrazia-e-democrazia-la-sovranit-secondo-de-maistre\\\/#primaryimage\"},\"thumbnailUrl\":\"https:\\\/\\\/www.rassegnastampa-totustuus.it\\\/cattolica\\\/wp-content\\\/uploads\\\/2005\\\/07\\\/Savoia.jpg\",\"keywords\":[\"controrivoluzione\",\"G.de Maistre\",\"libri\",\"politica\"],\"articleSection\":[\"Libri\",\"Politica\",\"Rivoluzione e controrivoluzione\"],\"inLanguage\":\"it-IT\"},{\"@type\":\"WebPage\",\"@id\":\"https:\\\/\\\/www.rassegnastampa-totustuus.it\\\/cattolica\\\/monarchia-aristocrazia-e-democrazia-la-sovranit-secondo-de-maistre\\\/\",\"url\":\"https:\\\/\\\/www.rassegnastampa-totustuus.it\\\/cattolica\\\/monarchia-aristocrazia-e-democrazia-la-sovranit-secondo-de-maistre\\\/\",\"name\":\"Monarchia, aristocrazia e democrazia La sovranit\u00e0 secondo de Maistre - Rassegna Stampa Cattolica\",\"isPartOf\":{\"@id\":\"https:\\\/\\\/www.rassegnastampa-totustuus.it\\\/cattolica\\\/#website\"},\"primaryImageOfPage\":{\"@id\":\"https:\\\/\\\/www.rassegnastampa-totustuus.it\\\/cattolica\\\/monarchia-aristocrazia-e-democrazia-la-sovranit-secondo-de-maistre\\\/#primaryimage\"},\"image\":{\"@id\":\"https:\\\/\\\/www.rassegnastampa-totustuus.it\\\/cattolica\\\/monarchia-aristocrazia-e-democrazia-la-sovranit-secondo-de-maistre\\\/#primaryimage\"},\"thumbnailUrl\":\"https:\\\/\\\/www.rassegnastampa-totustuus.it\\\/cattolica\\\/wp-content\\\/uploads\\\/2005\\\/07\\\/Savoia.jpg\",\"datePublished\":\"2005-07-16T22:00:00+00:00\",\"dateModified\":\"2016-04-22T10:32:59+00:00\",\"description\":\"Rassegna Stampa Cattolica - Per una cultura che nasce dalla Rivelazione cristiana in conformit\u00e0 alla tradizione e al Magistero della Chiesa in opposizione ad ogni relativismo e totalitarismo\",\"breadcrumb\":{\"@id\":\"https:\\\/\\\/www.rassegnastampa-totustuus.it\\\/cattolica\\\/monarchia-aristocrazia-e-democrazia-la-sovranit-secondo-de-maistre\\\/#breadcrumb\"},\"inLanguage\":\"it-IT\",\"potentialAction\":[{\"@type\":\"ReadAction\",\"target\":[\"https:\\\/\\\/www.rassegnastampa-totustuus.it\\\/cattolica\\\/monarchia-aristocrazia-e-democrazia-la-sovranit-secondo-de-maistre\\\/\"]}]},{\"@type\":\"ImageObject\",\"inLanguage\":\"it-IT\",\"@id\":\"https:\\\/\\\/www.rassegnastampa-totustuus.it\\\/cattolica\\\/monarchia-aristocrazia-e-democrazia-la-sovranit-secondo-de-maistre\\\/#primaryimage\",\"url\":\"https:\\\/\\\/www.rassegnastampa-totustuus.it\\\/cattolica\\\/wp-content\\\/uploads\\\/2005\\\/07\\\/Savoia.jpg\",\"contentUrl\":\"https:\\\/\\\/www.rassegnastampa-totustuus.it\\\/cattolica\\\/wp-content\\\/uploads\\\/2005\\\/07\\\/Savoia.jpg\",\"width\":199,\"height\":254},{\"@type\":\"BreadcrumbList\",\"@id\":\"https:\\\/\\\/www.rassegnastampa-totustuus.it\\\/cattolica\\\/monarchia-aristocrazia-e-democrazia-la-sovranit-secondo-de-maistre\\\/#breadcrumb\",\"itemListElement\":[{\"@type\":\"ListItem\",\"position\":1,\"name\":\"Home\",\"item\":\"https:\\\/\\\/www.rassegnastampa-totustuus.it\\\/cattolica\\\/\"},{\"@type\":\"ListItem\",\"position\":2,\"name\":\"Monarchia, aristocrazia e democrazia La sovranit\u00e0 secondo de Maistre\"}]},{\"@type\":\"WebSite\",\"@id\":\"https:\\\/\\\/www.rassegnastampa-totustuus.it\\\/cattolica\\\/#website\",\"url\":\"https:\\\/\\\/www.rassegnastampa-totustuus.it\\\/cattolica\\\/\",\"name\":\"Rassegna Stampa Cattolica\",\"description\":\"Per una cultura che nasce dalla Rivelazione cristiana in conformit\u00e0 alla tradizione e al Magistero della Chiesa in opposizione ad ogni relativismo e totalitarismo\",\"publisher\":{\"@id\":\"https:\\\/\\\/www.rassegnastampa-totustuus.it\\\/cattolica\\\/#organization\"},\"alternateName\":\"Rass. Cattolica\",\"potentialAction\":[{\"@type\":\"SearchAction\",\"target\":{\"@type\":\"EntryPoint\",\"urlTemplate\":\"https:\\\/\\\/www.rassegnastampa-totustuus.it\\\/cattolica\\\/?s={search_term_string}\"},\"query-input\":{\"@type\":\"PropertyValueSpecification\",\"valueRequired\":true,\"valueName\":\"search_term_string\"}}],\"inLanguage\":\"it-IT\"},{\"@type\":\"Organization\",\"@id\":\"https:\\\/\\\/www.rassegnastampa-totustuus.it\\\/cattolica\\\/#organization\",\"name\":\"Rassegna Stampa Cattolica\",\"url\":\"https:\\\/\\\/www.rassegnastampa-totustuus.it\\\/cattolica\\\/\",\"logo\":{\"@type\":\"ImageObject\",\"inLanguage\":\"it-IT\",\"@id\":\"https:\\\/\\\/www.rassegnastampa-totustuus.it\\\/cattolica\\\/#\\\/schema\\\/logo\\\/image\\\/\",\"url\":\"https:\\\/\\\/www.rassegnastampa-totustuus.it\\\/cattolica\\\/wp-content\\\/uploads\\\/2014\\\/04\\\/logo-rassegna1.gif\",\"contentUrl\":\"https:\\\/\\\/www.rassegnastampa-totustuus.it\\\/cattolica\\\/wp-content\\\/uploads\\\/2014\\\/04\\\/logo-rassegna1.gif\",\"width\":600,\"height\":163,\"caption\":\"Rassegna Stampa Cattolica\"},\"image\":{\"@id\":\"https:\\\/\\\/www.rassegnastampa-totustuus.it\\\/cattolica\\\/#\\\/schema\\\/logo\\\/image\\\/\"},\"sameAs\":[\"https:\\\/\\\/www.facebook.com\\\/rassegnastampacattolica\",\"https:\\\/\\\/x.com\\\/rassegnastampa9\"]},{\"@type\":\"Person\",\"@id\":\"https:\\\/\\\/www.rassegnastampa-totustuus.it\\\/cattolica\\\/#\\\/schema\\\/person\\\/08f319d2bd1a0904ad9e2bfb7b15e5c3\",\"name\":\"Redazione\",\"image\":{\"@type\":\"ImageObject\",\"inLanguage\":\"it-IT\",\"@id\":\"https:\\\/\\\/secure.gravatar.com\\\/avatar\\\/2fcdf27c78ea025fbdb44e914cc63c72249ffec9dc8aafd5c82b26240ef3f346?s=96&d=mm&r=g\",\"url\":\"https:\\\/\\\/secure.gravatar.com\\\/avatar\\\/2fcdf27c78ea025fbdb44e914cc63c72249ffec9dc8aafd5c82b26240ef3f346?s=96&d=mm&r=g\",\"contentUrl\":\"https:\\\/\\\/secure.gravatar.com\\\/avatar\\\/2fcdf27c78ea025fbdb44e914cc63c72249ffec9dc8aafd5c82b26240ef3f346?s=96&d=mm&r=g\",\"caption\":\"Redazione\"},\"url\":\"https:\\\/\\\/www.rassegnastampa-totustuus.it\\\/cattolica\\\/author\\\/pietroelle\\\/\"}]}<\/script>\n<!-- \/ Yoast SEO plugin. -->","yoast_head_json":{"title":"Monarchia, aristocrazia e democrazia La sovranit\u00e0 secondo de Maistre - Rassegna Stampa Cattolica","description":"Rassegna Stampa Cattolica - Per una cultura che nasce dalla Rivelazione cristiana in conformit\u00e0 alla tradizione e al Magistero della Chiesa in opposizione ad ogni relativismo e totalitarismo","robots":{"index":"index","follow":"follow","max-snippet":"max-snippet:-1","max-image-preview":"max-image-preview:large","max-video-preview":"max-video-preview:-1"},"canonical":"https:\/\/www.rassegnastampa-totustuus.it\/cattolica\/monarchia-aristocrazia-e-democrazia-la-sovranit-secondo-de-maistre\/","og_locale":"it_IT","og_type":"article","og_title":"Monarchia, aristocrazia e democrazia La sovranit\u00e0 secondo de Maistre - Rassegna Stampa Cattolica","og_description":"Rassegna Stampa Cattolica - Per una cultura che nasce dalla Rivelazione cristiana in conformit\u00e0 alla tradizione e al Magistero della Chiesa in opposizione ad ogni relativismo e totalitarismo","og_url":"https:\/\/www.rassegnastampa-totustuus.it\/cattolica\/monarchia-aristocrazia-e-democrazia-la-sovranit-secondo-de-maistre\/","og_site_name":"Rassegna Stampa Cattolica","article_publisher":"https:\/\/www.facebook.com\/rassegnastampacattolica","article_published_time":"2005-07-16T22:00:00+00:00","article_modified_time":"2016-04-22T10:32:59+00:00","og_image":[{"width":199,"height":254,"url":"https:\/\/www.rassegnastampa-totustuus.it\/cattolica\/wp-content\/uploads\/2005\/07\/Savoia.jpg","type":"image\/jpeg"}],"author":"Redazione","twitter_card":"summary_large_image","twitter_creator":"@rassegnastampa9","twitter_site":"@rassegnastampa9","twitter_misc":{"Scritto da":"Redazione","Tempo di lettura stimato":"3 minuti"},"schema":{"@context":"https:\/\/schema.org","@graph":[{"@type":"Article","@id":"https:\/\/www.rassegnastampa-totustuus.it\/cattolica\/monarchia-aristocrazia-e-democrazia-la-sovranit-secondo-de-maistre\/#article","isPartOf":{"@id":"https:\/\/www.rassegnastampa-totustuus.it\/cattolica\/monarchia-aristocrazia-e-democrazia-la-sovranit-secondo-de-maistre\/"},"author":{"name":"Redazione","@id":"https:\/\/www.rassegnastampa-totustuus.it\/cattolica\/#\/schema\/person\/08f319d2bd1a0904ad9e2bfb7b15e5c3"},"headline":"Monarchia, aristocrazia e democrazia La sovranit\u00e0 secondo de Maistre","datePublished":"2005-07-16T22:00:00+00:00","dateModified":"2016-04-22T10:32:59+00:00","mainEntityOfPage":{"@id":"https:\/\/www.rassegnastampa-totustuus.it\/cattolica\/monarchia-aristocrazia-e-democrazia-la-sovranit-secondo-de-maistre\/"},"wordCount":615,"publisher":{"@id":"https:\/\/www.rassegnastampa-totustuus.it\/cattolica\/#organization"},"image":{"@id":"https:\/\/www.rassegnastampa-totustuus.it\/cattolica\/monarchia-aristocrazia-e-democrazia-la-sovranit-secondo-de-maistre\/#primaryimage"},"thumbnailUrl":"https:\/\/www.rassegnastampa-totustuus.it\/cattolica\/wp-content\/uploads\/2005\/07\/Savoia.jpg","keywords":["controrivoluzione","G.de Maistre","libri","politica"],"articleSection":["Libri","Politica","Rivoluzione e controrivoluzione"],"inLanguage":"it-IT"},{"@type":"WebPage","@id":"https:\/\/www.rassegnastampa-totustuus.it\/cattolica\/monarchia-aristocrazia-e-democrazia-la-sovranit-secondo-de-maistre\/","url":"https:\/\/www.rassegnastampa-totustuus.it\/cattolica\/monarchia-aristocrazia-e-democrazia-la-sovranit-secondo-de-maistre\/","name":"Monarchia, aristocrazia e democrazia La sovranit\u00e0 secondo de Maistre - Rassegna Stampa Cattolica","isPartOf":{"@id":"https:\/\/www.rassegnastampa-totustuus.it\/cattolica\/#website"},"primaryImageOfPage":{"@id":"https:\/\/www.rassegnastampa-totustuus.it\/cattolica\/monarchia-aristocrazia-e-democrazia-la-sovranit-secondo-de-maistre\/#primaryimage"},"image":{"@id":"https:\/\/www.rassegnastampa-totustuus.it\/cattolica\/monarchia-aristocrazia-e-democrazia-la-sovranit-secondo-de-maistre\/#primaryimage"},"thumbnailUrl":"https:\/\/www.rassegnastampa-totustuus.it\/cattolica\/wp-content\/uploads\/2005\/07\/Savoia.jpg","datePublished":"2005-07-16T22:00:00+00:00","dateModified":"2016-04-22T10:32:59+00:00","description":"Rassegna Stampa Cattolica - Per una cultura che nasce dalla Rivelazione cristiana in conformit\u00e0 alla tradizione e al Magistero della Chiesa in opposizione ad ogni relativismo e totalitarismo","breadcrumb":{"@id":"https:\/\/www.rassegnastampa-totustuus.it\/cattolica\/monarchia-aristocrazia-e-democrazia-la-sovranit-secondo-de-maistre\/#breadcrumb"},"inLanguage":"it-IT","potentialAction":[{"@type":"ReadAction","target":["https:\/\/www.rassegnastampa-totustuus.it\/cattolica\/monarchia-aristocrazia-e-democrazia-la-sovranit-secondo-de-maistre\/"]}]},{"@type":"ImageObject","inLanguage":"it-IT","@id":"https:\/\/www.rassegnastampa-totustuus.it\/cattolica\/monarchia-aristocrazia-e-democrazia-la-sovranit-secondo-de-maistre\/#primaryimage","url":"https:\/\/www.rassegnastampa-totustuus.it\/cattolica\/wp-content\/uploads\/2005\/07\/Savoia.jpg","contentUrl":"https:\/\/www.rassegnastampa-totustuus.it\/cattolica\/wp-content\/uploads\/2005\/07\/Savoia.jpg","width":199,"height":254},{"@type":"BreadcrumbList","@id":"https:\/\/www.rassegnastampa-totustuus.it\/cattolica\/monarchia-aristocrazia-e-democrazia-la-sovranit-secondo-de-maistre\/#breadcrumb","itemListElement":[{"@type":"ListItem","position":1,"name":"Home","item":"https:\/\/www.rassegnastampa-totustuus.it\/cattolica\/"},{"@type":"ListItem","position":2,"name":"Monarchia, aristocrazia e democrazia La sovranit\u00e0 secondo de Maistre"}]},{"@type":"WebSite","@id":"https:\/\/www.rassegnastampa-totustuus.it\/cattolica\/#website","url":"https:\/\/www.rassegnastampa-totustuus.it\/cattolica\/","name":"Rassegna Stampa Cattolica","description":"Per una cultura che nasce dalla Rivelazione cristiana in conformit\u00e0 alla tradizione e al Magistero della Chiesa in opposizione ad ogni relativismo e totalitarismo","publisher":{"@id":"https:\/\/www.rassegnastampa-totustuus.it\/cattolica\/#organization"},"alternateName":"Rass. Cattolica","potentialAction":[{"@type":"SearchAction","target":{"@type":"EntryPoint","urlTemplate":"https:\/\/www.rassegnastampa-totustuus.it\/cattolica\/?s={search_term_string}"},"query-input":{"@type":"PropertyValueSpecification","valueRequired":true,"valueName":"search_term_string"}}],"inLanguage":"it-IT"},{"@type":"Organization","@id":"https:\/\/www.rassegnastampa-totustuus.it\/cattolica\/#organization","name":"Rassegna Stampa Cattolica","url":"https:\/\/www.rassegnastampa-totustuus.it\/cattolica\/","logo":{"@type":"ImageObject","inLanguage":"it-IT","@id":"https:\/\/www.rassegnastampa-totustuus.it\/cattolica\/#\/schema\/logo\/image\/","url":"https:\/\/www.rassegnastampa-totustuus.it\/cattolica\/wp-content\/uploads\/2014\/04\/logo-rassegna1.gif","contentUrl":"https:\/\/www.rassegnastampa-totustuus.it\/cattolica\/wp-content\/uploads\/2014\/04\/logo-rassegna1.gif","width":600,"height":163,"caption":"Rassegna Stampa Cattolica"},"image":{"@id":"https:\/\/www.rassegnastampa-totustuus.it\/cattolica\/#\/schema\/logo\/image\/"},"sameAs":["https:\/\/www.facebook.com\/rassegnastampacattolica","https:\/\/x.com\/rassegnastampa9"]},{"@type":"Person","@id":"https:\/\/www.rassegnastampa-totustuus.it\/cattolica\/#\/schema\/person\/08f319d2bd1a0904ad9e2bfb7b15e5c3","name":"Redazione","image":{"@type":"ImageObject","inLanguage":"it-IT","@id":"https:\/\/secure.gravatar.com\/avatar\/2fcdf27c78ea025fbdb44e914cc63c72249ffec9dc8aafd5c82b26240ef3f346?s=96&d=mm&r=g","url":"https:\/\/secure.gravatar.com\/avatar\/2fcdf27c78ea025fbdb44e914cc63c72249ffec9dc8aafd5c82b26240ef3f346?s=96&d=mm&r=g","contentUrl":"https:\/\/secure.gravatar.com\/avatar\/2fcdf27c78ea025fbdb44e914cc63c72249ffec9dc8aafd5c82b26240ef3f346?s=96&d=mm&r=g","caption":"Redazione"},"url":"https:\/\/www.rassegnastampa-totustuus.it\/cattolica\/author\/pietroelle\/"}]}},"_links":{"self":[{"href":"https:\/\/www.rassegnastampa-totustuus.it\/cattolica\/wp-json\/wp\/v2\/posts\/988","targetHints":{"allow":["GET"]}}],"collection":[{"href":"https:\/\/www.rassegnastampa-totustuus.it\/cattolica\/wp-json\/wp\/v2\/posts"}],"about":[{"href":"https:\/\/www.rassegnastampa-totustuus.it\/cattolica\/wp-json\/wp\/v2\/types\/post"}],"author":[{"embeddable":true,"href":"https:\/\/www.rassegnastampa-totustuus.it\/cattolica\/wp-json\/wp\/v2\/users\/6"}],"replies":[{"embeddable":true,"href":"https:\/\/www.rassegnastampa-totustuus.it\/cattolica\/wp-json\/wp\/v2\/comments?post=988"}],"version-history":[{"count":4,"href":"https:\/\/www.rassegnastampa-totustuus.it\/cattolica\/wp-json\/wp\/v2\/posts\/988\/revisions"}],"predecessor-version":[{"id":33377,"href":"https:\/\/www.rassegnastampa-totustuus.it\/cattolica\/wp-json\/wp\/v2\/posts\/988\/revisions\/33377"}],"wp:featuredmedia":[{"embeddable":true,"href":"https:\/\/www.rassegnastampa-totustuus.it\/cattolica\/wp-json\/wp\/v2\/media\/33376"}],"wp:attachment":[{"href":"https:\/\/www.rassegnastampa-totustuus.it\/cattolica\/wp-json\/wp\/v2\/media?parent=988"}],"wp:term":[{"taxonomy":"category","embeddable":true,"href":"https:\/\/www.rassegnastampa-totustuus.it\/cattolica\/wp-json\/wp\/v2\/categories?post=988"},{"taxonomy":"post_tag","embeddable":true,"href":"https:\/\/www.rassegnastampa-totustuus.it\/cattolica\/wp-json\/wp\/v2\/tags?post=988"}],"curies":[{"name":"wp","href":"https:\/\/api.w.org\/{rel}","templated":true}]}}