{"id":946,"date":"2005-07-17T00:00:00","date_gmt":"2005-07-16T22:00:00","guid":{"rendered":""},"modified":"2016-02-26T14:36:25","modified_gmt":"2016-02-26T13:36:25","slug":"levoluzione-del-linguaggio-e-degli-atteggiamenti","status":"publish","type":"post","link":"https:\/\/www.rassegnastampa-totustuus.it\/cattolica\/levoluzione-del-linguaggio-e-degli-atteggiamenti\/","title":{"rendered":"L&#8217;evoluzione del linguaggio e degli atteggiamenti"},"content":{"rendered":"<p align=\"center\"><strong><span style=\"font-size: small;\"><a href=\"https:\/\/www.rassegnastampa-totustuus.it\/cattolica\/wp-content\/uploads\/2005\/07\/handicap.jpg\"><img loading=\"lazy\" decoding=\"async\" class=\"alignright wp-image-31098\" src=\"https:\/\/www.rassegnastampa-totustuus.it\/cattolica\/wp-content\/uploads\/2005\/07\/handicap.jpg\" alt=\"handicap\" width=\"240\" height=\"134\" \/><\/a>\u00a0<\/span>Aggiornamenti sociali,<\/strong><\/p>\n<p align=\"center\">n. 7-8, Luglio-Agosto 2003<\/p>\n<p align=\"center\"><em>Da disabile a diversabile, perch\u00e9?<\/em><\/p>\n<p style=\"text-align: justify;\"><!--more-->Claudio Imprudente, Presidente dell&#8217;Associazione &#8220;Centro Documentazione Handicap&#8221; di Bologna e direttore editoriale della rivista HP Accaparlante. Il 2003, proclamato &#8220;Anno europeo delle persone con disabilit\u00e0&#8221;, ci offre lo spunto per approfondire il significato di quest&#8217;ultimo termine.<\/p>\n<p style=\"text-align: justify;\">Prima di darne una definizione, tuttavia, pare utile andare un po&#8217; a ritroso nel tempo, per considerare i termini che l&#8217;hanno preceduto nel percorso di evoluzione storico-culturale di cui \u00e8 stato protagonista. Ci riferiamo alle espressioni che la nostra societ\u00e0 usa per definire e inquadrare gruppi di persone che si caratterizzano per delle &#8220;mancanze&#8221; sia fisiche sia mentali.<\/p>\n<p style=\"text-align: justify;\">\u00c8 importante considerare i termini cui \u00e8 affidato il compito di definire: il loro uso si situa a sfondo di modi di pensare e interpretare le persone e le cose che, inevitabilmente, influiscono sulle relazioni che istituiamo con loro.<\/p>\n<p style=\"text-align: justify;\"><strong>L&#8217;evoluzione del linguaggio corrente<\/strong><\/p>\n<p style=\"text-align: justify;\">Un tempo, anche non troppo lontano, i termini pi\u00f9 in voga erano &#8220;idiota&#8221;, &#8220;cretino&#8221;, &#8220;deficiente&#8221;, &#8220;imbecille&#8221;; tutti venivano usati indistintamente per riferirsi a persone che non rispondevano ai parametri di normalit\u00e0 socialmente diffusi e accettati. Nel giro di breve tempo, per\u00f2, quelle parole hanno perso la loro funzione originaria, seppur molto discutibile, per diventare veri e propri insulti.<\/p>\n<p style=\"text-align: justify;\">Rendendosi poi conto di come fossero divenute espressioni che potevano dar luogo a malintesi o ferire la sensibilit\u00e0, si \u00e8 scelto di sostituirli con definizioni in grado di esprimere la &#8220;mancanza oggettiva&#8221; della persona, per esempio &#8220;non vedente&#8221;, &#8220;motu-leso&#8221;, &#8220;cerebroleso&#8221;, &#8220;spastico&#8221;, &#8220;mongoloide&#8221;, &#8220;invalido&#8221; e cos\u00ec via.<\/p>\n<p style=\"text-align: justify;\">In questo modo, indicando una persona, si metteva in primo piano il suo deficit, ci\u00f2 che nel suo corpo non andava. Non c&#8217;\u00e8 da stupirsi che anche queste parole siano diventate insulti. Era necessaria una ulteriore rivoluzione terminologica per arrivare a una parola sola, capace di inglobare tutte quelle espressioni particolari usate correntemente.<\/p>\n<p style=\"text-align: justify;\">La scelta \u00e8 caduta sul termine &#8220;handicappato&#8221;, ma nemmeno questa parola ha potuto evitare di trasformarsi, con l&#8217;andar del tempo e nel linguaggio corrente, in un&#8217;offesa. Chi scrive lavora come educatore all&#8217;interno del &#8220;Progetto Calamaio&#8221;, una \u00e9quipe di disabili &#8211; o meglio, come vedremo pi\u00f9 avanti, &#8220;diversabili&#8221; &#8211; e non, che propone percorsi di formazione alla cultura delle diversit\u00e0 nelle scuole, a ragazzi, insegnanti e genitori.<\/p>\n<p style=\"text-align: justify;\">Ci capita spesso di entrare in classe e di assistere anche a momenti di svago dei ragazzi, prima o dopo i nostri incontri; li osserviamo interessati e ogni tanto sentiamo frasi come &#8220;Bravo, hai vinto un mongolino d&#8217;oro!&#8221; oppure &#8220;Che handicappato che sei!&#8221;. Quando se ne rendono conto e si ricordano della nostra presenza, ci guardano con visi imbarazzati e impacciati, con i loro occhi chiedono pietosamente scusa. Con un sorriso li assolviamo, nella speranza che, finito il ciclo di incontri, sappiano valutare meglio il peso delle parole che utilizzano.<\/p>\n<p style=\"text-align: justify;\"><strong>Handicap e deficit<\/strong><\/p>\n<p style=\"text-align: justify;\">Andrea Canevaro, professore di Pedagogia speciale nella Facolt\u00e0 di Scienze della Formazione dell&#8217;Universit\u00e0 di Bologna, propone una fondamentale distinzione fra questi due termini. Il deficit \u00e8 un dato oggettivo, una mancanza certificata, ad esempio la sordit\u00e0, mentre l&#8217;handicap \u00e8 la difficolt\u00e0, lo svantaggio che il deficit procura alla persona, interagendo con gli ostacoli che questa incontra nell&#8217;ambiente esterno.<\/p>\n<p style=\"text-align: justify;\">A partire da questa distinzione, \u00e8 possibile identificare due classi fondamentali di parole che designano la persona con deficit: la prima (handicappato, portatore di handicap, persona in situazione di handicap) evidenzia l&#8217;handicap; la seconda (disabile, non vedente, motu-leso, ecc.) sottolinea il deficit.<\/p>\n<p style=\"text-align: justify;\">Per quanto riguarda la prima classe, il termine &#8220;handicap&#8221; ha due accezioni. Una negativa, tradotta con le parole svantaggio e ostacolo: all&#8217;handicap cos\u00ec inteso dobbiamo dichiarare guerra, dobbiamo lavorare per ridurlo, perch\u00e9 questo \u00e8 possibile, perch\u00e9 realmente possiamo agire su ci\u00f2 che \u00e8 handicappante, che determina svantaggio. Oltre a questa accezione negativa, la parola &#8220;handicap&#8221; ne ha una positiva, anche se apparentemente non sembra tale: difficolt\u00e0. La vita \u00e8 piena di difficolt\u00e0, di sfide che la rendono avvincente.<\/p>\n<p style=\"text-align: justify;\">Anche il fascino dello sport \u00e8 basato proprio sul superamento di tante difficolt\u00e0 per giungere a un risultato, a una vittoria. In questo senso, allora, il termine handicap assume una valenza positiva: essendo una sfida, contribuisce a rendere la vita una gara pi\u00f9 avvincente e affascinante.<\/p>\n<p style=\"text-align: justify;\">Quindi handicappato \u00e8 un termine che genera confusione perch\u00e9:<\/p>\n<p style=\"text-align: justify;\">1) sposta l&#8217;attenzione sul risultato piuttosto che sulla causa (sull&#8217;handicappato piuttosto che su chi, o che cosa, \u00e8 handicappante);<\/p>\n<p style=\"text-align: justify;\">2) viene usato per definire chi ha un deficit quando sarebbe pi\u00f9 corretto riferirlo a tutte le persone, anche normodotate, che entrano in rapporto col deficit. Il risultato evidente \u00e8 che si crede che l&#8217;handicap sia un problema di una categoria di persone (gli handicappati e le loro famiglie) o di chi si occupa di handicap per lavoro (i terapisti, i medici, ecc.), mentre, se pensiamo all&#8217;handicap come difficolt\u00e0 e sfida, allora lo possiamo estendere a tutte le persone. Chi non incontra difficolt\u00e0 nella vita?<\/p>\n<p style=\"text-align: justify;\">3) non considera il significato positivo dell&#8217;handicap, cio\u00e8 la difficolt\u00e0.<\/p>\n<p style=\"text-align: justify;\">Una dizione che ha il pregio di distinguere tra handicap e persona \u00e8 &#8220;portatore di handicap&#8221;. Anche qui per\u00f2 non si tiene conto del fatto che ogni persona \u00e8 portatrice di handicap, per cui non si centra l&#8217;obiettivo di distinguere chi ha un deficit da chi non ce l&#8217;ha. Tra l&#8217;altro &#8220;portatore di handicap&#8221; pu\u00f2 essere un termine fuorviante, perch\u00e9 sembra che il disabile porti necessariamente gli handicap con s\u00e9, quando invece pu\u00f2 benissimo averne superati alcuni, oppure, come gi\u00e0 si diceva, incontrarli nell&#8217;ambiente.<\/p>\n<p style=\"text-align: justify;\">\u00c8 il caso, ad esempio, di un &#8220;portatore di handicap&#8221; che non riesce a raggiungere il secondo piano di un edificio perch\u00e9 non c&#8217;\u00e8 l&#8217;ascensore: non \u00e8 lui a portare l&#8217;handicap con s\u00e9, ma \u00e8 l&#8217;ambiente che glielo presenta.<\/p>\n<p style=\"text-align: justify;\">La seconda classe di termini ha a che fare con il deficit: si tratta di quelle espressioni che ne sottolineano appunto la presenza, come &#8220;in-abile&#8221; o &#8220;dis-abile&#8221;. Questi termini hanno il pregio di non confondere tra handicap e deficit e, anche se sembrano pi\u00f9 crudi perch\u00e9 impietosamente vanno a individuare la presenza di un deficit, in realt\u00e0 dicono le cose come stanno o come sembra che stiano.<\/p>\n<p style=\"text-align: justify;\">Questo credo sia il punto chiave. Sicuramente la presenza di un deficit pu\u00f2 ledere alcune abilit\u00e0 della persona, ma, in molti casi, attraverso l&#8217;intervento di un adeguato programma educativo e la disponibilit\u00e0 di ausili, una persona con deficit pu\u00f2 essere abile in modo diverso, raggiungendo in parte o totalmente gli stessi obiettivi di una persona normodotata.<\/p>\n<p style=\"text-align: justify;\">Quello che per\u00f2 \u00e8 problematico del termine &#8220;disabile&#8221; \u00e8 l&#8217;accento posto sulle non abilit\u00e0, con la conseguenza di alimentare una cultura del dis-valore. &#8220;Disabile&#8221; \u00e8 un biglietto da visita che parte gi\u00e0 male, come se uno bussasse alla porta e si presentasse dicendo: &#8220;Buongiorno: sono una persona non-abile&#8221;.<\/p>\n<p style=\"text-align: justify;\"><strong>La &#8220;diversabilit\u00e0&#8221;<\/strong><\/p>\n<p style=\"text-align: justify;\">Di conseguenza, crediamo che si debba fare ancora un passo avanti nella evoluzione terminologica e creare &#8211; perch\u00e9 no? &#8211; un neologismo: quello che proponiamo \u00e8 una rivisitazione della parola disabile e una sua trasformazione in &#8220;diversabile&#8221;. A livello formale cambia solo un prefisso, ma significa spostare l&#8217;accento dalle &#8220;non abilit\u00e0&#8221; alle &#8220;abilit\u00e0 diverse&#8221;, contribuendo a cambiare la cultura del dis-valore e a passare a una logica del valore diverso.<\/p>\n<p style=\"text-align: justify;\">Diversabile \u00e8 una parola positiva e propositiva allo stesso tempo. Crediamo che adottare questo termine possa aiutare a considerare la persona con deficit in una prospettiva nuova, pi\u00f9 attenta alla storia personale di acquisizione delle abilit\u00e0 e di superamento delle difficolt\u00e0.<\/p>\n<p style=\"text-align: justify;\">L&#8217;obiezione pu\u00f2 essere: &#8220;Ma allora tutti siamo diversabili!&#8221;. Certo che s\u00ec, ognuno con le sue caratteristiche e capacit\u00e0 di azione e pensiero che gli sono proprie e, per questo, distinte da quelle di qualunque altra persona. Una seconda possibile obiezione riguarda l&#8217;assistenza: se la persona \u00e8 pensata come diversabile, allora sembrerebbe non avere pi\u00f9 bisogno di assistenza. Ma attenzione a non fare confusione: diversabile non significa necessariamente autosufficiente.<\/p>\n<p style=\"text-align: justify;\">Quello che cambia, per\u00f2, \u00e8 il modo di pensare e attuare questa assistenza: continua a esistere e rimane necessaria, ma tiene conto delle potenzialit\u00e0 della persona, che possono essere sfruttate in pieno. Possiamo fare ancora un passo avanti: considerare anche le abilit\u00e0 della persona che viene assistita pu\u00f2 voler dire, ed \u00e8 auspicabile che cos\u00ec avvenga, che quell&#8217;opera di assistenza si tramuti in vera e propria relazione, al cui interno si situa anche la modalit\u00e0 dell&#8217;aiuto, ma che resta sempre e soprattutto relazione.<\/p>\n<p style=\"text-align: justify;\">\u00c8 una prospettiva un po&#8217; diversa: l&#8217;assistito diventa persona con la quale instaurare un rapporto. La relazione alla pari si crea con il contributo di tutte le parti; in certe situazioni questo contributo \u00e8 messo a disposizione incondizionatamente. Attenzione per\u00f2: se la persona diversabile non \u00e8 disposta a giocarsi in una relazione autentica, uscendo dalla logica del mero farsi aiutare, non otterremo una vera reciprocit\u00e0.<\/p>\n<p style=\"text-align: justify;\">Occorre un salto di qualit\u00e0 che \u00e8 insieme politico e culturale: quasi mai si pensa che l&#8217;integrazione non \u00e8 solo l&#8217;accoglienza del &#8220;diverso&#8221; da parte del &#8220;normale&#8221;, ma anche l&#8217;accoglienza del &#8220;normale&#8221; da parte del &#8220;diverso&#8221;. Il diversabile deve prendere consapevolezza e accettare i propri deficit, ed evitare che l&#8217;handicap influenzi negativamente il rapporto con un&#8217;altra persona, che a sua volta si sforza di fare altrettanto: entrambi devono accettare i propri limiti.<\/p>\n<p style=\"text-align: justify;\">Per ritornare poi al termine proposto, &#8220;diversabile&#8221; presenta certamente imperfezioni, almeno quanto &#8220;disabile&#8221;, ma con il pregio di infondere un po&#8217; di ottimismo in pi\u00f9 senza per questo cadere nell&#8217;errore di dimenticarsi del deficit e dell&#8217;handicap. La persona diversabile non \u00e8 normodotata, almeno quanto non lo \u00e8 il disabile.<\/p>\n<p style=\"text-align: justify;\">Diversabile poi non \u00e8 la parolina magica che automaticamente cambia le cose; pu\u00f2 per\u00f2 forse cambiare il nostro modo di percepirle, e questo \u00e8 il punto di partenza per qualunque percorso di ulteriore cambiamento. \u00c8 un po&#8217; la vecchia storia della bottiglia mezza piena e mezza vuota: il contenuto della bottiglia \u00e8 lo stesso nei due casi, ma in uno si sottolinea la mancanza, il deficit (la disabilit\u00e0), nell&#8217;altro la presenza di potenzialit\u00e0, di possibili abilit\u00e0.<\/p>\n<p style=\"text-align: justify;\">Certo una bottiglia mezza piena non \u00e8 uguale a una bottiglia piena, per\u00f2 suggerisce che lo pu\u00f2 diventare aggiungendovi degli elementi, non tanto in uno spirito di imitazione della pienezza, quanto in uno spirito creativo. La sangr\u00eda, per esempio, si ottiene con l&#8217;aggiunta sapiente di ingredienti prelibati a&#8230; un mezzo bicchiere di vino! Il deficit del mezzo vuoto \u00e8 invece la constatazione di un segno meno nel confronto con la &#8220;pienezza&#8221; normodotata.<\/p>\n<p style=\"text-align: justify;\">\u00c8 certamente positivo che il 2003 sia stato proclamato &#8220;Anno europeo delle persone con disabilit\u00e0&#8221;; se pensiamo che nel 1981 si era celebrato l'&#8221;Anno internazionale degli handicappati&#8221;, possiamo dire che un bel passo avanti \u00e8 stato fatto. Per\u00f2, ancora una volta, stiamo guardando una bottiglia mezza vuota, ancora pensiamo alle mancanze e ai non valori dei destinatari di quest&#8217;anno europeo.<\/p>\n<p style=\"text-align: justify;\">Perch\u00e9 invece non possiamo sfruttarlo per compiere quel salto culturale che ci porta a guardare alle abilit\u00e0 piuttosto che alle non abilit\u00e0, alla relazione piuttosto che all&#8217;assistenza? Ci vuole spirito di iniziativa, serve quella creativit\u00e0 necessaria perch\u00e9 quest&#8217;anno diventi una proposta di evoluzione culturale, capace di vedere e pensare una bottiglia mezza piena<\/p>\n<p style=\"text-align: justify;\">&#8212;&#8212;&#8212;&#8212;&#8212;&#8212;&#8212;&#8212;-<\/p>\n<p style=\"text-align: justify;\">* Persona con deficit fisico grave: non parla e per comunicare usa una lavagna di plexiglas trasparente sulla quale sono incollate le lettere che, indicate con lo sguardo all&#8217;interlocutore, gli permettono di esprimersi.<\/p>\n","protected":false},"excerpt":{"rendered":"<p>\u00a0Aggiornamenti sociali, n. 7-8, Luglio-Agosto 2003 Da disabile a diversabile, perch\u00e9?<\/p><p><a class=\"more-link btn\" href=\"https:\/\/www.rassegnastampa-totustuus.it\/cattolica\/levoluzione-del-linguaggio-e-degli-atteggiamenti\/\">Continua a leggere<\/a><\/p>\n","protected":false},"author":6,"featured_media":31098,"comment_status":"closed","ping_status":"open","sticky":false,"template":"","format":"standard","meta":{"footnotes":""},"categories":[7],"tags":[813,639,812],"class_list":["post-946","post","type-post","status-publish","format-standard","has-post-thumbnail","hentry","category-costume","tag-diversamente-abile","tag-handicap","tag-linguaggio","item-wrap"],"yoast_head":"<!-- This site is optimized with the Yoast SEO plugin v27.5 - https:\/\/yoast.com\/product\/yoast-seo-wordpress\/ -->\n<title>L&#039;evoluzione del linguaggio e degli atteggiamenti - Rassegna Stampa Cattolica<\/title>\n<meta name=\"description\" content=\"Rassegna Stampa Cattolica - Per una cultura che nasce dalla Rivelazione cristiana in conformit\u00e0 alla tradizione e al Magistero della Chiesa in opposizione ad ogni relativismo e totalitarismo\" \/>\n<meta name=\"robots\" content=\"index, follow, max-snippet:-1, max-image-preview:large, max-video-preview:-1\" \/>\n<link rel=\"canonical\" href=\"https:\/\/www.rassegnastampa-totustuus.it\/cattolica\/levoluzione-del-linguaggio-e-degli-atteggiamenti\/\" \/>\n<meta property=\"og:locale\" content=\"it_IT\" \/>\n<meta property=\"og:type\" content=\"article\" \/>\n<meta property=\"og:title\" content=\"L&#039;evoluzione del linguaggio e degli atteggiamenti - Rassegna Stampa Cattolica\" \/>\n<meta property=\"og:description\" content=\"Rassegna Stampa Cattolica - Per una cultura che nasce dalla Rivelazione cristiana in conformit\u00e0 alla tradizione e al Magistero della Chiesa in opposizione ad ogni relativismo e totalitarismo\" \/>\n<meta property=\"og:url\" content=\"https:\/\/www.rassegnastampa-totustuus.it\/cattolica\/levoluzione-del-linguaggio-e-degli-atteggiamenti\/\" \/>\n<meta property=\"og:site_name\" content=\"Rassegna Stampa Cattolica\" \/>\n<meta property=\"article:publisher\" content=\"https:\/\/www.facebook.com\/rassegnastampacattolica\" \/>\n<meta property=\"article:published_time\" content=\"2005-07-16T22:00:00+00:00\" \/>\n<meta property=\"article:modified_time\" content=\"2016-02-26T13:36:25+00:00\" \/>\n<meta property=\"og:image\" content=\"https:\/\/www.rassegnastampa-totustuus.it\/cattolica\/wp-content\/uploads\/2005\/07\/handicap.jpg\" \/>\n\t<meta property=\"og:image:width\" content=\"300\" \/>\n\t<meta property=\"og:image:height\" content=\"168\" \/>\n\t<meta property=\"og:image:type\" content=\"image\/jpeg\" \/>\n<meta name=\"author\" content=\"Redazione\" \/>\n<meta name=\"twitter:card\" content=\"summary_large_image\" \/>\n<meta name=\"twitter:creator\" content=\"@rassegnastampa9\" \/>\n<meta name=\"twitter:site\" content=\"@rassegnastampa9\" \/>\n<meta name=\"twitter:label1\" content=\"Scritto da\" \/>\n\t<meta name=\"twitter:data1\" content=\"Redazione\" \/>\n\t<meta name=\"twitter:label2\" content=\"Tempo di lettura stimato\" \/>\n\t<meta name=\"twitter:data2\" content=\"9 minuti\" \/>\n<script type=\"application\/ld+json\" class=\"yoast-schema-graph\">{\"@context\":\"https:\\\/\\\/schema.org\",\"@graph\":[{\"@type\":\"Article\",\"@id\":\"https:\\\/\\\/www.rassegnastampa-totustuus.it\\\/cattolica\\\/levoluzione-del-linguaggio-e-degli-atteggiamenti\\\/#article\",\"isPartOf\":{\"@id\":\"https:\\\/\\\/www.rassegnastampa-totustuus.it\\\/cattolica\\\/levoluzione-del-linguaggio-e-degli-atteggiamenti\\\/\"},\"author\":{\"name\":\"Redazione\",\"@id\":\"https:\\\/\\\/www.rassegnastampa-totustuus.it\\\/cattolica\\\/#\\\/schema\\\/person\\\/08f319d2bd1a0904ad9e2bfb7b15e5c3\"},\"headline\":\"L&#8217;evoluzione del linguaggio e degli atteggiamenti\",\"datePublished\":\"2005-07-16T22:00:00+00:00\",\"dateModified\":\"2016-02-26T13:36:25+00:00\",\"mainEntityOfPage\":{\"@id\":\"https:\\\/\\\/www.rassegnastampa-totustuus.it\\\/cattolica\\\/levoluzione-del-linguaggio-e-degli-atteggiamenti\\\/\"},\"wordCount\":1854,\"publisher\":{\"@id\":\"https:\\\/\\\/www.rassegnastampa-totustuus.it\\\/cattolica\\\/#organization\"},\"image\":{\"@id\":\"https:\\\/\\\/www.rassegnastampa-totustuus.it\\\/cattolica\\\/levoluzione-del-linguaggio-e-degli-atteggiamenti\\\/#primaryimage\"},\"thumbnailUrl\":\"https:\\\/\\\/www.rassegnastampa-totustuus.it\\\/cattolica\\\/wp-content\\\/uploads\\\/2005\\\/07\\\/handicap.jpg\",\"keywords\":[\"diversamente abile\",\"handicap\",\"linguaggio\"],\"articleSection\":[\"Costume\"],\"inLanguage\":\"it-IT\"},{\"@type\":\"WebPage\",\"@id\":\"https:\\\/\\\/www.rassegnastampa-totustuus.it\\\/cattolica\\\/levoluzione-del-linguaggio-e-degli-atteggiamenti\\\/\",\"url\":\"https:\\\/\\\/www.rassegnastampa-totustuus.it\\\/cattolica\\\/levoluzione-del-linguaggio-e-degli-atteggiamenti\\\/\",\"name\":\"L'evoluzione del linguaggio e degli atteggiamenti - Rassegna Stampa Cattolica\",\"isPartOf\":{\"@id\":\"https:\\\/\\\/www.rassegnastampa-totustuus.it\\\/cattolica\\\/#website\"},\"primaryImageOfPage\":{\"@id\":\"https:\\\/\\\/www.rassegnastampa-totustuus.it\\\/cattolica\\\/levoluzione-del-linguaggio-e-degli-atteggiamenti\\\/#primaryimage\"},\"image\":{\"@id\":\"https:\\\/\\\/www.rassegnastampa-totustuus.it\\\/cattolica\\\/levoluzione-del-linguaggio-e-degli-atteggiamenti\\\/#primaryimage\"},\"thumbnailUrl\":\"https:\\\/\\\/www.rassegnastampa-totustuus.it\\\/cattolica\\\/wp-content\\\/uploads\\\/2005\\\/07\\\/handicap.jpg\",\"datePublished\":\"2005-07-16T22:00:00+00:00\",\"dateModified\":\"2016-02-26T13:36:25+00:00\",\"description\":\"Rassegna Stampa Cattolica - Per una cultura che nasce dalla Rivelazione cristiana in conformit\u00e0 alla tradizione e al Magistero della Chiesa in opposizione ad ogni relativismo e totalitarismo\",\"breadcrumb\":{\"@id\":\"https:\\\/\\\/www.rassegnastampa-totustuus.it\\\/cattolica\\\/levoluzione-del-linguaggio-e-degli-atteggiamenti\\\/#breadcrumb\"},\"inLanguage\":\"it-IT\",\"potentialAction\":[{\"@type\":\"ReadAction\",\"target\":[\"https:\\\/\\\/www.rassegnastampa-totustuus.it\\\/cattolica\\\/levoluzione-del-linguaggio-e-degli-atteggiamenti\\\/\"]}]},{\"@type\":\"ImageObject\",\"inLanguage\":\"it-IT\",\"@id\":\"https:\\\/\\\/www.rassegnastampa-totustuus.it\\\/cattolica\\\/levoluzione-del-linguaggio-e-degli-atteggiamenti\\\/#primaryimage\",\"url\":\"https:\\\/\\\/www.rassegnastampa-totustuus.it\\\/cattolica\\\/wp-content\\\/uploads\\\/2005\\\/07\\\/handicap.jpg\",\"contentUrl\":\"https:\\\/\\\/www.rassegnastampa-totustuus.it\\\/cattolica\\\/wp-content\\\/uploads\\\/2005\\\/07\\\/handicap.jpg\",\"width\":300,\"height\":168},{\"@type\":\"BreadcrumbList\",\"@id\":\"https:\\\/\\\/www.rassegnastampa-totustuus.it\\\/cattolica\\\/levoluzione-del-linguaggio-e-degli-atteggiamenti\\\/#breadcrumb\",\"itemListElement\":[{\"@type\":\"ListItem\",\"position\":1,\"name\":\"Home\",\"item\":\"https:\\\/\\\/www.rassegnastampa-totustuus.it\\\/cattolica\\\/\"},{\"@type\":\"ListItem\",\"position\":2,\"name\":\"L&#8217;evoluzione del linguaggio e degli atteggiamenti\"}]},{\"@type\":\"WebSite\",\"@id\":\"https:\\\/\\\/www.rassegnastampa-totustuus.it\\\/cattolica\\\/#website\",\"url\":\"https:\\\/\\\/www.rassegnastampa-totustuus.it\\\/cattolica\\\/\",\"name\":\"Rassegna Stampa Cattolica\",\"description\":\"Per una cultura che nasce dalla Rivelazione cristiana in conformit\u00e0 alla tradizione e al Magistero della Chiesa in opposizione ad ogni relativismo e totalitarismo\",\"publisher\":{\"@id\":\"https:\\\/\\\/www.rassegnastampa-totustuus.it\\\/cattolica\\\/#organization\"},\"alternateName\":\"Rass. Cattolica\",\"potentialAction\":[{\"@type\":\"SearchAction\",\"target\":{\"@type\":\"EntryPoint\",\"urlTemplate\":\"https:\\\/\\\/www.rassegnastampa-totustuus.it\\\/cattolica\\\/?s={search_term_string}\"},\"query-input\":{\"@type\":\"PropertyValueSpecification\",\"valueRequired\":true,\"valueName\":\"search_term_string\"}}],\"inLanguage\":\"it-IT\"},{\"@type\":\"Organization\",\"@id\":\"https:\\\/\\\/www.rassegnastampa-totustuus.it\\\/cattolica\\\/#organization\",\"name\":\"Rassegna Stampa Cattolica\",\"url\":\"https:\\\/\\\/www.rassegnastampa-totustuus.it\\\/cattolica\\\/\",\"logo\":{\"@type\":\"ImageObject\",\"inLanguage\":\"it-IT\",\"@id\":\"https:\\\/\\\/www.rassegnastampa-totustuus.it\\\/cattolica\\\/#\\\/schema\\\/logo\\\/image\\\/\",\"url\":\"https:\\\/\\\/www.rassegnastampa-totustuus.it\\\/cattolica\\\/wp-content\\\/uploads\\\/2014\\\/04\\\/logo-rassegna1.gif\",\"contentUrl\":\"https:\\\/\\\/www.rassegnastampa-totustuus.it\\\/cattolica\\\/wp-content\\\/uploads\\\/2014\\\/04\\\/logo-rassegna1.gif\",\"width\":600,\"height\":163,\"caption\":\"Rassegna Stampa Cattolica\"},\"image\":{\"@id\":\"https:\\\/\\\/www.rassegnastampa-totustuus.it\\\/cattolica\\\/#\\\/schema\\\/logo\\\/image\\\/\"},\"sameAs\":[\"https:\\\/\\\/www.facebook.com\\\/rassegnastampacattolica\",\"https:\\\/\\\/x.com\\\/rassegnastampa9\"]},{\"@type\":\"Person\",\"@id\":\"https:\\\/\\\/www.rassegnastampa-totustuus.it\\\/cattolica\\\/#\\\/schema\\\/person\\\/08f319d2bd1a0904ad9e2bfb7b15e5c3\",\"name\":\"Redazione\",\"image\":{\"@type\":\"ImageObject\",\"inLanguage\":\"it-IT\",\"@id\":\"https:\\\/\\\/secure.gravatar.com\\\/avatar\\\/2fcdf27c78ea025fbdb44e914cc63c72249ffec9dc8aafd5c82b26240ef3f346?s=96&d=mm&r=g\",\"url\":\"https:\\\/\\\/secure.gravatar.com\\\/avatar\\\/2fcdf27c78ea025fbdb44e914cc63c72249ffec9dc8aafd5c82b26240ef3f346?s=96&d=mm&r=g\",\"contentUrl\":\"https:\\\/\\\/secure.gravatar.com\\\/avatar\\\/2fcdf27c78ea025fbdb44e914cc63c72249ffec9dc8aafd5c82b26240ef3f346?s=96&d=mm&r=g\",\"caption\":\"Redazione\"},\"url\":\"https:\\\/\\\/www.rassegnastampa-totustuus.it\\\/cattolica\\\/author\\\/pietroelle\\\/\"}]}<\/script>\n<!-- \/ Yoast SEO plugin. -->","yoast_head_json":{"title":"L'evoluzione del linguaggio e degli atteggiamenti - Rassegna Stampa Cattolica","description":"Rassegna Stampa Cattolica - Per una cultura che nasce dalla Rivelazione cristiana in conformit\u00e0 alla tradizione e al Magistero della Chiesa in opposizione ad ogni relativismo e totalitarismo","robots":{"index":"index","follow":"follow","max-snippet":"max-snippet:-1","max-image-preview":"max-image-preview:large","max-video-preview":"max-video-preview:-1"},"canonical":"https:\/\/www.rassegnastampa-totustuus.it\/cattolica\/levoluzione-del-linguaggio-e-degli-atteggiamenti\/","og_locale":"it_IT","og_type":"article","og_title":"L'evoluzione del linguaggio e degli atteggiamenti - Rassegna Stampa Cattolica","og_description":"Rassegna Stampa Cattolica - Per una cultura che nasce dalla Rivelazione cristiana in conformit\u00e0 alla tradizione e al Magistero della Chiesa in opposizione ad ogni relativismo e totalitarismo","og_url":"https:\/\/www.rassegnastampa-totustuus.it\/cattolica\/levoluzione-del-linguaggio-e-degli-atteggiamenti\/","og_site_name":"Rassegna Stampa Cattolica","article_publisher":"https:\/\/www.facebook.com\/rassegnastampacattolica","article_published_time":"2005-07-16T22:00:00+00:00","article_modified_time":"2016-02-26T13:36:25+00:00","og_image":[{"width":300,"height":168,"url":"https:\/\/www.rassegnastampa-totustuus.it\/cattolica\/wp-content\/uploads\/2005\/07\/handicap.jpg","type":"image\/jpeg"}],"author":"Redazione","twitter_card":"summary_large_image","twitter_creator":"@rassegnastampa9","twitter_site":"@rassegnastampa9","twitter_misc":{"Scritto da":"Redazione","Tempo di lettura stimato":"9 minuti"},"schema":{"@context":"https:\/\/schema.org","@graph":[{"@type":"Article","@id":"https:\/\/www.rassegnastampa-totustuus.it\/cattolica\/levoluzione-del-linguaggio-e-degli-atteggiamenti\/#article","isPartOf":{"@id":"https:\/\/www.rassegnastampa-totustuus.it\/cattolica\/levoluzione-del-linguaggio-e-degli-atteggiamenti\/"},"author":{"name":"Redazione","@id":"https:\/\/www.rassegnastampa-totustuus.it\/cattolica\/#\/schema\/person\/08f319d2bd1a0904ad9e2bfb7b15e5c3"},"headline":"L&#8217;evoluzione del linguaggio e degli atteggiamenti","datePublished":"2005-07-16T22:00:00+00:00","dateModified":"2016-02-26T13:36:25+00:00","mainEntityOfPage":{"@id":"https:\/\/www.rassegnastampa-totustuus.it\/cattolica\/levoluzione-del-linguaggio-e-degli-atteggiamenti\/"},"wordCount":1854,"publisher":{"@id":"https:\/\/www.rassegnastampa-totustuus.it\/cattolica\/#organization"},"image":{"@id":"https:\/\/www.rassegnastampa-totustuus.it\/cattolica\/levoluzione-del-linguaggio-e-degli-atteggiamenti\/#primaryimage"},"thumbnailUrl":"https:\/\/www.rassegnastampa-totustuus.it\/cattolica\/wp-content\/uploads\/2005\/07\/handicap.jpg","keywords":["diversamente abile","handicap","linguaggio"],"articleSection":["Costume"],"inLanguage":"it-IT"},{"@type":"WebPage","@id":"https:\/\/www.rassegnastampa-totustuus.it\/cattolica\/levoluzione-del-linguaggio-e-degli-atteggiamenti\/","url":"https:\/\/www.rassegnastampa-totustuus.it\/cattolica\/levoluzione-del-linguaggio-e-degli-atteggiamenti\/","name":"L'evoluzione del linguaggio e degli atteggiamenti - Rassegna Stampa Cattolica","isPartOf":{"@id":"https:\/\/www.rassegnastampa-totustuus.it\/cattolica\/#website"},"primaryImageOfPage":{"@id":"https:\/\/www.rassegnastampa-totustuus.it\/cattolica\/levoluzione-del-linguaggio-e-degli-atteggiamenti\/#primaryimage"},"image":{"@id":"https:\/\/www.rassegnastampa-totustuus.it\/cattolica\/levoluzione-del-linguaggio-e-degli-atteggiamenti\/#primaryimage"},"thumbnailUrl":"https:\/\/www.rassegnastampa-totustuus.it\/cattolica\/wp-content\/uploads\/2005\/07\/handicap.jpg","datePublished":"2005-07-16T22:00:00+00:00","dateModified":"2016-02-26T13:36:25+00:00","description":"Rassegna Stampa Cattolica - Per una cultura che nasce dalla Rivelazione cristiana in conformit\u00e0 alla tradizione e al Magistero della Chiesa in opposizione ad ogni relativismo e totalitarismo","breadcrumb":{"@id":"https:\/\/www.rassegnastampa-totustuus.it\/cattolica\/levoluzione-del-linguaggio-e-degli-atteggiamenti\/#breadcrumb"},"inLanguage":"it-IT","potentialAction":[{"@type":"ReadAction","target":["https:\/\/www.rassegnastampa-totustuus.it\/cattolica\/levoluzione-del-linguaggio-e-degli-atteggiamenti\/"]}]},{"@type":"ImageObject","inLanguage":"it-IT","@id":"https:\/\/www.rassegnastampa-totustuus.it\/cattolica\/levoluzione-del-linguaggio-e-degli-atteggiamenti\/#primaryimage","url":"https:\/\/www.rassegnastampa-totustuus.it\/cattolica\/wp-content\/uploads\/2005\/07\/handicap.jpg","contentUrl":"https:\/\/www.rassegnastampa-totustuus.it\/cattolica\/wp-content\/uploads\/2005\/07\/handicap.jpg","width":300,"height":168},{"@type":"BreadcrumbList","@id":"https:\/\/www.rassegnastampa-totustuus.it\/cattolica\/levoluzione-del-linguaggio-e-degli-atteggiamenti\/#breadcrumb","itemListElement":[{"@type":"ListItem","position":1,"name":"Home","item":"https:\/\/www.rassegnastampa-totustuus.it\/cattolica\/"},{"@type":"ListItem","position":2,"name":"L&#8217;evoluzione del linguaggio e degli atteggiamenti"}]},{"@type":"WebSite","@id":"https:\/\/www.rassegnastampa-totustuus.it\/cattolica\/#website","url":"https:\/\/www.rassegnastampa-totustuus.it\/cattolica\/","name":"Rassegna Stampa Cattolica","description":"Per una cultura che nasce dalla Rivelazione cristiana in conformit\u00e0 alla tradizione e al Magistero della Chiesa in opposizione ad ogni relativismo e totalitarismo","publisher":{"@id":"https:\/\/www.rassegnastampa-totustuus.it\/cattolica\/#organization"},"alternateName":"Rass. Cattolica","potentialAction":[{"@type":"SearchAction","target":{"@type":"EntryPoint","urlTemplate":"https:\/\/www.rassegnastampa-totustuus.it\/cattolica\/?s={search_term_string}"},"query-input":{"@type":"PropertyValueSpecification","valueRequired":true,"valueName":"search_term_string"}}],"inLanguage":"it-IT"},{"@type":"Organization","@id":"https:\/\/www.rassegnastampa-totustuus.it\/cattolica\/#organization","name":"Rassegna Stampa Cattolica","url":"https:\/\/www.rassegnastampa-totustuus.it\/cattolica\/","logo":{"@type":"ImageObject","inLanguage":"it-IT","@id":"https:\/\/www.rassegnastampa-totustuus.it\/cattolica\/#\/schema\/logo\/image\/","url":"https:\/\/www.rassegnastampa-totustuus.it\/cattolica\/wp-content\/uploads\/2014\/04\/logo-rassegna1.gif","contentUrl":"https:\/\/www.rassegnastampa-totustuus.it\/cattolica\/wp-content\/uploads\/2014\/04\/logo-rassegna1.gif","width":600,"height":163,"caption":"Rassegna Stampa Cattolica"},"image":{"@id":"https:\/\/www.rassegnastampa-totustuus.it\/cattolica\/#\/schema\/logo\/image\/"},"sameAs":["https:\/\/www.facebook.com\/rassegnastampacattolica","https:\/\/x.com\/rassegnastampa9"]},{"@type":"Person","@id":"https:\/\/www.rassegnastampa-totustuus.it\/cattolica\/#\/schema\/person\/08f319d2bd1a0904ad9e2bfb7b15e5c3","name":"Redazione","image":{"@type":"ImageObject","inLanguage":"it-IT","@id":"https:\/\/secure.gravatar.com\/avatar\/2fcdf27c78ea025fbdb44e914cc63c72249ffec9dc8aafd5c82b26240ef3f346?s=96&d=mm&r=g","url":"https:\/\/secure.gravatar.com\/avatar\/2fcdf27c78ea025fbdb44e914cc63c72249ffec9dc8aafd5c82b26240ef3f346?s=96&d=mm&r=g","contentUrl":"https:\/\/secure.gravatar.com\/avatar\/2fcdf27c78ea025fbdb44e914cc63c72249ffec9dc8aafd5c82b26240ef3f346?s=96&d=mm&r=g","caption":"Redazione"},"url":"https:\/\/www.rassegnastampa-totustuus.it\/cattolica\/author\/pietroelle\/"}]}},"_links":{"self":[{"href":"https:\/\/www.rassegnastampa-totustuus.it\/cattolica\/wp-json\/wp\/v2\/posts\/946","targetHints":{"allow":["GET"]}}],"collection":[{"href":"https:\/\/www.rassegnastampa-totustuus.it\/cattolica\/wp-json\/wp\/v2\/posts"}],"about":[{"href":"https:\/\/www.rassegnastampa-totustuus.it\/cattolica\/wp-json\/wp\/v2\/types\/post"}],"author":[{"embeddable":true,"href":"https:\/\/www.rassegnastampa-totustuus.it\/cattolica\/wp-json\/wp\/v2\/users\/6"}],"replies":[{"embeddable":true,"href":"https:\/\/www.rassegnastampa-totustuus.it\/cattolica\/wp-json\/wp\/v2\/comments?post=946"}],"version-history":[{"count":4,"href":"https:\/\/www.rassegnastampa-totustuus.it\/cattolica\/wp-json\/wp\/v2\/posts\/946\/revisions"}],"predecessor-version":[{"id":31099,"href":"https:\/\/www.rassegnastampa-totustuus.it\/cattolica\/wp-json\/wp\/v2\/posts\/946\/revisions\/31099"}],"wp:featuredmedia":[{"embeddable":true,"href":"https:\/\/www.rassegnastampa-totustuus.it\/cattolica\/wp-json\/wp\/v2\/media\/31098"}],"wp:attachment":[{"href":"https:\/\/www.rassegnastampa-totustuus.it\/cattolica\/wp-json\/wp\/v2\/media?parent=946"}],"wp:term":[{"taxonomy":"category","embeddable":true,"href":"https:\/\/www.rassegnastampa-totustuus.it\/cattolica\/wp-json\/wp\/v2\/categories?post=946"},{"taxonomy":"post_tag","embeddable":true,"href":"https:\/\/www.rassegnastampa-totustuus.it\/cattolica\/wp-json\/wp\/v2\/tags?post=946"}],"curies":[{"name":"wp","href":"https:\/\/api.w.org\/{rel}","templated":true}]}}