{"id":928,"date":"2005-07-17T00:00:00","date_gmt":"2005-07-16T22:00:00","guid":{"rendered":""},"modified":"2016-04-13T16:16:05","modified_gmt":"2016-04-13T14:16:05","slug":"siamo-proprio-sicuri-di-volere-questa-onu","status":"publish","type":"post","link":"https:\/\/www.rassegnastampa-totustuus.it\/cattolica\/siamo-proprio-sicuri-di-volere-questa-onu\/","title":{"rendered":"Siamo proprio sicuri di volere questa Onu?"},"content":{"rendered":"<div style=\"text-align: center;\"><img loading=\"lazy\" decoding=\"async\" class=\"alignright wp-image-32868\" src=\"https:\/\/www.rassegnastampa-totustuus.it\/cattolica\/wp-content\/uploads\/2005\/07\/ONU_flag.jpg\" alt=\"ONU_flag\" width=\"250\" height=\"170\" \/>tratto da <a href=\"http:\/\/www.ragionpolitica.it\/\" target=\"_blank\">http:\/\/www.ragionpolitica.it\/<\/a>,<\/div>\n<div style=\"text-align: center;\">7 gennaio 2005<\/div>\n<p style=\"text-align: center;\">di <strong>Rita Bettaglio<\/strong><\/p>\n<p style=\"text-align: justify;\">Il giorno di Santo Stefano, mentre la maggior parte di noi stava ancora sonnecchiando, appesantita dalle libagioni natalizie, un terremoto di intensit\u00e0 devastante ha scosso il pianeta: 9\u00b0 grado della scala Richter, epicentro a 225 chilometri SSE di Aceh, Nord Sumatra. Poco dopo gigantesche onde di tsunami hanno raggiunto, propagandosi alla velocit\u00e0 di 300-500 Km orari, le coste di 12 paesi che si affacciano sul Golfo del Bengala, seminando morte e distruzione. Il bilancio dei morti \u00e8 in continuo aumento ed ha gi\u00e0 abbondantemente superato la cifra di 100mila: migliaia i dispersi e solo Dio sa quante vite umane abbia spazzato l&#8217;onda assassina.<\/p>\n<p><!--more--><\/p>\n<div style=\"text-align: justify;\">Il mondo si \u00e8 immediatamente mobilitato, in una gara di generosit\u00e0 senza precedenti. Ma un oscuro funzionario, che nessuno ha eletto, tal Jan Egeland, sottosegretario generale delle Nazioni Unite per le Emergenze Umanitarie, si \u00e8 affrettato a puntare il dito sugli Stati Uniti e, grondando indignazione dinanzi all&#8217;iniziale stanziamento americano di 15 milioni di dollari, ha spiccato il folle volo: &#8220;Tirchi&#8221; &#8211; ha detto. Taccagni impenitenti e duri di cuore! Ma dov&#8217;era l&#8217;illibato Kofi Annan, mentre l&#8217;onda si ritirava ed i corpi straziati emergevano dal diluvio?<\/div>\n<p style=\"text-align: justify;\">Il signor Annan, secondo il London Telegraph, stava trascorrendo le vacanze di Natale nella modesta casetta (un ranch di 160 acri) di James Wolfensohn, presidente della Banca Mondiale, nel Wyoming. Forse bloccato da uno tsunami di neve, Annan \u00e8 arrivato a New York solo gioved\u00ec 30 dicembre. Alle richieste di spiegazioni da parte di Jonathan Hunt di <em>Fox News<\/em>, durante una conferenza stampa newyorchese di gioved\u00ec, Kofi si \u00e8 offeso ed ha risposto che \u00abviviamo in un mondo in cui si pu\u00f2 operare da qualunque posto. Non \u00e8 necessario essere fisicamente presenti per parlare con i capi di stato ed i governi\u00bb.<\/p>\n<p style=\"text-align: justify;\">Che dire del neo-ministro Fini, che si \u00e8 barricato per giorni alla Farnesina? Non sapeva che si poteva fare tutto comodamente da Cortina? Se vi sentite scandalizzati per questo, cercate di ricomporvi, perch\u00e9 nel pentolone delle Nazioni Unite bollono scandali ben maggiori. Ricordate il famoso programma Oil for Food? Varato a met\u00e0 degli anni &#8217;90 dalle Nazioni Unite come programma umanitario per aiutare il popolo iracheno, Oil for Food \u00e8 stato manipolato per riempire le tasche di Saddam Hussein con la complicit\u00e0 di un numero imprecisato, ma emergente, di funzionari ONU.<\/p>\n<p style=\"text-align: justify;\">Stanno emergendo pesanti prove del fatto che Saddam, oltre ad arricchire il suo personale patrimonio, abbia utilizzato i fondi delle Nazioni Unite per corrompere politici, funzionari e uomini d&#8217;affari tra i membri del Consiglio di Sicurezza ONU, come Russia e Francia, allo scopo di far eliminare le sanzioni nei suoi confronti. Ed i funzionari che dovevano sovrintendere all&#8217;amministrazione dei fondi? Benon Sevan, l&#8217;uomo indicato da Annan come capo del Programma, \u00e8 accusato, in un rapporto dell&#8217;ispettore statunitense Cherles Duelfer, di aver incassato un &#8220;buono&#8221; per l&#8217;equivalente di 13 milioni di barili di petrolio da Saddam Hussein.<\/p>\n<p style=\"text-align: justify;\">Sotto inchiesta anche il figlio di Kofi Annan, Kojo, che lavora per la compagnia svizzera Cotechna: il figlio di pap\u00e0 sarebbe stato incaricato dall&#8217;ONU di ispezionare, in territorio iracheno, le merci umanitarie in arrivo. Kojo \u00e8 ora sotto inchiesta da parte del Dipartimento di Giustizia degli Stati Uniti. A Capitol Hill sono in corso non meno di 5 importanti indagini su Oil for Food: stanno investigando la Sottocommissione Investigativa del Senato, presieduta da Coleman, per conto del Congresso ed altre importanti commissioni parlamentari e della Casa Bianca.<\/p>\n<p style=\"text-align: justify;\">Anche l&#8217;ONU ha avviato un&#8217;indagine in proprio, &#8220;indipendente&#8221; \u00e8 stata definita, dal costo di 30 milioni di dollari e guidata da Paul Volcker, ex presidente della Federal Reserve. Annan e Volcker hanno rifiutato di mettere a disposizione del Congresso degli Stati Uniti il materiale raccolto in non meno di 55 audizioni interne sullo scandalo Oil for Food e non permettono ai funzionari ONU di testimoniare davanti al Congresso.<\/p>\n<p style=\"text-align: justify;\">Negli USA sono moltissime le voci, sia politiche che della societ\u00e0 civile, che chiedono le dimissioni di Annan e ritengono che gli Stati Uniti debbano fare qualcosa, al limite ritirarsi, da un consesso internazionale che sta dando prova di corruzione, inefficienza e altre, forse peggiori nefandezze. Ultima, in ordine di tempo, \u00e8 quello che \u00e8 stato definito da <em>Weekly Standard<\/em> &#8220;The U.N. Sex Scandal&#8221;.<\/p>\n<p style=\"text-align: justify;\">Il mese scorso un rapporto riservato delle Nazioni Unite costrinse Kofi Annan ad ammettere che i peacekeepers ONU avevano abusato sessualmente dei rifugiati di guerra nella Repubblica del Congo. 150 casi, parecchi documentati da videotape, di pedofilia, abusi, stupri. Le rivelazioni cadono esattamente 3 anni dopo un analogo rapporto su abusi sessuali sui rifugiati dell&#8217;Africa Occidentale: allora venne fuori, era il 2001, che le violenze sessuali erano un fenomeno &#8220;endemico&#8221;.<\/p>\n<p style=\"text-align: justify;\">Un anno pi\u00f9 tardi una coalizione di organizzazioni religiose invi\u00f2 una lettera al Segretario di Stato Colin Powell, in cui si chiedeva pressantemente agli USA di inviare osservatori in Congo per monitorare il rispetto dei diritti umani di quelle popolazioni. Ma sono almeno 10 anni che si parla di abusi sessuali e comportamenti gravemente illeciti da parte del personale operante sotto l&#8217;egida dell&#8217;holl ONU in Kossovo, Sierra Leone, Liberia e Guinea.<\/p>\n<p style=\"text-align: justify;\">Jane Holl Lute, assistente del Segretario Generale ONU, in una recente conferenza stampa, ha ammesso che gli abusi e le violenze sessuali nel corso di missioni di pace sono un problema reale e che le contromisure adottate non sono state adeguate. Altro scandalo per le Nazioni Unite viene dalla regione del Bunia, dove ci sono circa 16mila rifugiati: violenze sessuali nei confronti di donne, su cui vennero, inoltre, fatte pressioni perch\u00e9 non denunciassero i fatti.<\/p>\n<p style=\"text-align: justify;\">Secondo <em>l&#8217;Economist<\/em>, nel MONUC (la Missione dell&#8217;ONU in Congo) ci sarebbero infiltrazioni di pedofili organizzati. Kofi Annan ha insistito sulla tolleranza zero, ma finora poco \u00e8 stato fatto e molti soldi sono stati spesi, perch\u00e9 anche le indagini per accertare i crimini hanno costi elevati. Gli Stati Uniti sono il maggior contribuente al mondo dell&#8217;ONU, ma da molte parti sorge il malcontento: i maggiori think tank, da American Enterprise, a Heritage, a Cato Institute, ribollono di analisti che chiedono provvedimenti seri. O una reale riforma delle Nazioni Unite (Annan la promette da 6 anni) o l&#8217;uscita degli USA dal consesso internazionale che ha dato e continua a dare cos\u00ec eccelsa prova di s\u00e8.<\/p>\n<p style=\"text-align: justify;\">Gli attriti sugli aiuti alle popolazioni del Sud Est asiatico mascherano un&#8217;unica, triste realt\u00e0: il controllo e la gestione dei fondi per le operazioni &#8220;umanitarie&#8221;. In un comunicato-stampa del 31 dicembre 2004, il direttore regionale per l&#8217;Asia orientale di Oxfam, Ashvin Dayal, ha dichiarato: \u00abIl gruppo guidato dagli USA deve rientrare sotto l&#8217;ombrello delle Nazioni Unite, per risultare efficace\u00bb. Chi ha orecchie per intendere intenda.<\/p>\n","protected":false},"excerpt":{"rendered":"<p>tratto da http:\/\/www.ragionpolitica.it\/, 7 gennaio 2005 di Rita Bettaglio Il giorno di Santo Stefano, mentre la maggior parte di noi stava ancora sonnecchiando, appesantita dalle libagioni natalizie, un terremoto di intensit\u00e0 devastante ha scosso il pianeta: 9\u00b0 grado della scala Richter, epicentro a 225 chilometri SSE di Aceh, Nord Sumatra. Poco dopo gigantesche onde di &hellip; <\/p>\n<p><a class=\"more-link btn\" href=\"https:\/\/www.rassegnastampa-totustuus.it\/cattolica\/siamo-proprio-sicuri-di-volere-questa-onu\/\">Continua a leggere<\/a><\/p>\n","protected":false},"author":6,"featured_media":32868,"comment_status":"closed","ping_status":"open","sticky":false,"template":"","format":"standard","meta":{"footnotes":""},"categories":[104],"tags":[536],"class_list":["post-928","post","type-post","status-publish","format-standard","has-post-thumbnail","hentry","category-lonu","tag-onu","item-wrap"],"yoast_head":"<!-- This site is optimized with the Yoast SEO plugin v27.5 - https:\/\/yoast.com\/product\/yoast-seo-wordpress\/ -->\n<title>Siamo proprio sicuri di volere questa Onu? - Rassegna Stampa Cattolica<\/title>\n<meta name=\"description\" content=\"Rassegna Stampa Cattolica - Per una cultura che nasce dalla Rivelazione cristiana in conformit\u00e0 alla tradizione e al Magistero della Chiesa in opposizione ad ogni relativismo e totalitarismo\" \/>\n<meta name=\"robots\" content=\"index, follow, max-snippet:-1, max-image-preview:large, max-video-preview:-1\" \/>\n<link rel=\"canonical\" href=\"https:\/\/www.rassegnastampa-totustuus.it\/cattolica\/siamo-proprio-sicuri-di-volere-questa-onu\/\" \/>\n<meta property=\"og:locale\" content=\"it_IT\" \/>\n<meta property=\"og:type\" content=\"article\" \/>\n<meta property=\"og:title\" content=\"Siamo proprio sicuri di volere questa Onu? - Rassegna Stampa Cattolica\" \/>\n<meta property=\"og:description\" content=\"Rassegna Stampa Cattolica - Per una cultura che nasce dalla Rivelazione cristiana in conformit\u00e0 alla tradizione e al Magistero della Chiesa in opposizione ad ogni relativismo e totalitarismo\" \/>\n<meta property=\"og:url\" content=\"https:\/\/www.rassegnastampa-totustuus.it\/cattolica\/siamo-proprio-sicuri-di-volere-questa-onu\/\" \/>\n<meta property=\"og:site_name\" content=\"Rassegna Stampa Cattolica\" \/>\n<meta property=\"article:publisher\" content=\"https:\/\/www.facebook.com\/rassegnastampacattolica\" \/>\n<meta property=\"article:published_time\" content=\"2005-07-16T22:00:00+00:00\" \/>\n<meta property=\"article:modified_time\" content=\"2016-04-13T14:16:05+00:00\" \/>\n<meta property=\"og:image\" content=\"https:\/\/www.rassegnastampa-totustuus.it\/cattolica\/wp-content\/uploads\/2005\/07\/ONU_flag.jpg\" \/>\n\t<meta property=\"og:image:width\" content=\"272\" \/>\n\t<meta property=\"og:image:height\" content=\"185\" \/>\n\t<meta property=\"og:image:type\" content=\"image\/jpeg\" \/>\n<meta name=\"author\" content=\"Redazione\" \/>\n<meta name=\"twitter:card\" content=\"summary_large_image\" \/>\n<meta name=\"twitter:creator\" content=\"@rassegnastampa9\" \/>\n<meta name=\"twitter:site\" content=\"@rassegnastampa9\" \/>\n<meta name=\"twitter:label1\" content=\"Scritto da\" \/>\n\t<meta name=\"twitter:data1\" content=\"Redazione\" \/>\n\t<meta name=\"twitter:label2\" content=\"Tempo di lettura stimato\" \/>\n\t<meta name=\"twitter:data2\" content=\"5 minuti\" \/>\n<script type=\"application\/ld+json\" class=\"yoast-schema-graph\">{\"@context\":\"https:\\\/\\\/schema.org\",\"@graph\":[{\"@type\":\"Article\",\"@id\":\"https:\\\/\\\/www.rassegnastampa-totustuus.it\\\/cattolica\\\/siamo-proprio-sicuri-di-volere-questa-onu\\\/#article\",\"isPartOf\":{\"@id\":\"https:\\\/\\\/www.rassegnastampa-totustuus.it\\\/cattolica\\\/siamo-proprio-sicuri-di-volere-questa-onu\\\/\"},\"author\":{\"name\":\"Redazione\",\"@id\":\"https:\\\/\\\/www.rassegnastampa-totustuus.it\\\/cattolica\\\/#\\\/schema\\\/person\\\/08f319d2bd1a0904ad9e2bfb7b15e5c3\"},\"headline\":\"Siamo proprio sicuri di volere questa Onu?\",\"datePublished\":\"2005-07-16T22:00:00+00:00\",\"dateModified\":\"2016-04-13T14:16:05+00:00\",\"mainEntityOfPage\":{\"@id\":\"https:\\\/\\\/www.rassegnastampa-totustuus.it\\\/cattolica\\\/siamo-proprio-sicuri-di-volere-questa-onu\\\/\"},\"wordCount\":1100,\"publisher\":{\"@id\":\"https:\\\/\\\/www.rassegnastampa-totustuus.it\\\/cattolica\\\/#organization\"},\"image\":{\"@id\":\"https:\\\/\\\/www.rassegnastampa-totustuus.it\\\/cattolica\\\/siamo-proprio-sicuri-di-volere-questa-onu\\\/#primaryimage\"},\"thumbnailUrl\":\"https:\\\/\\\/www.rassegnastampa-totustuus.it\\\/cattolica\\\/wp-content\\\/uploads\\\/2005\\\/07\\\/ONU_flag.jpg\",\"keywords\":[\"Onu\"],\"articleSection\":[\"L&#39;ONU\"],\"inLanguage\":\"it-IT\"},{\"@type\":\"WebPage\",\"@id\":\"https:\\\/\\\/www.rassegnastampa-totustuus.it\\\/cattolica\\\/siamo-proprio-sicuri-di-volere-questa-onu\\\/\",\"url\":\"https:\\\/\\\/www.rassegnastampa-totustuus.it\\\/cattolica\\\/siamo-proprio-sicuri-di-volere-questa-onu\\\/\",\"name\":\"Siamo proprio sicuri di volere questa Onu? - Rassegna Stampa Cattolica\",\"isPartOf\":{\"@id\":\"https:\\\/\\\/www.rassegnastampa-totustuus.it\\\/cattolica\\\/#website\"},\"primaryImageOfPage\":{\"@id\":\"https:\\\/\\\/www.rassegnastampa-totustuus.it\\\/cattolica\\\/siamo-proprio-sicuri-di-volere-questa-onu\\\/#primaryimage\"},\"image\":{\"@id\":\"https:\\\/\\\/www.rassegnastampa-totustuus.it\\\/cattolica\\\/siamo-proprio-sicuri-di-volere-questa-onu\\\/#primaryimage\"},\"thumbnailUrl\":\"https:\\\/\\\/www.rassegnastampa-totustuus.it\\\/cattolica\\\/wp-content\\\/uploads\\\/2005\\\/07\\\/ONU_flag.jpg\",\"datePublished\":\"2005-07-16T22:00:00+00:00\",\"dateModified\":\"2016-04-13T14:16:05+00:00\",\"description\":\"Rassegna Stampa Cattolica - Per una cultura che nasce dalla Rivelazione cristiana in conformit\u00e0 alla tradizione e al Magistero della Chiesa in opposizione ad ogni relativismo e totalitarismo\",\"breadcrumb\":{\"@id\":\"https:\\\/\\\/www.rassegnastampa-totustuus.it\\\/cattolica\\\/siamo-proprio-sicuri-di-volere-questa-onu\\\/#breadcrumb\"},\"inLanguage\":\"it-IT\",\"potentialAction\":[{\"@type\":\"ReadAction\",\"target\":[\"https:\\\/\\\/www.rassegnastampa-totustuus.it\\\/cattolica\\\/siamo-proprio-sicuri-di-volere-questa-onu\\\/\"]}]},{\"@type\":\"ImageObject\",\"inLanguage\":\"it-IT\",\"@id\":\"https:\\\/\\\/www.rassegnastampa-totustuus.it\\\/cattolica\\\/siamo-proprio-sicuri-di-volere-questa-onu\\\/#primaryimage\",\"url\":\"https:\\\/\\\/www.rassegnastampa-totustuus.it\\\/cattolica\\\/wp-content\\\/uploads\\\/2005\\\/07\\\/ONU_flag.jpg\",\"contentUrl\":\"https:\\\/\\\/www.rassegnastampa-totustuus.it\\\/cattolica\\\/wp-content\\\/uploads\\\/2005\\\/07\\\/ONU_flag.jpg\",\"width\":272,\"height\":185},{\"@type\":\"BreadcrumbList\",\"@id\":\"https:\\\/\\\/www.rassegnastampa-totustuus.it\\\/cattolica\\\/siamo-proprio-sicuri-di-volere-questa-onu\\\/#breadcrumb\",\"itemListElement\":[{\"@type\":\"ListItem\",\"position\":1,\"name\":\"Home\",\"item\":\"https:\\\/\\\/www.rassegnastampa-totustuus.it\\\/cattolica\\\/\"},{\"@type\":\"ListItem\",\"position\":2,\"name\":\"Siamo proprio sicuri di volere questa Onu?\"}]},{\"@type\":\"WebSite\",\"@id\":\"https:\\\/\\\/www.rassegnastampa-totustuus.it\\\/cattolica\\\/#website\",\"url\":\"https:\\\/\\\/www.rassegnastampa-totustuus.it\\\/cattolica\\\/\",\"name\":\"Rassegna Stampa Cattolica\",\"description\":\"Per una cultura che nasce dalla Rivelazione cristiana in conformit\u00e0 alla tradizione e al Magistero della Chiesa in opposizione ad ogni relativismo e totalitarismo\",\"publisher\":{\"@id\":\"https:\\\/\\\/www.rassegnastampa-totustuus.it\\\/cattolica\\\/#organization\"},\"alternateName\":\"Rass. Cattolica\",\"potentialAction\":[{\"@type\":\"SearchAction\",\"target\":{\"@type\":\"EntryPoint\",\"urlTemplate\":\"https:\\\/\\\/www.rassegnastampa-totustuus.it\\\/cattolica\\\/?s={search_term_string}\"},\"query-input\":{\"@type\":\"PropertyValueSpecification\",\"valueRequired\":true,\"valueName\":\"search_term_string\"}}],\"inLanguage\":\"it-IT\"},{\"@type\":\"Organization\",\"@id\":\"https:\\\/\\\/www.rassegnastampa-totustuus.it\\\/cattolica\\\/#organization\",\"name\":\"Rassegna Stampa Cattolica\",\"url\":\"https:\\\/\\\/www.rassegnastampa-totustuus.it\\\/cattolica\\\/\",\"logo\":{\"@type\":\"ImageObject\",\"inLanguage\":\"it-IT\",\"@id\":\"https:\\\/\\\/www.rassegnastampa-totustuus.it\\\/cattolica\\\/#\\\/schema\\\/logo\\\/image\\\/\",\"url\":\"https:\\\/\\\/www.rassegnastampa-totustuus.it\\\/cattolica\\\/wp-content\\\/uploads\\\/2014\\\/04\\\/logo-rassegna1.gif\",\"contentUrl\":\"https:\\\/\\\/www.rassegnastampa-totustuus.it\\\/cattolica\\\/wp-content\\\/uploads\\\/2014\\\/04\\\/logo-rassegna1.gif\",\"width\":600,\"height\":163,\"caption\":\"Rassegna Stampa Cattolica\"},\"image\":{\"@id\":\"https:\\\/\\\/www.rassegnastampa-totustuus.it\\\/cattolica\\\/#\\\/schema\\\/logo\\\/image\\\/\"},\"sameAs\":[\"https:\\\/\\\/www.facebook.com\\\/rassegnastampacattolica\",\"https:\\\/\\\/x.com\\\/rassegnastampa9\"]},{\"@type\":\"Person\",\"@id\":\"https:\\\/\\\/www.rassegnastampa-totustuus.it\\\/cattolica\\\/#\\\/schema\\\/person\\\/08f319d2bd1a0904ad9e2bfb7b15e5c3\",\"name\":\"Redazione\",\"image\":{\"@type\":\"ImageObject\",\"inLanguage\":\"it-IT\",\"@id\":\"https:\\\/\\\/secure.gravatar.com\\\/avatar\\\/2fcdf27c78ea025fbdb44e914cc63c72249ffec9dc8aafd5c82b26240ef3f346?s=96&d=mm&r=g\",\"url\":\"https:\\\/\\\/secure.gravatar.com\\\/avatar\\\/2fcdf27c78ea025fbdb44e914cc63c72249ffec9dc8aafd5c82b26240ef3f346?s=96&d=mm&r=g\",\"contentUrl\":\"https:\\\/\\\/secure.gravatar.com\\\/avatar\\\/2fcdf27c78ea025fbdb44e914cc63c72249ffec9dc8aafd5c82b26240ef3f346?s=96&d=mm&r=g\",\"caption\":\"Redazione\"},\"url\":\"https:\\\/\\\/www.rassegnastampa-totustuus.it\\\/cattolica\\\/author\\\/pietroelle\\\/\"}]}<\/script>\n<!-- \/ Yoast SEO plugin. -->","yoast_head_json":{"title":"Siamo proprio sicuri di volere questa Onu? - Rassegna Stampa Cattolica","description":"Rassegna Stampa Cattolica - Per una cultura che nasce dalla Rivelazione cristiana in conformit\u00e0 alla tradizione e al Magistero della Chiesa in opposizione ad ogni relativismo e totalitarismo","robots":{"index":"index","follow":"follow","max-snippet":"max-snippet:-1","max-image-preview":"max-image-preview:large","max-video-preview":"max-video-preview:-1"},"canonical":"https:\/\/www.rassegnastampa-totustuus.it\/cattolica\/siamo-proprio-sicuri-di-volere-questa-onu\/","og_locale":"it_IT","og_type":"article","og_title":"Siamo proprio sicuri di volere questa Onu? - Rassegna Stampa Cattolica","og_description":"Rassegna Stampa Cattolica - Per una cultura che nasce dalla Rivelazione cristiana in conformit\u00e0 alla tradizione e al Magistero della Chiesa in opposizione ad ogni relativismo e totalitarismo","og_url":"https:\/\/www.rassegnastampa-totustuus.it\/cattolica\/siamo-proprio-sicuri-di-volere-questa-onu\/","og_site_name":"Rassegna Stampa Cattolica","article_publisher":"https:\/\/www.facebook.com\/rassegnastampacattolica","article_published_time":"2005-07-16T22:00:00+00:00","article_modified_time":"2016-04-13T14:16:05+00:00","og_image":[{"width":272,"height":185,"url":"https:\/\/www.rassegnastampa-totustuus.it\/cattolica\/wp-content\/uploads\/2005\/07\/ONU_flag.jpg","type":"image\/jpeg"}],"author":"Redazione","twitter_card":"summary_large_image","twitter_creator":"@rassegnastampa9","twitter_site":"@rassegnastampa9","twitter_misc":{"Scritto da":"Redazione","Tempo di lettura stimato":"5 minuti"},"schema":{"@context":"https:\/\/schema.org","@graph":[{"@type":"Article","@id":"https:\/\/www.rassegnastampa-totustuus.it\/cattolica\/siamo-proprio-sicuri-di-volere-questa-onu\/#article","isPartOf":{"@id":"https:\/\/www.rassegnastampa-totustuus.it\/cattolica\/siamo-proprio-sicuri-di-volere-questa-onu\/"},"author":{"name":"Redazione","@id":"https:\/\/www.rassegnastampa-totustuus.it\/cattolica\/#\/schema\/person\/08f319d2bd1a0904ad9e2bfb7b15e5c3"},"headline":"Siamo proprio sicuri di volere questa Onu?","datePublished":"2005-07-16T22:00:00+00:00","dateModified":"2016-04-13T14:16:05+00:00","mainEntityOfPage":{"@id":"https:\/\/www.rassegnastampa-totustuus.it\/cattolica\/siamo-proprio-sicuri-di-volere-questa-onu\/"},"wordCount":1100,"publisher":{"@id":"https:\/\/www.rassegnastampa-totustuus.it\/cattolica\/#organization"},"image":{"@id":"https:\/\/www.rassegnastampa-totustuus.it\/cattolica\/siamo-proprio-sicuri-di-volere-questa-onu\/#primaryimage"},"thumbnailUrl":"https:\/\/www.rassegnastampa-totustuus.it\/cattolica\/wp-content\/uploads\/2005\/07\/ONU_flag.jpg","keywords":["Onu"],"articleSection":["L&#39;ONU"],"inLanguage":"it-IT"},{"@type":"WebPage","@id":"https:\/\/www.rassegnastampa-totustuus.it\/cattolica\/siamo-proprio-sicuri-di-volere-questa-onu\/","url":"https:\/\/www.rassegnastampa-totustuus.it\/cattolica\/siamo-proprio-sicuri-di-volere-questa-onu\/","name":"Siamo proprio sicuri di volere questa Onu? - Rassegna Stampa Cattolica","isPartOf":{"@id":"https:\/\/www.rassegnastampa-totustuus.it\/cattolica\/#website"},"primaryImageOfPage":{"@id":"https:\/\/www.rassegnastampa-totustuus.it\/cattolica\/siamo-proprio-sicuri-di-volere-questa-onu\/#primaryimage"},"image":{"@id":"https:\/\/www.rassegnastampa-totustuus.it\/cattolica\/siamo-proprio-sicuri-di-volere-questa-onu\/#primaryimage"},"thumbnailUrl":"https:\/\/www.rassegnastampa-totustuus.it\/cattolica\/wp-content\/uploads\/2005\/07\/ONU_flag.jpg","datePublished":"2005-07-16T22:00:00+00:00","dateModified":"2016-04-13T14:16:05+00:00","description":"Rassegna Stampa Cattolica - Per una cultura che nasce dalla Rivelazione cristiana in conformit\u00e0 alla tradizione e al Magistero della Chiesa in opposizione ad ogni relativismo e totalitarismo","breadcrumb":{"@id":"https:\/\/www.rassegnastampa-totustuus.it\/cattolica\/siamo-proprio-sicuri-di-volere-questa-onu\/#breadcrumb"},"inLanguage":"it-IT","potentialAction":[{"@type":"ReadAction","target":["https:\/\/www.rassegnastampa-totustuus.it\/cattolica\/siamo-proprio-sicuri-di-volere-questa-onu\/"]}]},{"@type":"ImageObject","inLanguage":"it-IT","@id":"https:\/\/www.rassegnastampa-totustuus.it\/cattolica\/siamo-proprio-sicuri-di-volere-questa-onu\/#primaryimage","url":"https:\/\/www.rassegnastampa-totustuus.it\/cattolica\/wp-content\/uploads\/2005\/07\/ONU_flag.jpg","contentUrl":"https:\/\/www.rassegnastampa-totustuus.it\/cattolica\/wp-content\/uploads\/2005\/07\/ONU_flag.jpg","width":272,"height":185},{"@type":"BreadcrumbList","@id":"https:\/\/www.rassegnastampa-totustuus.it\/cattolica\/siamo-proprio-sicuri-di-volere-questa-onu\/#breadcrumb","itemListElement":[{"@type":"ListItem","position":1,"name":"Home","item":"https:\/\/www.rassegnastampa-totustuus.it\/cattolica\/"},{"@type":"ListItem","position":2,"name":"Siamo proprio sicuri di volere questa Onu?"}]},{"@type":"WebSite","@id":"https:\/\/www.rassegnastampa-totustuus.it\/cattolica\/#website","url":"https:\/\/www.rassegnastampa-totustuus.it\/cattolica\/","name":"Rassegna Stampa Cattolica","description":"Per una cultura che nasce dalla Rivelazione cristiana in conformit\u00e0 alla tradizione e al Magistero della Chiesa in opposizione ad ogni relativismo e totalitarismo","publisher":{"@id":"https:\/\/www.rassegnastampa-totustuus.it\/cattolica\/#organization"},"alternateName":"Rass. Cattolica","potentialAction":[{"@type":"SearchAction","target":{"@type":"EntryPoint","urlTemplate":"https:\/\/www.rassegnastampa-totustuus.it\/cattolica\/?s={search_term_string}"},"query-input":{"@type":"PropertyValueSpecification","valueRequired":true,"valueName":"search_term_string"}}],"inLanguage":"it-IT"},{"@type":"Organization","@id":"https:\/\/www.rassegnastampa-totustuus.it\/cattolica\/#organization","name":"Rassegna Stampa Cattolica","url":"https:\/\/www.rassegnastampa-totustuus.it\/cattolica\/","logo":{"@type":"ImageObject","inLanguage":"it-IT","@id":"https:\/\/www.rassegnastampa-totustuus.it\/cattolica\/#\/schema\/logo\/image\/","url":"https:\/\/www.rassegnastampa-totustuus.it\/cattolica\/wp-content\/uploads\/2014\/04\/logo-rassegna1.gif","contentUrl":"https:\/\/www.rassegnastampa-totustuus.it\/cattolica\/wp-content\/uploads\/2014\/04\/logo-rassegna1.gif","width":600,"height":163,"caption":"Rassegna Stampa Cattolica"},"image":{"@id":"https:\/\/www.rassegnastampa-totustuus.it\/cattolica\/#\/schema\/logo\/image\/"},"sameAs":["https:\/\/www.facebook.com\/rassegnastampacattolica","https:\/\/x.com\/rassegnastampa9"]},{"@type":"Person","@id":"https:\/\/www.rassegnastampa-totustuus.it\/cattolica\/#\/schema\/person\/08f319d2bd1a0904ad9e2bfb7b15e5c3","name":"Redazione","image":{"@type":"ImageObject","inLanguage":"it-IT","@id":"https:\/\/secure.gravatar.com\/avatar\/2fcdf27c78ea025fbdb44e914cc63c72249ffec9dc8aafd5c82b26240ef3f346?s=96&d=mm&r=g","url":"https:\/\/secure.gravatar.com\/avatar\/2fcdf27c78ea025fbdb44e914cc63c72249ffec9dc8aafd5c82b26240ef3f346?s=96&d=mm&r=g","contentUrl":"https:\/\/secure.gravatar.com\/avatar\/2fcdf27c78ea025fbdb44e914cc63c72249ffec9dc8aafd5c82b26240ef3f346?s=96&d=mm&r=g","caption":"Redazione"},"url":"https:\/\/www.rassegnastampa-totustuus.it\/cattolica\/author\/pietroelle\/"}]}},"_links":{"self":[{"href":"https:\/\/www.rassegnastampa-totustuus.it\/cattolica\/wp-json\/wp\/v2\/posts\/928","targetHints":{"allow":["GET"]}}],"collection":[{"href":"https:\/\/www.rassegnastampa-totustuus.it\/cattolica\/wp-json\/wp\/v2\/posts"}],"about":[{"href":"https:\/\/www.rassegnastampa-totustuus.it\/cattolica\/wp-json\/wp\/v2\/types\/post"}],"author":[{"embeddable":true,"href":"https:\/\/www.rassegnastampa-totustuus.it\/cattolica\/wp-json\/wp\/v2\/users\/6"}],"replies":[{"embeddable":true,"href":"https:\/\/www.rassegnastampa-totustuus.it\/cattolica\/wp-json\/wp\/v2\/comments?post=928"}],"version-history":[{"count":4,"href":"https:\/\/www.rassegnastampa-totustuus.it\/cattolica\/wp-json\/wp\/v2\/posts\/928\/revisions"}],"predecessor-version":[{"id":32869,"href":"https:\/\/www.rassegnastampa-totustuus.it\/cattolica\/wp-json\/wp\/v2\/posts\/928\/revisions\/32869"}],"wp:featuredmedia":[{"embeddable":true,"href":"https:\/\/www.rassegnastampa-totustuus.it\/cattolica\/wp-json\/wp\/v2\/media\/32868"}],"wp:attachment":[{"href":"https:\/\/www.rassegnastampa-totustuus.it\/cattolica\/wp-json\/wp\/v2\/media?parent=928"}],"wp:term":[{"taxonomy":"category","embeddable":true,"href":"https:\/\/www.rassegnastampa-totustuus.it\/cattolica\/wp-json\/wp\/v2\/categories?post=928"},{"taxonomy":"post_tag","embeddable":true,"href":"https:\/\/www.rassegnastampa-totustuus.it\/cattolica\/wp-json\/wp\/v2\/tags?post=928"}],"curies":[{"name":"wp","href":"https:\/\/api.w.org\/{rel}","templated":true}]}}