{"id":926,"date":"2005-07-17T00:00:00","date_gmt":"2005-07-16T22:00:00","guid":{"rendered":""},"modified":"2016-04-13T16:07:35","modified_gmt":"2016-04-13T14:07:35","slug":"dai-diritti-delluomo-ai-diritti-della-terra","status":"publish","type":"post","link":"https:\/\/www.rassegnastampa-totustuus.it\/cattolica\/dai-diritti-delluomo-ai-diritti-della-terra\/","title":{"rendered":"Dai diritti dell\u2019uomo ai diritti della terra"},"content":{"rendered":"<div style=\"text-align: center;\"><img loading=\"lazy\" decoding=\"async\" class=\"alignright wp-image-32862\" src=\"https:\/\/www.rassegnastampa-totustuus.it\/cattolica\/wp-content\/uploads\/2005\/07\/diritti_umani.jpg\" alt=\"diritti_umani\" width=\"200\" height=\"200\" srcset=\"https:\/\/www.rassegnastampa-totustuus.it\/cattolica\/wp-content\/uploads\/2005\/07\/diritti_umani.jpg 225w, https:\/\/www.rassegnastampa-totustuus.it\/cattolica\/wp-content\/uploads\/2005\/07\/diritti_umani-150x150.jpg 150w\" sizes=\"auto, (max-width: 200px) 100vw, 200px\" \/>Articolo pubblicato su <strong>Il Corriere del Sud<\/strong><\/div>\n<div style=\"text-align: center;\">n. 20 &#8211; Anno X &#8211; 1-15 dicembre 2001<\/div>\n<p style=\"text-align: center;\">di <strong>Oscar Sanguinetti<\/strong><\/p>\n<p style=\"text-align: justify;\">Il 10 dicembre 1948 la neonata Organizzazione delle Nazioni Unite (ONU) promulgava una Dichiarazione Universale dei Diritti dell&#8217;Uomo, una sorta di magna charta cui il futuro dell&#8217;umanit\u00e0 avrebbe dovuto improntarsi. I trenta articoli del documento intendevano rappresentare ciascuno un \u00ab[\u2026] ideale da raggiungersi da tutti i popoli e da tutte le Nazioni\u00bb dell&#8217;Organizzazione.<\/p>\n<p style=\"text-align: justify;\"><!--more--><\/p>\n<p style=\"text-align: justify;\">I princ\u00ecpi della carta, pur indeboliti dal mancato riferimento metafisico, ossia legato alla struttura dell&#8217;essere, presentano ancora in larga misura aspetti coincidenti con i princ\u00ecpi alla base della dottrina etica che la Chiesa cattolica professa.<\/p>\n<p style=\"text-align: justify;\">Tutela dell&#8217;onore, famiglia fondata sul matrimonio eterosessuale e riconosciuta &#8220;nucleo naturale e fondamentale della societ\u00e0&#8221;, diritto di propriet\u00e0 privata, libert\u00e0 di religione inclusa la libert\u00e0 di proselitismo, partecipazione di tutti alla vita politica, diritto a lavorare e di percepire una remunerazione &#8220;[\u2026] equa e soddisfacente che assicuri a [all&#8217;uomo] e alla sua famiglia un&#8217;esistenza conforme alla dignit\u00e0 umana&#8221;, diritto al riposo, priorit\u00e0 dei genitori &#8220;[\u2026] nella scelta di istruzione da impartire ai loro figli&#8221;: tutto questo riecheggia quello che \u00e8 stato chiamato tradizionalmente il &#8220;diritto naturale&#8221; e oggi \u00e8 pi\u00f9 noto come diritti o libert\u00e0 &#8220;fondamentali&#8221;.<\/p>\n<p style=\"text-align: justify;\">La Dichiarazione ha di certo trovato in certa misura attuazione in questo senso nei primi decenni di vita dell&#8217;ONU, ma l&#8217;impressione \u00e8 che questa componente da un certo punto in avanti sia rimasta lettera morta. E non, o almeno non solo &#8211; come si sente troppo spesso affermare -, per colpa di questo o di quel dittatore o di questo o di quel regime totalitario che ne avrebbero rinnegato in maniere diverse il dettato, ma perch\u00e9 a un dato momento \u00e8 cambiata l'&#8221;ideologia&#8221; che sta alla base del documento.<\/p>\n<p style=\"text-align: justify;\">\u00c8 un fatto che al livello delle organizzazioni mondiali e di molti governi, quantomeno dagli anni 1970 emergono le prime potenti lobby neo-malthusiane sul tipo del Club di Roma che veicolano un diverso modo di pensare. Divengono centrali concetti nuovi come &#8220;sviluppo sostenibile&#8221;, &#8220;nuovo paradigma&#8221;, &#8220;approccio olistico&#8221;, &#8220;eguaglianza dei generi&#8221;, parit\u00e0 di diritti non pi\u00f9 fra sessi ma fra &#8220;orientamenti sessuali&#8221;.<\/p>\n<p style=\"text-align: justify;\">La svolta si ripercuote nei programmi dei vari ambiti dell&#8217;intervento internazionale, dalla sanit\u00e0 all&#8217;agricoltura, alla bioetica, ai diritti delle donne, alla politica monetaria e alle diverse organizzazioni &#8211; l&#8217;ONU, l&#8217;Organizzazione Mondiale della Sanit\u00e0, il Fondo Monetario Internazionale, l&#8217;UNESCO &#8211; vengono fissati obiettivi non pi\u00f9 mirati allo sviluppo dell&#8217;uomo in generale ma a uno sviluppo &#8220;selettivo&#8221;, nominalmente coerente con la scarsit\u00e0 &#8211; ovviamente pronosticata sempre pi\u00f9 vertiginosamente crescente &#8211; delle risorse planetarie e con l&#8217;inquinamento ambientale. Introduzione di politiche di pianificazione familiare, aborto e sterilizzazione di massa, eutanasia, sviluppo solo per i paesi e le classi di umanit\u00e0 con le carte &#8220;in regola&#8221;, diritto al lavoro e al giusto compenso subordinati alle esigenze dei mercati, diffusione delle credenze religiose limitata in quanto fattore di squilibri sociali, famiglia posposta alla libert\u00e0 in campo sessuale.<\/p>\n<p style=\"text-align: justify;\">Per avere un&#8217;idea di questo impressionante mutamento di orientamenti e delle sue derive planetarie basta leggere il documentato studio del sociologo belga monsignor Michel Schooyans, edito dalla San Paolo nel 2000 con il titolo: Nuovo disordine mondiale.<\/p>\n<p style=\"text-align: justify;\">Questo nuovo scenario \u00e8 frutto del caso oppure \u00e8 qualcosa di fatale oppure si tratta invece di un disegno complessivo e coerente portato avanti da un potente gruppo di pressione che agisce sui vertici mondiali?<\/p>\n<p style=\"text-align: justify;\">\u00c8 difficile fare in questo campo affermazioni precise. Le spinte verso un&#8217;economia globale, verso una cultura e un&#8217;etica universali e, infine, verso un governo mondiale, in un &#8220;brodo di coltura&#8221; New Age sono per\u00f2 un fatto sempre pi\u00f9 clamorosamente evidente. Come pure \u00e8 una realt\u00e0 che un nuovo ordine mondiale, successivo e alternativo all&#8217;Europa cristiana, \u00e8 stato teorizzato a pi\u00f9 riprese dagli utopisti e dai tecnocrati alla Saint-Simon del Sette-Ottocento come pure dai primi circoli imperialistico-industriali inglesi e tedeschi a cavallo fra secolo XIX e XX e che oggi \u00e8 la ragione sociale di molte fondazioni i cui nomi sono sempre meno ignoti: Bilderberg Club, Commissione Trilaterale, Council on Foreign Relations, Aspen Club sono alcune delle etichette con cui circoli discreti e dai budget sconfinati elaborano piano globali e operano come gruppi di pressione sui governi e sulle organizzazioni internazionali per influenzarne le scelte.<\/p>\n<p style=\"text-align: justify;\">La globalizzazione galoppante odierna, frutto della rivoluzione informatica &#8211; ossia di un processo analogo tanto nei fatti quanto nell&#8217;ideologia amoralmente &#8220;liberistica&#8221; che lo accompagna alla rivoluzione industriale del primo Ottocento e dagli effetti altrettanto dirompenti -, ha impresso una prepotente accelerazione a questi progetti, il cui culmine \u00e8 l&#8217;unificazione politica del mondo, auspicata di recente da uno dei pi\u00f9 qualificati tecnocrati nostrani, membro del direttivo della Banca Europea, Tommaso Padoa-Schioppa, nel suo &#8220;fondo&#8221; sul Corriere della Sera del 19 luglio scorso. La Dichiarazione dell&#8217;ONU del 1948 diviene in questa prospettiva un freno e una realt\u00e0 da superare.<\/p>\n<p style=\"text-align: justify;\">Un passaggio importante pu\u00f2 essere la promulgazione di una nuova carta dei diritti fondamentali, non pi\u00f9 limitata ai diritti dell&#8217;uomo ma estesa ai diritti &#8220;globali&#8221;. \u00c8 il caso della Carta della Terra, promossa da The Earth Council (Consiglio della Terra) e dalla Croce Verde Internazionale, giunta nel marzo del 2000 alla sua formulazione finale dopo un lungo processo di gestazione.<\/p>\n<p style=\"text-align: justify;\">&#8220;Rispetto e attenzione per la comunit\u00e0 della vita&#8221;, &#8220;Integrit\u00e0 ecologica&#8221;, &#8220;Giustizia economica e sociale&#8221;, &#8220;Democrazia, non violenza e pace&#8221; sono i titoli delle quattro parti in cui il documento si articola, mentre ecco quali sono i quindici &#8220;comandamenti che la Carta prevede: &#8220;Rispetta la Terra e la vita, in tutta la sua diversit\u00e0. Prendi cura della comunit\u00e0 della vita con comprensione, compassione e amore. Costruisci societ\u00e0 democratiche che siano giuste, partecipate, sostenibili e pacifiche. Tutela l&#8217;abbondanza e la bellezza della Terra per le generazioni presenti e future. Proteggi e restaura l&#8217;integrit\u00e0 dei sistemi ecologici terrestri, soprattutto per quanto riguarda la diversit\u00e0 biologica e i processi naturali a sostegno della vita. Impedisci il danno come modo migliore di tutela ambientale e, quando le conoscenze siano limitate, adotta un approccio cautelativo. Adotta sistemi di produzione, consumo e riproduzione capaci di salvaguardare le capacit\u00e0 rigenerative della Terra, i diritti umani e il benessere delle comunit\u00e0. Sviluppa lo studio della sostenibilit\u00e0 ecologica e promuovi lo scambio libero e l&#8217;applicazione diffusa delle conoscenze cos\u00ec acquisite. Sradica la povert\u00e0 come imperativo etico, sociale e ambientale. Assicurati che le attivit\u00e0 economiche e le istituzioni a tutti i livelli promuovano lo sviluppo umano in modo equo e sostenibile. Afferma l&#8217;uguaglianza dei generi e l&#8217;equit\u00e0 come prerequisiti per lo sviluppo sostenibile e garantisci l&#8217;accesso universale all&#8217;istruzione, all&#8217;assistenza sanitaria e alle opportunit\u00e0 economiche. Sostieni i diritti di tutti, senza alcuna discriminazione, ad un ambiente naturale e sociale capace di sostenere la dignit\u00e0 umana, la salute dei corpi e il benessere dello spirito, soprattutto per quanto riguarda i diritti degli indigeni e delle minoranze. Rafforza le istituzioni democratiche a tutti i livelli e garantisci trasparenza e responsabilit\u00e0 a livello amministrativo, compresa la partecipazione nei processi decisionali e l&#8217;accesso alla giustizia. Integra nell&#8217;istruzione formale e nella formazione permanente le conoscenze, i valori e le capacit\u00e0 necessarie per un modo di vivere sostenibile. Tratta ogni essere vivente con rispetto e considerazione. Promuovi una cultura della tolleranza, della non violenza e della pace&#8221;.<\/p>\n<p style=\"text-align: justify;\">Al di l\u00e0 della imprecisione o della discutibilit\u00e0 dei termini e di una certa confusione di categorie scientifiche e filosofiche, balza evidente il &#8220;salto&#8221; che il documento fa e, fra l&#8217;altro, l&#8217;oggettiva consonanza anche letterale del testo con posizioni di molte realt\u00e0 odierne soprattutto giovanili e del mondo cattolico &#8211; di recente ricompattate dalla campagna &#8220;No-global&#8221; e dalle manifestazioni di Genova del giugno di quest&#8217;anno &#8211; e non si pu\u00f2 di conseguenza non pronosticarne il successo.<\/p>\n<p style=\"text-align: justify;\">Ma bisogna fare attenzione: non si tratta dell&#8217;ennesima petizione di principio di realt\u00e0 pi\u00f9 o meno importanti dell&#8217;arcipelago ecologista, ma di un vero e proprio programma organico di trasferimento dei diritti dall&#8217;essere umano a un livello pi\u00f9 basso: quello della pi\u00f9 ampia e indifferenziata biosfera. Non \u00e8 un caso che dietro i promotori della Carta si ritrovino ambienti mondialisti e che il suo &#8220;profeta&#8221; sia Michail Gorbaciov, gi\u00e0 segretario generale del Partito Comunista sovietico, salvato dalla fame dagli ambienti cultural-capitalistici occidentali &#8211; gli stessi che favorirono la Rivoluzione d&#8217;Ottobre e che andarono in estasi al lancio della perestrojka sovietica &#8211; dopo la sua estromissione dal potere in Russia nel 1991 e oggi riciclato come presidente della Croce Verde Internazionale.<\/p>\n<p style=\"text-align: justify;\">Proprio la sua traiettoria personale incarna a buon titolo &#8211; monsignor Michel Schooyans lo sottolinea apertamente &#8211; quella ennesima metamorfosi &#8220;teorica&#8221; del marxismo che da materialismo dialettico si fa &#8220;eco-marxismo&#8221;, un marxismo che non ha pi\u00f9 il proletariato industriale come &#8220;antitesi&#8221; ma la lotta per l&#8217;ambiente.<\/p>\n<p style=\"text-align: justify;\">Una tendenza affiorata negli anni del crollo dell&#8217;impero sovietico in Europa e che in futuro potrebbe fungere da alternativa e da collante ideologico dei fermenti evocati. Anche per questo, per bloccare l&#8217;ulteriore passaggio di degrado nella concezione dell&#8217;essere umano, ora come non mai \u00e8 il momento dunque di difendere e di appellarsi il pi\u00f9 spesso possibile alla Dichiarazione ONU dei Diritti dell&#8217;Uomo del 1948.<\/p>\n","protected":false},"excerpt":{"rendered":"<p>Articolo pubblicato su Il Corriere del Sud n. 20 &#8211; Anno X &#8211; 1-15 dicembre 2001 di Oscar Sanguinetti Il 10 dicembre 1948 la neonata Organizzazione delle Nazioni Unite (ONU) promulgava una Dichiarazione Universale dei Diritti dell&#8217;Uomo, una sorta di magna charta cui il futuro dell&#8217;umanit\u00e0 avrebbe dovuto improntarsi. I trenta articoli del documento intendevano &hellip; <\/p>\n<p><a class=\"more-link btn\" href=\"https:\/\/www.rassegnastampa-totustuus.it\/cattolica\/dai-diritti-delluomo-ai-diritti-della-terra\/\">Continua a leggere<\/a><\/p>\n","protected":false},"author":6,"featured_media":32862,"comment_status":"closed","ping_status":"open","sticky":false,"template":"","format":"standard","meta":{"footnotes":""},"categories":[104,61],"tags":[829,536],"class_list":["post-926","post","type-post","status-publish","format-standard","has-post-thumbnail","hentry","category-lonu","category-mondialismo-e-globalizzazione","tag-dichiarazione-diritti-umani","tag-onu","item-wrap"],"yoast_head":"<!-- This site is optimized with the Yoast SEO plugin v27.4 - https:\/\/yoast.com\/product\/yoast-seo-wordpress\/ -->\n<title>Dai diritti dell\u2019uomo ai diritti della terra - Rassegna Stampa Cattolica<\/title>\n<meta name=\"description\" content=\"Rassegna Stampa Cattolica - Per una cultura che nasce dalla Rivelazione cristiana in conformit\u00e0 alla tradizione e al Magistero della Chiesa in opposizione ad ogni relativismo e totalitarismo\" \/>\n<meta name=\"robots\" content=\"index, follow, max-snippet:-1, max-image-preview:large, max-video-preview:-1\" \/>\n<link rel=\"canonical\" href=\"https:\/\/www.rassegnastampa-totustuus.it\/cattolica\/dai-diritti-delluomo-ai-diritti-della-terra\/\" \/>\n<meta property=\"og:locale\" content=\"it_IT\" \/>\n<meta property=\"og:type\" content=\"article\" \/>\n<meta property=\"og:title\" content=\"Dai diritti dell\u2019uomo ai diritti della terra - Rassegna Stampa Cattolica\" \/>\n<meta property=\"og:description\" content=\"Rassegna Stampa Cattolica - Per una cultura che nasce dalla Rivelazione cristiana in conformit\u00e0 alla tradizione e al Magistero della Chiesa in opposizione ad ogni relativismo e totalitarismo\" \/>\n<meta property=\"og:url\" content=\"https:\/\/www.rassegnastampa-totustuus.it\/cattolica\/dai-diritti-delluomo-ai-diritti-della-terra\/\" \/>\n<meta property=\"og:site_name\" content=\"Rassegna Stampa Cattolica\" \/>\n<meta property=\"article:publisher\" content=\"https:\/\/www.facebook.com\/rassegnastampacattolica\" \/>\n<meta property=\"article:published_time\" content=\"2005-07-16T22:00:00+00:00\" \/>\n<meta property=\"article:modified_time\" content=\"2016-04-13T14:07:35+00:00\" \/>\n<meta property=\"og:image\" content=\"https:\/\/www.rassegnastampa-totustuus.it\/cattolica\/wp-content\/uploads\/2005\/07\/diritti_umani.jpg\" \/>\n\t<meta property=\"og:image:width\" content=\"225\" \/>\n\t<meta property=\"og:image:height\" content=\"225\" \/>\n\t<meta property=\"og:image:type\" content=\"image\/jpeg\" \/>\n<meta name=\"author\" content=\"Redazione\" \/>\n<meta name=\"twitter:card\" content=\"summary_large_image\" \/>\n<meta name=\"twitter:creator\" content=\"@rassegnastampa9\" \/>\n<meta name=\"twitter:site\" content=\"@rassegnastampa9\" \/>\n<meta name=\"twitter:label1\" content=\"Scritto da\" \/>\n\t<meta name=\"twitter:data1\" content=\"Redazione\" \/>\n\t<meta name=\"twitter:label2\" content=\"Tempo di lettura stimato\" \/>\n\t<meta name=\"twitter:data2\" content=\"7 minuti\" \/>\n<script type=\"application\/ld+json\" class=\"yoast-schema-graph\">{\"@context\":\"https:\\\/\\\/schema.org\",\"@graph\":[{\"@type\":\"Article\",\"@id\":\"https:\\\/\\\/www.rassegnastampa-totustuus.it\\\/cattolica\\\/dai-diritti-delluomo-ai-diritti-della-terra\\\/#article\",\"isPartOf\":{\"@id\":\"https:\\\/\\\/www.rassegnastampa-totustuus.it\\\/cattolica\\\/dai-diritti-delluomo-ai-diritti-della-terra\\\/\"},\"author\":{\"name\":\"Redazione\",\"@id\":\"https:\\\/\\\/www.rassegnastampa-totustuus.it\\\/cattolica\\\/#\\\/schema\\\/person\\\/08f319d2bd1a0904ad9e2bfb7b15e5c3\"},\"headline\":\"Dai diritti dell\u2019uomo ai diritti della terra\",\"datePublished\":\"2005-07-16T22:00:00+00:00\",\"dateModified\":\"2016-04-13T14:07:35+00:00\",\"mainEntityOfPage\":{\"@id\":\"https:\\\/\\\/www.rassegnastampa-totustuus.it\\\/cattolica\\\/dai-diritti-delluomo-ai-diritti-della-terra\\\/\"},\"wordCount\":1520,\"publisher\":{\"@id\":\"https:\\\/\\\/www.rassegnastampa-totustuus.it\\\/cattolica\\\/#organization\"},\"image\":{\"@id\":\"https:\\\/\\\/www.rassegnastampa-totustuus.it\\\/cattolica\\\/dai-diritti-delluomo-ai-diritti-della-terra\\\/#primaryimage\"},\"thumbnailUrl\":\"https:\\\/\\\/www.rassegnastampa-totustuus.it\\\/cattolica\\\/wp-content\\\/uploads\\\/2005\\\/07\\\/diritti_umani.jpg\",\"keywords\":[\"dichiarazione diritti umani\",\"Onu\"],\"articleSection\":[\"L&#39;ONU\",\"Mondialismo\"],\"inLanguage\":\"it-IT\"},{\"@type\":\"WebPage\",\"@id\":\"https:\\\/\\\/www.rassegnastampa-totustuus.it\\\/cattolica\\\/dai-diritti-delluomo-ai-diritti-della-terra\\\/\",\"url\":\"https:\\\/\\\/www.rassegnastampa-totustuus.it\\\/cattolica\\\/dai-diritti-delluomo-ai-diritti-della-terra\\\/\",\"name\":\"Dai diritti dell\u2019uomo ai diritti della terra - Rassegna Stampa Cattolica\",\"isPartOf\":{\"@id\":\"https:\\\/\\\/www.rassegnastampa-totustuus.it\\\/cattolica\\\/#website\"},\"primaryImageOfPage\":{\"@id\":\"https:\\\/\\\/www.rassegnastampa-totustuus.it\\\/cattolica\\\/dai-diritti-delluomo-ai-diritti-della-terra\\\/#primaryimage\"},\"image\":{\"@id\":\"https:\\\/\\\/www.rassegnastampa-totustuus.it\\\/cattolica\\\/dai-diritti-delluomo-ai-diritti-della-terra\\\/#primaryimage\"},\"thumbnailUrl\":\"https:\\\/\\\/www.rassegnastampa-totustuus.it\\\/cattolica\\\/wp-content\\\/uploads\\\/2005\\\/07\\\/diritti_umani.jpg\",\"datePublished\":\"2005-07-16T22:00:00+00:00\",\"dateModified\":\"2016-04-13T14:07:35+00:00\",\"description\":\"Rassegna Stampa Cattolica - Per una cultura che nasce dalla Rivelazione cristiana in conformit\u00e0 alla tradizione e al Magistero della Chiesa in opposizione ad ogni relativismo e totalitarismo\",\"breadcrumb\":{\"@id\":\"https:\\\/\\\/www.rassegnastampa-totustuus.it\\\/cattolica\\\/dai-diritti-delluomo-ai-diritti-della-terra\\\/#breadcrumb\"},\"inLanguage\":\"it-IT\",\"potentialAction\":[{\"@type\":\"ReadAction\",\"target\":[\"https:\\\/\\\/www.rassegnastampa-totustuus.it\\\/cattolica\\\/dai-diritti-delluomo-ai-diritti-della-terra\\\/\"]}]},{\"@type\":\"ImageObject\",\"inLanguage\":\"it-IT\",\"@id\":\"https:\\\/\\\/www.rassegnastampa-totustuus.it\\\/cattolica\\\/dai-diritti-delluomo-ai-diritti-della-terra\\\/#primaryimage\",\"url\":\"https:\\\/\\\/www.rassegnastampa-totustuus.it\\\/cattolica\\\/wp-content\\\/uploads\\\/2005\\\/07\\\/diritti_umani.jpg\",\"contentUrl\":\"https:\\\/\\\/www.rassegnastampa-totustuus.it\\\/cattolica\\\/wp-content\\\/uploads\\\/2005\\\/07\\\/diritti_umani.jpg\",\"width\":225,\"height\":225,\"caption\":\"dignit\u00e0 umana e diritti umani\"},{\"@type\":\"BreadcrumbList\",\"@id\":\"https:\\\/\\\/www.rassegnastampa-totustuus.it\\\/cattolica\\\/dai-diritti-delluomo-ai-diritti-della-terra\\\/#breadcrumb\",\"itemListElement\":[{\"@type\":\"ListItem\",\"position\":1,\"name\":\"Home\",\"item\":\"https:\\\/\\\/www.rassegnastampa-totustuus.it\\\/cattolica\\\/\"},{\"@type\":\"ListItem\",\"position\":2,\"name\":\"Dai diritti dell\u2019uomo ai diritti della terra\"}]},{\"@type\":\"WebSite\",\"@id\":\"https:\\\/\\\/www.rassegnastampa-totustuus.it\\\/cattolica\\\/#website\",\"url\":\"https:\\\/\\\/www.rassegnastampa-totustuus.it\\\/cattolica\\\/\",\"name\":\"Rassegna Stampa Cattolica\",\"description\":\"Per una cultura che nasce dalla Rivelazione cristiana in conformit\u00e0 alla tradizione e al Magistero della Chiesa in opposizione ad ogni relativismo e totalitarismo\",\"publisher\":{\"@id\":\"https:\\\/\\\/www.rassegnastampa-totustuus.it\\\/cattolica\\\/#organization\"},\"alternateName\":\"Rass. Cattolica\",\"potentialAction\":[{\"@type\":\"SearchAction\",\"target\":{\"@type\":\"EntryPoint\",\"urlTemplate\":\"https:\\\/\\\/www.rassegnastampa-totustuus.it\\\/cattolica\\\/?s={search_term_string}\"},\"query-input\":{\"@type\":\"PropertyValueSpecification\",\"valueRequired\":true,\"valueName\":\"search_term_string\"}}],\"inLanguage\":\"it-IT\"},{\"@type\":\"Organization\",\"@id\":\"https:\\\/\\\/www.rassegnastampa-totustuus.it\\\/cattolica\\\/#organization\",\"name\":\"Rassegna Stampa Cattolica\",\"url\":\"https:\\\/\\\/www.rassegnastampa-totustuus.it\\\/cattolica\\\/\",\"logo\":{\"@type\":\"ImageObject\",\"inLanguage\":\"it-IT\",\"@id\":\"https:\\\/\\\/www.rassegnastampa-totustuus.it\\\/cattolica\\\/#\\\/schema\\\/logo\\\/image\\\/\",\"url\":\"https:\\\/\\\/www.rassegnastampa-totustuus.it\\\/cattolica\\\/wp-content\\\/uploads\\\/2014\\\/04\\\/logo-rassegna1.gif\",\"contentUrl\":\"https:\\\/\\\/www.rassegnastampa-totustuus.it\\\/cattolica\\\/wp-content\\\/uploads\\\/2014\\\/04\\\/logo-rassegna1.gif\",\"width\":600,\"height\":163,\"caption\":\"Rassegna Stampa Cattolica\"},\"image\":{\"@id\":\"https:\\\/\\\/www.rassegnastampa-totustuus.it\\\/cattolica\\\/#\\\/schema\\\/logo\\\/image\\\/\"},\"sameAs\":[\"https:\\\/\\\/www.facebook.com\\\/rassegnastampacattolica\",\"https:\\\/\\\/x.com\\\/rassegnastampa9\"]},{\"@type\":\"Person\",\"@id\":\"https:\\\/\\\/www.rassegnastampa-totustuus.it\\\/cattolica\\\/#\\\/schema\\\/person\\\/08f319d2bd1a0904ad9e2bfb7b15e5c3\",\"name\":\"Redazione\",\"image\":{\"@type\":\"ImageObject\",\"inLanguage\":\"it-IT\",\"@id\":\"https:\\\/\\\/secure.gravatar.com\\\/avatar\\\/2fcdf27c78ea025fbdb44e914cc63c72249ffec9dc8aafd5c82b26240ef3f346?s=96&d=mm&r=g\",\"url\":\"https:\\\/\\\/secure.gravatar.com\\\/avatar\\\/2fcdf27c78ea025fbdb44e914cc63c72249ffec9dc8aafd5c82b26240ef3f346?s=96&d=mm&r=g\",\"contentUrl\":\"https:\\\/\\\/secure.gravatar.com\\\/avatar\\\/2fcdf27c78ea025fbdb44e914cc63c72249ffec9dc8aafd5c82b26240ef3f346?s=96&d=mm&r=g\",\"caption\":\"Redazione\"},\"url\":\"https:\\\/\\\/www.rassegnastampa-totustuus.it\\\/cattolica\\\/author\\\/pietroelle\\\/\"}]}<\/script>\n<!-- \/ Yoast SEO plugin. -->","yoast_head_json":{"title":"Dai diritti dell\u2019uomo ai diritti della terra - Rassegna Stampa Cattolica","description":"Rassegna Stampa Cattolica - Per una cultura che nasce dalla Rivelazione cristiana in conformit\u00e0 alla tradizione e al Magistero della Chiesa in opposizione ad ogni relativismo e totalitarismo","robots":{"index":"index","follow":"follow","max-snippet":"max-snippet:-1","max-image-preview":"max-image-preview:large","max-video-preview":"max-video-preview:-1"},"canonical":"https:\/\/www.rassegnastampa-totustuus.it\/cattolica\/dai-diritti-delluomo-ai-diritti-della-terra\/","og_locale":"it_IT","og_type":"article","og_title":"Dai diritti dell\u2019uomo ai diritti della terra - Rassegna Stampa Cattolica","og_description":"Rassegna Stampa Cattolica - Per una cultura che nasce dalla Rivelazione cristiana in conformit\u00e0 alla tradizione e al Magistero della Chiesa in opposizione ad ogni relativismo e totalitarismo","og_url":"https:\/\/www.rassegnastampa-totustuus.it\/cattolica\/dai-diritti-delluomo-ai-diritti-della-terra\/","og_site_name":"Rassegna Stampa Cattolica","article_publisher":"https:\/\/www.facebook.com\/rassegnastampacattolica","article_published_time":"2005-07-16T22:00:00+00:00","article_modified_time":"2016-04-13T14:07:35+00:00","og_image":[{"width":225,"height":225,"url":"https:\/\/www.rassegnastampa-totustuus.it\/cattolica\/wp-content\/uploads\/2005\/07\/diritti_umani.jpg","type":"image\/jpeg"}],"author":"Redazione","twitter_card":"summary_large_image","twitter_creator":"@rassegnastampa9","twitter_site":"@rassegnastampa9","twitter_misc":{"Scritto da":"Redazione","Tempo di lettura stimato":"7 minuti"},"schema":{"@context":"https:\/\/schema.org","@graph":[{"@type":"Article","@id":"https:\/\/www.rassegnastampa-totustuus.it\/cattolica\/dai-diritti-delluomo-ai-diritti-della-terra\/#article","isPartOf":{"@id":"https:\/\/www.rassegnastampa-totustuus.it\/cattolica\/dai-diritti-delluomo-ai-diritti-della-terra\/"},"author":{"name":"Redazione","@id":"https:\/\/www.rassegnastampa-totustuus.it\/cattolica\/#\/schema\/person\/08f319d2bd1a0904ad9e2bfb7b15e5c3"},"headline":"Dai diritti dell\u2019uomo ai diritti della terra","datePublished":"2005-07-16T22:00:00+00:00","dateModified":"2016-04-13T14:07:35+00:00","mainEntityOfPage":{"@id":"https:\/\/www.rassegnastampa-totustuus.it\/cattolica\/dai-diritti-delluomo-ai-diritti-della-terra\/"},"wordCount":1520,"publisher":{"@id":"https:\/\/www.rassegnastampa-totustuus.it\/cattolica\/#organization"},"image":{"@id":"https:\/\/www.rassegnastampa-totustuus.it\/cattolica\/dai-diritti-delluomo-ai-diritti-della-terra\/#primaryimage"},"thumbnailUrl":"https:\/\/www.rassegnastampa-totustuus.it\/cattolica\/wp-content\/uploads\/2005\/07\/diritti_umani.jpg","keywords":["dichiarazione diritti umani","Onu"],"articleSection":["L&#39;ONU","Mondialismo"],"inLanguage":"it-IT"},{"@type":"WebPage","@id":"https:\/\/www.rassegnastampa-totustuus.it\/cattolica\/dai-diritti-delluomo-ai-diritti-della-terra\/","url":"https:\/\/www.rassegnastampa-totustuus.it\/cattolica\/dai-diritti-delluomo-ai-diritti-della-terra\/","name":"Dai diritti dell\u2019uomo ai diritti della terra - Rassegna Stampa Cattolica","isPartOf":{"@id":"https:\/\/www.rassegnastampa-totustuus.it\/cattolica\/#website"},"primaryImageOfPage":{"@id":"https:\/\/www.rassegnastampa-totustuus.it\/cattolica\/dai-diritti-delluomo-ai-diritti-della-terra\/#primaryimage"},"image":{"@id":"https:\/\/www.rassegnastampa-totustuus.it\/cattolica\/dai-diritti-delluomo-ai-diritti-della-terra\/#primaryimage"},"thumbnailUrl":"https:\/\/www.rassegnastampa-totustuus.it\/cattolica\/wp-content\/uploads\/2005\/07\/diritti_umani.jpg","datePublished":"2005-07-16T22:00:00+00:00","dateModified":"2016-04-13T14:07:35+00:00","description":"Rassegna Stampa Cattolica - Per una cultura che nasce dalla Rivelazione cristiana in conformit\u00e0 alla tradizione e al Magistero della Chiesa in opposizione ad ogni relativismo e totalitarismo","breadcrumb":{"@id":"https:\/\/www.rassegnastampa-totustuus.it\/cattolica\/dai-diritti-delluomo-ai-diritti-della-terra\/#breadcrumb"},"inLanguage":"it-IT","potentialAction":[{"@type":"ReadAction","target":["https:\/\/www.rassegnastampa-totustuus.it\/cattolica\/dai-diritti-delluomo-ai-diritti-della-terra\/"]}]},{"@type":"ImageObject","inLanguage":"it-IT","@id":"https:\/\/www.rassegnastampa-totustuus.it\/cattolica\/dai-diritti-delluomo-ai-diritti-della-terra\/#primaryimage","url":"https:\/\/www.rassegnastampa-totustuus.it\/cattolica\/wp-content\/uploads\/2005\/07\/diritti_umani.jpg","contentUrl":"https:\/\/www.rassegnastampa-totustuus.it\/cattolica\/wp-content\/uploads\/2005\/07\/diritti_umani.jpg","width":225,"height":225,"caption":"dignit\u00e0 umana e diritti umani"},{"@type":"BreadcrumbList","@id":"https:\/\/www.rassegnastampa-totustuus.it\/cattolica\/dai-diritti-delluomo-ai-diritti-della-terra\/#breadcrumb","itemListElement":[{"@type":"ListItem","position":1,"name":"Home","item":"https:\/\/www.rassegnastampa-totustuus.it\/cattolica\/"},{"@type":"ListItem","position":2,"name":"Dai diritti dell\u2019uomo ai diritti della terra"}]},{"@type":"WebSite","@id":"https:\/\/www.rassegnastampa-totustuus.it\/cattolica\/#website","url":"https:\/\/www.rassegnastampa-totustuus.it\/cattolica\/","name":"Rassegna Stampa Cattolica","description":"Per una cultura che nasce dalla Rivelazione cristiana in conformit\u00e0 alla tradizione e al Magistero della Chiesa in opposizione ad ogni relativismo e totalitarismo","publisher":{"@id":"https:\/\/www.rassegnastampa-totustuus.it\/cattolica\/#organization"},"alternateName":"Rass. Cattolica","potentialAction":[{"@type":"SearchAction","target":{"@type":"EntryPoint","urlTemplate":"https:\/\/www.rassegnastampa-totustuus.it\/cattolica\/?s={search_term_string}"},"query-input":{"@type":"PropertyValueSpecification","valueRequired":true,"valueName":"search_term_string"}}],"inLanguage":"it-IT"},{"@type":"Organization","@id":"https:\/\/www.rassegnastampa-totustuus.it\/cattolica\/#organization","name":"Rassegna Stampa Cattolica","url":"https:\/\/www.rassegnastampa-totustuus.it\/cattolica\/","logo":{"@type":"ImageObject","inLanguage":"it-IT","@id":"https:\/\/www.rassegnastampa-totustuus.it\/cattolica\/#\/schema\/logo\/image\/","url":"https:\/\/www.rassegnastampa-totustuus.it\/cattolica\/wp-content\/uploads\/2014\/04\/logo-rassegna1.gif","contentUrl":"https:\/\/www.rassegnastampa-totustuus.it\/cattolica\/wp-content\/uploads\/2014\/04\/logo-rassegna1.gif","width":600,"height":163,"caption":"Rassegna Stampa Cattolica"},"image":{"@id":"https:\/\/www.rassegnastampa-totustuus.it\/cattolica\/#\/schema\/logo\/image\/"},"sameAs":["https:\/\/www.facebook.com\/rassegnastampacattolica","https:\/\/x.com\/rassegnastampa9"]},{"@type":"Person","@id":"https:\/\/www.rassegnastampa-totustuus.it\/cattolica\/#\/schema\/person\/08f319d2bd1a0904ad9e2bfb7b15e5c3","name":"Redazione","image":{"@type":"ImageObject","inLanguage":"it-IT","@id":"https:\/\/secure.gravatar.com\/avatar\/2fcdf27c78ea025fbdb44e914cc63c72249ffec9dc8aafd5c82b26240ef3f346?s=96&d=mm&r=g","url":"https:\/\/secure.gravatar.com\/avatar\/2fcdf27c78ea025fbdb44e914cc63c72249ffec9dc8aafd5c82b26240ef3f346?s=96&d=mm&r=g","contentUrl":"https:\/\/secure.gravatar.com\/avatar\/2fcdf27c78ea025fbdb44e914cc63c72249ffec9dc8aafd5c82b26240ef3f346?s=96&d=mm&r=g","caption":"Redazione"},"url":"https:\/\/www.rassegnastampa-totustuus.it\/cattolica\/author\/pietroelle\/"}]}},"_links":{"self":[{"href":"https:\/\/www.rassegnastampa-totustuus.it\/cattolica\/wp-json\/wp\/v2\/posts\/926","targetHints":{"allow":["GET"]}}],"collection":[{"href":"https:\/\/www.rassegnastampa-totustuus.it\/cattolica\/wp-json\/wp\/v2\/posts"}],"about":[{"href":"https:\/\/www.rassegnastampa-totustuus.it\/cattolica\/wp-json\/wp\/v2\/types\/post"}],"author":[{"embeddable":true,"href":"https:\/\/www.rassegnastampa-totustuus.it\/cattolica\/wp-json\/wp\/v2\/users\/6"}],"replies":[{"embeddable":true,"href":"https:\/\/www.rassegnastampa-totustuus.it\/cattolica\/wp-json\/wp\/v2\/comments?post=926"}],"version-history":[{"count":4,"href":"https:\/\/www.rassegnastampa-totustuus.it\/cattolica\/wp-json\/wp\/v2\/posts\/926\/revisions"}],"predecessor-version":[{"id":32865,"href":"https:\/\/www.rassegnastampa-totustuus.it\/cattolica\/wp-json\/wp\/v2\/posts\/926\/revisions\/32865"}],"wp:featuredmedia":[{"embeddable":true,"href":"https:\/\/www.rassegnastampa-totustuus.it\/cattolica\/wp-json\/wp\/v2\/media\/32862"}],"wp:attachment":[{"href":"https:\/\/www.rassegnastampa-totustuus.it\/cattolica\/wp-json\/wp\/v2\/media?parent=926"}],"wp:term":[{"taxonomy":"category","embeddable":true,"href":"https:\/\/www.rassegnastampa-totustuus.it\/cattolica\/wp-json\/wp\/v2\/categories?post=926"},{"taxonomy":"post_tag","embeddable":true,"href":"https:\/\/www.rassegnastampa-totustuus.it\/cattolica\/wp-json\/wp\/v2\/tags?post=926"}],"curies":[{"name":"wp","href":"https:\/\/api.w.org\/{rel}","templated":true}]}}