{"id":925,"date":"2005-07-17T00:00:00","date_gmt":"2005-07-16T22:00:00","guid":{"rendered":""},"modified":"2016-04-13T16:02:31","modified_gmt":"2016-04-13T14:02:31","slug":"lagenzia-che-nutre-solo-se-stessa-la-fao","status":"publish","type":"post","link":"https:\/\/www.rassegnastampa-totustuus.it\/cattolica\/lagenzia-che-nutre-solo-se-stessa-la-fao\/","title":{"rendered":"L&#8217;agenzia che nutre solo se stessa (la Fao)"},"content":{"rendered":"<div style=\"text-align: center;\">\u00a0<img loading=\"lazy\" decoding=\"async\" class=\"alignright wp-image-32859\" src=\"https:\/\/www.rassegnastampa-totustuus.it\/cattolica\/wp-content\/uploads\/2005\/07\/Fao_conferenza.jpg\" alt=\"Fao_conferenza\" width=\"250\" height=\"150\" \/>Articolo pubblicato su <strong>Il Giornale<\/strong>,<\/div>\n<div style=\"text-align: center;\">\u00a09 dicembre 2004<\/div>\n<p style=\"text-align: center;\">di <strong>Livio Caputo<\/strong><\/p>\n<p><!--more--><\/p>\n<div style=\"text-align: justify;\">La Fao, l&#8217;agenzia delle Nazioni Unite per la lotta alla fame nel mondo, ha lanciato ieri una delle sue periodiche grida di allarme: cinque milioni di bambini muoiono ogni anno di fame, altri 20 milioni nascono sottopeso e rischiano di diventare handicappati, 852 milioni di persone (di cui 815 nei Paesi sottosviluppati ma anche 9 in quelli industrializzati) non ricevono una alimentazione sufficiente.<\/div>\n<p style=\"text-align: justify;\">L&#8217;aspetto pi\u00f9 allarmante di questa nuova statistica \u00e8 che, quando il direttore Diouf dichiar\u00f2, in occasione del vertice mondiale di Roma del 2002, che \u00abla lotta alla fame \u00e8 un fallimento collettivo\u00bb, gli affamati erano appena 820 milioni e coloro che morivano d&#8217;inedia 8.760.000, compresi tutti gli adulti.<\/p>\n<p style=\"text-align: justify;\">Dato e non concesso che queste cifre corrispondano alla realt\u00e0, viene da chiedersi che cosa abbiano combinato, nel frattempo, non solo la Fao, ma anche i governi che affermano di interessarsi del problema e le innumerevoli Ong che essi finanziano. L&#8217;agenzia dell&#8217;Onu, in particolare, \u00e8 considerata un carrozzone burocratico che spende pi\u00f9 della met\u00e0 delle sue entrate per le proprie esigenze.<\/p>\n<p style=\"text-align: justify;\">Forse \u00e8 venuto il momento di guardare in faccia la realt\u00e0 in maniera meno \u00abpoliticamente corretta\u00bb e di distribuire meglio le responsabilit\u00e0. Potremmo partire dalle recenti dichiarazioni del cardinale nigeriano Francis Grinze sull&#8217;argomento.<\/p>\n<p style=\"text-align: justify;\">Dopo avere attribuito la colpa di molte carestie africane alle tante guerre, \u00abche distruggono le coltivazioni e tolgono braccia all&#8217;agricoltura\u00bb, ha detto testualmente: \u00abC&#8217;\u00e8 una grande fuga dai campi: i giovani non hanno pi\u00f9 voglia di coltivare i campi con i mezzi che si usavano cent&#8217;anni fa! Perci\u00f2 si stancano e decidono di emigrare\u00bb. Alla domanda su quali possano essere i rimedi, ha risposto: \u00abMaggiore solidariet\u00e0 internazionale e migliore governo dei Paesi del Sud\u00bb.<\/p>\n<p style=\"text-align: justify;\">Cominciamo dalla solidariet\u00e0 internazionale. \u00c8 vero che, quando si ha a che fare con una tragedia cos\u00ec grande, essa non basta mai, e che le barriere doganali e sanitarie erette dai Paesi industrializzati nei confronti di un certo numero di prodotti africani danneggiano gli agricoltori del continente nero. Ma bisogna anche ricordare che i tanto vituperati Stati Uniti d&#8217;America mantengono da soli 9 milioni di bambini in 40 Paesi del mondo, che gli aiuti alimentari degli Usa e dell&#8217;Unione Europea tengono in vita intere popolazioni, dall&#8217;Etiopia allo Zimbabwe al Sudan, e che non c&#8217;\u00e8 emergenza cui non cerchino di far fronte.<\/p>\n<p style=\"text-align: justify;\">C&#8217;\u00e8 addirittura chi sostiene che questo continuo flusso di prodotti alimentari gratuiti verso il Terzo Mondo sia una delle ragioni per cui questo non \u00e8 pi\u00f9, come un tempo, autosufficiente. Ricordo, in proposito, quanto mi raccont\u00f2 anni fa il capo di una squadra di agronomi svedesi che si erano assunti il compito di insegnare a una trib\u00f9 della Tanzania metodi di coltivazione pi\u00f9 avanzati: quando riuscirono a raddoppiare il raccolto, il capo li chiam\u00f2 per ringraziarli, perch\u00e9 cos\u00ec l&#8217;anno successivo \u00abnon avrebbero pi\u00f9 avuto bisogno di seminare\u00bb.<\/p>\n<p style=\"text-align: justify;\">Gravissime sono invece le responsabilit\u00e0 della classe dirigente africana. Un esempio per tutti, lo Zimbabwe: quando era possedimento britannico, e ancor di pi\u00f9 nei quattordici anni di indipendenza sotto un governo di coloni, era uno dei grandi esportatori di prodotti agricoli del continente e tutti avevano da mangiare a sufficienza. In venticinque anni il presidente Mugabe lo ha mandato in rovina e oggi vive della carit\u00e0 internazionale.<\/p>\n<p style=\"text-align: justify;\">La ragione principale, se non unica, di questo drammatico declino \u00e8 l&#8217;esproprio e la cacciata degli agricoltori bianchi e la consegna delle loro terre a sedicenti \u00abcombattenti per la libert\u00e0\u00bb che non avevano la pi\u00f9 vaga idea di come si gestisce un&#8217;azienda.<\/p>\n<p style=\"text-align: justify;\">Si ha un bel dire che bisogna aiutare le popolazioni africane a uscire dal sottosviluppo, ma \u00e8 necessaria anche la loro collaborazione. Se i giovani decidono di tentare l&#8217;avventura in Europa piuttosto di lavorare la terra, come dice il cardinale Arinze, ci deve essere qualcosa di sbagliato. \u00c8 assurdo che, pur con i suoi deserti, le sue foreste tropicali, le sue invasioni di locuste e le sue croniche siccit\u00e0, un continente vasto come l&#8217;Africa non riesca a nutrire la sua popolazione.<\/p>\n<p style=\"text-align: justify;\">Se i prodotti geneticamente modificati, che suscitano tante (e spesso assurde) polemiche in casa nostra, possono essere d&#8217;aiuto perch\u00e9 pi\u00f9 resistenti e pi\u00f9 redditizi, li si adotti ovunque senza ulteriori indugi. Se \u00e8 l&#8217;imperizia dei coltivatori a impedire un aumento della produttivit\u00e0, si spenda almeno una parte dei miliardi che vanno a varie forme di cooperazione pi\u00f9 o meno utili per far fare loro il balzo di secoli necessario a utilizzare metodi pi\u00f9 moderni.<\/p>\n<p style=\"text-align: justify;\">Si prema, soprattutto, sui governi che non hanno ancora riconosciuto legalmente i diritti di propriet\u00e0 sulla terra, e perci\u00f2 privano i coltivatori della possibilit\u00e0 di contrarre prestiti per l&#8217;acquisto di sementi e macchinari, perch\u00e9 adeguino le rispettive legislazioni alle esigenze del terzo millennio<\/p>\n<p style=\"text-align: justify;\">La Fao fa bene a ricordarci, di tanto in tanto, la tragedia della fame nel mondo. Ma non culliamoci nell&#8217;illusione di poterla curare mandando 100 euro a una Ong, o anche aumentando la percentuale del Pil destinata agli aiuti. Questo pu\u00f2 servire ad attenuare i nostri spesso ingiustificati sensi di colpa. Ma se vogliono uscire dalla loro condizione di miseria, i popoli del Terzo Mondo in generale, e dell&#8217;Africa in particolare, devono cambiare metodi, abitudini e atteggiamenti.<\/p>\n","protected":false},"excerpt":{"rendered":"<p>\u00a0Articolo pubblicato su Il Giornale, \u00a09 dicembre 2004 di Livio Caputo<\/p><p><a class=\"more-link btn\" href=\"https:\/\/www.rassegnastampa-totustuus.it\/cattolica\/lagenzia-che-nutre-solo-se-stessa-la-fao\/\">Continua a leggere<\/a><\/p>\n","protected":false},"author":6,"featured_media":32859,"comment_status":"closed","ping_status":"open","sticky":false,"template":"","format":"standard","meta":{"footnotes":""},"categories":[104],"tags":[828],"class_list":["post-925","post","type-post","status-publish","format-standard","has-post-thumbnail","hentry","category-lonu","tag-fao","item-wrap"],"yoast_head":"<!-- This site is optimized with the Yoast SEO plugin v27.5 - https:\/\/yoast.com\/product\/yoast-seo-wordpress\/ -->\n<title>L&#039;agenzia che nutre solo se stessa (la Fao) - Rassegna Stampa Cattolica<\/title>\n<meta name=\"description\" content=\"Rassegna Stampa Cattolica - Per una cultura che nasce dalla Rivelazione cristiana in conformit\u00e0 alla tradizione e al Magistero della Chiesa in opposizione ad ogni relativismo e totalitarismo\" \/>\n<meta name=\"robots\" content=\"index, follow, max-snippet:-1, max-image-preview:large, max-video-preview:-1\" \/>\n<link rel=\"canonical\" href=\"https:\/\/www.rassegnastampa-totustuus.it\/cattolica\/lagenzia-che-nutre-solo-se-stessa-la-fao\/\" \/>\n<meta property=\"og:locale\" content=\"it_IT\" \/>\n<meta property=\"og:type\" content=\"article\" \/>\n<meta property=\"og:title\" content=\"L&#039;agenzia che nutre solo se stessa (la Fao) - Rassegna Stampa Cattolica\" \/>\n<meta property=\"og:description\" content=\"Rassegna Stampa Cattolica - Per una cultura che nasce dalla Rivelazione cristiana in conformit\u00e0 alla tradizione e al Magistero della Chiesa in opposizione ad ogni relativismo e totalitarismo\" \/>\n<meta property=\"og:url\" content=\"https:\/\/www.rassegnastampa-totustuus.it\/cattolica\/lagenzia-che-nutre-solo-se-stessa-la-fao\/\" \/>\n<meta property=\"og:site_name\" content=\"Rassegna Stampa Cattolica\" \/>\n<meta property=\"article:publisher\" content=\"https:\/\/www.facebook.com\/rassegnastampacattolica\" \/>\n<meta property=\"article:published_time\" content=\"2005-07-16T22:00:00+00:00\" \/>\n<meta property=\"article:modified_time\" content=\"2016-04-13T14:02:31+00:00\" \/>\n<meta property=\"og:image\" content=\"https:\/\/www.rassegnastampa-totustuus.it\/cattolica\/wp-content\/uploads\/2005\/07\/Fao_conferenza.jpg\" \/>\n\t<meta property=\"og:image:width\" content=\"290\" \/>\n\t<meta property=\"og:image:height\" content=\"174\" \/>\n\t<meta property=\"og:image:type\" content=\"image\/jpeg\" \/>\n<meta name=\"author\" content=\"Redazione\" \/>\n<meta name=\"twitter:card\" content=\"summary_large_image\" \/>\n<meta name=\"twitter:creator\" content=\"@rassegnastampa9\" \/>\n<meta name=\"twitter:site\" content=\"@rassegnastampa9\" \/>\n<meta name=\"twitter:label1\" content=\"Scritto da\" \/>\n\t<meta name=\"twitter:data1\" content=\"Redazione\" \/>\n\t<meta name=\"twitter:label2\" content=\"Tempo di lettura stimato\" \/>\n\t<meta name=\"twitter:data2\" content=\"4 minuti\" \/>\n<script type=\"application\/ld+json\" class=\"yoast-schema-graph\">{\"@context\":\"https:\\\/\\\/schema.org\",\"@graph\":[{\"@type\":\"Article\",\"@id\":\"https:\\\/\\\/www.rassegnastampa-totustuus.it\\\/cattolica\\\/lagenzia-che-nutre-solo-se-stessa-la-fao\\\/#article\",\"isPartOf\":{\"@id\":\"https:\\\/\\\/www.rassegnastampa-totustuus.it\\\/cattolica\\\/lagenzia-che-nutre-solo-se-stessa-la-fao\\\/\"},\"author\":{\"name\":\"Redazione\",\"@id\":\"https:\\\/\\\/www.rassegnastampa-totustuus.it\\\/cattolica\\\/#\\\/schema\\\/person\\\/08f319d2bd1a0904ad9e2bfb7b15e5c3\"},\"headline\":\"L&#8217;agenzia che nutre solo se stessa (la Fao)\",\"datePublished\":\"2005-07-16T22:00:00+00:00\",\"dateModified\":\"2016-04-13T14:02:31+00:00\",\"mainEntityOfPage\":{\"@id\":\"https:\\\/\\\/www.rassegnastampa-totustuus.it\\\/cattolica\\\/lagenzia-che-nutre-solo-se-stessa-la-fao\\\/\"},\"wordCount\":870,\"publisher\":{\"@id\":\"https:\\\/\\\/www.rassegnastampa-totustuus.it\\\/cattolica\\\/#organization\"},\"image\":{\"@id\":\"https:\\\/\\\/www.rassegnastampa-totustuus.it\\\/cattolica\\\/lagenzia-che-nutre-solo-se-stessa-la-fao\\\/#primaryimage\"},\"thumbnailUrl\":\"https:\\\/\\\/www.rassegnastampa-totustuus.it\\\/cattolica\\\/wp-content\\\/uploads\\\/2005\\\/07\\\/Fao_conferenza.jpg\",\"keywords\":[\"Fao\"],\"articleSection\":[\"L&#39;ONU\"],\"inLanguage\":\"it-IT\"},{\"@type\":\"WebPage\",\"@id\":\"https:\\\/\\\/www.rassegnastampa-totustuus.it\\\/cattolica\\\/lagenzia-che-nutre-solo-se-stessa-la-fao\\\/\",\"url\":\"https:\\\/\\\/www.rassegnastampa-totustuus.it\\\/cattolica\\\/lagenzia-che-nutre-solo-se-stessa-la-fao\\\/\",\"name\":\"L'agenzia che nutre solo se stessa (la Fao) - Rassegna Stampa Cattolica\",\"isPartOf\":{\"@id\":\"https:\\\/\\\/www.rassegnastampa-totustuus.it\\\/cattolica\\\/#website\"},\"primaryImageOfPage\":{\"@id\":\"https:\\\/\\\/www.rassegnastampa-totustuus.it\\\/cattolica\\\/lagenzia-che-nutre-solo-se-stessa-la-fao\\\/#primaryimage\"},\"image\":{\"@id\":\"https:\\\/\\\/www.rassegnastampa-totustuus.it\\\/cattolica\\\/lagenzia-che-nutre-solo-se-stessa-la-fao\\\/#primaryimage\"},\"thumbnailUrl\":\"https:\\\/\\\/www.rassegnastampa-totustuus.it\\\/cattolica\\\/wp-content\\\/uploads\\\/2005\\\/07\\\/Fao_conferenza.jpg\",\"datePublished\":\"2005-07-16T22:00:00+00:00\",\"dateModified\":\"2016-04-13T14:02:31+00:00\",\"description\":\"Rassegna Stampa Cattolica - Per una cultura che nasce dalla Rivelazione cristiana in conformit\u00e0 alla tradizione e al Magistero della Chiesa in opposizione ad ogni relativismo e totalitarismo\",\"breadcrumb\":{\"@id\":\"https:\\\/\\\/www.rassegnastampa-totustuus.it\\\/cattolica\\\/lagenzia-che-nutre-solo-se-stessa-la-fao\\\/#breadcrumb\"},\"inLanguage\":\"it-IT\",\"potentialAction\":[{\"@type\":\"ReadAction\",\"target\":[\"https:\\\/\\\/www.rassegnastampa-totustuus.it\\\/cattolica\\\/lagenzia-che-nutre-solo-se-stessa-la-fao\\\/\"]}]},{\"@type\":\"ImageObject\",\"inLanguage\":\"it-IT\",\"@id\":\"https:\\\/\\\/www.rassegnastampa-totustuus.it\\\/cattolica\\\/lagenzia-che-nutre-solo-se-stessa-la-fao\\\/#primaryimage\",\"url\":\"https:\\\/\\\/www.rassegnastampa-totustuus.it\\\/cattolica\\\/wp-content\\\/uploads\\\/2005\\\/07\\\/Fao_conferenza.jpg\",\"contentUrl\":\"https:\\\/\\\/www.rassegnastampa-totustuus.it\\\/cattolica\\\/wp-content\\\/uploads\\\/2005\\\/07\\\/Fao_conferenza.jpg\",\"width\":290,\"height\":174},{\"@type\":\"BreadcrumbList\",\"@id\":\"https:\\\/\\\/www.rassegnastampa-totustuus.it\\\/cattolica\\\/lagenzia-che-nutre-solo-se-stessa-la-fao\\\/#breadcrumb\",\"itemListElement\":[{\"@type\":\"ListItem\",\"position\":1,\"name\":\"Home\",\"item\":\"https:\\\/\\\/www.rassegnastampa-totustuus.it\\\/cattolica\\\/\"},{\"@type\":\"ListItem\",\"position\":2,\"name\":\"L&#8217;agenzia che nutre solo se stessa (la Fao)\"}]},{\"@type\":\"WebSite\",\"@id\":\"https:\\\/\\\/www.rassegnastampa-totustuus.it\\\/cattolica\\\/#website\",\"url\":\"https:\\\/\\\/www.rassegnastampa-totustuus.it\\\/cattolica\\\/\",\"name\":\"Rassegna Stampa Cattolica\",\"description\":\"Per una cultura che nasce dalla Rivelazione cristiana in conformit\u00e0 alla tradizione e al Magistero della Chiesa in opposizione ad ogni relativismo e totalitarismo\",\"publisher\":{\"@id\":\"https:\\\/\\\/www.rassegnastampa-totustuus.it\\\/cattolica\\\/#organization\"},\"alternateName\":\"Rass. Cattolica\",\"potentialAction\":[{\"@type\":\"SearchAction\",\"target\":{\"@type\":\"EntryPoint\",\"urlTemplate\":\"https:\\\/\\\/www.rassegnastampa-totustuus.it\\\/cattolica\\\/?s={search_term_string}\"},\"query-input\":{\"@type\":\"PropertyValueSpecification\",\"valueRequired\":true,\"valueName\":\"search_term_string\"}}],\"inLanguage\":\"it-IT\"},{\"@type\":\"Organization\",\"@id\":\"https:\\\/\\\/www.rassegnastampa-totustuus.it\\\/cattolica\\\/#organization\",\"name\":\"Rassegna Stampa Cattolica\",\"url\":\"https:\\\/\\\/www.rassegnastampa-totustuus.it\\\/cattolica\\\/\",\"logo\":{\"@type\":\"ImageObject\",\"inLanguage\":\"it-IT\",\"@id\":\"https:\\\/\\\/www.rassegnastampa-totustuus.it\\\/cattolica\\\/#\\\/schema\\\/logo\\\/image\\\/\",\"url\":\"https:\\\/\\\/www.rassegnastampa-totustuus.it\\\/cattolica\\\/wp-content\\\/uploads\\\/2014\\\/04\\\/logo-rassegna1.gif\",\"contentUrl\":\"https:\\\/\\\/www.rassegnastampa-totustuus.it\\\/cattolica\\\/wp-content\\\/uploads\\\/2014\\\/04\\\/logo-rassegna1.gif\",\"width\":600,\"height\":163,\"caption\":\"Rassegna Stampa Cattolica\"},\"image\":{\"@id\":\"https:\\\/\\\/www.rassegnastampa-totustuus.it\\\/cattolica\\\/#\\\/schema\\\/logo\\\/image\\\/\"},\"sameAs\":[\"https:\\\/\\\/www.facebook.com\\\/rassegnastampacattolica\",\"https:\\\/\\\/x.com\\\/rassegnastampa9\"]},{\"@type\":\"Person\",\"@id\":\"https:\\\/\\\/www.rassegnastampa-totustuus.it\\\/cattolica\\\/#\\\/schema\\\/person\\\/08f319d2bd1a0904ad9e2bfb7b15e5c3\",\"name\":\"Redazione\",\"image\":{\"@type\":\"ImageObject\",\"inLanguage\":\"it-IT\",\"@id\":\"https:\\\/\\\/secure.gravatar.com\\\/avatar\\\/2fcdf27c78ea025fbdb44e914cc63c72249ffec9dc8aafd5c82b26240ef3f346?s=96&d=mm&r=g\",\"url\":\"https:\\\/\\\/secure.gravatar.com\\\/avatar\\\/2fcdf27c78ea025fbdb44e914cc63c72249ffec9dc8aafd5c82b26240ef3f346?s=96&d=mm&r=g\",\"contentUrl\":\"https:\\\/\\\/secure.gravatar.com\\\/avatar\\\/2fcdf27c78ea025fbdb44e914cc63c72249ffec9dc8aafd5c82b26240ef3f346?s=96&d=mm&r=g\",\"caption\":\"Redazione\"},\"url\":\"https:\\\/\\\/www.rassegnastampa-totustuus.it\\\/cattolica\\\/author\\\/pietroelle\\\/\"}]}<\/script>\n<!-- \/ Yoast SEO plugin. -->","yoast_head_json":{"title":"L'agenzia che nutre solo se stessa (la Fao) - Rassegna Stampa Cattolica","description":"Rassegna Stampa Cattolica - Per una cultura che nasce dalla Rivelazione cristiana in conformit\u00e0 alla tradizione e al Magistero della Chiesa in opposizione ad ogni relativismo e totalitarismo","robots":{"index":"index","follow":"follow","max-snippet":"max-snippet:-1","max-image-preview":"max-image-preview:large","max-video-preview":"max-video-preview:-1"},"canonical":"https:\/\/www.rassegnastampa-totustuus.it\/cattolica\/lagenzia-che-nutre-solo-se-stessa-la-fao\/","og_locale":"it_IT","og_type":"article","og_title":"L'agenzia che nutre solo se stessa (la Fao) - Rassegna Stampa Cattolica","og_description":"Rassegna Stampa Cattolica - Per una cultura che nasce dalla Rivelazione cristiana in conformit\u00e0 alla tradizione e al Magistero della Chiesa in opposizione ad ogni relativismo e totalitarismo","og_url":"https:\/\/www.rassegnastampa-totustuus.it\/cattolica\/lagenzia-che-nutre-solo-se-stessa-la-fao\/","og_site_name":"Rassegna Stampa Cattolica","article_publisher":"https:\/\/www.facebook.com\/rassegnastampacattolica","article_published_time":"2005-07-16T22:00:00+00:00","article_modified_time":"2016-04-13T14:02:31+00:00","og_image":[{"width":290,"height":174,"url":"https:\/\/www.rassegnastampa-totustuus.it\/cattolica\/wp-content\/uploads\/2005\/07\/Fao_conferenza.jpg","type":"image\/jpeg"}],"author":"Redazione","twitter_card":"summary_large_image","twitter_creator":"@rassegnastampa9","twitter_site":"@rassegnastampa9","twitter_misc":{"Scritto da":"Redazione","Tempo di lettura stimato":"4 minuti"},"schema":{"@context":"https:\/\/schema.org","@graph":[{"@type":"Article","@id":"https:\/\/www.rassegnastampa-totustuus.it\/cattolica\/lagenzia-che-nutre-solo-se-stessa-la-fao\/#article","isPartOf":{"@id":"https:\/\/www.rassegnastampa-totustuus.it\/cattolica\/lagenzia-che-nutre-solo-se-stessa-la-fao\/"},"author":{"name":"Redazione","@id":"https:\/\/www.rassegnastampa-totustuus.it\/cattolica\/#\/schema\/person\/08f319d2bd1a0904ad9e2bfb7b15e5c3"},"headline":"L&#8217;agenzia che nutre solo se stessa (la Fao)","datePublished":"2005-07-16T22:00:00+00:00","dateModified":"2016-04-13T14:02:31+00:00","mainEntityOfPage":{"@id":"https:\/\/www.rassegnastampa-totustuus.it\/cattolica\/lagenzia-che-nutre-solo-se-stessa-la-fao\/"},"wordCount":870,"publisher":{"@id":"https:\/\/www.rassegnastampa-totustuus.it\/cattolica\/#organization"},"image":{"@id":"https:\/\/www.rassegnastampa-totustuus.it\/cattolica\/lagenzia-che-nutre-solo-se-stessa-la-fao\/#primaryimage"},"thumbnailUrl":"https:\/\/www.rassegnastampa-totustuus.it\/cattolica\/wp-content\/uploads\/2005\/07\/Fao_conferenza.jpg","keywords":["Fao"],"articleSection":["L&#39;ONU"],"inLanguage":"it-IT"},{"@type":"WebPage","@id":"https:\/\/www.rassegnastampa-totustuus.it\/cattolica\/lagenzia-che-nutre-solo-se-stessa-la-fao\/","url":"https:\/\/www.rassegnastampa-totustuus.it\/cattolica\/lagenzia-che-nutre-solo-se-stessa-la-fao\/","name":"L'agenzia che nutre solo se stessa (la Fao) - Rassegna Stampa Cattolica","isPartOf":{"@id":"https:\/\/www.rassegnastampa-totustuus.it\/cattolica\/#website"},"primaryImageOfPage":{"@id":"https:\/\/www.rassegnastampa-totustuus.it\/cattolica\/lagenzia-che-nutre-solo-se-stessa-la-fao\/#primaryimage"},"image":{"@id":"https:\/\/www.rassegnastampa-totustuus.it\/cattolica\/lagenzia-che-nutre-solo-se-stessa-la-fao\/#primaryimage"},"thumbnailUrl":"https:\/\/www.rassegnastampa-totustuus.it\/cattolica\/wp-content\/uploads\/2005\/07\/Fao_conferenza.jpg","datePublished":"2005-07-16T22:00:00+00:00","dateModified":"2016-04-13T14:02:31+00:00","description":"Rassegna Stampa Cattolica - Per una cultura che nasce dalla Rivelazione cristiana in conformit\u00e0 alla tradizione e al Magistero della Chiesa in opposizione ad ogni relativismo e totalitarismo","breadcrumb":{"@id":"https:\/\/www.rassegnastampa-totustuus.it\/cattolica\/lagenzia-che-nutre-solo-se-stessa-la-fao\/#breadcrumb"},"inLanguage":"it-IT","potentialAction":[{"@type":"ReadAction","target":["https:\/\/www.rassegnastampa-totustuus.it\/cattolica\/lagenzia-che-nutre-solo-se-stessa-la-fao\/"]}]},{"@type":"ImageObject","inLanguage":"it-IT","@id":"https:\/\/www.rassegnastampa-totustuus.it\/cattolica\/lagenzia-che-nutre-solo-se-stessa-la-fao\/#primaryimage","url":"https:\/\/www.rassegnastampa-totustuus.it\/cattolica\/wp-content\/uploads\/2005\/07\/Fao_conferenza.jpg","contentUrl":"https:\/\/www.rassegnastampa-totustuus.it\/cattolica\/wp-content\/uploads\/2005\/07\/Fao_conferenza.jpg","width":290,"height":174},{"@type":"BreadcrumbList","@id":"https:\/\/www.rassegnastampa-totustuus.it\/cattolica\/lagenzia-che-nutre-solo-se-stessa-la-fao\/#breadcrumb","itemListElement":[{"@type":"ListItem","position":1,"name":"Home","item":"https:\/\/www.rassegnastampa-totustuus.it\/cattolica\/"},{"@type":"ListItem","position":2,"name":"L&#8217;agenzia che nutre solo se stessa (la Fao)"}]},{"@type":"WebSite","@id":"https:\/\/www.rassegnastampa-totustuus.it\/cattolica\/#website","url":"https:\/\/www.rassegnastampa-totustuus.it\/cattolica\/","name":"Rassegna Stampa Cattolica","description":"Per una cultura che nasce dalla Rivelazione cristiana in conformit\u00e0 alla tradizione e al Magistero della Chiesa in opposizione ad ogni relativismo e totalitarismo","publisher":{"@id":"https:\/\/www.rassegnastampa-totustuus.it\/cattolica\/#organization"},"alternateName":"Rass. Cattolica","potentialAction":[{"@type":"SearchAction","target":{"@type":"EntryPoint","urlTemplate":"https:\/\/www.rassegnastampa-totustuus.it\/cattolica\/?s={search_term_string}"},"query-input":{"@type":"PropertyValueSpecification","valueRequired":true,"valueName":"search_term_string"}}],"inLanguage":"it-IT"},{"@type":"Organization","@id":"https:\/\/www.rassegnastampa-totustuus.it\/cattolica\/#organization","name":"Rassegna Stampa Cattolica","url":"https:\/\/www.rassegnastampa-totustuus.it\/cattolica\/","logo":{"@type":"ImageObject","inLanguage":"it-IT","@id":"https:\/\/www.rassegnastampa-totustuus.it\/cattolica\/#\/schema\/logo\/image\/","url":"https:\/\/www.rassegnastampa-totustuus.it\/cattolica\/wp-content\/uploads\/2014\/04\/logo-rassegna1.gif","contentUrl":"https:\/\/www.rassegnastampa-totustuus.it\/cattolica\/wp-content\/uploads\/2014\/04\/logo-rassegna1.gif","width":600,"height":163,"caption":"Rassegna Stampa Cattolica"},"image":{"@id":"https:\/\/www.rassegnastampa-totustuus.it\/cattolica\/#\/schema\/logo\/image\/"},"sameAs":["https:\/\/www.facebook.com\/rassegnastampacattolica","https:\/\/x.com\/rassegnastampa9"]},{"@type":"Person","@id":"https:\/\/www.rassegnastampa-totustuus.it\/cattolica\/#\/schema\/person\/08f319d2bd1a0904ad9e2bfb7b15e5c3","name":"Redazione","image":{"@type":"ImageObject","inLanguage":"it-IT","@id":"https:\/\/secure.gravatar.com\/avatar\/2fcdf27c78ea025fbdb44e914cc63c72249ffec9dc8aafd5c82b26240ef3f346?s=96&d=mm&r=g","url":"https:\/\/secure.gravatar.com\/avatar\/2fcdf27c78ea025fbdb44e914cc63c72249ffec9dc8aafd5c82b26240ef3f346?s=96&d=mm&r=g","contentUrl":"https:\/\/secure.gravatar.com\/avatar\/2fcdf27c78ea025fbdb44e914cc63c72249ffec9dc8aafd5c82b26240ef3f346?s=96&d=mm&r=g","caption":"Redazione"},"url":"https:\/\/www.rassegnastampa-totustuus.it\/cattolica\/author\/pietroelle\/"}]}},"_links":{"self":[{"href":"https:\/\/www.rassegnastampa-totustuus.it\/cattolica\/wp-json\/wp\/v2\/posts\/925","targetHints":{"allow":["GET"]}}],"collection":[{"href":"https:\/\/www.rassegnastampa-totustuus.it\/cattolica\/wp-json\/wp\/v2\/posts"}],"about":[{"href":"https:\/\/www.rassegnastampa-totustuus.it\/cattolica\/wp-json\/wp\/v2\/types\/post"}],"author":[{"embeddable":true,"href":"https:\/\/www.rassegnastampa-totustuus.it\/cattolica\/wp-json\/wp\/v2\/users\/6"}],"replies":[{"embeddable":true,"href":"https:\/\/www.rassegnastampa-totustuus.it\/cattolica\/wp-json\/wp\/v2\/comments?post=925"}],"version-history":[{"count":4,"href":"https:\/\/www.rassegnastampa-totustuus.it\/cattolica\/wp-json\/wp\/v2\/posts\/925\/revisions"}],"predecessor-version":[{"id":32860,"href":"https:\/\/www.rassegnastampa-totustuus.it\/cattolica\/wp-json\/wp\/v2\/posts\/925\/revisions\/32860"}],"wp:featuredmedia":[{"embeddable":true,"href":"https:\/\/www.rassegnastampa-totustuus.it\/cattolica\/wp-json\/wp\/v2\/media\/32859"}],"wp:attachment":[{"href":"https:\/\/www.rassegnastampa-totustuus.it\/cattolica\/wp-json\/wp\/v2\/media?parent=925"}],"wp:term":[{"taxonomy":"category","embeddable":true,"href":"https:\/\/www.rassegnastampa-totustuus.it\/cattolica\/wp-json\/wp\/v2\/categories?post=925"},{"taxonomy":"post_tag","embeddable":true,"href":"https:\/\/www.rassegnastampa-totustuus.it\/cattolica\/wp-json\/wp\/v2\/tags?post=925"}],"curies":[{"name":"wp","href":"https:\/\/api.w.org\/{rel}","templated":true}]}}