{"id":924,"date":"2005-07-17T00:00:00","date_gmt":"2005-07-16T22:00:00","guid":{"rendered":""},"modified":"2016-02-03T10:57:45","modified_gmt":"2016-02-03T09:57:45","slug":"gli-inutili-diktat-di-annan-e-la-crisi-dellonu","status":"publish","type":"post","link":"https:\/\/www.rassegnastampa-totustuus.it\/cattolica\/gli-inutili-diktat-di-annan-e-la-crisi-dellonu\/","title":{"rendered":"Gli inutili diktat di Annan e la crisi dell&#8217;Onu"},"content":{"rendered":"<div style=\"text-align: center;\">\n<div id=\"attachment_30152\" style=\"width: 250px\" class=\"wp-caption alignright\"><a href=\"https:\/\/www.rassegnastampa-totustuus.it\/cattolica\/wp-content\/uploads\/2005\/07\/Kofi-Annan.jpg\"><img loading=\"lazy\" decoding=\"async\" aria-describedby=\"caption-attachment-30152\" class=\"wp-image-30152\" src=\"https:\/\/www.rassegnastampa-totustuus.it\/cattolica\/wp-content\/uploads\/2005\/07\/Kofi-Annan.jpg\" alt=\"Kofi Annan\" width=\"250\" height=\"166\" \/><\/a><p id=\"caption-attachment-30152\" class=\"wp-caption-text\">Kofi Annan<\/p><\/div>\n<p>Articolo pubblicato su <strong>Il Giornale<\/strong>, del 10 novembre 2004<\/div>\n<p style=\"text-align: center;\">di <strong>Alberto Indelicato<\/strong><\/p>\n<p style=\"text-align: justify;\">Secondo lo Statuto delle Nazioni Unite, il Segretario generale \u00ab\u00e8 il pi\u00f9 alto funzionario dell&#8217;organizzazione\u00bb. I suoi poteri discendono direttamente e sono limitati dagli altri due organi: il Consiglio di sicurezza e l&#8217;Assemblea generale. Ci\u00f2 non significa che egli non goda di un&#8217;autorit\u00e0 sua propria, ma essa dipende sia dal prestigio che con la sua azione egli sa meritare (quando la sa meritare) che dalla corrispondenza tra le sue iniziative &#8211; e le sue parole &#8211; e l&#8217;opinione che sui singoli problemi si afferma in seno agli organi principali.<\/p>\n<p style=\"text-align: justify;\"><!--more--><\/p>\n<p style=\"text-align: justify;\">Egli, ad esempio, pu\u00f2 sempre in base allo Statuto attirare l&#8217;attenzione del Consiglio di sicurezza su una determinata questione che possa mettere in pericolo la pace o la sicurezza internazionale, ma non assumere iniziative autonome, contrarie a quelle degli Stati.<\/p>\n<p style=\"text-align: justify;\">Tuttavia, come avviene in molte organizzazioni, internazionali e non solo, chi si trova a dirigere l&#8217;Onu tende ad allargare il suo campo d&#8217;azione e pi\u00f9 ancora di esternazione; e questa espansione \u00e8 tanto pi\u00f9 grande quanto minore \u00e8 la sua capacit\u00e0 di eseguire i normali compiti istituzionali. La prova \u00e8 sotto gli occhi di tutti. Gli insuccessi dei segretari generali sono stati numerosi e i successi molto limitati.<\/p>\n<p style=\"text-align: justify;\">Naturalmente l&#8217;impotenza dell&#8217;Onu e del suo massimo funzionario ha spesso avuto origine dal disaccordo tra i membri del Consiglio di sicurezza e in particolare dei cinque Stati titolari del diritto di veto, che non riuscivano a mettersi d&#8217;accordo su una direttiva precisa. A volte invece \u00e8 stata proprio l&#8217;iniziativa del segretario generale, quando si \u00e8 sostituita a quella del Consiglio di sicurezza, magari associandosi implicitamente a uno dei suoi membri, a dimostrarsi improvvida e priva di efficacia, specie se si \u00e8 trattato di porre termine a guerre intestine. L&#8217;Africa, in particolare, \u00e8 un cimitero di interventi velleitari e inevitabilmente inefficaci.<\/p>\n<p style=\"text-align: justify;\">Ora Kofi Annan ha ingiunto ai governi degli Stati Uniti e della Gran Bretagna di non sopprimere una rivolta, quella di Falluja, ignorando che esiste un governo iracheno, quello Allawi. Egli ha dunque preso non solo una posizione contraria a quella che ci si attendeva dall&#8217;Onu ma, ancor peggio, si \u00e8 schierato dalla parte di quei ribelli che hanno ucciso tra gli altri un rappresentante dell&#8217;organizzazione mandato in Irak proprio in nome della pace e per ricostituire una legalit\u00e0.<\/p>\n<p style=\"text-align: justify;\">Kofi Annan ha finto di dimenticare che, a seguito di quell&#8217;assassinio e delle minacce rivolte agli altri funzionari internazionali, le Nazioni Unite si sono ritirate da quel Paese. Non si vede perci\u00f2 a che titolo egli dia istruzioni al suo governo, appoggiando in conseguenza i ribelli. La sua ingiunzione \u00e8 un&#8217;ennesima prova della crisi delle Nazioni Unite, che non riguarda, o non riguarda soltanto, il cos\u00ec detto \u00abunilateralismo\u00bb degli Stati Uniti o la composizione indubbiamente antidemocratica del Consiglio di sicurezza.<\/p>\n<p style=\"text-align: justify;\">L&#8217;unilateralismo non si elimina con le grida di un funzionario internazionale e toccare la composizione del Consiglio di sicurezza, aumentando il numero dei membri permanenti, non solo lo renderebbe ancor pi\u00f9 antidemocratico, ma aprirebbe un vaso di Pandora di rivalit\u00e0. L&#8217;unico risultato sarebbe quello di avere un&#8217;organizzazione ancora pi\u00f9 inefficiente.<\/p>\n<p style=\"text-align: justify;\">Le sole riforme possibili dovrebbero invece concernere il segretariato e il segretario, entrambi da riportare alle loro giuste dimensioni. La disaffezione di alcuni Stati riguarda, infatti, da un canto la proliferazione di organi, agenzie, sottosegretariati e in genere burocrazia e dall&#8217;altro la verbosit\u00e0 del segretario generale, che agisce o vorrebbe agire come un capo di Stato senza averne n\u00e9 il peso n\u00e9 i poteri n\u00e9, come avrebbe detto Stalin, le divisioni.<\/p>\n<p style=\"text-align: justify;\">Queste riforme non risolverebbero la crisi di fondo delle Nazioni Unite ma, diminuendone le spropositate ambizioni, la renderebbero pi\u00f9 tollerabile.<\/p>\n","protected":false},"excerpt":{"rendered":"<p>Articolo pubblicato su Il Giornale, del 10 novembre 2004 di Alberto Indelicato Secondo lo Statuto delle Nazioni Unite, il Segretario generale \u00ab\u00e8 il pi\u00f9 alto funzionario dell&#8217;organizzazione\u00bb. I suoi poteri discendono direttamente e sono limitati dagli altri due organi: il Consiglio di sicurezza e l&#8217;Assemblea generale. Ci\u00f2 non significa che egli non goda di un&#8217;autorit\u00e0 &hellip; <\/p>\n<p><a class=\"more-link btn\" href=\"https:\/\/www.rassegnastampa-totustuus.it\/cattolica\/gli-inutili-diktat-di-annan-e-la-crisi-dellonu\/\">Continua a leggere<\/a><\/p>\n","protected":false},"author":6,"featured_media":30152,"comment_status":"closed","ping_status":"open","sticky":false,"template":"","format":"standard","meta":{"footnotes":""},"categories":[104],"tags":[536],"class_list":["post-924","post","type-post","status-publish","format-standard","has-post-thumbnail","hentry","category-lonu","tag-onu","item-wrap"],"yoast_head":"<!-- This site is optimized with the Yoast SEO plugin v27.5 - https:\/\/yoast.com\/product\/yoast-seo-wordpress\/ -->\n<title>Gli inutili diktat di Annan e la crisi dell&#039;Onu - Rassegna Stampa Cattolica<\/title>\n<meta name=\"description\" content=\"Rassegna Stampa Cattolica - Per una cultura che nasce dalla Rivelazione cristiana in conformit\u00e0 alla tradizione e al Magistero della Chiesa in opposizione ad ogni relativismo e totalitarismo\" \/>\n<meta name=\"robots\" content=\"index, follow, max-snippet:-1, max-image-preview:large, max-video-preview:-1\" \/>\n<link rel=\"canonical\" href=\"https:\/\/www.rassegnastampa-totustuus.it\/cattolica\/gli-inutili-diktat-di-annan-e-la-crisi-dellonu\/\" \/>\n<meta property=\"og:locale\" content=\"it_IT\" \/>\n<meta property=\"og:type\" content=\"article\" \/>\n<meta property=\"og:title\" content=\"Gli inutili diktat di Annan e la crisi dell&#039;Onu - Rassegna Stampa Cattolica\" \/>\n<meta property=\"og:description\" content=\"Rassegna Stampa Cattolica - Per una cultura che nasce dalla Rivelazione cristiana in conformit\u00e0 alla tradizione e al Magistero della Chiesa in opposizione ad ogni relativismo e totalitarismo\" \/>\n<meta property=\"og:url\" content=\"https:\/\/www.rassegnastampa-totustuus.it\/cattolica\/gli-inutili-diktat-di-annan-e-la-crisi-dellonu\/\" \/>\n<meta property=\"og:site_name\" content=\"Rassegna Stampa Cattolica\" \/>\n<meta property=\"article:publisher\" content=\"https:\/\/www.facebook.com\/rassegnastampacattolica\" \/>\n<meta property=\"article:published_time\" content=\"2005-07-16T22:00:00+00:00\" \/>\n<meta property=\"article:modified_time\" content=\"2016-02-03T09:57:45+00:00\" \/>\n<meta property=\"og:image\" content=\"https:\/\/www.rassegnastampa-totustuus.it\/cattolica\/wp-content\/uploads\/2005\/07\/Kofi-Annan.jpg\" \/>\n\t<meta property=\"og:image:width\" content=\"275\" \/>\n\t<meta property=\"og:image:height\" content=\"183\" \/>\n\t<meta property=\"og:image:type\" content=\"image\/jpeg\" \/>\n<meta name=\"author\" content=\"Redazione\" \/>\n<meta name=\"twitter:card\" content=\"summary_large_image\" \/>\n<meta name=\"twitter:creator\" content=\"@rassegnastampa9\" \/>\n<meta name=\"twitter:site\" content=\"@rassegnastampa9\" \/>\n<meta name=\"twitter:label1\" content=\"Scritto da\" \/>\n\t<meta name=\"twitter:data1\" content=\"Redazione\" \/>\n\t<meta name=\"twitter:label2\" content=\"Tempo di lettura stimato\" \/>\n\t<meta name=\"twitter:data2\" content=\"3 minuti\" \/>\n<script type=\"application\/ld+json\" class=\"yoast-schema-graph\">{\"@context\":\"https:\\\/\\\/schema.org\",\"@graph\":[{\"@type\":\"Article\",\"@id\":\"https:\\\/\\\/www.rassegnastampa-totustuus.it\\\/cattolica\\\/gli-inutili-diktat-di-annan-e-la-crisi-dellonu\\\/#article\",\"isPartOf\":{\"@id\":\"https:\\\/\\\/www.rassegnastampa-totustuus.it\\\/cattolica\\\/gli-inutili-diktat-di-annan-e-la-crisi-dellonu\\\/\"},\"author\":{\"name\":\"Redazione\",\"@id\":\"https:\\\/\\\/www.rassegnastampa-totustuus.it\\\/cattolica\\\/#\\\/schema\\\/person\\\/08f319d2bd1a0904ad9e2bfb7b15e5c3\"},\"headline\":\"Gli inutili diktat di Annan e la crisi dell&#8217;Onu\",\"datePublished\":\"2005-07-16T22:00:00+00:00\",\"dateModified\":\"2016-02-03T09:57:45+00:00\",\"mainEntityOfPage\":{\"@id\":\"https:\\\/\\\/www.rassegnastampa-totustuus.it\\\/cattolica\\\/gli-inutili-diktat-di-annan-e-la-crisi-dellonu\\\/\"},\"wordCount\":636,\"publisher\":{\"@id\":\"https:\\\/\\\/www.rassegnastampa-totustuus.it\\\/cattolica\\\/#organization\"},\"image\":{\"@id\":\"https:\\\/\\\/www.rassegnastampa-totustuus.it\\\/cattolica\\\/gli-inutili-diktat-di-annan-e-la-crisi-dellonu\\\/#primaryimage\"},\"thumbnailUrl\":\"https:\\\/\\\/www.rassegnastampa-totustuus.it\\\/cattolica\\\/wp-content\\\/uploads\\\/2005\\\/07\\\/Kofi-Annan.jpg\",\"keywords\":[\"Onu\"],\"articleSection\":[\"L&#39;ONU\"],\"inLanguage\":\"it-IT\"},{\"@type\":\"WebPage\",\"@id\":\"https:\\\/\\\/www.rassegnastampa-totustuus.it\\\/cattolica\\\/gli-inutili-diktat-di-annan-e-la-crisi-dellonu\\\/\",\"url\":\"https:\\\/\\\/www.rassegnastampa-totustuus.it\\\/cattolica\\\/gli-inutili-diktat-di-annan-e-la-crisi-dellonu\\\/\",\"name\":\"Gli inutili diktat di Annan e la crisi dell'Onu - Rassegna Stampa Cattolica\",\"isPartOf\":{\"@id\":\"https:\\\/\\\/www.rassegnastampa-totustuus.it\\\/cattolica\\\/#website\"},\"primaryImageOfPage\":{\"@id\":\"https:\\\/\\\/www.rassegnastampa-totustuus.it\\\/cattolica\\\/gli-inutili-diktat-di-annan-e-la-crisi-dellonu\\\/#primaryimage\"},\"image\":{\"@id\":\"https:\\\/\\\/www.rassegnastampa-totustuus.it\\\/cattolica\\\/gli-inutili-diktat-di-annan-e-la-crisi-dellonu\\\/#primaryimage\"},\"thumbnailUrl\":\"https:\\\/\\\/www.rassegnastampa-totustuus.it\\\/cattolica\\\/wp-content\\\/uploads\\\/2005\\\/07\\\/Kofi-Annan.jpg\",\"datePublished\":\"2005-07-16T22:00:00+00:00\",\"dateModified\":\"2016-02-03T09:57:45+00:00\",\"description\":\"Rassegna Stampa Cattolica - Per una cultura che nasce dalla Rivelazione cristiana in conformit\u00e0 alla tradizione e al Magistero della Chiesa in opposizione ad ogni relativismo e totalitarismo\",\"breadcrumb\":{\"@id\":\"https:\\\/\\\/www.rassegnastampa-totustuus.it\\\/cattolica\\\/gli-inutili-diktat-di-annan-e-la-crisi-dellonu\\\/#breadcrumb\"},\"inLanguage\":\"it-IT\",\"potentialAction\":[{\"@type\":\"ReadAction\",\"target\":[\"https:\\\/\\\/www.rassegnastampa-totustuus.it\\\/cattolica\\\/gli-inutili-diktat-di-annan-e-la-crisi-dellonu\\\/\"]}]},{\"@type\":\"ImageObject\",\"inLanguage\":\"it-IT\",\"@id\":\"https:\\\/\\\/www.rassegnastampa-totustuus.it\\\/cattolica\\\/gli-inutili-diktat-di-annan-e-la-crisi-dellonu\\\/#primaryimage\",\"url\":\"https:\\\/\\\/www.rassegnastampa-totustuus.it\\\/cattolica\\\/wp-content\\\/uploads\\\/2005\\\/07\\\/Kofi-Annan.jpg\",\"contentUrl\":\"https:\\\/\\\/www.rassegnastampa-totustuus.it\\\/cattolica\\\/wp-content\\\/uploads\\\/2005\\\/07\\\/Kofi-Annan.jpg\",\"width\":275,\"height\":183},{\"@type\":\"BreadcrumbList\",\"@id\":\"https:\\\/\\\/www.rassegnastampa-totustuus.it\\\/cattolica\\\/gli-inutili-diktat-di-annan-e-la-crisi-dellonu\\\/#breadcrumb\",\"itemListElement\":[{\"@type\":\"ListItem\",\"position\":1,\"name\":\"Home\",\"item\":\"https:\\\/\\\/www.rassegnastampa-totustuus.it\\\/cattolica\\\/\"},{\"@type\":\"ListItem\",\"position\":2,\"name\":\"Gli inutili diktat di Annan e la crisi dell&#8217;Onu\"}]},{\"@type\":\"WebSite\",\"@id\":\"https:\\\/\\\/www.rassegnastampa-totustuus.it\\\/cattolica\\\/#website\",\"url\":\"https:\\\/\\\/www.rassegnastampa-totustuus.it\\\/cattolica\\\/\",\"name\":\"Rassegna Stampa Cattolica\",\"description\":\"Per una cultura che nasce dalla Rivelazione cristiana in conformit\u00e0 alla tradizione e al Magistero della Chiesa in opposizione ad ogni relativismo e totalitarismo\",\"publisher\":{\"@id\":\"https:\\\/\\\/www.rassegnastampa-totustuus.it\\\/cattolica\\\/#organization\"},\"alternateName\":\"Rass. Cattolica\",\"potentialAction\":[{\"@type\":\"SearchAction\",\"target\":{\"@type\":\"EntryPoint\",\"urlTemplate\":\"https:\\\/\\\/www.rassegnastampa-totustuus.it\\\/cattolica\\\/?s={search_term_string}\"},\"query-input\":{\"@type\":\"PropertyValueSpecification\",\"valueRequired\":true,\"valueName\":\"search_term_string\"}}],\"inLanguage\":\"it-IT\"},{\"@type\":\"Organization\",\"@id\":\"https:\\\/\\\/www.rassegnastampa-totustuus.it\\\/cattolica\\\/#organization\",\"name\":\"Rassegna Stampa Cattolica\",\"url\":\"https:\\\/\\\/www.rassegnastampa-totustuus.it\\\/cattolica\\\/\",\"logo\":{\"@type\":\"ImageObject\",\"inLanguage\":\"it-IT\",\"@id\":\"https:\\\/\\\/www.rassegnastampa-totustuus.it\\\/cattolica\\\/#\\\/schema\\\/logo\\\/image\\\/\",\"url\":\"https:\\\/\\\/www.rassegnastampa-totustuus.it\\\/cattolica\\\/wp-content\\\/uploads\\\/2014\\\/04\\\/logo-rassegna1.gif\",\"contentUrl\":\"https:\\\/\\\/www.rassegnastampa-totustuus.it\\\/cattolica\\\/wp-content\\\/uploads\\\/2014\\\/04\\\/logo-rassegna1.gif\",\"width\":600,\"height\":163,\"caption\":\"Rassegna Stampa Cattolica\"},\"image\":{\"@id\":\"https:\\\/\\\/www.rassegnastampa-totustuus.it\\\/cattolica\\\/#\\\/schema\\\/logo\\\/image\\\/\"},\"sameAs\":[\"https:\\\/\\\/www.facebook.com\\\/rassegnastampacattolica\",\"https:\\\/\\\/x.com\\\/rassegnastampa9\"]},{\"@type\":\"Person\",\"@id\":\"https:\\\/\\\/www.rassegnastampa-totustuus.it\\\/cattolica\\\/#\\\/schema\\\/person\\\/08f319d2bd1a0904ad9e2bfb7b15e5c3\",\"name\":\"Redazione\",\"image\":{\"@type\":\"ImageObject\",\"inLanguage\":\"it-IT\",\"@id\":\"https:\\\/\\\/secure.gravatar.com\\\/avatar\\\/2fcdf27c78ea025fbdb44e914cc63c72249ffec9dc8aafd5c82b26240ef3f346?s=96&d=mm&r=g\",\"url\":\"https:\\\/\\\/secure.gravatar.com\\\/avatar\\\/2fcdf27c78ea025fbdb44e914cc63c72249ffec9dc8aafd5c82b26240ef3f346?s=96&d=mm&r=g\",\"contentUrl\":\"https:\\\/\\\/secure.gravatar.com\\\/avatar\\\/2fcdf27c78ea025fbdb44e914cc63c72249ffec9dc8aafd5c82b26240ef3f346?s=96&d=mm&r=g\",\"caption\":\"Redazione\"},\"url\":\"https:\\\/\\\/www.rassegnastampa-totustuus.it\\\/cattolica\\\/author\\\/pietroelle\\\/\"}]}<\/script>\n<!-- \/ Yoast SEO plugin. -->","yoast_head_json":{"title":"Gli inutili diktat di Annan e la crisi dell'Onu - Rassegna Stampa Cattolica","description":"Rassegna Stampa Cattolica - Per una cultura che nasce dalla Rivelazione cristiana in conformit\u00e0 alla tradizione e al Magistero della Chiesa in opposizione ad ogni relativismo e totalitarismo","robots":{"index":"index","follow":"follow","max-snippet":"max-snippet:-1","max-image-preview":"max-image-preview:large","max-video-preview":"max-video-preview:-1"},"canonical":"https:\/\/www.rassegnastampa-totustuus.it\/cattolica\/gli-inutili-diktat-di-annan-e-la-crisi-dellonu\/","og_locale":"it_IT","og_type":"article","og_title":"Gli inutili diktat di Annan e la crisi dell'Onu - Rassegna Stampa Cattolica","og_description":"Rassegna Stampa Cattolica - Per una cultura che nasce dalla Rivelazione cristiana in conformit\u00e0 alla tradizione e al Magistero della Chiesa in opposizione ad ogni relativismo e totalitarismo","og_url":"https:\/\/www.rassegnastampa-totustuus.it\/cattolica\/gli-inutili-diktat-di-annan-e-la-crisi-dellonu\/","og_site_name":"Rassegna Stampa Cattolica","article_publisher":"https:\/\/www.facebook.com\/rassegnastampacattolica","article_published_time":"2005-07-16T22:00:00+00:00","article_modified_time":"2016-02-03T09:57:45+00:00","og_image":[{"width":275,"height":183,"url":"https:\/\/www.rassegnastampa-totustuus.it\/cattolica\/wp-content\/uploads\/2005\/07\/Kofi-Annan.jpg","type":"image\/jpeg"}],"author":"Redazione","twitter_card":"summary_large_image","twitter_creator":"@rassegnastampa9","twitter_site":"@rassegnastampa9","twitter_misc":{"Scritto da":"Redazione","Tempo di lettura stimato":"3 minuti"},"schema":{"@context":"https:\/\/schema.org","@graph":[{"@type":"Article","@id":"https:\/\/www.rassegnastampa-totustuus.it\/cattolica\/gli-inutili-diktat-di-annan-e-la-crisi-dellonu\/#article","isPartOf":{"@id":"https:\/\/www.rassegnastampa-totustuus.it\/cattolica\/gli-inutili-diktat-di-annan-e-la-crisi-dellonu\/"},"author":{"name":"Redazione","@id":"https:\/\/www.rassegnastampa-totustuus.it\/cattolica\/#\/schema\/person\/08f319d2bd1a0904ad9e2bfb7b15e5c3"},"headline":"Gli inutili diktat di Annan e la crisi dell&#8217;Onu","datePublished":"2005-07-16T22:00:00+00:00","dateModified":"2016-02-03T09:57:45+00:00","mainEntityOfPage":{"@id":"https:\/\/www.rassegnastampa-totustuus.it\/cattolica\/gli-inutili-diktat-di-annan-e-la-crisi-dellonu\/"},"wordCount":636,"publisher":{"@id":"https:\/\/www.rassegnastampa-totustuus.it\/cattolica\/#organization"},"image":{"@id":"https:\/\/www.rassegnastampa-totustuus.it\/cattolica\/gli-inutili-diktat-di-annan-e-la-crisi-dellonu\/#primaryimage"},"thumbnailUrl":"https:\/\/www.rassegnastampa-totustuus.it\/cattolica\/wp-content\/uploads\/2005\/07\/Kofi-Annan.jpg","keywords":["Onu"],"articleSection":["L&#39;ONU"],"inLanguage":"it-IT"},{"@type":"WebPage","@id":"https:\/\/www.rassegnastampa-totustuus.it\/cattolica\/gli-inutili-diktat-di-annan-e-la-crisi-dellonu\/","url":"https:\/\/www.rassegnastampa-totustuus.it\/cattolica\/gli-inutili-diktat-di-annan-e-la-crisi-dellonu\/","name":"Gli inutili diktat di Annan e la crisi dell'Onu - Rassegna Stampa Cattolica","isPartOf":{"@id":"https:\/\/www.rassegnastampa-totustuus.it\/cattolica\/#website"},"primaryImageOfPage":{"@id":"https:\/\/www.rassegnastampa-totustuus.it\/cattolica\/gli-inutili-diktat-di-annan-e-la-crisi-dellonu\/#primaryimage"},"image":{"@id":"https:\/\/www.rassegnastampa-totustuus.it\/cattolica\/gli-inutili-diktat-di-annan-e-la-crisi-dellonu\/#primaryimage"},"thumbnailUrl":"https:\/\/www.rassegnastampa-totustuus.it\/cattolica\/wp-content\/uploads\/2005\/07\/Kofi-Annan.jpg","datePublished":"2005-07-16T22:00:00+00:00","dateModified":"2016-02-03T09:57:45+00:00","description":"Rassegna Stampa Cattolica - Per una cultura che nasce dalla Rivelazione cristiana in conformit\u00e0 alla tradizione e al Magistero della Chiesa in opposizione ad ogni relativismo e totalitarismo","breadcrumb":{"@id":"https:\/\/www.rassegnastampa-totustuus.it\/cattolica\/gli-inutili-diktat-di-annan-e-la-crisi-dellonu\/#breadcrumb"},"inLanguage":"it-IT","potentialAction":[{"@type":"ReadAction","target":["https:\/\/www.rassegnastampa-totustuus.it\/cattolica\/gli-inutili-diktat-di-annan-e-la-crisi-dellonu\/"]}]},{"@type":"ImageObject","inLanguage":"it-IT","@id":"https:\/\/www.rassegnastampa-totustuus.it\/cattolica\/gli-inutili-diktat-di-annan-e-la-crisi-dellonu\/#primaryimage","url":"https:\/\/www.rassegnastampa-totustuus.it\/cattolica\/wp-content\/uploads\/2005\/07\/Kofi-Annan.jpg","contentUrl":"https:\/\/www.rassegnastampa-totustuus.it\/cattolica\/wp-content\/uploads\/2005\/07\/Kofi-Annan.jpg","width":275,"height":183},{"@type":"BreadcrumbList","@id":"https:\/\/www.rassegnastampa-totustuus.it\/cattolica\/gli-inutili-diktat-di-annan-e-la-crisi-dellonu\/#breadcrumb","itemListElement":[{"@type":"ListItem","position":1,"name":"Home","item":"https:\/\/www.rassegnastampa-totustuus.it\/cattolica\/"},{"@type":"ListItem","position":2,"name":"Gli inutili diktat di Annan e la crisi dell&#8217;Onu"}]},{"@type":"WebSite","@id":"https:\/\/www.rassegnastampa-totustuus.it\/cattolica\/#website","url":"https:\/\/www.rassegnastampa-totustuus.it\/cattolica\/","name":"Rassegna Stampa Cattolica","description":"Per una cultura che nasce dalla Rivelazione cristiana in conformit\u00e0 alla tradizione e al Magistero della Chiesa in opposizione ad ogni relativismo e totalitarismo","publisher":{"@id":"https:\/\/www.rassegnastampa-totustuus.it\/cattolica\/#organization"},"alternateName":"Rass. Cattolica","potentialAction":[{"@type":"SearchAction","target":{"@type":"EntryPoint","urlTemplate":"https:\/\/www.rassegnastampa-totustuus.it\/cattolica\/?s={search_term_string}"},"query-input":{"@type":"PropertyValueSpecification","valueRequired":true,"valueName":"search_term_string"}}],"inLanguage":"it-IT"},{"@type":"Organization","@id":"https:\/\/www.rassegnastampa-totustuus.it\/cattolica\/#organization","name":"Rassegna Stampa Cattolica","url":"https:\/\/www.rassegnastampa-totustuus.it\/cattolica\/","logo":{"@type":"ImageObject","inLanguage":"it-IT","@id":"https:\/\/www.rassegnastampa-totustuus.it\/cattolica\/#\/schema\/logo\/image\/","url":"https:\/\/www.rassegnastampa-totustuus.it\/cattolica\/wp-content\/uploads\/2014\/04\/logo-rassegna1.gif","contentUrl":"https:\/\/www.rassegnastampa-totustuus.it\/cattolica\/wp-content\/uploads\/2014\/04\/logo-rassegna1.gif","width":600,"height":163,"caption":"Rassegna Stampa Cattolica"},"image":{"@id":"https:\/\/www.rassegnastampa-totustuus.it\/cattolica\/#\/schema\/logo\/image\/"},"sameAs":["https:\/\/www.facebook.com\/rassegnastampacattolica","https:\/\/x.com\/rassegnastampa9"]},{"@type":"Person","@id":"https:\/\/www.rassegnastampa-totustuus.it\/cattolica\/#\/schema\/person\/08f319d2bd1a0904ad9e2bfb7b15e5c3","name":"Redazione","image":{"@type":"ImageObject","inLanguage":"it-IT","@id":"https:\/\/secure.gravatar.com\/avatar\/2fcdf27c78ea025fbdb44e914cc63c72249ffec9dc8aafd5c82b26240ef3f346?s=96&d=mm&r=g","url":"https:\/\/secure.gravatar.com\/avatar\/2fcdf27c78ea025fbdb44e914cc63c72249ffec9dc8aafd5c82b26240ef3f346?s=96&d=mm&r=g","contentUrl":"https:\/\/secure.gravatar.com\/avatar\/2fcdf27c78ea025fbdb44e914cc63c72249ffec9dc8aafd5c82b26240ef3f346?s=96&d=mm&r=g","caption":"Redazione"},"url":"https:\/\/www.rassegnastampa-totustuus.it\/cattolica\/author\/pietroelle\/"}]}},"_links":{"self":[{"href":"https:\/\/www.rassegnastampa-totustuus.it\/cattolica\/wp-json\/wp\/v2\/posts\/924","targetHints":{"allow":["GET"]}}],"collection":[{"href":"https:\/\/www.rassegnastampa-totustuus.it\/cattolica\/wp-json\/wp\/v2\/posts"}],"about":[{"href":"https:\/\/www.rassegnastampa-totustuus.it\/cattolica\/wp-json\/wp\/v2\/types\/post"}],"author":[{"embeddable":true,"href":"https:\/\/www.rassegnastampa-totustuus.it\/cattolica\/wp-json\/wp\/v2\/users\/6"}],"replies":[{"embeddable":true,"href":"https:\/\/www.rassegnastampa-totustuus.it\/cattolica\/wp-json\/wp\/v2\/comments?post=924"}],"version-history":[{"count":4,"href":"https:\/\/www.rassegnastampa-totustuus.it\/cattolica\/wp-json\/wp\/v2\/posts\/924\/revisions"}],"predecessor-version":[{"id":30153,"href":"https:\/\/www.rassegnastampa-totustuus.it\/cattolica\/wp-json\/wp\/v2\/posts\/924\/revisions\/30153"}],"wp:featuredmedia":[{"embeddable":true,"href":"https:\/\/www.rassegnastampa-totustuus.it\/cattolica\/wp-json\/wp\/v2\/media\/30152"}],"wp:attachment":[{"href":"https:\/\/www.rassegnastampa-totustuus.it\/cattolica\/wp-json\/wp\/v2\/media?parent=924"}],"wp:term":[{"taxonomy":"category","embeddable":true,"href":"https:\/\/www.rassegnastampa-totustuus.it\/cattolica\/wp-json\/wp\/v2\/categories?post=924"},{"taxonomy":"post_tag","embeddable":true,"href":"https:\/\/www.rassegnastampa-totustuus.it\/cattolica\/wp-json\/wp\/v2\/tags?post=924"}],"curies":[{"name":"wp","href":"https:\/\/api.w.org\/{rel}","templated":true}]}}