{"id":896,"date":"2005-07-17T00:00:00","date_gmt":"2005-07-16T22:00:00","guid":{"rendered":""},"modified":"2016-04-22T09:50:05","modified_gmt":"2016-04-22T07:50:05","slug":"pietro-balan","status":"publish","type":"post","link":"https:\/\/www.rassegnastampa-totustuus.it\/cattolica\/pietro-balan\/","title":{"rendered":"Pietro Balan"},"content":{"rendered":"<div style=\"text-align: center;\"><img loading=\"lazy\" decoding=\"async\" class=\"alignright wp-image-33333 size-full\" src=\"https:\/\/www.rassegnastampa-totustuus.it\/cattolica\/wp-content\/uploads\/2005\/07\/Pietro-Balan.jpg\" alt=\"Pietro Balan\" width=\"240\" height=\"168\" \/>I.D.I.S. &#8211; Istituto per la Dottrina e l&#8217;Informazione Sociale<\/div>\n<p style=\"text-align: center;\"><strong>Voci per un dizionario del pensiero forte<\/strong><\/p>\n<p style=\"text-align: center;\">di <strong>Marco Invernizzi<\/strong><\/p>\n<p><!--more--><\/p>\n<div style=\"text-align: justify;\">Pietro Balan appartiene alla schiera di coloro che hanno patito la Rivoluzione svoltasi in Italia nella seconda met\u00e0 del XIX secolo anche dopo la loro morte, in seguito a un ostracismo decretato dai &#8220;padroni&#8221; della cultura ufficiale e dominante. Osteggiato dalle consorterie liberali al potere in Italia nella seconda met\u00e0 del 1800, cio\u00e8 dalla &#8220;destra&#8221; e dalla &#8220;sinistra&#8221; storiche, e in modo particolare dalla Massoneria, Pietro Balan \u00e8 stato dimenticato anche dalla storiografia di ispirazione democratico-cristiana che, protesa nella ricerca di una conciliazione a ogni costo con la cultura che aveva ispirato la rivoluzione italiana, trovava scomodo questo cattolico intransigente e integrale.<\/div>\n<p style=\"text-align: justify;\">Eppure, se si vuole ripercorrere la storia della cultura italiana si incontra &#8211; e dunque si deve affrontare &#8211; il nodo rappresentato dalla frattura che ha lacerato la nazione italiana alle origini del processo della sua unificazione politica, cio\u00e9 il conflitto fra la Chiesa cattolica e il movimento risorgimentale nelle sue diverse espressioni. Cos\u00ec facendo, si incontreranno coloro che, allora sconfitti, hanno profeticamente anticipato e individuato i motivi della mancanza di quell\u2019identit\u00e0 nazionale di cui oggi si discute a proposito della &#8220;morte della patria&#8221;.<\/p>\n<p style=\"text-align: justify;\">Fra costoro si incontra certamente Pietro Balan, innamorato della sua patria e della Chiesa, che ha consacrato la vita per dimostrare come si possa essere cattolici e italiani, senza piegarsi ad adorare qualsivoglia ideologia. Riconsiderare l\u2019opera di uomini come Pietro Balan sar\u00e0 ancora pi\u00f9 necessario per il mondo cattolico e per i suoi intellettuali &#8220;ufficiali&#8221; che, dimenticando uomini come lui, si sono separati dalle origini della presenza pubblica del movimento cattolico italiano, diventando cos\u00ec necessariamente subalterni, dal punto di vista culturale, a ideologie estranee e avverse al cristianesimo.<\/p>\n<p style=\"text-align: justify;\">Nato a Este il 3 settembre 1841 da una modesta famiglia, Pietro Balan viene ordinato sacerdote a soli ventidue anni, dopo aver studiato nel seminario di Padova grazie all\u2019aiuto economico del concittadino mons. F. Panella. Ancora studente al terzo anno di teologia, pubblica a Padova il volumetto <em>Sul Papato. Studi<\/em>, datato 28 gennaio 1861 e quando viene ordinato sacerdote, nel 1863, gi\u00e0 da un anno insegnava storia nel suo seminario e suoi scritti apparivano sul periodico <em>Letture cattoliche<\/em> fondato con altri da Giuseppe Sacchetti (1845-1906), che sarebbe diventato uno dei massimi dirigenti del movimento cattolico italiano.<\/p>\n<p style=\"text-align: justify;\">Lasciata Padova per Venezia nel 1863, per obbedire ai desideri del cardinale Patriarca Giuseppe Luigi Trevisanato (1801-1877) fonda il periodico <em>La Libert\u00e0 Cattolica<\/em>, che lascer\u00e0 dopo tre anni per sottrarsi al difficile clima politico sorto successivamente al passaggio di Venezia all\u2019Italia, nel 1866.<\/p>\n<p style=\"text-align: justify;\">Da Venezia si sposta a Torino, dove collabora con don Giacomo Margotti (1823-1887) al famoso periodico <em>L\u2019Unit\u00e0 Cattolica<\/em>, che era stato fondato a Torino il 29 ottobre 1863, ma gi\u00e0 nell\u2019anno successivo, il 1868, si trova ospite a Modena del conte Claudio Boschetti, uno dei fondatori della Giovent\u00f9 Cattolica, dove gli viene chiesto di fondare e dirigere un nuovo giornale che prendesse il posto de <em>Il difensore<\/em>, pubblicazione cattolica modenese costretta a cessare le pubblicazioni.<\/p>\n<p style=\"text-align: justify;\">Nascer\u00e0 cos\u00ec <em>Il Diritto cattolico<\/em>, che Pietro Balan diriger\u00e0 fino al 1874. Dopo questo periodo, ridurr\u00e0 sensibilmente l\u2019attivit\u00e0 giornalistica per dedicarsi al lavoro di storico e cominciare quelle che saranno le sue opere principali: la <em>Storia d\u2019Italia<\/em>, la cui prima edizione esce a Modena in sette volumi tra il 1875 e il 1890, e la <em>Continuazione alla storia universale della Chiesa cattolica dell\u2019abate Rohrbacher, dall\u2019elezione al pontificato di Pio IX nel 1846 ai giorni nostri<\/em>, pubblicata in tre volumi a Torino fra il 1879 e il 1886.<\/p>\n<p style=\"text-align: justify;\">Ma altre opere di questo stesso periodo modenese lo avevano gi\u00e0 fatto conoscere in tutto il mondo cattolico italiano: <em>Clericali, liberali e l\u2019enciclica dell\u20198 dicembre <\/em>(1864), <em>Storia di san Tommaso di Cantorbery<\/em> (1867), <em>I precursori del liberalismo fino a Lutero<\/em> (1867), <em>L\u2019economia, la Chiesa e gli umanitari<\/em> (1868), <em>Romani e Longobardi<\/em> (1868), <em>Cattolicesimo e Liberalismo, Papato e progresso <\/em>(1868), <em>Della necessit\u00e0 di restaurare la storia d\u2019Italia<\/em> (1868), <em>Pio IX, la Chiesa e la Rivoluzione <\/em>(1869), <em>I precursori del razionalismo moderno <\/em>(1869), <em>Il satanismo e l\u2019immacolata<\/em> (1869), <em>Dante e i Papi <\/em>(1870), <em>Della preponderanza germanica<\/em> (1871), <em>Chiesa e Stato. Lettere a G. I. Dollinger<\/em> (1871), <em>La Chiesa e lo Stato in relazione specialmente all\u2019Impero germanico<\/em> (1871), <em>La prima lotta di Gregorio IX con Federico II<\/em> (1871), <em>La Chiesa cattolica e i Romani Pontefici <\/em>(1873), <em>Storia di Gregorio IX e dei suoi tempi<\/em> (3 voll., 1872-1873), <em>Storia di Giovanni VIII<\/em> (1876), <em>Storia della Lega Lombarda<\/em> (1876), <em>Pio IX e il giudizio della storia<\/em> (1878), <em>Memoria della b. Beatrice d\u2019Este<\/em> (1879), <em>Cattolicismo e libert\u00e0<\/em> (1879), <em>Il Papato e l\u2019Italia<\/em> (1879).<\/p>\n<p style=\"text-align: justify;\">Pietro Balan era un lavoratore assiduo e costante, con una straordinaria resistenza allo studio e se non avesse avuto queste caratteristiche non avrebbe potuto dirigere un quotidiano presto diventato di importanza nazionale e contemporaneamente pubblicare un numero cos\u00ec cospicuo di opere storiche e apologetiche.<\/p>\n<p style=\"text-align: justify;\">Nel 1879 viene chiamato da Papa Leone XIII (Vincenzo Gioacchino Pecci, 1810-1903) a Roma come sottoarchivista e come direttore, con mons. Placido Maria Schiaffino (1829-1889), del quotidiano <em>L\u2019Aurora<\/em>, con il quale il Pontefice voleva, secondo l\u2019opinione di Pietro Scoppola, saggiare il terreno per la politica conciliatorista praticata nei primi anni del suo pontificato. Su questo giornale Pietro Balan curer\u00e0 una <em>Storia della politica segreta italiana (1863-1870)<\/em> uscita a puntate dal 29 agosto al 9 novembre 1880.<\/p>\n<p style=\"text-align: justify;\">Dal 1879 al 1884, nel periodo romano della sua vita, appaiono altre e numerose opere: <em>La politica italiana<\/em> (1880), <em>La ribellione di Perugia nel 1368 e la sua sottomissione nel 1370, narrata secondo i documenti degli archivi vaticani<\/em> (1880), <em>Santa Caterina da Siena<\/em> (1880), <em>Sulla autenticit\u00e0 del diploma di Enrico II<\/em> (1880), <em>Le relazioni fra la Chiesa e gli Slavi<\/em> (1880), <em>Il processo di Bonifazio VIII<\/em> (1881),<\/p>\n<p style=\"text-align: justify;\"><em>Gli archivi della Santa Sede in relazione alla storia d\u2019Italia<\/em> (1881), <em>La nuova Italiaa e i vecchi zelanti del sac. Carlo Maria Curci. Articoli dell\u2019 &#8220;Osservatore Romano&#8221;<\/em> (1881), <em>La raccolta Monumenta reformationis lutheranae ex tabulariis S. Sedis secretis 1521-1525. Collegit, ordinavit, illustravit P. B.<\/em> (2 voll., Ratisbonae 1883-1884), <em>Di alcuni documenti riguardanti Lutero<\/em> (1883), <em>La politica di Clemente VII<\/em> (1884).<\/p>\n<p style=\"text-align: justify;\">Nel 1884, Balan lascia la carica di sottoarchivista e anche la citt\u00e0 eterna, secondo don Paolo de Toth per ragioni di salute, secondo Pietro Scoppola perch\u00e9 forse in contrasto con la politica transigente di Papa Leone XIII, tanto da venire accusato di aver scritto testi anonimi contro la politica del Pontefice (cfr. la sua lettera di difesa inviata al giornale di Padova <em>L\u2019Euganeo<\/em> e pubblicata il 28-10-1883, cit. in Raffaele della Casa, <em>I nostri. Quelle di ieri e quelli d\u2019oggi,<\/em> Treviso 1903, p. 67).<\/p>\n<p style=\"text-align: justify;\">Cos\u00ec, il prelato domestico di S. Santit\u00e0, nominato nel 1883 referendario di segnatura e conte romano, dopo un breve periodo trascorso a Rocca di Papa, si trasferisce a Pragatto, un paesino situato sopra una ridente collina a pochi chilometri da Bologna, dove si dedicher\u00e0 completamente agli studi. Qui nascer\u00e0 la seconda edizione della <em>Storia d\u2019Italia<\/em>, pubblicata dopo la sua morte a Modena (XI voll., <em>aumentata e corretta dall\u2019autore, curata e accresciuta di note dal sacerdote dottor Rodolfo Majocchi, prof. di storia al seminario arcivescovile di Pavia,<\/em> Modena 1884-1885), che narra gli avvenimenti italiani dall\u2019inizio del cristianesimo fino al 1870.<\/p>\n<p style=\"text-align: justify;\">Nonostante non abbia avuto il tempo di dedicarle quel lavoro di rifinitura come avrebbe desiderato, mons. Pietro Balan ha indubbiamente prodotto un\u2019opera di grande rilevanza scientifica e apologetica sulla storia italiana, che mette in luce il profondo legame intercorso fra la nazione e la sede del Papato dai primordi del cristianesimo fino alla Breccia di Porta Pia.<\/p>\n<p style=\"text-align: justify;\">Don Paolo de Toth si rammarica che una tale opera non sia stata ripresa e continuata da altri studiosi cattolici, nonostante l\u2019amicizia e il plauso per l\u2019opera di Balan, per esempio, di Cesare Cant\u00f9, di Momsen o di Pastor, il cui giudizio pu\u00f2 essere sintetizzato in queste parole del cardinale patriarca di Venezia e futuro san Pio X (Giuseppe Sarto, 1835-1914), scritte al curatore della seconda edizione della <em>Storia d\u2019Italia<\/em> Rodolfo Majocchi: <em>&#8220;Fra le molte opere che ci ha donato l\u2019illustre istoriografo, con questa, che si pu\u00f2 dire nel suo genere perfetta, ha riempito un gran vuoto, che si lamentava in Italia, giacch\u00e8 ha esposto la verit\u00e0 dei fatti, da altri scrittori o per malafede o per ignoranza alterati, e ha trionfalemnete confutati numerosi giudizi non sempre a fil di logica e con animo imparziale profferiti&#8221;<\/em>.<\/p>\n<p style=\"text-align: justify;\">Altre sue opere vengono pubblicate in questo periodo: <em>La grandezza di Gregorio VII, discorso<\/em> (1885), <em>Monumenta saeculi XVI historiam illustrantia<\/em> (1885), <em>Clemente VII e l\u2019Italia dei suoi tempi<\/em> (1887), <em>Roma e l\u2019Italia e la realt\u00e0 delle cose <\/em>(1889), <em>Il Santuario di Santa Maria della Guardia presso Bologna. Cenni storici<\/em> (1890), <em>La vera realt\u00e0 delle cose, dei fatti, della lotta presente in Roma ed in Italia<\/em> (3 ed. 1891), <em>La rivoluzione francese <\/em>(1893), <em>L\u2019intransigenza nella storia<\/em> (1893).<\/p>\n<p style=\"text-align: justify;\"><strong>Militante nell\u2019Opera dei Congressi<\/strong><\/p>\n<p style=\"text-align: justify;\">Pietro Balan non \u00e8 stato soltanto un fecondo scrittore ma anche un appassionato oratore, distintosi soprattutto in occasione dei Congressi del movimento cattolico italiano che quasi ogni anno riunivano nelle diverse citt\u00e0 italiane i militanti dell\u2019Opera dei Congressi e dei Comitati Cattolici.<\/p>\n<p style=\"text-align: justify;\">\u00a0Famoso fu all\u2019epoca il discorso sul <em>Patriottismo cattolico<\/em> pronunciato all\u2019VIII Congresso, svoltosi a Lodi dal 21 al 23 ottobre 1890, mentre grande risalto nazionale ebbe l\u2019opuscolo, diffuso a cura del Comitato Permanente dell\u2019Opera dei Congressi, scritto da Pietro Balan in occasione dell\u2019erezione del monumento a Giordano Bruno da parte del mondo laicista italiano <em>Di G. Bruno e dei meriti di lui ad un monumento<\/em>, pubblicato a Bologna nel 1886, cos\u00ec come quello pubblicato nel corso dell\u2019anno successivo a Venezia, in occasione dell\u2019erezione di un monumento a Fra Paolo Sarpi.<\/p>\n<p style=\"text-align: justify;\">Ripetutamente pubblicato fu anche il discorso pronunciato a Modena, durante il V Congresso tenutosi dal 21 al 24 ottobre 1879, su <em>Il Papato e l\u2019Italia<\/em>, nel quale sostiene la tesi che tutti i fautori del bene comune della nazione italiana sono stati alleati dei Papi, mentre i nemici della Santa Sede sono stati anche nemici della patria.<\/p>\n<p style=\"text-align: justify;\">E proprio anche a quest\u2019ultima, mons. Pietro Balan, ha dedicato la sua gi\u00e0 ricordata opera &#8211; la pi\u00f9 importante e quella che pi\u00f9 am\u00f2 -, la <em>Storia d\u2019Italia<\/em>, nella cui introduzione ha scritto: &#8220;<em>La coscienza mi assicura che nell\u2019opera mia ho unito due grandi amori: quello supremo di Dio e quello conseguente della Patria. La mia fatica, quantunque imperfetta, non rester\u00e0 sterile; e se la somma tristizia dei tempi e la malvagit\u00e0 degli uomini togliessero anche la gratitudine della Patria, sempre mi rester\u00e0 la consolante speranza del premio, che aspetto da Dio&#8221;.<\/em><\/p>\n<p style=\"text-align: justify;\"><strong>Per approfondire<\/strong> Su Pietro Balan si possono consultare le voci <em>Balan,<\/em> in <em>Dizionario biografico degli italiani<\/em>, a cura di Pietro Scoppola, Istituto della Enciclopedia Italiana, Roma 1963, in <em>Enciclopedia Cattolica<\/em>, a cura di Paolo Dalla Torre, vol. II, coll. 720-722 e anche, bench\u00e9 di scarso valore informativo, quella contenuta in<em> Dizionario storico del movimento cattolico in Italia 1860-1980<\/em>, vol. III\/1, <em>Le figure rappresentative<\/em>, a cura di Filiberto Agostini, pp. 43-44, Marietti, Casale Monferrato (AL) 1984. Appassionata e ricca di informazioni la scheda biografica di Pietro Balan scritta da don Paolo de Toth nella sua opera inedita sulla vita di Stanislao Medolago Albani<\/p>\n","protected":false},"excerpt":{"rendered":"<p>I.D.I.S. &#8211; Istituto per la Dottrina e l&#8217;Informazione Sociale Voci per un dizionario del pensiero forte di Marco Invernizzi<\/p><p><a class=\"more-link btn\" href=\"https:\/\/www.rassegnastampa-totustuus.it\/cattolica\/pietro-balan\/\">Continua a leggere<\/a><\/p>\n","protected":false},"author":6,"featured_media":33333,"comment_status":"closed","ping_status":"open","sticky":false,"template":"","format":"standard","meta":{"footnotes":""},"categories":[101,96],"tags":[833],"class_list":["post-896","post","type-post","status-publish","format-standard","has-post-thumbnail","hentry","category-risorgimento","category-storia-italiana","tag-pietro-balan","item-wrap"],"yoast_head":"<!-- This site is optimized with the Yoast SEO plugin v27.5 - https:\/\/yoast.com\/product\/yoast-seo-wordpress\/ -->\n<title>Pietro Balan - Rassegna Stampa Cattolica<\/title>\n<meta name=\"description\" content=\"Rassegna Stampa Cattolica - Per una cultura che nasce dalla Rivelazione cristiana in conformit\u00e0 alla tradizione e al Magistero della Chiesa in opposizione ad ogni relativismo e totalitarismo\" \/>\n<meta name=\"robots\" content=\"index, follow, max-snippet:-1, max-image-preview:large, max-video-preview:-1\" \/>\n<link rel=\"canonical\" href=\"https:\/\/www.rassegnastampa-totustuus.it\/cattolica\/pietro-balan\/\" \/>\n<meta property=\"og:locale\" content=\"it_IT\" \/>\n<meta property=\"og:type\" content=\"article\" \/>\n<meta property=\"og:title\" content=\"Pietro Balan - Rassegna Stampa Cattolica\" \/>\n<meta property=\"og:description\" content=\"Rassegna Stampa Cattolica - Per una cultura che nasce dalla Rivelazione cristiana in conformit\u00e0 alla tradizione e al Magistero della Chiesa in opposizione ad ogni relativismo e totalitarismo\" \/>\n<meta property=\"og:url\" content=\"https:\/\/www.rassegnastampa-totustuus.it\/cattolica\/pietro-balan\/\" \/>\n<meta property=\"og:site_name\" content=\"Rassegna Stampa Cattolica\" \/>\n<meta property=\"article:publisher\" content=\"https:\/\/www.facebook.com\/rassegnastampacattolica\" \/>\n<meta property=\"article:published_time\" content=\"2005-07-16T22:00:00+00:00\" \/>\n<meta property=\"article:modified_time\" content=\"2016-04-22T07:50:05+00:00\" \/>\n<meta property=\"og:image\" content=\"https:\/\/www.rassegnastampa-totustuus.it\/cattolica\/wp-content\/uploads\/2005\/07\/Pietro-Balan.jpg\" \/>\n\t<meta property=\"og:image:width\" content=\"240\" \/>\n\t<meta property=\"og:image:height\" content=\"168\" \/>\n\t<meta property=\"og:image:type\" content=\"image\/jpeg\" \/>\n<meta name=\"author\" content=\"Redazione\" \/>\n<meta name=\"twitter:card\" content=\"summary_large_image\" \/>\n<meta name=\"twitter:creator\" content=\"@rassegnastampa9\" \/>\n<meta name=\"twitter:site\" content=\"@rassegnastampa9\" \/>\n<meta name=\"twitter:label1\" content=\"Scritto da\" \/>\n\t<meta name=\"twitter:data1\" content=\"Redazione\" \/>\n\t<meta name=\"twitter:label2\" content=\"Tempo di lettura stimato\" \/>\n\t<meta name=\"twitter:data2\" content=\"9 minuti\" \/>\n<script type=\"application\/ld+json\" class=\"yoast-schema-graph\">{\"@context\":\"https:\\\/\\\/schema.org\",\"@graph\":[{\"@type\":\"Article\",\"@id\":\"https:\\\/\\\/www.rassegnastampa-totustuus.it\\\/cattolica\\\/pietro-balan\\\/#article\",\"isPartOf\":{\"@id\":\"https:\\\/\\\/www.rassegnastampa-totustuus.it\\\/cattolica\\\/pietro-balan\\\/\"},\"author\":{\"name\":\"Redazione\",\"@id\":\"https:\\\/\\\/www.rassegnastampa-totustuus.it\\\/cattolica\\\/#\\\/schema\\\/person\\\/08f319d2bd1a0904ad9e2bfb7b15e5c3\"},\"headline\":\"Pietro Balan\",\"datePublished\":\"2005-07-16T22:00:00+00:00\",\"dateModified\":\"2016-04-22T07:50:05+00:00\",\"mainEntityOfPage\":{\"@id\":\"https:\\\/\\\/www.rassegnastampa-totustuus.it\\\/cattolica\\\/pietro-balan\\\/\"},\"wordCount\":1825,\"publisher\":{\"@id\":\"https:\\\/\\\/www.rassegnastampa-totustuus.it\\\/cattolica\\\/#organization\"},\"image\":{\"@id\":\"https:\\\/\\\/www.rassegnastampa-totustuus.it\\\/cattolica\\\/pietro-balan\\\/#primaryimage\"},\"thumbnailUrl\":\"https:\\\/\\\/www.rassegnastampa-totustuus.it\\\/cattolica\\\/wp-content\\\/uploads\\\/2005\\\/07\\\/Pietro-Balan.jpg\",\"keywords\":[\"Pietro Balan\"],\"articleSection\":[\"Risorgimento\",\"Storia italiana\"],\"inLanguage\":\"it-IT\"},{\"@type\":\"WebPage\",\"@id\":\"https:\\\/\\\/www.rassegnastampa-totustuus.it\\\/cattolica\\\/pietro-balan\\\/\",\"url\":\"https:\\\/\\\/www.rassegnastampa-totustuus.it\\\/cattolica\\\/pietro-balan\\\/\",\"name\":\"Pietro Balan - Rassegna Stampa Cattolica\",\"isPartOf\":{\"@id\":\"https:\\\/\\\/www.rassegnastampa-totustuus.it\\\/cattolica\\\/#website\"},\"primaryImageOfPage\":{\"@id\":\"https:\\\/\\\/www.rassegnastampa-totustuus.it\\\/cattolica\\\/pietro-balan\\\/#primaryimage\"},\"image\":{\"@id\":\"https:\\\/\\\/www.rassegnastampa-totustuus.it\\\/cattolica\\\/pietro-balan\\\/#primaryimage\"},\"thumbnailUrl\":\"https:\\\/\\\/www.rassegnastampa-totustuus.it\\\/cattolica\\\/wp-content\\\/uploads\\\/2005\\\/07\\\/Pietro-Balan.jpg\",\"datePublished\":\"2005-07-16T22:00:00+00:00\",\"dateModified\":\"2016-04-22T07:50:05+00:00\",\"description\":\"Rassegna Stampa Cattolica - Per una cultura che nasce dalla Rivelazione cristiana in conformit\u00e0 alla tradizione e al Magistero della Chiesa in opposizione ad ogni relativismo e totalitarismo\",\"breadcrumb\":{\"@id\":\"https:\\\/\\\/www.rassegnastampa-totustuus.it\\\/cattolica\\\/pietro-balan\\\/#breadcrumb\"},\"inLanguage\":\"it-IT\",\"potentialAction\":[{\"@type\":\"ReadAction\",\"target\":[\"https:\\\/\\\/www.rassegnastampa-totustuus.it\\\/cattolica\\\/pietro-balan\\\/\"]}]},{\"@type\":\"ImageObject\",\"inLanguage\":\"it-IT\",\"@id\":\"https:\\\/\\\/www.rassegnastampa-totustuus.it\\\/cattolica\\\/pietro-balan\\\/#primaryimage\",\"url\":\"https:\\\/\\\/www.rassegnastampa-totustuus.it\\\/cattolica\\\/wp-content\\\/uploads\\\/2005\\\/07\\\/Pietro-Balan.jpg\",\"contentUrl\":\"https:\\\/\\\/www.rassegnastampa-totustuus.it\\\/cattolica\\\/wp-content\\\/uploads\\\/2005\\\/07\\\/Pietro-Balan.jpg\",\"width\":240,\"height\":168},{\"@type\":\"BreadcrumbList\",\"@id\":\"https:\\\/\\\/www.rassegnastampa-totustuus.it\\\/cattolica\\\/pietro-balan\\\/#breadcrumb\",\"itemListElement\":[{\"@type\":\"ListItem\",\"position\":1,\"name\":\"Home\",\"item\":\"https:\\\/\\\/www.rassegnastampa-totustuus.it\\\/cattolica\\\/\"},{\"@type\":\"ListItem\",\"position\":2,\"name\":\"Pietro Balan\"}]},{\"@type\":\"WebSite\",\"@id\":\"https:\\\/\\\/www.rassegnastampa-totustuus.it\\\/cattolica\\\/#website\",\"url\":\"https:\\\/\\\/www.rassegnastampa-totustuus.it\\\/cattolica\\\/\",\"name\":\"Rassegna Stampa Cattolica\",\"description\":\"Per una cultura che nasce dalla Rivelazione cristiana in conformit\u00e0 alla tradizione e al Magistero della Chiesa in opposizione ad ogni relativismo e totalitarismo\",\"publisher\":{\"@id\":\"https:\\\/\\\/www.rassegnastampa-totustuus.it\\\/cattolica\\\/#organization\"},\"alternateName\":\"Rass. Cattolica\",\"potentialAction\":[{\"@type\":\"SearchAction\",\"target\":{\"@type\":\"EntryPoint\",\"urlTemplate\":\"https:\\\/\\\/www.rassegnastampa-totustuus.it\\\/cattolica\\\/?s={search_term_string}\"},\"query-input\":{\"@type\":\"PropertyValueSpecification\",\"valueRequired\":true,\"valueName\":\"search_term_string\"}}],\"inLanguage\":\"it-IT\"},{\"@type\":\"Organization\",\"@id\":\"https:\\\/\\\/www.rassegnastampa-totustuus.it\\\/cattolica\\\/#organization\",\"name\":\"Rassegna Stampa Cattolica\",\"url\":\"https:\\\/\\\/www.rassegnastampa-totustuus.it\\\/cattolica\\\/\",\"logo\":{\"@type\":\"ImageObject\",\"inLanguage\":\"it-IT\",\"@id\":\"https:\\\/\\\/www.rassegnastampa-totustuus.it\\\/cattolica\\\/#\\\/schema\\\/logo\\\/image\\\/\",\"url\":\"https:\\\/\\\/www.rassegnastampa-totustuus.it\\\/cattolica\\\/wp-content\\\/uploads\\\/2014\\\/04\\\/logo-rassegna1.gif\",\"contentUrl\":\"https:\\\/\\\/www.rassegnastampa-totustuus.it\\\/cattolica\\\/wp-content\\\/uploads\\\/2014\\\/04\\\/logo-rassegna1.gif\",\"width\":600,\"height\":163,\"caption\":\"Rassegna Stampa Cattolica\"},\"image\":{\"@id\":\"https:\\\/\\\/www.rassegnastampa-totustuus.it\\\/cattolica\\\/#\\\/schema\\\/logo\\\/image\\\/\"},\"sameAs\":[\"https:\\\/\\\/www.facebook.com\\\/rassegnastampacattolica\",\"https:\\\/\\\/x.com\\\/rassegnastampa9\"]},{\"@type\":\"Person\",\"@id\":\"https:\\\/\\\/www.rassegnastampa-totustuus.it\\\/cattolica\\\/#\\\/schema\\\/person\\\/08f319d2bd1a0904ad9e2bfb7b15e5c3\",\"name\":\"Redazione\",\"image\":{\"@type\":\"ImageObject\",\"inLanguage\":\"it-IT\",\"@id\":\"https:\\\/\\\/secure.gravatar.com\\\/avatar\\\/2fcdf27c78ea025fbdb44e914cc63c72249ffec9dc8aafd5c82b26240ef3f346?s=96&d=mm&r=g\",\"url\":\"https:\\\/\\\/secure.gravatar.com\\\/avatar\\\/2fcdf27c78ea025fbdb44e914cc63c72249ffec9dc8aafd5c82b26240ef3f346?s=96&d=mm&r=g\",\"contentUrl\":\"https:\\\/\\\/secure.gravatar.com\\\/avatar\\\/2fcdf27c78ea025fbdb44e914cc63c72249ffec9dc8aafd5c82b26240ef3f346?s=96&d=mm&r=g\",\"caption\":\"Redazione\"},\"url\":\"https:\\\/\\\/www.rassegnastampa-totustuus.it\\\/cattolica\\\/author\\\/pietroelle\\\/\"}]}<\/script>\n<!-- \/ Yoast SEO plugin. -->","yoast_head_json":{"title":"Pietro Balan - Rassegna Stampa Cattolica","description":"Rassegna Stampa Cattolica - Per una cultura che nasce dalla Rivelazione cristiana in conformit\u00e0 alla tradizione e al Magistero della Chiesa in opposizione ad ogni relativismo e totalitarismo","robots":{"index":"index","follow":"follow","max-snippet":"max-snippet:-1","max-image-preview":"max-image-preview:large","max-video-preview":"max-video-preview:-1"},"canonical":"https:\/\/www.rassegnastampa-totustuus.it\/cattolica\/pietro-balan\/","og_locale":"it_IT","og_type":"article","og_title":"Pietro Balan - Rassegna Stampa Cattolica","og_description":"Rassegna Stampa Cattolica - Per una cultura che nasce dalla Rivelazione cristiana in conformit\u00e0 alla tradizione e al Magistero della Chiesa in opposizione ad ogni relativismo e totalitarismo","og_url":"https:\/\/www.rassegnastampa-totustuus.it\/cattolica\/pietro-balan\/","og_site_name":"Rassegna Stampa Cattolica","article_publisher":"https:\/\/www.facebook.com\/rassegnastampacattolica","article_published_time":"2005-07-16T22:00:00+00:00","article_modified_time":"2016-04-22T07:50:05+00:00","og_image":[{"width":240,"height":168,"url":"https:\/\/www.rassegnastampa-totustuus.it\/cattolica\/wp-content\/uploads\/2005\/07\/Pietro-Balan.jpg","type":"image\/jpeg"}],"author":"Redazione","twitter_card":"summary_large_image","twitter_creator":"@rassegnastampa9","twitter_site":"@rassegnastampa9","twitter_misc":{"Scritto da":"Redazione","Tempo di lettura stimato":"9 minuti"},"schema":{"@context":"https:\/\/schema.org","@graph":[{"@type":"Article","@id":"https:\/\/www.rassegnastampa-totustuus.it\/cattolica\/pietro-balan\/#article","isPartOf":{"@id":"https:\/\/www.rassegnastampa-totustuus.it\/cattolica\/pietro-balan\/"},"author":{"name":"Redazione","@id":"https:\/\/www.rassegnastampa-totustuus.it\/cattolica\/#\/schema\/person\/08f319d2bd1a0904ad9e2bfb7b15e5c3"},"headline":"Pietro Balan","datePublished":"2005-07-16T22:00:00+00:00","dateModified":"2016-04-22T07:50:05+00:00","mainEntityOfPage":{"@id":"https:\/\/www.rassegnastampa-totustuus.it\/cattolica\/pietro-balan\/"},"wordCount":1825,"publisher":{"@id":"https:\/\/www.rassegnastampa-totustuus.it\/cattolica\/#organization"},"image":{"@id":"https:\/\/www.rassegnastampa-totustuus.it\/cattolica\/pietro-balan\/#primaryimage"},"thumbnailUrl":"https:\/\/www.rassegnastampa-totustuus.it\/cattolica\/wp-content\/uploads\/2005\/07\/Pietro-Balan.jpg","keywords":["Pietro Balan"],"articleSection":["Risorgimento","Storia italiana"],"inLanguage":"it-IT"},{"@type":"WebPage","@id":"https:\/\/www.rassegnastampa-totustuus.it\/cattolica\/pietro-balan\/","url":"https:\/\/www.rassegnastampa-totustuus.it\/cattolica\/pietro-balan\/","name":"Pietro Balan - Rassegna Stampa Cattolica","isPartOf":{"@id":"https:\/\/www.rassegnastampa-totustuus.it\/cattolica\/#website"},"primaryImageOfPage":{"@id":"https:\/\/www.rassegnastampa-totustuus.it\/cattolica\/pietro-balan\/#primaryimage"},"image":{"@id":"https:\/\/www.rassegnastampa-totustuus.it\/cattolica\/pietro-balan\/#primaryimage"},"thumbnailUrl":"https:\/\/www.rassegnastampa-totustuus.it\/cattolica\/wp-content\/uploads\/2005\/07\/Pietro-Balan.jpg","datePublished":"2005-07-16T22:00:00+00:00","dateModified":"2016-04-22T07:50:05+00:00","description":"Rassegna Stampa Cattolica - Per una cultura che nasce dalla Rivelazione cristiana in conformit\u00e0 alla tradizione e al Magistero della Chiesa in opposizione ad ogni relativismo e totalitarismo","breadcrumb":{"@id":"https:\/\/www.rassegnastampa-totustuus.it\/cattolica\/pietro-balan\/#breadcrumb"},"inLanguage":"it-IT","potentialAction":[{"@type":"ReadAction","target":["https:\/\/www.rassegnastampa-totustuus.it\/cattolica\/pietro-balan\/"]}]},{"@type":"ImageObject","inLanguage":"it-IT","@id":"https:\/\/www.rassegnastampa-totustuus.it\/cattolica\/pietro-balan\/#primaryimage","url":"https:\/\/www.rassegnastampa-totustuus.it\/cattolica\/wp-content\/uploads\/2005\/07\/Pietro-Balan.jpg","contentUrl":"https:\/\/www.rassegnastampa-totustuus.it\/cattolica\/wp-content\/uploads\/2005\/07\/Pietro-Balan.jpg","width":240,"height":168},{"@type":"BreadcrumbList","@id":"https:\/\/www.rassegnastampa-totustuus.it\/cattolica\/pietro-balan\/#breadcrumb","itemListElement":[{"@type":"ListItem","position":1,"name":"Home","item":"https:\/\/www.rassegnastampa-totustuus.it\/cattolica\/"},{"@type":"ListItem","position":2,"name":"Pietro Balan"}]},{"@type":"WebSite","@id":"https:\/\/www.rassegnastampa-totustuus.it\/cattolica\/#website","url":"https:\/\/www.rassegnastampa-totustuus.it\/cattolica\/","name":"Rassegna Stampa Cattolica","description":"Per una cultura che nasce dalla Rivelazione cristiana in conformit\u00e0 alla tradizione e al Magistero della Chiesa in opposizione ad ogni relativismo e totalitarismo","publisher":{"@id":"https:\/\/www.rassegnastampa-totustuus.it\/cattolica\/#organization"},"alternateName":"Rass. Cattolica","potentialAction":[{"@type":"SearchAction","target":{"@type":"EntryPoint","urlTemplate":"https:\/\/www.rassegnastampa-totustuus.it\/cattolica\/?s={search_term_string}"},"query-input":{"@type":"PropertyValueSpecification","valueRequired":true,"valueName":"search_term_string"}}],"inLanguage":"it-IT"},{"@type":"Organization","@id":"https:\/\/www.rassegnastampa-totustuus.it\/cattolica\/#organization","name":"Rassegna Stampa Cattolica","url":"https:\/\/www.rassegnastampa-totustuus.it\/cattolica\/","logo":{"@type":"ImageObject","inLanguage":"it-IT","@id":"https:\/\/www.rassegnastampa-totustuus.it\/cattolica\/#\/schema\/logo\/image\/","url":"https:\/\/www.rassegnastampa-totustuus.it\/cattolica\/wp-content\/uploads\/2014\/04\/logo-rassegna1.gif","contentUrl":"https:\/\/www.rassegnastampa-totustuus.it\/cattolica\/wp-content\/uploads\/2014\/04\/logo-rassegna1.gif","width":600,"height":163,"caption":"Rassegna Stampa Cattolica"},"image":{"@id":"https:\/\/www.rassegnastampa-totustuus.it\/cattolica\/#\/schema\/logo\/image\/"},"sameAs":["https:\/\/www.facebook.com\/rassegnastampacattolica","https:\/\/x.com\/rassegnastampa9"]},{"@type":"Person","@id":"https:\/\/www.rassegnastampa-totustuus.it\/cattolica\/#\/schema\/person\/08f319d2bd1a0904ad9e2bfb7b15e5c3","name":"Redazione","image":{"@type":"ImageObject","inLanguage":"it-IT","@id":"https:\/\/secure.gravatar.com\/avatar\/2fcdf27c78ea025fbdb44e914cc63c72249ffec9dc8aafd5c82b26240ef3f346?s=96&d=mm&r=g","url":"https:\/\/secure.gravatar.com\/avatar\/2fcdf27c78ea025fbdb44e914cc63c72249ffec9dc8aafd5c82b26240ef3f346?s=96&d=mm&r=g","contentUrl":"https:\/\/secure.gravatar.com\/avatar\/2fcdf27c78ea025fbdb44e914cc63c72249ffec9dc8aafd5c82b26240ef3f346?s=96&d=mm&r=g","caption":"Redazione"},"url":"https:\/\/www.rassegnastampa-totustuus.it\/cattolica\/author\/pietroelle\/"}]}},"_links":{"self":[{"href":"https:\/\/www.rassegnastampa-totustuus.it\/cattolica\/wp-json\/wp\/v2\/posts\/896","targetHints":{"allow":["GET"]}}],"collection":[{"href":"https:\/\/www.rassegnastampa-totustuus.it\/cattolica\/wp-json\/wp\/v2\/posts"}],"about":[{"href":"https:\/\/www.rassegnastampa-totustuus.it\/cattolica\/wp-json\/wp\/v2\/types\/post"}],"author":[{"embeddable":true,"href":"https:\/\/www.rassegnastampa-totustuus.it\/cattolica\/wp-json\/wp\/v2\/users\/6"}],"replies":[{"embeddable":true,"href":"https:\/\/www.rassegnastampa-totustuus.it\/cattolica\/wp-json\/wp\/v2\/comments?post=896"}],"version-history":[{"count":4,"href":"https:\/\/www.rassegnastampa-totustuus.it\/cattolica\/wp-json\/wp\/v2\/posts\/896\/revisions"}],"predecessor-version":[{"id":33334,"href":"https:\/\/www.rassegnastampa-totustuus.it\/cattolica\/wp-json\/wp\/v2\/posts\/896\/revisions\/33334"}],"wp:featuredmedia":[{"embeddable":true,"href":"https:\/\/www.rassegnastampa-totustuus.it\/cattolica\/wp-json\/wp\/v2\/media\/33333"}],"wp:attachment":[{"href":"https:\/\/www.rassegnastampa-totustuus.it\/cattolica\/wp-json\/wp\/v2\/media?parent=896"}],"wp:term":[{"taxonomy":"category","embeddable":true,"href":"https:\/\/www.rassegnastampa-totustuus.it\/cattolica\/wp-json\/wp\/v2\/categories?post=896"},{"taxonomy":"post_tag","embeddable":true,"href":"https:\/\/www.rassegnastampa-totustuus.it\/cattolica\/wp-json\/wp\/v2\/tags?post=896"}],"curies":[{"name":"wp","href":"https:\/\/api.w.org\/{rel}","templated":true}]}}