{"id":884,"date":"2005-07-12T10:16:08","date_gmt":"2005-07-12T08:16:08","guid":{"rendered":""},"modified":"2016-04-13T11:04:19","modified_gmt":"2016-04-13T09:04:19","slug":"rigenerare-i-nostri-valori-non-certo-smorzarli","status":"publish","type":"post","link":"https:\/\/www.rassegnastampa-totustuus.it\/cattolica\/rigenerare-i-nostri-valori-non-certo-smorzarli\/","title":{"rendered":"Rigenerare i nostri valori non certo smorzarli"},"content":{"rendered":"<div style=\"text-align: center;\"><strong><img loading=\"lazy\" decoding=\"async\" class=\"alignleft wp-image-32771\" src=\"https:\/\/www.rassegnastampa-totustuus.it\/cattolica\/wp-content\/uploads\/2005\/07\/islam_occidente.jpg\" alt=\"islam_occidente\" width=\"250\" height=\"168\" \/>Avvenire<\/strong> 9 luglio 2005<\/div>\n<p style=\"text-align: center;\"><strong>Piero Gheddo<\/strong><\/p>\n<p style=\"text-align: justify;\">\u00a0Leggendo i commenti all&#8217;attentato terroristico di Londra, si \u00e8 presi da un certo angoscioso stupore: lo sdegno contro i criminali attentatori si spreca, ma gli appelli per una maggior vigilanza e fermezza lasciano il tempo che trovano; c&#8217;\u00e8 sbalordimento, come se attentati del genere non fossero ormai abbastanza comuni, da New York a Madrid, da Bali a Casablanca, da Istanbul a Londra, ecc.<\/p>\n<p style=\"text-align: justify;\"><!--more--><\/p>\n<p style=\"text-align: justify;\">\u00c8 evidente che c&#8217;\u00e8 un terrorismo contro i popoli occidentali e contro i regimi islamici alleati con l&#8217;Occidente. Tutti deprechiamo questa situazione, ma nessuno indica la via di soluzione. Il nostro mondo democratico e ricco si trova spiazzato. L&#8217;abisso tra il nostro desiderio di vivere tranquilli e la violenza di un nemico che non si capisce dov&#8217;\u00e8 e cosa vuole ci fanno imbestialire: non comprendiamo che le radici di questa reazione anti-occidentale sono molto pi\u00f9 profonde e diffuse di quanto in genere si pensa.<\/p>\n<p style=\"text-align: justify;\">Viviamo in un mondo secolarizzato, non siamo pi\u00f9 in grado di comprendere logiche che esulano dalla nostra mentalit\u00e0 e costume di vita. Parlo con un missionario italiano che vive in Bangladesh: in Occidente non si capisce la radice del terrorismo di matrice islamica, che non \u00e8 solo economica e di sottosviluppo, ma religiosa e ideologica e si vuole combattere con lo strumento sbagliato, la guerra.<\/p>\n<p style=\"text-align: justify;\">Il vero problema \u00e8 questo: fra i popoli musulmani \u00e8 cresciuta la convinzione che l&#8217;Occidente ha prodotto una civilt\u00e0 corrotta e oppressiva dell&#8217;uomo, che conduce alla morte. Sono popoli che vivono in una civilt\u00e0 sacrale, credono alla presenza di Dio nella storia dell&#8217;uomo e hanno sperimentato che, negli ultimi secoli, l&#8217;Occidente ha soggiogato i popoli e ha affossato la cultura e il modello di vita islamico, allontanandoci sempre pi\u00f9 da Dio e dalla sua Legge.<\/p>\n<p style=\"text-align: justify;\">L&#8217;Occidente \u00e8 immorale e corrotto, ha sempre meno bambini e insegue uno sviluppo puramente materiale che non porta da nessuna parte: n\u00e9 alla felicit\u00e0 di chi \u00e8 ricco, n\u00e9 ad una uguaglianza nella distribuzione dei beni che si producono. Su questa mentalit\u00e0 molto diffusa si inserisce la predicazione islamica, non dell&#8217;islam tradizionale che era in atteggiamento di accettazione e anche di cordialit\u00e0 verso l&#8217;Occidente: questa la situazione che i missionari hanno trovato in Bangladesh cinquant&#8217;anni fa e in altri paesi islamici.<\/p>\n<p style=\"text-align: justify;\">Oggi si infiltra la visione radicale delle nuove madrasse (scuole coraniche) nate dal finanziamento dei paesi del petrolio (specie l&#8217;Arabia Saudita). Nel solo Bangladesh sono circa 40mila: noi musulmani dobbiamo conservare la nostra identit\u00e0 e vita religiosa, perch\u00e9 questa \u00e8 la nostra speranza, il nostro futuro, anzi il futuro dell&#8217;umanit\u00e0. Il compito storico che Dio ci affida \u00e8 di ridare vitalit\u00e0 religiosa all&#8217;Occidente, diffondendo ovunque la volont\u00e0 di Dio manifestata dalla Legge dell&#8217;islam. L&#8217;Occidente e il cristianesimo hanno fallito, ritorniamo all&#8217;islam puro e duro.<\/p>\n<p style=\"text-align: justify;\">Cosa fare? La domanda vera \u00e8 questa. Non esiste una risposta facile, che porti a risultati immediati. Ma a lunga scadenza la soluzione, in sintesi, \u00e8 duplice: essere presenti nel mondo islamico con il dialogo e la carit\u00e0 (nella guerra del Golfo, nei paesi islamici il popolo non attaccava le missioni cristiane che aiutavano e avevano atteggiamento di rispetto e di dialogo); e poi, soprattutto, l&#8217;Occidente, per &#8220;difendere i nostri valori&#8221; come ha detto Blair, deve tornare alla radice di questi valori che sono nella civilt\u00e0 cristiana.<\/p>\n<p style=\"text-align: justify;\">Per quanto paradossale appaia, il futuro non sta nell&#8217;attenuazione dei valori fino alla loro sparizione, ma nella riscoperta degli stessi, rispetto alla cultura dominante, materialista, economicista e laicista. \u00c8 un discorso difficile da fare, d&#8217;accordo. Si \u00e8 detto mille volte che abbiamo creato &#8220;una civilt\u00e0 senz&#8217;anima&#8221; e ora la storia si incarica di sollecitarci a discutere e a capire che quest&#8217;anima pu\u00f2 darla il ritorno a quell&#8217;ispirazione che ha reso grande l&#8217;Occidente.<\/p>\n","protected":false},"excerpt":{"rendered":"<p>Avvenire 9 luglio 2005 Piero Gheddo \u00a0Leggendo i commenti all&#8217;attentato terroristico di Londra, si \u00e8 presi da un certo angoscioso stupore: lo sdegno contro i criminali attentatori si spreca, ma gli appelli per una maggior vigilanza e fermezza lasciano il tempo che trovano; c&#8217;\u00e8 sbalordimento, come se attentati del genere non fossero ormai abbastanza comuni, &hellip; <\/p>\n<p><a class=\"more-link btn\" href=\"https:\/\/www.rassegnastampa-totustuus.it\/cattolica\/rigenerare-i-nostri-valori-non-certo-smorzarli\/\">Continua a leggere<\/a><\/p>\n","protected":false},"author":6,"featured_media":32771,"comment_status":"closed","ping_status":"open","sticky":false,"template":"","format":"standard","meta":{"footnotes":""},"categories":[111],"tags":[2408],"class_list":["post-884","post","type-post","status-publish","format-standard","has-post-thumbnail","hentry","category-islam-in-europa","tag-islam-in-europa","item-wrap"],"yoast_head":"<!-- This site is optimized with the Yoast SEO plugin v27.4 - https:\/\/yoast.com\/product\/yoast-seo-wordpress\/ -->\n<title>Rigenerare i nostri valori non certo smorzarli - Rassegna Stampa Cattolica<\/title>\n<meta name=\"description\" content=\"Rassegna Stampa Cattolica - Per una cultura che nasce dalla Rivelazione cristiana in conformit\u00e0 alla tradizione e al Magistero della Chiesa in opposizione ad ogni relativismo e totalitarismo\" \/>\n<meta name=\"robots\" content=\"index, follow, max-snippet:-1, max-image-preview:large, max-video-preview:-1\" \/>\n<link rel=\"canonical\" href=\"https:\/\/www.rassegnastampa-totustuus.it\/cattolica\/rigenerare-i-nostri-valori-non-certo-smorzarli\/\" \/>\n<meta property=\"og:locale\" content=\"it_IT\" \/>\n<meta property=\"og:type\" content=\"article\" \/>\n<meta property=\"og:title\" content=\"Rigenerare i nostri valori non certo smorzarli - Rassegna Stampa Cattolica\" \/>\n<meta property=\"og:description\" content=\"Rassegna Stampa Cattolica - Per una cultura che nasce dalla Rivelazione cristiana in conformit\u00e0 alla tradizione e al Magistero della Chiesa in opposizione ad ogni relativismo e totalitarismo\" \/>\n<meta property=\"og:url\" content=\"https:\/\/www.rassegnastampa-totustuus.it\/cattolica\/rigenerare-i-nostri-valori-non-certo-smorzarli\/\" \/>\n<meta property=\"og:site_name\" content=\"Rassegna Stampa Cattolica\" \/>\n<meta property=\"article:publisher\" content=\"https:\/\/www.facebook.com\/rassegnastampacattolica\" \/>\n<meta property=\"article:published_time\" content=\"2005-07-12T08:16:08+00:00\" \/>\n<meta property=\"article:modified_time\" content=\"2016-04-13T09:04:19+00:00\" \/>\n<meta property=\"og:image\" content=\"https:\/\/www.rassegnastampa-totustuus.it\/cattolica\/wp-content\/uploads\/2005\/07\/islam_occidente.jpg\" \/>\n\t<meta property=\"og:image:width\" content=\"274\" \/>\n\t<meta property=\"og:image:height\" content=\"184\" \/>\n\t<meta property=\"og:image:type\" content=\"image\/jpeg\" \/>\n<meta name=\"author\" content=\"Redazione\" \/>\n<meta name=\"twitter:card\" content=\"summary_large_image\" \/>\n<meta name=\"twitter:creator\" content=\"@rassegnastampa9\" \/>\n<meta name=\"twitter:site\" content=\"@rassegnastampa9\" \/>\n<meta name=\"twitter:label1\" content=\"Scritto da\" \/>\n\t<meta name=\"twitter:data1\" content=\"Redazione\" \/>\n\t<meta name=\"twitter:label2\" content=\"Tempo di lettura stimato\" \/>\n\t<meta name=\"twitter:data2\" content=\"3 minuti\" \/>\n<script type=\"application\/ld+json\" class=\"yoast-schema-graph\">{\"@context\":\"https:\\\/\\\/schema.org\",\"@graph\":[{\"@type\":\"Article\",\"@id\":\"https:\\\/\\\/www.rassegnastampa-totustuus.it\\\/cattolica\\\/rigenerare-i-nostri-valori-non-certo-smorzarli\\\/#article\",\"isPartOf\":{\"@id\":\"https:\\\/\\\/www.rassegnastampa-totustuus.it\\\/cattolica\\\/rigenerare-i-nostri-valori-non-certo-smorzarli\\\/\"},\"author\":{\"name\":\"Redazione\",\"@id\":\"https:\\\/\\\/www.rassegnastampa-totustuus.it\\\/cattolica\\\/#\\\/schema\\\/person\\\/08f319d2bd1a0904ad9e2bfb7b15e5c3\"},\"headline\":\"Rigenerare i nostri valori non certo smorzarli\",\"datePublished\":\"2005-07-12T08:16:08+00:00\",\"dateModified\":\"2016-04-13T09:04:19+00:00\",\"mainEntityOfPage\":{\"@id\":\"https:\\\/\\\/www.rassegnastampa-totustuus.it\\\/cattolica\\\/rigenerare-i-nostri-valori-non-certo-smorzarli\\\/\"},\"wordCount\":633,\"publisher\":{\"@id\":\"https:\\\/\\\/www.rassegnastampa-totustuus.it\\\/cattolica\\\/#organization\"},\"image\":{\"@id\":\"https:\\\/\\\/www.rassegnastampa-totustuus.it\\\/cattolica\\\/rigenerare-i-nostri-valori-non-certo-smorzarli\\\/#primaryimage\"},\"thumbnailUrl\":\"https:\\\/\\\/www.rassegnastampa-totustuus.it\\\/cattolica\\\/wp-content\\\/uploads\\\/2005\\\/07\\\/islam_occidente.jpg\",\"keywords\":[\"Islam in Europa\"],\"articleSection\":[\"Islam in Europa\"],\"inLanguage\":\"it-IT\"},{\"@type\":\"WebPage\",\"@id\":\"https:\\\/\\\/www.rassegnastampa-totustuus.it\\\/cattolica\\\/rigenerare-i-nostri-valori-non-certo-smorzarli\\\/\",\"url\":\"https:\\\/\\\/www.rassegnastampa-totustuus.it\\\/cattolica\\\/rigenerare-i-nostri-valori-non-certo-smorzarli\\\/\",\"name\":\"Rigenerare i nostri valori non certo smorzarli - Rassegna Stampa Cattolica\",\"isPartOf\":{\"@id\":\"https:\\\/\\\/www.rassegnastampa-totustuus.it\\\/cattolica\\\/#website\"},\"primaryImageOfPage\":{\"@id\":\"https:\\\/\\\/www.rassegnastampa-totustuus.it\\\/cattolica\\\/rigenerare-i-nostri-valori-non-certo-smorzarli\\\/#primaryimage\"},\"image\":{\"@id\":\"https:\\\/\\\/www.rassegnastampa-totustuus.it\\\/cattolica\\\/rigenerare-i-nostri-valori-non-certo-smorzarli\\\/#primaryimage\"},\"thumbnailUrl\":\"https:\\\/\\\/www.rassegnastampa-totustuus.it\\\/cattolica\\\/wp-content\\\/uploads\\\/2005\\\/07\\\/islam_occidente.jpg\",\"datePublished\":\"2005-07-12T08:16:08+00:00\",\"dateModified\":\"2016-04-13T09:04:19+00:00\",\"description\":\"Rassegna Stampa Cattolica - Per una cultura che nasce dalla Rivelazione cristiana in conformit\u00e0 alla tradizione e al Magistero della Chiesa in opposizione ad ogni relativismo e totalitarismo\",\"breadcrumb\":{\"@id\":\"https:\\\/\\\/www.rassegnastampa-totustuus.it\\\/cattolica\\\/rigenerare-i-nostri-valori-non-certo-smorzarli\\\/#breadcrumb\"},\"inLanguage\":\"it-IT\",\"potentialAction\":[{\"@type\":\"ReadAction\",\"target\":[\"https:\\\/\\\/www.rassegnastampa-totustuus.it\\\/cattolica\\\/rigenerare-i-nostri-valori-non-certo-smorzarli\\\/\"]}]},{\"@type\":\"ImageObject\",\"inLanguage\":\"it-IT\",\"@id\":\"https:\\\/\\\/www.rassegnastampa-totustuus.it\\\/cattolica\\\/rigenerare-i-nostri-valori-non-certo-smorzarli\\\/#primaryimage\",\"url\":\"https:\\\/\\\/www.rassegnastampa-totustuus.it\\\/cattolica\\\/wp-content\\\/uploads\\\/2005\\\/07\\\/islam_occidente.jpg\",\"contentUrl\":\"https:\\\/\\\/www.rassegnastampa-totustuus.it\\\/cattolica\\\/wp-content\\\/uploads\\\/2005\\\/07\\\/islam_occidente.jpg\",\"width\":274,\"height\":184},{\"@type\":\"BreadcrumbList\",\"@id\":\"https:\\\/\\\/www.rassegnastampa-totustuus.it\\\/cattolica\\\/rigenerare-i-nostri-valori-non-certo-smorzarli\\\/#breadcrumb\",\"itemListElement\":[{\"@type\":\"ListItem\",\"position\":1,\"name\":\"Home\",\"item\":\"https:\\\/\\\/www.rassegnastampa-totustuus.it\\\/cattolica\\\/\"},{\"@type\":\"ListItem\",\"position\":2,\"name\":\"Rigenerare i nostri valori non certo smorzarli\"}]},{\"@type\":\"WebSite\",\"@id\":\"https:\\\/\\\/www.rassegnastampa-totustuus.it\\\/cattolica\\\/#website\",\"url\":\"https:\\\/\\\/www.rassegnastampa-totustuus.it\\\/cattolica\\\/\",\"name\":\"Rassegna Stampa Cattolica\",\"description\":\"Per una cultura che nasce dalla Rivelazione cristiana in conformit\u00e0 alla tradizione e al Magistero della Chiesa in opposizione ad ogni relativismo e totalitarismo\",\"publisher\":{\"@id\":\"https:\\\/\\\/www.rassegnastampa-totustuus.it\\\/cattolica\\\/#organization\"},\"alternateName\":\"Rass. Cattolica\",\"potentialAction\":[{\"@type\":\"SearchAction\",\"target\":{\"@type\":\"EntryPoint\",\"urlTemplate\":\"https:\\\/\\\/www.rassegnastampa-totustuus.it\\\/cattolica\\\/?s={search_term_string}\"},\"query-input\":{\"@type\":\"PropertyValueSpecification\",\"valueRequired\":true,\"valueName\":\"search_term_string\"}}],\"inLanguage\":\"it-IT\"},{\"@type\":\"Organization\",\"@id\":\"https:\\\/\\\/www.rassegnastampa-totustuus.it\\\/cattolica\\\/#organization\",\"name\":\"Rassegna Stampa Cattolica\",\"url\":\"https:\\\/\\\/www.rassegnastampa-totustuus.it\\\/cattolica\\\/\",\"logo\":{\"@type\":\"ImageObject\",\"inLanguage\":\"it-IT\",\"@id\":\"https:\\\/\\\/www.rassegnastampa-totustuus.it\\\/cattolica\\\/#\\\/schema\\\/logo\\\/image\\\/\",\"url\":\"https:\\\/\\\/www.rassegnastampa-totustuus.it\\\/cattolica\\\/wp-content\\\/uploads\\\/2014\\\/04\\\/logo-rassegna1.gif\",\"contentUrl\":\"https:\\\/\\\/www.rassegnastampa-totustuus.it\\\/cattolica\\\/wp-content\\\/uploads\\\/2014\\\/04\\\/logo-rassegna1.gif\",\"width\":600,\"height\":163,\"caption\":\"Rassegna Stampa Cattolica\"},\"image\":{\"@id\":\"https:\\\/\\\/www.rassegnastampa-totustuus.it\\\/cattolica\\\/#\\\/schema\\\/logo\\\/image\\\/\"},\"sameAs\":[\"https:\\\/\\\/www.facebook.com\\\/rassegnastampacattolica\",\"https:\\\/\\\/x.com\\\/rassegnastampa9\"]},{\"@type\":\"Person\",\"@id\":\"https:\\\/\\\/www.rassegnastampa-totustuus.it\\\/cattolica\\\/#\\\/schema\\\/person\\\/08f319d2bd1a0904ad9e2bfb7b15e5c3\",\"name\":\"Redazione\",\"image\":{\"@type\":\"ImageObject\",\"inLanguage\":\"it-IT\",\"@id\":\"https:\\\/\\\/secure.gravatar.com\\\/avatar\\\/2fcdf27c78ea025fbdb44e914cc63c72249ffec9dc8aafd5c82b26240ef3f346?s=96&d=mm&r=g\",\"url\":\"https:\\\/\\\/secure.gravatar.com\\\/avatar\\\/2fcdf27c78ea025fbdb44e914cc63c72249ffec9dc8aafd5c82b26240ef3f346?s=96&d=mm&r=g\",\"contentUrl\":\"https:\\\/\\\/secure.gravatar.com\\\/avatar\\\/2fcdf27c78ea025fbdb44e914cc63c72249ffec9dc8aafd5c82b26240ef3f346?s=96&d=mm&r=g\",\"caption\":\"Redazione\"},\"url\":\"https:\\\/\\\/www.rassegnastampa-totustuus.it\\\/cattolica\\\/author\\\/pietroelle\\\/\"}]}<\/script>\n<!-- \/ Yoast SEO plugin. -->","yoast_head_json":{"title":"Rigenerare i nostri valori non certo smorzarli - Rassegna Stampa Cattolica","description":"Rassegna Stampa Cattolica - Per una cultura che nasce dalla Rivelazione cristiana in conformit\u00e0 alla tradizione e al Magistero della Chiesa in opposizione ad ogni relativismo e totalitarismo","robots":{"index":"index","follow":"follow","max-snippet":"max-snippet:-1","max-image-preview":"max-image-preview:large","max-video-preview":"max-video-preview:-1"},"canonical":"https:\/\/www.rassegnastampa-totustuus.it\/cattolica\/rigenerare-i-nostri-valori-non-certo-smorzarli\/","og_locale":"it_IT","og_type":"article","og_title":"Rigenerare i nostri valori non certo smorzarli - Rassegna Stampa Cattolica","og_description":"Rassegna Stampa Cattolica - Per una cultura che nasce dalla Rivelazione cristiana in conformit\u00e0 alla tradizione e al Magistero della Chiesa in opposizione ad ogni relativismo e totalitarismo","og_url":"https:\/\/www.rassegnastampa-totustuus.it\/cattolica\/rigenerare-i-nostri-valori-non-certo-smorzarli\/","og_site_name":"Rassegna Stampa Cattolica","article_publisher":"https:\/\/www.facebook.com\/rassegnastampacattolica","article_published_time":"2005-07-12T08:16:08+00:00","article_modified_time":"2016-04-13T09:04:19+00:00","og_image":[{"width":274,"height":184,"url":"https:\/\/www.rassegnastampa-totustuus.it\/cattolica\/wp-content\/uploads\/2005\/07\/islam_occidente.jpg","type":"image\/jpeg"}],"author":"Redazione","twitter_card":"summary_large_image","twitter_creator":"@rassegnastampa9","twitter_site":"@rassegnastampa9","twitter_misc":{"Scritto da":"Redazione","Tempo di lettura stimato":"3 minuti"},"schema":{"@context":"https:\/\/schema.org","@graph":[{"@type":"Article","@id":"https:\/\/www.rassegnastampa-totustuus.it\/cattolica\/rigenerare-i-nostri-valori-non-certo-smorzarli\/#article","isPartOf":{"@id":"https:\/\/www.rassegnastampa-totustuus.it\/cattolica\/rigenerare-i-nostri-valori-non-certo-smorzarli\/"},"author":{"name":"Redazione","@id":"https:\/\/www.rassegnastampa-totustuus.it\/cattolica\/#\/schema\/person\/08f319d2bd1a0904ad9e2bfb7b15e5c3"},"headline":"Rigenerare i nostri valori non certo smorzarli","datePublished":"2005-07-12T08:16:08+00:00","dateModified":"2016-04-13T09:04:19+00:00","mainEntityOfPage":{"@id":"https:\/\/www.rassegnastampa-totustuus.it\/cattolica\/rigenerare-i-nostri-valori-non-certo-smorzarli\/"},"wordCount":633,"publisher":{"@id":"https:\/\/www.rassegnastampa-totustuus.it\/cattolica\/#organization"},"image":{"@id":"https:\/\/www.rassegnastampa-totustuus.it\/cattolica\/rigenerare-i-nostri-valori-non-certo-smorzarli\/#primaryimage"},"thumbnailUrl":"https:\/\/www.rassegnastampa-totustuus.it\/cattolica\/wp-content\/uploads\/2005\/07\/islam_occidente.jpg","keywords":["Islam in Europa"],"articleSection":["Islam in Europa"],"inLanguage":"it-IT"},{"@type":"WebPage","@id":"https:\/\/www.rassegnastampa-totustuus.it\/cattolica\/rigenerare-i-nostri-valori-non-certo-smorzarli\/","url":"https:\/\/www.rassegnastampa-totustuus.it\/cattolica\/rigenerare-i-nostri-valori-non-certo-smorzarli\/","name":"Rigenerare i nostri valori non certo smorzarli - Rassegna Stampa Cattolica","isPartOf":{"@id":"https:\/\/www.rassegnastampa-totustuus.it\/cattolica\/#website"},"primaryImageOfPage":{"@id":"https:\/\/www.rassegnastampa-totustuus.it\/cattolica\/rigenerare-i-nostri-valori-non-certo-smorzarli\/#primaryimage"},"image":{"@id":"https:\/\/www.rassegnastampa-totustuus.it\/cattolica\/rigenerare-i-nostri-valori-non-certo-smorzarli\/#primaryimage"},"thumbnailUrl":"https:\/\/www.rassegnastampa-totustuus.it\/cattolica\/wp-content\/uploads\/2005\/07\/islam_occidente.jpg","datePublished":"2005-07-12T08:16:08+00:00","dateModified":"2016-04-13T09:04:19+00:00","description":"Rassegna Stampa Cattolica - Per una cultura che nasce dalla Rivelazione cristiana in conformit\u00e0 alla tradizione e al Magistero della Chiesa in opposizione ad ogni relativismo e totalitarismo","breadcrumb":{"@id":"https:\/\/www.rassegnastampa-totustuus.it\/cattolica\/rigenerare-i-nostri-valori-non-certo-smorzarli\/#breadcrumb"},"inLanguage":"it-IT","potentialAction":[{"@type":"ReadAction","target":["https:\/\/www.rassegnastampa-totustuus.it\/cattolica\/rigenerare-i-nostri-valori-non-certo-smorzarli\/"]}]},{"@type":"ImageObject","inLanguage":"it-IT","@id":"https:\/\/www.rassegnastampa-totustuus.it\/cattolica\/rigenerare-i-nostri-valori-non-certo-smorzarli\/#primaryimage","url":"https:\/\/www.rassegnastampa-totustuus.it\/cattolica\/wp-content\/uploads\/2005\/07\/islam_occidente.jpg","contentUrl":"https:\/\/www.rassegnastampa-totustuus.it\/cattolica\/wp-content\/uploads\/2005\/07\/islam_occidente.jpg","width":274,"height":184},{"@type":"BreadcrumbList","@id":"https:\/\/www.rassegnastampa-totustuus.it\/cattolica\/rigenerare-i-nostri-valori-non-certo-smorzarli\/#breadcrumb","itemListElement":[{"@type":"ListItem","position":1,"name":"Home","item":"https:\/\/www.rassegnastampa-totustuus.it\/cattolica\/"},{"@type":"ListItem","position":2,"name":"Rigenerare i nostri valori non certo smorzarli"}]},{"@type":"WebSite","@id":"https:\/\/www.rassegnastampa-totustuus.it\/cattolica\/#website","url":"https:\/\/www.rassegnastampa-totustuus.it\/cattolica\/","name":"Rassegna Stampa Cattolica","description":"Per una cultura che nasce dalla Rivelazione cristiana in conformit\u00e0 alla tradizione e al Magistero della Chiesa in opposizione ad ogni relativismo e totalitarismo","publisher":{"@id":"https:\/\/www.rassegnastampa-totustuus.it\/cattolica\/#organization"},"alternateName":"Rass. Cattolica","potentialAction":[{"@type":"SearchAction","target":{"@type":"EntryPoint","urlTemplate":"https:\/\/www.rassegnastampa-totustuus.it\/cattolica\/?s={search_term_string}"},"query-input":{"@type":"PropertyValueSpecification","valueRequired":true,"valueName":"search_term_string"}}],"inLanguage":"it-IT"},{"@type":"Organization","@id":"https:\/\/www.rassegnastampa-totustuus.it\/cattolica\/#organization","name":"Rassegna Stampa Cattolica","url":"https:\/\/www.rassegnastampa-totustuus.it\/cattolica\/","logo":{"@type":"ImageObject","inLanguage":"it-IT","@id":"https:\/\/www.rassegnastampa-totustuus.it\/cattolica\/#\/schema\/logo\/image\/","url":"https:\/\/www.rassegnastampa-totustuus.it\/cattolica\/wp-content\/uploads\/2014\/04\/logo-rassegna1.gif","contentUrl":"https:\/\/www.rassegnastampa-totustuus.it\/cattolica\/wp-content\/uploads\/2014\/04\/logo-rassegna1.gif","width":600,"height":163,"caption":"Rassegna Stampa Cattolica"},"image":{"@id":"https:\/\/www.rassegnastampa-totustuus.it\/cattolica\/#\/schema\/logo\/image\/"},"sameAs":["https:\/\/www.facebook.com\/rassegnastampacattolica","https:\/\/x.com\/rassegnastampa9"]},{"@type":"Person","@id":"https:\/\/www.rassegnastampa-totustuus.it\/cattolica\/#\/schema\/person\/08f319d2bd1a0904ad9e2bfb7b15e5c3","name":"Redazione","image":{"@type":"ImageObject","inLanguage":"it-IT","@id":"https:\/\/secure.gravatar.com\/avatar\/2fcdf27c78ea025fbdb44e914cc63c72249ffec9dc8aafd5c82b26240ef3f346?s=96&d=mm&r=g","url":"https:\/\/secure.gravatar.com\/avatar\/2fcdf27c78ea025fbdb44e914cc63c72249ffec9dc8aafd5c82b26240ef3f346?s=96&d=mm&r=g","contentUrl":"https:\/\/secure.gravatar.com\/avatar\/2fcdf27c78ea025fbdb44e914cc63c72249ffec9dc8aafd5c82b26240ef3f346?s=96&d=mm&r=g","caption":"Redazione"},"url":"https:\/\/www.rassegnastampa-totustuus.it\/cattolica\/author\/pietroelle\/"}]}},"_links":{"self":[{"href":"https:\/\/www.rassegnastampa-totustuus.it\/cattolica\/wp-json\/wp\/v2\/posts\/884","targetHints":{"allow":["GET"]}}],"collection":[{"href":"https:\/\/www.rassegnastampa-totustuus.it\/cattolica\/wp-json\/wp\/v2\/posts"}],"about":[{"href":"https:\/\/www.rassegnastampa-totustuus.it\/cattolica\/wp-json\/wp\/v2\/types\/post"}],"author":[{"embeddable":true,"href":"https:\/\/www.rassegnastampa-totustuus.it\/cattolica\/wp-json\/wp\/v2\/users\/6"}],"replies":[{"embeddable":true,"href":"https:\/\/www.rassegnastampa-totustuus.it\/cattolica\/wp-json\/wp\/v2\/comments?post=884"}],"version-history":[{"count":4,"href":"https:\/\/www.rassegnastampa-totustuus.it\/cattolica\/wp-json\/wp\/v2\/posts\/884\/revisions"}],"predecessor-version":[{"id":32772,"href":"https:\/\/www.rassegnastampa-totustuus.it\/cattolica\/wp-json\/wp\/v2\/posts\/884\/revisions\/32772"}],"wp:featuredmedia":[{"embeddable":true,"href":"https:\/\/www.rassegnastampa-totustuus.it\/cattolica\/wp-json\/wp\/v2\/media\/32771"}],"wp:attachment":[{"href":"https:\/\/www.rassegnastampa-totustuus.it\/cattolica\/wp-json\/wp\/v2\/media?parent=884"}],"wp:term":[{"taxonomy":"category","embeddable":true,"href":"https:\/\/www.rassegnastampa-totustuus.it\/cattolica\/wp-json\/wp\/v2\/categories?post=884"},{"taxonomy":"post_tag","embeddable":true,"href":"https:\/\/www.rassegnastampa-totustuus.it\/cattolica\/wp-json\/wp\/v2\/tags?post=884"}],"curies":[{"name":"wp","href":"https:\/\/api.w.org\/{rel}","templated":true}]}}