{"id":879,"date":"2005-07-10T00:00:00","date_gmt":"2005-07-09T22:00:00","guid":{"rendered":""},"modified":"2016-06-15T11:12:45","modified_gmt":"2016-06-15T09:12:45","slug":"perch-non-possiamo-non-dirci-kirkiani","status":"publish","type":"post","link":"https:\/\/www.rassegnastampa-totustuus.it\/cattolica\/perch-non-possiamo-non-dirci-kirkiani\/","title":{"rendered":"Perch&eacute; non possiamo non dirci kirkiani"},"content":{"rendered":"<div style=\"text-align: center;\">\n<div id=\"attachment_34832\" style=\"width: 159px\" class=\"wp-caption alignright\"><img loading=\"lazy\" decoding=\"async\" aria-describedby=\"caption-attachment-34832\" class=\"wp-image-34832\" src=\"https:\/\/www.rassegnastampa-totustuus.it\/cattolica\/wp-content\/uploads\/2005\/07\/Russel-kirk.jpg\" alt=\"Russel kirk\" width=\"159\" height=\"200\" \/><p id=\"caption-attachment-34832\" class=\"wp-caption-text\">Russel Kirk<\/p><\/div>\n<p><strong>Liberal <\/strong>Anno IV numero 20 ottobre-novembre 2003<\/div>\n<p style=\"text-align: center;\"><em>Vita, opere e filosofia di un &#8220;buon americano&#8221; (e occidentale)<\/em><\/p>\n<p style=\"text-align: center;\">di <strong>Marco Respinti<\/strong><\/p>\n<p><!--more--><\/p>\n<div style=\"text-align: justify;\">Nel 1965, Caspar von Schrenck-Notzing, oggi vero e proprio decano del conservatorismo tradizionalista tedesco, denunciava l\u2019assassinio psichico e spirituale della Germania perpetrato con ampi margini di successo a partire dall\u2019indomani immediato della seconda guerra mondiale da parte delle forze comuniste da un lato, delle forze liberal-progressiste statunitensi dall\u2019altro (1).<\/div>\n<p style=\"text-align: justify;\">Una critica circostanziata e serrata, che si scagliava senza mezzi termini contro l\u2019\u00abamericanizzazione\u00bb dell\u2019Europa occidentale partendo appunto dalla Germania, il Paese che, per ovvi motivi, subiva per primo e pi\u00f9 fortemente l\u2019impatto dei vincitori, ma dilatandosi e approfondendosi fino a divenire una vera e propria denuncia dell\u2019\u00abimperialismo\u00bb statunitense che rispondeva, imitandolo in maniera speculare, alla corsa egemonica dell\u2019Unione Sovietica sull\u2019Europa orientale.<\/p>\n<p style=\"text-align: justify;\">Una <em>finis Europae<\/em>, dunque, che discendeva direttamente da quella \u00ablogica di Jalta\u00bb con cui le superpotenze poi vincitrici del secondo conflitto mondiale cancellavano, insieme al nazionalsocialismo, sua devianza, anche il corpo sano del Vecchio continente. Gli \u00e8 per\u00f2, che Von Schrenck-Notzing non corrispondeva affatto allora, n\u00e9 men che meno corrisponde oggi, al tipo umano dell\u2019antiamericano, cantore di una vaga &#8211; mai precisata e quindi moralisticamente retorica &#8211; superiorit\u00e0 del modello europeo rispetto agli Stati Uniti esecrati e condannati quali origine di ogni male occidentale.<\/p>\n<p style=\"text-align: justify;\">Il pensatore tedesco, infatti, faceva allora cos\u00ec come fa oggi lega con quella forze culturali statunitensi che rappresentano il meglio del conservatorismo nordamericano e che sono esattamente l\u2019antitesi degli avversari omologatori denunciati nel suo saggio del 1965.<\/p>\n<p style=\"text-align: justify;\">Accanto e assieme ai conservatori statunitensi, il grande conservatore tedesco identifica infatti in una comune matrice giacobina i molti nemici dell\u2019Occidente &#8211; Europa e America assieme &#8211; storicamente incarnatisi nel nazionalsocialismo, nel socialcomunismo e nel liberal-progressismo. Fra gli \u00abamici americani\u00bb in primis figura Russell Kirk, il \u00abpadre\u00bb del conservatorismo nordamericano del secondo Novecento. Il 2003 segna i cinquant\u2019anni dalla pubblicazione del suo testo pi\u00f9 importante e il 2004 ne marcher\u00e0 il decennale dalla morte.<\/p>\n<p style=\"text-align: justify;\"><strong>Contro il neogiacobinismo<\/strong><\/p>\n<p style=\"text-align: justify;\">Esulerebbe certo dal presente ambito entrare nel dettaglio di una ricerca storica e di una definizione teoretica del liberalismo, ma un (umile) rilievo d\u2019intento esplicativo \u00e8 a questo proposito opportuno, avendo poco sopra adoperato l\u2019espressione \u00abliberal-progressisimo\u00bb in senso critico negativo.<\/p>\n<p style=\"text-align: justify;\">Il liberalismo, infatti, patisce almeno la distinzione tra \u00abliberalismo classico anglosassone\u00bb e liberalismo di marca (cio\u00e8 di origine e di sostanza) illuministico-giacobina, il primo descrivente pi\u00f9 una condizione della realt\u00e0 politica, il secondo un regime intellettuale di natura razionalistica e costruttivista, che spesso sfocia &#8211; si pensi ai filosofi Jeremy Bentham (1748-1832) e John Stuart Mill (1806-1873) (2) &#8211; nel socialismo e che quindi si sostanzia in \u00abliberalismo progressista\u00bb.<\/p>\n<p style=\"text-align: justify;\">In lingua inglese, infatti, il termine liberal \u00e8 venuto assumendo fra Ottocento e Novecento esattamente queste caratteristiche progressiste, cos\u00ec che il Liberalism \u00e8 divenuto il grande antagonista, e addirittura il nemico, del Conservatism, il quale ha invece pi\u00f9 di un punto in comune con il Libertarianism inteso come \u00abliberalismo coerente\u00bb. \u00c8 del tutto evidente, infatti, che un autore come Caspar von Schrenck-Notzing utilizza l\u2019espressione \u00abliberalismo\u00bb in relazione agli Stati Uniti d\u2019America nel senso illuministico e talora giacobino che questo termine assume in concomitanza della stagioni politiche segnate dai presidenti democratici Thomas Woodrow Wilson e Franklin Delano Roosevelt, ovvero regimi costruttivisti e utopistici, che da un lato hanno operato profonde modificazioni di politica interna in deciso contrasto rispetto all\u2019Original Intent dei Padri fondatori della \u00abdemocrazia che prega\u00bb, e che dall\u2019altro, in politica estera, hanno trasformato gli Usa in una \u00abpotenza progressista rivoluzionaria\u00bb a livello mondiale, di cui \u00e8 peraltro difficile individuare un precedente storico se non la Francia degli anni Novanta del Settecento in piena bufera giacobina (3).<\/p>\n<p style=\"text-align: justify;\">Ora, contro questi Stati Uniti, Stati Uniti deviati rispetto allo \u00abSpirito del 1776\u00bb, descritto come essenzialmente conservatore delle tradizioni classiche e cristiane europee, in nome degli Stati Uniti veri d\u2019ispirazione grand\u2019europea (4), a partire dagli anni Cinquanta del Novecento \u00e8 (ri)sorto un movimento di pensiero che, dapprima patrimonio esclusivo di un piccolo ma pugnace nucleo d\u2019intellettuali, ha saputo nel corso degli anni trasformarsi in movimento di opinione, in rete di organizzazioni giovanili e senior, in periodici e in case editrici, quindi in fondazioni e in think tank, infine addirittura in opzioni politiche concrete. Sarebbe ingenuo immaginare che tutto questo sia potuto nascere e crescere dalla mente e dalla penna di un uomo solo, ma \u00e8 altrettanto vero che senza la pubblicazione, nel 1953, di The Conservative Mind: From Burke to Santayana di Russell Kirk (5) il secondo Novecento statunitense sarebbe stato decisamente diverso (6).<\/p>\n<p style=\"text-align: justify;\"><strong>Un americano normale<\/strong><\/p>\n<p style=\"text-align: justify;\">Russell Amos Kirk nasce a Plymouth, nello Stato del Michigan, nel Settentrione degli Stati Uniti d\u2019America, il 19 ottobre 1918, da una famiglia di origini puritane i cui antenati provenivano dalla Scozia. Privo in giovent\u00f9 di una religiosit\u00e0 cosciente e positiva, nell\u2019ambiente familiare viene educato a una moralit\u00e0 naturale tipica della provincia nordamericana. Dal 1936 al 1940 frequenta il Michigan State College of Agriculture and Applied Science di East Lansing, diplomandosi in Storia.<\/p>\n<p style=\"text-align: justify;\">Dal 1940 al 1941 studia alla Duke University, di Durham, nel North Carolina, conseguendo il titolo di master of Arts sempre in Storia. La tesi, dedicata allo \u00abstatista-piantatore\u00bb virginiano John Randolph (1773-1833), viene pubblicata nel 1951 con il titolo Randolph of Roanoke: A Study in Conservative Thought: \u00e8 la prima opera di Kirk. Nel dicembre 1941 entra nell\u2019esercito e presta servizio militare fino al 1945. Nella desolazione del deserto di sale dello Stato dello Utah, dove viene dislocato, si dedica allo studio della filosofia stoica classica.<\/p>\n<p style=\"text-align: justify;\">A partire da questa esperienza Kirk affina la propria sensibilit\u00e0 conservatrice, conquistando un concetto di libert\u00e0 inteso soprattutto in senso morale, come trionfo sulle passioni disordinate. Cos\u00ec anche per i concetti di ordine e di autorit\u00e0, ora visti come condizione dell\u2019autentica libert\u00e0 personale. Lo studioso si dedica quindi all\u2019attivit\u00e0 della ricerca e della produzione culturali &#8211; si definisce un \u00abuomo di lettere\u00bb indipendente &#8211; divenendo presto uno degli autori pi\u00f9 influenti e rispettati della cultura antiprogressista nordamericana.<\/p>\n<p style=\"text-align: justify;\">Dopo una disputa con i colleghi sugli standard accademici, lascia l\u2019incarico di assistente alla cattedra di storia della Civilt\u00e0 al Michigan State College, ricoperto dal 1946 al 1953. Dal 1948 al 1952 compie gli studi per il dottorato in Lettere presso l\u2019antica universit\u00e0 scozzese di St. Andrews, oggetto nel 1954 di un\u2019opera omonima. Pubblicata in versione rielaborata nel 1953, la tesi, <em>The Conservative Mind: From Burke to Santayana<\/em> &#8211; poi <em>From Burke to Eliot<\/em> &#8211; diviene un classico imprenscindibile della cultura conservatrice angloamericana.<\/p>\n<p style=\"text-align: justify;\">Nel villaggio dei taglialegna di Mecosta, fondato da un suo avo nel Michigan centrale, Kirk abita la casa dei bisnonni e trasforma un vecchio edificio in una biblioteca ricchissima: Piety Hill diviene cos\u00ec meta di studenti e di studiosi, nonch\u00e9 sede di seminari residenziali organizzati con l\u2019Isi, l\u2019Intercollegiate Studies Institute di Bryn Mawr in Pennsylvania, oggi nella nuova sede di Wilmington nel Delaware, con la Marguerite Wilbur Eyer Foundation della California e con l\u2019American Council on Economics and Society del Michigan.<\/p>\n<p style=\"text-align: justify;\">Oggi Piety Hill \u00e8 la sede di The Russell Kirk Center for Cultural Renewal, presieduto dalla vedova Annette Y. Kirk, che lo dirige assieme al genero, Jeffrey O. Nelson, vicedirettore dell\u2019Isi. Rifuggendo il mondo caotico delle grandi citt\u00e0 industriali per \u00abtornare alle radici\u00bb &#8211; familiari e culturali &#8211; lo studioso costruisce dunque una comunit\u00e0 umana stabile il cui perno \u00e8 la sua famiglia: nel 1964 sposa Annette Yvonne Cecile Courtemanche &#8211; newyorkese, attiva nel mondo cattolico e conservatore della costa orientale, che nel 1981 viene nominata alla National Commission on Excellence in Education dal presidente Ronald Wilson Reagan &#8211; dalla quale ha quattro figlie.<\/p>\n<p style=\"text-align: justify;\">Conoscenti, spiriti magni del conservatorismo angloamericano ed europeo, visitatori europei o profughi di diversi Paesi &#8211; dal Vietnam all\u2019Etiopia dei regimi socialcomunisti &#8211; e pure un vagabondo amante della poesia, Clinton Wallace, trovano ospitalit\u00e0 presso i Kirk, spesso per anni. Il 1964 \u00e8 anche l\u2019anno del battesimo e dell\u2019ingresso del pensatore statunitense nella Chiesa cattolica.<\/p>\n<p style=\"text-align: justify;\">Sempre estraneo a tematiche professioni di ateismo, anche se in alcuni suoi scritti giovanili la difesa del patrimonio culturale e spirituale dell\u2019Occidente si alterna ad alcune &#8211; evidentemente contraddittorie &#8211; critiche al cristianesimo, lo studioso si emancipa progressivamente da questa confusione attraverso lo studio, ma soprattutto la frequentazione di alcune persone e personalit\u00e0 che ne influenzano la ricerca spirituale, fino a determinarne la conversione.<\/p>\n<p style=\"text-align: justify;\"><strong>La <em>forma mentis<\/em> del conservatorismo<\/strong><\/p>\n<p style=\"text-align: justify;\">Nel panorama affatto monolitico del conservatorismo statunitense &#8211; pi\u00f9 un network che una \u00abscuola\u00bb -, Kirk diviene dunque uno degli interpreti pi\u00f9 coscienti, seri e fecondi del filone definito \u00abtradizionalista\u00bb e fra i \u00abtradizionalisti\u00bb pone enfasi particolare sul pensiero di Edmund Burke (1729-1797), primo critico della \u00abRivoluzione di Francia\u00bb, fondatore del conservatorismo anglosassone, nonch\u00e9 difensore del concetto di \u00ablibert\u00e0 ordinata\u00bb, della cristianit\u00e0 e del diritto naturale secondo la concezione classica e cristiana (7).<\/p>\n<p style=\"text-align: justify;\">In <em>The Conservative Mind<\/em> Kirk descrive la bisecolare eredit\u00e0 filosofica burkeana presente nel mondo anglosassone e la propone al rinascente, ma ancora acerbo, mondo della destra nordamericana contemporanea in un momento in cui molti sanno cosa non volere &#8211; il radicalismo, il progressismo e le ideologie di sinistra &#8211; ma pochi possiedono una visione del mondo organicamente e positivamente alternativa.<\/p>\n<p style=\"text-align: justify;\">La rinascita burkeana degli anni Cinquanta &#8211; la riscoperta del diritto naturale e l\u2019opposizione cosciente al relativismo, all\u2019ideologismo e alle ideocrazie frutto del 1789 \u00abfrancese\u00bb &#8211; ha in Kirk un protagonista e un promotore. Burke &#8211; erede ed emblema di un patrimonio culturale e religioso plurisecolare &#8211; diviene dunque la cerniera che ricompone in un\u2019unit\u00e0 le sparse membra della destra statunitense e che permette l\u2019elaborazione di un pensiero contemporaneo filosoficamente non moderno.<\/p>\n<p style=\"text-align: justify;\">Se il movimento conservatore nordamericano contemporaneo non sempre coincide perfettamente con l\u2019opera kirkiana, sicuramente ne viene per\u00f2 animato in maniera intensa e duratura: lo testimoniano le trenta opere pubblicate in vita; le centinaia di saggi, di articoli e di recensioni; nonch\u00e9 le decine di simposi e di conferenze non solo in ambito anglosassone (Kirk giunge pi\u00f9 volte anche in Italia), come le serie svolte presso The Heritage Foundation di Washington e poi raccolte in The Politics of Prudence del 1993 &#8211; tradotto in italiano con il titolo La prudenza come criterio politico (8) &#8211; e in Redeeming the Time, uscito postumo nel 1996.<\/p>\n<p style=\"text-align: justify;\">Lo studioso si occupa di storia, di critica sociale, di letteratura e di filosofia politica, ma pubblica anche racconti surreali, ghost story, favole e thriller pi\u00f9 o meno \u00abmetafisici\u00bb, nonch\u00e9 storie nate da esperienze di viaggio in America, in Europa e in Africa. Pur intervenendo ad hoc in diversi aspetti del dibattito culturale contemporaneo del suo Paese, la produzione kirkiana si caratterizza come una ricerca continua nella storia delle idee guardata dal punto di vista delle \u00abrealt\u00e0 permanenti\u00bb, che nel linguaggio del poeta e critico angloamericano Thomas Stearns Eliot (1888 -1965) &#8211; amico e maestro di Kirk &#8211; valgono sostanzialmente il concetto di philosophia perennis.<\/p>\n<p style=\"text-align: justify;\"><em>A Program for Conservatives<\/em>, del 1954; <em>Beyond the Dreams of Avarice<\/em>: <em>Essays of a Social Critic<\/em>, del 1956; <em>The Intemperate Professor, and Other Cultural Splenetics<\/em>, del 1965; <em>Enemies of the Permanent Things: Observations of Abnormity in Literature and Politics<\/em>, del 1969 sono opere importantissime. <em>Edmund Burke: A Genius Reconsidered<\/em>, del 1967, ed <em>Eliot and His Age: T.S. Eliot\u2019s Moral Imagination in the Twentieth Century<\/em>, del 1971, si pongono come le biografie intellettuali \u00abdell\u2019alfa e dell\u2019omega\u00bb della forma mentis conservatrice che lo studioso nordamericano insegue e descrive lungo le due sponde atlantiche del mondo culturale anglosassone. Dunque, <em>The Roots of American Order,<\/em> del 1974 &#8211; tradotto in italiano come <em>Le radici dell\u2019ordine americano.<\/em><\/p>\n<p style=\"text-align: justify;\">La tradizione europea nei valori del Nuovo Mondo (9) &#8211; <em>America\u2019s British Culture<\/em>, del 1993, e <em>Rights and Duties: Reflections on Our Conservative Constitution<\/em>, 1997 &#8211; edizione ampliata di <em>The Conservative Constitution<\/em>, del 1990, uscita postuma &#8211; dipingono un grandioso affresco delle origini prossime e remote della nazione americana, nonch\u00e9 della cultura a esso soggiacente, condotta lungo linee interpretative del tutto antitetiche rispetto alle interpretazioni correnti marcate da preconcetti illuministici e progressisti.<\/p>\n<p style=\"text-align: justify;\">E in opere come queste trova adeguata illustrazione la Grande Tradizione occidentale &#8211; il patrimonio giuridico, letterario, metafisico e filosofico-politico classico, il monoteismo ebraico e il cristianesimo &#8211; che, gi\u00e0 cuore dell\u2019approccio burkeano alla storia, anima il \u00abtradizionalismo\u00bb conservatore anglosassone. Contro le pedagogie progressiste Kirk scrive <em>Academic Freedom: An Essay in Definition,<\/em> del 1955, e <em>Decadence and Renewal in Higher Learning: An Episodic History of American University and College since 1953,<\/em> del 1978. Del 1989 \u00e8 il manuale per le scuole secondarie superiori <em>Economics: Work and Prosperity<\/em>.<\/p>\n<p style=\"text-align: justify;\">Collaboratore di periodici americani ed esteri, sul quindicinale National Review fondato da William F. Buckley jr. &#8211; dal primo numero nel novembre del 1955 fino al dicembre del 1980 &#8211; tiene la rubrica From the Academy, dedicata all\u2019educazione. Nel 1957 fonda il trimestrale Modern Age (oggi, pubblicato dall\u2019Isi, \u00e8 il pi\u00f9 importante periodico del conservatorismo culturale nordamericano), cedendone ad altri la direzione due anni dopo; nel 1960 assume la direzione della fondazione The Educational Reviewer e in questa veste fonda e dirige il trimestrale The University Bookman, oggi diretto dalla vedova e dal genero; e dal 1962 al 1976 firma la rubrica periodica To the Point.<\/p>\n<p style=\"text-align: justify;\">Dal 1988 dirige la collana The Library of Conservative Thought dell\u2019editore Transaction, di New Brunswick nel New Jersey, pubblicando molti volumi di autori classici e opere nuove.\u00a0Senza mai assumere cariche politiche ufficiali, sostiene le candidature presidenziali di Robert A. Taft (1889-1953) (nel 1967 firma, con James McClellan, <em>The Political Principles of Robert A. Taft<\/em>), di Barry M. Goldwater e di Reagan. Del resto, il suo consiglio viene richiesto e ascoltato da diversi presidenti statunitensi.<\/p>\n<p style=\"text-align: justify;\">Significativo \u00e8 infine, il volumetto The American Cause (tradotto a puntate sul settimanale di cultura il Domenicale nell\u2019estate scorsa), originariamente pubblicato nel 1957 e destinato ai giovani militari statunitensi impegnati in Corea contro il comunismo nel primo conflitto caldo della guerra fredda. Con l\u2019intento di fornire una sorta di \u00abmanuale del buon americano\u00bb, il testo \u00e8 una summula dei princ\u00ecpi autentici sui cui si regge la civilt\u00e0 statunitense &#8211; il Mondo Nuovo dalle radici antiche &#8211; e un antidoto sobrio ma ficcante ai molti, troppi antiamericanismi che hanno segnato il secondo Novecento e che oggi conoscono edizioni aggiornate non meno insidiose.<\/p>\n<p style=\"text-align: justify;\">Kirk muore il 29 aprile 1994, indirizzando uno dei suoi ultimi pensieri a Papa Giovanni Paolo II. Da allora la sua eredit\u00e0 culturale viene coordinata da The Russell Kirk Center for Cultural Renewal. Nel 1995 esce l\u2019autobiografia postuma <em>The Sword of Imagination: Memoirs of a Half-Century of Literary Conflict<\/em>; le sue opere principali sono continuamente in edizione. Tutti americani, dunque, sulla scorta di Russell Kirk?<\/p>\n<p style=\"text-align: justify;\">No, di certo; anche perch\u00e9 si tratterebbe del pi\u00f9 evidente e stridente tradimento dello spirito kirkiano. Kirk, infatti, ha saputo e voluto descrivere la propria patria, gli Stati Uniti d\u2019America, come discendenza e retaggio dello spirito classico-cristiano dell\u2019Europa, non tanto e non solo preilluministica e pregiacobina &#8211; la madre, cio\u00e8, di tutte le ideologie e di ogni totalitarismo &#8211; ma fondamentalmente antilluminista e antigiacobina, inquadrando gli statunitensi di oggi esattamente come i medioevali di ieri pensavano se stessi in relazione ai propri antenati del passato classico.<\/p>\n<p style=\"text-align: justify;\">\u00abNoi siamo &#8211; dicevano appunto quei medioevali &#8211; &#8230; come dei nani seduti sulle spalle dei giganti\u00bb (10). Chiunque oggi, sia nel Nuovo sia nel Vecchio Mondo, dimentichi queste stature, o le inverta, o le ignori, non pu\u00f2 che fare come il giacobinismo ha fatto nei confronti del passato classico e cristiano europeo. Il Novecento, il \u00absecolo lungo\u00bb che inizia nel 1789 a Parigi, ha mostrato lucidamente gli esiti del retaggio giacobino.<\/p>\n<p style=\"text-align: justify;\">Gli Stati Uniti di Russell Kirk, invece, nati a Filadelfia per imitazione e in riconoscimento di Gerusalemme, di Atene, di Roma e di Londra, desiderano e mirano a essere altro, ben altro. L\u2019antidoto unico e vero al \u00ablavaggio del carattere\u00bb denunciato a suo tempo dall\u2019europeo amico degli americani &#8211; oggi probabilmente poco di moda in Germania &#8211; Caspar von Schrenck-Notzing.<\/p>\n<p style=\"text-align: justify;\"><strong>NOTE<\/strong><\/p>\n<p style=\"text-align: justify;\"><strong>1)<\/strong> Cfr. Caspar von Schrenck-Notzing, Lavaggio del carattere. L\u2019occupazione americana della Germania e sue conseguenze (Charakterw\u00e4sche. Die amerikanische Besatzung in Deutschland und ihre Folgen, 1965), trad. it. Edizioni del Borghese, Roma 1968;<\/p>\n<p style=\"text-align: justify;\"><strong style=\"font-size: 12px;\">2)<\/strong><span style=\"font-size: 12px;\"> \u00ab&#8230; Mill \u00e8 il pi\u00f9 grande avvocato del socialismo &#8230; e al suo confronto &#8230; tutti gli altri autori socialisti &#8211; Marx, Engels e Lassalle compresi &#8211; quasi scompaiono&#8230;\u00bb: Ludwig von Mises (1881-1973), Liberalismo (Liberalismus, 1927), trad. it. Rubbettino, Soveria Mannelli (Catanzaro) 1997, p. 264;<\/span><\/p>\n<p style=\"text-align: justify;\"><strong>3)<\/strong> La felice espressione e il rilievo critico sono di Ramesh Ponnuru, Getting to the Bottom of This \u00abNeo\u00bb Nonsense, in National Review, anno LV, n\u00b0 11, 16-06-2003, p.30. A commento, cfr. il mio \u00abUsa a.D. 2003, fra neocon e realpolitik\u00bb, in il Domenicale, Milano anno II, n. 37, 13-09-2003, pp. 1 e 10;<\/p>\n<p style=\"text-align: justify;\"><strong style=\"font-size: 12px;\">4)<\/strong><span style=\"font-size: 12px;\"> L\u2019espressione \u00e8 ispirata dallo storico olandese della cultura Henrik (alias Henri) Brugmans (1906-1997), \u00abMagna Europa\u00bb, in Les Cahiers de Bruges. Recherches europ\u00e9ennes, anno 5\u00b0, I, Bruges marzo 1955, pp. 108-115. A commento, cfr. Giovanni Cantoni, \u00abDopo il Marted\u00ec Nero, coscienza della Grande Europa\u00bb, in Cristianit\u00e0, anno XXIX, n\u00b0 307, Piacenza settembre-ottobre 2001, pp. 3-7 e 10; e i miei \u00abGeocultura dell\u2019Occidente\u00bb, in Percorsi di cultura politica, anno I, n\u00b0 2, Roma marzo-aprile 2002, pp. 29-49; \u00abApologia (meritata) della Grand\u2019Europa\u00bb, in il Domenicale, anno II, n\u00b0 1, Milano 15-03-2003, p. 9, ora in La cultura vuole te! \u00abil Domenicale antologia\u00bb, Edizioni del Domenicale, Milano 2003, pp. 53-58; e \u00abL\u2019America europea\u00bb, in Percorsi di cultura politica, anno II, n\u00b0 2-3, Roma marzo-aprile\/maggio-giugno 2003, pp. 94-102, nel quale traduco in italiano un brano del saggio di Allen Tate (1899-1979), What Is a Traditional Society? (1936), in Idem, Essays of Four Decades (1968), a cura di Louis Cowan, Isi Books, Wilmington (Delaware) 1999, pp. 547-557 (pp. 549-552 e 555-557 quelle tradotte);<\/span><\/p>\n<p style=\"text-align: justify;\"><strong style=\"font-size: 12px;\">5)<\/strong><span style=\"font-size: 12px;\"> Cfr. Russell Kirk, The Conservative Mind: From Burke To Eliot, con il saggio The Making of the Conservative Mind, di Henry Regnery (1912-1996), 7a ed. riveduta e accresciuta, Regnery Publishing, Wahington 1993 (1a ed. 1953);<\/span><\/p>\n<p style=\"text-align: justify;\"><strong style=\"font-size: 12px;\">6)<\/strong><span style=\"font-size: 12px;\"> Cfr. Lee Edwards, \u00abMezzo secolo di conservatorismo\u00bb, trad. it. a mia cura in il Domenicale, anno II, n\u00b0 25, Milano 21-06-2003, pp. 6-7, ora in La cultura vuole te! il Domenicale antologia, Edizioni del Domenicale, Milano 2003, pp. 135-145;<\/span><\/p>\n<p style=\"text-align: justify;\"><strong style=\"font-size: 12px;\">7)<\/strong><span style=\"font-size: 12px;\"> Cfr. Edmund Burke, Riflessioni sulla Rivoluzione in Francia (Reflections on the Revolution in France and on the Proceedings in Certain Societies in London Relative to that Event in a Letter Intended to Have Been Sent to a Gentleman in Paris, 1790; \u00abRiflessioni sulla Rivoluzione in Francia e sulle relative deliberazioni di alcune societ\u00e0 di Londra in una lettera indirizzata a un gentiluomo di Parigi dell\u2019Onorevole Edmund Burke\u00bb, 1790), trad. it. a mia cura, Ideazione, Roma 1998;<\/span><\/p>\n<p style=\"text-align: justify;\"><strong style=\"font-size: 12px;\">8)<\/strong><span style=\"font-size: 12px;\"> Cfr. R. Kirk, La prudenza come criterio politico (The Politics of Prudence, 1993). trad. it. a cura di Anthony G. Costantini, Pio Colonnello e Pasquale Giustiniani, Edizioni Scientifiche Italiane, Napoli 2002;<\/span><\/p>\n<p style=\"text-align: justify;\"><strong style=\"font-size: 12px;\">9)<\/strong><span style=\"font-size: 12px;\"> Cfr. Idem, Le radici dell\u2019ordine americano. La tradizione europea nei valori del Nuovo Mondo (The Roots of American Order, 1974; 3a ed. 1991), con un epilogo di Frank Shakespeare jr., trad. it. a mia cura, Mondadori, Milano 1996;<\/span><\/p>\n<p style=\"text-align: justify;\"><strong style=\"font-size: 12px;\">10)<\/strong><span style=\"font-size: 12px;\"> Cos\u00ec Bernardo di Chartres, morto fra il 1124 e il 1130, citato nel Metalogicon di Giovanni di Salisbury (1110 circa-1180) e riportato in Etienne Gilson (1884-1978), La filosofia nel Medioevo. Dalle origini patristiche alla fine del XIV secolo (La philosophie au moyen age, 1952), trad. it. con presentazione di Mario Dal Pra, La Nuova Italia, Scandicci (Firenze) 1983, p. 313.<\/span><\/p>\n","protected":false},"excerpt":{"rendered":"<p>Liberal Anno IV numero 20 ottobre-novembre 2003 Vita, opere e filosofia di un &#8220;buon americano&#8221; (e occidentale) di Marco Respinti<\/p><p><a class=\"more-link btn\" href=\"https:\/\/www.rassegnastampa-totustuus.it\/cattolica\/perch-non-possiamo-non-dirci-kirkiani\/\">Continua a leggere<\/a><\/p>\n","protected":false},"author":6,"featured_media":34832,"comment_status":"closed","ping_status":"open","sticky":false,"template":"","format":"standard","meta":{"footnotes":""},"categories":[76],"tags":[727,150],"class_list":["post-879","post","type-post","status-publish","format-standard","has-post-thumbnail","hentry","category-stati-uniti","tag-russel-kirk","tag-usa","item-wrap"],"yoast_head":"<!-- This site is optimized with the Yoast SEO plugin v27.5 - https:\/\/yoast.com\/product\/yoast-seo-wordpress\/ -->\n<title>Perch&eacute; non possiamo non dirci kirkiani - Rassegna Stampa Cattolica<\/title>\n<meta name=\"description\" content=\"Rassegna Stampa Cattolica - Per una cultura che nasce dalla Rivelazione cristiana in conformit\u00e0 alla tradizione e al Magistero della Chiesa in opposizione ad ogni relativismo e totalitarismo\" \/>\n<meta name=\"robots\" content=\"index, follow, max-snippet:-1, max-image-preview:large, max-video-preview:-1\" \/>\n<link rel=\"canonical\" href=\"https:\/\/www.rassegnastampa-totustuus.it\/cattolica\/perch-non-possiamo-non-dirci-kirkiani\/\" \/>\n<meta property=\"og:locale\" content=\"it_IT\" \/>\n<meta property=\"og:type\" content=\"article\" \/>\n<meta property=\"og:title\" content=\"Perch&eacute; non possiamo non dirci kirkiani - Rassegna Stampa Cattolica\" \/>\n<meta property=\"og:description\" content=\"Rassegna Stampa Cattolica - Per una cultura che nasce dalla Rivelazione cristiana in conformit\u00e0 alla tradizione e al Magistero della Chiesa in opposizione ad ogni relativismo e totalitarismo\" \/>\n<meta property=\"og:url\" content=\"https:\/\/www.rassegnastampa-totustuus.it\/cattolica\/perch-non-possiamo-non-dirci-kirkiani\/\" \/>\n<meta property=\"og:site_name\" content=\"Rassegna Stampa Cattolica\" \/>\n<meta property=\"article:publisher\" content=\"https:\/\/www.facebook.com\/rassegnastampacattolica\" \/>\n<meta property=\"article:published_time\" content=\"2005-07-09T22:00:00+00:00\" \/>\n<meta property=\"article:modified_time\" content=\"2016-06-15T09:12:45+00:00\" \/>\n<meta property=\"og:image\" content=\"https:\/\/www.rassegnastampa-totustuus.it\/cattolica\/wp-content\/uploads\/2005\/07\/Russel-kirk.jpg\" \/>\n\t<meta property=\"og:image:width\" content=\"200\" \/>\n\t<meta property=\"og:image:height\" content=\"252\" \/>\n\t<meta property=\"og:image:type\" content=\"image\/jpeg\" \/>\n<meta name=\"author\" content=\"Redazione\" \/>\n<meta name=\"twitter:card\" content=\"summary_large_image\" \/>\n<meta name=\"twitter:creator\" content=\"@rassegnastampa9\" \/>\n<meta name=\"twitter:site\" content=\"@rassegnastampa9\" \/>\n<meta name=\"twitter:label1\" content=\"Scritto da\" \/>\n\t<meta name=\"twitter:data1\" content=\"Redazione\" \/>\n\t<meta name=\"twitter:label2\" content=\"Tempo di lettura stimato\" \/>\n\t<meta name=\"twitter:data2\" content=\"16 minuti\" \/>\n<script type=\"application\/ld+json\" class=\"yoast-schema-graph\">{\"@context\":\"https:\\\/\\\/schema.org\",\"@graph\":[{\"@type\":\"Article\",\"@id\":\"https:\\\/\\\/www.rassegnastampa-totustuus.it\\\/cattolica\\\/perch-non-possiamo-non-dirci-kirkiani\\\/#article\",\"isPartOf\":{\"@id\":\"https:\\\/\\\/www.rassegnastampa-totustuus.it\\\/cattolica\\\/perch-non-possiamo-non-dirci-kirkiani\\\/\"},\"author\":{\"name\":\"Redazione\",\"@id\":\"https:\\\/\\\/www.rassegnastampa-totustuus.it\\\/cattolica\\\/#\\\/schema\\\/person\\\/08f319d2bd1a0904ad9e2bfb7b15e5c3\"},\"headline\":\"Perch&eacute; non possiamo non dirci kirkiani\",\"datePublished\":\"2005-07-09T22:00:00+00:00\",\"dateModified\":\"2016-06-15T09:12:45+00:00\",\"mainEntityOfPage\":{\"@id\":\"https:\\\/\\\/www.rassegnastampa-totustuus.it\\\/cattolica\\\/perch-non-possiamo-non-dirci-kirkiani\\\/\"},\"wordCount\":3166,\"publisher\":{\"@id\":\"https:\\\/\\\/www.rassegnastampa-totustuus.it\\\/cattolica\\\/#organization\"},\"image\":{\"@id\":\"https:\\\/\\\/www.rassegnastampa-totustuus.it\\\/cattolica\\\/perch-non-possiamo-non-dirci-kirkiani\\\/#primaryimage\"},\"thumbnailUrl\":\"https:\\\/\\\/www.rassegnastampa-totustuus.it\\\/cattolica\\\/wp-content\\\/uploads\\\/2005\\\/07\\\/Russel-kirk.jpg\",\"keywords\":[\"Russel Kirk\",\"Usa\"],\"articleSection\":[\"Stati Uniti\"],\"inLanguage\":\"it-IT\"},{\"@type\":\"WebPage\",\"@id\":\"https:\\\/\\\/www.rassegnastampa-totustuus.it\\\/cattolica\\\/perch-non-possiamo-non-dirci-kirkiani\\\/\",\"url\":\"https:\\\/\\\/www.rassegnastampa-totustuus.it\\\/cattolica\\\/perch-non-possiamo-non-dirci-kirkiani\\\/\",\"name\":\"Perch&eacute; non possiamo non dirci kirkiani - Rassegna Stampa Cattolica\",\"isPartOf\":{\"@id\":\"https:\\\/\\\/www.rassegnastampa-totustuus.it\\\/cattolica\\\/#website\"},\"primaryImageOfPage\":{\"@id\":\"https:\\\/\\\/www.rassegnastampa-totustuus.it\\\/cattolica\\\/perch-non-possiamo-non-dirci-kirkiani\\\/#primaryimage\"},\"image\":{\"@id\":\"https:\\\/\\\/www.rassegnastampa-totustuus.it\\\/cattolica\\\/perch-non-possiamo-non-dirci-kirkiani\\\/#primaryimage\"},\"thumbnailUrl\":\"https:\\\/\\\/www.rassegnastampa-totustuus.it\\\/cattolica\\\/wp-content\\\/uploads\\\/2005\\\/07\\\/Russel-kirk.jpg\",\"datePublished\":\"2005-07-09T22:00:00+00:00\",\"dateModified\":\"2016-06-15T09:12:45+00:00\",\"description\":\"Rassegna Stampa Cattolica - Per una cultura che nasce dalla Rivelazione cristiana in conformit\u00e0 alla tradizione e al Magistero della Chiesa in opposizione ad ogni relativismo e totalitarismo\",\"breadcrumb\":{\"@id\":\"https:\\\/\\\/www.rassegnastampa-totustuus.it\\\/cattolica\\\/perch-non-possiamo-non-dirci-kirkiani\\\/#breadcrumb\"},\"inLanguage\":\"it-IT\",\"potentialAction\":[{\"@type\":\"ReadAction\",\"target\":[\"https:\\\/\\\/www.rassegnastampa-totustuus.it\\\/cattolica\\\/perch-non-possiamo-non-dirci-kirkiani\\\/\"]}]},{\"@type\":\"ImageObject\",\"inLanguage\":\"it-IT\",\"@id\":\"https:\\\/\\\/www.rassegnastampa-totustuus.it\\\/cattolica\\\/perch-non-possiamo-non-dirci-kirkiani\\\/#primaryimage\",\"url\":\"https:\\\/\\\/www.rassegnastampa-totustuus.it\\\/cattolica\\\/wp-content\\\/uploads\\\/2005\\\/07\\\/Russel-kirk.jpg\",\"contentUrl\":\"https:\\\/\\\/www.rassegnastampa-totustuus.it\\\/cattolica\\\/wp-content\\\/uploads\\\/2005\\\/07\\\/Russel-kirk.jpg\",\"width\":200,\"height\":252},{\"@type\":\"BreadcrumbList\",\"@id\":\"https:\\\/\\\/www.rassegnastampa-totustuus.it\\\/cattolica\\\/perch-non-possiamo-non-dirci-kirkiani\\\/#breadcrumb\",\"itemListElement\":[{\"@type\":\"ListItem\",\"position\":1,\"name\":\"Home\",\"item\":\"https:\\\/\\\/www.rassegnastampa-totustuus.it\\\/cattolica\\\/\"},{\"@type\":\"ListItem\",\"position\":2,\"name\":\"Perch&eacute; non possiamo non dirci kirkiani\"}]},{\"@type\":\"WebSite\",\"@id\":\"https:\\\/\\\/www.rassegnastampa-totustuus.it\\\/cattolica\\\/#website\",\"url\":\"https:\\\/\\\/www.rassegnastampa-totustuus.it\\\/cattolica\\\/\",\"name\":\"Rassegna Stampa Cattolica\",\"description\":\"Per una cultura che nasce dalla Rivelazione cristiana in conformit\u00e0 alla tradizione e al Magistero della Chiesa in opposizione ad ogni relativismo e totalitarismo\",\"publisher\":{\"@id\":\"https:\\\/\\\/www.rassegnastampa-totustuus.it\\\/cattolica\\\/#organization\"},\"alternateName\":\"Rass. Cattolica\",\"potentialAction\":[{\"@type\":\"SearchAction\",\"target\":{\"@type\":\"EntryPoint\",\"urlTemplate\":\"https:\\\/\\\/www.rassegnastampa-totustuus.it\\\/cattolica\\\/?s={search_term_string}\"},\"query-input\":{\"@type\":\"PropertyValueSpecification\",\"valueRequired\":true,\"valueName\":\"search_term_string\"}}],\"inLanguage\":\"it-IT\"},{\"@type\":\"Organization\",\"@id\":\"https:\\\/\\\/www.rassegnastampa-totustuus.it\\\/cattolica\\\/#organization\",\"name\":\"Rassegna Stampa Cattolica\",\"url\":\"https:\\\/\\\/www.rassegnastampa-totustuus.it\\\/cattolica\\\/\",\"logo\":{\"@type\":\"ImageObject\",\"inLanguage\":\"it-IT\",\"@id\":\"https:\\\/\\\/www.rassegnastampa-totustuus.it\\\/cattolica\\\/#\\\/schema\\\/logo\\\/image\\\/\",\"url\":\"https:\\\/\\\/www.rassegnastampa-totustuus.it\\\/cattolica\\\/wp-content\\\/uploads\\\/2014\\\/04\\\/logo-rassegna1.gif\",\"contentUrl\":\"https:\\\/\\\/www.rassegnastampa-totustuus.it\\\/cattolica\\\/wp-content\\\/uploads\\\/2014\\\/04\\\/logo-rassegna1.gif\",\"width\":600,\"height\":163,\"caption\":\"Rassegna Stampa Cattolica\"},\"image\":{\"@id\":\"https:\\\/\\\/www.rassegnastampa-totustuus.it\\\/cattolica\\\/#\\\/schema\\\/logo\\\/image\\\/\"},\"sameAs\":[\"https:\\\/\\\/www.facebook.com\\\/rassegnastampacattolica\",\"https:\\\/\\\/x.com\\\/rassegnastampa9\"]},{\"@type\":\"Person\",\"@id\":\"https:\\\/\\\/www.rassegnastampa-totustuus.it\\\/cattolica\\\/#\\\/schema\\\/person\\\/08f319d2bd1a0904ad9e2bfb7b15e5c3\",\"name\":\"Redazione\",\"image\":{\"@type\":\"ImageObject\",\"inLanguage\":\"it-IT\",\"@id\":\"https:\\\/\\\/secure.gravatar.com\\\/avatar\\\/2fcdf27c78ea025fbdb44e914cc63c72249ffec9dc8aafd5c82b26240ef3f346?s=96&d=mm&r=g\",\"url\":\"https:\\\/\\\/secure.gravatar.com\\\/avatar\\\/2fcdf27c78ea025fbdb44e914cc63c72249ffec9dc8aafd5c82b26240ef3f346?s=96&d=mm&r=g\",\"contentUrl\":\"https:\\\/\\\/secure.gravatar.com\\\/avatar\\\/2fcdf27c78ea025fbdb44e914cc63c72249ffec9dc8aafd5c82b26240ef3f346?s=96&d=mm&r=g\",\"caption\":\"Redazione\"},\"url\":\"https:\\\/\\\/www.rassegnastampa-totustuus.it\\\/cattolica\\\/author\\\/pietroelle\\\/\"}]}<\/script>\n<!-- \/ Yoast SEO plugin. -->","yoast_head_json":{"title":"Perch&eacute; non possiamo non dirci kirkiani - Rassegna Stampa Cattolica","description":"Rassegna Stampa Cattolica - Per una cultura che nasce dalla Rivelazione cristiana in conformit\u00e0 alla tradizione e al Magistero della Chiesa in opposizione ad ogni relativismo e totalitarismo","robots":{"index":"index","follow":"follow","max-snippet":"max-snippet:-1","max-image-preview":"max-image-preview:large","max-video-preview":"max-video-preview:-1"},"canonical":"https:\/\/www.rassegnastampa-totustuus.it\/cattolica\/perch-non-possiamo-non-dirci-kirkiani\/","og_locale":"it_IT","og_type":"article","og_title":"Perch&eacute; non possiamo non dirci kirkiani - Rassegna Stampa Cattolica","og_description":"Rassegna Stampa Cattolica - Per una cultura che nasce dalla Rivelazione cristiana in conformit\u00e0 alla tradizione e al Magistero della Chiesa in opposizione ad ogni relativismo e totalitarismo","og_url":"https:\/\/www.rassegnastampa-totustuus.it\/cattolica\/perch-non-possiamo-non-dirci-kirkiani\/","og_site_name":"Rassegna Stampa Cattolica","article_publisher":"https:\/\/www.facebook.com\/rassegnastampacattolica","article_published_time":"2005-07-09T22:00:00+00:00","article_modified_time":"2016-06-15T09:12:45+00:00","og_image":[{"width":200,"height":252,"url":"https:\/\/www.rassegnastampa-totustuus.it\/cattolica\/wp-content\/uploads\/2005\/07\/Russel-kirk.jpg","type":"image\/jpeg"}],"author":"Redazione","twitter_card":"summary_large_image","twitter_creator":"@rassegnastampa9","twitter_site":"@rassegnastampa9","twitter_misc":{"Scritto da":"Redazione","Tempo di lettura stimato":"16 minuti"},"schema":{"@context":"https:\/\/schema.org","@graph":[{"@type":"Article","@id":"https:\/\/www.rassegnastampa-totustuus.it\/cattolica\/perch-non-possiamo-non-dirci-kirkiani\/#article","isPartOf":{"@id":"https:\/\/www.rassegnastampa-totustuus.it\/cattolica\/perch-non-possiamo-non-dirci-kirkiani\/"},"author":{"name":"Redazione","@id":"https:\/\/www.rassegnastampa-totustuus.it\/cattolica\/#\/schema\/person\/08f319d2bd1a0904ad9e2bfb7b15e5c3"},"headline":"Perch&eacute; non possiamo non dirci kirkiani","datePublished":"2005-07-09T22:00:00+00:00","dateModified":"2016-06-15T09:12:45+00:00","mainEntityOfPage":{"@id":"https:\/\/www.rassegnastampa-totustuus.it\/cattolica\/perch-non-possiamo-non-dirci-kirkiani\/"},"wordCount":3166,"publisher":{"@id":"https:\/\/www.rassegnastampa-totustuus.it\/cattolica\/#organization"},"image":{"@id":"https:\/\/www.rassegnastampa-totustuus.it\/cattolica\/perch-non-possiamo-non-dirci-kirkiani\/#primaryimage"},"thumbnailUrl":"https:\/\/www.rassegnastampa-totustuus.it\/cattolica\/wp-content\/uploads\/2005\/07\/Russel-kirk.jpg","keywords":["Russel Kirk","Usa"],"articleSection":["Stati Uniti"],"inLanguage":"it-IT"},{"@type":"WebPage","@id":"https:\/\/www.rassegnastampa-totustuus.it\/cattolica\/perch-non-possiamo-non-dirci-kirkiani\/","url":"https:\/\/www.rassegnastampa-totustuus.it\/cattolica\/perch-non-possiamo-non-dirci-kirkiani\/","name":"Perch&eacute; non possiamo non dirci kirkiani - Rassegna Stampa Cattolica","isPartOf":{"@id":"https:\/\/www.rassegnastampa-totustuus.it\/cattolica\/#website"},"primaryImageOfPage":{"@id":"https:\/\/www.rassegnastampa-totustuus.it\/cattolica\/perch-non-possiamo-non-dirci-kirkiani\/#primaryimage"},"image":{"@id":"https:\/\/www.rassegnastampa-totustuus.it\/cattolica\/perch-non-possiamo-non-dirci-kirkiani\/#primaryimage"},"thumbnailUrl":"https:\/\/www.rassegnastampa-totustuus.it\/cattolica\/wp-content\/uploads\/2005\/07\/Russel-kirk.jpg","datePublished":"2005-07-09T22:00:00+00:00","dateModified":"2016-06-15T09:12:45+00:00","description":"Rassegna Stampa Cattolica - Per una cultura che nasce dalla Rivelazione cristiana in conformit\u00e0 alla tradizione e al Magistero della Chiesa in opposizione ad ogni relativismo e totalitarismo","breadcrumb":{"@id":"https:\/\/www.rassegnastampa-totustuus.it\/cattolica\/perch-non-possiamo-non-dirci-kirkiani\/#breadcrumb"},"inLanguage":"it-IT","potentialAction":[{"@type":"ReadAction","target":["https:\/\/www.rassegnastampa-totustuus.it\/cattolica\/perch-non-possiamo-non-dirci-kirkiani\/"]}]},{"@type":"ImageObject","inLanguage":"it-IT","@id":"https:\/\/www.rassegnastampa-totustuus.it\/cattolica\/perch-non-possiamo-non-dirci-kirkiani\/#primaryimage","url":"https:\/\/www.rassegnastampa-totustuus.it\/cattolica\/wp-content\/uploads\/2005\/07\/Russel-kirk.jpg","contentUrl":"https:\/\/www.rassegnastampa-totustuus.it\/cattolica\/wp-content\/uploads\/2005\/07\/Russel-kirk.jpg","width":200,"height":252},{"@type":"BreadcrumbList","@id":"https:\/\/www.rassegnastampa-totustuus.it\/cattolica\/perch-non-possiamo-non-dirci-kirkiani\/#breadcrumb","itemListElement":[{"@type":"ListItem","position":1,"name":"Home","item":"https:\/\/www.rassegnastampa-totustuus.it\/cattolica\/"},{"@type":"ListItem","position":2,"name":"Perch&eacute; non possiamo non dirci kirkiani"}]},{"@type":"WebSite","@id":"https:\/\/www.rassegnastampa-totustuus.it\/cattolica\/#website","url":"https:\/\/www.rassegnastampa-totustuus.it\/cattolica\/","name":"Rassegna Stampa Cattolica","description":"Per una cultura che nasce dalla Rivelazione cristiana in conformit\u00e0 alla tradizione e al Magistero della Chiesa in opposizione ad ogni relativismo e totalitarismo","publisher":{"@id":"https:\/\/www.rassegnastampa-totustuus.it\/cattolica\/#organization"},"alternateName":"Rass. Cattolica","potentialAction":[{"@type":"SearchAction","target":{"@type":"EntryPoint","urlTemplate":"https:\/\/www.rassegnastampa-totustuus.it\/cattolica\/?s={search_term_string}"},"query-input":{"@type":"PropertyValueSpecification","valueRequired":true,"valueName":"search_term_string"}}],"inLanguage":"it-IT"},{"@type":"Organization","@id":"https:\/\/www.rassegnastampa-totustuus.it\/cattolica\/#organization","name":"Rassegna Stampa Cattolica","url":"https:\/\/www.rassegnastampa-totustuus.it\/cattolica\/","logo":{"@type":"ImageObject","inLanguage":"it-IT","@id":"https:\/\/www.rassegnastampa-totustuus.it\/cattolica\/#\/schema\/logo\/image\/","url":"https:\/\/www.rassegnastampa-totustuus.it\/cattolica\/wp-content\/uploads\/2014\/04\/logo-rassegna1.gif","contentUrl":"https:\/\/www.rassegnastampa-totustuus.it\/cattolica\/wp-content\/uploads\/2014\/04\/logo-rassegna1.gif","width":600,"height":163,"caption":"Rassegna Stampa Cattolica"},"image":{"@id":"https:\/\/www.rassegnastampa-totustuus.it\/cattolica\/#\/schema\/logo\/image\/"},"sameAs":["https:\/\/www.facebook.com\/rassegnastampacattolica","https:\/\/x.com\/rassegnastampa9"]},{"@type":"Person","@id":"https:\/\/www.rassegnastampa-totustuus.it\/cattolica\/#\/schema\/person\/08f319d2bd1a0904ad9e2bfb7b15e5c3","name":"Redazione","image":{"@type":"ImageObject","inLanguage":"it-IT","@id":"https:\/\/secure.gravatar.com\/avatar\/2fcdf27c78ea025fbdb44e914cc63c72249ffec9dc8aafd5c82b26240ef3f346?s=96&d=mm&r=g","url":"https:\/\/secure.gravatar.com\/avatar\/2fcdf27c78ea025fbdb44e914cc63c72249ffec9dc8aafd5c82b26240ef3f346?s=96&d=mm&r=g","contentUrl":"https:\/\/secure.gravatar.com\/avatar\/2fcdf27c78ea025fbdb44e914cc63c72249ffec9dc8aafd5c82b26240ef3f346?s=96&d=mm&r=g","caption":"Redazione"},"url":"https:\/\/www.rassegnastampa-totustuus.it\/cattolica\/author\/pietroelle\/"}]}},"_links":{"self":[{"href":"https:\/\/www.rassegnastampa-totustuus.it\/cattolica\/wp-json\/wp\/v2\/posts\/879","targetHints":{"allow":["GET"]}}],"collection":[{"href":"https:\/\/www.rassegnastampa-totustuus.it\/cattolica\/wp-json\/wp\/v2\/posts"}],"about":[{"href":"https:\/\/www.rassegnastampa-totustuus.it\/cattolica\/wp-json\/wp\/v2\/types\/post"}],"author":[{"embeddable":true,"href":"https:\/\/www.rassegnastampa-totustuus.it\/cattolica\/wp-json\/wp\/v2\/users\/6"}],"replies":[{"embeddable":true,"href":"https:\/\/www.rassegnastampa-totustuus.it\/cattolica\/wp-json\/wp\/v2\/comments?post=879"}],"version-history":[{"count":4,"href":"https:\/\/www.rassegnastampa-totustuus.it\/cattolica\/wp-json\/wp\/v2\/posts\/879\/revisions"}],"predecessor-version":[{"id":34833,"href":"https:\/\/www.rassegnastampa-totustuus.it\/cattolica\/wp-json\/wp\/v2\/posts\/879\/revisions\/34833"}],"wp:featuredmedia":[{"embeddable":true,"href":"https:\/\/www.rassegnastampa-totustuus.it\/cattolica\/wp-json\/wp\/v2\/media\/34832"}],"wp:attachment":[{"href":"https:\/\/www.rassegnastampa-totustuus.it\/cattolica\/wp-json\/wp\/v2\/media?parent=879"}],"wp:term":[{"taxonomy":"category","embeddable":true,"href":"https:\/\/www.rassegnastampa-totustuus.it\/cattolica\/wp-json\/wp\/v2\/categories?post=879"},{"taxonomy":"post_tag","embeddable":true,"href":"https:\/\/www.rassegnastampa-totustuus.it\/cattolica\/wp-json\/wp\/v2\/tags?post=879"}],"curies":[{"name":"wp","href":"https:\/\/api.w.org\/{rel}","templated":true}]}}