{"id":875,"date":"2005-07-10T00:00:00","date_gmt":"2005-07-09T22:00:00","guid":{"rendered":""},"modified":"2016-06-13T11:05:12","modified_gmt":"2016-06-13T09:05:12","slug":"kennedy-che-non-luccica","status":"publish","type":"post","link":"https:\/\/www.rassegnastampa-totustuus.it\/cattolica\/kennedy-che-non-luccica\/","title":{"rendered":"Kennedy che non luccica"},"content":{"rendered":"<div align=\"center\">\n<div id=\"attachment_34566\" style=\"width: 208px\" class=\"wp-caption alignleft\"><img loading=\"lazy\" decoding=\"async\" aria-describedby=\"caption-attachment-34566\" class=\"wp-image-34566\" src=\"https:\/\/www.rassegnastampa-totustuus.it\/cattolica\/wp-content\/uploads\/2005\/07\/John-Fitzgerald-Kennedy.jpg\" alt=\"John Fitzgerald Kennedy\" width=\"208\" height=\"200\" \/><p id=\"caption-attachment-34566\" class=\"wp-caption-text\">John Fitzgerald Kennedy<\/p><\/div>\n<p>Pubblicato su <strong>Avvenire<\/strong> del 22 novembre 1988<\/div>\n<p style=\"text-align: center;\"><em>A venticinque anni dall\u2019assassinio del presidente americano<\/em><\/p>\n<p style=\"text-align: center;\"><strong>Cuba e Vietnam, mafia e sesso: un\u2019occasione perduta<\/strong><\/p>\n<p style=\"text-align: center;\">di <strong>Luciano Garibaldi<\/strong><\/p>\n<p><!--more--><\/p>\n<div style=\"text-align: justify;\">La mafia, cio\u00e8 il crimine organizzato, il vero, unico, autentico super potere che inquina il mondo, non dimentica mai coloro che scendono a patti con essa. Chi accetta anche solo di parlare una volta, che ne sollecita, anche per scopi nobili, l\u2019aiuto, prima o poi sar\u00e0 chiamato a sdebitasi. Se non pagher\u00e0 la cambiale, verr\u00e0 ucciso. Perch\u00e9 la forza della mafia sta nella determinazione e nella ferocia. Solo chi pu\u00f2 vantare una ferocia doppia avr\u00e0 ragione di essa, come dimostr\u00f2 il prefetto Mori nella Sicilia degli Anni \u201930, come accadde nella Germania delle Ss, dove il crimine organizzato scomparve perch\u00e9 al potere erano giunti criminali cento volte pi\u00f9 spietati.<\/div>\n<p style=\"text-align: justify;\">Questa premessa \u00e8 indispensabile a chiunque si accinga a ricordare l\u2019assassinio di John Fitzgerald Kennedy, il presidente degli Stati Uniti d\u2019America avvenuto a Dallas il 22 novembre 1963: 25 anni fa. \u00abL\u2019America si agita ogni volta che un Kennedy fa un ruttino\u00bb , ha scritto di recente con una punta di rancore l\u2019ex presidente Nixon, che di Jfk fu l\u2019acerrimo rivale durante le presidenziali del 1960 (vinte da Kennedy con uno scarto di soli 100 mila voti) e che in seguito ebbe la carriera ostacolata e distrutta dalla irriducibile, acerrima ostilit\u00e0 dell\u2019intero &#8220;clan&#8221; Kennedy.<\/p>\n<p style=\"text-align: justify;\">Le parole di Nixon riflettono uno stato d\u2019animo effettivamente presente negli Stati Uniti, dove, a 25 anni dalla morte, il mito del \u00abpresidente della nuova frontiera\u00bb rimane praticamente intatto, nonostante gli errori, le mosse sbagliate, le tante ipocrisie che, come vedremo, caratterizzarono i tre anni della presidenza di Jfk.<\/p>\n<p style=\"text-align: justify;\">Giovane, bello, anzi bellissimo, aitante nelle sue giacche di alta sartoria, sempre attillate, che sfoggiava disinvoltamente anche a 20 gradi sotto zero, avendo scoperto che una maglia di cachemire ripara dal freddo meglio di un cappotto. Kennedy si rivolgeva all\u2019immaginario primitivo ed elementare di una nazione semplice, superficiale, attratta, nella sua maggioranza, pi\u00f9 dalla forma che dalla sostanza.<\/p>\n<p style=\"text-align: justify;\">I suoi miti (il giovanilismo, la &#8220;nuova frontiera&#8221;, cio\u00e8 la legge sui diritti civili dei negri negli Stati del Sud) attecchirono nell\u2019America della &#8220;beat generation&#8221;, condizionata e influenzata dai &#8220;liberals&#8221;, \u00abquella parola\u00bb, come ha detto Reagan a proposito di Dukakis \u00abche incomincia per &#8220;elle&#8221; e che non desidero pronunciare\u00bb.<\/p>\n<p style=\"text-align: justify;\">Intendiamo riferirci ai &#8220;liberals&#8221; infiltrai ai vertici dei grandi mass media, del &#8220;New York Times&#8221;, del &#8220;Washington Post&#8221;, delle reti televisive, delle organizzazioni culturali come le Universit\u00e0. In Europa, nella vecchia, ammaestrata Europa, il fenomeno Kennedy non sarebbe stato possibile.<\/p>\n<p style=\"text-align: justify;\">Eppure fu proprio un &#8220;liberal&#8221;, il senatore Church, capo della Commissione d\u2019inchiesta parlamentare nominato dal Congresso per far luce sull\u2019assassinio di Kennedy a ribaltare le ridicole conclusioni cui era giunta, tanti anni prima, la Commissione Warren, a far luce sugli intrighi mafiosi che erano probabilmente all\u2019origine dell\u2019agguato a Dallas.<\/p>\n<p style=\"text-align: justify;\">Una storia che parte da lontano, da un gruppo di guerriglieri rifugiatisi, sotto la guida di un giovane studente di nome Fidel Castro, nella Sierra Maestra di Cuba. Era stata proprio la mafia a finanziare e a rifornire di armi i castristi, con ripetuti lanci nella boscaglia, sperando che essi riuscissero a far fuori il dittatore cubano Batista, che si stava dimostrando un duro e tenace nemico dei suoi traffici.<\/p>\n<p style=\"text-align: justify;\">Protagonista della manovra era stato Calogero Minatori, detto Carlos Marcello, siciliano di &#8220;Cosa Nostra&#8221;, controllore del 70 per cento delle case da gioco di Cuba , nelle quali i ricchi americani andavano a dissipare le loro fortune, e registra dello smistamento della droga dal Sud America verso gli Stati Uniti. Dalla vittoria di Castro, la mafia si aspettava di poter riprendere le sue attivit\u00e0 a Cuba. Grosso sbaglio.<\/p>\n<p style=\"text-align: justify;\">Una volta al potere, il dittatore comunista si dimostr\u00f2 pi\u00f9 inflessibile del suo predecessore. Da qui il desiderio di vendetta di &#8220;Cosa Nostra&#8221;, che s\u2019inseriva perfettamente in quello di rivalsa politica degli Stati Uniti verso Cuba, dopo il fallimento dello sbarco alla &#8220;Baia dei Porci&#8221; e il duro confronto dell\u2019agosto 1982 per la questione dei missili.<\/p>\n<p style=\"text-align: justify;\">Con Castro, sempre pi\u00f9 aggressivo nei confronti degli Stati Uniti, finanziatore dei movimenti di guerriglia in tutto il Centro e Sud America, l\u2019intero establishment americano voleva saldare i conti. In particolare lo voleva il potente capo dell\u2019Fbi, Edgard J. Hoover, implacabile nemico, in egual misura, dei comunisti e dei terroristi negri che, in modo pi\u00f9 o meno aperto, si richiamavano a Martin Luther King.<\/p>\n<p style=\"text-align: justify;\">La Commissione Church prov\u00f2 che, ai primi del 1963, Kennedy aveva accettato il progetto del senatore della Florida Gorge Smalther per uccidere Castro. Un piano che imponeva ai servizi segreti di lasciar lavorare indisturbati gli esecutori del complotto: proprio Calogero Minatori, con l\u2019assistenza di Sam Giancama, Santo Trafficante, e Johnny Roselli, gangster incaricati della missione da &#8220;Cosa Nostra&#8221;.<\/p>\n<p style=\"text-align: justify;\">E\u2019 storicamente provato che furono fatti ben 24 tentativi di assassinare Castro, tutti andati a vuoto. In pi\u00f9 di una occasione i killer designati furono catturati dagli agenti del Kgb sovietico che proteggevano Castro, e uccisi sul posto. E ben presto Kennedy fece marcia indietro. Giudicava troppo pericoloso essersi lasciato invischiare fino a quel punto. Ma era ormai tardi, tanto pi\u00f9 che si era preso per amante Judith Campbell Exner, la ex donna di Sam Gincana, presentatagli da Frank Sinatra , autorevole esponente del suo &#8220;clan&#8221; e al tempo stesso strettamente legato alla mafia.<\/p>\n<p style=\"text-align: justify;\">A quel punto la &#8220;querelle&#8221; tra il presidente e &#8220;Cosa Nostra&#8221; si trasforma in un pericoloso braccio di ferro. Hoover sempre pi\u00f9 imbestialito contro Kennedy per la sua politica favorevole ai negri minaccia di rendere pubblica la storia del complotto contro Castro, Kennedy accetta la sfida. Si sente pi\u00f9 forte di &#8220;Cosa Nostra&#8221;. Non solo continua a tenere per amante l\u2019ex donna di Gincana, ma svillaneggia e perseguita i profughi cubani anticastristi, e, attraverso l\u2019ambasciatore americano in Guinea, William Atwood, cerca di stabilire un accordo di pace con Cuba.<\/p>\n<p style=\"text-align: justify;\">Infine, proprio pochi giorni prima di Dallas, fa arrestare Sam Gincana, lanciando un implicito monito sia a Hoover, sia alla mafia: \u00abSe continuerete a ostacolarmi nella mia politica contro l\u2019apartheid, se non smetterete di attentare ala vita di Castro, scatener\u00f2 la guerra contro il crimine organizzato\u00bb. E\u2019 troppo. A questo punto &#8220;Cosa Nostra&#8221; deve far vedere che la pi\u00f9 forte \u00e8 lei. La Cia e l\u2019Fbi non la ostacolano. Parte il complotto con Lee J. Oswald, ex agente della Cia designato fin dall\u2019inizio come capro espiatorio, e Jack Ruby, non a caso &#8220;creatura&#8221; di Santo Trafficante, incaricato di uccidere Oswald davanti alle telecamere, soli due giorni dalla cattura.<\/p>\n<p style=\"text-align: justify;\">Il resto della storia, con Ruby &#8220;misteriosamente&#8221; morto di cancro in carcere, San Giancana abbattuto a revolverate nel \u201965, Johnny Roselli trovato cadavere in un bidone di benzina al largo di Miami e, con l\u2019incapacit\u00e0 della giustizia americana di arrivare, dopo 25 anni, a una parola definitiva sul complotto di Dallas, \u00e8 la consueta, sanguinosa &#8220;coda&#8221; delle grandi vicende di mafia (Salvatore Giuliano e Michele Sindona insegnano).<\/p>\n<p style=\"text-align: justify;\">Questa \u00e8 ancora oggi la ricostruzione pi\u00f9 attendibile della morte di Jfk, anche perch\u00e9 il crisma di una Commissione parlamentare d\u2019inchiesta, e sebbene i commissari, prevalentemente &#8220;liberals&#8221;, attribuissero alla mafia non un desiderio di vendetta, ma quello di prevenire una fantomatica offensiva contro il crimine organizzato, che il presidente e suo fratello Robert, ministro della Giustizia, sarebbero stati in procinto d\u2019intraprendere.<\/p>\n<p style=\"text-align: justify;\">Chiss\u00e0, poi, come avrebbe fatto, viste le loro saldissime amicizie con Frank Sinora e gli ambienti di &#8220;Cosa Nostra&#8221;, amicizie che, peraltro, riandavano molto addietro negli anni, quando il loro padre, Joseph, aveva fatto i miliardi trafficando con i gangster di Chicago all\u2019epoca del proibizionismo, fedele al suo celebre motto: \u00abCon il denaro si pu\u00f2 ottenere tutto\u00bb.<\/p>\n<p style=\"text-align: justify;\">Del resto, servizi segreti americani e &#8220;Cosa Nostra&#8221; erano legati allora, come lo sono (forse un po\u2019 meno) oggi, come lo furono, strettamente, nel passato, quando mobilitarono la mafia siculoamericana per la preparazione dello sbarco in Sicilia del luglio 1943: un\u2019antica alleanza che i repubblicani da otto anni al potere a Washington, troveranno difficile, anche se ci provarono, a troncare.<\/p>\n<p style=\"text-align: justify;\">Per il resto che cosa rimane di Jfk, al di la della mitologia populista e delle infinite &#8220;storie rosa&#8221; sulla sua vita sentimentale, servite da sfondo ad almeno un centinaio di libri pi\u00f9 o meno romanzati e a decine di &#8220;serials&#8221; televisivi? Rimane che fu il primo, e finora unico, presidente della storia degli Stati Uniti non &#8220;Wasp&#8221; (White Anglo Saxone Protestant). Biancosi, anglosassone solo a met\u00e0, perch\u00e9 era di origine irlandese, e soprattutto cattolico, in un albo presidenziale monotamente popolato d protestanti. Che grande occasione perduta!<\/p>\n<p style=\"text-align: justify;\">Amava la pace, ma con lui il mondo rischi\u00f2 la terza guerra mondiale, perch\u00e9 egli si get\u00f2 nel pericoloso braccio di ferro con l\u2019Urss per i missili a Cuba, senza allertare le Forze Armate, senza informare il Parlamento (vecchia abitudine dei democratici americani, fin dai tempi di Pearl Harbour, nascondere al popolo le decisioni fatali), e lo vinse solo perch\u00e9 dall\u2019altra parte c\u2019era in fondo un buon diavolo di nome Kruscev.<\/p>\n<p style=\"text-align: justify;\">Coinvolse l\u2019America nella sventurata guerra del Vietnam incitando il dittatore anticomunista Ngo Dinh Diem a tener duro contro i terroristi vietcong, salvo poi mandarlo a gambe all\u2019aria quando quello, convinto di aver finalmente trovato l\u2019appoggio della grande potenza, si mise a fare sul serio. E si sa che gli americani i dittatori li vogliono buoni e pii (vedi la fine dei colonnelli greci e dello scia di Persia)<\/p>\n<p style=\"text-align: justify;\">Cos\u00ec gli era sembrato poco &#8220;democratico&#8221; inviare l\u2019aviazione a Cuba , il 17 aprile 1961 in appoggio a quei mille disgraziati che erano sbarcati nella &#8220;Baia dei porci&#8221;, perci\u00f2 stesso mandati al massacro con la sua sorridente benedizione. Certo, durante gli anni di Kennedy, come ha scritto uno dei suoi agiografi, e suo ex collaboratore, Richard Goodwin, \u00abLa vita era intellettualmente eccitante\u00bb. E difatti il virus della contestazione pot\u00e9 liberamente dilagare dalle universit\u00e0 californiane a tutti gli Stati Uniti e, da qui, diffondersi all\u2019Europa.<\/p>\n<p style=\"text-align: justify;\">Quanto all\u2019Italia, le &#8220;teste d\u2019uovo&#8221; di Jfk, le famose &#8220;tre S&#8221; (Sorensen, Salinger, Schlesinger), decisero che sarebbe stato \u00abintellettualmente eccitante\u00bb aprire la &#8220;stanza dei bottoni&#8221; ai socialisti o regalarci il centro-sinistra. Le cui conseguenze scontiamo ancora adesso.<\/p>\n","protected":false},"excerpt":{"rendered":"<p>Pubblicato su Avvenire del 22 novembre 1988 A venticinque anni dall\u2019assassinio del presidente americano Cuba e Vietnam, mafia e sesso: un\u2019occasione perduta di Luciano Garibaldi<\/p><p><a class=\"more-link btn\" href=\"https:\/\/www.rassegnastampa-totustuus.it\/cattolica\/kennedy-che-non-luccica\/\">Continua a leggere<\/a><\/p>\n","protected":false},"author":6,"featured_media":34566,"comment_status":"closed","ping_status":"open","sticky":false,"template":"","format":"standard","meta":{"footnotes":""},"categories":[76],"tags":[729,150],"class_list":["post-875","post","type-post","status-publish","format-standard","has-post-thumbnail","hentry","category-stati-uniti","tag-john-f-kennedy","tag-usa","item-wrap"],"yoast_head":"<!-- This site is optimized with the Yoast SEO plugin v27.5 - https:\/\/yoast.com\/product\/yoast-seo-wordpress\/ -->\n<title>Kennedy che non luccica - Rassegna Stampa Cattolica<\/title>\n<meta name=\"description\" content=\"Rassegna Stampa Cattolica - Per una cultura che nasce dalla Rivelazione cristiana in conformit\u00e0 alla tradizione e al Magistero della Chiesa in opposizione ad ogni relativismo e totalitarismo\" \/>\n<meta name=\"robots\" content=\"index, follow, max-snippet:-1, max-image-preview:large, max-video-preview:-1\" \/>\n<link rel=\"canonical\" href=\"https:\/\/www.rassegnastampa-totustuus.it\/cattolica\/kennedy-che-non-luccica\/\" \/>\n<meta property=\"og:locale\" content=\"it_IT\" \/>\n<meta property=\"og:type\" content=\"article\" \/>\n<meta property=\"og:title\" content=\"Kennedy che non luccica - Rassegna Stampa Cattolica\" \/>\n<meta property=\"og:description\" content=\"Rassegna Stampa Cattolica - Per una cultura che nasce dalla Rivelazione cristiana in conformit\u00e0 alla tradizione e al Magistero della Chiesa in opposizione ad ogni relativismo e totalitarismo\" \/>\n<meta property=\"og:url\" content=\"https:\/\/www.rassegnastampa-totustuus.it\/cattolica\/kennedy-che-non-luccica\/\" \/>\n<meta property=\"og:site_name\" content=\"Rassegna Stampa Cattolica\" \/>\n<meta property=\"article:publisher\" content=\"https:\/\/www.facebook.com\/rassegnastampacattolica\" \/>\n<meta property=\"article:published_time\" content=\"2005-07-09T22:00:00+00:00\" \/>\n<meta property=\"article:modified_time\" content=\"2016-06-13T09:05:12+00:00\" \/>\n<meta property=\"og:image\" content=\"https:\/\/www.rassegnastampa-totustuus.it\/cattolica\/wp-content\/uploads\/2005\/07\/John-Fitzgerald-Kennedy.jpg\" \/>\n\t<meta property=\"og:image:width\" content=\"229\" \/>\n\t<meta property=\"og:image:height\" content=\"220\" \/>\n\t<meta property=\"og:image:type\" content=\"image\/jpeg\" \/>\n<meta name=\"author\" content=\"Redazione\" \/>\n<meta name=\"twitter:card\" content=\"summary_large_image\" \/>\n<meta name=\"twitter:creator\" content=\"@rassegnastampa9\" \/>\n<meta name=\"twitter:site\" content=\"@rassegnastampa9\" \/>\n<meta name=\"twitter:label1\" content=\"Scritto da\" \/>\n\t<meta name=\"twitter:data1\" content=\"Redazione\" \/>\n\t<meta name=\"twitter:label2\" content=\"Tempo di lettura stimato\" \/>\n\t<meta name=\"twitter:data2\" content=\"8 minuti\" \/>\n<script type=\"application\/ld+json\" class=\"yoast-schema-graph\">{\"@context\":\"https:\\\/\\\/schema.org\",\"@graph\":[{\"@type\":\"Article\",\"@id\":\"https:\\\/\\\/www.rassegnastampa-totustuus.it\\\/cattolica\\\/kennedy-che-non-luccica\\\/#article\",\"isPartOf\":{\"@id\":\"https:\\\/\\\/www.rassegnastampa-totustuus.it\\\/cattolica\\\/kennedy-che-non-luccica\\\/\"},\"author\":{\"name\":\"Redazione\",\"@id\":\"https:\\\/\\\/www.rassegnastampa-totustuus.it\\\/cattolica\\\/#\\\/schema\\\/person\\\/08f319d2bd1a0904ad9e2bfb7b15e5c3\"},\"headline\":\"Kennedy che non luccica\",\"datePublished\":\"2005-07-09T22:00:00+00:00\",\"dateModified\":\"2016-06-13T09:05:12+00:00\",\"mainEntityOfPage\":{\"@id\":\"https:\\\/\\\/www.rassegnastampa-totustuus.it\\\/cattolica\\\/kennedy-che-non-luccica\\\/\"},\"wordCount\":1700,\"publisher\":{\"@id\":\"https:\\\/\\\/www.rassegnastampa-totustuus.it\\\/cattolica\\\/#organization\"},\"image\":{\"@id\":\"https:\\\/\\\/www.rassegnastampa-totustuus.it\\\/cattolica\\\/kennedy-che-non-luccica\\\/#primaryimage\"},\"thumbnailUrl\":\"https:\\\/\\\/www.rassegnastampa-totustuus.it\\\/cattolica\\\/wp-content\\\/uploads\\\/2005\\\/07\\\/John-Fitzgerald-Kennedy.jpg\",\"keywords\":[\"John F. Kennedy\",\"Usa\"],\"articleSection\":[\"Stati Uniti\"],\"inLanguage\":\"it-IT\"},{\"@type\":\"WebPage\",\"@id\":\"https:\\\/\\\/www.rassegnastampa-totustuus.it\\\/cattolica\\\/kennedy-che-non-luccica\\\/\",\"url\":\"https:\\\/\\\/www.rassegnastampa-totustuus.it\\\/cattolica\\\/kennedy-che-non-luccica\\\/\",\"name\":\"Kennedy che non luccica - Rassegna Stampa Cattolica\",\"isPartOf\":{\"@id\":\"https:\\\/\\\/www.rassegnastampa-totustuus.it\\\/cattolica\\\/#website\"},\"primaryImageOfPage\":{\"@id\":\"https:\\\/\\\/www.rassegnastampa-totustuus.it\\\/cattolica\\\/kennedy-che-non-luccica\\\/#primaryimage\"},\"image\":{\"@id\":\"https:\\\/\\\/www.rassegnastampa-totustuus.it\\\/cattolica\\\/kennedy-che-non-luccica\\\/#primaryimage\"},\"thumbnailUrl\":\"https:\\\/\\\/www.rassegnastampa-totustuus.it\\\/cattolica\\\/wp-content\\\/uploads\\\/2005\\\/07\\\/John-Fitzgerald-Kennedy.jpg\",\"datePublished\":\"2005-07-09T22:00:00+00:00\",\"dateModified\":\"2016-06-13T09:05:12+00:00\",\"description\":\"Rassegna Stampa Cattolica - Per una cultura che nasce dalla Rivelazione cristiana in conformit\u00e0 alla tradizione e al Magistero della Chiesa in opposizione ad ogni relativismo e totalitarismo\",\"breadcrumb\":{\"@id\":\"https:\\\/\\\/www.rassegnastampa-totustuus.it\\\/cattolica\\\/kennedy-che-non-luccica\\\/#breadcrumb\"},\"inLanguage\":\"it-IT\",\"potentialAction\":[{\"@type\":\"ReadAction\",\"target\":[\"https:\\\/\\\/www.rassegnastampa-totustuus.it\\\/cattolica\\\/kennedy-che-non-luccica\\\/\"]}]},{\"@type\":\"ImageObject\",\"inLanguage\":\"it-IT\",\"@id\":\"https:\\\/\\\/www.rassegnastampa-totustuus.it\\\/cattolica\\\/kennedy-che-non-luccica\\\/#primaryimage\",\"url\":\"https:\\\/\\\/www.rassegnastampa-totustuus.it\\\/cattolica\\\/wp-content\\\/uploads\\\/2005\\\/07\\\/John-Fitzgerald-Kennedy.jpg\",\"contentUrl\":\"https:\\\/\\\/www.rassegnastampa-totustuus.it\\\/cattolica\\\/wp-content\\\/uploads\\\/2005\\\/07\\\/John-Fitzgerald-Kennedy.jpg\",\"width\":229,\"height\":220},{\"@type\":\"BreadcrumbList\",\"@id\":\"https:\\\/\\\/www.rassegnastampa-totustuus.it\\\/cattolica\\\/kennedy-che-non-luccica\\\/#breadcrumb\",\"itemListElement\":[{\"@type\":\"ListItem\",\"position\":1,\"name\":\"Home\",\"item\":\"https:\\\/\\\/www.rassegnastampa-totustuus.it\\\/cattolica\\\/\"},{\"@type\":\"ListItem\",\"position\":2,\"name\":\"Kennedy che non luccica\"}]},{\"@type\":\"WebSite\",\"@id\":\"https:\\\/\\\/www.rassegnastampa-totustuus.it\\\/cattolica\\\/#website\",\"url\":\"https:\\\/\\\/www.rassegnastampa-totustuus.it\\\/cattolica\\\/\",\"name\":\"Rassegna Stampa Cattolica\",\"description\":\"Per una cultura che nasce dalla Rivelazione cristiana in conformit\u00e0 alla tradizione e al Magistero della Chiesa in opposizione ad ogni relativismo e totalitarismo\",\"publisher\":{\"@id\":\"https:\\\/\\\/www.rassegnastampa-totustuus.it\\\/cattolica\\\/#organization\"},\"alternateName\":\"Rass. Cattolica\",\"potentialAction\":[{\"@type\":\"SearchAction\",\"target\":{\"@type\":\"EntryPoint\",\"urlTemplate\":\"https:\\\/\\\/www.rassegnastampa-totustuus.it\\\/cattolica\\\/?s={search_term_string}\"},\"query-input\":{\"@type\":\"PropertyValueSpecification\",\"valueRequired\":true,\"valueName\":\"search_term_string\"}}],\"inLanguage\":\"it-IT\"},{\"@type\":\"Organization\",\"@id\":\"https:\\\/\\\/www.rassegnastampa-totustuus.it\\\/cattolica\\\/#organization\",\"name\":\"Rassegna Stampa Cattolica\",\"url\":\"https:\\\/\\\/www.rassegnastampa-totustuus.it\\\/cattolica\\\/\",\"logo\":{\"@type\":\"ImageObject\",\"inLanguage\":\"it-IT\",\"@id\":\"https:\\\/\\\/www.rassegnastampa-totustuus.it\\\/cattolica\\\/#\\\/schema\\\/logo\\\/image\\\/\",\"url\":\"https:\\\/\\\/www.rassegnastampa-totustuus.it\\\/cattolica\\\/wp-content\\\/uploads\\\/2014\\\/04\\\/logo-rassegna1.gif\",\"contentUrl\":\"https:\\\/\\\/www.rassegnastampa-totustuus.it\\\/cattolica\\\/wp-content\\\/uploads\\\/2014\\\/04\\\/logo-rassegna1.gif\",\"width\":600,\"height\":163,\"caption\":\"Rassegna Stampa Cattolica\"},\"image\":{\"@id\":\"https:\\\/\\\/www.rassegnastampa-totustuus.it\\\/cattolica\\\/#\\\/schema\\\/logo\\\/image\\\/\"},\"sameAs\":[\"https:\\\/\\\/www.facebook.com\\\/rassegnastampacattolica\",\"https:\\\/\\\/x.com\\\/rassegnastampa9\"]},{\"@type\":\"Person\",\"@id\":\"https:\\\/\\\/www.rassegnastampa-totustuus.it\\\/cattolica\\\/#\\\/schema\\\/person\\\/08f319d2bd1a0904ad9e2bfb7b15e5c3\",\"name\":\"Redazione\",\"image\":{\"@type\":\"ImageObject\",\"inLanguage\":\"it-IT\",\"@id\":\"https:\\\/\\\/secure.gravatar.com\\\/avatar\\\/2fcdf27c78ea025fbdb44e914cc63c72249ffec9dc8aafd5c82b26240ef3f346?s=96&d=mm&r=g\",\"url\":\"https:\\\/\\\/secure.gravatar.com\\\/avatar\\\/2fcdf27c78ea025fbdb44e914cc63c72249ffec9dc8aafd5c82b26240ef3f346?s=96&d=mm&r=g\",\"contentUrl\":\"https:\\\/\\\/secure.gravatar.com\\\/avatar\\\/2fcdf27c78ea025fbdb44e914cc63c72249ffec9dc8aafd5c82b26240ef3f346?s=96&d=mm&r=g\",\"caption\":\"Redazione\"},\"url\":\"https:\\\/\\\/www.rassegnastampa-totustuus.it\\\/cattolica\\\/author\\\/pietroelle\\\/\"}]}<\/script>\n<!-- \/ Yoast SEO plugin. -->","yoast_head_json":{"title":"Kennedy che non luccica - Rassegna Stampa Cattolica","description":"Rassegna Stampa Cattolica - Per una cultura che nasce dalla Rivelazione cristiana in conformit\u00e0 alla tradizione e al Magistero della Chiesa in opposizione ad ogni relativismo e totalitarismo","robots":{"index":"index","follow":"follow","max-snippet":"max-snippet:-1","max-image-preview":"max-image-preview:large","max-video-preview":"max-video-preview:-1"},"canonical":"https:\/\/www.rassegnastampa-totustuus.it\/cattolica\/kennedy-che-non-luccica\/","og_locale":"it_IT","og_type":"article","og_title":"Kennedy che non luccica - Rassegna Stampa Cattolica","og_description":"Rassegna Stampa Cattolica - Per una cultura che nasce dalla Rivelazione cristiana in conformit\u00e0 alla tradizione e al Magistero della Chiesa in opposizione ad ogni relativismo e totalitarismo","og_url":"https:\/\/www.rassegnastampa-totustuus.it\/cattolica\/kennedy-che-non-luccica\/","og_site_name":"Rassegna Stampa Cattolica","article_publisher":"https:\/\/www.facebook.com\/rassegnastampacattolica","article_published_time":"2005-07-09T22:00:00+00:00","article_modified_time":"2016-06-13T09:05:12+00:00","og_image":[{"width":229,"height":220,"url":"https:\/\/www.rassegnastampa-totustuus.it\/cattolica\/wp-content\/uploads\/2005\/07\/John-Fitzgerald-Kennedy.jpg","type":"image\/jpeg"}],"author":"Redazione","twitter_card":"summary_large_image","twitter_creator":"@rassegnastampa9","twitter_site":"@rassegnastampa9","twitter_misc":{"Scritto da":"Redazione","Tempo di lettura stimato":"8 minuti"},"schema":{"@context":"https:\/\/schema.org","@graph":[{"@type":"Article","@id":"https:\/\/www.rassegnastampa-totustuus.it\/cattolica\/kennedy-che-non-luccica\/#article","isPartOf":{"@id":"https:\/\/www.rassegnastampa-totustuus.it\/cattolica\/kennedy-che-non-luccica\/"},"author":{"name":"Redazione","@id":"https:\/\/www.rassegnastampa-totustuus.it\/cattolica\/#\/schema\/person\/08f319d2bd1a0904ad9e2bfb7b15e5c3"},"headline":"Kennedy che non luccica","datePublished":"2005-07-09T22:00:00+00:00","dateModified":"2016-06-13T09:05:12+00:00","mainEntityOfPage":{"@id":"https:\/\/www.rassegnastampa-totustuus.it\/cattolica\/kennedy-che-non-luccica\/"},"wordCount":1700,"publisher":{"@id":"https:\/\/www.rassegnastampa-totustuus.it\/cattolica\/#organization"},"image":{"@id":"https:\/\/www.rassegnastampa-totustuus.it\/cattolica\/kennedy-che-non-luccica\/#primaryimage"},"thumbnailUrl":"https:\/\/www.rassegnastampa-totustuus.it\/cattolica\/wp-content\/uploads\/2005\/07\/John-Fitzgerald-Kennedy.jpg","keywords":["John F. Kennedy","Usa"],"articleSection":["Stati Uniti"],"inLanguage":"it-IT"},{"@type":"WebPage","@id":"https:\/\/www.rassegnastampa-totustuus.it\/cattolica\/kennedy-che-non-luccica\/","url":"https:\/\/www.rassegnastampa-totustuus.it\/cattolica\/kennedy-che-non-luccica\/","name":"Kennedy che non luccica - Rassegna Stampa Cattolica","isPartOf":{"@id":"https:\/\/www.rassegnastampa-totustuus.it\/cattolica\/#website"},"primaryImageOfPage":{"@id":"https:\/\/www.rassegnastampa-totustuus.it\/cattolica\/kennedy-che-non-luccica\/#primaryimage"},"image":{"@id":"https:\/\/www.rassegnastampa-totustuus.it\/cattolica\/kennedy-che-non-luccica\/#primaryimage"},"thumbnailUrl":"https:\/\/www.rassegnastampa-totustuus.it\/cattolica\/wp-content\/uploads\/2005\/07\/John-Fitzgerald-Kennedy.jpg","datePublished":"2005-07-09T22:00:00+00:00","dateModified":"2016-06-13T09:05:12+00:00","description":"Rassegna Stampa Cattolica - Per una cultura che nasce dalla Rivelazione cristiana in conformit\u00e0 alla tradizione e al Magistero della Chiesa in opposizione ad ogni relativismo e totalitarismo","breadcrumb":{"@id":"https:\/\/www.rassegnastampa-totustuus.it\/cattolica\/kennedy-che-non-luccica\/#breadcrumb"},"inLanguage":"it-IT","potentialAction":[{"@type":"ReadAction","target":["https:\/\/www.rassegnastampa-totustuus.it\/cattolica\/kennedy-che-non-luccica\/"]}]},{"@type":"ImageObject","inLanguage":"it-IT","@id":"https:\/\/www.rassegnastampa-totustuus.it\/cattolica\/kennedy-che-non-luccica\/#primaryimage","url":"https:\/\/www.rassegnastampa-totustuus.it\/cattolica\/wp-content\/uploads\/2005\/07\/John-Fitzgerald-Kennedy.jpg","contentUrl":"https:\/\/www.rassegnastampa-totustuus.it\/cattolica\/wp-content\/uploads\/2005\/07\/John-Fitzgerald-Kennedy.jpg","width":229,"height":220},{"@type":"BreadcrumbList","@id":"https:\/\/www.rassegnastampa-totustuus.it\/cattolica\/kennedy-che-non-luccica\/#breadcrumb","itemListElement":[{"@type":"ListItem","position":1,"name":"Home","item":"https:\/\/www.rassegnastampa-totustuus.it\/cattolica\/"},{"@type":"ListItem","position":2,"name":"Kennedy che non luccica"}]},{"@type":"WebSite","@id":"https:\/\/www.rassegnastampa-totustuus.it\/cattolica\/#website","url":"https:\/\/www.rassegnastampa-totustuus.it\/cattolica\/","name":"Rassegna Stampa Cattolica","description":"Per una cultura che nasce dalla Rivelazione cristiana in conformit\u00e0 alla tradizione e al Magistero della Chiesa in opposizione ad ogni relativismo e totalitarismo","publisher":{"@id":"https:\/\/www.rassegnastampa-totustuus.it\/cattolica\/#organization"},"alternateName":"Rass. Cattolica","potentialAction":[{"@type":"SearchAction","target":{"@type":"EntryPoint","urlTemplate":"https:\/\/www.rassegnastampa-totustuus.it\/cattolica\/?s={search_term_string}"},"query-input":{"@type":"PropertyValueSpecification","valueRequired":true,"valueName":"search_term_string"}}],"inLanguage":"it-IT"},{"@type":"Organization","@id":"https:\/\/www.rassegnastampa-totustuus.it\/cattolica\/#organization","name":"Rassegna Stampa Cattolica","url":"https:\/\/www.rassegnastampa-totustuus.it\/cattolica\/","logo":{"@type":"ImageObject","inLanguage":"it-IT","@id":"https:\/\/www.rassegnastampa-totustuus.it\/cattolica\/#\/schema\/logo\/image\/","url":"https:\/\/www.rassegnastampa-totustuus.it\/cattolica\/wp-content\/uploads\/2014\/04\/logo-rassegna1.gif","contentUrl":"https:\/\/www.rassegnastampa-totustuus.it\/cattolica\/wp-content\/uploads\/2014\/04\/logo-rassegna1.gif","width":600,"height":163,"caption":"Rassegna Stampa Cattolica"},"image":{"@id":"https:\/\/www.rassegnastampa-totustuus.it\/cattolica\/#\/schema\/logo\/image\/"},"sameAs":["https:\/\/www.facebook.com\/rassegnastampacattolica","https:\/\/x.com\/rassegnastampa9"]},{"@type":"Person","@id":"https:\/\/www.rassegnastampa-totustuus.it\/cattolica\/#\/schema\/person\/08f319d2bd1a0904ad9e2bfb7b15e5c3","name":"Redazione","image":{"@type":"ImageObject","inLanguage":"it-IT","@id":"https:\/\/secure.gravatar.com\/avatar\/2fcdf27c78ea025fbdb44e914cc63c72249ffec9dc8aafd5c82b26240ef3f346?s=96&d=mm&r=g","url":"https:\/\/secure.gravatar.com\/avatar\/2fcdf27c78ea025fbdb44e914cc63c72249ffec9dc8aafd5c82b26240ef3f346?s=96&d=mm&r=g","contentUrl":"https:\/\/secure.gravatar.com\/avatar\/2fcdf27c78ea025fbdb44e914cc63c72249ffec9dc8aafd5c82b26240ef3f346?s=96&d=mm&r=g","caption":"Redazione"},"url":"https:\/\/www.rassegnastampa-totustuus.it\/cattolica\/author\/pietroelle\/"}]}},"_links":{"self":[{"href":"https:\/\/www.rassegnastampa-totustuus.it\/cattolica\/wp-json\/wp\/v2\/posts\/875","targetHints":{"allow":["GET"]}}],"collection":[{"href":"https:\/\/www.rassegnastampa-totustuus.it\/cattolica\/wp-json\/wp\/v2\/posts"}],"about":[{"href":"https:\/\/www.rassegnastampa-totustuus.it\/cattolica\/wp-json\/wp\/v2\/types\/post"}],"author":[{"embeddable":true,"href":"https:\/\/www.rassegnastampa-totustuus.it\/cattolica\/wp-json\/wp\/v2\/users\/6"}],"replies":[{"embeddable":true,"href":"https:\/\/www.rassegnastampa-totustuus.it\/cattolica\/wp-json\/wp\/v2\/comments?post=875"}],"version-history":[{"count":4,"href":"https:\/\/www.rassegnastampa-totustuus.it\/cattolica\/wp-json\/wp\/v2\/posts\/875\/revisions"}],"predecessor-version":[{"id":34567,"href":"https:\/\/www.rassegnastampa-totustuus.it\/cattolica\/wp-json\/wp\/v2\/posts\/875\/revisions\/34567"}],"wp:featuredmedia":[{"embeddable":true,"href":"https:\/\/www.rassegnastampa-totustuus.it\/cattolica\/wp-json\/wp\/v2\/media\/34566"}],"wp:attachment":[{"href":"https:\/\/www.rassegnastampa-totustuus.it\/cattolica\/wp-json\/wp\/v2\/media?parent=875"}],"wp:term":[{"taxonomy":"category","embeddable":true,"href":"https:\/\/www.rassegnastampa-totustuus.it\/cattolica\/wp-json\/wp\/v2\/categories?post=875"},{"taxonomy":"post_tag","embeddable":true,"href":"https:\/\/www.rassegnastampa-totustuus.it\/cattolica\/wp-json\/wp\/v2\/tags?post=875"}],"curies":[{"name":"wp","href":"https:\/\/api.w.org\/{rel}","templated":true}]}}