{"id":871,"date":"2005-07-10T00:00:00","date_gmt":"2005-07-09T22:00:00","guid":{"rendered":""},"modified":"2015-11-19T12:25:38","modified_gmt":"2015-11-19T11:25:38","slug":"il-gulag-che-esiste-ancora","status":"publish","type":"post","link":"https:\/\/www.rassegnastampa-totustuus.it\/cattolica\/il-gulag-che-esiste-ancora\/","title":{"rendered":"Il gulag che esiste ancora"},"content":{"rendered":"<div style=\"text-align: center;\"><a href=\"https:\/\/www.rassegnastampa-totustuus.it\/cattolica\/wp-content\/uploads\/2005\/07\/Kim-Il-Sung.jpg\"><img loading=\"lazy\" decoding=\"async\" class=\"alignleft wp-image-27877\" src=\"https:\/\/www.rassegnastampa-totustuus.it\/cattolica\/wp-content\/uploads\/2005\/07\/Kim-Il-Sung.jpg\" alt=\"Kim Il Sung\" width=\"250\" height=\"187\" \/><\/a>Articolo pubblicato su <strong>Il Corriere del Sud<\/strong><\/div>\n<div style=\"text-align: center;\">n. 3; 1 &#8211; 15 febbraio 2002<\/div>\n<p style=\"text-align: center;\"><strong>Una divisione transitoria che fin\u00ec con il cristallizzarsi<br \/>\n<\/strong><\/p>\n<p style=\"text-align: center;\"><em>La tragedia di un sopravvissuto all\u2019inferno della Corea del Nord<br \/>\n<\/em><\/p>\n<p style=\"text-align: center;\">di<strong> Roberto Cavallo <\/strong><\/p>\n<p><!--more--><\/p>\n<div style=\"text-align: justify;\">Possedimento giapponese fin dal 1905 la Corea, alla fine della 2a guerra mondiale, doveva tornare ad essere uno Stato indipendente. Al momento della resa giapponese, nell&#8217;agosto del 1945, le potenze vincitrici decisero che il disarmo dell&#8217;esercito del Sol Levante sarebbe avvenuto a sud del 38\u00b0 parallelo sotto il controllo degli Stati Uniti; a nord, invece, vi avrebbero provveduto i sovietici. Quella divisione, originariamente transitoria, fin\u00ec con il cristallizzarsi. Nel novembre del 1947 l&#8217;ONU istitu\u00ec una Commissione con l&#8217;incarico di procedere allo svolgimento di libere elezioni in tutto il territorio coreano.<\/div>\n<p style=\"text-align: justify;\">Di fatto alla Commissione ONU fu precluso anche l&#8217;accesso nel territorio della Corea del Nord, sotto il totale controllo dei comunisti. Nel Sud invece le Nazioni Unite riuscirono a garantire lo svolgimento di libere elezioni e il 15 agosto 1948 venne proclamata la Repubblica di Corea. Il Governo che ne scatur\u00ec fu riconosciuto da tutti i Paesi occidentali, ma non da quelli del blocco comunista. E difatti l&#8217;Unione Sovietica, per tutta risposta, patrocin\u00f2 nel Nord delle elezioni che portarono alla nascita della Repubblica Popolare Democratica di Corea.<\/p>\n<p style=\"text-align: justify;\">Dopo vari tentativi rivoluzionari condotti nel Sud da attivisti del Partito Comunista, e andati tutti a vuoto, la Corea del Nord il 25 giugno 1950 con le sue forze armate attacc\u00f2 il Sud, dando cos\u00ec inizio al conflitto coreano. La guerra, che dur\u00f2 tre anni e che fece migliaia di vittime e tante distruzioni, lasci\u00f2 la situazione geo-politica inalterata sulla linea del 38\u00b0 parallelo.<\/p>\n<p style=\"text-align: justify;\">Determinante fu l&#8217;intervento militare statunitense a fianco del piccolo esercito sud-coreano. Negli anni &#8217;60 il governo di Pyongyang, capitale della Corea del Nord, tent\u00f2 nuovamente l&#8217;arma insurrezionale interna per &#8220;liberare&#8221; il Sud ed estendere la &#8220;rivoluzione socialista&#8221; all&#8217;intera penisola coreana. Ma gli agitatori comunisti non trovarono mai il consenso popolare sufficiente per rovesciare il governo democratico di Seoul.<\/p>\n<p style=\"text-align: justify;\">Cos\u00ec Kim Il Sung, lo Stalin della Corea del Nord, fu costretto ad affiancare alle tradizionale propaganda anti-capitalista una serie di azioni diplomatiche volte soprattutto ad usufruire, in qualche modo, della crescente ricchezza e prosperit\u00e0 della Corea del Sud. Oggi le truppe degli Stati Uniti presidiano ancora il Sud, in funzione di deterrenza contro la minaccia comunista di Pyongyang, inserita nella lista nera degli &#8220;Stati banditi&#8221; (<em>rough States) <\/em>o comunque degli &#8220;Stati fonte di preoccupazione&#8221;.<\/p>\n<p style=\"text-align: justify;\">Nel 1998, dopo la morte di Kim Il Sung, il figlio Kim Jong-il eredit\u00f2 il potere assoluto, assumendo la carica di Presidente della Commissione di Difesa nazionale. La carica ufficiale di Presidente della Repubblica \u00e8 stata invece attribuita in eterno al suo defunto padre Kim Il Sung, cos\u00ec che fra le tante stranezze del comunismo si pu\u00f2 annoverare anche quella di aver generato cariche istituzionali destinate ai morti e valide in eterno!<\/p>\n<p style=\"text-align: justify;\">In quest&#8217;angolo di pianeta il XXI secolo sembra davvero non essere incominciato, e l&#8217;orologio della storia (come, del resto, nella vicina Cina), si \u00e8 fermato all&#8217;epoca dei lager. Un sopravvissuto di questo mondo, poco conosciuto all&#8217;Occidente (ma non per questo meno drammaticamente reale!), \u00e8 riuscito a fuggire da quell&#8217;inferno e ha raccontato la sua storia in un libro di recente pubblicato anche in Italia: &#8220;L&#8217;ultimo gulag&#8221; (Mondadori, pagg. 217, Euro 17.04). Il libro \u00e8 scritto a due mani: dal protagonista dei fatti narrati, Kang Chol-Hwan, e dal giornalista francese Pierre Rigoulot.<\/p>\n<p style=\"text-align: justify;\">Kang Chol-Hwan entra nel gulag coreano nel 1977, a nove anni; ne esce 19 anni pi\u00f9 tardi, nel 1996. Nel momento in cui termina di scrivere le proprie memorie, molti dei suoi amici e conoscenti sono ancora l\u00e0 dentro, nel campo n\u00b015 di Yodok.<\/p>\n<p style=\"text-align: justify;\">Yodok, situato al centro della Corea del Nord, \u00e8 un campo lungo una cinquantina di chilometri destinato ai prigionieri politici ritenuti in qualche modo &#8220;recuperabili&#8221; al socialismo. Qui ai detenuti \u00e8 consentito di vivere in baracche, riuniti per gruppi familiari. Vi sono invece altri campi, per gli irrecuperabili, dove si entra solo per essere eliminati. Kang non sa pi\u00f9 nulla dei suoi familiari; nella migliore delle ipotesi essi vivono sorvegliati a vista dalla polizia.<\/p>\n<p style=\"text-align: justify;\">Nel libro egli fornisce un&#8217;esposizione asciutta delle condizioni del gulag. Uomini, donne e bambini sono ridotti dalla fame a veri fantasmi di se stessi; la principale preoccupazione \u00e8 quindi cercare rane, insetti e topi per garantirsi le proteine per la sopravvivenza. Obbligati ad un lavoro ininterrotto, se proprio non vi \u00e8 nulla da fare i prigionieri sono costretti a scavare e a riempire buche nel terreno, fino allo sfinimento.<\/p>\n<p style=\"text-align: justify;\">Kang ricorda la cella di rigore per le punizioni: una garitta di mezzo metro di lato in cui si stava per giorni in ginocchio o seduti sui talloni; e vi si finiva per un&#8217;inezia. A Yodok i rapporti sessuali erano vietati perch\u00e9 rischiavano di far nascere figli di controrivoluzionari. Lo Stato nord-coreano \u00e8 un fautore dell&#8217;eugenetica: la gente considerata dal regime come di discutibile origine deve sparire e in ogni caso non riprodursi. Racconta Kang: &#8220;Ho visto un agente che ha costretto una donna incinta a spogliarsi per mostrare il suo ventre ingrossato ai detenuti; poi l&#8217;ha picchiata e insultata\u2026&#8221;. Le poverette sorprese in stato interessante sono costrette ad abortire.<\/p>\n<p style=\"text-align: justify;\">Queste e altre atrocit\u00e0 non sono roba degli anni &#8217;70 e &#8217;80, periodo di apogeo del social-comunismo, ma risalgono a pochissimi anni fa; e, con tutta probabilit\u00e0, continuano anche oggi.<\/p>\n<p style=\"text-align: justify;\">\u00a0Scrive Kang: &#8220;\u2026Infine, se prima di entrare a Yodok potevo credere che l&#8217;essere umano fosse diverso dalle bestie, ora non mi era pi\u00f9 possibile pensarla cos\u00ec.\u00a0Nel campo non vi era alcuna differenza tra l&#8217;uomo e la bestia, al punto che i genitori, accecati dalla fame, potevano rubare il cibo ai loro bambini, e non sono certo che le bestie lo facciano. Ho visto molte persone morire in dieci anni. La loro morte non mi \u00e8 sembrata in alcun modo diversa da quella di un animale\u2026&#8221;<\/p>\n","protected":false},"excerpt":{"rendered":"<p>Articolo pubblicato su Il Corriere del Sud n. 3; 1 &#8211; 15 febbraio 2002 Una divisione transitoria che fin\u00ec con il cristallizzarsi La tragedia di un sopravvissuto all\u2019inferno della Corea del Nord di Roberto Cavallo<\/p><p><a class=\"more-link btn\" href=\"https:\/\/www.rassegnastampa-totustuus.it\/cattolica\/il-gulag-che-esiste-ancora\/\">Continua a leggere<\/a><\/p>\n","protected":false},"author":6,"featured_media":27877,"comment_status":"closed","ping_status":"open","sticky":false,"template":"","format":"standard","meta":{"footnotes":""},"categories":[32,71,108],"tags":[139,2397],"class_list":["post-871","post","type-post","status-publish","format-standard","has-post-thumbnail","hentry","category-filosofia-del-comunismo","category-corea-del-nord","category-paesi-e-continenti","tag-comunismo","tag-corea-del-nord","item-wrap"],"yoast_head":"<!-- This site is optimized with the Yoast SEO plugin v27.5 - https:\/\/yoast.com\/product\/yoast-seo-wordpress\/ -->\n<title>Il gulag che esiste ancora - Rassegna Stampa Cattolica<\/title>\n<meta name=\"description\" content=\"Rassegna Stampa Cattolica - Per una cultura che nasce dalla Rivelazione cristiana in conformit\u00e0 alla tradizione e al Magistero della Chiesa in opposizione ad ogni relativismo e totalitarismo\" \/>\n<meta name=\"robots\" content=\"index, follow, max-snippet:-1, max-image-preview:large, max-video-preview:-1\" \/>\n<link rel=\"canonical\" href=\"https:\/\/www.rassegnastampa-totustuus.it\/cattolica\/il-gulag-che-esiste-ancora\/\" \/>\n<meta property=\"og:locale\" content=\"it_IT\" \/>\n<meta property=\"og:type\" content=\"article\" \/>\n<meta property=\"og:title\" content=\"Il gulag che esiste ancora - Rassegna Stampa Cattolica\" \/>\n<meta property=\"og:description\" content=\"Rassegna Stampa Cattolica - Per una cultura che nasce dalla Rivelazione cristiana in conformit\u00e0 alla tradizione e al Magistero della Chiesa in opposizione ad ogni relativismo e totalitarismo\" \/>\n<meta property=\"og:url\" content=\"https:\/\/www.rassegnastampa-totustuus.it\/cattolica\/il-gulag-che-esiste-ancora\/\" \/>\n<meta property=\"og:site_name\" content=\"Rassegna Stampa Cattolica\" \/>\n<meta property=\"article:publisher\" content=\"https:\/\/www.facebook.com\/rassegnastampacattolica\" \/>\n<meta property=\"article:published_time\" content=\"2005-07-09T22:00:00+00:00\" \/>\n<meta property=\"article:modified_time\" content=\"2015-11-19T11:25:38+00:00\" \/>\n<meta property=\"og:image\" content=\"https:\/\/www.rassegnastampa-totustuus.it\/cattolica\/wp-content\/uploads\/2005\/07\/Kim-Il-Sung.jpg\" \/>\n\t<meta property=\"og:image:width\" content=\"259\" \/>\n\t<meta property=\"og:image:height\" content=\"194\" \/>\n\t<meta property=\"og:image:type\" content=\"image\/jpeg\" \/>\n<meta name=\"author\" content=\"Redazione\" \/>\n<meta name=\"twitter:card\" content=\"summary_large_image\" \/>\n<meta name=\"twitter:creator\" content=\"@rassegnastampa9\" \/>\n<meta name=\"twitter:site\" content=\"@rassegnastampa9\" \/>\n<meta name=\"twitter:label1\" content=\"Scritto da\" \/>\n\t<meta name=\"twitter:data1\" content=\"Redazione\" \/>\n\t<meta name=\"twitter:label2\" content=\"Tempo di lettura stimato\" \/>\n\t<meta name=\"twitter:data2\" content=\"5 minuti\" \/>\n<script type=\"application\/ld+json\" class=\"yoast-schema-graph\">{\"@context\":\"https:\\\/\\\/schema.org\",\"@graph\":[{\"@type\":\"Article\",\"@id\":\"https:\\\/\\\/www.rassegnastampa-totustuus.it\\\/cattolica\\\/il-gulag-che-esiste-ancora\\\/#article\",\"isPartOf\":{\"@id\":\"https:\\\/\\\/www.rassegnastampa-totustuus.it\\\/cattolica\\\/il-gulag-che-esiste-ancora\\\/\"},\"author\":{\"name\":\"Redazione\",\"@id\":\"https:\\\/\\\/www.rassegnastampa-totustuus.it\\\/cattolica\\\/#\\\/schema\\\/person\\\/08f319d2bd1a0904ad9e2bfb7b15e5c3\"},\"headline\":\"Il gulag che esiste ancora\",\"datePublished\":\"2005-07-09T22:00:00+00:00\",\"dateModified\":\"2015-11-19T11:25:38+00:00\",\"mainEntityOfPage\":{\"@id\":\"https:\\\/\\\/www.rassegnastampa-totustuus.it\\\/cattolica\\\/il-gulag-che-esiste-ancora\\\/\"},\"wordCount\":980,\"publisher\":{\"@id\":\"https:\\\/\\\/www.rassegnastampa-totustuus.it\\\/cattolica\\\/#organization\"},\"image\":{\"@id\":\"https:\\\/\\\/www.rassegnastampa-totustuus.it\\\/cattolica\\\/il-gulag-che-esiste-ancora\\\/#primaryimage\"},\"thumbnailUrl\":\"https:\\\/\\\/www.rassegnastampa-totustuus.it\\\/cattolica\\\/wp-content\\\/uploads\\\/2005\\\/07\\\/Kim-Il-Sung.jpg\",\"keywords\":[\"comunismo\",\"Corea del Nord\"],\"articleSection\":[\"Comunismo\",\"Corea del Nord\",\"Paesi e continenti\"],\"inLanguage\":\"it-IT\"},{\"@type\":\"WebPage\",\"@id\":\"https:\\\/\\\/www.rassegnastampa-totustuus.it\\\/cattolica\\\/il-gulag-che-esiste-ancora\\\/\",\"url\":\"https:\\\/\\\/www.rassegnastampa-totustuus.it\\\/cattolica\\\/il-gulag-che-esiste-ancora\\\/\",\"name\":\"Il gulag che esiste ancora - Rassegna Stampa Cattolica\",\"isPartOf\":{\"@id\":\"https:\\\/\\\/www.rassegnastampa-totustuus.it\\\/cattolica\\\/#website\"},\"primaryImageOfPage\":{\"@id\":\"https:\\\/\\\/www.rassegnastampa-totustuus.it\\\/cattolica\\\/il-gulag-che-esiste-ancora\\\/#primaryimage\"},\"image\":{\"@id\":\"https:\\\/\\\/www.rassegnastampa-totustuus.it\\\/cattolica\\\/il-gulag-che-esiste-ancora\\\/#primaryimage\"},\"thumbnailUrl\":\"https:\\\/\\\/www.rassegnastampa-totustuus.it\\\/cattolica\\\/wp-content\\\/uploads\\\/2005\\\/07\\\/Kim-Il-Sung.jpg\",\"datePublished\":\"2005-07-09T22:00:00+00:00\",\"dateModified\":\"2015-11-19T11:25:38+00:00\",\"description\":\"Rassegna Stampa Cattolica - Per una cultura che nasce dalla Rivelazione cristiana in conformit\u00e0 alla tradizione e al Magistero della Chiesa in opposizione ad ogni relativismo e totalitarismo\",\"breadcrumb\":{\"@id\":\"https:\\\/\\\/www.rassegnastampa-totustuus.it\\\/cattolica\\\/il-gulag-che-esiste-ancora\\\/#breadcrumb\"},\"inLanguage\":\"it-IT\",\"potentialAction\":[{\"@type\":\"ReadAction\",\"target\":[\"https:\\\/\\\/www.rassegnastampa-totustuus.it\\\/cattolica\\\/il-gulag-che-esiste-ancora\\\/\"]}]},{\"@type\":\"ImageObject\",\"inLanguage\":\"it-IT\",\"@id\":\"https:\\\/\\\/www.rassegnastampa-totustuus.it\\\/cattolica\\\/il-gulag-che-esiste-ancora\\\/#primaryimage\",\"url\":\"https:\\\/\\\/www.rassegnastampa-totustuus.it\\\/cattolica\\\/wp-content\\\/uploads\\\/2005\\\/07\\\/Kim-Il-Sung.jpg\",\"contentUrl\":\"https:\\\/\\\/www.rassegnastampa-totustuus.it\\\/cattolica\\\/wp-content\\\/uploads\\\/2005\\\/07\\\/Kim-Il-Sung.jpg\",\"width\":259,\"height\":194},{\"@type\":\"BreadcrumbList\",\"@id\":\"https:\\\/\\\/www.rassegnastampa-totustuus.it\\\/cattolica\\\/il-gulag-che-esiste-ancora\\\/#breadcrumb\",\"itemListElement\":[{\"@type\":\"ListItem\",\"position\":1,\"name\":\"Home\",\"item\":\"https:\\\/\\\/www.rassegnastampa-totustuus.it\\\/cattolica\\\/\"},{\"@type\":\"ListItem\",\"position\":2,\"name\":\"Il gulag che esiste ancora\"}]},{\"@type\":\"WebSite\",\"@id\":\"https:\\\/\\\/www.rassegnastampa-totustuus.it\\\/cattolica\\\/#website\",\"url\":\"https:\\\/\\\/www.rassegnastampa-totustuus.it\\\/cattolica\\\/\",\"name\":\"Rassegna Stampa Cattolica\",\"description\":\"Per una cultura che nasce dalla Rivelazione cristiana in conformit\u00e0 alla tradizione e al Magistero della Chiesa in opposizione ad ogni relativismo e totalitarismo\",\"publisher\":{\"@id\":\"https:\\\/\\\/www.rassegnastampa-totustuus.it\\\/cattolica\\\/#organization\"},\"alternateName\":\"Rass. Cattolica\",\"potentialAction\":[{\"@type\":\"SearchAction\",\"target\":{\"@type\":\"EntryPoint\",\"urlTemplate\":\"https:\\\/\\\/www.rassegnastampa-totustuus.it\\\/cattolica\\\/?s={search_term_string}\"},\"query-input\":{\"@type\":\"PropertyValueSpecification\",\"valueRequired\":true,\"valueName\":\"search_term_string\"}}],\"inLanguage\":\"it-IT\"},{\"@type\":\"Organization\",\"@id\":\"https:\\\/\\\/www.rassegnastampa-totustuus.it\\\/cattolica\\\/#organization\",\"name\":\"Rassegna Stampa Cattolica\",\"url\":\"https:\\\/\\\/www.rassegnastampa-totustuus.it\\\/cattolica\\\/\",\"logo\":{\"@type\":\"ImageObject\",\"inLanguage\":\"it-IT\",\"@id\":\"https:\\\/\\\/www.rassegnastampa-totustuus.it\\\/cattolica\\\/#\\\/schema\\\/logo\\\/image\\\/\",\"url\":\"https:\\\/\\\/www.rassegnastampa-totustuus.it\\\/cattolica\\\/wp-content\\\/uploads\\\/2014\\\/04\\\/logo-rassegna1.gif\",\"contentUrl\":\"https:\\\/\\\/www.rassegnastampa-totustuus.it\\\/cattolica\\\/wp-content\\\/uploads\\\/2014\\\/04\\\/logo-rassegna1.gif\",\"width\":600,\"height\":163,\"caption\":\"Rassegna Stampa Cattolica\"},\"image\":{\"@id\":\"https:\\\/\\\/www.rassegnastampa-totustuus.it\\\/cattolica\\\/#\\\/schema\\\/logo\\\/image\\\/\"},\"sameAs\":[\"https:\\\/\\\/www.facebook.com\\\/rassegnastampacattolica\",\"https:\\\/\\\/x.com\\\/rassegnastampa9\"]},{\"@type\":\"Person\",\"@id\":\"https:\\\/\\\/www.rassegnastampa-totustuus.it\\\/cattolica\\\/#\\\/schema\\\/person\\\/08f319d2bd1a0904ad9e2bfb7b15e5c3\",\"name\":\"Redazione\",\"image\":{\"@type\":\"ImageObject\",\"inLanguage\":\"it-IT\",\"@id\":\"https:\\\/\\\/secure.gravatar.com\\\/avatar\\\/2fcdf27c78ea025fbdb44e914cc63c72249ffec9dc8aafd5c82b26240ef3f346?s=96&d=mm&r=g\",\"url\":\"https:\\\/\\\/secure.gravatar.com\\\/avatar\\\/2fcdf27c78ea025fbdb44e914cc63c72249ffec9dc8aafd5c82b26240ef3f346?s=96&d=mm&r=g\",\"contentUrl\":\"https:\\\/\\\/secure.gravatar.com\\\/avatar\\\/2fcdf27c78ea025fbdb44e914cc63c72249ffec9dc8aafd5c82b26240ef3f346?s=96&d=mm&r=g\",\"caption\":\"Redazione\"},\"url\":\"https:\\\/\\\/www.rassegnastampa-totustuus.it\\\/cattolica\\\/author\\\/pietroelle\\\/\"}]}<\/script>\n<!-- \/ Yoast SEO plugin. -->","yoast_head_json":{"title":"Il gulag che esiste ancora - Rassegna Stampa Cattolica","description":"Rassegna Stampa Cattolica - Per una cultura che nasce dalla Rivelazione cristiana in conformit\u00e0 alla tradizione e al Magistero della Chiesa in opposizione ad ogni relativismo e totalitarismo","robots":{"index":"index","follow":"follow","max-snippet":"max-snippet:-1","max-image-preview":"max-image-preview:large","max-video-preview":"max-video-preview:-1"},"canonical":"https:\/\/www.rassegnastampa-totustuus.it\/cattolica\/il-gulag-che-esiste-ancora\/","og_locale":"it_IT","og_type":"article","og_title":"Il gulag che esiste ancora - Rassegna Stampa Cattolica","og_description":"Rassegna Stampa Cattolica - Per una cultura che nasce dalla Rivelazione cristiana in conformit\u00e0 alla tradizione e al Magistero della Chiesa in opposizione ad ogni relativismo e totalitarismo","og_url":"https:\/\/www.rassegnastampa-totustuus.it\/cattolica\/il-gulag-che-esiste-ancora\/","og_site_name":"Rassegna Stampa Cattolica","article_publisher":"https:\/\/www.facebook.com\/rassegnastampacattolica","article_published_time":"2005-07-09T22:00:00+00:00","article_modified_time":"2015-11-19T11:25:38+00:00","og_image":[{"width":259,"height":194,"url":"https:\/\/www.rassegnastampa-totustuus.it\/cattolica\/wp-content\/uploads\/2005\/07\/Kim-Il-Sung.jpg","type":"image\/jpeg"}],"author":"Redazione","twitter_card":"summary_large_image","twitter_creator":"@rassegnastampa9","twitter_site":"@rassegnastampa9","twitter_misc":{"Scritto da":"Redazione","Tempo di lettura stimato":"5 minuti"},"schema":{"@context":"https:\/\/schema.org","@graph":[{"@type":"Article","@id":"https:\/\/www.rassegnastampa-totustuus.it\/cattolica\/il-gulag-che-esiste-ancora\/#article","isPartOf":{"@id":"https:\/\/www.rassegnastampa-totustuus.it\/cattolica\/il-gulag-che-esiste-ancora\/"},"author":{"name":"Redazione","@id":"https:\/\/www.rassegnastampa-totustuus.it\/cattolica\/#\/schema\/person\/08f319d2bd1a0904ad9e2bfb7b15e5c3"},"headline":"Il gulag che esiste ancora","datePublished":"2005-07-09T22:00:00+00:00","dateModified":"2015-11-19T11:25:38+00:00","mainEntityOfPage":{"@id":"https:\/\/www.rassegnastampa-totustuus.it\/cattolica\/il-gulag-che-esiste-ancora\/"},"wordCount":980,"publisher":{"@id":"https:\/\/www.rassegnastampa-totustuus.it\/cattolica\/#organization"},"image":{"@id":"https:\/\/www.rassegnastampa-totustuus.it\/cattolica\/il-gulag-che-esiste-ancora\/#primaryimage"},"thumbnailUrl":"https:\/\/www.rassegnastampa-totustuus.it\/cattolica\/wp-content\/uploads\/2005\/07\/Kim-Il-Sung.jpg","keywords":["comunismo","Corea del Nord"],"articleSection":["Comunismo","Corea del Nord","Paesi e continenti"],"inLanguage":"it-IT"},{"@type":"WebPage","@id":"https:\/\/www.rassegnastampa-totustuus.it\/cattolica\/il-gulag-che-esiste-ancora\/","url":"https:\/\/www.rassegnastampa-totustuus.it\/cattolica\/il-gulag-che-esiste-ancora\/","name":"Il gulag che esiste ancora - Rassegna Stampa Cattolica","isPartOf":{"@id":"https:\/\/www.rassegnastampa-totustuus.it\/cattolica\/#website"},"primaryImageOfPage":{"@id":"https:\/\/www.rassegnastampa-totustuus.it\/cattolica\/il-gulag-che-esiste-ancora\/#primaryimage"},"image":{"@id":"https:\/\/www.rassegnastampa-totustuus.it\/cattolica\/il-gulag-che-esiste-ancora\/#primaryimage"},"thumbnailUrl":"https:\/\/www.rassegnastampa-totustuus.it\/cattolica\/wp-content\/uploads\/2005\/07\/Kim-Il-Sung.jpg","datePublished":"2005-07-09T22:00:00+00:00","dateModified":"2015-11-19T11:25:38+00:00","description":"Rassegna Stampa Cattolica - Per una cultura che nasce dalla Rivelazione cristiana in conformit\u00e0 alla tradizione e al Magistero della Chiesa in opposizione ad ogni relativismo e totalitarismo","breadcrumb":{"@id":"https:\/\/www.rassegnastampa-totustuus.it\/cattolica\/il-gulag-che-esiste-ancora\/#breadcrumb"},"inLanguage":"it-IT","potentialAction":[{"@type":"ReadAction","target":["https:\/\/www.rassegnastampa-totustuus.it\/cattolica\/il-gulag-che-esiste-ancora\/"]}]},{"@type":"ImageObject","inLanguage":"it-IT","@id":"https:\/\/www.rassegnastampa-totustuus.it\/cattolica\/il-gulag-che-esiste-ancora\/#primaryimage","url":"https:\/\/www.rassegnastampa-totustuus.it\/cattolica\/wp-content\/uploads\/2005\/07\/Kim-Il-Sung.jpg","contentUrl":"https:\/\/www.rassegnastampa-totustuus.it\/cattolica\/wp-content\/uploads\/2005\/07\/Kim-Il-Sung.jpg","width":259,"height":194},{"@type":"BreadcrumbList","@id":"https:\/\/www.rassegnastampa-totustuus.it\/cattolica\/il-gulag-che-esiste-ancora\/#breadcrumb","itemListElement":[{"@type":"ListItem","position":1,"name":"Home","item":"https:\/\/www.rassegnastampa-totustuus.it\/cattolica\/"},{"@type":"ListItem","position":2,"name":"Il gulag che esiste ancora"}]},{"@type":"WebSite","@id":"https:\/\/www.rassegnastampa-totustuus.it\/cattolica\/#website","url":"https:\/\/www.rassegnastampa-totustuus.it\/cattolica\/","name":"Rassegna Stampa Cattolica","description":"Per una cultura che nasce dalla Rivelazione cristiana in conformit\u00e0 alla tradizione e al Magistero della Chiesa in opposizione ad ogni relativismo e totalitarismo","publisher":{"@id":"https:\/\/www.rassegnastampa-totustuus.it\/cattolica\/#organization"},"alternateName":"Rass. Cattolica","potentialAction":[{"@type":"SearchAction","target":{"@type":"EntryPoint","urlTemplate":"https:\/\/www.rassegnastampa-totustuus.it\/cattolica\/?s={search_term_string}"},"query-input":{"@type":"PropertyValueSpecification","valueRequired":true,"valueName":"search_term_string"}}],"inLanguage":"it-IT"},{"@type":"Organization","@id":"https:\/\/www.rassegnastampa-totustuus.it\/cattolica\/#organization","name":"Rassegna Stampa Cattolica","url":"https:\/\/www.rassegnastampa-totustuus.it\/cattolica\/","logo":{"@type":"ImageObject","inLanguage":"it-IT","@id":"https:\/\/www.rassegnastampa-totustuus.it\/cattolica\/#\/schema\/logo\/image\/","url":"https:\/\/www.rassegnastampa-totustuus.it\/cattolica\/wp-content\/uploads\/2014\/04\/logo-rassegna1.gif","contentUrl":"https:\/\/www.rassegnastampa-totustuus.it\/cattolica\/wp-content\/uploads\/2014\/04\/logo-rassegna1.gif","width":600,"height":163,"caption":"Rassegna Stampa Cattolica"},"image":{"@id":"https:\/\/www.rassegnastampa-totustuus.it\/cattolica\/#\/schema\/logo\/image\/"},"sameAs":["https:\/\/www.facebook.com\/rassegnastampacattolica","https:\/\/x.com\/rassegnastampa9"]},{"@type":"Person","@id":"https:\/\/www.rassegnastampa-totustuus.it\/cattolica\/#\/schema\/person\/08f319d2bd1a0904ad9e2bfb7b15e5c3","name":"Redazione","image":{"@type":"ImageObject","inLanguage":"it-IT","@id":"https:\/\/secure.gravatar.com\/avatar\/2fcdf27c78ea025fbdb44e914cc63c72249ffec9dc8aafd5c82b26240ef3f346?s=96&d=mm&r=g","url":"https:\/\/secure.gravatar.com\/avatar\/2fcdf27c78ea025fbdb44e914cc63c72249ffec9dc8aafd5c82b26240ef3f346?s=96&d=mm&r=g","contentUrl":"https:\/\/secure.gravatar.com\/avatar\/2fcdf27c78ea025fbdb44e914cc63c72249ffec9dc8aafd5c82b26240ef3f346?s=96&d=mm&r=g","caption":"Redazione"},"url":"https:\/\/www.rassegnastampa-totustuus.it\/cattolica\/author\/pietroelle\/"}]}},"_links":{"self":[{"href":"https:\/\/www.rassegnastampa-totustuus.it\/cattolica\/wp-json\/wp\/v2\/posts\/871","targetHints":{"allow":["GET"]}}],"collection":[{"href":"https:\/\/www.rassegnastampa-totustuus.it\/cattolica\/wp-json\/wp\/v2\/posts"}],"about":[{"href":"https:\/\/www.rassegnastampa-totustuus.it\/cattolica\/wp-json\/wp\/v2\/types\/post"}],"author":[{"embeddable":true,"href":"https:\/\/www.rassegnastampa-totustuus.it\/cattolica\/wp-json\/wp\/v2\/users\/6"}],"replies":[{"embeddable":true,"href":"https:\/\/www.rassegnastampa-totustuus.it\/cattolica\/wp-json\/wp\/v2\/comments?post=871"}],"version-history":[{"count":4,"href":"https:\/\/www.rassegnastampa-totustuus.it\/cattolica\/wp-json\/wp\/v2\/posts\/871\/revisions"}],"predecessor-version":[{"id":27878,"href":"https:\/\/www.rassegnastampa-totustuus.it\/cattolica\/wp-json\/wp\/v2\/posts\/871\/revisions\/27878"}],"wp:featuredmedia":[{"embeddable":true,"href":"https:\/\/www.rassegnastampa-totustuus.it\/cattolica\/wp-json\/wp\/v2\/media\/27877"}],"wp:attachment":[{"href":"https:\/\/www.rassegnastampa-totustuus.it\/cattolica\/wp-json\/wp\/v2\/media?parent=871"}],"wp:term":[{"taxonomy":"category","embeddable":true,"href":"https:\/\/www.rassegnastampa-totustuus.it\/cattolica\/wp-json\/wp\/v2\/categories?post=871"},{"taxonomy":"post_tag","embeddable":true,"href":"https:\/\/www.rassegnastampa-totustuus.it\/cattolica\/wp-json\/wp\/v2\/tags?post=871"}],"curies":[{"name":"wp","href":"https:\/\/api.w.org\/{rel}","templated":true}]}}