{"id":863,"date":"2005-07-10T00:00:00","date_gmt":"2005-07-09T22:00:00","guid":{"rendered":""},"modified":"2015-12-21T16:47:29","modified_gmt":"2015-12-21T15:47:29","slug":"il-partito-comunista-in-difficolt-crescita-rapidissima-ma-incontrollata","status":"publish","type":"post","link":"https:\/\/www.rassegnastampa-totustuus.it\/cattolica\/il-partito-comunista-in-difficolt-crescita-rapidissima-ma-incontrollata\/","title":{"rendered":"Il Partito comunista in difficolt&agrave;: crescita rapidissima ma incontrollata"},"content":{"rendered":"<div style=\"text-align: center;\"><a href=\"https:\/\/www.rassegnastampa-totustuus.it\/cattolica\/wp-content\/uploads\/2005\/07\/esercito-Cina.jpg\"><img loading=\"lazy\" decoding=\"async\" class=\"alignleft wp-image-29034\" src=\"https:\/\/www.rassegnastampa-totustuus.it\/cattolica\/wp-content\/uploads\/2005\/07\/esercito-Cina.jpg\" alt=\"esercito Cina\" width=\"250\" height=\"182\" \/><\/a>pubblicato su <strong>il Corriere della Sera<\/strong><\/div>\n<div style=\"text-align: center;\">del 13 luglio 2004<\/div>\n<p style=\"text-align: justify;\"><em>L\u2019esercito di Pechino tentato dalla democrazia tra corsa agli armamenti e boom economico<\/em><\/p>\n<p style=\"text-align: center;\">di <strong>Francesco Giavazzi<\/strong><\/p>\n<p><!--more--><\/p>\n<div style=\"text-align: justify;\">PECHINO &#8211; Una barca veloce, che ha issato lo spinnaker , corre sul mare, ma ha perduto la deriva. Questa \u00e8 la prima immagine della Cina del XXI secolo, superficiale ma non ingiustificata. La deriva tradizionale, il Partito comunista, non \u00e8 pi\u00f9 in grado di controllare il Paese: troppo mercato, troppe province ricche e potenti che mal sopportano gli ordini di Pechino, ma soprattutto un partito che, dopo la morte dell\u2019ultimo Imperatore, Deng Xiaoping, per decidere deve ogni volta costruire un ampio consenso, con tempi lunghissimi che sempre pi\u00f9 stridono con i ritmi dell\u2019economia.<\/div>\n<p style=\"text-align: justify;\">Ma la deriva tradizionale non \u00e8 neppure stata sostituita da una deriva moderna: chiari diritti di propriet\u00e0, un sistema giudiziario che li protegga e riesca a tenere a bada la corruzione, insomma le regole che, spesso a fatica, sostengono una moderna economia di mercato. Il risultato, una crescita rapidissima ma incontrollata, con molta corruzione, nessun rispetto per l\u2019ambiente, poco per i diritti umani, anche quelli dei lavoratori.<\/p>\n<p style=\"text-align: justify;\">In realt\u00e0 una deriva esiste ancora, la stessa che nel 1949, dopo quarant\u2019anni di guerre civili, unific\u00f2 la Cina, port\u00f2 il Partito comunista al potere e negli anni 70 lo salv\u00f2 dal tunnel della rivoluzione culturale. Quella deriva \u00e8 l\u2019 Elp , l\u2019esercito di liberazione del popolo.<\/p>\n<p style=\"text-align: justify;\">Ma mentre in tutte le dittature il problema della transizione alla democrazia \u00e8 come acquisire il consenso delle forze armate, in Cina potrebbero essere proprio le \u00e9lites militari a dare il via alla transizione.<\/p>\n<p style=\"text-align: justify;\">In uno dei classici della giovane letteratura cinese post anni 70 ( Un villaggio di nome Hibiscus , di Gu Hua) il personaggio centrale, colui cui spetta il compito di dimostrare gli errori compiuti durante la rivoluzione culturale, \u00e8 un soldato dell\u2019 Elp : sceso dal Nord con la lunga marcia di Mao si \u00e8 fermato in un piccolo villaggio fra i monti dell\u2019Hunan. Durante la rivoluzione culturale, quando il partito sembra aver perduto il senso della dignit\u00e0 umana, il soldato Gu Yanshan \u00e8 l\u2019unico a non perderla, cos\u00ec come il piccolo ospedale locale dell\u2019 Elp rimane un\u2019oasi felice ed efficiente in una societ\u00e0 che sta andando a rotoli.<\/p>\n<p style=\"text-align: justify;\">I libri in Cina non sono mai pubblicati per caso e il messaggio \u00e8 fin troppo chiaro: il partito pu\u00f2 sbagliare, e spesso lo fa, ma il vero filo conduttore della rivoluzione cinese \u00e8 l\u2019Elp.<\/p>\n<p style=\"text-align: justify;\">Quando Deng Xiaoping ritorna al potere, alla fine degli anni 70, egli sceglie i suoi collaboratori tra gli ufficiali della provincia di Youjiang che comandava ai tempi della lunga marcia; dieci anni pi\u00f9 tardi abbandona ogni carica, ma non la presidenza della Commissione militare del partito, e da quell\u2019ufficio, fino alla sua morte, continuarono a passare tutte le decisioni importanti. Lo stesso fa il suo successore, Jiang Zemin: nel 2002 anch\u2019egli abbandona ogni carica ma chiede per s\u00e9 il posto che fu di Deng e da l\u00ec continua ad essere il membro pi\u00f9 influente della leadership cinese.<\/p>\n<p style=\"text-align: justify;\">Il rapporto tra la questione della democrazia e il ruolo dell\u2019 Elp \u00e8 il nodo dal quale dipende il futuro della Cina. Innanzitutto perch\u00e9 vi \u00e8 il problema interno dell\u2019unit\u00e0 del Paese: il Tibet, lo Xinjiang, la pi\u00f9 grande provincia cinese, con una popolazione perlopi\u00f9 musulmana, e Taiwan, che i cinesi continuano a ritenere un problema \u00abinterno\u00bb, sono tre province con forti spinte separatiste, sebbene solo Taiwan formalmente separata: insieme coprono un quinto del territorio nazionale. In Tibet e in Xinjiang l\u2019unit\u00e0 nazionale dipende dalla presenza dell\u2019Elp, e forse cos\u00ec sar\u00e0 a Hong Kong, dopo che Pechino ha detto no alla richiesta di libere elezioni. Ma la forza dell\u2019esercito \u00e8 determinante anche nella questione di Taiwan.<\/p>\n<p style=\"text-align: justify;\">Un\u2019interpretazione inconsueta della crescita cinese, ma che riflette il pensiero della potente Commissione militare, \u00e8 che il maggior beneficio del successo economico non sia l\u2019aver tolto milioni di cinesi dalla povert\u00e0, bens\u00ec aver reso possibile il rafforzamento dell\u2019apparato militare. \u00abL\u2019Unione Sovietica \u00e8 finita nel momento in cui \u00e8 iniziato il suo declino economico e non \u00e8 stata pi\u00f9 in grado di far fronte all\u2019accelerazione delle spese militari degli Stati Uniti\u00bb, mi dice un alto ufficiale dell\u2019 Elp .<\/p>\n<p style=\"text-align: justify;\">\u00c8 per questo motivo che l\u2019\u00e9lite militare oggi appoggia incondizionatamente la liberalizzazione dell\u2019economia. E tuttavia, come dice il direttore dell\u2019Istituto italiano di cultura a Pechino Francesco Sisci, \u00abquesta visione dei rapporti fra successo economico e forza militare d\u00e0 luogo al cosiddetto &#8220;paradosso di Taiwan&#8221;\u00bb.<\/p>\n<p style=\"text-align: justify;\">La Cina deve aprire l\u2019economia perch\u00e9 solo cos\u00ec pu\u00f2 crescere, rafforzarsi militarmente e cos\u00ec mantenere aperta l\u2019opzione della riunificazione con Taiwan. E tuttavia, se Taiwan dichiarasse formalmente l\u2019indipendenza, e la Repubblica Popolare fosse davvero costretta a intervenire militarmente, lo shock sarebbe tale, soprattutto negli Stati Uniti, da imporre una brusca inversione al processo di liberalizzazione dell\u2019economia.<\/p>\n<p style=\"text-align: justify;\">Oltre al problema di salvaguardare l\u2019unit\u00e0 nazionale, l\u2019 Elp ha compiti regionali sempre pi\u00f9 importanti. Impegnati nel Medio Oriente, oggi gli Stati Uniti hanno meno tempo e meno forze da impiegare nel Sud-Est dell\u2019Asia, come dimostra la recente riduzione del numero di militari americani dislocati nel Sud Corea. La stabilit\u00e0 della regione, e in particolare del Mare della Cina del Sud, attraverso il quale transita gran parte del petrolio consumato in Cina, Corea e Giappone, dipende quindi dalla forza militare dell\u2019 Elp .<\/p>\n<p style=\"text-align: justify;\">Ma il vero problema \u00e8 la Corea del Nord che, diversamente dall\u2019Iraq, non solo possiede armi nucleari ma, come disse un ambasciatore americano, ha la \u00abdeterminazione intellettuale ad usarle\u00bb. Dopo avere fatto per qualche tempo la voce grossa, l\u2019amministrazione Bush \u00e8 ora tornata al punto cui erano arrivati Bill Clinton e Madeleine Albright: il mese scorso Washington ha accettato di riaprire il dialogo con i nordcoreani a Pechino e ha offerto aiuti in cambio della promessa di smantellare le installazioni per il lancio di missili con testate nucleari.<\/p>\n<p style=\"text-align: justify;\">Il ruolo di Pechino nella trattativa con Pyongyang \u00e8 cruciale perch\u00e9 la Cina \u00e8 l\u2019unica finestra che quel Paese mantiene aperta sul mondo. Quanto importante sia la benevolenza dei cinesi essi lo hanno fatto discretamente capire un anno fa: per tre giorni, con la scusa di un guasto meccanico, hanno sospeso le forniture di petrolio a Pyongyang dimostrando che il Paese non sopravvivrebbe alla chiusura di quell\u2019ultima finestra. Ma l\u2019equilibrio \u00e8 delicato perch\u00e9 nessuno sa se, messi alle strette, i nordcoreani diverrebbero pi\u00f9 arrendevoli oppure lancerebbero qualche missile.<\/p>\n<p style=\"text-align: justify;\">In un libro pubblicato qualche mese fa dalla Columbia University Press, China\u2019s Democratic Future , Bruce Gilley discute il ruolo dell\u2019\u00e9lite militare cinese nella transizione alla democrazia, osservando che molti ufficiali oggi ritengono che l\u2019efficienza delle forze armate e la possibilit\u00e0 che esse facciano fronte ai loro compiti richieda una chiara separazione tra l\u2019 Elp e la politica.<\/p>\n<p style=\"text-align: justify;\">Ma questa non \u00e8 possibile finch\u00e9 partito e governo rimarranno sovrapposti, perch\u00e9 troppo stretto \u00e8 il legame storico tra Elp e partito. Vi sono due vie d\u2019uscita: la prima, improbabile, \u00e8 un regime alla Putin controllato direttamente o indirettamente dall\u2019Elp. L\u2019alternativa \u00e8 la transizione alla democrazia. Una transizione che non nascer\u00e0 dal basso, dagli esperimenti democratici nei villaggi e nelle piccole citt\u00e0, ma sar\u00e0 guidata dall\u2019alto, con grande attenzione all\u2019unit\u00e0 del Paese.<\/p>\n<p style=\"text-align: justify;\">Forse siamo prossimi alla chiusura del cerchio. Potrebbero essere proprio le \u00e9lites militari, sotto la pressione della sicurezza interna e delle nuove responsabilit\u00e0 regionali della Cina, a spingere il Paese verso la democrazia.<\/p>\n","protected":false},"excerpt":{"rendered":"<p>pubblicato su il Corriere della Sera del 13 luglio 2004 L\u2019esercito di Pechino tentato dalla democrazia tra corsa agli armamenti e boom economico di Francesco Giavazzi<\/p><p><a class=\"more-link btn\" href=\"https:\/\/www.rassegnastampa-totustuus.it\/cattolica\/il-partito-comunista-in-difficolt-crescita-rapidissima-ma-incontrollata\/\">Continua a leggere<\/a><\/p>\n","protected":false},"author":6,"featured_media":29034,"comment_status":"closed","ping_status":"open","sticky":false,"template":"","format":"standard","meta":{"footnotes":""},"categories":[56,32,108],"tags":[2395,139],"class_list":["post-863","post","type-post","status-publish","format-standard","has-post-thumbnail","hentry","category-cina","category-filosofia-del-comunismo","category-paesi-e-continenti","tag-cina","tag-comunismo","item-wrap"],"yoast_head":"<!-- This site is optimized with the Yoast SEO plugin v27.5 - https:\/\/yoast.com\/product\/yoast-seo-wordpress\/ -->\n<title>Il Partito comunista in difficolt&agrave;: crescita rapidissima ma incontrollata - Rassegna Stampa Cattolica<\/title>\n<meta name=\"description\" content=\"Rassegna Stampa Cattolica - Per una cultura che nasce dalla Rivelazione cristiana in conformit\u00e0 alla tradizione e al Magistero della Chiesa in opposizione ad ogni relativismo e totalitarismo\" \/>\n<meta name=\"robots\" content=\"index, follow, max-snippet:-1, max-image-preview:large, max-video-preview:-1\" \/>\n<link rel=\"canonical\" href=\"https:\/\/www.rassegnastampa-totustuus.it\/cattolica\/il-partito-comunista-in-difficolt-crescita-rapidissima-ma-incontrollata\/\" \/>\n<meta property=\"og:locale\" content=\"it_IT\" \/>\n<meta property=\"og:type\" content=\"article\" \/>\n<meta property=\"og:title\" content=\"Il Partito comunista in difficolt&agrave;: crescita rapidissima ma incontrollata - Rassegna Stampa Cattolica\" \/>\n<meta property=\"og:description\" content=\"Rassegna Stampa Cattolica - Per una cultura che nasce dalla Rivelazione cristiana in conformit\u00e0 alla tradizione e al Magistero della Chiesa in opposizione ad ogni relativismo e totalitarismo\" \/>\n<meta property=\"og:url\" content=\"https:\/\/www.rassegnastampa-totustuus.it\/cattolica\/il-partito-comunista-in-difficolt-crescita-rapidissima-ma-incontrollata\/\" \/>\n<meta property=\"og:site_name\" content=\"Rassegna Stampa Cattolica\" \/>\n<meta property=\"article:publisher\" content=\"https:\/\/www.facebook.com\/rassegnastampacattolica\" \/>\n<meta property=\"article:published_time\" content=\"2005-07-09T22:00:00+00:00\" \/>\n<meta property=\"article:modified_time\" content=\"2015-12-21T15:47:29+00:00\" \/>\n<meta property=\"og:image\" content=\"https:\/\/www.rassegnastampa-totustuus.it\/cattolica\/wp-content\/uploads\/2005\/07\/esercito-Cina.jpg\" \/>\n\t<meta property=\"og:image:width\" content=\"263\" \/>\n\t<meta property=\"og:image:height\" content=\"191\" \/>\n\t<meta property=\"og:image:type\" content=\"image\/jpeg\" \/>\n<meta name=\"author\" content=\"Redazione\" \/>\n<meta name=\"twitter:card\" content=\"summary_large_image\" \/>\n<meta name=\"twitter:creator\" content=\"@rassegnastampa9\" \/>\n<meta name=\"twitter:site\" content=\"@rassegnastampa9\" \/>\n<meta name=\"twitter:label1\" content=\"Scritto da\" \/>\n\t<meta name=\"twitter:data1\" content=\"Redazione\" \/>\n\t<meta name=\"twitter:label2\" content=\"Tempo di lettura stimato\" \/>\n\t<meta name=\"twitter:data2\" content=\"6 minuti\" \/>\n<script type=\"application\/ld+json\" class=\"yoast-schema-graph\">{\"@context\":\"https:\\\/\\\/schema.org\",\"@graph\":[{\"@type\":\"Article\",\"@id\":\"https:\\\/\\\/www.rassegnastampa-totustuus.it\\\/cattolica\\\/il-partito-comunista-in-difficolt-crescita-rapidissima-ma-incontrollata\\\/#article\",\"isPartOf\":{\"@id\":\"https:\\\/\\\/www.rassegnastampa-totustuus.it\\\/cattolica\\\/il-partito-comunista-in-difficolt-crescita-rapidissima-ma-incontrollata\\\/\"},\"author\":{\"name\":\"Redazione\",\"@id\":\"https:\\\/\\\/www.rassegnastampa-totustuus.it\\\/cattolica\\\/#\\\/schema\\\/person\\\/08f319d2bd1a0904ad9e2bfb7b15e5c3\"},\"headline\":\"Il Partito comunista in difficolt&agrave;: crescita rapidissima ma incontrollata\",\"datePublished\":\"2005-07-09T22:00:00+00:00\",\"dateModified\":\"2015-12-21T15:47:29+00:00\",\"mainEntityOfPage\":{\"@id\":\"https:\\\/\\\/www.rassegnastampa-totustuus.it\\\/cattolica\\\/il-partito-comunista-in-difficolt-crescita-rapidissima-ma-incontrollata\\\/\"},\"wordCount\":1236,\"publisher\":{\"@id\":\"https:\\\/\\\/www.rassegnastampa-totustuus.it\\\/cattolica\\\/#organization\"},\"image\":{\"@id\":\"https:\\\/\\\/www.rassegnastampa-totustuus.it\\\/cattolica\\\/il-partito-comunista-in-difficolt-crescita-rapidissima-ma-incontrollata\\\/#primaryimage\"},\"thumbnailUrl\":\"https:\\\/\\\/www.rassegnastampa-totustuus.it\\\/cattolica\\\/wp-content\\\/uploads\\\/2005\\\/07\\\/esercito-Cina.jpg\",\"keywords\":[\"Cina\",\"comunismo\"],\"articleSection\":[\"Cina\",\"Comunismo\",\"Paesi e continenti\"],\"inLanguage\":\"it-IT\"},{\"@type\":\"WebPage\",\"@id\":\"https:\\\/\\\/www.rassegnastampa-totustuus.it\\\/cattolica\\\/il-partito-comunista-in-difficolt-crescita-rapidissima-ma-incontrollata\\\/\",\"url\":\"https:\\\/\\\/www.rassegnastampa-totustuus.it\\\/cattolica\\\/il-partito-comunista-in-difficolt-crescita-rapidissima-ma-incontrollata\\\/\",\"name\":\"Il Partito comunista in difficolt&agrave;: crescita rapidissima ma incontrollata - Rassegna Stampa Cattolica\",\"isPartOf\":{\"@id\":\"https:\\\/\\\/www.rassegnastampa-totustuus.it\\\/cattolica\\\/#website\"},\"primaryImageOfPage\":{\"@id\":\"https:\\\/\\\/www.rassegnastampa-totustuus.it\\\/cattolica\\\/il-partito-comunista-in-difficolt-crescita-rapidissima-ma-incontrollata\\\/#primaryimage\"},\"image\":{\"@id\":\"https:\\\/\\\/www.rassegnastampa-totustuus.it\\\/cattolica\\\/il-partito-comunista-in-difficolt-crescita-rapidissima-ma-incontrollata\\\/#primaryimage\"},\"thumbnailUrl\":\"https:\\\/\\\/www.rassegnastampa-totustuus.it\\\/cattolica\\\/wp-content\\\/uploads\\\/2005\\\/07\\\/esercito-Cina.jpg\",\"datePublished\":\"2005-07-09T22:00:00+00:00\",\"dateModified\":\"2015-12-21T15:47:29+00:00\",\"description\":\"Rassegna Stampa Cattolica - Per una cultura che nasce dalla Rivelazione cristiana in conformit\u00e0 alla tradizione e al Magistero della Chiesa in opposizione ad ogni relativismo e totalitarismo\",\"breadcrumb\":{\"@id\":\"https:\\\/\\\/www.rassegnastampa-totustuus.it\\\/cattolica\\\/il-partito-comunista-in-difficolt-crescita-rapidissima-ma-incontrollata\\\/#breadcrumb\"},\"inLanguage\":\"it-IT\",\"potentialAction\":[{\"@type\":\"ReadAction\",\"target\":[\"https:\\\/\\\/www.rassegnastampa-totustuus.it\\\/cattolica\\\/il-partito-comunista-in-difficolt-crescita-rapidissima-ma-incontrollata\\\/\"]}]},{\"@type\":\"ImageObject\",\"inLanguage\":\"it-IT\",\"@id\":\"https:\\\/\\\/www.rassegnastampa-totustuus.it\\\/cattolica\\\/il-partito-comunista-in-difficolt-crescita-rapidissima-ma-incontrollata\\\/#primaryimage\",\"url\":\"https:\\\/\\\/www.rassegnastampa-totustuus.it\\\/cattolica\\\/wp-content\\\/uploads\\\/2005\\\/07\\\/esercito-Cina.jpg\",\"contentUrl\":\"https:\\\/\\\/www.rassegnastampa-totustuus.it\\\/cattolica\\\/wp-content\\\/uploads\\\/2005\\\/07\\\/esercito-Cina.jpg\",\"width\":263,\"height\":191},{\"@type\":\"BreadcrumbList\",\"@id\":\"https:\\\/\\\/www.rassegnastampa-totustuus.it\\\/cattolica\\\/il-partito-comunista-in-difficolt-crescita-rapidissima-ma-incontrollata\\\/#breadcrumb\",\"itemListElement\":[{\"@type\":\"ListItem\",\"position\":1,\"name\":\"Home\",\"item\":\"https:\\\/\\\/www.rassegnastampa-totustuus.it\\\/cattolica\\\/\"},{\"@type\":\"ListItem\",\"position\":2,\"name\":\"Il Partito comunista in difficolt&agrave;: crescita rapidissima ma incontrollata\"}]},{\"@type\":\"WebSite\",\"@id\":\"https:\\\/\\\/www.rassegnastampa-totustuus.it\\\/cattolica\\\/#website\",\"url\":\"https:\\\/\\\/www.rassegnastampa-totustuus.it\\\/cattolica\\\/\",\"name\":\"Rassegna Stampa Cattolica\",\"description\":\"Per una cultura che nasce dalla Rivelazione cristiana in conformit\u00e0 alla tradizione e al Magistero della Chiesa in opposizione ad ogni relativismo e totalitarismo\",\"publisher\":{\"@id\":\"https:\\\/\\\/www.rassegnastampa-totustuus.it\\\/cattolica\\\/#organization\"},\"alternateName\":\"Rass. Cattolica\",\"potentialAction\":[{\"@type\":\"SearchAction\",\"target\":{\"@type\":\"EntryPoint\",\"urlTemplate\":\"https:\\\/\\\/www.rassegnastampa-totustuus.it\\\/cattolica\\\/?s={search_term_string}\"},\"query-input\":{\"@type\":\"PropertyValueSpecification\",\"valueRequired\":true,\"valueName\":\"search_term_string\"}}],\"inLanguage\":\"it-IT\"},{\"@type\":\"Organization\",\"@id\":\"https:\\\/\\\/www.rassegnastampa-totustuus.it\\\/cattolica\\\/#organization\",\"name\":\"Rassegna Stampa Cattolica\",\"url\":\"https:\\\/\\\/www.rassegnastampa-totustuus.it\\\/cattolica\\\/\",\"logo\":{\"@type\":\"ImageObject\",\"inLanguage\":\"it-IT\",\"@id\":\"https:\\\/\\\/www.rassegnastampa-totustuus.it\\\/cattolica\\\/#\\\/schema\\\/logo\\\/image\\\/\",\"url\":\"https:\\\/\\\/www.rassegnastampa-totustuus.it\\\/cattolica\\\/wp-content\\\/uploads\\\/2014\\\/04\\\/logo-rassegna1.gif\",\"contentUrl\":\"https:\\\/\\\/www.rassegnastampa-totustuus.it\\\/cattolica\\\/wp-content\\\/uploads\\\/2014\\\/04\\\/logo-rassegna1.gif\",\"width\":600,\"height\":163,\"caption\":\"Rassegna Stampa Cattolica\"},\"image\":{\"@id\":\"https:\\\/\\\/www.rassegnastampa-totustuus.it\\\/cattolica\\\/#\\\/schema\\\/logo\\\/image\\\/\"},\"sameAs\":[\"https:\\\/\\\/www.facebook.com\\\/rassegnastampacattolica\",\"https:\\\/\\\/x.com\\\/rassegnastampa9\"]},{\"@type\":\"Person\",\"@id\":\"https:\\\/\\\/www.rassegnastampa-totustuus.it\\\/cattolica\\\/#\\\/schema\\\/person\\\/08f319d2bd1a0904ad9e2bfb7b15e5c3\",\"name\":\"Redazione\",\"image\":{\"@type\":\"ImageObject\",\"inLanguage\":\"it-IT\",\"@id\":\"https:\\\/\\\/secure.gravatar.com\\\/avatar\\\/2fcdf27c78ea025fbdb44e914cc63c72249ffec9dc8aafd5c82b26240ef3f346?s=96&d=mm&r=g\",\"url\":\"https:\\\/\\\/secure.gravatar.com\\\/avatar\\\/2fcdf27c78ea025fbdb44e914cc63c72249ffec9dc8aafd5c82b26240ef3f346?s=96&d=mm&r=g\",\"contentUrl\":\"https:\\\/\\\/secure.gravatar.com\\\/avatar\\\/2fcdf27c78ea025fbdb44e914cc63c72249ffec9dc8aafd5c82b26240ef3f346?s=96&d=mm&r=g\",\"caption\":\"Redazione\"},\"url\":\"https:\\\/\\\/www.rassegnastampa-totustuus.it\\\/cattolica\\\/author\\\/pietroelle\\\/\"}]}<\/script>\n<!-- \/ Yoast SEO plugin. -->","yoast_head_json":{"title":"Il Partito comunista in difficolt&agrave;: crescita rapidissima ma incontrollata - Rassegna Stampa Cattolica","description":"Rassegna Stampa Cattolica - Per una cultura che nasce dalla Rivelazione cristiana in conformit\u00e0 alla tradizione e al Magistero della Chiesa in opposizione ad ogni relativismo e totalitarismo","robots":{"index":"index","follow":"follow","max-snippet":"max-snippet:-1","max-image-preview":"max-image-preview:large","max-video-preview":"max-video-preview:-1"},"canonical":"https:\/\/www.rassegnastampa-totustuus.it\/cattolica\/il-partito-comunista-in-difficolt-crescita-rapidissima-ma-incontrollata\/","og_locale":"it_IT","og_type":"article","og_title":"Il Partito comunista in difficolt&agrave;: crescita rapidissima ma incontrollata - Rassegna Stampa Cattolica","og_description":"Rassegna Stampa Cattolica - Per una cultura che nasce dalla Rivelazione cristiana in conformit\u00e0 alla tradizione e al Magistero della Chiesa in opposizione ad ogni relativismo e totalitarismo","og_url":"https:\/\/www.rassegnastampa-totustuus.it\/cattolica\/il-partito-comunista-in-difficolt-crescita-rapidissima-ma-incontrollata\/","og_site_name":"Rassegna Stampa Cattolica","article_publisher":"https:\/\/www.facebook.com\/rassegnastampacattolica","article_published_time":"2005-07-09T22:00:00+00:00","article_modified_time":"2015-12-21T15:47:29+00:00","og_image":[{"width":263,"height":191,"url":"https:\/\/www.rassegnastampa-totustuus.it\/cattolica\/wp-content\/uploads\/2005\/07\/esercito-Cina.jpg","type":"image\/jpeg"}],"author":"Redazione","twitter_card":"summary_large_image","twitter_creator":"@rassegnastampa9","twitter_site":"@rassegnastampa9","twitter_misc":{"Scritto da":"Redazione","Tempo di lettura stimato":"6 minuti"},"schema":{"@context":"https:\/\/schema.org","@graph":[{"@type":"Article","@id":"https:\/\/www.rassegnastampa-totustuus.it\/cattolica\/il-partito-comunista-in-difficolt-crescita-rapidissima-ma-incontrollata\/#article","isPartOf":{"@id":"https:\/\/www.rassegnastampa-totustuus.it\/cattolica\/il-partito-comunista-in-difficolt-crescita-rapidissima-ma-incontrollata\/"},"author":{"name":"Redazione","@id":"https:\/\/www.rassegnastampa-totustuus.it\/cattolica\/#\/schema\/person\/08f319d2bd1a0904ad9e2bfb7b15e5c3"},"headline":"Il Partito comunista in difficolt&agrave;: crescita rapidissima ma incontrollata","datePublished":"2005-07-09T22:00:00+00:00","dateModified":"2015-12-21T15:47:29+00:00","mainEntityOfPage":{"@id":"https:\/\/www.rassegnastampa-totustuus.it\/cattolica\/il-partito-comunista-in-difficolt-crescita-rapidissima-ma-incontrollata\/"},"wordCount":1236,"publisher":{"@id":"https:\/\/www.rassegnastampa-totustuus.it\/cattolica\/#organization"},"image":{"@id":"https:\/\/www.rassegnastampa-totustuus.it\/cattolica\/il-partito-comunista-in-difficolt-crescita-rapidissima-ma-incontrollata\/#primaryimage"},"thumbnailUrl":"https:\/\/www.rassegnastampa-totustuus.it\/cattolica\/wp-content\/uploads\/2005\/07\/esercito-Cina.jpg","keywords":["Cina","comunismo"],"articleSection":["Cina","Comunismo","Paesi e continenti"],"inLanguage":"it-IT"},{"@type":"WebPage","@id":"https:\/\/www.rassegnastampa-totustuus.it\/cattolica\/il-partito-comunista-in-difficolt-crescita-rapidissima-ma-incontrollata\/","url":"https:\/\/www.rassegnastampa-totustuus.it\/cattolica\/il-partito-comunista-in-difficolt-crescita-rapidissima-ma-incontrollata\/","name":"Il Partito comunista in difficolt&agrave;: crescita rapidissima ma incontrollata - Rassegna Stampa Cattolica","isPartOf":{"@id":"https:\/\/www.rassegnastampa-totustuus.it\/cattolica\/#website"},"primaryImageOfPage":{"@id":"https:\/\/www.rassegnastampa-totustuus.it\/cattolica\/il-partito-comunista-in-difficolt-crescita-rapidissima-ma-incontrollata\/#primaryimage"},"image":{"@id":"https:\/\/www.rassegnastampa-totustuus.it\/cattolica\/il-partito-comunista-in-difficolt-crescita-rapidissima-ma-incontrollata\/#primaryimage"},"thumbnailUrl":"https:\/\/www.rassegnastampa-totustuus.it\/cattolica\/wp-content\/uploads\/2005\/07\/esercito-Cina.jpg","datePublished":"2005-07-09T22:00:00+00:00","dateModified":"2015-12-21T15:47:29+00:00","description":"Rassegna Stampa Cattolica - Per una cultura che nasce dalla Rivelazione cristiana in conformit\u00e0 alla tradizione e al Magistero della Chiesa in opposizione ad ogni relativismo e totalitarismo","breadcrumb":{"@id":"https:\/\/www.rassegnastampa-totustuus.it\/cattolica\/il-partito-comunista-in-difficolt-crescita-rapidissima-ma-incontrollata\/#breadcrumb"},"inLanguage":"it-IT","potentialAction":[{"@type":"ReadAction","target":["https:\/\/www.rassegnastampa-totustuus.it\/cattolica\/il-partito-comunista-in-difficolt-crescita-rapidissima-ma-incontrollata\/"]}]},{"@type":"ImageObject","inLanguage":"it-IT","@id":"https:\/\/www.rassegnastampa-totustuus.it\/cattolica\/il-partito-comunista-in-difficolt-crescita-rapidissima-ma-incontrollata\/#primaryimage","url":"https:\/\/www.rassegnastampa-totustuus.it\/cattolica\/wp-content\/uploads\/2005\/07\/esercito-Cina.jpg","contentUrl":"https:\/\/www.rassegnastampa-totustuus.it\/cattolica\/wp-content\/uploads\/2005\/07\/esercito-Cina.jpg","width":263,"height":191},{"@type":"BreadcrumbList","@id":"https:\/\/www.rassegnastampa-totustuus.it\/cattolica\/il-partito-comunista-in-difficolt-crescita-rapidissima-ma-incontrollata\/#breadcrumb","itemListElement":[{"@type":"ListItem","position":1,"name":"Home","item":"https:\/\/www.rassegnastampa-totustuus.it\/cattolica\/"},{"@type":"ListItem","position":2,"name":"Il Partito comunista in difficolt&agrave;: crescita rapidissima ma incontrollata"}]},{"@type":"WebSite","@id":"https:\/\/www.rassegnastampa-totustuus.it\/cattolica\/#website","url":"https:\/\/www.rassegnastampa-totustuus.it\/cattolica\/","name":"Rassegna Stampa Cattolica","description":"Per una cultura che nasce dalla Rivelazione cristiana in conformit\u00e0 alla tradizione e al Magistero della Chiesa in opposizione ad ogni relativismo e totalitarismo","publisher":{"@id":"https:\/\/www.rassegnastampa-totustuus.it\/cattolica\/#organization"},"alternateName":"Rass. Cattolica","potentialAction":[{"@type":"SearchAction","target":{"@type":"EntryPoint","urlTemplate":"https:\/\/www.rassegnastampa-totustuus.it\/cattolica\/?s={search_term_string}"},"query-input":{"@type":"PropertyValueSpecification","valueRequired":true,"valueName":"search_term_string"}}],"inLanguage":"it-IT"},{"@type":"Organization","@id":"https:\/\/www.rassegnastampa-totustuus.it\/cattolica\/#organization","name":"Rassegna Stampa Cattolica","url":"https:\/\/www.rassegnastampa-totustuus.it\/cattolica\/","logo":{"@type":"ImageObject","inLanguage":"it-IT","@id":"https:\/\/www.rassegnastampa-totustuus.it\/cattolica\/#\/schema\/logo\/image\/","url":"https:\/\/www.rassegnastampa-totustuus.it\/cattolica\/wp-content\/uploads\/2014\/04\/logo-rassegna1.gif","contentUrl":"https:\/\/www.rassegnastampa-totustuus.it\/cattolica\/wp-content\/uploads\/2014\/04\/logo-rassegna1.gif","width":600,"height":163,"caption":"Rassegna Stampa Cattolica"},"image":{"@id":"https:\/\/www.rassegnastampa-totustuus.it\/cattolica\/#\/schema\/logo\/image\/"},"sameAs":["https:\/\/www.facebook.com\/rassegnastampacattolica","https:\/\/x.com\/rassegnastampa9"]},{"@type":"Person","@id":"https:\/\/www.rassegnastampa-totustuus.it\/cattolica\/#\/schema\/person\/08f319d2bd1a0904ad9e2bfb7b15e5c3","name":"Redazione","image":{"@type":"ImageObject","inLanguage":"it-IT","@id":"https:\/\/secure.gravatar.com\/avatar\/2fcdf27c78ea025fbdb44e914cc63c72249ffec9dc8aafd5c82b26240ef3f346?s=96&d=mm&r=g","url":"https:\/\/secure.gravatar.com\/avatar\/2fcdf27c78ea025fbdb44e914cc63c72249ffec9dc8aafd5c82b26240ef3f346?s=96&d=mm&r=g","contentUrl":"https:\/\/secure.gravatar.com\/avatar\/2fcdf27c78ea025fbdb44e914cc63c72249ffec9dc8aafd5c82b26240ef3f346?s=96&d=mm&r=g","caption":"Redazione"},"url":"https:\/\/www.rassegnastampa-totustuus.it\/cattolica\/author\/pietroelle\/"}]}},"_links":{"self":[{"href":"https:\/\/www.rassegnastampa-totustuus.it\/cattolica\/wp-json\/wp\/v2\/posts\/863","targetHints":{"allow":["GET"]}}],"collection":[{"href":"https:\/\/www.rassegnastampa-totustuus.it\/cattolica\/wp-json\/wp\/v2\/posts"}],"about":[{"href":"https:\/\/www.rassegnastampa-totustuus.it\/cattolica\/wp-json\/wp\/v2\/types\/post"}],"author":[{"embeddable":true,"href":"https:\/\/www.rassegnastampa-totustuus.it\/cattolica\/wp-json\/wp\/v2\/users\/6"}],"replies":[{"embeddable":true,"href":"https:\/\/www.rassegnastampa-totustuus.it\/cattolica\/wp-json\/wp\/v2\/comments?post=863"}],"version-history":[{"count":4,"href":"https:\/\/www.rassegnastampa-totustuus.it\/cattolica\/wp-json\/wp\/v2\/posts\/863\/revisions"}],"predecessor-version":[{"id":29035,"href":"https:\/\/www.rassegnastampa-totustuus.it\/cattolica\/wp-json\/wp\/v2\/posts\/863\/revisions\/29035"}],"wp:featuredmedia":[{"embeddable":true,"href":"https:\/\/www.rassegnastampa-totustuus.it\/cattolica\/wp-json\/wp\/v2\/media\/29034"}],"wp:attachment":[{"href":"https:\/\/www.rassegnastampa-totustuus.it\/cattolica\/wp-json\/wp\/v2\/media?parent=863"}],"wp:term":[{"taxonomy":"category","embeddable":true,"href":"https:\/\/www.rassegnastampa-totustuus.it\/cattolica\/wp-json\/wp\/v2\/categories?post=863"},{"taxonomy":"post_tag","embeddable":true,"href":"https:\/\/www.rassegnastampa-totustuus.it\/cattolica\/wp-json\/wp\/v2\/tags?post=863"}],"curies":[{"name":"wp","href":"https:\/\/api.w.org\/{rel}","templated":true}]}}