{"id":8598,"date":"2014-07-22T10:21:18","date_gmt":"2014-07-22T08:21:18","guid":{"rendered":"http:\/\/www.rassegnastampa-totustuus.it\/cattolica\/?p=8598"},"modified":"2015-06-16T10:27:16","modified_gmt":"2015-06-16T08:27:16","slug":"pubblicita-e-televisione-guida-alluso-consapevole","status":"publish","type":"post","link":"https:\/\/www.rassegnastampa-totustuus.it\/cattolica\/pubblicita-e-televisione-guida-alluso-consapevole\/","title":{"rendered":"Pubblicit\u00e0 e televisione: guida all\u2019uso consapevole"},"content":{"rendered":"<p style=\"text-align: center;\"><strong><a href=\"https:\/\/www.rassegnastampa-totustuus.it\/cattolica\/wp-content\/uploads\/2014\/07\/pubb_Ferrero1.jpg\"><img loading=\"lazy\" decoding=\"async\" class=\"wp-image-8601 alignright\" src=\"https:\/\/www.rassegnastampa-totustuus.it\/cattolica\/wp-content\/uploads\/2014\/07\/pubb_Ferrero1-216x300.jpg\" alt=\"pubb_Ferrero1\" width=\"166\" height=\"250\" \/><\/a>Avvenire<\/strong> \u2013 suppl. <i>Bologna Sette<\/i> 21 luglio 2014<\/p>\n<p style=\"text-align: center;\">di <strong>Carlo Bellieni<\/strong><\/p>\n<p style=\"text-align: justify;\">Oggi suggeriamo di dare un occhio alla pubblicit\u00e0 Tv; gi\u00e0, come fosse un programma a s\u00e9. E in fondo lo \u00e8: siamo passati in 40 anni da una Tv che inseriva pubblicit\u00e0 tra uno spettacolo e l\u2019altro (per pagarne i costi), ad una Tv che inserisce gli spettacoli tra una pubblicit\u00e0 e l\u2019altra (per tener pi\u00f9 attaccate le persone allo schermo e riempirle di spot). Anche se non ce ne sarebbe bisogno, perch\u00e9 gli spot sono spesso pi\u00f9 accattivanti di tanti spettacoli: sono pi\u00f9 attraenti, pi\u00f9 pieni di colori, pi\u00f9 suadenti, ed \u00e8 ovvio, perch\u00e9 devono letteralmente attrarre; e vi sono fior di studiosi pagati per renderli sempre pi\u00f9 accattivanti in maniera scientifica. E ci troviamo di tutto.<\/p>\n<p style=\"text-align: justify;\"><!--more--><\/p>\n<p style=\"text-align: justify;\">Ci sono spot che palesemente mettono a confronto la vita da single con quella da sposato, mostrando la seconda come una vita meno desiderabile della prima (e soprattutto ci sono nel campo degli spot delle automobili), la questione inizia a non piacerci. Ma ci sono spot in cui vediamo bambini baciare il pancione della mamma con dentro il fratellino non ancora nato, o in cui si tratteggia la famiglia in maniera positiva; e questo ci piace.<\/p>\n<p style=\"text-align: justify;\">Pensiamo agli spot della Ferrero o Barilla in cui si vede una famiglia che si aiuta reciprocamente ad affrontare la giornata. E vi invito ad un piccolo sforzo e ad andare su YouTube per cercare le pubblicit\u00e0 fatte in Argentina da Coca-Cola o da MacDonald: non serve conoscere lo spagnolo per vedere raccontata in una manciata di secondi la vita di una famiglia anche qui con i suoi momenti belli e i suoi momenti duri, con le sue crisi e le sue esperienze.<\/p>\n<p style=\"text-align: justify;\">Questo non significa dire \u00abbravo\u00bb ai prodotti che reclamizzano; ma indica un fatto interessante: o lo fanno perch\u00e9 ci credono o lo fanno perch\u00e9 \u00abrende\u00bb; in entrambi i casi \u00e8 una vittoria. Se lo fanno perch\u00e9 ci credono, tanto di cappello: delle multinazionali che fanno degli inni alla famiglia tradizionale sono davvero coraggiose oggigiorno (\u00e8 comunque vero che in qualche spot occhieggiano a \u00abfamiglie alternative\u00bb, su cui abbiamo i nostri distinguo). Se lo fanno perch\u00e9 \u00abrende\u00bb\u2026 paradossalmente \u00e8 ancora meglio, perch\u00e9 vuol dire che spot che ritraggono la famiglia tradizionale sono quello che il pubblico vuole, al di l\u00e0 di tanta retorica \u00abmultifamilista\u00bb.<\/p>\n<p style=\"text-align: justify;\">Questi sono messaggi buoni; ma quanti inneggiano allo spreco e usano impropriamente immagini di bambini o di donne? Insomma, la pubblicit\u00e0 non \u00e8 un \u00abincidente\u00bb, ma la sostanza stessa della Tv: veicolano messaggi senza che lo sappiamo.<\/p>\n<p style=\"text-align: justify;\">Per questo ecco sei regole per capire: <b>1)<\/b> Se interrompono un film durante un\u2019azione di suspense per \u00abcolpire\u00bb il pubblico; <b>2)<\/b> se irrompono in trasmissioni per bambini; <b>3)<\/b> se compaiono improvvisi in un punto dello schermo durante la partita obbligando a guardarli se non si vuole interrompere la visione; <b>4)<\/b> se non danno esplicitamente il messaggio, non spiegando il prodotto e vogliono solo prendere la tua attenzione e darti un messaggio mnemonico; <b>5)<\/b> se usano bambini per impietosire o donne per invogliare; <b>6)<\/b> se danno una brutta immagine del tuo essere mamma o pap\u00e0\u2026 allora considerate se ancora vale la pena di guardare quel canale!<\/p>\n","protected":false},"excerpt":{"rendered":"<p>Avvenire \u2013 suppl. Bologna Sette 21 luglio 2014 di Carlo Bellieni Oggi suggeriamo di dare un occhio alla pubblicit\u00e0 Tv; gi\u00e0, come fosse un programma a s\u00e9. E in fondo lo \u00e8: siamo passati in 40 anni da una Tv che inseriva pubblicit\u00e0 tra uno spettacolo e l\u2019altro (per pagarne i costi), ad una Tv &hellip; <\/p>\n<p><a class=\"more-link btn\" href=\"https:\/\/www.rassegnastampa-totustuus.it\/cattolica\/pubblicita-e-televisione-guida-alluso-consapevole\/\">Continua a leggere<\/a><\/p>\n","protected":false},"author":6,"featured_media":8601,"comment_status":"closed","ping_status":"closed","sticky":false,"template":"","format":"standard","meta":{"footnotes":""},"categories":[25],"tags":[472],"class_list":["post-8598","post","type-post","status-publish","format-standard","has-post-thumbnail","hentry","category-sguardo-sul-nostro-tempo","tag-pubblicita","item-wrap"],"yoast_head":"<!-- This site is optimized with the Yoast SEO plugin v27.5 - https:\/\/yoast.com\/product\/yoast-seo-wordpress\/ -->\n<title>Pubblicit\u00e0 e televisione: guida all\u2019uso consapevole - Rassegna Stampa Cattolica<\/title>\n<meta name=\"description\" content=\"Rassegna Stampa Cattolica - Per una cultura che nasce dalla Rivelazione cristiana in conformit\u00e0 alla tradizione e al Magistero della Chiesa in opposizione ad ogni relativismo e totalitarismo\" \/>\n<meta name=\"robots\" content=\"index, follow, max-snippet:-1, max-image-preview:large, max-video-preview:-1\" \/>\n<link rel=\"canonical\" href=\"https:\/\/www.rassegnastampa-totustuus.it\/cattolica\/pubblicita-e-televisione-guida-alluso-consapevole\/\" \/>\n<meta property=\"og:locale\" content=\"it_IT\" \/>\n<meta property=\"og:type\" content=\"article\" \/>\n<meta property=\"og:title\" content=\"Pubblicit\u00e0 e televisione: guida all\u2019uso consapevole - Rassegna Stampa Cattolica\" \/>\n<meta property=\"og:description\" content=\"Rassegna Stampa Cattolica - Per una cultura che nasce dalla Rivelazione cristiana in conformit\u00e0 alla tradizione e al Magistero della Chiesa in opposizione ad ogni relativismo e totalitarismo\" \/>\n<meta property=\"og:url\" content=\"https:\/\/www.rassegnastampa-totustuus.it\/cattolica\/pubblicita-e-televisione-guida-alluso-consapevole\/\" \/>\n<meta property=\"og:site_name\" content=\"Rassegna Stampa Cattolica\" \/>\n<meta property=\"article:publisher\" content=\"https:\/\/www.facebook.com\/rassegnastampacattolica\" \/>\n<meta property=\"article:published_time\" content=\"2014-07-22T08:21:18+00:00\" \/>\n<meta property=\"article:modified_time\" content=\"2015-06-16T08:27:16+00:00\" \/>\n<meta property=\"og:image\" content=\"https:\/\/www.rassegnastampa-totustuus.it\/cattolica\/wp-content\/uploads\/2014\/07\/pubb_Ferrero1.jpg\" \/>\n\t<meta property=\"og:image:width\" content=\"288\" \/>\n\t<meta property=\"og:image:height\" content=\"400\" \/>\n\t<meta property=\"og:image:type\" content=\"image\/jpeg\" \/>\n<meta name=\"author\" content=\"Redazione\" \/>\n<meta name=\"twitter:card\" content=\"summary_large_image\" \/>\n<meta name=\"twitter:creator\" content=\"@rassegnastampa9\" \/>\n<meta name=\"twitter:site\" content=\"@rassegnastampa9\" \/>\n<meta name=\"twitter:label1\" content=\"Scritto da\" \/>\n\t<meta name=\"twitter:data1\" content=\"Redazione\" \/>\n\t<meta name=\"twitter:label2\" content=\"Tempo di lettura stimato\" \/>\n\t<meta name=\"twitter:data2\" content=\"3 minuti\" \/>\n<script type=\"application\/ld+json\" class=\"yoast-schema-graph\">{\"@context\":\"https:\\\/\\\/schema.org\",\"@graph\":[{\"@type\":\"Article\",\"@id\":\"https:\\\/\\\/www.rassegnastampa-totustuus.it\\\/cattolica\\\/pubblicita-e-televisione-guida-alluso-consapevole\\\/#article\",\"isPartOf\":{\"@id\":\"https:\\\/\\\/www.rassegnastampa-totustuus.it\\\/cattolica\\\/pubblicita-e-televisione-guida-alluso-consapevole\\\/\"},\"author\":{\"name\":\"Redazione\",\"@id\":\"https:\\\/\\\/www.rassegnastampa-totustuus.it\\\/cattolica\\\/#\\\/schema\\\/person\\\/08f319d2bd1a0904ad9e2bfb7b15e5c3\"},\"headline\":\"Pubblicit\u00e0 e televisione: guida all\u2019uso consapevole\",\"datePublished\":\"2014-07-22T08:21:18+00:00\",\"dateModified\":\"2015-06-16T08:27:16+00:00\",\"mainEntityOfPage\":{\"@id\":\"https:\\\/\\\/www.rassegnastampa-totustuus.it\\\/cattolica\\\/pubblicita-e-televisione-guida-alluso-consapevole\\\/\"},\"wordCount\":527,\"publisher\":{\"@id\":\"https:\\\/\\\/www.rassegnastampa-totustuus.it\\\/cattolica\\\/#organization\"},\"image\":{\"@id\":\"https:\\\/\\\/www.rassegnastampa-totustuus.it\\\/cattolica\\\/pubblicita-e-televisione-guida-alluso-consapevole\\\/#primaryimage\"},\"thumbnailUrl\":\"https:\\\/\\\/www.rassegnastampa-totustuus.it\\\/cattolica\\\/wp-content\\\/uploads\\\/2014\\\/07\\\/pubb_Ferrero1.jpg\",\"keywords\":[\"pubblicit\u00e0\"],\"articleSection\":[\"Sguardo sul nostro tempo\"],\"inLanguage\":\"it-IT\"},{\"@type\":\"WebPage\",\"@id\":\"https:\\\/\\\/www.rassegnastampa-totustuus.it\\\/cattolica\\\/pubblicita-e-televisione-guida-alluso-consapevole\\\/\",\"url\":\"https:\\\/\\\/www.rassegnastampa-totustuus.it\\\/cattolica\\\/pubblicita-e-televisione-guida-alluso-consapevole\\\/\",\"name\":\"Pubblicit\u00e0 e televisione: guida all\u2019uso consapevole - Rassegna Stampa Cattolica\",\"isPartOf\":{\"@id\":\"https:\\\/\\\/www.rassegnastampa-totustuus.it\\\/cattolica\\\/#website\"},\"primaryImageOfPage\":{\"@id\":\"https:\\\/\\\/www.rassegnastampa-totustuus.it\\\/cattolica\\\/pubblicita-e-televisione-guida-alluso-consapevole\\\/#primaryimage\"},\"image\":{\"@id\":\"https:\\\/\\\/www.rassegnastampa-totustuus.it\\\/cattolica\\\/pubblicita-e-televisione-guida-alluso-consapevole\\\/#primaryimage\"},\"thumbnailUrl\":\"https:\\\/\\\/www.rassegnastampa-totustuus.it\\\/cattolica\\\/wp-content\\\/uploads\\\/2014\\\/07\\\/pubb_Ferrero1.jpg\",\"datePublished\":\"2014-07-22T08:21:18+00:00\",\"dateModified\":\"2015-06-16T08:27:16+00:00\",\"description\":\"Rassegna Stampa Cattolica - Per una cultura che nasce dalla Rivelazione cristiana in conformit\u00e0 alla tradizione e al Magistero della Chiesa in opposizione ad ogni relativismo e totalitarismo\",\"breadcrumb\":{\"@id\":\"https:\\\/\\\/www.rassegnastampa-totustuus.it\\\/cattolica\\\/pubblicita-e-televisione-guida-alluso-consapevole\\\/#breadcrumb\"},\"inLanguage\":\"it-IT\",\"potentialAction\":[{\"@type\":\"ReadAction\",\"target\":[\"https:\\\/\\\/www.rassegnastampa-totustuus.it\\\/cattolica\\\/pubblicita-e-televisione-guida-alluso-consapevole\\\/\"]}]},{\"@type\":\"ImageObject\",\"inLanguage\":\"it-IT\",\"@id\":\"https:\\\/\\\/www.rassegnastampa-totustuus.it\\\/cattolica\\\/pubblicita-e-televisione-guida-alluso-consapevole\\\/#primaryimage\",\"url\":\"https:\\\/\\\/www.rassegnastampa-totustuus.it\\\/cattolica\\\/wp-content\\\/uploads\\\/2014\\\/07\\\/pubb_Ferrero1.jpg\",\"contentUrl\":\"https:\\\/\\\/www.rassegnastampa-totustuus.it\\\/cattolica\\\/wp-content\\\/uploads\\\/2014\\\/07\\\/pubb_Ferrero1.jpg\",\"width\":288,\"height\":400},{\"@type\":\"BreadcrumbList\",\"@id\":\"https:\\\/\\\/www.rassegnastampa-totustuus.it\\\/cattolica\\\/pubblicita-e-televisione-guida-alluso-consapevole\\\/#breadcrumb\",\"itemListElement\":[{\"@type\":\"ListItem\",\"position\":1,\"name\":\"Home\",\"item\":\"https:\\\/\\\/www.rassegnastampa-totustuus.it\\\/cattolica\\\/\"},{\"@type\":\"ListItem\",\"position\":2,\"name\":\"Pubblicit\u00e0 e televisione: guida all\u2019uso consapevole\"}]},{\"@type\":\"WebSite\",\"@id\":\"https:\\\/\\\/www.rassegnastampa-totustuus.it\\\/cattolica\\\/#website\",\"url\":\"https:\\\/\\\/www.rassegnastampa-totustuus.it\\\/cattolica\\\/\",\"name\":\"Rassegna Stampa Cattolica\",\"description\":\"Per una cultura che nasce dalla Rivelazione cristiana in conformit\u00e0 alla tradizione e al Magistero della Chiesa in opposizione ad ogni relativismo e totalitarismo\",\"publisher\":{\"@id\":\"https:\\\/\\\/www.rassegnastampa-totustuus.it\\\/cattolica\\\/#organization\"},\"alternateName\":\"Rass. Cattolica\",\"potentialAction\":[{\"@type\":\"SearchAction\",\"target\":{\"@type\":\"EntryPoint\",\"urlTemplate\":\"https:\\\/\\\/www.rassegnastampa-totustuus.it\\\/cattolica\\\/?s={search_term_string}\"},\"query-input\":{\"@type\":\"PropertyValueSpecification\",\"valueRequired\":true,\"valueName\":\"search_term_string\"}}],\"inLanguage\":\"it-IT\"},{\"@type\":\"Organization\",\"@id\":\"https:\\\/\\\/www.rassegnastampa-totustuus.it\\\/cattolica\\\/#organization\",\"name\":\"Rassegna Stampa Cattolica\",\"url\":\"https:\\\/\\\/www.rassegnastampa-totustuus.it\\\/cattolica\\\/\",\"logo\":{\"@type\":\"ImageObject\",\"inLanguage\":\"it-IT\",\"@id\":\"https:\\\/\\\/www.rassegnastampa-totustuus.it\\\/cattolica\\\/#\\\/schema\\\/logo\\\/image\\\/\",\"url\":\"https:\\\/\\\/www.rassegnastampa-totustuus.it\\\/cattolica\\\/wp-content\\\/uploads\\\/2014\\\/04\\\/logo-rassegna1.gif\",\"contentUrl\":\"https:\\\/\\\/www.rassegnastampa-totustuus.it\\\/cattolica\\\/wp-content\\\/uploads\\\/2014\\\/04\\\/logo-rassegna1.gif\",\"width\":600,\"height\":163,\"caption\":\"Rassegna Stampa Cattolica\"},\"image\":{\"@id\":\"https:\\\/\\\/www.rassegnastampa-totustuus.it\\\/cattolica\\\/#\\\/schema\\\/logo\\\/image\\\/\"},\"sameAs\":[\"https:\\\/\\\/www.facebook.com\\\/rassegnastampacattolica\",\"https:\\\/\\\/x.com\\\/rassegnastampa9\"]},{\"@type\":\"Person\",\"@id\":\"https:\\\/\\\/www.rassegnastampa-totustuus.it\\\/cattolica\\\/#\\\/schema\\\/person\\\/08f319d2bd1a0904ad9e2bfb7b15e5c3\",\"name\":\"Redazione\",\"image\":{\"@type\":\"ImageObject\",\"inLanguage\":\"it-IT\",\"@id\":\"https:\\\/\\\/secure.gravatar.com\\\/avatar\\\/2fcdf27c78ea025fbdb44e914cc63c72249ffec9dc8aafd5c82b26240ef3f346?s=96&d=mm&r=g\",\"url\":\"https:\\\/\\\/secure.gravatar.com\\\/avatar\\\/2fcdf27c78ea025fbdb44e914cc63c72249ffec9dc8aafd5c82b26240ef3f346?s=96&d=mm&r=g\",\"contentUrl\":\"https:\\\/\\\/secure.gravatar.com\\\/avatar\\\/2fcdf27c78ea025fbdb44e914cc63c72249ffec9dc8aafd5c82b26240ef3f346?s=96&d=mm&r=g\",\"caption\":\"Redazione\"},\"url\":\"https:\\\/\\\/www.rassegnastampa-totustuus.it\\\/cattolica\\\/author\\\/pietroelle\\\/\"}]}<\/script>\n<!-- \/ Yoast SEO plugin. -->","yoast_head_json":{"title":"Pubblicit\u00e0 e televisione: guida all\u2019uso consapevole - Rassegna Stampa Cattolica","description":"Rassegna Stampa Cattolica - Per una cultura che nasce dalla Rivelazione cristiana in conformit\u00e0 alla tradizione e al Magistero della Chiesa in opposizione ad ogni relativismo e totalitarismo","robots":{"index":"index","follow":"follow","max-snippet":"max-snippet:-1","max-image-preview":"max-image-preview:large","max-video-preview":"max-video-preview:-1"},"canonical":"https:\/\/www.rassegnastampa-totustuus.it\/cattolica\/pubblicita-e-televisione-guida-alluso-consapevole\/","og_locale":"it_IT","og_type":"article","og_title":"Pubblicit\u00e0 e televisione: guida all\u2019uso consapevole - Rassegna Stampa Cattolica","og_description":"Rassegna Stampa Cattolica - Per una cultura che nasce dalla Rivelazione cristiana in conformit\u00e0 alla tradizione e al Magistero della Chiesa in opposizione ad ogni relativismo e totalitarismo","og_url":"https:\/\/www.rassegnastampa-totustuus.it\/cattolica\/pubblicita-e-televisione-guida-alluso-consapevole\/","og_site_name":"Rassegna Stampa Cattolica","article_publisher":"https:\/\/www.facebook.com\/rassegnastampacattolica","article_published_time":"2014-07-22T08:21:18+00:00","article_modified_time":"2015-06-16T08:27:16+00:00","og_image":[{"width":288,"height":400,"url":"https:\/\/www.rassegnastampa-totustuus.it\/cattolica\/wp-content\/uploads\/2014\/07\/pubb_Ferrero1.jpg","type":"image\/jpeg"}],"author":"Redazione","twitter_card":"summary_large_image","twitter_creator":"@rassegnastampa9","twitter_site":"@rassegnastampa9","twitter_misc":{"Scritto da":"Redazione","Tempo di lettura stimato":"3 minuti"},"schema":{"@context":"https:\/\/schema.org","@graph":[{"@type":"Article","@id":"https:\/\/www.rassegnastampa-totustuus.it\/cattolica\/pubblicita-e-televisione-guida-alluso-consapevole\/#article","isPartOf":{"@id":"https:\/\/www.rassegnastampa-totustuus.it\/cattolica\/pubblicita-e-televisione-guida-alluso-consapevole\/"},"author":{"name":"Redazione","@id":"https:\/\/www.rassegnastampa-totustuus.it\/cattolica\/#\/schema\/person\/08f319d2bd1a0904ad9e2bfb7b15e5c3"},"headline":"Pubblicit\u00e0 e televisione: guida all\u2019uso consapevole","datePublished":"2014-07-22T08:21:18+00:00","dateModified":"2015-06-16T08:27:16+00:00","mainEntityOfPage":{"@id":"https:\/\/www.rassegnastampa-totustuus.it\/cattolica\/pubblicita-e-televisione-guida-alluso-consapevole\/"},"wordCount":527,"publisher":{"@id":"https:\/\/www.rassegnastampa-totustuus.it\/cattolica\/#organization"},"image":{"@id":"https:\/\/www.rassegnastampa-totustuus.it\/cattolica\/pubblicita-e-televisione-guida-alluso-consapevole\/#primaryimage"},"thumbnailUrl":"https:\/\/www.rassegnastampa-totustuus.it\/cattolica\/wp-content\/uploads\/2014\/07\/pubb_Ferrero1.jpg","keywords":["pubblicit\u00e0"],"articleSection":["Sguardo sul nostro tempo"],"inLanguage":"it-IT"},{"@type":"WebPage","@id":"https:\/\/www.rassegnastampa-totustuus.it\/cattolica\/pubblicita-e-televisione-guida-alluso-consapevole\/","url":"https:\/\/www.rassegnastampa-totustuus.it\/cattolica\/pubblicita-e-televisione-guida-alluso-consapevole\/","name":"Pubblicit\u00e0 e televisione: guida all\u2019uso consapevole - Rassegna Stampa Cattolica","isPartOf":{"@id":"https:\/\/www.rassegnastampa-totustuus.it\/cattolica\/#website"},"primaryImageOfPage":{"@id":"https:\/\/www.rassegnastampa-totustuus.it\/cattolica\/pubblicita-e-televisione-guida-alluso-consapevole\/#primaryimage"},"image":{"@id":"https:\/\/www.rassegnastampa-totustuus.it\/cattolica\/pubblicita-e-televisione-guida-alluso-consapevole\/#primaryimage"},"thumbnailUrl":"https:\/\/www.rassegnastampa-totustuus.it\/cattolica\/wp-content\/uploads\/2014\/07\/pubb_Ferrero1.jpg","datePublished":"2014-07-22T08:21:18+00:00","dateModified":"2015-06-16T08:27:16+00:00","description":"Rassegna Stampa Cattolica - Per una cultura che nasce dalla Rivelazione cristiana in conformit\u00e0 alla tradizione e al Magistero della Chiesa in opposizione ad ogni relativismo e totalitarismo","breadcrumb":{"@id":"https:\/\/www.rassegnastampa-totustuus.it\/cattolica\/pubblicita-e-televisione-guida-alluso-consapevole\/#breadcrumb"},"inLanguage":"it-IT","potentialAction":[{"@type":"ReadAction","target":["https:\/\/www.rassegnastampa-totustuus.it\/cattolica\/pubblicita-e-televisione-guida-alluso-consapevole\/"]}]},{"@type":"ImageObject","inLanguage":"it-IT","@id":"https:\/\/www.rassegnastampa-totustuus.it\/cattolica\/pubblicita-e-televisione-guida-alluso-consapevole\/#primaryimage","url":"https:\/\/www.rassegnastampa-totustuus.it\/cattolica\/wp-content\/uploads\/2014\/07\/pubb_Ferrero1.jpg","contentUrl":"https:\/\/www.rassegnastampa-totustuus.it\/cattolica\/wp-content\/uploads\/2014\/07\/pubb_Ferrero1.jpg","width":288,"height":400},{"@type":"BreadcrumbList","@id":"https:\/\/www.rassegnastampa-totustuus.it\/cattolica\/pubblicita-e-televisione-guida-alluso-consapevole\/#breadcrumb","itemListElement":[{"@type":"ListItem","position":1,"name":"Home","item":"https:\/\/www.rassegnastampa-totustuus.it\/cattolica\/"},{"@type":"ListItem","position":2,"name":"Pubblicit\u00e0 e televisione: guida all\u2019uso consapevole"}]},{"@type":"WebSite","@id":"https:\/\/www.rassegnastampa-totustuus.it\/cattolica\/#website","url":"https:\/\/www.rassegnastampa-totustuus.it\/cattolica\/","name":"Rassegna Stampa Cattolica","description":"Per una cultura che nasce dalla Rivelazione cristiana in conformit\u00e0 alla tradizione e al Magistero della Chiesa in opposizione ad ogni relativismo e totalitarismo","publisher":{"@id":"https:\/\/www.rassegnastampa-totustuus.it\/cattolica\/#organization"},"alternateName":"Rass. Cattolica","potentialAction":[{"@type":"SearchAction","target":{"@type":"EntryPoint","urlTemplate":"https:\/\/www.rassegnastampa-totustuus.it\/cattolica\/?s={search_term_string}"},"query-input":{"@type":"PropertyValueSpecification","valueRequired":true,"valueName":"search_term_string"}}],"inLanguage":"it-IT"},{"@type":"Organization","@id":"https:\/\/www.rassegnastampa-totustuus.it\/cattolica\/#organization","name":"Rassegna Stampa Cattolica","url":"https:\/\/www.rassegnastampa-totustuus.it\/cattolica\/","logo":{"@type":"ImageObject","inLanguage":"it-IT","@id":"https:\/\/www.rassegnastampa-totustuus.it\/cattolica\/#\/schema\/logo\/image\/","url":"https:\/\/www.rassegnastampa-totustuus.it\/cattolica\/wp-content\/uploads\/2014\/04\/logo-rassegna1.gif","contentUrl":"https:\/\/www.rassegnastampa-totustuus.it\/cattolica\/wp-content\/uploads\/2014\/04\/logo-rassegna1.gif","width":600,"height":163,"caption":"Rassegna Stampa Cattolica"},"image":{"@id":"https:\/\/www.rassegnastampa-totustuus.it\/cattolica\/#\/schema\/logo\/image\/"},"sameAs":["https:\/\/www.facebook.com\/rassegnastampacattolica","https:\/\/x.com\/rassegnastampa9"]},{"@type":"Person","@id":"https:\/\/www.rassegnastampa-totustuus.it\/cattolica\/#\/schema\/person\/08f319d2bd1a0904ad9e2bfb7b15e5c3","name":"Redazione","image":{"@type":"ImageObject","inLanguage":"it-IT","@id":"https:\/\/secure.gravatar.com\/avatar\/2fcdf27c78ea025fbdb44e914cc63c72249ffec9dc8aafd5c82b26240ef3f346?s=96&d=mm&r=g","url":"https:\/\/secure.gravatar.com\/avatar\/2fcdf27c78ea025fbdb44e914cc63c72249ffec9dc8aafd5c82b26240ef3f346?s=96&d=mm&r=g","contentUrl":"https:\/\/secure.gravatar.com\/avatar\/2fcdf27c78ea025fbdb44e914cc63c72249ffec9dc8aafd5c82b26240ef3f346?s=96&d=mm&r=g","caption":"Redazione"},"url":"https:\/\/www.rassegnastampa-totustuus.it\/cattolica\/author\/pietroelle\/"}]}},"_links":{"self":[{"href":"https:\/\/www.rassegnastampa-totustuus.it\/cattolica\/wp-json\/wp\/v2\/posts\/8598","targetHints":{"allow":["GET"]}}],"collection":[{"href":"https:\/\/www.rassegnastampa-totustuus.it\/cattolica\/wp-json\/wp\/v2\/posts"}],"about":[{"href":"https:\/\/www.rassegnastampa-totustuus.it\/cattolica\/wp-json\/wp\/v2\/types\/post"}],"author":[{"embeddable":true,"href":"https:\/\/www.rassegnastampa-totustuus.it\/cattolica\/wp-json\/wp\/v2\/users\/6"}],"replies":[{"embeddable":true,"href":"https:\/\/www.rassegnastampa-totustuus.it\/cattolica\/wp-json\/wp\/v2\/comments?post=8598"}],"version-history":[{"count":3,"href":"https:\/\/www.rassegnastampa-totustuus.it\/cattolica\/wp-json\/wp\/v2\/posts\/8598\/revisions"}],"predecessor-version":[{"id":26329,"href":"https:\/\/www.rassegnastampa-totustuus.it\/cattolica\/wp-json\/wp\/v2\/posts\/8598\/revisions\/26329"}],"wp:featuredmedia":[{"embeddable":true,"href":"https:\/\/www.rassegnastampa-totustuus.it\/cattolica\/wp-json\/wp\/v2\/media\/8601"}],"wp:attachment":[{"href":"https:\/\/www.rassegnastampa-totustuus.it\/cattolica\/wp-json\/wp\/v2\/media?parent=8598"}],"wp:term":[{"taxonomy":"category","embeddable":true,"href":"https:\/\/www.rassegnastampa-totustuus.it\/cattolica\/wp-json\/wp\/v2\/categories?post=8598"},{"taxonomy":"post_tag","embeddable":true,"href":"https:\/\/www.rassegnastampa-totustuus.it\/cattolica\/wp-json\/wp\/v2\/tags?post=8598"}],"curies":[{"name":"wp","href":"https:\/\/api.w.org\/{rel}","templated":true}]}}