{"id":856,"date":"2005-07-10T00:00:00","date_gmt":"2005-07-09T22:00:00","guid":{"rendered":""},"modified":"2016-04-13T15:37:46","modified_gmt":"2016-04-13T13:37:46","slug":"israele-autorit-palestinese-troppe-le-ferite-ancora-aperte","status":"publish","type":"post","link":"https:\/\/www.rassegnastampa-totustuus.it\/cattolica\/israele-autorit-palestinese-troppe-le-ferite-ancora-aperte\/","title":{"rendered":"Israele. Autorit&agrave; palestinese: troppe le ferite ancora aperte"},"content":{"rendered":"<div style=\"text-align: center;\"><img loading=\"lazy\" decoding=\"async\" class=\"alignleft wp-image-32846\" src=\"https:\/\/www.rassegnastampa-totustuus.it\/cattolica\/wp-content\/uploads\/2005\/07\/israele_palestina.jpg\" alt=\"israele_palestina\" width=\"250\" height=\"164\" \/>Articolo pubblicato su <strong>Mondo e Missione<\/strong><\/div>\n<div style=\"text-align: center;\">n\u00b0 10 anno 2001<\/div>\n<p style=\"text-align: center;\"><strong>Camille Eid<\/strong> &#8211; <strong>Carlo Remeny<\/strong><\/p>\n<p><!--more--><\/p>\n<div style=\"text-align: justify;\">Ad oltre un anno dall&#8217;inizio della sanguinosa sollevazione popolare palestinese contro l&#8217;occupazione israeliana, appare evidente che la soluzione ai problemi non potr\u00e0 essere militare.\u00a0 Israele non \u00e8 in grado di domare con il terrore una rabbia diffusa nei suoi confronti. Come \u00e8 altrettanto vero che nessuna lotta di liberazione pu\u00f2 illudersi di conquistare il successo ricorrendo solo agli strumenti militari.<\/div>\n<p style=\"text-align: justify;\">Ci\u00f2 premesso, il rischio \u00e8 che i territori occupati continuino a bruciare, provocando morti, distruzioni, tensioni a livello regionale e mondiale e si arrivi, da qui a pochi anni, a vedere contrapposti uno Stato d&#8217;Israele provato dal terrore per gli attacchi continui e un&#8217;Autorit\u00e0 palestinese priva persino di Yasser Arafat per semplici ragioni anagrafiche.<\/p>\n<p style=\"text-align: justify;\">A seguito delle azioni terroristiche del settembre scorso, \u00e8 emersa con forza la necessit\u00e0 di trovare una soluzione ragionevole al problema palestinese. Ne hanno parlato gli Stati Uniti, la Gran Bretagna, lo stesso presidente del Consiglio italiano. Nessuno ha indicato per\u00f2 con chiarezza quale potrebbe essere il percorso e dove si dovrebbe approdare. Quali sono gli ostacoli?<\/p>\n<p style=\"text-align: justify;\">Lo Stato ebraico \u00e8 restio ad accettare qualsiasi piano di pace che vada a intaccare la situazione creata dalla sua politica di occupazione della Cisgiordania, di Gaza e di Gerusalemme Est. Gli accordi di pace di Oslo del 1993 rimandavano alla fase finale delle trattative ogni questione spinosa.<\/p>\n<p style=\"text-align: justify;\">Fu cos\u00ec che di rinvio in rinvio si giunse al drammatico vertice di Camp David, nell&#8217;estate 2000, dove Bill Clinton, prima di congedarsi dalla Casa bianca, tent\u00f2 il tutto per tutto per arrivare a un accordo veramente storico tra israeliani e palestinesi. Si \u00e8 detto che in quel vertice, durato a lungo, il premier Ehud Barak sia giunto a fare offerte che mai un altro israeliano si sarebbe sognato di fare a un palestinese. Se fosse vero, dovremmo prepararci a una guerra senza fine tra Stato d&#8217;Israele e popolo palestinese.<\/p>\n<p style=\"text-align: justify;\">Ma quali sono allora i punti che i palestinesi ritengono irrinunciabili per avviare un negoziato credibile? Sono il diritto al ritorno dei profughi in Palestina, sancito da una risoluzione dell&#8217;Assemblea generale dell&#8217;Onu nel dicembre 1948, lo smantellamento degli insediamenti ebraici all&#8217;interno dei territori che verranno resi ai palestinesi, territori che non possono essere di molto inferiori a quelli occupati nel 1967, e la cui restituzione \u00e8 prevista da risoluzioni Onu, quindi una continuit\u00e0 territoriale sotto l&#8217;egida del futuro governo palestinese in Cisgiordania, e la condivisione di Gerusalemme.<\/p>\n<p style=\"text-align: justify;\">Israele, per quel che concerne i profughi, ha replicato finora con un secco no, perch\u00e9 il loro ritorno comprometterebbe gli equilibri etnici. Secco no anche allo smantellamento degli oltre 150 insediamenti, in cui risiedono circa 200 mila coloni, che si rivolterebbero contro lo Stato. La loro capillare presenza sul territorio palestinese \u00e8 considerata come la migliore garanzia per la sicurezza dello Stato di Israele.<\/p>\n<p style=\"text-align: justify;\">Ancora un no per quanto riguarda la restituzione dei territori occupati nel 1967 per ragioni militari e non solo, come la possibilit\u00e0 di conservare il controllo delle scarse risorse d&#8217;acqua, a cui Israele tiene in modo particolare. Infine, no alla condivisione di Gerusalemme, dichiarata capitale &#8220;eterna e indivisibile&#8221; dello Stato d&#8217;Israele, nella cui parte araba risiedono altri 200 mila ebrei.<\/p>\n<p style=\"text-align: justify;\">Un anno abbondante d&#8217;intifada con un migliaio di morti, decine di migliaia di feriti anche gravissimi, danni economici incalcolabili da entrambe le parti (anche se \u00e8 giusto sottolineare come l&#8217;80 per cento delle vittime e dei danni sia stata palestinese), ha creato un clima di intolleranza in Israele e nei Territori occupati come forse non si era mai visto prima. Decine di bambini sono stati assassinati, dei soldati israeliani sono stati linciati e dei feriti palestinesi sono stati finiti brutalmente da soldati israeliani inviperiti per la morte di un commilitone.<\/p>\n<p style=\"text-align: justify;\">Una settantina di dirigenti politici palestinesi sono stati assassinati da parte israeliana in una sistematica campagna &#8220;di difesa attiva&#8221; che ha suscitato la condanna di tutta la comunit\u00e0 internazionale. \u00c8 stato ucciso, per la prima volta nella storia dello Stato ebraico, anche un ministro israeliano, Rehavam Zeevi, responsabile per il turismo, noto per aver sostenuto nel corso della sua lunga carriera politica la necessit\u00e0 di trasferire nei Paesi arabi la popolazione palestinese di Gaza e Cisgiordania: una sorta di pulizia etnica.<\/p>\n<p style=\"text-align: justify;\">Attentati in discoteche e pizzerie israeliane e massacri nei villaggi palestinesi, con rioccupazione delle citt\u00e0 dell&#8217;Autorit\u00e0 palestinese, si sono susseguiti in questi mesi.<\/p>\n<p style=\"text-align: justify;\">Ci si \u00e8 aggrappati per mesi al cosiddetto &#8220;Piano Mitchell&#8221;, dal nome dell&#8217;ex senatore americano che ha guidato una commissione d&#8217;inchiesta internazionale nei Territori, per tentare di arginare la violenza. Ma \u00e8 apparso evidente che priorit\u00e0 e obiettivi da parte israeliana e palestinese erano completamente differenti.<\/p>\n<p style=\"text-align: justify;\">Sharon voleva e vuole tuttora la fine dell&#8217;intifada, l&#8217;arresto degli attivisti che l&#8217;hanno guidata, la punizione di quelli che hanno compiuto operazioni anti-israeliane; solo dopo sarebbe disposto a discutere del congelamento degli insediamenti, previsto dal Piano. Intanto, per\u00f2 ha fatto sapere, attraverso un&#8217;intervista a un quotidiano britannico, l&#8217;intenzione di portare un altro milione di ebrei della diaspora in Israele.<\/p>\n<p style=\"text-align: justify;\">Si vocifera che il governo israeliano, in modo particolare il ministro degli Esteri Peres, potrebbe essere disposto a riconoscere uno staterello palestinese sull&#8217;area della striscia di Gaza, dove vivono circa 1 milione e 100 mila palestinesi e da dove 6.500 coloni potrebbero essere evacuati senza gravi rinunce.<\/p>\n<p style=\"text-align: justify;\">A quest&#8217;area Arafat dovrebbe poter aggiungere le enclave palestinesi gi\u00e0 amministrate in Cisgiordania. Da qui la voce insistente che vorrebbe imminente l&#8217;annuncio di uno Stato palestinese, smentito tuttavia dallo stesso Arafat. Un progetto di questo genere, se dovesse essere accettato dall&#8217;Autorit\u00e0 palestinese, porterebbe a una guerra civile.<\/p>\n<p style=\"text-align: justify;\">Interrogato di recente dalla Bbc, Marwan Barghouti, uno dei leader che si sono affermati durante questa intifada, e che tra l&#8217;altro \u00e8 anche il segretario del partito di Arafat in Cisgiordania, ha dichiarato che la rivolta durer\u00e0 fino al raggiungimento del suo obiettivo: la liberazione dei Territori occupati e la nascita di uno Stato palestinese indipendente. Se ci\u00f2 dovesse essere vero, Israele non rischia di essere sopraffatto militarmente, ma piuttosto corre il pericolo di diventare un problema grave sia per i suoi stessi cittadini che per la comunit\u00e0 internazionale, Stati Uniti compresi.<\/p>\n<p style=\"text-align: justify;\">Un problema per i cittadini israeliani che gi\u00e0 adesso non si sentono abbastanza protetti, chiedono il pugno di ferro e nei sondaggi rispondono a stragrande maggioranza di approvare la politica di assassinio dei dirigenti palestinesi.<\/p>\n<p style=\"text-align: justify;\">Ma emerge anche il problema di quanta democrazia Israele sia disposto a concedere a quel 20 per cento della popolazione che \u00e8 di origine araba e che viene gi\u00e0 pesantemente discriminata da una serie di leggi. Ricordiamo, tra gli altri, il diritto di espropriare i terreni arabi, il divieto agli arabi di svolgere servizio militare e di conseguenza l&#8217;accesso agli studi superiori gratuiti.<\/p>\n<p style=\"text-align: justify;\">Non vanno poi dimenticati altri episodi che hanno fatto alzare il tono dello scontro: la revoca dell&#8217;immunit\u00e0 a un deputato arabo eletto al Parlamento israeliano per\u00a0aver espresso simpatia agli Hezbollah libanesi; la richiesta di togliere il documento di residenza israeliano alla palestinese (cristiana) Hanan Ashrawi, residente a Gerusalemme Est e portavoce della Lega Araba; la proposta di legge per impedire la partecipazione alle elezioni a partiti arabi che appoggiano la lotta contro Israele e infine il massacro di 13 arabo-israeliani compiuto nell&#8217;ottobre 2000 dai poliziotti israeliani.<\/p>\n<p style=\"text-align: justify;\">Ci sono in ultimo le pesanti conseguenze internazionali della mancata soluzione alla controversia israelo-palestinese, con gli Osama Bin Laden di turno che hanno gioco facile a richiamare alla memoria che in Palestina da oltre 50 anni dura una situazione d&#8217;ingiustizia a cui sembra non si voglia porre rimedio.<\/p>\n<p style=\"text-align: justify;\"><strong>Cronologia<\/strong><\/p>\n<p style=\"text-align: justify;\"><strong>2000<\/strong><\/p>\n<p style=\"text-align: justify;\"><strong>28 settembre.<\/strong> Visita provocatoria di Ariel Sharon sulla Spianata delle moschee a Gerusalemme. Scoppia la seconda intifada.<br \/>\n<strong>16-17 ottobre.<\/strong> Per fermare la violenza, vertice a Sharm el-Sheikh, in Egitto e creazione di una commissione d&#8217;inchiesta guidata dal&#8217;ex senatore Usa Mitchell.<br \/>\n<strong>9 dicembre.<\/strong> Ehud Barak annuncia le sue dimissioni da premier.<\/p>\n<p><strong>2001<\/strong><\/p>\n<p style=\"text-align: justify;\"><strong>28 gennaio.<\/strong> Fallimento, dopo una settimana di trattative, dei negoziati di Taba (Egitto).<br \/>\n<strong>6 febbraio.<\/strong> Vittoria elettorale di Sharon. Porter\u00e0 alla formazione di un governo di unit\u00e0 nazionale in Israele.<br \/>\n<strong>27 marzo.<\/strong> Veto americano al dispiegamento di un forza di protezione dei palestinesi nei Territori.<\/p>\n<div style=\"text-align: justify;\" align=\"justify\"><strong>4 maggio.<\/strong> Il &#8220;Piano Mitchell&#8221; preconizza la fine della violenza e il blocco delle colonie per la ripresa dei negoziati.<br \/>\n<strong>1 giugno.<\/strong> Un kamikaze provoca 20 morti in una discoteca di Tel Aviv.<br \/>\n<strong>13 giugno.<\/strong> Entra in vigore il cessate il fuoco ottenuto da George Tenet, capo della Cia.<br \/>\n<strong>9 agosto.<\/strong> Attentato contro una pizzeria di Gerusalemme: 17 morti .<br \/>\n<strong>28 agosto.<\/strong> Incursione israeliana all&#8217;interno dei Territori autonomi palestinesi.<br \/>\n<strong>12 settembre.<\/strong> All&#8217;indomani degli attentati terroristici in America, l&#8217;esercito israeliano sospende tutte le &#8220;operazioni offensive&#8221; contro i palestinesi, mentre Arafat proclama il cessate il fuoco.<br \/>\n<strong>26 settembre.<\/strong> Primo incontro Arafat-Peres in tre mesi. Il premier Sharon chiede il blocco totale della violenza per dare il suo assenso alla riunione.<\/div>\n","protected":false},"excerpt":{"rendered":"<p>Articolo pubblicato su Mondo e Missione n\u00b0 10 anno 2001 Camille Eid &#8211; Carlo Remeny<\/p><p><a class=\"more-link btn\" href=\"https:\/\/www.rassegnastampa-totustuus.it\/cattolica\/israele-autorit-palestinese-troppe-le-ferite-ancora-aperte\/\">Continua a leggere<\/a><\/p>\n","protected":false},"author":6,"featured_media":32846,"comment_status":"closed","ping_status":"open","sticky":false,"template":"","format":"standard","meta":{"footnotes":""},"categories":[75,108],"tags":[2400],"class_list":["post-856","post","type-post","status-publish","format-standard","has-post-thumbnail","hentry","category-israele","category-paesi-e-continenti","tag-israele","item-wrap"],"yoast_head":"<!-- This site is optimized with the Yoast SEO plugin v27.5 - https:\/\/yoast.com\/product\/yoast-seo-wordpress\/ -->\n<title>Israele. Autorit&agrave; palestinese: troppe le ferite ancora aperte - Rassegna Stampa Cattolica<\/title>\n<meta name=\"description\" content=\"Rassegna Stampa Cattolica - Per una cultura che nasce dalla Rivelazione cristiana in conformit\u00e0 alla tradizione e al Magistero della Chiesa in opposizione ad ogni relativismo e totalitarismo\" \/>\n<meta name=\"robots\" content=\"index, follow, max-snippet:-1, max-image-preview:large, max-video-preview:-1\" \/>\n<link rel=\"canonical\" href=\"https:\/\/www.rassegnastampa-totustuus.it\/cattolica\/israele-autorit-palestinese-troppe-le-ferite-ancora-aperte\/\" \/>\n<meta property=\"og:locale\" content=\"it_IT\" \/>\n<meta property=\"og:type\" content=\"article\" \/>\n<meta property=\"og:title\" content=\"Israele. Autorit&agrave; palestinese: troppe le ferite ancora aperte - Rassegna Stampa Cattolica\" \/>\n<meta property=\"og:description\" content=\"Rassegna Stampa Cattolica - Per una cultura che nasce dalla Rivelazione cristiana in conformit\u00e0 alla tradizione e al Magistero della Chiesa in opposizione ad ogni relativismo e totalitarismo\" \/>\n<meta property=\"og:url\" content=\"https:\/\/www.rassegnastampa-totustuus.it\/cattolica\/israele-autorit-palestinese-troppe-le-ferite-ancora-aperte\/\" \/>\n<meta property=\"og:site_name\" content=\"Rassegna Stampa Cattolica\" \/>\n<meta property=\"article:publisher\" content=\"https:\/\/www.facebook.com\/rassegnastampacattolica\" \/>\n<meta property=\"article:published_time\" content=\"2005-07-09T22:00:00+00:00\" \/>\n<meta property=\"article:modified_time\" content=\"2016-04-13T13:37:46+00:00\" \/>\n<meta property=\"og:image\" content=\"https:\/\/www.rassegnastampa-totustuus.it\/cattolica\/wp-content\/uploads\/2005\/07\/israele_palestina.jpg\" \/>\n\t<meta property=\"og:image:width\" content=\"277\" \/>\n\t<meta property=\"og:image:height\" content=\"182\" \/>\n\t<meta property=\"og:image:type\" content=\"image\/jpeg\" \/>\n<meta name=\"author\" content=\"Redazione\" \/>\n<meta name=\"twitter:card\" content=\"summary_large_image\" \/>\n<meta name=\"twitter:creator\" content=\"@rassegnastampa9\" \/>\n<meta name=\"twitter:site\" content=\"@rassegnastampa9\" \/>\n<meta name=\"twitter:label1\" content=\"Scritto da\" \/>\n\t<meta name=\"twitter:data1\" content=\"Redazione\" \/>\n\t<meta name=\"twitter:label2\" content=\"Tempo di lettura stimato\" \/>\n\t<meta name=\"twitter:data2\" content=\"7 minuti\" \/>\n<script type=\"application\/ld+json\" class=\"yoast-schema-graph\">{\"@context\":\"https:\\\/\\\/schema.org\",\"@graph\":[{\"@type\":\"Article\",\"@id\":\"https:\\\/\\\/www.rassegnastampa-totustuus.it\\\/cattolica\\\/israele-autorit-palestinese-troppe-le-ferite-ancora-aperte\\\/#article\",\"isPartOf\":{\"@id\":\"https:\\\/\\\/www.rassegnastampa-totustuus.it\\\/cattolica\\\/israele-autorit-palestinese-troppe-le-ferite-ancora-aperte\\\/\"},\"author\":{\"name\":\"Redazione\",\"@id\":\"https:\\\/\\\/www.rassegnastampa-totustuus.it\\\/cattolica\\\/#\\\/schema\\\/person\\\/08f319d2bd1a0904ad9e2bfb7b15e5c3\"},\"headline\":\"Israele. Autorit&agrave; palestinese: troppe le ferite ancora aperte\",\"datePublished\":\"2005-07-09T22:00:00+00:00\",\"dateModified\":\"2016-04-13T13:37:46+00:00\",\"mainEntityOfPage\":{\"@id\":\"https:\\\/\\\/www.rassegnastampa-totustuus.it\\\/cattolica\\\/israele-autorit-palestinese-troppe-le-ferite-ancora-aperte\\\/\"},\"wordCount\":1465,\"publisher\":{\"@id\":\"https:\\\/\\\/www.rassegnastampa-totustuus.it\\\/cattolica\\\/#organization\"},\"image\":{\"@id\":\"https:\\\/\\\/www.rassegnastampa-totustuus.it\\\/cattolica\\\/israele-autorit-palestinese-troppe-le-ferite-ancora-aperte\\\/#primaryimage\"},\"thumbnailUrl\":\"https:\\\/\\\/www.rassegnastampa-totustuus.it\\\/cattolica\\\/wp-content\\\/uploads\\\/2005\\\/07\\\/israele_palestina.jpg\",\"keywords\":[\"Israele\"],\"articleSection\":[\"Israele\",\"Paesi e continenti\"],\"inLanguage\":\"it-IT\"},{\"@type\":\"WebPage\",\"@id\":\"https:\\\/\\\/www.rassegnastampa-totustuus.it\\\/cattolica\\\/israele-autorit-palestinese-troppe-le-ferite-ancora-aperte\\\/\",\"url\":\"https:\\\/\\\/www.rassegnastampa-totustuus.it\\\/cattolica\\\/israele-autorit-palestinese-troppe-le-ferite-ancora-aperte\\\/\",\"name\":\"Israele. Autorit&agrave; palestinese: troppe le ferite ancora aperte - Rassegna Stampa Cattolica\",\"isPartOf\":{\"@id\":\"https:\\\/\\\/www.rassegnastampa-totustuus.it\\\/cattolica\\\/#website\"},\"primaryImageOfPage\":{\"@id\":\"https:\\\/\\\/www.rassegnastampa-totustuus.it\\\/cattolica\\\/israele-autorit-palestinese-troppe-le-ferite-ancora-aperte\\\/#primaryimage\"},\"image\":{\"@id\":\"https:\\\/\\\/www.rassegnastampa-totustuus.it\\\/cattolica\\\/israele-autorit-palestinese-troppe-le-ferite-ancora-aperte\\\/#primaryimage\"},\"thumbnailUrl\":\"https:\\\/\\\/www.rassegnastampa-totustuus.it\\\/cattolica\\\/wp-content\\\/uploads\\\/2005\\\/07\\\/israele_palestina.jpg\",\"datePublished\":\"2005-07-09T22:00:00+00:00\",\"dateModified\":\"2016-04-13T13:37:46+00:00\",\"description\":\"Rassegna Stampa Cattolica - Per una cultura che nasce dalla Rivelazione cristiana in conformit\u00e0 alla tradizione e al Magistero della Chiesa in opposizione ad ogni relativismo e totalitarismo\",\"breadcrumb\":{\"@id\":\"https:\\\/\\\/www.rassegnastampa-totustuus.it\\\/cattolica\\\/israele-autorit-palestinese-troppe-le-ferite-ancora-aperte\\\/#breadcrumb\"},\"inLanguage\":\"it-IT\",\"potentialAction\":[{\"@type\":\"ReadAction\",\"target\":[\"https:\\\/\\\/www.rassegnastampa-totustuus.it\\\/cattolica\\\/israele-autorit-palestinese-troppe-le-ferite-ancora-aperte\\\/\"]}]},{\"@type\":\"ImageObject\",\"inLanguage\":\"it-IT\",\"@id\":\"https:\\\/\\\/www.rassegnastampa-totustuus.it\\\/cattolica\\\/israele-autorit-palestinese-troppe-le-ferite-ancora-aperte\\\/#primaryimage\",\"url\":\"https:\\\/\\\/www.rassegnastampa-totustuus.it\\\/cattolica\\\/wp-content\\\/uploads\\\/2005\\\/07\\\/israele_palestina.jpg\",\"contentUrl\":\"https:\\\/\\\/www.rassegnastampa-totustuus.it\\\/cattolica\\\/wp-content\\\/uploads\\\/2005\\\/07\\\/israele_palestina.jpg\",\"width\":277,\"height\":182},{\"@type\":\"BreadcrumbList\",\"@id\":\"https:\\\/\\\/www.rassegnastampa-totustuus.it\\\/cattolica\\\/israele-autorit-palestinese-troppe-le-ferite-ancora-aperte\\\/#breadcrumb\",\"itemListElement\":[{\"@type\":\"ListItem\",\"position\":1,\"name\":\"Home\",\"item\":\"https:\\\/\\\/www.rassegnastampa-totustuus.it\\\/cattolica\\\/\"},{\"@type\":\"ListItem\",\"position\":2,\"name\":\"Israele. Autorit&agrave; palestinese: troppe le ferite ancora aperte\"}]},{\"@type\":\"WebSite\",\"@id\":\"https:\\\/\\\/www.rassegnastampa-totustuus.it\\\/cattolica\\\/#website\",\"url\":\"https:\\\/\\\/www.rassegnastampa-totustuus.it\\\/cattolica\\\/\",\"name\":\"Rassegna Stampa Cattolica\",\"description\":\"Per una cultura che nasce dalla Rivelazione cristiana in conformit\u00e0 alla tradizione e al Magistero della Chiesa in opposizione ad ogni relativismo e totalitarismo\",\"publisher\":{\"@id\":\"https:\\\/\\\/www.rassegnastampa-totustuus.it\\\/cattolica\\\/#organization\"},\"alternateName\":\"Rass. Cattolica\",\"potentialAction\":[{\"@type\":\"SearchAction\",\"target\":{\"@type\":\"EntryPoint\",\"urlTemplate\":\"https:\\\/\\\/www.rassegnastampa-totustuus.it\\\/cattolica\\\/?s={search_term_string}\"},\"query-input\":{\"@type\":\"PropertyValueSpecification\",\"valueRequired\":true,\"valueName\":\"search_term_string\"}}],\"inLanguage\":\"it-IT\"},{\"@type\":\"Organization\",\"@id\":\"https:\\\/\\\/www.rassegnastampa-totustuus.it\\\/cattolica\\\/#organization\",\"name\":\"Rassegna Stampa Cattolica\",\"url\":\"https:\\\/\\\/www.rassegnastampa-totustuus.it\\\/cattolica\\\/\",\"logo\":{\"@type\":\"ImageObject\",\"inLanguage\":\"it-IT\",\"@id\":\"https:\\\/\\\/www.rassegnastampa-totustuus.it\\\/cattolica\\\/#\\\/schema\\\/logo\\\/image\\\/\",\"url\":\"https:\\\/\\\/www.rassegnastampa-totustuus.it\\\/cattolica\\\/wp-content\\\/uploads\\\/2014\\\/04\\\/logo-rassegna1.gif\",\"contentUrl\":\"https:\\\/\\\/www.rassegnastampa-totustuus.it\\\/cattolica\\\/wp-content\\\/uploads\\\/2014\\\/04\\\/logo-rassegna1.gif\",\"width\":600,\"height\":163,\"caption\":\"Rassegna Stampa Cattolica\"},\"image\":{\"@id\":\"https:\\\/\\\/www.rassegnastampa-totustuus.it\\\/cattolica\\\/#\\\/schema\\\/logo\\\/image\\\/\"},\"sameAs\":[\"https:\\\/\\\/www.facebook.com\\\/rassegnastampacattolica\",\"https:\\\/\\\/x.com\\\/rassegnastampa9\"]},{\"@type\":\"Person\",\"@id\":\"https:\\\/\\\/www.rassegnastampa-totustuus.it\\\/cattolica\\\/#\\\/schema\\\/person\\\/08f319d2bd1a0904ad9e2bfb7b15e5c3\",\"name\":\"Redazione\",\"image\":{\"@type\":\"ImageObject\",\"inLanguage\":\"it-IT\",\"@id\":\"https:\\\/\\\/secure.gravatar.com\\\/avatar\\\/2fcdf27c78ea025fbdb44e914cc63c72249ffec9dc8aafd5c82b26240ef3f346?s=96&d=mm&r=g\",\"url\":\"https:\\\/\\\/secure.gravatar.com\\\/avatar\\\/2fcdf27c78ea025fbdb44e914cc63c72249ffec9dc8aafd5c82b26240ef3f346?s=96&d=mm&r=g\",\"contentUrl\":\"https:\\\/\\\/secure.gravatar.com\\\/avatar\\\/2fcdf27c78ea025fbdb44e914cc63c72249ffec9dc8aafd5c82b26240ef3f346?s=96&d=mm&r=g\",\"caption\":\"Redazione\"},\"url\":\"https:\\\/\\\/www.rassegnastampa-totustuus.it\\\/cattolica\\\/author\\\/pietroelle\\\/\"}]}<\/script>\n<!-- \/ Yoast SEO plugin. -->","yoast_head_json":{"title":"Israele. Autorit&agrave; palestinese: troppe le ferite ancora aperte - Rassegna Stampa Cattolica","description":"Rassegna Stampa Cattolica - Per una cultura che nasce dalla Rivelazione cristiana in conformit\u00e0 alla tradizione e al Magistero della Chiesa in opposizione ad ogni relativismo e totalitarismo","robots":{"index":"index","follow":"follow","max-snippet":"max-snippet:-1","max-image-preview":"max-image-preview:large","max-video-preview":"max-video-preview:-1"},"canonical":"https:\/\/www.rassegnastampa-totustuus.it\/cattolica\/israele-autorit-palestinese-troppe-le-ferite-ancora-aperte\/","og_locale":"it_IT","og_type":"article","og_title":"Israele. Autorit&agrave; palestinese: troppe le ferite ancora aperte - Rassegna Stampa Cattolica","og_description":"Rassegna Stampa Cattolica - Per una cultura che nasce dalla Rivelazione cristiana in conformit\u00e0 alla tradizione e al Magistero della Chiesa in opposizione ad ogni relativismo e totalitarismo","og_url":"https:\/\/www.rassegnastampa-totustuus.it\/cattolica\/israele-autorit-palestinese-troppe-le-ferite-ancora-aperte\/","og_site_name":"Rassegna Stampa Cattolica","article_publisher":"https:\/\/www.facebook.com\/rassegnastampacattolica","article_published_time":"2005-07-09T22:00:00+00:00","article_modified_time":"2016-04-13T13:37:46+00:00","og_image":[{"width":277,"height":182,"url":"https:\/\/www.rassegnastampa-totustuus.it\/cattolica\/wp-content\/uploads\/2005\/07\/israele_palestina.jpg","type":"image\/jpeg"}],"author":"Redazione","twitter_card":"summary_large_image","twitter_creator":"@rassegnastampa9","twitter_site":"@rassegnastampa9","twitter_misc":{"Scritto da":"Redazione","Tempo di lettura stimato":"7 minuti"},"schema":{"@context":"https:\/\/schema.org","@graph":[{"@type":"Article","@id":"https:\/\/www.rassegnastampa-totustuus.it\/cattolica\/israele-autorit-palestinese-troppe-le-ferite-ancora-aperte\/#article","isPartOf":{"@id":"https:\/\/www.rassegnastampa-totustuus.it\/cattolica\/israele-autorit-palestinese-troppe-le-ferite-ancora-aperte\/"},"author":{"name":"Redazione","@id":"https:\/\/www.rassegnastampa-totustuus.it\/cattolica\/#\/schema\/person\/08f319d2bd1a0904ad9e2bfb7b15e5c3"},"headline":"Israele. Autorit&agrave; palestinese: troppe le ferite ancora aperte","datePublished":"2005-07-09T22:00:00+00:00","dateModified":"2016-04-13T13:37:46+00:00","mainEntityOfPage":{"@id":"https:\/\/www.rassegnastampa-totustuus.it\/cattolica\/israele-autorit-palestinese-troppe-le-ferite-ancora-aperte\/"},"wordCount":1465,"publisher":{"@id":"https:\/\/www.rassegnastampa-totustuus.it\/cattolica\/#organization"},"image":{"@id":"https:\/\/www.rassegnastampa-totustuus.it\/cattolica\/israele-autorit-palestinese-troppe-le-ferite-ancora-aperte\/#primaryimage"},"thumbnailUrl":"https:\/\/www.rassegnastampa-totustuus.it\/cattolica\/wp-content\/uploads\/2005\/07\/israele_palestina.jpg","keywords":["Israele"],"articleSection":["Israele","Paesi e continenti"],"inLanguage":"it-IT"},{"@type":"WebPage","@id":"https:\/\/www.rassegnastampa-totustuus.it\/cattolica\/israele-autorit-palestinese-troppe-le-ferite-ancora-aperte\/","url":"https:\/\/www.rassegnastampa-totustuus.it\/cattolica\/israele-autorit-palestinese-troppe-le-ferite-ancora-aperte\/","name":"Israele. Autorit&agrave; palestinese: troppe le ferite ancora aperte - Rassegna Stampa Cattolica","isPartOf":{"@id":"https:\/\/www.rassegnastampa-totustuus.it\/cattolica\/#website"},"primaryImageOfPage":{"@id":"https:\/\/www.rassegnastampa-totustuus.it\/cattolica\/israele-autorit-palestinese-troppe-le-ferite-ancora-aperte\/#primaryimage"},"image":{"@id":"https:\/\/www.rassegnastampa-totustuus.it\/cattolica\/israele-autorit-palestinese-troppe-le-ferite-ancora-aperte\/#primaryimage"},"thumbnailUrl":"https:\/\/www.rassegnastampa-totustuus.it\/cattolica\/wp-content\/uploads\/2005\/07\/israele_palestina.jpg","datePublished":"2005-07-09T22:00:00+00:00","dateModified":"2016-04-13T13:37:46+00:00","description":"Rassegna Stampa Cattolica - Per una cultura che nasce dalla Rivelazione cristiana in conformit\u00e0 alla tradizione e al Magistero della Chiesa in opposizione ad ogni relativismo e totalitarismo","breadcrumb":{"@id":"https:\/\/www.rassegnastampa-totustuus.it\/cattolica\/israele-autorit-palestinese-troppe-le-ferite-ancora-aperte\/#breadcrumb"},"inLanguage":"it-IT","potentialAction":[{"@type":"ReadAction","target":["https:\/\/www.rassegnastampa-totustuus.it\/cattolica\/israele-autorit-palestinese-troppe-le-ferite-ancora-aperte\/"]}]},{"@type":"ImageObject","inLanguage":"it-IT","@id":"https:\/\/www.rassegnastampa-totustuus.it\/cattolica\/israele-autorit-palestinese-troppe-le-ferite-ancora-aperte\/#primaryimage","url":"https:\/\/www.rassegnastampa-totustuus.it\/cattolica\/wp-content\/uploads\/2005\/07\/israele_palestina.jpg","contentUrl":"https:\/\/www.rassegnastampa-totustuus.it\/cattolica\/wp-content\/uploads\/2005\/07\/israele_palestina.jpg","width":277,"height":182},{"@type":"BreadcrumbList","@id":"https:\/\/www.rassegnastampa-totustuus.it\/cattolica\/israele-autorit-palestinese-troppe-le-ferite-ancora-aperte\/#breadcrumb","itemListElement":[{"@type":"ListItem","position":1,"name":"Home","item":"https:\/\/www.rassegnastampa-totustuus.it\/cattolica\/"},{"@type":"ListItem","position":2,"name":"Israele. Autorit&agrave; palestinese: troppe le ferite ancora aperte"}]},{"@type":"WebSite","@id":"https:\/\/www.rassegnastampa-totustuus.it\/cattolica\/#website","url":"https:\/\/www.rassegnastampa-totustuus.it\/cattolica\/","name":"Rassegna Stampa Cattolica","description":"Per una cultura che nasce dalla Rivelazione cristiana in conformit\u00e0 alla tradizione e al Magistero della Chiesa in opposizione ad ogni relativismo e totalitarismo","publisher":{"@id":"https:\/\/www.rassegnastampa-totustuus.it\/cattolica\/#organization"},"alternateName":"Rass. Cattolica","potentialAction":[{"@type":"SearchAction","target":{"@type":"EntryPoint","urlTemplate":"https:\/\/www.rassegnastampa-totustuus.it\/cattolica\/?s={search_term_string}"},"query-input":{"@type":"PropertyValueSpecification","valueRequired":true,"valueName":"search_term_string"}}],"inLanguage":"it-IT"},{"@type":"Organization","@id":"https:\/\/www.rassegnastampa-totustuus.it\/cattolica\/#organization","name":"Rassegna Stampa Cattolica","url":"https:\/\/www.rassegnastampa-totustuus.it\/cattolica\/","logo":{"@type":"ImageObject","inLanguage":"it-IT","@id":"https:\/\/www.rassegnastampa-totustuus.it\/cattolica\/#\/schema\/logo\/image\/","url":"https:\/\/www.rassegnastampa-totustuus.it\/cattolica\/wp-content\/uploads\/2014\/04\/logo-rassegna1.gif","contentUrl":"https:\/\/www.rassegnastampa-totustuus.it\/cattolica\/wp-content\/uploads\/2014\/04\/logo-rassegna1.gif","width":600,"height":163,"caption":"Rassegna Stampa Cattolica"},"image":{"@id":"https:\/\/www.rassegnastampa-totustuus.it\/cattolica\/#\/schema\/logo\/image\/"},"sameAs":["https:\/\/www.facebook.com\/rassegnastampacattolica","https:\/\/x.com\/rassegnastampa9"]},{"@type":"Person","@id":"https:\/\/www.rassegnastampa-totustuus.it\/cattolica\/#\/schema\/person\/08f319d2bd1a0904ad9e2bfb7b15e5c3","name":"Redazione","image":{"@type":"ImageObject","inLanguage":"it-IT","@id":"https:\/\/secure.gravatar.com\/avatar\/2fcdf27c78ea025fbdb44e914cc63c72249ffec9dc8aafd5c82b26240ef3f346?s=96&d=mm&r=g","url":"https:\/\/secure.gravatar.com\/avatar\/2fcdf27c78ea025fbdb44e914cc63c72249ffec9dc8aafd5c82b26240ef3f346?s=96&d=mm&r=g","contentUrl":"https:\/\/secure.gravatar.com\/avatar\/2fcdf27c78ea025fbdb44e914cc63c72249ffec9dc8aafd5c82b26240ef3f346?s=96&d=mm&r=g","caption":"Redazione"},"url":"https:\/\/www.rassegnastampa-totustuus.it\/cattolica\/author\/pietroelle\/"}]}},"_links":{"self":[{"href":"https:\/\/www.rassegnastampa-totustuus.it\/cattolica\/wp-json\/wp\/v2\/posts\/856","targetHints":{"allow":["GET"]}}],"collection":[{"href":"https:\/\/www.rassegnastampa-totustuus.it\/cattolica\/wp-json\/wp\/v2\/posts"}],"about":[{"href":"https:\/\/www.rassegnastampa-totustuus.it\/cattolica\/wp-json\/wp\/v2\/types\/post"}],"author":[{"embeddable":true,"href":"https:\/\/www.rassegnastampa-totustuus.it\/cattolica\/wp-json\/wp\/v2\/users\/6"}],"replies":[{"embeddable":true,"href":"https:\/\/www.rassegnastampa-totustuus.it\/cattolica\/wp-json\/wp\/v2\/comments?post=856"}],"version-history":[{"count":6,"href":"https:\/\/www.rassegnastampa-totustuus.it\/cattolica\/wp-json\/wp\/v2\/posts\/856\/revisions"}],"predecessor-version":[{"id":32847,"href":"https:\/\/www.rassegnastampa-totustuus.it\/cattolica\/wp-json\/wp\/v2\/posts\/856\/revisions\/32847"}],"wp:featuredmedia":[{"embeddable":true,"href":"https:\/\/www.rassegnastampa-totustuus.it\/cattolica\/wp-json\/wp\/v2\/media\/32846"}],"wp:attachment":[{"href":"https:\/\/www.rassegnastampa-totustuus.it\/cattolica\/wp-json\/wp\/v2\/media?parent=856"}],"wp:term":[{"taxonomy":"category","embeddable":true,"href":"https:\/\/www.rassegnastampa-totustuus.it\/cattolica\/wp-json\/wp\/v2\/categories?post=856"},{"taxonomy":"post_tag","embeddable":true,"href":"https:\/\/www.rassegnastampa-totustuus.it\/cattolica\/wp-json\/wp\/v2\/tags?post=856"}],"curies":[{"name":"wp","href":"https:\/\/api.w.org\/{rel}","templated":true}]}}