{"id":855,"date":"2005-07-10T00:00:00","date_gmt":"2005-07-09T22:00:00","guid":{"rendered":""},"modified":"2016-03-17T16:42:58","modified_gmt":"2016-03-17T15:42:58","slug":"il-problema-insolubile-di-gerusalemme","status":"publish","type":"post","link":"https:\/\/www.rassegnastampa-totustuus.it\/cattolica\/il-problema-insolubile-di-gerusalemme\/","title":{"rendered":"Il problema insolubile di Gerusalemme"},"content":{"rendered":"<div style=\"text-align: center;\" align=\"center\"><img loading=\"lazy\" decoding=\"async\" class=\"alignright wp-image-31909\" src=\"https:\/\/www.rassegnastampa-totustuus.it\/cattolica\/wp-content\/uploads\/2005\/07\/Gerusalemme.jpg\" alt=\"Gerusalemme\" width=\"250\" height=\"140\" \/>Articolo pubblicato su <strong>Il Giornale<\/strong><\/div>\n<p style=\"text-align: center;\">di <strong>Rino Cammilleri<\/strong><\/p>\n<p style=\"text-align: justify;\">Finalmente il rospo \u00e8 uscito dallo stomaco: il problema di Gerusalemme \u00e8 religioso. Dunque insolubile. Certo, per molti non \u00e8 una novit\u00e0; ma i pi\u00f9, assuefatti a interpretazioni &#8220;economiche&#8221; o &#8220;politiche&#8221;, facevano fatica a comprendere quanto che sta succedendo da quelle parti, e proprio mentre i negoziati di Camp David sembravano agli ultimi sgoccioli.<\/p>\n<p style=\"text-align: justify;\"><!--more--><\/p>\n<p style=\"text-align: justify;\">Perch\u00e9 i palestinesi paiono quelli che hanno mandato le carte all\u2019aria con tutto il tavolo? Perch\u00e9 proprio adesso? Perch\u00e9, stando a quel che dice Nabil Shaat (ministro palestinese per la Progettazione e la Cooperazione internazionale), Barak ha tirato fuori all\u2019ultimo momento il coniglio dal cilindro, rivendicando a Israele la Montagna del Tempio. Che per i musulmani \u00e8 Haram el Sharif, la Spianata delle Moschee, uno dei luoghi pi\u00f9 sacri dell\u2019islam.<\/p>\n<p style=\"text-align: justify;\">Ci sono, s\u00ec, altri temi da trattativa: le frontiere, il ritorno dei profughi, l\u2019accesso alla preziosissima acqua. Ma su questi \u00e8 relativamente facile mettersi d\u2019accordo, perch\u00e9 in casi del genere prevale il principio di Paperon de\u2019 Paperoni: meglio sedere in due su un mucchio di dollari che da soli su un mucchio di rovine. Il che manda a gambe levate la visuale marxista della storia, il cui unico motore sarebbe l\u2019economia.<\/p>\n<p style=\"text-align: justify;\">Invece, \u00e8 proprio vero il contrario: per i problemi concreti un compromesso prima o poi si trova. Non cos\u00ec per le idee. Soprattutto quelle che non dipendono dagli uomini ma dalla Divinit\u00e0. Per queste, ci si scanna. La storia insegna (se la storia qualcosa insegna) che le pi\u00f9 orrende carneficine sono avvenute per colpa delle ideologie (che erano, e sono, religioni laiche o filosofie religiosamente vissute) o delle religioni.<\/p>\n<p style=\"text-align: justify;\">Shaat, negoziatore a Camp David e Sharm el-Sheik, ha esternato al suo corrispondente americano (l\u2019ebreo Stanley Sheinbaum, consulente di Clinton; <em>Corsera <\/em>del 21 u.s. ) il dilemma in cui si dibatte inutilmente Arafat: i paesi arabi, suoi sostenitori, vogliono, s\u00ec, giungere alla pace; ma non possono -sottolineo: non <em>possono<\/em>&#8211; cedere sui luoghi sacri. Pena la perdita totale del consenso da parte dei loro sudditi. In quella benedetta Spianata di <em>Al Quds<\/em> (\u00abla santa\u00bb, cio\u00e8 Gerusalemme) c\u2019\u00e8 la roccia di Abramo, sulla quale il padre comune di ebrei, musulmani e cristiani appront\u00f2 il sacrificio di suo figlio Isacco.<\/p>\n<p style=\"text-align: justify;\">Da quell\u2019episodio \u00e8 scaturita la Promessa. In quel punto esatto Maometto fu rapito al cielo. Gli arabi, diffusori dell\u2019islamismo, discendono da Ismaele, primogenito che Abramo ebbe dalla schiava Agar. Ed \u00e8 inquietante leggere il passo della Bibbia in cui il Signore promette ad Agar: \u00abMoltiplicher\u00f2 assai la tua discendenza e non la si potr\u00e0 contare a causa della sua moltitudine\u00bb. Ismaele \u00absar\u00e0 come un onagro nella steppa; la sua mano sar\u00e0 contro tutti e la mano di tutti contro di lui; e abiter\u00e0 di fronte a tutti i suoi fratelli\u00bb (<em>Gen<\/em> 16,10).<\/p>\n<p style=\"text-align: justify;\">Secondo gli ebrei, la primogenitura di Abramo, con le conseguenti promesse di Dio, pass\u00f2 a Isacco, loro capostipite. Secondo i cristiani il rigetto del vero Messia, Ges\u00f9, tolse la primogenitura a Israele. Secondo gli islamici, venuti per ultimi, il Profeta definitivo \u00e8 Muhammad; dunque, i veri eredi delle promesse divine sono i seguaci di Allah.<\/p>\n<p style=\"text-align: justify;\">Da questo inestricabile groviglio i cristiani si sono chiamati fuori: il fallimento delle Crociate medievali li ha costretti a riflettere: <em>Deus non vult<\/em>. A riflettere sul fatto che il Sacrificio cristiano pu\u00f2 essere effettuato ovunque, che \u00abil Regno di Dio \u00e8 dentro di voi\u00bb, come dice il Vangelo. E che \u00abil tempio dello Spirito\u00bb \u00e8 il \u00abcorpo\u00bb umano, come chiarisce s. Paolo. Una religione dell\u2019intenzione e dell\u2019interiorit\u00e0, quella cristiana.<\/p>\n<p style=\"text-align: justify;\">Non cos\u00ec l\u2019ebraismo e l\u2019islam. Il primo non pu\u00f2 replicare il Sacrificio se non nel Tempio di Gerusalemme, che non esiste pi\u00f9 dall\u2019epoca della distruzione romana del 70 d.C. Si potrebbe ricostruire, l\u00ec, sul monte di Sion, per riallacciare il patto di alleanza con Jahv\u00e9. Ma il luogo \u00e8 il medesimo della Moschea di Omar. Anche l\u2019islamismo \u00e8 legato a luoghi, e nessun credente musulmano pu\u00f2 entrare nel paradiso di Allah se non compie i pellegrinaggi prescritti nei luoghi santi.<\/p>\n<p style=\"text-align: justify;\">Il &#8220;diritto&#8221; su Gerusalemme \u00e8 di origine <em>religiosa<\/em> per i tre popoli del Libro. Anche i cristiani vi vantano diritti da duemila anni. E\u2019 infatti dai tempi di Costantino che l\u00e0 sorgono le grandi basiliche cristiane, come quella del Santo Sepolcro. Ma dal VII secolo in poi, tranne la breve parentesi delle Crociate, la Palestina \u00e8 stata dominata dall\u2019islam. Nel 1536 il sultano Solimano il Magnifico stipul\u00f2 un regime di \u00abcapitolazioni\u00bb per i Luoghi Santi con il re di Francia Francesco I (il re \u00abcristianissimo\u00bb della nazione \u00abprimogenita della Chiesa\u00bb aveva tutti i titoli per assumere questa rappresentanza).<\/p>\n<p style=\"text-align: justify;\">Tale regime fu confermato ancora nel Congresso di Berlino del 1878. Grazie ad esso il papa Pio IX pot\u00e9 restaurare il Patriarcato Latino in Gerusalemme. L\u201911dicembre 1917, crollato l\u2019impero ottomano, il generale inglese Allenby entr\u00f2 in Gerusalemme affiancato dal colonnello francese Pi\u00e9pape e dal colonnello italiano D\u2019Agostino. Il protettorato inglese, per\u00f2, non riconobbe il regime delle antiche capitolazioni e favor\u00ec la creazione di uno stato ebraico.<\/p>\n<p style=\"text-align: justify;\">Gi\u00e0 nel 1904 il fondatore del sionismo, Theodor Herzl, era stato ricevuto dal papa Pio X, cui aveva proposto un passaggio in massa al cattolicesimo dei suoi seguaci se il Vaticano avesse appoggiato la causa sionista. Ma papa Sarto non si prest\u00f2 a barattare una questione eminentemente religiosa con un fatto esclusivamente politico. Da quel momento, la posizione del Vaticano fu quella ancora oggi ribadita: l\u2019internazionalizzazione di Gerusalemme quale unica soluzione del problema dei problemi.<\/p>\n<p style=\"text-align: justify;\">La Palestina, piccolo territorio senza frontiere naturali in cui si parla una quantit\u00e0 spropositata di lingue diverse e si praticano una trentina di culti, ha davvero una vocazione internazionale; Gerusalemme \u00e8 la citt\u00e0 sacra per due miliardi di persone nel mondo intero. Gli Stati Uniti e gli altri Paesi che si affannano per risolverne la questione, in verit\u00e0 sono molto pi\u00f9 estranei alla storia del Medio Oriente di quanto lo sia la Santa Sede. La quale avrebbe anche molto da insegnare. Per esempio, lo statuto di extraterritorialit\u00e0 che il Concordato del 1929 con lo stato italiano ha accordato alle basiliche romane potrebbe essere utilmente esteso ai Luoghi Santi palestinesi.<\/p>\n<p style=\"text-align: justify;\">Insomma, un voce cristiana in capitolo potrebbe rappresentare, da quelle patri, un fattore di pace e compromesso. La si giri come si vuole, se c\u2019\u00e8 una soluzione \u00e8 in questa via. Nel 1975 il presidente israeliano David Ben Gurion auspicava Gerusalemme come sede dell\u2019Onu. Dal che si evince che gli osservatori pi\u00f9 avveduti erano e sono del medesimo avviso. Lo stato di Israele potr\u00e0 anche domare quest\u2019ennesima Intifada, ma dovr\u00e0 continuare a dormire col mitra sotto il cuscino in una situazione di perenne assedio. Cos\u00ec come l\u2019antico regno crociato. E si sa come, alla lunga, questo and\u00f2 a finire.<\/p>\n","protected":false},"excerpt":{"rendered":"<p>Articolo pubblicato su Il Giornale di Rino Cammilleri Finalmente il rospo \u00e8 uscito dallo stomaco: il problema di Gerusalemme \u00e8 religioso. Dunque insolubile. Certo, per molti non \u00e8 una novit\u00e0; ma i pi\u00f9, assuefatti a interpretazioni &#8220;economiche&#8221; o &#8220;politiche&#8221;, facevano fatica a comprendere quanto che sta succedendo da quelle parti, e proprio mentre i negoziati &hellip; <\/p>\n<p><a class=\"more-link btn\" href=\"https:\/\/www.rassegnastampa-totustuus.it\/cattolica\/il-problema-insolubile-di-gerusalemme\/\">Continua a leggere<\/a><\/p>\n","protected":false},"author":6,"featured_media":31909,"comment_status":"closed","ping_status":"open","sticky":false,"template":"","format":"standard","meta":{"footnotes":""},"categories":[16,75,108],"tags":[741,2400],"class_list":["post-855","post","type-post","status-publish","format-standard","has-post-thumbnail","hentry","category-islam","category-israele","category-paesi-e-continenti","tag-gerusalemme","tag-israele","item-wrap"],"yoast_head":"<!-- This site is optimized with the Yoast SEO plugin v27.5 - https:\/\/yoast.com\/product\/yoast-seo-wordpress\/ -->\n<title>Il problema insolubile di Gerusalemme - Rassegna Stampa Cattolica<\/title>\n<meta name=\"description\" content=\"Rassegna Stampa Cattolica - Per una cultura che nasce dalla Rivelazione cristiana in conformit\u00e0 alla tradizione e al Magistero della Chiesa in opposizione ad ogni relativismo e totalitarismo\" \/>\n<meta name=\"robots\" content=\"index, follow, max-snippet:-1, max-image-preview:large, max-video-preview:-1\" \/>\n<link rel=\"canonical\" href=\"https:\/\/www.rassegnastampa-totustuus.it\/cattolica\/il-problema-insolubile-di-gerusalemme\/\" \/>\n<meta property=\"og:locale\" content=\"it_IT\" \/>\n<meta property=\"og:type\" content=\"article\" \/>\n<meta property=\"og:title\" content=\"Il problema insolubile di Gerusalemme - Rassegna Stampa Cattolica\" \/>\n<meta property=\"og:description\" content=\"Rassegna Stampa Cattolica - Per una cultura che nasce dalla Rivelazione cristiana in conformit\u00e0 alla tradizione e al Magistero della Chiesa in opposizione ad ogni relativismo e totalitarismo\" \/>\n<meta property=\"og:url\" content=\"https:\/\/www.rassegnastampa-totustuus.it\/cattolica\/il-problema-insolubile-di-gerusalemme\/\" \/>\n<meta property=\"og:site_name\" content=\"Rassegna Stampa Cattolica\" \/>\n<meta property=\"article:publisher\" content=\"https:\/\/www.facebook.com\/rassegnastampacattolica\" \/>\n<meta property=\"article:published_time\" content=\"2005-07-09T22:00:00+00:00\" \/>\n<meta property=\"article:modified_time\" content=\"2016-03-17T15:42:58+00:00\" \/>\n<meta property=\"og:image\" content=\"https:\/\/www.rassegnastampa-totustuus.it\/cattolica\/wp-content\/uploads\/2005\/07\/Gerusalemme.jpg\" \/>\n\t<meta property=\"og:image:width\" content=\"300\" \/>\n\t<meta property=\"og:image:height\" content=\"168\" \/>\n\t<meta property=\"og:image:type\" content=\"image\/jpeg\" \/>\n<meta name=\"author\" content=\"Redazione\" \/>\n<meta name=\"twitter:card\" content=\"summary_large_image\" \/>\n<meta name=\"twitter:creator\" content=\"@rassegnastampa9\" \/>\n<meta name=\"twitter:site\" content=\"@rassegnastampa9\" \/>\n<meta name=\"twitter:label1\" content=\"Scritto da\" \/>\n\t<meta name=\"twitter:data1\" content=\"Redazione\" \/>\n\t<meta name=\"twitter:label2\" content=\"Tempo di lettura stimato\" \/>\n\t<meta name=\"twitter:data2\" content=\"6 minuti\" \/>\n<script type=\"application\/ld+json\" class=\"yoast-schema-graph\">{\"@context\":\"https:\\\/\\\/schema.org\",\"@graph\":[{\"@type\":\"Article\",\"@id\":\"https:\\\/\\\/www.rassegnastampa-totustuus.it\\\/cattolica\\\/il-problema-insolubile-di-gerusalemme\\\/#article\",\"isPartOf\":{\"@id\":\"https:\\\/\\\/www.rassegnastampa-totustuus.it\\\/cattolica\\\/il-problema-insolubile-di-gerusalemme\\\/\"},\"author\":{\"name\":\"Redazione\",\"@id\":\"https:\\\/\\\/www.rassegnastampa-totustuus.it\\\/cattolica\\\/#\\\/schema\\\/person\\\/08f319d2bd1a0904ad9e2bfb7b15e5c3\"},\"headline\":\"Il problema insolubile di Gerusalemme\",\"datePublished\":\"2005-07-09T22:00:00+00:00\",\"dateModified\":\"2016-03-17T15:42:58+00:00\",\"mainEntityOfPage\":{\"@id\":\"https:\\\/\\\/www.rassegnastampa-totustuus.it\\\/cattolica\\\/il-problema-insolubile-di-gerusalemme\\\/\"},\"wordCount\":1116,\"publisher\":{\"@id\":\"https:\\\/\\\/www.rassegnastampa-totustuus.it\\\/cattolica\\\/#organization\"},\"image\":{\"@id\":\"https:\\\/\\\/www.rassegnastampa-totustuus.it\\\/cattolica\\\/il-problema-insolubile-di-gerusalemme\\\/#primaryimage\"},\"thumbnailUrl\":\"https:\\\/\\\/www.rassegnastampa-totustuus.it\\\/cattolica\\\/wp-content\\\/uploads\\\/2005\\\/07\\\/Gerusalemme.jpg\",\"keywords\":[\"Gerusalemme\",\"Israele\"],\"articleSection\":[\"Islam\",\"Israele\",\"Paesi e continenti\"],\"inLanguage\":\"it-IT\"},{\"@type\":\"WebPage\",\"@id\":\"https:\\\/\\\/www.rassegnastampa-totustuus.it\\\/cattolica\\\/il-problema-insolubile-di-gerusalemme\\\/\",\"url\":\"https:\\\/\\\/www.rassegnastampa-totustuus.it\\\/cattolica\\\/il-problema-insolubile-di-gerusalemme\\\/\",\"name\":\"Il problema insolubile di Gerusalemme - Rassegna Stampa Cattolica\",\"isPartOf\":{\"@id\":\"https:\\\/\\\/www.rassegnastampa-totustuus.it\\\/cattolica\\\/#website\"},\"primaryImageOfPage\":{\"@id\":\"https:\\\/\\\/www.rassegnastampa-totustuus.it\\\/cattolica\\\/il-problema-insolubile-di-gerusalemme\\\/#primaryimage\"},\"image\":{\"@id\":\"https:\\\/\\\/www.rassegnastampa-totustuus.it\\\/cattolica\\\/il-problema-insolubile-di-gerusalemme\\\/#primaryimage\"},\"thumbnailUrl\":\"https:\\\/\\\/www.rassegnastampa-totustuus.it\\\/cattolica\\\/wp-content\\\/uploads\\\/2005\\\/07\\\/Gerusalemme.jpg\",\"datePublished\":\"2005-07-09T22:00:00+00:00\",\"dateModified\":\"2016-03-17T15:42:58+00:00\",\"description\":\"Rassegna Stampa Cattolica - Per una cultura che nasce dalla Rivelazione cristiana in conformit\u00e0 alla tradizione e al Magistero della Chiesa in opposizione ad ogni relativismo e totalitarismo\",\"breadcrumb\":{\"@id\":\"https:\\\/\\\/www.rassegnastampa-totustuus.it\\\/cattolica\\\/il-problema-insolubile-di-gerusalemme\\\/#breadcrumb\"},\"inLanguage\":\"it-IT\",\"potentialAction\":[{\"@type\":\"ReadAction\",\"target\":[\"https:\\\/\\\/www.rassegnastampa-totustuus.it\\\/cattolica\\\/il-problema-insolubile-di-gerusalemme\\\/\"]}]},{\"@type\":\"ImageObject\",\"inLanguage\":\"it-IT\",\"@id\":\"https:\\\/\\\/www.rassegnastampa-totustuus.it\\\/cattolica\\\/il-problema-insolubile-di-gerusalemme\\\/#primaryimage\",\"url\":\"https:\\\/\\\/www.rassegnastampa-totustuus.it\\\/cattolica\\\/wp-content\\\/uploads\\\/2005\\\/07\\\/Gerusalemme.jpg\",\"contentUrl\":\"https:\\\/\\\/www.rassegnastampa-totustuus.it\\\/cattolica\\\/wp-content\\\/uploads\\\/2005\\\/07\\\/Gerusalemme.jpg\",\"width\":300,\"height\":168},{\"@type\":\"BreadcrumbList\",\"@id\":\"https:\\\/\\\/www.rassegnastampa-totustuus.it\\\/cattolica\\\/il-problema-insolubile-di-gerusalemme\\\/#breadcrumb\",\"itemListElement\":[{\"@type\":\"ListItem\",\"position\":1,\"name\":\"Home\",\"item\":\"https:\\\/\\\/www.rassegnastampa-totustuus.it\\\/cattolica\\\/\"},{\"@type\":\"ListItem\",\"position\":2,\"name\":\"Il problema insolubile di Gerusalemme\"}]},{\"@type\":\"WebSite\",\"@id\":\"https:\\\/\\\/www.rassegnastampa-totustuus.it\\\/cattolica\\\/#website\",\"url\":\"https:\\\/\\\/www.rassegnastampa-totustuus.it\\\/cattolica\\\/\",\"name\":\"Rassegna Stampa Cattolica\",\"description\":\"Per una cultura che nasce dalla Rivelazione cristiana in conformit\u00e0 alla tradizione e al Magistero della Chiesa in opposizione ad ogni relativismo e totalitarismo\",\"publisher\":{\"@id\":\"https:\\\/\\\/www.rassegnastampa-totustuus.it\\\/cattolica\\\/#organization\"},\"alternateName\":\"Rass. Cattolica\",\"potentialAction\":[{\"@type\":\"SearchAction\",\"target\":{\"@type\":\"EntryPoint\",\"urlTemplate\":\"https:\\\/\\\/www.rassegnastampa-totustuus.it\\\/cattolica\\\/?s={search_term_string}\"},\"query-input\":{\"@type\":\"PropertyValueSpecification\",\"valueRequired\":true,\"valueName\":\"search_term_string\"}}],\"inLanguage\":\"it-IT\"},{\"@type\":\"Organization\",\"@id\":\"https:\\\/\\\/www.rassegnastampa-totustuus.it\\\/cattolica\\\/#organization\",\"name\":\"Rassegna Stampa Cattolica\",\"url\":\"https:\\\/\\\/www.rassegnastampa-totustuus.it\\\/cattolica\\\/\",\"logo\":{\"@type\":\"ImageObject\",\"inLanguage\":\"it-IT\",\"@id\":\"https:\\\/\\\/www.rassegnastampa-totustuus.it\\\/cattolica\\\/#\\\/schema\\\/logo\\\/image\\\/\",\"url\":\"https:\\\/\\\/www.rassegnastampa-totustuus.it\\\/cattolica\\\/wp-content\\\/uploads\\\/2014\\\/04\\\/logo-rassegna1.gif\",\"contentUrl\":\"https:\\\/\\\/www.rassegnastampa-totustuus.it\\\/cattolica\\\/wp-content\\\/uploads\\\/2014\\\/04\\\/logo-rassegna1.gif\",\"width\":600,\"height\":163,\"caption\":\"Rassegna Stampa Cattolica\"},\"image\":{\"@id\":\"https:\\\/\\\/www.rassegnastampa-totustuus.it\\\/cattolica\\\/#\\\/schema\\\/logo\\\/image\\\/\"},\"sameAs\":[\"https:\\\/\\\/www.facebook.com\\\/rassegnastampacattolica\",\"https:\\\/\\\/x.com\\\/rassegnastampa9\"]},{\"@type\":\"Person\",\"@id\":\"https:\\\/\\\/www.rassegnastampa-totustuus.it\\\/cattolica\\\/#\\\/schema\\\/person\\\/08f319d2bd1a0904ad9e2bfb7b15e5c3\",\"name\":\"Redazione\",\"image\":{\"@type\":\"ImageObject\",\"inLanguage\":\"it-IT\",\"@id\":\"https:\\\/\\\/secure.gravatar.com\\\/avatar\\\/2fcdf27c78ea025fbdb44e914cc63c72249ffec9dc8aafd5c82b26240ef3f346?s=96&d=mm&r=g\",\"url\":\"https:\\\/\\\/secure.gravatar.com\\\/avatar\\\/2fcdf27c78ea025fbdb44e914cc63c72249ffec9dc8aafd5c82b26240ef3f346?s=96&d=mm&r=g\",\"contentUrl\":\"https:\\\/\\\/secure.gravatar.com\\\/avatar\\\/2fcdf27c78ea025fbdb44e914cc63c72249ffec9dc8aafd5c82b26240ef3f346?s=96&d=mm&r=g\",\"caption\":\"Redazione\"},\"url\":\"https:\\\/\\\/www.rassegnastampa-totustuus.it\\\/cattolica\\\/author\\\/pietroelle\\\/\"}]}<\/script>\n<!-- \/ Yoast SEO plugin. -->","yoast_head_json":{"title":"Il problema insolubile di Gerusalemme - Rassegna Stampa Cattolica","description":"Rassegna Stampa Cattolica - Per una cultura che nasce dalla Rivelazione cristiana in conformit\u00e0 alla tradizione e al Magistero della Chiesa in opposizione ad ogni relativismo e totalitarismo","robots":{"index":"index","follow":"follow","max-snippet":"max-snippet:-1","max-image-preview":"max-image-preview:large","max-video-preview":"max-video-preview:-1"},"canonical":"https:\/\/www.rassegnastampa-totustuus.it\/cattolica\/il-problema-insolubile-di-gerusalemme\/","og_locale":"it_IT","og_type":"article","og_title":"Il problema insolubile di Gerusalemme - Rassegna Stampa Cattolica","og_description":"Rassegna Stampa Cattolica - Per una cultura che nasce dalla Rivelazione cristiana in conformit\u00e0 alla tradizione e al Magistero della Chiesa in opposizione ad ogni relativismo e totalitarismo","og_url":"https:\/\/www.rassegnastampa-totustuus.it\/cattolica\/il-problema-insolubile-di-gerusalemme\/","og_site_name":"Rassegna Stampa Cattolica","article_publisher":"https:\/\/www.facebook.com\/rassegnastampacattolica","article_published_time":"2005-07-09T22:00:00+00:00","article_modified_time":"2016-03-17T15:42:58+00:00","og_image":[{"width":300,"height":168,"url":"https:\/\/www.rassegnastampa-totustuus.it\/cattolica\/wp-content\/uploads\/2005\/07\/Gerusalemme.jpg","type":"image\/jpeg"}],"author":"Redazione","twitter_card":"summary_large_image","twitter_creator":"@rassegnastampa9","twitter_site":"@rassegnastampa9","twitter_misc":{"Scritto da":"Redazione","Tempo di lettura stimato":"6 minuti"},"schema":{"@context":"https:\/\/schema.org","@graph":[{"@type":"Article","@id":"https:\/\/www.rassegnastampa-totustuus.it\/cattolica\/il-problema-insolubile-di-gerusalemme\/#article","isPartOf":{"@id":"https:\/\/www.rassegnastampa-totustuus.it\/cattolica\/il-problema-insolubile-di-gerusalemme\/"},"author":{"name":"Redazione","@id":"https:\/\/www.rassegnastampa-totustuus.it\/cattolica\/#\/schema\/person\/08f319d2bd1a0904ad9e2bfb7b15e5c3"},"headline":"Il problema insolubile di Gerusalemme","datePublished":"2005-07-09T22:00:00+00:00","dateModified":"2016-03-17T15:42:58+00:00","mainEntityOfPage":{"@id":"https:\/\/www.rassegnastampa-totustuus.it\/cattolica\/il-problema-insolubile-di-gerusalemme\/"},"wordCount":1116,"publisher":{"@id":"https:\/\/www.rassegnastampa-totustuus.it\/cattolica\/#organization"},"image":{"@id":"https:\/\/www.rassegnastampa-totustuus.it\/cattolica\/il-problema-insolubile-di-gerusalemme\/#primaryimage"},"thumbnailUrl":"https:\/\/www.rassegnastampa-totustuus.it\/cattolica\/wp-content\/uploads\/2005\/07\/Gerusalemme.jpg","keywords":["Gerusalemme","Israele"],"articleSection":["Islam","Israele","Paesi e continenti"],"inLanguage":"it-IT"},{"@type":"WebPage","@id":"https:\/\/www.rassegnastampa-totustuus.it\/cattolica\/il-problema-insolubile-di-gerusalemme\/","url":"https:\/\/www.rassegnastampa-totustuus.it\/cattolica\/il-problema-insolubile-di-gerusalemme\/","name":"Il problema insolubile di Gerusalemme - Rassegna Stampa Cattolica","isPartOf":{"@id":"https:\/\/www.rassegnastampa-totustuus.it\/cattolica\/#website"},"primaryImageOfPage":{"@id":"https:\/\/www.rassegnastampa-totustuus.it\/cattolica\/il-problema-insolubile-di-gerusalemme\/#primaryimage"},"image":{"@id":"https:\/\/www.rassegnastampa-totustuus.it\/cattolica\/il-problema-insolubile-di-gerusalemme\/#primaryimage"},"thumbnailUrl":"https:\/\/www.rassegnastampa-totustuus.it\/cattolica\/wp-content\/uploads\/2005\/07\/Gerusalemme.jpg","datePublished":"2005-07-09T22:00:00+00:00","dateModified":"2016-03-17T15:42:58+00:00","description":"Rassegna Stampa Cattolica - Per una cultura che nasce dalla Rivelazione cristiana in conformit\u00e0 alla tradizione e al Magistero della Chiesa in opposizione ad ogni relativismo e totalitarismo","breadcrumb":{"@id":"https:\/\/www.rassegnastampa-totustuus.it\/cattolica\/il-problema-insolubile-di-gerusalemme\/#breadcrumb"},"inLanguage":"it-IT","potentialAction":[{"@type":"ReadAction","target":["https:\/\/www.rassegnastampa-totustuus.it\/cattolica\/il-problema-insolubile-di-gerusalemme\/"]}]},{"@type":"ImageObject","inLanguage":"it-IT","@id":"https:\/\/www.rassegnastampa-totustuus.it\/cattolica\/il-problema-insolubile-di-gerusalemme\/#primaryimage","url":"https:\/\/www.rassegnastampa-totustuus.it\/cattolica\/wp-content\/uploads\/2005\/07\/Gerusalemme.jpg","contentUrl":"https:\/\/www.rassegnastampa-totustuus.it\/cattolica\/wp-content\/uploads\/2005\/07\/Gerusalemme.jpg","width":300,"height":168},{"@type":"BreadcrumbList","@id":"https:\/\/www.rassegnastampa-totustuus.it\/cattolica\/il-problema-insolubile-di-gerusalemme\/#breadcrumb","itemListElement":[{"@type":"ListItem","position":1,"name":"Home","item":"https:\/\/www.rassegnastampa-totustuus.it\/cattolica\/"},{"@type":"ListItem","position":2,"name":"Il problema insolubile di Gerusalemme"}]},{"@type":"WebSite","@id":"https:\/\/www.rassegnastampa-totustuus.it\/cattolica\/#website","url":"https:\/\/www.rassegnastampa-totustuus.it\/cattolica\/","name":"Rassegna Stampa Cattolica","description":"Per una cultura che nasce dalla Rivelazione cristiana in conformit\u00e0 alla tradizione e al Magistero della Chiesa in opposizione ad ogni relativismo e totalitarismo","publisher":{"@id":"https:\/\/www.rassegnastampa-totustuus.it\/cattolica\/#organization"},"alternateName":"Rass. Cattolica","potentialAction":[{"@type":"SearchAction","target":{"@type":"EntryPoint","urlTemplate":"https:\/\/www.rassegnastampa-totustuus.it\/cattolica\/?s={search_term_string}"},"query-input":{"@type":"PropertyValueSpecification","valueRequired":true,"valueName":"search_term_string"}}],"inLanguage":"it-IT"},{"@type":"Organization","@id":"https:\/\/www.rassegnastampa-totustuus.it\/cattolica\/#organization","name":"Rassegna Stampa Cattolica","url":"https:\/\/www.rassegnastampa-totustuus.it\/cattolica\/","logo":{"@type":"ImageObject","inLanguage":"it-IT","@id":"https:\/\/www.rassegnastampa-totustuus.it\/cattolica\/#\/schema\/logo\/image\/","url":"https:\/\/www.rassegnastampa-totustuus.it\/cattolica\/wp-content\/uploads\/2014\/04\/logo-rassegna1.gif","contentUrl":"https:\/\/www.rassegnastampa-totustuus.it\/cattolica\/wp-content\/uploads\/2014\/04\/logo-rassegna1.gif","width":600,"height":163,"caption":"Rassegna Stampa Cattolica"},"image":{"@id":"https:\/\/www.rassegnastampa-totustuus.it\/cattolica\/#\/schema\/logo\/image\/"},"sameAs":["https:\/\/www.facebook.com\/rassegnastampacattolica","https:\/\/x.com\/rassegnastampa9"]},{"@type":"Person","@id":"https:\/\/www.rassegnastampa-totustuus.it\/cattolica\/#\/schema\/person\/08f319d2bd1a0904ad9e2bfb7b15e5c3","name":"Redazione","image":{"@type":"ImageObject","inLanguage":"it-IT","@id":"https:\/\/secure.gravatar.com\/avatar\/2fcdf27c78ea025fbdb44e914cc63c72249ffec9dc8aafd5c82b26240ef3f346?s=96&d=mm&r=g","url":"https:\/\/secure.gravatar.com\/avatar\/2fcdf27c78ea025fbdb44e914cc63c72249ffec9dc8aafd5c82b26240ef3f346?s=96&d=mm&r=g","contentUrl":"https:\/\/secure.gravatar.com\/avatar\/2fcdf27c78ea025fbdb44e914cc63c72249ffec9dc8aafd5c82b26240ef3f346?s=96&d=mm&r=g","caption":"Redazione"},"url":"https:\/\/www.rassegnastampa-totustuus.it\/cattolica\/author\/pietroelle\/"}]}},"_links":{"self":[{"href":"https:\/\/www.rassegnastampa-totustuus.it\/cattolica\/wp-json\/wp\/v2\/posts\/855","targetHints":{"allow":["GET"]}}],"collection":[{"href":"https:\/\/www.rassegnastampa-totustuus.it\/cattolica\/wp-json\/wp\/v2\/posts"}],"about":[{"href":"https:\/\/www.rassegnastampa-totustuus.it\/cattolica\/wp-json\/wp\/v2\/types\/post"}],"author":[{"embeddable":true,"href":"https:\/\/www.rassegnastampa-totustuus.it\/cattolica\/wp-json\/wp\/v2\/users\/6"}],"replies":[{"embeddable":true,"href":"https:\/\/www.rassegnastampa-totustuus.it\/cattolica\/wp-json\/wp\/v2\/comments?post=855"}],"version-history":[{"count":4,"href":"https:\/\/www.rassegnastampa-totustuus.it\/cattolica\/wp-json\/wp\/v2\/posts\/855\/revisions"}],"predecessor-version":[{"id":31910,"href":"https:\/\/www.rassegnastampa-totustuus.it\/cattolica\/wp-json\/wp\/v2\/posts\/855\/revisions\/31910"}],"wp:featuredmedia":[{"embeddable":true,"href":"https:\/\/www.rassegnastampa-totustuus.it\/cattolica\/wp-json\/wp\/v2\/media\/31909"}],"wp:attachment":[{"href":"https:\/\/www.rassegnastampa-totustuus.it\/cattolica\/wp-json\/wp\/v2\/media?parent=855"}],"wp:term":[{"taxonomy":"category","embeddable":true,"href":"https:\/\/www.rassegnastampa-totustuus.it\/cattolica\/wp-json\/wp\/v2\/categories?post=855"},{"taxonomy":"post_tag","embeddable":true,"href":"https:\/\/www.rassegnastampa-totustuus.it\/cattolica\/wp-json\/wp\/v2\/tags?post=855"}],"curies":[{"name":"wp","href":"https:\/\/api.w.org\/{rel}","templated":true}]}}