{"id":840,"date":"2005-07-01T14:43:00","date_gmt":"2005-07-01T12:43:00","guid":{"rendered":""},"modified":"2014-10-22T13:12:13","modified_gmt":"2014-10-22T11:12:13","slug":"chiudere-i-centri-ci-far-solo-uscire-dalleuropa","status":"publish","type":"post","link":"https:\/\/www.rassegnastampa-totustuus.it\/cattolica\/chiudere-i-centri-ci-far-solo-uscire-dalleuropa\/","title":{"rendered":"Chiudere i centri ci far&agrave; solo uscire dall\u2019Europa"},"content":{"rendered":"<div style=\"text-align: center;\"><strong>\u00a0il Giornale<\/strong> 27 giugno 2005<\/div>\n<p style=\"text-align: justify;\"><em>Il sottosegretario all\u2019Interno Alfredo\u00a0Mantovano\u00a0teme uno scontro istituzionale tra le regioni e il governo:\u00abMa ho l\u2019impressione che questa protesta sia solo strumentale\u00bb<\/em><\/p>\n<p style=\"text-align: center;\"><strong>Francesco Kamel<\/strong><\/p>\n<p><!--more--><\/p>\n<div style=\"text-align: justify;\">Cresce lo scontro sui centri di permanenza temporanea (Cpt) per gli immigrati irregolari in attesa di espulsione. E una dozzina di governatori regionali del centrosinistra, guidati dal pugliese Nichi Vendola, parteciper\u00e0 l\u201911 luglio a Bari al forum contro i Cpt: un\u2019aperta sfida al governo sul tema dell\u2019immigrazione. Maper il sottosegretario al Ministero dell&#8217;Interno Alfredo Mantovano (An) si tratta di un\u2019opposizione \u00aba prescindere\u00bb che porta \u00abl\u2019Italia fuori dall\u2019Unione europea\u00bb<\/div>\n<p style=\"text-align: justify;\"><strong>Sottosegretario Mantovano, sembrano esserci due approcci al problema immigrazione del tutto differenti.<\/strong><\/p>\n<p style=\"text-align: justify;\"><strong><\/strong>\u00abCi vuole un discorso franco con il centrosinistra. Bisogna capire qual \u00e8 l&#8217;atteggiamento che vogliono tenere nei confronti dell&#8217;immigrazione clandestina. Io parto dal presupposto che l\u2019immigrato regolare debba essere rispettato in ogni suo diritto al pari di un cittadino italiano. Premesso questo credo che l&#8217;immigrato clandestino debba avere una sola sorte: l&#8217;espulsione. In questo sistema i Cpt sono indispensabili per procedere all&#8217;identificazione dell&#8217;immigrato\u00bb.<\/p>\n<p style=\"text-align: justify;\"><strong>Si arriver\u00e0 a uno scontro istituzionale?<\/strong><\/p>\n<p style=\"text-align: justify;\"><strong><\/strong>\u00abSe i presidenti di Regione del centrosinistra vogliono contestare il sistema e dire che l\u2019Italia deve andare fuori dall\u2019Ue ce lo dicano con chiarezza\u00bb. Molti esponenti dell&#8217;Unione criticano soprattutto le condizioni di vita dei centri. \u00abSiamo pronti a lavorare insieme per migliorare la situazione. Ma ho l&#8217;impressione che il problema non \u00e8 il \u201ccome\u201d ma il \u201cse\u201d dei Cpt. Ma allora bisognerebbe tirare le conseguenze e dire che chiunque pu\u00f2 venire in Italia clandestinamente\u00bb.<\/p>\n<p style=\"text-align: justify;\"><strong>Ma nei Cpt le condizioni di vita come sono?<\/strong><\/p>\n<p style=\"text-align: justify;\"><strong><\/strong>\u00abIl livello medio delle strutture consente di vivere in condizioni dignitose. Non voglio dire che si tratta di alberghi a quattro stelle, ma non si deve scordare che si tratta di centri di sicurezza che devono impedire l&#8217;allontanamento \u00bb.<\/p>\n<p style=\"text-align: justify;\"><strong>Luca Casarini ha detto che i Cpt sono dei \u00ablager moderni\u00bb e che i Disobbedienti li distruggeranno&#8230;<\/strong><\/p>\n<p style=\"text-align: justify;\"><strong><\/strong>\u00abSono anni che i Cpt sono un obiettivo dell&#8217;area dell&#8217;antagonismo. Quindi nulla di nuovo. Il Governo non si fa certo condizionare \u00bb.<\/p>\n<p style=\"text-align: justify;\"><strong>Dalle Regioni \u00e8 giunto uno stop anche sui Centri di identificazione (Cdi). Che ne pensa di quest&#8217;altro no alle iniziative del governo?<\/strong><\/p>\n<p style=\"text-align: justify;\"><strong><\/strong>\u00abCon i Cdi si va incontro agli extracomunitari che hanno diritto all\u2019asilo e che in questo modo non vengono collocati in un centro di sicurezza ma di \u201caccoglienza mirata\u201d. Se non va bene nemmeno questo cosa si vuole? Ci sono due esigenze distinte e quindi \u00e8 giusto creare due tipologie di centro differenti. Mi sembra normale. Che logica c&#8217;\u00e8 in questa contestazione? In questo modo si fa opposizione a prescindere \u00bb.<\/p>\n<p style=\"text-align: justify;\"><strong>Dalla legge Bossi-Fini alla Turco-Napolitano come sono cambiati i Cpt?<\/strong><\/p>\n<p style=\"text-align: justify;\"><strong><\/strong>\u00ab\u00c8 cambiato il periodo massimo per l&#8217;accertamento che \u00e8 passato da 30 a 60 giorni. Dal punto di vista della gestione c&#8217;\u00e8 maggior trasparenza e le condizioni di vita sono migliorate. Con questo non voglio dire che in precedenza i centri fossero dei lager ma \u00e8 chiaro che col tempo siamo riusciti ad adottare parametri pi\u00f9 oggettivi\u00bb.<\/p>\n<p style=\"text-align: justify;\"><strong>Anche alcune associazioni per i diritti civili hanno preso di mira i Cpt. Non saranno tutte pretestuose polemiche politiche?<\/strong><\/p>\n<p style=\"text-align: justify;\"><strong><\/strong>\u00abLe osservazioni hanno in realt\u00e0 riguardato soprattutto il centro di Lampedusa che per\u00f2 non \u00e8 un Cpt ma un centro di prima accoglienza in cui gli immigrati rimangono poche ore. Sono andato a Lampedusa per trovare una soluzione e abbiamo lavorato sull&#8217;ipotesi di spostare il centro dalla zona dell&#8217;aeroporto al centro dell&#8217;isola in modo da realizzare una struttura pi\u00f9 grande ed accogliente. Ma il progetto \u00e8 stato in seguito bocciato dalle amministrazioni locali\u00bb.<\/p>\n<p style=\"text-align: justify;\"><strong>A proposito di Lampedusa. Si preannuncia un&#8217;altra stagione difficile per l&#8217;isola.<\/strong><\/p>\n<p style=\"text-align: justify;\"><strong><\/strong>\u00abI cittadini di Lampedusa meriterebbero un riconoscimento dall&#8217;Ue per quanto stanno facendo e sopportando. Di fatto buona parte del peso del trattato di Schengen ricade su questa magnifica isola\u00bb.<\/p>\n<p style=\"text-align: justify;\"><strong>Molti esponenti della sinistra radicale parlano di manifesta incostituzionalit\u00e0 dei Cpt. Che risponde?<\/strong><\/p>\n<p style=\"text-align: justify;\"><strong><\/strong>\u00abNon ho nessun timore in proposito. La norma sui Cpt regge dal 1998 quando sono stati introdotti dalla legge Turco-Napolitano. E poi i centri sono in linea con i parametri Ue. Lo ripeto, dal punto di vista del \u201ccome\u201d gestire i centri il dibattito pu\u00f2 essere utile ma con i proclami non si arriva da nessuna parte\u00bb.<\/p>\n<p style=\"text-align: justify;\"><strong>Il senatore leghista Ettore Pirovano ha chiesto gare pubbliche per l&#8217;affidamento della gestione dei Cpt, lamentando una eccessiva differenziazione di costi da un centro all&#8217;altro&#8230;<\/strong><\/p>\n<p style=\"text-align: justify;\"><strong><\/strong>\u00abIl costo della vita varia da regione a regione ed incide sulle spese. Ma il conferimento \u00e8 del tutto trasparente e frutto di un confronto oggettivo tra pi\u00f9 richieste pervenute dalle realt\u00e0 interessate\u00bb.<\/p>\n","protected":false},"excerpt":{"rendered":"<p>\u00a0il Giornale 27 giugno 2005 Il sottosegretario all\u2019Interno Alfredo\u00a0Mantovano\u00a0teme uno scontro istituzionale tra le regioni e il governo:\u00abMa ho l\u2019impressione che questa protesta sia solo strumentale\u00bb Francesco Kamel<\/p><p><a class=\"more-link btn\" href=\"https:\/\/www.rassegnastampa-totustuus.it\/cattolica\/chiudere-i-centri-ci-far-solo-uscire-dalleuropa\/\">Continua a leggere<\/a><\/p>\n","protected":false},"author":6,"featured_media":0,"comment_status":"closed","ping_status":"open","sticky":false,"template":"","format":"standard","meta":{"footnotes":""},"categories":[38,20],"tags":[2392],"class_list":["post-840","post","type-post","status-publish","format-standard","hentry","category-immigrazione","category-politica-nazionale","tag-immigrazione","item-wrap"],"yoast_head":"<!-- This site is optimized with the Yoast SEO plugin v27.5 - https:\/\/yoast.com\/product\/yoast-seo-wordpress\/ -->\n<title>Chiudere i centri ci far&agrave; solo uscire dall\u2019Europa - Rassegna Stampa Cattolica<\/title>\n<meta name=\"description\" content=\"Rassegna Stampa Cattolica - Per una cultura che nasce dalla Rivelazione cristiana in conformit\u00e0 alla tradizione e al Magistero della Chiesa in opposizione ad ogni relativismo e totalitarismo\" \/>\n<meta name=\"robots\" content=\"index, follow, max-snippet:-1, max-image-preview:large, max-video-preview:-1\" \/>\n<link rel=\"canonical\" href=\"https:\/\/www.rassegnastampa-totustuus.it\/cattolica\/chiudere-i-centri-ci-far-solo-uscire-dalleuropa\/\" \/>\n<meta property=\"og:locale\" content=\"it_IT\" \/>\n<meta property=\"og:type\" content=\"article\" \/>\n<meta property=\"og:title\" content=\"Chiudere i centri ci far&agrave; solo uscire dall\u2019Europa - Rassegna Stampa Cattolica\" \/>\n<meta property=\"og:description\" content=\"Rassegna Stampa Cattolica - Per una cultura che nasce dalla Rivelazione cristiana in conformit\u00e0 alla tradizione e al Magistero della Chiesa in opposizione ad ogni relativismo e totalitarismo\" \/>\n<meta property=\"og:url\" content=\"https:\/\/www.rassegnastampa-totustuus.it\/cattolica\/chiudere-i-centri-ci-far-solo-uscire-dalleuropa\/\" \/>\n<meta property=\"og:site_name\" content=\"Rassegna Stampa Cattolica\" \/>\n<meta property=\"article:publisher\" content=\"https:\/\/www.facebook.com\/rassegnastampacattolica\" \/>\n<meta property=\"article:published_time\" content=\"2005-07-01T12:43:00+00:00\" \/>\n<meta property=\"article:modified_time\" content=\"2014-10-22T11:12:13+00:00\" \/>\n<meta property=\"og:image\" content=\"https:\/\/www.rassegnastampa-totustuus.it\/cattolica\/wp-content\/uploads\/2014\/04\/logo-rassegna.gif\" \/>\n\t<meta property=\"og:image:width\" content=\"600\" \/>\n\t<meta property=\"og:image:height\" content=\"163\" \/>\n\t<meta property=\"og:image:type\" content=\"image\/gif\" \/>\n<meta name=\"author\" content=\"Redazione\" \/>\n<meta name=\"twitter:card\" content=\"summary_large_image\" \/>\n<meta name=\"twitter:creator\" content=\"@rassegnastampa9\" \/>\n<meta name=\"twitter:site\" content=\"@rassegnastampa9\" \/>\n<meta name=\"twitter:label1\" content=\"Scritto da\" \/>\n\t<meta name=\"twitter:data1\" content=\"Redazione\" \/>\n\t<meta name=\"twitter:label2\" content=\"Tempo di lettura stimato\" \/>\n\t<meta name=\"twitter:data2\" content=\"4 minuti\" \/>\n<script type=\"application\/ld+json\" class=\"yoast-schema-graph\">{\"@context\":\"https:\\\/\\\/schema.org\",\"@graph\":[{\"@type\":\"Article\",\"@id\":\"https:\\\/\\\/www.rassegnastampa-totustuus.it\\\/cattolica\\\/chiudere-i-centri-ci-far-solo-uscire-dalleuropa\\\/#article\",\"isPartOf\":{\"@id\":\"https:\\\/\\\/www.rassegnastampa-totustuus.it\\\/cattolica\\\/chiudere-i-centri-ci-far-solo-uscire-dalleuropa\\\/\"},\"author\":{\"name\":\"Redazione\",\"@id\":\"https:\\\/\\\/www.rassegnastampa-totustuus.it\\\/cattolica\\\/#\\\/schema\\\/person\\\/08f319d2bd1a0904ad9e2bfb7b15e5c3\"},\"headline\":\"Chiudere i centri ci far&agrave; solo uscire dall\u2019Europa\",\"datePublished\":\"2005-07-01T12:43:00+00:00\",\"dateModified\":\"2014-10-22T11:12:13+00:00\",\"mainEntityOfPage\":{\"@id\":\"https:\\\/\\\/www.rassegnastampa-totustuus.it\\\/cattolica\\\/chiudere-i-centri-ci-far-solo-uscire-dalleuropa\\\/\"},\"wordCount\":786,\"publisher\":{\"@id\":\"https:\\\/\\\/www.rassegnastampa-totustuus.it\\\/cattolica\\\/#organization\"},\"keywords\":[\"immigrazione\"],\"articleSection\":[\"Immigrazione\",\"Politica nazionale\"],\"inLanguage\":\"it-IT\"},{\"@type\":\"WebPage\",\"@id\":\"https:\\\/\\\/www.rassegnastampa-totustuus.it\\\/cattolica\\\/chiudere-i-centri-ci-far-solo-uscire-dalleuropa\\\/\",\"url\":\"https:\\\/\\\/www.rassegnastampa-totustuus.it\\\/cattolica\\\/chiudere-i-centri-ci-far-solo-uscire-dalleuropa\\\/\",\"name\":\"Chiudere i centri ci far&agrave; solo uscire dall\u2019Europa - Rassegna Stampa Cattolica\",\"isPartOf\":{\"@id\":\"https:\\\/\\\/www.rassegnastampa-totustuus.it\\\/cattolica\\\/#website\"},\"datePublished\":\"2005-07-01T12:43:00+00:00\",\"dateModified\":\"2014-10-22T11:12:13+00:00\",\"description\":\"Rassegna Stampa Cattolica - Per una cultura che nasce dalla Rivelazione cristiana in conformit\u00e0 alla tradizione e al Magistero della Chiesa in opposizione ad ogni relativismo e totalitarismo\",\"breadcrumb\":{\"@id\":\"https:\\\/\\\/www.rassegnastampa-totustuus.it\\\/cattolica\\\/chiudere-i-centri-ci-far-solo-uscire-dalleuropa\\\/#breadcrumb\"},\"inLanguage\":\"it-IT\",\"potentialAction\":[{\"@type\":\"ReadAction\",\"target\":[\"https:\\\/\\\/www.rassegnastampa-totustuus.it\\\/cattolica\\\/chiudere-i-centri-ci-far-solo-uscire-dalleuropa\\\/\"]}]},{\"@type\":\"BreadcrumbList\",\"@id\":\"https:\\\/\\\/www.rassegnastampa-totustuus.it\\\/cattolica\\\/chiudere-i-centri-ci-far-solo-uscire-dalleuropa\\\/#breadcrumb\",\"itemListElement\":[{\"@type\":\"ListItem\",\"position\":1,\"name\":\"Home\",\"item\":\"https:\\\/\\\/www.rassegnastampa-totustuus.it\\\/cattolica\\\/\"},{\"@type\":\"ListItem\",\"position\":2,\"name\":\"Chiudere i centri ci far&agrave; solo uscire dall\u2019Europa\"}]},{\"@type\":\"WebSite\",\"@id\":\"https:\\\/\\\/www.rassegnastampa-totustuus.it\\\/cattolica\\\/#website\",\"url\":\"https:\\\/\\\/www.rassegnastampa-totustuus.it\\\/cattolica\\\/\",\"name\":\"Rassegna Stampa Cattolica\",\"description\":\"Per una cultura che nasce dalla Rivelazione cristiana in conformit\u00e0 alla tradizione e al Magistero della Chiesa in opposizione ad ogni relativismo e totalitarismo\",\"publisher\":{\"@id\":\"https:\\\/\\\/www.rassegnastampa-totustuus.it\\\/cattolica\\\/#organization\"},\"alternateName\":\"Rass. Cattolica\",\"potentialAction\":[{\"@type\":\"SearchAction\",\"target\":{\"@type\":\"EntryPoint\",\"urlTemplate\":\"https:\\\/\\\/www.rassegnastampa-totustuus.it\\\/cattolica\\\/?s={search_term_string}\"},\"query-input\":{\"@type\":\"PropertyValueSpecification\",\"valueRequired\":true,\"valueName\":\"search_term_string\"}}],\"inLanguage\":\"it-IT\"},{\"@type\":\"Organization\",\"@id\":\"https:\\\/\\\/www.rassegnastampa-totustuus.it\\\/cattolica\\\/#organization\",\"name\":\"Rassegna Stampa Cattolica\",\"url\":\"https:\\\/\\\/www.rassegnastampa-totustuus.it\\\/cattolica\\\/\",\"logo\":{\"@type\":\"ImageObject\",\"inLanguage\":\"it-IT\",\"@id\":\"https:\\\/\\\/www.rassegnastampa-totustuus.it\\\/cattolica\\\/#\\\/schema\\\/logo\\\/image\\\/\",\"url\":\"https:\\\/\\\/www.rassegnastampa-totustuus.it\\\/cattolica\\\/wp-content\\\/uploads\\\/2014\\\/04\\\/logo-rassegna1.gif\",\"contentUrl\":\"https:\\\/\\\/www.rassegnastampa-totustuus.it\\\/cattolica\\\/wp-content\\\/uploads\\\/2014\\\/04\\\/logo-rassegna1.gif\",\"width\":600,\"height\":163,\"caption\":\"Rassegna Stampa Cattolica\"},\"image\":{\"@id\":\"https:\\\/\\\/www.rassegnastampa-totustuus.it\\\/cattolica\\\/#\\\/schema\\\/logo\\\/image\\\/\"},\"sameAs\":[\"https:\\\/\\\/www.facebook.com\\\/rassegnastampacattolica\",\"https:\\\/\\\/x.com\\\/rassegnastampa9\"]},{\"@type\":\"Person\",\"@id\":\"https:\\\/\\\/www.rassegnastampa-totustuus.it\\\/cattolica\\\/#\\\/schema\\\/person\\\/08f319d2bd1a0904ad9e2bfb7b15e5c3\",\"name\":\"Redazione\",\"image\":{\"@type\":\"ImageObject\",\"inLanguage\":\"it-IT\",\"@id\":\"https:\\\/\\\/secure.gravatar.com\\\/avatar\\\/2fcdf27c78ea025fbdb44e914cc63c72249ffec9dc8aafd5c82b26240ef3f346?s=96&d=mm&r=g\",\"url\":\"https:\\\/\\\/secure.gravatar.com\\\/avatar\\\/2fcdf27c78ea025fbdb44e914cc63c72249ffec9dc8aafd5c82b26240ef3f346?s=96&d=mm&r=g\",\"contentUrl\":\"https:\\\/\\\/secure.gravatar.com\\\/avatar\\\/2fcdf27c78ea025fbdb44e914cc63c72249ffec9dc8aafd5c82b26240ef3f346?s=96&d=mm&r=g\",\"caption\":\"Redazione\"},\"url\":\"https:\\\/\\\/www.rassegnastampa-totustuus.it\\\/cattolica\\\/author\\\/pietroelle\\\/\"}]}<\/script>\n<!-- \/ Yoast SEO plugin. -->","yoast_head_json":{"title":"Chiudere i centri ci far&agrave; solo uscire dall\u2019Europa - Rassegna Stampa Cattolica","description":"Rassegna Stampa Cattolica - Per una cultura che nasce dalla Rivelazione cristiana in conformit\u00e0 alla tradizione e al Magistero della Chiesa in opposizione ad ogni relativismo e totalitarismo","robots":{"index":"index","follow":"follow","max-snippet":"max-snippet:-1","max-image-preview":"max-image-preview:large","max-video-preview":"max-video-preview:-1"},"canonical":"https:\/\/www.rassegnastampa-totustuus.it\/cattolica\/chiudere-i-centri-ci-far-solo-uscire-dalleuropa\/","og_locale":"it_IT","og_type":"article","og_title":"Chiudere i centri ci far&agrave; solo uscire dall\u2019Europa - Rassegna Stampa Cattolica","og_description":"Rassegna Stampa Cattolica - Per una cultura che nasce dalla Rivelazione cristiana in conformit\u00e0 alla tradizione e al Magistero della Chiesa in opposizione ad ogni relativismo e totalitarismo","og_url":"https:\/\/www.rassegnastampa-totustuus.it\/cattolica\/chiudere-i-centri-ci-far-solo-uscire-dalleuropa\/","og_site_name":"Rassegna Stampa Cattolica","article_publisher":"https:\/\/www.facebook.com\/rassegnastampacattolica","article_published_time":"2005-07-01T12:43:00+00:00","article_modified_time":"2014-10-22T11:12:13+00:00","og_image":[{"width":600,"height":163,"url":"https:\/\/www.rassegnastampa-totustuus.it\/cattolica\/wp-content\/uploads\/2014\/04\/logo-rassegna.gif","type":"image\/gif"}],"author":"Redazione","twitter_card":"summary_large_image","twitter_creator":"@rassegnastampa9","twitter_site":"@rassegnastampa9","twitter_misc":{"Scritto da":"Redazione","Tempo di lettura stimato":"4 minuti"},"schema":{"@context":"https:\/\/schema.org","@graph":[{"@type":"Article","@id":"https:\/\/www.rassegnastampa-totustuus.it\/cattolica\/chiudere-i-centri-ci-far-solo-uscire-dalleuropa\/#article","isPartOf":{"@id":"https:\/\/www.rassegnastampa-totustuus.it\/cattolica\/chiudere-i-centri-ci-far-solo-uscire-dalleuropa\/"},"author":{"name":"Redazione","@id":"https:\/\/www.rassegnastampa-totustuus.it\/cattolica\/#\/schema\/person\/08f319d2bd1a0904ad9e2bfb7b15e5c3"},"headline":"Chiudere i centri ci far&agrave; solo uscire dall\u2019Europa","datePublished":"2005-07-01T12:43:00+00:00","dateModified":"2014-10-22T11:12:13+00:00","mainEntityOfPage":{"@id":"https:\/\/www.rassegnastampa-totustuus.it\/cattolica\/chiudere-i-centri-ci-far-solo-uscire-dalleuropa\/"},"wordCount":786,"publisher":{"@id":"https:\/\/www.rassegnastampa-totustuus.it\/cattolica\/#organization"},"keywords":["immigrazione"],"articleSection":["Immigrazione","Politica nazionale"],"inLanguage":"it-IT"},{"@type":"WebPage","@id":"https:\/\/www.rassegnastampa-totustuus.it\/cattolica\/chiudere-i-centri-ci-far-solo-uscire-dalleuropa\/","url":"https:\/\/www.rassegnastampa-totustuus.it\/cattolica\/chiudere-i-centri-ci-far-solo-uscire-dalleuropa\/","name":"Chiudere i centri ci far&agrave; solo uscire dall\u2019Europa - Rassegna Stampa Cattolica","isPartOf":{"@id":"https:\/\/www.rassegnastampa-totustuus.it\/cattolica\/#website"},"datePublished":"2005-07-01T12:43:00+00:00","dateModified":"2014-10-22T11:12:13+00:00","description":"Rassegna Stampa Cattolica - Per una cultura che nasce dalla Rivelazione cristiana in conformit\u00e0 alla tradizione e al Magistero della Chiesa in opposizione ad ogni relativismo e totalitarismo","breadcrumb":{"@id":"https:\/\/www.rassegnastampa-totustuus.it\/cattolica\/chiudere-i-centri-ci-far-solo-uscire-dalleuropa\/#breadcrumb"},"inLanguage":"it-IT","potentialAction":[{"@type":"ReadAction","target":["https:\/\/www.rassegnastampa-totustuus.it\/cattolica\/chiudere-i-centri-ci-far-solo-uscire-dalleuropa\/"]}]},{"@type":"BreadcrumbList","@id":"https:\/\/www.rassegnastampa-totustuus.it\/cattolica\/chiudere-i-centri-ci-far-solo-uscire-dalleuropa\/#breadcrumb","itemListElement":[{"@type":"ListItem","position":1,"name":"Home","item":"https:\/\/www.rassegnastampa-totustuus.it\/cattolica\/"},{"@type":"ListItem","position":2,"name":"Chiudere i centri ci far&agrave; solo uscire dall\u2019Europa"}]},{"@type":"WebSite","@id":"https:\/\/www.rassegnastampa-totustuus.it\/cattolica\/#website","url":"https:\/\/www.rassegnastampa-totustuus.it\/cattolica\/","name":"Rassegna Stampa Cattolica","description":"Per una cultura che nasce dalla Rivelazione cristiana in conformit\u00e0 alla tradizione e al Magistero della Chiesa in opposizione ad ogni relativismo e totalitarismo","publisher":{"@id":"https:\/\/www.rassegnastampa-totustuus.it\/cattolica\/#organization"},"alternateName":"Rass. Cattolica","potentialAction":[{"@type":"SearchAction","target":{"@type":"EntryPoint","urlTemplate":"https:\/\/www.rassegnastampa-totustuus.it\/cattolica\/?s={search_term_string}"},"query-input":{"@type":"PropertyValueSpecification","valueRequired":true,"valueName":"search_term_string"}}],"inLanguage":"it-IT"},{"@type":"Organization","@id":"https:\/\/www.rassegnastampa-totustuus.it\/cattolica\/#organization","name":"Rassegna Stampa Cattolica","url":"https:\/\/www.rassegnastampa-totustuus.it\/cattolica\/","logo":{"@type":"ImageObject","inLanguage":"it-IT","@id":"https:\/\/www.rassegnastampa-totustuus.it\/cattolica\/#\/schema\/logo\/image\/","url":"https:\/\/www.rassegnastampa-totustuus.it\/cattolica\/wp-content\/uploads\/2014\/04\/logo-rassegna1.gif","contentUrl":"https:\/\/www.rassegnastampa-totustuus.it\/cattolica\/wp-content\/uploads\/2014\/04\/logo-rassegna1.gif","width":600,"height":163,"caption":"Rassegna Stampa Cattolica"},"image":{"@id":"https:\/\/www.rassegnastampa-totustuus.it\/cattolica\/#\/schema\/logo\/image\/"},"sameAs":["https:\/\/www.facebook.com\/rassegnastampacattolica","https:\/\/x.com\/rassegnastampa9"]},{"@type":"Person","@id":"https:\/\/www.rassegnastampa-totustuus.it\/cattolica\/#\/schema\/person\/08f319d2bd1a0904ad9e2bfb7b15e5c3","name":"Redazione","image":{"@type":"ImageObject","inLanguage":"it-IT","@id":"https:\/\/secure.gravatar.com\/avatar\/2fcdf27c78ea025fbdb44e914cc63c72249ffec9dc8aafd5c82b26240ef3f346?s=96&d=mm&r=g","url":"https:\/\/secure.gravatar.com\/avatar\/2fcdf27c78ea025fbdb44e914cc63c72249ffec9dc8aafd5c82b26240ef3f346?s=96&d=mm&r=g","contentUrl":"https:\/\/secure.gravatar.com\/avatar\/2fcdf27c78ea025fbdb44e914cc63c72249ffec9dc8aafd5c82b26240ef3f346?s=96&d=mm&r=g","caption":"Redazione"},"url":"https:\/\/www.rassegnastampa-totustuus.it\/cattolica\/author\/pietroelle\/"}]}},"_links":{"self":[{"href":"https:\/\/www.rassegnastampa-totustuus.it\/cattolica\/wp-json\/wp\/v2\/posts\/840","targetHints":{"allow":["GET"]}}],"collection":[{"href":"https:\/\/www.rassegnastampa-totustuus.it\/cattolica\/wp-json\/wp\/v2\/posts"}],"about":[{"href":"https:\/\/www.rassegnastampa-totustuus.it\/cattolica\/wp-json\/wp\/v2\/types\/post"}],"author":[{"embeddable":true,"href":"https:\/\/www.rassegnastampa-totustuus.it\/cattolica\/wp-json\/wp\/v2\/users\/6"}],"replies":[{"embeddable":true,"href":"https:\/\/www.rassegnastampa-totustuus.it\/cattolica\/wp-json\/wp\/v2\/comments?post=840"}],"version-history":[{"count":3,"href":"https:\/\/www.rassegnastampa-totustuus.it\/cattolica\/wp-json\/wp\/v2\/posts\/840\/revisions"}],"predecessor-version":[{"id":12018,"href":"https:\/\/www.rassegnastampa-totustuus.it\/cattolica\/wp-json\/wp\/v2\/posts\/840\/revisions\/12018"}],"wp:attachment":[{"href":"https:\/\/www.rassegnastampa-totustuus.it\/cattolica\/wp-json\/wp\/v2\/media?parent=840"}],"wp:term":[{"taxonomy":"category","embeddable":true,"href":"https:\/\/www.rassegnastampa-totustuus.it\/cattolica\/wp-json\/wp\/v2\/categories?post=840"},{"taxonomy":"post_tag","embeddable":true,"href":"https:\/\/www.rassegnastampa-totustuus.it\/cattolica\/wp-json\/wp\/v2\/tags?post=840"}],"curies":[{"name":"wp","href":"https:\/\/api.w.org\/{rel}","templated":true}]}}