{"id":833,"date":"2005-06-30T17:27:30","date_gmt":"2005-06-30T15:27:30","guid":{"rendered":""},"modified":"2016-02-04T17:13:22","modified_gmt":"2016-02-04T16:13:22","slug":"africani","status":"publish","type":"post","link":"https:\/\/www.rassegnastampa-totustuus.it\/cattolica\/africani\/","title":{"rendered":"Africani"},"content":{"rendered":"<div style=\"text-align: center;\">\n<div id=\"attachment_30338\" style=\"width: 240px\" class=\"wp-caption alignleft\"><a href=\"https:\/\/www.rassegnastampa-totustuus.it\/cattolica\/wp-content\/uploads\/2005\/06\/Axelle-Kabou1.jpg\"><img loading=\"lazy\" decoding=\"async\" aria-describedby=\"caption-attachment-30338\" class=\"wp-image-30338 size-full\" src=\"https:\/\/www.rassegnastampa-totustuus.it\/cattolica\/wp-content\/uploads\/2005\/06\/Axelle-Kabou1.jpg\" alt=\"Axelle Kabou\" width=\"240\" height=\"160\" \/><\/a><p id=\"caption-attachment-30338\" class=\"wp-caption-text\">Axelle Kabou<\/p><\/div>\n<p><strong>il Timone<\/strong> n. 30, Febbraio 2004<\/div>\n<p style=\"text-align: center;\">di <strong>Rino Cammilleri<\/strong><\/p>\n<p style=\"text-align: justify;\">Verso il 20 dello scorso agosto l\u2019instancabile David Botti, tramite il benemerito circuito mail politicacattolici@yahoogroups.com, mi ha inviato, tradotto, un articolo &#8220;elettronico&#8221; di Paul Yange <em>E se l\u00b4Africa rifiutasse lo sviluppo<\/em> e che potrete leggere per intero rivolgendovi all\u2019indirizzo su riportato.<\/p>\n<p><!--more--><\/p>\n<div style=\"text-align: justify;\">Poich\u00e9 merita qualche commento, riassumo: nel 1991 Axelle Kabou, sociologa camerunense, ha pubblicato un libro dal titolo provocatorio, \u00abE se Africa rifiutasse lo sviluppo?\u00bb (L\u2019Harmattan Italia, Torino 1995, trad. it.), in cui si dice apertamente quel che molti pensano ma non osano dire. Una tesi \u00e8 questa: \u00abIl sottosviluppo dell\u2019Africa non \u00e8 dovuto ad una scarsit\u00e0 di capitali. Sarebbe ingenuo crederlo.<\/div>\n<p style=\"text-align: justify;\">Per comprendere perch\u00e9 questo continente non ha cessato di regredire, malgrado le sue considerevoli ricchezze, occorre innanzi tutto chiedersi come ci\u00f2 funzioni al livello micro-economico pi\u00f9 elementare: nella testa degli africani\u00bb. L\u2019autrice, insomma, si domanda se davvero \u00abla volont\u00e0 di sviluppo degli africani non sia un mito\u00bb. E si risponde, crudamente, parlando senza giri di parole di \u00abideologia parassitaria\u00bb.<\/p>\n<p style=\"text-align: justify;\">Anche se la cosa far\u00e0 saltare le coronarie ad alcuni predicatori missionari (di quelli che, nelle nostre chiese, battono cassa continuamente accusandoci di insensibilit\u00e0 in quanto occidentali e cristiani).<\/p>\n<p style=\"text-align: justify;\">La Kabou porta un esempio di giro mentale africano: \u00abLa tecnica degrada la vita familiare ed i rapporti umani. Gli occidentali stessi lo dicono. Dunque, l\u2019Africa deve rigettare la tecnica. \u00c8 singolare constatare come perfino le lamentele sul bianchi siano state masse in testa agli africani dai bianchi stessi. Detta pi\u00f9 fine: \u00abalienazione culturale\u00bb.<\/p>\n<p style=\"text-align: justify;\">Al tempo del colonialismo li hanno convinti che il Progresso \u00e8 una bella cosa. Con la decolonizzazione hanno fatto il contrario. Ma, giustamente, la Kabou si chiede, a questo punto, se la sua gente sia mai stata capace di pensare con la sua testa. E fa presente che \u00abogni popolo \u00e9, in prima e in ultima analisi, responsabile dell\u2019interezza della sua stona, senza esclusione\u00bb.<\/p>\n<p style=\"text-align: justify;\">Dunque, sarebbe ora di farla finita di piangersi addosso (l\u2019\u00abideologia parassitaria\u00bb) e, se proprio non si vuol cominciare a chiedersi come mai gli occidentali si siano sviluppati da soli, fare, semmai, come il Giappone, che \u00abha saputo conservare la sua cultura pur impegnandosi sul binario dell\u2019industrializzazione, bench\u00e9 non possedesse alcuna ricchezza nel suo sottosuolo, contrariamente ai paesi africani\u00bb. Ed \u00e8 diventato una temibile potenza economica.<\/p>\n<p style=\"text-align: justify;\">Certo, aggiungiamo noi: \u00e8 vero che gli occidentali (giapponesi compresi) non sono felici. Ma neanche gli africani, a quanto risulta. Se la scelta \u00e8 tra l\u2019essere infelici a pancia piena o a pancia vuota (pi\u00f9 guerre continue, massacri interetnici, epidemie devastanti, profughi permanenti, esodi biblici), mi sembra che non debbano esserci dubbi.<\/p>\n<p style=\"text-align: justify;\">Non solo: l\u2019Occidente, proprio perch\u00e9, essendo ricco, ha tempo per pensare, ha tutti i mezzi, se vuole, per ovviare alla sua infelicit\u00e0. Laddove c\u2019\u00e8 poco da dibattere sulla condizione umana se la giornata e dedicata a cercare di sopravvivere. Torniamo al libro e a un altro dito nella piaga: \u00abLa lettura africana della tratta negriera e del fatto coloniale \u00e8 di un semplicismo mozzafiato: io ero tranquillamente a casa mia quando vidi arrivare un uomo di colore bianco che mi chiese ospitalit\u00e0 ad approfitt\u00f2 della mia gentilezza per spogliarmi dei miei beni, uccidere i miei e ridurli in schiavit\u00f9. Di conseguenza, io porgo reclamo ad esigo dei risarcimenti\u00bb.<\/p>\n<p style=\"text-align: justify;\">Naturalmente, la storia \u00e8 leggermente diversa: certe trib\u00f9 razziavano schiavi nella trib\u00f9 vicina e li rivendevano ai mercanti musulmani, i quali li avviavano in catene alle caste per rivenderli a chi aveva le colonie in America (dove gli indios indigeni erano, ahim\u00e8, iperprotetti, dalle legislazioni spagnola e portoghese; a differenza dei neri africani, che &#8220;appartenevano&#8221; ai loro capi).<\/p>\n<p style=\"text-align: justify;\">Quei neri americani che, capeggiati da Malcolm X, si facevano musulmani per protesta contro la discriminazione, evidentemente non conoscevano la storia. Come poco la conoscono quei popoli africani che, oggi, si convertono sempre pi\u00f9 frequentemente all\u2019islam. Il successivo colonialismo ottocentesco abol\u00ec la tratta degli schiavi e la contrast\u00f2 come pot\u00e9 (infatti, essa dovette diventare clandestina e cambiare direzione: non pi\u00f9 l\u2019America ma l\u2019Oriente, anche Medio).<\/p>\n<p style=\"text-align: justify;\">Ma poi, diciamola tutta: se gli africani avessero veramente voluto, non avrebbero avuto la possibilit\u00e0 di evitarlo, il colonialismo? Si risponde (appunto, semplicisticamente) che i bianchi avevano fucili e cannoni. Gi\u00e0, ma la disfatta dell\u2019esercito italiano ad Adua fu inferta da abissini armati di modernissimi Remington (per la vostra curiosit\u00e0: quei fucili erano stati venduti dagli americani, dopo la guerra di Secessione, ai pontifici; confiscati dai piemontesi dopo la presa di Roma, erano stati rivenduti in Africa).<\/p>\n<p style=\"text-align: justify;\">Di pi\u00f9: gli zulu, pur armati di sole zagaglie, qualche decennio prima avevano inferto agli organizzatissimi inglesi una sonora batosta. Conclude la Kabou: \u00abLa questione \u00e8 piuttosto di sapere cosa, al di l\u00e0 della morale, potrebbe obbligare un occidentale potente a pagare debiti coloniali e soprattutto a far passare l\u2019interesse dell\u2019Africa prima del suo\u00bb. Gi\u00e0. Teniamo presente che il libro ha pi\u00f9 di tredici anni. La stessa et\u00e0 di un altro libro, occidentale e rivolto a occidentali, intitolato significativamente \u00abLa cultura del piagnisteo\u00bb.<\/p>\n<p style=\"text-align: justify;\">Il guaio \u00e8 che, ahim\u00e8, l\u2019Africa non \u00e8 la sola a rimpiangere un mitico passato (ripeto: mitico). C\u2019\u00e8 anche Bin Laden<\/p>\n","protected":false},"excerpt":{"rendered":"<p>il Timone n. 30, Febbraio 2004 di Rino Cammilleri Verso il 20 dello scorso agosto l\u2019instancabile David Botti, tramite il benemerito circuito mail politicacattolici@yahoogroups.com, mi ha inviato, tradotto, un articolo &#8220;elettronico&#8221; di Paul Yange E se l\u00b4Africa rifiutasse lo sviluppo e che potrete leggere per intero rivolgendovi all\u2019indirizzo su riportato.<\/p><p><a class=\"more-link btn\" href=\"https:\/\/www.rassegnastampa-totustuus.it\/cattolica\/africani\/\">Continua a leggere<\/a><\/p>\n","protected":false},"author":6,"featured_media":30338,"comment_status":"closed","ping_status":"open","sticky":false,"template":"","format":"standard","meta":{"footnotes":""},"categories":[39,108],"tags":[2393],"class_list":["post-833","post","type-post","status-publish","format-standard","has-post-thumbnail","hentry","category-africa","category-paesi-e-continenti","tag-africa","item-wrap"],"yoast_head":"<!-- This site is optimized with the Yoast SEO plugin v27.5 - https:\/\/yoast.com\/product\/yoast-seo-wordpress\/ -->\n<title>Africani - Rassegna Stampa Cattolica<\/title>\n<meta name=\"description\" content=\"Rassegna Stampa Cattolica - Per una cultura che nasce dalla Rivelazione cristiana in conformit\u00e0 alla tradizione e al Magistero della Chiesa in opposizione ad ogni relativismo e totalitarismo\" \/>\n<meta name=\"robots\" content=\"index, follow, max-snippet:-1, max-image-preview:large, max-video-preview:-1\" \/>\n<link rel=\"canonical\" href=\"https:\/\/www.rassegnastampa-totustuus.it\/cattolica\/africani\/\" \/>\n<meta property=\"og:locale\" content=\"it_IT\" \/>\n<meta property=\"og:type\" content=\"article\" \/>\n<meta property=\"og:title\" content=\"Africani - Rassegna Stampa Cattolica\" \/>\n<meta property=\"og:description\" content=\"Rassegna Stampa Cattolica - Per una cultura che nasce dalla Rivelazione cristiana in conformit\u00e0 alla tradizione e al Magistero della Chiesa in opposizione ad ogni relativismo e totalitarismo\" \/>\n<meta property=\"og:url\" content=\"https:\/\/www.rassegnastampa-totustuus.it\/cattolica\/africani\/\" \/>\n<meta property=\"og:site_name\" content=\"Rassegna Stampa Cattolica\" \/>\n<meta property=\"article:publisher\" content=\"https:\/\/www.facebook.com\/rassegnastampacattolica\" \/>\n<meta property=\"article:published_time\" content=\"2005-06-30T15:27:30+00:00\" \/>\n<meta property=\"article:modified_time\" content=\"2016-02-04T16:13:22+00:00\" \/>\n<meta property=\"og:image\" content=\"https:\/\/www.rassegnastampa-totustuus.it\/cattolica\/wp-content\/uploads\/2005\/06\/Axelle-Kabou1.jpg\" \/>\n\t<meta property=\"og:image:width\" content=\"240\" \/>\n\t<meta property=\"og:image:height\" content=\"160\" \/>\n\t<meta property=\"og:image:type\" content=\"image\/jpeg\" \/>\n<meta name=\"author\" content=\"Redazione\" \/>\n<meta name=\"twitter:card\" content=\"summary_large_image\" \/>\n<meta name=\"twitter:creator\" content=\"@rassegnastampa9\" \/>\n<meta name=\"twitter:site\" content=\"@rassegnastampa9\" \/>\n<meta name=\"twitter:label1\" content=\"Scritto da\" \/>\n\t<meta name=\"twitter:data1\" content=\"Redazione\" \/>\n\t<meta name=\"twitter:label2\" content=\"Tempo di lettura stimato\" \/>\n\t<meta name=\"twitter:data2\" content=\"4 minuti\" \/>\n<script type=\"application\/ld+json\" class=\"yoast-schema-graph\">{\"@context\":\"https:\\\/\\\/schema.org\",\"@graph\":[{\"@type\":\"Article\",\"@id\":\"https:\\\/\\\/www.rassegnastampa-totustuus.it\\\/cattolica\\\/africani\\\/#article\",\"isPartOf\":{\"@id\":\"https:\\\/\\\/www.rassegnastampa-totustuus.it\\\/cattolica\\\/africani\\\/\"},\"author\":{\"name\":\"Redazione\",\"@id\":\"https:\\\/\\\/www.rassegnastampa-totustuus.it\\\/cattolica\\\/#\\\/schema\\\/person\\\/08f319d2bd1a0904ad9e2bfb7b15e5c3\"},\"headline\":\"Africani\",\"datePublished\":\"2005-06-30T15:27:30+00:00\",\"dateModified\":\"2016-02-04T16:13:22+00:00\",\"mainEntityOfPage\":{\"@id\":\"https:\\\/\\\/www.rassegnastampa-totustuus.it\\\/cattolica\\\/africani\\\/\"},\"wordCount\":859,\"publisher\":{\"@id\":\"https:\\\/\\\/www.rassegnastampa-totustuus.it\\\/cattolica\\\/#organization\"},\"image\":{\"@id\":\"https:\\\/\\\/www.rassegnastampa-totustuus.it\\\/cattolica\\\/africani\\\/#primaryimage\"},\"thumbnailUrl\":\"https:\\\/\\\/www.rassegnastampa-totustuus.it\\\/cattolica\\\/wp-content\\\/uploads\\\/2005\\\/06\\\/Axelle-Kabou1.jpg\",\"keywords\":[\"Africa\"],\"articleSection\":[\"Africa\",\"Paesi e continenti\"],\"inLanguage\":\"it-IT\"},{\"@type\":\"WebPage\",\"@id\":\"https:\\\/\\\/www.rassegnastampa-totustuus.it\\\/cattolica\\\/africani\\\/\",\"url\":\"https:\\\/\\\/www.rassegnastampa-totustuus.it\\\/cattolica\\\/africani\\\/\",\"name\":\"Africani - Rassegna Stampa Cattolica\",\"isPartOf\":{\"@id\":\"https:\\\/\\\/www.rassegnastampa-totustuus.it\\\/cattolica\\\/#website\"},\"primaryImageOfPage\":{\"@id\":\"https:\\\/\\\/www.rassegnastampa-totustuus.it\\\/cattolica\\\/africani\\\/#primaryimage\"},\"image\":{\"@id\":\"https:\\\/\\\/www.rassegnastampa-totustuus.it\\\/cattolica\\\/africani\\\/#primaryimage\"},\"thumbnailUrl\":\"https:\\\/\\\/www.rassegnastampa-totustuus.it\\\/cattolica\\\/wp-content\\\/uploads\\\/2005\\\/06\\\/Axelle-Kabou1.jpg\",\"datePublished\":\"2005-06-30T15:27:30+00:00\",\"dateModified\":\"2016-02-04T16:13:22+00:00\",\"description\":\"Rassegna Stampa Cattolica - Per una cultura che nasce dalla Rivelazione cristiana in conformit\u00e0 alla tradizione e al Magistero della Chiesa in opposizione ad ogni relativismo e totalitarismo\",\"breadcrumb\":{\"@id\":\"https:\\\/\\\/www.rassegnastampa-totustuus.it\\\/cattolica\\\/africani\\\/#breadcrumb\"},\"inLanguage\":\"it-IT\",\"potentialAction\":[{\"@type\":\"ReadAction\",\"target\":[\"https:\\\/\\\/www.rassegnastampa-totustuus.it\\\/cattolica\\\/africani\\\/\"]}]},{\"@type\":\"ImageObject\",\"inLanguage\":\"it-IT\",\"@id\":\"https:\\\/\\\/www.rassegnastampa-totustuus.it\\\/cattolica\\\/africani\\\/#primaryimage\",\"url\":\"https:\\\/\\\/www.rassegnastampa-totustuus.it\\\/cattolica\\\/wp-content\\\/uploads\\\/2005\\\/06\\\/Axelle-Kabou1.jpg\",\"contentUrl\":\"https:\\\/\\\/www.rassegnastampa-totustuus.it\\\/cattolica\\\/wp-content\\\/uploads\\\/2005\\\/06\\\/Axelle-Kabou1.jpg\",\"width\":240,\"height\":160},{\"@type\":\"BreadcrumbList\",\"@id\":\"https:\\\/\\\/www.rassegnastampa-totustuus.it\\\/cattolica\\\/africani\\\/#breadcrumb\",\"itemListElement\":[{\"@type\":\"ListItem\",\"position\":1,\"name\":\"Home\",\"item\":\"https:\\\/\\\/www.rassegnastampa-totustuus.it\\\/cattolica\\\/\"},{\"@type\":\"ListItem\",\"position\":2,\"name\":\"Africani\"}]},{\"@type\":\"WebSite\",\"@id\":\"https:\\\/\\\/www.rassegnastampa-totustuus.it\\\/cattolica\\\/#website\",\"url\":\"https:\\\/\\\/www.rassegnastampa-totustuus.it\\\/cattolica\\\/\",\"name\":\"Rassegna Stampa Cattolica\",\"description\":\"Per una cultura che nasce dalla Rivelazione cristiana in conformit\u00e0 alla tradizione e al Magistero della Chiesa in opposizione ad ogni relativismo e totalitarismo\",\"publisher\":{\"@id\":\"https:\\\/\\\/www.rassegnastampa-totustuus.it\\\/cattolica\\\/#organization\"},\"alternateName\":\"Rass. Cattolica\",\"potentialAction\":[{\"@type\":\"SearchAction\",\"target\":{\"@type\":\"EntryPoint\",\"urlTemplate\":\"https:\\\/\\\/www.rassegnastampa-totustuus.it\\\/cattolica\\\/?s={search_term_string}\"},\"query-input\":{\"@type\":\"PropertyValueSpecification\",\"valueRequired\":true,\"valueName\":\"search_term_string\"}}],\"inLanguage\":\"it-IT\"},{\"@type\":\"Organization\",\"@id\":\"https:\\\/\\\/www.rassegnastampa-totustuus.it\\\/cattolica\\\/#organization\",\"name\":\"Rassegna Stampa Cattolica\",\"url\":\"https:\\\/\\\/www.rassegnastampa-totustuus.it\\\/cattolica\\\/\",\"logo\":{\"@type\":\"ImageObject\",\"inLanguage\":\"it-IT\",\"@id\":\"https:\\\/\\\/www.rassegnastampa-totustuus.it\\\/cattolica\\\/#\\\/schema\\\/logo\\\/image\\\/\",\"url\":\"https:\\\/\\\/www.rassegnastampa-totustuus.it\\\/cattolica\\\/wp-content\\\/uploads\\\/2014\\\/04\\\/logo-rassegna1.gif\",\"contentUrl\":\"https:\\\/\\\/www.rassegnastampa-totustuus.it\\\/cattolica\\\/wp-content\\\/uploads\\\/2014\\\/04\\\/logo-rassegna1.gif\",\"width\":600,\"height\":163,\"caption\":\"Rassegna Stampa Cattolica\"},\"image\":{\"@id\":\"https:\\\/\\\/www.rassegnastampa-totustuus.it\\\/cattolica\\\/#\\\/schema\\\/logo\\\/image\\\/\"},\"sameAs\":[\"https:\\\/\\\/www.facebook.com\\\/rassegnastampacattolica\",\"https:\\\/\\\/x.com\\\/rassegnastampa9\"]},{\"@type\":\"Person\",\"@id\":\"https:\\\/\\\/www.rassegnastampa-totustuus.it\\\/cattolica\\\/#\\\/schema\\\/person\\\/08f319d2bd1a0904ad9e2bfb7b15e5c3\",\"name\":\"Redazione\",\"image\":{\"@type\":\"ImageObject\",\"inLanguage\":\"it-IT\",\"@id\":\"https:\\\/\\\/secure.gravatar.com\\\/avatar\\\/2fcdf27c78ea025fbdb44e914cc63c72249ffec9dc8aafd5c82b26240ef3f346?s=96&d=mm&r=g\",\"url\":\"https:\\\/\\\/secure.gravatar.com\\\/avatar\\\/2fcdf27c78ea025fbdb44e914cc63c72249ffec9dc8aafd5c82b26240ef3f346?s=96&d=mm&r=g\",\"contentUrl\":\"https:\\\/\\\/secure.gravatar.com\\\/avatar\\\/2fcdf27c78ea025fbdb44e914cc63c72249ffec9dc8aafd5c82b26240ef3f346?s=96&d=mm&r=g\",\"caption\":\"Redazione\"},\"url\":\"https:\\\/\\\/www.rassegnastampa-totustuus.it\\\/cattolica\\\/author\\\/pietroelle\\\/\"}]}<\/script>\n<!-- \/ Yoast SEO plugin. -->","yoast_head_json":{"title":"Africani - Rassegna Stampa Cattolica","description":"Rassegna Stampa Cattolica - Per una cultura che nasce dalla Rivelazione cristiana in conformit\u00e0 alla tradizione e al Magistero della Chiesa in opposizione ad ogni relativismo e totalitarismo","robots":{"index":"index","follow":"follow","max-snippet":"max-snippet:-1","max-image-preview":"max-image-preview:large","max-video-preview":"max-video-preview:-1"},"canonical":"https:\/\/www.rassegnastampa-totustuus.it\/cattolica\/africani\/","og_locale":"it_IT","og_type":"article","og_title":"Africani - Rassegna Stampa Cattolica","og_description":"Rassegna Stampa Cattolica - Per una cultura che nasce dalla Rivelazione cristiana in conformit\u00e0 alla tradizione e al Magistero della Chiesa in opposizione ad ogni relativismo e totalitarismo","og_url":"https:\/\/www.rassegnastampa-totustuus.it\/cattolica\/africani\/","og_site_name":"Rassegna Stampa Cattolica","article_publisher":"https:\/\/www.facebook.com\/rassegnastampacattolica","article_published_time":"2005-06-30T15:27:30+00:00","article_modified_time":"2016-02-04T16:13:22+00:00","og_image":[{"width":240,"height":160,"url":"https:\/\/www.rassegnastampa-totustuus.it\/cattolica\/wp-content\/uploads\/2005\/06\/Axelle-Kabou1.jpg","type":"image\/jpeg"}],"author":"Redazione","twitter_card":"summary_large_image","twitter_creator":"@rassegnastampa9","twitter_site":"@rassegnastampa9","twitter_misc":{"Scritto da":"Redazione","Tempo di lettura stimato":"4 minuti"},"schema":{"@context":"https:\/\/schema.org","@graph":[{"@type":"Article","@id":"https:\/\/www.rassegnastampa-totustuus.it\/cattolica\/africani\/#article","isPartOf":{"@id":"https:\/\/www.rassegnastampa-totustuus.it\/cattolica\/africani\/"},"author":{"name":"Redazione","@id":"https:\/\/www.rassegnastampa-totustuus.it\/cattolica\/#\/schema\/person\/08f319d2bd1a0904ad9e2bfb7b15e5c3"},"headline":"Africani","datePublished":"2005-06-30T15:27:30+00:00","dateModified":"2016-02-04T16:13:22+00:00","mainEntityOfPage":{"@id":"https:\/\/www.rassegnastampa-totustuus.it\/cattolica\/africani\/"},"wordCount":859,"publisher":{"@id":"https:\/\/www.rassegnastampa-totustuus.it\/cattolica\/#organization"},"image":{"@id":"https:\/\/www.rassegnastampa-totustuus.it\/cattolica\/africani\/#primaryimage"},"thumbnailUrl":"https:\/\/www.rassegnastampa-totustuus.it\/cattolica\/wp-content\/uploads\/2005\/06\/Axelle-Kabou1.jpg","keywords":["Africa"],"articleSection":["Africa","Paesi e continenti"],"inLanguage":"it-IT"},{"@type":"WebPage","@id":"https:\/\/www.rassegnastampa-totustuus.it\/cattolica\/africani\/","url":"https:\/\/www.rassegnastampa-totustuus.it\/cattolica\/africani\/","name":"Africani - Rassegna Stampa Cattolica","isPartOf":{"@id":"https:\/\/www.rassegnastampa-totustuus.it\/cattolica\/#website"},"primaryImageOfPage":{"@id":"https:\/\/www.rassegnastampa-totustuus.it\/cattolica\/africani\/#primaryimage"},"image":{"@id":"https:\/\/www.rassegnastampa-totustuus.it\/cattolica\/africani\/#primaryimage"},"thumbnailUrl":"https:\/\/www.rassegnastampa-totustuus.it\/cattolica\/wp-content\/uploads\/2005\/06\/Axelle-Kabou1.jpg","datePublished":"2005-06-30T15:27:30+00:00","dateModified":"2016-02-04T16:13:22+00:00","description":"Rassegna Stampa Cattolica - Per una cultura che nasce dalla Rivelazione cristiana in conformit\u00e0 alla tradizione e al Magistero della Chiesa in opposizione ad ogni relativismo e totalitarismo","breadcrumb":{"@id":"https:\/\/www.rassegnastampa-totustuus.it\/cattolica\/africani\/#breadcrumb"},"inLanguage":"it-IT","potentialAction":[{"@type":"ReadAction","target":["https:\/\/www.rassegnastampa-totustuus.it\/cattolica\/africani\/"]}]},{"@type":"ImageObject","inLanguage":"it-IT","@id":"https:\/\/www.rassegnastampa-totustuus.it\/cattolica\/africani\/#primaryimage","url":"https:\/\/www.rassegnastampa-totustuus.it\/cattolica\/wp-content\/uploads\/2005\/06\/Axelle-Kabou1.jpg","contentUrl":"https:\/\/www.rassegnastampa-totustuus.it\/cattolica\/wp-content\/uploads\/2005\/06\/Axelle-Kabou1.jpg","width":240,"height":160},{"@type":"BreadcrumbList","@id":"https:\/\/www.rassegnastampa-totustuus.it\/cattolica\/africani\/#breadcrumb","itemListElement":[{"@type":"ListItem","position":1,"name":"Home","item":"https:\/\/www.rassegnastampa-totustuus.it\/cattolica\/"},{"@type":"ListItem","position":2,"name":"Africani"}]},{"@type":"WebSite","@id":"https:\/\/www.rassegnastampa-totustuus.it\/cattolica\/#website","url":"https:\/\/www.rassegnastampa-totustuus.it\/cattolica\/","name":"Rassegna Stampa Cattolica","description":"Per una cultura che nasce dalla Rivelazione cristiana in conformit\u00e0 alla tradizione e al Magistero della Chiesa in opposizione ad ogni relativismo e totalitarismo","publisher":{"@id":"https:\/\/www.rassegnastampa-totustuus.it\/cattolica\/#organization"},"alternateName":"Rass. Cattolica","potentialAction":[{"@type":"SearchAction","target":{"@type":"EntryPoint","urlTemplate":"https:\/\/www.rassegnastampa-totustuus.it\/cattolica\/?s={search_term_string}"},"query-input":{"@type":"PropertyValueSpecification","valueRequired":true,"valueName":"search_term_string"}}],"inLanguage":"it-IT"},{"@type":"Organization","@id":"https:\/\/www.rassegnastampa-totustuus.it\/cattolica\/#organization","name":"Rassegna Stampa Cattolica","url":"https:\/\/www.rassegnastampa-totustuus.it\/cattolica\/","logo":{"@type":"ImageObject","inLanguage":"it-IT","@id":"https:\/\/www.rassegnastampa-totustuus.it\/cattolica\/#\/schema\/logo\/image\/","url":"https:\/\/www.rassegnastampa-totustuus.it\/cattolica\/wp-content\/uploads\/2014\/04\/logo-rassegna1.gif","contentUrl":"https:\/\/www.rassegnastampa-totustuus.it\/cattolica\/wp-content\/uploads\/2014\/04\/logo-rassegna1.gif","width":600,"height":163,"caption":"Rassegna Stampa Cattolica"},"image":{"@id":"https:\/\/www.rassegnastampa-totustuus.it\/cattolica\/#\/schema\/logo\/image\/"},"sameAs":["https:\/\/www.facebook.com\/rassegnastampacattolica","https:\/\/x.com\/rassegnastampa9"]},{"@type":"Person","@id":"https:\/\/www.rassegnastampa-totustuus.it\/cattolica\/#\/schema\/person\/08f319d2bd1a0904ad9e2bfb7b15e5c3","name":"Redazione","image":{"@type":"ImageObject","inLanguage":"it-IT","@id":"https:\/\/secure.gravatar.com\/avatar\/2fcdf27c78ea025fbdb44e914cc63c72249ffec9dc8aafd5c82b26240ef3f346?s=96&d=mm&r=g","url":"https:\/\/secure.gravatar.com\/avatar\/2fcdf27c78ea025fbdb44e914cc63c72249ffec9dc8aafd5c82b26240ef3f346?s=96&d=mm&r=g","contentUrl":"https:\/\/secure.gravatar.com\/avatar\/2fcdf27c78ea025fbdb44e914cc63c72249ffec9dc8aafd5c82b26240ef3f346?s=96&d=mm&r=g","caption":"Redazione"},"url":"https:\/\/www.rassegnastampa-totustuus.it\/cattolica\/author\/pietroelle\/"}]}},"_links":{"self":[{"href":"https:\/\/www.rassegnastampa-totustuus.it\/cattolica\/wp-json\/wp\/v2\/posts\/833","targetHints":{"allow":["GET"]}}],"collection":[{"href":"https:\/\/www.rassegnastampa-totustuus.it\/cattolica\/wp-json\/wp\/v2\/posts"}],"about":[{"href":"https:\/\/www.rassegnastampa-totustuus.it\/cattolica\/wp-json\/wp\/v2\/types\/post"}],"author":[{"embeddable":true,"href":"https:\/\/www.rassegnastampa-totustuus.it\/cattolica\/wp-json\/wp\/v2\/users\/6"}],"replies":[{"embeddable":true,"href":"https:\/\/www.rassegnastampa-totustuus.it\/cattolica\/wp-json\/wp\/v2\/comments?post=833"}],"version-history":[{"count":4,"href":"https:\/\/www.rassegnastampa-totustuus.it\/cattolica\/wp-json\/wp\/v2\/posts\/833\/revisions"}],"predecessor-version":[{"id":30339,"href":"https:\/\/www.rassegnastampa-totustuus.it\/cattolica\/wp-json\/wp\/v2\/posts\/833\/revisions\/30339"}],"wp:featuredmedia":[{"embeddable":true,"href":"https:\/\/www.rassegnastampa-totustuus.it\/cattolica\/wp-json\/wp\/v2\/media\/30338"}],"wp:attachment":[{"href":"https:\/\/www.rassegnastampa-totustuus.it\/cattolica\/wp-json\/wp\/v2\/media?parent=833"}],"wp:term":[{"taxonomy":"category","embeddable":true,"href":"https:\/\/www.rassegnastampa-totustuus.it\/cattolica\/wp-json\/wp\/v2\/categories?post=833"},{"taxonomy":"post_tag","embeddable":true,"href":"https:\/\/www.rassegnastampa-totustuus.it\/cattolica\/wp-json\/wp\/v2\/tags?post=833"}],"curies":[{"name":"wp","href":"https:\/\/api.w.org\/{rel}","templated":true}]}}