{"id":828,"date":"2005-06-30T17:13:41","date_gmt":"2005-06-30T15:13:41","guid":{"rendered":""},"modified":"2016-02-04T17:34:55","modified_gmt":"2016-02-04T16:34:55","slug":"koni-il-diavolo-ugandese","status":"publish","type":"post","link":"https:\/\/www.rassegnastampa-totustuus.it\/cattolica\/koni-il-diavolo-ugandese\/","title":{"rendered":"Kony, il diavolo ugandese"},"content":{"rendered":"<div style=\"text-align: center;\">\n<div id=\"attachment_30348\" style=\"width: 200px\" class=\"wp-caption alignleft\"><a href=\"https:\/\/www.rassegnastampa-totustuus.it\/cattolica\/wp-content\/uploads\/2005\/06\/Joseph-Kony.jpg\"><img loading=\"lazy\" decoding=\"async\" aria-describedby=\"caption-attachment-30348\" class=\"wp-image-30348\" src=\"https:\/\/www.rassegnastampa-totustuus.it\/cattolica\/wp-content\/uploads\/2005\/06\/Joseph-Kony.jpg\" alt=\"Joseph Kony\" width=\"200\" height=\"150\" \/><\/a><p id=\"caption-attachment-30348\" class=\"wp-caption-text\">Joseph Kony<\/p><\/div>\n<p>Articolo pubblicato su <strong>Tempi<\/strong> n.27 del 3 luglio 2003<\/div>\n<p style=\"text-align: justify;\"><em>I governativi non fermano i guerriglieri nel nord del paese, sostenuti dal Sudan islamico, che attaccano i cattolici. Serve un intervento internazionale<\/em><\/p>\n<p style=\"text-align: center;\">di<strong> Casadei Rodolfo<\/strong><\/p>\n<p><!--more--><\/p>\n<div style=\"text-align: justify;\">I missionari comboniani, i Padri Bianchi, le suore, i sacerdoti indigeni di tutta l\u2019Uganda settentrionale l\u2019hanno sentito in diretta alla radio il 12 giugno u.s., sulla lunghezza d\u2019onda che usano per comunicare fra di loro: \u00abLe missioni cattoliche devono essere distrutte, i preti ed i missionari uccisi a sangue freddo e le suore battute a sangue\u00bb.<\/div>\n<p style=\"text-align: justify;\">Dopo tante razzie, i guerriglieri dispongono di un sistema di collegamento radio fatto delle ricetrasmittenti sottratte alle missioni. E quella era la voce, inconfondibile, di quello psicopatico di , il leader carismatico del Lord Resistence Army (Lra).<\/p>\n<p style=\"text-align: justify;\">Un fanatico che negli ultimi quindici anni ha seminato morte e distruzione in un terzo del paese africano con l\u2019allucinato pretesto di cacciare l\u2019ateo Museveni da Kampala e instaurare una teocrazia fondata sui Dieci Comandamenti.<\/p>\n<p style=\"text-align: justify;\">Ragazze prese con la forza e date in mogli ai suoi comandanti; bambini rapiti, torturati o uccisi se tentavano di fuggire, addestrati alla guerra con sevizie fisiche e psicologiche, trasformati infine in piccole belve senza freni morali; villaggi derubati e dati alle fiamme; civili mutilati del naso e delle orecchie per punizione o uccisi in agguati ai mezzi di trasporto lungo le strade: questo \u00e8 stato per 15 anni il pio regno dell\u2019Esercito della Resistenza del Signore (traduzione italiana del nome) che gli acholi e i lango, le due etnie che costituiscono la popolazione dei distretti di Gulu, Kitgum e Pader, hanno conosciuto.<\/p>\n<p style=\"text-align: justify;\">Perci\u00f2 i religiosi e le religiose che il 12 giugno hanno ascoltato l\u2019invettiva di Joseph Kony sapevano quanto credibile fosse la minaccia. In passato due missionari comboniani italiani sono gi\u00e0 caduti vittime in agguati dell\u2019Lra: padre Egidio Biscaro, ucciso sulla strada fra Kitgum e Pajule nel gennaio 1990; padre Raffaele Di Bari, assassinato sulla strada fra Pajule e Acholi Bur nell\u2019ottobre del 2000.<\/p>\n<p style=\"text-align: justify;\"><strong>L&#8217;esercito del male bersaglia missioni e missionari<\/strong><\/p>\n<p style=\"text-align: justify;\">Il bilancio della recrudescenza di attacchi della guerriglia negli ultimi due mesi non si presta ad equivoci: ci sono attacchi ai campi profughi e alle periferie delle principali localit\u00e0 (Gulu, Soroti, Lira, Kitgum), ma ci sono soprattutto 14 missioni cattoliche assaltate e completamente razziate, di queste una rasa al suolo e 4 evacuate dopo l\u2019assalto; 31 seminaristi del seminario maggiore di Gulu rapiti e 11 soltanto liberati, 29 ragazze di un liceo femminile cattolico nei pressi di Soroti rapite e 13 soltanto libere grazie ad una fuga, mentre una mancata fuggitiva ha avuto le dita delle mani e dei piedi mozzate, 15 bambini (fra i 7 e i 15 anni) dell\u2019orfanotrofio di Adjumane gestito dalle suore del Sacro Cuore rapiti e 7 che sono riusciti a fuggire dopo il rapimento; un sacerdote ferito, il polacco Boguslaw Zero, e due duramente percossi, l\u2019olandese Meindhert Vanderhulst e l\u2019ugandese Francis Ejuru; due missionari miracolosamente incolumi dopo il saccheggio della loro missione, l\u2019italiano Ponziano Velluto ed il costaricense padre Marvin.<\/p>\n<p style=\"text-align: justify;\">Perch\u00e9 Kony e i suoi sgherri ce l\u2019hanno tanto con missionari e clero indigeno cattolici? \u00abLe ragioni sono due, &#8211; dice padre Giulio Albanese, da sei anni direttore dell\u2019agenzia di stampa Misna di Roma e per cinque anni missionario comboniano nell\u2019Uganda settentrionale, tornato da pochi giorni dall\u2019inferno ugandese &#8211; l\u2019Lra \u00e8 un\u2019entit\u00e0 diabolica e le missioni sono fortini di Dio. Chiunque abbia avuto direttamente a che fare coi guerriglieri, come \u00e8 successo a me, \u00e8 rimasto sconvolto dalla precisa sensazione di una presenza malvagia in mezzo a quegli uomini. Kony \u00e8 dotato di un carisma sulfureo, basta pronunciare il suo nome al cospetto dei suoi seguaci, e anche quelli pi\u00f9 feroci fra loro mostrano turbamento e paura.<\/p>\n<p style=\"text-align: justify;\">D\u2019altra parte le missioni e le chiese sono fra i luoghi dove la gente, soprattutto i bambini, cercano riparo per non essere rapiti durante le scorrerie. Sono anche centri di aiuti umanitari, di cure sanitarie e depositi di medicinali. Cattolici e anglicani si sono messi insieme e hanno creato l\u2019Acholi Religious Leaders\u2019 Peace Initiative (Arlpi) per mediare la pace fra ribelli e governo, ma non \u00e8 servito: \u00e8 mancata la volont\u00e0 di dialogo da entrambe le parti\u00bb.<\/p>\n<p style=\"text-align: justify;\"><strong>Le menzogne della BBC contro la Chiesa cattolica<\/strong><\/p>\n<p style=\"text-align: justify;\">Nel caso della Chiesa cattolica la beffa si aggiunge al danno: il governo la guarda con sospetto per la sua vicinanza alla popolazione da cui provengono i guerriglieri e la accusa di ingenuit\u00e0 per i suoi tentativi a favore di una soluzione pacifica, gruppi politici locali e persino la Bbc cercano di trascinarla sul banco degli accusati presentando Joseph Kony come un &#8220;fondamentalista cattolico&#8221; sfuggito al controllo dei missionari che l\u2019hanno formato.<\/p>\n<p style=\"text-align: justify;\">I pretesti per farlo non mancano: il riferimento a Dio padre e allo Spirito Santo da parte di Kony, imparentato con quella Alice Lakwena che nel 1985-86 diede vita ad un effimero Holy Spirit Army (Hsa, Esercito dello Spirito Santo) che fece parecchio rumore e diede filo da torcere ai governativi prima di essere sgominato; l\u2019uso di rosari e la recita dell\u2019Ave Maria in acholi da parte dei guerriglieri; la notizia martellata per anni che Kony sarebbe stato un catechista cattolico.<\/p>\n<p style=\"text-align: justify;\">\u00abDalle ricerche che abbiamo fatto presso la parrocchia di origine di Kony a Opit non risulta nemmeno battezzato\u00bb, puntualizza padre Albanese. Mentre \u00e8 appurato che l\u2019Lra riceve sostanziosi aiuti in armi, denaro e uniformi da parte del Sudan fondamentalista islamico. I santuari inespugnabili dell\u2019Lra si trovano in Sudan subito a sud della citt\u00e0 di Juba.<\/p>\n<p style=\"text-align: justify;\">Nel corso del 2001, in seguito ad un accordo fra Kampala e Khartum all\u2019interno dei pi\u00f9 generali negoziati per la fine della guerra fra neri e filo-arabi nel sud Sudan, il governo sudanese si era impegnato ad abbandonare l\u2019Lra al suo destino e aveva permesso a Museveni di condurre, nel corso del 2002, l\u2019operazione militare Iron Fist (&#8220;pugno di acciaio&#8221;) sul suo territorio per fare piazza pulita dei ribelli di Kony.<\/p>\n<p style=\"text-align: justify;\">Ma il governo sudanese aveva ripreso ad aiutare l\u2019Lra pochi mesi dopo per ritorsione contro gli alleati sudanesi di Museveni, l\u2019Spla (Esercito popolare per la liberazione del Sudan) di John Garang che mentre negoziava in Kenya aveva attaccato e conquistato una cittadina del sud Sudan controllata dai governativi.<\/p>\n<p style=\"text-align: justify;\">Fino a qualche anno fa l\u2019Lra riceveva fondi finanziari su di un conto intestato ad un ufficiale sudanese in una banca di Juba versati direttamente da Hassan el Turabi, l\u2019ideologo musulmano estremista che aveva favorito l\u2019ospitalit\u00e0 di Osama bin Laden in Sudan nella prima met\u00e0 degli anni Novanta. Oggi i rifornimenti avvengono nella localit\u00e0 di Nisitu, pochi chilometri fuori da Juba.<\/p>\n<p style=\"text-align: justify;\">Sar\u00e0 per questo che i &#8220;fondamentalisti cristiani&#8221; dell\u2019Lra pregano prosternati come musulmani e considerano sacri due giorni, la domenica ed il venerd\u00ec. La devastazione che tutto questo ha prodotto nell\u2019Uganda settentrionale si pu\u00f2 leggere anche attraverso i numeri. In quindici anni di guerriglia, i morti sono stati 20mila.<\/p>\n<p style=\"text-align: justify;\">Altrettanti i minorenni rapiti, 8mila dei quali sono morti di stenti, di torture, puniti per tentate fughe o colpiti in combattimento; altrettanti sono riusciti a fuggire e sono tornati alle loro case; 4.500 fanno tuttora parte delle forze di Kony, pari al 90% di tutti gli effettivi (che non sono pi\u00f9 di 5mila). Nei tre distretti dove la guerriglia si \u00e8 concentrata fino a due mesi fa 800mila persone, su 1 milione e 400mila abitanti, hanno dovuto abbandonare i propri insediamenti e rifugiarsi in squallidi campi profughi controllati dall\u2019esercito o nelle citt\u00e0.<\/p>\n<p style=\"text-align: justify;\">Ogni notte 14mila minorenni dormono presso chiese, parcheggi cittadini, centri di raccolta sorvegliati o semplicemente sui marciapiedi per evitare il rapimento. Nell\u2019ultimo anno solamente i minorenni rapiti sono stati 5mila.<\/p>\n<p style=\"text-align: justify;\"><strong>Esercito impotente, appello internazionale<\/strong><\/p>\n<p style=\"text-align: justify;\">Cosa fa il potente esercito ugandese di fronte a tutto questo macello provocato da bande di tagliagole e cattivi ragazzi? Considerato il suo pedigree (proviene dalla prima guerriglia africana che ha rovesciato un governo in carica, ha partecipato alla guerra di tutti contro tutti in Congo), dovrebbe farne un solo boccone. E invece no, da un quindicennio i roboanti proclami di Museveni (\u00abstiamo per spazzarli via\u00bb, ecc.) si scontrano con la realt\u00e0 del terreno, dove raramente le truppe contrastano in maniera efficace le incursioni dell\u2019Lra, puntualmente concentrate su obiettivi civili anzich\u00e8 militari.<\/p>\n<p style=\"text-align: justify;\">Stanchi delle promesse non mantenute del leader, i cristiani si sono organizzati per attirare l\u2019attenzione internazionale sulle disgrazie del paese. Dal 22 giugno il vescovo cattolico di Gulu Joseph Baptist Odama ed altri esponenti dell\u2019Arlpi trascorrono le loro notti all\u2019aperto insieme ai bambini dei villaggi che vengono a dormire in citt\u00e0 per sfuggire ai rapimenti.<\/p>\n<p style=\"text-align: justify;\">Il 23 giugno gli stessi leader religiosi hanno indirizzato un appello a Kofi Annan ed al Consiglio di sicurezza delle Nazioni Unite per un intervento internazionale a protezione dei civili nel nord Uganda. Ha scritto in un testo dal titolo &#8220;La grazia di una presenza&#8221; il movimento di Comunione e Liberazione in Uganda: \u00abMons. Odama ha ragioni adeguate per dire &#8220;no alla guerra&#8221;, anche se essa \u00e8 condotta da persone che credono di avere il diritto di farla.<\/p>\n<p style=\"text-align: justify;\">L\u2019arcivescovo Odama \u00e8 convinto, come il Papa, che la guerra pu\u00f2 portare solo altra guerra\u2026 Nonostante la complessit\u00e0 della crisi nell\u2019Uganda settentrionale, in questo momento \u00e8 necessario non solo suscitare una maggiore attenzione umanitaria della comunit\u00e0 internazionale, ma anche identificare e perseguire modi e vie per un pi\u00f9 attivo coinvolgimento internazionale e diplomatico nella riconciliazione e pacificazione. Per questo motivo, stiamo dalla parte di mons. Odama e dei suoi compagni, e seguiamo il giudizio della sua testimonianza\u00bb.<\/p>\n","protected":false},"excerpt":{"rendered":"<p>Articolo pubblicato su Tempi n.27 del 3 luglio 2003 I governativi non fermano i guerriglieri nel nord del paese, sostenuti dal Sudan islamico, che attaccano i cattolici. Serve un intervento internazionale di Casadei Rodolfo<\/p><p><a class=\"more-link btn\" href=\"https:\/\/www.rassegnastampa-totustuus.it\/cattolica\/koni-il-diavolo-ugandese\/\">Continua a leggere<\/a><\/p>\n","protected":false},"author":6,"featured_media":30348,"comment_status":"closed","ping_status":"open","sticky":false,"template":"","format":"standard","meta":{"footnotes":""},"categories":[39,108],"tags":[2393,722],"class_list":["post-828","post","type-post","status-publish","format-standard","has-post-thumbnail","hentry","category-africa","category-paesi-e-continenti","tag-africa","tag-uganda","item-wrap"],"yoast_head":"<!-- This site is optimized with the Yoast SEO plugin v27.5 - https:\/\/yoast.com\/product\/yoast-seo-wordpress\/ -->\n<title>Kony, il diavolo ugandese - Rassegna Stampa Cattolica<\/title>\n<meta name=\"description\" content=\"Rassegna Stampa Cattolica - Per una cultura che nasce dalla Rivelazione cristiana in conformit\u00e0 alla tradizione e al Magistero della Chiesa in opposizione ad ogni relativismo e totalitarismo\" \/>\n<meta name=\"robots\" content=\"index, follow, max-snippet:-1, max-image-preview:large, max-video-preview:-1\" \/>\n<link rel=\"canonical\" href=\"https:\/\/www.rassegnastampa-totustuus.it\/cattolica\/koni-il-diavolo-ugandese\/\" \/>\n<meta property=\"og:locale\" content=\"it_IT\" \/>\n<meta property=\"og:type\" content=\"article\" \/>\n<meta property=\"og:title\" content=\"Kony, il diavolo ugandese - Rassegna Stampa Cattolica\" \/>\n<meta property=\"og:description\" content=\"Rassegna Stampa Cattolica - Per una cultura che nasce dalla Rivelazione cristiana in conformit\u00e0 alla tradizione e al Magistero della Chiesa in opposizione ad ogni relativismo e totalitarismo\" \/>\n<meta property=\"og:url\" content=\"https:\/\/www.rassegnastampa-totustuus.it\/cattolica\/koni-il-diavolo-ugandese\/\" \/>\n<meta property=\"og:site_name\" content=\"Rassegna Stampa Cattolica\" \/>\n<meta property=\"article:publisher\" content=\"https:\/\/www.facebook.com\/rassegnastampacattolica\" \/>\n<meta property=\"article:published_time\" content=\"2005-06-30T15:13:41+00:00\" \/>\n<meta property=\"article:modified_time\" content=\"2016-02-04T16:34:55+00:00\" \/>\n<meta property=\"og:image\" content=\"https:\/\/www.rassegnastampa-totustuus.it\/cattolica\/wp-content\/uploads\/2005\/06\/Joseph-Kony.jpg\" \/>\n\t<meta property=\"og:image:width\" content=\"259\" \/>\n\t<meta property=\"og:image:height\" content=\"194\" \/>\n\t<meta property=\"og:image:type\" content=\"image\/jpeg\" \/>\n<meta name=\"author\" content=\"Redazione\" \/>\n<meta name=\"twitter:card\" content=\"summary_large_image\" \/>\n<meta name=\"twitter:creator\" content=\"@rassegnastampa9\" \/>\n<meta name=\"twitter:site\" content=\"@rassegnastampa9\" \/>\n<meta name=\"twitter:label1\" content=\"Scritto da\" \/>\n\t<meta name=\"twitter:data1\" content=\"Redazione\" \/>\n\t<meta name=\"twitter:label2\" content=\"Tempo di lettura stimato\" \/>\n\t<meta name=\"twitter:data2\" content=\"8 minuti\" \/>\n<script type=\"application\/ld+json\" class=\"yoast-schema-graph\">{\"@context\":\"https:\\\/\\\/schema.org\",\"@graph\":[{\"@type\":\"Article\",\"@id\":\"https:\\\/\\\/www.rassegnastampa-totustuus.it\\\/cattolica\\\/koni-il-diavolo-ugandese\\\/#article\",\"isPartOf\":{\"@id\":\"https:\\\/\\\/www.rassegnastampa-totustuus.it\\\/cattolica\\\/koni-il-diavolo-ugandese\\\/\"},\"author\":{\"name\":\"Redazione\",\"@id\":\"https:\\\/\\\/www.rassegnastampa-totustuus.it\\\/cattolica\\\/#\\\/schema\\\/person\\\/08f319d2bd1a0904ad9e2bfb7b15e5c3\"},\"headline\":\"Kony, il diavolo ugandese\",\"datePublished\":\"2005-06-30T15:13:41+00:00\",\"dateModified\":\"2016-02-04T16:34:55+00:00\",\"mainEntityOfPage\":{\"@id\":\"https:\\\/\\\/www.rassegnastampa-totustuus.it\\\/cattolica\\\/koni-il-diavolo-ugandese\\\/\"},\"wordCount\":1590,\"publisher\":{\"@id\":\"https:\\\/\\\/www.rassegnastampa-totustuus.it\\\/cattolica\\\/#organization\"},\"image\":{\"@id\":\"https:\\\/\\\/www.rassegnastampa-totustuus.it\\\/cattolica\\\/koni-il-diavolo-ugandese\\\/#primaryimage\"},\"thumbnailUrl\":\"https:\\\/\\\/www.rassegnastampa-totustuus.it\\\/cattolica\\\/wp-content\\\/uploads\\\/2005\\\/06\\\/Joseph-Kony.jpg\",\"keywords\":[\"Africa\",\"Uganda\"],\"articleSection\":[\"Africa\",\"Paesi e continenti\"],\"inLanguage\":\"it-IT\"},{\"@type\":\"WebPage\",\"@id\":\"https:\\\/\\\/www.rassegnastampa-totustuus.it\\\/cattolica\\\/koni-il-diavolo-ugandese\\\/\",\"url\":\"https:\\\/\\\/www.rassegnastampa-totustuus.it\\\/cattolica\\\/koni-il-diavolo-ugandese\\\/\",\"name\":\"Kony, il diavolo ugandese - Rassegna Stampa Cattolica\",\"isPartOf\":{\"@id\":\"https:\\\/\\\/www.rassegnastampa-totustuus.it\\\/cattolica\\\/#website\"},\"primaryImageOfPage\":{\"@id\":\"https:\\\/\\\/www.rassegnastampa-totustuus.it\\\/cattolica\\\/koni-il-diavolo-ugandese\\\/#primaryimage\"},\"image\":{\"@id\":\"https:\\\/\\\/www.rassegnastampa-totustuus.it\\\/cattolica\\\/koni-il-diavolo-ugandese\\\/#primaryimage\"},\"thumbnailUrl\":\"https:\\\/\\\/www.rassegnastampa-totustuus.it\\\/cattolica\\\/wp-content\\\/uploads\\\/2005\\\/06\\\/Joseph-Kony.jpg\",\"datePublished\":\"2005-06-30T15:13:41+00:00\",\"dateModified\":\"2016-02-04T16:34:55+00:00\",\"description\":\"Rassegna Stampa Cattolica - Per una cultura che nasce dalla Rivelazione cristiana in conformit\u00e0 alla tradizione e al Magistero della Chiesa in opposizione ad ogni relativismo e totalitarismo\",\"breadcrumb\":{\"@id\":\"https:\\\/\\\/www.rassegnastampa-totustuus.it\\\/cattolica\\\/koni-il-diavolo-ugandese\\\/#breadcrumb\"},\"inLanguage\":\"it-IT\",\"potentialAction\":[{\"@type\":\"ReadAction\",\"target\":[\"https:\\\/\\\/www.rassegnastampa-totustuus.it\\\/cattolica\\\/koni-il-diavolo-ugandese\\\/\"]}]},{\"@type\":\"ImageObject\",\"inLanguage\":\"it-IT\",\"@id\":\"https:\\\/\\\/www.rassegnastampa-totustuus.it\\\/cattolica\\\/koni-il-diavolo-ugandese\\\/#primaryimage\",\"url\":\"https:\\\/\\\/www.rassegnastampa-totustuus.it\\\/cattolica\\\/wp-content\\\/uploads\\\/2005\\\/06\\\/Joseph-Kony.jpg\",\"contentUrl\":\"https:\\\/\\\/www.rassegnastampa-totustuus.it\\\/cattolica\\\/wp-content\\\/uploads\\\/2005\\\/06\\\/Joseph-Kony.jpg\",\"width\":259,\"height\":194},{\"@type\":\"BreadcrumbList\",\"@id\":\"https:\\\/\\\/www.rassegnastampa-totustuus.it\\\/cattolica\\\/koni-il-diavolo-ugandese\\\/#breadcrumb\",\"itemListElement\":[{\"@type\":\"ListItem\",\"position\":1,\"name\":\"Home\",\"item\":\"https:\\\/\\\/www.rassegnastampa-totustuus.it\\\/cattolica\\\/\"},{\"@type\":\"ListItem\",\"position\":2,\"name\":\"Kony, il diavolo ugandese\"}]},{\"@type\":\"WebSite\",\"@id\":\"https:\\\/\\\/www.rassegnastampa-totustuus.it\\\/cattolica\\\/#website\",\"url\":\"https:\\\/\\\/www.rassegnastampa-totustuus.it\\\/cattolica\\\/\",\"name\":\"Rassegna Stampa Cattolica\",\"description\":\"Per una cultura che nasce dalla Rivelazione cristiana in conformit\u00e0 alla tradizione e al Magistero della Chiesa in opposizione ad ogni relativismo e totalitarismo\",\"publisher\":{\"@id\":\"https:\\\/\\\/www.rassegnastampa-totustuus.it\\\/cattolica\\\/#organization\"},\"alternateName\":\"Rass. Cattolica\",\"potentialAction\":[{\"@type\":\"SearchAction\",\"target\":{\"@type\":\"EntryPoint\",\"urlTemplate\":\"https:\\\/\\\/www.rassegnastampa-totustuus.it\\\/cattolica\\\/?s={search_term_string}\"},\"query-input\":{\"@type\":\"PropertyValueSpecification\",\"valueRequired\":true,\"valueName\":\"search_term_string\"}}],\"inLanguage\":\"it-IT\"},{\"@type\":\"Organization\",\"@id\":\"https:\\\/\\\/www.rassegnastampa-totustuus.it\\\/cattolica\\\/#organization\",\"name\":\"Rassegna Stampa Cattolica\",\"url\":\"https:\\\/\\\/www.rassegnastampa-totustuus.it\\\/cattolica\\\/\",\"logo\":{\"@type\":\"ImageObject\",\"inLanguage\":\"it-IT\",\"@id\":\"https:\\\/\\\/www.rassegnastampa-totustuus.it\\\/cattolica\\\/#\\\/schema\\\/logo\\\/image\\\/\",\"url\":\"https:\\\/\\\/www.rassegnastampa-totustuus.it\\\/cattolica\\\/wp-content\\\/uploads\\\/2014\\\/04\\\/logo-rassegna1.gif\",\"contentUrl\":\"https:\\\/\\\/www.rassegnastampa-totustuus.it\\\/cattolica\\\/wp-content\\\/uploads\\\/2014\\\/04\\\/logo-rassegna1.gif\",\"width\":600,\"height\":163,\"caption\":\"Rassegna Stampa Cattolica\"},\"image\":{\"@id\":\"https:\\\/\\\/www.rassegnastampa-totustuus.it\\\/cattolica\\\/#\\\/schema\\\/logo\\\/image\\\/\"},\"sameAs\":[\"https:\\\/\\\/www.facebook.com\\\/rassegnastampacattolica\",\"https:\\\/\\\/x.com\\\/rassegnastampa9\"]},{\"@type\":\"Person\",\"@id\":\"https:\\\/\\\/www.rassegnastampa-totustuus.it\\\/cattolica\\\/#\\\/schema\\\/person\\\/08f319d2bd1a0904ad9e2bfb7b15e5c3\",\"name\":\"Redazione\",\"image\":{\"@type\":\"ImageObject\",\"inLanguage\":\"it-IT\",\"@id\":\"https:\\\/\\\/secure.gravatar.com\\\/avatar\\\/2fcdf27c78ea025fbdb44e914cc63c72249ffec9dc8aafd5c82b26240ef3f346?s=96&d=mm&r=g\",\"url\":\"https:\\\/\\\/secure.gravatar.com\\\/avatar\\\/2fcdf27c78ea025fbdb44e914cc63c72249ffec9dc8aafd5c82b26240ef3f346?s=96&d=mm&r=g\",\"contentUrl\":\"https:\\\/\\\/secure.gravatar.com\\\/avatar\\\/2fcdf27c78ea025fbdb44e914cc63c72249ffec9dc8aafd5c82b26240ef3f346?s=96&d=mm&r=g\",\"caption\":\"Redazione\"},\"url\":\"https:\\\/\\\/www.rassegnastampa-totustuus.it\\\/cattolica\\\/author\\\/pietroelle\\\/\"}]}<\/script>\n<!-- \/ Yoast SEO plugin. -->","yoast_head_json":{"title":"Kony, il diavolo ugandese - Rassegna Stampa Cattolica","description":"Rassegna Stampa Cattolica - Per una cultura che nasce dalla Rivelazione cristiana in conformit\u00e0 alla tradizione e al Magistero della Chiesa in opposizione ad ogni relativismo e totalitarismo","robots":{"index":"index","follow":"follow","max-snippet":"max-snippet:-1","max-image-preview":"max-image-preview:large","max-video-preview":"max-video-preview:-1"},"canonical":"https:\/\/www.rassegnastampa-totustuus.it\/cattolica\/koni-il-diavolo-ugandese\/","og_locale":"it_IT","og_type":"article","og_title":"Kony, il diavolo ugandese - Rassegna Stampa Cattolica","og_description":"Rassegna Stampa Cattolica - Per una cultura che nasce dalla Rivelazione cristiana in conformit\u00e0 alla tradizione e al Magistero della Chiesa in opposizione ad ogni relativismo e totalitarismo","og_url":"https:\/\/www.rassegnastampa-totustuus.it\/cattolica\/koni-il-diavolo-ugandese\/","og_site_name":"Rassegna Stampa Cattolica","article_publisher":"https:\/\/www.facebook.com\/rassegnastampacattolica","article_published_time":"2005-06-30T15:13:41+00:00","article_modified_time":"2016-02-04T16:34:55+00:00","og_image":[{"width":259,"height":194,"url":"https:\/\/www.rassegnastampa-totustuus.it\/cattolica\/wp-content\/uploads\/2005\/06\/Joseph-Kony.jpg","type":"image\/jpeg"}],"author":"Redazione","twitter_card":"summary_large_image","twitter_creator":"@rassegnastampa9","twitter_site":"@rassegnastampa9","twitter_misc":{"Scritto da":"Redazione","Tempo di lettura stimato":"8 minuti"},"schema":{"@context":"https:\/\/schema.org","@graph":[{"@type":"Article","@id":"https:\/\/www.rassegnastampa-totustuus.it\/cattolica\/koni-il-diavolo-ugandese\/#article","isPartOf":{"@id":"https:\/\/www.rassegnastampa-totustuus.it\/cattolica\/koni-il-diavolo-ugandese\/"},"author":{"name":"Redazione","@id":"https:\/\/www.rassegnastampa-totustuus.it\/cattolica\/#\/schema\/person\/08f319d2bd1a0904ad9e2bfb7b15e5c3"},"headline":"Kony, il diavolo ugandese","datePublished":"2005-06-30T15:13:41+00:00","dateModified":"2016-02-04T16:34:55+00:00","mainEntityOfPage":{"@id":"https:\/\/www.rassegnastampa-totustuus.it\/cattolica\/koni-il-diavolo-ugandese\/"},"wordCount":1590,"publisher":{"@id":"https:\/\/www.rassegnastampa-totustuus.it\/cattolica\/#organization"},"image":{"@id":"https:\/\/www.rassegnastampa-totustuus.it\/cattolica\/koni-il-diavolo-ugandese\/#primaryimage"},"thumbnailUrl":"https:\/\/www.rassegnastampa-totustuus.it\/cattolica\/wp-content\/uploads\/2005\/06\/Joseph-Kony.jpg","keywords":["Africa","Uganda"],"articleSection":["Africa","Paesi e continenti"],"inLanguage":"it-IT"},{"@type":"WebPage","@id":"https:\/\/www.rassegnastampa-totustuus.it\/cattolica\/koni-il-diavolo-ugandese\/","url":"https:\/\/www.rassegnastampa-totustuus.it\/cattolica\/koni-il-diavolo-ugandese\/","name":"Kony, il diavolo ugandese - Rassegna Stampa Cattolica","isPartOf":{"@id":"https:\/\/www.rassegnastampa-totustuus.it\/cattolica\/#website"},"primaryImageOfPage":{"@id":"https:\/\/www.rassegnastampa-totustuus.it\/cattolica\/koni-il-diavolo-ugandese\/#primaryimage"},"image":{"@id":"https:\/\/www.rassegnastampa-totustuus.it\/cattolica\/koni-il-diavolo-ugandese\/#primaryimage"},"thumbnailUrl":"https:\/\/www.rassegnastampa-totustuus.it\/cattolica\/wp-content\/uploads\/2005\/06\/Joseph-Kony.jpg","datePublished":"2005-06-30T15:13:41+00:00","dateModified":"2016-02-04T16:34:55+00:00","description":"Rassegna Stampa Cattolica - Per una cultura che nasce dalla Rivelazione cristiana in conformit\u00e0 alla tradizione e al Magistero della Chiesa in opposizione ad ogni relativismo e totalitarismo","breadcrumb":{"@id":"https:\/\/www.rassegnastampa-totustuus.it\/cattolica\/koni-il-diavolo-ugandese\/#breadcrumb"},"inLanguage":"it-IT","potentialAction":[{"@type":"ReadAction","target":["https:\/\/www.rassegnastampa-totustuus.it\/cattolica\/koni-il-diavolo-ugandese\/"]}]},{"@type":"ImageObject","inLanguage":"it-IT","@id":"https:\/\/www.rassegnastampa-totustuus.it\/cattolica\/koni-il-diavolo-ugandese\/#primaryimage","url":"https:\/\/www.rassegnastampa-totustuus.it\/cattolica\/wp-content\/uploads\/2005\/06\/Joseph-Kony.jpg","contentUrl":"https:\/\/www.rassegnastampa-totustuus.it\/cattolica\/wp-content\/uploads\/2005\/06\/Joseph-Kony.jpg","width":259,"height":194},{"@type":"BreadcrumbList","@id":"https:\/\/www.rassegnastampa-totustuus.it\/cattolica\/koni-il-diavolo-ugandese\/#breadcrumb","itemListElement":[{"@type":"ListItem","position":1,"name":"Home","item":"https:\/\/www.rassegnastampa-totustuus.it\/cattolica\/"},{"@type":"ListItem","position":2,"name":"Kony, il diavolo ugandese"}]},{"@type":"WebSite","@id":"https:\/\/www.rassegnastampa-totustuus.it\/cattolica\/#website","url":"https:\/\/www.rassegnastampa-totustuus.it\/cattolica\/","name":"Rassegna Stampa Cattolica","description":"Per una cultura che nasce dalla Rivelazione cristiana in conformit\u00e0 alla tradizione e al Magistero della Chiesa in opposizione ad ogni relativismo e totalitarismo","publisher":{"@id":"https:\/\/www.rassegnastampa-totustuus.it\/cattolica\/#organization"},"alternateName":"Rass. Cattolica","potentialAction":[{"@type":"SearchAction","target":{"@type":"EntryPoint","urlTemplate":"https:\/\/www.rassegnastampa-totustuus.it\/cattolica\/?s={search_term_string}"},"query-input":{"@type":"PropertyValueSpecification","valueRequired":true,"valueName":"search_term_string"}}],"inLanguage":"it-IT"},{"@type":"Organization","@id":"https:\/\/www.rassegnastampa-totustuus.it\/cattolica\/#organization","name":"Rassegna Stampa Cattolica","url":"https:\/\/www.rassegnastampa-totustuus.it\/cattolica\/","logo":{"@type":"ImageObject","inLanguage":"it-IT","@id":"https:\/\/www.rassegnastampa-totustuus.it\/cattolica\/#\/schema\/logo\/image\/","url":"https:\/\/www.rassegnastampa-totustuus.it\/cattolica\/wp-content\/uploads\/2014\/04\/logo-rassegna1.gif","contentUrl":"https:\/\/www.rassegnastampa-totustuus.it\/cattolica\/wp-content\/uploads\/2014\/04\/logo-rassegna1.gif","width":600,"height":163,"caption":"Rassegna Stampa Cattolica"},"image":{"@id":"https:\/\/www.rassegnastampa-totustuus.it\/cattolica\/#\/schema\/logo\/image\/"},"sameAs":["https:\/\/www.facebook.com\/rassegnastampacattolica","https:\/\/x.com\/rassegnastampa9"]},{"@type":"Person","@id":"https:\/\/www.rassegnastampa-totustuus.it\/cattolica\/#\/schema\/person\/08f319d2bd1a0904ad9e2bfb7b15e5c3","name":"Redazione","image":{"@type":"ImageObject","inLanguage":"it-IT","@id":"https:\/\/secure.gravatar.com\/avatar\/2fcdf27c78ea025fbdb44e914cc63c72249ffec9dc8aafd5c82b26240ef3f346?s=96&d=mm&r=g","url":"https:\/\/secure.gravatar.com\/avatar\/2fcdf27c78ea025fbdb44e914cc63c72249ffec9dc8aafd5c82b26240ef3f346?s=96&d=mm&r=g","contentUrl":"https:\/\/secure.gravatar.com\/avatar\/2fcdf27c78ea025fbdb44e914cc63c72249ffec9dc8aafd5c82b26240ef3f346?s=96&d=mm&r=g","caption":"Redazione"},"url":"https:\/\/www.rassegnastampa-totustuus.it\/cattolica\/author\/pietroelle\/"}]}},"_links":{"self":[{"href":"https:\/\/www.rassegnastampa-totustuus.it\/cattolica\/wp-json\/wp\/v2\/posts\/828","targetHints":{"allow":["GET"]}}],"collection":[{"href":"https:\/\/www.rassegnastampa-totustuus.it\/cattolica\/wp-json\/wp\/v2\/posts"}],"about":[{"href":"https:\/\/www.rassegnastampa-totustuus.it\/cattolica\/wp-json\/wp\/v2\/types\/post"}],"author":[{"embeddable":true,"href":"https:\/\/www.rassegnastampa-totustuus.it\/cattolica\/wp-json\/wp\/v2\/users\/6"}],"replies":[{"embeddable":true,"href":"https:\/\/www.rassegnastampa-totustuus.it\/cattolica\/wp-json\/wp\/v2\/comments?post=828"}],"version-history":[{"count":4,"href":"https:\/\/www.rassegnastampa-totustuus.it\/cattolica\/wp-json\/wp\/v2\/posts\/828\/revisions"}],"predecessor-version":[{"id":30349,"href":"https:\/\/www.rassegnastampa-totustuus.it\/cattolica\/wp-json\/wp\/v2\/posts\/828\/revisions\/30349"}],"wp:featuredmedia":[{"embeddable":true,"href":"https:\/\/www.rassegnastampa-totustuus.it\/cattolica\/wp-json\/wp\/v2\/media\/30348"}],"wp:attachment":[{"href":"https:\/\/www.rassegnastampa-totustuus.it\/cattolica\/wp-json\/wp\/v2\/media?parent=828"}],"wp:term":[{"taxonomy":"category","embeddable":true,"href":"https:\/\/www.rassegnastampa-totustuus.it\/cattolica\/wp-json\/wp\/v2\/categories?post=828"},{"taxonomy":"post_tag","embeddable":true,"href":"https:\/\/www.rassegnastampa-totustuus.it\/cattolica\/wp-json\/wp\/v2\/tags?post=828"}],"curies":[{"name":"wp","href":"https:\/\/api.w.org\/{rel}","templated":true}]}}