{"id":8277,"date":"2014-07-17T14:14:47","date_gmt":"2014-07-17T12:14:47","guid":{"rendered":"http:\/\/www.rassegnastampa-totustuus.it\/cattolica\/?p=8277"},"modified":"2015-06-16T10:16:33","modified_gmt":"2015-06-16T08:16:33","slug":"quando-cera-berlinguer","status":"publish","type":"post","link":"https:\/\/www.rassegnastampa-totustuus.it\/cattolica\/quando-cera-berlinguer\/","title":{"rendered":"\u201cQuando c&#8217;era Berlinguer\u201d\u2026"},"content":{"rendered":"<p align=\"center\"><strong><a href=\"https:\/\/www.rassegnastampa-totustuus.it\/cattolica\/wp-content\/uploads\/2014\/07\/berlinguer.jpg\"><img loading=\"lazy\" decoding=\"async\" class=\" wp-image-8278 alignright\" src=\"https:\/\/www.rassegnastampa-totustuus.it\/cattolica\/wp-content\/uploads\/2014\/07\/berlinguer.jpg\" alt=\"berlinguer\" width=\"167\" height=\"250\" \/><\/a><a href=\"http:\/\/culturaeidentita.altervista.org\/\" target=\"_blank\">Cultura &amp; Identit\u00e0.<\/a><\/strong> Rivista di studi conservatori \u2013<\/p>\n<p align=\"center\">Anno VI, nuova serie, n. 5, 22 giugno 2014 (pag1-4)<\/p>\n<p align=\"center\"><strong>(editoriale)<\/strong><\/p>\n<p style=\"text-align: justify;\">Trent&#8217;anni fa, il 7 giugno 1984, durante un comizio a Padova, Enrico Berlinguer, segretario generale del Partito Comunista Italiano, veniva colpito da emorragia cerebrale e, quattro giorni dopo, moriva.<\/p>\n<p style=\"text-align: justify;\">Dopo una rapida carriera nei quadri del partito, era asceso alla segreteria generale nel 1972, in piena contestazione studentesca e agli albori del terrorismo: la lascer\u00e0, insieme alla vita, agli esordi di quel processo, in larga misura &#8220;pilotato&#8221;, che avrebbe portato alla rimozione del Muro di Berlino e alla &#8220;&#8216;dismissione&#8221; dell\u2019impero socialcomunista di matrice moscovita.<\/p>\n<p style=\"text-align: justify;\"><!--more--><\/p>\n<p style=\"text-align: justify;\">Chi \u00e8 stato Berlinguer? un eroe popolare? un grande politico? un utopista? un machiavellico comunista del tardo XX secolo?<\/p>\n<p style=\"text-align: justify;\">Chi si richiama esplicitamente a lui, cio\u00e8 il gruppo dirigente dell&#8217;attuale Partito Democratico, prodotto finale di una lunga serie di metamorfosi identitarie della sezione italiana dell&#8217;Internazionale Comunista, tende ad accreditarne una immagine oleografica, farne un personaggio di alta statura morale, l&#8217;interprete autentico e sagace delle esigenze del Paese, un politico appassionato e tenace, totalmente e fino all&#8217;ultimo dedito alla causa dei lavoratori e del progresso.<\/p>\n<p style=\"text-align: justify;\">E hanno voluto commemorare i trent&#8217;anni dalla sua scomparsa in vari modi: con un film-documentario. <i>Quando c&#8217;era Berlinguer<\/i>, prodotto da uno dei suoi successori alla segreteria \u2014 ancorch\u00e9 di una formazione dal diverso nome \u2014, l\u2019on. Walter Veltroni. messo poi in onda da <i>Sky<\/i>; e, ancora, con il libro omonimo del medesimo Veltroni. Ambienti contigui ai &#8220;dem&#8221;, come <i>l&#8217;Espresso<\/i>, hanno prodotto, ai primi di giugno un corposo album d&#8217;immagini venduto nelle edicole. Il secondo quotidiano di opinione nazionale, il <i>Corriere della Sera<\/i> gli ha dedicato l\u201911 scorso un dossier d&#8217;immagini, <i>Enrico Berlinguer a 30 anni dalla morte<\/i>. <i>Le foto pi\u00f9 belle<\/i>. che ritrae il leader comunista nei suoi momenti pi\u00f9 fulgidi o quando \u00e8 in compagnia degli esponenti pi\u00f9 noti della <i>nomenklalnra<\/i> rossa italiana, oppure di soavi personaggi come Leonid Breznev e Hu Yaobang. E, ancora, convegni e iniziative culturali a non finire.<\/p>\n<p style=\"text-align: justify;\">Dediche di strade a Berlinguer sono peraltro avvenute a Roma e sono in programma in altri comuni italiani, per esempio a Catania, a Napoli, a Lucca. Persino lo Stato, attraverso le Poste Italiane, ha ritenuto di rendere omaggio al Quinto Segretario con un francobollo commemorativo destinato alla posta ordinaria. Tutti questi fatti lo sforzo da parte di pi\u00f9 di un ambiente di coronare il personaggio di un&#8217;aureola di santit\u00e0 profana, di operare una sorta di canonizzazione &#8220;laica&#8221; di un personaggio politico tutt&#8217;altro che religioso, proprio nell&#8217;anno in cui sono saliti agli altari veri due grandi personaggi del Novecento. Giovanni XXIII e Giovanni Paolo II.<\/p>\n<p style=\"text-align: justify;\">Che chi si sente a qualunque titolo attratto da Berlinguer voglia celebrarne la memoria non \u00e8 fatto che desta obiezione, n\u00e9 emozione: ognuno &#8220;santifica&#8221; chi vuole: c&#8217;\u00e8 chi beatificherebbe Robespierre, chi Almirante o chi vorr\u00e0, a suo tempo, un Pannella &#8220;santo subito&#8221;.<\/p>\n<p style=\"text-align: justify;\">Quello che stona, nella circostanza, sono due cose, che trasformo in due quesiti.<\/p>\n<p style=\"text-align: justify;\">Davvero Berlinguer \u00e8 stato un personaggio positivo, non solo per i comunisti, ma anche per l&#8217;intera nazione italiana? E poi: come mai ambienti politico-culturali che si dipingono lontani, &#8220;diversi&#8221;, migliori, del vecchio partito togliattiano ritengono non solo d&#8217;indossare un personaggio come Berlinguer, ma anche di trasformarlo in una icona semi-religiosa?<\/p>\n<p style=\"text-align: justify;\">Riguardo al primo quesito i dubbi sono davvero pochi. Chi celebra Berlinguer tende a sottolinearne in positivo gli elementi di discontinuit\u00e0 con il passato &#8220;bolscevico&#8221; del Partito Comunista Italiano, per\u00f2 dimentica <i>in toto<\/i> gli elementi \u2014 che non sono pochi, ne minori \u2014 di continuit\u00e0 con tale passato: su questi elementi vorrei soffermarmi brevemente.<\/p>\n<p style=\"text-align: justify;\">Dal punto di vista storico gli anni della segreteria Berlinguer sono anni bui \u2014 forse quelli finora pi\u00f9 bui \u2014 per il Paese. Anni di bombe e di terrorismo. Anni di grandi tensioni sociali e di radicali contrapposizioni ideologiche. Anni in cui gramscianamente &#8220;tutto \u00e8 politico&#8221;. Anni in cui il comunismo mondiale fa passi da gigante, arrivando a conquistare mezza Africa, a invadere l\u2019Afghanistan e a porre la sua ipoteca sui movimenti antigovernativi latino-americani e, in Italia, a spingersi fino alle soglie dell&#8217;area del governo. Anni in cui l&#8217;impronta cristiana e naturale degli ordinamenti sociali del Paese viene profondamente erosa fino a scolorire.<\/p>\n<p style=\"text-align: justify;\">Nel dodicennio della segreteria berlingueriana i cattolici \u2014 e i &#8220;laici&#8221; &#8220;di buona volont\u00e0&#8221; \u2014 sono sconfitti nel <i>referendum<\/i> abrogativo della legge divorzista del 1970, viene promulgata la legge che liberalizza e statalizza l\u2019aborto volontario e si assiste a una nuova sconfitta dei cattolici e, in genere, dei <i>pro-life<\/i> nel successivo referendum <i>antiabortista<\/i> del 1981. In entrambe queste laceranti vicende i gruppi &#8220;progressisti&#8221; non sarebbero mai riusciti a prevalere senza l&#8217;ausilio della potente e capillare macchina organizzativa comunista, cui l'&#8221;oro di Mosca&#8221; consentiva al solo PCI \u2014 escludendo quindi i sindacati e le organizzazioni collaterali \u2014 di mantenere a libro-paga decine di migliaia di funzionari: pi\u00f9 dei parroci e dei loro coadiutori!<\/p>\n<p style=\"text-align: justify;\">Ovviamente, se l&#8217;Italia di quegli anni \u00e8 preda dei proverbiali &#8220;sette demoni&#8221; rivo-luzionari non \u00e8 imputabile integralmente a Enrico Berlinguer: basterebbe solo accennare all&#8217;emergere dei radicali e al tradimento dei cattolici impegnati e degl&#8217;intellettuali. Ma l&#8217;ideologia da lui professata e l&#8217;organizzazione da lui diretta sono, se non lo <i>starter<\/i>, il vero motore che a pieni giri &#8220;produce&#8221; rivoluzione, sia in proprio, sia &#8220;per conto terzi&#8221;, sostenendo nel contempo, e presto assorbendo, questa o quella &#8220;avanguardia&#8221;.<\/p>\n<p style=\"text-align: justify;\">Oltre a ci\u00f2, la dirigenza comunista \u2014 e Berlinguer entra a far parte dei vertici del partito assai giovane \u2014, al di l\u00e0 di manifestazioni pi\u00f9 o meno epidermiche di dissenso dalla casa-madre \u2014 rilevabili non certo nel tragico 1956, al tempo della rivolta nazionale di Budapest, ma di certo dal 1968, dalla pallida &#8220;primavera di Praga&#8221; \u2014, \u00e8 allora parte integrante dell\u2019<i>\u00e9lite<\/i> internazionale, coordinata da Mosca, dedita a promuovere e a organizzare la rivoluzione marxista in tutti Paesi del mondo. Forse, quando assume la segreteria, nessuno pi\u00f9 ricorda la sua evocazione di santa Maria Goretti, la martire della verginit\u00e0 canonizzata da Pio XII (1). Forse il partito, logorato dal benessere e dal consumismo, \u00e8 un po&#8217; imborghesito. Forse la nomenklatura italiana, e ancor pi\u00f9 marcatamente il clan dei comunisti romani, \u00e8 anche somaticamente diversa dal prototipo del bolscevico: se si confronta la fotografia di un Breznev con quella di un Gerardo Chiaromonte o di un Lucio Magri il contrasto appare pi\u00f9 stridente che mai! Eppure si tratta sempre di dirigenti dello stesso partito di Ceaucescu, di Honecker, di Husak, di Gomulka, tutti membri di una setta che professa la medesima ideologia, ha lo stesso programma di azione: possono variare i metodi e i tempi, ma la sostanza e la meta rimangono le stesse.<\/p>\n<p style=\"text-align: justify;\">La carriera di Berlinguer \u00e8 tutta scandita da cooptazioni vieppi\u00f9 significative: gi\u00e0 nel 1946, da segretario del Fronte della Giovent\u00f9 (sottinteso: &#8220;comunista&#8221;&#8216;), incontra Stalin a Mosca; tre anni dopo \u00e8 segretario della FGCI, la Federazione Giovanile Comunista Italiana, ergo di diritto membro della Direzione del partito; nel 1957 \u2014 particolare non secondario \u2014 \u00e8 nominato direttore della scuola di partito, l&#8217;Istituto di Studi Comunisti, delle Frattocehie, nei pressi di Roma \u2014 che chiuder\u00e0 i battenti solo nel 1993! \u2014, dove s&#8217;insegna la sovversione scientifica dei sistemi democratici; nel 1957 \u00e8 vicesegretario del PCI sardo e poi. nel 1966. responsabile politico per il Lazio; fra il 1966 e il 1968 il PCI lo invia in Vietnam, in Cina, in Corea del Nord e di nuovo a Mosca.<\/p>\n<p style=\"text-align: justify;\">Nel 1968 \u00e8 eletto deputato e nel 1972 segretario generale, succedendo allo &#8220;spagnolo&#8221; \u2014 uno degli ultimi esponenti del comunismo &#8220;di guerra&#8221; degli anni 1930-1940 \u2014 Luigi Longo.<\/p>\n<p style=\"text-align: justify;\">Ora, un personaggio simile, la cui attivit\u00e0 &#8220;professionale&#8221; \u00e8 servire a tempo pieno in una organizzazione che persegue il disegno di sovietizzazione del mondo e la cui vita s&#8217;intreccia con quella di autentici professionisti della Rivoluzione internazionale, da Togliatti a Pajetta, da Ingrao a Cossutta e Longo, non pu\u00f2 non essere considerato pienamente partecipe e, anzi, <i>magna pars<\/i> di quel medesimo disegno.<\/p>\n<p style=\"text-align: justify;\">Un disegno \u2014 o forse un tragico sogno \u2014 miseramente e misteriosamente crollato nel 1989-1991 dopo aver seminato il mondo di morti e di martiri; dopo avere attizzato guerre in ogni continente; devastato, dissolto o asservito le comunit\u00e0 religiose di tanti Paesi; eliminato interi ceti sociali, imprigionata e dissolta ogni dissidenza; ridotti alla fame popoli antichi e liberi.<\/p>\n<p style=\"text-align: justify;\">Come \u00e8 possibile che uno per quasi quarant&#8217;anni giri ovunque nel mondo del &#8220;socialismo reale&#8221; senza accorgersi di che cosa questo volesse dire per i disgraziati popoli che dovevano subirlo? Certo, difficilmente il giovane ex aristocratico sardo avr\u00e0 avuto modo di mischiarsi al popolo pi\u00f9 povero ed emarginato; di sicuro i suoi soggiorni e i suoi interlocutori saranno stati all&#8217;interno dei circuiti privilegiati riservati all&#8217;\u00e9\/ife comunista autoctona e agli ospiti di prestigio. Probabilmente non avr\u00e0 mai visto una famiglia polacca condividere in otto persone un bilocale in un <i>kombinat <\/i>fatiscente e senza riscaldamento oppure avr\u00e0 visitato una fabbrica in Romania.<\/p>\n<p style=\"text-align: justify;\">E\u2019 difficile che un personaggio sia dipinto come di alta statura morale e intensa sensibilit\u00e0 e poi sia riuscito a &#8220;vivere senza menzogna&#8221; \u2014 come auspicava Solzenycin \u2014 in un universo come quello comunista dove la menzogna <i>ad extra<\/i> e <i>ad intra<\/i> era la regola funesta&#8230;<\/p>\n<p style=\"text-align: justify;\">Ma uno che ha diretto la scuola di partito e si fregia dei galloni di erede di Togliatti non si cura di questi aspetti: guarda solo alla realt\u00e0 come si deduce dalle categorie del marxismo e fa quanto richiesto dalla tattica leninista; deve preoccuparsi di trovare e di dettare la linea politica giusta di fronte al maturare, sempre mutevole, della &#8220;contraddizione&#8221; dialettica, cio\u00e8 d&#8217;inventare nuove formule politiche. E di questo si riveler\u00e0 del tutto capace, anche se con relativamente poco costrutto.<\/p>\n<p style=\"text-align: justify;\">Dopo la batosta del 18 aprile 1948 e la nascita dei blocchi, quando scoppia la guerra &#8220;fredda&#8221;, il percorso del partito \u00e8 tutto in salita: per\u00f2 gi\u00e0 nel 1960. sbandierando un inesistente &#8220;pericolo fascista&#8221; e usando la violenza, sapr\u00e0 reimporsi. Il centrosinistra sposter\u00e0 l&#8217;asse politico del Paese e gli creer\u00e0 spazio politico; il Sessantotto sar\u00e0 occasione, abilmente sfruttata, per rilanciare l&#8217;ideologia marxista e per spostare ancor pi\u00f9 a sinistra il Paese. Il PCI si presenter\u00e0 ancora come partito ideologico ma, attraverso il mito della i Resistenza come &#8220;secondo Risorgimento&#8221;, stemperer\u00e0 il suo carattere di classe in quello di forza nazionale, co-fondatrice della Repubblica. Il &#8220;caso Moro&#8221; lo accrediter\u00e0 nel 1978 come la vera architrave della Repubblica e, dopo l&#8217;uccisione, nel 1979, del sindacalista comunista Guido Rossa da parte delle Brigate Rosse, come unica forza in grado di sorreggere le istituzioni repubblicane di fronte al terrorismo.<\/p>\n<p style=\"text-align: justify;\">Ma anche questa riconquistata centralit\u00e0 politica non \u00e8 ancora il potere. Berlinguer capisce che senza i cattolici il percorso del PCI pu\u00f2 finire come nel Cile di Allende e perci\u00f2 lancia nel 1973 la parola d&#8217;ordine del &#8220;grande compromesso storico&#8221; fra partito comunista e mondo cattolico \u2014 si badi bene: non fra partito e Democrazia Cristiana, cosa ormai acquisita, almeno dalla segreteria Moro. Il crescente ruolo &#8220;istituzionale&#8221; del PCI culmina nel 1977-1979 con i governi &#8220;rossi&#8221; Andreotti-Berlinguer, dove il partito, pur esterno al governo, diviene il vero asse della bilancia della politica italiana e l&#8217;autentico governo-ombra del Paese. Nel 1979, per\u00f2, con l&#8217;ascesa al soglio di Giovanni Paolo II e l&#8217;irrigidimento dei rapporti fra i blocchi, la marcia del PCI verso il governo si arresta.<\/p>\n<p style=\"text-align: justify;\">E si apre cos\u00ec per il PCI la fase dell\u2019 &#8220;austeril\u00e0&#8221;, forse quella cui pi\u00f9 \u00e8 rimasta legata la memoria di Berlinguer. Probabilmente per colpire principalmente l&#8217;astro nascente Craxi, l&#8217;unico <i>leader<\/i> che abbia tentato di mettere in discussione l&#8217;egemonia comunista nel mondo repubblicano, inizia allora nel PCI la denuncia della corruzione, del malcostume, delle mafie, del sistema tangentizio che affligge la politica italiana. Una denuncia ovviamente indirizzata solo contro gli avversar! e i comprimari politici, cercando <i>per diametrum <\/i>di accreditarsi come partito &#8220;diverso&#8221;, onesto, spassionatamente dedito al progresso civile del Paese. Il che far\u00e0 dimenticare le innumerevoli valigie diplomatiche con l&#8217; &#8220;oro di Mosca&#8221; ritirate presso l&#8217;ambasciata sovietica, le centinaia di tangenti affluite al partito attraverso le cooperative &#8220;rosse&#8221;, le intermediazioni con i Paesi dell&#8217;Est e con Cuba, nonch\u00e9 i generosi contributi dei vari &#8220;miliardari rossi&#8221; del nostro Paese.<\/p>\n<p style=\"text-align: justify;\">L&#8217;austerit\u00e0 \u2014 con il relativo blocco dell&#8217;esportazione dei capitali e l&#8217;abbuiamento precoce delle citt\u00e0 \u2014 sar\u00e0 l&#8217;ultima carta che Berlinguer cercher\u00e0 di giocare per uscire dall&#8217;impasse diun partito che, nonostante l&#8217;avanzata in termini di suffragi del 1976, non riesce a sfondare sul piano politico. Dopo la &#8220;marcia dei Quarantamila&#8221; della Fiat, nell&#8217;autunno del 1980, il PCI vede altres\u00ec declinare la sua presa sul movimento operaio stesso.<\/p>\n<p style=\"text-align: justify;\">Tuttavia, se il percorso verso il cambiamento politico sar\u00e0 impervio e, alla fine, sterile, il cambiamento che imporr\u00e0 al Paese, l&#8217;eversione delle strutture profonde della societ\u00e0 italiana, il mutamento del &#8220;senso comune&#8221;, daranno frutti di gran lunga pi\u00f9 &#8220;lusinghieri&#8221;. Divorzio, aborto, nuovo diritto di famiglia, libert\u00e0 di droga, livellamento dei sessi, sovietizzazione delle istituzioni formative pubbliche, consolidamento dell&#8217;egemonia comunista sul mondo della cultura e sulla magistratura: tutti mutamenti allora ancora alcuni allo stato embrionale ma destinati a scatenare conseguenze devastanti negli anni a venire.<\/p>\n<p style=\"text-align: justify;\">In conclusione, non si pu\u00f2 non vedere in Berlinguer la quintessenza e il protagonista di un passaggio del Paese verso esiti socialisti \u2014 in senso ampio \u2014 &#8220;pi\u00f9 avanzati&#8221;. N\u00e9 si pu\u00f2 esimersi da chiamarlo in corr\u00e8o, da individuarne responsabilit\u00e0 decisive, in quanto &#8220;gestore&#8221; di un&#8217;autentica centrale di disarticolazione e dissoluzione di quanto di positivo esisteva del retaggio di un&#8217;Italia gi\u00e0 duramente provata dalla Rivoluzione risorgimentale e fiaccata dalle numerose, inutili e sempre pi\u00f9 atroci guerre cui l\u2019<i>\u00e9lite<\/i> dirigente postunitaria e fascista l&#8217;aveva chiamata.<\/p>\n<p style=\"text-align: justify;\">Quanto al secondo quesito, posto quanto detto, pare davvero contraddittorio che chi apparentemente vuole prendere le distanze dal vecchio dogmatismo rivoluzionario comunista oggi senta il bisogno di prestare omaggio a un soggetto che di quel vecchio dogmatismo \u00e8 stato interprete, forse meno pedissequo, ma di certo pienamente coerente. Nell&#8217;ideario dei &#8220;democratici&#8221;, postcornunisti e postdemocristiani, quale spazio pu\u00f2 avere l&#8217;onesto e mesto, ma a pieno diritto tra gli ultimi &#8220;dinosauri&#8221; del comunismo, Enrico Berlinguer?<\/p>\n<p style=\"text-align: justify;\">Non \u00e8 mia intenzione lanciare accuse indiscriminate e scomposte. Il problema non \u00e8 tanto Berlinguer come persona, cui non si pu\u00f2 imputare direttamente alcunch\u00e9 d&#8217;illegale o di disonorevole: il problema \u00e8 nella forza, politica e non solo politica, di cui \u00e8 stato la guida assoluta per lunghi anni, cos\u00ec come del rapporto ira tale forza e il bene comune del Paese.<\/p>\n<p style=\"text-align: justify;\">Beatificare Berlinguer significa beatificare il comunismo italiano e internazionale degli anni 1970 di cui egli \u00e8 figura di spicco e alto dirigente ovunque apprezzato. Significa erigere a modello una delle peggiori stagioni della storia della nostra nazione, una pagina dolorosa e una fase maligna di una patologia antica, della quale non solo il Paese non \u00e8 riuscito a liberarsi allora \u2014 e forse nemmeno oggi \u2014, ma che negli anni berlingueriani ha conosciuto le sue crisi morbili peggiori e pi\u00f9 devastanti.<\/p>\n<p style=\"text-align: justify;\">Anche se personalmente &#8220;pulito&#8221;, egli ha guidato senza tentennamenti una &#8220;gioiosa macchina da guerra &#8221; la cui azione, al di l\u00e0 delle apparenze umanitarie, ha in modo decisivo contribuito a de-moralizzare la nazione, spesso con prese di posizione proditorie in politica internazionale e sfiorando la contiguit\u00e0 con la sfera dell&#8217;illecito. Non si pu\u00f2 dire di Berlinguer che &#8220;non sapeva&#8221;: nella sua posizione nazionale e internazionale per lui vale, in forma assolutamente appropriata, il &#8220;teorema&#8221;, tante volte applicato e abusivamente dalla Procura di Milano, del &#8220;non poteva non sapere&#8221; e quindi per lui si configura una oggettiva corresponsabilit\u00e0 in sedere \u2014 perch\u00e9 tale \u00e8 stata la costruzione della peggior tirannia che il mondo abbia conosciuto \u2014 tutt&#8217;altro che esigua.<\/p>\n<p style=\"text-align: justify;\">I nostalgici di Berlinguer \u2014 comunisti, ex comunisti, post-comunisti, &#8220;diversamente comunisti&#8221;, para-comunisti, &#8220;dem&#8221; \u2014 farebbero bene, magari proprio in coincidenza con questo anniversario, a fare invece finalmente un mea culpa e a domandare perdono delle colpe storiche del comunismo, di aver desiderato d&#8217;imporre un sistema politico e sociale contro natura a un mondo che di comunismo non voleva e non vuole sapere. Mi basterebbe sentire qualche ex o qualche dirigente attuale recitare senza infingimenti e fuori dalla &#8220;doppia morale&#8221;, questo brano di una poesia dell&#8217;ex comunista messicano Octavio Paz Lozano (1914-1998), che Marcello Veneziani ha di recente riproposto.<\/p>\n<p style=\"text-align: justify;\">\u00ab<i>El bien, quisimos el bien: <\/i>\/<i> cnderezar al mund\u00f2. I No nos falt\u00f2 entereza: I nos falt\u00f2 humildad. Lo que quisimos no lo quisimos con inocencia. I Preceptos y conceptos, I suberbia de te\u00f2logos: I golpear con la cruz, I fundar con sangre, I levantar la casa con ladrillos de crimen, I decretar la comuni\u00f3n obbligatoria. I Algunos I se convirtieron en secretarios de los secretarios I del Secretario General del Infierno. I La rabia I se volvi\u00f3 filosofia, I su bab\u00e0 ha cubierto al pianeta. I La raz\u00f3n I descendi\u00f3 a la tierra, I tom\u00f2 la forma del patibulo I y la adoran millones<\/i>\u00bb (2)<\/p>\n<p style=\"text-align: justify;\">__________________<\/p>\n<p style=\"text-align: justify;\"><strong>1)<\/strong> Cfr. E. BERLINGUER, <i>Discorso in occasione del Primo Convegno della Giovent\u00f9 Comunista,<\/i> 22-24 maggio 1947, in MARISA MUSI: e Idem: <i>Relazione alla Conferenza Nazionale Giovanile del PCI<\/i>, Uesisa, Roma 1947, p. 44,<\/p>\n<p style=\"text-align: justify;\"><strong>2)<\/strong> <i>\u00abII bene, volevamo il bene \/ raddrizzare il mondo.I Non ci manc\u00f2 la rettitudine: I ci manc\u00f2 l&#8217;umilt\u00e0. I Quello che volevamo non lo volevamo con innocenza. I Precetti e concetti, I superbia da teologi: I batterai con la croce, I fondare con il sangue, I edificare la casa con i mattoni del crimine, I decretare la comunione obbligatoria. I Alcuni divennero segretari dei segretari del Segretario Generale dell&#8217;Inferno. \/ La rabbia s&#8217;\u00e8 fatta filosofia, I la sua bava ha coperto il pianeta. I La ragione \u00e8 discesa sulla terra, I ha preso la forma del patibolo I e in milioni l&#8217;adorano\u00bb<\/i><\/p>\n<p style=\"text-align: justify;\">(OCTAVlO PAZ. Nocturno de San Ildefonso, in IDEM. Vuelta. Seix Barral, Barcellona 1976, pp. 71-83 (p. 72)).<\/p>\n","protected":false},"excerpt":{"rendered":"<p>Cultura &amp; Identit\u00e0. Rivista di studi conservatori \u2013 Anno VI, nuova serie, n. 5, 22 giugno 2014 (pag1-4) (editoriale) Trent&#8217;anni fa, il 7 giugno 1984, durante un comizio a Padova, Enrico Berlinguer, segretario generale del Partito Comunista Italiano, veniva colpito da emorragia cerebrale e, quattro giorni dopo, moriva. Dopo una rapida carriera nei quadri del &hellip; <\/p>\n<p><a class=\"more-link btn\" href=\"https:\/\/www.rassegnastampa-totustuus.it\/cattolica\/quando-cera-berlinguer\/\">Continua a leggere<\/a><\/p>\n","protected":false},"author":6,"featured_media":8278,"comment_status":"closed","ping_status":"closed","sticky":false,"template":"","format":"standard","meta":{"footnotes":""},"categories":[82,18,96],"tags":[424,283],"class_list":["post-8277","post","type-post","status-publish","format-standard","has-post-thumbnail","hentry","category-comunismo-in-italia","category-personaggi","category-storia-italiana","tag-comunismo-in-italia-2","tag-personaggi-2","item-wrap"],"yoast_head":"<!-- This site is optimized with the Yoast SEO plugin v27.5 - https:\/\/yoast.com\/product\/yoast-seo-wordpress\/ -->\n<title>\u201cQuando c&#039;era Berlinguer\u201d\u2026 - Rassegna Stampa Cattolica<\/title>\n<meta name=\"description\" content=\"Rassegna Stampa Cattolica - Per una cultura che nasce dalla Rivelazione cristiana in conformit\u00e0 alla tradizione e al Magistero della Chiesa in opposizione ad ogni relativismo e totalitarismo\" \/>\n<meta name=\"robots\" content=\"index, follow, max-snippet:-1, max-image-preview:large, max-video-preview:-1\" \/>\n<link rel=\"canonical\" href=\"https:\/\/www.rassegnastampa-totustuus.it\/cattolica\/quando-cera-berlinguer\/\" \/>\n<meta property=\"og:locale\" content=\"it_IT\" \/>\n<meta property=\"og:type\" content=\"article\" \/>\n<meta property=\"og:title\" content=\"\u201cQuando c&#039;era Berlinguer\u201d\u2026 - Rassegna Stampa Cattolica\" \/>\n<meta property=\"og:description\" content=\"Rassegna Stampa Cattolica - Per una cultura che nasce dalla Rivelazione cristiana in conformit\u00e0 alla tradizione e al Magistero della Chiesa in opposizione ad ogni relativismo e totalitarismo\" \/>\n<meta property=\"og:url\" content=\"https:\/\/www.rassegnastampa-totustuus.it\/cattolica\/quando-cera-berlinguer\/\" \/>\n<meta property=\"og:site_name\" content=\"Rassegna Stampa Cattolica\" \/>\n<meta property=\"article:publisher\" content=\"https:\/\/www.facebook.com\/rassegnastampacattolica\" \/>\n<meta property=\"article:published_time\" content=\"2014-07-17T12:14:47+00:00\" \/>\n<meta property=\"article:modified_time\" content=\"2015-06-16T08:16:33+00:00\" \/>\n<meta property=\"og:image\" content=\"https:\/\/www.rassegnastampa-totustuus.it\/cattolica\/wp-content\/uploads\/2014\/07\/berlinguer.jpg\" \/>\n\t<meta property=\"og:image:width\" content=\"187\" \/>\n\t<meta property=\"og:image:height\" content=\"270\" \/>\n\t<meta property=\"og:image:type\" content=\"image\/jpeg\" \/>\n<meta name=\"author\" content=\"Redazione\" \/>\n<meta name=\"twitter:card\" content=\"summary_large_image\" \/>\n<meta name=\"twitter:creator\" content=\"@rassegnastampa9\" \/>\n<meta name=\"twitter:site\" content=\"@rassegnastampa9\" \/>\n<meta name=\"twitter:label1\" content=\"Scritto da\" \/>\n\t<meta name=\"twitter:data1\" content=\"Redazione\" \/>\n\t<meta name=\"twitter:label2\" content=\"Tempo di lettura stimato\" \/>\n\t<meta name=\"twitter:data2\" content=\"14 minuti\" \/>\n<script type=\"application\/ld+json\" class=\"yoast-schema-graph\">{\"@context\":\"https:\\\/\\\/schema.org\",\"@graph\":[{\"@type\":\"Article\",\"@id\":\"https:\\\/\\\/www.rassegnastampa-totustuus.it\\\/cattolica\\\/quando-cera-berlinguer\\\/#article\",\"isPartOf\":{\"@id\":\"https:\\\/\\\/www.rassegnastampa-totustuus.it\\\/cattolica\\\/quando-cera-berlinguer\\\/\"},\"author\":{\"name\":\"Redazione\",\"@id\":\"https:\\\/\\\/www.rassegnastampa-totustuus.it\\\/cattolica\\\/#\\\/schema\\\/person\\\/08f319d2bd1a0904ad9e2bfb7b15e5c3\"},\"headline\":\"\u201cQuando c&#8217;era Berlinguer\u201d\u2026\",\"datePublished\":\"2014-07-17T12:14:47+00:00\",\"dateModified\":\"2015-06-16T08:16:33+00:00\",\"mainEntityOfPage\":{\"@id\":\"https:\\\/\\\/www.rassegnastampa-totustuus.it\\\/cattolica\\\/quando-cera-berlinguer\\\/\"},\"wordCount\":2904,\"publisher\":{\"@id\":\"https:\\\/\\\/www.rassegnastampa-totustuus.it\\\/cattolica\\\/#organization\"},\"image\":{\"@id\":\"https:\\\/\\\/www.rassegnastampa-totustuus.it\\\/cattolica\\\/quando-cera-berlinguer\\\/#primaryimage\"},\"thumbnailUrl\":\"https:\\\/\\\/www.rassegnastampa-totustuus.it\\\/cattolica\\\/wp-content\\\/uploads\\\/2014\\\/07\\\/berlinguer.jpg\",\"keywords\":[\"comunismo in Italia\",\"personaggi\"],\"articleSection\":[\"Comunismo in Italia\",\"Personaggi\",\"Storia italiana\"],\"inLanguage\":\"it-IT\"},{\"@type\":\"WebPage\",\"@id\":\"https:\\\/\\\/www.rassegnastampa-totustuus.it\\\/cattolica\\\/quando-cera-berlinguer\\\/\",\"url\":\"https:\\\/\\\/www.rassegnastampa-totustuus.it\\\/cattolica\\\/quando-cera-berlinguer\\\/\",\"name\":\"\u201cQuando c'era Berlinguer\u201d\u2026 - Rassegna Stampa Cattolica\",\"isPartOf\":{\"@id\":\"https:\\\/\\\/www.rassegnastampa-totustuus.it\\\/cattolica\\\/#website\"},\"primaryImageOfPage\":{\"@id\":\"https:\\\/\\\/www.rassegnastampa-totustuus.it\\\/cattolica\\\/quando-cera-berlinguer\\\/#primaryimage\"},\"image\":{\"@id\":\"https:\\\/\\\/www.rassegnastampa-totustuus.it\\\/cattolica\\\/quando-cera-berlinguer\\\/#primaryimage\"},\"thumbnailUrl\":\"https:\\\/\\\/www.rassegnastampa-totustuus.it\\\/cattolica\\\/wp-content\\\/uploads\\\/2014\\\/07\\\/berlinguer.jpg\",\"datePublished\":\"2014-07-17T12:14:47+00:00\",\"dateModified\":\"2015-06-16T08:16:33+00:00\",\"description\":\"Rassegna Stampa Cattolica - Per una cultura che nasce dalla Rivelazione cristiana in conformit\u00e0 alla tradizione e al Magistero della Chiesa in opposizione ad ogni relativismo e totalitarismo\",\"breadcrumb\":{\"@id\":\"https:\\\/\\\/www.rassegnastampa-totustuus.it\\\/cattolica\\\/quando-cera-berlinguer\\\/#breadcrumb\"},\"inLanguage\":\"it-IT\",\"potentialAction\":[{\"@type\":\"ReadAction\",\"target\":[\"https:\\\/\\\/www.rassegnastampa-totustuus.it\\\/cattolica\\\/quando-cera-berlinguer\\\/\"]}]},{\"@type\":\"ImageObject\",\"inLanguage\":\"it-IT\",\"@id\":\"https:\\\/\\\/www.rassegnastampa-totustuus.it\\\/cattolica\\\/quando-cera-berlinguer\\\/#primaryimage\",\"url\":\"https:\\\/\\\/www.rassegnastampa-totustuus.it\\\/cattolica\\\/wp-content\\\/uploads\\\/2014\\\/07\\\/berlinguer.jpg\",\"contentUrl\":\"https:\\\/\\\/www.rassegnastampa-totustuus.it\\\/cattolica\\\/wp-content\\\/uploads\\\/2014\\\/07\\\/berlinguer.jpg\",\"width\":187,\"height\":270},{\"@type\":\"BreadcrumbList\",\"@id\":\"https:\\\/\\\/www.rassegnastampa-totustuus.it\\\/cattolica\\\/quando-cera-berlinguer\\\/#breadcrumb\",\"itemListElement\":[{\"@type\":\"ListItem\",\"position\":1,\"name\":\"Home\",\"item\":\"https:\\\/\\\/www.rassegnastampa-totustuus.it\\\/cattolica\\\/\"},{\"@type\":\"ListItem\",\"position\":2,\"name\":\"\u201cQuando c&#8217;era Berlinguer\u201d\u2026\"}]},{\"@type\":\"WebSite\",\"@id\":\"https:\\\/\\\/www.rassegnastampa-totustuus.it\\\/cattolica\\\/#website\",\"url\":\"https:\\\/\\\/www.rassegnastampa-totustuus.it\\\/cattolica\\\/\",\"name\":\"Rassegna Stampa Cattolica\",\"description\":\"Per una cultura che nasce dalla Rivelazione cristiana in conformit\u00e0 alla tradizione e al Magistero della Chiesa in opposizione ad ogni relativismo e totalitarismo\",\"publisher\":{\"@id\":\"https:\\\/\\\/www.rassegnastampa-totustuus.it\\\/cattolica\\\/#organization\"},\"alternateName\":\"Rass. Cattolica\",\"potentialAction\":[{\"@type\":\"SearchAction\",\"target\":{\"@type\":\"EntryPoint\",\"urlTemplate\":\"https:\\\/\\\/www.rassegnastampa-totustuus.it\\\/cattolica\\\/?s={search_term_string}\"},\"query-input\":{\"@type\":\"PropertyValueSpecification\",\"valueRequired\":true,\"valueName\":\"search_term_string\"}}],\"inLanguage\":\"it-IT\"},{\"@type\":\"Organization\",\"@id\":\"https:\\\/\\\/www.rassegnastampa-totustuus.it\\\/cattolica\\\/#organization\",\"name\":\"Rassegna Stampa Cattolica\",\"url\":\"https:\\\/\\\/www.rassegnastampa-totustuus.it\\\/cattolica\\\/\",\"logo\":{\"@type\":\"ImageObject\",\"inLanguage\":\"it-IT\",\"@id\":\"https:\\\/\\\/www.rassegnastampa-totustuus.it\\\/cattolica\\\/#\\\/schema\\\/logo\\\/image\\\/\",\"url\":\"https:\\\/\\\/www.rassegnastampa-totustuus.it\\\/cattolica\\\/wp-content\\\/uploads\\\/2014\\\/04\\\/logo-rassegna1.gif\",\"contentUrl\":\"https:\\\/\\\/www.rassegnastampa-totustuus.it\\\/cattolica\\\/wp-content\\\/uploads\\\/2014\\\/04\\\/logo-rassegna1.gif\",\"width\":600,\"height\":163,\"caption\":\"Rassegna Stampa Cattolica\"},\"image\":{\"@id\":\"https:\\\/\\\/www.rassegnastampa-totustuus.it\\\/cattolica\\\/#\\\/schema\\\/logo\\\/image\\\/\"},\"sameAs\":[\"https:\\\/\\\/www.facebook.com\\\/rassegnastampacattolica\",\"https:\\\/\\\/x.com\\\/rassegnastampa9\"]},{\"@type\":\"Person\",\"@id\":\"https:\\\/\\\/www.rassegnastampa-totustuus.it\\\/cattolica\\\/#\\\/schema\\\/person\\\/08f319d2bd1a0904ad9e2bfb7b15e5c3\",\"name\":\"Redazione\",\"image\":{\"@type\":\"ImageObject\",\"inLanguage\":\"it-IT\",\"@id\":\"https:\\\/\\\/secure.gravatar.com\\\/avatar\\\/2fcdf27c78ea025fbdb44e914cc63c72249ffec9dc8aafd5c82b26240ef3f346?s=96&d=mm&r=g\",\"url\":\"https:\\\/\\\/secure.gravatar.com\\\/avatar\\\/2fcdf27c78ea025fbdb44e914cc63c72249ffec9dc8aafd5c82b26240ef3f346?s=96&d=mm&r=g\",\"contentUrl\":\"https:\\\/\\\/secure.gravatar.com\\\/avatar\\\/2fcdf27c78ea025fbdb44e914cc63c72249ffec9dc8aafd5c82b26240ef3f346?s=96&d=mm&r=g\",\"caption\":\"Redazione\"},\"url\":\"https:\\\/\\\/www.rassegnastampa-totustuus.it\\\/cattolica\\\/author\\\/pietroelle\\\/\"}]}<\/script>\n<!-- \/ Yoast SEO plugin. -->","yoast_head_json":{"title":"\u201cQuando c'era Berlinguer\u201d\u2026 - Rassegna Stampa Cattolica","description":"Rassegna Stampa Cattolica - Per una cultura che nasce dalla Rivelazione cristiana in conformit\u00e0 alla tradizione e al Magistero della Chiesa in opposizione ad ogni relativismo e totalitarismo","robots":{"index":"index","follow":"follow","max-snippet":"max-snippet:-1","max-image-preview":"max-image-preview:large","max-video-preview":"max-video-preview:-1"},"canonical":"https:\/\/www.rassegnastampa-totustuus.it\/cattolica\/quando-cera-berlinguer\/","og_locale":"it_IT","og_type":"article","og_title":"\u201cQuando c'era Berlinguer\u201d\u2026 - Rassegna Stampa Cattolica","og_description":"Rassegna Stampa Cattolica - Per una cultura che nasce dalla Rivelazione cristiana in conformit\u00e0 alla tradizione e al Magistero della Chiesa in opposizione ad ogni relativismo e totalitarismo","og_url":"https:\/\/www.rassegnastampa-totustuus.it\/cattolica\/quando-cera-berlinguer\/","og_site_name":"Rassegna Stampa Cattolica","article_publisher":"https:\/\/www.facebook.com\/rassegnastampacattolica","article_published_time":"2014-07-17T12:14:47+00:00","article_modified_time":"2015-06-16T08:16:33+00:00","og_image":[{"width":187,"height":270,"url":"https:\/\/www.rassegnastampa-totustuus.it\/cattolica\/wp-content\/uploads\/2014\/07\/berlinguer.jpg","type":"image\/jpeg"}],"author":"Redazione","twitter_card":"summary_large_image","twitter_creator":"@rassegnastampa9","twitter_site":"@rassegnastampa9","twitter_misc":{"Scritto da":"Redazione","Tempo di lettura stimato":"14 minuti"},"schema":{"@context":"https:\/\/schema.org","@graph":[{"@type":"Article","@id":"https:\/\/www.rassegnastampa-totustuus.it\/cattolica\/quando-cera-berlinguer\/#article","isPartOf":{"@id":"https:\/\/www.rassegnastampa-totustuus.it\/cattolica\/quando-cera-berlinguer\/"},"author":{"name":"Redazione","@id":"https:\/\/www.rassegnastampa-totustuus.it\/cattolica\/#\/schema\/person\/08f319d2bd1a0904ad9e2bfb7b15e5c3"},"headline":"\u201cQuando c&#8217;era Berlinguer\u201d\u2026","datePublished":"2014-07-17T12:14:47+00:00","dateModified":"2015-06-16T08:16:33+00:00","mainEntityOfPage":{"@id":"https:\/\/www.rassegnastampa-totustuus.it\/cattolica\/quando-cera-berlinguer\/"},"wordCount":2904,"publisher":{"@id":"https:\/\/www.rassegnastampa-totustuus.it\/cattolica\/#organization"},"image":{"@id":"https:\/\/www.rassegnastampa-totustuus.it\/cattolica\/quando-cera-berlinguer\/#primaryimage"},"thumbnailUrl":"https:\/\/www.rassegnastampa-totustuus.it\/cattolica\/wp-content\/uploads\/2014\/07\/berlinguer.jpg","keywords":["comunismo in Italia","personaggi"],"articleSection":["Comunismo in Italia","Personaggi","Storia italiana"],"inLanguage":"it-IT"},{"@type":"WebPage","@id":"https:\/\/www.rassegnastampa-totustuus.it\/cattolica\/quando-cera-berlinguer\/","url":"https:\/\/www.rassegnastampa-totustuus.it\/cattolica\/quando-cera-berlinguer\/","name":"\u201cQuando c'era Berlinguer\u201d\u2026 - Rassegna Stampa Cattolica","isPartOf":{"@id":"https:\/\/www.rassegnastampa-totustuus.it\/cattolica\/#website"},"primaryImageOfPage":{"@id":"https:\/\/www.rassegnastampa-totustuus.it\/cattolica\/quando-cera-berlinguer\/#primaryimage"},"image":{"@id":"https:\/\/www.rassegnastampa-totustuus.it\/cattolica\/quando-cera-berlinguer\/#primaryimage"},"thumbnailUrl":"https:\/\/www.rassegnastampa-totustuus.it\/cattolica\/wp-content\/uploads\/2014\/07\/berlinguer.jpg","datePublished":"2014-07-17T12:14:47+00:00","dateModified":"2015-06-16T08:16:33+00:00","description":"Rassegna Stampa Cattolica - Per una cultura che nasce dalla Rivelazione cristiana in conformit\u00e0 alla tradizione e al Magistero della Chiesa in opposizione ad ogni relativismo e totalitarismo","breadcrumb":{"@id":"https:\/\/www.rassegnastampa-totustuus.it\/cattolica\/quando-cera-berlinguer\/#breadcrumb"},"inLanguage":"it-IT","potentialAction":[{"@type":"ReadAction","target":["https:\/\/www.rassegnastampa-totustuus.it\/cattolica\/quando-cera-berlinguer\/"]}]},{"@type":"ImageObject","inLanguage":"it-IT","@id":"https:\/\/www.rassegnastampa-totustuus.it\/cattolica\/quando-cera-berlinguer\/#primaryimage","url":"https:\/\/www.rassegnastampa-totustuus.it\/cattolica\/wp-content\/uploads\/2014\/07\/berlinguer.jpg","contentUrl":"https:\/\/www.rassegnastampa-totustuus.it\/cattolica\/wp-content\/uploads\/2014\/07\/berlinguer.jpg","width":187,"height":270},{"@type":"BreadcrumbList","@id":"https:\/\/www.rassegnastampa-totustuus.it\/cattolica\/quando-cera-berlinguer\/#breadcrumb","itemListElement":[{"@type":"ListItem","position":1,"name":"Home","item":"https:\/\/www.rassegnastampa-totustuus.it\/cattolica\/"},{"@type":"ListItem","position":2,"name":"\u201cQuando c&#8217;era Berlinguer\u201d\u2026"}]},{"@type":"WebSite","@id":"https:\/\/www.rassegnastampa-totustuus.it\/cattolica\/#website","url":"https:\/\/www.rassegnastampa-totustuus.it\/cattolica\/","name":"Rassegna Stampa Cattolica","description":"Per una cultura che nasce dalla Rivelazione cristiana in conformit\u00e0 alla tradizione e al Magistero della Chiesa in opposizione ad ogni relativismo e totalitarismo","publisher":{"@id":"https:\/\/www.rassegnastampa-totustuus.it\/cattolica\/#organization"},"alternateName":"Rass. Cattolica","potentialAction":[{"@type":"SearchAction","target":{"@type":"EntryPoint","urlTemplate":"https:\/\/www.rassegnastampa-totustuus.it\/cattolica\/?s={search_term_string}"},"query-input":{"@type":"PropertyValueSpecification","valueRequired":true,"valueName":"search_term_string"}}],"inLanguage":"it-IT"},{"@type":"Organization","@id":"https:\/\/www.rassegnastampa-totustuus.it\/cattolica\/#organization","name":"Rassegna Stampa Cattolica","url":"https:\/\/www.rassegnastampa-totustuus.it\/cattolica\/","logo":{"@type":"ImageObject","inLanguage":"it-IT","@id":"https:\/\/www.rassegnastampa-totustuus.it\/cattolica\/#\/schema\/logo\/image\/","url":"https:\/\/www.rassegnastampa-totustuus.it\/cattolica\/wp-content\/uploads\/2014\/04\/logo-rassegna1.gif","contentUrl":"https:\/\/www.rassegnastampa-totustuus.it\/cattolica\/wp-content\/uploads\/2014\/04\/logo-rassegna1.gif","width":600,"height":163,"caption":"Rassegna Stampa Cattolica"},"image":{"@id":"https:\/\/www.rassegnastampa-totustuus.it\/cattolica\/#\/schema\/logo\/image\/"},"sameAs":["https:\/\/www.facebook.com\/rassegnastampacattolica","https:\/\/x.com\/rassegnastampa9"]},{"@type":"Person","@id":"https:\/\/www.rassegnastampa-totustuus.it\/cattolica\/#\/schema\/person\/08f319d2bd1a0904ad9e2bfb7b15e5c3","name":"Redazione","image":{"@type":"ImageObject","inLanguage":"it-IT","@id":"https:\/\/secure.gravatar.com\/avatar\/2fcdf27c78ea025fbdb44e914cc63c72249ffec9dc8aafd5c82b26240ef3f346?s=96&d=mm&r=g","url":"https:\/\/secure.gravatar.com\/avatar\/2fcdf27c78ea025fbdb44e914cc63c72249ffec9dc8aafd5c82b26240ef3f346?s=96&d=mm&r=g","contentUrl":"https:\/\/secure.gravatar.com\/avatar\/2fcdf27c78ea025fbdb44e914cc63c72249ffec9dc8aafd5c82b26240ef3f346?s=96&d=mm&r=g","caption":"Redazione"},"url":"https:\/\/www.rassegnastampa-totustuus.it\/cattolica\/author\/pietroelle\/"}]}},"_links":{"self":[{"href":"https:\/\/www.rassegnastampa-totustuus.it\/cattolica\/wp-json\/wp\/v2\/posts\/8277","targetHints":{"allow":["GET"]}}],"collection":[{"href":"https:\/\/www.rassegnastampa-totustuus.it\/cattolica\/wp-json\/wp\/v2\/posts"}],"about":[{"href":"https:\/\/www.rassegnastampa-totustuus.it\/cattolica\/wp-json\/wp\/v2\/types\/post"}],"author":[{"embeddable":true,"href":"https:\/\/www.rassegnastampa-totustuus.it\/cattolica\/wp-json\/wp\/v2\/users\/6"}],"replies":[{"embeddable":true,"href":"https:\/\/www.rassegnastampa-totustuus.it\/cattolica\/wp-json\/wp\/v2\/comments?post=8277"}],"version-history":[{"count":3,"href":"https:\/\/www.rassegnastampa-totustuus.it\/cattolica\/wp-json\/wp\/v2\/posts\/8277\/revisions"}],"predecessor-version":[{"id":26322,"href":"https:\/\/www.rassegnastampa-totustuus.it\/cattolica\/wp-json\/wp\/v2\/posts\/8277\/revisions\/26322"}],"wp:featuredmedia":[{"embeddable":true,"href":"https:\/\/www.rassegnastampa-totustuus.it\/cattolica\/wp-json\/wp\/v2\/media\/8278"}],"wp:attachment":[{"href":"https:\/\/www.rassegnastampa-totustuus.it\/cattolica\/wp-json\/wp\/v2\/media?parent=8277"}],"wp:term":[{"taxonomy":"category","embeddable":true,"href":"https:\/\/www.rassegnastampa-totustuus.it\/cattolica\/wp-json\/wp\/v2\/categories?post=8277"},{"taxonomy":"post_tag","embeddable":true,"href":"https:\/\/www.rassegnastampa-totustuus.it\/cattolica\/wp-json\/wp\/v2\/tags?post=8277"}],"curies":[{"name":"wp","href":"https:\/\/api.w.org\/{rel}","templated":true}]}}