{"id":802,"date":"2005-06-30T14:49:04","date_gmt":"2005-06-30T12:49:04","guid":{"rendered":""},"modified":"2016-04-26T12:24:24","modified_gmt":"2016-04-26T10:24:24","slug":"la-sociologia-del-demonio","status":"publish","type":"post","link":"https:\/\/www.rassegnastampa-totustuus.it\/cattolica\/la-sociologia-del-demonio\/","title":{"rendered":"La sociologia del Demonio"},"content":{"rendered":"<div style=\"text-align: center;\"><img loading=\"lazy\" decoding=\"async\" class=\"alignleft wp-image-33457 size-full\" src=\"https:\/\/www.rassegnastampa-totustuus.it\/cattolica\/wp-content\/uploads\/2005\/06\/satanisti.jpg\" alt=\"satanisti\" width=\"224\" height=\"153\" \/>da <strong>il Domenicale<\/strong>, anno 2, numero 21<\/div>\n<div style=\"text-align: center;\">24 maggio 2003<\/div>\n<p style=\"text-align: justify;\"><em>Oramai il Principe delle Tenebre \u00e8 tra noi. O forse no. Molti si stracciano le vesti, ma la realt\u00e0 dei fatti \u00e8 ben diversa. Scapperebbe da ridere se ogni tanto non ci scappasse il morto innocente<br \/>\n<\/em><\/p>\n<p style=\"text-align: center;\">di<strong> Andrea Menegotto<\/strong><\/p>\n<p><!--more--><\/p>\n<div style=\"text-align: justify;\">\u00c8 di queste settimane il rilancio da parte dei <em>mass-media<\/em>, questa volta sulla scia di roboanti proposte di legge presentate in Parlamento, di un tormentone che puntualmente &#8211; con scadenza almeno annuale &#8211; \u00e8 destinato a invadere, almeno per qualche tempo, quotidiani, rotocalchi e tiv\u00f9: quanti sono i satanisti in Italia? Di quanti e quali crimini si macchiano?<\/div>\n<p style=\"text-align: justify;\">Gli spunti di cronaca per parlare &#8211; il pi\u00f9 delle volte impropriamente &#8211; di satanismo e della presenza di decine di migliaia di satanisti organizzati in centinaia di gruppi nel nostro Paese sono, di fatto, quotidiani. Abusi su minori, violenze, profanazioni di chiese e di cimiteri o comunque di simboli sacri, uccisioni di persone in circostanze \u00abstrane\u00bb, ritrovamenti bizzarri di resti di animali, residui di rituali (candele rosse o nere, pupazzi, calici)&#8230; Molto spesso tutto questo si colora di mistero e, nella <em>vulgata <\/em>giornalistica, passa come esempio concreto di attivit\u00e0 genericamente definite \u00absataniche\u00bb.<\/p>\n<p style=\"text-align: justify;\">Tuttavia, il satanismo non rappresenta un fenomeno unitario, perci\u00f2 gli studiosi distinguono opportunamente fra tre ambiti, che si differenziano in maniera sostanziale per le loro peculiarit\u00e0: esistono infatti un satanismo \u00aborganizzato\u00bb, un satanismo \u00abgiovanile\u00bb e un cosiddetto \u00abpara-satanismo\u00bb. Quest\u2019ultima categoria tiene conto del fatto che il folklore della malavita organizzata, della prostituzione nonch\u00e9 le attivit\u00e0 di alcuni pervertiti sessuali spesso assumono il Demonio quale simbolo della violazione e della sfida alla legge, anche se rimane di per s\u00e9 difficile dire quanto questo riferimento sia puramente simbolico ovvero reale.<\/p>\n<p style=\"text-align: justify;\">Il <em>satanismo<\/em> <em>organizzato<\/em>, invece, interessa in realt\u00e0 solo qualche migliaio di persone nel mondo. Le statistiche possono essere ricostruite in modo piuttosto preciso, poich\u00e9 \u00e8 praticamente impossibile che un gruppo organizzato sfugga completamente al rilevamento da parte degli specialisti o degli organi di polizia. Una stima del CESNUR (il Centro Studi sulle Nuove Religioni) riferita al 2003 giunge a contare circa 240 membri totali, suddivisi fra 3 gruppi principali (le 2 Chiese di Satana &#8211; l\u2019una di orientamento occultista e l\u2019altra razionalista &#8211; e i Bambini di Satana contano in totale circa 90 aderenti) e alcuni gruppi minori (150 aderenti).<\/p>\n<p style=\"text-align: justify;\">Dunque, a dispetto delle cifre molto maggiori &#8211; a chi propone tali cifre, naturalmente, rimane l\u2019onere della prova &#8211; i gruppi di satanisti organizzati non radunano una percentuale significativa della popolazione italiana, anche se l\u2019esperienza vissuta pu\u00f2 naturalmente essere seria e grave per le persone coinvolte.<\/p>\n<p style=\"text-align: justify;\">Molto pi\u00f9 diffuso e difficile da stimare \u00e8 il <em>satanismo giovanile<\/em>, detto pure \u00absatanismo acido\u00bb, per la sua associazione con la droga, composto da gruppuscoli di minorenni (molto raramente con la presenza di qualche adulto), privi di una continuit\u00e0 organizzativa e rituale e di contatti con i gruppi del satanismo \u00abstorico\u00bb e organizzato, che mettono in scena rituali satanici \u00abselvaggi\u00bb sotto l\u2019influsso di film, trasmissioni televisive, fumetti e di una certa subcultura musicale.<\/p>\n<p style=\"text-align: justify;\">Le statistiche sul satanismo giovanile sono invece, per le caratteristiche sociologiche dello stesso fenomeno, ipotetiche e, di fatto, molti gruppi possono essere rilevati soltanto in occasione di un reato compiuto.<\/p>\n<p style=\"text-align: justify;\">Dai dati di polizia che riguardano diverse regioni si pu\u00f2 ipotizzare che il fenomeno in questione coinvolga in Italia circa un migliaio di giovani, mentre una cerchia pi\u00f9 ampia (2.000-3.000 persone) adotta stili della subcultura satanica (abbigliamento, simboli, gesti) senza per\u00f2 partecipare alle vere e proprie attivit\u00e0 dei gruppi del satanismo giovanile.<\/p>\n<p style=\"text-align: justify;\">Proprio il satanismo \u00abselvaggio\u00bb &#8211; molto pi\u00f9 difficile da sorvegliare per le forze di polizia &#8211; si rivela spesso veramente pericoloso ed \u00e8 in questo ambiente che sono maturati negli ultimi anni crimini di vario genere e gravit\u00e0: vandalismo e profanazione di chiese e cimiteri, violenza carnale e omicidi, come quello di suor Maria Laura Mainetti (1939-2000) il 6 giugno del 2000 a Chiavenna.<\/p>\n<p style=\"text-align: justify;\">Il satanismo giovanile, per\u00f2, \u00e8 fondamentalmente un fenomeno di disagio e &#8211; come tale &#8211; non dovrebbe essere analizzato primariamente con le categorie della sociologia dei movimenti religiosi, ma con quelle della devianza e del disagio giovanile, parlando le storie dei giovani satanisti della frequentazione di ambienti <em>border-line<\/em>, di droga, teppismo e \u00abpiccola criminalit\u00e0\u00bb. Dal punto di vista sociologico il satanismo \u00e8 dunque un fenomeno delicato e complesso e la creazione di ci\u00f2 che il sociologo e criminologo statunitense Philip Jenkins definisce \u00abpanico morale\u00bb non giova certo alla comprensione e alla soluzione dei problemi sociali che esso pone.<\/p>\n<p style=\"text-align: justify;\">Una maniera impropria ed enfatica di affrontare la questione del satanismo da parte dei <em>mass-media<\/em> e, di conseguenza, dell\u2019opinione e degli enti pubblici finisce, tragicamente, per produrre vittime innocenti. \u00c8 questo il triste caso di don Giorgio Govoni (1941-2000), sacerdote cattolico della diocesi di Modena-Nonantola, accusato da alcuni bambini &#8211; ma in realt\u00e0 da psicologhe e assistenti sociali dell\u2019ASL di Mirandola (Modena), le quali affermavano di interpretare i racconti dei bambini &#8211; di organizzare riti satanici in cui si abusava sessualmente dei piccoli. Il sacerdote, processato nel 2000, muore letteralmente di crepacuore poche ore dopo l\u2019arringa del pubblico ministero che lo riteneva colpevole.<\/p>\n<p style=\"text-align: justify;\">Dopo che i giudici di primo grado avevano mostrato di credere alla realt\u00e0 dei riti satanici condannando altri imputati, sia i giudici di appello nel 2001 sia la Corte Suprema di Cassazione italiana, nel 2002, hanno demolito la ricostruzione dei presunti riti satanici proposta dall\u2019equipe della ASL di Mirandola, riabilitando il sacerdote che da parte loro il vescovo e la diocesi avevano sempre difeso.<\/p>\n<p style=\"text-align: justify;\">Affinch\u00e9 drammi come questo non si ripetano, occorrerebbe che fosse sottolineato, anche e soprattutto dagli stessi <em>media<\/em>, che i satanisti in realt\u00e0 sono pochi, che le loro attivit\u00e0 veramente criminali sono piuttosto infrequenti e che essi non sono dei potenti signori delle tenebre, ma &#8211; piuttosto -, in molti casi, dei veri e propri \u00abpoveri diavoli\u00bb.<\/p>\n","protected":false},"excerpt":{"rendered":"<p>da il Domenicale, anno 2, numero 21 24 maggio 2003 Oramai il Principe delle Tenebre \u00e8 tra noi. O forse no. Molti si stracciano le vesti, ma la realt\u00e0 dei fatti \u00e8 ben diversa. Scapperebbe da ridere se ogni tanto non ci scappasse il morto innocente di Andrea Menegotto<\/p><p><a class=\"more-link btn\" href=\"https:\/\/www.rassegnastampa-totustuus.it\/cattolica\/la-sociologia-del-demonio\/\">Continua a leggere<\/a><\/p>\n","protected":false},"author":6,"featured_media":33457,"comment_status":"closed","ping_status":"open","sticky":false,"template":"","format":"standard","meta":{"footnotes":""},"categories":[107],"tags":[534],"class_list":["post-802","post","type-post","status-publish","format-standard","has-post-thumbnail","hentry","category-satanismo","tag-satanismo-2","item-wrap"],"yoast_head":"<!-- This site is optimized with the Yoast SEO plugin v27.5 - https:\/\/yoast.com\/product\/yoast-seo-wordpress\/ -->\n<title>La sociologia del Demonio - Rassegna Stampa Cattolica<\/title>\n<meta name=\"description\" content=\"Rassegna Stampa Cattolica - Per una cultura che nasce dalla Rivelazione cristiana in conformit\u00e0 alla tradizione e al Magistero della Chiesa in opposizione ad ogni relativismo e totalitarismo\" \/>\n<meta name=\"robots\" content=\"index, follow, max-snippet:-1, max-image-preview:large, max-video-preview:-1\" \/>\n<link rel=\"canonical\" href=\"https:\/\/www.rassegnastampa-totustuus.it\/cattolica\/la-sociologia-del-demonio\/\" \/>\n<meta property=\"og:locale\" content=\"it_IT\" \/>\n<meta property=\"og:type\" content=\"article\" \/>\n<meta property=\"og:title\" content=\"La sociologia del Demonio - Rassegna Stampa Cattolica\" \/>\n<meta property=\"og:description\" content=\"Rassegna Stampa Cattolica - Per una cultura che nasce dalla Rivelazione cristiana in conformit\u00e0 alla tradizione e al Magistero della Chiesa in opposizione ad ogni relativismo e totalitarismo\" \/>\n<meta property=\"og:url\" content=\"https:\/\/www.rassegnastampa-totustuus.it\/cattolica\/la-sociologia-del-demonio\/\" \/>\n<meta property=\"og:site_name\" content=\"Rassegna Stampa Cattolica\" \/>\n<meta property=\"article:publisher\" content=\"https:\/\/www.facebook.com\/rassegnastampacattolica\" \/>\n<meta property=\"article:published_time\" content=\"2005-06-30T12:49:04+00:00\" \/>\n<meta property=\"article:modified_time\" content=\"2016-04-26T10:24:24+00:00\" \/>\n<meta property=\"og:image\" content=\"https:\/\/www.rassegnastampa-totustuus.it\/cattolica\/wp-content\/uploads\/2005\/06\/satanisti.jpg\" \/>\n\t<meta property=\"og:image:width\" content=\"224\" \/>\n\t<meta property=\"og:image:height\" content=\"153\" \/>\n\t<meta property=\"og:image:type\" content=\"image\/jpeg\" \/>\n<meta name=\"author\" content=\"Redazione\" \/>\n<meta name=\"twitter:card\" content=\"summary_large_image\" \/>\n<meta name=\"twitter:creator\" content=\"@rassegnastampa9\" \/>\n<meta name=\"twitter:site\" content=\"@rassegnastampa9\" \/>\n<meta name=\"twitter:label1\" content=\"Scritto da\" \/>\n\t<meta name=\"twitter:data1\" content=\"Redazione\" \/>\n\t<meta name=\"twitter:label2\" content=\"Tempo di lettura stimato\" \/>\n\t<meta name=\"twitter:data2\" content=\"5 minuti\" \/>\n<script type=\"application\/ld+json\" class=\"yoast-schema-graph\">{\"@context\":\"https:\\\/\\\/schema.org\",\"@graph\":[{\"@type\":\"Article\",\"@id\":\"https:\\\/\\\/www.rassegnastampa-totustuus.it\\\/cattolica\\\/la-sociologia-del-demonio\\\/#article\",\"isPartOf\":{\"@id\":\"https:\\\/\\\/www.rassegnastampa-totustuus.it\\\/cattolica\\\/la-sociologia-del-demonio\\\/\"},\"author\":{\"name\":\"Redazione\",\"@id\":\"https:\\\/\\\/www.rassegnastampa-totustuus.it\\\/cattolica\\\/#\\\/schema\\\/person\\\/08f319d2bd1a0904ad9e2bfb7b15e5c3\"},\"headline\":\"La sociologia del Demonio\",\"datePublished\":\"2005-06-30T12:49:04+00:00\",\"dateModified\":\"2016-04-26T10:24:24+00:00\",\"mainEntityOfPage\":{\"@id\":\"https:\\\/\\\/www.rassegnastampa-totustuus.it\\\/cattolica\\\/la-sociologia-del-demonio\\\/\"},\"wordCount\":963,\"publisher\":{\"@id\":\"https:\\\/\\\/www.rassegnastampa-totustuus.it\\\/cattolica\\\/#organization\"},\"image\":{\"@id\":\"https:\\\/\\\/www.rassegnastampa-totustuus.it\\\/cattolica\\\/la-sociologia-del-demonio\\\/#primaryimage\"},\"thumbnailUrl\":\"https:\\\/\\\/www.rassegnastampa-totustuus.it\\\/cattolica\\\/wp-content\\\/uploads\\\/2005\\\/06\\\/satanisti.jpg\",\"keywords\":[\"satanismo\"],\"articleSection\":[\"Satanismo\"],\"inLanguage\":\"it-IT\"},{\"@type\":\"WebPage\",\"@id\":\"https:\\\/\\\/www.rassegnastampa-totustuus.it\\\/cattolica\\\/la-sociologia-del-demonio\\\/\",\"url\":\"https:\\\/\\\/www.rassegnastampa-totustuus.it\\\/cattolica\\\/la-sociologia-del-demonio\\\/\",\"name\":\"La sociologia del Demonio - Rassegna Stampa Cattolica\",\"isPartOf\":{\"@id\":\"https:\\\/\\\/www.rassegnastampa-totustuus.it\\\/cattolica\\\/#website\"},\"primaryImageOfPage\":{\"@id\":\"https:\\\/\\\/www.rassegnastampa-totustuus.it\\\/cattolica\\\/la-sociologia-del-demonio\\\/#primaryimage\"},\"image\":{\"@id\":\"https:\\\/\\\/www.rassegnastampa-totustuus.it\\\/cattolica\\\/la-sociologia-del-demonio\\\/#primaryimage\"},\"thumbnailUrl\":\"https:\\\/\\\/www.rassegnastampa-totustuus.it\\\/cattolica\\\/wp-content\\\/uploads\\\/2005\\\/06\\\/satanisti.jpg\",\"datePublished\":\"2005-06-30T12:49:04+00:00\",\"dateModified\":\"2016-04-26T10:24:24+00:00\",\"description\":\"Rassegna Stampa Cattolica - Per una cultura che nasce dalla Rivelazione cristiana in conformit\u00e0 alla tradizione e al Magistero della Chiesa in opposizione ad ogni relativismo e totalitarismo\",\"breadcrumb\":{\"@id\":\"https:\\\/\\\/www.rassegnastampa-totustuus.it\\\/cattolica\\\/la-sociologia-del-demonio\\\/#breadcrumb\"},\"inLanguage\":\"it-IT\",\"potentialAction\":[{\"@type\":\"ReadAction\",\"target\":[\"https:\\\/\\\/www.rassegnastampa-totustuus.it\\\/cattolica\\\/la-sociologia-del-demonio\\\/\"]}]},{\"@type\":\"ImageObject\",\"inLanguage\":\"it-IT\",\"@id\":\"https:\\\/\\\/www.rassegnastampa-totustuus.it\\\/cattolica\\\/la-sociologia-del-demonio\\\/#primaryimage\",\"url\":\"https:\\\/\\\/www.rassegnastampa-totustuus.it\\\/cattolica\\\/wp-content\\\/uploads\\\/2005\\\/06\\\/satanisti.jpg\",\"contentUrl\":\"https:\\\/\\\/www.rassegnastampa-totustuus.it\\\/cattolica\\\/wp-content\\\/uploads\\\/2005\\\/06\\\/satanisti.jpg\",\"width\":224,\"height\":153},{\"@type\":\"BreadcrumbList\",\"@id\":\"https:\\\/\\\/www.rassegnastampa-totustuus.it\\\/cattolica\\\/la-sociologia-del-demonio\\\/#breadcrumb\",\"itemListElement\":[{\"@type\":\"ListItem\",\"position\":1,\"name\":\"Home\",\"item\":\"https:\\\/\\\/www.rassegnastampa-totustuus.it\\\/cattolica\\\/\"},{\"@type\":\"ListItem\",\"position\":2,\"name\":\"La sociologia del Demonio\"}]},{\"@type\":\"WebSite\",\"@id\":\"https:\\\/\\\/www.rassegnastampa-totustuus.it\\\/cattolica\\\/#website\",\"url\":\"https:\\\/\\\/www.rassegnastampa-totustuus.it\\\/cattolica\\\/\",\"name\":\"Rassegna Stampa Cattolica\",\"description\":\"Per una cultura che nasce dalla Rivelazione cristiana in conformit\u00e0 alla tradizione e al Magistero della Chiesa in opposizione ad ogni relativismo e totalitarismo\",\"publisher\":{\"@id\":\"https:\\\/\\\/www.rassegnastampa-totustuus.it\\\/cattolica\\\/#organization\"},\"alternateName\":\"Rass. Cattolica\",\"potentialAction\":[{\"@type\":\"SearchAction\",\"target\":{\"@type\":\"EntryPoint\",\"urlTemplate\":\"https:\\\/\\\/www.rassegnastampa-totustuus.it\\\/cattolica\\\/?s={search_term_string}\"},\"query-input\":{\"@type\":\"PropertyValueSpecification\",\"valueRequired\":true,\"valueName\":\"search_term_string\"}}],\"inLanguage\":\"it-IT\"},{\"@type\":\"Organization\",\"@id\":\"https:\\\/\\\/www.rassegnastampa-totustuus.it\\\/cattolica\\\/#organization\",\"name\":\"Rassegna Stampa Cattolica\",\"url\":\"https:\\\/\\\/www.rassegnastampa-totustuus.it\\\/cattolica\\\/\",\"logo\":{\"@type\":\"ImageObject\",\"inLanguage\":\"it-IT\",\"@id\":\"https:\\\/\\\/www.rassegnastampa-totustuus.it\\\/cattolica\\\/#\\\/schema\\\/logo\\\/image\\\/\",\"url\":\"https:\\\/\\\/www.rassegnastampa-totustuus.it\\\/cattolica\\\/wp-content\\\/uploads\\\/2014\\\/04\\\/logo-rassegna1.gif\",\"contentUrl\":\"https:\\\/\\\/www.rassegnastampa-totustuus.it\\\/cattolica\\\/wp-content\\\/uploads\\\/2014\\\/04\\\/logo-rassegna1.gif\",\"width\":600,\"height\":163,\"caption\":\"Rassegna Stampa Cattolica\"},\"image\":{\"@id\":\"https:\\\/\\\/www.rassegnastampa-totustuus.it\\\/cattolica\\\/#\\\/schema\\\/logo\\\/image\\\/\"},\"sameAs\":[\"https:\\\/\\\/www.facebook.com\\\/rassegnastampacattolica\",\"https:\\\/\\\/x.com\\\/rassegnastampa9\"]},{\"@type\":\"Person\",\"@id\":\"https:\\\/\\\/www.rassegnastampa-totustuus.it\\\/cattolica\\\/#\\\/schema\\\/person\\\/08f319d2bd1a0904ad9e2bfb7b15e5c3\",\"name\":\"Redazione\",\"image\":{\"@type\":\"ImageObject\",\"inLanguage\":\"it-IT\",\"@id\":\"https:\\\/\\\/secure.gravatar.com\\\/avatar\\\/2fcdf27c78ea025fbdb44e914cc63c72249ffec9dc8aafd5c82b26240ef3f346?s=96&d=mm&r=g\",\"url\":\"https:\\\/\\\/secure.gravatar.com\\\/avatar\\\/2fcdf27c78ea025fbdb44e914cc63c72249ffec9dc8aafd5c82b26240ef3f346?s=96&d=mm&r=g\",\"contentUrl\":\"https:\\\/\\\/secure.gravatar.com\\\/avatar\\\/2fcdf27c78ea025fbdb44e914cc63c72249ffec9dc8aafd5c82b26240ef3f346?s=96&d=mm&r=g\",\"caption\":\"Redazione\"},\"url\":\"https:\\\/\\\/www.rassegnastampa-totustuus.it\\\/cattolica\\\/author\\\/pietroelle\\\/\"}]}<\/script>\n<!-- \/ Yoast SEO plugin. -->","yoast_head_json":{"title":"La sociologia del Demonio - Rassegna Stampa Cattolica","description":"Rassegna Stampa Cattolica - Per una cultura che nasce dalla Rivelazione cristiana in conformit\u00e0 alla tradizione e al Magistero della Chiesa in opposizione ad ogni relativismo e totalitarismo","robots":{"index":"index","follow":"follow","max-snippet":"max-snippet:-1","max-image-preview":"max-image-preview:large","max-video-preview":"max-video-preview:-1"},"canonical":"https:\/\/www.rassegnastampa-totustuus.it\/cattolica\/la-sociologia-del-demonio\/","og_locale":"it_IT","og_type":"article","og_title":"La sociologia del Demonio - Rassegna Stampa Cattolica","og_description":"Rassegna Stampa Cattolica - Per una cultura che nasce dalla Rivelazione cristiana in conformit\u00e0 alla tradizione e al Magistero della Chiesa in opposizione ad ogni relativismo e totalitarismo","og_url":"https:\/\/www.rassegnastampa-totustuus.it\/cattolica\/la-sociologia-del-demonio\/","og_site_name":"Rassegna Stampa Cattolica","article_publisher":"https:\/\/www.facebook.com\/rassegnastampacattolica","article_published_time":"2005-06-30T12:49:04+00:00","article_modified_time":"2016-04-26T10:24:24+00:00","og_image":[{"width":224,"height":153,"url":"https:\/\/www.rassegnastampa-totustuus.it\/cattolica\/wp-content\/uploads\/2005\/06\/satanisti.jpg","type":"image\/jpeg"}],"author":"Redazione","twitter_card":"summary_large_image","twitter_creator":"@rassegnastampa9","twitter_site":"@rassegnastampa9","twitter_misc":{"Scritto da":"Redazione","Tempo di lettura stimato":"5 minuti"},"schema":{"@context":"https:\/\/schema.org","@graph":[{"@type":"Article","@id":"https:\/\/www.rassegnastampa-totustuus.it\/cattolica\/la-sociologia-del-demonio\/#article","isPartOf":{"@id":"https:\/\/www.rassegnastampa-totustuus.it\/cattolica\/la-sociologia-del-demonio\/"},"author":{"name":"Redazione","@id":"https:\/\/www.rassegnastampa-totustuus.it\/cattolica\/#\/schema\/person\/08f319d2bd1a0904ad9e2bfb7b15e5c3"},"headline":"La sociologia del Demonio","datePublished":"2005-06-30T12:49:04+00:00","dateModified":"2016-04-26T10:24:24+00:00","mainEntityOfPage":{"@id":"https:\/\/www.rassegnastampa-totustuus.it\/cattolica\/la-sociologia-del-demonio\/"},"wordCount":963,"publisher":{"@id":"https:\/\/www.rassegnastampa-totustuus.it\/cattolica\/#organization"},"image":{"@id":"https:\/\/www.rassegnastampa-totustuus.it\/cattolica\/la-sociologia-del-demonio\/#primaryimage"},"thumbnailUrl":"https:\/\/www.rassegnastampa-totustuus.it\/cattolica\/wp-content\/uploads\/2005\/06\/satanisti.jpg","keywords":["satanismo"],"articleSection":["Satanismo"],"inLanguage":"it-IT"},{"@type":"WebPage","@id":"https:\/\/www.rassegnastampa-totustuus.it\/cattolica\/la-sociologia-del-demonio\/","url":"https:\/\/www.rassegnastampa-totustuus.it\/cattolica\/la-sociologia-del-demonio\/","name":"La sociologia del Demonio - Rassegna Stampa Cattolica","isPartOf":{"@id":"https:\/\/www.rassegnastampa-totustuus.it\/cattolica\/#website"},"primaryImageOfPage":{"@id":"https:\/\/www.rassegnastampa-totustuus.it\/cattolica\/la-sociologia-del-demonio\/#primaryimage"},"image":{"@id":"https:\/\/www.rassegnastampa-totustuus.it\/cattolica\/la-sociologia-del-demonio\/#primaryimage"},"thumbnailUrl":"https:\/\/www.rassegnastampa-totustuus.it\/cattolica\/wp-content\/uploads\/2005\/06\/satanisti.jpg","datePublished":"2005-06-30T12:49:04+00:00","dateModified":"2016-04-26T10:24:24+00:00","description":"Rassegna Stampa Cattolica - Per una cultura che nasce dalla Rivelazione cristiana in conformit\u00e0 alla tradizione e al Magistero della Chiesa in opposizione ad ogni relativismo e totalitarismo","breadcrumb":{"@id":"https:\/\/www.rassegnastampa-totustuus.it\/cattolica\/la-sociologia-del-demonio\/#breadcrumb"},"inLanguage":"it-IT","potentialAction":[{"@type":"ReadAction","target":["https:\/\/www.rassegnastampa-totustuus.it\/cattolica\/la-sociologia-del-demonio\/"]}]},{"@type":"ImageObject","inLanguage":"it-IT","@id":"https:\/\/www.rassegnastampa-totustuus.it\/cattolica\/la-sociologia-del-demonio\/#primaryimage","url":"https:\/\/www.rassegnastampa-totustuus.it\/cattolica\/wp-content\/uploads\/2005\/06\/satanisti.jpg","contentUrl":"https:\/\/www.rassegnastampa-totustuus.it\/cattolica\/wp-content\/uploads\/2005\/06\/satanisti.jpg","width":224,"height":153},{"@type":"BreadcrumbList","@id":"https:\/\/www.rassegnastampa-totustuus.it\/cattolica\/la-sociologia-del-demonio\/#breadcrumb","itemListElement":[{"@type":"ListItem","position":1,"name":"Home","item":"https:\/\/www.rassegnastampa-totustuus.it\/cattolica\/"},{"@type":"ListItem","position":2,"name":"La sociologia del Demonio"}]},{"@type":"WebSite","@id":"https:\/\/www.rassegnastampa-totustuus.it\/cattolica\/#website","url":"https:\/\/www.rassegnastampa-totustuus.it\/cattolica\/","name":"Rassegna Stampa Cattolica","description":"Per una cultura che nasce dalla Rivelazione cristiana in conformit\u00e0 alla tradizione e al Magistero della Chiesa in opposizione ad ogni relativismo e totalitarismo","publisher":{"@id":"https:\/\/www.rassegnastampa-totustuus.it\/cattolica\/#organization"},"alternateName":"Rass. Cattolica","potentialAction":[{"@type":"SearchAction","target":{"@type":"EntryPoint","urlTemplate":"https:\/\/www.rassegnastampa-totustuus.it\/cattolica\/?s={search_term_string}"},"query-input":{"@type":"PropertyValueSpecification","valueRequired":true,"valueName":"search_term_string"}}],"inLanguage":"it-IT"},{"@type":"Organization","@id":"https:\/\/www.rassegnastampa-totustuus.it\/cattolica\/#organization","name":"Rassegna Stampa Cattolica","url":"https:\/\/www.rassegnastampa-totustuus.it\/cattolica\/","logo":{"@type":"ImageObject","inLanguage":"it-IT","@id":"https:\/\/www.rassegnastampa-totustuus.it\/cattolica\/#\/schema\/logo\/image\/","url":"https:\/\/www.rassegnastampa-totustuus.it\/cattolica\/wp-content\/uploads\/2014\/04\/logo-rassegna1.gif","contentUrl":"https:\/\/www.rassegnastampa-totustuus.it\/cattolica\/wp-content\/uploads\/2014\/04\/logo-rassegna1.gif","width":600,"height":163,"caption":"Rassegna Stampa Cattolica"},"image":{"@id":"https:\/\/www.rassegnastampa-totustuus.it\/cattolica\/#\/schema\/logo\/image\/"},"sameAs":["https:\/\/www.facebook.com\/rassegnastampacattolica","https:\/\/x.com\/rassegnastampa9"]},{"@type":"Person","@id":"https:\/\/www.rassegnastampa-totustuus.it\/cattolica\/#\/schema\/person\/08f319d2bd1a0904ad9e2bfb7b15e5c3","name":"Redazione","image":{"@type":"ImageObject","inLanguage":"it-IT","@id":"https:\/\/secure.gravatar.com\/avatar\/2fcdf27c78ea025fbdb44e914cc63c72249ffec9dc8aafd5c82b26240ef3f346?s=96&d=mm&r=g","url":"https:\/\/secure.gravatar.com\/avatar\/2fcdf27c78ea025fbdb44e914cc63c72249ffec9dc8aafd5c82b26240ef3f346?s=96&d=mm&r=g","contentUrl":"https:\/\/secure.gravatar.com\/avatar\/2fcdf27c78ea025fbdb44e914cc63c72249ffec9dc8aafd5c82b26240ef3f346?s=96&d=mm&r=g","caption":"Redazione"},"url":"https:\/\/www.rassegnastampa-totustuus.it\/cattolica\/author\/pietroelle\/"}]}},"_links":{"self":[{"href":"https:\/\/www.rassegnastampa-totustuus.it\/cattolica\/wp-json\/wp\/v2\/posts\/802","targetHints":{"allow":["GET"]}}],"collection":[{"href":"https:\/\/www.rassegnastampa-totustuus.it\/cattolica\/wp-json\/wp\/v2\/posts"}],"about":[{"href":"https:\/\/www.rassegnastampa-totustuus.it\/cattolica\/wp-json\/wp\/v2\/types\/post"}],"author":[{"embeddable":true,"href":"https:\/\/www.rassegnastampa-totustuus.it\/cattolica\/wp-json\/wp\/v2\/users\/6"}],"replies":[{"embeddable":true,"href":"https:\/\/www.rassegnastampa-totustuus.it\/cattolica\/wp-json\/wp\/v2\/comments?post=802"}],"version-history":[{"count":4,"href":"https:\/\/www.rassegnastampa-totustuus.it\/cattolica\/wp-json\/wp\/v2\/posts\/802\/revisions"}],"predecessor-version":[{"id":33459,"href":"https:\/\/www.rassegnastampa-totustuus.it\/cattolica\/wp-json\/wp\/v2\/posts\/802\/revisions\/33459"}],"wp:featuredmedia":[{"embeddable":true,"href":"https:\/\/www.rassegnastampa-totustuus.it\/cattolica\/wp-json\/wp\/v2\/media\/33457"}],"wp:attachment":[{"href":"https:\/\/www.rassegnastampa-totustuus.it\/cattolica\/wp-json\/wp\/v2\/media?parent=802"}],"wp:term":[{"taxonomy":"category","embeddable":true,"href":"https:\/\/www.rassegnastampa-totustuus.it\/cattolica\/wp-json\/wp\/v2\/categories?post=802"},{"taxonomy":"post_tag","embeddable":true,"href":"https:\/\/www.rassegnastampa-totustuus.it\/cattolica\/wp-json\/wp\/v2\/tags?post=802"}],"curies":[{"name":"wp","href":"https:\/\/api.w.org\/{rel}","templated":true}]}}