{"id":7955,"date":"2014-07-10T11:19:29","date_gmt":"2014-07-10T09:19:29","guid":{"rendered":"http:\/\/www.rassegnastampa-totustuus.it\/cattolica\/?p=7955"},"modified":"2015-06-16T10:09:08","modified_gmt":"2015-06-16T08:09:08","slug":"la-poesia-di-dio-per-uomini-e-donne-che-presto-saranno-aboliti-dalla-dittatura-del-relativismo","status":"publish","type":"post","link":"https:\/\/www.rassegnastampa-totustuus.it\/cattolica\/la-poesia-di-dio-per-uomini-e-donne-che-presto-saranno-aboliti-dalla-dittatura-del-relativismo\/","title":{"rendered":"La poesia di Dio per uomini e donne (che presto saranno \u201caboliti\u201d dalla dittatura del relativismo ?)"},"content":{"rendered":"<p style=\"text-align: center;\"><b><a href=\"https:\/\/www.rassegnastampa-totustuus.it\/cattolica\/wp-content\/uploads\/2014\/07\/Adam_Eva.jpg\"><img loading=\"lazy\" decoding=\"async\" class=\" wp-image-7956 alignleft\" src=\"https:\/\/www.rassegnastampa-totustuus.it\/cattolica\/wp-content\/uploads\/2014\/07\/Adam_Eva.jpg\" alt=\"Adam_Eva\" width=\"250\" height=\"145\" \/><\/a>Libero,<\/b> 6 luglio 2014<\/p>\n<p style=\"text-align: center;\"><b>Antonio Socci<\/b><\/p>\n<p style=\"text-align: justify;\">La cancellazione di \u201cmadre\u201d e \u201cpadre\u201d con \u201cGenitore 1\u201d e \u201cGenitore 2\u201d, avvenuta in diverse scuole, appare come un piccolo caso provinciale a confronto dell\u2019operazione che, su vasta scala, ha lanciato Facebook per annacquare \u201cmaschi\u201d e \u201cfemmine\u201d nell\u2019indistinto mare dell\u2019ideologia Gender. Per la quale essere uomo o donna \u00e8 un\u2019opinione fra tante altre, non un dato di natura. Questo impone il nuovo dogma dell\u2019epoca obamiana.<\/p>\n<p style=\"text-align: justify;\"><!--more--><\/p>\n<p style=\"text-align: justify;\">Perci\u00f2 sul famoso social network ora si potr\u00e0 \u201cdefinire la propria identit\u00e0 di genere in ben 58 modi diversi\u201d, come annuncia esultante \u201cRepubblica\u201d: negli spazi dove fino a ieri stavano scritti solo \u201cmaschio\u201d e \u201cfemmina\u201d adesso si potr\u00e0 fare anche una scelta \u201cpersonalizzata\u201d. Infatti \u201csotto la stretta supervisione dell\u2019Arcigay\u201d si offrono decine di possibilit\u00e0: intersessuale, agender, bigender, fluido, neutro, trans e pure femminiello. C\u2019\u00e8 perfino la distinzione tra \u201cfemmina trans\u201d e \u201ctrans femmina\u201d.<\/p>\n<p style=\"text-align: justify;\"><strong>VIVA LA REALTA\u2019<\/strong><\/p>\n<p style=\"text-align: justify;\">Per la verit\u00e0, a noi, affezionati alla razionalit\u00e0, alla natura e alla realt\u00e0, pare che \u2013 in barba a Obama \u2013 continuino a nascere solo uomini e donne. Insieme al buon senso e alle ostetriche, lo dicono la scienza, la fisiologia e la biologia. Non a caso la regola dice che nel Dna sta scritto che si \u00e8 maschi oppure femmine. E anche se uno si sottopone a un\u2019operazione chirurgica privandosi dei suoi organi genitali il Dna continua a dare il responso originario.<\/p>\n<p style=\"text-align: justify;\">Il Dna dunque parla come la Sacra Scrittura, perch\u00e9 la natura \u00e8 il linguaggio di Dio: si nasce maschi o femmine. Non \u00e8 un\u2019opzione culturale, che uno pu\u00f2 decidere arbitrariamente, ma un dato di natura. Il linguaggio simbolico della Bibbia poi rivela anche qualcosa di pi\u00f9 profondo: ci spiega infatti che Dio fece la donna dalla costola di Adamo dormiente. Cosa vorr\u00e0 dire quest\u2019immagine simbolica? Sono fiorite in proposito molte risposte scherzose. Secondo certi buontemponi Dio cre\u00f2 Adamo prima di Eva perch\u00e9 non voleva essere assillato dai consigli mentre faceva l\u2019uomo.<\/p>\n<p style=\"text-align: justify;\">Le donne da parte loro hanno ribattuto che Dio prima fece una brutta copia, per prova, poi \u2013 considerati gli errori fatti \u2013 fece la \u201cbella copia\u201d. C\u2019\u00e8 pure una barzelletta secondo cui Adamo sarebbe andato da Dio per chiedergli: \u201cSignore, perch\u00e9 hai fatto la donna cos\u00ec bella?\u201d. E Dio: \u201caffinch\u00e9 tu la amassi\u201d. Replica dell\u2019uomo: \u201cE perch\u00e9 l\u2019hai fatta cos\u00ec stupida?\u201d. Risposta dell\u2019Onnipotente: \u201caffinch\u00e9 lei ami te\u201d.<\/p>\n<p style=\"text-align: justify;\">Tuttavia, scherzi a parte, dovrebbe far riflettere noi maschi il fatto che \u2013 nella simbologia biblica \u2013 Adamo fu tratto dalla terra, dal fango, mentre Eva fu tratta dalla parte dell\u2019uomo pi\u00f9 vicina al cuore. C\u2019\u00e8 qualcosa di pi\u00f9 nobile ed elevato nelle donne che ha a che fare con una pi\u00f9 grande capacit\u00e0 di amare. E c\u2019\u00e8 una bellezza speciale.<\/p>\n<p style=\"text-align: justify;\">Olivier Cl\u00e9ment, teologo francese e grande convertito, diceva che la donna nasce non nel sonno, ma nell\u2019estasi dell\u2019uomo. Lo conferma il memorabile grido di entusiasmo e felicit\u00e0 di Adamo la prima volta che vide Eva (\u00e8 riportato nella Bibbia, Gen. 2, 23). Nella Bibbia c\u2019\u00e8 anche quella formidabile differenza di reazione quando i due vengono scoperti, dopo l\u2019atto di disobbedienza. Adamo \u2013 antesignano di generazioni e generazioni di maschietti \u2013a Dio, che gli chiedeva cosa aveva combinato, rispose dando la colpa alla donna e a Dio stesso: \u201cLa donna che tu mi hai posta accanto mi ha dato dell\u2019albero e io ne ho mangiato\u201d. Perch\u00e9 errare \u00e8 umano, ma dare la colpa agli altri ancora di pi\u00f9.<\/p>\n<p style=\"text-align: justify;\">Eva invece rispose dicendo la verit\u00e0 e riconoscendo l\u2019origine del male: \u201cIl serpente mi ha ingannata e io ho mangiato\u201d. Da migliaia di anni la storia dell\u2019umanit\u00e0 \u00e8 racchiusa in questo rapporto fra maschi e femmine, rapporto fatto di somiglianza e diversit\u00e0, di complementarit\u00e0, curiosit\u00e0, passione, carnalit\u00e0, fascino, amore, scontri e incontri. Tutte le civilt\u00e0 sono nate da qui.<\/p>\n<p style=\"text-align: justify;\">Cosa c\u2019\u00e8 di pi\u00f9 evidente della nostra natura maschile e femminile? Del resto tutti, ma proprio tutti, siamo nati da questo primordiale slancio unitivo di un uomo verso una donna e di una donna verso un uomo: \u201ce i due saranno una sola carne\u201d. Non c\u2019\u00e8 un solo essere umano \u2013 anche fra i pi\u00f9 fanatici sostenitori dell\u2019ideologia gender \u2013 che non sia nato da un uomo e una donna.<\/p>\n<p style=\"text-align: justify;\">I fatti sono testardi. E la Natura \u00e8 ineliminabile. Per quanto le ideologie pretendano di forzarla, cercando di raddrizzarne il legno storto (e provocando catastrofi), essa resta sovrana.<\/p>\n<p style=\"text-align: justify;\">Del resto la scienza (dalla fisiologia, alla psicologia, dalla biologia alla neurologia) ci dice che l\u2019essere maschi e femmine non implica solo una diversit\u00e0 degli apparati genitali. E\u2019 tutto il corpo che \u00e8 diverso ed \u00e8 diverso il funzionamento del cervello, come \u00e8 diversa la psiche.<\/p>\n<p style=\"text-align: justify;\"><strong>ECOLOGIA DELL\u2019UOMO<\/strong><\/p>\n<p style=\"text-align: justify;\">L\u2019ideologia Gender pretende invece di affermare che la Natura non esiste e che il genere \u00e8 semplicemente un fatto culturale, una scelta. Altro che l\u2019estinzione della foca monaca e del lupo d\u2019appennino. La dittatoriale ideologia gender pretende di abolire la natura umana \u201ctout court\u201d. Se riuscisse a prevalere (privandoci perfino del diritto di dissentire) si potrebbe considerare secondo me il pi\u00f9 colossale disastro ecologico di tutti i tempi. L\u2019umanit\u00e0 infatti \u00e8 la parte pi\u00f9 importante della natura.<\/p>\n<p style=\"text-align: justify;\">E\u2019 angosciante veder devastare un paesaggio, disseccare un fiume, inquinare il mare. E\u2019 tragico veder abbattere le Dolomiti o abolire il chiaro di luna. Ma abolire la natura maschile e femminile dell\u2019uomo, degradando il genere a opinione culturale \u00e8 invece una conquista? Tutti parlano di salvaguardia del creato. Ma l\u2019uomo? Quell\u2019ecologia umana che aveva auspicato il grande Benedetto XVI chi la difende?<\/p>\n<p style=\"text-align: justify;\">Molti dei \u201cprogressisti\u201d che vogliono la natura incontaminata nei fiumi, sui monti e nel mare, poi negano perfino che esista una natura per l\u2019uomo. Molti di coloro che vedono come fumo negli occhi i pomodori geneticamente modificati, poi magari sono a favore della sperimentazione sugli embrioni umani.<\/p>\n<p style=\"text-align: justify;\">Molti che si riempiono la bocca di terzomondismo, poi non hanno nulla da dire se una povera donna del Terzo Mondo, per fame e miseria, accetta in cambio di poche monete di essere usata come utero, come contenitore di ovuli, da ricche coppie d\u2019occidente (etero o omo) che poi si prendono il figlio che lei ha appena partorito.<\/p>\n<p style=\"text-align: justify;\">E\u2019 questo il mondo dove vogliamo vivere? Per me \u00e8 un mondo spaventoso.<\/p>\n<p style=\"text-align: justify;\"><strong>LA POESIA DI DIO<\/strong><\/p>\n<p style=\"text-align: justify;\">Invece come appare grandioso e liberante ci\u00f2 che la Sacra Scrittura ci rivela di noi. Essa dice che \u00abDio cre\u00f2 l\u2019uomo a sua immagine, maschio e femmina li cre\u00f2. E Dio li benedisse e disse loro: \u201cCrescete e moltiplicatevi e soggiogate la terra\u201d\u00bb. Una dignit\u00e0 altissima (a immagine di Dio). La signoria sul creato. Maschi e femmine al tempo stesso uguali come valore (uguaglianza proclamata tremila anni fa), ma diversi. Due modi diversi e complementari di realizzare l\u2019umanit\u00e0.<\/p>\n<p style=\"text-align: justify;\">E Adamo dice di Eva: \u00ab\u00e8 carne della mia carne\u00bb. Giovanni Paolo II osservava: \u00aballa luce di questo testo comprendiamo che la conoscenza dell\u2019uomo passa attraverso la mascolinit\u00e0 e la femminilit\u00e0, che sono come due incarnazioni della stessa metafisica solitudine, di fronte a Dio e al mondo, come due modi di \u201cessere corpo\u201d ed insieme uomo che si completano reciprocamente\u00bb.<\/p>\n<p style=\"text-align: justify;\">Aggiungeva: \u00abproprio la funzione del sesso, che \u00e8, in un certo senso, \u201ccostitutivo della persona\u201d (non soltanto \u201cattributo della persona\u201d), dimostra quanto profondamente l\u2019uomo con tutta la sua solitudine spirituale, con la sua unicit\u00e0 e irripetibilit\u00e0 propria della persona sia costituito dal corpo come \u201clui\u201d o \u201clei\u201d. La presenza dell\u2019elemento femminile accanto a quello maschile ed insieme con esso ha il significato di un arricchimento per l\u2019uomo in tutta la prospettiva della sua storia, ivi compresa la storia della salvezza\u00bb.<\/p>\n<p style=\"text-align: justify;\">In questo, nell\u2019essere fatti \u2013 anche fisicamente \u2013 per unirci e dare la vita a un altro essere c\u2019\u00e8 la traccia di Dio che \u00e8 Trinit\u00e0, cio\u00e8 comunione di persone. La radice del nostro essere \u00e8 amore. Non ideologia.<\/p>\n","protected":false},"excerpt":{"rendered":"<p>Libero, 6 luglio 2014 Antonio Socci La cancellazione di \u201cmadre\u201d e \u201cpadre\u201d con \u201cGenitore 1\u201d e \u201cGenitore 2\u201d, avvenuta in diverse scuole, appare come un piccolo caso provinciale a confronto dell\u2019operazione che, su vasta scala, ha lanciato Facebook per annacquare \u201cmaschi\u201d e \u201cfemmine\u201d nell\u2019indistinto mare dell\u2019ideologia Gender. Per la quale essere uomo o donna \u00e8 &hellip; <\/p>\n<p><a class=\"more-link btn\" href=\"https:\/\/www.rassegnastampa-totustuus.it\/cattolica\/la-poesia-di-dio-per-uomini-e-donne-che-presto-saranno-aboliti-dalla-dittatura-del-relativismo\/\">Continua a leggere<\/a><\/p>\n","protected":false},"author":6,"featured_media":7956,"comment_status":"closed","ping_status":"closed","sticky":false,"template":"","format":"standard","meta":{"footnotes":""},"categories":[125],"tags":[437],"class_list":["post-7955","post","type-post","status-publish","format-standard","has-post-thumbnail","hentry","category-ideologia-del-gender","tag-ideologia-del-gender-2","item-wrap"],"yoast_head":"<!-- This site is optimized with the Yoast SEO plugin v27.5 - https:\/\/yoast.com\/product\/yoast-seo-wordpress\/ -->\n<title>La poesia di Dio per uomini e donne (che presto saranno \u201caboliti\u201d dalla dittatura del relativismo ?) - Rassegna Stampa Cattolica<\/title>\n<meta name=\"description\" content=\"Rassegna Stampa Cattolica - Per una cultura che nasce dalla Rivelazione cristiana in conformit\u00e0 alla tradizione e al Magistero della Chiesa in opposizione ad ogni relativismo e totalitarismo\" \/>\n<meta name=\"robots\" content=\"index, follow, max-snippet:-1, max-image-preview:large, max-video-preview:-1\" \/>\n<link rel=\"canonical\" href=\"https:\/\/www.rassegnastampa-totustuus.it\/cattolica\/la-poesia-di-dio-per-uomini-e-donne-che-presto-saranno-aboliti-dalla-dittatura-del-relativismo\/\" \/>\n<meta property=\"og:locale\" content=\"it_IT\" \/>\n<meta property=\"og:type\" content=\"article\" \/>\n<meta property=\"og:title\" content=\"La poesia di Dio per uomini e donne (che presto saranno \u201caboliti\u201d dalla dittatura del relativismo ?) - Rassegna Stampa Cattolica\" \/>\n<meta property=\"og:description\" content=\"Rassegna Stampa Cattolica - Per una cultura che nasce dalla Rivelazione cristiana in conformit\u00e0 alla tradizione e al Magistero della Chiesa in opposizione ad ogni relativismo e totalitarismo\" \/>\n<meta property=\"og:url\" content=\"https:\/\/www.rassegnastampa-totustuus.it\/cattolica\/la-poesia-di-dio-per-uomini-e-donne-che-presto-saranno-aboliti-dalla-dittatura-del-relativismo\/\" \/>\n<meta property=\"og:site_name\" content=\"Rassegna Stampa Cattolica\" \/>\n<meta property=\"article:publisher\" content=\"https:\/\/www.facebook.com\/rassegnastampacattolica\" \/>\n<meta property=\"article:published_time\" content=\"2014-07-10T09:19:29+00:00\" \/>\n<meta property=\"article:modified_time\" content=\"2015-06-16T08:09:08+00:00\" \/>\n<meta property=\"og:image\" content=\"https:\/\/www.rassegnastampa-totustuus.it\/cattolica\/wp-content\/uploads\/2014\/07\/Adam_Eva.jpg\" \/>\n\t<meta property=\"og:image:width\" content=\"283\" \/>\n\t<meta property=\"og:image:height\" content=\"178\" \/>\n\t<meta property=\"og:image:type\" content=\"image\/jpeg\" \/>\n<meta name=\"author\" content=\"Redazione\" \/>\n<meta name=\"twitter:card\" content=\"summary_large_image\" \/>\n<meta name=\"twitter:creator\" content=\"@rassegnastampa9\" \/>\n<meta name=\"twitter:site\" content=\"@rassegnastampa9\" \/>\n<meta name=\"twitter:label1\" content=\"Scritto da\" \/>\n\t<meta name=\"twitter:data1\" content=\"Redazione\" \/>\n\t<meta name=\"twitter:label2\" content=\"Tempo di lettura stimato\" \/>\n\t<meta name=\"twitter:data2\" content=\"6 minuti\" \/>\n<script type=\"application\/ld+json\" class=\"yoast-schema-graph\">{\"@context\":\"https:\\\/\\\/schema.org\",\"@graph\":[{\"@type\":\"Article\",\"@id\":\"https:\\\/\\\/www.rassegnastampa-totustuus.it\\\/cattolica\\\/la-poesia-di-dio-per-uomini-e-donne-che-presto-saranno-aboliti-dalla-dittatura-del-relativismo\\\/#article\",\"isPartOf\":{\"@id\":\"https:\\\/\\\/www.rassegnastampa-totustuus.it\\\/cattolica\\\/la-poesia-di-dio-per-uomini-e-donne-che-presto-saranno-aboliti-dalla-dittatura-del-relativismo\\\/\"},\"author\":{\"name\":\"Redazione\",\"@id\":\"https:\\\/\\\/www.rassegnastampa-totustuus.it\\\/cattolica\\\/#\\\/schema\\\/person\\\/08f319d2bd1a0904ad9e2bfb7b15e5c3\"},\"headline\":\"La poesia di Dio per uomini e donne (che presto saranno \u201caboliti\u201d dalla dittatura del relativismo ?)\",\"datePublished\":\"2014-07-10T09:19:29+00:00\",\"dateModified\":\"2015-06-16T08:09:08+00:00\",\"mainEntityOfPage\":{\"@id\":\"https:\\\/\\\/www.rassegnastampa-totustuus.it\\\/cattolica\\\/la-poesia-di-dio-per-uomini-e-donne-che-presto-saranno-aboliti-dalla-dittatura-del-relativismo\\\/\"},\"wordCount\":1309,\"publisher\":{\"@id\":\"https:\\\/\\\/www.rassegnastampa-totustuus.it\\\/cattolica\\\/#organization\"},\"image\":{\"@id\":\"https:\\\/\\\/www.rassegnastampa-totustuus.it\\\/cattolica\\\/la-poesia-di-dio-per-uomini-e-donne-che-presto-saranno-aboliti-dalla-dittatura-del-relativismo\\\/#primaryimage\"},\"thumbnailUrl\":\"https:\\\/\\\/www.rassegnastampa-totustuus.it\\\/cattolica\\\/wp-content\\\/uploads\\\/2014\\\/07\\\/Adam_Eva.jpg\",\"keywords\":[\"ideologia del gender\"],\"articleSection\":[\"Ideologia del gender\"],\"inLanguage\":\"it-IT\"},{\"@type\":\"WebPage\",\"@id\":\"https:\\\/\\\/www.rassegnastampa-totustuus.it\\\/cattolica\\\/la-poesia-di-dio-per-uomini-e-donne-che-presto-saranno-aboliti-dalla-dittatura-del-relativismo\\\/\",\"url\":\"https:\\\/\\\/www.rassegnastampa-totustuus.it\\\/cattolica\\\/la-poesia-di-dio-per-uomini-e-donne-che-presto-saranno-aboliti-dalla-dittatura-del-relativismo\\\/\",\"name\":\"La poesia di Dio per uomini e donne (che presto saranno \u201caboliti\u201d dalla dittatura del relativismo ?) - Rassegna Stampa Cattolica\",\"isPartOf\":{\"@id\":\"https:\\\/\\\/www.rassegnastampa-totustuus.it\\\/cattolica\\\/#website\"},\"primaryImageOfPage\":{\"@id\":\"https:\\\/\\\/www.rassegnastampa-totustuus.it\\\/cattolica\\\/la-poesia-di-dio-per-uomini-e-donne-che-presto-saranno-aboliti-dalla-dittatura-del-relativismo\\\/#primaryimage\"},\"image\":{\"@id\":\"https:\\\/\\\/www.rassegnastampa-totustuus.it\\\/cattolica\\\/la-poesia-di-dio-per-uomini-e-donne-che-presto-saranno-aboliti-dalla-dittatura-del-relativismo\\\/#primaryimage\"},\"thumbnailUrl\":\"https:\\\/\\\/www.rassegnastampa-totustuus.it\\\/cattolica\\\/wp-content\\\/uploads\\\/2014\\\/07\\\/Adam_Eva.jpg\",\"datePublished\":\"2014-07-10T09:19:29+00:00\",\"dateModified\":\"2015-06-16T08:09:08+00:00\",\"description\":\"Rassegna Stampa Cattolica - Per una cultura che nasce dalla Rivelazione cristiana in conformit\u00e0 alla tradizione e al Magistero della Chiesa in opposizione ad ogni relativismo e totalitarismo\",\"breadcrumb\":{\"@id\":\"https:\\\/\\\/www.rassegnastampa-totustuus.it\\\/cattolica\\\/la-poesia-di-dio-per-uomini-e-donne-che-presto-saranno-aboliti-dalla-dittatura-del-relativismo\\\/#breadcrumb\"},\"inLanguage\":\"it-IT\",\"potentialAction\":[{\"@type\":\"ReadAction\",\"target\":[\"https:\\\/\\\/www.rassegnastampa-totustuus.it\\\/cattolica\\\/la-poesia-di-dio-per-uomini-e-donne-che-presto-saranno-aboliti-dalla-dittatura-del-relativismo\\\/\"]}]},{\"@type\":\"ImageObject\",\"inLanguage\":\"it-IT\",\"@id\":\"https:\\\/\\\/www.rassegnastampa-totustuus.it\\\/cattolica\\\/la-poesia-di-dio-per-uomini-e-donne-che-presto-saranno-aboliti-dalla-dittatura-del-relativismo\\\/#primaryimage\",\"url\":\"https:\\\/\\\/www.rassegnastampa-totustuus.it\\\/cattolica\\\/wp-content\\\/uploads\\\/2014\\\/07\\\/Adam_Eva.jpg\",\"contentUrl\":\"https:\\\/\\\/www.rassegnastampa-totustuus.it\\\/cattolica\\\/wp-content\\\/uploads\\\/2014\\\/07\\\/Adam_Eva.jpg\",\"width\":283,\"height\":178},{\"@type\":\"BreadcrumbList\",\"@id\":\"https:\\\/\\\/www.rassegnastampa-totustuus.it\\\/cattolica\\\/la-poesia-di-dio-per-uomini-e-donne-che-presto-saranno-aboliti-dalla-dittatura-del-relativismo\\\/#breadcrumb\",\"itemListElement\":[{\"@type\":\"ListItem\",\"position\":1,\"name\":\"Home\",\"item\":\"https:\\\/\\\/www.rassegnastampa-totustuus.it\\\/cattolica\\\/\"},{\"@type\":\"ListItem\",\"position\":2,\"name\":\"La poesia di Dio per uomini e donne (che presto saranno \u201caboliti\u201d dalla dittatura del relativismo ?)\"}]},{\"@type\":\"WebSite\",\"@id\":\"https:\\\/\\\/www.rassegnastampa-totustuus.it\\\/cattolica\\\/#website\",\"url\":\"https:\\\/\\\/www.rassegnastampa-totustuus.it\\\/cattolica\\\/\",\"name\":\"Rassegna Stampa Cattolica\",\"description\":\"Per una cultura che nasce dalla Rivelazione cristiana in conformit\u00e0 alla tradizione e al Magistero della Chiesa in opposizione ad ogni relativismo e totalitarismo\",\"publisher\":{\"@id\":\"https:\\\/\\\/www.rassegnastampa-totustuus.it\\\/cattolica\\\/#organization\"},\"alternateName\":\"Rass. Cattolica\",\"potentialAction\":[{\"@type\":\"SearchAction\",\"target\":{\"@type\":\"EntryPoint\",\"urlTemplate\":\"https:\\\/\\\/www.rassegnastampa-totustuus.it\\\/cattolica\\\/?s={search_term_string}\"},\"query-input\":{\"@type\":\"PropertyValueSpecification\",\"valueRequired\":true,\"valueName\":\"search_term_string\"}}],\"inLanguage\":\"it-IT\"},{\"@type\":\"Organization\",\"@id\":\"https:\\\/\\\/www.rassegnastampa-totustuus.it\\\/cattolica\\\/#organization\",\"name\":\"Rassegna Stampa Cattolica\",\"url\":\"https:\\\/\\\/www.rassegnastampa-totustuus.it\\\/cattolica\\\/\",\"logo\":{\"@type\":\"ImageObject\",\"inLanguage\":\"it-IT\",\"@id\":\"https:\\\/\\\/www.rassegnastampa-totustuus.it\\\/cattolica\\\/#\\\/schema\\\/logo\\\/image\\\/\",\"url\":\"https:\\\/\\\/www.rassegnastampa-totustuus.it\\\/cattolica\\\/wp-content\\\/uploads\\\/2014\\\/04\\\/logo-rassegna1.gif\",\"contentUrl\":\"https:\\\/\\\/www.rassegnastampa-totustuus.it\\\/cattolica\\\/wp-content\\\/uploads\\\/2014\\\/04\\\/logo-rassegna1.gif\",\"width\":600,\"height\":163,\"caption\":\"Rassegna Stampa Cattolica\"},\"image\":{\"@id\":\"https:\\\/\\\/www.rassegnastampa-totustuus.it\\\/cattolica\\\/#\\\/schema\\\/logo\\\/image\\\/\"},\"sameAs\":[\"https:\\\/\\\/www.facebook.com\\\/rassegnastampacattolica\",\"https:\\\/\\\/x.com\\\/rassegnastampa9\"]},{\"@type\":\"Person\",\"@id\":\"https:\\\/\\\/www.rassegnastampa-totustuus.it\\\/cattolica\\\/#\\\/schema\\\/person\\\/08f319d2bd1a0904ad9e2bfb7b15e5c3\",\"name\":\"Redazione\",\"image\":{\"@type\":\"ImageObject\",\"inLanguage\":\"it-IT\",\"@id\":\"https:\\\/\\\/secure.gravatar.com\\\/avatar\\\/2fcdf27c78ea025fbdb44e914cc63c72249ffec9dc8aafd5c82b26240ef3f346?s=96&d=mm&r=g\",\"url\":\"https:\\\/\\\/secure.gravatar.com\\\/avatar\\\/2fcdf27c78ea025fbdb44e914cc63c72249ffec9dc8aafd5c82b26240ef3f346?s=96&d=mm&r=g\",\"contentUrl\":\"https:\\\/\\\/secure.gravatar.com\\\/avatar\\\/2fcdf27c78ea025fbdb44e914cc63c72249ffec9dc8aafd5c82b26240ef3f346?s=96&d=mm&r=g\",\"caption\":\"Redazione\"},\"url\":\"https:\\\/\\\/www.rassegnastampa-totustuus.it\\\/cattolica\\\/author\\\/pietroelle\\\/\"}]}<\/script>\n<!-- \/ Yoast SEO plugin. -->","yoast_head_json":{"title":"La poesia di Dio per uomini e donne (che presto saranno \u201caboliti\u201d dalla dittatura del relativismo ?) - Rassegna Stampa Cattolica","description":"Rassegna Stampa Cattolica - Per una cultura che nasce dalla Rivelazione cristiana in conformit\u00e0 alla tradizione e al Magistero della Chiesa in opposizione ad ogni relativismo e totalitarismo","robots":{"index":"index","follow":"follow","max-snippet":"max-snippet:-1","max-image-preview":"max-image-preview:large","max-video-preview":"max-video-preview:-1"},"canonical":"https:\/\/www.rassegnastampa-totustuus.it\/cattolica\/la-poesia-di-dio-per-uomini-e-donne-che-presto-saranno-aboliti-dalla-dittatura-del-relativismo\/","og_locale":"it_IT","og_type":"article","og_title":"La poesia di Dio per uomini e donne (che presto saranno \u201caboliti\u201d dalla dittatura del relativismo ?) - Rassegna Stampa Cattolica","og_description":"Rassegna Stampa Cattolica - Per una cultura che nasce dalla Rivelazione cristiana in conformit\u00e0 alla tradizione e al Magistero della Chiesa in opposizione ad ogni relativismo e totalitarismo","og_url":"https:\/\/www.rassegnastampa-totustuus.it\/cattolica\/la-poesia-di-dio-per-uomini-e-donne-che-presto-saranno-aboliti-dalla-dittatura-del-relativismo\/","og_site_name":"Rassegna Stampa Cattolica","article_publisher":"https:\/\/www.facebook.com\/rassegnastampacattolica","article_published_time":"2014-07-10T09:19:29+00:00","article_modified_time":"2015-06-16T08:09:08+00:00","og_image":[{"width":283,"height":178,"url":"https:\/\/www.rassegnastampa-totustuus.it\/cattolica\/wp-content\/uploads\/2014\/07\/Adam_Eva.jpg","type":"image\/jpeg"}],"author":"Redazione","twitter_card":"summary_large_image","twitter_creator":"@rassegnastampa9","twitter_site":"@rassegnastampa9","twitter_misc":{"Scritto da":"Redazione","Tempo di lettura stimato":"6 minuti"},"schema":{"@context":"https:\/\/schema.org","@graph":[{"@type":"Article","@id":"https:\/\/www.rassegnastampa-totustuus.it\/cattolica\/la-poesia-di-dio-per-uomini-e-donne-che-presto-saranno-aboliti-dalla-dittatura-del-relativismo\/#article","isPartOf":{"@id":"https:\/\/www.rassegnastampa-totustuus.it\/cattolica\/la-poesia-di-dio-per-uomini-e-donne-che-presto-saranno-aboliti-dalla-dittatura-del-relativismo\/"},"author":{"name":"Redazione","@id":"https:\/\/www.rassegnastampa-totustuus.it\/cattolica\/#\/schema\/person\/08f319d2bd1a0904ad9e2bfb7b15e5c3"},"headline":"La poesia di Dio per uomini e donne (che presto saranno \u201caboliti\u201d dalla dittatura del relativismo ?)","datePublished":"2014-07-10T09:19:29+00:00","dateModified":"2015-06-16T08:09:08+00:00","mainEntityOfPage":{"@id":"https:\/\/www.rassegnastampa-totustuus.it\/cattolica\/la-poesia-di-dio-per-uomini-e-donne-che-presto-saranno-aboliti-dalla-dittatura-del-relativismo\/"},"wordCount":1309,"publisher":{"@id":"https:\/\/www.rassegnastampa-totustuus.it\/cattolica\/#organization"},"image":{"@id":"https:\/\/www.rassegnastampa-totustuus.it\/cattolica\/la-poesia-di-dio-per-uomini-e-donne-che-presto-saranno-aboliti-dalla-dittatura-del-relativismo\/#primaryimage"},"thumbnailUrl":"https:\/\/www.rassegnastampa-totustuus.it\/cattolica\/wp-content\/uploads\/2014\/07\/Adam_Eva.jpg","keywords":["ideologia del gender"],"articleSection":["Ideologia del gender"],"inLanguage":"it-IT"},{"@type":"WebPage","@id":"https:\/\/www.rassegnastampa-totustuus.it\/cattolica\/la-poesia-di-dio-per-uomini-e-donne-che-presto-saranno-aboliti-dalla-dittatura-del-relativismo\/","url":"https:\/\/www.rassegnastampa-totustuus.it\/cattolica\/la-poesia-di-dio-per-uomini-e-donne-che-presto-saranno-aboliti-dalla-dittatura-del-relativismo\/","name":"La poesia di Dio per uomini e donne (che presto saranno \u201caboliti\u201d dalla dittatura del relativismo ?) - Rassegna Stampa Cattolica","isPartOf":{"@id":"https:\/\/www.rassegnastampa-totustuus.it\/cattolica\/#website"},"primaryImageOfPage":{"@id":"https:\/\/www.rassegnastampa-totustuus.it\/cattolica\/la-poesia-di-dio-per-uomini-e-donne-che-presto-saranno-aboliti-dalla-dittatura-del-relativismo\/#primaryimage"},"image":{"@id":"https:\/\/www.rassegnastampa-totustuus.it\/cattolica\/la-poesia-di-dio-per-uomini-e-donne-che-presto-saranno-aboliti-dalla-dittatura-del-relativismo\/#primaryimage"},"thumbnailUrl":"https:\/\/www.rassegnastampa-totustuus.it\/cattolica\/wp-content\/uploads\/2014\/07\/Adam_Eva.jpg","datePublished":"2014-07-10T09:19:29+00:00","dateModified":"2015-06-16T08:09:08+00:00","description":"Rassegna Stampa Cattolica - Per una cultura che nasce dalla Rivelazione cristiana in conformit\u00e0 alla tradizione e al Magistero della Chiesa in opposizione ad ogni relativismo e totalitarismo","breadcrumb":{"@id":"https:\/\/www.rassegnastampa-totustuus.it\/cattolica\/la-poesia-di-dio-per-uomini-e-donne-che-presto-saranno-aboliti-dalla-dittatura-del-relativismo\/#breadcrumb"},"inLanguage":"it-IT","potentialAction":[{"@type":"ReadAction","target":["https:\/\/www.rassegnastampa-totustuus.it\/cattolica\/la-poesia-di-dio-per-uomini-e-donne-che-presto-saranno-aboliti-dalla-dittatura-del-relativismo\/"]}]},{"@type":"ImageObject","inLanguage":"it-IT","@id":"https:\/\/www.rassegnastampa-totustuus.it\/cattolica\/la-poesia-di-dio-per-uomini-e-donne-che-presto-saranno-aboliti-dalla-dittatura-del-relativismo\/#primaryimage","url":"https:\/\/www.rassegnastampa-totustuus.it\/cattolica\/wp-content\/uploads\/2014\/07\/Adam_Eva.jpg","contentUrl":"https:\/\/www.rassegnastampa-totustuus.it\/cattolica\/wp-content\/uploads\/2014\/07\/Adam_Eva.jpg","width":283,"height":178},{"@type":"BreadcrumbList","@id":"https:\/\/www.rassegnastampa-totustuus.it\/cattolica\/la-poesia-di-dio-per-uomini-e-donne-che-presto-saranno-aboliti-dalla-dittatura-del-relativismo\/#breadcrumb","itemListElement":[{"@type":"ListItem","position":1,"name":"Home","item":"https:\/\/www.rassegnastampa-totustuus.it\/cattolica\/"},{"@type":"ListItem","position":2,"name":"La poesia di Dio per uomini e donne (che presto saranno \u201caboliti\u201d dalla dittatura del relativismo ?)"}]},{"@type":"WebSite","@id":"https:\/\/www.rassegnastampa-totustuus.it\/cattolica\/#website","url":"https:\/\/www.rassegnastampa-totustuus.it\/cattolica\/","name":"Rassegna Stampa Cattolica","description":"Per una cultura che nasce dalla Rivelazione cristiana in conformit\u00e0 alla tradizione e al Magistero della Chiesa in opposizione ad ogni relativismo e totalitarismo","publisher":{"@id":"https:\/\/www.rassegnastampa-totustuus.it\/cattolica\/#organization"},"alternateName":"Rass. Cattolica","potentialAction":[{"@type":"SearchAction","target":{"@type":"EntryPoint","urlTemplate":"https:\/\/www.rassegnastampa-totustuus.it\/cattolica\/?s={search_term_string}"},"query-input":{"@type":"PropertyValueSpecification","valueRequired":true,"valueName":"search_term_string"}}],"inLanguage":"it-IT"},{"@type":"Organization","@id":"https:\/\/www.rassegnastampa-totustuus.it\/cattolica\/#organization","name":"Rassegna Stampa Cattolica","url":"https:\/\/www.rassegnastampa-totustuus.it\/cattolica\/","logo":{"@type":"ImageObject","inLanguage":"it-IT","@id":"https:\/\/www.rassegnastampa-totustuus.it\/cattolica\/#\/schema\/logo\/image\/","url":"https:\/\/www.rassegnastampa-totustuus.it\/cattolica\/wp-content\/uploads\/2014\/04\/logo-rassegna1.gif","contentUrl":"https:\/\/www.rassegnastampa-totustuus.it\/cattolica\/wp-content\/uploads\/2014\/04\/logo-rassegna1.gif","width":600,"height":163,"caption":"Rassegna Stampa Cattolica"},"image":{"@id":"https:\/\/www.rassegnastampa-totustuus.it\/cattolica\/#\/schema\/logo\/image\/"},"sameAs":["https:\/\/www.facebook.com\/rassegnastampacattolica","https:\/\/x.com\/rassegnastampa9"]},{"@type":"Person","@id":"https:\/\/www.rassegnastampa-totustuus.it\/cattolica\/#\/schema\/person\/08f319d2bd1a0904ad9e2bfb7b15e5c3","name":"Redazione","image":{"@type":"ImageObject","inLanguage":"it-IT","@id":"https:\/\/secure.gravatar.com\/avatar\/2fcdf27c78ea025fbdb44e914cc63c72249ffec9dc8aafd5c82b26240ef3f346?s=96&d=mm&r=g","url":"https:\/\/secure.gravatar.com\/avatar\/2fcdf27c78ea025fbdb44e914cc63c72249ffec9dc8aafd5c82b26240ef3f346?s=96&d=mm&r=g","contentUrl":"https:\/\/secure.gravatar.com\/avatar\/2fcdf27c78ea025fbdb44e914cc63c72249ffec9dc8aafd5c82b26240ef3f346?s=96&d=mm&r=g","caption":"Redazione"},"url":"https:\/\/www.rassegnastampa-totustuus.it\/cattolica\/author\/pietroelle\/"}]}},"_links":{"self":[{"href":"https:\/\/www.rassegnastampa-totustuus.it\/cattolica\/wp-json\/wp\/v2\/posts\/7955","targetHints":{"allow":["GET"]}}],"collection":[{"href":"https:\/\/www.rassegnastampa-totustuus.it\/cattolica\/wp-json\/wp\/v2\/posts"}],"about":[{"href":"https:\/\/www.rassegnastampa-totustuus.it\/cattolica\/wp-json\/wp\/v2\/types\/post"}],"author":[{"embeddable":true,"href":"https:\/\/www.rassegnastampa-totustuus.it\/cattolica\/wp-json\/wp\/v2\/users\/6"}],"replies":[{"embeddable":true,"href":"https:\/\/www.rassegnastampa-totustuus.it\/cattolica\/wp-json\/wp\/v2\/comments?post=7955"}],"version-history":[{"count":2,"href":"https:\/\/www.rassegnastampa-totustuus.it\/cattolica\/wp-json\/wp\/v2\/posts\/7955\/revisions"}],"predecessor-version":[{"id":26317,"href":"https:\/\/www.rassegnastampa-totustuus.it\/cattolica\/wp-json\/wp\/v2\/posts\/7955\/revisions\/26317"}],"wp:featuredmedia":[{"embeddable":true,"href":"https:\/\/www.rassegnastampa-totustuus.it\/cattolica\/wp-json\/wp\/v2\/media\/7956"}],"wp:attachment":[{"href":"https:\/\/www.rassegnastampa-totustuus.it\/cattolica\/wp-json\/wp\/v2\/media?parent=7955"}],"wp:term":[{"taxonomy":"category","embeddable":true,"href":"https:\/\/www.rassegnastampa-totustuus.it\/cattolica\/wp-json\/wp\/v2\/categories?post=7955"},{"taxonomy":"post_tag","embeddable":true,"href":"https:\/\/www.rassegnastampa-totustuus.it\/cattolica\/wp-json\/wp\/v2\/tags?post=7955"}],"curies":[{"name":"wp","href":"https:\/\/api.w.org\/{rel}","templated":true}]}}