{"id":784,"date":"2005-06-30T00:00:00","date_gmt":"2005-06-29T22:00:00","guid":{"rendered":""},"modified":"2014-10-18T15:59:40","modified_gmt":"2014-10-18T13:59:40","slug":"cattolici-e-massoneria-dialogo-e-doppia-appartenenza","status":"publish","type":"post","link":"https:\/\/www.rassegnastampa-totustuus.it\/cattolica\/cattolici-e-massoneria-dialogo-e-doppia-appartenenza\/","title":{"rendered":"Cattolici e massoneria: dialogo e &#8216;doppia appartenenza&#8217;"},"content":{"rendered":"<div style=\"text-align: center;\">Saggio tratto da: CESNUR. CENTRO STUDI SULLE NUOVE RELIGIONI,<\/div>\n<div style=\"text-align: center;\"><em><strong>Massoneria e religioni<\/strong><\/em><\/div>\n<div style=\"text-align: center;\"><em>a cura di Massimo Introvigne, Elle Di Ci, Leumann (Torino) 1994,<\/em><\/div>\n<div style=\"text-align: center;\"><em> (pubblicato per gentile concessione dell&#8217;Editore).<\/em><\/div>\n<p style=\"text-align: center;\">di<strong> <\/strong>Mons. <strong>Giuseppe Casale<\/strong><\/p>\n<p><!--more--><\/p>\n<div style=\"text-align: justify;\">Il lettore che avr\u00e0 seguito fino a questo punto il volume si accorger\u00e0, al termine di una serie di analisi approfondite e complesse, di essere, in un certo senso, appena all\u2019inizio di una riflessione su un tema delicato, che ha certamente bisogno di ulteriori approfondimenti. Senza la presunzione di poter dire una parola finale e definitiva su questioni tanto diverse e complicate, penso per\u00f2 che non sia impossibile trarre dai nostri lavori qualche conclusione. I saggi raccolti in questo volume si propongono di esplorare le relazioni fra tre realt\u00e0: la massoneria, la Chiesa, le nuove religioni, nei loro reciproci rapporti. Vorrei dunque proporre, a titolo di conclusione, qualche osservazione su ciascuno dei diversi rapporti che tra queste rispettive realt\u00e0 si vengono a stabilire nella storia.<\/div>\n<p style=\"text-align: justify;\"><strong>1. Massoneria e nuove religioni<\/strong><\/p>\n<p style=\"text-align: justify;\">La massoneria &#8211; o le massonerie &#8211; e le nuove religioni sono realt\u00e0 qualitativamente diverse. Le massonerie non sono nuovi movimenti religiosi o nuove religioni secondo le diverse accezioni che gli specialisti danno a questi termini, anche se forse si deve fare un discorso a parte per le &#8220;massonerie di frangia&#8221; di ispirazione occultista &#8211; che non vanno peraltro confuse con le obbedienze maggioritarie &#8211; che potrebbero essere rubricate tra i &#8220;nuovi movimenti magici&#8221;. Questo non significa che le massonerie maggioritarie non abbiano alcuna relazione con la religione, e in particolare con la nuova religiosit\u00e0. L\u2019esperienza che propongono si rivolge comunque alla dimensione spirituale e morale dell\u2019uomo.<\/p>\n<p style=\"text-align: justify;\">La cultura e lo stile di pensiero massonico, particolarmente negli Stati Uniti del secolo scorso, sono entrati a far parte della religiosit\u00e0 diffusa, quell\u2019insieme di temi, idee, valori, simboli a cui hanno attinto anche i fondatori di nuove religioni per costruire le loro sintesi originali. In questo senso &#8211; lo provano i casi dei mormoni e dei testimoni di Geova &#8211; esiste, e non avrebbe potuto essere diversamente, un rapporto fra massoneria e nuove religioni americane nate nell\u2019Ottocento, anche se questo rapporto non deve essere esagerato e ha presentato, accanto a momenti di incontro, anche momenti di conflitto.<\/p>\n<p style=\"text-align: justify;\"><strong>2. Chiesa e nuove religioni<\/strong><\/p>\n<p style=\"text-align: justify;\">Il rapporto fra Chiesa cattolica e nuove religioni non costituisce il tema specifico di questo volume. Il CESNUR lo ha affrontato a pi\u00f9 riprese, e io ho cercato di darne una sintesi nella mia lettera pastorale del 6 marzo 1993 <em>Nuova religiosit\u00e0 e nuova evangelizzazione<\/em>. L\u2019itinerario che il magistero cattolico propone a proposito dei rapporti con le nuove religioni \u00e8 valido tuttavia, in una certa misura, anche per i rapporti con le massonerie. Possiamo riassumerlo (secondo lo schema seguito anche dalla nota pastorale <em>L\u2019impegno pastorale della Chiesa di fronte ai nuovi movimenti religiosi e alle sette<\/em> del Segretariato per l\u2019ecumenismo e il dialogo della Conferenza Episcopale Italiana, del 30 maggio 1993) in quattro tappe:<\/p>\n<p style=\"text-align: justify;\">a) la <em>conoscenza<\/em>: non \u00e8 possibile giudicare quello che non si conosce; si tratta di temi delicati, in continuo mutamento ed evoluzione, su cui le informazioni non sono sempre precise e per cui \u00e8 necessario uno sforzo di studio e di ricerca condotto con professionalit\u00e0;<\/p>\n<p style=\"text-align: justify;\">b) il <em>discernimento<\/em>: come insegna l\u2019enciclica <em>Veritatis splendor<\/em> non possiamo accettare di chiamare bene il male &#8211; possiamo e dobbiamo discernere gli aspetti positivi e quelli negativi sulla base di criteri oggettivi, con amore per la verit\u00e0 e rifiutando ogni relativismo;<\/p>\n<p style=\"text-align: justify;\">c) la <em>denuncia<\/em> di quanto nella nostra opera di discernimento \u00e8 emerso come male, denuncia che per i pastori della Chiesa cattolica \u00e8 un compito profetico da assumere con coraggio;<\/p>\n<p style=\"text-align: justify;\">d) il <em>dialogo<\/em>, opzione preferenziale della Chiesa tutte le volte in cui \u00e8 possibile, fondato sulla consapevolezza che anche movimenti inficiati da gravi errori partono talora da esigenze genuine di spiritualit\u00e0, e che comunque ogni essere umano &#8211; per quanto radicate siano le sue deviazioni e i suoi pregiudizi &#8211; \u00e8 una creatura amata da Dio e redenta da Ges\u00f9 Cristo, con cui il dialogo \u00e8 almeno potenzialmente possibile.<\/p>\n<p style=\"text-align: justify;\">Nella mia lettera pastorale ho avuto occasione di fare cenno agli ostacoli e agli inciampi lungo la via del dialogo, menzionando come ostacolo principale la pretesa di alcuni nuovi movimenti religiosi della <em>doppia appartenenza <\/em>dei loro adepti anche alla Chiesa cattolica, nonostante evidenti incompatibilit\u00e0 di metodi e di dottrine. La pretesa della doppia appartenenza rischia di rendere ambiguo il dialogo e qualche volta purtroppo lo rende impossibile. Proprio la necessit\u00e0 di definire in modo chiaro la differenza fra il dialogo e la doppia appartenenza mi aveva spinto nella lettera pastorale a dedicare un accenno anche alla massoneria.<\/p>\n<p style=\"text-align: justify;\"><strong>3. Chiesa e massoneria<\/strong><\/p>\n<p style=\"text-align: justify;\">Potremmo dedicare altri volumi ad approfondire varie questioni controverse sulle origini e la natura della massoneria, ma forse possiamo fissare almeno alcuni punti fermi a proposito dei suoi rapporti con la Chiesa.<\/p>\n<p style=\"text-align: justify;\">Come abbiamo visto la massoneria &#8211; come emerge dallo studio delle sue origini &#8211; \u00e8 anzitutto un <em>metodo<\/em> per impostare i problemi morali e filosofici, che le logge affrontano &#8211; ispirate dai loro riti e simboli, custodi del metodo stesso &#8211; sulla base di una libera discussione che ricerca un minimo comune denominatore fra le opinioni e, con alcune eccezioni, prescinde da premesse che tutti devono condividere e rifiuta di proporre le sue conclusioni in forma di tesi definitive. Sulla base di questo metodo &#8211; che tutte le forme di massoneria, pure tanto diverse fra loro, sostanzialmente condividono &#8211; le discussioni massoniche producono <em>risultati<\/em>, teoretici o operativi, che variano da un\u2019obbedienza all\u2019altra, da una nazione all\u2019altra, da un periodo storico all\u2019altro.<\/p>\n<p style=\"text-align: justify;\">Si deve purtroppo constatare che molti<em> <\/em>di questi <em>risultati<\/em> meritano una valutazione negativa da parte della Chiesa cattolica: segreto utilizzato per coprire trame non sempre limpide (qualche volta addirittura criminose), influenze indebite sulla vita sociale e politica, anticlericalismo, lotta contro la Chiesa, posizioni lontane dalla dottrina morale cattolica su questioni gravi come il divorzio o l\u2019aborto.<\/p>\n<p style=\"text-align: justify;\">Si deve nello stesso tempo prendere atto che questi <em>risultati<\/em> negativi non si ritrovano in tutte le epoche storiche n\u00e9 in tutte le obbedienze o le logge: la massoneria anglosassone per esempio dichiara, nelle sue espressioni maggioritarie, di condannare l\u2019anticlericalismo, il tentativo di influire sulla politica, e anche certe posizioni in materia morale tradizionalmente associate ad alcune massonerie latine.<\/p>\n<p style=\"text-align: justify;\">Non \u00e8 questa la sede per chiedersi se anche la massoneria anglosassone non abbia i suoi modi, forse pi\u00f9 sottili, per influire sulle grandi scelte sociali e politiche. Anche all&#8217;interno delle massonerie latine esistono notevoli differenze. Limitiamoci a prendere atto del fatto che dal punto di vista dei <em>risultati<\/em> esistono massonerie distinte, diverse e talora <em>molto<\/em> diverse fra loro.<\/p>\n<p style=\"text-align: justify;\">I cattivi <em>risultati<\/em> del metodo massonico hanno in molti paesi e per molti anni reso impossibile o molto difficile il dialogo. Se si ammette che questi <em>risultati<\/em>, seppure in alcuni paesi frequenti, non sono necessari, uno spiraglio per il dialogo si apre. Naturalmente l\u2019indagine se i <em>risultati<\/em> del metodo siano mutati e non siano pi\u00f9 quelli &#8211; negativi &#8211; di un tempo deve essere condotta caso per caso con riferimento a ciascuna delle diverse massonerie, a ciascuna epoca storica, a ciascun paese. Anche qualora, in un caso concreto, si concluda che i <em>risultati<\/em> non sono pi\u00f9 quelli negativi di un tempo occorre per\u00f2 &#8211; prima di dire &#8220;s\u00ec&#8221; senza riserve al dialogo con la massoneria &#8211; chiedersi anche se il dialogo non rischia di favorire gli equivoci sulla <em>doppia appartenenza.<\/em><\/p>\n<p style=\"text-align: justify;\">\u00c8 infatti assolutamente cruciale e necessario distinguere fra <em>dialogo<\/em> e <em>doppia appartenenza<\/em>. Il cattolico dialoga con convinzione con il protestante, ma a nessuno verrebbe in mente di dirsi insieme <em>e<\/em> cattolico <em>e<\/em> protestante, di chiedere la &#8220;doppia appartenenza&#8221; per esempio alla Chiesa cattolica e alla comunit\u00e0 battista. La massoneria tiene a sottolineare di non essere una religione, ma la Chiesa cattolica esclude ugualmente la doppia appartenenza.<\/p>\n<p style=\"text-align: justify;\">Infatti, quali che siano i <em>risultati<\/em>, il <em>metodo<\/em> massonico \u00e8 di per se stesso incompatibile con la professione di fede cattolica, perch\u00e9 chi utilizza sistematicamente questo metodo si convince che in materia di spiritualit\u00e0 e di morale (come in ogni altra materia) la verit\u00e0 \u00e8 un minimo comune denominatore delle opinioni e non \u00e8 la persona di Ges\u00f9 Cristo che si fa incontro a ogni uomo e a ogni donna nella Chiesa. Anche se i massoni spesso non amano questa parola, il metodo massonico comporta sempre il rischio del <em>relativismo<\/em>. E il metodo massonico \u00e8 l\u2019essenza delle massonerie.<\/p>\n<p style=\"text-align: justify;\">L\u2019insegnamento pi\u00f9 chiaro del documento del 1983 \u00e8 appunto questo. Non spetta alle massonerie dichiarare se la doppia appartenenza \u00e8 possibile o no. Non spetta neppure ai singoli vescovi, o alle conferenze episcopali, tanto meno a singoli sacerdoti o teologi (non ne mancano che esprimono opinioni bizzarre, ma queste opinioni non sono quelle della Chiesa).<\/p>\n<p style=\"text-align: justify;\">Il giudizio spetta soltanto a Roma, e Roma lo ha formulato in modo chiaro. Si tratta di un giudizio che non chiude affatto la porta al dialogo, anzi suggerisce le due realistiche condizioni alle quali il dialogo \u00e8, rispettivamente, possibile e opportuno. Anzitutto il dialogo \u00e8 <em>possibile<\/em> solo con quelle obbedienze massoniche nelle quali l\u2019applicazione del metodo massonico non conduce a <em>risultati<\/em> che la Chiesa deve considerare aggressivi nei suoi confronti e nocivi alla societ\u00e0 nel suo insieme. In secondo luogo &#8211; atteso che un cattolico non pu\u00f2 praticare il <em>metodo<\/em> massonico, anche a prescindere dai risultati, senza pericoli inaccettabili per la sua fede &#8211; il dialogo \u00e8 <em>opportuno<\/em> solo con quelle obbedienze massoniche che siano pronte a prendere atto lealmente della esclusione della doppia appartenenza pronunciata dalla Chiesa.<\/p>\n","protected":false},"excerpt":{"rendered":"<p>Saggio tratto da: CESNUR. CENTRO STUDI SULLE NUOVE RELIGIONI, Massoneria e religioni a cura di Massimo Introvigne, Elle Di Ci, Leumann (Torino) 1994, (pubblicato per gentile concessione dell&#8217;Editore). di Mons. Giuseppe Casale<\/p><p><a class=\"more-link btn\" href=\"https:\/\/www.rassegnastampa-totustuus.it\/cattolica\/cattolici-e-massoneria-dialogo-e-doppia-appartenenza\/\">Continua a leggere<\/a><\/p>\n","protected":false},"author":6,"featured_media":32994,"comment_status":"closed","ping_status":"open","sticky":false,"template":"","format":"standard","meta":{"footnotes":""},"categories":[5,69],"tags":[157,2396],"class_list":["post-784","post","type-post","status-publish","format-standard","has-post-thumbnail","hentry","category-chiesa","category-massoneria","tag-chiesa-2","tag-massoneria","item-wrap"],"yoast_head":"<!-- This site is optimized with the Yoast SEO plugin v27.5 - https:\/\/yoast.com\/product\/yoast-seo-wordpress\/ -->\n<title>Cattolici e massoneria: dialogo e &#039;doppia appartenenza&#039; - Rassegna Stampa Cattolica<\/title>\n<meta name=\"description\" content=\"Rassegna Stampa Cattolica - Per una cultura che nasce dalla Rivelazione cristiana in conformit\u00e0 alla tradizione e al Magistero della Chiesa in opposizione ad ogni relativismo e totalitarismo\" \/>\n<meta name=\"robots\" content=\"index, follow, max-snippet:-1, max-image-preview:large, max-video-preview:-1\" \/>\n<link rel=\"canonical\" href=\"https:\/\/www.rassegnastampa-totustuus.it\/cattolica\/cattolici-e-massoneria-dialogo-e-doppia-appartenenza\/\" \/>\n<meta property=\"og:locale\" content=\"it_IT\" \/>\n<meta property=\"og:type\" content=\"article\" \/>\n<meta property=\"og:title\" content=\"Cattolici e massoneria: dialogo e &#039;doppia appartenenza&#039; - Rassegna Stampa Cattolica\" \/>\n<meta property=\"og:description\" content=\"Rassegna Stampa Cattolica - Per una cultura che nasce dalla Rivelazione cristiana in conformit\u00e0 alla tradizione e al Magistero della Chiesa in opposizione ad ogni relativismo e totalitarismo\" \/>\n<meta property=\"og:url\" content=\"https:\/\/www.rassegnastampa-totustuus.it\/cattolica\/cattolici-e-massoneria-dialogo-e-doppia-appartenenza\/\" \/>\n<meta property=\"og:site_name\" content=\"Rassegna Stampa Cattolica\" \/>\n<meta property=\"article:publisher\" content=\"https:\/\/www.facebook.com\/rassegnastampacattolica\" \/>\n<meta property=\"article:published_time\" content=\"2005-06-29T22:00:00+00:00\" \/>\n<meta property=\"article:modified_time\" content=\"2014-10-18T13:59:40+00:00\" \/>\n<meta property=\"og:image\" content=\"https:\/\/www.rassegnastampa-totustuus.it\/cattolica\/wp-content\/uploads\/2005\/06\/cattolic_massoni.jpg\" \/>\n\t<meta property=\"og:image:width\" content=\"274\" \/>\n\t<meta property=\"og:image:height\" content=\"184\" \/>\n\t<meta property=\"og:image:type\" content=\"image\/jpeg\" \/>\n<meta name=\"author\" content=\"Redazione\" \/>\n<meta name=\"twitter:card\" content=\"summary_large_image\" \/>\n<meta name=\"twitter:creator\" content=\"@rassegnastampa9\" \/>\n<meta name=\"twitter:site\" content=\"@rassegnastampa9\" \/>\n<meta name=\"twitter:label1\" content=\"Scritto da\" \/>\n\t<meta name=\"twitter:data1\" content=\"Redazione\" \/>\n\t<meta name=\"twitter:label2\" content=\"Tempo di lettura stimato\" \/>\n\t<meta name=\"twitter:data2\" content=\"8 minuti\" \/>\n<script type=\"application\/ld+json\" class=\"yoast-schema-graph\">{\"@context\":\"https:\\\/\\\/schema.org\",\"@graph\":[{\"@type\":\"Article\",\"@id\":\"https:\\\/\\\/www.rassegnastampa-totustuus.it\\\/cattolica\\\/cattolici-e-massoneria-dialogo-e-doppia-appartenenza\\\/#article\",\"isPartOf\":{\"@id\":\"https:\\\/\\\/www.rassegnastampa-totustuus.it\\\/cattolica\\\/cattolici-e-massoneria-dialogo-e-doppia-appartenenza\\\/\"},\"author\":{\"name\":\"Redazione\",\"@id\":\"https:\\\/\\\/www.rassegnastampa-totustuus.it\\\/cattolica\\\/#\\\/schema\\\/person\\\/08f319d2bd1a0904ad9e2bfb7b15e5c3\"},\"headline\":\"Cattolici e massoneria: dialogo e &#8216;doppia appartenenza&#8217;\",\"datePublished\":\"2005-06-29T22:00:00+00:00\",\"dateModified\":\"2014-10-18T13:59:40+00:00\",\"mainEntityOfPage\":{\"@id\":\"https:\\\/\\\/www.rassegnastampa-totustuus.it\\\/cattolica\\\/cattolici-e-massoneria-dialogo-e-doppia-appartenenza\\\/\"},\"wordCount\":1576,\"publisher\":{\"@id\":\"https:\\\/\\\/www.rassegnastampa-totustuus.it\\\/cattolica\\\/#organization\"},\"image\":{\"@id\":\"https:\\\/\\\/www.rassegnastampa-totustuus.it\\\/cattolica\\\/cattolici-e-massoneria-dialogo-e-doppia-appartenenza\\\/#primaryimage\"},\"thumbnailUrl\":\"https:\\\/\\\/www.rassegnastampa-totustuus.it\\\/cattolica\\\/wp-content\\\/uploads\\\/2005\\\/06\\\/cattolic_massoni.jpg\",\"keywords\":[\"chiesa\",\"Massoneria\"],\"articleSection\":[\"Chiesa\",\"Massoneria\"],\"inLanguage\":\"it-IT\"},{\"@type\":\"WebPage\",\"@id\":\"https:\\\/\\\/www.rassegnastampa-totustuus.it\\\/cattolica\\\/cattolici-e-massoneria-dialogo-e-doppia-appartenenza\\\/\",\"url\":\"https:\\\/\\\/www.rassegnastampa-totustuus.it\\\/cattolica\\\/cattolici-e-massoneria-dialogo-e-doppia-appartenenza\\\/\",\"name\":\"Cattolici e massoneria: dialogo e 'doppia appartenenza' - Rassegna Stampa Cattolica\",\"isPartOf\":{\"@id\":\"https:\\\/\\\/www.rassegnastampa-totustuus.it\\\/cattolica\\\/#website\"},\"primaryImageOfPage\":{\"@id\":\"https:\\\/\\\/www.rassegnastampa-totustuus.it\\\/cattolica\\\/cattolici-e-massoneria-dialogo-e-doppia-appartenenza\\\/#primaryimage\"},\"image\":{\"@id\":\"https:\\\/\\\/www.rassegnastampa-totustuus.it\\\/cattolica\\\/cattolici-e-massoneria-dialogo-e-doppia-appartenenza\\\/#primaryimage\"},\"thumbnailUrl\":\"https:\\\/\\\/www.rassegnastampa-totustuus.it\\\/cattolica\\\/wp-content\\\/uploads\\\/2005\\\/06\\\/cattolic_massoni.jpg\",\"datePublished\":\"2005-06-29T22:00:00+00:00\",\"dateModified\":\"2014-10-18T13:59:40+00:00\",\"description\":\"Rassegna Stampa Cattolica - Per una cultura che nasce dalla Rivelazione cristiana in conformit\u00e0 alla tradizione e al Magistero della Chiesa in opposizione ad ogni relativismo e totalitarismo\",\"breadcrumb\":{\"@id\":\"https:\\\/\\\/www.rassegnastampa-totustuus.it\\\/cattolica\\\/cattolici-e-massoneria-dialogo-e-doppia-appartenenza\\\/#breadcrumb\"},\"inLanguage\":\"it-IT\",\"potentialAction\":[{\"@type\":\"ReadAction\",\"target\":[\"https:\\\/\\\/www.rassegnastampa-totustuus.it\\\/cattolica\\\/cattolici-e-massoneria-dialogo-e-doppia-appartenenza\\\/\"]}]},{\"@type\":\"ImageObject\",\"inLanguage\":\"it-IT\",\"@id\":\"https:\\\/\\\/www.rassegnastampa-totustuus.it\\\/cattolica\\\/cattolici-e-massoneria-dialogo-e-doppia-appartenenza\\\/#primaryimage\",\"url\":\"https:\\\/\\\/www.rassegnastampa-totustuus.it\\\/cattolica\\\/wp-content\\\/uploads\\\/2005\\\/06\\\/cattolic_massoni.jpg\",\"contentUrl\":\"https:\\\/\\\/www.rassegnastampa-totustuus.it\\\/cattolica\\\/wp-content\\\/uploads\\\/2005\\\/06\\\/cattolic_massoni.jpg\",\"width\":274,\"height\":184},{\"@type\":\"BreadcrumbList\",\"@id\":\"https:\\\/\\\/www.rassegnastampa-totustuus.it\\\/cattolica\\\/cattolici-e-massoneria-dialogo-e-doppia-appartenenza\\\/#breadcrumb\",\"itemListElement\":[{\"@type\":\"ListItem\",\"position\":1,\"name\":\"Home\",\"item\":\"https:\\\/\\\/www.rassegnastampa-totustuus.it\\\/cattolica\\\/\"},{\"@type\":\"ListItem\",\"position\":2,\"name\":\"Cattolici e massoneria: dialogo e &#8216;doppia appartenenza&#8217;\"}]},{\"@type\":\"WebSite\",\"@id\":\"https:\\\/\\\/www.rassegnastampa-totustuus.it\\\/cattolica\\\/#website\",\"url\":\"https:\\\/\\\/www.rassegnastampa-totustuus.it\\\/cattolica\\\/\",\"name\":\"Rassegna Stampa Cattolica\",\"description\":\"Per una cultura che nasce dalla Rivelazione cristiana in conformit\u00e0 alla tradizione e al Magistero della Chiesa in opposizione ad ogni relativismo e totalitarismo\",\"publisher\":{\"@id\":\"https:\\\/\\\/www.rassegnastampa-totustuus.it\\\/cattolica\\\/#organization\"},\"alternateName\":\"Rass. Cattolica\",\"potentialAction\":[{\"@type\":\"SearchAction\",\"target\":{\"@type\":\"EntryPoint\",\"urlTemplate\":\"https:\\\/\\\/www.rassegnastampa-totustuus.it\\\/cattolica\\\/?s={search_term_string}\"},\"query-input\":{\"@type\":\"PropertyValueSpecification\",\"valueRequired\":true,\"valueName\":\"search_term_string\"}}],\"inLanguage\":\"it-IT\"},{\"@type\":\"Organization\",\"@id\":\"https:\\\/\\\/www.rassegnastampa-totustuus.it\\\/cattolica\\\/#organization\",\"name\":\"Rassegna Stampa Cattolica\",\"url\":\"https:\\\/\\\/www.rassegnastampa-totustuus.it\\\/cattolica\\\/\",\"logo\":{\"@type\":\"ImageObject\",\"inLanguage\":\"it-IT\",\"@id\":\"https:\\\/\\\/www.rassegnastampa-totustuus.it\\\/cattolica\\\/#\\\/schema\\\/logo\\\/image\\\/\",\"url\":\"https:\\\/\\\/www.rassegnastampa-totustuus.it\\\/cattolica\\\/wp-content\\\/uploads\\\/2014\\\/04\\\/logo-rassegna1.gif\",\"contentUrl\":\"https:\\\/\\\/www.rassegnastampa-totustuus.it\\\/cattolica\\\/wp-content\\\/uploads\\\/2014\\\/04\\\/logo-rassegna1.gif\",\"width\":600,\"height\":163,\"caption\":\"Rassegna Stampa Cattolica\"},\"image\":{\"@id\":\"https:\\\/\\\/www.rassegnastampa-totustuus.it\\\/cattolica\\\/#\\\/schema\\\/logo\\\/image\\\/\"},\"sameAs\":[\"https:\\\/\\\/www.facebook.com\\\/rassegnastampacattolica\",\"https:\\\/\\\/x.com\\\/rassegnastampa9\"]},{\"@type\":\"Person\",\"@id\":\"https:\\\/\\\/www.rassegnastampa-totustuus.it\\\/cattolica\\\/#\\\/schema\\\/person\\\/08f319d2bd1a0904ad9e2bfb7b15e5c3\",\"name\":\"Redazione\",\"image\":{\"@type\":\"ImageObject\",\"inLanguage\":\"it-IT\",\"@id\":\"https:\\\/\\\/secure.gravatar.com\\\/avatar\\\/2fcdf27c78ea025fbdb44e914cc63c72249ffec9dc8aafd5c82b26240ef3f346?s=96&d=mm&r=g\",\"url\":\"https:\\\/\\\/secure.gravatar.com\\\/avatar\\\/2fcdf27c78ea025fbdb44e914cc63c72249ffec9dc8aafd5c82b26240ef3f346?s=96&d=mm&r=g\",\"contentUrl\":\"https:\\\/\\\/secure.gravatar.com\\\/avatar\\\/2fcdf27c78ea025fbdb44e914cc63c72249ffec9dc8aafd5c82b26240ef3f346?s=96&d=mm&r=g\",\"caption\":\"Redazione\"},\"url\":\"https:\\\/\\\/www.rassegnastampa-totustuus.it\\\/cattolica\\\/author\\\/pietroelle\\\/\"}]}<\/script>\n<!-- \/ Yoast SEO plugin. -->","yoast_head_json":{"title":"Cattolici e massoneria: dialogo e 'doppia appartenenza' - Rassegna Stampa Cattolica","description":"Rassegna Stampa Cattolica - Per una cultura che nasce dalla Rivelazione cristiana in conformit\u00e0 alla tradizione e al Magistero della Chiesa in opposizione ad ogni relativismo e totalitarismo","robots":{"index":"index","follow":"follow","max-snippet":"max-snippet:-1","max-image-preview":"max-image-preview:large","max-video-preview":"max-video-preview:-1"},"canonical":"https:\/\/www.rassegnastampa-totustuus.it\/cattolica\/cattolici-e-massoneria-dialogo-e-doppia-appartenenza\/","og_locale":"it_IT","og_type":"article","og_title":"Cattolici e massoneria: dialogo e 'doppia appartenenza' - Rassegna Stampa Cattolica","og_description":"Rassegna Stampa Cattolica - Per una cultura che nasce dalla Rivelazione cristiana in conformit\u00e0 alla tradizione e al Magistero della Chiesa in opposizione ad ogni relativismo e totalitarismo","og_url":"https:\/\/www.rassegnastampa-totustuus.it\/cattolica\/cattolici-e-massoneria-dialogo-e-doppia-appartenenza\/","og_site_name":"Rassegna Stampa Cattolica","article_publisher":"https:\/\/www.facebook.com\/rassegnastampacattolica","article_published_time":"2005-06-29T22:00:00+00:00","article_modified_time":"2014-10-18T13:59:40+00:00","og_image":[{"width":274,"height":184,"url":"https:\/\/www.rassegnastampa-totustuus.it\/cattolica\/wp-content\/uploads\/2005\/06\/cattolic_massoni.jpg","type":"image\/jpeg"}],"author":"Redazione","twitter_card":"summary_large_image","twitter_creator":"@rassegnastampa9","twitter_site":"@rassegnastampa9","twitter_misc":{"Scritto da":"Redazione","Tempo di lettura stimato":"8 minuti"},"schema":{"@context":"https:\/\/schema.org","@graph":[{"@type":"Article","@id":"https:\/\/www.rassegnastampa-totustuus.it\/cattolica\/cattolici-e-massoneria-dialogo-e-doppia-appartenenza\/#article","isPartOf":{"@id":"https:\/\/www.rassegnastampa-totustuus.it\/cattolica\/cattolici-e-massoneria-dialogo-e-doppia-appartenenza\/"},"author":{"name":"Redazione","@id":"https:\/\/www.rassegnastampa-totustuus.it\/cattolica\/#\/schema\/person\/08f319d2bd1a0904ad9e2bfb7b15e5c3"},"headline":"Cattolici e massoneria: dialogo e &#8216;doppia appartenenza&#8217;","datePublished":"2005-06-29T22:00:00+00:00","dateModified":"2014-10-18T13:59:40+00:00","mainEntityOfPage":{"@id":"https:\/\/www.rassegnastampa-totustuus.it\/cattolica\/cattolici-e-massoneria-dialogo-e-doppia-appartenenza\/"},"wordCount":1576,"publisher":{"@id":"https:\/\/www.rassegnastampa-totustuus.it\/cattolica\/#organization"},"image":{"@id":"https:\/\/www.rassegnastampa-totustuus.it\/cattolica\/cattolici-e-massoneria-dialogo-e-doppia-appartenenza\/#primaryimage"},"thumbnailUrl":"https:\/\/www.rassegnastampa-totustuus.it\/cattolica\/wp-content\/uploads\/2005\/06\/cattolic_massoni.jpg","keywords":["chiesa","Massoneria"],"articleSection":["Chiesa","Massoneria"],"inLanguage":"it-IT"},{"@type":"WebPage","@id":"https:\/\/www.rassegnastampa-totustuus.it\/cattolica\/cattolici-e-massoneria-dialogo-e-doppia-appartenenza\/","url":"https:\/\/www.rassegnastampa-totustuus.it\/cattolica\/cattolici-e-massoneria-dialogo-e-doppia-appartenenza\/","name":"Cattolici e massoneria: dialogo e 'doppia appartenenza' - Rassegna Stampa Cattolica","isPartOf":{"@id":"https:\/\/www.rassegnastampa-totustuus.it\/cattolica\/#website"},"primaryImageOfPage":{"@id":"https:\/\/www.rassegnastampa-totustuus.it\/cattolica\/cattolici-e-massoneria-dialogo-e-doppia-appartenenza\/#primaryimage"},"image":{"@id":"https:\/\/www.rassegnastampa-totustuus.it\/cattolica\/cattolici-e-massoneria-dialogo-e-doppia-appartenenza\/#primaryimage"},"thumbnailUrl":"https:\/\/www.rassegnastampa-totustuus.it\/cattolica\/wp-content\/uploads\/2005\/06\/cattolic_massoni.jpg","datePublished":"2005-06-29T22:00:00+00:00","dateModified":"2014-10-18T13:59:40+00:00","description":"Rassegna Stampa Cattolica - Per una cultura che nasce dalla Rivelazione cristiana in conformit\u00e0 alla tradizione e al Magistero della Chiesa in opposizione ad ogni relativismo e totalitarismo","breadcrumb":{"@id":"https:\/\/www.rassegnastampa-totustuus.it\/cattolica\/cattolici-e-massoneria-dialogo-e-doppia-appartenenza\/#breadcrumb"},"inLanguage":"it-IT","potentialAction":[{"@type":"ReadAction","target":["https:\/\/www.rassegnastampa-totustuus.it\/cattolica\/cattolici-e-massoneria-dialogo-e-doppia-appartenenza\/"]}]},{"@type":"ImageObject","inLanguage":"it-IT","@id":"https:\/\/www.rassegnastampa-totustuus.it\/cattolica\/cattolici-e-massoneria-dialogo-e-doppia-appartenenza\/#primaryimage","url":"https:\/\/www.rassegnastampa-totustuus.it\/cattolica\/wp-content\/uploads\/2005\/06\/cattolic_massoni.jpg","contentUrl":"https:\/\/www.rassegnastampa-totustuus.it\/cattolica\/wp-content\/uploads\/2005\/06\/cattolic_massoni.jpg","width":274,"height":184},{"@type":"BreadcrumbList","@id":"https:\/\/www.rassegnastampa-totustuus.it\/cattolica\/cattolici-e-massoneria-dialogo-e-doppia-appartenenza\/#breadcrumb","itemListElement":[{"@type":"ListItem","position":1,"name":"Home","item":"https:\/\/www.rassegnastampa-totustuus.it\/cattolica\/"},{"@type":"ListItem","position":2,"name":"Cattolici e massoneria: dialogo e &#8216;doppia appartenenza&#8217;"}]},{"@type":"WebSite","@id":"https:\/\/www.rassegnastampa-totustuus.it\/cattolica\/#website","url":"https:\/\/www.rassegnastampa-totustuus.it\/cattolica\/","name":"Rassegna Stampa Cattolica","description":"Per una cultura che nasce dalla Rivelazione cristiana in conformit\u00e0 alla tradizione e al Magistero della Chiesa in opposizione ad ogni relativismo e totalitarismo","publisher":{"@id":"https:\/\/www.rassegnastampa-totustuus.it\/cattolica\/#organization"},"alternateName":"Rass. Cattolica","potentialAction":[{"@type":"SearchAction","target":{"@type":"EntryPoint","urlTemplate":"https:\/\/www.rassegnastampa-totustuus.it\/cattolica\/?s={search_term_string}"},"query-input":{"@type":"PropertyValueSpecification","valueRequired":true,"valueName":"search_term_string"}}],"inLanguage":"it-IT"},{"@type":"Organization","@id":"https:\/\/www.rassegnastampa-totustuus.it\/cattolica\/#organization","name":"Rassegna Stampa Cattolica","url":"https:\/\/www.rassegnastampa-totustuus.it\/cattolica\/","logo":{"@type":"ImageObject","inLanguage":"it-IT","@id":"https:\/\/www.rassegnastampa-totustuus.it\/cattolica\/#\/schema\/logo\/image\/","url":"https:\/\/www.rassegnastampa-totustuus.it\/cattolica\/wp-content\/uploads\/2014\/04\/logo-rassegna1.gif","contentUrl":"https:\/\/www.rassegnastampa-totustuus.it\/cattolica\/wp-content\/uploads\/2014\/04\/logo-rassegna1.gif","width":600,"height":163,"caption":"Rassegna Stampa Cattolica"},"image":{"@id":"https:\/\/www.rassegnastampa-totustuus.it\/cattolica\/#\/schema\/logo\/image\/"},"sameAs":["https:\/\/www.facebook.com\/rassegnastampacattolica","https:\/\/x.com\/rassegnastampa9"]},{"@type":"Person","@id":"https:\/\/www.rassegnastampa-totustuus.it\/cattolica\/#\/schema\/person\/08f319d2bd1a0904ad9e2bfb7b15e5c3","name":"Redazione","image":{"@type":"ImageObject","inLanguage":"it-IT","@id":"https:\/\/secure.gravatar.com\/avatar\/2fcdf27c78ea025fbdb44e914cc63c72249ffec9dc8aafd5c82b26240ef3f346?s=96&d=mm&r=g","url":"https:\/\/secure.gravatar.com\/avatar\/2fcdf27c78ea025fbdb44e914cc63c72249ffec9dc8aafd5c82b26240ef3f346?s=96&d=mm&r=g","contentUrl":"https:\/\/secure.gravatar.com\/avatar\/2fcdf27c78ea025fbdb44e914cc63c72249ffec9dc8aafd5c82b26240ef3f346?s=96&d=mm&r=g","caption":"Redazione"},"url":"https:\/\/www.rassegnastampa-totustuus.it\/cattolica\/author\/pietroelle\/"}]}},"_links":{"self":[{"href":"https:\/\/www.rassegnastampa-totustuus.it\/cattolica\/wp-json\/wp\/v2\/posts\/784","targetHints":{"allow":["GET"]}}],"collection":[{"href":"https:\/\/www.rassegnastampa-totustuus.it\/cattolica\/wp-json\/wp\/v2\/posts"}],"about":[{"href":"https:\/\/www.rassegnastampa-totustuus.it\/cattolica\/wp-json\/wp\/v2\/types\/post"}],"author":[{"embeddable":true,"href":"https:\/\/www.rassegnastampa-totustuus.it\/cattolica\/wp-json\/wp\/v2\/users\/6"}],"replies":[{"embeddable":true,"href":"https:\/\/www.rassegnastampa-totustuus.it\/cattolica\/wp-json\/wp\/v2\/comments?post=784"}],"version-history":[{"count":3,"href":"https:\/\/www.rassegnastampa-totustuus.it\/cattolica\/wp-json\/wp\/v2\/posts\/784\/revisions"}],"predecessor-version":[{"id":11828,"href":"https:\/\/www.rassegnastampa-totustuus.it\/cattolica\/wp-json\/wp\/v2\/posts\/784\/revisions\/11828"}],"wp:featuredmedia":[{"embeddable":true,"href":"https:\/\/www.rassegnastampa-totustuus.it\/cattolica\/wp-json\/wp\/v2\/media\/32994"}],"wp:attachment":[{"href":"https:\/\/www.rassegnastampa-totustuus.it\/cattolica\/wp-json\/wp\/v2\/media?parent=784"}],"wp:term":[{"taxonomy":"category","embeddable":true,"href":"https:\/\/www.rassegnastampa-totustuus.it\/cattolica\/wp-json\/wp\/v2\/categories?post=784"},{"taxonomy":"post_tag","embeddable":true,"href":"https:\/\/www.rassegnastampa-totustuus.it\/cattolica\/wp-json\/wp\/v2\/tags?post=784"}],"curies":[{"name":"wp","href":"https:\/\/api.w.org\/{rel}","templated":true}]}}