{"id":767,"date":"2005-06-16T15:23:33","date_gmt":"2005-06-16T13:23:33","guid":{"rendered":""},"modified":"2025-03-11T17:04:12","modified_gmt":"2025-03-11T16:04:12","slug":"la-scienza-non-ha-sconfitto-la-religione","status":"publish","type":"post","link":"https:\/\/www.rassegnastampa-totustuus.it\/cattolica\/la-scienza-non-ha-sconfitto-la-religione\/","title":{"rendered":"La scienza non ha sconfitto la religione"},"content":{"rendered":"\n<p class=\"has-text-align-center\"><a href=\"https:\/\/www.ilgiornale.it\/\" target=\"_blank\" rel=\"noreferrer noopener\"><strong>Il Giornale<\/strong> <\/a>15 giugno 2005<\/p>\n\n\n\n<p class=\"has-text-align-center\"><strong>Massimo Introvigne<\/strong><\/p>\n\n\n\n<p>&nbsp;Dal cardinale Ruini a <em>Repubblica<\/em>, il giorno dopo il referendum tutti assicurano che \u00e8 morto in Italia il teorema che identificava modernizzazione e secolarizzazione. Dal momento che &#8211; insieme con diversi colleghi americani &#8211; da qualche anno cerco di diffondere appunto una critica articolata della teoria della secolarizzazione, sono molto interessato a questo dibattito, che non \u00e8 nato n\u00e9 finir\u00e0 con il referendum.<\/p>\n\n\n<div class=\"wp-block-image\">\n<figure class=\"aligncenter size-full is-resized\"><a href=\"https:\/\/www.rassegnastampa-totustuus.it\/cattolica\/wp-content\/uploads\/2005\/06\/referendum.jpg\"><img loading=\"lazy\" decoding=\"async\" width=\"280\" height=\"160\" src=\"https:\/\/www.rassegnastampa-totustuus.it\/cattolica\/wp-content\/uploads\/2005\/06\/referendum.jpg\" alt=\"\" class=\"wp-image-35162\" style=\"width:400px;height:auto\"\/><\/a><\/figure><\/div>\n\n\n<!--more-->\n\n\n\n<p>Fin dalle sue origini ottocentesche, la sociologia della religione si fondava sul teorema secondo cui pi\u00f9 la societ\u00e0 diventa moderna,&nbsp; scientifica e democratica, meno spazio lascia alla religione. Questa \u00abteoria della secolarizzazione\u00bb ha regnato incontrastata fino a quando il centro di gravit\u00e0 della sociologia delle religioni non si \u00e8 spostato dall&#8217;Europa agli Stati Uniti. L\u00ec era facile constatare che il teorema non funzionava: in una societ\u00e0 certamente moderna, scientifica e democratica la religione non arretrava, anzi avanzava.<\/p>\n\n\n\n<p>I sociologi europei risposero dapprima parlando di \u00abeccezione americana\u00bb. Quando poi constatarono che anche in molti Paesi dell&#8217;Asia e dell&#8217;Africa alla modernizzazione corrispondeva un risveglio,&nbsp; non un arretramento della religione, rovesciarono il discorso con la formula della \u00abeccezione europea\u00bb: il teorema secondo cui quando la modernit\u00e0 avanza la religione arretra varrebbe solo per l&#8217;Europa.<\/p>\n\n\n\n<p>Occorre tuttavia chiarire che quando si parla di statistiche sulla religione, e di secolarizzazione, si parla di tre cose diverse. In inglese viene facile chiamarle le tre B: believing, belonging e behaving, cio\u00e8 credenze, appartenenze e comportamenti. I sociologi hanno scoperto da decenni che le tre cose non vanno insieme: nell&#8217;Unione Europea per esempio l&#8217;80 per cento dei cittadini si dichiara credente, ma solo il 20 per cento frequenta almeno mensilmente una funzione religiosa, e meno del 10 per cento dichiara di ispirare i propri comportamenti morali e sociali alla religione.<\/p>\n\n\n\n<p>Non c&#8217;\u00e8 veramente dibattito sul fatto che la secolarizzazione non abbia investito le credenze: quasi ovunque, dopo la crisi delle ideologie irreligiose, i credenti sono piuttosto in crescita. La discussione riguarda invece le appartenenze e i comportamenti:&nbsp; quanti sono davvero in contatto con le religioni istituzionali? Basta andare in chiesa una volta al mese? O una volta alla settimana? O ancora si devono condividere i principali insegnamenti della religione, in particolare in campo morale?<\/p>\n\n\n\n<p>A seconda dei parametri utilizzati, i cattolici italiani possono essere stimati in met\u00e0, un terzo o un quinto della popolazione.<\/p>\n\n\n\n<p>Altri distinguono fra \u00abidentit\u00e0\u00bb cattolica (che resta costante e in cui si riconoscono otto italiani su dieci) e \u00abidentificazione\u00bb con la Chiesa,&nbsp; le sue pratiche e i suoi insegnamenti. Quest&#8217;ultimo \u00e8 un dato stimato intorno al venti per cento degli italiani. Ma \u00e8 un dato molto variabile. Il referendum conferma che il lungo pontificato di Giovanni Paolo II &#8211; e la tendenza continua con Benedetto XVI &#8211; ha ridotto il divario fra identit\u00e0 e identificazione, e messo nell&#8217;angolo il dissenso nei confronti delle gerarchie, vigoroso ai tempi dei referendum su divorzio e aborto.<\/p>\n\n\n\n<p>L&#8217;identificazione, tuttavia, \u00e8 per sua natura precaria. Richiede di essere continuamente riproposta e riaffermata. Di qui l&#8217;insistenza dei vescovi sulla \u00abnuova evangelizzazione\u00bb e gli strumenti come il nuovo compendio del Catechismo. La piantina cresciuta con il referendum abbisogna di lunga e continua irrigazione per continuare a crescere.<\/p>\n","protected":false},"excerpt":{"rendered":"<p>Il Giornale 15 giugno 2005 Massimo Introvigne &nbsp;Dal cardinale Ruini a Repubblica, il giorno dopo il referendum tutti assicurano che \u00e8 morto in Italia il teorema che identificava modernizzazione e secolarizzazione. Dal momento che &#8211; insieme con diversi colleghi americani &#8211; da qualche anno cerco di diffondere appunto una critica articolata della teoria della secolarizzazione, &hellip; <\/p>\n<p><a class=\"more-link btn\" href=\"https:\/\/www.rassegnastampa-totustuus.it\/cattolica\/la-scienza-non-ha-sconfitto-la-religione\/\">Continua a leggere<\/a><\/p>\n","protected":false},"author":6,"featured_media":35162,"comment_status":"closed","ping_status":"open","sticky":false,"template":"","format":"standard","meta":{"footnotes":""},"categories":[5],"tags":[568],"class_list":["post-767","post","type-post","status-publish","format-standard","has-post-thumbnail","hentry","category-chiesa","tag-secolarizzazione","item-wrap"],"yoast_head":"<!-- This site is optimized with the Yoast SEO plugin v27.5 - https:\/\/yoast.com\/product\/yoast-seo-wordpress\/ -->\n<title>La scienza non ha sconfitto la religione - Rassegna Stampa Cattolica<\/title>\n<meta name=\"description\" content=\"La scienza non ha sconfitto la religione. Ma la piantina cresciuta con il referendum abbisogna di lunga e continua irrigazione\" \/>\n<meta name=\"robots\" content=\"index, follow, max-snippet:-1, max-image-preview:large, max-video-preview:-1\" \/>\n<link rel=\"canonical\" href=\"https:\/\/www.rassegnastampa-totustuus.it\/cattolica\/la-scienza-non-ha-sconfitto-la-religione\/\" \/>\n<meta property=\"og:locale\" content=\"it_IT\" \/>\n<meta property=\"og:type\" content=\"article\" \/>\n<meta property=\"og:title\" content=\"La scienza non ha sconfitto la religione - Rassegna Stampa Cattolica\" \/>\n<meta property=\"og:description\" content=\"La scienza non ha sconfitto la religione. Ma la piantina cresciuta con il referendum abbisogna di lunga e continua irrigazione\" \/>\n<meta property=\"og:url\" content=\"https:\/\/www.rassegnastampa-totustuus.it\/cattolica\/la-scienza-non-ha-sconfitto-la-religione\/\" \/>\n<meta property=\"og:site_name\" content=\"Rassegna Stampa Cattolica\" \/>\n<meta property=\"article:publisher\" content=\"https:\/\/www.facebook.com\/rassegnastampacattolica\" \/>\n<meta property=\"article:published_time\" content=\"2005-06-16T13:23:33+00:00\" \/>\n<meta property=\"article:modified_time\" content=\"2025-03-11T16:04:12+00:00\" \/>\n<meta property=\"og:image\" content=\"https:\/\/www.rassegnastampa-totustuus.it\/cattolica\/wp-content\/uploads\/2005\/06\/referendum.jpg\" \/>\n\t<meta property=\"og:image:width\" content=\"280\" \/>\n\t<meta property=\"og:image:height\" content=\"160\" \/>\n\t<meta property=\"og:image:type\" content=\"image\/jpeg\" \/>\n<meta name=\"author\" content=\"Redazione\" \/>\n<meta name=\"twitter:card\" content=\"summary_large_image\" \/>\n<meta name=\"twitter:creator\" content=\"@rassegnastampa9\" \/>\n<meta name=\"twitter:site\" content=\"@rassegnastampa9\" \/>\n<meta name=\"twitter:label1\" content=\"Scritto da\" \/>\n\t<meta name=\"twitter:data1\" content=\"Redazione\" \/>\n\t<meta name=\"twitter:label2\" content=\"Tempo di lettura stimato\" \/>\n\t<meta name=\"twitter:data2\" content=\"4 minuti\" \/>\n<script type=\"application\/ld+json\" class=\"yoast-schema-graph\">{\"@context\":\"https:\\\/\\\/schema.org\",\"@graph\":[{\"@type\":\"Article\",\"@id\":\"https:\\\/\\\/www.rassegnastampa-totustuus.it\\\/cattolica\\\/la-scienza-non-ha-sconfitto-la-religione\\\/#article\",\"isPartOf\":{\"@id\":\"https:\\\/\\\/www.rassegnastampa-totustuus.it\\\/cattolica\\\/la-scienza-non-ha-sconfitto-la-religione\\\/\"},\"author\":{\"name\":\"Redazione\",\"@id\":\"https:\\\/\\\/www.rassegnastampa-totustuus.it\\\/cattolica\\\/#\\\/schema\\\/person\\\/08f319d2bd1a0904ad9e2bfb7b15e5c3\"},\"headline\":\"La scienza non ha sconfitto la religione\",\"datePublished\":\"2005-06-16T13:23:33+00:00\",\"dateModified\":\"2025-03-11T16:04:12+00:00\",\"mainEntityOfPage\":{\"@id\":\"https:\\\/\\\/www.rassegnastampa-totustuus.it\\\/cattolica\\\/la-scienza-non-ha-sconfitto-la-religione\\\/\"},\"wordCount\":537,\"publisher\":{\"@id\":\"https:\\\/\\\/www.rassegnastampa-totustuus.it\\\/cattolica\\\/#organization\"},\"image\":{\"@id\":\"https:\\\/\\\/www.rassegnastampa-totustuus.it\\\/cattolica\\\/la-scienza-non-ha-sconfitto-la-religione\\\/#primaryimage\"},\"thumbnailUrl\":\"https:\\\/\\\/www.rassegnastampa-totustuus.it\\\/cattolica\\\/wp-content\\\/uploads\\\/2005\\\/06\\\/referendum.jpg\",\"keywords\":[\"secolarizzazione\"],\"articleSection\":[\"Chiesa\"],\"inLanguage\":\"it-IT\"},{\"@type\":\"WebPage\",\"@id\":\"https:\\\/\\\/www.rassegnastampa-totustuus.it\\\/cattolica\\\/la-scienza-non-ha-sconfitto-la-religione\\\/\",\"url\":\"https:\\\/\\\/www.rassegnastampa-totustuus.it\\\/cattolica\\\/la-scienza-non-ha-sconfitto-la-religione\\\/\",\"name\":\"La scienza non ha sconfitto la religione - Rassegna Stampa Cattolica\",\"isPartOf\":{\"@id\":\"https:\\\/\\\/www.rassegnastampa-totustuus.it\\\/cattolica\\\/#website\"},\"primaryImageOfPage\":{\"@id\":\"https:\\\/\\\/www.rassegnastampa-totustuus.it\\\/cattolica\\\/la-scienza-non-ha-sconfitto-la-religione\\\/#primaryimage\"},\"image\":{\"@id\":\"https:\\\/\\\/www.rassegnastampa-totustuus.it\\\/cattolica\\\/la-scienza-non-ha-sconfitto-la-religione\\\/#primaryimage\"},\"thumbnailUrl\":\"https:\\\/\\\/www.rassegnastampa-totustuus.it\\\/cattolica\\\/wp-content\\\/uploads\\\/2005\\\/06\\\/referendum.jpg\",\"datePublished\":\"2005-06-16T13:23:33+00:00\",\"dateModified\":\"2025-03-11T16:04:12+00:00\",\"description\":\"La scienza non ha sconfitto la religione. Ma la piantina cresciuta con il referendum abbisogna di lunga e continua irrigazione\",\"breadcrumb\":{\"@id\":\"https:\\\/\\\/www.rassegnastampa-totustuus.it\\\/cattolica\\\/la-scienza-non-ha-sconfitto-la-religione\\\/#breadcrumb\"},\"inLanguage\":\"it-IT\",\"potentialAction\":[{\"@type\":\"ReadAction\",\"target\":[\"https:\\\/\\\/www.rassegnastampa-totustuus.it\\\/cattolica\\\/la-scienza-non-ha-sconfitto-la-religione\\\/\"]}]},{\"@type\":\"ImageObject\",\"inLanguage\":\"it-IT\",\"@id\":\"https:\\\/\\\/www.rassegnastampa-totustuus.it\\\/cattolica\\\/la-scienza-non-ha-sconfitto-la-religione\\\/#primaryimage\",\"url\":\"https:\\\/\\\/www.rassegnastampa-totustuus.it\\\/cattolica\\\/wp-content\\\/uploads\\\/2005\\\/06\\\/referendum.jpg\",\"contentUrl\":\"https:\\\/\\\/www.rassegnastampa-totustuus.it\\\/cattolica\\\/wp-content\\\/uploads\\\/2005\\\/06\\\/referendum.jpg\",\"width\":280,\"height\":160},{\"@type\":\"BreadcrumbList\",\"@id\":\"https:\\\/\\\/www.rassegnastampa-totustuus.it\\\/cattolica\\\/la-scienza-non-ha-sconfitto-la-religione\\\/#breadcrumb\",\"itemListElement\":[{\"@type\":\"ListItem\",\"position\":1,\"name\":\"Home\",\"item\":\"https:\\\/\\\/www.rassegnastampa-totustuus.it\\\/cattolica\\\/\"},{\"@type\":\"ListItem\",\"position\":2,\"name\":\"La scienza non ha sconfitto la religione\"}]},{\"@type\":\"WebSite\",\"@id\":\"https:\\\/\\\/www.rassegnastampa-totustuus.it\\\/cattolica\\\/#website\",\"url\":\"https:\\\/\\\/www.rassegnastampa-totustuus.it\\\/cattolica\\\/\",\"name\":\"Rassegna Stampa Cattolica\",\"description\":\"Per una cultura che nasce dalla Rivelazione cristiana in conformit\u00e0 alla tradizione e al Magistero della Chiesa in opposizione ad ogni relativismo e totalitarismo\",\"publisher\":{\"@id\":\"https:\\\/\\\/www.rassegnastampa-totustuus.it\\\/cattolica\\\/#organization\"},\"alternateName\":\"Rass. Cattolica\",\"potentialAction\":[{\"@type\":\"SearchAction\",\"target\":{\"@type\":\"EntryPoint\",\"urlTemplate\":\"https:\\\/\\\/www.rassegnastampa-totustuus.it\\\/cattolica\\\/?s={search_term_string}\"},\"query-input\":{\"@type\":\"PropertyValueSpecification\",\"valueRequired\":true,\"valueName\":\"search_term_string\"}}],\"inLanguage\":\"it-IT\"},{\"@type\":\"Organization\",\"@id\":\"https:\\\/\\\/www.rassegnastampa-totustuus.it\\\/cattolica\\\/#organization\",\"name\":\"Rassegna Stampa Cattolica\",\"url\":\"https:\\\/\\\/www.rassegnastampa-totustuus.it\\\/cattolica\\\/\",\"logo\":{\"@type\":\"ImageObject\",\"inLanguage\":\"it-IT\",\"@id\":\"https:\\\/\\\/www.rassegnastampa-totustuus.it\\\/cattolica\\\/#\\\/schema\\\/logo\\\/image\\\/\",\"url\":\"https:\\\/\\\/www.rassegnastampa-totustuus.it\\\/cattolica\\\/wp-content\\\/uploads\\\/2014\\\/04\\\/logo-rassegna1.gif\",\"contentUrl\":\"https:\\\/\\\/www.rassegnastampa-totustuus.it\\\/cattolica\\\/wp-content\\\/uploads\\\/2014\\\/04\\\/logo-rassegna1.gif\",\"width\":600,\"height\":163,\"caption\":\"Rassegna Stampa Cattolica\"},\"image\":{\"@id\":\"https:\\\/\\\/www.rassegnastampa-totustuus.it\\\/cattolica\\\/#\\\/schema\\\/logo\\\/image\\\/\"},\"sameAs\":[\"https:\\\/\\\/www.facebook.com\\\/rassegnastampacattolica\",\"https:\\\/\\\/x.com\\\/rassegnastampa9\"]},{\"@type\":\"Person\",\"@id\":\"https:\\\/\\\/www.rassegnastampa-totustuus.it\\\/cattolica\\\/#\\\/schema\\\/person\\\/08f319d2bd1a0904ad9e2bfb7b15e5c3\",\"name\":\"Redazione\",\"image\":{\"@type\":\"ImageObject\",\"inLanguage\":\"it-IT\",\"@id\":\"https:\\\/\\\/secure.gravatar.com\\\/avatar\\\/2fcdf27c78ea025fbdb44e914cc63c72249ffec9dc8aafd5c82b26240ef3f346?s=96&d=mm&r=g\",\"url\":\"https:\\\/\\\/secure.gravatar.com\\\/avatar\\\/2fcdf27c78ea025fbdb44e914cc63c72249ffec9dc8aafd5c82b26240ef3f346?s=96&d=mm&r=g\",\"contentUrl\":\"https:\\\/\\\/secure.gravatar.com\\\/avatar\\\/2fcdf27c78ea025fbdb44e914cc63c72249ffec9dc8aafd5c82b26240ef3f346?s=96&d=mm&r=g\",\"caption\":\"Redazione\"},\"url\":\"https:\\\/\\\/www.rassegnastampa-totustuus.it\\\/cattolica\\\/author\\\/pietroelle\\\/\"}]}<\/script>\n<!-- \/ Yoast SEO plugin. -->","yoast_head_json":{"title":"La scienza non ha sconfitto la religione - Rassegna Stampa Cattolica","description":"La scienza non ha sconfitto la religione. Ma la piantina cresciuta con il referendum abbisogna di lunga e continua irrigazione","robots":{"index":"index","follow":"follow","max-snippet":"max-snippet:-1","max-image-preview":"max-image-preview:large","max-video-preview":"max-video-preview:-1"},"canonical":"https:\/\/www.rassegnastampa-totustuus.it\/cattolica\/la-scienza-non-ha-sconfitto-la-religione\/","og_locale":"it_IT","og_type":"article","og_title":"La scienza non ha sconfitto la religione - Rassegna Stampa Cattolica","og_description":"La scienza non ha sconfitto la religione. Ma la piantina cresciuta con il referendum abbisogna di lunga e continua irrigazione","og_url":"https:\/\/www.rassegnastampa-totustuus.it\/cattolica\/la-scienza-non-ha-sconfitto-la-religione\/","og_site_name":"Rassegna Stampa Cattolica","article_publisher":"https:\/\/www.facebook.com\/rassegnastampacattolica","article_published_time":"2005-06-16T13:23:33+00:00","article_modified_time":"2025-03-11T16:04:12+00:00","og_image":[{"width":280,"height":160,"url":"https:\/\/www.rassegnastampa-totustuus.it\/cattolica\/wp-content\/uploads\/2005\/06\/referendum.jpg","type":"image\/jpeg"}],"author":"Redazione","twitter_card":"summary_large_image","twitter_creator":"@rassegnastampa9","twitter_site":"@rassegnastampa9","twitter_misc":{"Scritto da":"Redazione","Tempo di lettura stimato":"4 minuti"},"schema":{"@context":"https:\/\/schema.org","@graph":[{"@type":"Article","@id":"https:\/\/www.rassegnastampa-totustuus.it\/cattolica\/la-scienza-non-ha-sconfitto-la-religione\/#article","isPartOf":{"@id":"https:\/\/www.rassegnastampa-totustuus.it\/cattolica\/la-scienza-non-ha-sconfitto-la-religione\/"},"author":{"name":"Redazione","@id":"https:\/\/www.rassegnastampa-totustuus.it\/cattolica\/#\/schema\/person\/08f319d2bd1a0904ad9e2bfb7b15e5c3"},"headline":"La scienza non ha sconfitto la religione","datePublished":"2005-06-16T13:23:33+00:00","dateModified":"2025-03-11T16:04:12+00:00","mainEntityOfPage":{"@id":"https:\/\/www.rassegnastampa-totustuus.it\/cattolica\/la-scienza-non-ha-sconfitto-la-religione\/"},"wordCount":537,"publisher":{"@id":"https:\/\/www.rassegnastampa-totustuus.it\/cattolica\/#organization"},"image":{"@id":"https:\/\/www.rassegnastampa-totustuus.it\/cattolica\/la-scienza-non-ha-sconfitto-la-religione\/#primaryimage"},"thumbnailUrl":"https:\/\/www.rassegnastampa-totustuus.it\/cattolica\/wp-content\/uploads\/2005\/06\/referendum.jpg","keywords":["secolarizzazione"],"articleSection":["Chiesa"],"inLanguage":"it-IT"},{"@type":"WebPage","@id":"https:\/\/www.rassegnastampa-totustuus.it\/cattolica\/la-scienza-non-ha-sconfitto-la-religione\/","url":"https:\/\/www.rassegnastampa-totustuus.it\/cattolica\/la-scienza-non-ha-sconfitto-la-religione\/","name":"La scienza non ha sconfitto la religione - Rassegna Stampa Cattolica","isPartOf":{"@id":"https:\/\/www.rassegnastampa-totustuus.it\/cattolica\/#website"},"primaryImageOfPage":{"@id":"https:\/\/www.rassegnastampa-totustuus.it\/cattolica\/la-scienza-non-ha-sconfitto-la-religione\/#primaryimage"},"image":{"@id":"https:\/\/www.rassegnastampa-totustuus.it\/cattolica\/la-scienza-non-ha-sconfitto-la-religione\/#primaryimage"},"thumbnailUrl":"https:\/\/www.rassegnastampa-totustuus.it\/cattolica\/wp-content\/uploads\/2005\/06\/referendum.jpg","datePublished":"2005-06-16T13:23:33+00:00","dateModified":"2025-03-11T16:04:12+00:00","description":"La scienza non ha sconfitto la religione. Ma la piantina cresciuta con il referendum abbisogna di lunga e continua irrigazione","breadcrumb":{"@id":"https:\/\/www.rassegnastampa-totustuus.it\/cattolica\/la-scienza-non-ha-sconfitto-la-religione\/#breadcrumb"},"inLanguage":"it-IT","potentialAction":[{"@type":"ReadAction","target":["https:\/\/www.rassegnastampa-totustuus.it\/cattolica\/la-scienza-non-ha-sconfitto-la-religione\/"]}]},{"@type":"ImageObject","inLanguage":"it-IT","@id":"https:\/\/www.rassegnastampa-totustuus.it\/cattolica\/la-scienza-non-ha-sconfitto-la-religione\/#primaryimage","url":"https:\/\/www.rassegnastampa-totustuus.it\/cattolica\/wp-content\/uploads\/2005\/06\/referendum.jpg","contentUrl":"https:\/\/www.rassegnastampa-totustuus.it\/cattolica\/wp-content\/uploads\/2005\/06\/referendum.jpg","width":280,"height":160},{"@type":"BreadcrumbList","@id":"https:\/\/www.rassegnastampa-totustuus.it\/cattolica\/la-scienza-non-ha-sconfitto-la-religione\/#breadcrumb","itemListElement":[{"@type":"ListItem","position":1,"name":"Home","item":"https:\/\/www.rassegnastampa-totustuus.it\/cattolica\/"},{"@type":"ListItem","position":2,"name":"La scienza non ha sconfitto la religione"}]},{"@type":"WebSite","@id":"https:\/\/www.rassegnastampa-totustuus.it\/cattolica\/#website","url":"https:\/\/www.rassegnastampa-totustuus.it\/cattolica\/","name":"Rassegna Stampa Cattolica","description":"Per una cultura che nasce dalla Rivelazione cristiana in conformit\u00e0 alla tradizione e al Magistero della Chiesa in opposizione ad ogni relativismo e totalitarismo","publisher":{"@id":"https:\/\/www.rassegnastampa-totustuus.it\/cattolica\/#organization"},"alternateName":"Rass. Cattolica","potentialAction":[{"@type":"SearchAction","target":{"@type":"EntryPoint","urlTemplate":"https:\/\/www.rassegnastampa-totustuus.it\/cattolica\/?s={search_term_string}"},"query-input":{"@type":"PropertyValueSpecification","valueRequired":true,"valueName":"search_term_string"}}],"inLanguage":"it-IT"},{"@type":"Organization","@id":"https:\/\/www.rassegnastampa-totustuus.it\/cattolica\/#organization","name":"Rassegna Stampa Cattolica","url":"https:\/\/www.rassegnastampa-totustuus.it\/cattolica\/","logo":{"@type":"ImageObject","inLanguage":"it-IT","@id":"https:\/\/www.rassegnastampa-totustuus.it\/cattolica\/#\/schema\/logo\/image\/","url":"https:\/\/www.rassegnastampa-totustuus.it\/cattolica\/wp-content\/uploads\/2014\/04\/logo-rassegna1.gif","contentUrl":"https:\/\/www.rassegnastampa-totustuus.it\/cattolica\/wp-content\/uploads\/2014\/04\/logo-rassegna1.gif","width":600,"height":163,"caption":"Rassegna Stampa Cattolica"},"image":{"@id":"https:\/\/www.rassegnastampa-totustuus.it\/cattolica\/#\/schema\/logo\/image\/"},"sameAs":["https:\/\/www.facebook.com\/rassegnastampacattolica","https:\/\/x.com\/rassegnastampa9"]},{"@type":"Person","@id":"https:\/\/www.rassegnastampa-totustuus.it\/cattolica\/#\/schema\/person\/08f319d2bd1a0904ad9e2bfb7b15e5c3","name":"Redazione","image":{"@type":"ImageObject","inLanguage":"it-IT","@id":"https:\/\/secure.gravatar.com\/avatar\/2fcdf27c78ea025fbdb44e914cc63c72249ffec9dc8aafd5c82b26240ef3f346?s=96&d=mm&r=g","url":"https:\/\/secure.gravatar.com\/avatar\/2fcdf27c78ea025fbdb44e914cc63c72249ffec9dc8aafd5c82b26240ef3f346?s=96&d=mm&r=g","contentUrl":"https:\/\/secure.gravatar.com\/avatar\/2fcdf27c78ea025fbdb44e914cc63c72249ffec9dc8aafd5c82b26240ef3f346?s=96&d=mm&r=g","caption":"Redazione"},"url":"https:\/\/www.rassegnastampa-totustuus.it\/cattolica\/author\/pietroelle\/"}]}},"_links":{"self":[{"href":"https:\/\/www.rassegnastampa-totustuus.it\/cattolica\/wp-json\/wp\/v2\/posts\/767","targetHints":{"allow":["GET"]}}],"collection":[{"href":"https:\/\/www.rassegnastampa-totustuus.it\/cattolica\/wp-json\/wp\/v2\/posts"}],"about":[{"href":"https:\/\/www.rassegnastampa-totustuus.it\/cattolica\/wp-json\/wp\/v2\/types\/post"}],"author":[{"embeddable":true,"href":"https:\/\/www.rassegnastampa-totustuus.it\/cattolica\/wp-json\/wp\/v2\/users\/6"}],"replies":[{"embeddable":true,"href":"https:\/\/www.rassegnastampa-totustuus.it\/cattolica\/wp-json\/wp\/v2\/comments?post=767"}],"version-history":[{"count":4,"href":"https:\/\/www.rassegnastampa-totustuus.it\/cattolica\/wp-json\/wp\/v2\/posts\/767\/revisions"}],"predecessor-version":[{"id":62320,"href":"https:\/\/www.rassegnastampa-totustuus.it\/cattolica\/wp-json\/wp\/v2\/posts\/767\/revisions\/62320"}],"wp:featuredmedia":[{"embeddable":true,"href":"https:\/\/www.rassegnastampa-totustuus.it\/cattolica\/wp-json\/wp\/v2\/media\/35162"}],"wp:attachment":[{"href":"https:\/\/www.rassegnastampa-totustuus.it\/cattolica\/wp-json\/wp\/v2\/media?parent=767"}],"wp:term":[{"taxonomy":"category","embeddable":true,"href":"https:\/\/www.rassegnastampa-totustuus.it\/cattolica\/wp-json\/wp\/v2\/categories?post=767"},{"taxonomy":"post_tag","embeddable":true,"href":"https:\/\/www.rassegnastampa-totustuus.it\/cattolica\/wp-json\/wp\/v2\/tags?post=767"}],"curies":[{"name":"wp","href":"https:\/\/api.w.org\/{rel}","templated":true}]}}