{"id":7669,"date":"2014-06-12T16:59:45","date_gmt":"2014-06-12T14:59:45","guid":{"rendered":"http:\/\/www.rassegnastampa-totustuus.it\/cattolica\/?p=7669"},"modified":"2015-06-15T16:19:37","modified_gmt":"2015-06-15T14:19:37","slug":"cara-consulta-i-figli-non-sono-un-diritto-sono-un-dono","status":"publish","type":"post","link":"https:\/\/www.rassegnastampa-totustuus.it\/cattolica\/cara-consulta-i-figli-non-sono-un-diritto-sono-un-dono\/","title":{"rendered":"Cara Consulta, i figli non sono un diritto. Sono un dono"},"content":{"rendered":"<p style=\"text-align: center;\"><b><a href=\"https:\/\/www.rassegnastampa-totustuus.it\/cattolica\/wp-content\/uploads\/2014\/06\/bimbo-regalo.jpg\"><img loading=\"lazy\" decoding=\"async\" class=\" wp-image-7670 alignright\" src=\"https:\/\/www.rassegnastampa-totustuus.it\/cattolica\/wp-content\/uploads\/2014\/06\/bimbo-regalo.jpg\" alt=\"bimbo-regalo\" width=\"250\" height=\"160\" \/><\/a>L\u2019Intraprendente<\/b> 12 Giugno 2014<\/p>\n<p style=\"text-align: center;\">di <strong>Marco Respinti<\/strong><\/p>\n<p style=\"text-align: justify;\">\u00abLa <strong>determinazione<\/strong> ad avere o meno un <strong>figlio<\/strong>, anche per la coppia assolutamente sterile [\u2026], non pu\u00f2 che essere <strong>incoercibile<\/strong>\u00bb. In \u201clegalese\u201d di dice cos\u00ec; in italiano vuol dire che generare una vita a tutti i costi e in ogni modo tecnicamente possibile \u00e8 un <strong>diritto<\/strong> dell\u2019<strong>individuo<\/strong>.<\/p>\n<p style=\"text-align: justify;\">La frase in \u201clegalese\u201d \u00e8 il punto nodale della sentenza, da ieri pubblicata sulla Gazzetta Ufficiale, con cui, il 9 aprile scorso, la Corte Costituzionale ha <strong>cancellato<\/strong> il <strong>divieto <\/strong>della fecondazione artificiale <strong>eterologa<\/strong> sancito dalla Legge 40 del 2004 e con cui ha fatto di porco della democrazia vidimata dal referendum del 2005 dando cos\u00ec ragione a Mark Twain: se votare servisse davvero a cambiare qualcosa, avrebbero da tempo gi\u00e0 abolito il voto.<\/p>\n<p style=\"text-align: justify;\"><!--more--><\/p>\n<p style=\"text-align: justify;\">Gi\u00e0 \u00e8 surreale sentir parlare di coppie assolutamente sterili determinate ad avere figli, ma quel che pi\u00f9 importa \u00e8 che di fatto la Corte Costituzionale &#8211; l\u2019angelo custode della legalit\u00e0 repubblicana di questo Paese forgiato \u201cdalla Resistenza\u201d e fondato \u201csul lavoro\u201d &#8211; dice che scatener\u00e0 le forze dell\u2019ordine ogni qualvolta a chicchessia venga in mente di generare una vita come gli pare, a patto che ci\u00f2 non vulneri altri valori costituzionali.<\/p>\n<p style=\"text-align: justify;\">Vale a dire sempre, perch\u00e9 \u00e8 evidente che in Italia i \u201c<strong>valori costituzionali<\/strong>\u201d sono di <strong>chi se li fa<\/strong> alla bisogna. Il nostro \u00e8 infatti un Paese in cui la legge gi\u00e0 consente, e il cittadino paga, lo <strong>sterminio<\/strong> di migliaia e migliaia di bambini ancora nel ventre materno; in cui presto si sancir\u00e0 che il <strong>sesso<\/strong> \u00e8 solo un\u2019<strong>opinione<\/strong>, una costruzione mentale, un \u201c<strong>residuo borghese<\/strong>\u201d, giacch\u00e9 di sessi ce ne sono tanti, molti, forse infiniti; in cui un bimbo o una bimba possono gi\u00e0 crescere sani e belli avendo per \u201cgenitori\u201d due uomini o due donne, e perch\u00e9 allora non tre, o magari quattro; in cui la <strong>pubblica (d)istruzione<\/strong> sperimenta quotidianamente lo sballo del gender su bimbi anche in tenerissima et\u00e0; in cui la <strong>Costituzione parla di famiglia<\/strong> e di matrimonio tra un <strong>uomo e una donna<\/strong> ma <strong>chissenefrega<\/strong>, \u00e8 sufficiente un qualche accrocco giuridico ben temperato.<\/p>\n<p style=\"text-align: justify;\">Il nostro \u00e8 cio\u00e8 gi\u00e0 un Paese in cui i \u201cvalori costituzionali\u201d li si vulnera per principio ogni santo giorno: quale limite alle fantasie pi\u00f9 aberranti volete dunque che ponga l\u2019ipocrita \u201clegalese\u201d della Consulta?<\/p>\n<p style=\"text-align: justify;\">Ovviamente nessuno; e cos\u00ec da oggi in Italia diventa <strong>diritto<\/strong> di tutti <strong>procreare<\/strong> a qualunque costo. Cosa impedir\u00e0 allora alla gente di selezionarsi un figlio a propria immagine somiglianza? Cosa impedir\u00e0 di giocare con un DNA, magari due e perch\u00e9 non tre? Cosa impedir\u00e0 insomma a un <strong>camice bianco<\/strong> di <strong>manipolare<\/strong> la <strong>vita umana<\/strong> nel profondo come fosse il pongo, d\u2019immergere aghi e bisturi nell\u2019intimo, di modificare, di cambiare, di trasformare?<\/p>\n<p style=\"text-align: justify;\">Solo la possibilit\u00e0 tecnica di farlo: ma per quella \u00e8 giusto una questione di tempo, e talvolta di un po\u2019 di soldi. \u00c8 di soli pochi giorni fa infatti la notizia che certi esperti nominati dal governo britannico hanno dato il via libera tecnico alla fecondazione artificiale eterologa con tre DNA: prendi i mitocondri sani di una donna, li sostituisci a quelli malati di un\u2019altra e innaffi il tutto con il seme del marito di quest\u2019ultimo, facile, che ce vo\u2019\u2026 Fra un po\u2019 si potrebbero magari provare <strong>miscugli <\/strong>nuovi, che so, visto che secondo Charles Darwin veniamo dalle scimmie\u2026<\/p>\n<p style=\"text-align: justify;\">La questione vera infatti \u00e8 una sola. I <strong>figli<\/strong> <strong>non sono un diritto dell\u2019uomo<\/strong>. I figli sono <strong>persone<\/strong>, e le persone <strong>non sono beni<\/strong> disponibili. \u00c8 come se oggi la sentenza della Corte Costituzionale sancisse la schiavit\u00f9, che \u00e8 il disporre dell\u2019uomo come di un bene in totale misconoscimento della sua personalit\u00e0.<\/p>\n<p style=\"text-align: justify;\">I <strong>figli<\/strong> sono infatti sempre e solo <strong>un dono<\/strong>; non sono un diritto perch\u00e9 <strong>hanno diritti<\/strong>, n\u00e9 sono un dovere perch\u00e9 nei loro confronti i genitori hanno doveri. Ma questo \u00e8 un linguaggio per cui in Italia non si hanno pi\u00f9 orecchie da un bel po\u2019. Da tempo i figli li chiamiamo anche noi \u201cchoice\u201d, \u201csalute riproduttiva\u201d, \u201cautodeterminazione della donna\u201d, persino \u201cgrumo di cellule\u201d. Se l\u2019utero \u00e8 mio, allora decido sempre io. Decido se averli, questi figli, o se non averli; di averli come e quando voglio; di fabbricarmeli, se possibile, oppure di ammazzarli; di farne dei maschietti o, se pi\u00f9 mi va, delle femminucce in barba a come in realt\u00e0 sono nati.<\/p>\n<p style=\"text-align: justify;\">Stiamo confezionando un Paese di schiavi: la Corte Costituzionale approva e la gente applaude.<\/p>\n","protected":false},"excerpt":{"rendered":"<p>L\u2019Intraprendente 12 Giugno 2014 di Marco Respinti \u00abLa determinazione ad avere o meno un figlio, anche per la coppia assolutamente sterile [\u2026], non pu\u00f2 che essere incoercibile\u00bb. In \u201clegalese\u201d di dice cos\u00ec; in italiano vuol dire che generare una vita a tutti i costi e in ogni modo tecnicamente possibile \u00e8 un diritto dell\u2019individuo. La &hellip; <\/p>\n<p><a class=\"more-link btn\" href=\"https:\/\/www.rassegnastampa-totustuus.it\/cattolica\/cara-consulta-i-figli-non-sono-un-diritto-sono-un-dono\/\">Continua a leggere<\/a><\/p>\n","protected":false},"author":6,"featured_media":0,"comment_status":"closed","ping_status":"closed","sticky":false,"template":"","format":"standard","meta":{"footnotes":""},"categories":[4],"tags":[2388,212],"class_list":["post-7669","post","type-post","status-publish","format-standard","hentry","category-bioetica","tag-bioetica","tag-fivet","item-wrap"],"yoast_head":"<!-- This site is optimized with the Yoast SEO plugin v27.4 - https:\/\/yoast.com\/product\/yoast-seo-wordpress\/ -->\n<title>Cara Consulta, i figli non sono un diritto. Sono un dono - Rassegna Stampa Cattolica<\/title>\n<meta name=\"description\" content=\"Rassegna Stampa Cattolica - Per una cultura che nasce dalla Rivelazione cristiana in conformit\u00e0 alla tradizione e al Magistero della Chiesa in opposizione ad ogni relativismo e totalitarismo\" \/>\n<meta name=\"robots\" content=\"index, follow, max-snippet:-1, max-image-preview:large, max-video-preview:-1\" \/>\n<link rel=\"canonical\" href=\"https:\/\/www.rassegnastampa-totustuus.it\/cattolica\/cara-consulta-i-figli-non-sono-un-diritto-sono-un-dono\/\" \/>\n<meta property=\"og:locale\" content=\"it_IT\" \/>\n<meta property=\"og:type\" content=\"article\" \/>\n<meta property=\"og:title\" content=\"Cara Consulta, i figli non sono un diritto. Sono un dono - Rassegna Stampa Cattolica\" \/>\n<meta property=\"og:description\" content=\"Rassegna Stampa Cattolica - Per una cultura che nasce dalla Rivelazione cristiana in conformit\u00e0 alla tradizione e al Magistero della Chiesa in opposizione ad ogni relativismo e totalitarismo\" \/>\n<meta property=\"og:url\" content=\"https:\/\/www.rassegnastampa-totustuus.it\/cattolica\/cara-consulta-i-figli-non-sono-un-diritto-sono-un-dono\/\" \/>\n<meta property=\"og:site_name\" content=\"Rassegna Stampa Cattolica\" \/>\n<meta property=\"article:publisher\" content=\"https:\/\/www.facebook.com\/rassegnastampacattolica\" \/>\n<meta property=\"article:published_time\" content=\"2014-06-12T14:59:45+00:00\" \/>\n<meta property=\"article:modified_time\" content=\"2015-06-15T14:19:37+00:00\" \/>\n<meta property=\"og:image\" content=\"http:\/\/www.rassegnastampa-totustuus.it\/cattolica\/wp-content\/uploads\/2014\/06\/bimbo-regalo.jpg\" \/>\n<meta name=\"author\" content=\"Redazione\" \/>\n<meta name=\"twitter:card\" content=\"summary_large_image\" \/>\n<meta name=\"twitter:creator\" content=\"@rassegnastampa9\" \/>\n<meta name=\"twitter:site\" content=\"@rassegnastampa9\" \/>\n<meta name=\"twitter:label1\" content=\"Scritto da\" \/>\n\t<meta name=\"twitter:data1\" content=\"Redazione\" \/>\n\t<meta name=\"twitter:label2\" content=\"Tempo di lettura stimato\" \/>\n\t<meta name=\"twitter:data2\" content=\"4 minuti\" \/>\n<script type=\"application\/ld+json\" class=\"yoast-schema-graph\">{\"@context\":\"https:\\\/\\\/schema.org\",\"@graph\":[{\"@type\":\"Article\",\"@id\":\"https:\\\/\\\/www.rassegnastampa-totustuus.it\\\/cattolica\\\/cara-consulta-i-figli-non-sono-un-diritto-sono-un-dono\\\/#article\",\"isPartOf\":{\"@id\":\"https:\\\/\\\/www.rassegnastampa-totustuus.it\\\/cattolica\\\/cara-consulta-i-figli-non-sono-un-diritto-sono-un-dono\\\/\"},\"author\":{\"name\":\"Redazione\",\"@id\":\"https:\\\/\\\/www.rassegnastampa-totustuus.it\\\/cattolica\\\/#\\\/schema\\\/person\\\/08f319d2bd1a0904ad9e2bfb7b15e5c3\"},\"headline\":\"Cara Consulta, i figli non sono un diritto. Sono un dono\",\"datePublished\":\"2014-06-12T14:59:45+00:00\",\"dateModified\":\"2015-06-15T14:19:37+00:00\",\"mainEntityOfPage\":{\"@id\":\"https:\\\/\\\/www.rassegnastampa-totustuus.it\\\/cattolica\\\/cara-consulta-i-figli-non-sono-un-diritto-sono-un-dono\\\/\"},\"wordCount\":731,\"publisher\":{\"@id\":\"https:\\\/\\\/www.rassegnastampa-totustuus.it\\\/cattolica\\\/#organization\"},\"image\":{\"@id\":\"https:\\\/\\\/www.rassegnastampa-totustuus.it\\\/cattolica\\\/cara-consulta-i-figli-non-sono-un-diritto-sono-un-dono\\\/#primaryimage\"},\"thumbnailUrl\":\"http:\\\/\\\/www.rassegnastampa-totustuus.it\\\/cattolica\\\/wp-content\\\/uploads\\\/2014\\\/06\\\/bimbo-regalo.jpg\",\"keywords\":[\"Bioetica\",\"fivet\"],\"articleSection\":[\"Bioetica\"],\"inLanguage\":\"it-IT\"},{\"@type\":\"WebPage\",\"@id\":\"https:\\\/\\\/www.rassegnastampa-totustuus.it\\\/cattolica\\\/cara-consulta-i-figli-non-sono-un-diritto-sono-un-dono\\\/\",\"url\":\"https:\\\/\\\/www.rassegnastampa-totustuus.it\\\/cattolica\\\/cara-consulta-i-figli-non-sono-un-diritto-sono-un-dono\\\/\",\"name\":\"Cara Consulta, i figli non sono un diritto. Sono un dono - Rassegna Stampa Cattolica\",\"isPartOf\":{\"@id\":\"https:\\\/\\\/www.rassegnastampa-totustuus.it\\\/cattolica\\\/#website\"},\"primaryImageOfPage\":{\"@id\":\"https:\\\/\\\/www.rassegnastampa-totustuus.it\\\/cattolica\\\/cara-consulta-i-figli-non-sono-un-diritto-sono-un-dono\\\/#primaryimage\"},\"image\":{\"@id\":\"https:\\\/\\\/www.rassegnastampa-totustuus.it\\\/cattolica\\\/cara-consulta-i-figli-non-sono-un-diritto-sono-un-dono\\\/#primaryimage\"},\"thumbnailUrl\":\"http:\\\/\\\/www.rassegnastampa-totustuus.it\\\/cattolica\\\/wp-content\\\/uploads\\\/2014\\\/06\\\/bimbo-regalo.jpg\",\"datePublished\":\"2014-06-12T14:59:45+00:00\",\"dateModified\":\"2015-06-15T14:19:37+00:00\",\"description\":\"Rassegna Stampa Cattolica - Per una cultura che nasce dalla Rivelazione cristiana in conformit\u00e0 alla tradizione e al Magistero della Chiesa in opposizione ad ogni relativismo e totalitarismo\",\"breadcrumb\":{\"@id\":\"https:\\\/\\\/www.rassegnastampa-totustuus.it\\\/cattolica\\\/cara-consulta-i-figli-non-sono-un-diritto-sono-un-dono\\\/#breadcrumb\"},\"inLanguage\":\"it-IT\",\"potentialAction\":[{\"@type\":\"ReadAction\",\"target\":[\"https:\\\/\\\/www.rassegnastampa-totustuus.it\\\/cattolica\\\/cara-consulta-i-figli-non-sono-un-diritto-sono-un-dono\\\/\"]}]},{\"@type\":\"ImageObject\",\"inLanguage\":\"it-IT\",\"@id\":\"https:\\\/\\\/www.rassegnastampa-totustuus.it\\\/cattolica\\\/cara-consulta-i-figli-non-sono-un-diritto-sono-un-dono\\\/#primaryimage\",\"url\":\"http:\\\/\\\/www.rassegnastampa-totustuus.it\\\/cattolica\\\/wp-content\\\/uploads\\\/2014\\\/06\\\/bimbo-regalo.jpg\",\"contentUrl\":\"http:\\\/\\\/www.rassegnastampa-totustuus.it\\\/cattolica\\\/wp-content\\\/uploads\\\/2014\\\/06\\\/bimbo-regalo.jpg\"},{\"@type\":\"BreadcrumbList\",\"@id\":\"https:\\\/\\\/www.rassegnastampa-totustuus.it\\\/cattolica\\\/cara-consulta-i-figli-non-sono-un-diritto-sono-un-dono\\\/#breadcrumb\",\"itemListElement\":[{\"@type\":\"ListItem\",\"position\":1,\"name\":\"Home\",\"item\":\"https:\\\/\\\/www.rassegnastampa-totustuus.it\\\/cattolica\\\/\"},{\"@type\":\"ListItem\",\"position\":2,\"name\":\"Cara Consulta, i figli non sono un diritto. Sono un dono\"}]},{\"@type\":\"WebSite\",\"@id\":\"https:\\\/\\\/www.rassegnastampa-totustuus.it\\\/cattolica\\\/#website\",\"url\":\"https:\\\/\\\/www.rassegnastampa-totustuus.it\\\/cattolica\\\/\",\"name\":\"Rassegna Stampa Cattolica\",\"description\":\"Per una cultura che nasce dalla Rivelazione cristiana in conformit\u00e0 alla tradizione e al Magistero della Chiesa in opposizione ad ogni relativismo e totalitarismo\",\"publisher\":{\"@id\":\"https:\\\/\\\/www.rassegnastampa-totustuus.it\\\/cattolica\\\/#organization\"},\"alternateName\":\"Rass. Cattolica\",\"potentialAction\":[{\"@type\":\"SearchAction\",\"target\":{\"@type\":\"EntryPoint\",\"urlTemplate\":\"https:\\\/\\\/www.rassegnastampa-totustuus.it\\\/cattolica\\\/?s={search_term_string}\"},\"query-input\":{\"@type\":\"PropertyValueSpecification\",\"valueRequired\":true,\"valueName\":\"search_term_string\"}}],\"inLanguage\":\"it-IT\"},{\"@type\":\"Organization\",\"@id\":\"https:\\\/\\\/www.rassegnastampa-totustuus.it\\\/cattolica\\\/#organization\",\"name\":\"Rassegna Stampa Cattolica\",\"url\":\"https:\\\/\\\/www.rassegnastampa-totustuus.it\\\/cattolica\\\/\",\"logo\":{\"@type\":\"ImageObject\",\"inLanguage\":\"it-IT\",\"@id\":\"https:\\\/\\\/www.rassegnastampa-totustuus.it\\\/cattolica\\\/#\\\/schema\\\/logo\\\/image\\\/\",\"url\":\"https:\\\/\\\/www.rassegnastampa-totustuus.it\\\/cattolica\\\/wp-content\\\/uploads\\\/2014\\\/04\\\/logo-rassegna1.gif\",\"contentUrl\":\"https:\\\/\\\/www.rassegnastampa-totustuus.it\\\/cattolica\\\/wp-content\\\/uploads\\\/2014\\\/04\\\/logo-rassegna1.gif\",\"width\":600,\"height\":163,\"caption\":\"Rassegna Stampa Cattolica\"},\"image\":{\"@id\":\"https:\\\/\\\/www.rassegnastampa-totustuus.it\\\/cattolica\\\/#\\\/schema\\\/logo\\\/image\\\/\"},\"sameAs\":[\"https:\\\/\\\/www.facebook.com\\\/rassegnastampacattolica\",\"https:\\\/\\\/x.com\\\/rassegnastampa9\"]},{\"@type\":\"Person\",\"@id\":\"https:\\\/\\\/www.rassegnastampa-totustuus.it\\\/cattolica\\\/#\\\/schema\\\/person\\\/08f319d2bd1a0904ad9e2bfb7b15e5c3\",\"name\":\"Redazione\",\"image\":{\"@type\":\"ImageObject\",\"inLanguage\":\"it-IT\",\"@id\":\"https:\\\/\\\/secure.gravatar.com\\\/avatar\\\/2fcdf27c78ea025fbdb44e914cc63c72249ffec9dc8aafd5c82b26240ef3f346?s=96&d=mm&r=g\",\"url\":\"https:\\\/\\\/secure.gravatar.com\\\/avatar\\\/2fcdf27c78ea025fbdb44e914cc63c72249ffec9dc8aafd5c82b26240ef3f346?s=96&d=mm&r=g\",\"contentUrl\":\"https:\\\/\\\/secure.gravatar.com\\\/avatar\\\/2fcdf27c78ea025fbdb44e914cc63c72249ffec9dc8aafd5c82b26240ef3f346?s=96&d=mm&r=g\",\"caption\":\"Redazione\"},\"url\":\"https:\\\/\\\/www.rassegnastampa-totustuus.it\\\/cattolica\\\/author\\\/pietroelle\\\/\"}]}<\/script>\n<!-- \/ Yoast SEO plugin. -->","yoast_head_json":{"title":"Cara Consulta, i figli non sono un diritto. Sono un dono - Rassegna Stampa Cattolica","description":"Rassegna Stampa Cattolica - Per una cultura che nasce dalla Rivelazione cristiana in conformit\u00e0 alla tradizione e al Magistero della Chiesa in opposizione ad ogni relativismo e totalitarismo","robots":{"index":"index","follow":"follow","max-snippet":"max-snippet:-1","max-image-preview":"max-image-preview:large","max-video-preview":"max-video-preview:-1"},"canonical":"https:\/\/www.rassegnastampa-totustuus.it\/cattolica\/cara-consulta-i-figli-non-sono-un-diritto-sono-un-dono\/","og_locale":"it_IT","og_type":"article","og_title":"Cara Consulta, i figli non sono un diritto. Sono un dono - Rassegna Stampa Cattolica","og_description":"Rassegna Stampa Cattolica - Per una cultura che nasce dalla Rivelazione cristiana in conformit\u00e0 alla tradizione e al Magistero della Chiesa in opposizione ad ogni relativismo e totalitarismo","og_url":"https:\/\/www.rassegnastampa-totustuus.it\/cattolica\/cara-consulta-i-figli-non-sono-un-diritto-sono-un-dono\/","og_site_name":"Rassegna Stampa Cattolica","article_publisher":"https:\/\/www.facebook.com\/rassegnastampacattolica","article_published_time":"2014-06-12T14:59:45+00:00","article_modified_time":"2015-06-15T14:19:37+00:00","og_image":[{"url":"http:\/\/www.rassegnastampa-totustuus.it\/cattolica\/wp-content\/uploads\/2014\/06\/bimbo-regalo.jpg","type":"","width":"","height":""}],"author":"Redazione","twitter_card":"summary_large_image","twitter_creator":"@rassegnastampa9","twitter_site":"@rassegnastampa9","twitter_misc":{"Scritto da":"Redazione","Tempo di lettura stimato":"4 minuti"},"schema":{"@context":"https:\/\/schema.org","@graph":[{"@type":"Article","@id":"https:\/\/www.rassegnastampa-totustuus.it\/cattolica\/cara-consulta-i-figli-non-sono-un-diritto-sono-un-dono\/#article","isPartOf":{"@id":"https:\/\/www.rassegnastampa-totustuus.it\/cattolica\/cara-consulta-i-figli-non-sono-un-diritto-sono-un-dono\/"},"author":{"name":"Redazione","@id":"https:\/\/www.rassegnastampa-totustuus.it\/cattolica\/#\/schema\/person\/08f319d2bd1a0904ad9e2bfb7b15e5c3"},"headline":"Cara Consulta, i figli non sono un diritto. Sono un dono","datePublished":"2014-06-12T14:59:45+00:00","dateModified":"2015-06-15T14:19:37+00:00","mainEntityOfPage":{"@id":"https:\/\/www.rassegnastampa-totustuus.it\/cattolica\/cara-consulta-i-figli-non-sono-un-diritto-sono-un-dono\/"},"wordCount":731,"publisher":{"@id":"https:\/\/www.rassegnastampa-totustuus.it\/cattolica\/#organization"},"image":{"@id":"https:\/\/www.rassegnastampa-totustuus.it\/cattolica\/cara-consulta-i-figli-non-sono-un-diritto-sono-un-dono\/#primaryimage"},"thumbnailUrl":"http:\/\/www.rassegnastampa-totustuus.it\/cattolica\/wp-content\/uploads\/2014\/06\/bimbo-regalo.jpg","keywords":["Bioetica","fivet"],"articleSection":["Bioetica"],"inLanguage":"it-IT"},{"@type":"WebPage","@id":"https:\/\/www.rassegnastampa-totustuus.it\/cattolica\/cara-consulta-i-figli-non-sono-un-diritto-sono-un-dono\/","url":"https:\/\/www.rassegnastampa-totustuus.it\/cattolica\/cara-consulta-i-figli-non-sono-un-diritto-sono-un-dono\/","name":"Cara Consulta, i figli non sono un diritto. Sono un dono - Rassegna Stampa Cattolica","isPartOf":{"@id":"https:\/\/www.rassegnastampa-totustuus.it\/cattolica\/#website"},"primaryImageOfPage":{"@id":"https:\/\/www.rassegnastampa-totustuus.it\/cattolica\/cara-consulta-i-figli-non-sono-un-diritto-sono-un-dono\/#primaryimage"},"image":{"@id":"https:\/\/www.rassegnastampa-totustuus.it\/cattolica\/cara-consulta-i-figli-non-sono-un-diritto-sono-un-dono\/#primaryimage"},"thumbnailUrl":"http:\/\/www.rassegnastampa-totustuus.it\/cattolica\/wp-content\/uploads\/2014\/06\/bimbo-regalo.jpg","datePublished":"2014-06-12T14:59:45+00:00","dateModified":"2015-06-15T14:19:37+00:00","description":"Rassegna Stampa Cattolica - Per una cultura che nasce dalla Rivelazione cristiana in conformit\u00e0 alla tradizione e al Magistero della Chiesa in opposizione ad ogni relativismo e totalitarismo","breadcrumb":{"@id":"https:\/\/www.rassegnastampa-totustuus.it\/cattolica\/cara-consulta-i-figli-non-sono-un-diritto-sono-un-dono\/#breadcrumb"},"inLanguage":"it-IT","potentialAction":[{"@type":"ReadAction","target":["https:\/\/www.rassegnastampa-totustuus.it\/cattolica\/cara-consulta-i-figli-non-sono-un-diritto-sono-un-dono\/"]}]},{"@type":"ImageObject","inLanguage":"it-IT","@id":"https:\/\/www.rassegnastampa-totustuus.it\/cattolica\/cara-consulta-i-figli-non-sono-un-diritto-sono-un-dono\/#primaryimage","url":"http:\/\/www.rassegnastampa-totustuus.it\/cattolica\/wp-content\/uploads\/2014\/06\/bimbo-regalo.jpg","contentUrl":"http:\/\/www.rassegnastampa-totustuus.it\/cattolica\/wp-content\/uploads\/2014\/06\/bimbo-regalo.jpg"},{"@type":"BreadcrumbList","@id":"https:\/\/www.rassegnastampa-totustuus.it\/cattolica\/cara-consulta-i-figli-non-sono-un-diritto-sono-un-dono\/#breadcrumb","itemListElement":[{"@type":"ListItem","position":1,"name":"Home","item":"https:\/\/www.rassegnastampa-totustuus.it\/cattolica\/"},{"@type":"ListItem","position":2,"name":"Cara Consulta, i figli non sono un diritto. Sono un dono"}]},{"@type":"WebSite","@id":"https:\/\/www.rassegnastampa-totustuus.it\/cattolica\/#website","url":"https:\/\/www.rassegnastampa-totustuus.it\/cattolica\/","name":"Rassegna Stampa Cattolica","description":"Per una cultura che nasce dalla Rivelazione cristiana in conformit\u00e0 alla tradizione e al Magistero della Chiesa in opposizione ad ogni relativismo e totalitarismo","publisher":{"@id":"https:\/\/www.rassegnastampa-totustuus.it\/cattolica\/#organization"},"alternateName":"Rass. Cattolica","potentialAction":[{"@type":"SearchAction","target":{"@type":"EntryPoint","urlTemplate":"https:\/\/www.rassegnastampa-totustuus.it\/cattolica\/?s={search_term_string}"},"query-input":{"@type":"PropertyValueSpecification","valueRequired":true,"valueName":"search_term_string"}}],"inLanguage":"it-IT"},{"@type":"Organization","@id":"https:\/\/www.rassegnastampa-totustuus.it\/cattolica\/#organization","name":"Rassegna Stampa Cattolica","url":"https:\/\/www.rassegnastampa-totustuus.it\/cattolica\/","logo":{"@type":"ImageObject","inLanguage":"it-IT","@id":"https:\/\/www.rassegnastampa-totustuus.it\/cattolica\/#\/schema\/logo\/image\/","url":"https:\/\/www.rassegnastampa-totustuus.it\/cattolica\/wp-content\/uploads\/2014\/04\/logo-rassegna1.gif","contentUrl":"https:\/\/www.rassegnastampa-totustuus.it\/cattolica\/wp-content\/uploads\/2014\/04\/logo-rassegna1.gif","width":600,"height":163,"caption":"Rassegna Stampa Cattolica"},"image":{"@id":"https:\/\/www.rassegnastampa-totustuus.it\/cattolica\/#\/schema\/logo\/image\/"},"sameAs":["https:\/\/www.facebook.com\/rassegnastampacattolica","https:\/\/x.com\/rassegnastampa9"]},{"@type":"Person","@id":"https:\/\/www.rassegnastampa-totustuus.it\/cattolica\/#\/schema\/person\/08f319d2bd1a0904ad9e2bfb7b15e5c3","name":"Redazione","image":{"@type":"ImageObject","inLanguage":"it-IT","@id":"https:\/\/secure.gravatar.com\/avatar\/2fcdf27c78ea025fbdb44e914cc63c72249ffec9dc8aafd5c82b26240ef3f346?s=96&d=mm&r=g","url":"https:\/\/secure.gravatar.com\/avatar\/2fcdf27c78ea025fbdb44e914cc63c72249ffec9dc8aafd5c82b26240ef3f346?s=96&d=mm&r=g","contentUrl":"https:\/\/secure.gravatar.com\/avatar\/2fcdf27c78ea025fbdb44e914cc63c72249ffec9dc8aafd5c82b26240ef3f346?s=96&d=mm&r=g","caption":"Redazione"},"url":"https:\/\/www.rassegnastampa-totustuus.it\/cattolica\/author\/pietroelle\/"}]}},"_links":{"self":[{"href":"https:\/\/www.rassegnastampa-totustuus.it\/cattolica\/wp-json\/wp\/v2\/posts\/7669","targetHints":{"allow":["GET"]}}],"collection":[{"href":"https:\/\/www.rassegnastampa-totustuus.it\/cattolica\/wp-json\/wp\/v2\/posts"}],"about":[{"href":"https:\/\/www.rassegnastampa-totustuus.it\/cattolica\/wp-json\/wp\/v2\/types\/post"}],"author":[{"embeddable":true,"href":"https:\/\/www.rassegnastampa-totustuus.it\/cattolica\/wp-json\/wp\/v2\/users\/6"}],"replies":[{"embeddable":true,"href":"https:\/\/www.rassegnastampa-totustuus.it\/cattolica\/wp-json\/wp\/v2\/comments?post=7669"}],"version-history":[{"count":3,"href":"https:\/\/www.rassegnastampa-totustuus.it\/cattolica\/wp-json\/wp\/v2\/posts\/7669\/revisions"}],"predecessor-version":[{"id":26260,"href":"https:\/\/www.rassegnastampa-totustuus.it\/cattolica\/wp-json\/wp\/v2\/posts\/7669\/revisions\/26260"}],"wp:attachment":[{"href":"https:\/\/www.rassegnastampa-totustuus.it\/cattolica\/wp-json\/wp\/v2\/media?parent=7669"}],"wp:term":[{"taxonomy":"category","embeddable":true,"href":"https:\/\/www.rassegnastampa-totustuus.it\/cattolica\/wp-json\/wp\/v2\/categories?post=7669"},{"taxonomy":"post_tag","embeddable":true,"href":"https:\/\/www.rassegnastampa-totustuus.it\/cattolica\/wp-json\/wp\/v2\/tags?post=7669"}],"curies":[{"name":"wp","href":"https:\/\/api.w.org\/{rel}","templated":true}]}}