{"id":7661,"date":"2014-06-10T09:57:44","date_gmt":"2014-06-10T07:57:44","guid":{"rendered":"http:\/\/www.rassegnastampa-totustuus.it\/cattolica\/?p=7661"},"modified":"2015-06-15T16:28:23","modified_gmt":"2015-06-15T14:28:23","slug":"manuale-di-autodifesa-dallaggressione-gender-nelle-scuole-italiane","status":"publish","type":"post","link":"https:\/\/www.rassegnastampa-totustuus.it\/cattolica\/manuale-di-autodifesa-dallaggressione-gender-nelle-scuole-italiane\/","title":{"rendered":"Manuale di autodifesa dall&#8217;aggressione gender nelle scuole italiane"},"content":{"rendered":"<p align=\"center\"><b><a href=\"https:\/\/www.rassegnastampa-totustuus.it\/cattolica\/wp-content\/uploads\/2014\/06\/gender_school.jpg\"><img loading=\"lazy\" decoding=\"async\" class=\" wp-image-7662 alignright\" src=\"https:\/\/www.rassegnastampa-totustuus.it\/cattolica\/wp-content\/uploads\/2014\/06\/gender_school.jpg\" alt=\"gender_school\" width=\"185\" height=\"216\" \/><\/a>recepito dall&#8217;A.Ge. Cremona<\/b><\/p>\n<p style=\"text-align: justify;\"><em>Mentre avanza nelle scuole italiane l\u2019offensiva dell\u2019ideologia del \u201cgenere\u201d con gli opuscoli \u201cEducare alla diversit\u00e0\u201d e le diverse iniziative collegate, il Forum delle associazioni familiari dell\u2019Umbria \u00e8 corsa ai ripari e ha predisposto un manuale per genitori con figli da 0 a 18 anni, intitolandolo \u201cDodici strumenti di autodifesa dalla teoria del gender\u201d. Indicazioni pratiche contro il rischio indottrinamento, come verificare i piani di offerta formativa prima dell\u2019iscrizione scolastica, tenersi informati sui contenuti proposti, segnalare eventuali abusi al dirigente scolastico o addirittura denunciare, in alcuni casi, il verificarsi di veri e propri episodi di violenza privata nei confronti dei figli. Il documento \u00e8 stato recepito dall&#8217;A.Ge. (Associazione Genitori) di Cremona e diffuso tra soci e simpatizzanti. Ecco i dodici punti!<\/em><\/p>\n<p style=\"text-align: justify;\"><!--more--><\/p>\n<p style=\"text-align: justify;\"><strong>Cosa fare prima di scegliere la scuola per i vostri figli<\/strong><\/p>\n<p style=\"text-align: justify;\"><b>1.<\/b> Prima dell\u2019iscrizione verificate con cura i piani dell\u2019offerta formativa (POF) e gli eventuali progetti educativi (PEI) della scuola, accertandovi che non siano previsti contenuti mutuati dalla teoria del gender. Le parole chiave a cui prestare attenzione sono: <span style=\"text-decoration: underline;\">educazione alla effettivit\u00e0<\/span>, <span style=\"text-decoration: underline;\">educazione sessuale<\/span>, <span style=\"text-decoration: underline;\">omofobia<\/span>, <span style=\"text-decoration: underline;\">superamento degli stereotipi<\/span>, <span style=\"text-decoration: underline;\">relazione tra i generi<\/span> o cose simili, tutti nomi sotto i quali spesso si nasconde l\u2019indottrinamento del gender. Ricordatevi che i genitori sono gli unici legittimati a concordare e condividere i contenuti di una seria e serena educazione alla affettivit\u00e0 dei per i loro figli, rispettandone la sensibilit\u00e0 nel contesto del valore della persona umana.<\/p>\n<p style=\"text-align: justify;\"><strong>Cosa fare all\u2019inizio dell\u2019anno scolastico<\/strong><\/p>\n<p style=\"text-align: justify;\"><b>2.<\/b> Durante le elezioni dei rappresentati di classe esplicitate la problematica del gender e candidatevi ad essere rappresentanti oppure votate persone che condividano le vostre posizioni in materia. In ogni caso tenetevi informati con gli insegnanti, i rappresentanti di classe e di istituto per conoscere in anticipo eventuali iniziative formative in materia di \u201cgender\u201d.<\/p>\n<p style=\"text-align: justify;\"><strong>Cosa fare durante l\u2019anno scolastico<\/strong><\/p>\n<p style=\"text-align: justify;\"><b>3.<\/b> Controllate ogni giorno quale \u00e8 stato il contenuto delle lezioni e almeno una volta a settimana i quaderni e i diari scolastici, parlandone con i vostri figli. Non siate in alcun modo pressanti verso i figli ma siate coinvolgenti e attenti al loro punto di vista, pronti a render ragione della vostra attenzione.<\/p>\n<p style=\"text-align: justify;\"><b>4.<\/b> Visitate spesso il sito internet della scuola per verificare che il gender non passi attraverso ulteriori lezioni extracurricolari (es. Assemblee di istituto o altre attivit\u00e0 straordinarie).<\/p>\n<p style=\"text-align: justify;\"><strong>Cosa fare se la scuola organizza corsi sul gender per genitori o insegnanti<\/strong><\/p>\n<p style=\"text-align: justify;\"><b>5.<\/b> Se le lezioni sulla teoria del gender sono dirette a genitori o insegnanti, chiedete la documentazione e confrontatevi con le associazioni di genitori o col Forum delle associazioni familiari della vostra regione per verificare e valutare i contenuti proposti, spesso lontani dalle verit\u00e0 scientifiche.<\/p>\n<p style=\"text-align: justify;\"><strong>Cosa fare se la scuola organizza lezioni o interventi sul gender per gli studenti<\/strong><\/p>\n<p style=\"text-align: justify;\"><b>6.<\/b> Date l\u2019allarme! Sentite tutti i genitori degli studenti coinvolti e convocate immediatamente una riunione informale, aperta anche agli insegnanti<\/p>\n<p style=\"text-align: justify;\"><b>7.<\/b> Chiedete (\u00e8 un vostro diritto!) di conoscere ogni dettaglio circa chi svolger\u00e0 la lezione, che contenuti saranno offerti, quale delibera ha autorizzato tale intervento formativo, quali sono le basi scientifiche che garantiscono tale insegnamento<\/p>\n<p style=\"text-align: justify;\"><b>8.<\/b> Dopo la riunione informale potrete chiedere la convocazione d\u2019urgenza di un consiglio di classe straordinario per discutere della questione, eventualmente inviando una lettera raccomandata al dirigente scolastico e per conoscenza al dirigente dell\u2019ufficio scolastico provinciale in cui chiedete le stesse informazioni e, qualora tale intervento non sia previsto dal piano dell\u2019offerta formativa, chiedere che sia annullato.<\/p>\n<p style=\"text-align: justify;\"><b>9.<\/b> Informate immediatamente le associazioni dei genitori del territorio e il forum delle associazioni familiari e, eventualmente, i consiglieri comunali e regionali del vostro territorio o i vostri parlamentari di riferimento. Ricordatevi che pi\u00f9 la notizia \u00e8 diffusa meglio \u00e8.<\/p>\n<p style=\"text-align: justify;\"><strong>Cosa fare se la scuola vuole comunque costringere i vostri figli a ricevere educazione basata sulla teoria del gender nonostante le vostre iniziative<\/strong><\/p>\n<p style=\"text-align: justify;\"><b>10.<\/b> Nel caso in cui la scuola rifiuti di ascoltare ogni vostra richiesta, inviate una raccomandata al dirigente scolastico e per conoscenza al dirigente provinciale in cui chiedete che l\u2019iniziativa sia immediatamente sospesa e comunicate che in caso contrario eserciterete il vostro diritto di educare la prole come sancito dall\u2019art. 30 della Costituzione e che pertanto, nelle sole ore in cui si svolgeranno tali lezioni terrete i vostri figli a casa<\/p>\n<p style=\"text-align: justify;\"><b>11.<\/b> Fatevi aiutare dalle associazioni di genitori o dal Forum delle associazioni familiari per ogni azione pi\u00f9 decisa quale, ad esempio, la segnalazione al ministero di eventuali abusi oppure eventuali ricorsi al TAR oppure per la redazione di formali diffide.<\/p>\n<p style=\"text-align: justify;\"><strong>Cosa fare IN OGNI CASO<\/strong><\/p>\n<p style=\"text-align: justify;\"><b>12.<\/b> Custodite i vostri figli, alleatevi con loro, fornite loro fin da ora un adeguato supporto formativo e scientifico in base alla loro et\u00e0 cos\u00ec da proteggerli e prepararli a fronteggiare la teoria del gender. Spiegate loro il perch\u00e9 di ogni vostra azione, coinvolgendoli nelle scelte della famiglia. Fate in modo che non si sentano mai soli in ogni vostra iniziativa, ma coinvolgete anche altri genitori e conseguentemente anche altri loro compagni di classe. L\u2019unione fa la forza. Anche in questo caso.<\/p>\n","protected":false},"excerpt":{"rendered":"<p>recepito dall&#8217;A.Ge. Cremona Mentre avanza nelle scuole italiane l\u2019offensiva dell\u2019ideologia del \u201cgenere\u201d con gli opuscoli \u201cEducare alla diversit\u00e0\u201d e le diverse iniziative collegate, il Forum delle associazioni familiari dell\u2019Umbria \u00e8 corsa ai ripari e ha predisposto un manuale per genitori con figli da 0 a 18 anni, intitolandolo \u201cDodici strumenti di autodifesa dalla teoria del &hellip; <\/p>\n<p><a class=\"more-link btn\" href=\"https:\/\/www.rassegnastampa-totustuus.it\/cattolica\/manuale-di-autodifesa-dallaggressione-gender-nelle-scuole-italiane\/\">Continua a leggere<\/a><\/p>\n","protected":false},"author":6,"featured_media":7662,"comment_status":"closed","ping_status":"closed","sticky":false,"template":"","format":"standard","meta":{"footnotes":""},"categories":[125],"tags":[437],"class_list":["post-7661","post","type-post","status-publish","format-standard","has-post-thumbnail","hentry","category-ideologia-del-gender","tag-ideologia-del-gender-2","item-wrap"],"yoast_head":"<!-- This site is optimized with the Yoast SEO plugin v27.4 - https:\/\/yoast.com\/product\/yoast-seo-wordpress\/ -->\n<title>Manuale di autodifesa dall&#039;aggressione gender nelle scuole italiane - Rassegna Stampa Cattolica<\/title>\n<meta name=\"description\" content=\"Rassegna Stampa Cattolica - Per una cultura che nasce dalla Rivelazione cristiana in conformit\u00e0 alla tradizione e al Magistero della Chiesa in opposizione ad ogni relativismo e totalitarismo\" \/>\n<meta name=\"robots\" content=\"index, follow, max-snippet:-1, max-image-preview:large, max-video-preview:-1\" \/>\n<link rel=\"canonical\" href=\"https:\/\/www.rassegnastampa-totustuus.it\/cattolica\/manuale-di-autodifesa-dallaggressione-gender-nelle-scuole-italiane\/\" \/>\n<meta property=\"og:locale\" content=\"it_IT\" \/>\n<meta property=\"og:type\" content=\"article\" \/>\n<meta property=\"og:title\" content=\"Manuale di autodifesa dall&#039;aggressione gender nelle scuole italiane - Rassegna Stampa Cattolica\" \/>\n<meta property=\"og:description\" content=\"Rassegna Stampa Cattolica - Per una cultura che nasce dalla Rivelazione cristiana in conformit\u00e0 alla tradizione e al Magistero della Chiesa in opposizione ad ogni relativismo e totalitarismo\" \/>\n<meta property=\"og:url\" content=\"https:\/\/www.rassegnastampa-totustuus.it\/cattolica\/manuale-di-autodifesa-dallaggressione-gender-nelle-scuole-italiane\/\" \/>\n<meta property=\"og:site_name\" content=\"Rassegna Stampa Cattolica\" \/>\n<meta property=\"article:publisher\" content=\"https:\/\/www.facebook.com\/rassegnastampacattolica\" \/>\n<meta property=\"article:published_time\" content=\"2014-06-10T07:57:44+00:00\" \/>\n<meta property=\"article:modified_time\" content=\"2015-06-15T14:28:23+00:00\" \/>\n<meta property=\"og:image\" content=\"https:\/\/www.rassegnastampa-totustuus.it\/cattolica\/wp-content\/uploads\/2014\/06\/gender_school.jpg\" \/>\n\t<meta property=\"og:image:width\" content=\"114\" \/>\n\t<meta property=\"og:image:height\" content=\"145\" \/>\n\t<meta property=\"og:image:type\" content=\"image\/jpeg\" \/>\n<meta name=\"author\" content=\"Redazione\" \/>\n<meta name=\"twitter:card\" content=\"summary_large_image\" \/>\n<meta name=\"twitter:creator\" content=\"@rassegnastampa9\" \/>\n<meta name=\"twitter:site\" content=\"@rassegnastampa9\" \/>\n<meta name=\"twitter:label1\" content=\"Scritto da\" \/>\n\t<meta name=\"twitter:data1\" content=\"Redazione\" \/>\n\t<meta name=\"twitter:label2\" content=\"Tempo di lettura stimato\" \/>\n\t<meta name=\"twitter:data2\" content=\"4 minuti\" \/>\n<script type=\"application\/ld+json\" class=\"yoast-schema-graph\">{\"@context\":\"https:\\\/\\\/schema.org\",\"@graph\":[{\"@type\":\"Article\",\"@id\":\"https:\\\/\\\/www.rassegnastampa-totustuus.it\\\/cattolica\\\/manuale-di-autodifesa-dallaggressione-gender-nelle-scuole-italiane\\\/#article\",\"isPartOf\":{\"@id\":\"https:\\\/\\\/www.rassegnastampa-totustuus.it\\\/cattolica\\\/manuale-di-autodifesa-dallaggressione-gender-nelle-scuole-italiane\\\/\"},\"author\":{\"name\":\"Redazione\",\"@id\":\"https:\\\/\\\/www.rassegnastampa-totustuus.it\\\/cattolica\\\/#\\\/schema\\\/person\\\/08f319d2bd1a0904ad9e2bfb7b15e5c3\"},\"headline\":\"Manuale di autodifesa dall&#8217;aggressione gender nelle scuole italiane\",\"datePublished\":\"2014-06-10T07:57:44+00:00\",\"dateModified\":\"2015-06-15T14:28:23+00:00\",\"mainEntityOfPage\":{\"@id\":\"https:\\\/\\\/www.rassegnastampa-totustuus.it\\\/cattolica\\\/manuale-di-autodifesa-dallaggressione-gender-nelle-scuole-italiane\\\/\"},\"wordCount\":835,\"publisher\":{\"@id\":\"https:\\\/\\\/www.rassegnastampa-totustuus.it\\\/cattolica\\\/#organization\"},\"image\":{\"@id\":\"https:\\\/\\\/www.rassegnastampa-totustuus.it\\\/cattolica\\\/manuale-di-autodifesa-dallaggressione-gender-nelle-scuole-italiane\\\/#primaryimage\"},\"thumbnailUrl\":\"https:\\\/\\\/www.rassegnastampa-totustuus.it\\\/cattolica\\\/wp-content\\\/uploads\\\/2014\\\/06\\\/gender_school.jpg\",\"keywords\":[\"ideologia del gender\"],\"articleSection\":[\"Ideologia del gender\"],\"inLanguage\":\"it-IT\"},{\"@type\":\"WebPage\",\"@id\":\"https:\\\/\\\/www.rassegnastampa-totustuus.it\\\/cattolica\\\/manuale-di-autodifesa-dallaggressione-gender-nelle-scuole-italiane\\\/\",\"url\":\"https:\\\/\\\/www.rassegnastampa-totustuus.it\\\/cattolica\\\/manuale-di-autodifesa-dallaggressione-gender-nelle-scuole-italiane\\\/\",\"name\":\"Manuale di autodifesa dall'aggressione gender nelle scuole italiane - Rassegna Stampa Cattolica\",\"isPartOf\":{\"@id\":\"https:\\\/\\\/www.rassegnastampa-totustuus.it\\\/cattolica\\\/#website\"},\"primaryImageOfPage\":{\"@id\":\"https:\\\/\\\/www.rassegnastampa-totustuus.it\\\/cattolica\\\/manuale-di-autodifesa-dallaggressione-gender-nelle-scuole-italiane\\\/#primaryimage\"},\"image\":{\"@id\":\"https:\\\/\\\/www.rassegnastampa-totustuus.it\\\/cattolica\\\/manuale-di-autodifesa-dallaggressione-gender-nelle-scuole-italiane\\\/#primaryimage\"},\"thumbnailUrl\":\"https:\\\/\\\/www.rassegnastampa-totustuus.it\\\/cattolica\\\/wp-content\\\/uploads\\\/2014\\\/06\\\/gender_school.jpg\",\"datePublished\":\"2014-06-10T07:57:44+00:00\",\"dateModified\":\"2015-06-15T14:28:23+00:00\",\"description\":\"Rassegna Stampa Cattolica - Per una cultura che nasce dalla Rivelazione cristiana in conformit\u00e0 alla tradizione e al Magistero della Chiesa in opposizione ad ogni relativismo e totalitarismo\",\"breadcrumb\":{\"@id\":\"https:\\\/\\\/www.rassegnastampa-totustuus.it\\\/cattolica\\\/manuale-di-autodifesa-dallaggressione-gender-nelle-scuole-italiane\\\/#breadcrumb\"},\"inLanguage\":\"it-IT\",\"potentialAction\":[{\"@type\":\"ReadAction\",\"target\":[\"https:\\\/\\\/www.rassegnastampa-totustuus.it\\\/cattolica\\\/manuale-di-autodifesa-dallaggressione-gender-nelle-scuole-italiane\\\/\"]}]},{\"@type\":\"ImageObject\",\"inLanguage\":\"it-IT\",\"@id\":\"https:\\\/\\\/www.rassegnastampa-totustuus.it\\\/cattolica\\\/manuale-di-autodifesa-dallaggressione-gender-nelle-scuole-italiane\\\/#primaryimage\",\"url\":\"https:\\\/\\\/www.rassegnastampa-totustuus.it\\\/cattolica\\\/wp-content\\\/uploads\\\/2014\\\/06\\\/gender_school.jpg\",\"contentUrl\":\"https:\\\/\\\/www.rassegnastampa-totustuus.it\\\/cattolica\\\/wp-content\\\/uploads\\\/2014\\\/06\\\/gender_school.jpg\",\"width\":114,\"height\":145},{\"@type\":\"BreadcrumbList\",\"@id\":\"https:\\\/\\\/www.rassegnastampa-totustuus.it\\\/cattolica\\\/manuale-di-autodifesa-dallaggressione-gender-nelle-scuole-italiane\\\/#breadcrumb\",\"itemListElement\":[{\"@type\":\"ListItem\",\"position\":1,\"name\":\"Home\",\"item\":\"https:\\\/\\\/www.rassegnastampa-totustuus.it\\\/cattolica\\\/\"},{\"@type\":\"ListItem\",\"position\":2,\"name\":\"Manuale di autodifesa dall&#8217;aggressione gender nelle scuole italiane\"}]},{\"@type\":\"WebSite\",\"@id\":\"https:\\\/\\\/www.rassegnastampa-totustuus.it\\\/cattolica\\\/#website\",\"url\":\"https:\\\/\\\/www.rassegnastampa-totustuus.it\\\/cattolica\\\/\",\"name\":\"Rassegna Stampa Cattolica\",\"description\":\"Per una cultura che nasce dalla Rivelazione cristiana in conformit\u00e0 alla tradizione e al Magistero della Chiesa in opposizione ad ogni relativismo e totalitarismo\",\"publisher\":{\"@id\":\"https:\\\/\\\/www.rassegnastampa-totustuus.it\\\/cattolica\\\/#organization\"},\"alternateName\":\"Rass. Cattolica\",\"potentialAction\":[{\"@type\":\"SearchAction\",\"target\":{\"@type\":\"EntryPoint\",\"urlTemplate\":\"https:\\\/\\\/www.rassegnastampa-totustuus.it\\\/cattolica\\\/?s={search_term_string}\"},\"query-input\":{\"@type\":\"PropertyValueSpecification\",\"valueRequired\":true,\"valueName\":\"search_term_string\"}}],\"inLanguage\":\"it-IT\"},{\"@type\":\"Organization\",\"@id\":\"https:\\\/\\\/www.rassegnastampa-totustuus.it\\\/cattolica\\\/#organization\",\"name\":\"Rassegna Stampa Cattolica\",\"url\":\"https:\\\/\\\/www.rassegnastampa-totustuus.it\\\/cattolica\\\/\",\"logo\":{\"@type\":\"ImageObject\",\"inLanguage\":\"it-IT\",\"@id\":\"https:\\\/\\\/www.rassegnastampa-totustuus.it\\\/cattolica\\\/#\\\/schema\\\/logo\\\/image\\\/\",\"url\":\"https:\\\/\\\/www.rassegnastampa-totustuus.it\\\/cattolica\\\/wp-content\\\/uploads\\\/2014\\\/04\\\/logo-rassegna1.gif\",\"contentUrl\":\"https:\\\/\\\/www.rassegnastampa-totustuus.it\\\/cattolica\\\/wp-content\\\/uploads\\\/2014\\\/04\\\/logo-rassegna1.gif\",\"width\":600,\"height\":163,\"caption\":\"Rassegna Stampa Cattolica\"},\"image\":{\"@id\":\"https:\\\/\\\/www.rassegnastampa-totustuus.it\\\/cattolica\\\/#\\\/schema\\\/logo\\\/image\\\/\"},\"sameAs\":[\"https:\\\/\\\/www.facebook.com\\\/rassegnastampacattolica\",\"https:\\\/\\\/x.com\\\/rassegnastampa9\"]},{\"@type\":\"Person\",\"@id\":\"https:\\\/\\\/www.rassegnastampa-totustuus.it\\\/cattolica\\\/#\\\/schema\\\/person\\\/08f319d2bd1a0904ad9e2bfb7b15e5c3\",\"name\":\"Redazione\",\"image\":{\"@type\":\"ImageObject\",\"inLanguage\":\"it-IT\",\"@id\":\"https:\\\/\\\/secure.gravatar.com\\\/avatar\\\/2fcdf27c78ea025fbdb44e914cc63c72249ffec9dc8aafd5c82b26240ef3f346?s=96&d=mm&r=g\",\"url\":\"https:\\\/\\\/secure.gravatar.com\\\/avatar\\\/2fcdf27c78ea025fbdb44e914cc63c72249ffec9dc8aafd5c82b26240ef3f346?s=96&d=mm&r=g\",\"contentUrl\":\"https:\\\/\\\/secure.gravatar.com\\\/avatar\\\/2fcdf27c78ea025fbdb44e914cc63c72249ffec9dc8aafd5c82b26240ef3f346?s=96&d=mm&r=g\",\"caption\":\"Redazione\"},\"url\":\"https:\\\/\\\/www.rassegnastampa-totustuus.it\\\/cattolica\\\/author\\\/pietroelle\\\/\"}]}<\/script>\n<!-- \/ Yoast SEO plugin. -->","yoast_head_json":{"title":"Manuale di autodifesa dall'aggressione gender nelle scuole italiane - Rassegna Stampa Cattolica","description":"Rassegna Stampa Cattolica - Per una cultura che nasce dalla Rivelazione cristiana in conformit\u00e0 alla tradizione e al Magistero della Chiesa in opposizione ad ogni relativismo e totalitarismo","robots":{"index":"index","follow":"follow","max-snippet":"max-snippet:-1","max-image-preview":"max-image-preview:large","max-video-preview":"max-video-preview:-1"},"canonical":"https:\/\/www.rassegnastampa-totustuus.it\/cattolica\/manuale-di-autodifesa-dallaggressione-gender-nelle-scuole-italiane\/","og_locale":"it_IT","og_type":"article","og_title":"Manuale di autodifesa dall'aggressione gender nelle scuole italiane - Rassegna Stampa Cattolica","og_description":"Rassegna Stampa Cattolica - Per una cultura che nasce dalla Rivelazione cristiana in conformit\u00e0 alla tradizione e al Magistero della Chiesa in opposizione ad ogni relativismo e totalitarismo","og_url":"https:\/\/www.rassegnastampa-totustuus.it\/cattolica\/manuale-di-autodifesa-dallaggressione-gender-nelle-scuole-italiane\/","og_site_name":"Rassegna Stampa Cattolica","article_publisher":"https:\/\/www.facebook.com\/rassegnastampacattolica","article_published_time":"2014-06-10T07:57:44+00:00","article_modified_time":"2015-06-15T14:28:23+00:00","og_image":[{"width":114,"height":145,"url":"https:\/\/www.rassegnastampa-totustuus.it\/cattolica\/wp-content\/uploads\/2014\/06\/gender_school.jpg","type":"image\/jpeg"}],"author":"Redazione","twitter_card":"summary_large_image","twitter_creator":"@rassegnastampa9","twitter_site":"@rassegnastampa9","twitter_misc":{"Scritto da":"Redazione","Tempo di lettura stimato":"4 minuti"},"schema":{"@context":"https:\/\/schema.org","@graph":[{"@type":"Article","@id":"https:\/\/www.rassegnastampa-totustuus.it\/cattolica\/manuale-di-autodifesa-dallaggressione-gender-nelle-scuole-italiane\/#article","isPartOf":{"@id":"https:\/\/www.rassegnastampa-totustuus.it\/cattolica\/manuale-di-autodifesa-dallaggressione-gender-nelle-scuole-italiane\/"},"author":{"name":"Redazione","@id":"https:\/\/www.rassegnastampa-totustuus.it\/cattolica\/#\/schema\/person\/08f319d2bd1a0904ad9e2bfb7b15e5c3"},"headline":"Manuale di autodifesa dall&#8217;aggressione gender nelle scuole italiane","datePublished":"2014-06-10T07:57:44+00:00","dateModified":"2015-06-15T14:28:23+00:00","mainEntityOfPage":{"@id":"https:\/\/www.rassegnastampa-totustuus.it\/cattolica\/manuale-di-autodifesa-dallaggressione-gender-nelle-scuole-italiane\/"},"wordCount":835,"publisher":{"@id":"https:\/\/www.rassegnastampa-totustuus.it\/cattolica\/#organization"},"image":{"@id":"https:\/\/www.rassegnastampa-totustuus.it\/cattolica\/manuale-di-autodifesa-dallaggressione-gender-nelle-scuole-italiane\/#primaryimage"},"thumbnailUrl":"https:\/\/www.rassegnastampa-totustuus.it\/cattolica\/wp-content\/uploads\/2014\/06\/gender_school.jpg","keywords":["ideologia del gender"],"articleSection":["Ideologia del gender"],"inLanguage":"it-IT"},{"@type":"WebPage","@id":"https:\/\/www.rassegnastampa-totustuus.it\/cattolica\/manuale-di-autodifesa-dallaggressione-gender-nelle-scuole-italiane\/","url":"https:\/\/www.rassegnastampa-totustuus.it\/cattolica\/manuale-di-autodifesa-dallaggressione-gender-nelle-scuole-italiane\/","name":"Manuale di autodifesa dall'aggressione gender nelle scuole italiane - Rassegna Stampa Cattolica","isPartOf":{"@id":"https:\/\/www.rassegnastampa-totustuus.it\/cattolica\/#website"},"primaryImageOfPage":{"@id":"https:\/\/www.rassegnastampa-totustuus.it\/cattolica\/manuale-di-autodifesa-dallaggressione-gender-nelle-scuole-italiane\/#primaryimage"},"image":{"@id":"https:\/\/www.rassegnastampa-totustuus.it\/cattolica\/manuale-di-autodifesa-dallaggressione-gender-nelle-scuole-italiane\/#primaryimage"},"thumbnailUrl":"https:\/\/www.rassegnastampa-totustuus.it\/cattolica\/wp-content\/uploads\/2014\/06\/gender_school.jpg","datePublished":"2014-06-10T07:57:44+00:00","dateModified":"2015-06-15T14:28:23+00:00","description":"Rassegna Stampa Cattolica - Per una cultura che nasce dalla Rivelazione cristiana in conformit\u00e0 alla tradizione e al Magistero della Chiesa in opposizione ad ogni relativismo e totalitarismo","breadcrumb":{"@id":"https:\/\/www.rassegnastampa-totustuus.it\/cattolica\/manuale-di-autodifesa-dallaggressione-gender-nelle-scuole-italiane\/#breadcrumb"},"inLanguage":"it-IT","potentialAction":[{"@type":"ReadAction","target":["https:\/\/www.rassegnastampa-totustuus.it\/cattolica\/manuale-di-autodifesa-dallaggressione-gender-nelle-scuole-italiane\/"]}]},{"@type":"ImageObject","inLanguage":"it-IT","@id":"https:\/\/www.rassegnastampa-totustuus.it\/cattolica\/manuale-di-autodifesa-dallaggressione-gender-nelle-scuole-italiane\/#primaryimage","url":"https:\/\/www.rassegnastampa-totustuus.it\/cattolica\/wp-content\/uploads\/2014\/06\/gender_school.jpg","contentUrl":"https:\/\/www.rassegnastampa-totustuus.it\/cattolica\/wp-content\/uploads\/2014\/06\/gender_school.jpg","width":114,"height":145},{"@type":"BreadcrumbList","@id":"https:\/\/www.rassegnastampa-totustuus.it\/cattolica\/manuale-di-autodifesa-dallaggressione-gender-nelle-scuole-italiane\/#breadcrumb","itemListElement":[{"@type":"ListItem","position":1,"name":"Home","item":"https:\/\/www.rassegnastampa-totustuus.it\/cattolica\/"},{"@type":"ListItem","position":2,"name":"Manuale di autodifesa dall&#8217;aggressione gender nelle scuole italiane"}]},{"@type":"WebSite","@id":"https:\/\/www.rassegnastampa-totustuus.it\/cattolica\/#website","url":"https:\/\/www.rassegnastampa-totustuus.it\/cattolica\/","name":"Rassegna Stampa Cattolica","description":"Per una cultura che nasce dalla Rivelazione cristiana in conformit\u00e0 alla tradizione e al Magistero della Chiesa in opposizione ad ogni relativismo e totalitarismo","publisher":{"@id":"https:\/\/www.rassegnastampa-totustuus.it\/cattolica\/#organization"},"alternateName":"Rass. Cattolica","potentialAction":[{"@type":"SearchAction","target":{"@type":"EntryPoint","urlTemplate":"https:\/\/www.rassegnastampa-totustuus.it\/cattolica\/?s={search_term_string}"},"query-input":{"@type":"PropertyValueSpecification","valueRequired":true,"valueName":"search_term_string"}}],"inLanguage":"it-IT"},{"@type":"Organization","@id":"https:\/\/www.rassegnastampa-totustuus.it\/cattolica\/#organization","name":"Rassegna Stampa Cattolica","url":"https:\/\/www.rassegnastampa-totustuus.it\/cattolica\/","logo":{"@type":"ImageObject","inLanguage":"it-IT","@id":"https:\/\/www.rassegnastampa-totustuus.it\/cattolica\/#\/schema\/logo\/image\/","url":"https:\/\/www.rassegnastampa-totustuus.it\/cattolica\/wp-content\/uploads\/2014\/04\/logo-rassegna1.gif","contentUrl":"https:\/\/www.rassegnastampa-totustuus.it\/cattolica\/wp-content\/uploads\/2014\/04\/logo-rassegna1.gif","width":600,"height":163,"caption":"Rassegna Stampa Cattolica"},"image":{"@id":"https:\/\/www.rassegnastampa-totustuus.it\/cattolica\/#\/schema\/logo\/image\/"},"sameAs":["https:\/\/www.facebook.com\/rassegnastampacattolica","https:\/\/x.com\/rassegnastampa9"]},{"@type":"Person","@id":"https:\/\/www.rassegnastampa-totustuus.it\/cattolica\/#\/schema\/person\/08f319d2bd1a0904ad9e2bfb7b15e5c3","name":"Redazione","image":{"@type":"ImageObject","inLanguage":"it-IT","@id":"https:\/\/secure.gravatar.com\/avatar\/2fcdf27c78ea025fbdb44e914cc63c72249ffec9dc8aafd5c82b26240ef3f346?s=96&d=mm&r=g","url":"https:\/\/secure.gravatar.com\/avatar\/2fcdf27c78ea025fbdb44e914cc63c72249ffec9dc8aafd5c82b26240ef3f346?s=96&d=mm&r=g","contentUrl":"https:\/\/secure.gravatar.com\/avatar\/2fcdf27c78ea025fbdb44e914cc63c72249ffec9dc8aafd5c82b26240ef3f346?s=96&d=mm&r=g","caption":"Redazione"},"url":"https:\/\/www.rassegnastampa-totustuus.it\/cattolica\/author\/pietroelle\/"}]}},"_links":{"self":[{"href":"https:\/\/www.rassegnastampa-totustuus.it\/cattolica\/wp-json\/wp\/v2\/posts\/7661","targetHints":{"allow":["GET"]}}],"collection":[{"href":"https:\/\/www.rassegnastampa-totustuus.it\/cattolica\/wp-json\/wp\/v2\/posts"}],"about":[{"href":"https:\/\/www.rassegnastampa-totustuus.it\/cattolica\/wp-json\/wp\/v2\/types\/post"}],"author":[{"embeddable":true,"href":"https:\/\/www.rassegnastampa-totustuus.it\/cattolica\/wp-json\/wp\/v2\/users\/6"}],"replies":[{"embeddable":true,"href":"https:\/\/www.rassegnastampa-totustuus.it\/cattolica\/wp-json\/wp\/v2\/comments?post=7661"}],"version-history":[{"count":2,"href":"https:\/\/www.rassegnastampa-totustuus.it\/cattolica\/wp-json\/wp\/v2\/posts\/7661\/revisions"}],"predecessor-version":[{"id":26263,"href":"https:\/\/www.rassegnastampa-totustuus.it\/cattolica\/wp-json\/wp\/v2\/posts\/7661\/revisions\/26263"}],"wp:featuredmedia":[{"embeddable":true,"href":"https:\/\/www.rassegnastampa-totustuus.it\/cattolica\/wp-json\/wp\/v2\/media\/7662"}],"wp:attachment":[{"href":"https:\/\/www.rassegnastampa-totustuus.it\/cattolica\/wp-json\/wp\/v2\/media?parent=7661"}],"wp:term":[{"taxonomy":"category","embeddable":true,"href":"https:\/\/www.rassegnastampa-totustuus.it\/cattolica\/wp-json\/wp\/v2\/categories?post=7661"},{"taxonomy":"post_tag","embeddable":true,"href":"https:\/\/www.rassegnastampa-totustuus.it\/cattolica\/wp-json\/wp\/v2\/tags?post=7661"}],"curies":[{"name":"wp","href":"https:\/\/api.w.org\/{rel}","templated":true}]}}