{"id":7655,"date":"2014-06-06T12:19:37","date_gmt":"2014-06-06T10:19:37","guid":{"rendered":"http:\/\/www.rassegnastampa-totustuus.it\/cattolica\/?p=7655"},"modified":"2015-06-15T16:24:51","modified_gmt":"2015-06-15T14:24:51","slug":"una-pastorale-senza-dottrina-no-grazie","status":"publish","type":"post","link":"https:\/\/www.rassegnastampa-totustuus.it\/cattolica\/una-pastorale-senza-dottrina-no-grazie\/","title":{"rendered":"Una pastorale senza dottrina? No, grazie"},"content":{"rendered":"<p style=\"text-align: center;\"><strong><a href=\"https:\/\/www.rassegnastampa-totustuus.it\/cattolica\/wp-content\/uploads\/2014\/06\/Luigi-Negri.jpg\"><img loading=\"lazy\" decoding=\"async\" class=\" wp-image-7658 alignright\" src=\"https:\/\/www.rassegnastampa-totustuus.it\/cattolica\/wp-content\/uploads\/2014\/06\/Luigi-Negri.jpg\" alt=\"Luigi Negri\" width=\"160\" height=\"198\" \/><\/a>Studi cattolici<\/strong> n.636 Febbraio 2014<\/p>\n<p style=\"text-align: center;\">di mons.<strong> Luigi Negri<\/strong><\/p>\n<p style=\"text-align: justify;\">Credo che sia innegabile, almeno per le persone dotate di buon senso, ancor prima e pi\u00f9 profondamente che di un&#8217;autentica coscienza ecclesiale, che la Chiesa e la societ\u00e0 vivono un periodo di estrema confusione. Epoca in cui posizioni diverse, il pi\u00f9 delle volte senza adeguate motivazioni, vengono affermate come posizioni oggettivamente valide e pertanto indiscutibili.<\/p>\n<p style=\"text-align: justify;\">In questo intreccio di banalit\u00e0, di veri e propri tradimenti nei confronti della tradizione teologica e magisteriale, di irruzione dei mass media in cui, come metteva in guardia tanti anni fa il Papa Paolo VI, la mentalit\u00e0 laicista tenta di dettare le linee interpretative della fede e dei suoi contenuti fondamentali, si rende necessario e doveroso indicare alcune linee di riflessione e di approfondimento.<\/p>\n<p style=\"text-align: justify;\"><!--more--><\/p>\n<p style=\"text-align: justify;\"><b>La prima osservazione<\/b> riguarda la contrapposizione fra dottrina e pastorale, con una scelta che si porrebbe come esclusiva della pastorale nei confronti della dottrina. Questa distinzione, e divisione, non ha alcun fondamento di carattere magisteriale e neppure teologico. L&#8217;evento cristiano \u00e8 un evento di vita, e quindi di dottrina, perch\u00e9 \u00e8 la presentazione della verit\u00e0 di Dio e quindi della verit\u00e0 dell&#8217;uomo che, fin dai primi tempi, ha assunto una precisa modalit\u00e0 d&#8217;essere affermata e comunicata. Basterebbe ricordare il peso enorme che, nei primi secoli del cristianesimo, ha avuto la forte interrelazione tra dottrina e pastorale nelle professioni di fede delle varie Chiese locali e il loro influsso sulle grandi prese di posizione conciliari nei primi sette secoli della Chiesa, poi sviluppatesi nel magistero ordinario del Papa e dei Vescovi.<\/p>\n<p style=\"text-align: justify;\">Il problema \u00e8 che il cristianesimo non \u00e8 una verit\u00e0, ma vive e propone la verit\u00e0, che non \u00e8 soltanto recepita intellettualmente ma, in quanto accolta esistenzialmente, diventa un movimento di vita. La pastorale sta alla dottrina come l&#8217;accoglimento della verit\u00e0, la sua custodia, la sua maturazione critica; \u00e8 il tentativo di rendere vitale la verit\u00e0 che la dottrina proclama nella dimensione personale, famigliare e sociale. Mi piacerebbe chiedere a qualcuno dei fautori di questa distinzione e separazione netta fra dottrina e pastorale: su che cosa si fonderebbe la pastorale se non si fonda pi\u00f9 sulla dottrina?<\/p>\n<p style=\"text-align: justify;\">Perch\u00e9 sembra non debba pi\u00f9 fondarsi, pena il consegnarsi a una posizione ideologica e quindi superata della Chiesa. Su che cosa si fonderebbe questa pastorale? Che \u00e8 come chiedersi, in perfetta analogia, su che cosa si fonda l&#8217;etica se non sulla verit\u00e0? Se non si fonda sulla verit\u00e0, la pastorale si fonder\u00e0 allora su ci\u00f2 che l&#8217;ideologia mondana suggerisce o propone come indiscutibile. In alcune di queste posizioni \u00abteologiche\u00bb (e scriviamo teologiche con un misto di sgomento e di tendenza alla comicit\u00e0) chi legge ci\u00f2 che sta dietro questi suggerimenti, che devono essere innovativi perch\u00e9 di rottura con tutto quello che si \u00e8 praticato finora, si accorge che il retroterra \u00e8 il massmediaticamente corretto, ovvero ci\u00f2 che \u00e8 sentito giusto statisticamente dalla maggioranza, anche quando \u00e8 una maggioranza costruita falsamente attraverso le pressioni invasive dei mass media.<\/p>\n<p style=\"text-align: justify;\">Questo \u00e8 ci\u00f2 su cui la pastorale, e ogni attivit\u00e0 di carattere pratico, deve misurarsi. \u00c8 chiaro dunque che il fondamento dell&#8217;azione che dovrebbe nascere dalla fede, nasce invece dall&#8217;ideologia mondana. Tutt&#8217;altra \u00e8 stata per secoli l&#8217;esperienza della Chiesa: la verit\u00e0 si protendeva nella pastorale. San Carlo Borromeo definiva il vescovo, il pastore della Chiesa, colui che doveva vivere e proporre la carit\u00e0 pastorale verso il gregge; che cura il popolo, la sua maturazione culturale, morale, la sua educazione piena e integrale, in cui la personalit\u00e0 cristiana e quella umana si sintetizzano adeguatamente. Questo credo sia un dato della tradizione che certamente non deve essere ripetuto pedissequamente, ma non deve essere n\u00e9 distrutto e n\u00e9 superato in modo insensato.<\/p>\n<p style=\"text-align: justify;\"><b>Seconda osservazione.<\/b> Certamente la Chiesa nello svolgere la sua attivit\u00e0, che \u00e8 insieme dunque dottrinale e pastorale, deve misurarsi con la realt\u00e0 obiettiva non tanto del mondo &#8211; termine su cui occorrerebbero distinzioni che purtroppo non si fanno pi\u00f9 e che quindi rendono del tutto convenzionale e quasi equivoco farvi riferimento &#8211; ma, come ci ha ricordato bene il Concilio Vaticano II rinnovando un insegnamento permanente, con i problemi reali degli uomini che vivono in una determinata situazione e che sono coinvolti, consapevolmente o meno, in opzioni di carattere culturale e soggetti a forti pressioni ideologiche.<\/p>\n<p style=\"text-align: justify;\">A questo proposito che la famiglia sia stata sottoposta negli ultimi decenni a un tipo di pressione di carattere ideologico, che di fatto ha teso a snaturare la sua identit\u00e0, la sua immagine nella Chiesa e nel mondo, \u00e8 certamente un dato da tenere in considerazione. Non si pu\u00f2 pertanto riproporre la dottrina come se non fossero avvenute tali trasformazioni. La riproposizione dell&#8217;immagine della famiglia nella sua integralit\u00e0, comporta un necessario dialogo vivo e capace di assumere le attuali problematiche della vita sociale.<\/p>\n<p style=\"text-align: justify;\">Quale che sia la situazione non \u00e8 mai un valore ma \u00e8 una sfida ai valori, e i valori \u2014 in questo caso per esempio l&#8217;immagine cristiana cattolica di famiglia, in cui si realizza pienamente la famiglia naturale &#8211; devono essere in grado di ricevere tutte le sfide del nostro tempo, e dunque riproporre oggi il permanente insegnamento di Cristo e della Chiesa sulla famiglia in un modo che riesca il pi\u00f9 possibile a rispondere alle problematiche nuove, e talora devastanti, che gli uomini incontrano in tale ambito.<\/p>\n<p style=\"text-align: justify;\">Percorrere un&#8217;altra strada, come viene proposto di fare, avrebbe semplicemente il carattere di un tradimento del cristianesimo. Il cristianesimo non dipende dalla situazione ma investe, dialoga, qualche volta si oppone alla situazione ma solo per rendere possibile l&#8217;annunzio di Cristo e la comunicazione della vita cristiana. Se invece si tentasse in qualsiasi modo di sottoporre la dottrina cristiana al gradimento della situazione, o delle forze ideologiche che manipolano la situazione, si opererebbe ancora una volta un tradimento del cristianesimo a vantaggio della mentalit\u00e0 mondana anticattolica.<\/p>\n<p style=\"text-align: justify;\">Il grande filosofo Jean Guitton in uno straordinario libro <i>Il Cristo dilacerato.<\/i> <i>Crisi e concili nella Chiesa,<\/i> scritto nelle more della prima sessione del Concilio Vaticano II, a cui partecipava come invitato, afferma che ogni generazione cristiana si \u00e8 trovata di fronte alla grande sfida: \u00e8 la fede che giudica il mondo o il mondo che giudica la fede? Tutta la confusione di oggi nasce dal fatto che in spazi sempre pi\u00f9 vasti e talora inaspettati della ecclesiasticit\u00e0 sembra si stia dando nuova forma alla grande tentazione ariana e gnostica. \u00abLa gnosi \u00e8 la madre di tutte le eresie\u00bb dice sempre Guitton, ossia la tentazione di sottoporre la fede al mondo anzich\u00e9 investire il mondo della luce pacificante che trasforma la realt\u00e0, secondo l&#8217;insegnamento della prima enciclica di Papa Francesco <i>Lumen Fidei.<\/i><\/p>\n<p style=\"text-align: justify;\"><b>Infine una velocissima precisazione.<\/b> Il mondo, inteso evangelicamente e secondo la tradizione magisteriale autentica della Chiesa, \u00e8 una realt\u00e0 che ha una sua complessit\u00e0 e che contiene germi di contraddittoriet\u00e0. C&#8217;\u00e8 il mondo che \u00e8 aperto al mistero, al trascendente e non esclude nessuna possibilit\u00e0, esercita la ragione come domanda del vero, del bene, del bello e del giusto non in opposizione o eliminando il mistero. Sul filo di questo mondo, che cerca anche senza saperlo o senza esserne cosciente fino in fondo, aleggia la grande idea che la rivelazione \u00e8 una possibilit\u00e0 che la ragione non pu\u00f2 legittimamente escludere.<\/p>\n<p style=\"text-align: justify;\">Il mio grande maestro di metafisica, Gustavo Bontadini, diceva che il pensiero \u00e8 vero quando realizza l&#8217;escludenza delle escludenze, ossia quando non esclude nessuna possibilit\u00e0. Ma c&#8217;\u00e8 anche un mondo che ha preso una decisione, consapevole o meno, contro Cristo e contro la Chiesa e vive quindi per eliminare la presenza di Cristo e della Chiesa dal mondo stesso.<\/p>\n<p style=\"text-align: justify;\">Il mondo non pu\u00f2 essere trattato, nel nostro impegno pastorale, come se fosse il mondo che aspetta Cristo e neanche come se fosse esclusivamente il mondo che rifiuta Cristo. Fare una scelta esclusiva in questo senso \u00e8 assolutamente banale e rende la presenza cristiana culturalmente insignificante, perch\u00e9 o la chiude al mondo, e la isola fuori della vita concreta e storica dell&#8217;umanit\u00e0, o la dissolve nella realt\u00e0 mondana, come se la presenza della Chiesa dovesse consistere nella sua auto-dissoluzione.<\/p>\n<p style=\"text-align: justify;\">Io rinnovo nel mio cuore la gratitudine per i grandi maestri di teologia che ho avuto negli anni indimenticabili del mio seminario a Venegono, a contatto con una delle pi\u00f9 grandi scuole teologiche della Chiesa del XIX e XX secolo.<\/p>\n","protected":false},"excerpt":{"rendered":"<p>Studi cattolici n.636 Febbraio 2014 di mons. Luigi Negri Credo che sia innegabile, almeno per le persone dotate di buon senso, ancor prima e pi\u00f9 profondamente che di un&#8217;autentica coscienza ecclesiale, che la Chiesa e la societ\u00e0 vivono un periodo di estrema confusione. Epoca in cui posizioni diverse, il pi\u00f9 delle volte senza adeguate motivazioni, &hellip; <\/p>\n<p><a class=\"more-link btn\" href=\"https:\/\/www.rassegnastampa-totustuus.it\/cattolica\/una-pastorale-senza-dottrina-no-grazie\/\">Continua a leggere<\/a><\/p>\n","protected":false},"author":6,"featured_media":7389,"comment_status":"closed","ping_status":"closed","sticky":false,"template":"","format":"standard","meta":{"footnotes":""},"categories":[5],"tags":[157],"class_list":["post-7655","post","type-post","status-publish","format-standard","has-post-thumbnail","hentry","category-chiesa","tag-chiesa-2","item-wrap"],"yoast_head":"<!-- This site is optimized with the Yoast SEO plugin v27.4 - https:\/\/yoast.com\/product\/yoast-seo-wordpress\/ -->\n<title>Una pastorale senza dottrina? No, grazie - Rassegna Stampa Cattolica<\/title>\n<meta name=\"description\" content=\"Rassegna Stampa Cattolica - Per una cultura che nasce dalla Rivelazione cristiana in conformit\u00e0 alla tradizione e al Magistero della Chiesa in opposizione ad ogni relativismo e totalitarismo\" \/>\n<meta name=\"robots\" content=\"index, follow, max-snippet:-1, max-image-preview:large, max-video-preview:-1\" \/>\n<link rel=\"canonical\" href=\"https:\/\/www.rassegnastampa-totustuus.it\/cattolica\/una-pastorale-senza-dottrina-no-grazie\/\" \/>\n<meta property=\"og:locale\" content=\"it_IT\" \/>\n<meta property=\"og:type\" content=\"article\" \/>\n<meta property=\"og:title\" content=\"Una pastorale senza dottrina? No, grazie - Rassegna Stampa Cattolica\" \/>\n<meta property=\"og:description\" content=\"Rassegna Stampa Cattolica - Per una cultura che nasce dalla Rivelazione cristiana in conformit\u00e0 alla tradizione e al Magistero della Chiesa in opposizione ad ogni relativismo e totalitarismo\" \/>\n<meta property=\"og:url\" content=\"https:\/\/www.rassegnastampa-totustuus.it\/cattolica\/una-pastorale-senza-dottrina-no-grazie\/\" \/>\n<meta property=\"og:site_name\" content=\"Rassegna Stampa Cattolica\" \/>\n<meta property=\"article:publisher\" content=\"https:\/\/www.facebook.com\/rassegnastampacattolica\" \/>\n<meta property=\"article:published_time\" content=\"2014-06-06T10:19:37+00:00\" \/>\n<meta property=\"article:modified_time\" content=\"2015-06-15T14:24:51+00:00\" \/>\n<meta property=\"og:image\" content=\"https:\/\/www.rassegnastampa-totustuus.it\/cattolica\/wp-content\/uploads\/2014\/05\/mons.luigi-negri.jpg\" \/>\n\t<meta property=\"og:image:width\" content=\"200\" \/>\n\t<meta property=\"og:image:height\" content=\"248\" \/>\n\t<meta property=\"og:image:type\" content=\"image\/jpeg\" \/>\n<meta name=\"author\" content=\"Redazione\" \/>\n<meta name=\"twitter:card\" content=\"summary_large_image\" \/>\n<meta name=\"twitter:creator\" content=\"@rassegnastampa9\" \/>\n<meta name=\"twitter:site\" content=\"@rassegnastampa9\" \/>\n<meta name=\"twitter:label1\" content=\"Scritto da\" \/>\n\t<meta name=\"twitter:data1\" content=\"Redazione\" \/>\n\t<meta name=\"twitter:label2\" content=\"Tempo di lettura stimato\" \/>\n\t<meta name=\"twitter:data2\" content=\"7 minuti\" \/>\n<script type=\"application\/ld+json\" class=\"yoast-schema-graph\">{\"@context\":\"https:\\\/\\\/schema.org\",\"@graph\":[{\"@type\":\"Article\",\"@id\":\"https:\\\/\\\/www.rassegnastampa-totustuus.it\\\/cattolica\\\/una-pastorale-senza-dottrina-no-grazie\\\/#article\",\"isPartOf\":{\"@id\":\"https:\\\/\\\/www.rassegnastampa-totustuus.it\\\/cattolica\\\/una-pastorale-senza-dottrina-no-grazie\\\/\"},\"author\":{\"name\":\"Redazione\",\"@id\":\"https:\\\/\\\/www.rassegnastampa-totustuus.it\\\/cattolica\\\/#\\\/schema\\\/person\\\/08f319d2bd1a0904ad9e2bfb7b15e5c3\"},\"headline\":\"Una pastorale senza dottrina? No, grazie\",\"datePublished\":\"2014-06-06T10:19:37+00:00\",\"dateModified\":\"2015-06-15T14:24:51+00:00\",\"mainEntityOfPage\":{\"@id\":\"https:\\\/\\\/www.rassegnastampa-totustuus.it\\\/cattolica\\\/una-pastorale-senza-dottrina-no-grazie\\\/\"},\"wordCount\":1369,\"publisher\":{\"@id\":\"https:\\\/\\\/www.rassegnastampa-totustuus.it\\\/cattolica\\\/#organization\"},\"image\":{\"@id\":\"https:\\\/\\\/www.rassegnastampa-totustuus.it\\\/cattolica\\\/una-pastorale-senza-dottrina-no-grazie\\\/#primaryimage\"},\"thumbnailUrl\":\"https:\\\/\\\/www.rassegnastampa-totustuus.it\\\/cattolica\\\/wp-content\\\/uploads\\\/2014\\\/05\\\/mons.luigi-negri.jpg\",\"keywords\":[\"chiesa\"],\"articleSection\":[\"Chiesa\"],\"inLanguage\":\"it-IT\"},{\"@type\":\"WebPage\",\"@id\":\"https:\\\/\\\/www.rassegnastampa-totustuus.it\\\/cattolica\\\/una-pastorale-senza-dottrina-no-grazie\\\/\",\"url\":\"https:\\\/\\\/www.rassegnastampa-totustuus.it\\\/cattolica\\\/una-pastorale-senza-dottrina-no-grazie\\\/\",\"name\":\"Una pastorale senza dottrina? No, grazie - Rassegna Stampa Cattolica\",\"isPartOf\":{\"@id\":\"https:\\\/\\\/www.rassegnastampa-totustuus.it\\\/cattolica\\\/#website\"},\"primaryImageOfPage\":{\"@id\":\"https:\\\/\\\/www.rassegnastampa-totustuus.it\\\/cattolica\\\/una-pastorale-senza-dottrina-no-grazie\\\/#primaryimage\"},\"image\":{\"@id\":\"https:\\\/\\\/www.rassegnastampa-totustuus.it\\\/cattolica\\\/una-pastorale-senza-dottrina-no-grazie\\\/#primaryimage\"},\"thumbnailUrl\":\"https:\\\/\\\/www.rassegnastampa-totustuus.it\\\/cattolica\\\/wp-content\\\/uploads\\\/2014\\\/05\\\/mons.luigi-negri.jpg\",\"datePublished\":\"2014-06-06T10:19:37+00:00\",\"dateModified\":\"2015-06-15T14:24:51+00:00\",\"description\":\"Rassegna Stampa Cattolica - Per una cultura che nasce dalla Rivelazione cristiana in conformit\u00e0 alla tradizione e al Magistero della Chiesa in opposizione ad ogni relativismo e totalitarismo\",\"breadcrumb\":{\"@id\":\"https:\\\/\\\/www.rassegnastampa-totustuus.it\\\/cattolica\\\/una-pastorale-senza-dottrina-no-grazie\\\/#breadcrumb\"},\"inLanguage\":\"it-IT\",\"potentialAction\":[{\"@type\":\"ReadAction\",\"target\":[\"https:\\\/\\\/www.rassegnastampa-totustuus.it\\\/cattolica\\\/una-pastorale-senza-dottrina-no-grazie\\\/\"]}]},{\"@type\":\"ImageObject\",\"inLanguage\":\"it-IT\",\"@id\":\"https:\\\/\\\/www.rassegnastampa-totustuus.it\\\/cattolica\\\/una-pastorale-senza-dottrina-no-grazie\\\/#primaryimage\",\"url\":\"https:\\\/\\\/www.rassegnastampa-totustuus.it\\\/cattolica\\\/wp-content\\\/uploads\\\/2014\\\/05\\\/mons.luigi-negri.jpg\",\"contentUrl\":\"https:\\\/\\\/www.rassegnastampa-totustuus.it\\\/cattolica\\\/wp-content\\\/uploads\\\/2014\\\/05\\\/mons.luigi-negri.jpg\",\"width\":200,\"height\":248},{\"@type\":\"BreadcrumbList\",\"@id\":\"https:\\\/\\\/www.rassegnastampa-totustuus.it\\\/cattolica\\\/una-pastorale-senza-dottrina-no-grazie\\\/#breadcrumb\",\"itemListElement\":[{\"@type\":\"ListItem\",\"position\":1,\"name\":\"Home\",\"item\":\"https:\\\/\\\/www.rassegnastampa-totustuus.it\\\/cattolica\\\/\"},{\"@type\":\"ListItem\",\"position\":2,\"name\":\"Una pastorale senza dottrina? No, grazie\"}]},{\"@type\":\"WebSite\",\"@id\":\"https:\\\/\\\/www.rassegnastampa-totustuus.it\\\/cattolica\\\/#website\",\"url\":\"https:\\\/\\\/www.rassegnastampa-totustuus.it\\\/cattolica\\\/\",\"name\":\"Rassegna Stampa Cattolica\",\"description\":\"Per una cultura che nasce dalla Rivelazione cristiana in conformit\u00e0 alla tradizione e al Magistero della Chiesa in opposizione ad ogni relativismo e totalitarismo\",\"publisher\":{\"@id\":\"https:\\\/\\\/www.rassegnastampa-totustuus.it\\\/cattolica\\\/#organization\"},\"alternateName\":\"Rass. Cattolica\",\"potentialAction\":[{\"@type\":\"SearchAction\",\"target\":{\"@type\":\"EntryPoint\",\"urlTemplate\":\"https:\\\/\\\/www.rassegnastampa-totustuus.it\\\/cattolica\\\/?s={search_term_string}\"},\"query-input\":{\"@type\":\"PropertyValueSpecification\",\"valueRequired\":true,\"valueName\":\"search_term_string\"}}],\"inLanguage\":\"it-IT\"},{\"@type\":\"Organization\",\"@id\":\"https:\\\/\\\/www.rassegnastampa-totustuus.it\\\/cattolica\\\/#organization\",\"name\":\"Rassegna Stampa Cattolica\",\"url\":\"https:\\\/\\\/www.rassegnastampa-totustuus.it\\\/cattolica\\\/\",\"logo\":{\"@type\":\"ImageObject\",\"inLanguage\":\"it-IT\",\"@id\":\"https:\\\/\\\/www.rassegnastampa-totustuus.it\\\/cattolica\\\/#\\\/schema\\\/logo\\\/image\\\/\",\"url\":\"https:\\\/\\\/www.rassegnastampa-totustuus.it\\\/cattolica\\\/wp-content\\\/uploads\\\/2014\\\/04\\\/logo-rassegna1.gif\",\"contentUrl\":\"https:\\\/\\\/www.rassegnastampa-totustuus.it\\\/cattolica\\\/wp-content\\\/uploads\\\/2014\\\/04\\\/logo-rassegna1.gif\",\"width\":600,\"height\":163,\"caption\":\"Rassegna Stampa Cattolica\"},\"image\":{\"@id\":\"https:\\\/\\\/www.rassegnastampa-totustuus.it\\\/cattolica\\\/#\\\/schema\\\/logo\\\/image\\\/\"},\"sameAs\":[\"https:\\\/\\\/www.facebook.com\\\/rassegnastampacattolica\",\"https:\\\/\\\/x.com\\\/rassegnastampa9\"]},{\"@type\":\"Person\",\"@id\":\"https:\\\/\\\/www.rassegnastampa-totustuus.it\\\/cattolica\\\/#\\\/schema\\\/person\\\/08f319d2bd1a0904ad9e2bfb7b15e5c3\",\"name\":\"Redazione\",\"image\":{\"@type\":\"ImageObject\",\"inLanguage\":\"it-IT\",\"@id\":\"https:\\\/\\\/secure.gravatar.com\\\/avatar\\\/2fcdf27c78ea025fbdb44e914cc63c72249ffec9dc8aafd5c82b26240ef3f346?s=96&d=mm&r=g\",\"url\":\"https:\\\/\\\/secure.gravatar.com\\\/avatar\\\/2fcdf27c78ea025fbdb44e914cc63c72249ffec9dc8aafd5c82b26240ef3f346?s=96&d=mm&r=g\",\"contentUrl\":\"https:\\\/\\\/secure.gravatar.com\\\/avatar\\\/2fcdf27c78ea025fbdb44e914cc63c72249ffec9dc8aafd5c82b26240ef3f346?s=96&d=mm&r=g\",\"caption\":\"Redazione\"},\"url\":\"https:\\\/\\\/www.rassegnastampa-totustuus.it\\\/cattolica\\\/author\\\/pietroelle\\\/\"}]}<\/script>\n<!-- \/ Yoast SEO plugin. -->","yoast_head_json":{"title":"Una pastorale senza dottrina? No, grazie - Rassegna Stampa Cattolica","description":"Rassegna Stampa Cattolica - Per una cultura che nasce dalla Rivelazione cristiana in conformit\u00e0 alla tradizione e al Magistero della Chiesa in opposizione ad ogni relativismo e totalitarismo","robots":{"index":"index","follow":"follow","max-snippet":"max-snippet:-1","max-image-preview":"max-image-preview:large","max-video-preview":"max-video-preview:-1"},"canonical":"https:\/\/www.rassegnastampa-totustuus.it\/cattolica\/una-pastorale-senza-dottrina-no-grazie\/","og_locale":"it_IT","og_type":"article","og_title":"Una pastorale senza dottrina? No, grazie - Rassegna Stampa Cattolica","og_description":"Rassegna Stampa Cattolica - Per una cultura che nasce dalla Rivelazione cristiana in conformit\u00e0 alla tradizione e al Magistero della Chiesa in opposizione ad ogni relativismo e totalitarismo","og_url":"https:\/\/www.rassegnastampa-totustuus.it\/cattolica\/una-pastorale-senza-dottrina-no-grazie\/","og_site_name":"Rassegna Stampa Cattolica","article_publisher":"https:\/\/www.facebook.com\/rassegnastampacattolica","article_published_time":"2014-06-06T10:19:37+00:00","article_modified_time":"2015-06-15T14:24:51+00:00","og_image":[{"width":200,"height":248,"url":"https:\/\/www.rassegnastampa-totustuus.it\/cattolica\/wp-content\/uploads\/2014\/05\/mons.luigi-negri.jpg","type":"image\/jpeg"}],"author":"Redazione","twitter_card":"summary_large_image","twitter_creator":"@rassegnastampa9","twitter_site":"@rassegnastampa9","twitter_misc":{"Scritto da":"Redazione","Tempo di lettura stimato":"7 minuti"},"schema":{"@context":"https:\/\/schema.org","@graph":[{"@type":"Article","@id":"https:\/\/www.rassegnastampa-totustuus.it\/cattolica\/una-pastorale-senza-dottrina-no-grazie\/#article","isPartOf":{"@id":"https:\/\/www.rassegnastampa-totustuus.it\/cattolica\/una-pastorale-senza-dottrina-no-grazie\/"},"author":{"name":"Redazione","@id":"https:\/\/www.rassegnastampa-totustuus.it\/cattolica\/#\/schema\/person\/08f319d2bd1a0904ad9e2bfb7b15e5c3"},"headline":"Una pastorale senza dottrina? No, grazie","datePublished":"2014-06-06T10:19:37+00:00","dateModified":"2015-06-15T14:24:51+00:00","mainEntityOfPage":{"@id":"https:\/\/www.rassegnastampa-totustuus.it\/cattolica\/una-pastorale-senza-dottrina-no-grazie\/"},"wordCount":1369,"publisher":{"@id":"https:\/\/www.rassegnastampa-totustuus.it\/cattolica\/#organization"},"image":{"@id":"https:\/\/www.rassegnastampa-totustuus.it\/cattolica\/una-pastorale-senza-dottrina-no-grazie\/#primaryimage"},"thumbnailUrl":"https:\/\/www.rassegnastampa-totustuus.it\/cattolica\/wp-content\/uploads\/2014\/05\/mons.luigi-negri.jpg","keywords":["chiesa"],"articleSection":["Chiesa"],"inLanguage":"it-IT"},{"@type":"WebPage","@id":"https:\/\/www.rassegnastampa-totustuus.it\/cattolica\/una-pastorale-senza-dottrina-no-grazie\/","url":"https:\/\/www.rassegnastampa-totustuus.it\/cattolica\/una-pastorale-senza-dottrina-no-grazie\/","name":"Una pastorale senza dottrina? No, grazie - Rassegna Stampa Cattolica","isPartOf":{"@id":"https:\/\/www.rassegnastampa-totustuus.it\/cattolica\/#website"},"primaryImageOfPage":{"@id":"https:\/\/www.rassegnastampa-totustuus.it\/cattolica\/una-pastorale-senza-dottrina-no-grazie\/#primaryimage"},"image":{"@id":"https:\/\/www.rassegnastampa-totustuus.it\/cattolica\/una-pastorale-senza-dottrina-no-grazie\/#primaryimage"},"thumbnailUrl":"https:\/\/www.rassegnastampa-totustuus.it\/cattolica\/wp-content\/uploads\/2014\/05\/mons.luigi-negri.jpg","datePublished":"2014-06-06T10:19:37+00:00","dateModified":"2015-06-15T14:24:51+00:00","description":"Rassegna Stampa Cattolica - Per una cultura che nasce dalla Rivelazione cristiana in conformit\u00e0 alla tradizione e al Magistero della Chiesa in opposizione ad ogni relativismo e totalitarismo","breadcrumb":{"@id":"https:\/\/www.rassegnastampa-totustuus.it\/cattolica\/una-pastorale-senza-dottrina-no-grazie\/#breadcrumb"},"inLanguage":"it-IT","potentialAction":[{"@type":"ReadAction","target":["https:\/\/www.rassegnastampa-totustuus.it\/cattolica\/una-pastorale-senza-dottrina-no-grazie\/"]}]},{"@type":"ImageObject","inLanguage":"it-IT","@id":"https:\/\/www.rassegnastampa-totustuus.it\/cattolica\/una-pastorale-senza-dottrina-no-grazie\/#primaryimage","url":"https:\/\/www.rassegnastampa-totustuus.it\/cattolica\/wp-content\/uploads\/2014\/05\/mons.luigi-negri.jpg","contentUrl":"https:\/\/www.rassegnastampa-totustuus.it\/cattolica\/wp-content\/uploads\/2014\/05\/mons.luigi-negri.jpg","width":200,"height":248},{"@type":"BreadcrumbList","@id":"https:\/\/www.rassegnastampa-totustuus.it\/cattolica\/una-pastorale-senza-dottrina-no-grazie\/#breadcrumb","itemListElement":[{"@type":"ListItem","position":1,"name":"Home","item":"https:\/\/www.rassegnastampa-totustuus.it\/cattolica\/"},{"@type":"ListItem","position":2,"name":"Una pastorale senza dottrina? No, grazie"}]},{"@type":"WebSite","@id":"https:\/\/www.rassegnastampa-totustuus.it\/cattolica\/#website","url":"https:\/\/www.rassegnastampa-totustuus.it\/cattolica\/","name":"Rassegna Stampa Cattolica","description":"Per una cultura che nasce dalla Rivelazione cristiana in conformit\u00e0 alla tradizione e al Magistero della Chiesa in opposizione ad ogni relativismo e totalitarismo","publisher":{"@id":"https:\/\/www.rassegnastampa-totustuus.it\/cattolica\/#organization"},"alternateName":"Rass. Cattolica","potentialAction":[{"@type":"SearchAction","target":{"@type":"EntryPoint","urlTemplate":"https:\/\/www.rassegnastampa-totustuus.it\/cattolica\/?s={search_term_string}"},"query-input":{"@type":"PropertyValueSpecification","valueRequired":true,"valueName":"search_term_string"}}],"inLanguage":"it-IT"},{"@type":"Organization","@id":"https:\/\/www.rassegnastampa-totustuus.it\/cattolica\/#organization","name":"Rassegna Stampa Cattolica","url":"https:\/\/www.rassegnastampa-totustuus.it\/cattolica\/","logo":{"@type":"ImageObject","inLanguage":"it-IT","@id":"https:\/\/www.rassegnastampa-totustuus.it\/cattolica\/#\/schema\/logo\/image\/","url":"https:\/\/www.rassegnastampa-totustuus.it\/cattolica\/wp-content\/uploads\/2014\/04\/logo-rassegna1.gif","contentUrl":"https:\/\/www.rassegnastampa-totustuus.it\/cattolica\/wp-content\/uploads\/2014\/04\/logo-rassegna1.gif","width":600,"height":163,"caption":"Rassegna Stampa Cattolica"},"image":{"@id":"https:\/\/www.rassegnastampa-totustuus.it\/cattolica\/#\/schema\/logo\/image\/"},"sameAs":["https:\/\/www.facebook.com\/rassegnastampacattolica","https:\/\/x.com\/rassegnastampa9"]},{"@type":"Person","@id":"https:\/\/www.rassegnastampa-totustuus.it\/cattolica\/#\/schema\/person\/08f319d2bd1a0904ad9e2bfb7b15e5c3","name":"Redazione","image":{"@type":"ImageObject","inLanguage":"it-IT","@id":"https:\/\/secure.gravatar.com\/avatar\/2fcdf27c78ea025fbdb44e914cc63c72249ffec9dc8aafd5c82b26240ef3f346?s=96&d=mm&r=g","url":"https:\/\/secure.gravatar.com\/avatar\/2fcdf27c78ea025fbdb44e914cc63c72249ffec9dc8aafd5c82b26240ef3f346?s=96&d=mm&r=g","contentUrl":"https:\/\/secure.gravatar.com\/avatar\/2fcdf27c78ea025fbdb44e914cc63c72249ffec9dc8aafd5c82b26240ef3f346?s=96&d=mm&r=g","caption":"Redazione"},"url":"https:\/\/www.rassegnastampa-totustuus.it\/cattolica\/author\/pietroelle\/"}]}},"_links":{"self":[{"href":"https:\/\/www.rassegnastampa-totustuus.it\/cattolica\/wp-json\/wp\/v2\/posts\/7655","targetHints":{"allow":["GET"]}}],"collection":[{"href":"https:\/\/www.rassegnastampa-totustuus.it\/cattolica\/wp-json\/wp\/v2\/posts"}],"about":[{"href":"https:\/\/www.rassegnastampa-totustuus.it\/cattolica\/wp-json\/wp\/v2\/types\/post"}],"author":[{"embeddable":true,"href":"https:\/\/www.rassegnastampa-totustuus.it\/cattolica\/wp-json\/wp\/v2\/users\/6"}],"replies":[{"embeddable":true,"href":"https:\/\/www.rassegnastampa-totustuus.it\/cattolica\/wp-json\/wp\/v2\/comments?post=7655"}],"version-history":[{"count":4,"href":"https:\/\/www.rassegnastampa-totustuus.it\/cattolica\/wp-json\/wp\/v2\/posts\/7655\/revisions"}],"predecessor-version":[{"id":26262,"href":"https:\/\/www.rassegnastampa-totustuus.it\/cattolica\/wp-json\/wp\/v2\/posts\/7655\/revisions\/26262"}],"wp:featuredmedia":[{"embeddable":true,"href":"https:\/\/www.rassegnastampa-totustuus.it\/cattolica\/wp-json\/wp\/v2\/media\/7389"}],"wp:attachment":[{"href":"https:\/\/www.rassegnastampa-totustuus.it\/cattolica\/wp-json\/wp\/v2\/media?parent=7655"}],"wp:term":[{"taxonomy":"category","embeddable":true,"href":"https:\/\/www.rassegnastampa-totustuus.it\/cattolica\/wp-json\/wp\/v2\/categories?post=7655"},{"taxonomy":"post_tag","embeddable":true,"href":"https:\/\/www.rassegnastampa-totustuus.it\/cattolica\/wp-json\/wp\/v2\/tags?post=7655"}],"curies":[{"name":"wp","href":"https:\/\/api.w.org\/{rel}","templated":true}]}}