{"id":7546,"date":"2014-05-23T09:43:27","date_gmt":"2014-05-23T07:43:27","guid":{"rendered":"http:\/\/www.rassegnastampa-totustuus.it\/cattolica\/?p=7546"},"modified":"2015-06-15T09:17:19","modified_gmt":"2015-06-15T07:17:19","slug":"a-cannes-il-g20-decise-litalia-andava-azzoppata","status":"publish","type":"post","link":"https:\/\/www.rassegnastampa-totustuus.it\/cattolica\/a-cannes-il-g20-decise-litalia-andava-azzoppata\/","title":{"rendered":"A Cannes il G20 decise: l\u2019Italia andava azzoppata."},"content":{"rendered":"<div style=\"text-align: center;\"><a href=\"https:\/\/www.rassegnastampa-totustuus.it\/cattolica\/wp-content\/uploads\/2014\/05\/image001.jpg\"><img loading=\"lazy\" decoding=\"async\" class=\" wp-image-7547 alignleft\" src=\"https:\/\/www.rassegnastampa-totustuus.it\/cattolica\/wp-content\/uploads\/2014\/05\/image001-300x158.jpg\" alt=\"image001\" width=\"300\" height=\"158\" srcset=\"https:\/\/www.rassegnastampa-totustuus.it\/cattolica\/wp-content\/uploads\/2014\/05\/image001-300x158.jpg 300w, https:\/\/www.rassegnastampa-totustuus.it\/cattolica\/wp-content\/uploads\/2014\/05\/image001.jpg 436w\" sizes=\"auto, (max-width: 300px) 100vw, 300px\" \/><\/a>Tratto dal sito <strong>scenarieconomici.it<\/strong><\/div>\n<div style=\"text-align: center;\">14 maggio 2014<\/div>\n<p style=\"text-align: justify;\"><em>Cronistoria del golpe contro Berlusconi, per promuovere Monti ed annientare la domanda interna<\/em><\/p>\n<p style=\"text-align: center;\"><strong>Mitt Dolcino<\/strong><\/p>\n<p>\u00a0<!--more--><\/p>\n<p style=\"text-align: justify;\">Negli ultimi giorni sono emersi dettagli esplosivi su un vero e proprio complotto a danno dell\u2019Italia. Prima la descrizione degli eventi del FT in relazione a quanto accadde nel G20 di Cannes, con Angela Merkel a richiedere in lacrime che per l\u2019Italia intervenisse l\u2019FMI. Poi, lo scoop de <i>La Stampa<\/i> che pubblica come T. Geithner, ex ministro dell\u2019economia USA, fosse stato contattato e messo sotto pressione per fare cadere Silvio Berlusconi. A latere di tutto come dimenticare la massa di intercettazioni nazionali tecnicamente illegali atte a \u201csputtanare\u201d pi\u00f9 che incriminare i politici di turno, ricordiamo il neologismo della <i>culona inchiavabile <\/i>o i dettagli hard delle notti bravissime in quel di Arcore.<\/p>\n<p style=\"text-align: justify;\">Si noti bene, quello che verr\u00e0 descritto \u2013 se tale \u2013 non \u00e8 un complotto a danno del Cavaliere, bens\u00ec a danno dell\u2019Italia; dunque \u00e8 bene che gli italiani inizino a pensare di difendere almeno un pochino gli interessi nazionali e pur anche i propri interessi particolari al di fuori delle simpatie politiche, <b>se non si fa nulla dopo le elezioni europee le tasse braseranno il residuo di benessere italico come lo abbiamo conosciuto negli ultimi 50 anni.<\/b><\/p>\n<p style=\"text-align: justify;\">Quello che fa scalpore \u00e8 secondo me la cronistoria degli eventi: secondo Geithner il tentativo di interferire con gli interessi nazionali parte dal 2010, ossia circa dallo stesso periodo in cui Gheddafi inizi\u00f2 ad essere messo sotto pressione forse a causa dei suoi aiuti all\u2019Italia (vedasi in seguito), fino alla sua morte ed al caos attuale in Libia, chiaramente a detrimento degli interessi economici italiani (ed a vantaggio di quelli francesi).<\/p>\n<p style=\"text-align: justify;\">Altro evento chiave nella caduta di Gheddafi: l\u2019avvento nella sede di Roma del nuovo ambasciatore UK a ottobre 2010, colui che coordin\u00f2 le operazioni di attacco al Rais per conto anche degli USA: il nuovo diplomatico arrivava \u2013 guarda un po\u2019 \u2013 da Baghdad, ossia l\u2019ambasciatore di un paese in guerra probabilmente era considerato la persona pi\u00f9 adatta a gestire gli eventi italici del tempo, l\u00e0 da venire. Direi che \u00e8 un altro pezzo del puzzle che supporta la tesi del complotto.<\/p>\n<p style=\"text-align: justify;\">Poi, la caduta di Strauss Kahn: in tutta la trama di attacco agli interessi italiani, trama architettata molto probabilmente dalla presidenza francese, l\u2019FMI era un tassello fondamentale per avallare le tesi euro-tedesche. Il problema era che a capo dell\u2019FMI c\u2019era una persona agli antipodi politici e personali rispetto a Sarkozy, appunto Strauss Kahn: metterlo fuori gioco era necessario e cos\u00ec facendo si sarebbero presi due piccioni con una fava, estromettendolo anche dalla imminente competizione presidenziale.<\/p>\n<p style=\"text-align: justify;\">Chiaramente Obama, come sostiene Geithner, fu contattato e sollecitato a fare cadere Berlusconi, e qui il cerchio si chiude. <strong>La conseguenza fu la caduta del Cav e l\u2019avvento di Monti, il quale firm\u00f2 una serie impressionante di provvedimenti che hanno messo e soprattutto metteranno l\u2019Italia con le spalle al muro (dicasi anche kaputt), ossia<\/strong><b> <\/b><strong><i>Fiscal Compact e<\/i><\/strong><b><i> <\/i><\/b><strong>l\u2019implementazione del<\/strong><b> <\/b><strong><i>Redemption Fund<\/i>, avallando tra l\u2019altro anche la clausola di azione collettiva a decorrere da dicembre 2012 e finalizzata a cambiare le caratteristiche delle obbligazioni emesse dallo Stato in caso di bailout e\/o ristrutturazione del debito<\/strong> (eh s\u00ec, pochi sanno che i BTP che hanno pagato la prima cedola dopo il 1 Dicembre 2012 possono essere ricontrattualizzati a norma di legge [<i>europea<\/i>] in tasso e durata).<\/p>\n<p style=\"text-align: justify;\">Ma chiaramente l\u2019opera di maggior successo di cui Mario Monti addirittura si fregia (alla CNN, in altri tempi sarebbe potuto essere perseguito per alto tradimento) \u00e8 di aver distrutto la domanda interna. Di seguito spiegher\u00f2 perch\u00e9 tale aspetto \u00e8 particolarmente grave.<\/p>\n<p style=\"text-align: justify;\">E qui mi fermo, in quanto devo ora spiegare il movente di tanto scempio. <b>Prima di tutto bisogna sottolineare come l\u2019Italia non fosse messa cos\u00ec male fino al 2012, anzi era messa molto meglio dei partners europei non avendo un sistema finanziario compromesso dal rischio sub prime.<\/b> Il motivo era semplice, le banche italiane erano pi\u00f9 arretrate e avverse al rischio, per cui non utilizzarono strumenti considerati eccessivamente innovativi come i <i>mortgage backed securities<\/i> etc.; ricordo dopo il 2008 Societ\u00e8 Generale (Francia) sull\u2019orlo del collasso (memento il caso Kerviel), varie banche tedesche al limite della solvibilit\u00e0 (da ricordare, Depfa, IKB varie landesbaken tra cui Sachsen LB e soprattutto West LB, poi LBBW, HSH Nordbank, tutte salvate dagli azionisti pubblici), banche belghe (memento, Dexia salvata dallo Stato), idem per quelle olandesi (ING, salvata dallo stato), banche Svizzere (che dire del salvataggio della celeberrima UBS, con la bad bank garantita dalo Stato svizzero e dai soci stranieri) senza dimenticare Royal Bank of Scotland o Lloyds con le code agli sportelli.<\/p>\n<p style=\"text-align: justify;\"><span style=\"text-decoration: underline;\">In Italia invece tutto era tranquillo<\/span>, le banche italiane erano sanissime anche grazie all\u2019enorme risparmio privato! Tutte tranne la pi\u00f9 internazionale, ossia la parte tedesca di Unicredit, Hypo bank e Bank Austria-Creditanstalt, che costrinsero ad un\u2019iniezione di capitali nel gruppo bancario italiano da parte di un investitore terzo e non dallo Stato, guarda caso proprio quel Gheddafi che fu condannato a morte due anni pi\u00f9 tardi dai francesi:<b>chiss\u00e0, magari il salvataggio di Unicredit senza interventi pubblici \u00e8 stata la vera causa della condanna a morte del Rais, troppo vicino all\u2019Italia con i suoi salvifici petrodollari, <span style=\"text-decoration: underline;\">facendo dell\u2019Italia l\u2019unico paese europeo e probabilmente mondiale immune dalla crisi subprime a livello bancario, senza necessit\u00e0 di interventi pubblici<\/span><\/b>.<\/p>\n<p style=\"text-align: justify;\"><b><span style=\"text-decoration: underline;\">Per supportare la tesi ci viene in aiuto l\u2019analisi fatta dalla Fondazione Edison con Unioncamere [riportato integralmente a fondo articolo] in cui viene evidenziato senza tema di smentita come l\u2019Italia si sia comportata meglio degli altri paesi europei dall\u2019introduzione dell\u2019Euro al 2012, forse escludendo la Germania<\/span><\/b>: in particolare si noti come la Francia sia anche oggi in una situazione economicamente insostenibile (vedasi la presentazione in calce).<\/p>\n<p style=\"text-align: center;\"><a href=\"https:\/\/www.rassegnastampa-totustuus.it\/cattolica\/wp-content\/uploads\/2014\/05\/tabella.jpg\"><img loading=\"lazy\" decoding=\"async\" class=\" wp-image-7549 aligncenter\" src=\"https:\/\/www.rassegnastampa-totustuus.it\/cattolica\/wp-content\/uploads\/2014\/05\/tabella-300x146.jpg\" alt=\"tabella\" width=\"400\" height=\"200\" \/><\/a><\/p>\n<p style=\"text-align: justify;\">Ecco dunque svelato l\u2019arcano: la Francia, con le sue banche piene di sub prime e la sua economia traballante (ultimo caso, Alstom, indice di un\u2019impresa manifatturiera cara e non competitiva) doveva spostare l\u2019attenzione su altro possibilmente riducendo gli interessi sul proprio debito e soprattutto su quello delle proprie banche, cadendo l\u2019euro sarebbe stato proprio il paese d\u2019oltralpe a perderci di pi\u00f9 (<b>la Germania ha imprese competitive che anche senza svalutare possono reggere; la Francia uscendo dall\u2019euro avrebbe per altro potuto svalutare molto meno dell\u2019Italia e comunque le sue imprese restavano e restano poco competitive, pochi dimenticano che Peugeot \u00e8 stata di fatto venduta ai cinesi mentre Renault, solo per citare due esempi, \u00e8 salva solo grazie alla \u201ccoperta\u201d dello Stato francese<\/b>).<\/p>\n<p style=\"text-align: justify;\">Dunque coinvolgendo l\u2019Italia nel caos dell\u2019euro post subprime ha fatto in modo di far alzare i tassi sul debito del Belpaese e dei periferici, facendo percepire l\u2019Italia sull\u2019orlo del baratro \u2013 cosa non vera \u2013 e corrispondentemente abbassando i tassi di quei paesi che, malati di troppa finanza, erano percepiti come sistemici e <i>core<\/i> (Francia, Germania in primis) mentre erano invece messi veramente male soprattutto lato bancario.<\/p>\n<p style=\"text-align: justify;\"><b>Tre anni di tassi di finanziamento vicini allo zero per i paesi <i>core<\/i> \u2013 e parallelamente altissimi per l\u2019Italia ed i periferici, effetto micidiale vista la dimensione del debito pubblico italiano \u2013 hanno finito per stremare il Belpaese, anche a seguito della \u201ccura\u201d Monti che le ha inferto il colpo fatale\u2026<\/b><\/p>\n<p style=\"text-align: justify;\">La cosa incredibile \u00e8 che oggi, dopo aver salvato l\u2019euro e le banche straniere, lato EU non ci si fermi e si voglia continuare ad attaccare l\u2019Italia fino al radice del proprio benessere, si sa che gli stranieri sono interessati al ferro e puntuale ieri \u00e8 arrivata l\u2019ammissione del Ministro Padoan su <i>Repubblica<\/i> che l\u2019Europa lo ha costretto a privatizzazioni di 40 miliardi di Euro imponendo addirittura di mettere sul piatto i veri gioielli che il mondo ci invidia, Eni ed ENEL. <span style=\"text-decoration: underline;\">Forse adesso i risolini di complice scherno nei confronti del Nostro Paese tra Merkel e Sarkozy appaiono in una luce diversa\u2026<\/span><\/p>\n<p style=\"text-align: justify;\">Dunque, l\u2019attacco alla ricchezze italiche era necessario, anche lato tedesco: la svalutazione della nuova lira a seguito del caos in Grecia (paese su cui si arrivo lato tedesco, <i>Frankfurter Allgemeine<\/i>, a prevedere addirittura un protettorato economico \u2013 leggasi anche intervento militare \u201ca difesa delle frontiere\u201d- in caso di ingovernabilit\u00e0) e del conseguente collasso del sistema euro come paventato dal duo Berlusconi-Tremonti avrebbe azzoppato anche la potentissima industria manifatturiera teutonica (tanto potente da rifiutare l\u2019invito USA di non partecipare all\u2019<i>economic forum <\/i>russo di San Pietroburgo dei prossimi giorni)!<\/p>\n<p style=\"text-align: justify;\"><b>In tutto questo Monti ha una colpa gravissima, vedasi la slide commentata numero 6 della Fondazione Edison, di seguito riportata: l\u2019Italia ha avuto nel periodo ottobre 2008-ottobre 2013 il maggiore incremento di fatturato estero a fronte del maggiore crollo della domanda interna! Se non si fosse azzoppata la domanda interna l\u2019Italia sarebbe emersa dal baratro, l\u2019effetto dirompente innescato dalle inutili politiche Montiane hanno causato l\u2019esplosione del debito pubblico su GDP negli ultimi due anni oltre ad azzerare i consumi: verrebbe da dire, parafrasando il titolo di un famoso libro, Mario Monti il sicario dell\u2019economia (italiana).<\/b><\/p>\n<p style=\"text-align: justify;\">Tutto quanto presentato non fa altro che compendiare in un <i>unicum<\/i> eventi apparentemente slegati, ossia ci spiega le ragioni per cui i francesi ed i tedeschi dovranno continuare a spogliare l\u2019Italia delle proprie ricchezze in futuro [risparmio, aziende, sovranit\u00e0], ormai il dado \u00e8 tratto e il meccanismo non si pu\u00f2 fermare. <b>Dunque, la fine del Rais, l\u2019attacco all\u2019Italia, l\u2019incarcerazione del Cavaliere \u2013 ed anche la messa fuori gioco di DSK, sostituito con la fedelissima Lagarde essenziale per il progetto \u2013 a questo punto sono tutti eventi figli della stessa madre meretrice.<\/b><\/p>\n<p style=\"text-align: justify;\">Cari senza palle italiani, se non siete convinti ora con tutto quello che avete letto sui giornali <span style=\"text-decoration: underline;\">e che io ho cercato solo di riassumere<\/span>, tutti articoli pubblici per altro, i senza speranza siete voi e non il Paese di cui siete cittadini. Facile dare la colpa ai politici o semplicemente agli altri\u2026. Chiaro, i politici che dovessero essere giudicati conniventi dovranno prima o poi essere trattati da traditori della Patria, ma questo non spetta a me farlo (date tempo al tempo).<\/p>\n<p style=\"text-align: justify;\">Dunque, andate e votate di conseguenza alle prossime elezioni europee. <b>E ricordatevi che se non emerger\u00e0 una forte maggioranza antieuropea ed euroscettica gli italioti senza palle potranno chiamare in causa solo Metastasio quando moriranno di tasse, di deindustrializzazione e di interferenze esterne.<\/b> Si, l\u2019italianissimo Metastasio che alla corte di Vienna idealmente preconizz\u00f2 la fine degli Asburgo coniando il seguente aforisma: \u201cChi \u00e8 causa dei suoi mali pianga se stesso\u201d\u2026..<\/p>\n<p style=\"text-align: justify;\">Meditate gente, meditate. Non avete molto tempo per farlo\u2026<\/p>\n<p style=\"text-align: center;\"><a href=\"https:\/\/www.rassegnastampa-totustuus.it\/cattolica\/wp-content\/uploads\/2014\/05\/fatturato.jpg\"><img loading=\"lazy\" decoding=\"async\" class=\" wp-image-7553 aligncenter\" src=\"https:\/\/www.rassegnastampa-totustuus.it\/cattolica\/wp-content\/uploads\/2014\/05\/fatturato-300x157.jpg\" alt=\"fatturato\" width=\"300\" height=\"157\" srcset=\"https:\/\/www.rassegnastampa-totustuus.it\/cattolica\/wp-content\/uploads\/2014\/05\/fatturato-300x157.jpg 300w, https:\/\/www.rassegnastampa-totustuus.it\/cattolica\/wp-content\/uploads\/2014\/05\/fatturato.jpg 1489w\" sizes=\"auto, (max-width: 300px) 100vw, 300px\" \/><\/a><\/p>\n","protected":false},"excerpt":{"rendered":"<p>Tratto dal sito scenarieconomici.it 14 maggio 2014 Cronistoria del golpe contro Berlusconi, per promuovere Monti ed annientare la domanda interna Mitt Dolcino \u00a0<\/p><p><a class=\"more-link btn\" href=\"https:\/\/www.rassegnastampa-totustuus.it\/cattolica\/a-cannes-il-g20-decise-litalia-andava-azzoppata\/\">Continua a leggere<\/a><\/p>\n","protected":false},"author":6,"featured_media":7547,"comment_status":"closed","ping_status":"closed","sticky":false,"template":"","format":"standard","meta":{"footnotes":""},"categories":[14,20,96],"tags":[426,166,404],"class_list":["post-7546","post","type-post","status-publish","format-standard","has-post-thumbnail","hentry","category-europa-e-ue","category-politica-nazionale","category-storia-italiana","tag-berlusconi","tag-europa","tag-storia-italiana-2","item-wrap"],"yoast_head":"<!-- This site is optimized with the Yoast SEO plugin v27.5 - https:\/\/yoast.com\/product\/yoast-seo-wordpress\/ -->\n<title>A Cannes il G20 decise: l\u2019Italia andava azzoppata. - Rassegna Stampa Cattolica<\/title>\n<meta name=\"description\" content=\"Rassegna Stampa Cattolica - Per una cultura che nasce dalla Rivelazione cristiana in conformit\u00e0 alla tradizione e al Magistero della Chiesa in opposizione ad ogni relativismo e totalitarismo\" \/>\n<meta name=\"robots\" content=\"index, follow, max-snippet:-1, max-image-preview:large, max-video-preview:-1\" \/>\n<link rel=\"canonical\" href=\"https:\/\/www.rassegnastampa-totustuus.it\/cattolica\/a-cannes-il-g20-decise-litalia-andava-azzoppata\/\" \/>\n<meta property=\"og:locale\" content=\"it_IT\" \/>\n<meta property=\"og:type\" content=\"article\" \/>\n<meta property=\"og:title\" content=\"A Cannes il G20 decise: l\u2019Italia andava azzoppata. - Rassegna Stampa Cattolica\" \/>\n<meta property=\"og:description\" content=\"Rassegna Stampa Cattolica - Per una cultura che nasce dalla Rivelazione cristiana in conformit\u00e0 alla tradizione e al Magistero della Chiesa in opposizione ad ogni relativismo e totalitarismo\" \/>\n<meta property=\"og:url\" content=\"https:\/\/www.rassegnastampa-totustuus.it\/cattolica\/a-cannes-il-g20-decise-litalia-andava-azzoppata\/\" \/>\n<meta property=\"og:site_name\" content=\"Rassegna Stampa Cattolica\" \/>\n<meta property=\"article:publisher\" content=\"https:\/\/www.facebook.com\/rassegnastampacattolica\" \/>\n<meta property=\"article:published_time\" content=\"2014-05-23T07:43:27+00:00\" \/>\n<meta property=\"article:modified_time\" content=\"2015-06-15T07:17:19+00:00\" \/>\n<meta property=\"og:image\" content=\"https:\/\/www.rassegnastampa-totustuus.it\/cattolica\/wp-content\/uploads\/2014\/05\/image001.jpg\" \/>\n\t<meta property=\"og:image:width\" content=\"436\" \/>\n\t<meta property=\"og:image:height\" content=\"230\" \/>\n\t<meta property=\"og:image:type\" content=\"image\/jpeg\" \/>\n<meta name=\"author\" content=\"Redazione\" \/>\n<meta name=\"twitter:card\" content=\"summary_large_image\" \/>\n<meta name=\"twitter:creator\" content=\"@rassegnastampa9\" \/>\n<meta name=\"twitter:site\" content=\"@rassegnastampa9\" \/>\n<meta name=\"twitter:label1\" content=\"Scritto da\" \/>\n\t<meta name=\"twitter:data1\" content=\"Redazione\" \/>\n\t<meta name=\"twitter:label2\" content=\"Tempo di lettura stimato\" \/>\n\t<meta name=\"twitter:data2\" content=\"9 minuti\" \/>\n<script type=\"application\/ld+json\" class=\"yoast-schema-graph\">{\"@context\":\"https:\\\/\\\/schema.org\",\"@graph\":[{\"@type\":\"Article\",\"@id\":\"https:\\\/\\\/www.rassegnastampa-totustuus.it\\\/cattolica\\\/a-cannes-il-g20-decise-litalia-andava-azzoppata\\\/#article\",\"isPartOf\":{\"@id\":\"https:\\\/\\\/www.rassegnastampa-totustuus.it\\\/cattolica\\\/a-cannes-il-g20-decise-litalia-andava-azzoppata\\\/\"},\"author\":{\"name\":\"Redazione\",\"@id\":\"https:\\\/\\\/www.rassegnastampa-totustuus.it\\\/cattolica\\\/#\\\/schema\\\/person\\\/08f319d2bd1a0904ad9e2bfb7b15e5c3\"},\"headline\":\"A Cannes il G20 decise: l\u2019Italia andava azzoppata.\",\"datePublished\":\"2014-05-23T07:43:27+00:00\",\"dateModified\":\"2015-06-15T07:17:19+00:00\",\"mainEntityOfPage\":{\"@id\":\"https:\\\/\\\/www.rassegnastampa-totustuus.it\\\/cattolica\\\/a-cannes-il-g20-decise-litalia-andava-azzoppata\\\/\"},\"wordCount\":1759,\"publisher\":{\"@id\":\"https:\\\/\\\/www.rassegnastampa-totustuus.it\\\/cattolica\\\/#organization\"},\"image\":{\"@id\":\"https:\\\/\\\/www.rassegnastampa-totustuus.it\\\/cattolica\\\/a-cannes-il-g20-decise-litalia-andava-azzoppata\\\/#primaryimage\"},\"thumbnailUrl\":\"https:\\\/\\\/www.rassegnastampa-totustuus.it\\\/cattolica\\\/wp-content\\\/uploads\\\/2014\\\/05\\\/image001.jpg\",\"keywords\":[\"Berlusconi\",\"Europa\",\"storia italiana\"],\"articleSection\":[\"Europa e UE\",\"Politica nazionale\",\"Storia italiana\"],\"inLanguage\":\"it-IT\"},{\"@type\":\"WebPage\",\"@id\":\"https:\\\/\\\/www.rassegnastampa-totustuus.it\\\/cattolica\\\/a-cannes-il-g20-decise-litalia-andava-azzoppata\\\/\",\"url\":\"https:\\\/\\\/www.rassegnastampa-totustuus.it\\\/cattolica\\\/a-cannes-il-g20-decise-litalia-andava-azzoppata\\\/\",\"name\":\"A Cannes il G20 decise: l\u2019Italia andava azzoppata. - Rassegna Stampa Cattolica\",\"isPartOf\":{\"@id\":\"https:\\\/\\\/www.rassegnastampa-totustuus.it\\\/cattolica\\\/#website\"},\"primaryImageOfPage\":{\"@id\":\"https:\\\/\\\/www.rassegnastampa-totustuus.it\\\/cattolica\\\/a-cannes-il-g20-decise-litalia-andava-azzoppata\\\/#primaryimage\"},\"image\":{\"@id\":\"https:\\\/\\\/www.rassegnastampa-totustuus.it\\\/cattolica\\\/a-cannes-il-g20-decise-litalia-andava-azzoppata\\\/#primaryimage\"},\"thumbnailUrl\":\"https:\\\/\\\/www.rassegnastampa-totustuus.it\\\/cattolica\\\/wp-content\\\/uploads\\\/2014\\\/05\\\/image001.jpg\",\"datePublished\":\"2014-05-23T07:43:27+00:00\",\"dateModified\":\"2015-06-15T07:17:19+00:00\",\"description\":\"Rassegna Stampa Cattolica - Per una cultura che nasce dalla Rivelazione cristiana in conformit\u00e0 alla tradizione e al Magistero della Chiesa in opposizione ad ogni relativismo e totalitarismo\",\"breadcrumb\":{\"@id\":\"https:\\\/\\\/www.rassegnastampa-totustuus.it\\\/cattolica\\\/a-cannes-il-g20-decise-litalia-andava-azzoppata\\\/#breadcrumb\"},\"inLanguage\":\"it-IT\",\"potentialAction\":[{\"@type\":\"ReadAction\",\"target\":[\"https:\\\/\\\/www.rassegnastampa-totustuus.it\\\/cattolica\\\/a-cannes-il-g20-decise-litalia-andava-azzoppata\\\/\"]}]},{\"@type\":\"ImageObject\",\"inLanguage\":\"it-IT\",\"@id\":\"https:\\\/\\\/www.rassegnastampa-totustuus.it\\\/cattolica\\\/a-cannes-il-g20-decise-litalia-andava-azzoppata\\\/#primaryimage\",\"url\":\"https:\\\/\\\/www.rassegnastampa-totustuus.it\\\/cattolica\\\/wp-content\\\/uploads\\\/2014\\\/05\\\/image001.jpg\",\"contentUrl\":\"https:\\\/\\\/www.rassegnastampa-totustuus.it\\\/cattolica\\\/wp-content\\\/uploads\\\/2014\\\/05\\\/image001.jpg\",\"width\":436,\"height\":230},{\"@type\":\"BreadcrumbList\",\"@id\":\"https:\\\/\\\/www.rassegnastampa-totustuus.it\\\/cattolica\\\/a-cannes-il-g20-decise-litalia-andava-azzoppata\\\/#breadcrumb\",\"itemListElement\":[{\"@type\":\"ListItem\",\"position\":1,\"name\":\"Home\",\"item\":\"https:\\\/\\\/www.rassegnastampa-totustuus.it\\\/cattolica\\\/\"},{\"@type\":\"ListItem\",\"position\":2,\"name\":\"A Cannes il G20 decise: l\u2019Italia andava azzoppata.\"}]},{\"@type\":\"WebSite\",\"@id\":\"https:\\\/\\\/www.rassegnastampa-totustuus.it\\\/cattolica\\\/#website\",\"url\":\"https:\\\/\\\/www.rassegnastampa-totustuus.it\\\/cattolica\\\/\",\"name\":\"Rassegna Stampa Cattolica\",\"description\":\"Per una cultura che nasce dalla Rivelazione cristiana in conformit\u00e0 alla tradizione e al Magistero della Chiesa in opposizione ad ogni relativismo e totalitarismo\",\"publisher\":{\"@id\":\"https:\\\/\\\/www.rassegnastampa-totustuus.it\\\/cattolica\\\/#organization\"},\"alternateName\":\"Rass. Cattolica\",\"potentialAction\":[{\"@type\":\"SearchAction\",\"target\":{\"@type\":\"EntryPoint\",\"urlTemplate\":\"https:\\\/\\\/www.rassegnastampa-totustuus.it\\\/cattolica\\\/?s={search_term_string}\"},\"query-input\":{\"@type\":\"PropertyValueSpecification\",\"valueRequired\":true,\"valueName\":\"search_term_string\"}}],\"inLanguage\":\"it-IT\"},{\"@type\":\"Organization\",\"@id\":\"https:\\\/\\\/www.rassegnastampa-totustuus.it\\\/cattolica\\\/#organization\",\"name\":\"Rassegna Stampa Cattolica\",\"url\":\"https:\\\/\\\/www.rassegnastampa-totustuus.it\\\/cattolica\\\/\",\"logo\":{\"@type\":\"ImageObject\",\"inLanguage\":\"it-IT\",\"@id\":\"https:\\\/\\\/www.rassegnastampa-totustuus.it\\\/cattolica\\\/#\\\/schema\\\/logo\\\/image\\\/\",\"url\":\"https:\\\/\\\/www.rassegnastampa-totustuus.it\\\/cattolica\\\/wp-content\\\/uploads\\\/2014\\\/04\\\/logo-rassegna1.gif\",\"contentUrl\":\"https:\\\/\\\/www.rassegnastampa-totustuus.it\\\/cattolica\\\/wp-content\\\/uploads\\\/2014\\\/04\\\/logo-rassegna1.gif\",\"width\":600,\"height\":163,\"caption\":\"Rassegna Stampa Cattolica\"},\"image\":{\"@id\":\"https:\\\/\\\/www.rassegnastampa-totustuus.it\\\/cattolica\\\/#\\\/schema\\\/logo\\\/image\\\/\"},\"sameAs\":[\"https:\\\/\\\/www.facebook.com\\\/rassegnastampacattolica\",\"https:\\\/\\\/x.com\\\/rassegnastampa9\"]},{\"@type\":\"Person\",\"@id\":\"https:\\\/\\\/www.rassegnastampa-totustuus.it\\\/cattolica\\\/#\\\/schema\\\/person\\\/08f319d2bd1a0904ad9e2bfb7b15e5c3\",\"name\":\"Redazione\",\"image\":{\"@type\":\"ImageObject\",\"inLanguage\":\"it-IT\",\"@id\":\"https:\\\/\\\/secure.gravatar.com\\\/avatar\\\/2fcdf27c78ea025fbdb44e914cc63c72249ffec9dc8aafd5c82b26240ef3f346?s=96&d=mm&r=g\",\"url\":\"https:\\\/\\\/secure.gravatar.com\\\/avatar\\\/2fcdf27c78ea025fbdb44e914cc63c72249ffec9dc8aafd5c82b26240ef3f346?s=96&d=mm&r=g\",\"contentUrl\":\"https:\\\/\\\/secure.gravatar.com\\\/avatar\\\/2fcdf27c78ea025fbdb44e914cc63c72249ffec9dc8aafd5c82b26240ef3f346?s=96&d=mm&r=g\",\"caption\":\"Redazione\"},\"url\":\"https:\\\/\\\/www.rassegnastampa-totustuus.it\\\/cattolica\\\/author\\\/pietroelle\\\/\"}]}<\/script>\n<!-- \/ Yoast SEO plugin. -->","yoast_head_json":{"title":"A Cannes il G20 decise: l\u2019Italia andava azzoppata. - Rassegna Stampa Cattolica","description":"Rassegna Stampa Cattolica - Per una cultura che nasce dalla Rivelazione cristiana in conformit\u00e0 alla tradizione e al Magistero della Chiesa in opposizione ad ogni relativismo e totalitarismo","robots":{"index":"index","follow":"follow","max-snippet":"max-snippet:-1","max-image-preview":"max-image-preview:large","max-video-preview":"max-video-preview:-1"},"canonical":"https:\/\/www.rassegnastampa-totustuus.it\/cattolica\/a-cannes-il-g20-decise-litalia-andava-azzoppata\/","og_locale":"it_IT","og_type":"article","og_title":"A Cannes il G20 decise: l\u2019Italia andava azzoppata. - Rassegna Stampa Cattolica","og_description":"Rassegna Stampa Cattolica - Per una cultura che nasce dalla Rivelazione cristiana in conformit\u00e0 alla tradizione e al Magistero della Chiesa in opposizione ad ogni relativismo e totalitarismo","og_url":"https:\/\/www.rassegnastampa-totustuus.it\/cattolica\/a-cannes-il-g20-decise-litalia-andava-azzoppata\/","og_site_name":"Rassegna Stampa Cattolica","article_publisher":"https:\/\/www.facebook.com\/rassegnastampacattolica","article_published_time":"2014-05-23T07:43:27+00:00","article_modified_time":"2015-06-15T07:17:19+00:00","og_image":[{"width":436,"height":230,"url":"https:\/\/www.rassegnastampa-totustuus.it\/cattolica\/wp-content\/uploads\/2014\/05\/image001.jpg","type":"image\/jpeg"}],"author":"Redazione","twitter_card":"summary_large_image","twitter_creator":"@rassegnastampa9","twitter_site":"@rassegnastampa9","twitter_misc":{"Scritto da":"Redazione","Tempo di lettura stimato":"9 minuti"},"schema":{"@context":"https:\/\/schema.org","@graph":[{"@type":"Article","@id":"https:\/\/www.rassegnastampa-totustuus.it\/cattolica\/a-cannes-il-g20-decise-litalia-andava-azzoppata\/#article","isPartOf":{"@id":"https:\/\/www.rassegnastampa-totustuus.it\/cattolica\/a-cannes-il-g20-decise-litalia-andava-azzoppata\/"},"author":{"name":"Redazione","@id":"https:\/\/www.rassegnastampa-totustuus.it\/cattolica\/#\/schema\/person\/08f319d2bd1a0904ad9e2bfb7b15e5c3"},"headline":"A Cannes il G20 decise: l\u2019Italia andava azzoppata.","datePublished":"2014-05-23T07:43:27+00:00","dateModified":"2015-06-15T07:17:19+00:00","mainEntityOfPage":{"@id":"https:\/\/www.rassegnastampa-totustuus.it\/cattolica\/a-cannes-il-g20-decise-litalia-andava-azzoppata\/"},"wordCount":1759,"publisher":{"@id":"https:\/\/www.rassegnastampa-totustuus.it\/cattolica\/#organization"},"image":{"@id":"https:\/\/www.rassegnastampa-totustuus.it\/cattolica\/a-cannes-il-g20-decise-litalia-andava-azzoppata\/#primaryimage"},"thumbnailUrl":"https:\/\/www.rassegnastampa-totustuus.it\/cattolica\/wp-content\/uploads\/2014\/05\/image001.jpg","keywords":["Berlusconi","Europa","storia italiana"],"articleSection":["Europa e UE","Politica nazionale","Storia italiana"],"inLanguage":"it-IT"},{"@type":"WebPage","@id":"https:\/\/www.rassegnastampa-totustuus.it\/cattolica\/a-cannes-il-g20-decise-litalia-andava-azzoppata\/","url":"https:\/\/www.rassegnastampa-totustuus.it\/cattolica\/a-cannes-il-g20-decise-litalia-andava-azzoppata\/","name":"A Cannes il G20 decise: l\u2019Italia andava azzoppata. - Rassegna Stampa Cattolica","isPartOf":{"@id":"https:\/\/www.rassegnastampa-totustuus.it\/cattolica\/#website"},"primaryImageOfPage":{"@id":"https:\/\/www.rassegnastampa-totustuus.it\/cattolica\/a-cannes-il-g20-decise-litalia-andava-azzoppata\/#primaryimage"},"image":{"@id":"https:\/\/www.rassegnastampa-totustuus.it\/cattolica\/a-cannes-il-g20-decise-litalia-andava-azzoppata\/#primaryimage"},"thumbnailUrl":"https:\/\/www.rassegnastampa-totustuus.it\/cattolica\/wp-content\/uploads\/2014\/05\/image001.jpg","datePublished":"2014-05-23T07:43:27+00:00","dateModified":"2015-06-15T07:17:19+00:00","description":"Rassegna Stampa Cattolica - Per una cultura che nasce dalla Rivelazione cristiana in conformit\u00e0 alla tradizione e al Magistero della Chiesa in opposizione ad ogni relativismo e totalitarismo","breadcrumb":{"@id":"https:\/\/www.rassegnastampa-totustuus.it\/cattolica\/a-cannes-il-g20-decise-litalia-andava-azzoppata\/#breadcrumb"},"inLanguage":"it-IT","potentialAction":[{"@type":"ReadAction","target":["https:\/\/www.rassegnastampa-totustuus.it\/cattolica\/a-cannes-il-g20-decise-litalia-andava-azzoppata\/"]}]},{"@type":"ImageObject","inLanguage":"it-IT","@id":"https:\/\/www.rassegnastampa-totustuus.it\/cattolica\/a-cannes-il-g20-decise-litalia-andava-azzoppata\/#primaryimage","url":"https:\/\/www.rassegnastampa-totustuus.it\/cattolica\/wp-content\/uploads\/2014\/05\/image001.jpg","contentUrl":"https:\/\/www.rassegnastampa-totustuus.it\/cattolica\/wp-content\/uploads\/2014\/05\/image001.jpg","width":436,"height":230},{"@type":"BreadcrumbList","@id":"https:\/\/www.rassegnastampa-totustuus.it\/cattolica\/a-cannes-il-g20-decise-litalia-andava-azzoppata\/#breadcrumb","itemListElement":[{"@type":"ListItem","position":1,"name":"Home","item":"https:\/\/www.rassegnastampa-totustuus.it\/cattolica\/"},{"@type":"ListItem","position":2,"name":"A Cannes il G20 decise: l\u2019Italia andava azzoppata."}]},{"@type":"WebSite","@id":"https:\/\/www.rassegnastampa-totustuus.it\/cattolica\/#website","url":"https:\/\/www.rassegnastampa-totustuus.it\/cattolica\/","name":"Rassegna Stampa Cattolica","description":"Per una cultura che nasce dalla Rivelazione cristiana in conformit\u00e0 alla tradizione e al Magistero della Chiesa in opposizione ad ogni relativismo e totalitarismo","publisher":{"@id":"https:\/\/www.rassegnastampa-totustuus.it\/cattolica\/#organization"},"alternateName":"Rass. Cattolica","potentialAction":[{"@type":"SearchAction","target":{"@type":"EntryPoint","urlTemplate":"https:\/\/www.rassegnastampa-totustuus.it\/cattolica\/?s={search_term_string}"},"query-input":{"@type":"PropertyValueSpecification","valueRequired":true,"valueName":"search_term_string"}}],"inLanguage":"it-IT"},{"@type":"Organization","@id":"https:\/\/www.rassegnastampa-totustuus.it\/cattolica\/#organization","name":"Rassegna Stampa Cattolica","url":"https:\/\/www.rassegnastampa-totustuus.it\/cattolica\/","logo":{"@type":"ImageObject","inLanguage":"it-IT","@id":"https:\/\/www.rassegnastampa-totustuus.it\/cattolica\/#\/schema\/logo\/image\/","url":"https:\/\/www.rassegnastampa-totustuus.it\/cattolica\/wp-content\/uploads\/2014\/04\/logo-rassegna1.gif","contentUrl":"https:\/\/www.rassegnastampa-totustuus.it\/cattolica\/wp-content\/uploads\/2014\/04\/logo-rassegna1.gif","width":600,"height":163,"caption":"Rassegna Stampa Cattolica"},"image":{"@id":"https:\/\/www.rassegnastampa-totustuus.it\/cattolica\/#\/schema\/logo\/image\/"},"sameAs":["https:\/\/www.facebook.com\/rassegnastampacattolica","https:\/\/x.com\/rassegnastampa9"]},{"@type":"Person","@id":"https:\/\/www.rassegnastampa-totustuus.it\/cattolica\/#\/schema\/person\/08f319d2bd1a0904ad9e2bfb7b15e5c3","name":"Redazione","image":{"@type":"ImageObject","inLanguage":"it-IT","@id":"https:\/\/secure.gravatar.com\/avatar\/2fcdf27c78ea025fbdb44e914cc63c72249ffec9dc8aafd5c82b26240ef3f346?s=96&d=mm&r=g","url":"https:\/\/secure.gravatar.com\/avatar\/2fcdf27c78ea025fbdb44e914cc63c72249ffec9dc8aafd5c82b26240ef3f346?s=96&d=mm&r=g","contentUrl":"https:\/\/secure.gravatar.com\/avatar\/2fcdf27c78ea025fbdb44e914cc63c72249ffec9dc8aafd5c82b26240ef3f346?s=96&d=mm&r=g","caption":"Redazione"},"url":"https:\/\/www.rassegnastampa-totustuus.it\/cattolica\/author\/pietroelle\/"}]}},"_links":{"self":[{"href":"https:\/\/www.rassegnastampa-totustuus.it\/cattolica\/wp-json\/wp\/v2\/posts\/7546","targetHints":{"allow":["GET"]}}],"collection":[{"href":"https:\/\/www.rassegnastampa-totustuus.it\/cattolica\/wp-json\/wp\/v2\/posts"}],"about":[{"href":"https:\/\/www.rassegnastampa-totustuus.it\/cattolica\/wp-json\/wp\/v2\/types\/post"}],"author":[{"embeddable":true,"href":"https:\/\/www.rassegnastampa-totustuus.it\/cattolica\/wp-json\/wp\/v2\/users\/6"}],"replies":[{"embeddable":true,"href":"https:\/\/www.rassegnastampa-totustuus.it\/cattolica\/wp-json\/wp\/v2\/comments?post=7546"}],"version-history":[{"count":6,"href":"https:\/\/www.rassegnastampa-totustuus.it\/cattolica\/wp-json\/wp\/v2\/posts\/7546\/revisions"}],"predecessor-version":[{"id":26239,"href":"https:\/\/www.rassegnastampa-totustuus.it\/cattolica\/wp-json\/wp\/v2\/posts\/7546\/revisions\/26239"}],"wp:featuredmedia":[{"embeddable":true,"href":"https:\/\/www.rassegnastampa-totustuus.it\/cattolica\/wp-json\/wp\/v2\/media\/7547"}],"wp:attachment":[{"href":"https:\/\/www.rassegnastampa-totustuus.it\/cattolica\/wp-json\/wp\/v2\/media?parent=7546"}],"wp:term":[{"taxonomy":"category","embeddable":true,"href":"https:\/\/www.rassegnastampa-totustuus.it\/cattolica\/wp-json\/wp\/v2\/categories?post=7546"},{"taxonomy":"post_tag","embeddable":true,"href":"https:\/\/www.rassegnastampa-totustuus.it\/cattolica\/wp-json\/wp\/v2\/tags?post=7546"}],"curies":[{"name":"wp","href":"https:\/\/api.w.org\/{rel}","templated":true}]}}