{"id":7444,"date":"2014-05-12T09:59:23","date_gmt":"2014-05-12T07:59:23","guid":{"rendered":"http:\/\/www.rassegnastampa-totustuus.it\/cattolica\/?p=7444"},"modified":"2015-06-15T09:40:05","modified_gmt":"2015-06-15T07:40:05","slug":"breve-storia-della-bioetica","status":"publish","type":"post","link":"https:\/\/www.rassegnastampa-totustuus.it\/cattolica\/breve-storia-della-bioetica\/","title":{"rendered":"Breve storia della bioetica"},"content":{"rendered":"<div style=\"text-align: center;\">\n<p style=\"text-align: center;\"><strong><a href=\"https:\/\/www.rassegnastampa-totustuus.it\/cattolica\/wp-content\/uploads\/2014\/05\/storia_bioetica2.jpg\"><img loading=\"lazy\" decoding=\"async\" class=\" wp-image-7445 alignright\" src=\"https:\/\/www.rassegnastampa-totustuus.it\/cattolica\/wp-content\/uploads\/2014\/05\/storia_bioetica2.jpg\" alt=\"storia_bioetica2\" width=\"166\" height=\"250\" \/><\/a>Il Corriere del Sud\u00a0<\/strong> 6 maggio 2014<\/p>\n<p style=\"text-align: center;\"><b style=\"font-size: 12px;\">Andrea Bartelloni<\/b><\/p>\n<p style=\"text-align: justify;\">\u00c8 il 1927 quando un pastore protestante tedesco, Fritz Jahr, pubblica uno scritto dove compare, per la prima volta, il termine bioetica. Ma i tempi non erano ancora maturi e questo termine scompare rapidamente per riaffiorare nel 1970 grazie all\u2019oncologo statunitense Van Resselaer Potter al quale viene attribuita la paternit\u00e0 del neologismo.<\/p>\n<p style=\"text-align: justify;\">Con questa notizia, che ribalta le conoscenze sull\u2019origine del termine bioetica, si apre il volume di Fabrizio Turoldo,<i>Breve storia della bioetica<\/i> (ed. Lindau, 2014) che si affianca ad altre pubblicazioni sul tema ma con un taglio che lega la storia all\u2019attualit\u00e0 e ne fanno un testo utile in un momento in cui le tematiche che vanno dalla fecondazione assistita all\u2019eutanasia, dall\u2019aborto chimico all\u2019ingegneria genetica, arrivano tutti i giorni sui media.<\/p>\n<p style=\"text-align: justify;\"><!--more--><\/p>\n<p style=\"text-align: justify;\">Sono proprio gli avvenimenti pi\u00f9 eclatanti della nostra storia che portano l\u2019attenzione, all\u2019inizio sull\u2019etica medica, gi\u00e0 alla fine degli anni \u201940. Durante il Processo di Norimberga entra prepotentemente in campo il discorso sulla liceit\u00e0 di certe pratiche mediche e poi il tema dell\u2019aborto e via via fino ad oggi. Gli anni \u201960 risultano essere quelli decisivi per la nascita della bioetica che supera i confini dell\u2019etica medica e si pone in parallelo con i movimenti per i diritti civili.<\/p>\n<p style=\"text-align: justify;\">Infatti, sono proprio attivisti di questi movimenti che iniziano ad occuparsene attaccando il paternalismo medico e facendosi promotori della rivendicazione del principio di autonomia del paziente. Alcuni scandali (abusi nella ricerca farmacologica e in campo sperimentale) provocano una grave crisi di fiducia nei confronti della classe medica che porta alla nascita di commissioni ad hoc, la prima delle quali viene istituita dal presidente Nixon il 12 luglio 1974.<\/p>\n<p style=\"text-align: justify;\">Il progresso tecnologico (dialisi, nuove tecniche rianimatorie, nuovi farmaci, trapianti) impone di rivedere e discutere tematiche quali la ridefinizione del concetto di morte e la nuova crisi economica degli anni settanta complica ulteriormente le cose. La scarsit\u00e0 di risorse riduce notevolmente l\u2019intervento dello Stato anche nel campo medico portando a riflettere sul fatto che ci dovessero essere dei limiti alle richieste di cure. Sono gli anni nei quali arriva sul mercato la contraccezione chimica e si diffonde la liberalizzazione dell\u2019aborto, sin arriva anche alla chiusura dei manicomi, tutte questioni che vedono i bioeticisti in campo con l\u2019inizio di contrapposizioni interne.<\/p>\n<p style=\"text-align: justify;\">Infatti non tutti vedono con favore queste novit\u00e0 e, in questo periodo si ha anche l\u2019uscita dei teologi che vengono sostituiti dai filosofi con l\u2019ingresso nel dibattito dei concetti di persona, di diritto alla vita, ecc. con categorie tipicamente filosofiche.<\/p>\n<p style=\"text-align: justify;\">L\u2019uscita dei teologi, che avevano riempito uno spazio lasciato vuoto accanto ai medici, e l\u2019arrivo dei filosofi orienta il dibattito in una direzione laica e secolare fino ad una vera e propria politicizzazione della bioetica quando scoppiano delle vere e proprie \u00abculture wars\u00bb.<\/p>\n<p style=\"text-align: justify;\">Arriviamo cos\u00ec all\u2019attualit\u00e0 quando i casi Terry Schiavo negli Usa e Eluana Englaro in Italia portano a contrapposizioni politiche nette con interventi della magistratura in opposizione a leggi dello Stato.<\/p>\n<p style=\"text-align: justify;\">A questo si aggiunge che, dopo la fine delle ideologie conseguenti al crollo del Muro di Berlino, lo scontro politico ed elettorale si gioca anche su questioni bioetiche (fintanto che era presente un partito cattolico al potere erano passate leggi come quella sul divorzio e l\u2019aborto senza problemi a livello parlamentare ) e dagli anni 90 il dibattito si fa pi\u00f9 libero e acceso. Culmina con la Legge 40 e il referendum successivo, vanificati entrambi dagli interventi della magistratura (\u00e8 storia di questi giorni).<\/p>\n<p style=\"text-align: justify;\">Sempre in questi anni si sono avute, fino alle recenti discussioni sul metodo Stamina, accese contrapposizioni su trattamenti discutibili (Siero Bonifacio, metodo Di Bella) e strumentalizzati dai partiti politici col pessimo risultato di una politicizzazione della ricerca a detrimento di quest\u2019ultima.<\/p>\n<p style=\"text-align: justify;\">Da ultimo il discorso sulle biotecnologie e la nuova eugenetica positiva. \u00c8 qui che si gioca il futuro dell\u2019umanit\u00e0 con la possibilit\u00e0 di modificare (qui sta la distinzione con l\u2019eugenetica classica) le caratteristiche dell\u2019uomo apportando miglioramenti, selezionando caratteristiche che modificano l\u2019individuo scegliendo quella che sar\u00e0 la \u201cvita migliore\u201d.<\/p>\n<p style=\"text-align: justify;\">Qui i bioeticisti dovrebbero intervenire perch\u00e9 \u00e8 in gioco molto di pi\u00f9 della salute fisica \u00e8 in campo la volont\u00e0 dei genitori di modificare a loro piacere le caratteristiche dei figlio tenendo conto solamente delle loro aspettative: si perde cos\u00ec il senso dell\u2019accoglienza di un dono, di una sorpresa, con la pretesa arrogante di programmare il futuro e il destino dei propri figli.<\/p>\n<p style=\"text-align: justify;\">Il volume di Turoldo, docente di bioetica all\u2019Universit\u00e0 Ca\u2019 Foscari di Venezia, non si dilinga in commenti, ma descrive con rigore scientifico la storia, il presente e il futuro della bioetica legata al presente e al futuro dell\u2019umanit\u00e0. Un volume indispensabile per capire dove stiamo andando e perch\u00e9 ci stiamo incamminando su questa pericolosa strada.<\/p>\n<\/div>\n","protected":false},"excerpt":{"rendered":"<p>Il Corriere del Sud\u00a0 6 maggio 2014 Andrea Bartelloni \u00c8 il 1927 quando un pastore protestante tedesco, Fritz Jahr, pubblica uno scritto dove compare, per la prima volta, il termine bioetica. Ma i tempi non erano ancora maturi e questo termine scompare rapidamente per riaffiorare nel 1970 grazie all\u2019oncologo statunitense Van Resselaer Potter al quale &hellip; <\/p>\n<p><a class=\"more-link btn\" href=\"https:\/\/www.rassegnastampa-totustuus.it\/cattolica\/breve-storia-della-bioetica\/\">Continua a leggere<\/a><\/p>\n","protected":false},"author":6,"featured_media":7445,"comment_status":"closed","ping_status":"closed","sticky":false,"template":"","format":"standard","meta":{"footnotes":""},"categories":[4,17],"tags":[2388,265],"class_list":["post-7444","post","type-post","status-publish","format-standard","has-post-thumbnail","hentry","category-bioetica","category-libri","tag-bioetica","tag-libri-2","item-wrap"],"yoast_head":"<!-- This site is optimized with the Yoast SEO plugin v27.5 - https:\/\/yoast.com\/product\/yoast-seo-wordpress\/ -->\n<title>Breve storia della bioetica - Rassegna Stampa Cattolica<\/title>\n<meta name=\"description\" content=\"Rassegna Stampa Cattolica - Per una cultura che nasce dalla Rivelazione cristiana in conformit\u00e0 alla tradizione e al Magistero della Chiesa in opposizione ad ogni relativismo e totalitarismo\" \/>\n<meta name=\"robots\" content=\"index, follow, max-snippet:-1, max-image-preview:large, max-video-preview:-1\" \/>\n<link rel=\"canonical\" href=\"https:\/\/www.rassegnastampa-totustuus.it\/cattolica\/breve-storia-della-bioetica\/\" \/>\n<meta property=\"og:locale\" content=\"it_IT\" \/>\n<meta property=\"og:type\" content=\"article\" \/>\n<meta property=\"og:title\" content=\"Breve storia della bioetica - Rassegna Stampa Cattolica\" \/>\n<meta property=\"og:description\" content=\"Rassegna Stampa Cattolica - Per una cultura che nasce dalla Rivelazione cristiana in conformit\u00e0 alla tradizione e al Magistero della Chiesa in opposizione ad ogni relativismo e totalitarismo\" \/>\n<meta property=\"og:url\" content=\"https:\/\/www.rassegnastampa-totustuus.it\/cattolica\/breve-storia-della-bioetica\/\" \/>\n<meta property=\"og:site_name\" content=\"Rassegna Stampa Cattolica\" \/>\n<meta property=\"article:publisher\" content=\"https:\/\/www.facebook.com\/rassegnastampacattolica\" \/>\n<meta property=\"article:published_time\" content=\"2014-05-12T07:59:23+00:00\" \/>\n<meta property=\"article:modified_time\" content=\"2015-06-15T07:40:05+00:00\" \/>\n<meta property=\"og:image\" content=\"https:\/\/www.rassegnastampa-totustuus.it\/cattolica\/wp-content\/uploads\/2014\/05\/storia_bioetica2.jpg\" \/>\n\t<meta property=\"og:image:width\" content=\"186\" \/>\n\t<meta property=\"og:image:height\" content=\"274\" \/>\n\t<meta property=\"og:image:type\" content=\"image\/jpeg\" \/>\n<meta name=\"author\" content=\"Redazione\" \/>\n<meta name=\"twitter:card\" content=\"summary_large_image\" \/>\n<meta name=\"twitter:creator\" content=\"@rassegnastampa9\" \/>\n<meta name=\"twitter:site\" content=\"@rassegnastampa9\" \/>\n<meta name=\"twitter:label1\" content=\"Scritto da\" \/>\n\t<meta name=\"twitter:data1\" content=\"Redazione\" \/>\n\t<meta name=\"twitter:label2\" content=\"Tempo di lettura stimato\" \/>\n\t<meta name=\"twitter:data2\" content=\"4 minuti\" \/>\n<script type=\"application\/ld+json\" class=\"yoast-schema-graph\">{\"@context\":\"https:\\\/\\\/schema.org\",\"@graph\":[{\"@type\":\"Article\",\"@id\":\"https:\\\/\\\/www.rassegnastampa-totustuus.it\\\/cattolica\\\/breve-storia-della-bioetica\\\/#article\",\"isPartOf\":{\"@id\":\"https:\\\/\\\/www.rassegnastampa-totustuus.it\\\/cattolica\\\/breve-storia-della-bioetica\\\/\"},\"author\":{\"name\":\"Redazione\",\"@id\":\"https:\\\/\\\/www.rassegnastampa-totustuus.it\\\/cattolica\\\/#\\\/schema\\\/person\\\/08f319d2bd1a0904ad9e2bfb7b15e5c3\"},\"headline\":\"Breve storia della bioetica\",\"datePublished\":\"2014-05-12T07:59:23+00:00\",\"dateModified\":\"2015-06-15T07:40:05+00:00\",\"mainEntityOfPage\":{\"@id\":\"https:\\\/\\\/www.rassegnastampa-totustuus.it\\\/cattolica\\\/breve-storia-della-bioetica\\\/\"},\"wordCount\":798,\"publisher\":{\"@id\":\"https:\\\/\\\/www.rassegnastampa-totustuus.it\\\/cattolica\\\/#organization\"},\"image\":{\"@id\":\"https:\\\/\\\/www.rassegnastampa-totustuus.it\\\/cattolica\\\/breve-storia-della-bioetica\\\/#primaryimage\"},\"thumbnailUrl\":\"https:\\\/\\\/www.rassegnastampa-totustuus.it\\\/cattolica\\\/wp-content\\\/uploads\\\/2014\\\/05\\\/storia_bioetica2.jpg\",\"keywords\":[\"Bioetica\",\"libri\"],\"articleSection\":[\"Bioetica\",\"Libri\"],\"inLanguage\":\"it-IT\"},{\"@type\":\"WebPage\",\"@id\":\"https:\\\/\\\/www.rassegnastampa-totustuus.it\\\/cattolica\\\/breve-storia-della-bioetica\\\/\",\"url\":\"https:\\\/\\\/www.rassegnastampa-totustuus.it\\\/cattolica\\\/breve-storia-della-bioetica\\\/\",\"name\":\"Breve storia della bioetica - Rassegna Stampa Cattolica\",\"isPartOf\":{\"@id\":\"https:\\\/\\\/www.rassegnastampa-totustuus.it\\\/cattolica\\\/#website\"},\"primaryImageOfPage\":{\"@id\":\"https:\\\/\\\/www.rassegnastampa-totustuus.it\\\/cattolica\\\/breve-storia-della-bioetica\\\/#primaryimage\"},\"image\":{\"@id\":\"https:\\\/\\\/www.rassegnastampa-totustuus.it\\\/cattolica\\\/breve-storia-della-bioetica\\\/#primaryimage\"},\"thumbnailUrl\":\"https:\\\/\\\/www.rassegnastampa-totustuus.it\\\/cattolica\\\/wp-content\\\/uploads\\\/2014\\\/05\\\/storia_bioetica2.jpg\",\"datePublished\":\"2014-05-12T07:59:23+00:00\",\"dateModified\":\"2015-06-15T07:40:05+00:00\",\"description\":\"Rassegna Stampa Cattolica - Per una cultura che nasce dalla Rivelazione cristiana in conformit\u00e0 alla tradizione e al Magistero della Chiesa in opposizione ad ogni relativismo e totalitarismo\",\"breadcrumb\":{\"@id\":\"https:\\\/\\\/www.rassegnastampa-totustuus.it\\\/cattolica\\\/breve-storia-della-bioetica\\\/#breadcrumb\"},\"inLanguage\":\"it-IT\",\"potentialAction\":[{\"@type\":\"ReadAction\",\"target\":[\"https:\\\/\\\/www.rassegnastampa-totustuus.it\\\/cattolica\\\/breve-storia-della-bioetica\\\/\"]}]},{\"@type\":\"ImageObject\",\"inLanguage\":\"it-IT\",\"@id\":\"https:\\\/\\\/www.rassegnastampa-totustuus.it\\\/cattolica\\\/breve-storia-della-bioetica\\\/#primaryimage\",\"url\":\"https:\\\/\\\/www.rassegnastampa-totustuus.it\\\/cattolica\\\/wp-content\\\/uploads\\\/2014\\\/05\\\/storia_bioetica2.jpg\",\"contentUrl\":\"https:\\\/\\\/www.rassegnastampa-totustuus.it\\\/cattolica\\\/wp-content\\\/uploads\\\/2014\\\/05\\\/storia_bioetica2.jpg\",\"width\":186,\"height\":274},{\"@type\":\"BreadcrumbList\",\"@id\":\"https:\\\/\\\/www.rassegnastampa-totustuus.it\\\/cattolica\\\/breve-storia-della-bioetica\\\/#breadcrumb\",\"itemListElement\":[{\"@type\":\"ListItem\",\"position\":1,\"name\":\"Home\",\"item\":\"https:\\\/\\\/www.rassegnastampa-totustuus.it\\\/cattolica\\\/\"},{\"@type\":\"ListItem\",\"position\":2,\"name\":\"Breve storia della bioetica\"}]},{\"@type\":\"WebSite\",\"@id\":\"https:\\\/\\\/www.rassegnastampa-totustuus.it\\\/cattolica\\\/#website\",\"url\":\"https:\\\/\\\/www.rassegnastampa-totustuus.it\\\/cattolica\\\/\",\"name\":\"Rassegna Stampa Cattolica\",\"description\":\"Per una cultura che nasce dalla Rivelazione cristiana in conformit\u00e0 alla tradizione e al Magistero della Chiesa in opposizione ad ogni relativismo e totalitarismo\",\"publisher\":{\"@id\":\"https:\\\/\\\/www.rassegnastampa-totustuus.it\\\/cattolica\\\/#organization\"},\"alternateName\":\"Rass. Cattolica\",\"potentialAction\":[{\"@type\":\"SearchAction\",\"target\":{\"@type\":\"EntryPoint\",\"urlTemplate\":\"https:\\\/\\\/www.rassegnastampa-totustuus.it\\\/cattolica\\\/?s={search_term_string}\"},\"query-input\":{\"@type\":\"PropertyValueSpecification\",\"valueRequired\":true,\"valueName\":\"search_term_string\"}}],\"inLanguage\":\"it-IT\"},{\"@type\":\"Organization\",\"@id\":\"https:\\\/\\\/www.rassegnastampa-totustuus.it\\\/cattolica\\\/#organization\",\"name\":\"Rassegna Stampa Cattolica\",\"url\":\"https:\\\/\\\/www.rassegnastampa-totustuus.it\\\/cattolica\\\/\",\"logo\":{\"@type\":\"ImageObject\",\"inLanguage\":\"it-IT\",\"@id\":\"https:\\\/\\\/www.rassegnastampa-totustuus.it\\\/cattolica\\\/#\\\/schema\\\/logo\\\/image\\\/\",\"url\":\"https:\\\/\\\/www.rassegnastampa-totustuus.it\\\/cattolica\\\/wp-content\\\/uploads\\\/2014\\\/04\\\/logo-rassegna1.gif\",\"contentUrl\":\"https:\\\/\\\/www.rassegnastampa-totustuus.it\\\/cattolica\\\/wp-content\\\/uploads\\\/2014\\\/04\\\/logo-rassegna1.gif\",\"width\":600,\"height\":163,\"caption\":\"Rassegna Stampa Cattolica\"},\"image\":{\"@id\":\"https:\\\/\\\/www.rassegnastampa-totustuus.it\\\/cattolica\\\/#\\\/schema\\\/logo\\\/image\\\/\"},\"sameAs\":[\"https:\\\/\\\/www.facebook.com\\\/rassegnastampacattolica\",\"https:\\\/\\\/x.com\\\/rassegnastampa9\"]},{\"@type\":\"Person\",\"@id\":\"https:\\\/\\\/www.rassegnastampa-totustuus.it\\\/cattolica\\\/#\\\/schema\\\/person\\\/08f319d2bd1a0904ad9e2bfb7b15e5c3\",\"name\":\"Redazione\",\"image\":{\"@type\":\"ImageObject\",\"inLanguage\":\"it-IT\",\"@id\":\"https:\\\/\\\/secure.gravatar.com\\\/avatar\\\/2fcdf27c78ea025fbdb44e914cc63c72249ffec9dc8aafd5c82b26240ef3f346?s=96&d=mm&r=g\",\"url\":\"https:\\\/\\\/secure.gravatar.com\\\/avatar\\\/2fcdf27c78ea025fbdb44e914cc63c72249ffec9dc8aafd5c82b26240ef3f346?s=96&d=mm&r=g\",\"contentUrl\":\"https:\\\/\\\/secure.gravatar.com\\\/avatar\\\/2fcdf27c78ea025fbdb44e914cc63c72249ffec9dc8aafd5c82b26240ef3f346?s=96&d=mm&r=g\",\"caption\":\"Redazione\"},\"url\":\"https:\\\/\\\/www.rassegnastampa-totustuus.it\\\/cattolica\\\/author\\\/pietroelle\\\/\"}]}<\/script>\n<!-- \/ Yoast SEO plugin. -->","yoast_head_json":{"title":"Breve storia della bioetica - Rassegna Stampa Cattolica","description":"Rassegna Stampa Cattolica - Per una cultura che nasce dalla Rivelazione cristiana in conformit\u00e0 alla tradizione e al Magistero della Chiesa in opposizione ad ogni relativismo e totalitarismo","robots":{"index":"index","follow":"follow","max-snippet":"max-snippet:-1","max-image-preview":"max-image-preview:large","max-video-preview":"max-video-preview:-1"},"canonical":"https:\/\/www.rassegnastampa-totustuus.it\/cattolica\/breve-storia-della-bioetica\/","og_locale":"it_IT","og_type":"article","og_title":"Breve storia della bioetica - Rassegna Stampa Cattolica","og_description":"Rassegna Stampa Cattolica - Per una cultura che nasce dalla Rivelazione cristiana in conformit\u00e0 alla tradizione e al Magistero della Chiesa in opposizione ad ogni relativismo e totalitarismo","og_url":"https:\/\/www.rassegnastampa-totustuus.it\/cattolica\/breve-storia-della-bioetica\/","og_site_name":"Rassegna Stampa Cattolica","article_publisher":"https:\/\/www.facebook.com\/rassegnastampacattolica","article_published_time":"2014-05-12T07:59:23+00:00","article_modified_time":"2015-06-15T07:40:05+00:00","og_image":[{"width":186,"height":274,"url":"https:\/\/www.rassegnastampa-totustuus.it\/cattolica\/wp-content\/uploads\/2014\/05\/storia_bioetica2.jpg","type":"image\/jpeg"}],"author":"Redazione","twitter_card":"summary_large_image","twitter_creator":"@rassegnastampa9","twitter_site":"@rassegnastampa9","twitter_misc":{"Scritto da":"Redazione","Tempo di lettura stimato":"4 minuti"},"schema":{"@context":"https:\/\/schema.org","@graph":[{"@type":"Article","@id":"https:\/\/www.rassegnastampa-totustuus.it\/cattolica\/breve-storia-della-bioetica\/#article","isPartOf":{"@id":"https:\/\/www.rassegnastampa-totustuus.it\/cattolica\/breve-storia-della-bioetica\/"},"author":{"name":"Redazione","@id":"https:\/\/www.rassegnastampa-totustuus.it\/cattolica\/#\/schema\/person\/08f319d2bd1a0904ad9e2bfb7b15e5c3"},"headline":"Breve storia della bioetica","datePublished":"2014-05-12T07:59:23+00:00","dateModified":"2015-06-15T07:40:05+00:00","mainEntityOfPage":{"@id":"https:\/\/www.rassegnastampa-totustuus.it\/cattolica\/breve-storia-della-bioetica\/"},"wordCount":798,"publisher":{"@id":"https:\/\/www.rassegnastampa-totustuus.it\/cattolica\/#organization"},"image":{"@id":"https:\/\/www.rassegnastampa-totustuus.it\/cattolica\/breve-storia-della-bioetica\/#primaryimage"},"thumbnailUrl":"https:\/\/www.rassegnastampa-totustuus.it\/cattolica\/wp-content\/uploads\/2014\/05\/storia_bioetica2.jpg","keywords":["Bioetica","libri"],"articleSection":["Bioetica","Libri"],"inLanguage":"it-IT"},{"@type":"WebPage","@id":"https:\/\/www.rassegnastampa-totustuus.it\/cattolica\/breve-storia-della-bioetica\/","url":"https:\/\/www.rassegnastampa-totustuus.it\/cattolica\/breve-storia-della-bioetica\/","name":"Breve storia della bioetica - Rassegna Stampa Cattolica","isPartOf":{"@id":"https:\/\/www.rassegnastampa-totustuus.it\/cattolica\/#website"},"primaryImageOfPage":{"@id":"https:\/\/www.rassegnastampa-totustuus.it\/cattolica\/breve-storia-della-bioetica\/#primaryimage"},"image":{"@id":"https:\/\/www.rassegnastampa-totustuus.it\/cattolica\/breve-storia-della-bioetica\/#primaryimage"},"thumbnailUrl":"https:\/\/www.rassegnastampa-totustuus.it\/cattolica\/wp-content\/uploads\/2014\/05\/storia_bioetica2.jpg","datePublished":"2014-05-12T07:59:23+00:00","dateModified":"2015-06-15T07:40:05+00:00","description":"Rassegna Stampa Cattolica - Per una cultura che nasce dalla Rivelazione cristiana in conformit\u00e0 alla tradizione e al Magistero della Chiesa in opposizione ad ogni relativismo e totalitarismo","breadcrumb":{"@id":"https:\/\/www.rassegnastampa-totustuus.it\/cattolica\/breve-storia-della-bioetica\/#breadcrumb"},"inLanguage":"it-IT","potentialAction":[{"@type":"ReadAction","target":["https:\/\/www.rassegnastampa-totustuus.it\/cattolica\/breve-storia-della-bioetica\/"]}]},{"@type":"ImageObject","inLanguage":"it-IT","@id":"https:\/\/www.rassegnastampa-totustuus.it\/cattolica\/breve-storia-della-bioetica\/#primaryimage","url":"https:\/\/www.rassegnastampa-totustuus.it\/cattolica\/wp-content\/uploads\/2014\/05\/storia_bioetica2.jpg","contentUrl":"https:\/\/www.rassegnastampa-totustuus.it\/cattolica\/wp-content\/uploads\/2014\/05\/storia_bioetica2.jpg","width":186,"height":274},{"@type":"BreadcrumbList","@id":"https:\/\/www.rassegnastampa-totustuus.it\/cattolica\/breve-storia-della-bioetica\/#breadcrumb","itemListElement":[{"@type":"ListItem","position":1,"name":"Home","item":"https:\/\/www.rassegnastampa-totustuus.it\/cattolica\/"},{"@type":"ListItem","position":2,"name":"Breve storia della bioetica"}]},{"@type":"WebSite","@id":"https:\/\/www.rassegnastampa-totustuus.it\/cattolica\/#website","url":"https:\/\/www.rassegnastampa-totustuus.it\/cattolica\/","name":"Rassegna Stampa Cattolica","description":"Per una cultura che nasce dalla Rivelazione cristiana in conformit\u00e0 alla tradizione e al Magistero della Chiesa in opposizione ad ogni relativismo e totalitarismo","publisher":{"@id":"https:\/\/www.rassegnastampa-totustuus.it\/cattolica\/#organization"},"alternateName":"Rass. Cattolica","potentialAction":[{"@type":"SearchAction","target":{"@type":"EntryPoint","urlTemplate":"https:\/\/www.rassegnastampa-totustuus.it\/cattolica\/?s={search_term_string}"},"query-input":{"@type":"PropertyValueSpecification","valueRequired":true,"valueName":"search_term_string"}}],"inLanguage":"it-IT"},{"@type":"Organization","@id":"https:\/\/www.rassegnastampa-totustuus.it\/cattolica\/#organization","name":"Rassegna Stampa Cattolica","url":"https:\/\/www.rassegnastampa-totustuus.it\/cattolica\/","logo":{"@type":"ImageObject","inLanguage":"it-IT","@id":"https:\/\/www.rassegnastampa-totustuus.it\/cattolica\/#\/schema\/logo\/image\/","url":"https:\/\/www.rassegnastampa-totustuus.it\/cattolica\/wp-content\/uploads\/2014\/04\/logo-rassegna1.gif","contentUrl":"https:\/\/www.rassegnastampa-totustuus.it\/cattolica\/wp-content\/uploads\/2014\/04\/logo-rassegna1.gif","width":600,"height":163,"caption":"Rassegna Stampa Cattolica"},"image":{"@id":"https:\/\/www.rassegnastampa-totustuus.it\/cattolica\/#\/schema\/logo\/image\/"},"sameAs":["https:\/\/www.facebook.com\/rassegnastampacattolica","https:\/\/x.com\/rassegnastampa9"]},{"@type":"Person","@id":"https:\/\/www.rassegnastampa-totustuus.it\/cattolica\/#\/schema\/person\/08f319d2bd1a0904ad9e2bfb7b15e5c3","name":"Redazione","image":{"@type":"ImageObject","inLanguage":"it-IT","@id":"https:\/\/secure.gravatar.com\/avatar\/2fcdf27c78ea025fbdb44e914cc63c72249ffec9dc8aafd5c82b26240ef3f346?s=96&d=mm&r=g","url":"https:\/\/secure.gravatar.com\/avatar\/2fcdf27c78ea025fbdb44e914cc63c72249ffec9dc8aafd5c82b26240ef3f346?s=96&d=mm&r=g","contentUrl":"https:\/\/secure.gravatar.com\/avatar\/2fcdf27c78ea025fbdb44e914cc63c72249ffec9dc8aafd5c82b26240ef3f346?s=96&d=mm&r=g","caption":"Redazione"},"url":"https:\/\/www.rassegnastampa-totustuus.it\/cattolica\/author\/pietroelle\/"}]}},"_links":{"self":[{"href":"https:\/\/www.rassegnastampa-totustuus.it\/cattolica\/wp-json\/wp\/v2\/posts\/7444","targetHints":{"allow":["GET"]}}],"collection":[{"href":"https:\/\/www.rassegnastampa-totustuus.it\/cattolica\/wp-json\/wp\/v2\/posts"}],"about":[{"href":"https:\/\/www.rassegnastampa-totustuus.it\/cattolica\/wp-json\/wp\/v2\/types\/post"}],"author":[{"embeddable":true,"href":"https:\/\/www.rassegnastampa-totustuus.it\/cattolica\/wp-json\/wp\/v2\/users\/6"}],"replies":[{"embeddable":true,"href":"https:\/\/www.rassegnastampa-totustuus.it\/cattolica\/wp-json\/wp\/v2\/comments?post=7444"}],"version-history":[{"count":2,"href":"https:\/\/www.rassegnastampa-totustuus.it\/cattolica\/wp-json\/wp\/v2\/posts\/7444\/revisions"}],"predecessor-version":[{"id":26249,"href":"https:\/\/www.rassegnastampa-totustuus.it\/cattolica\/wp-json\/wp\/v2\/posts\/7444\/revisions\/26249"}],"wp:featuredmedia":[{"embeddable":true,"href":"https:\/\/www.rassegnastampa-totustuus.it\/cattolica\/wp-json\/wp\/v2\/media\/7445"}],"wp:attachment":[{"href":"https:\/\/www.rassegnastampa-totustuus.it\/cattolica\/wp-json\/wp\/v2\/media?parent=7444"}],"wp:term":[{"taxonomy":"category","embeddable":true,"href":"https:\/\/www.rassegnastampa-totustuus.it\/cattolica\/wp-json\/wp\/v2\/categories?post=7444"},{"taxonomy":"post_tag","embeddable":true,"href":"https:\/\/www.rassegnastampa-totustuus.it\/cattolica\/wp-json\/wp\/v2\/tags?post=7444"}],"curies":[{"name":"wp","href":"https:\/\/api.w.org\/{rel}","templated":true}]}}