{"id":743,"date":"2005-06-14T15:41:16","date_gmt":"2005-06-14T13:41:16","guid":{"rendered":""},"modified":"2025-03-11T14:44:54","modified_gmt":"2025-03-11T13:44:54","slug":"meno-poveri-grazie-alla-globalizzazione","status":"publish","type":"post","link":"https:\/\/www.rassegnastampa-totustuus.it\/cattolica\/meno-poveri-grazie-alla-globalizzazione\/","title":{"rendered":"Meno poveri grazie alla globalizzazione"},"content":{"rendered":"\n<p class=\"has-text-align-center\">Articolo pubblicato su <a href=\"https:\/\/www.tempi.it\/\" target=\"_blank\" rel=\"noreferrer noopener\"><strong>Temp<\/strong>i <\/a>n.10<\/p>\n\n\n\n<p class=\"has-text-align-center\">del 4 marzo 2004<\/p>\n\n\n\n<p class=\"has-text-align-center\">di <strong>Casadei Rodolfo<\/strong><\/p>\n\n\n<div class=\"wp-block-image\">\n<figure class=\"aligncenter size-large is-resized\"><a href=\"https:\/\/www.rassegnastampa-totustuus.it\/cattolica\/wp-content\/uploads\/2020\/04\/globalizzazione.jpg\"><img loading=\"lazy\" decoding=\"async\" width=\"1024\" height=\"574\" src=\"https:\/\/www.rassegnastampa-totustuus.it\/cattolica\/wp-content\/uploads\/2020\/04\/globalizzazione-1024x574.jpg\" alt=\"\" class=\"wp-image-46836\" style=\"width:425px;height:auto\" srcset=\"https:\/\/www.rassegnastampa-totustuus.it\/cattolica\/wp-content\/uploads\/2020\/04\/globalizzazione-1024x574.jpg 1024w, https:\/\/www.rassegnastampa-totustuus.it\/cattolica\/wp-content\/uploads\/2020\/04\/globalizzazione-300x168.jpg 300w, https:\/\/www.rassegnastampa-totustuus.it\/cattolica\/wp-content\/uploads\/2020\/04\/globalizzazione-768x431.jpg 768w, https:\/\/www.rassegnastampa-totustuus.it\/cattolica\/wp-content\/uploads\/2020\/04\/globalizzazione.jpg 1300w\" sizes=\"auto, (max-width: 1024px) 100vw, 1024px\" \/><\/a><\/figure><\/div>\n\n\n<!--more-->\n\n\n\n<p>A fair globalization &#8211; Creating opportunities for all \u00e8 il rapporto pi\u00f9 critico sulla globalizzazione finora realizzato da un organismo delle Nazioni Unite. Pubblicato il 24 febbraio scorso a cura della Commissione mondiale sulla dimensione sociale della globalizzazione, un gruppo di lavoro creato dall\u2019Organizzazione internazionale del lavoro (Oil) con sede a Ginevra, dice tutto quel che di male si pu\u00f2 dire della globalizzazione: che aumenta le diseguaglianze fra e all\u2019interno dei paesi, che non tutte le aree geografiche ne usufruiscono, che precarizza il lavoro, che le istituzioni che dovrebbero governare il processo latitano o non sono imparziali, e altro ancora.<\/p>\n\n\n\n<p>Difficilmente ci si poteva aspettare di meno da una commissione che aveva fra le sue vedette l\u2019economista Joseph Stiglitz, l\u2019esponente del Forum di Porto Alegre Amina Traor\u00e9, attivisti indigeni delle Filippine, sindacalisti sudafricani e statunitensi, eccetera. Ma nemmeno il rapporto dell\u2019Oil ha potuto contraddire, e ha dovuto invece confermare, quello che su queste pagine ripetiamo da anni: la globalizzazione, con tutti i suoi limiti e difetti, non ha aumentato il numero dei poverissimi nel mondo, ma lo ha diminuito.<\/p>\n\n\n\n<p>E la diminuzione \u00e8 pi\u00f9 evidente proprio in quelle aree del mondo che sono riuscite a partecipare al gioco dell\u2019import-export internazionale, mentre le regioni che sono rimaste fuori dai processi di globalizzazione sono proprio quelle che hanno visto aumentare il numero dei loro poveri assoluti.<\/p>\n\n\n\n<p>Fra il 1990 ed il 2000 il numero degli esseri umani che vivono con meno di 1 dollaro Usa al giorno (questa \u00e8 la definizione di povert\u00e0 assoluta nei paesi in via di sviluppo e in transizione) \u00e8 sceso di 137 milioni, passando da 1.237 milioni a 1.100. L\u2019area che ha contribuito di pi\u00f9 alla flessione \u00e8 l\u2019Asia orientale, con quasi 200 milioni in meno, mentre invece il numero assoluto dei poveri \u00e8 aumentato in America latina ed Europa orientale (lievemente), ma soprattutto nell\u2019Africa nera, dove nel 2000 erano 82 milioni in pi\u00f9 che all\u2019inizio del decennio.<\/p>\n\n\n\n<p>L\u2019Africa \u00e8 anche l\u2019unica zona dove i poveri sono aumentati sia in cifra assoluta che in percentuale sul totale della popolazione, diventando il 49 per cento, praticamente un abitante su due. In tutte le altre aree regionali i poveri, quando non sono diminuiti in cifra assoluta, sono diminuiti almeno in percentuale, per una flessione totale di 6,7 punti (dal 28,3 al 21,6 per cento).<\/p>\n\n\n\n<p>Bisogna infatti ricordare che nel 1990 il mondo aveva 5 miliardi e 275 milioni di abitanti, mentre nel 2000 erano diventati 6 miliardi e 79 milioni, e quegli 800 milioni in pi\u00f9 erano spuntati quasi tutti nei paesi poveri. Ma la maggior parte di loro \u00e8 sfuggita al destino della povert\u00e0 assoluta. \u00c8 gi\u00e0 qualcosa.<\/p>\n","protected":false},"excerpt":{"rendered":"<p>Articolo pubblicato su Tempi n.10 del 4 marzo 2004 di Casadei Rodolfo<\/p><p><a class=\"more-link btn\" href=\"https:\/\/www.rassegnastampa-totustuus.it\/cattolica\/meno-poveri-grazie-alla-globalizzazione\/\">Continua a leggere<\/a><\/p>\n","protected":false},"author":6,"featured_media":29539,"comment_status":"closed","ping_status":"open","sticky":false,"template":"","format":"standard","meta":{"footnotes":""},"categories":[13],"tags":[648,1562],"class_list":["post-743","post","type-post","status-publish","format-standard","has-post-thumbnail","hentry","category-economia","tag-globalizzazione","tag-poverta","item-wrap"],"yoast_head":"<!-- This site is optimized with the Yoast SEO plugin v27.5 - https:\/\/yoast.com\/product\/yoast-seo-wordpress\/ -->\n<title>Meno poveri grazie alla globalizzazione - Rassegna Stampa Cattolica<\/title>\n<meta name=\"description\" content=\"Meno poveri grazie alla globalizzazione. Chi \u00e8 rimasto fuori dalla globalizzazione sono ha visto aumentare il numero dei poveri assoluti.\" \/>\n<meta name=\"robots\" content=\"index, follow, max-snippet:-1, max-image-preview:large, max-video-preview:-1\" \/>\n<link rel=\"canonical\" href=\"https:\/\/www.rassegnastampa-totustuus.it\/cattolica\/meno-poveri-grazie-alla-globalizzazione\/\" \/>\n<meta property=\"og:locale\" content=\"it_IT\" \/>\n<meta property=\"og:type\" content=\"article\" \/>\n<meta property=\"og:title\" content=\"Meno poveri grazie alla globalizzazione - Rassegna Stampa Cattolica\" \/>\n<meta property=\"og:description\" content=\"Meno poveri grazie alla globalizzazione. Chi \u00e8 rimasto fuori dalla globalizzazione sono ha visto aumentare il numero dei poveri assoluti.\" \/>\n<meta property=\"og:url\" content=\"https:\/\/www.rassegnastampa-totustuus.it\/cattolica\/meno-poveri-grazie-alla-globalizzazione\/\" \/>\n<meta property=\"og:site_name\" content=\"Rassegna Stampa Cattolica\" \/>\n<meta property=\"article:publisher\" content=\"https:\/\/www.facebook.com\/rassegnastampacattolica\" \/>\n<meta property=\"article:published_time\" content=\"2005-06-14T13:41:16+00:00\" \/>\n<meta property=\"article:modified_time\" content=\"2025-03-11T13:44:54+00:00\" \/>\n<meta property=\"og:image\" content=\"https:\/\/www.rassegnastampa-totustuus.it\/cattolica\/wp-content\/uploads\/2005\/06\/global.jpg\" \/>\n\t<meta property=\"og:image:width\" content=\"200\" \/>\n\t<meta property=\"og:image:height\" content=\"180\" \/>\n\t<meta property=\"og:image:type\" content=\"image\/jpeg\" \/>\n<meta name=\"author\" content=\"Redazione\" \/>\n<meta name=\"twitter:card\" content=\"summary_large_image\" \/>\n<meta name=\"twitter:creator\" content=\"@rassegnastampa9\" \/>\n<meta name=\"twitter:site\" content=\"@rassegnastampa9\" \/>\n<meta name=\"twitter:label1\" content=\"Scritto da\" \/>\n\t<meta name=\"twitter:data1\" content=\"Redazione\" \/>\n\t<meta name=\"twitter:label2\" content=\"Tempo di lettura stimato\" \/>\n\t<meta name=\"twitter:data2\" content=\"3 minuti\" \/>\n<script type=\"application\/ld+json\" class=\"yoast-schema-graph\">{\"@context\":\"https:\\\/\\\/schema.org\",\"@graph\":[{\"@type\":\"Article\",\"@id\":\"https:\\\/\\\/www.rassegnastampa-totustuus.it\\\/cattolica\\\/meno-poveri-grazie-alla-globalizzazione\\\/#article\",\"isPartOf\":{\"@id\":\"https:\\\/\\\/www.rassegnastampa-totustuus.it\\\/cattolica\\\/meno-poveri-grazie-alla-globalizzazione\\\/\"},\"author\":{\"name\":\"Redazione\",\"@id\":\"https:\\\/\\\/www.rassegnastampa-totustuus.it\\\/cattolica\\\/#\\\/schema\\\/person\\\/08f319d2bd1a0904ad9e2bfb7b15e5c3\"},\"headline\":\"Meno poveri grazie alla globalizzazione\",\"datePublished\":\"2005-06-14T13:41:16+00:00\",\"dateModified\":\"2025-03-11T13:44:54+00:00\",\"mainEntityOfPage\":{\"@id\":\"https:\\\/\\\/www.rassegnastampa-totustuus.it\\\/cattolica\\\/meno-poveri-grazie-alla-globalizzazione\\\/\"},\"wordCount\":437,\"publisher\":{\"@id\":\"https:\\\/\\\/www.rassegnastampa-totustuus.it\\\/cattolica\\\/#organization\"},\"image\":{\"@id\":\"https:\\\/\\\/www.rassegnastampa-totustuus.it\\\/cattolica\\\/meno-poveri-grazie-alla-globalizzazione\\\/#primaryimage\"},\"thumbnailUrl\":\"https:\\\/\\\/www.rassegnastampa-totustuus.it\\\/cattolica\\\/wp-content\\\/uploads\\\/2005\\\/06\\\/global.jpg\",\"keywords\":[\"globalizzazione\",\"povert\u00e0\"],\"articleSection\":[\"Economia\"],\"inLanguage\":\"it-IT\"},{\"@type\":\"WebPage\",\"@id\":\"https:\\\/\\\/www.rassegnastampa-totustuus.it\\\/cattolica\\\/meno-poveri-grazie-alla-globalizzazione\\\/\",\"url\":\"https:\\\/\\\/www.rassegnastampa-totustuus.it\\\/cattolica\\\/meno-poveri-grazie-alla-globalizzazione\\\/\",\"name\":\"Meno poveri grazie alla globalizzazione - Rassegna Stampa Cattolica\",\"isPartOf\":{\"@id\":\"https:\\\/\\\/www.rassegnastampa-totustuus.it\\\/cattolica\\\/#website\"},\"primaryImageOfPage\":{\"@id\":\"https:\\\/\\\/www.rassegnastampa-totustuus.it\\\/cattolica\\\/meno-poveri-grazie-alla-globalizzazione\\\/#primaryimage\"},\"image\":{\"@id\":\"https:\\\/\\\/www.rassegnastampa-totustuus.it\\\/cattolica\\\/meno-poveri-grazie-alla-globalizzazione\\\/#primaryimage\"},\"thumbnailUrl\":\"https:\\\/\\\/www.rassegnastampa-totustuus.it\\\/cattolica\\\/wp-content\\\/uploads\\\/2005\\\/06\\\/global.jpg\",\"datePublished\":\"2005-06-14T13:41:16+00:00\",\"dateModified\":\"2025-03-11T13:44:54+00:00\",\"description\":\"Meno poveri grazie alla globalizzazione. Chi \u00e8 rimasto fuori dalla globalizzazione sono ha visto aumentare il numero dei poveri assoluti.\",\"breadcrumb\":{\"@id\":\"https:\\\/\\\/www.rassegnastampa-totustuus.it\\\/cattolica\\\/meno-poveri-grazie-alla-globalizzazione\\\/#breadcrumb\"},\"inLanguage\":\"it-IT\",\"potentialAction\":[{\"@type\":\"ReadAction\",\"target\":[\"https:\\\/\\\/www.rassegnastampa-totustuus.it\\\/cattolica\\\/meno-poveri-grazie-alla-globalizzazione\\\/\"]}]},{\"@type\":\"ImageObject\",\"inLanguage\":\"it-IT\",\"@id\":\"https:\\\/\\\/www.rassegnastampa-totustuus.it\\\/cattolica\\\/meno-poveri-grazie-alla-globalizzazione\\\/#primaryimage\",\"url\":\"https:\\\/\\\/www.rassegnastampa-totustuus.it\\\/cattolica\\\/wp-content\\\/uploads\\\/2005\\\/06\\\/global.jpg\",\"contentUrl\":\"https:\\\/\\\/www.rassegnastampa-totustuus.it\\\/cattolica\\\/wp-content\\\/uploads\\\/2005\\\/06\\\/global.jpg\",\"width\":200,\"height\":180},{\"@type\":\"BreadcrumbList\",\"@id\":\"https:\\\/\\\/www.rassegnastampa-totustuus.it\\\/cattolica\\\/meno-poveri-grazie-alla-globalizzazione\\\/#breadcrumb\",\"itemListElement\":[{\"@type\":\"ListItem\",\"position\":1,\"name\":\"Home\",\"item\":\"https:\\\/\\\/www.rassegnastampa-totustuus.it\\\/cattolica\\\/\"},{\"@type\":\"ListItem\",\"position\":2,\"name\":\"Meno poveri grazie alla globalizzazione\"}]},{\"@type\":\"WebSite\",\"@id\":\"https:\\\/\\\/www.rassegnastampa-totustuus.it\\\/cattolica\\\/#website\",\"url\":\"https:\\\/\\\/www.rassegnastampa-totustuus.it\\\/cattolica\\\/\",\"name\":\"Rassegna Stampa Cattolica\",\"description\":\"Per una cultura che nasce dalla Rivelazione cristiana in conformit\u00e0 alla tradizione e al Magistero della Chiesa in opposizione ad ogni relativismo e totalitarismo\",\"publisher\":{\"@id\":\"https:\\\/\\\/www.rassegnastampa-totustuus.it\\\/cattolica\\\/#organization\"},\"alternateName\":\"Rass. Cattolica\",\"potentialAction\":[{\"@type\":\"SearchAction\",\"target\":{\"@type\":\"EntryPoint\",\"urlTemplate\":\"https:\\\/\\\/www.rassegnastampa-totustuus.it\\\/cattolica\\\/?s={search_term_string}\"},\"query-input\":{\"@type\":\"PropertyValueSpecification\",\"valueRequired\":true,\"valueName\":\"search_term_string\"}}],\"inLanguage\":\"it-IT\"},{\"@type\":\"Organization\",\"@id\":\"https:\\\/\\\/www.rassegnastampa-totustuus.it\\\/cattolica\\\/#organization\",\"name\":\"Rassegna Stampa Cattolica\",\"url\":\"https:\\\/\\\/www.rassegnastampa-totustuus.it\\\/cattolica\\\/\",\"logo\":{\"@type\":\"ImageObject\",\"inLanguage\":\"it-IT\",\"@id\":\"https:\\\/\\\/www.rassegnastampa-totustuus.it\\\/cattolica\\\/#\\\/schema\\\/logo\\\/image\\\/\",\"url\":\"https:\\\/\\\/www.rassegnastampa-totustuus.it\\\/cattolica\\\/wp-content\\\/uploads\\\/2014\\\/04\\\/logo-rassegna1.gif\",\"contentUrl\":\"https:\\\/\\\/www.rassegnastampa-totustuus.it\\\/cattolica\\\/wp-content\\\/uploads\\\/2014\\\/04\\\/logo-rassegna1.gif\",\"width\":600,\"height\":163,\"caption\":\"Rassegna Stampa Cattolica\"},\"image\":{\"@id\":\"https:\\\/\\\/www.rassegnastampa-totustuus.it\\\/cattolica\\\/#\\\/schema\\\/logo\\\/image\\\/\"},\"sameAs\":[\"https:\\\/\\\/www.facebook.com\\\/rassegnastampacattolica\",\"https:\\\/\\\/x.com\\\/rassegnastampa9\"]},{\"@type\":\"Person\",\"@id\":\"https:\\\/\\\/www.rassegnastampa-totustuus.it\\\/cattolica\\\/#\\\/schema\\\/person\\\/08f319d2bd1a0904ad9e2bfb7b15e5c3\",\"name\":\"Redazione\",\"image\":{\"@type\":\"ImageObject\",\"inLanguage\":\"it-IT\",\"@id\":\"https:\\\/\\\/secure.gravatar.com\\\/avatar\\\/2fcdf27c78ea025fbdb44e914cc63c72249ffec9dc8aafd5c82b26240ef3f346?s=96&d=mm&r=g\",\"url\":\"https:\\\/\\\/secure.gravatar.com\\\/avatar\\\/2fcdf27c78ea025fbdb44e914cc63c72249ffec9dc8aafd5c82b26240ef3f346?s=96&d=mm&r=g\",\"contentUrl\":\"https:\\\/\\\/secure.gravatar.com\\\/avatar\\\/2fcdf27c78ea025fbdb44e914cc63c72249ffec9dc8aafd5c82b26240ef3f346?s=96&d=mm&r=g\",\"caption\":\"Redazione\"},\"url\":\"https:\\\/\\\/www.rassegnastampa-totustuus.it\\\/cattolica\\\/author\\\/pietroelle\\\/\"}]}<\/script>\n<!-- \/ Yoast SEO plugin. -->","yoast_head_json":{"title":"Meno poveri grazie alla globalizzazione - Rassegna Stampa Cattolica","description":"Meno poveri grazie alla globalizzazione. Chi \u00e8 rimasto fuori dalla globalizzazione sono ha visto aumentare il numero dei poveri assoluti.","robots":{"index":"index","follow":"follow","max-snippet":"max-snippet:-1","max-image-preview":"max-image-preview:large","max-video-preview":"max-video-preview:-1"},"canonical":"https:\/\/www.rassegnastampa-totustuus.it\/cattolica\/meno-poveri-grazie-alla-globalizzazione\/","og_locale":"it_IT","og_type":"article","og_title":"Meno poveri grazie alla globalizzazione - Rassegna Stampa Cattolica","og_description":"Meno poveri grazie alla globalizzazione. Chi \u00e8 rimasto fuori dalla globalizzazione sono ha visto aumentare il numero dei poveri assoluti.","og_url":"https:\/\/www.rassegnastampa-totustuus.it\/cattolica\/meno-poveri-grazie-alla-globalizzazione\/","og_site_name":"Rassegna Stampa Cattolica","article_publisher":"https:\/\/www.facebook.com\/rassegnastampacattolica","article_published_time":"2005-06-14T13:41:16+00:00","article_modified_time":"2025-03-11T13:44:54+00:00","og_image":[{"width":200,"height":180,"url":"https:\/\/www.rassegnastampa-totustuus.it\/cattolica\/wp-content\/uploads\/2005\/06\/global.jpg","type":"image\/jpeg"}],"author":"Redazione","twitter_card":"summary_large_image","twitter_creator":"@rassegnastampa9","twitter_site":"@rassegnastampa9","twitter_misc":{"Scritto da":"Redazione","Tempo di lettura stimato":"3 minuti"},"schema":{"@context":"https:\/\/schema.org","@graph":[{"@type":"Article","@id":"https:\/\/www.rassegnastampa-totustuus.it\/cattolica\/meno-poveri-grazie-alla-globalizzazione\/#article","isPartOf":{"@id":"https:\/\/www.rassegnastampa-totustuus.it\/cattolica\/meno-poveri-grazie-alla-globalizzazione\/"},"author":{"name":"Redazione","@id":"https:\/\/www.rassegnastampa-totustuus.it\/cattolica\/#\/schema\/person\/08f319d2bd1a0904ad9e2bfb7b15e5c3"},"headline":"Meno poveri grazie alla globalizzazione","datePublished":"2005-06-14T13:41:16+00:00","dateModified":"2025-03-11T13:44:54+00:00","mainEntityOfPage":{"@id":"https:\/\/www.rassegnastampa-totustuus.it\/cattolica\/meno-poveri-grazie-alla-globalizzazione\/"},"wordCount":437,"publisher":{"@id":"https:\/\/www.rassegnastampa-totustuus.it\/cattolica\/#organization"},"image":{"@id":"https:\/\/www.rassegnastampa-totustuus.it\/cattolica\/meno-poveri-grazie-alla-globalizzazione\/#primaryimage"},"thumbnailUrl":"https:\/\/www.rassegnastampa-totustuus.it\/cattolica\/wp-content\/uploads\/2005\/06\/global.jpg","keywords":["globalizzazione","povert\u00e0"],"articleSection":["Economia"],"inLanguage":"it-IT"},{"@type":"WebPage","@id":"https:\/\/www.rassegnastampa-totustuus.it\/cattolica\/meno-poveri-grazie-alla-globalizzazione\/","url":"https:\/\/www.rassegnastampa-totustuus.it\/cattolica\/meno-poveri-grazie-alla-globalizzazione\/","name":"Meno poveri grazie alla globalizzazione - Rassegna Stampa Cattolica","isPartOf":{"@id":"https:\/\/www.rassegnastampa-totustuus.it\/cattolica\/#website"},"primaryImageOfPage":{"@id":"https:\/\/www.rassegnastampa-totustuus.it\/cattolica\/meno-poveri-grazie-alla-globalizzazione\/#primaryimage"},"image":{"@id":"https:\/\/www.rassegnastampa-totustuus.it\/cattolica\/meno-poveri-grazie-alla-globalizzazione\/#primaryimage"},"thumbnailUrl":"https:\/\/www.rassegnastampa-totustuus.it\/cattolica\/wp-content\/uploads\/2005\/06\/global.jpg","datePublished":"2005-06-14T13:41:16+00:00","dateModified":"2025-03-11T13:44:54+00:00","description":"Meno poveri grazie alla globalizzazione. Chi \u00e8 rimasto fuori dalla globalizzazione sono ha visto aumentare il numero dei poveri assoluti.","breadcrumb":{"@id":"https:\/\/www.rassegnastampa-totustuus.it\/cattolica\/meno-poveri-grazie-alla-globalizzazione\/#breadcrumb"},"inLanguage":"it-IT","potentialAction":[{"@type":"ReadAction","target":["https:\/\/www.rassegnastampa-totustuus.it\/cattolica\/meno-poveri-grazie-alla-globalizzazione\/"]}]},{"@type":"ImageObject","inLanguage":"it-IT","@id":"https:\/\/www.rassegnastampa-totustuus.it\/cattolica\/meno-poveri-grazie-alla-globalizzazione\/#primaryimage","url":"https:\/\/www.rassegnastampa-totustuus.it\/cattolica\/wp-content\/uploads\/2005\/06\/global.jpg","contentUrl":"https:\/\/www.rassegnastampa-totustuus.it\/cattolica\/wp-content\/uploads\/2005\/06\/global.jpg","width":200,"height":180},{"@type":"BreadcrumbList","@id":"https:\/\/www.rassegnastampa-totustuus.it\/cattolica\/meno-poveri-grazie-alla-globalizzazione\/#breadcrumb","itemListElement":[{"@type":"ListItem","position":1,"name":"Home","item":"https:\/\/www.rassegnastampa-totustuus.it\/cattolica\/"},{"@type":"ListItem","position":2,"name":"Meno poveri grazie alla globalizzazione"}]},{"@type":"WebSite","@id":"https:\/\/www.rassegnastampa-totustuus.it\/cattolica\/#website","url":"https:\/\/www.rassegnastampa-totustuus.it\/cattolica\/","name":"Rassegna Stampa Cattolica","description":"Per una cultura che nasce dalla Rivelazione cristiana in conformit\u00e0 alla tradizione e al Magistero della Chiesa in opposizione ad ogni relativismo e totalitarismo","publisher":{"@id":"https:\/\/www.rassegnastampa-totustuus.it\/cattolica\/#organization"},"alternateName":"Rass. Cattolica","potentialAction":[{"@type":"SearchAction","target":{"@type":"EntryPoint","urlTemplate":"https:\/\/www.rassegnastampa-totustuus.it\/cattolica\/?s={search_term_string}"},"query-input":{"@type":"PropertyValueSpecification","valueRequired":true,"valueName":"search_term_string"}}],"inLanguage":"it-IT"},{"@type":"Organization","@id":"https:\/\/www.rassegnastampa-totustuus.it\/cattolica\/#organization","name":"Rassegna Stampa Cattolica","url":"https:\/\/www.rassegnastampa-totustuus.it\/cattolica\/","logo":{"@type":"ImageObject","inLanguage":"it-IT","@id":"https:\/\/www.rassegnastampa-totustuus.it\/cattolica\/#\/schema\/logo\/image\/","url":"https:\/\/www.rassegnastampa-totustuus.it\/cattolica\/wp-content\/uploads\/2014\/04\/logo-rassegna1.gif","contentUrl":"https:\/\/www.rassegnastampa-totustuus.it\/cattolica\/wp-content\/uploads\/2014\/04\/logo-rassegna1.gif","width":600,"height":163,"caption":"Rassegna Stampa Cattolica"},"image":{"@id":"https:\/\/www.rassegnastampa-totustuus.it\/cattolica\/#\/schema\/logo\/image\/"},"sameAs":["https:\/\/www.facebook.com\/rassegnastampacattolica","https:\/\/x.com\/rassegnastampa9"]},{"@type":"Person","@id":"https:\/\/www.rassegnastampa-totustuus.it\/cattolica\/#\/schema\/person\/08f319d2bd1a0904ad9e2bfb7b15e5c3","name":"Redazione","image":{"@type":"ImageObject","inLanguage":"it-IT","@id":"https:\/\/secure.gravatar.com\/avatar\/2fcdf27c78ea025fbdb44e914cc63c72249ffec9dc8aafd5c82b26240ef3f346?s=96&d=mm&r=g","url":"https:\/\/secure.gravatar.com\/avatar\/2fcdf27c78ea025fbdb44e914cc63c72249ffec9dc8aafd5c82b26240ef3f346?s=96&d=mm&r=g","contentUrl":"https:\/\/secure.gravatar.com\/avatar\/2fcdf27c78ea025fbdb44e914cc63c72249ffec9dc8aafd5c82b26240ef3f346?s=96&d=mm&r=g","caption":"Redazione"},"url":"https:\/\/www.rassegnastampa-totustuus.it\/cattolica\/author\/pietroelle\/"}]}},"_links":{"self":[{"href":"https:\/\/www.rassegnastampa-totustuus.it\/cattolica\/wp-json\/wp\/v2\/posts\/743","targetHints":{"allow":["GET"]}}],"collection":[{"href":"https:\/\/www.rassegnastampa-totustuus.it\/cattolica\/wp-json\/wp\/v2\/posts"}],"about":[{"href":"https:\/\/www.rassegnastampa-totustuus.it\/cattolica\/wp-json\/wp\/v2\/types\/post"}],"author":[{"embeddable":true,"href":"https:\/\/www.rassegnastampa-totustuus.it\/cattolica\/wp-json\/wp\/v2\/users\/6"}],"replies":[{"embeddable":true,"href":"https:\/\/www.rassegnastampa-totustuus.it\/cattolica\/wp-json\/wp\/v2\/comments?post=743"}],"version-history":[{"count":5,"href":"https:\/\/www.rassegnastampa-totustuus.it\/cattolica\/wp-json\/wp\/v2\/posts\/743\/revisions"}],"predecessor-version":[{"id":62288,"href":"https:\/\/www.rassegnastampa-totustuus.it\/cattolica\/wp-json\/wp\/v2\/posts\/743\/revisions\/62288"}],"wp:featuredmedia":[{"embeddable":true,"href":"https:\/\/www.rassegnastampa-totustuus.it\/cattolica\/wp-json\/wp\/v2\/media\/29539"}],"wp:attachment":[{"href":"https:\/\/www.rassegnastampa-totustuus.it\/cattolica\/wp-json\/wp\/v2\/media?parent=743"}],"wp:term":[{"taxonomy":"category","embeddable":true,"href":"https:\/\/www.rassegnastampa-totustuus.it\/cattolica\/wp-json\/wp\/v2\/categories?post=743"},{"taxonomy":"post_tag","embeddable":true,"href":"https:\/\/www.rassegnastampa-totustuus.it\/cattolica\/wp-json\/wp\/v2\/tags?post=743"}],"curies":[{"name":"wp","href":"https:\/\/api.w.org\/{rel}","templated":true}]}}