{"id":727,"date":"2005-06-14T12:18:23","date_gmt":"2005-06-14T10:18:23","guid":{"rendered":""},"modified":"2025-02-20T16:10:51","modified_gmt":"2025-02-20T15:10:51","slug":"destinazione-il-paese-di-cuccagna","status":"publish","type":"post","link":"https:\/\/www.rassegnastampa-totustuus.it\/cattolica\/destinazione-il-paese-di-cuccagna\/","title":{"rendered":"Destinazione, il Paese di Cuccagna"},"content":{"rendered":"\n<p class=\"has-text-align-center\">Articolo pubblicato su<strong> <a href=\"https:\/\/www.liberoquotidiano.it\/\" target=\"_blank\" rel=\"noreferrer noopener\">Libero<\/a><\/strong> di gioved\u00ec 17 gennaio 2002<\/p>\n\n\n\n<h4 class=\"wp-block-heading has-text-align-center\"><strong>Dalle comuni medievali ai centri Sociali,<br>una irresistibile ascesa politica all\u2019insegna di odio, invidia e tornaconto<\/strong><\/h4>\n\n\n\n<p class=\"has-text-align-center\"><em>Origine e obiettivi degli Antiglobal, consumisti autentici e rivoluzionari per burla<\/em><\/p>\n\n\n<div class=\"wp-block-image\">\n<figure class=\"aligncenter size-full is-resized\"><a href=\"https:\/\/www.rassegnastampa-totustuus.it\/cattolica\/wp-content\/uploads\/2005\/06\/sinistra_centri_sociali.jpeg\"><img loading=\"lazy\" decoding=\"async\" width=\"200\" height=\"180\" src=\"https:\/\/www.rassegnastampa-totustuus.it\/cattolica\/wp-content\/uploads\/2005\/06\/sinistra_centri_sociali.jpeg\" alt=\"\" class=\"wp-image-62225\" style=\"width:330px;height:auto\"\/><\/a><\/figure><\/div>\n\n\n<!--more-->\n\n\n\n<p><strong>Per gentile concessione delle Edizioni Ares, pubblichiamo un brano del secondo capitolo di \u201cNo Global &#8211; la formidabile ascesa dell\u2019antagonismo anarchico\u201d, il nuovo libro del giornalista-scrittore Maurizio Blondet<\/strong><\/p>\n\n\n\n<p>Il Manifesto pubblicava il 16 gennaio 1996 la seguente lettera: \u00abSono un venticinquenne privilegiato dell\u2019hinterland milanese; ho potuto studiare, ho una famiglia mediamente benestante. Eppure il 10 settembre ero in piazza Cavour e quando (finalmente) \u00e8 scoppiato l\u2019odio, fazzoletto sul viso, ho caricato gli sbirri provando una gioia e un senso di liberazione mai provato prima\u00bb. Illuminato da questa \u00abgioia di odiare\u00bb il giovane scrivente, che si firma Marco Vite da Monza teorizza su un metodo per liberarsi dalla \u00abrassegnazione collettiva\u00bb attraverso la manifestazione dell\u2019odio.<\/p>\n\n\n\n<p>E lo affida ai Centri Sociali: \u00abVorrei che i Centri Sociali riuscissero a trasformare il nostro in forme permanenti di conflitto sociale\u00bb. Questo auspicio \u00e8 diventato realt\u00e0 a Genova tra il 19 e il 22 luglio 2001: quando decine di migliaia di contestatori antagonisti, egemonizzati dai Centri Sociali, hanno &#8220;liberato l\u2019odio&#8221; in violentissimi fatti di guerriglia urbana e devastazioni gratuite. A Genova, nei moti contro il vertice del G8, si sono poste le basi per trasformare migliaia di odii corpuscolari, individuali, in &#8220;forme permanenti di conflitto&#8221;.<\/p>\n\n\n\n<h4 class=\"wp-block-heading has-text-align-center\"><strong>Il valore di una bandiera<\/strong><\/h4>\n\n\n\n<p>Carlo Giuliani, il ventenne ucciso a Genova dal carabiniere che stava cercando di uccidere, avrebbe potuto scrivere la lettera apparsa sul Manifesto cinque anni prima. Anche lui &#8220;privilegiato&#8221;, iscritto all\u2019universit\u00e0, figlio di un sindacalista della CGIL benestante, con villetta al Righi, quartiere-giardino, Anche lui nel suo giorno fatale, calato il passamontagna sul viso, ha &#8220;caricato gli sbirri&#8221; con una violenza liberatoria da posseduto. Si aggiunga che Carlo Giuliani, il figlio benestante, da tempo s\u2019era intruppato tra i &#8220;punk-bestia&#8221;, chiedeva l\u2019elemosina accompagnato da una torma di cani randagi, frequentava i Centri Sociali della sua citt\u00e0.<\/p>\n\n\n\n<p>Al suo funerale, la sua bara (glorificata e accompagnata da pugni chiusi) era coperta da una bandiera: ma non la rossa bandiera del comunismo n\u00e9 la nera dell\u2019anarchia, bens\u00ec quella della Roma, la squadra di calcio preferita. Agghiacciante particolare che la dice lunga sui &#8220;valori&#8221; (perch\u00e9 una bandiera \u00e8 sempre un simbolo di valori) che hanno portato Carlo Giuliani a trovare la morte. [ \u2026 ]<\/p>\n\n\n\n<p>Questo tipo umano, che a Genova ha trovato il pretesto permanente per &#8220;liberare l\u2019odio&#8221; di cui ha bisogno per illudersi di esistere, \u00e8 stato nutrito, allevato e coltivato nei Centri Sociali per anni. E dominer\u00e0, se non la storia, la cronaca nera per molti anni a venire. Per capire come mai, dobbiamo prima domandarci: che cosa sono i Centri Sociali? Quale tipo d\u2019umanit\u00e0 radunano?<\/p>\n\n\n\n<p>Un testo \u00abdi lotta dei circoli proletari giovanili di Milano\u00bb intitolato &#8220;Sar\u00e0 un risotto che vi seppellir\u00e0&#8221; cos\u00ec rievoca la nascita dei primi Centri Sociali: \u00abAnche le panchine erano stanche di sopportarci; dai bar ci cacciavano perch\u00e9 drogati, capelloni, ma soprattutto perch\u00e9 si consumava poco&#8221;. C\u2019era la sede di Lotta Continua, ma era troppo stretta. Non fisicamente, ma non la sentivamo nostra. E poi sempre scazzi con i dirigenti, con gli operai&#8221;, l\u00ec dovevi sorbirti menate moralistiche, o facevi il missionario: aiutavi le vecchiette ad autoridursi le bollette della luce, vendevi il giornale, attacchinaggi ecc. Alla lunga, ti chiedevi che rapporto c\u2019era coi tuoi bisogni di vita. Allora preferivi stare al freddo, sulle panchine \u2026 Le panchine per\u00f2 non bastavano pi\u00f9, perch\u00e9 c\u2019erano sempre pi\u00f9 giovani qualsiasi che s\u2019incontravano l\u00ec, non pi\u00f9 solo per droga. Lentamente \u00e8 maturata la decisione di fare qualcosa di pi\u00f9, finalmente qualcosa: si \u00e8 troppo giovani per accettare di marcire. Poi c\u2019era uno che si bucava, stava male e noi volevamo fare qualcosa, perch\u00e9 era uno di noi e poteva accadere a chiunque di noi di scivolare nell\u2019 eroina. Con questa coda di paglia, e con tanta voglia di fare qualcosa, di contare, di affermare i propri bisogni, si \u00e8 passati all\u2019occupazione di una chiesa sconsacrata. E\u2019 bellissimo occupare chiese\u00bb.<\/p>\n\n\n\n<h4 class=\"wp-block-heading has-text-align-center\"><strong>Non occupabili cronici<\/strong><\/h4>\n\n\n\n<p>Il tipo umano che appare in filigrana in questa autodescrizione, e che s\u2019\u00e8 agglutinato nei Centri Sociali (anche il pi\u00f9 noto, il milanese &#8220;Leoncavallo&#8221;, nacque nel 1975) non \u00e8 affatto nuovo. La frangia antropologica qui descritta, se non \u00e8 mai emersa davvero nella luce della Storia dell\u2019Occidente (perch\u00e9, come vedremo, semplicemente non \u00e8 in grado di farlo) ha premuto, presenza costante per secoli, nell\u2019area crepuscolare che s\u2019addensa ai margini della storia. Sempre eguale a se. L\u2019autodescrizione datata 1977 \u00e8 un ritratto di sintomi psicologici gi\u00e0 comparsi, e notati in epoche assai lontane. Capelloni, drogati, che &#8220;consumano poco&#8221; denota vite informi (incapaci di darsi una &#8220;forma&#8221;), subpersonalit\u00e0 incompiute o malferme, inerti e insieme irrequiete.<\/p>\n\n\n\n<p>Non stupir\u00e0 apprendere, come c\u2019informa un\u2019altra indagine su questo ambiente; che molti dei giovani frequentatori dei Centri Sociali sono (in Lombardia!) senza lavoro o lavoratori senza qualifica nella &#8220;Piccola fabbrica&#8221;, vittime predestinate del precario e del lavoro nero&#8221;. Pi\u00f9 che disoccupati, dei non-occupabili. Le oscure sette millenarista che nel Medio Evo esplosero e misero a sacco intere regioni d\u2019Europa reclutavano immancabilmente dagli &#8220;irregolari&#8221; di questo genere: marginali per incapacit\u00e0 a reggersi all\u2019interno della societ\u00e0, a rispondere alle esigenze minime del vivere comune. I loro capi erano personalit\u00e0 altrettanto <em>borderline<\/em>.<\/p>\n\n\n\n<p>Fr\u00e0 Dolcino, figlio illegittimo di un prete, nel 1300 stava per prendere i voti, ma dovette fuggire perch\u00e9 sorpreso a rubare i soldi del suo maestro. Sappiamo che, riconosciuto capo della setta dei &#8220;fratelli apostolici&#8221; predic\u00f2 l\u2019abolizione delle leggi civili e l\u2019instaurazione di una societ\u00e0 spontanea, fondata sul puro amore. Per questo motivo, propugn\u00f2 la collettivizzazione delle terre, e anche delle donne (nell\u2019amore tutto andava messo in comune).<\/p>\n\n\n\n<p>Nel 1304, raccolti attorno a se cinquemila marginali, fissati, vaneggianti, maniaci, fond\u00f2 tra le valli alpine una comune dove mettere in pratica i suoi principi. La comune, incapace di produrre alcunch\u00e9, camp\u00f2 per tre anni depredando le campagne circostanti, dunque di mero parassitismo banditesco: un Centro Sociale ante litteram. [ \u2026 ] Il Giardino delle Delizie<\/p>\n\n\n\n<p>\u00abC\u2019era la sede di Lotta Continua, ma non la sentivamo nostra. L\u00ec dovevi sorbirti menate moralistiche o facevi il missionario\u00bb, si lagnano i primi &#8220;autonomi&#8221;: \u00aballa lunga ti chiedevi che rapporto c\u2019era coi tuoi bisogni di vita\u00bb. Questo tipo umano, privo di unit\u00e0 interiore, di volont\u00e0 e fermezza, semplicemente non pu\u00f2 dedicarsi a un progetto qualunque, che in qualche modo lo trascenda. E\u2019 inutilizzabile anche per la Rivoluzione, perch\u00e9 vive ossessionato dalla necessit\u00e0 di soddisfare immediatamente, i &#8220;suoi bisogni di vita&#8221;.<\/p>\n\n\n\n<p>Questa frangia antropologica non sa far altro che obbedire ai suoi impulsi primari: voglia di godere, fame, paura, odio. Non solo socialmente, ma in modo pi\u00f9 radicale (cio\u00e8 come gli animali) essa vive nel bisogno. La sola utopia che concepisce \u00e8 entrare nel Giardino delle Delizie dove unica norma \u00e8 il godere, nel Paese di Cuccagna dov\u2019\u00e8 l\u2019abbondanza senza lavoro, nel Paradisus Voluptatis che Bosch, seguace dei &#8220;fratelli del libero spirito&#8221; dipinse come luogo dei piaceri soddisfatti.<\/p>\n\n\n\n<p>Del resto, nelle sette medievali proliferate dalla gnosi catara non si facevano quasi altro che &#8220;festini&#8221;, o &#8220;riti&#8221; consistenti in unioni sessuali, spesso contro natura. Feste che in Italia si chiamavano &#8220;barilotti&#8221;, mentre in Germania i luoghi delle orge erano chiamati &#8220;paradisi&#8221;. Nei Centri Sociali la parola d\u2019ordine \u00e8 la \u00ablotta per il diritto alla festa\u00bb.<\/p>\n\n\n\n<p>Che costoro siano giovani (categoria dell\u2019irresponsabilit\u00e0, che pu\u00f2 prolungarsi smisuratamente fin oltre i trent\u2019anni) e che a loro si uniscano sempre pi\u00f9 giovani &#8220;qualsiasi&#8221; (ossia non ideologizzati) tutti sull\u2019orlo della tossicomania, \u00abconsapevoli che poteva accadere a ciascuno di noi di scivolare nell\u2019eroina\u00bb, pu\u00f2 stupire solo chi sia accecato dall\u2019errore pedagogico illuminista: il quale presuppone o finge nell\u2019adolescente una &#8220;personalit\u00e0&#8221;, strutturata, &#8220;razionale&#8221; per giunta, consapevole, libera nei giudizi.<\/p>\n\n\n\n<p>La verit\u00e0 \u00e8 che il &#8220;giovane&#8221; \u00e8 per natura, ma si spera transitoriamente, una personalit\u00e0 vaga, fluttuante, marginale come quella che da secoli si fa arruolare nelle sette eversive millenariste. Il soggetto che segu\u00ec Fr\u00e0 Dolcino, si fece anabattista e partecip\u00f2 a barilotti e saccheggi, \u00e8 lo stesso che oggi si arruola nell\u2019insurrezione permanente della nuova anarchia &#8220;antagonista&#8221;, entrambi si caratterizzano per l\u2019incapacit\u00e0 di unificare gli &#8220;io&#8221; plurimi e temporanei che li abitano (come Carlo Giuliani, al tempo stesso &#8220;bravo ragazzo&#8221; e punk-bestia, &#8220;studente universitario&#8221; e tifoso della Roma).<\/p>\n\n\n\n<p>Questi &#8220;io plurimi&#8221; sono nutriti dalle forze profonde dell\u2019inconscio in tempesta ormonale, da impulsi primari, da micro-ossessioni o fissazioni deboli, e rendono il soggetto incipiente che li porta in s\u00e9 irrequieto, vagante, incapace di costanza e coerenza, dunque &#8220;ribelle&#8221; e al tempo stesso invincibilmente gregario. Folle di marginali e di psicolabili restando in modo permanente in questo stadio, che \u00e8 proprio appunto del &#8220;giovane&#8221; adolescente.<\/p>\n\n\n\n<p>La sola differenza \u00e8 che nel giovane la mancanza di unit\u00e0 interiore e fisiologica, in qualche modo &#8220;normale&#8221;. [ \u2026 ]<\/p>\n\n\n\n<h4 class=\"wp-block-heading has-text-align-center\"><strong>L\u2019identit\u00e0 del branco<\/strong><\/h4>\n\n\n\n<p>Chiunque ha un figlio adolescente si domanda perch\u00e9 egli venga travolto in modo a volte ridicolmente, dolorosamente coattivo da &#8220;mode giovanili&#8221; ricorrenti; perch\u00e9 di colpo voglia vestirsi in un certo modo, &#8220;come tutti i ragazzi della mia et\u00e0&#8221;, e non in un altro; e come soffra se glielo si impedisce; e come gli piaccia una certa musica che piace a tutta la sua generazione; e come si comporti in modo stupidamente gregario, obbedendo all\u2019istinto della banda di eguali.<\/p>\n\n\n\n<p>La risposta \u00e8: perch\u00e9, non essendo ancora formato e maturo, non \u00e8 capace di reggere lo sforzo di vivere in proprio. Avere personalit\u00e0 \u00e8, essenzialmente, saper reggere il disagio della solitudine radicale, sopportare l\u2019atmosfera psichica anonima del momento. Al punto &#8211; come sa chiunque ricordi la sua adolescenza &#8211; da sentire come una disperata privazione di se l\u2019impossibilit\u00e0, o il divieto dei genitori, di agire &#8220;come tutti i miei compagni&#8221; di parlare come loro, di frequentare i luoghi che frequentano &#8220;tutti&#8221;, di adorare gli idoli del gruppo giovanile, e soprattutto di indossare i jeans, le magliette e le scarpe Nike che &#8220;danno identit\u00e0&#8221; ai suoi coetanei, beninteso un\u2019identit\u00e0 collettiva, di gruppo sociale, di banda. Ci\u00f2 \u00e8 esattamente il contrario della spontaneit\u00e0 e della originalit\u00e0, che pure il giovane persegue perdutamente, narcisisticamente.<\/p>\n\n\n\n<p>Quanto pi\u00f9 la societ\u00e0 incita il giovane a essere &#8220;libero&#8221;, tanto pi\u00f9 egli sente necessario adeguarsi mimeticamente al gruppo coetaneo: perch\u00e9, quell\u2019et\u00e0, sentirsi &#8220;libero&#8221; significa sentire con tutta l\u2019angoscia il vuoto, il nulla del suo io incipiente.<\/p>\n\n\n\n<h4 class=\"wp-block-heading has-text-align-center\"><strong>Narcisismo patologico<\/strong><\/h4>\n\n\n\n<p>La pedagogia contemporanea, che invita gli scolari delle elementari a &#8220;esprimere il proprio io&#8221; o addirittura la &#8220;propria creativit\u00e0&#8221;, non fa che fissarli in un narcisismo patologico: chi non ha (ancora) nulla da esprimere, finisce per esprimere violenza chimicamente pura. Chi viene dichiarato &#8220;libero&#8221; senza avere ancora le qualit\u00e0 per esercitare la libert\u00e0, viene gettato nel vuoto: e nel vuoto psicologico nasce l\u2019aggressivit\u00e0. Che questo vuoto (pieno d\u2019angoscia, di dubbi sulla propria adeguatezza) sia oggi spesso riempito dalla droga \u00e8 quasi inevitabile vista la valorizzazione che la pedagogia criminosa del nostro &#8220;illuminato&#8221; ed edonista conferisce al &#8220;provare emozioni&#8221;.<\/p>\n\n\n\n<p>Bisogna vedere un diabolico sarcasmo, un\u2019atroce freddura satanica nel fatto che le droghe spacciate ai nostri ragazzi abbiano nomi che alludono alle alte cose di cui vengono defraudati: eroina al posto dell\u2019Eros e dell\u2019Eroe, ecstasy come surrogato dell\u2019Estasi ascetica, crack al posto dello schianto dell\u2019io che esce da se stesso nel sacrificio estremo di s\u00e9.<\/p>\n","protected":false},"excerpt":{"rendered":"<p>Articolo pubblicato su Libero di gioved\u00ec 17 gennaio 2002 Dalle comuni medievali ai centri Sociali,una irresistibile ascesa politica all\u2019insegna di odio, invidia e tornaconto Origine e obiettivi degli Antiglobal, consumisti autentici e rivoluzionari per burla<\/p><p><a class=\"more-link btn\" href=\"https:\/\/www.rassegnastampa-totustuus.it\/cattolica\/destinazione-il-paese-di-cuccagna\/\">Continua a leggere<\/a><\/p>\n","protected":false},"author":6,"featured_media":62225,"comment_status":"closed","ping_status":"open","sticky":false,"template":"","format":"standard","meta":{"footnotes":""},"categories":[60],"tags":[3123,678],"class_list":["post-727","post","type-post","status-publish","format-standard","has-post-thumbnail","hentry","category-no-global","tag-antiglobal","tag-centri-sociali","item-wrap"],"yoast_head":"<!-- This site is optimized with the Yoast SEO plugin v27.5 - https:\/\/yoast.com\/product\/yoast-seo-wordpress\/ -->\n<title>Destinazione, il Paese di Cuccagna - Rassegna Stampa Cattolica<\/title>\n<meta name=\"description\" content=\"Destinazione, il Paese di Cuccagna. Dalle comuni medievali ai centri Sociali, una ascesa politica all\u2019insegna di odio, invidia e tornaconto\" \/>\n<meta name=\"robots\" content=\"index, follow, max-snippet:-1, max-image-preview:large, max-video-preview:-1\" \/>\n<link rel=\"canonical\" href=\"https:\/\/www.rassegnastampa-totustuus.it\/cattolica\/destinazione-il-paese-di-cuccagna\/\" \/>\n<meta property=\"og:locale\" content=\"it_IT\" \/>\n<meta property=\"og:type\" content=\"article\" \/>\n<meta property=\"og:title\" content=\"Destinazione, il Paese di Cuccagna - Rassegna Stampa Cattolica\" \/>\n<meta property=\"og:description\" content=\"Destinazione, il Paese di Cuccagna. Dalle comuni medievali ai centri Sociali, una ascesa politica all\u2019insegna di odio, invidia e tornaconto\" \/>\n<meta property=\"og:url\" content=\"https:\/\/www.rassegnastampa-totustuus.it\/cattolica\/destinazione-il-paese-di-cuccagna\/\" \/>\n<meta property=\"og:site_name\" content=\"Rassegna Stampa Cattolica\" \/>\n<meta property=\"article:publisher\" content=\"https:\/\/www.facebook.com\/rassegnastampacattolica\" \/>\n<meta property=\"article:published_time\" content=\"2005-06-14T10:18:23+00:00\" \/>\n<meta property=\"article:modified_time\" content=\"2025-02-20T15:10:51+00:00\" \/>\n<meta property=\"og:image\" content=\"https:\/\/www.rassegnastampa-totustuus.it\/cattolica\/wp-content\/uploads\/2005\/06\/sinistra_centri_sociali.jpeg\" \/>\n\t<meta property=\"og:image:width\" content=\"200\" \/>\n\t<meta property=\"og:image:height\" content=\"180\" \/>\n\t<meta property=\"og:image:type\" content=\"image\/jpeg\" \/>\n<meta name=\"author\" content=\"Redazione\" \/>\n<meta name=\"twitter:card\" content=\"summary_large_image\" \/>\n<meta name=\"twitter:creator\" content=\"@rassegnastampa9\" \/>\n<meta name=\"twitter:site\" content=\"@rassegnastampa9\" \/>\n<meta name=\"twitter:label1\" content=\"Scritto da\" \/>\n\t<meta name=\"twitter:data1\" content=\"Redazione\" \/>\n\t<meta name=\"twitter:label2\" content=\"Tempo di lettura stimato\" \/>\n\t<meta name=\"twitter:data2\" content=\"11 minuti\" \/>\n<script type=\"application\/ld+json\" class=\"yoast-schema-graph\">{\"@context\":\"https:\\\/\\\/schema.org\",\"@graph\":[{\"@type\":\"Article\",\"@id\":\"https:\\\/\\\/www.rassegnastampa-totustuus.it\\\/cattolica\\\/destinazione-il-paese-di-cuccagna\\\/#article\",\"isPartOf\":{\"@id\":\"https:\\\/\\\/www.rassegnastampa-totustuus.it\\\/cattolica\\\/destinazione-il-paese-di-cuccagna\\\/\"},\"author\":{\"name\":\"Redazione\",\"@id\":\"https:\\\/\\\/www.rassegnastampa-totustuus.it\\\/cattolica\\\/#\\\/schema\\\/person\\\/08f319d2bd1a0904ad9e2bfb7b15e5c3\"},\"headline\":\"Destinazione, il Paese di Cuccagna\",\"datePublished\":\"2005-06-14T10:18:23+00:00\",\"dateModified\":\"2025-02-20T15:10:51+00:00\",\"mainEntityOfPage\":{\"@id\":\"https:\\\/\\\/www.rassegnastampa-totustuus.it\\\/cattolica\\\/destinazione-il-paese-di-cuccagna\\\/\"},\"wordCount\":1883,\"publisher\":{\"@id\":\"https:\\\/\\\/www.rassegnastampa-totustuus.it\\\/cattolica\\\/#organization\"},\"image\":{\"@id\":\"https:\\\/\\\/www.rassegnastampa-totustuus.it\\\/cattolica\\\/destinazione-il-paese-di-cuccagna\\\/#primaryimage\"},\"thumbnailUrl\":\"https:\\\/\\\/www.rassegnastampa-totustuus.it\\\/cattolica\\\/wp-content\\\/uploads\\\/2005\\\/06\\\/sinistra_centri_sociali.jpeg\",\"keywords\":[\"Antiglobal\",\"centri sociali\"],\"articleSection\":[\"No Global\"],\"inLanguage\":\"it-IT\"},{\"@type\":\"WebPage\",\"@id\":\"https:\\\/\\\/www.rassegnastampa-totustuus.it\\\/cattolica\\\/destinazione-il-paese-di-cuccagna\\\/\",\"url\":\"https:\\\/\\\/www.rassegnastampa-totustuus.it\\\/cattolica\\\/destinazione-il-paese-di-cuccagna\\\/\",\"name\":\"Destinazione, il Paese di Cuccagna - Rassegna Stampa Cattolica\",\"isPartOf\":{\"@id\":\"https:\\\/\\\/www.rassegnastampa-totustuus.it\\\/cattolica\\\/#website\"},\"primaryImageOfPage\":{\"@id\":\"https:\\\/\\\/www.rassegnastampa-totustuus.it\\\/cattolica\\\/destinazione-il-paese-di-cuccagna\\\/#primaryimage\"},\"image\":{\"@id\":\"https:\\\/\\\/www.rassegnastampa-totustuus.it\\\/cattolica\\\/destinazione-il-paese-di-cuccagna\\\/#primaryimage\"},\"thumbnailUrl\":\"https:\\\/\\\/www.rassegnastampa-totustuus.it\\\/cattolica\\\/wp-content\\\/uploads\\\/2005\\\/06\\\/sinistra_centri_sociali.jpeg\",\"datePublished\":\"2005-06-14T10:18:23+00:00\",\"dateModified\":\"2025-02-20T15:10:51+00:00\",\"description\":\"Destinazione, il Paese di Cuccagna. Dalle comuni medievali ai centri Sociali, una ascesa politica all\u2019insegna di odio, invidia e tornaconto\",\"breadcrumb\":{\"@id\":\"https:\\\/\\\/www.rassegnastampa-totustuus.it\\\/cattolica\\\/destinazione-il-paese-di-cuccagna\\\/#breadcrumb\"},\"inLanguage\":\"it-IT\",\"potentialAction\":[{\"@type\":\"ReadAction\",\"target\":[\"https:\\\/\\\/www.rassegnastampa-totustuus.it\\\/cattolica\\\/destinazione-il-paese-di-cuccagna\\\/\"]}]},{\"@type\":\"ImageObject\",\"inLanguage\":\"it-IT\",\"@id\":\"https:\\\/\\\/www.rassegnastampa-totustuus.it\\\/cattolica\\\/destinazione-il-paese-di-cuccagna\\\/#primaryimage\",\"url\":\"https:\\\/\\\/www.rassegnastampa-totustuus.it\\\/cattolica\\\/wp-content\\\/uploads\\\/2005\\\/06\\\/sinistra_centri_sociali.jpeg\",\"contentUrl\":\"https:\\\/\\\/www.rassegnastampa-totustuus.it\\\/cattolica\\\/wp-content\\\/uploads\\\/2005\\\/06\\\/sinistra_centri_sociali.jpeg\",\"width\":200,\"height\":180},{\"@type\":\"BreadcrumbList\",\"@id\":\"https:\\\/\\\/www.rassegnastampa-totustuus.it\\\/cattolica\\\/destinazione-il-paese-di-cuccagna\\\/#breadcrumb\",\"itemListElement\":[{\"@type\":\"ListItem\",\"position\":1,\"name\":\"Home\",\"item\":\"https:\\\/\\\/www.rassegnastampa-totustuus.it\\\/cattolica\\\/\"},{\"@type\":\"ListItem\",\"position\":2,\"name\":\"Destinazione, il Paese di Cuccagna\"}]},{\"@type\":\"WebSite\",\"@id\":\"https:\\\/\\\/www.rassegnastampa-totustuus.it\\\/cattolica\\\/#website\",\"url\":\"https:\\\/\\\/www.rassegnastampa-totustuus.it\\\/cattolica\\\/\",\"name\":\"Rassegna Stampa Cattolica\",\"description\":\"Per una cultura che nasce dalla Rivelazione cristiana in conformit\u00e0 alla tradizione e al Magistero della Chiesa in opposizione ad ogni relativismo e totalitarismo\",\"publisher\":{\"@id\":\"https:\\\/\\\/www.rassegnastampa-totustuus.it\\\/cattolica\\\/#organization\"},\"alternateName\":\"Rass. Cattolica\",\"potentialAction\":[{\"@type\":\"SearchAction\",\"target\":{\"@type\":\"EntryPoint\",\"urlTemplate\":\"https:\\\/\\\/www.rassegnastampa-totustuus.it\\\/cattolica\\\/?s={search_term_string}\"},\"query-input\":{\"@type\":\"PropertyValueSpecification\",\"valueRequired\":true,\"valueName\":\"search_term_string\"}}],\"inLanguage\":\"it-IT\"},{\"@type\":\"Organization\",\"@id\":\"https:\\\/\\\/www.rassegnastampa-totustuus.it\\\/cattolica\\\/#organization\",\"name\":\"Rassegna Stampa Cattolica\",\"url\":\"https:\\\/\\\/www.rassegnastampa-totustuus.it\\\/cattolica\\\/\",\"logo\":{\"@type\":\"ImageObject\",\"inLanguage\":\"it-IT\",\"@id\":\"https:\\\/\\\/www.rassegnastampa-totustuus.it\\\/cattolica\\\/#\\\/schema\\\/logo\\\/image\\\/\",\"url\":\"https:\\\/\\\/www.rassegnastampa-totustuus.it\\\/cattolica\\\/wp-content\\\/uploads\\\/2014\\\/04\\\/logo-rassegna1.gif\",\"contentUrl\":\"https:\\\/\\\/www.rassegnastampa-totustuus.it\\\/cattolica\\\/wp-content\\\/uploads\\\/2014\\\/04\\\/logo-rassegna1.gif\",\"width\":600,\"height\":163,\"caption\":\"Rassegna Stampa Cattolica\"},\"image\":{\"@id\":\"https:\\\/\\\/www.rassegnastampa-totustuus.it\\\/cattolica\\\/#\\\/schema\\\/logo\\\/image\\\/\"},\"sameAs\":[\"https:\\\/\\\/www.facebook.com\\\/rassegnastampacattolica\",\"https:\\\/\\\/x.com\\\/rassegnastampa9\"]},{\"@type\":\"Person\",\"@id\":\"https:\\\/\\\/www.rassegnastampa-totustuus.it\\\/cattolica\\\/#\\\/schema\\\/person\\\/08f319d2bd1a0904ad9e2bfb7b15e5c3\",\"name\":\"Redazione\",\"image\":{\"@type\":\"ImageObject\",\"inLanguage\":\"it-IT\",\"@id\":\"https:\\\/\\\/secure.gravatar.com\\\/avatar\\\/2fcdf27c78ea025fbdb44e914cc63c72249ffec9dc8aafd5c82b26240ef3f346?s=96&d=mm&r=g\",\"url\":\"https:\\\/\\\/secure.gravatar.com\\\/avatar\\\/2fcdf27c78ea025fbdb44e914cc63c72249ffec9dc8aafd5c82b26240ef3f346?s=96&d=mm&r=g\",\"contentUrl\":\"https:\\\/\\\/secure.gravatar.com\\\/avatar\\\/2fcdf27c78ea025fbdb44e914cc63c72249ffec9dc8aafd5c82b26240ef3f346?s=96&d=mm&r=g\",\"caption\":\"Redazione\"},\"url\":\"https:\\\/\\\/www.rassegnastampa-totustuus.it\\\/cattolica\\\/author\\\/pietroelle\\\/\"}]}<\/script>\n<!-- \/ Yoast SEO plugin. -->","yoast_head_json":{"title":"Destinazione, il Paese di Cuccagna - Rassegna Stampa Cattolica","description":"Destinazione, il Paese di Cuccagna. Dalle comuni medievali ai centri Sociali, una ascesa politica all\u2019insegna di odio, invidia e tornaconto","robots":{"index":"index","follow":"follow","max-snippet":"max-snippet:-1","max-image-preview":"max-image-preview:large","max-video-preview":"max-video-preview:-1"},"canonical":"https:\/\/www.rassegnastampa-totustuus.it\/cattolica\/destinazione-il-paese-di-cuccagna\/","og_locale":"it_IT","og_type":"article","og_title":"Destinazione, il Paese di Cuccagna - Rassegna Stampa Cattolica","og_description":"Destinazione, il Paese di Cuccagna. Dalle comuni medievali ai centri Sociali, una ascesa politica all\u2019insegna di odio, invidia e tornaconto","og_url":"https:\/\/www.rassegnastampa-totustuus.it\/cattolica\/destinazione-il-paese-di-cuccagna\/","og_site_name":"Rassegna Stampa Cattolica","article_publisher":"https:\/\/www.facebook.com\/rassegnastampacattolica","article_published_time":"2005-06-14T10:18:23+00:00","article_modified_time":"2025-02-20T15:10:51+00:00","og_image":[{"width":200,"height":180,"url":"https:\/\/www.rassegnastampa-totustuus.it\/cattolica\/wp-content\/uploads\/2005\/06\/sinistra_centri_sociali.jpeg","type":"image\/jpeg"}],"author":"Redazione","twitter_card":"summary_large_image","twitter_creator":"@rassegnastampa9","twitter_site":"@rassegnastampa9","twitter_misc":{"Scritto da":"Redazione","Tempo di lettura stimato":"11 minuti"},"schema":{"@context":"https:\/\/schema.org","@graph":[{"@type":"Article","@id":"https:\/\/www.rassegnastampa-totustuus.it\/cattolica\/destinazione-il-paese-di-cuccagna\/#article","isPartOf":{"@id":"https:\/\/www.rassegnastampa-totustuus.it\/cattolica\/destinazione-il-paese-di-cuccagna\/"},"author":{"name":"Redazione","@id":"https:\/\/www.rassegnastampa-totustuus.it\/cattolica\/#\/schema\/person\/08f319d2bd1a0904ad9e2bfb7b15e5c3"},"headline":"Destinazione, il Paese di Cuccagna","datePublished":"2005-06-14T10:18:23+00:00","dateModified":"2025-02-20T15:10:51+00:00","mainEntityOfPage":{"@id":"https:\/\/www.rassegnastampa-totustuus.it\/cattolica\/destinazione-il-paese-di-cuccagna\/"},"wordCount":1883,"publisher":{"@id":"https:\/\/www.rassegnastampa-totustuus.it\/cattolica\/#organization"},"image":{"@id":"https:\/\/www.rassegnastampa-totustuus.it\/cattolica\/destinazione-il-paese-di-cuccagna\/#primaryimage"},"thumbnailUrl":"https:\/\/www.rassegnastampa-totustuus.it\/cattolica\/wp-content\/uploads\/2005\/06\/sinistra_centri_sociali.jpeg","keywords":["Antiglobal","centri sociali"],"articleSection":["No Global"],"inLanguage":"it-IT"},{"@type":"WebPage","@id":"https:\/\/www.rassegnastampa-totustuus.it\/cattolica\/destinazione-il-paese-di-cuccagna\/","url":"https:\/\/www.rassegnastampa-totustuus.it\/cattolica\/destinazione-il-paese-di-cuccagna\/","name":"Destinazione, il Paese di Cuccagna - Rassegna Stampa Cattolica","isPartOf":{"@id":"https:\/\/www.rassegnastampa-totustuus.it\/cattolica\/#website"},"primaryImageOfPage":{"@id":"https:\/\/www.rassegnastampa-totustuus.it\/cattolica\/destinazione-il-paese-di-cuccagna\/#primaryimage"},"image":{"@id":"https:\/\/www.rassegnastampa-totustuus.it\/cattolica\/destinazione-il-paese-di-cuccagna\/#primaryimage"},"thumbnailUrl":"https:\/\/www.rassegnastampa-totustuus.it\/cattolica\/wp-content\/uploads\/2005\/06\/sinistra_centri_sociali.jpeg","datePublished":"2005-06-14T10:18:23+00:00","dateModified":"2025-02-20T15:10:51+00:00","description":"Destinazione, il Paese di Cuccagna. Dalle comuni medievali ai centri Sociali, una ascesa politica all\u2019insegna di odio, invidia e tornaconto","breadcrumb":{"@id":"https:\/\/www.rassegnastampa-totustuus.it\/cattolica\/destinazione-il-paese-di-cuccagna\/#breadcrumb"},"inLanguage":"it-IT","potentialAction":[{"@type":"ReadAction","target":["https:\/\/www.rassegnastampa-totustuus.it\/cattolica\/destinazione-il-paese-di-cuccagna\/"]}]},{"@type":"ImageObject","inLanguage":"it-IT","@id":"https:\/\/www.rassegnastampa-totustuus.it\/cattolica\/destinazione-il-paese-di-cuccagna\/#primaryimage","url":"https:\/\/www.rassegnastampa-totustuus.it\/cattolica\/wp-content\/uploads\/2005\/06\/sinistra_centri_sociali.jpeg","contentUrl":"https:\/\/www.rassegnastampa-totustuus.it\/cattolica\/wp-content\/uploads\/2005\/06\/sinistra_centri_sociali.jpeg","width":200,"height":180},{"@type":"BreadcrumbList","@id":"https:\/\/www.rassegnastampa-totustuus.it\/cattolica\/destinazione-il-paese-di-cuccagna\/#breadcrumb","itemListElement":[{"@type":"ListItem","position":1,"name":"Home","item":"https:\/\/www.rassegnastampa-totustuus.it\/cattolica\/"},{"@type":"ListItem","position":2,"name":"Destinazione, il Paese di Cuccagna"}]},{"@type":"WebSite","@id":"https:\/\/www.rassegnastampa-totustuus.it\/cattolica\/#website","url":"https:\/\/www.rassegnastampa-totustuus.it\/cattolica\/","name":"Rassegna Stampa Cattolica","description":"Per una cultura che nasce dalla Rivelazione cristiana in conformit\u00e0 alla tradizione e al Magistero della Chiesa in opposizione ad ogni relativismo e totalitarismo","publisher":{"@id":"https:\/\/www.rassegnastampa-totustuus.it\/cattolica\/#organization"},"alternateName":"Rass. Cattolica","potentialAction":[{"@type":"SearchAction","target":{"@type":"EntryPoint","urlTemplate":"https:\/\/www.rassegnastampa-totustuus.it\/cattolica\/?s={search_term_string}"},"query-input":{"@type":"PropertyValueSpecification","valueRequired":true,"valueName":"search_term_string"}}],"inLanguage":"it-IT"},{"@type":"Organization","@id":"https:\/\/www.rassegnastampa-totustuus.it\/cattolica\/#organization","name":"Rassegna Stampa Cattolica","url":"https:\/\/www.rassegnastampa-totustuus.it\/cattolica\/","logo":{"@type":"ImageObject","inLanguage":"it-IT","@id":"https:\/\/www.rassegnastampa-totustuus.it\/cattolica\/#\/schema\/logo\/image\/","url":"https:\/\/www.rassegnastampa-totustuus.it\/cattolica\/wp-content\/uploads\/2014\/04\/logo-rassegna1.gif","contentUrl":"https:\/\/www.rassegnastampa-totustuus.it\/cattolica\/wp-content\/uploads\/2014\/04\/logo-rassegna1.gif","width":600,"height":163,"caption":"Rassegna Stampa Cattolica"},"image":{"@id":"https:\/\/www.rassegnastampa-totustuus.it\/cattolica\/#\/schema\/logo\/image\/"},"sameAs":["https:\/\/www.facebook.com\/rassegnastampacattolica","https:\/\/x.com\/rassegnastampa9"]},{"@type":"Person","@id":"https:\/\/www.rassegnastampa-totustuus.it\/cattolica\/#\/schema\/person\/08f319d2bd1a0904ad9e2bfb7b15e5c3","name":"Redazione","image":{"@type":"ImageObject","inLanguage":"it-IT","@id":"https:\/\/secure.gravatar.com\/avatar\/2fcdf27c78ea025fbdb44e914cc63c72249ffec9dc8aafd5c82b26240ef3f346?s=96&d=mm&r=g","url":"https:\/\/secure.gravatar.com\/avatar\/2fcdf27c78ea025fbdb44e914cc63c72249ffec9dc8aafd5c82b26240ef3f346?s=96&d=mm&r=g","contentUrl":"https:\/\/secure.gravatar.com\/avatar\/2fcdf27c78ea025fbdb44e914cc63c72249ffec9dc8aafd5c82b26240ef3f346?s=96&d=mm&r=g","caption":"Redazione"},"url":"https:\/\/www.rassegnastampa-totustuus.it\/cattolica\/author\/pietroelle\/"}]}},"_links":{"self":[{"href":"https:\/\/www.rassegnastampa-totustuus.it\/cattolica\/wp-json\/wp\/v2\/posts\/727","targetHints":{"allow":["GET"]}}],"collection":[{"href":"https:\/\/www.rassegnastampa-totustuus.it\/cattolica\/wp-json\/wp\/v2\/posts"}],"about":[{"href":"https:\/\/www.rassegnastampa-totustuus.it\/cattolica\/wp-json\/wp\/v2\/types\/post"}],"author":[{"embeddable":true,"href":"https:\/\/www.rassegnastampa-totustuus.it\/cattolica\/wp-json\/wp\/v2\/users\/6"}],"replies":[{"embeddable":true,"href":"https:\/\/www.rassegnastampa-totustuus.it\/cattolica\/wp-json\/wp\/v2\/comments?post=727"}],"version-history":[{"count":4,"href":"https:\/\/www.rassegnastampa-totustuus.it\/cattolica\/wp-json\/wp\/v2\/posts\/727\/revisions"}],"predecessor-version":[{"id":62226,"href":"https:\/\/www.rassegnastampa-totustuus.it\/cattolica\/wp-json\/wp\/v2\/posts\/727\/revisions\/62226"}],"wp:featuredmedia":[{"embeddable":true,"href":"https:\/\/www.rassegnastampa-totustuus.it\/cattolica\/wp-json\/wp\/v2\/media\/62225"}],"wp:attachment":[{"href":"https:\/\/www.rassegnastampa-totustuus.it\/cattolica\/wp-json\/wp\/v2\/media?parent=727"}],"wp:term":[{"taxonomy":"category","embeddable":true,"href":"https:\/\/www.rassegnastampa-totustuus.it\/cattolica\/wp-json\/wp\/v2\/categories?post=727"},{"taxonomy":"post_tag","embeddable":true,"href":"https:\/\/www.rassegnastampa-totustuus.it\/cattolica\/wp-json\/wp\/v2\/tags?post=727"}],"curies":[{"name":"wp","href":"https:\/\/api.w.org\/{rel}","templated":true}]}}