{"id":721,"date":"2005-06-14T11:54:10","date_gmt":"2005-06-14T09:54:10","guid":{"rendered":""},"modified":"2024-01-03T16:28:51","modified_gmt":"2024-01-03T15:28:51","slug":"alex-zanotelli-un-cattocomunista","status":"publish","type":"post","link":"https:\/\/www.rassegnastampa-totustuus.it\/cattolica\/alex-zanotelli-un-cattocomunista\/","title":{"rendered":"Alex Zanotelli, un cattocomunista"},"content":{"rendered":"<div style=\"text-align: justify;\"><strong><img loading=\"lazy\" decoding=\"async\" class=\"size-full wp-image-31802 alignleft\" src=\"https:\/\/www.rassegnastampa-totustuus.it\/cattolica\/wp-content\/uploads\/2005\/02\/Alex_Zanotelli.jpg\" alt=\"\" width=\"243\" height=\"203\" \/>Abstract: <\/strong><em>Alex Zanotelli, un cattocomunista, lo dice padre Piero Gheddo, un altro missionario che conosce l&#8217;Africa e i motivi per i quali \u00e8 ancora immersa nel sottosviluppo. La visione che accusa i Paesi ricchi &#8211; come fa padre Zanotelli -, \u00e8 quella che avevano i regimi marxisti di un tempo: per loro la prima cosa da fare era la ribellione contro le multinazionali. Solo che dei trentuno regimi comunisti che c\u00b4erano nel mondo, non uno ha prodotto sviluppo. Non \u00e8 questa la vera via che porter\u00e0 l\u00b4Africa ad uscire dalla miseria&#8221;.<\/em><!--more--><\/p>\n<p style=\"text-align: center;\"><a href=\"https:\/\/www.ladige.it\/\" target=\"_blank\" rel=\"noopener\"><strong>L&#8217;Adige<\/strong> &#8211;<\/a> 21 aprile 2002<\/p>\n<h3 style=\"text-align: center;\">Zanotelli? Un cattocomunista<\/h3>\n<\/div>\n<p style=\"text-align: justify;\"><em>Per padre Gheddo il sottosviluppo dell\u00b4Africa \u00e8 dovuto alla mentalit\u00e0 preistorica degli africani<\/em><\/p>\n<p style=\"text-align: center;\">di <strong>Pierangelo Giovanetti<\/strong><\/p>\n<h4 style=\"text-align: justify;\"><strong><strong>Il dibattito<\/strong><\/strong><\/h4>\n<p style=\"text-align: justify;\">&#8220;Zanotelli \u00e8 un cattocomunista. Non \u00e8 vero che l\u00b4Africa \u00e8 sottosviluppata per le ingiustizie internazionali, per il debito estero, e il commercio di armi. L\u00b4Africa \u00e8 nella miseria perch\u00e9 gran parte degli africani hanno una cultura e una mentalit\u00e0 preistorica. La visione che accusa i Paesi ricchi &#8211; come fa padre Zanotelli -, \u00e8 quella che avevano i regimi marxisti di un tempo: per loro la prima cosa da fare era la ribellione contro le multinazionali. Solo che dei trentuno regimi comunisti che c\u00b4erano nel mondo, non uno ha prodotto sviluppo. Non \u00e8 questa la vera via che porter\u00e0 l\u00b4Africa ad uscire dalla miseria&#8221;.<\/p>\n<p style=\"text-align: justify;\">Da cinquant\u00b4anni missionario del Pime (Pontificio Istituto Missioni Estere), per anni direttore di Mondo Missione, Padre Piero Gheddo, definito da Indro Montanelli &#8220;il maggior studioso e veterano delle Missioni&#8221;, rappresenta l\u00b4altra anima del mondo missionario italiano, rispetto a padre Alex Zanotelli. Ieri era a Trento a presentare il suo ultimo libro &#8220;Davide e Golia&#8221;. Non condivide per nulla la lettura politico-economica del divario Nord-Sud del mondo data da Zanotelli.<\/p>\n<p style=\"text-align: justify;\">Anzi ritiene che l\u00b4impegno per la cancellazione del debito estero e contro il commercio delle armi non servano a nulla per l\u00b4Africa. &#8220;Gli africani sono indietro, perch\u00e9 non hanno raggiunto lo sviluppo culturale che ha raggiunto l\u00b4Occidente. \u00c8 questa la vera causa del sottosviluppo. E allora, invece di protestare contro le multinazionali e fare le marce contro il commercio di armi, forse sarebbe meglio realizzare scuole e dar loro cultura. Solo cos\u00ec l\u00b4Africa uscir\u00e0 dal sottosviluppo&#8221;.<\/p>\n<p style=\"text-align: justify;\"><strong>Padre Gheddo, resta il fatto che il 20% della popolazione mondiale consuma l\u00b483% delle risorse, lasciando le briciole agli altri.<\/strong><\/p>\n<p style=\"text-align: justify;\">&#8220;La minoranza dell\u00b4umanit\u00e0 consuma l\u00b483% delle risorse perch\u00e9 produce la maggioranza delle ricchezze. La maggioranza dell\u00b4umanit\u00e0 non \u00e8 in grado di produrre ricchezze, perch\u00e9 non ha raggiunto lo sviluppo culturale che ha raggiunto l\u00b4Occidente. Gli uomini sono tutti uguali, ma i livelli di sviluppo sono diversi. I popoli che hanno ricevuto la Parola di Dio, e quindi una visione dell\u00b4uomo al centro dello sviluppo, hanno avuto un input di crescita che ha portato allo sviluppo moderno. Gli altri no&#8221;.<\/p>\n<p style=\"text-align: justify;\"><strong>Questo ragionamento non legittima una sorta di superiorit\u00e0 culturale dell\u00b4Occidente, alla base del colonialismo, e pure del razzismo?<\/strong><\/p>\n<p style=\"text-align: justify;\">&#8220;No. Che ci siano popoli che sono arrivati prima allo sviluppo \u00e8 un dato ineccepibile. L\u00b4industria e la medicina moderna sono nati in Occidente. Non \u00e8 superiorit\u00e0. \u00c8 che abbiamo ricevuto per primi la Parola di Dio. Poi quei principi, che sono alla base della carta dei diritti dell\u00b4uomo e delle donne, li abbiamo esportati dall\u00b4Africa all\u00b4Asia all\u00b4America latina&#8221;.<\/p>\n<p style=\"text-align: justify;\"><strong>Civilt\u00e0 avanzate si sono avute anche prima di Cristo e al di fuori dell\u00b4Occidente?<\/strong><\/p>\n<p style=\"text-align: justify;\">&#8220;Nessuno nega questo. Ma il progresso, come noi lo conosciamo, \u00e8 nato col cristianesimo&#8221;.<\/p>\n<p style=\"text-align: justify;\"><strong>Quali sono, allora, le cause per cui l\u00b4Africa resta povera, anzi si \u00e8 impoverita ancor di pi\u00f9?<\/strong><\/p>\n<p style=\"text-align: justify;\">&#8220;L\u00b4Africa non ha avuto il tempo, i secoli, le idee interne giuste per maturare il progresso moderno. A Vercelli (io vengo da l\u00ec) noi produciamo settantacinque quintali di riso per ettaro (in Sardegna ottanta perch\u00e9 fa pi\u00f9 caldo), in Africa quattro quintali. Questa \u00e8 la ragione perch\u00e9 l\u00b4Africa non ha da mangiare e invece noi s\u00ec. Altro che debito estero da cancellare o la vendita delle armi&#8221;.<\/p>\n<p style=\"text-align: justify;\"><strong>La campagna mondiale per la cancellazione del debito \u00e8 stata sostenuta con forza anche dalla Santa Sede. Molti studiosi internazionali hanno indicato questo come il primo passo per far risorgere l\u00b4Africa.<\/strong><\/p>\n<p style=\"text-align: justify;\">&#8220;Sono falsi problemi. Non \u00e8 la vera causa. Come pure la vendita delle armi Se anche non si spendessero soldi per le armi, i Paesi poveri non si svilupperebbero lo stesso. L\u00b4Italia \u00e8 passata dal sesto al quattordicesimo posto nella vendita delle armi. \u00c8 cambiato qualcosa? No, nulla. E il primo produttore di armi \u00e8 il Sudafrica di Mandela. Quanto al debito estero, cancellatelo pure. Quei soldi l\u00ec andranno a finire in tasca alle elit\u00e9s&#8221;.<\/p>\n<p style=\"text-align: justify;\"><strong>Cosa succederebbe, per\u00f2, se tutti i sei miliardi di abitanti del pianeta avessero il nostro standard di vita e di consumo? Non ci sarebbe la catastrofe? L\u00b4effetto serra e il buco nell\u00b4ozono?<\/strong><\/p>\n<p style=\"text-align: justify;\">&#8220;Sono le solite balle. Il mondo tiene tutto. Quello che non riesce a capire Zanotelli \u00e8 che la ricchezza del mondo non \u00e8 una torta da distribuire, ma una torta da produrre. Posso dartene una fetta della mia, quello che \u00e8 importante \u00e8 che tu ne produca tanta come ne produco io&#8221;.<\/p>\n<p style=\"text-align: center;\">* * *<\/p>\n<p style=\"text-align: center;\"><a href=\"https:\/\/www.ladige.it\/\" target=\"_blank\" rel=\"noopener\"><strong>L&#8217;Adige<\/strong> <\/a>24 aprile 2002<\/p>\n<p style=\"text-align: center;\"><strong>La missione non \u00e8 protesta<\/strong><\/p>\n<p style=\"text-align: center;\">di <strong>Piero Gheddo<\/strong><\/p>\n<p style=\"text-align: justify;\"><a href=\"https:\/\/www.rassegnastampa-totustuus.it\/cattolica\/wp-content\/uploads\/2005\/06\/Pietro_Gheddo.jpg\"><img loading=\"lazy\" decoding=\"async\" class=\"size-full wp-image-30331 alignleft\" src=\"https:\/\/www.rassegnastampa-totustuus.it\/cattolica\/wp-content\/uploads\/2005\/06\/Pietro_Gheddo.jpg\" alt=\"\" width=\"240\" height=\"180\" \/><\/a>Ringrazio Pierangelo Giovanetti per la mia intervista pubblicata il 21 aprile scorso. Vorrei solo precisare alcuni punti:<\/p>\n<p style=\"text-align: justify;\">1) Non avrei parlato di padre Zanotelli, se il giorno precedente egli non mi avesse attaccato su &#8220;L\u00b4Adige&#8221; in modo piuttosto pesante, senza che io abbia mai parlato di lui in articoli o conferenze; e se Giovanetti non mi avesse chiesto cosa penso delle accuse rivoltemi.\u00a0Inoltre, il termine &#8220;cattocomunista&#8221; uscito nella conversazione sarebbe stato meglio non riportarlo, come auspicavo. I giornali, specie nei titoli, esagerano per farsi leggere: anche il titolo in prima pagina &#8220;Gheddo attacca Zanotelli&#8221; lo rifiuto radicalmente. L\u00b4intervista era su quanto avrei detto il pomeriggio nell\u00b4auditorium del Collegio vescovile, dove non ho nemmeno nominato Zanotelli.<\/p>\n<p style=\"text-align: justify;\">2) Con Giovanetti ho parlato un\u00b4ora e capisco che non si poteva pubblicare tutto. Vorrei aggiungere due cose. Primo, quel che mi spiace, nei discorsi di Zanotelli, \u00e8 che non parla mai di Ges\u00f9 Cristo e della Chiesa. E quando parla della Chiesa, dice che \u00e8 &#8220;berlusconizzata&#8221; o, come ha fatto a Milano, grida: &#8220;Giovani, non sposatevi in chiesa, c\u00b4\u00e8 troppo lusso; sposatevi in Comune&#8221;&#8230; Una domanda: i missionari Comboniani, che ho visitato in pi\u00f9 di dieci paesi (Sudan, Etiopia, Eritrea, Uganda, Mozambico, Ciad, Sud Africa&#8230; Per\u00f9, Messico, Ecuador, Brasile&#8230;), cosa vanno a fare in missione? Ad annunziare Ges\u00f9 Cristo ed a fondare la Chiesa, che come ho dimostrato porta sviluppo umano, anche economico e sociale. Perch\u00e9 Alex non ne parla mai?<\/p>\n<p style=\"text-align: justify;\">3) Sul merito di quanto mi divide da Zanotelli ho parlato ampiamente nel volume presentato a Trento: &#8220;Davide e Golia &#8211; I cattolici e la sfida della globalizzazione&#8221; (San Paolo). Voglio precisare che non ho nulla contro le campagne che condannano le multinazionali, la vendita delle armi, il debito estero: sono problemi veri, ma se assolutizzati (come succede molto spesso) sviano l\u00b4attenzione da quella che \u00e8 la vera radice del sottosviluppo specie africano: culturale-educativa e, se vogliamo andare pi\u00f9 a fondo, anche religiosa.<\/p>\n<p style=\"text-align: justify;\">In Africa (e in buona parte dell\u2019America Latina) la scuola \u00e8 del tutto trascurata, in Asia molto meno! Perch\u00e9 non si protesta contro questo? Maritain diceva che la radice della cultura e del cammino storico di un popolo sta nell\u2019idea che quel popolo si fa di Dio, da cui deriva l\u00b4idea che si fa dell\u2019uomo, della donna, dell\u2019umanit\u00e0, della natura, della storia, del lavoro, ecc&#8230; Gli studiosi di civilt\u00e0 parlano di &#8220;civilt\u00e0 cicliche&#8221; (che guardano al passato) e di &#8220;civilt\u00e0 progressiste&#8221; (che guardano al futuro).<\/p>\n<p style=\"text-align: justify;\">Tutte le religioni hanno dei valori e sono degne di rispetto, ma noi crediamo che Dio si \u00e8 rivelato pienamente solo in Ges\u00f9 Cristo. La missione della Chiesa \u00e8 fondata su questa fede o no? Altrimenti sarebbe inutile portare il Vangelo ai popoli: varrebbe la pena di restare in Italia a combattere le multinazionali&#8230; e Berlusconi.<\/p>\n<p style=\"text-align: justify;\">Non capisco perch\u00e9, anche in campo cattolico, quando si parla di sviluppo e sottosviluppo si dimentica quanto dice Paolo VI nel capitolo II della &#8220;Populorum Progressio&#8221; (1967) su &#8220;La Chiesa e lo sviluppo&#8221; (e la &#8220;Visione cristiana dello sviluppo&#8221;); e Giovanni Paolo II nella &#8220;Redemptoris Missio&#8221; (1991) ai numeri 58-59-60. Ma i testi da citare sarebbero tanti, compreso quello dei vescovi latino-americani a Puebla (1979): &#8220;Il miglior servizio al fratello \u00e8 l\u00b4evangelizzazione, che lo dispone a realizzarsi come figlio di Dio, lo libera dalle ingiustizie e lo promuove integralmente&#8221; (n. 3760).<\/p>\n<p style=\"text-align: justify;\">Sono parole basate sull\u2019esperienza dei missionari e delle giovani Chiese. Perch\u00e9 si ignorano per ridurre tutto al problema economico? Perch\u00e9 prevale la protesta, la denunzia, invece di proporre soluzioni alternative che coinvolgano la gente comune? Troppo facile protestare contro le multinazionali e la vendita di armi: non costano nulla. Ma proviamo a chiedere ai giovani di rinunziare al superfluo (ad esempio alle discoteche), di dare un anno o due della propria vita ai poveri dell\u00b4Africa (nel 1985 c\u00b4erano in Africa 1800 volontari laici, oggi meno di 400!). Dobbiamo educare i giovani a questi grandi ideali, sul modello di Cristo e dei missionari: dare la vita per gli altri! La protesta non costruisce nulla: al massimo conquista la prima pagina dei giornali.<\/p>\n<p style=\"text-align: justify;\">PIERO GHEDDO, missionario del PIME, Milano<\/p>\n<p style=\"text-align: justify;\"><strong>(P. Gheddo si riferisce all&#8217;intervista rilasciata da p. Alex Zanotelli allo stesso quotidiano l&#8217;Adige il 20\/04\/02; n.d.c.)<\/strong><\/p>\n","protected":false},"excerpt":{"rendered":"<p>Abstract: Alex Zanotelli, un cattocomunista, lo dice padre Piero Gheddo, un altro missionario che conosce l&#8217;Africa e i motivi per i quali \u00e8 ancora immersa nel sottosviluppo. La visione che accusa i Paesi ricchi &#8211; come fa padre Zanotelli -, \u00e8 quella che avevano i regimi marxisti di un tempo: per loro la prima cosa &hellip; <\/p>\n<p><a class=\"more-link btn\" href=\"https:\/\/www.rassegnastampa-totustuus.it\/cattolica\/alex-zanotelli-un-cattocomunista\/\">Continua a leggere<\/a><\/p>\n","protected":false},"author":6,"featured_media":30382,"comment_status":"closed","ping_status":"open","sticky":false,"template":"","format":"standard","meta":{"footnotes":""},"categories":[39,112],"tags":[2393,653,546],"class_list":["post-721","post","type-post","status-publish","format-standard","has-post-thumbnail","hentry","category-africa","category-terzomondialismo","tag-africa","tag-alex-zanotelli","tag-terzomondialismo-2","item-wrap"],"yoast_head":"<!-- This site is optimized with the Yoast SEO plugin v27.5 - https:\/\/yoast.com\/product\/yoast-seo-wordpress\/ -->\n<title>Alex Zanotelli, un cattocomunista - Rassegna Stampa Cattolica<\/title>\n<meta name=\"description\" content=\"Alex Zanotelli, un cattocomunista\" \/>\n<meta name=\"robots\" content=\"index, follow, max-snippet:-1, max-image-preview:large, max-video-preview:-1\" \/>\n<link rel=\"canonical\" href=\"https:\/\/www.rassegnastampa-totustuus.it\/cattolica\/alex-zanotelli-un-cattocomunista\/\" \/>\n<meta property=\"og:locale\" content=\"it_IT\" \/>\n<meta property=\"og:type\" content=\"article\" \/>\n<meta property=\"og:title\" content=\"Alex Zanotelli, un cattocomunista - Rassegna Stampa Cattolica\" \/>\n<meta property=\"og:description\" content=\"Alex Zanotelli, un cattocomunista\" \/>\n<meta property=\"og:url\" content=\"https:\/\/www.rassegnastampa-totustuus.it\/cattolica\/alex-zanotelli-un-cattocomunista\/\" \/>\n<meta property=\"og:site_name\" content=\"Rassegna Stampa Cattolica\" \/>\n<meta property=\"article:publisher\" content=\"https:\/\/www.facebook.com\/rassegnastampacattolica\" \/>\n<meta property=\"article:published_time\" content=\"2005-06-14T09:54:10+00:00\" \/>\n<meta property=\"article:modified_time\" content=\"2024-01-03T15:28:51+00:00\" \/>\n<meta property=\"og:image\" content=\"https:\/\/www.rassegnastampa-totustuus.it\/cattolica\/wp-content\/uploads\/2005\/06\/Alex-Zanotelli.jpg\" \/>\n\t<meta property=\"og:image:width\" content=\"260\" \/>\n\t<meta property=\"og:image:height\" content=\"194\" \/>\n\t<meta property=\"og:image:type\" content=\"image\/jpeg\" \/>\n<meta name=\"author\" content=\"Redazione\" \/>\n<meta name=\"twitter:card\" content=\"summary_large_image\" \/>\n<meta name=\"twitter:creator\" content=\"@rassegnastampa9\" \/>\n<meta name=\"twitter:site\" content=\"@rassegnastampa9\" \/>\n<meta name=\"twitter:label1\" content=\"Scritto da\" \/>\n\t<meta name=\"twitter:data1\" content=\"Redazione\" \/>\n\t<meta name=\"twitter:label2\" content=\"Tempo di lettura stimato\" \/>\n\t<meta name=\"twitter:data2\" content=\"9 minuti\" \/>\n<script type=\"application\/ld+json\" class=\"yoast-schema-graph\">{\"@context\":\"https:\\\/\\\/schema.org\",\"@graph\":[{\"@type\":\"Article\",\"@id\":\"https:\\\/\\\/www.rassegnastampa-totustuus.it\\\/cattolica\\\/alex-zanotelli-un-cattocomunista\\\/#article\",\"isPartOf\":{\"@id\":\"https:\\\/\\\/www.rassegnastampa-totustuus.it\\\/cattolica\\\/alex-zanotelli-un-cattocomunista\\\/\"},\"author\":{\"name\":\"Redazione\",\"@id\":\"https:\\\/\\\/www.rassegnastampa-totustuus.it\\\/cattolica\\\/#\\\/schema\\\/person\\\/08f319d2bd1a0904ad9e2bfb7b15e5c3\"},\"headline\":\"Alex Zanotelli, un cattocomunista\",\"datePublished\":\"2005-06-14T09:54:10+00:00\",\"dateModified\":\"2024-01-03T15:28:51+00:00\",\"mainEntityOfPage\":{\"@id\":\"https:\\\/\\\/www.rassegnastampa-totustuus.it\\\/cattolica\\\/alex-zanotelli-un-cattocomunista\\\/\"},\"wordCount\":1559,\"publisher\":{\"@id\":\"https:\\\/\\\/www.rassegnastampa-totustuus.it\\\/cattolica\\\/#organization\"},\"image\":{\"@id\":\"https:\\\/\\\/www.rassegnastampa-totustuus.it\\\/cattolica\\\/alex-zanotelli-un-cattocomunista\\\/#primaryimage\"},\"thumbnailUrl\":\"https:\\\/\\\/www.rassegnastampa-totustuus.it\\\/cattolica\\\/wp-content\\\/uploads\\\/2005\\\/06\\\/Alex-Zanotelli.jpg\",\"keywords\":[\"Africa\",\"Alex Zanotelli\",\"terzomondialismo\"],\"articleSection\":[\"Africa\",\"Terzomondialismo\"],\"inLanguage\":\"it-IT\"},{\"@type\":\"WebPage\",\"@id\":\"https:\\\/\\\/www.rassegnastampa-totustuus.it\\\/cattolica\\\/alex-zanotelli-un-cattocomunista\\\/\",\"url\":\"https:\\\/\\\/www.rassegnastampa-totustuus.it\\\/cattolica\\\/alex-zanotelli-un-cattocomunista\\\/\",\"name\":\"Alex Zanotelli, un cattocomunista - Rassegna Stampa Cattolica\",\"isPartOf\":{\"@id\":\"https:\\\/\\\/www.rassegnastampa-totustuus.it\\\/cattolica\\\/#website\"},\"primaryImageOfPage\":{\"@id\":\"https:\\\/\\\/www.rassegnastampa-totustuus.it\\\/cattolica\\\/alex-zanotelli-un-cattocomunista\\\/#primaryimage\"},\"image\":{\"@id\":\"https:\\\/\\\/www.rassegnastampa-totustuus.it\\\/cattolica\\\/alex-zanotelli-un-cattocomunista\\\/#primaryimage\"},\"thumbnailUrl\":\"https:\\\/\\\/www.rassegnastampa-totustuus.it\\\/cattolica\\\/wp-content\\\/uploads\\\/2005\\\/06\\\/Alex-Zanotelli.jpg\",\"datePublished\":\"2005-06-14T09:54:10+00:00\",\"dateModified\":\"2024-01-03T15:28:51+00:00\",\"description\":\"Alex Zanotelli, un cattocomunista\",\"breadcrumb\":{\"@id\":\"https:\\\/\\\/www.rassegnastampa-totustuus.it\\\/cattolica\\\/alex-zanotelli-un-cattocomunista\\\/#breadcrumb\"},\"inLanguage\":\"it-IT\",\"potentialAction\":[{\"@type\":\"ReadAction\",\"target\":[\"https:\\\/\\\/www.rassegnastampa-totustuus.it\\\/cattolica\\\/alex-zanotelli-un-cattocomunista\\\/\"]}]},{\"@type\":\"ImageObject\",\"inLanguage\":\"it-IT\",\"@id\":\"https:\\\/\\\/www.rassegnastampa-totustuus.it\\\/cattolica\\\/alex-zanotelli-un-cattocomunista\\\/#primaryimage\",\"url\":\"https:\\\/\\\/www.rassegnastampa-totustuus.it\\\/cattolica\\\/wp-content\\\/uploads\\\/2005\\\/06\\\/Alex-Zanotelli.jpg\",\"contentUrl\":\"https:\\\/\\\/www.rassegnastampa-totustuus.it\\\/cattolica\\\/wp-content\\\/uploads\\\/2005\\\/06\\\/Alex-Zanotelli.jpg\",\"width\":260,\"height\":194},{\"@type\":\"BreadcrumbList\",\"@id\":\"https:\\\/\\\/www.rassegnastampa-totustuus.it\\\/cattolica\\\/alex-zanotelli-un-cattocomunista\\\/#breadcrumb\",\"itemListElement\":[{\"@type\":\"ListItem\",\"position\":1,\"name\":\"Home\",\"item\":\"https:\\\/\\\/www.rassegnastampa-totustuus.it\\\/cattolica\\\/\"},{\"@type\":\"ListItem\",\"position\":2,\"name\":\"Alex Zanotelli, un cattocomunista\"}]},{\"@type\":\"WebSite\",\"@id\":\"https:\\\/\\\/www.rassegnastampa-totustuus.it\\\/cattolica\\\/#website\",\"url\":\"https:\\\/\\\/www.rassegnastampa-totustuus.it\\\/cattolica\\\/\",\"name\":\"Rassegna Stampa Cattolica\",\"description\":\"Per una cultura che nasce dalla Rivelazione cristiana in conformit\u00e0 alla tradizione e al Magistero della Chiesa in opposizione ad ogni relativismo e totalitarismo\",\"publisher\":{\"@id\":\"https:\\\/\\\/www.rassegnastampa-totustuus.it\\\/cattolica\\\/#organization\"},\"alternateName\":\"Rass. Cattolica\",\"potentialAction\":[{\"@type\":\"SearchAction\",\"target\":{\"@type\":\"EntryPoint\",\"urlTemplate\":\"https:\\\/\\\/www.rassegnastampa-totustuus.it\\\/cattolica\\\/?s={search_term_string}\"},\"query-input\":{\"@type\":\"PropertyValueSpecification\",\"valueRequired\":true,\"valueName\":\"search_term_string\"}}],\"inLanguage\":\"it-IT\"},{\"@type\":\"Organization\",\"@id\":\"https:\\\/\\\/www.rassegnastampa-totustuus.it\\\/cattolica\\\/#organization\",\"name\":\"Rassegna Stampa Cattolica\",\"url\":\"https:\\\/\\\/www.rassegnastampa-totustuus.it\\\/cattolica\\\/\",\"logo\":{\"@type\":\"ImageObject\",\"inLanguage\":\"it-IT\",\"@id\":\"https:\\\/\\\/www.rassegnastampa-totustuus.it\\\/cattolica\\\/#\\\/schema\\\/logo\\\/image\\\/\",\"url\":\"https:\\\/\\\/www.rassegnastampa-totustuus.it\\\/cattolica\\\/wp-content\\\/uploads\\\/2014\\\/04\\\/logo-rassegna1.gif\",\"contentUrl\":\"https:\\\/\\\/www.rassegnastampa-totustuus.it\\\/cattolica\\\/wp-content\\\/uploads\\\/2014\\\/04\\\/logo-rassegna1.gif\",\"width\":600,\"height\":163,\"caption\":\"Rassegna Stampa Cattolica\"},\"image\":{\"@id\":\"https:\\\/\\\/www.rassegnastampa-totustuus.it\\\/cattolica\\\/#\\\/schema\\\/logo\\\/image\\\/\"},\"sameAs\":[\"https:\\\/\\\/www.facebook.com\\\/rassegnastampacattolica\",\"https:\\\/\\\/x.com\\\/rassegnastampa9\"]},{\"@type\":\"Person\",\"@id\":\"https:\\\/\\\/www.rassegnastampa-totustuus.it\\\/cattolica\\\/#\\\/schema\\\/person\\\/08f319d2bd1a0904ad9e2bfb7b15e5c3\",\"name\":\"Redazione\",\"image\":{\"@type\":\"ImageObject\",\"inLanguage\":\"it-IT\",\"@id\":\"https:\\\/\\\/secure.gravatar.com\\\/avatar\\\/2fcdf27c78ea025fbdb44e914cc63c72249ffec9dc8aafd5c82b26240ef3f346?s=96&d=mm&r=g\",\"url\":\"https:\\\/\\\/secure.gravatar.com\\\/avatar\\\/2fcdf27c78ea025fbdb44e914cc63c72249ffec9dc8aafd5c82b26240ef3f346?s=96&d=mm&r=g\",\"contentUrl\":\"https:\\\/\\\/secure.gravatar.com\\\/avatar\\\/2fcdf27c78ea025fbdb44e914cc63c72249ffec9dc8aafd5c82b26240ef3f346?s=96&d=mm&r=g\",\"caption\":\"Redazione\"},\"url\":\"https:\\\/\\\/www.rassegnastampa-totustuus.it\\\/cattolica\\\/author\\\/pietroelle\\\/\"}]}<\/script>\n<!-- \/ Yoast SEO plugin. -->","yoast_head_json":{"title":"Alex Zanotelli, un cattocomunista - Rassegna Stampa Cattolica","description":"Alex Zanotelli, un cattocomunista","robots":{"index":"index","follow":"follow","max-snippet":"max-snippet:-1","max-image-preview":"max-image-preview:large","max-video-preview":"max-video-preview:-1"},"canonical":"https:\/\/www.rassegnastampa-totustuus.it\/cattolica\/alex-zanotelli-un-cattocomunista\/","og_locale":"it_IT","og_type":"article","og_title":"Alex Zanotelli, un cattocomunista - Rassegna Stampa Cattolica","og_description":"Alex Zanotelli, un cattocomunista","og_url":"https:\/\/www.rassegnastampa-totustuus.it\/cattolica\/alex-zanotelli-un-cattocomunista\/","og_site_name":"Rassegna Stampa Cattolica","article_publisher":"https:\/\/www.facebook.com\/rassegnastampacattolica","article_published_time":"2005-06-14T09:54:10+00:00","article_modified_time":"2024-01-03T15:28:51+00:00","og_image":[{"width":260,"height":194,"url":"https:\/\/www.rassegnastampa-totustuus.it\/cattolica\/wp-content\/uploads\/2005\/06\/Alex-Zanotelli.jpg","type":"image\/jpeg"}],"author":"Redazione","twitter_card":"summary_large_image","twitter_creator":"@rassegnastampa9","twitter_site":"@rassegnastampa9","twitter_misc":{"Scritto da":"Redazione","Tempo di lettura stimato":"9 minuti"},"schema":{"@context":"https:\/\/schema.org","@graph":[{"@type":"Article","@id":"https:\/\/www.rassegnastampa-totustuus.it\/cattolica\/alex-zanotelli-un-cattocomunista\/#article","isPartOf":{"@id":"https:\/\/www.rassegnastampa-totustuus.it\/cattolica\/alex-zanotelli-un-cattocomunista\/"},"author":{"name":"Redazione","@id":"https:\/\/www.rassegnastampa-totustuus.it\/cattolica\/#\/schema\/person\/08f319d2bd1a0904ad9e2bfb7b15e5c3"},"headline":"Alex Zanotelli, un cattocomunista","datePublished":"2005-06-14T09:54:10+00:00","dateModified":"2024-01-03T15:28:51+00:00","mainEntityOfPage":{"@id":"https:\/\/www.rassegnastampa-totustuus.it\/cattolica\/alex-zanotelli-un-cattocomunista\/"},"wordCount":1559,"publisher":{"@id":"https:\/\/www.rassegnastampa-totustuus.it\/cattolica\/#organization"},"image":{"@id":"https:\/\/www.rassegnastampa-totustuus.it\/cattolica\/alex-zanotelli-un-cattocomunista\/#primaryimage"},"thumbnailUrl":"https:\/\/www.rassegnastampa-totustuus.it\/cattolica\/wp-content\/uploads\/2005\/06\/Alex-Zanotelli.jpg","keywords":["Africa","Alex Zanotelli","terzomondialismo"],"articleSection":["Africa","Terzomondialismo"],"inLanguage":"it-IT"},{"@type":"WebPage","@id":"https:\/\/www.rassegnastampa-totustuus.it\/cattolica\/alex-zanotelli-un-cattocomunista\/","url":"https:\/\/www.rassegnastampa-totustuus.it\/cattolica\/alex-zanotelli-un-cattocomunista\/","name":"Alex Zanotelli, un cattocomunista - Rassegna Stampa Cattolica","isPartOf":{"@id":"https:\/\/www.rassegnastampa-totustuus.it\/cattolica\/#website"},"primaryImageOfPage":{"@id":"https:\/\/www.rassegnastampa-totustuus.it\/cattolica\/alex-zanotelli-un-cattocomunista\/#primaryimage"},"image":{"@id":"https:\/\/www.rassegnastampa-totustuus.it\/cattolica\/alex-zanotelli-un-cattocomunista\/#primaryimage"},"thumbnailUrl":"https:\/\/www.rassegnastampa-totustuus.it\/cattolica\/wp-content\/uploads\/2005\/06\/Alex-Zanotelli.jpg","datePublished":"2005-06-14T09:54:10+00:00","dateModified":"2024-01-03T15:28:51+00:00","description":"Alex Zanotelli, un cattocomunista","breadcrumb":{"@id":"https:\/\/www.rassegnastampa-totustuus.it\/cattolica\/alex-zanotelli-un-cattocomunista\/#breadcrumb"},"inLanguage":"it-IT","potentialAction":[{"@type":"ReadAction","target":["https:\/\/www.rassegnastampa-totustuus.it\/cattolica\/alex-zanotelli-un-cattocomunista\/"]}]},{"@type":"ImageObject","inLanguage":"it-IT","@id":"https:\/\/www.rassegnastampa-totustuus.it\/cattolica\/alex-zanotelli-un-cattocomunista\/#primaryimage","url":"https:\/\/www.rassegnastampa-totustuus.it\/cattolica\/wp-content\/uploads\/2005\/06\/Alex-Zanotelli.jpg","contentUrl":"https:\/\/www.rassegnastampa-totustuus.it\/cattolica\/wp-content\/uploads\/2005\/06\/Alex-Zanotelli.jpg","width":260,"height":194},{"@type":"BreadcrumbList","@id":"https:\/\/www.rassegnastampa-totustuus.it\/cattolica\/alex-zanotelli-un-cattocomunista\/#breadcrumb","itemListElement":[{"@type":"ListItem","position":1,"name":"Home","item":"https:\/\/www.rassegnastampa-totustuus.it\/cattolica\/"},{"@type":"ListItem","position":2,"name":"Alex Zanotelli, un cattocomunista"}]},{"@type":"WebSite","@id":"https:\/\/www.rassegnastampa-totustuus.it\/cattolica\/#website","url":"https:\/\/www.rassegnastampa-totustuus.it\/cattolica\/","name":"Rassegna Stampa Cattolica","description":"Per una cultura che nasce dalla Rivelazione cristiana in conformit\u00e0 alla tradizione e al Magistero della Chiesa in opposizione ad ogni relativismo e totalitarismo","publisher":{"@id":"https:\/\/www.rassegnastampa-totustuus.it\/cattolica\/#organization"},"alternateName":"Rass. Cattolica","potentialAction":[{"@type":"SearchAction","target":{"@type":"EntryPoint","urlTemplate":"https:\/\/www.rassegnastampa-totustuus.it\/cattolica\/?s={search_term_string}"},"query-input":{"@type":"PropertyValueSpecification","valueRequired":true,"valueName":"search_term_string"}}],"inLanguage":"it-IT"},{"@type":"Organization","@id":"https:\/\/www.rassegnastampa-totustuus.it\/cattolica\/#organization","name":"Rassegna Stampa Cattolica","url":"https:\/\/www.rassegnastampa-totustuus.it\/cattolica\/","logo":{"@type":"ImageObject","inLanguage":"it-IT","@id":"https:\/\/www.rassegnastampa-totustuus.it\/cattolica\/#\/schema\/logo\/image\/","url":"https:\/\/www.rassegnastampa-totustuus.it\/cattolica\/wp-content\/uploads\/2014\/04\/logo-rassegna1.gif","contentUrl":"https:\/\/www.rassegnastampa-totustuus.it\/cattolica\/wp-content\/uploads\/2014\/04\/logo-rassegna1.gif","width":600,"height":163,"caption":"Rassegna Stampa Cattolica"},"image":{"@id":"https:\/\/www.rassegnastampa-totustuus.it\/cattolica\/#\/schema\/logo\/image\/"},"sameAs":["https:\/\/www.facebook.com\/rassegnastampacattolica","https:\/\/x.com\/rassegnastampa9"]},{"@type":"Person","@id":"https:\/\/www.rassegnastampa-totustuus.it\/cattolica\/#\/schema\/person\/08f319d2bd1a0904ad9e2bfb7b15e5c3","name":"Redazione","image":{"@type":"ImageObject","inLanguage":"it-IT","@id":"https:\/\/secure.gravatar.com\/avatar\/2fcdf27c78ea025fbdb44e914cc63c72249ffec9dc8aafd5c82b26240ef3f346?s=96&d=mm&r=g","url":"https:\/\/secure.gravatar.com\/avatar\/2fcdf27c78ea025fbdb44e914cc63c72249ffec9dc8aafd5c82b26240ef3f346?s=96&d=mm&r=g","contentUrl":"https:\/\/secure.gravatar.com\/avatar\/2fcdf27c78ea025fbdb44e914cc63c72249ffec9dc8aafd5c82b26240ef3f346?s=96&d=mm&r=g","caption":"Redazione"},"url":"https:\/\/www.rassegnastampa-totustuus.it\/cattolica\/author\/pietroelle\/"}]}},"_links":{"self":[{"href":"https:\/\/www.rassegnastampa-totustuus.it\/cattolica\/wp-json\/wp\/v2\/posts\/721","targetHints":{"allow":["GET"]}}],"collection":[{"href":"https:\/\/www.rassegnastampa-totustuus.it\/cattolica\/wp-json\/wp\/v2\/posts"}],"about":[{"href":"https:\/\/www.rassegnastampa-totustuus.it\/cattolica\/wp-json\/wp\/v2\/types\/post"}],"author":[{"embeddable":true,"href":"https:\/\/www.rassegnastampa-totustuus.it\/cattolica\/wp-json\/wp\/v2\/users\/6"}],"replies":[{"embeddable":true,"href":"https:\/\/www.rassegnastampa-totustuus.it\/cattolica\/wp-json\/wp\/v2\/comments?post=721"}],"version-history":[{"count":5,"href":"https:\/\/www.rassegnastampa-totustuus.it\/cattolica\/wp-json\/wp\/v2\/posts\/721\/revisions"}],"predecessor-version":[{"id":58602,"href":"https:\/\/www.rassegnastampa-totustuus.it\/cattolica\/wp-json\/wp\/v2\/posts\/721\/revisions\/58602"}],"wp:featuredmedia":[{"embeddable":true,"href":"https:\/\/www.rassegnastampa-totustuus.it\/cattolica\/wp-json\/wp\/v2\/media\/30382"}],"wp:attachment":[{"href":"https:\/\/www.rassegnastampa-totustuus.it\/cattolica\/wp-json\/wp\/v2\/media?parent=721"}],"wp:term":[{"taxonomy":"category","embeddable":true,"href":"https:\/\/www.rassegnastampa-totustuus.it\/cattolica\/wp-json\/wp\/v2\/categories?post=721"},{"taxonomy":"post_tag","embeddable":true,"href":"https:\/\/www.rassegnastampa-totustuus.it\/cattolica\/wp-json\/wp\/v2\/tags?post=721"}],"curies":[{"name":"wp","href":"https:\/\/api.w.org\/{rel}","templated":true}]}}