{"id":719,"date":"2005-06-14T11:38:57","date_gmt":"2005-06-14T09:38:57","guid":{"rendered":""},"modified":"2025-03-11T15:33:43","modified_gmt":"2025-03-11T14:33:43","slug":"il-grande-parvus","status":"publish","type":"post","link":"https:\/\/www.rassegnastampa-totustuus.it\/cattolica\/il-grande-parvus\/","title":{"rendered":"&#8221;Il grande Parvus&#8221;"},"content":{"rendered":"\n<p class=\"has-text-align-center\">Articolo <strong>\u00a0<\/strong>pubblicato sul n. 173 di <strong><a href=\"https:\/\/alleanzacattolica.org\/\" target=\"_blank\" rel=\"noreferrer noopener\">Cristianit\u00e0<\/a><\/strong><\/p>\n\n\n\n<p><em>In un\u2019accurata biografia<\/em> <em>La ricostruzione dettagliata della figura e dell\u2019importanza di uno dei personaggi di maggior peso della Rivoluzione negli anni a cavallo fra il secolo XIX e il XX, antesignano della stretta collaborazione fra alta finanza e internazionale socialcomunista<\/em>.<\/p>\n\n\n\n<p class=\"has-text-align-center\"><strong>Oscar Sanguinetti<\/strong><\/p>\n\n\n<div class=\"wp-block-image\">\n<figure class=\"aligncenter size-full\"><a href=\"https:\/\/www.rassegnastampa-totustuus.it\/cattolica\/wp-content\/uploads\/2005\/06\/parvus.jpg\"><img loading=\"lazy\" decoding=\"async\" width=\"200\" height=\"329\" src=\"https:\/\/www.rassegnastampa-totustuus.it\/cattolica\/wp-content\/uploads\/2005\/06\/parvus.jpg\" alt=\"\" class=\"wp-image-35839\" srcset=\"https:\/\/www.rassegnastampa-totustuus.it\/cattolica\/wp-content\/uploads\/2005\/06\/parvus.jpg 200w, https:\/\/www.rassegnastampa-totustuus.it\/cattolica\/wp-content\/uploads\/2005\/06\/parvus-182x300.jpg 182w\" sizes=\"auto, (max-width: 200px) 100vw, 200px\" \/><\/a><figcaption class=\"wp-element-caption\">Parvus<\/figcaption><\/figure><\/div>\n\n\n<!--more-->\n\n\n\n<p>Sia gli studiosi del movimento socialista del periodo a cavallo fra l\u2019Ottocento e il Novecento, sia gli storici che si sono occupati delle origini della Rivoluzione d\u2019Ottobre, sia &#8211; ancora &#8211; quanti hanno indagato sui risvolti &#8220;discreti&#8221; &#8211; se non segreti &#8211; della storia contemporanea, si sono imbattuti nella figura per molti versi enigmatica e apparentemente contraddittoria di Izrail Lazarevic Gel\u2019fand, detto &#8220;Parvus&#8221;.<\/p>\n\n\n\n<p>Visto, di volta in volta, come &#8220;rivoluzionario di professione&#8221;, come &#8220;capitalista rosso&#8221; oppure come eminenza grigia della Rivoluzione mondiale, come genio dell\u2019intrigo ad alto livello, il personaggio \u00e8 sempre illuminato da una luce sinistra, che non ha per\u00f2 mancato di lasciare in ombra molti aspetti della sua personalit\u00e0, forse fra i pi\u00f9 significativi: gi\u00e0 la variet\u00e0 di trascrizioni del suo cognome &#8211; Gel\u2019fand, Helphand, Gell\u2019font -, il mutamento del nome da Izrail in Alexander nel 1894 e il numero degli pseudonimi assunti &#8211; &#8220;Ignatieff&#8221;, &#8220;Unus&#8221;, &#8220;I.H.&#8221; e, finalmente, &#8220;Parvus&#8221; &#8211; testimoniano della multiformit\u00e0 del soggetto e della sua irrequietezza.<\/p>\n\n\n\n<p>Frequentemente citato in relazione all\u2019episodio del &#8220;treno piombato&#8221; che ricondusse in Russia, nel 1917, Vladimir Ilich Lenin e altri rivoluzionari esuli in Svizzera, soltanto abbastanza di recente si \u00e8 cercato di esaminare pi\u00f9 da vicino e con maggiore ampiezza di prospettiva l\u2019opera di Izrail L. Gel\u2019fand. Fra gli studi pi\u00f9 significativi si possono ricordare una biografia completa edita a Londra nel 1965 (1), le pagine a lui dedicate dallo storico inglese Michael Pearson (2) e da Enzo Bettiza (3), ma &#8211; soprattutto &#8211; lo scritto di Aleksandr Solzenicyn, <em>Lenin a Zurigo. Capitoli<\/em> (4), con molta probabilit\u00e0 la ricostruzione letterariamente pi\u00f9 efficace e pregevole dell\u2019<em>animus<\/em> sia di Parvus che di Vladimir I. Lenin.<\/p>\n\n\n\n<p>Nel 1988 Pietro A. Zveteremich ha effettuato un tentativo di uscire da questa situazione di frammentariet\u00e0 e di disegnare un panorama completo e aggiornato della vita del rivoluzionario dando alle stampe <em>Il grande Parvus<\/em> (5). In quest\u2019opera corposa &#8211; si articola in quindici capitoli e comprende un epilogo e un\u2019appendice, oltre a una vasta bibliografia e a diversi indici &#8211; l\u2019autore &#8211; che non \u00e8 uno storico di professione ma, nato a Colonia nel 1922, \u00e8 docente di lingua e letteratura russa all\u2019Universit\u00e0 di Messina e ha curato in passato la traduzione italiana di scrittori russi, fra i quali Boris Pasternak e Marina Cvetaeva &#8211; ha compiuto uno sforzo di ricerca non comune, di cui aveva gi\u00e0 anticipato qualche risultato (6): oltre a tutti i contributi precedenti e ai principali scritti di Parvus, ha preso in esame un vastissimo repertorio di fonti d\u2019archivio in Germania, Austria, Svezia, Finlandia e Danimarca, nonch\u00e9 studi parziali e di sintesi, per una certa parte in lingue non facilmente accessibili come russo, polacco e finlandese.<\/p>\n\n\n\n<p>Dal momento che la minuziosa e voluminosa ricostruzione operata da Pietro A. Zveteremich non si presta a essere rapidamente riassunta, intendo limitarmi a richiamarne soltanto i temi pi\u00f9 significativi.<\/p>\n\n\n\n<h4 class=\"wp-block-heading has-text-align-center\"><strong>Il &#8220;rivoluzionario di professione&#8221;<\/strong><\/h4>\n\n\n\n<p>In primo luogo, dallo studio emerge che Parvus \u00e8 stato uno dei maggiori esponenti del movimento rivoluzionario socialista marxista in Germania e in Russia fra la fine dell\u2019Ottocento e i primi anni del Novecento, in esso spiccando soprattutto come teorico di notevole livello e come veemente polemista. Nato il 27 agosto 1867 a Berezino, nell\u2019allora impero degli zar, da una famiglia ebraica originaria di Odessa, nella citt\u00e0 natale abbraccia fin dagli anni del ginnasio le idee rivoluzionarie che circolavano nella Russia del tempo nonch\u00e9 il pensiero marxista, poi rafforzati nel corso degli studi di economia che segue in Svizzera.<\/p>\n\n\n\n<p>A lui il socialismo deve importanti elaborazioni teoriche e proposte operative, come quelle riguardanti lo sciopero politico di massa, la concezione almeno embrionale della &#8220;rivoluzione permanente&#8221;, il concetto di &#8220;democrazia operaia&#8221;, la rivendicazione della giornata lavorativa di otto ore, tesi e proposte che saranno ampiamente discusse in occasione di congressi del movimento socialista internazionale e riprese da altri esponenti rivoluzionari di primo piano, fra i quali Lev Davydovic Trotzkij.<\/p>\n\n\n\n<p>Come polemista egli si fa notare soprattutto attraverso i numerosi articoli apparsi sulle pi\u00f9 significative riviste socialiste del tempo, alcune delle quali dirige o, addirittura, fonda, come nel caso della celeberrima <em>Iskra<\/em>, &#8220;La scintilla&#8221;, promossa insieme a Vladimir I. Lenin e nata a Monaco di Baviera nel 1900.<\/p>\n\n\n\n<p>Aspetto non del tutto noto del <em>curriculum<\/em> rivoluzionario di Parvus \u00e8 quello costituito dal ruolo decisivo da lui avuto nel corso della rivoluzione di Pietrogrado nel 1905. Mentre Vladimir I. Lenin rimane in cauta posizione d\u2019attesa, Parvus &#8211; insieme a Lev D. Trotzkij, del quale fu, oltre che amico, maestro e guida autorevole &#8211; \u00e8 il vero stratega e animatore dell\u2019episodio sovversivo, ne dirige il <em>soviet<\/em> insurrezionale, ne detta le parole d\u2019ordine e ne patisce la repressione: <em>&#8220;<\/em>[&#8230;] <em>anche quando furono presenti Martov e Lenin, la testa del movimento rimase il soviet, diretto da Parvus e Trockij. Lenin vi si rec\u00f2, quasi in incognito, e lo giudic\u00f2 negativamente in quanto &#8220;parlamento operaio&#8221;. Ci voleva un\u2019&#8221;organizzazione combattiva di partito&#8221;, disse e rimase del tutto fuori dagli avvenimenti, spostandosi da un alloggio all\u2019altro della capitale in riunioni senza fine&#8221;<\/em> (7); <em>&#8220;e Trockij, con le sue eccezionali doti di tribuno e di capopopolo, era la figura pi\u00f9 in vista. Parvus lavorava nell\u2019ombra, scriveva saggi e articoli&#8221;<\/em> (8).<\/p>\n\n\n\n<h4 class=\"wp-block-heading has-text-align-center\"><strong>Il &#8220;capitalista rosso&#8221;<\/strong><\/h4>\n\n\n\n<p>Altro aspetto degno di menzione \u00e8 l\u2019episodio, non facilmente decifrabile, costituito dalla scelta &#8220;capitalistica&#8221; operata a un certo punto della sua esistenza da Parvus. Nel 1910 il rivoluzionario di professione, il teorico marxista, completamente implicato negli avvenimenti, esce all\u2019improvviso di scena, si trasferisce a Istanbul e qui, sfruttando la sua preparazione e il suo genio economici, si trasforma in imprenditore e in commerciante e riesce, in pochi anni, a costruirsi una notevole fortuna personale.<\/p>\n\n\n\n<p>Sembrerebbe trattarsi di un abbandono della lotta contro il capitalismo e di una scelta di campo in favore di questo. In realt\u00e0 &#8211; e i fatti successivi lo dimostreranno &#8211; la sua mossa rappresenta un volontario allontanamento dall\u2019ambiente socialista europeo, sentito come sempre pi\u00f9 statico e angusto nonch\u00e9 come sempre meno recettivo per le sue teorizzazioni rivoluzionarie troppo grandiose: <em>&#8220;Ormai Parvus parlava un\u2019altra lingua e fu inteso alla rovescia. Per i destri e i centristi la sua strategia della rivoluzione <\/em>[soprattutto la sua teoria della &#8220;democrazia operaia&#8221;]<em> era una fantasia, e una fuga nell\u2019utopia era il suo interrogativo su che dovesse essere il socialismo. La sinistra, da un opposto punto di vista, non era disposta a uscire dagli schemi tradizionali&#8221;<\/em> (9).<\/p>\n\n\n\n<p>Ma la sua decisione \u00e8 anche il segno della maturazione di un nuovo modo d\u2019intendere la strategia rivoluzionaria, una modalit\u00e0 che emerger\u00e0 pi\u00f9 chiaramente durante il periodo di collaborazione\/antagonismo con Vladimir I. Lenin nella fase di preparazione della Rivoluzione bolscevica. Considerazioni come quella relativa a una possibile graduale transizione, &#8220;pilotata&#8221; dalle lotte di massa, del capitalismo verso la &#8220;democrazia sociale&#8221;, come quella relativa ai limiti della concezione leninista del partito, inteso come un ordine di militanti duri e puri, come quella, infine, relativa al peso decisivo che per la Rivoluzione pu\u00f2 avere il denaro con la sua capacit\u00e0 d\u2019influenzare gli uomini, le relazioni sociali e il potere, sono molto probabilmente alla base della scelta di Parvus.<\/p>\n\n\n\n<h4 class=\"wp-block-heading has-text-align-center\"><strong>&#8220;Lenin a Zurigo&#8221; e il &#8220;treno piombato&#8221;<\/strong><\/h4>\n\n\n\n<p>Sta di fatto che, quando scoppia la prima guerra mondiale &#8211; della cui inevitabilit\u00e0 aveva gi\u00e0 parlato fin dai primi anni del secolo -, l\u2019&#8221;operatore culturale&#8221; e l\u2019agitatore marxista riappare negli ambienti politici europei con un nuovo <em>look<\/em> caratterizzato da una vita ostentatamente lussuosa, dall\u2019apertura di salotti in cui riceve il fior fiore dei personaggi che contano in ambito finanziario e diplomatico, dalla frequente organizzazione di feste e di ricevimenti fastosi, da una nomea di gaudente e di libertino, tutte cose che gli consentono di tessere una fitta trama d\u2019importanti relazioni in tutta Europa.<\/p>\n\n\n\n<p>Ma, se sono cambiati lo stile e il <em>modus agendi<\/em>, l\u2019<em>animus<\/em> del rivoluzionario purosangue \u00e8 rimasto in lui intatto. Appena si manifestano difficolt\u00e0 militari per l\u2019impero russo, \u00e8 fra i primi &#8211; in sintonia con Vladimir I. Lenin &#8211; a propugnare la tesi dell\u2019antipacifismo e della necessit\u00e0 di approfittare della guerra per abbattere a qualsiasi costo il potere zarista.<\/p>\n\n\n\n<p>Immediatamente, nel suo nuovo ruolo di capitalista rosso, si rituffa nella cospirazione politica: nell\u2019estate del 1915 incontra a Zurigo appunto Vladimir I. Lenin e gli propone la partecipazione dei bolscevichi a un piano teso a destabilizzare l\u2019impero russo favorendo lo scoppio di una insurrezione sociale al suo interno, progetto da lui concepito e gi\u00e0 sottoposto con successo alle autorit\u00e0 germaniche attraverso la sede diplomatica di Istanbul.<\/p>\n\n\n\n<p>Il futuro despota comunista, nonostante il suo atteggiamento diffidente e temporeggiatore, astutamente non lascia cadere le offerte di finanziamento, in marchi tedeschi, sottopostegli da Parvus: si limita ad affiancarle agli altri canali di sostentamento economico di fonte occidentale gi\u00e0 funzionanti o in via di attivazione per il potenziamento della frazione bolscevica, soprattutto attraverso agenti operanti nei paesi neutrali dell\u2019Europa Settentrionale (10).<\/p>\n\n\n\n<p>Pietro A. Zveteremich, nella ricostruzione dell\u2019incontro fra i due esponenti rivoluzionari, fa emergere altri punti molto importanti: la sostanziale concordanza dei loro intenti, nonostante la differenza di temperamento &#8211; quasi ascetico e incolore quello di Vladimir I. Lenin, esuberante ed esibizionistico quello di Parvus -, le divergenze quanto alle scelte di tipo tattico, come pure quelle relative al genere di regime socialista da instaurare in Russia; inoltre, la pari statura, indipendentemente dagli esiti storici successivi, delle due figure.<\/p>\n\n\n\n<p>Come accuratamente e felicemente ha scritto Aleksandr Solzenicyn, immaginando il dialogo fra i due nella squallida stanza d\u2019affitto in cui vive a Zurigo, nella Spiegelgasse, il <em>leader<\/em> bolscevico, Parvus \u00e8 l\u2019unico socialista del quale Vladimir I. Lenin avverte la superiore e anticipatrice forza ideologica e anche l\u2019unico che possa mettere in discussione la sua <em>leadership<\/em> nel movimento rivoluzionario:<em> &#8220;Ormai poteva anche riconoscerlo: un\u2019altra mente della loro tempra, una visione altrettanto perspicace, nell\u2019Internazionale non si trovava, c\u2019erano solo loro due&#8221;<\/em>&nbsp; (11).<\/p>\n\n\n\n<p>E Parvus, da parte sua, nonostante il disagio per la grigia <em>routine<\/em> della clandestinit\u00e0 leniniana, comprende che i suoi piani relativamente alla Russia si potranno realizzare soltanto attraverso Vladimir I. Lenin e il suo corpo di rivoluzionari professionisti: <em>&#8220;Lo sguardo vigile di Parvus non aveva mai abbandonato quel socialista unico, senza l\u2019eguale in Europa, assolutamente libero da preconcetti, alieno da schifiltosit\u00e0 eccessive, sempre pronto in qualsiasi circostanza a ricorrere a qualsiasi metodo capace di assicurargli il successo; l\u2019unico realista di ferro assolutamente tetragono alle illusioni, il secondo realista del socialismo mondiale dopo Parvus&#8221;<\/em> (12).<\/p>\n\n\n\n<p>Da questa ineluttabile, anche se dialettica, convergenza scaturisce, pur fra mille diversivi creati dal <em>leader<\/em> bolscevico, il consenso di Vladimir I. Lenin alla prospettiva di coinvolgimento dei suoi seguaci nel piano rivoluzionario concepito da Parvus. Allo scoppio della Rivoluzione di Febbraio, Vladimir I. Lenin &#8211; insieme a una trentina di altri emigrati ed esponenti socialisti &#8211; si far\u00e0 trasportare nel famoso &#8220;treno piombato&#8221; dalla Svizzera attraverso il territorio della Germania in guerra, della Svezia e della Finlandia, per finalmente raggiungere Pietrogrado (13).<\/p>\n\n\n\n<p>Dopo la Rivoluzione d\u2019Ottobre &#8211; alla cui riuscita ha dato obbiettivamente un contributo determinante &#8211; Parvus tenta, senza successo, d\u2019influenzare gli sviluppi politici del nuovo regime, ma deve riscontrare come sempre pi\u00f9 si approfondisca nella Russia dei <em>soviet<\/em> il divario fra la &#8220;democrazia operaia&#8221; da lui vagheggiata e la dittatura del proletariato e il conseguente terrorismo di Stato leniniani; tenta anche di pilotare da dietro le quinte diplomatiche la pace di Brest-Litovsk fra la Russia, ormai sovietizzata, e la Germania, in modo che tale pace non si trasformi in un <em>diktat<\/em> contro il suo paese d\u2019origine, ma anche in questo fallisce.<\/p>\n\n\n\n<p>Quando si accorge che le sue possibilit\u00e0 d\u2019influire sulle sorti della Rivoluzione nei fatti si fanno sempre pi\u00f9 scarse, Parvus abbandona la militanza attiva e lascia anche la Germania, ormai sull\u2019orlo della sconfitta e dello sconvolgimento politico. In Svizzera continua i suoi studi teorici e le sue analisi politiche, come pure la sua vita brillante e dispendiosa, ma con sempre minore eco. Ritorna nella Germania di Weimar nel 1920, si stabilisce a Berlino e ivi muore il 12 dicembre 1924.<\/p>\n\n\n\n<p>I pregi dello studio realizzato da Pietro A. Zveteremich si possono senz\u2019altro indicare anzitutto nella puntigliosa raccolta di nuovi, molto dettagliati e validi documenti relativi ad alcuni episodi nodali della storia contemporanea, in questo modo offrendo conferme a conclusioni gi\u00e0 avanzate da altri studiosi, soprattutto riguardo al decisivo contributo prestato da esponenti di rilievo della finanza e della politica occidentali alla preparazione e al successo della Rivoluzione comunista, e cos\u00ec &#8211; ancora &#8211; ponendo solide basi all\u2019attenzione da prestare alle mosse della medesima finanza nella conservazione al potere della Rivoluzione stessa e nel tentativo di evitarne il crollo.<\/p>\n\n\n\n<p>Inoltre, l\u2019opera dello studioso d\u2019origine russa ribadisce con impressionante puntualit\u00e0 soprattutto le tesi avanzate da Aleksandr Solzenicyn, s\u00ec che d\u2019ora in avanti <em>Lenin a Zurigo. Capitoli <\/em>potr\u00e0 difficilmente essere qualificato &#8220;soltanto&#8221; come un romanzo storico, sottintendendo e insinuando trattarsi pi\u00f9 di un\u2019opera letteraria che di un\u2019adeguata ricostruzione di fatti autentici, perch\u00e9 ormai si pu\u00f2 appunto definire un romanzo storico perfettamente riuscito, in quanto efficace ricostruzione letteraria di accadimenti veri. Infine, merita di essere segnalata la considerevole mole di &#8220;piste&#8221; di ricerca per ulteriori approfondimenti, anche relativi a personaggi minori, messa a disposizione dal ricco apparato bibliografico e dagli indici.<\/p>\n\n\n\n<p>Dopo queste note positive non posso esimermi dall\u2019indicare anche i limiti della ricerca: infatti Pietro A. Zveteremich non prende assolutamente in considerazione il contributo offerto al tema da lui affrontato da parte di quanti hanno indagato nel passato &#8211; e continuano a indagare attualmente &#8211; sugli aspetti meno evidenti, in qualche modo &#8220;occulti&#8221;, della storia in genere e di quella contemporanea in specie, sia in relazione agli avvenimenti che alle loro motivazioni profonde.<\/p>\n\n\n\n<p>Perci\u00f2, se questa carenza di un &#8220;quadro di fondo&#8221; si traduce in un\u2019autolimitazione di carattere positivistico quanto alle ipotesi di lavoro e, quindi, quanto alla stessa raccolta dei dati, essa colpisce soprattutto la loro interpretazione: per esempio, circa Parvus restano tuttora inadeguatamente esaminati e in ombra i <em>dessous<\/em> dell\u2019ambiente in cui si muove e che circonda la sua scelta rivoluzionaria iniziale e l\u2019attivit\u00e0 costante e tenace da lui prodotta; le ragioni della facilit\u00e0 con la quale fin dalla giovinezza il rivoluzionario russo si muove attraverso l\u2019Europa e anche fuori di essa, ragioni presumibilmente non estranee alle sue future relazioni internazionali e, quindi, alla sua rapida e stupefacente fortuna economica; e, da ultimo, l\u2019esplosivo composto costituito dalla sua straordinaria lucidit\u00e0 intellettuale e da una notevole e ostentata amoralit\u00e0 privata e pubblica.<\/p>\n\n\n\n<p>E questa carenza riesce tanto pi\u00f9 spiacevole quando, per esempio, si apprende che Leo Lazarus Helphand <em>alias<\/em> Evgenij Aleksandrovic Gnedin &#8211; il primo dei due figli dati a Parvus da Maria Schillinger &#8211; fu nominato primo segretario presso l&#8217;ambasciata sovietica di Berlino nel 1935 e fu per due anni testimone della diplomazia segreta che ha portato al patto Molotov-von Ribbentrop dell&#8217;agosto del 1939 (14).<\/p>\n\n\n\n<p>Anche sulla base di una tale eredit\u00e0, come non ipotizzare in Izrail L. Gel\u2019fand una di quelle figure di &#8220;mistici&#8221; della Rivoluzione mondiale &#8211; come, per esempio, Filippo Buonarroti, Adam Weishaupt, Elena Petrovna Blavatskij o Karl Marx (15) &#8211; per i quali la Rivoluzione stessa, prima di essere una scelta ideologica e operativa, \u00e8 un\u2019opzione radicale e militante per il principio metafisico di essa, il culto del perenne divenire e l\u2019odio per l\u2019essere, creato e increato?<\/p>\n\n\n\n<h3 class=\"wp-block-heading\"><strong>Note:<\/strong><\/h3>\n\n\n\n<p><strong>(1) <\/strong>Cfr. Zbynek Anthony Bohuslav Zeman e Winfried B. Scharlau, <em>The Merchant of Revolution. The life of Alexander Israel Helphand (Parvus). 1867-1924<\/em>, Oxford University Press, Londra 1965.<\/p>\n\n\n\n<p><strong>(2)<\/strong> Cfr. Michael Pearson, <em>Il treno piombato<\/em>, trad. it., Sperling &amp; Kupfer, Milano 1976.<\/p>\n\n\n\n<p><strong>(3)<\/strong> Cfr. Enzo Bettiza, <em>Il mistero di Lenin. Per un&#8217;antropologia dell'&#8221;homo bolscevicus&#8221;<\/em>, Rizzoli, Milano 1988.<\/p>\n\n\n\n<p><strong>(4) <\/strong>Cfr. Aleksandr Solzenicyn, <em>Lenin a Zurigo. Capitoli<\/em>, trad. it., Mondadori, Milano 1976.<\/p>\n\n\n\n<p><strong>(5)<\/strong> Cfr. Pietro A. Zveteremich, <em>Il grande Parvus<\/em>, Garzanti, Milano 1988, pp. 416.<\/p>\n\n\n\n<p><strong>(6)<\/strong> Cfr. Idem, <em>Parvus, una figura anticipatrice<\/em>, Herder, Roma 1984.<\/p>\n\n\n\n<p>(<strong>7)<\/strong> Idem, <em>Il grande Parvus<\/em>, cit., p. 98.<\/p>\n\n\n\n<p><strong>(8)<\/strong> <em>Ibid<\/em>., p. 99.<\/p>\n\n\n\n<p><strong>(9) <\/strong><em>Ibid<\/em>., p. 136.<\/p>\n\n\n\n<p><strong>(10)<\/strong> Sul tema dei finanziamenti occidentali alla Rivoluzione socialcomunista in Russia, cfr. Pierre Faillant de Villemarest, <em>Les sources financi\u00e8res du communisme (Quand l\u2019URSS \u00e9tait l\u2019alli\u00e9e des nazis)<\/em>, 2\u00aa ed., CEI-<em>la lettre d\u2019information<\/em>, Cierrey 1984; e il mio <em>Le fonti finanziarie del comunismo e del nazionalsocialismo<\/em>, in <em>Quaderni di &#8220;Cristianit\u00e0&#8221;<\/em>, anno I, n. 1, primavera 1985, pp. 39-52.<\/p>\n\n\n\n<p><strong>(11) <\/strong>A. Solzenicyn, <em>op. cit.<\/em>, p. 171.<\/p>\n\n\n\n<p><strong>(12) <\/strong><em>Ibid<\/em>., pp. 157-158.<\/p>\n\n\n\n<p><strong>(13) <\/strong>Su questo episodio, oltre al gi\u00e0 citato volume di Michael Pearson, cfr. l\u2019articolo rievocativo, comparso in occasione del settantesimo anniversario della Rivoluzione d\u2019Ottobre, di Arrigo Petacco, <em>Quel treno per Mosca<\/em>, in <em>Storia Illustrata<\/em>, n. 354, maggio 1987, pp. 22-31.<\/p>\n\n\n\n<p><strong>(14) <\/strong>Cfr. <em>la lettre d&#8217;information<\/em>, anno XIX, n. 10, 31-8-1989, p. 6: fonte del dato Stephen Cohen, professore a Princeton e consigliere permanente del dipartimento di Stato americano, filosovietico, il 17 gennaio 1984. Su Evgenij A. Gnedin, cfr. P. A. Zveteremich, <em>op. cit.<\/em>, pp. 350-357.<\/p>\n\n\n\n<p><strong>(15)<\/strong> Per il fondatore del &#8220;socialismo scientifico&#8221;, cfr. Richard Wurmbrand, <em>L\u2019altra faccia di Carlo Marx<\/em>, trad. it., 2\u00aa ed., EUN. Editrice Uomini Nuovi, Marchirolo (VA) 1986.<\/p>\n","protected":false},"excerpt":{"rendered":"<p>Articolo \u00a0pubblicato sul n. 173 di Cristianit\u00e0 In un\u2019accurata biografia La ricostruzione dettagliata della figura e dell\u2019importanza di uno dei personaggi di maggior peso della Rivoluzione negli anni a cavallo fra il secolo XIX e il XX, antesignano della stretta collaborazione fra alta finanza e internazionale socialcomunista. Oscar Sanguinetti<\/p><p><a class=\"more-link btn\" href=\"https:\/\/www.rassegnastampa-totustuus.it\/cattolica\/il-grande-parvus\/\">Continua a leggere<\/a><\/p>\n","protected":false},"author":6,"featured_media":35839,"comment_status":"open","ping_status":"open","sticky":false,"template":"","format":"standard","meta":{"footnotes":""},"categories":[32,18],"tags":[647,652],"class_list":["post-719","post","type-post","status-publish","format-standard","has-post-thumbnail","hentry","category-filosofia-del-comunismo","category-personaggi","tag-parvus","tag-socialismo","item-wrap"],"yoast_head":"<!-- This site is optimized with the Yoast SEO plugin v27.5 - https:\/\/yoast.com\/product\/yoast-seo-wordpress\/ -->\n<title>&#039;&#039;Il grande Parvus&#039;&#039; - Rassegna Stampa Cattolica<\/title>\n<meta name=\"description\" content=\"&#039;Il grande Parvus. La ricostruzione della figura di uno dei personaggi di maggior peso della Rivoluzione fra il secolo XIX e il XX,\" \/>\n<meta name=\"robots\" content=\"index, follow, max-snippet:-1, max-image-preview:large, max-video-preview:-1\" \/>\n<link rel=\"canonical\" href=\"https:\/\/www.rassegnastampa-totustuus.it\/cattolica\/il-grande-parvus\/\" \/>\n<meta property=\"og:locale\" content=\"it_IT\" \/>\n<meta property=\"og:type\" content=\"article\" \/>\n<meta property=\"og:title\" content=\"&#039;&#039;Il grande Parvus&#039;&#039; - Rassegna Stampa Cattolica\" \/>\n<meta property=\"og:description\" content=\"&#039;Il grande Parvus. La ricostruzione della figura di uno dei personaggi di maggior peso della Rivoluzione fra il secolo XIX e il XX,\" \/>\n<meta property=\"og:url\" content=\"https:\/\/www.rassegnastampa-totustuus.it\/cattolica\/il-grande-parvus\/\" \/>\n<meta property=\"og:site_name\" content=\"Rassegna Stampa Cattolica\" \/>\n<meta property=\"article:publisher\" content=\"https:\/\/www.facebook.com\/rassegnastampacattolica\" \/>\n<meta property=\"article:published_time\" content=\"2005-06-14T09:38:57+00:00\" \/>\n<meta property=\"article:modified_time\" content=\"2025-03-11T14:33:43+00:00\" \/>\n<meta property=\"og:image\" content=\"https:\/\/www.rassegnastampa-totustuus.it\/cattolica\/wp-content\/uploads\/2005\/06\/parvus.jpg\" \/>\n\t<meta property=\"og:image:width\" content=\"200\" \/>\n\t<meta property=\"og:image:height\" content=\"329\" \/>\n\t<meta property=\"og:image:type\" content=\"image\/jpeg\" \/>\n<meta name=\"author\" content=\"Redazione\" \/>\n<meta name=\"twitter:card\" content=\"summary_large_image\" \/>\n<meta name=\"twitter:creator\" content=\"@rassegnastampa9\" \/>\n<meta name=\"twitter:site\" content=\"@rassegnastampa9\" \/>\n<meta name=\"twitter:label1\" content=\"Scritto da\" \/>\n\t<meta name=\"twitter:data1\" content=\"Redazione\" \/>\n\t<meta name=\"twitter:label2\" content=\"Tempo di lettura stimato\" \/>\n\t<meta name=\"twitter:data2\" content=\"16 minuti\" \/>\n<script type=\"application\/ld+json\" class=\"yoast-schema-graph\">{\"@context\":\"https:\\\/\\\/schema.org\",\"@graph\":[{\"@type\":\"Article\",\"@id\":\"https:\\\/\\\/www.rassegnastampa-totustuus.it\\\/cattolica\\\/il-grande-parvus\\\/#article\",\"isPartOf\":{\"@id\":\"https:\\\/\\\/www.rassegnastampa-totustuus.it\\\/cattolica\\\/il-grande-parvus\\\/\"},\"author\":{\"name\":\"Redazione\",\"@id\":\"https:\\\/\\\/www.rassegnastampa-totustuus.it\\\/cattolica\\\/#\\\/schema\\\/person\\\/08f319d2bd1a0904ad9e2bfb7b15e5c3\"},\"headline\":\"&#8221;Il grande Parvus&#8221;\",\"datePublished\":\"2005-06-14T09:38:57+00:00\",\"dateModified\":\"2025-03-11T14:33:43+00:00\",\"mainEntityOfPage\":{\"@id\":\"https:\\\/\\\/www.rassegnastampa-totustuus.it\\\/cattolica\\\/il-grande-parvus\\\/\"},\"wordCount\":2860,\"commentCount\":0,\"publisher\":{\"@id\":\"https:\\\/\\\/www.rassegnastampa-totustuus.it\\\/cattolica\\\/#organization\"},\"image\":{\"@id\":\"https:\\\/\\\/www.rassegnastampa-totustuus.it\\\/cattolica\\\/il-grande-parvus\\\/#primaryimage\"},\"thumbnailUrl\":\"https:\\\/\\\/www.rassegnastampa-totustuus.it\\\/cattolica\\\/wp-content\\\/uploads\\\/2005\\\/06\\\/parvus.jpg\",\"keywords\":[\"Parvus\",\"socialismo\"],\"articleSection\":[\"Comunismo\",\"Personaggi\"],\"inLanguage\":\"it-IT\",\"potentialAction\":[{\"@type\":\"CommentAction\",\"name\":\"Comment\",\"target\":[\"https:\\\/\\\/www.rassegnastampa-totustuus.it\\\/cattolica\\\/il-grande-parvus\\\/#respond\"]}]},{\"@type\":\"WebPage\",\"@id\":\"https:\\\/\\\/www.rassegnastampa-totustuus.it\\\/cattolica\\\/il-grande-parvus\\\/\",\"url\":\"https:\\\/\\\/www.rassegnastampa-totustuus.it\\\/cattolica\\\/il-grande-parvus\\\/\",\"name\":\"''Il grande Parvus'' - Rassegna Stampa Cattolica\",\"isPartOf\":{\"@id\":\"https:\\\/\\\/www.rassegnastampa-totustuus.it\\\/cattolica\\\/#website\"},\"primaryImageOfPage\":{\"@id\":\"https:\\\/\\\/www.rassegnastampa-totustuus.it\\\/cattolica\\\/il-grande-parvus\\\/#primaryimage\"},\"image\":{\"@id\":\"https:\\\/\\\/www.rassegnastampa-totustuus.it\\\/cattolica\\\/il-grande-parvus\\\/#primaryimage\"},\"thumbnailUrl\":\"https:\\\/\\\/www.rassegnastampa-totustuus.it\\\/cattolica\\\/wp-content\\\/uploads\\\/2005\\\/06\\\/parvus.jpg\",\"datePublished\":\"2005-06-14T09:38:57+00:00\",\"dateModified\":\"2025-03-11T14:33:43+00:00\",\"description\":\"'Il grande Parvus. La ricostruzione della figura di uno dei personaggi di maggior peso della Rivoluzione fra il secolo XIX e il XX,\",\"breadcrumb\":{\"@id\":\"https:\\\/\\\/www.rassegnastampa-totustuus.it\\\/cattolica\\\/il-grande-parvus\\\/#breadcrumb\"},\"inLanguage\":\"it-IT\",\"potentialAction\":[{\"@type\":\"ReadAction\",\"target\":[\"https:\\\/\\\/www.rassegnastampa-totustuus.it\\\/cattolica\\\/il-grande-parvus\\\/\"]}]},{\"@type\":\"ImageObject\",\"inLanguage\":\"it-IT\",\"@id\":\"https:\\\/\\\/www.rassegnastampa-totustuus.it\\\/cattolica\\\/il-grande-parvus\\\/#primaryimage\",\"url\":\"https:\\\/\\\/www.rassegnastampa-totustuus.it\\\/cattolica\\\/wp-content\\\/uploads\\\/2005\\\/06\\\/parvus.jpg\",\"contentUrl\":\"https:\\\/\\\/www.rassegnastampa-totustuus.it\\\/cattolica\\\/wp-content\\\/uploads\\\/2005\\\/06\\\/parvus.jpg\",\"width\":200,\"height\":329},{\"@type\":\"BreadcrumbList\",\"@id\":\"https:\\\/\\\/www.rassegnastampa-totustuus.it\\\/cattolica\\\/il-grande-parvus\\\/#breadcrumb\",\"itemListElement\":[{\"@type\":\"ListItem\",\"position\":1,\"name\":\"Home\",\"item\":\"https:\\\/\\\/www.rassegnastampa-totustuus.it\\\/cattolica\\\/\"},{\"@type\":\"ListItem\",\"position\":2,\"name\":\"&#8221;Il grande Parvus&#8221;\"}]},{\"@type\":\"WebSite\",\"@id\":\"https:\\\/\\\/www.rassegnastampa-totustuus.it\\\/cattolica\\\/#website\",\"url\":\"https:\\\/\\\/www.rassegnastampa-totustuus.it\\\/cattolica\\\/\",\"name\":\"Rassegna Stampa Cattolica\",\"description\":\"Per una cultura che nasce dalla Rivelazione cristiana in conformit\u00e0 alla tradizione e al Magistero della Chiesa in opposizione ad ogni relativismo e totalitarismo\",\"publisher\":{\"@id\":\"https:\\\/\\\/www.rassegnastampa-totustuus.it\\\/cattolica\\\/#organization\"},\"alternateName\":\"Rass. Cattolica\",\"potentialAction\":[{\"@type\":\"SearchAction\",\"target\":{\"@type\":\"EntryPoint\",\"urlTemplate\":\"https:\\\/\\\/www.rassegnastampa-totustuus.it\\\/cattolica\\\/?s={search_term_string}\"},\"query-input\":{\"@type\":\"PropertyValueSpecification\",\"valueRequired\":true,\"valueName\":\"search_term_string\"}}],\"inLanguage\":\"it-IT\"},{\"@type\":\"Organization\",\"@id\":\"https:\\\/\\\/www.rassegnastampa-totustuus.it\\\/cattolica\\\/#organization\",\"name\":\"Rassegna Stampa Cattolica\",\"url\":\"https:\\\/\\\/www.rassegnastampa-totustuus.it\\\/cattolica\\\/\",\"logo\":{\"@type\":\"ImageObject\",\"inLanguage\":\"it-IT\",\"@id\":\"https:\\\/\\\/www.rassegnastampa-totustuus.it\\\/cattolica\\\/#\\\/schema\\\/logo\\\/image\\\/\",\"url\":\"https:\\\/\\\/www.rassegnastampa-totustuus.it\\\/cattolica\\\/wp-content\\\/uploads\\\/2014\\\/04\\\/logo-rassegna1.gif\",\"contentUrl\":\"https:\\\/\\\/www.rassegnastampa-totustuus.it\\\/cattolica\\\/wp-content\\\/uploads\\\/2014\\\/04\\\/logo-rassegna1.gif\",\"width\":600,\"height\":163,\"caption\":\"Rassegna Stampa Cattolica\"},\"image\":{\"@id\":\"https:\\\/\\\/www.rassegnastampa-totustuus.it\\\/cattolica\\\/#\\\/schema\\\/logo\\\/image\\\/\"},\"sameAs\":[\"https:\\\/\\\/www.facebook.com\\\/rassegnastampacattolica\",\"https:\\\/\\\/x.com\\\/rassegnastampa9\"]},{\"@type\":\"Person\",\"@id\":\"https:\\\/\\\/www.rassegnastampa-totustuus.it\\\/cattolica\\\/#\\\/schema\\\/person\\\/08f319d2bd1a0904ad9e2bfb7b15e5c3\",\"name\":\"Redazione\",\"image\":{\"@type\":\"ImageObject\",\"inLanguage\":\"it-IT\",\"@id\":\"https:\\\/\\\/secure.gravatar.com\\\/avatar\\\/2fcdf27c78ea025fbdb44e914cc63c72249ffec9dc8aafd5c82b26240ef3f346?s=96&d=mm&r=g\",\"url\":\"https:\\\/\\\/secure.gravatar.com\\\/avatar\\\/2fcdf27c78ea025fbdb44e914cc63c72249ffec9dc8aafd5c82b26240ef3f346?s=96&d=mm&r=g\",\"contentUrl\":\"https:\\\/\\\/secure.gravatar.com\\\/avatar\\\/2fcdf27c78ea025fbdb44e914cc63c72249ffec9dc8aafd5c82b26240ef3f346?s=96&d=mm&r=g\",\"caption\":\"Redazione\"},\"url\":\"https:\\\/\\\/www.rassegnastampa-totustuus.it\\\/cattolica\\\/author\\\/pietroelle\\\/\"}]}<\/script>\n<!-- \/ Yoast SEO plugin. -->","yoast_head_json":{"title":"''Il grande Parvus'' - Rassegna Stampa Cattolica","description":"'Il grande Parvus. La ricostruzione della figura di uno dei personaggi di maggior peso della Rivoluzione fra il secolo XIX e il XX,","robots":{"index":"index","follow":"follow","max-snippet":"max-snippet:-1","max-image-preview":"max-image-preview:large","max-video-preview":"max-video-preview:-1"},"canonical":"https:\/\/www.rassegnastampa-totustuus.it\/cattolica\/il-grande-parvus\/","og_locale":"it_IT","og_type":"article","og_title":"''Il grande Parvus'' - Rassegna Stampa Cattolica","og_description":"'Il grande Parvus. La ricostruzione della figura di uno dei personaggi di maggior peso della Rivoluzione fra il secolo XIX e il XX,","og_url":"https:\/\/www.rassegnastampa-totustuus.it\/cattolica\/il-grande-parvus\/","og_site_name":"Rassegna Stampa Cattolica","article_publisher":"https:\/\/www.facebook.com\/rassegnastampacattolica","article_published_time":"2005-06-14T09:38:57+00:00","article_modified_time":"2025-03-11T14:33:43+00:00","og_image":[{"width":200,"height":329,"url":"https:\/\/www.rassegnastampa-totustuus.it\/cattolica\/wp-content\/uploads\/2005\/06\/parvus.jpg","type":"image\/jpeg"}],"author":"Redazione","twitter_card":"summary_large_image","twitter_creator":"@rassegnastampa9","twitter_site":"@rassegnastampa9","twitter_misc":{"Scritto da":"Redazione","Tempo di lettura stimato":"16 minuti"},"schema":{"@context":"https:\/\/schema.org","@graph":[{"@type":"Article","@id":"https:\/\/www.rassegnastampa-totustuus.it\/cattolica\/il-grande-parvus\/#article","isPartOf":{"@id":"https:\/\/www.rassegnastampa-totustuus.it\/cattolica\/il-grande-parvus\/"},"author":{"name":"Redazione","@id":"https:\/\/www.rassegnastampa-totustuus.it\/cattolica\/#\/schema\/person\/08f319d2bd1a0904ad9e2bfb7b15e5c3"},"headline":"&#8221;Il grande Parvus&#8221;","datePublished":"2005-06-14T09:38:57+00:00","dateModified":"2025-03-11T14:33:43+00:00","mainEntityOfPage":{"@id":"https:\/\/www.rassegnastampa-totustuus.it\/cattolica\/il-grande-parvus\/"},"wordCount":2860,"commentCount":0,"publisher":{"@id":"https:\/\/www.rassegnastampa-totustuus.it\/cattolica\/#organization"},"image":{"@id":"https:\/\/www.rassegnastampa-totustuus.it\/cattolica\/il-grande-parvus\/#primaryimage"},"thumbnailUrl":"https:\/\/www.rassegnastampa-totustuus.it\/cattolica\/wp-content\/uploads\/2005\/06\/parvus.jpg","keywords":["Parvus","socialismo"],"articleSection":["Comunismo","Personaggi"],"inLanguage":"it-IT","potentialAction":[{"@type":"CommentAction","name":"Comment","target":["https:\/\/www.rassegnastampa-totustuus.it\/cattolica\/il-grande-parvus\/#respond"]}]},{"@type":"WebPage","@id":"https:\/\/www.rassegnastampa-totustuus.it\/cattolica\/il-grande-parvus\/","url":"https:\/\/www.rassegnastampa-totustuus.it\/cattolica\/il-grande-parvus\/","name":"''Il grande Parvus'' - Rassegna Stampa Cattolica","isPartOf":{"@id":"https:\/\/www.rassegnastampa-totustuus.it\/cattolica\/#website"},"primaryImageOfPage":{"@id":"https:\/\/www.rassegnastampa-totustuus.it\/cattolica\/il-grande-parvus\/#primaryimage"},"image":{"@id":"https:\/\/www.rassegnastampa-totustuus.it\/cattolica\/il-grande-parvus\/#primaryimage"},"thumbnailUrl":"https:\/\/www.rassegnastampa-totustuus.it\/cattolica\/wp-content\/uploads\/2005\/06\/parvus.jpg","datePublished":"2005-06-14T09:38:57+00:00","dateModified":"2025-03-11T14:33:43+00:00","description":"'Il grande Parvus. La ricostruzione della figura di uno dei personaggi di maggior peso della Rivoluzione fra il secolo XIX e il XX,","breadcrumb":{"@id":"https:\/\/www.rassegnastampa-totustuus.it\/cattolica\/il-grande-parvus\/#breadcrumb"},"inLanguage":"it-IT","potentialAction":[{"@type":"ReadAction","target":["https:\/\/www.rassegnastampa-totustuus.it\/cattolica\/il-grande-parvus\/"]}]},{"@type":"ImageObject","inLanguage":"it-IT","@id":"https:\/\/www.rassegnastampa-totustuus.it\/cattolica\/il-grande-parvus\/#primaryimage","url":"https:\/\/www.rassegnastampa-totustuus.it\/cattolica\/wp-content\/uploads\/2005\/06\/parvus.jpg","contentUrl":"https:\/\/www.rassegnastampa-totustuus.it\/cattolica\/wp-content\/uploads\/2005\/06\/parvus.jpg","width":200,"height":329},{"@type":"BreadcrumbList","@id":"https:\/\/www.rassegnastampa-totustuus.it\/cattolica\/il-grande-parvus\/#breadcrumb","itemListElement":[{"@type":"ListItem","position":1,"name":"Home","item":"https:\/\/www.rassegnastampa-totustuus.it\/cattolica\/"},{"@type":"ListItem","position":2,"name":"&#8221;Il grande Parvus&#8221;"}]},{"@type":"WebSite","@id":"https:\/\/www.rassegnastampa-totustuus.it\/cattolica\/#website","url":"https:\/\/www.rassegnastampa-totustuus.it\/cattolica\/","name":"Rassegna Stampa Cattolica","description":"Per una cultura che nasce dalla Rivelazione cristiana in conformit\u00e0 alla tradizione e al Magistero della Chiesa in opposizione ad ogni relativismo e totalitarismo","publisher":{"@id":"https:\/\/www.rassegnastampa-totustuus.it\/cattolica\/#organization"},"alternateName":"Rass. Cattolica","potentialAction":[{"@type":"SearchAction","target":{"@type":"EntryPoint","urlTemplate":"https:\/\/www.rassegnastampa-totustuus.it\/cattolica\/?s={search_term_string}"},"query-input":{"@type":"PropertyValueSpecification","valueRequired":true,"valueName":"search_term_string"}}],"inLanguage":"it-IT"},{"@type":"Organization","@id":"https:\/\/www.rassegnastampa-totustuus.it\/cattolica\/#organization","name":"Rassegna Stampa Cattolica","url":"https:\/\/www.rassegnastampa-totustuus.it\/cattolica\/","logo":{"@type":"ImageObject","inLanguage":"it-IT","@id":"https:\/\/www.rassegnastampa-totustuus.it\/cattolica\/#\/schema\/logo\/image\/","url":"https:\/\/www.rassegnastampa-totustuus.it\/cattolica\/wp-content\/uploads\/2014\/04\/logo-rassegna1.gif","contentUrl":"https:\/\/www.rassegnastampa-totustuus.it\/cattolica\/wp-content\/uploads\/2014\/04\/logo-rassegna1.gif","width":600,"height":163,"caption":"Rassegna Stampa Cattolica"},"image":{"@id":"https:\/\/www.rassegnastampa-totustuus.it\/cattolica\/#\/schema\/logo\/image\/"},"sameAs":["https:\/\/www.facebook.com\/rassegnastampacattolica","https:\/\/x.com\/rassegnastampa9"]},{"@type":"Person","@id":"https:\/\/www.rassegnastampa-totustuus.it\/cattolica\/#\/schema\/person\/08f319d2bd1a0904ad9e2bfb7b15e5c3","name":"Redazione","image":{"@type":"ImageObject","inLanguage":"it-IT","@id":"https:\/\/secure.gravatar.com\/avatar\/2fcdf27c78ea025fbdb44e914cc63c72249ffec9dc8aafd5c82b26240ef3f346?s=96&d=mm&r=g","url":"https:\/\/secure.gravatar.com\/avatar\/2fcdf27c78ea025fbdb44e914cc63c72249ffec9dc8aafd5c82b26240ef3f346?s=96&d=mm&r=g","contentUrl":"https:\/\/secure.gravatar.com\/avatar\/2fcdf27c78ea025fbdb44e914cc63c72249ffec9dc8aafd5c82b26240ef3f346?s=96&d=mm&r=g","caption":"Redazione"},"url":"https:\/\/www.rassegnastampa-totustuus.it\/cattolica\/author\/pietroelle\/"}]}},"_links":{"self":[{"href":"https:\/\/www.rassegnastampa-totustuus.it\/cattolica\/wp-json\/wp\/v2\/posts\/719","targetHints":{"allow":["GET"]}}],"collection":[{"href":"https:\/\/www.rassegnastampa-totustuus.it\/cattolica\/wp-json\/wp\/v2\/posts"}],"about":[{"href":"https:\/\/www.rassegnastampa-totustuus.it\/cattolica\/wp-json\/wp\/v2\/types\/post"}],"author":[{"embeddable":true,"href":"https:\/\/www.rassegnastampa-totustuus.it\/cattolica\/wp-json\/wp\/v2\/users\/6"}],"replies":[{"embeddable":true,"href":"https:\/\/www.rassegnastampa-totustuus.it\/cattolica\/wp-json\/wp\/v2\/comments?post=719"}],"version-history":[{"count":3,"href":"https:\/\/www.rassegnastampa-totustuus.it\/cattolica\/wp-json\/wp\/v2\/posts\/719\/revisions"}],"predecessor-version":[{"id":62299,"href":"https:\/\/www.rassegnastampa-totustuus.it\/cattolica\/wp-json\/wp\/v2\/posts\/719\/revisions\/62299"}],"wp:featuredmedia":[{"embeddable":true,"href":"https:\/\/www.rassegnastampa-totustuus.it\/cattolica\/wp-json\/wp\/v2\/media\/35839"}],"wp:attachment":[{"href":"https:\/\/www.rassegnastampa-totustuus.it\/cattolica\/wp-json\/wp\/v2\/media?parent=719"}],"wp:term":[{"taxonomy":"category","embeddable":true,"href":"https:\/\/www.rassegnastampa-totustuus.it\/cattolica\/wp-json\/wp\/v2\/categories?post=719"},{"taxonomy":"post_tag","embeddable":true,"href":"https:\/\/www.rassegnastampa-totustuus.it\/cattolica\/wp-json\/wp\/v2\/tags?post=719"}],"curies":[{"name":"wp","href":"https:\/\/api.w.org\/{rel}","templated":true}]}}