{"id":718,"date":"2005-06-14T11:33:44","date_gmt":"2005-06-14T09:33:44","guid":{"rendered":""},"modified":"2025-03-11T15:40:46","modified_gmt":"2025-03-11T14:40:46","slug":"la-societ-aperta-prepara-la-globalizzazione-totalitaria","status":"publish","type":"post","link":"https:\/\/www.rassegnastampa-totustuus.it\/cattolica\/la-societ-aperta-prepara-la-globalizzazione-totalitaria\/","title":{"rendered":"La \u201csociet&agrave; aperta\u201d prepara la globalizzazione totalitaria?"},"content":{"rendered":"\n<p class=\"has-text-align-center\">Articolo pubblicato su <a href=\"https:\/\/www.secoloditalia.it\/\" target=\"_blank\" rel=\"noreferrer noopener\"><strong>Il Secolo d\u2019Italia<\/strong> <\/a>il 13aprile 1999<\/p>\n\n\n\n<p class=\"has-text-align-center\">di <strong>Antonio Sacc\u00e0 <\/strong><\/p>\n\n\n\n<p>E\u2019 interessante compiere un\u2019operazione in voga nel recente passato, quella di cogliere sociologicamente la fortuna di un autore. Sarebbe interessante capire perch\u00e9 Karl Popper conosce oggi una nuova fortuna, soprattutto da parte di coloro i quali ritengono una conquista del pensiero la teorizzazione della &#8220;societ\u00e0 aperta&#8221;.<\/p>\n\n\n<div class=\"wp-block-image\">\n<figure class=\"aligncenter size-full is-resized\"><a href=\"https:\/\/www.rassegnastampa-totustuus.it\/cattolica\/wp-content\/uploads\/2016\/09\/open_society.png\"><img loading=\"lazy\" decoding=\"async\" width=\"255\" height=\"197\" src=\"https:\/\/www.rassegnastampa-totustuus.it\/cattolica\/wp-content\/uploads\/2016\/09\/open_society.png\" alt=\"\" class=\"wp-image-36312\" style=\"width:317px;height:auto\"\/><\/a><\/figure><\/div>\n\n\n<!--more-->\n\n\n\n<p>In realt\u00e0 la societ\u00e0 aperta va collocata in un determinato momento della storia, nel momento in cui i totalitarismi si affermavano e con i totalitarismi si affermava la negazione di ogni critica, del valore dell\u2019individuo, della comprensione tra culture. In questo senso la societ\u00e0 aperta, se considerata come opposizione al totalitarismo, \u00e8 una rilevante teorizzazione dell\u2019uomo che libera il pensiero e lo critica da se stesso, dell\u2019uomo che sa proporre e opporsi alla proposizione e quindi \u00e8 esattamente il contrario del totalitarismo, eminentemente affermativo e unilaterale.<\/p>\n\n\n\n<p>Ma Popper non si limit\u00f2 a questa concezione della societ\u00e0 aperta. Arriv\u00f2 a concepire un cosmopolitismo disseminato di individui, un cosmopolitismo individualistico, concezione la quale forma l\u2019ossatura teorica del cosiddetto individualismo metodologico, a cui contribuirono lo stesso Popper, Von Hayek, Von Mises, Raymond Bourdon e altri. Il salto dalla societ\u00e0 aperta all\u2019individualismo metodologico \u00e8 gravido di conseguenze.<\/p>\n\n\n<div class=\"wp-block-image\">\n<figure class=\"aligncenter size-full is-resized\"><a href=\"https:\/\/www.rassegnastampa-totustuus.it\/cattolica\/wp-content\/uploads\/2022\/06\/george_soros_open_society.jpg\"><img loading=\"lazy\" decoding=\"async\" width=\"450\" height=\"623\" src=\"https:\/\/www.rassegnastampa-totustuus.it\/cattolica\/wp-content\/uploads\/2022\/06\/george_soros_open_society.jpg\" alt=\"\" class=\"wp-image-54238\" style=\"width:170px;height:auto\" srcset=\"https:\/\/www.rassegnastampa-totustuus.it\/cattolica\/wp-content\/uploads\/2022\/06\/george_soros_open_society.jpg 450w, https:\/\/www.rassegnastampa-totustuus.it\/cattolica\/wp-content\/uploads\/2022\/06\/george_soros_open_society-217x300.jpg 217w\" sizes=\"auto, (max-width: 450px) 100vw, 450px\" \/><\/a><\/figure><\/div>\n\n\n<p>Se possiamo accettare l\u2019opinione che l\u2019individuo non debba essere funzione al sistema e debba mantenere un senso critico nei confronti della funzionalit\u00e0 del sistema e della possibilit\u00e0 totalizzante di esso, ben diversa \u00e8 la concezione che rende l\u2019individuo la figura centrale della realt\u00e0 al punto che i corpi intermedi sono puramente nominalistici e, in sostanza, non reali. La famiglia, le aggregazioni sociali, lo Stato, la Nazione, divengono entit\u00e0 evanescenti che non hanno il diritto di esistere perch\u00e9, lo dicevo, l\u2019unica entit\u00e0 che abbia diritto di esistere \u00e8 l\u2019individuo.<\/p>\n\n\n\n<p>Ancora una volta possiamo comprendere che l\u2019opposizione al nazionalismo totalizzante abbia fatto di Popper l\u2019avversario dei corpi intermedi; egli considerava un corpo intermedio, in grande, perfino lo Stato nazionale. Ma cos\u00ec dissolviamo l\u2019uomo in un pulviscolo di individui, cos\u00ec vi \u00e8 la negazione assoluta della tradizione, della storia medesima, l\u2019individuo diventa una astrazione che ha perfino difficolt\u00e0 ad avere rapporti con l\u2019altro individuo, tanto l\u2019individuo \u00e8 esclusivamente individuo. Si avrebbe una sorta di nichilismo per eccesso di concretezza, ossia: per poter trovare la radice reale nell\u2019individuo si finisce con l\u2019isolarlo e quindi con il renderlo inconsistente.<\/p>\n\n\n\n<p>Ma questo individualismo pulviscolare e cosmopolita, senza frontiere, senza barriere, sena strutture di riferimento, senza istituzioni finisce poi con l\u2019essere perfetta anticipazione del globalismo almeno come si presenta ai teorici pi\u00f9 avvertiti di esso e non in coloro che credono che il globalismo sia soltanto l\u2019apertura dei mercati, l\u2019avanzamento tecnologico, l\u2019accrescimento produttivo, il benessere mondiale, e ottimismi del genere. In realt\u00e0 la globalizzazione \u00e8 l\u2019estinzione, l\u2019uccisione, oserei dire, di qualsiasi corpo intermedio e per corpo intermedio intendo perfino gli Stati nazionali.<\/p>\n\n\n\n<p>Al globalismo non \u00e8 lecito avere entit\u00e0 che gli si oppongono, esso vuole universalizzare il suo modello: il libero mercato, l\u2019avanzamento tecnologico, l\u2019elevazione massima del profitto e non accetta che vi siano Paesi in cui queste innovazioni, faccio per dire, non vengano attuate. S\u00ec, che rompe ogni barriera nazionale e perfino religiosa, con il New Age.<\/p>\n\n\n\n<p>Ora, \u00e8 difficile stabilire un rapporto esplicito tra filosofie e forze sociali, di sicuro per\u00f2 nell\u2019individualismo metodologico di Popper e nella sua negazione di ogni ostacolo, corpo intermedio, vita nazionale, sovranit\u00e0 statale e nella riduzione del mondo a una presenza tentacolare di piccoli individui uno separato dall\u2019altro, il globalismo trova una perfetta dimensione per la sua concezione.<\/p>\n\n\n\n<p>Tutto il mondo come un\u2019entit\u00e0 unica , tutto il mondo con regole uguali, tutto il mondo fatto di individui senza societ\u00e0, di societ\u00e0 senza nazione, di nazioni senza stati: \u00e8 in questa maniera c\u2019\u00e8 la globalizzazione. E\u2019 un fenomeno gi\u00e0 studiato: gli eventi globali hanno sempre bisogno della frammentazione degli individui in quanto gli individui frammentati non resistono alla potenza della globalit\u00e0, dell\u2019inglobamento.<\/p>\n\n\n\n<p>Da tale punto di vista bisogna riconoscere che le concezioni di Popper (e ne fa una puntigliosa ricostruzione Malachi Ahim Achoen ne suo &#8220;Karl Popper in esilio&#8221;, con prefazione di Dario Antiseri, Rubbettino Editore), se ci salviamo dal totalitarismo degli Stati ci condannano al totalitarismo della globalizzazione.<\/p>\n\n\n\n<p>Anzi, divengono le concezioni dell\u2019asservimento pi\u00f9 grave che l\u2019umanit\u00e0 potrebbe conoscere: l\u2019uniformit\u00e0 e la distruzione delle culture, delle differenze, considerate anomalie da sopraffare con un unico modello, quello dell\u2019efficienza produttivistica. Per essere chiari: il globalismo non \u00e8 da condannare per il suo efficientismo economico, \u00e8 da condannare perch\u00e9 vede soltanto efficientismo economico. D\u2019altro canto una volta abolita come segno di chiusura e di inconsistenza la cultura specifica, sociale e nazionale, come difendersi? Incredibile che Popper non si sia posto il problema!<\/p>\n","protected":false},"excerpt":{"rendered":"<p>Articolo pubblicato su Il Secolo d\u2019Italia il 13aprile 1999 di Antonio Sacc\u00e0 E\u2019 interessante compiere un\u2019operazione in voga nel recente passato, quella di cogliere sociologicamente la fortuna di un autore. Sarebbe interessante capire perch\u00e9 Karl Popper conosce oggi una nuova fortuna, soprattutto da parte di coloro i quali ritengono una conquista del pensiero la teorizzazione &hellip; <\/p>\n<p><a class=\"more-link btn\" href=\"https:\/\/www.rassegnastampa-totustuus.it\/cattolica\/la-societ-aperta-prepara-la-globalizzazione-totalitaria\/\">Continua a leggere<\/a><\/p>\n","protected":false},"author":6,"featured_media":36312,"comment_status":"closed","ping_status":"open","sticky":false,"template":"","format":"standard","meta":{"footnotes":""},"categories":[61],"tags":[648,649],"class_list":["post-718","post","type-post","status-publish","format-standard","has-post-thumbnail","hentry","category-mondialismo-e-globalizzazione","tag-globalizzazione","tag-societa-aperta","item-wrap"],"yoast_head":"<!-- This site is optimized with the Yoast SEO plugin v27.5 - https:\/\/yoast.com\/product\/yoast-seo-wordpress\/ -->\n<title>La \u201csociet&agrave; aperta\u201d prepara la globalizzazione totalitaria? - Rassegna Stampa Cattolica<\/title>\n<meta name=\"description\" content=\"La \u201csociet\u00e0 aperta\u201d prepara la globalizzazione totalitaria? In un libro di Karl Popper la teorizzazione di questa ideologia\" \/>\n<meta name=\"robots\" content=\"index, follow, max-snippet:-1, max-image-preview:large, max-video-preview:-1\" \/>\n<link rel=\"canonical\" href=\"https:\/\/www.rassegnastampa-totustuus.it\/cattolica\/la-societ-aperta-prepara-la-globalizzazione-totalitaria\/\" \/>\n<meta property=\"og:locale\" content=\"it_IT\" \/>\n<meta property=\"og:type\" content=\"article\" \/>\n<meta property=\"og:title\" content=\"La \u201csociet&agrave; aperta\u201d prepara la globalizzazione totalitaria? - Rassegna Stampa Cattolica\" \/>\n<meta property=\"og:description\" content=\"La \u201csociet\u00e0 aperta\u201d prepara la globalizzazione totalitaria? In un libro di Karl Popper la teorizzazione di questa ideologia\" \/>\n<meta property=\"og:url\" content=\"https:\/\/www.rassegnastampa-totustuus.it\/cattolica\/la-societ-aperta-prepara-la-globalizzazione-totalitaria\/\" \/>\n<meta property=\"og:site_name\" content=\"Rassegna Stampa Cattolica\" \/>\n<meta property=\"article:publisher\" content=\"https:\/\/www.facebook.com\/rassegnastampacattolica\" \/>\n<meta property=\"article:published_time\" content=\"2005-06-14T09:33:44+00:00\" \/>\n<meta property=\"article:modified_time\" content=\"2025-03-11T14:40:46+00:00\" \/>\n<meta property=\"og:image\" content=\"https:\/\/www.rassegnastampa-totustuus.it\/cattolica\/wp-content\/uploads\/2016\/09\/open_society.png\" \/>\n\t<meta property=\"og:image:width\" content=\"255\" \/>\n\t<meta property=\"og:image:height\" content=\"197\" \/>\n\t<meta property=\"og:image:type\" content=\"image\/png\" \/>\n<meta name=\"author\" content=\"Redazione\" \/>\n<meta name=\"twitter:card\" content=\"summary_large_image\" \/>\n<meta name=\"twitter:creator\" content=\"@rassegnastampa9\" \/>\n<meta name=\"twitter:site\" content=\"@rassegnastampa9\" \/>\n<meta name=\"twitter:label1\" content=\"Scritto da\" \/>\n\t<meta name=\"twitter:data1\" content=\"Redazione\" \/>\n\t<meta name=\"twitter:label2\" content=\"Tempo di lettura stimato\" \/>\n\t<meta name=\"twitter:data2\" content=\"5 minuti\" \/>\n<script type=\"application\/ld+json\" class=\"yoast-schema-graph\">{\"@context\":\"https:\\\/\\\/schema.org\",\"@graph\":[{\"@type\":\"Article\",\"@id\":\"https:\\\/\\\/www.rassegnastampa-totustuus.it\\\/cattolica\\\/la-societ-aperta-prepara-la-globalizzazione-totalitaria\\\/#article\",\"isPartOf\":{\"@id\":\"https:\\\/\\\/www.rassegnastampa-totustuus.it\\\/cattolica\\\/la-societ-aperta-prepara-la-globalizzazione-totalitaria\\\/\"},\"author\":{\"name\":\"Redazione\",\"@id\":\"https:\\\/\\\/www.rassegnastampa-totustuus.it\\\/cattolica\\\/#\\\/schema\\\/person\\\/08f319d2bd1a0904ad9e2bfb7b15e5c3\"},\"headline\":\"La \u201csociet&agrave; aperta\u201d prepara la globalizzazione totalitaria?\",\"datePublished\":\"2005-06-14T09:33:44+00:00\",\"dateModified\":\"2025-03-11T14:40:46+00:00\",\"mainEntityOfPage\":{\"@id\":\"https:\\\/\\\/www.rassegnastampa-totustuus.it\\\/cattolica\\\/la-societ-aperta-prepara-la-globalizzazione-totalitaria\\\/\"},\"wordCount\":800,\"publisher\":{\"@id\":\"https:\\\/\\\/www.rassegnastampa-totustuus.it\\\/cattolica\\\/#organization\"},\"image\":{\"@id\":\"https:\\\/\\\/www.rassegnastampa-totustuus.it\\\/cattolica\\\/la-societ-aperta-prepara-la-globalizzazione-totalitaria\\\/#primaryimage\"},\"thumbnailUrl\":\"https:\\\/\\\/www.rassegnastampa-totustuus.it\\\/cattolica\\\/wp-content\\\/uploads\\\/2016\\\/09\\\/open_society.png\",\"keywords\":[\"globalizzazione\",\"societ\u00e0 aperta\"],\"articleSection\":[\"Mondialismo\"],\"inLanguage\":\"it-IT\"},{\"@type\":\"WebPage\",\"@id\":\"https:\\\/\\\/www.rassegnastampa-totustuus.it\\\/cattolica\\\/la-societ-aperta-prepara-la-globalizzazione-totalitaria\\\/\",\"url\":\"https:\\\/\\\/www.rassegnastampa-totustuus.it\\\/cattolica\\\/la-societ-aperta-prepara-la-globalizzazione-totalitaria\\\/\",\"name\":\"La \u201csociet&agrave; aperta\u201d prepara la globalizzazione totalitaria? - Rassegna Stampa Cattolica\",\"isPartOf\":{\"@id\":\"https:\\\/\\\/www.rassegnastampa-totustuus.it\\\/cattolica\\\/#website\"},\"primaryImageOfPage\":{\"@id\":\"https:\\\/\\\/www.rassegnastampa-totustuus.it\\\/cattolica\\\/la-societ-aperta-prepara-la-globalizzazione-totalitaria\\\/#primaryimage\"},\"image\":{\"@id\":\"https:\\\/\\\/www.rassegnastampa-totustuus.it\\\/cattolica\\\/la-societ-aperta-prepara-la-globalizzazione-totalitaria\\\/#primaryimage\"},\"thumbnailUrl\":\"https:\\\/\\\/www.rassegnastampa-totustuus.it\\\/cattolica\\\/wp-content\\\/uploads\\\/2016\\\/09\\\/open_society.png\",\"datePublished\":\"2005-06-14T09:33:44+00:00\",\"dateModified\":\"2025-03-11T14:40:46+00:00\",\"description\":\"La \u201csociet\u00e0 aperta\u201d prepara la globalizzazione totalitaria? In un libro di Karl Popper la teorizzazione di questa ideologia\",\"breadcrumb\":{\"@id\":\"https:\\\/\\\/www.rassegnastampa-totustuus.it\\\/cattolica\\\/la-societ-aperta-prepara-la-globalizzazione-totalitaria\\\/#breadcrumb\"},\"inLanguage\":\"it-IT\",\"potentialAction\":[{\"@type\":\"ReadAction\",\"target\":[\"https:\\\/\\\/www.rassegnastampa-totustuus.it\\\/cattolica\\\/la-societ-aperta-prepara-la-globalizzazione-totalitaria\\\/\"]}]},{\"@type\":\"ImageObject\",\"inLanguage\":\"it-IT\",\"@id\":\"https:\\\/\\\/www.rassegnastampa-totustuus.it\\\/cattolica\\\/la-societ-aperta-prepara-la-globalizzazione-totalitaria\\\/#primaryimage\",\"url\":\"https:\\\/\\\/www.rassegnastampa-totustuus.it\\\/cattolica\\\/wp-content\\\/uploads\\\/2016\\\/09\\\/open_society.png\",\"contentUrl\":\"https:\\\/\\\/www.rassegnastampa-totustuus.it\\\/cattolica\\\/wp-content\\\/uploads\\\/2016\\\/09\\\/open_society.png\",\"width\":255,\"height\":197},{\"@type\":\"BreadcrumbList\",\"@id\":\"https:\\\/\\\/www.rassegnastampa-totustuus.it\\\/cattolica\\\/la-societ-aperta-prepara-la-globalizzazione-totalitaria\\\/#breadcrumb\",\"itemListElement\":[{\"@type\":\"ListItem\",\"position\":1,\"name\":\"Home\",\"item\":\"https:\\\/\\\/www.rassegnastampa-totustuus.it\\\/cattolica\\\/\"},{\"@type\":\"ListItem\",\"position\":2,\"name\":\"La \u201csociet&agrave; aperta\u201d prepara la globalizzazione totalitaria?\"}]},{\"@type\":\"WebSite\",\"@id\":\"https:\\\/\\\/www.rassegnastampa-totustuus.it\\\/cattolica\\\/#website\",\"url\":\"https:\\\/\\\/www.rassegnastampa-totustuus.it\\\/cattolica\\\/\",\"name\":\"Rassegna Stampa Cattolica\",\"description\":\"Per una cultura che nasce dalla Rivelazione cristiana in conformit\u00e0 alla tradizione e al Magistero della Chiesa in opposizione ad ogni relativismo e totalitarismo\",\"publisher\":{\"@id\":\"https:\\\/\\\/www.rassegnastampa-totustuus.it\\\/cattolica\\\/#organization\"},\"alternateName\":\"Rass. Cattolica\",\"potentialAction\":[{\"@type\":\"SearchAction\",\"target\":{\"@type\":\"EntryPoint\",\"urlTemplate\":\"https:\\\/\\\/www.rassegnastampa-totustuus.it\\\/cattolica\\\/?s={search_term_string}\"},\"query-input\":{\"@type\":\"PropertyValueSpecification\",\"valueRequired\":true,\"valueName\":\"search_term_string\"}}],\"inLanguage\":\"it-IT\"},{\"@type\":\"Organization\",\"@id\":\"https:\\\/\\\/www.rassegnastampa-totustuus.it\\\/cattolica\\\/#organization\",\"name\":\"Rassegna Stampa Cattolica\",\"url\":\"https:\\\/\\\/www.rassegnastampa-totustuus.it\\\/cattolica\\\/\",\"logo\":{\"@type\":\"ImageObject\",\"inLanguage\":\"it-IT\",\"@id\":\"https:\\\/\\\/www.rassegnastampa-totustuus.it\\\/cattolica\\\/#\\\/schema\\\/logo\\\/image\\\/\",\"url\":\"https:\\\/\\\/www.rassegnastampa-totustuus.it\\\/cattolica\\\/wp-content\\\/uploads\\\/2014\\\/04\\\/logo-rassegna1.gif\",\"contentUrl\":\"https:\\\/\\\/www.rassegnastampa-totustuus.it\\\/cattolica\\\/wp-content\\\/uploads\\\/2014\\\/04\\\/logo-rassegna1.gif\",\"width\":600,\"height\":163,\"caption\":\"Rassegna Stampa Cattolica\"},\"image\":{\"@id\":\"https:\\\/\\\/www.rassegnastampa-totustuus.it\\\/cattolica\\\/#\\\/schema\\\/logo\\\/image\\\/\"},\"sameAs\":[\"https:\\\/\\\/www.facebook.com\\\/rassegnastampacattolica\",\"https:\\\/\\\/x.com\\\/rassegnastampa9\"]},{\"@type\":\"Person\",\"@id\":\"https:\\\/\\\/www.rassegnastampa-totustuus.it\\\/cattolica\\\/#\\\/schema\\\/person\\\/08f319d2bd1a0904ad9e2bfb7b15e5c3\",\"name\":\"Redazione\",\"image\":{\"@type\":\"ImageObject\",\"inLanguage\":\"it-IT\",\"@id\":\"https:\\\/\\\/secure.gravatar.com\\\/avatar\\\/2fcdf27c78ea025fbdb44e914cc63c72249ffec9dc8aafd5c82b26240ef3f346?s=96&d=mm&r=g\",\"url\":\"https:\\\/\\\/secure.gravatar.com\\\/avatar\\\/2fcdf27c78ea025fbdb44e914cc63c72249ffec9dc8aafd5c82b26240ef3f346?s=96&d=mm&r=g\",\"contentUrl\":\"https:\\\/\\\/secure.gravatar.com\\\/avatar\\\/2fcdf27c78ea025fbdb44e914cc63c72249ffec9dc8aafd5c82b26240ef3f346?s=96&d=mm&r=g\",\"caption\":\"Redazione\"},\"url\":\"https:\\\/\\\/www.rassegnastampa-totustuus.it\\\/cattolica\\\/author\\\/pietroelle\\\/\"}]}<\/script>\n<!-- \/ Yoast SEO plugin. -->","yoast_head_json":{"title":"La \u201csociet&agrave; aperta\u201d prepara la globalizzazione totalitaria? - Rassegna Stampa Cattolica","description":"La \u201csociet\u00e0 aperta\u201d prepara la globalizzazione totalitaria? In un libro di Karl Popper la teorizzazione di questa ideologia","robots":{"index":"index","follow":"follow","max-snippet":"max-snippet:-1","max-image-preview":"max-image-preview:large","max-video-preview":"max-video-preview:-1"},"canonical":"https:\/\/www.rassegnastampa-totustuus.it\/cattolica\/la-societ-aperta-prepara-la-globalizzazione-totalitaria\/","og_locale":"it_IT","og_type":"article","og_title":"La \u201csociet&agrave; aperta\u201d prepara la globalizzazione totalitaria? - Rassegna Stampa Cattolica","og_description":"La \u201csociet\u00e0 aperta\u201d prepara la globalizzazione totalitaria? In un libro di Karl Popper la teorizzazione di questa ideologia","og_url":"https:\/\/www.rassegnastampa-totustuus.it\/cattolica\/la-societ-aperta-prepara-la-globalizzazione-totalitaria\/","og_site_name":"Rassegna Stampa Cattolica","article_publisher":"https:\/\/www.facebook.com\/rassegnastampacattolica","article_published_time":"2005-06-14T09:33:44+00:00","article_modified_time":"2025-03-11T14:40:46+00:00","og_image":[{"width":255,"height":197,"url":"https:\/\/www.rassegnastampa-totustuus.it\/cattolica\/wp-content\/uploads\/2016\/09\/open_society.png","type":"image\/png"}],"author":"Redazione","twitter_card":"summary_large_image","twitter_creator":"@rassegnastampa9","twitter_site":"@rassegnastampa9","twitter_misc":{"Scritto da":"Redazione","Tempo di lettura stimato":"5 minuti"},"schema":{"@context":"https:\/\/schema.org","@graph":[{"@type":"Article","@id":"https:\/\/www.rassegnastampa-totustuus.it\/cattolica\/la-societ-aperta-prepara-la-globalizzazione-totalitaria\/#article","isPartOf":{"@id":"https:\/\/www.rassegnastampa-totustuus.it\/cattolica\/la-societ-aperta-prepara-la-globalizzazione-totalitaria\/"},"author":{"name":"Redazione","@id":"https:\/\/www.rassegnastampa-totustuus.it\/cattolica\/#\/schema\/person\/08f319d2bd1a0904ad9e2bfb7b15e5c3"},"headline":"La \u201csociet&agrave; aperta\u201d prepara la globalizzazione totalitaria?","datePublished":"2005-06-14T09:33:44+00:00","dateModified":"2025-03-11T14:40:46+00:00","mainEntityOfPage":{"@id":"https:\/\/www.rassegnastampa-totustuus.it\/cattolica\/la-societ-aperta-prepara-la-globalizzazione-totalitaria\/"},"wordCount":800,"publisher":{"@id":"https:\/\/www.rassegnastampa-totustuus.it\/cattolica\/#organization"},"image":{"@id":"https:\/\/www.rassegnastampa-totustuus.it\/cattolica\/la-societ-aperta-prepara-la-globalizzazione-totalitaria\/#primaryimage"},"thumbnailUrl":"https:\/\/www.rassegnastampa-totustuus.it\/cattolica\/wp-content\/uploads\/2016\/09\/open_society.png","keywords":["globalizzazione","societ\u00e0 aperta"],"articleSection":["Mondialismo"],"inLanguage":"it-IT"},{"@type":"WebPage","@id":"https:\/\/www.rassegnastampa-totustuus.it\/cattolica\/la-societ-aperta-prepara-la-globalizzazione-totalitaria\/","url":"https:\/\/www.rassegnastampa-totustuus.it\/cattolica\/la-societ-aperta-prepara-la-globalizzazione-totalitaria\/","name":"La \u201csociet&agrave; aperta\u201d prepara la globalizzazione totalitaria? - Rassegna Stampa Cattolica","isPartOf":{"@id":"https:\/\/www.rassegnastampa-totustuus.it\/cattolica\/#website"},"primaryImageOfPage":{"@id":"https:\/\/www.rassegnastampa-totustuus.it\/cattolica\/la-societ-aperta-prepara-la-globalizzazione-totalitaria\/#primaryimage"},"image":{"@id":"https:\/\/www.rassegnastampa-totustuus.it\/cattolica\/la-societ-aperta-prepara-la-globalizzazione-totalitaria\/#primaryimage"},"thumbnailUrl":"https:\/\/www.rassegnastampa-totustuus.it\/cattolica\/wp-content\/uploads\/2016\/09\/open_society.png","datePublished":"2005-06-14T09:33:44+00:00","dateModified":"2025-03-11T14:40:46+00:00","description":"La \u201csociet\u00e0 aperta\u201d prepara la globalizzazione totalitaria? In un libro di Karl Popper la teorizzazione di questa ideologia","breadcrumb":{"@id":"https:\/\/www.rassegnastampa-totustuus.it\/cattolica\/la-societ-aperta-prepara-la-globalizzazione-totalitaria\/#breadcrumb"},"inLanguage":"it-IT","potentialAction":[{"@type":"ReadAction","target":["https:\/\/www.rassegnastampa-totustuus.it\/cattolica\/la-societ-aperta-prepara-la-globalizzazione-totalitaria\/"]}]},{"@type":"ImageObject","inLanguage":"it-IT","@id":"https:\/\/www.rassegnastampa-totustuus.it\/cattolica\/la-societ-aperta-prepara-la-globalizzazione-totalitaria\/#primaryimage","url":"https:\/\/www.rassegnastampa-totustuus.it\/cattolica\/wp-content\/uploads\/2016\/09\/open_society.png","contentUrl":"https:\/\/www.rassegnastampa-totustuus.it\/cattolica\/wp-content\/uploads\/2016\/09\/open_society.png","width":255,"height":197},{"@type":"BreadcrumbList","@id":"https:\/\/www.rassegnastampa-totustuus.it\/cattolica\/la-societ-aperta-prepara-la-globalizzazione-totalitaria\/#breadcrumb","itemListElement":[{"@type":"ListItem","position":1,"name":"Home","item":"https:\/\/www.rassegnastampa-totustuus.it\/cattolica\/"},{"@type":"ListItem","position":2,"name":"La \u201csociet&agrave; aperta\u201d prepara la globalizzazione totalitaria?"}]},{"@type":"WebSite","@id":"https:\/\/www.rassegnastampa-totustuus.it\/cattolica\/#website","url":"https:\/\/www.rassegnastampa-totustuus.it\/cattolica\/","name":"Rassegna Stampa Cattolica","description":"Per una cultura che nasce dalla Rivelazione cristiana in conformit\u00e0 alla tradizione e al Magistero della Chiesa in opposizione ad ogni relativismo e totalitarismo","publisher":{"@id":"https:\/\/www.rassegnastampa-totustuus.it\/cattolica\/#organization"},"alternateName":"Rass. Cattolica","potentialAction":[{"@type":"SearchAction","target":{"@type":"EntryPoint","urlTemplate":"https:\/\/www.rassegnastampa-totustuus.it\/cattolica\/?s={search_term_string}"},"query-input":{"@type":"PropertyValueSpecification","valueRequired":true,"valueName":"search_term_string"}}],"inLanguage":"it-IT"},{"@type":"Organization","@id":"https:\/\/www.rassegnastampa-totustuus.it\/cattolica\/#organization","name":"Rassegna Stampa Cattolica","url":"https:\/\/www.rassegnastampa-totustuus.it\/cattolica\/","logo":{"@type":"ImageObject","inLanguage":"it-IT","@id":"https:\/\/www.rassegnastampa-totustuus.it\/cattolica\/#\/schema\/logo\/image\/","url":"https:\/\/www.rassegnastampa-totustuus.it\/cattolica\/wp-content\/uploads\/2014\/04\/logo-rassegna1.gif","contentUrl":"https:\/\/www.rassegnastampa-totustuus.it\/cattolica\/wp-content\/uploads\/2014\/04\/logo-rassegna1.gif","width":600,"height":163,"caption":"Rassegna Stampa Cattolica"},"image":{"@id":"https:\/\/www.rassegnastampa-totustuus.it\/cattolica\/#\/schema\/logo\/image\/"},"sameAs":["https:\/\/www.facebook.com\/rassegnastampacattolica","https:\/\/x.com\/rassegnastampa9"]},{"@type":"Person","@id":"https:\/\/www.rassegnastampa-totustuus.it\/cattolica\/#\/schema\/person\/08f319d2bd1a0904ad9e2bfb7b15e5c3","name":"Redazione","image":{"@type":"ImageObject","inLanguage":"it-IT","@id":"https:\/\/secure.gravatar.com\/avatar\/2fcdf27c78ea025fbdb44e914cc63c72249ffec9dc8aafd5c82b26240ef3f346?s=96&d=mm&r=g","url":"https:\/\/secure.gravatar.com\/avatar\/2fcdf27c78ea025fbdb44e914cc63c72249ffec9dc8aafd5c82b26240ef3f346?s=96&d=mm&r=g","contentUrl":"https:\/\/secure.gravatar.com\/avatar\/2fcdf27c78ea025fbdb44e914cc63c72249ffec9dc8aafd5c82b26240ef3f346?s=96&d=mm&r=g","caption":"Redazione"},"url":"https:\/\/www.rassegnastampa-totustuus.it\/cattolica\/author\/pietroelle\/"}]}},"_links":{"self":[{"href":"https:\/\/www.rassegnastampa-totustuus.it\/cattolica\/wp-json\/wp\/v2\/posts\/718","targetHints":{"allow":["GET"]}}],"collection":[{"href":"https:\/\/www.rassegnastampa-totustuus.it\/cattolica\/wp-json\/wp\/v2\/posts"}],"about":[{"href":"https:\/\/www.rassegnastampa-totustuus.it\/cattolica\/wp-json\/wp\/v2\/types\/post"}],"author":[{"embeddable":true,"href":"https:\/\/www.rassegnastampa-totustuus.it\/cattolica\/wp-json\/wp\/v2\/users\/6"}],"replies":[{"embeddable":true,"href":"https:\/\/www.rassegnastampa-totustuus.it\/cattolica\/wp-json\/wp\/v2\/comments?post=718"}],"version-history":[{"count":4,"href":"https:\/\/www.rassegnastampa-totustuus.it\/cattolica\/wp-json\/wp\/v2\/posts\/718\/revisions"}],"predecessor-version":[{"id":62301,"href":"https:\/\/www.rassegnastampa-totustuus.it\/cattolica\/wp-json\/wp\/v2\/posts\/718\/revisions\/62301"}],"wp:featuredmedia":[{"embeddable":true,"href":"https:\/\/www.rassegnastampa-totustuus.it\/cattolica\/wp-json\/wp\/v2\/media\/36312"}],"wp:attachment":[{"href":"https:\/\/www.rassegnastampa-totustuus.it\/cattolica\/wp-json\/wp\/v2\/media?parent=718"}],"wp:term":[{"taxonomy":"category","embeddable":true,"href":"https:\/\/www.rassegnastampa-totustuus.it\/cattolica\/wp-json\/wp\/v2\/categories?post=718"},{"taxonomy":"post_tag","embeddable":true,"href":"https:\/\/www.rassegnastampa-totustuus.it\/cattolica\/wp-json\/wp\/v2\/tags?post=718"}],"curies":[{"name":"wp","href":"https:\/\/api.w.org\/{rel}","templated":true}]}}