{"id":706,"date":"2005-06-12T00:00:00","date_gmt":"2005-06-11T22:00:00","guid":{"rendered":""},"modified":"2025-02-19T14:14:03","modified_gmt":"2025-02-19T13:14:03","slug":"le-nuove-tribu-delleuropa","status":"publish","type":"post","link":"https:\/\/www.rassegnastampa-totustuus.it\/cattolica\/le-nuove-tribu-delleuropa\/","title":{"rendered":"Le nuove trib&ugrave; dell\u2019Europa"},"content":{"rendered":"\n<p class=\"has-text-align-center\">Articolo pubblicato su <strong><a href=\"https:\/\/www.ilgiornale.it\/\" target=\"_blank\" rel=\"noreferrer noopener\">Il Giornale <\/a><\/strong>del 10 settembre 2000<\/p>\n\n\n\n<p class=\"has-text-align-center\">di <strong>Marcello Veneziani <\/strong><\/p>\n\n\n\n<p>Giovanni Sartori \u00e8 il maestro di coloro che sanno nel regno della politica. Non insegna solo agli studenti ma anche agli studiosi, e vorrebbe impartire lezioni di politica non solo agli studenti e ai professori, ma anche ai politici. Il suo prestigio \u00e8 pari alla inapplicabilit\u00e0 dei suoi precetti: i politici sono infatti impermeabili ai teoremi del professore e ai suoi rimbrotti.<\/p>\n\n\n<div class=\"wp-block-image\">\n<figure class=\"aligncenter size-large is-resized\"><a href=\"https:\/\/www.rassegnastampa-totustuus.it\/cattolica\/wp-content\/uploads\/2019\/11\/immigrati.jpg\"><img loading=\"lazy\" decoding=\"async\" width=\"1024\" height=\"576\" src=\"https:\/\/www.rassegnastampa-totustuus.it\/cattolica\/wp-content\/uploads\/2019\/11\/immigrati-1024x576.jpg\" alt=\"\" class=\"wp-image-45215\" style=\"width:407px;height:auto\" srcset=\"https:\/\/www.rassegnastampa-totustuus.it\/cattolica\/wp-content\/uploads\/2019\/11\/immigrati-1024x576.jpg 1024w, https:\/\/www.rassegnastampa-totustuus.it\/cattolica\/wp-content\/uploads\/2019\/11\/immigrati-300x169.jpg 300w, https:\/\/www.rassegnastampa-totustuus.it\/cattolica\/wp-content\/uploads\/2019\/11\/immigrati-768x432.jpg 768w, https:\/\/www.rassegnastampa-totustuus.it\/cattolica\/wp-content\/uploads\/2019\/11\/immigrati.jpg 1920w\" sizes=\"auto, (max-width: 1024px) 100vw, 1024px\" \/><\/a><\/figure><\/div>\n\n\n<!--more-->\n\n\n\n<p>Il suo prestigio \u00e8 particolarmente accresciuto dalla sua collocazione geografica che in un paese provinciale come l\u2019Italia, con forte vocazione alla colonia, conta moltissimo: Sartori infatti appartiene come l\u2019economista Modigliani, il giornalista Furio Colombo per anni negli States, e pochi altri, alla cerchia privilegiata degli zii d\u2019America, ovvero dei maestri italiani con passaporto negli Usa. In un paese esterofilo come il nostro i pensieri in trasferta, come i goal in coppa, valgono il doppio. Figuriamoci poi quelli enunciati dagli States.<\/p>\n\n\n\n<p>Sartori ha generato negli studi politologici come Hegel una destra e una sinistra sartoriana. oltre che naturalmente un centro.Lui si tiene un po\u2019 super partes anche se le sue finestre sull\u2019Italia spiegano meglio dei suoi saggi la sua collocazione: egli scrive sul <em>Corriere della Sera <\/em>e su <em>l\u2019Espresso. <\/em>ovvero il giornale-istituzione con la fama dell\u2019equidistanza e il settimanale di orientamento collocato nettamente a sinistra.<\/p>\n\n\n\n<p>Ma il saggio che Sartori ha pubblicato in questi giorni mi pare tendenzialmente destrorso. E questo, lo confesso, mi fa piacere. Il libro \u00e8 piccolo e si legge d\u2019un fiato, come si suol dire stupidamente e spesso a sproposito: ma questa volta \u00e8 vero e la cosa non \u00e8 poi del tutto lusinghiera per un libro che ha la consistenza di un tascabile (tipo la collana <em>Il nocciolo <\/em>di Laterza) ma un prezzo di copertina tre volte superiore. <em>Pluralisrno, multiculturalismo e estranei, <\/em>edito da Rizzoli, evidentemente risente del cambio perdente della lira in dollari e royalties per il Professore (110 pagine scritte in corpo abbondante, lire 27mila).<\/p>\n\n\n<div class=\"wp-block-image\">\n<figure class=\"aligncenter size-large is-resized\"><a href=\"https:\/\/www.rassegnastampa-totustuus.it\/cattolica\/wp-content\/uploads\/2019\/07\/immigrazione.jpg\"><img loading=\"lazy\" decoding=\"async\" width=\"1024\" height=\"614\" src=\"https:\/\/www.rassegnastampa-totustuus.it\/cattolica\/wp-content\/uploads\/2019\/07\/immigrazione-1024x614.jpg\" alt=\"\" class=\"wp-image-43655\" style=\"width:433px;height:auto\" srcset=\"https:\/\/www.rassegnastampa-totustuus.it\/cattolica\/wp-content\/uploads\/2019\/07\/immigrazione-1024x614.jpg 1024w, https:\/\/www.rassegnastampa-totustuus.it\/cattolica\/wp-content\/uploads\/2019\/07\/immigrazione-300x180.jpg 300w, https:\/\/www.rassegnastampa-totustuus.it\/cattolica\/wp-content\/uploads\/2019\/07\/immigrazione-768x461.jpg 768w, https:\/\/www.rassegnastampa-totustuus.it\/cattolica\/wp-content\/uploads\/2019\/07\/immigrazione.jpg 1200w\" sizes=\"auto, (max-width: 1024px) 100vw, 1024px\" \/><\/a><\/figure><\/div>\n\n\n<p>Dicevo che il libro di Sartori segna una mezza svolta destrorsa dello studioso. Innanzitutto la polemica strisciante che percorre tutto il libro \u00e8 con il multiculturalismo di estrazione marxista, con il \u00abfasullo terzomondismo nel quale confluiscono sinistre e populismo cattolico\u00bb.<\/p>\n\n\n\n<p>In secondo luogo l\u2019atteggiamento di Sartori sull\u2019immigrazione \u00e8 improntato ad una certa severit\u00e0 e diffidenza e ad un parco uso di concessioni e aperture. In terzo luogo c\u2019\u00e8 una critica a chi vede razzismo dappertutto ed una rivalutazione delle comunit\u00e0 organiche. Se non fosse Sartori, non so come sarebbero state accolte riflessioni e affermazioni di questo tipo: \u00abL\u2019Europa \u00e8 sotto assedio, e oramai accoglie immigranti soprattutto perch\u00e9 non sa come fermarli\u00bb ma \u00abil problema non pu\u00f2 essere risolto e nemmeno attenuato dall\u2019accogliere pi\u00f9 immigrati. Gli entrati non servono a ridurre il numero degli entrandi; semmai servono a richiamarne di pi\u00f9\u00bb (pp.96-7).<\/p>\n\n\n\n<p>In particolare Sartori critica le sanatorie in massa e l\u2019indulgenza verso l\u2019immigrazione clandestina che resta, a suo parere, \u00abuna cattiva immigrazione\u00bb.<\/p>\n\n\n\n<p>In terzo luogo, Sartori respinge il teoremino in uso nel progressismo circa uno strisciante razzismo. Sartori nega che l\u2019Italia sia o possa diventare un paese razzista. Nega. in polemica con il ministro Turco, che estendere il diritto di voto possa prevenire atteggiamenti razzisti e nega che ci sia una discriminazione fondata sul colore della pelle o sulla povert\u00e0: gli asiatici, nota Sartori. sono entrati poverissimi ma non sono affatto disprezzati. E i neri, aggiungerei, sono visti con minor diffidenza dei bianchi albanesi o serbi; a dimostrazione che non \u00e8 questione di razze ma di maggiore disponibilit\u00e0 alla criminalit\u00e0. Resistere ad un\u2019invasione di immigrati non \u00e8 razzismo, dice Sartori.<\/p>\n\n\n\n<p>Ma \u00abammesso e non concesso che questo sia razzismo, allora la colpa di questo razzismo \u00e8 di chi lo ha creato\u00bb. L\u2019accusa di razzismo che \u00e8 in fondo oggi l\u2019architrave delle accuse che il progressismo rivolge ai suoi nemici, \u00e8 per Sartori \u00abun accusa sbrigativa. superficiale. che generalizza troppo, e che rischia di essere altamente controproducente. Chi viene denunziato come razzista senza esserlo, s\u2019infuria, e magari finisce per diventarlo davvero\u00bb.<\/p>\n\n\n<div class=\"wp-block-image\">\n<figure class=\"aligncenter size-full is-resized\"><a href=\"https:\/\/www.rassegnastampa-totustuus.it\/cattolica\/wp-content\/uploads\/2009\/06\/multiculturalismo.jpg\"><img loading=\"lazy\" decoding=\"async\" width=\"268\" height=\"188\" src=\"https:\/\/www.rassegnastampa-totustuus.it\/cattolica\/wp-content\/uploads\/2009\/06\/multiculturalismo.jpg\" alt=\"\" class=\"wp-image-26756\" style=\"width:408px;height:auto\"\/><\/a><\/figure><\/div>\n\n\n<p>Sartori contesta il progetto multiculturale che, a suo dire, pu\u00f2 solo approdare a un \u00abSistema di trib\u00f9\u00bb, a separazioni culturali disintegranti, non integranti. E nota che il criterio principe per assorbire gli immigrati \u00e8 la reciprocit\u00e0: ti accogliamo e ti tolleriamo a condizione che tu non ti senta estraneo e ostile alla nostra societ\u00e0, alle sue leggi, ai suoi valori. La vera difficile compatibilit\u00e0 resta per Sartori con gli islamici che hanno una visione del mondo teocratica, opposta a quella occidentale.<\/p>\n\n\n\n<p>Ma la vera \u00abscoperta\u00bb in questo libro di Sartori \u00e8 la comunit\u00e0. Il politologo nota che quando la sovrastruttura (la nazione, lo Stato sovrano, l\u2019impero) si disgrega, torniamo inevitabilmente all\u2019infrastruttura primordiale, la comunit\u00e0, intesa come organismo vivente. Sartori sposa l\u2019idea di comunit\u00e0 nell\u2019accezione pi\u00f9 classica e pi\u00f9 forte, quella di Tonnies che identifica con la \u00abcomunit\u00e0 concreta\u00bb.<\/p>\n\n\n\n<p>La comunit\u00e0, secondo Sartori identifica il comune sentire e pu\u00f2 ben riferirsi anche a comunit\u00e0 larghe. \u00abMa parlare di comunit\u00e0 mondiale, come fa Dahrendorf \u00e8 pura retorica, \u00e8 vaporizzare il concetto di comunit\u00e0\u00bb (Le stesse cose avevo scritto nel mio saggio <em>Comunitari o libera? <\/em>&#8211; compresa la distinzione tra comunit\u00e0 chiuse e comunit\u00e0 aperte o pluralistiche &#8211; e avevo contestato a Dahrendorf in un dialogo con il filosofo anglotedesco).<\/p>\n\n\n<div class=\"wp-block-image\">\n<figure class=\"aligncenter size-large is-resized\"><a href=\"https:\/\/www.rassegnastampa-totustuus.it\/cattolica\/wp-content\/uploads\/2019\/03\/Islam_Europa.jpg\"><img loading=\"lazy\" decoding=\"async\" width=\"1024\" height=\"668\" src=\"https:\/\/www.rassegnastampa-totustuus.it\/cattolica\/wp-content\/uploads\/2019\/03\/Islam_Europa-1024x668.jpg\" alt=\"\" class=\"wp-image-42581\" style=\"width:431px;height:auto\" srcset=\"https:\/\/www.rassegnastampa-totustuus.it\/cattolica\/wp-content\/uploads\/2019\/03\/Islam_Europa-1024x668.jpg 1024w, https:\/\/www.rassegnastampa-totustuus.it\/cattolica\/wp-content\/uploads\/2019\/03\/Islam_Europa-300x196.jpg 300w, https:\/\/www.rassegnastampa-totustuus.it\/cattolica\/wp-content\/uploads\/2019\/03\/Islam_Europa-768x501.jpg 768w, https:\/\/www.rassegnastampa-totustuus.it\/cattolica\/wp-content\/uploads\/2019\/03\/Islam_Europa.jpg 2000w\" sizes=\"auto, (max-width: 1024px) 100vw, 1024px\" \/><\/a><\/figure><\/div>\n\n\n<p>Restano un palo di dubbi su alcune sue tesi. Il primo: se davvero la tolleranza \u00e8 fondata come lui dice sulla reciprocit\u00e0, allora diventerebbe pressoch\u00e9 impraticabile e non solo con gli immigrati. Se davvero, come lui dice, il cittadino contro \u00e8 inaccettabile, che ne sarebbe di cittadini cattolici in un paese laico, e viceversa; di cittadini anticomunisti in un paese aperto ai comunisti, e cos\u00ec via? La reciprocit\u00e0 \u00e8 un ottimo ideale regolativo: ma nella realt\u00e0 diventerebbe impossibile, va temperata.<\/p>\n\n\n\n<p>Altro dubbio. Per Sartori la causa dell\u2019immigrazione \u00e8 la sovrappopolazione ed una responsabilit\u00e0 speciale \u00e8 della \u00abChiesa cattolica che si ostina responsabilmente a promuovere le nascite\u00bb. In realt\u00e0 la sovrappopolazione in s\u00e9 non ha mai automaticamente prodotto il fenomeno dell\u2019immigrazione: il fatto nuovo della globalizzazione, la possibilit\u00e0 di accedere dappertutto, e dunque il girone di ritorno della colonizzazione e del villaggio televisivo globale.<\/p>\n\n\n\n<p>Quanto poi al boom demografico. le &#8220;colpe&#8221; della Chiesa sono assai modeste se si considera che pi\u00f9 dei quattro quinti del pianeta non sono cattolici e i paesi a pi\u00f9 alto tasso di natalit\u00e0 sono islamici, shintoisti, induisti, buddhisti e non certo cristiani. Il messaggio della Chiesa si rivolge all\u2019occidente cristiano dove le bare superano le culle: non recapitiamolo all\u2019indirizzo sbagliato.<\/p>\n","protected":false},"excerpt":{"rendered":"<p>Articolo pubblicato su Il Giornale del 10 settembre 2000 di Marcello Veneziani Giovanni Sartori \u00e8 il maestro di coloro che sanno nel regno della politica. Non insegna solo agli studenti ma anche agli studiosi, e vorrebbe impartire lezioni di politica non solo agli studenti e ai professori, ma anche ai politici. Il suo prestigio \u00e8 &hellip; <\/p>\n<p><a class=\"more-link btn\" href=\"https:\/\/www.rassegnastampa-totustuus.it\/cattolica\/le-nuove-tribu-delleuropa\/\">Continua a leggere<\/a><\/p>\n","protected":false},"author":6,"featured_media":26754,"comment_status":"closed","ping_status":"open","sticky":false,"template":"","format":"standard","meta":{"footnotes":""},"categories":[38],"tags":[1718,633],"class_list":["post-706","post","type-post","status-publish","format-standard","has-post-thumbnail","hentry","category-immigrazione","tag-integrazione","tag-multiculturalismo","item-wrap"],"yoast_head":"<!-- This site is optimized with the Yoast SEO plugin v27.5 - https:\/\/yoast.com\/product\/yoast-seo-wordpress\/ -->\n<title>Le nuove trib&ugrave; dell\u2019Europa - Rassegna Stampa Cattolica<\/title>\n<meta name=\"description\" content=\"Le nuove trib\u00f9 dell\u2019Europa. Anche Sartori entra in polemica con il multiculturalismo di estrazione marxista,\" \/>\n<meta name=\"robots\" content=\"index, follow, max-snippet:-1, max-image-preview:large, max-video-preview:-1\" \/>\n<link rel=\"canonical\" href=\"https:\/\/www.rassegnastampa-totustuus.it\/cattolica\/le-nuove-tribu-delleuropa\/\" \/>\n<meta property=\"og:locale\" content=\"it_IT\" \/>\n<meta property=\"og:type\" content=\"article\" \/>\n<meta property=\"og:title\" content=\"Le nuove trib&ugrave; dell\u2019Europa - Rassegna Stampa Cattolica\" \/>\n<meta property=\"og:description\" content=\"Le nuove trib\u00f9 dell\u2019Europa. Anche Sartori entra in polemica con il multiculturalismo di estrazione marxista,\" \/>\n<meta property=\"og:url\" content=\"https:\/\/www.rassegnastampa-totustuus.it\/cattolica\/le-nuove-tribu-delleuropa\/\" \/>\n<meta property=\"og:site_name\" content=\"Rassegna Stampa Cattolica\" \/>\n<meta property=\"article:publisher\" content=\"https:\/\/www.facebook.com\/rassegnastampacattolica\" \/>\n<meta property=\"article:published_time\" content=\"2005-06-11T22:00:00+00:00\" \/>\n<meta property=\"article:modified_time\" content=\"2025-02-19T13:14:03+00:00\" \/>\n<meta property=\"og:image\" content=\"https:\/\/www.rassegnastampa-totustuus.it\/cattolica\/wp-content\/uploads\/2005\/06\/banlieu.jpg\" \/>\n\t<meta property=\"og:image:width\" content=\"278\" \/>\n\t<meta property=\"og:image:height\" content=\"181\" \/>\n\t<meta property=\"og:image:type\" content=\"image\/jpeg\" \/>\n<meta name=\"author\" content=\"Redazione\" \/>\n<meta name=\"twitter:card\" content=\"summary_large_image\" \/>\n<meta name=\"twitter:creator\" content=\"@rassegnastampa9\" \/>\n<meta name=\"twitter:site\" content=\"@rassegnastampa9\" \/>\n<meta name=\"twitter:label1\" content=\"Scritto da\" \/>\n\t<meta name=\"twitter:data1\" content=\"Redazione\" \/>\n\t<meta name=\"twitter:label2\" content=\"Tempo di lettura stimato\" \/>\n\t<meta name=\"twitter:data2\" content=\"7 minuti\" \/>\n<script type=\"application\/ld+json\" class=\"yoast-schema-graph\">{\"@context\":\"https:\\\/\\\/schema.org\",\"@graph\":[{\"@type\":\"Article\",\"@id\":\"https:\\\/\\\/www.rassegnastampa-totustuus.it\\\/cattolica\\\/le-nuove-tribu-delleuropa\\\/#article\",\"isPartOf\":{\"@id\":\"https:\\\/\\\/www.rassegnastampa-totustuus.it\\\/cattolica\\\/le-nuove-tribu-delleuropa\\\/\"},\"author\":{\"name\":\"Redazione\",\"@id\":\"https:\\\/\\\/www.rassegnastampa-totustuus.it\\\/cattolica\\\/#\\\/schema\\\/person\\\/08f319d2bd1a0904ad9e2bfb7b15e5c3\"},\"headline\":\"Le nuove trib&ugrave; dell\u2019Europa\",\"datePublished\":\"2005-06-11T22:00:00+00:00\",\"dateModified\":\"2025-02-19T13:14:03+00:00\",\"mainEntityOfPage\":{\"@id\":\"https:\\\/\\\/www.rassegnastampa-totustuus.it\\\/cattolica\\\/le-nuove-tribu-delleuropa\\\/\"},\"wordCount\":1084,\"publisher\":{\"@id\":\"https:\\\/\\\/www.rassegnastampa-totustuus.it\\\/cattolica\\\/#organization\"},\"image\":{\"@id\":\"https:\\\/\\\/www.rassegnastampa-totustuus.it\\\/cattolica\\\/le-nuove-tribu-delleuropa\\\/#primaryimage\"},\"thumbnailUrl\":\"https:\\\/\\\/www.rassegnastampa-totustuus.it\\\/cattolica\\\/wp-content\\\/uploads\\\/2005\\\/06\\\/banlieu.jpg\",\"keywords\":[\"integrazione\",\"multiculturalismo\"],\"articleSection\":[\"Immigrazione\"],\"inLanguage\":\"it-IT\"},{\"@type\":\"WebPage\",\"@id\":\"https:\\\/\\\/www.rassegnastampa-totustuus.it\\\/cattolica\\\/le-nuove-tribu-delleuropa\\\/\",\"url\":\"https:\\\/\\\/www.rassegnastampa-totustuus.it\\\/cattolica\\\/le-nuove-tribu-delleuropa\\\/\",\"name\":\"Le nuove trib&ugrave; dell\u2019Europa - Rassegna Stampa Cattolica\",\"isPartOf\":{\"@id\":\"https:\\\/\\\/www.rassegnastampa-totustuus.it\\\/cattolica\\\/#website\"},\"primaryImageOfPage\":{\"@id\":\"https:\\\/\\\/www.rassegnastampa-totustuus.it\\\/cattolica\\\/le-nuove-tribu-delleuropa\\\/#primaryimage\"},\"image\":{\"@id\":\"https:\\\/\\\/www.rassegnastampa-totustuus.it\\\/cattolica\\\/le-nuove-tribu-delleuropa\\\/#primaryimage\"},\"thumbnailUrl\":\"https:\\\/\\\/www.rassegnastampa-totustuus.it\\\/cattolica\\\/wp-content\\\/uploads\\\/2005\\\/06\\\/banlieu.jpg\",\"datePublished\":\"2005-06-11T22:00:00+00:00\",\"dateModified\":\"2025-02-19T13:14:03+00:00\",\"description\":\"Le nuove trib\u00f9 dell\u2019Europa. Anche Sartori entra in polemica con il multiculturalismo di estrazione marxista,\",\"breadcrumb\":{\"@id\":\"https:\\\/\\\/www.rassegnastampa-totustuus.it\\\/cattolica\\\/le-nuove-tribu-delleuropa\\\/#breadcrumb\"},\"inLanguage\":\"it-IT\",\"potentialAction\":[{\"@type\":\"ReadAction\",\"target\":[\"https:\\\/\\\/www.rassegnastampa-totustuus.it\\\/cattolica\\\/le-nuove-tribu-delleuropa\\\/\"]}]},{\"@type\":\"ImageObject\",\"inLanguage\":\"it-IT\",\"@id\":\"https:\\\/\\\/www.rassegnastampa-totustuus.it\\\/cattolica\\\/le-nuove-tribu-delleuropa\\\/#primaryimage\",\"url\":\"https:\\\/\\\/www.rassegnastampa-totustuus.it\\\/cattolica\\\/wp-content\\\/uploads\\\/2005\\\/06\\\/banlieu.jpg\",\"contentUrl\":\"https:\\\/\\\/www.rassegnastampa-totustuus.it\\\/cattolica\\\/wp-content\\\/uploads\\\/2005\\\/06\\\/banlieu.jpg\",\"width\":278,\"height\":181},{\"@type\":\"BreadcrumbList\",\"@id\":\"https:\\\/\\\/www.rassegnastampa-totustuus.it\\\/cattolica\\\/le-nuove-tribu-delleuropa\\\/#breadcrumb\",\"itemListElement\":[{\"@type\":\"ListItem\",\"position\":1,\"name\":\"Home\",\"item\":\"https:\\\/\\\/www.rassegnastampa-totustuus.it\\\/cattolica\\\/\"},{\"@type\":\"ListItem\",\"position\":2,\"name\":\"Le nuove trib&ugrave; dell\u2019Europa\"}]},{\"@type\":\"WebSite\",\"@id\":\"https:\\\/\\\/www.rassegnastampa-totustuus.it\\\/cattolica\\\/#website\",\"url\":\"https:\\\/\\\/www.rassegnastampa-totustuus.it\\\/cattolica\\\/\",\"name\":\"Rassegna Stampa Cattolica\",\"description\":\"Per una cultura che nasce dalla Rivelazione cristiana in conformit\u00e0 alla tradizione e al Magistero della Chiesa in opposizione ad ogni relativismo e totalitarismo\",\"publisher\":{\"@id\":\"https:\\\/\\\/www.rassegnastampa-totustuus.it\\\/cattolica\\\/#organization\"},\"alternateName\":\"Rass. Cattolica\",\"potentialAction\":[{\"@type\":\"SearchAction\",\"target\":{\"@type\":\"EntryPoint\",\"urlTemplate\":\"https:\\\/\\\/www.rassegnastampa-totustuus.it\\\/cattolica\\\/?s={search_term_string}\"},\"query-input\":{\"@type\":\"PropertyValueSpecification\",\"valueRequired\":true,\"valueName\":\"search_term_string\"}}],\"inLanguage\":\"it-IT\"},{\"@type\":\"Organization\",\"@id\":\"https:\\\/\\\/www.rassegnastampa-totustuus.it\\\/cattolica\\\/#organization\",\"name\":\"Rassegna Stampa Cattolica\",\"url\":\"https:\\\/\\\/www.rassegnastampa-totustuus.it\\\/cattolica\\\/\",\"logo\":{\"@type\":\"ImageObject\",\"inLanguage\":\"it-IT\",\"@id\":\"https:\\\/\\\/www.rassegnastampa-totustuus.it\\\/cattolica\\\/#\\\/schema\\\/logo\\\/image\\\/\",\"url\":\"https:\\\/\\\/www.rassegnastampa-totustuus.it\\\/cattolica\\\/wp-content\\\/uploads\\\/2014\\\/04\\\/logo-rassegna1.gif\",\"contentUrl\":\"https:\\\/\\\/www.rassegnastampa-totustuus.it\\\/cattolica\\\/wp-content\\\/uploads\\\/2014\\\/04\\\/logo-rassegna1.gif\",\"width\":600,\"height\":163,\"caption\":\"Rassegna Stampa Cattolica\"},\"image\":{\"@id\":\"https:\\\/\\\/www.rassegnastampa-totustuus.it\\\/cattolica\\\/#\\\/schema\\\/logo\\\/image\\\/\"},\"sameAs\":[\"https:\\\/\\\/www.facebook.com\\\/rassegnastampacattolica\",\"https:\\\/\\\/x.com\\\/rassegnastampa9\"]},{\"@type\":\"Person\",\"@id\":\"https:\\\/\\\/www.rassegnastampa-totustuus.it\\\/cattolica\\\/#\\\/schema\\\/person\\\/08f319d2bd1a0904ad9e2bfb7b15e5c3\",\"name\":\"Redazione\",\"image\":{\"@type\":\"ImageObject\",\"inLanguage\":\"it-IT\",\"@id\":\"https:\\\/\\\/secure.gravatar.com\\\/avatar\\\/2fcdf27c78ea025fbdb44e914cc63c72249ffec9dc8aafd5c82b26240ef3f346?s=96&d=mm&r=g\",\"url\":\"https:\\\/\\\/secure.gravatar.com\\\/avatar\\\/2fcdf27c78ea025fbdb44e914cc63c72249ffec9dc8aafd5c82b26240ef3f346?s=96&d=mm&r=g\",\"contentUrl\":\"https:\\\/\\\/secure.gravatar.com\\\/avatar\\\/2fcdf27c78ea025fbdb44e914cc63c72249ffec9dc8aafd5c82b26240ef3f346?s=96&d=mm&r=g\",\"caption\":\"Redazione\"},\"url\":\"https:\\\/\\\/www.rassegnastampa-totustuus.it\\\/cattolica\\\/author\\\/pietroelle\\\/\"}]}<\/script>\n<!-- \/ Yoast SEO plugin. -->","yoast_head_json":{"title":"Le nuove trib&ugrave; dell\u2019Europa - Rassegna Stampa Cattolica","description":"Le nuove trib\u00f9 dell\u2019Europa. Anche Sartori entra in polemica con il multiculturalismo di estrazione marxista,","robots":{"index":"index","follow":"follow","max-snippet":"max-snippet:-1","max-image-preview":"max-image-preview:large","max-video-preview":"max-video-preview:-1"},"canonical":"https:\/\/www.rassegnastampa-totustuus.it\/cattolica\/le-nuove-tribu-delleuropa\/","og_locale":"it_IT","og_type":"article","og_title":"Le nuove trib&ugrave; dell\u2019Europa - Rassegna Stampa Cattolica","og_description":"Le nuove trib\u00f9 dell\u2019Europa. Anche Sartori entra in polemica con il multiculturalismo di estrazione marxista,","og_url":"https:\/\/www.rassegnastampa-totustuus.it\/cattolica\/le-nuove-tribu-delleuropa\/","og_site_name":"Rassegna Stampa Cattolica","article_publisher":"https:\/\/www.facebook.com\/rassegnastampacattolica","article_published_time":"2005-06-11T22:00:00+00:00","article_modified_time":"2025-02-19T13:14:03+00:00","og_image":[{"width":278,"height":181,"url":"https:\/\/www.rassegnastampa-totustuus.it\/cattolica\/wp-content\/uploads\/2005\/06\/banlieu.jpg","type":"image\/jpeg"}],"author":"Redazione","twitter_card":"summary_large_image","twitter_creator":"@rassegnastampa9","twitter_site":"@rassegnastampa9","twitter_misc":{"Scritto da":"Redazione","Tempo di lettura stimato":"7 minuti"},"schema":{"@context":"https:\/\/schema.org","@graph":[{"@type":"Article","@id":"https:\/\/www.rassegnastampa-totustuus.it\/cattolica\/le-nuove-tribu-delleuropa\/#article","isPartOf":{"@id":"https:\/\/www.rassegnastampa-totustuus.it\/cattolica\/le-nuove-tribu-delleuropa\/"},"author":{"name":"Redazione","@id":"https:\/\/www.rassegnastampa-totustuus.it\/cattolica\/#\/schema\/person\/08f319d2bd1a0904ad9e2bfb7b15e5c3"},"headline":"Le nuove trib&ugrave; dell\u2019Europa","datePublished":"2005-06-11T22:00:00+00:00","dateModified":"2025-02-19T13:14:03+00:00","mainEntityOfPage":{"@id":"https:\/\/www.rassegnastampa-totustuus.it\/cattolica\/le-nuove-tribu-delleuropa\/"},"wordCount":1084,"publisher":{"@id":"https:\/\/www.rassegnastampa-totustuus.it\/cattolica\/#organization"},"image":{"@id":"https:\/\/www.rassegnastampa-totustuus.it\/cattolica\/le-nuove-tribu-delleuropa\/#primaryimage"},"thumbnailUrl":"https:\/\/www.rassegnastampa-totustuus.it\/cattolica\/wp-content\/uploads\/2005\/06\/banlieu.jpg","keywords":["integrazione","multiculturalismo"],"articleSection":["Immigrazione"],"inLanguage":"it-IT"},{"@type":"WebPage","@id":"https:\/\/www.rassegnastampa-totustuus.it\/cattolica\/le-nuove-tribu-delleuropa\/","url":"https:\/\/www.rassegnastampa-totustuus.it\/cattolica\/le-nuove-tribu-delleuropa\/","name":"Le nuove trib&ugrave; dell\u2019Europa - Rassegna Stampa Cattolica","isPartOf":{"@id":"https:\/\/www.rassegnastampa-totustuus.it\/cattolica\/#website"},"primaryImageOfPage":{"@id":"https:\/\/www.rassegnastampa-totustuus.it\/cattolica\/le-nuove-tribu-delleuropa\/#primaryimage"},"image":{"@id":"https:\/\/www.rassegnastampa-totustuus.it\/cattolica\/le-nuove-tribu-delleuropa\/#primaryimage"},"thumbnailUrl":"https:\/\/www.rassegnastampa-totustuus.it\/cattolica\/wp-content\/uploads\/2005\/06\/banlieu.jpg","datePublished":"2005-06-11T22:00:00+00:00","dateModified":"2025-02-19T13:14:03+00:00","description":"Le nuove trib\u00f9 dell\u2019Europa. Anche Sartori entra in polemica con il multiculturalismo di estrazione marxista,","breadcrumb":{"@id":"https:\/\/www.rassegnastampa-totustuus.it\/cattolica\/le-nuove-tribu-delleuropa\/#breadcrumb"},"inLanguage":"it-IT","potentialAction":[{"@type":"ReadAction","target":["https:\/\/www.rassegnastampa-totustuus.it\/cattolica\/le-nuove-tribu-delleuropa\/"]}]},{"@type":"ImageObject","inLanguage":"it-IT","@id":"https:\/\/www.rassegnastampa-totustuus.it\/cattolica\/le-nuove-tribu-delleuropa\/#primaryimage","url":"https:\/\/www.rassegnastampa-totustuus.it\/cattolica\/wp-content\/uploads\/2005\/06\/banlieu.jpg","contentUrl":"https:\/\/www.rassegnastampa-totustuus.it\/cattolica\/wp-content\/uploads\/2005\/06\/banlieu.jpg","width":278,"height":181},{"@type":"BreadcrumbList","@id":"https:\/\/www.rassegnastampa-totustuus.it\/cattolica\/le-nuove-tribu-delleuropa\/#breadcrumb","itemListElement":[{"@type":"ListItem","position":1,"name":"Home","item":"https:\/\/www.rassegnastampa-totustuus.it\/cattolica\/"},{"@type":"ListItem","position":2,"name":"Le nuove trib&ugrave; dell\u2019Europa"}]},{"@type":"WebSite","@id":"https:\/\/www.rassegnastampa-totustuus.it\/cattolica\/#website","url":"https:\/\/www.rassegnastampa-totustuus.it\/cattolica\/","name":"Rassegna Stampa Cattolica","description":"Per una cultura che nasce dalla Rivelazione cristiana in conformit\u00e0 alla tradizione e al Magistero della Chiesa in opposizione ad ogni relativismo e totalitarismo","publisher":{"@id":"https:\/\/www.rassegnastampa-totustuus.it\/cattolica\/#organization"},"alternateName":"Rass. Cattolica","potentialAction":[{"@type":"SearchAction","target":{"@type":"EntryPoint","urlTemplate":"https:\/\/www.rassegnastampa-totustuus.it\/cattolica\/?s={search_term_string}"},"query-input":{"@type":"PropertyValueSpecification","valueRequired":true,"valueName":"search_term_string"}}],"inLanguage":"it-IT"},{"@type":"Organization","@id":"https:\/\/www.rassegnastampa-totustuus.it\/cattolica\/#organization","name":"Rassegna Stampa Cattolica","url":"https:\/\/www.rassegnastampa-totustuus.it\/cattolica\/","logo":{"@type":"ImageObject","inLanguage":"it-IT","@id":"https:\/\/www.rassegnastampa-totustuus.it\/cattolica\/#\/schema\/logo\/image\/","url":"https:\/\/www.rassegnastampa-totustuus.it\/cattolica\/wp-content\/uploads\/2014\/04\/logo-rassegna1.gif","contentUrl":"https:\/\/www.rassegnastampa-totustuus.it\/cattolica\/wp-content\/uploads\/2014\/04\/logo-rassegna1.gif","width":600,"height":163,"caption":"Rassegna Stampa Cattolica"},"image":{"@id":"https:\/\/www.rassegnastampa-totustuus.it\/cattolica\/#\/schema\/logo\/image\/"},"sameAs":["https:\/\/www.facebook.com\/rassegnastampacattolica","https:\/\/x.com\/rassegnastampa9"]},{"@type":"Person","@id":"https:\/\/www.rassegnastampa-totustuus.it\/cattolica\/#\/schema\/person\/08f319d2bd1a0904ad9e2bfb7b15e5c3","name":"Redazione","image":{"@type":"ImageObject","inLanguage":"it-IT","@id":"https:\/\/secure.gravatar.com\/avatar\/2fcdf27c78ea025fbdb44e914cc63c72249ffec9dc8aafd5c82b26240ef3f346?s=96&d=mm&r=g","url":"https:\/\/secure.gravatar.com\/avatar\/2fcdf27c78ea025fbdb44e914cc63c72249ffec9dc8aafd5c82b26240ef3f346?s=96&d=mm&r=g","contentUrl":"https:\/\/secure.gravatar.com\/avatar\/2fcdf27c78ea025fbdb44e914cc63c72249ffec9dc8aafd5c82b26240ef3f346?s=96&d=mm&r=g","caption":"Redazione"},"url":"https:\/\/www.rassegnastampa-totustuus.it\/cattolica\/author\/pietroelle\/"}]}},"_links":{"self":[{"href":"https:\/\/www.rassegnastampa-totustuus.it\/cattolica\/wp-json\/wp\/v2\/posts\/706","targetHints":{"allow":["GET"]}}],"collection":[{"href":"https:\/\/www.rassegnastampa-totustuus.it\/cattolica\/wp-json\/wp\/v2\/posts"}],"about":[{"href":"https:\/\/www.rassegnastampa-totustuus.it\/cattolica\/wp-json\/wp\/v2\/types\/post"}],"author":[{"embeddable":true,"href":"https:\/\/www.rassegnastampa-totustuus.it\/cattolica\/wp-json\/wp\/v2\/users\/6"}],"replies":[{"embeddable":true,"href":"https:\/\/www.rassegnastampa-totustuus.it\/cattolica\/wp-json\/wp\/v2\/comments?post=706"}],"version-history":[{"count":4,"href":"https:\/\/www.rassegnastampa-totustuus.it\/cattolica\/wp-json\/wp\/v2\/posts\/706\/revisions"}],"predecessor-version":[{"id":62173,"href":"https:\/\/www.rassegnastampa-totustuus.it\/cattolica\/wp-json\/wp\/v2\/posts\/706\/revisions\/62173"}],"wp:featuredmedia":[{"embeddable":true,"href":"https:\/\/www.rassegnastampa-totustuus.it\/cattolica\/wp-json\/wp\/v2\/media\/26754"}],"wp:attachment":[{"href":"https:\/\/www.rassegnastampa-totustuus.it\/cattolica\/wp-json\/wp\/v2\/media?parent=706"}],"wp:term":[{"taxonomy":"category","embeddable":true,"href":"https:\/\/www.rassegnastampa-totustuus.it\/cattolica\/wp-json\/wp\/v2\/categories?post=706"},{"taxonomy":"post_tag","embeddable":true,"href":"https:\/\/www.rassegnastampa-totustuus.it\/cattolica\/wp-json\/wp\/v2\/tags?post=706"}],"curies":[{"name":"wp","href":"https:\/\/api.w.org\/{rel}","templated":true}]}}