{"id":695,"date":"2005-06-10T09:13:42","date_gmt":"2005-06-10T07:13:42","guid":{"rendered":""},"modified":"2025-02-19T16:11:27","modified_gmt":"2025-02-19T15:11:27","slug":"lumanita-del-concepito-non-e-un-dogma-ma-e-un-dato","status":"publish","type":"post","link":"https:\/\/www.rassegnastampa-totustuus.it\/cattolica\/lumanita-del-concepito-non-e-un-dogma-ma-e-un-dato\/","title":{"rendered":"&laquo;L&#8217;umanit&agrave; del concepito non &egrave; un dogma ma &egrave; un dato\u00bb"},"content":{"rendered":"\n<p class=\"has-text-align-center\"><a href=\"https:\/\/www.lagazzettadelmezzogiorno.it\/\" target=\"_blank\" rel=\"noreferrer noopener\"><strong>Gazzetta del Mezzogiorno<\/strong>\u00a0<\/a> 7 Giugno 2005<\/p>\n\n\n\n<p class=\"has-text-align-center\">di <strong>Alfredo Mantovano<br><\/strong><\/p>\n\n\n\n<p>La vicenda referendaria sta assumendo pieghe paradossali. Personalmente, pur tentando di essere credente, sono convinto che l&#8217;umanit\u00e0 del concepito non \u00e8 un dogma che si ricava dal catechismo: \u00e8 un dato obiettivo che pu\u00f2 essere osservato col microscopio (fino a una certa data) e con l&#8217;ecografo a partire da un&#8217;altra data.<\/p>\n\n\n<div class=\"wp-block-image\">\n<figure class=\"aligncenter size-full is-resized\"><a href=\"https:\/\/www.rassegnastampa-totustuus.it\/cattolica\/wp-content\/uploads\/2005\/06\/ecografia.jpg\"><img loading=\"lazy\" decoding=\"async\" width=\"266\" height=\"189\" src=\"https:\/\/www.rassegnastampa-totustuus.it\/cattolica\/wp-content\/uploads\/2005\/06\/ecografia.jpg\" alt=\"\" class=\"wp-image-34910\" style=\"width:358px;height:auto\"\/><\/a><\/figure><\/div>\n\n\n<!--more-->\n\n\n\n<p>Nei dibattiti sui 4 quesiti incrocio come contraddittori laicisti di professione, che non hanno mai creduto in Dio e nell&#8217;anima, i quali, citando San Tommaso d&#8217;Aquino (vissuto qualche secolo fa, quando gli strumenti di indagine scientifica erano un po&#8217; meno precisi), spiegano che l&#8217;essere umano pu\u00f2 ritenersi tale solo nel momento in cui l&#8217;anima si unisce al corpo! Chi \u00e8 il pi\u00f9 datato? e chi il pi\u00f9 clericale?<\/p>\n\n\n\n<p>Mi ritrovo pure progressisti che in genere criticano quella politica&nbsp;economica che con disprezzo definiscono darwiniana, perch\u00e9 &#8211; dicono &#8211; seleziona il forte; odiano il far west e amano le regole se si tratta di reti televisive, di antitrust e di regolarit\u00e0 dei libri contabili. Ma cambiano orientamento quando vengono in discussione questioni di bioetica: da progressisti diventano darwiniani, puntano a selezionare il robusto a scapito del fragile, difendono una salute materiale e individuale intesa in senso lato, come completo benessere fisiopsichico, e approvano il far west delle regole.<\/p>\n\n\n\n<p>Il massimo per\u00f2 lo hanno raggiunto i radicali, da sempre libertari, da sempre favorevoli ad amnistie e a condoni, per i quali oggi le porte delle carceri andrebbero aperte per farvi entrare il cardinale Ruini e le alte cariche dello Stato, tutti rei di aver invitato a non votare; ci\u00f2 in applicazione di norme risalenti a 50 anni fa, che non hanno nulla a che fare con quello di cui si parla. Vi \u00e8 una tendenza alla criminalizzazione di chi non la pensa come il prof.&nbsp;Umberto Veronesi e come la prof.ssa Sabrina Ferilli: pi\u00f9 volte in questi giorni mi \u00e8 stato detto che, essendo impegnato nel far fallire i referendum, di fatto impedirei la cura dell&#8217;Alzhaimer e del Parkinson. E&#8217; proprio cos\u00ec?<\/p>\n\n\n\n<p>Il primo quesito referendario punta a eliminare i limiti posti dalla legge 40 alla sperimentazione sugli embrioni umani; mira a consentire la conservazione di embrioni congelati a scopo di ricerca, la clonazione \u00abterapeutica\u00bb e la ricerca scientifica effettuata su cavie umane allo stadio embrionale. Il presupposto \u00e8 l&#8217;equiparazione degli embrioni a \u00abmateriale\u00bb da laboratorio o a insieme di cellule da cui prelevare pezzi di ricambio.<\/p>\n\n\n\n<p>Per vincere il ricatto ideologico secondo cui chi sostiene la legge 40 non vuole la guarigione di coloro che sono affetti da gravi malattie \u00e8 sufficiente leggere il bel volume (edito da Mondadori) La cura che viene da dentro, del prof. Angelo Vescovi, scopritore delle cellule staminali cerebrali: il genetista documenta in modo inconfutabile (e infatti, nessuno lo ha confutato) che finora non un solo caso clinico \u00e8 stato risolto ricorrendo alle cellule staminali prelevate da embrioni, a differenza di quanto \u00e8 accaduto con le staminali prelevate da adulti.<\/p>\n\n\n\n<p>Il secondo quesito punta a \u00abprodurre\u00bb pi\u00f9 embrioni di quelli necessari per un unico impianto, e quindi a congelare i soprannumerari. A parte i problemi relativi alla crioconservazione degli embrioni (rischio di abbandono, \u00abscadenza\u00bb a tempo determinato, alterazioni e morti embrionarie), gli studi dimostrano che il numero assoluto di \u00abbambini in braccio\u00bb non cambia sensibilmente aumentando la produzione di embrioni per ciclo, mentre \u00e8 certo che aumenta la perdita di embrioni.<\/p>\n\n\n\n<p>Il quesito chiede inoltre di allargare l&#8217;accesso della fecondazione artificiale ai portatori di malattie genetiche, consentendo di eseguire la selezione genetica preimplantatoria per scegliere i sani ed eliminare i malati, o i probabili malati, o magari quelli che potrebbero ammalarsi in futuro. Ora, la selezione genetica, pur se mossa dal legittimo desiderio &#8211; che tutti abbiamo &#8211; di far nascere un figlio sano, si risolve in una discriminazione fra esseri umani &#8211; tali sono &#8211; che sono titolari dell&#8217;uguale diritto di continuare la loro esistenza.<\/p>\n\n\n\n<p>In coerenza con queste premesse, il referendum n. 3 punta a eliminare il concepito dal novero dei soggetti titolari di diritti coinvolti nelle procedure della legge 40, mentre il quarto quesito mira a sopprimere il divieto di fecondazione eterologa, consentendo l&#8217;utilizzo di semi di uno e di entrambi i genitori diversi da quelli giuridici: in tal modo si vanifica il diritto dei figli a conoscere i genitori biologici, a causa dell&#8217;anonimato del donatore, e si aumenta il rischio di patologie relazionali all&#8217;interno delle famiglie.<\/p>\n\n\n\n<p>Ma non \u00e8 in gioco soltanto l&#8217;aspetto di merito toccato da ciascun referendum. La scienza oggi non \u00e8 una professione liberale praticata da una cerchia ristretta di individui; \u00e8 un&#8217;attivit\u00e0 complessa, che coinvolge gruppi di ricerca internazionali; i ricercatori, pur se muniti di coscienza, rispondono, oltre che a essa, alle aspettative di chi li finanzia. Vanno delegate loro scelte che competono alla politica? O non va considerato che ogni opzione tecnologica incorpora una visione del mondo e ogni programma di ricerca richiama un programma politico?<\/p>\n\n\n\n<p>Di fronte a questioni di tale peso, il comportamento pi\u00f9 saggio non \u00e8 forse proprio quello di rifiutare la logica referendaria del \u00abs\u00ec-no\u00bb, che banalizza e distorce, e di mantenere in vita &#8211; con una astensione attiva, cio\u00e8 motivata e propagandata &#8211; un testo di legge, frutto di 7 anni di approfondimento e di confronto in Parlamento?<\/p>\n","protected":false},"excerpt":{"rendered":"<p>L&#8217;umanit\u00e0 del concepito non \u00e8 un dogma del catechismo ma un dato obiettivo<\/p>\n","protected":false},"author":6,"featured_media":34910,"comment_status":"closed","ping_status":"open","sticky":false,"template":"","format":"standard","meta":{"footnotes":""},"categories":[2,4],"tags":[2386,1201,212,591],"class_list":["post-695","post","type-post","status-publish","format-standard","has-post-thumbnail","hentry","category-aborto","category-bioetica","tag-aborto","tag-concepito","tag-fivet","tag-legge-40","item-wrap"],"yoast_head":"<!-- This site is optimized with the Yoast SEO plugin v27.5 - https:\/\/yoast.com\/product\/yoast-seo-wordpress\/ -->\n<title>&laquo;L&#039;umanit&agrave; del concepito non &egrave; un dogma ma &egrave; un dato\u00bb - Rassegna Stampa Cattolica<\/title>\n<meta name=\"description\" content=\"\u00abL&#039;umanit\u00e0 del concepito non \u00e8 un dogma ma \u00e8 un dato\u00bb, una realt\u00e0 oggettiva che pu\u00f2 essere osservata col microscopio e poi con l&#039;ecografo\" \/>\n<meta name=\"robots\" content=\"index, follow, max-snippet:-1, max-image-preview:large, max-video-preview:-1\" \/>\n<link rel=\"canonical\" href=\"https:\/\/www.rassegnastampa-totustuus.it\/cattolica\/lumanita-del-concepito-non-e-un-dogma-ma-e-un-dato\/\" \/>\n<meta property=\"og:locale\" content=\"it_IT\" \/>\n<meta property=\"og:type\" content=\"article\" \/>\n<meta property=\"og:title\" content=\"&laquo;L&#039;umanit&agrave; del concepito non &egrave; un dogma ma &egrave; un dato\u00bb - Rassegna Stampa Cattolica\" \/>\n<meta property=\"og:description\" content=\"\u00abL&#039;umanit\u00e0 del concepito non \u00e8 un dogma ma \u00e8 un dato\u00bb, una realt\u00e0 oggettiva che pu\u00f2 essere osservata col microscopio e poi con l&#039;ecografo\" \/>\n<meta property=\"og:url\" content=\"https:\/\/www.rassegnastampa-totustuus.it\/cattolica\/lumanita-del-concepito-non-e-un-dogma-ma-e-un-dato\/\" \/>\n<meta property=\"og:site_name\" content=\"Rassegna Stampa Cattolica\" \/>\n<meta property=\"article:publisher\" content=\"https:\/\/www.facebook.com\/rassegnastampacattolica\" \/>\n<meta property=\"article:published_time\" content=\"2005-06-10T07:13:42+00:00\" \/>\n<meta property=\"article:modified_time\" content=\"2025-02-19T15:11:27+00:00\" \/>\n<meta property=\"og:image\" content=\"https:\/\/www.rassegnastampa-totustuus.it\/cattolica\/wp-content\/uploads\/2005\/06\/ecografia.jpg\" \/>\n\t<meta property=\"og:image:width\" content=\"266\" \/>\n\t<meta property=\"og:image:height\" content=\"189\" \/>\n\t<meta property=\"og:image:type\" content=\"image\/jpeg\" \/>\n<meta name=\"author\" content=\"Redazione\" \/>\n<meta name=\"twitter:card\" content=\"summary_large_image\" \/>\n<meta name=\"twitter:creator\" content=\"@rassegnastampa9\" \/>\n<meta name=\"twitter:site\" content=\"@rassegnastampa9\" \/>\n<meta name=\"twitter:label1\" content=\"Scritto da\" \/>\n\t<meta name=\"twitter:data1\" content=\"Redazione\" \/>\n\t<meta name=\"twitter:label2\" content=\"Tempo di lettura stimato\" \/>\n\t<meta name=\"twitter:data2\" content=\"6 minuti\" \/>\n<script type=\"application\/ld+json\" class=\"yoast-schema-graph\">{\"@context\":\"https:\\\/\\\/schema.org\",\"@graph\":[{\"@type\":\"Article\",\"@id\":\"https:\\\/\\\/www.rassegnastampa-totustuus.it\\\/cattolica\\\/lumanita-del-concepito-non-e-un-dogma-ma-e-un-dato\\\/#article\",\"isPartOf\":{\"@id\":\"https:\\\/\\\/www.rassegnastampa-totustuus.it\\\/cattolica\\\/lumanita-del-concepito-non-e-un-dogma-ma-e-un-dato\\\/\"},\"author\":{\"name\":\"Redazione\",\"@id\":\"https:\\\/\\\/www.rassegnastampa-totustuus.it\\\/cattolica\\\/#\\\/schema\\\/person\\\/08f319d2bd1a0904ad9e2bfb7b15e5c3\"},\"headline\":\"&laquo;L&#8217;umanit&agrave; del concepito non &egrave; un dogma ma &egrave; un dato\u00bb\",\"datePublished\":\"2005-06-10T07:13:42+00:00\",\"dateModified\":\"2025-02-19T15:11:27+00:00\",\"mainEntityOfPage\":{\"@id\":\"https:\\\/\\\/www.rassegnastampa-totustuus.it\\\/cattolica\\\/lumanita-del-concepito-non-e-un-dogma-ma-e-un-dato\\\/\"},\"wordCount\":887,\"publisher\":{\"@id\":\"https:\\\/\\\/www.rassegnastampa-totustuus.it\\\/cattolica\\\/#organization\"},\"image\":{\"@id\":\"https:\\\/\\\/www.rassegnastampa-totustuus.it\\\/cattolica\\\/lumanita-del-concepito-non-e-un-dogma-ma-e-un-dato\\\/#primaryimage\"},\"thumbnailUrl\":\"https:\\\/\\\/www.rassegnastampa-totustuus.it\\\/cattolica\\\/wp-content\\\/uploads\\\/2005\\\/06\\\/ecografia.jpg\",\"keywords\":[\"Aborto\",\"concepito\",\"fivet\",\"legge 40\"],\"articleSection\":[\"Aborto\",\"Bioetica\"],\"inLanguage\":\"it-IT\"},{\"@type\":\"WebPage\",\"@id\":\"https:\\\/\\\/www.rassegnastampa-totustuus.it\\\/cattolica\\\/lumanita-del-concepito-non-e-un-dogma-ma-e-un-dato\\\/\",\"url\":\"https:\\\/\\\/www.rassegnastampa-totustuus.it\\\/cattolica\\\/lumanita-del-concepito-non-e-un-dogma-ma-e-un-dato\\\/\",\"name\":\"&laquo;L'umanit&agrave; del concepito non &egrave; un dogma ma &egrave; un dato\u00bb - Rassegna Stampa Cattolica\",\"isPartOf\":{\"@id\":\"https:\\\/\\\/www.rassegnastampa-totustuus.it\\\/cattolica\\\/#website\"},\"primaryImageOfPage\":{\"@id\":\"https:\\\/\\\/www.rassegnastampa-totustuus.it\\\/cattolica\\\/lumanita-del-concepito-non-e-un-dogma-ma-e-un-dato\\\/#primaryimage\"},\"image\":{\"@id\":\"https:\\\/\\\/www.rassegnastampa-totustuus.it\\\/cattolica\\\/lumanita-del-concepito-non-e-un-dogma-ma-e-un-dato\\\/#primaryimage\"},\"thumbnailUrl\":\"https:\\\/\\\/www.rassegnastampa-totustuus.it\\\/cattolica\\\/wp-content\\\/uploads\\\/2005\\\/06\\\/ecografia.jpg\",\"datePublished\":\"2005-06-10T07:13:42+00:00\",\"dateModified\":\"2025-02-19T15:11:27+00:00\",\"description\":\"\u00abL'umanit\u00e0 del concepito non \u00e8 un dogma ma \u00e8 un dato\u00bb, una realt\u00e0 oggettiva che pu\u00f2 essere osservata col microscopio e poi con l'ecografo\",\"breadcrumb\":{\"@id\":\"https:\\\/\\\/www.rassegnastampa-totustuus.it\\\/cattolica\\\/lumanita-del-concepito-non-e-un-dogma-ma-e-un-dato\\\/#breadcrumb\"},\"inLanguage\":\"it-IT\",\"potentialAction\":[{\"@type\":\"ReadAction\",\"target\":[\"https:\\\/\\\/www.rassegnastampa-totustuus.it\\\/cattolica\\\/lumanita-del-concepito-non-e-un-dogma-ma-e-un-dato\\\/\"]}]},{\"@type\":\"ImageObject\",\"inLanguage\":\"it-IT\",\"@id\":\"https:\\\/\\\/www.rassegnastampa-totustuus.it\\\/cattolica\\\/lumanita-del-concepito-non-e-un-dogma-ma-e-un-dato\\\/#primaryimage\",\"url\":\"https:\\\/\\\/www.rassegnastampa-totustuus.it\\\/cattolica\\\/wp-content\\\/uploads\\\/2005\\\/06\\\/ecografia.jpg\",\"contentUrl\":\"https:\\\/\\\/www.rassegnastampa-totustuus.it\\\/cattolica\\\/wp-content\\\/uploads\\\/2005\\\/06\\\/ecografia.jpg\",\"width\":266,\"height\":189},{\"@type\":\"BreadcrumbList\",\"@id\":\"https:\\\/\\\/www.rassegnastampa-totustuus.it\\\/cattolica\\\/lumanita-del-concepito-non-e-un-dogma-ma-e-un-dato\\\/#breadcrumb\",\"itemListElement\":[{\"@type\":\"ListItem\",\"position\":1,\"name\":\"Home\",\"item\":\"https:\\\/\\\/www.rassegnastampa-totustuus.it\\\/cattolica\\\/\"},{\"@type\":\"ListItem\",\"position\":2,\"name\":\"&laquo;L&#8217;umanit&agrave; del concepito non &egrave; un dogma ma &egrave; un dato\u00bb\"}]},{\"@type\":\"WebSite\",\"@id\":\"https:\\\/\\\/www.rassegnastampa-totustuus.it\\\/cattolica\\\/#website\",\"url\":\"https:\\\/\\\/www.rassegnastampa-totustuus.it\\\/cattolica\\\/\",\"name\":\"Rassegna Stampa Cattolica\",\"description\":\"Per una cultura che nasce dalla Rivelazione cristiana in conformit\u00e0 alla tradizione e al Magistero della Chiesa in opposizione ad ogni relativismo e totalitarismo\",\"publisher\":{\"@id\":\"https:\\\/\\\/www.rassegnastampa-totustuus.it\\\/cattolica\\\/#organization\"},\"alternateName\":\"Rass. Cattolica\",\"potentialAction\":[{\"@type\":\"SearchAction\",\"target\":{\"@type\":\"EntryPoint\",\"urlTemplate\":\"https:\\\/\\\/www.rassegnastampa-totustuus.it\\\/cattolica\\\/?s={search_term_string}\"},\"query-input\":{\"@type\":\"PropertyValueSpecification\",\"valueRequired\":true,\"valueName\":\"search_term_string\"}}],\"inLanguage\":\"it-IT\"},{\"@type\":\"Organization\",\"@id\":\"https:\\\/\\\/www.rassegnastampa-totustuus.it\\\/cattolica\\\/#organization\",\"name\":\"Rassegna Stampa Cattolica\",\"url\":\"https:\\\/\\\/www.rassegnastampa-totustuus.it\\\/cattolica\\\/\",\"logo\":{\"@type\":\"ImageObject\",\"inLanguage\":\"it-IT\",\"@id\":\"https:\\\/\\\/www.rassegnastampa-totustuus.it\\\/cattolica\\\/#\\\/schema\\\/logo\\\/image\\\/\",\"url\":\"https:\\\/\\\/www.rassegnastampa-totustuus.it\\\/cattolica\\\/wp-content\\\/uploads\\\/2014\\\/04\\\/logo-rassegna1.gif\",\"contentUrl\":\"https:\\\/\\\/www.rassegnastampa-totustuus.it\\\/cattolica\\\/wp-content\\\/uploads\\\/2014\\\/04\\\/logo-rassegna1.gif\",\"width\":600,\"height\":163,\"caption\":\"Rassegna Stampa Cattolica\"},\"image\":{\"@id\":\"https:\\\/\\\/www.rassegnastampa-totustuus.it\\\/cattolica\\\/#\\\/schema\\\/logo\\\/image\\\/\"},\"sameAs\":[\"https:\\\/\\\/www.facebook.com\\\/rassegnastampacattolica\",\"https:\\\/\\\/x.com\\\/rassegnastampa9\"]},{\"@type\":\"Person\",\"@id\":\"https:\\\/\\\/www.rassegnastampa-totustuus.it\\\/cattolica\\\/#\\\/schema\\\/person\\\/08f319d2bd1a0904ad9e2bfb7b15e5c3\",\"name\":\"Redazione\",\"image\":{\"@type\":\"ImageObject\",\"inLanguage\":\"it-IT\",\"@id\":\"https:\\\/\\\/secure.gravatar.com\\\/avatar\\\/2fcdf27c78ea025fbdb44e914cc63c72249ffec9dc8aafd5c82b26240ef3f346?s=96&d=mm&r=g\",\"url\":\"https:\\\/\\\/secure.gravatar.com\\\/avatar\\\/2fcdf27c78ea025fbdb44e914cc63c72249ffec9dc8aafd5c82b26240ef3f346?s=96&d=mm&r=g\",\"contentUrl\":\"https:\\\/\\\/secure.gravatar.com\\\/avatar\\\/2fcdf27c78ea025fbdb44e914cc63c72249ffec9dc8aafd5c82b26240ef3f346?s=96&d=mm&r=g\",\"caption\":\"Redazione\"},\"url\":\"https:\\\/\\\/www.rassegnastampa-totustuus.it\\\/cattolica\\\/author\\\/pietroelle\\\/\"}]}<\/script>\n<!-- \/ Yoast SEO plugin. -->","yoast_head_json":{"title":"&laquo;L'umanit&agrave; del concepito non &egrave; un dogma ma &egrave; un dato\u00bb - Rassegna Stampa Cattolica","description":"\u00abL'umanit\u00e0 del concepito non \u00e8 un dogma ma \u00e8 un dato\u00bb, una realt\u00e0 oggettiva che pu\u00f2 essere osservata col microscopio e poi con l'ecografo","robots":{"index":"index","follow":"follow","max-snippet":"max-snippet:-1","max-image-preview":"max-image-preview:large","max-video-preview":"max-video-preview:-1"},"canonical":"https:\/\/www.rassegnastampa-totustuus.it\/cattolica\/lumanita-del-concepito-non-e-un-dogma-ma-e-un-dato\/","og_locale":"it_IT","og_type":"article","og_title":"&laquo;L'umanit&agrave; del concepito non &egrave; un dogma ma &egrave; un dato\u00bb - Rassegna Stampa Cattolica","og_description":"\u00abL'umanit\u00e0 del concepito non \u00e8 un dogma ma \u00e8 un dato\u00bb, una realt\u00e0 oggettiva che pu\u00f2 essere osservata col microscopio e poi con l'ecografo","og_url":"https:\/\/www.rassegnastampa-totustuus.it\/cattolica\/lumanita-del-concepito-non-e-un-dogma-ma-e-un-dato\/","og_site_name":"Rassegna Stampa Cattolica","article_publisher":"https:\/\/www.facebook.com\/rassegnastampacattolica","article_published_time":"2005-06-10T07:13:42+00:00","article_modified_time":"2025-02-19T15:11:27+00:00","og_image":[{"width":266,"height":189,"url":"https:\/\/www.rassegnastampa-totustuus.it\/cattolica\/wp-content\/uploads\/2005\/06\/ecografia.jpg","type":"image\/jpeg"}],"author":"Redazione","twitter_card":"summary_large_image","twitter_creator":"@rassegnastampa9","twitter_site":"@rassegnastampa9","twitter_misc":{"Scritto da":"Redazione","Tempo di lettura stimato":"6 minuti"},"schema":{"@context":"https:\/\/schema.org","@graph":[{"@type":"Article","@id":"https:\/\/www.rassegnastampa-totustuus.it\/cattolica\/lumanita-del-concepito-non-e-un-dogma-ma-e-un-dato\/#article","isPartOf":{"@id":"https:\/\/www.rassegnastampa-totustuus.it\/cattolica\/lumanita-del-concepito-non-e-un-dogma-ma-e-un-dato\/"},"author":{"name":"Redazione","@id":"https:\/\/www.rassegnastampa-totustuus.it\/cattolica\/#\/schema\/person\/08f319d2bd1a0904ad9e2bfb7b15e5c3"},"headline":"&laquo;L&#8217;umanit&agrave; del concepito non &egrave; un dogma ma &egrave; un dato\u00bb","datePublished":"2005-06-10T07:13:42+00:00","dateModified":"2025-02-19T15:11:27+00:00","mainEntityOfPage":{"@id":"https:\/\/www.rassegnastampa-totustuus.it\/cattolica\/lumanita-del-concepito-non-e-un-dogma-ma-e-un-dato\/"},"wordCount":887,"publisher":{"@id":"https:\/\/www.rassegnastampa-totustuus.it\/cattolica\/#organization"},"image":{"@id":"https:\/\/www.rassegnastampa-totustuus.it\/cattolica\/lumanita-del-concepito-non-e-un-dogma-ma-e-un-dato\/#primaryimage"},"thumbnailUrl":"https:\/\/www.rassegnastampa-totustuus.it\/cattolica\/wp-content\/uploads\/2005\/06\/ecografia.jpg","keywords":["Aborto","concepito","fivet","legge 40"],"articleSection":["Aborto","Bioetica"],"inLanguage":"it-IT"},{"@type":"WebPage","@id":"https:\/\/www.rassegnastampa-totustuus.it\/cattolica\/lumanita-del-concepito-non-e-un-dogma-ma-e-un-dato\/","url":"https:\/\/www.rassegnastampa-totustuus.it\/cattolica\/lumanita-del-concepito-non-e-un-dogma-ma-e-un-dato\/","name":"&laquo;L'umanit&agrave; del concepito non &egrave; un dogma ma &egrave; un dato\u00bb - Rassegna Stampa Cattolica","isPartOf":{"@id":"https:\/\/www.rassegnastampa-totustuus.it\/cattolica\/#website"},"primaryImageOfPage":{"@id":"https:\/\/www.rassegnastampa-totustuus.it\/cattolica\/lumanita-del-concepito-non-e-un-dogma-ma-e-un-dato\/#primaryimage"},"image":{"@id":"https:\/\/www.rassegnastampa-totustuus.it\/cattolica\/lumanita-del-concepito-non-e-un-dogma-ma-e-un-dato\/#primaryimage"},"thumbnailUrl":"https:\/\/www.rassegnastampa-totustuus.it\/cattolica\/wp-content\/uploads\/2005\/06\/ecografia.jpg","datePublished":"2005-06-10T07:13:42+00:00","dateModified":"2025-02-19T15:11:27+00:00","description":"\u00abL'umanit\u00e0 del concepito non \u00e8 un dogma ma \u00e8 un dato\u00bb, una realt\u00e0 oggettiva che pu\u00f2 essere osservata col microscopio e poi con l'ecografo","breadcrumb":{"@id":"https:\/\/www.rassegnastampa-totustuus.it\/cattolica\/lumanita-del-concepito-non-e-un-dogma-ma-e-un-dato\/#breadcrumb"},"inLanguage":"it-IT","potentialAction":[{"@type":"ReadAction","target":["https:\/\/www.rassegnastampa-totustuus.it\/cattolica\/lumanita-del-concepito-non-e-un-dogma-ma-e-un-dato\/"]}]},{"@type":"ImageObject","inLanguage":"it-IT","@id":"https:\/\/www.rassegnastampa-totustuus.it\/cattolica\/lumanita-del-concepito-non-e-un-dogma-ma-e-un-dato\/#primaryimage","url":"https:\/\/www.rassegnastampa-totustuus.it\/cattolica\/wp-content\/uploads\/2005\/06\/ecografia.jpg","contentUrl":"https:\/\/www.rassegnastampa-totustuus.it\/cattolica\/wp-content\/uploads\/2005\/06\/ecografia.jpg","width":266,"height":189},{"@type":"BreadcrumbList","@id":"https:\/\/www.rassegnastampa-totustuus.it\/cattolica\/lumanita-del-concepito-non-e-un-dogma-ma-e-un-dato\/#breadcrumb","itemListElement":[{"@type":"ListItem","position":1,"name":"Home","item":"https:\/\/www.rassegnastampa-totustuus.it\/cattolica\/"},{"@type":"ListItem","position":2,"name":"&laquo;L&#8217;umanit&agrave; del concepito non &egrave; un dogma ma &egrave; un dato\u00bb"}]},{"@type":"WebSite","@id":"https:\/\/www.rassegnastampa-totustuus.it\/cattolica\/#website","url":"https:\/\/www.rassegnastampa-totustuus.it\/cattolica\/","name":"Rassegna Stampa Cattolica","description":"Per una cultura che nasce dalla Rivelazione cristiana in conformit\u00e0 alla tradizione e al Magistero della Chiesa in opposizione ad ogni relativismo e totalitarismo","publisher":{"@id":"https:\/\/www.rassegnastampa-totustuus.it\/cattolica\/#organization"},"alternateName":"Rass. Cattolica","potentialAction":[{"@type":"SearchAction","target":{"@type":"EntryPoint","urlTemplate":"https:\/\/www.rassegnastampa-totustuus.it\/cattolica\/?s={search_term_string}"},"query-input":{"@type":"PropertyValueSpecification","valueRequired":true,"valueName":"search_term_string"}}],"inLanguage":"it-IT"},{"@type":"Organization","@id":"https:\/\/www.rassegnastampa-totustuus.it\/cattolica\/#organization","name":"Rassegna Stampa Cattolica","url":"https:\/\/www.rassegnastampa-totustuus.it\/cattolica\/","logo":{"@type":"ImageObject","inLanguage":"it-IT","@id":"https:\/\/www.rassegnastampa-totustuus.it\/cattolica\/#\/schema\/logo\/image\/","url":"https:\/\/www.rassegnastampa-totustuus.it\/cattolica\/wp-content\/uploads\/2014\/04\/logo-rassegna1.gif","contentUrl":"https:\/\/www.rassegnastampa-totustuus.it\/cattolica\/wp-content\/uploads\/2014\/04\/logo-rassegna1.gif","width":600,"height":163,"caption":"Rassegna Stampa Cattolica"},"image":{"@id":"https:\/\/www.rassegnastampa-totustuus.it\/cattolica\/#\/schema\/logo\/image\/"},"sameAs":["https:\/\/www.facebook.com\/rassegnastampacattolica","https:\/\/x.com\/rassegnastampa9"]},{"@type":"Person","@id":"https:\/\/www.rassegnastampa-totustuus.it\/cattolica\/#\/schema\/person\/08f319d2bd1a0904ad9e2bfb7b15e5c3","name":"Redazione","image":{"@type":"ImageObject","inLanguage":"it-IT","@id":"https:\/\/secure.gravatar.com\/avatar\/2fcdf27c78ea025fbdb44e914cc63c72249ffec9dc8aafd5c82b26240ef3f346?s=96&d=mm&r=g","url":"https:\/\/secure.gravatar.com\/avatar\/2fcdf27c78ea025fbdb44e914cc63c72249ffec9dc8aafd5c82b26240ef3f346?s=96&d=mm&r=g","contentUrl":"https:\/\/secure.gravatar.com\/avatar\/2fcdf27c78ea025fbdb44e914cc63c72249ffec9dc8aafd5c82b26240ef3f346?s=96&d=mm&r=g","caption":"Redazione"},"url":"https:\/\/www.rassegnastampa-totustuus.it\/cattolica\/author\/pietroelle\/"}]}},"_links":{"self":[{"href":"https:\/\/www.rassegnastampa-totustuus.it\/cattolica\/wp-json\/wp\/v2\/posts\/695","targetHints":{"allow":["GET"]}}],"collection":[{"href":"https:\/\/www.rassegnastampa-totustuus.it\/cattolica\/wp-json\/wp\/v2\/posts"}],"about":[{"href":"https:\/\/www.rassegnastampa-totustuus.it\/cattolica\/wp-json\/wp\/v2\/types\/post"}],"author":[{"embeddable":true,"href":"https:\/\/www.rassegnastampa-totustuus.it\/cattolica\/wp-json\/wp\/v2\/users\/6"}],"replies":[{"embeddable":true,"href":"https:\/\/www.rassegnastampa-totustuus.it\/cattolica\/wp-json\/wp\/v2\/comments?post=695"}],"version-history":[{"count":4,"href":"https:\/\/www.rassegnastampa-totustuus.it\/cattolica\/wp-json\/wp\/v2\/posts\/695\/revisions"}],"predecessor-version":[{"id":62198,"href":"https:\/\/www.rassegnastampa-totustuus.it\/cattolica\/wp-json\/wp\/v2\/posts\/695\/revisions\/62198"}],"wp:featuredmedia":[{"embeddable":true,"href":"https:\/\/www.rassegnastampa-totustuus.it\/cattolica\/wp-json\/wp\/v2\/media\/34910"}],"wp:attachment":[{"href":"https:\/\/www.rassegnastampa-totustuus.it\/cattolica\/wp-json\/wp\/v2\/media?parent=695"}],"wp:term":[{"taxonomy":"category","embeddable":true,"href":"https:\/\/www.rassegnastampa-totustuus.it\/cattolica\/wp-json\/wp\/v2\/categories?post=695"},{"taxonomy":"post_tag","embeddable":true,"href":"https:\/\/www.rassegnastampa-totustuus.it\/cattolica\/wp-json\/wp\/v2\/tags?post=695"}],"curies":[{"name":"wp","href":"https:\/\/api.w.org\/{rel}","templated":true}]}}