{"id":694,"date":"2005-06-10T00:00:00","date_gmt":"2005-06-09T22:00:00","guid":{"rendered":""},"modified":"2016-06-20T12:37:44","modified_gmt":"2016-06-20T10:37:44","slug":"mustaf-che-sarai-italiano-nel-2010","status":"publish","type":"post","link":"https:\/\/www.rassegnastampa-totustuus.it\/cattolica\/mustaf-che-sarai-italiano-nel-2010\/","title":{"rendered":"Mustaf&agrave;, che sarai italiano nel 2010"},"content":{"rendered":"<div style=\"text-align: center;\"><img loading=\"lazy\" decoding=\"async\" class=\"alignright wp-image-35154\" src=\"https:\/\/www.rassegnastampa-totustuus.it\/cattolica\/wp-content\/uploads\/2005\/06\/immigrati-1.jpg\" alt=\"immigrati\" width=\"250\" height=\"187\" \/>Articolo pubblicato su <strong>Tempi<\/strong> n.29 anno 6<\/div>\n<p style=\"text-align: justify;\"><em>Troppo chiacchiere e distintivi nel dibattito sull\u2019immigrazione. La politica migratoria la decider\u00e0 chi vincer\u00e0 le prossime elezioni. Ma attenzione avvertono gli esperti: siamo solo agli inizi. Parlano il demografo Blangiardo e il sociologo Scid\u00e0. Che confermano: &#8220;manca una politica seria per un fenomeno che nel 2010 sar\u00e0 esplosivo, specie nel Nord&#8221;. E sulle quote ha ragione Formigoni: &#8220;devono deciderle le regioni&#8221;<\/em><\/p>\n<p style=\"text-align: center;\">di<strong> Esposito Francesco<\/strong><\/p>\n<p><!--more--><\/p>\n<div style=\"text-align: justify;\">Coincidenza vuole che, negli stessi giorni in cui clandestini hanno cominciato a sbarcare anche sulle spiagge di Grado, un convegno (&#8220;Migrazioni, scenari per il XXI secolo&#8221; organizzato a Roma settimana scorsa dall\u2019Agenzia romana per il Giubileo) abbia riportato sulle prime pagine dei giornali il dibattito sull\u2019immigrazione. Ma al di l\u00e0 del consueto incrociarsi di lame per cui gli immigrati appaiono di volta in volta &#8220;una risorsa&#8221; (Violante , Mancino, Fazio, mentre il ministro degli Interni Bianco auspica addirittura &#8220;un\u2019apertura massiccia ai flussi migratori&#8221;); &#8220;un\u2019emergenza&#8221; (per Polo e Polizia che, dati del Viminale alla mano &#8211; il 50% dei reati \u00e8 commesso da immigrati e la quota raggiunge anche il 70% per i crimini legati alla droga nei capoluoghi del Nord -, annuncia agitazioni per la sanatoria dei clandestini), una &#8220;provvidenza&#8221; (cos\u00ec l\u2019Associazione dei costruttori italiani, che ha lanciato la proposta &#8220;una casa per tutti gli immigrati&#8221;), un fatto sembra incontestabile: il fenomeno immigrazione, in Italia, \u00e8 ancora in una fase embrionale.<\/div>\n<p style=\"text-align: justify;\">Un dato gi\u00e0 rilevato dalla ricerca del Censis dell\u2019anno passato &#8220;Cittadini insicuri nell\u2019Italia multietnica&#8221;: pi\u00f9 del 30% del totale delle presenze riguarda le sole aree di Roma e Milano e in 10 province si concentra pi\u00f9 della met\u00e0 degli immigrati (Milano, Roma, Torino, Napoli, Bologna, Firenze, Genova, Brescia, Vicenza e Verona).<\/p>\n<p style=\"text-align: justify;\">&#8220;L\u2019Italia in effetti non si pu\u00f2 realisticamente considerare come un paese vittima di un\u2019invasione&#8221;, commenta Gian Carlo Blangiardo, professore ordinario di Demografia all\u2019Universit\u00e0 degli Studi di Milano, membro di alcune tra le pi\u00f9 autorevoli associazioni scientifiche internazionali che si occupano di studio della popolazione, nonch\u00e9 del Comitato scientifico dell\u2019ISMU, Fondazione per lo studio della multietnicit\u00e0.<\/p>\n<p style=\"text-align: justify;\">&#8220;Se prendiamo come riferimento la densit\u00e0 della presenza straniera, secondo le fonti Istat siamo a circa 1 milione e 200mila residenti, un numero che comprende gli iscritti all\u2019anagrafe negli 8mila comuni italiani e include anche coloro che non si trovano pi\u00f9 sul territorio, visto che la cancellazione all\u2019anagrafe \u00e8 una pratica poco diffusa.<\/p>\n<p style=\"text-align: justify;\">Raffrontando questa quota con la popolazione italiana di 57 milioni di abitanti, si ottiene un risultato piuttosto basso (siamo nell\u2019ordine di una densit\u00e0 del 2%, laddove l\u2019incidenza sulla popolazione in paesi come Francia, Austria e Germania varia fra il 6 e il 9%). Aggiungerei poi che la percentuale di clandestini non \u00e8 cos\u00ec alta come si vorrebbe far credere, per cui si pu\u00f2 ritenere, realisticamente, che gli immigrati sul territorio italiano non superino il numero di 1 milione e 500mila presenze, clandestini inclusi.<\/p>\n<p style=\"text-align: justify;\">Certo, bisogna anche rilevare che la situazione italiana \u00e8 molto diversa rispetto a quella degli altri paesi europei, che hanno storicamente maggiore esperienza di gestione di una presenza straniera facilmente assimilabile, perch\u00e9 proveniente dalle ex colonie&#8221;. Una differenza rimarcata anche nel dossier diffuso dal Censis in occasione del convegno sull\u2019immigrazione di Roma: &#8220;Al contrario di quanto verificatosi in paesi come il Regno Unito e la Francia, dove l\u2019immigrazione risulta strettamente connessa al trascorso storico-coloniale che ha costruito tra i nuovi arrivati e autoctoni una continuit\u00e0 (linguistica, storica, economica, culturale), i flussi in Italia sono il prodotto di una pi\u00f9 variegata gamma di cause e motivazioni, il cui effetto finale \u00e8 l\u2019eterogeneit\u00e0 per quanto concerne le comunit\u00e0 etniche e nazionali rappresentate e i diversi gradi di affinit\u00e0 e estraneit\u00e0 tra queste ultime e il nostro paese&#8221;.<\/p>\n<p style=\"text-align: justify;\">Sar\u00e0 per questo che, sempre secondo le rilevazioni del Censis, il 48,3% degli italiani ritiene che la convivenza multietnica sia fonte di conflitto sociale.<\/p>\n<p style=\"text-align: justify;\">&#8220;Il vero problema \u00e8 che in Italia manca un contesto che consenta all\u2019immigrazione di essere valorizzata come risorsa&#8221;, sottolinea Blangiardo. &#8220;Per gestire efficacemente questo fenomeno servono infatti regole chiare e noi stiamo purtroppo scontando un periodo di leggi piuttosto vaghe. Fortunatamente \u00e8 entrata in vigore la legge n.40 del 6 marzo 1998, che &#8211; bella o brutta che sia &#8211; almeno stabilisce un quadro normativo. Ma rimane il problema di conciliare filosofie diverse, quando non opposte: per l\u2019estrema sinistra, gli immigrati sono tutti poveri disgraziati che vanno comunque difesi perch\u00e9 \u2018vittime della societ\u00e0\u2019; il mondo cattolico \u00e8 disponibile ad aiutare tutti; i benpensanti al contrario vorrebbero controlli rigidi e impiccagioni sulla pubblica piazza.<\/p>\n<p style=\"text-align: justify;\">In effetti manca un unico modello di immigrazione a cui ispirarsi &#8211; tra le diverse alternative, dallo straniero \u2018ospite\u2019 tedesco all\u2019integrazione assoluta della Francia, che vorrebbe trasformare tutti in francesi &#8211; e su cui plasmare le politiche e i diversi interventi. Certo, per evitare che il fenomeno degeneri, se non si vuole una selezione delle presenze, bisogna almeno fare in modo che chi varca i confini del nostro paese sappia che per restare deve rispettare regole precise, e occorre poi la necessaria fermezza quando queste regole non vengono rispettate&#8221;.<\/p>\n<p style=\"text-align: justify;\">Anche Giuseppe Scid\u00e0, professore di Sociologia dell\u2019immigrazione e di Sociologia del Paesi in via di sviluppo all\u2019Universit\u00e0 di Bologna, concorda pienamente su questo punto: &#8220;Premesso che riguardo all\u2019entit\u00e0 degli arrivi di stranieri in Italia siamo ancora sotto il nostro fabbisogno, dico che ogni paese che accoglie immigrati compie delle scelte, mette in atto politiche precise. L\u2019Italia no. Il risultato \u00e8 che sul territorio entrano immigrati di ogni sorta.<\/p>\n<p style=\"text-align: justify;\">Dovremmo essere noi invece ad avanzare delle richieste, a segnalare le nostre esigenze. In tutti i paesi che svolgono politiche migratorie attive, le ambasciate indicano quali sono i bisogni della societ\u00e0, le offerte di lavoro. Ricordo quando il Brasile promuoveva la colonizzazione dei suoi territori: venivano accettati primariamente coloni della mitteleuropa, quindi coloni italiani: questi dovevano provenire dalle regioni del Nord (i meridionali non entravano), e dovevano costituire un nucleo familiare, con capofamiglia: a costoro &#8211; e solo a costoro &#8211; veniva assegnato un appezzamento di 22 ettari di terreno coltivabile.<\/p>\n<p style=\"text-align: justify;\">Con la legge 40 \u00e8 stato introdotto anche il Italia il sistema delle \u2018quote\u2019, che dovrebbe venire incontro alla necessit\u00e0 di una programmazione dei flussi &#8211; e qui si inserisce la polemica Formigoni-Amato, se cio\u00e8 la politica delle immigrazioni debba essere nazionale o regionale, sulla quale mi pare che se dal punto di vista formale pu\u00f2 avere ragione Amato (trattandosi di decisioni che in qualche modo riguardano la politica estera), dal punto di vista concreto \u00e8 innegabile che le regioni abbiano una conoscenza pi\u00f9 profonda delle necessit\u00e0 e dei problemi del territorio. Comunque, per il momento l\u2019Italia si limita a fissare quote nazionali.<\/p>\n<p style=\"text-align: justify;\">Pi\u00f9 precisamente ha riservato un certo numero di immigrati a paesi coi quali esistevano accordi di cooperazione migratoria, come la Tunisia e l\u2019Albania &#8211; non \u00e8 cos\u00ec per altri paesi: la Cina, ad esempio, rifiuta di rimpatriare i clandestini individuati sul territorio italiano, se non ponendo come condizione il rimpatrio dei rifugiati politici cinesi nel nostro paese, il che naturalmente \u00e8 inaccettabile. Abbiamo anche fissato una quota complessiva di presenze straniere per il 2000 (63mila unit\u00e0). Ho per\u00f2 il timore che il finale sar\u00e0 nuovamente \u2018all\u2019italiana\u2019 e di queste quote finiranno per beneficiare soltanto i clandestini gi\u00e0 presenti sul territorio&#8221;.<\/p>\n<p style=\"text-align: justify;\">Intanto, le stime pi\u00f9 attendibili (e prudenti) parlano per l\u2019Italia di una crescita dell\u2019immigrazione che porter\u00e0 la popolazione straniera a raggiungere quota 2 milioni e mezzo di unit\u00e0 entro il 2010 (il 4% sul totale degli abitanti). &#8220;Tra vent\u2019anni, &#8211; osserva Scid\u00e0 &#8211; soprattutto nelle scuole delle regioni pi\u00f9 sviluppate, ci saranno quasi solo i figli degli extracomunitari (gi\u00e0 oggi, nella sola Lombardia, sono iscritti 50mila bambini stranieri). Non si pu\u00f2 fare finta di niente: la convivenza porr\u00e0 certamente problemi, perch\u00e9 mentre il numero degli immigrati continuer\u00e0 a crescere, se pure gradualmente, gli italiani, visti gli indici demografici, saranno sempre meno&#8221;.<\/p>\n","protected":false},"excerpt":{"rendered":"<p>Articolo pubblicato su Tempi n.29 anno 6 Troppo chiacchiere e distintivi nel dibattito sull\u2019immigrazione. La politica migratoria la decider\u00e0 chi vincer\u00e0 le prossime elezioni. Ma attenzione avvertono gli esperti: siamo solo agli inizi. Parlano il demografo Blangiardo e il sociologo Scid\u00e0. Che confermano: &#8220;manca una politica seria per un fenomeno che nel 2010 sar\u00e0 esplosivo, &hellip; <\/p>\n<p><a class=\"more-link btn\" href=\"https:\/\/www.rassegnastampa-totustuus.it\/cattolica\/mustaf-che-sarai-italiano-nel-2010\/\">Continua a leggere<\/a><\/p>\n","protected":false},"author":6,"featured_media":35154,"comment_status":"closed","ping_status":"open","sticky":false,"template":"","format":"standard","meta":{"footnotes":""},"categories":[38],"tags":[2392],"class_list":["post-694","post","type-post","status-publish","format-standard","has-post-thumbnail","hentry","category-immigrazione","tag-immigrazione","item-wrap"],"yoast_head":"<!-- This site is optimized with the Yoast SEO plugin v27.5 - https:\/\/yoast.com\/product\/yoast-seo-wordpress\/ -->\n<title>Mustaf&agrave;, che sarai italiano nel 2010 - Rassegna Stampa Cattolica<\/title>\n<meta name=\"description\" content=\"Rassegna Stampa Cattolica - Per una cultura che nasce dalla Rivelazione cristiana in conformit\u00e0 alla tradizione e al Magistero della Chiesa in opposizione ad ogni relativismo e totalitarismo\" \/>\n<meta name=\"robots\" content=\"index, follow, max-snippet:-1, max-image-preview:large, max-video-preview:-1\" \/>\n<link rel=\"canonical\" href=\"https:\/\/www.rassegnastampa-totustuus.it\/cattolica\/mustaf-che-sarai-italiano-nel-2010\/\" \/>\n<meta property=\"og:locale\" content=\"it_IT\" \/>\n<meta property=\"og:type\" content=\"article\" \/>\n<meta property=\"og:title\" content=\"Mustaf&agrave;, che sarai italiano nel 2010 - Rassegna Stampa Cattolica\" \/>\n<meta property=\"og:description\" content=\"Rassegna Stampa Cattolica - Per una cultura che nasce dalla Rivelazione cristiana in conformit\u00e0 alla tradizione e al Magistero della Chiesa in opposizione ad ogni relativismo e totalitarismo\" \/>\n<meta property=\"og:url\" content=\"https:\/\/www.rassegnastampa-totustuus.it\/cattolica\/mustaf-che-sarai-italiano-nel-2010\/\" \/>\n<meta property=\"og:site_name\" content=\"Rassegna Stampa Cattolica\" \/>\n<meta property=\"article:publisher\" content=\"https:\/\/www.facebook.com\/rassegnastampacattolica\" \/>\n<meta property=\"article:published_time\" content=\"2005-06-09T22:00:00+00:00\" \/>\n<meta property=\"article:modified_time\" content=\"2016-06-20T10:37:44+00:00\" \/>\n<meta property=\"og:image\" content=\"https:\/\/www.rassegnastampa-totustuus.it\/cattolica\/wp-content\/uploads\/2005\/06\/immigrati-1.jpg\" \/>\n\t<meta property=\"og:image:width\" content=\"260\" \/>\n\t<meta property=\"og:image:height\" content=\"194\" \/>\n\t<meta property=\"og:image:type\" content=\"image\/jpeg\" \/>\n<meta name=\"author\" content=\"Redazione\" \/>\n<meta name=\"twitter:card\" content=\"summary_large_image\" \/>\n<meta name=\"twitter:creator\" content=\"@rassegnastampa9\" \/>\n<meta name=\"twitter:site\" content=\"@rassegnastampa9\" \/>\n<meta name=\"twitter:label1\" content=\"Scritto da\" \/>\n\t<meta name=\"twitter:data1\" content=\"Redazione\" \/>\n\t<meta name=\"twitter:label2\" content=\"Tempo di lettura stimato\" \/>\n\t<meta name=\"twitter:data2\" content=\"6 minuti\" \/>\n<script type=\"application\/ld+json\" class=\"yoast-schema-graph\">{\"@context\":\"https:\\\/\\\/schema.org\",\"@graph\":[{\"@type\":\"Article\",\"@id\":\"https:\\\/\\\/www.rassegnastampa-totustuus.it\\\/cattolica\\\/mustaf-che-sarai-italiano-nel-2010\\\/#article\",\"isPartOf\":{\"@id\":\"https:\\\/\\\/www.rassegnastampa-totustuus.it\\\/cattolica\\\/mustaf-che-sarai-italiano-nel-2010\\\/\"},\"author\":{\"name\":\"Redazione\",\"@id\":\"https:\\\/\\\/www.rassegnastampa-totustuus.it\\\/cattolica\\\/#\\\/schema\\\/person\\\/08f319d2bd1a0904ad9e2bfb7b15e5c3\"},\"headline\":\"Mustaf&agrave;, che sarai italiano nel 2010\",\"datePublished\":\"2005-06-09T22:00:00+00:00\",\"dateModified\":\"2016-06-20T10:37:44+00:00\",\"mainEntityOfPage\":{\"@id\":\"https:\\\/\\\/www.rassegnastampa-totustuus.it\\\/cattolica\\\/mustaf-che-sarai-italiano-nel-2010\\\/\"},\"wordCount\":1300,\"publisher\":{\"@id\":\"https:\\\/\\\/www.rassegnastampa-totustuus.it\\\/cattolica\\\/#organization\"},\"image\":{\"@id\":\"https:\\\/\\\/www.rassegnastampa-totustuus.it\\\/cattolica\\\/mustaf-che-sarai-italiano-nel-2010\\\/#primaryimage\"},\"thumbnailUrl\":\"https:\\\/\\\/www.rassegnastampa-totustuus.it\\\/cattolica\\\/wp-content\\\/uploads\\\/2005\\\/06\\\/immigrati-1.jpg\",\"keywords\":[\"immigrazione\"],\"articleSection\":[\"Immigrazione\"],\"inLanguage\":\"it-IT\"},{\"@type\":\"WebPage\",\"@id\":\"https:\\\/\\\/www.rassegnastampa-totustuus.it\\\/cattolica\\\/mustaf-che-sarai-italiano-nel-2010\\\/\",\"url\":\"https:\\\/\\\/www.rassegnastampa-totustuus.it\\\/cattolica\\\/mustaf-che-sarai-italiano-nel-2010\\\/\",\"name\":\"Mustaf&agrave;, che sarai italiano nel 2010 - Rassegna Stampa Cattolica\",\"isPartOf\":{\"@id\":\"https:\\\/\\\/www.rassegnastampa-totustuus.it\\\/cattolica\\\/#website\"},\"primaryImageOfPage\":{\"@id\":\"https:\\\/\\\/www.rassegnastampa-totustuus.it\\\/cattolica\\\/mustaf-che-sarai-italiano-nel-2010\\\/#primaryimage\"},\"image\":{\"@id\":\"https:\\\/\\\/www.rassegnastampa-totustuus.it\\\/cattolica\\\/mustaf-che-sarai-italiano-nel-2010\\\/#primaryimage\"},\"thumbnailUrl\":\"https:\\\/\\\/www.rassegnastampa-totustuus.it\\\/cattolica\\\/wp-content\\\/uploads\\\/2005\\\/06\\\/immigrati-1.jpg\",\"datePublished\":\"2005-06-09T22:00:00+00:00\",\"dateModified\":\"2016-06-20T10:37:44+00:00\",\"description\":\"Rassegna Stampa Cattolica - Per una cultura che nasce dalla Rivelazione cristiana in conformit\u00e0 alla tradizione e al Magistero della Chiesa in opposizione ad ogni relativismo e totalitarismo\",\"breadcrumb\":{\"@id\":\"https:\\\/\\\/www.rassegnastampa-totustuus.it\\\/cattolica\\\/mustaf-che-sarai-italiano-nel-2010\\\/#breadcrumb\"},\"inLanguage\":\"it-IT\",\"potentialAction\":[{\"@type\":\"ReadAction\",\"target\":[\"https:\\\/\\\/www.rassegnastampa-totustuus.it\\\/cattolica\\\/mustaf-che-sarai-italiano-nel-2010\\\/\"]}]},{\"@type\":\"ImageObject\",\"inLanguage\":\"it-IT\",\"@id\":\"https:\\\/\\\/www.rassegnastampa-totustuus.it\\\/cattolica\\\/mustaf-che-sarai-italiano-nel-2010\\\/#primaryimage\",\"url\":\"https:\\\/\\\/www.rassegnastampa-totustuus.it\\\/cattolica\\\/wp-content\\\/uploads\\\/2005\\\/06\\\/immigrati-1.jpg\",\"contentUrl\":\"https:\\\/\\\/www.rassegnastampa-totustuus.it\\\/cattolica\\\/wp-content\\\/uploads\\\/2005\\\/06\\\/immigrati-1.jpg\",\"width\":260,\"height\":194},{\"@type\":\"BreadcrumbList\",\"@id\":\"https:\\\/\\\/www.rassegnastampa-totustuus.it\\\/cattolica\\\/mustaf-che-sarai-italiano-nel-2010\\\/#breadcrumb\",\"itemListElement\":[{\"@type\":\"ListItem\",\"position\":1,\"name\":\"Home\",\"item\":\"https:\\\/\\\/www.rassegnastampa-totustuus.it\\\/cattolica\\\/\"},{\"@type\":\"ListItem\",\"position\":2,\"name\":\"Mustaf&agrave;, che sarai italiano nel 2010\"}]},{\"@type\":\"WebSite\",\"@id\":\"https:\\\/\\\/www.rassegnastampa-totustuus.it\\\/cattolica\\\/#website\",\"url\":\"https:\\\/\\\/www.rassegnastampa-totustuus.it\\\/cattolica\\\/\",\"name\":\"Rassegna Stampa Cattolica\",\"description\":\"Per una cultura che nasce dalla Rivelazione cristiana in conformit\u00e0 alla tradizione e al Magistero della Chiesa in opposizione ad ogni relativismo e totalitarismo\",\"publisher\":{\"@id\":\"https:\\\/\\\/www.rassegnastampa-totustuus.it\\\/cattolica\\\/#organization\"},\"alternateName\":\"Rass. Cattolica\",\"potentialAction\":[{\"@type\":\"SearchAction\",\"target\":{\"@type\":\"EntryPoint\",\"urlTemplate\":\"https:\\\/\\\/www.rassegnastampa-totustuus.it\\\/cattolica\\\/?s={search_term_string}\"},\"query-input\":{\"@type\":\"PropertyValueSpecification\",\"valueRequired\":true,\"valueName\":\"search_term_string\"}}],\"inLanguage\":\"it-IT\"},{\"@type\":\"Organization\",\"@id\":\"https:\\\/\\\/www.rassegnastampa-totustuus.it\\\/cattolica\\\/#organization\",\"name\":\"Rassegna Stampa Cattolica\",\"url\":\"https:\\\/\\\/www.rassegnastampa-totustuus.it\\\/cattolica\\\/\",\"logo\":{\"@type\":\"ImageObject\",\"inLanguage\":\"it-IT\",\"@id\":\"https:\\\/\\\/www.rassegnastampa-totustuus.it\\\/cattolica\\\/#\\\/schema\\\/logo\\\/image\\\/\",\"url\":\"https:\\\/\\\/www.rassegnastampa-totustuus.it\\\/cattolica\\\/wp-content\\\/uploads\\\/2014\\\/04\\\/logo-rassegna1.gif\",\"contentUrl\":\"https:\\\/\\\/www.rassegnastampa-totustuus.it\\\/cattolica\\\/wp-content\\\/uploads\\\/2014\\\/04\\\/logo-rassegna1.gif\",\"width\":600,\"height\":163,\"caption\":\"Rassegna Stampa Cattolica\"},\"image\":{\"@id\":\"https:\\\/\\\/www.rassegnastampa-totustuus.it\\\/cattolica\\\/#\\\/schema\\\/logo\\\/image\\\/\"},\"sameAs\":[\"https:\\\/\\\/www.facebook.com\\\/rassegnastampacattolica\",\"https:\\\/\\\/x.com\\\/rassegnastampa9\"]},{\"@type\":\"Person\",\"@id\":\"https:\\\/\\\/www.rassegnastampa-totustuus.it\\\/cattolica\\\/#\\\/schema\\\/person\\\/08f319d2bd1a0904ad9e2bfb7b15e5c3\",\"name\":\"Redazione\",\"image\":{\"@type\":\"ImageObject\",\"inLanguage\":\"it-IT\",\"@id\":\"https:\\\/\\\/secure.gravatar.com\\\/avatar\\\/2fcdf27c78ea025fbdb44e914cc63c72249ffec9dc8aafd5c82b26240ef3f346?s=96&d=mm&r=g\",\"url\":\"https:\\\/\\\/secure.gravatar.com\\\/avatar\\\/2fcdf27c78ea025fbdb44e914cc63c72249ffec9dc8aafd5c82b26240ef3f346?s=96&d=mm&r=g\",\"contentUrl\":\"https:\\\/\\\/secure.gravatar.com\\\/avatar\\\/2fcdf27c78ea025fbdb44e914cc63c72249ffec9dc8aafd5c82b26240ef3f346?s=96&d=mm&r=g\",\"caption\":\"Redazione\"},\"url\":\"https:\\\/\\\/www.rassegnastampa-totustuus.it\\\/cattolica\\\/author\\\/pietroelle\\\/\"}]}<\/script>\n<!-- \/ Yoast SEO plugin. -->","yoast_head_json":{"title":"Mustaf&agrave;, che sarai italiano nel 2010 - Rassegna Stampa Cattolica","description":"Rassegna Stampa Cattolica - Per una cultura che nasce dalla Rivelazione cristiana in conformit\u00e0 alla tradizione e al Magistero della Chiesa in opposizione ad ogni relativismo e totalitarismo","robots":{"index":"index","follow":"follow","max-snippet":"max-snippet:-1","max-image-preview":"max-image-preview:large","max-video-preview":"max-video-preview:-1"},"canonical":"https:\/\/www.rassegnastampa-totustuus.it\/cattolica\/mustaf-che-sarai-italiano-nel-2010\/","og_locale":"it_IT","og_type":"article","og_title":"Mustaf&agrave;, che sarai italiano nel 2010 - Rassegna Stampa Cattolica","og_description":"Rassegna Stampa Cattolica - Per una cultura che nasce dalla Rivelazione cristiana in conformit\u00e0 alla tradizione e al Magistero della Chiesa in opposizione ad ogni relativismo e totalitarismo","og_url":"https:\/\/www.rassegnastampa-totustuus.it\/cattolica\/mustaf-che-sarai-italiano-nel-2010\/","og_site_name":"Rassegna Stampa Cattolica","article_publisher":"https:\/\/www.facebook.com\/rassegnastampacattolica","article_published_time":"2005-06-09T22:00:00+00:00","article_modified_time":"2016-06-20T10:37:44+00:00","og_image":[{"width":260,"height":194,"url":"https:\/\/www.rassegnastampa-totustuus.it\/cattolica\/wp-content\/uploads\/2005\/06\/immigrati-1.jpg","type":"image\/jpeg"}],"author":"Redazione","twitter_card":"summary_large_image","twitter_creator":"@rassegnastampa9","twitter_site":"@rassegnastampa9","twitter_misc":{"Scritto da":"Redazione","Tempo di lettura stimato":"6 minuti"},"schema":{"@context":"https:\/\/schema.org","@graph":[{"@type":"Article","@id":"https:\/\/www.rassegnastampa-totustuus.it\/cattolica\/mustaf-che-sarai-italiano-nel-2010\/#article","isPartOf":{"@id":"https:\/\/www.rassegnastampa-totustuus.it\/cattolica\/mustaf-che-sarai-italiano-nel-2010\/"},"author":{"name":"Redazione","@id":"https:\/\/www.rassegnastampa-totustuus.it\/cattolica\/#\/schema\/person\/08f319d2bd1a0904ad9e2bfb7b15e5c3"},"headline":"Mustaf&agrave;, che sarai italiano nel 2010","datePublished":"2005-06-09T22:00:00+00:00","dateModified":"2016-06-20T10:37:44+00:00","mainEntityOfPage":{"@id":"https:\/\/www.rassegnastampa-totustuus.it\/cattolica\/mustaf-che-sarai-italiano-nel-2010\/"},"wordCount":1300,"publisher":{"@id":"https:\/\/www.rassegnastampa-totustuus.it\/cattolica\/#organization"},"image":{"@id":"https:\/\/www.rassegnastampa-totustuus.it\/cattolica\/mustaf-che-sarai-italiano-nel-2010\/#primaryimage"},"thumbnailUrl":"https:\/\/www.rassegnastampa-totustuus.it\/cattolica\/wp-content\/uploads\/2005\/06\/immigrati-1.jpg","keywords":["immigrazione"],"articleSection":["Immigrazione"],"inLanguage":"it-IT"},{"@type":"WebPage","@id":"https:\/\/www.rassegnastampa-totustuus.it\/cattolica\/mustaf-che-sarai-italiano-nel-2010\/","url":"https:\/\/www.rassegnastampa-totustuus.it\/cattolica\/mustaf-che-sarai-italiano-nel-2010\/","name":"Mustaf&agrave;, che sarai italiano nel 2010 - Rassegna Stampa Cattolica","isPartOf":{"@id":"https:\/\/www.rassegnastampa-totustuus.it\/cattolica\/#website"},"primaryImageOfPage":{"@id":"https:\/\/www.rassegnastampa-totustuus.it\/cattolica\/mustaf-che-sarai-italiano-nel-2010\/#primaryimage"},"image":{"@id":"https:\/\/www.rassegnastampa-totustuus.it\/cattolica\/mustaf-che-sarai-italiano-nel-2010\/#primaryimage"},"thumbnailUrl":"https:\/\/www.rassegnastampa-totustuus.it\/cattolica\/wp-content\/uploads\/2005\/06\/immigrati-1.jpg","datePublished":"2005-06-09T22:00:00+00:00","dateModified":"2016-06-20T10:37:44+00:00","description":"Rassegna Stampa Cattolica - Per una cultura che nasce dalla Rivelazione cristiana in conformit\u00e0 alla tradizione e al Magistero della Chiesa in opposizione ad ogni relativismo e totalitarismo","breadcrumb":{"@id":"https:\/\/www.rassegnastampa-totustuus.it\/cattolica\/mustaf-che-sarai-italiano-nel-2010\/#breadcrumb"},"inLanguage":"it-IT","potentialAction":[{"@type":"ReadAction","target":["https:\/\/www.rassegnastampa-totustuus.it\/cattolica\/mustaf-che-sarai-italiano-nel-2010\/"]}]},{"@type":"ImageObject","inLanguage":"it-IT","@id":"https:\/\/www.rassegnastampa-totustuus.it\/cattolica\/mustaf-che-sarai-italiano-nel-2010\/#primaryimage","url":"https:\/\/www.rassegnastampa-totustuus.it\/cattolica\/wp-content\/uploads\/2005\/06\/immigrati-1.jpg","contentUrl":"https:\/\/www.rassegnastampa-totustuus.it\/cattolica\/wp-content\/uploads\/2005\/06\/immigrati-1.jpg","width":260,"height":194},{"@type":"BreadcrumbList","@id":"https:\/\/www.rassegnastampa-totustuus.it\/cattolica\/mustaf-che-sarai-italiano-nel-2010\/#breadcrumb","itemListElement":[{"@type":"ListItem","position":1,"name":"Home","item":"https:\/\/www.rassegnastampa-totustuus.it\/cattolica\/"},{"@type":"ListItem","position":2,"name":"Mustaf&agrave;, che sarai italiano nel 2010"}]},{"@type":"WebSite","@id":"https:\/\/www.rassegnastampa-totustuus.it\/cattolica\/#website","url":"https:\/\/www.rassegnastampa-totustuus.it\/cattolica\/","name":"Rassegna Stampa Cattolica","description":"Per una cultura che nasce dalla Rivelazione cristiana in conformit\u00e0 alla tradizione e al Magistero della Chiesa in opposizione ad ogni relativismo e totalitarismo","publisher":{"@id":"https:\/\/www.rassegnastampa-totustuus.it\/cattolica\/#organization"},"alternateName":"Rass. Cattolica","potentialAction":[{"@type":"SearchAction","target":{"@type":"EntryPoint","urlTemplate":"https:\/\/www.rassegnastampa-totustuus.it\/cattolica\/?s={search_term_string}"},"query-input":{"@type":"PropertyValueSpecification","valueRequired":true,"valueName":"search_term_string"}}],"inLanguage":"it-IT"},{"@type":"Organization","@id":"https:\/\/www.rassegnastampa-totustuus.it\/cattolica\/#organization","name":"Rassegna Stampa Cattolica","url":"https:\/\/www.rassegnastampa-totustuus.it\/cattolica\/","logo":{"@type":"ImageObject","inLanguage":"it-IT","@id":"https:\/\/www.rassegnastampa-totustuus.it\/cattolica\/#\/schema\/logo\/image\/","url":"https:\/\/www.rassegnastampa-totustuus.it\/cattolica\/wp-content\/uploads\/2014\/04\/logo-rassegna1.gif","contentUrl":"https:\/\/www.rassegnastampa-totustuus.it\/cattolica\/wp-content\/uploads\/2014\/04\/logo-rassegna1.gif","width":600,"height":163,"caption":"Rassegna Stampa Cattolica"},"image":{"@id":"https:\/\/www.rassegnastampa-totustuus.it\/cattolica\/#\/schema\/logo\/image\/"},"sameAs":["https:\/\/www.facebook.com\/rassegnastampacattolica","https:\/\/x.com\/rassegnastampa9"]},{"@type":"Person","@id":"https:\/\/www.rassegnastampa-totustuus.it\/cattolica\/#\/schema\/person\/08f319d2bd1a0904ad9e2bfb7b15e5c3","name":"Redazione","image":{"@type":"ImageObject","inLanguage":"it-IT","@id":"https:\/\/secure.gravatar.com\/avatar\/2fcdf27c78ea025fbdb44e914cc63c72249ffec9dc8aafd5c82b26240ef3f346?s=96&d=mm&r=g","url":"https:\/\/secure.gravatar.com\/avatar\/2fcdf27c78ea025fbdb44e914cc63c72249ffec9dc8aafd5c82b26240ef3f346?s=96&d=mm&r=g","contentUrl":"https:\/\/secure.gravatar.com\/avatar\/2fcdf27c78ea025fbdb44e914cc63c72249ffec9dc8aafd5c82b26240ef3f346?s=96&d=mm&r=g","caption":"Redazione"},"url":"https:\/\/www.rassegnastampa-totustuus.it\/cattolica\/author\/pietroelle\/"}]}},"_links":{"self":[{"href":"https:\/\/www.rassegnastampa-totustuus.it\/cattolica\/wp-json\/wp\/v2\/posts\/694","targetHints":{"allow":["GET"]}}],"collection":[{"href":"https:\/\/www.rassegnastampa-totustuus.it\/cattolica\/wp-json\/wp\/v2\/posts"}],"about":[{"href":"https:\/\/www.rassegnastampa-totustuus.it\/cattolica\/wp-json\/wp\/v2\/types\/post"}],"author":[{"embeddable":true,"href":"https:\/\/www.rassegnastampa-totustuus.it\/cattolica\/wp-json\/wp\/v2\/users\/6"}],"replies":[{"embeddable":true,"href":"https:\/\/www.rassegnastampa-totustuus.it\/cattolica\/wp-json\/wp\/v2\/comments?post=694"}],"version-history":[{"count":4,"href":"https:\/\/www.rassegnastampa-totustuus.it\/cattolica\/wp-json\/wp\/v2\/posts\/694\/revisions"}],"predecessor-version":[{"id":35155,"href":"https:\/\/www.rassegnastampa-totustuus.it\/cattolica\/wp-json\/wp\/v2\/posts\/694\/revisions\/35155"}],"wp:featuredmedia":[{"embeddable":true,"href":"https:\/\/www.rassegnastampa-totustuus.it\/cattolica\/wp-json\/wp\/v2\/media\/35154"}],"wp:attachment":[{"href":"https:\/\/www.rassegnastampa-totustuus.it\/cattolica\/wp-json\/wp\/v2\/media?parent=694"}],"wp:term":[{"taxonomy":"category","embeddable":true,"href":"https:\/\/www.rassegnastampa-totustuus.it\/cattolica\/wp-json\/wp\/v2\/categories?post=694"},{"taxonomy":"post_tag","embeddable":true,"href":"https:\/\/www.rassegnastampa-totustuus.it\/cattolica\/wp-json\/wp\/v2\/tags?post=694"}],"curies":[{"name":"wp","href":"https:\/\/api.w.org\/{rel}","templated":true}]}}