{"id":685,"date":"2005-06-10T00:00:00","date_gmt":"2005-06-09T22:00:00","guid":{"rendered":""},"modified":"2025-02-19T16:34:46","modified_gmt":"2025-02-19T15:34:46","slug":"pressione-fiscale-e-socializzazione-fredda","status":"publish","type":"post","link":"https:\/\/www.rassegnastampa-totustuus.it\/cattolica\/pressione-fiscale-e-socializzazione-fredda\/","title":{"rendered":"Pressione fiscale e &#8221;socializzazione fredda&#8221;"},"content":{"rendered":"\n<p class=\"has-text-align-center\"><a href=\"https:\/\/alleanzacattolica.org\/\" target=\"_blank\" rel=\"noreferrer noopener\"><strong>Cristianit\u00e0<\/strong> n<\/a>. 211 (1992)<\/p>\n\n\n\n<p><em>Gli&nbsp;avvenimenti autorizzano l\u2019ipotesi che i socialisti &#8211; una genia che va ben oltre i confini dei partiti che fanno riferimento esplicito o implicito al socialismo -, mentre lo Stato assistenziale crolla e, ad abundantiam, lo Stato imprenditore non \u00e8 pi\u00f9 assolutamente proponibile, stiano servendosi dello strumento fiscale per tentar di coprire a breve entrambi i fallimenti, scaricando sull\u2019inadeguato gettito fiscale il proprio insuccesso gestionale, quindi &#8211; sul lungo periodo &#8211; per trasformare ulteriormente, anche in campo economico, il &#8220;popolo&#8221; in &#8220;massa&#8221;<\/em><\/p>\n\n\n\n<p class=\"has-text-align-center\">di<strong> Giovanni Cantoni<\/strong><\/p>\n\n\n<div class=\"wp-block-image\">\n<figure class=\"aligncenter size-full is-resized\"><a href=\"https:\/\/www.rassegnastampa-totustuus.it\/cattolica\/wp-content\/uploads\/2005\/06\/socializzazione.jpg\"><img loading=\"lazy\" decoding=\"async\" width=\"217\" height=\"233\" src=\"https:\/\/www.rassegnastampa-totustuus.it\/cattolica\/wp-content\/uploads\/2005\/06\/socializzazione.jpg\" alt=\"\" class=\"wp-image-32430\" style=\"width:321px;height:auto\"\/><\/a><\/figure><\/div>\n\n\n<!--more-->\n\n\n\n<p><strong>1.<\/strong> I problemi legati alla pressione fiscale sono certamente molteplici e &#8211; fra essi &#8211; vengono consuetamente esaminati o, almeno, messi in evidenza, quelli congiunturali, raramente quelli strutturali. Infatti, l\u2019approccio congiunturale al problema consente l\u2019uso &#8220;metodico&#8221; di &#8220;due pesi e due misure&#8221;, cio\u00e8 permette di parlare univocamente di <em>necessit\u00e0<\/em> nel caso dell\u2019impositore e di <em>evasione<\/em> in quello del tassato; e, quando il discorso tocca la morale, si fa per lo pi\u00f9 del moralismo, cio\u00e8 si &#8220;giustappongono&#8221; precetti al reale, piuttosto che &#8220;astrarre&#8221; precetti da esso (1); e si trascura il fatto che questi precetti, nell\u2019ottica cattolica, sono a loro volta da verificare, cio\u00e8 da &#8220;render veri&#8221; attraverso il confronto e l\u2019integrazione con gli elementi &#8220;ricordati&#8221; dalla Rivelazione attraverso l\u2019<em>anamnesi<\/em>, la <em>memoria<\/em>, di cui si fa carico il Magistero della Chiesa (2).<\/p>\n\n\n\n<p><strong>2.<\/strong> Questa riflessione mi si \u00e8 imposta quando, il 26 ottobre 1992, sono confluiti a Roma quindicimila commercianti, e il 30 dello stesso mese quarantamila artigiani, e <em>&#8220;i rappresentanti della categoria unanimemente hanno convenuto che &#8220;gli artigiani sono stati stritolati dall\u2019accordo tra sindacati e Confindustria&#8221;&#8221;<\/em> (3): infatti, in entrambi i casi i luoghi comuni si sono sprecati e si \u00e8 saputo solamente ricordare che il dovere contributivo \u00e8 di tutti.<\/p>\n\n\n\n<p><strong>a.<\/strong> Come insegna Papa Pio XII, <em>&#8220;non esiste dubbio sul dovere di ogni cittadino di sopportare una parte delle spese pubbliche&#8221;<\/em>; ma la lezione non finisce qui e meritano di essere riportate e meditate anche le osservazioni immediatamente seguenti, non meno rilevanti.<\/p>\n\n\n\n<p><strong>b.<\/strong> <em>&#8220;<\/em>[&#8230;] <em>da parte sua<\/em> &#8211; prosegue infatti il Sommo Pontefice &#8211;<em>, lo Stato, in quanto incaricato di proteggere e di promuovere il bene comune dei cittadini, ha l\u2019obbligo di ripartire fra essi soltanto carichi necessari e proporzionati alle loro risorse&#8221;<\/em>;<\/p>\n\n\n\n<p><strong>c.<\/strong> soprattutto, &#8220;<em>quindi l\u2019imposta non pu\u00f2 mai diventare per i pubblici poteri un mezzo comodo per colmare il deficit provocato da un\u2019amministrazione improvvida, per favorire un\u2019industria oppure una branca di commercio a spese di un\u2019altra ugualmente utile&#8221;<\/em>;<\/p>\n\n\n\n<p><strong>d.<\/strong> inoltre, <em>&#8220;lo Stato si vieter\u00e0 ogni sperpero del denaro pubblico; preverr\u00e0 gli abusi e le ingiustizie da parte dei suoi funzionari, cos\u00ec come l\u2019evasione di quanti sono legittimamente colpiti&#8221;<\/em>.<\/p>\n\n\n\n<p><strong>e. <\/strong><em><strong>&#8220;<\/strong>Oggi gli Stati moderni tendono a moltiplicare i loro interventi e ad assicurare un numero crescente di servizi; esercitano un controllo pi\u00f9 stretto sull\u2019economia; intervengono preventivamente nella protezione sociale di numerose categorie di lavoratori; anche i loro bisogni di denaro crescono nella misura in cui le loro amministrazioni si gonfiano. Spesso le imposizioni troppo pesanti opprimono l\u2019iniziativa privata, frenano lo sviluppo dell\u2019industria e del commercio, scoraggiano le buone volont\u00e0&#8221; <\/em>(4).<\/p>\n\n\n\n<p><strong>3.<\/strong> Ma, di nuovo, non \u00e8 ancora tutto. Sempre Papa Pio XII nota che <em>&#8220;<\/em>[&#8230;] <em>molti &#8211; troppi &#8211; guidati dall\u2019interesse, dallo spirito di partito, oppure da considerazioni pi\u00f9 sentimentali che razionali, affrontano e trattano, economisti e politici improvvisati, i problemi finanziari e fiscali con tanto maggior ardore e foga, come pure con tanta maggior sicurezza e disinvoltura, quanto maggiore \u00e8 la loro incompetenza. Talora, non sembra che sospettino neppure la necessit\u00e0, per risolverli, di studi attenti, di molteplici indagini e osservazioni, di esperienze comparate.<\/em> <em>&#8220;I bisogni finanziari di ogni nazione, grande o piccola, sono enormemente cresciuti. La colpa non va attribuita solamente alle complicazioni o tensioni internazionali; ma anche, e forse pi\u00f9 ancora, all\u2019estensione smisurata dell\u2019attivit\u00e0 dello Stato, attivit\u00e0 che, dettata troppo spesso da ideologie false o malsane, fa della politica finanziaria, e in modo particolare della politica fiscale, uno strumento al servizio di preoccupazioni di un ordine assolutamente diverso&#8221; (5).<\/em><\/p>\n\n\n\n<p>Non diversamente valuta il problema Papa Giovanni Paolo II parlando dello &#8220;Stato del benessere&#8221; o &#8220;Stato assistenziale&#8221;, quando osserva che, <em>&#8220;intervenendo direttamente e deresponsabilizzando la societ\u00e0, lo Stato assistenziale provoca la perdita di energie umane e l\u2019aumento esagerato degli apparati pubblici, dominati da logiche burocratiche pi\u00f9 che dalla preoccupazione di servire gli utenti, con enorme crescita delle spese&#8221;<\/em> (6).<\/p>\n\n\n\n<p><strong>4.<\/strong> Il diverso &#8220;ordine di preoccupazioni&#8221; di cui parla Papa Pio XII \u00e8 descritto da padre Eberhard Welty O.P., per cui <em>&#8220;oggi esiste la forte tendenza sia verso la <\/em>democrazia economica<em> che verso lo <\/em>Stato assistenziale<em>. Ambedue queste tendenze favoriscono la socializzazione fredda. Democrazia economica significa per i pi\u00f9 che tutta la propriet\u00e0 produttiva \u00e8 amministrata, o almeno controllata, collettivamente. Pi\u00f9 si attende la &#8220;sicurezza sociale&#8221; dallo Stato, pi\u00f9 questo deve disporre di mezzi.<\/em><em> &#8220;[&#8230;]<em> La socializzazione &#8220;fredda&#8221; <\/em>deve<em> essere contenuta, o meglio repressa, se non si vuole che la propriet\u00e0 e l\u2019economia diventino sempre pi\u00f9 anonime e collettive a scapito del bene comune dei cittadini&#8221;<\/em> (7).<\/em><\/p>\n\n\n\n<p>Se <em>&#8220;per socializzazione s\u2019intende il passaggio della propriet\u00e0 privata in propriet\u00e0 pubblica&#8221;<\/em>, <em>&#8220;la socializzazione fredda \u00e8 la socializzazione in forma larvata: non \u00e8 operata attraverso l\u2019espropriazione formale, ma mediante lo svuotamento e la privazione dei diritti&#8221;<\/em> (8); e <em>&#8220;questo &#8220;scalzamento&#8221; della propriet\u00e0 privata conosce molte forme e vie&#8221;<\/em>, fra cui si possono rubricare la <em>partecipazione del potere pubblico al capitale azionario delle societ\u00e0 anonime e di altre imprese<\/em>, il <em>risparmio forzato<\/em> &#8211; cio\u00e8 la collezione di capitali in assicurazioni sociali e private, in enti, in base ai contributi -, e l\u2019<em>accumulo di eccedenze di cassa<\/em>, attraverso tasse e altre contribuzioni (9).<\/p>\n\n\n\n<p><strong>5.<\/strong> Non si pu\u00f2 certamente negare che, <em>&#8220;dal tempo in cui la raccolta delle imposte era affidata alla libert\u00e0 dei pubblicani &#8211; che avevano in proposito un buon margine d\u2019iniziativa &#8211; fino all\u2019epoca attuale, \u00e8 stato percorso un lungo cammino. Oggi vi sono disposizioni giuridiche e istanze amministrative che svolgono questo ruolo, con un volto forse pi\u00f9 rigoroso e pi\u00f9 anonimo&#8221;<\/em> (10).<\/p>\n\n\n\n<p>Ma le mutate modalit\u00e0 impositive non bastano a render ragione della situazione attuale, che rimanda piuttosto a un\u2019osservazione di Papa Pio XI, secondo cui <em>&#8220;<\/em>[&#8230;]<em> l\u2019ordinamento capitalistico dell\u2019economia, col dilatarsi dell\u2019industrialismo per tutto il mondo, <\/em>[&#8230;]<em> si \u00e8 venuto esso pure allargando per ogni dove, a segno tale da invadere e penetrare anche nelle condizioni economiche e sociali di quelli che si trovano fuori dalla sua cerchia&#8221;<\/em> (11), senza per\u00f2 diventare <em>&#8220;il solo ordinamento economico vigente in ogni luogo&#8221;<\/em> (12).<\/p>\n\n\n\n<p>Quindi, mi pare che gli avvenimenti autorizzino l\u2019ipotesi che i socialisti &#8211; una genia che va ben oltre i confini dei partiti che fanno riferimento esplicito o implicito al socialismo -, mentre lo Stato assistenziale crolla e, <em>ad abundantiam<\/em>, lo Stato imprenditore non \u00e8 pi\u00f9 assolutamente proponibile, stiano servendosi dello strumento fiscale per tentar di coprire a breve entrambi i fallimenti, scaricando sull\u2019inadeguato gettito fiscale il proprio insuccesso gestionale, quindi &#8211; sul lungo periodo &#8211; per trasformare ulteriormente, anche in campo economico, il &#8220;popolo&#8221; in &#8220;massa&#8221; (13), per lasciare alle proprie spalle una sorta di &#8220;terra bruciata&#8221;, cio\u00e8 un mondo economico in cui, accanto alla grande imprenditoria, non esistano pi\u00f9 quella media e quella piccola, presupposto per rendere ancor pi\u00f9 ardua ogni autentica restaurazione economica, come provano le difficolt\u00e0 che, in proposito e insieme ad altre, si incontrano nei paesi uscenti dal regime socialcomunista.<\/p>\n\n\n\n<p><strong>Note<\/strong><\/p>\n\n\n\n<p><strong>(1)<\/strong> Sul moralismo come estrinsecismo, cfr. card. Joseph Ratzinger, <em>Prolusione<\/em> al convegno sul tema <em>Chiesa e mondo economico 1985: corresponsabilit\u00e0 per il futuro dell\u2019economia mondiale<\/em>, organizzato presso la Pontificia Universit\u00e0 Urbaniana, il 23-11-1985, trad. it., in <em>il regno-documenti<\/em>, anno XXX, n. 544, 1-2-1986, p. 101.<\/p>\n\n\n\n<p><strong>(2)<\/strong> Sulla funzione &#8220;anamnestica&#8221;, &#8220;rammemorativa&#8221;, del Magistero, cfr. Idem, <em>La Chiesa. Una comunit\u00e0 sempre in cammino<\/em>, trad. it., Edizioni Paoline, Cinisello Balsamo (Milano) 1991, pp. 128-138.<\/p>\n\n\n\n<p><strong>(3)<\/strong><em>Il Governo deciso a non modificare la &#8220;minimum tax&#8221; per gli artigiani<\/em>, in <em>L\u2019Osservatore Romano<\/em>, 31-10-1992.<\/p>\n\n\n\n<p><strong>(4)<\/strong> Pio XII, Discorso ai partecipanti al X Congresso dell\u2019Associazione Fiscale Internazionale (I.F.A.) indetto a Roma dal 1\u00b0 al 5 ottobre 1956, del 2-10-1956, in <em>Discorsi e Radiomessaggi di Sua Santit\u00e0 Pio XII<\/em>, vol. XVIII, pp. 508-509.<\/p>\n\n\n\n<p><strong>(5)<\/strong> Idem, Discorso ai partecipanti al Congresso dell\u2019Istituto Internazionale di Finanze Pubbliche, del 2-10-1948, in <em>Discorsi e Radiomessaggi di Sua Santit\u00e0 Pio XII<\/em>, vol. X, pp. 239-240.<\/p>\n\n\n\n<p><strong>(6)<\/strong> Giovanni Paolo II, Enciclica <em>Centesimus annus<\/em>, del 1\u00b0-5-1991, n. 48.<\/p>\n\n\n\n<p><strong>(7)<\/strong> Eberhard Welty O.P., <em>Catechismo sociale<\/em>, vol. III, <em>L\u2019ordinamento della vita economica. Lavoro e propriet\u00e0<\/em>, aggiornato fino alla <em>Populorum progressio <\/em>da Carlo Danna, trad. it., Edizioni Paoline, Francavilla a Mare (Chieti) 1967, p. 135.<\/p>\n\n\n\n<p><strong>(8)<\/strong><em>Ibid<\/em>., p. 117 e 134.<\/p>\n\n\n\n<p><strong>(9)<\/strong> Cfr. <em>ibid<\/em>., pp. 134-135.<\/p>\n\n\n\n<p><strong>(10)<\/strong> Giovanni Paolo II, Discorso ai partecipanti al II Congresso dei tributaristi organizzato dalla Conf\u00e9deration Fiscale Europ\u00e9enne a Roma dal 5 al 7 novembre 1980, del 7-11-1980, in <em>Insegnamenti di Giovanni Paolo II<\/em>, vol. III, 2, p. 1077.<\/p>\n\n\n\n<p><strong>(11)<\/strong> Pio XI, Enciclica <em>Quadragesimo anno<\/em>, del 15-5-1931, in <em>I documenti sociali della Chiesa. Da Pio IX a Giovanni Paolo II (1864-1982)<\/em>, a cura e con introduzioni di padre Raimondo Spiazzi O.P., Massimo, Milano 1983, p. 469.<\/p>\n\n\n\n<p><strong>(12)<\/strong><em>Ibidem<\/em>.<\/p>\n\n\n\n<p><strong>(13)<\/strong> Cfr. Pio XII, <em>I sommi postulati morali di un retto e sano ordinamento democratico. Radiomessaggio natalizio &#8220;Benignitas et humanitas&#8221;<\/em>, del 24-12-1944, Cristianit\u00e0, Piacenza 1991, pp. 10-11<\/p>\n\n\n\n<p>___________________________________________<\/p>\n\n\n\n<p><strong>Leggi anche:<\/strong><\/p>\n\n\n\n<p><a href=\"https:\/\/www.rassegnastampa-totustuus.it\/cattolica\/lo-dice-anche-la-dottrina-sociale-della-chiesa-e-giusto-reagire-contro-la-persecuzione-fiscale\/\" target=\"_blank\" rel=\"noreferrer noopener\">Lo dice anche la dottrina sociale della Chiesa: \u00e8 giusto reagire contro la \u201cpersecuzione fiscale\u201d<\/a><\/p>\n\n\n\n<p><\/p>\n","protected":false},"excerpt":{"rendered":"<p>Cristianit\u00e0 n. 211 (1992) Gli&nbsp;avvenimenti autorizzano l\u2019ipotesi che i socialisti &#8211; una genia che va ben oltre i confini dei partiti che fanno riferimento esplicito o implicito al socialismo -, mentre lo Stato assistenziale crolla e, ad abundantiam, lo Stato imprenditore non \u00e8 pi\u00f9 assolutamente proponibile, stiano servendosi dello strumento fiscale per tentar di coprire &hellip; <\/p>\n<p><a class=\"more-link btn\" href=\"https:\/\/www.rassegnastampa-totustuus.it\/cattolica\/pressione-fiscale-e-socializzazione-fredda\/\">Continua a leggere<\/a><\/p>\n","protected":false},"author":6,"featured_media":32430,"comment_status":"closed","ping_status":"open","sticky":false,"template":"","format":"standard","meta":{"footnotes":""},"categories":[58],"tags":[2389,3115,652],"class_list":["post-685","post","type-post","status-publish","format-standard","has-post-thumbnail","hentry","category-fisco","tag-economia","tag-pressione-fiscale","tag-socialismo","item-wrap"],"yoast_head":"<!-- This site is optimized with the Yoast SEO plugin v27.4 - https:\/\/yoast.com\/product\/yoast-seo-wordpress\/ -->\n<title>Pressione fiscale e &#039;&#039;socializzazione fredda&#039;&#039; - Rassegna Stampa Cattolica<\/title>\n<meta name=\"description\" content=\"Rassegna Stampa Cattolica - Per una cultura che nasce dalla Rivelazione cristiana in conformit\u00e0 alla tradizione e al Magistero della Chiesa in opposizione ad ogni relativismo e totalitarismo\" \/>\n<meta name=\"robots\" content=\"index, follow, max-snippet:-1, max-image-preview:large, max-video-preview:-1\" \/>\n<link rel=\"canonical\" href=\"https:\/\/www.rassegnastampa-totustuus.it\/cattolica\/pressione-fiscale-e-socializzazione-fredda\/\" \/>\n<meta property=\"og:locale\" content=\"it_IT\" \/>\n<meta property=\"og:type\" content=\"article\" \/>\n<meta property=\"og:title\" content=\"Pressione fiscale e &#039;&#039;socializzazione fredda&#039;&#039; - Rassegna Stampa Cattolica\" \/>\n<meta property=\"og:description\" content=\"Rassegna Stampa Cattolica - Per una cultura che nasce dalla Rivelazione cristiana in conformit\u00e0 alla tradizione e al Magistero della Chiesa in opposizione ad ogni relativismo e totalitarismo\" \/>\n<meta property=\"og:url\" content=\"https:\/\/www.rassegnastampa-totustuus.it\/cattolica\/pressione-fiscale-e-socializzazione-fredda\/\" \/>\n<meta property=\"og:site_name\" content=\"Rassegna Stampa Cattolica\" \/>\n<meta property=\"article:publisher\" content=\"https:\/\/www.facebook.com\/rassegnastampacattolica\" \/>\n<meta property=\"article:published_time\" content=\"2005-06-09T22:00:00+00:00\" \/>\n<meta property=\"article:modified_time\" content=\"2025-02-19T15:34:46+00:00\" \/>\n<meta property=\"og:image\" content=\"https:\/\/www.rassegnastampa-totustuus.it\/cattolica\/wp-content\/uploads\/2005\/06\/socializzazione.jpg\" \/>\n\t<meta property=\"og:image:width\" content=\"217\" \/>\n\t<meta property=\"og:image:height\" content=\"233\" \/>\n\t<meta property=\"og:image:type\" content=\"image\/jpeg\" \/>\n<meta name=\"author\" content=\"Redazione\" \/>\n<meta name=\"twitter:card\" content=\"summary_large_image\" \/>\n<meta name=\"twitter:creator\" content=\"@rassegnastampa9\" \/>\n<meta name=\"twitter:site\" content=\"@rassegnastampa9\" \/>\n<meta name=\"twitter:label1\" content=\"Scritto da\" \/>\n\t<meta name=\"twitter:data1\" content=\"Redazione\" \/>\n\t<meta name=\"twitter:label2\" content=\"Tempo di lettura stimato\" \/>\n\t<meta name=\"twitter:data2\" content=\"8 minuti\" \/>\n<script type=\"application\/ld+json\" class=\"yoast-schema-graph\">{\"@context\":\"https:\\\/\\\/schema.org\",\"@graph\":[{\"@type\":\"Article\",\"@id\":\"https:\\\/\\\/www.rassegnastampa-totustuus.it\\\/cattolica\\\/pressione-fiscale-e-socializzazione-fredda\\\/#article\",\"isPartOf\":{\"@id\":\"https:\\\/\\\/www.rassegnastampa-totustuus.it\\\/cattolica\\\/pressione-fiscale-e-socializzazione-fredda\\\/\"},\"author\":{\"name\":\"Redazione\",\"@id\":\"https:\\\/\\\/www.rassegnastampa-totustuus.it\\\/cattolica\\\/#\\\/schema\\\/person\\\/08f319d2bd1a0904ad9e2bfb7b15e5c3\"},\"headline\":\"Pressione fiscale e &#8221;socializzazione fredda&#8221;\",\"datePublished\":\"2005-06-09T22:00:00+00:00\",\"dateModified\":\"2025-02-19T15:34:46+00:00\",\"mainEntityOfPage\":{\"@id\":\"https:\\\/\\\/www.rassegnastampa-totustuus.it\\\/cattolica\\\/pressione-fiscale-e-socializzazione-fredda\\\/\"},\"wordCount\":1532,\"publisher\":{\"@id\":\"https:\\\/\\\/www.rassegnastampa-totustuus.it\\\/cattolica\\\/#organization\"},\"image\":{\"@id\":\"https:\\\/\\\/www.rassegnastampa-totustuus.it\\\/cattolica\\\/pressione-fiscale-e-socializzazione-fredda\\\/#primaryimage\"},\"thumbnailUrl\":\"https:\\\/\\\/www.rassegnastampa-totustuus.it\\\/cattolica\\\/wp-content\\\/uploads\\\/2005\\\/06\\\/socializzazione.jpg\",\"keywords\":[\"Economia\",\"pressione fiscale\",\"socialismo\"],\"articleSection\":[\"Fisco\"],\"inLanguage\":\"it-IT\"},{\"@type\":\"WebPage\",\"@id\":\"https:\\\/\\\/www.rassegnastampa-totustuus.it\\\/cattolica\\\/pressione-fiscale-e-socializzazione-fredda\\\/\",\"url\":\"https:\\\/\\\/www.rassegnastampa-totustuus.it\\\/cattolica\\\/pressione-fiscale-e-socializzazione-fredda\\\/\",\"name\":\"Pressione fiscale e ''socializzazione fredda'' - Rassegna Stampa Cattolica\",\"isPartOf\":{\"@id\":\"https:\\\/\\\/www.rassegnastampa-totustuus.it\\\/cattolica\\\/#website\"},\"primaryImageOfPage\":{\"@id\":\"https:\\\/\\\/www.rassegnastampa-totustuus.it\\\/cattolica\\\/pressione-fiscale-e-socializzazione-fredda\\\/#primaryimage\"},\"image\":{\"@id\":\"https:\\\/\\\/www.rassegnastampa-totustuus.it\\\/cattolica\\\/pressione-fiscale-e-socializzazione-fredda\\\/#primaryimage\"},\"thumbnailUrl\":\"https:\\\/\\\/www.rassegnastampa-totustuus.it\\\/cattolica\\\/wp-content\\\/uploads\\\/2005\\\/06\\\/socializzazione.jpg\",\"datePublished\":\"2005-06-09T22:00:00+00:00\",\"dateModified\":\"2025-02-19T15:34:46+00:00\",\"description\":\"Rassegna Stampa Cattolica - Per una cultura che nasce dalla Rivelazione cristiana in conformit\u00e0 alla tradizione e al Magistero della Chiesa in opposizione ad ogni relativismo e totalitarismo\",\"breadcrumb\":{\"@id\":\"https:\\\/\\\/www.rassegnastampa-totustuus.it\\\/cattolica\\\/pressione-fiscale-e-socializzazione-fredda\\\/#breadcrumb\"},\"inLanguage\":\"it-IT\",\"potentialAction\":[{\"@type\":\"ReadAction\",\"target\":[\"https:\\\/\\\/www.rassegnastampa-totustuus.it\\\/cattolica\\\/pressione-fiscale-e-socializzazione-fredda\\\/\"]}]},{\"@type\":\"ImageObject\",\"inLanguage\":\"it-IT\",\"@id\":\"https:\\\/\\\/www.rassegnastampa-totustuus.it\\\/cattolica\\\/pressione-fiscale-e-socializzazione-fredda\\\/#primaryimage\",\"url\":\"https:\\\/\\\/www.rassegnastampa-totustuus.it\\\/cattolica\\\/wp-content\\\/uploads\\\/2005\\\/06\\\/socializzazione.jpg\",\"contentUrl\":\"https:\\\/\\\/www.rassegnastampa-totustuus.it\\\/cattolica\\\/wp-content\\\/uploads\\\/2005\\\/06\\\/socializzazione.jpg\",\"width\":217,\"height\":233},{\"@type\":\"BreadcrumbList\",\"@id\":\"https:\\\/\\\/www.rassegnastampa-totustuus.it\\\/cattolica\\\/pressione-fiscale-e-socializzazione-fredda\\\/#breadcrumb\",\"itemListElement\":[{\"@type\":\"ListItem\",\"position\":1,\"name\":\"Home\",\"item\":\"https:\\\/\\\/www.rassegnastampa-totustuus.it\\\/cattolica\\\/\"},{\"@type\":\"ListItem\",\"position\":2,\"name\":\"Pressione fiscale e &#8221;socializzazione fredda&#8221;\"}]},{\"@type\":\"WebSite\",\"@id\":\"https:\\\/\\\/www.rassegnastampa-totustuus.it\\\/cattolica\\\/#website\",\"url\":\"https:\\\/\\\/www.rassegnastampa-totustuus.it\\\/cattolica\\\/\",\"name\":\"Rassegna Stampa Cattolica\",\"description\":\"Per una cultura che nasce dalla Rivelazione cristiana in conformit\u00e0 alla tradizione e al Magistero della Chiesa in opposizione ad ogni relativismo e totalitarismo\",\"publisher\":{\"@id\":\"https:\\\/\\\/www.rassegnastampa-totustuus.it\\\/cattolica\\\/#organization\"},\"alternateName\":\"Rass. Cattolica\",\"potentialAction\":[{\"@type\":\"SearchAction\",\"target\":{\"@type\":\"EntryPoint\",\"urlTemplate\":\"https:\\\/\\\/www.rassegnastampa-totustuus.it\\\/cattolica\\\/?s={search_term_string}\"},\"query-input\":{\"@type\":\"PropertyValueSpecification\",\"valueRequired\":true,\"valueName\":\"search_term_string\"}}],\"inLanguage\":\"it-IT\"},{\"@type\":\"Organization\",\"@id\":\"https:\\\/\\\/www.rassegnastampa-totustuus.it\\\/cattolica\\\/#organization\",\"name\":\"Rassegna Stampa Cattolica\",\"url\":\"https:\\\/\\\/www.rassegnastampa-totustuus.it\\\/cattolica\\\/\",\"logo\":{\"@type\":\"ImageObject\",\"inLanguage\":\"it-IT\",\"@id\":\"https:\\\/\\\/www.rassegnastampa-totustuus.it\\\/cattolica\\\/#\\\/schema\\\/logo\\\/image\\\/\",\"url\":\"https:\\\/\\\/www.rassegnastampa-totustuus.it\\\/cattolica\\\/wp-content\\\/uploads\\\/2014\\\/04\\\/logo-rassegna1.gif\",\"contentUrl\":\"https:\\\/\\\/www.rassegnastampa-totustuus.it\\\/cattolica\\\/wp-content\\\/uploads\\\/2014\\\/04\\\/logo-rassegna1.gif\",\"width\":600,\"height\":163,\"caption\":\"Rassegna Stampa Cattolica\"},\"image\":{\"@id\":\"https:\\\/\\\/www.rassegnastampa-totustuus.it\\\/cattolica\\\/#\\\/schema\\\/logo\\\/image\\\/\"},\"sameAs\":[\"https:\\\/\\\/www.facebook.com\\\/rassegnastampacattolica\",\"https:\\\/\\\/x.com\\\/rassegnastampa9\"]},{\"@type\":\"Person\",\"@id\":\"https:\\\/\\\/www.rassegnastampa-totustuus.it\\\/cattolica\\\/#\\\/schema\\\/person\\\/08f319d2bd1a0904ad9e2bfb7b15e5c3\",\"name\":\"Redazione\",\"image\":{\"@type\":\"ImageObject\",\"inLanguage\":\"it-IT\",\"@id\":\"https:\\\/\\\/secure.gravatar.com\\\/avatar\\\/2fcdf27c78ea025fbdb44e914cc63c72249ffec9dc8aafd5c82b26240ef3f346?s=96&d=mm&r=g\",\"url\":\"https:\\\/\\\/secure.gravatar.com\\\/avatar\\\/2fcdf27c78ea025fbdb44e914cc63c72249ffec9dc8aafd5c82b26240ef3f346?s=96&d=mm&r=g\",\"contentUrl\":\"https:\\\/\\\/secure.gravatar.com\\\/avatar\\\/2fcdf27c78ea025fbdb44e914cc63c72249ffec9dc8aafd5c82b26240ef3f346?s=96&d=mm&r=g\",\"caption\":\"Redazione\"},\"url\":\"https:\\\/\\\/www.rassegnastampa-totustuus.it\\\/cattolica\\\/author\\\/pietroelle\\\/\"}]}<\/script>\n<!-- \/ Yoast SEO plugin. -->","yoast_head_json":{"title":"Pressione fiscale e ''socializzazione fredda'' - Rassegna Stampa Cattolica","description":"Rassegna Stampa Cattolica - Per una cultura che nasce dalla Rivelazione cristiana in conformit\u00e0 alla tradizione e al Magistero della Chiesa in opposizione ad ogni relativismo e totalitarismo","robots":{"index":"index","follow":"follow","max-snippet":"max-snippet:-1","max-image-preview":"max-image-preview:large","max-video-preview":"max-video-preview:-1"},"canonical":"https:\/\/www.rassegnastampa-totustuus.it\/cattolica\/pressione-fiscale-e-socializzazione-fredda\/","og_locale":"it_IT","og_type":"article","og_title":"Pressione fiscale e ''socializzazione fredda'' - Rassegna Stampa Cattolica","og_description":"Rassegna Stampa Cattolica - Per una cultura che nasce dalla Rivelazione cristiana in conformit\u00e0 alla tradizione e al Magistero della Chiesa in opposizione ad ogni relativismo e totalitarismo","og_url":"https:\/\/www.rassegnastampa-totustuus.it\/cattolica\/pressione-fiscale-e-socializzazione-fredda\/","og_site_name":"Rassegna Stampa Cattolica","article_publisher":"https:\/\/www.facebook.com\/rassegnastampacattolica","article_published_time":"2005-06-09T22:00:00+00:00","article_modified_time":"2025-02-19T15:34:46+00:00","og_image":[{"width":217,"height":233,"url":"https:\/\/www.rassegnastampa-totustuus.it\/cattolica\/wp-content\/uploads\/2005\/06\/socializzazione.jpg","type":"image\/jpeg"}],"author":"Redazione","twitter_card":"summary_large_image","twitter_creator":"@rassegnastampa9","twitter_site":"@rassegnastampa9","twitter_misc":{"Scritto da":"Redazione","Tempo di lettura stimato":"8 minuti"},"schema":{"@context":"https:\/\/schema.org","@graph":[{"@type":"Article","@id":"https:\/\/www.rassegnastampa-totustuus.it\/cattolica\/pressione-fiscale-e-socializzazione-fredda\/#article","isPartOf":{"@id":"https:\/\/www.rassegnastampa-totustuus.it\/cattolica\/pressione-fiscale-e-socializzazione-fredda\/"},"author":{"name":"Redazione","@id":"https:\/\/www.rassegnastampa-totustuus.it\/cattolica\/#\/schema\/person\/08f319d2bd1a0904ad9e2bfb7b15e5c3"},"headline":"Pressione fiscale e &#8221;socializzazione fredda&#8221;","datePublished":"2005-06-09T22:00:00+00:00","dateModified":"2025-02-19T15:34:46+00:00","mainEntityOfPage":{"@id":"https:\/\/www.rassegnastampa-totustuus.it\/cattolica\/pressione-fiscale-e-socializzazione-fredda\/"},"wordCount":1532,"publisher":{"@id":"https:\/\/www.rassegnastampa-totustuus.it\/cattolica\/#organization"},"image":{"@id":"https:\/\/www.rassegnastampa-totustuus.it\/cattolica\/pressione-fiscale-e-socializzazione-fredda\/#primaryimage"},"thumbnailUrl":"https:\/\/www.rassegnastampa-totustuus.it\/cattolica\/wp-content\/uploads\/2005\/06\/socializzazione.jpg","keywords":["Economia","pressione fiscale","socialismo"],"articleSection":["Fisco"],"inLanguage":"it-IT"},{"@type":"WebPage","@id":"https:\/\/www.rassegnastampa-totustuus.it\/cattolica\/pressione-fiscale-e-socializzazione-fredda\/","url":"https:\/\/www.rassegnastampa-totustuus.it\/cattolica\/pressione-fiscale-e-socializzazione-fredda\/","name":"Pressione fiscale e ''socializzazione fredda'' - Rassegna Stampa Cattolica","isPartOf":{"@id":"https:\/\/www.rassegnastampa-totustuus.it\/cattolica\/#website"},"primaryImageOfPage":{"@id":"https:\/\/www.rassegnastampa-totustuus.it\/cattolica\/pressione-fiscale-e-socializzazione-fredda\/#primaryimage"},"image":{"@id":"https:\/\/www.rassegnastampa-totustuus.it\/cattolica\/pressione-fiscale-e-socializzazione-fredda\/#primaryimage"},"thumbnailUrl":"https:\/\/www.rassegnastampa-totustuus.it\/cattolica\/wp-content\/uploads\/2005\/06\/socializzazione.jpg","datePublished":"2005-06-09T22:00:00+00:00","dateModified":"2025-02-19T15:34:46+00:00","description":"Rassegna Stampa Cattolica - Per una cultura che nasce dalla Rivelazione cristiana in conformit\u00e0 alla tradizione e al Magistero della Chiesa in opposizione ad ogni relativismo e totalitarismo","breadcrumb":{"@id":"https:\/\/www.rassegnastampa-totustuus.it\/cattolica\/pressione-fiscale-e-socializzazione-fredda\/#breadcrumb"},"inLanguage":"it-IT","potentialAction":[{"@type":"ReadAction","target":["https:\/\/www.rassegnastampa-totustuus.it\/cattolica\/pressione-fiscale-e-socializzazione-fredda\/"]}]},{"@type":"ImageObject","inLanguage":"it-IT","@id":"https:\/\/www.rassegnastampa-totustuus.it\/cattolica\/pressione-fiscale-e-socializzazione-fredda\/#primaryimage","url":"https:\/\/www.rassegnastampa-totustuus.it\/cattolica\/wp-content\/uploads\/2005\/06\/socializzazione.jpg","contentUrl":"https:\/\/www.rassegnastampa-totustuus.it\/cattolica\/wp-content\/uploads\/2005\/06\/socializzazione.jpg","width":217,"height":233},{"@type":"BreadcrumbList","@id":"https:\/\/www.rassegnastampa-totustuus.it\/cattolica\/pressione-fiscale-e-socializzazione-fredda\/#breadcrumb","itemListElement":[{"@type":"ListItem","position":1,"name":"Home","item":"https:\/\/www.rassegnastampa-totustuus.it\/cattolica\/"},{"@type":"ListItem","position":2,"name":"Pressione fiscale e &#8221;socializzazione fredda&#8221;"}]},{"@type":"WebSite","@id":"https:\/\/www.rassegnastampa-totustuus.it\/cattolica\/#website","url":"https:\/\/www.rassegnastampa-totustuus.it\/cattolica\/","name":"Rassegna Stampa Cattolica","description":"Per una cultura che nasce dalla Rivelazione cristiana in conformit\u00e0 alla tradizione e al Magistero della Chiesa in opposizione ad ogni relativismo e totalitarismo","publisher":{"@id":"https:\/\/www.rassegnastampa-totustuus.it\/cattolica\/#organization"},"alternateName":"Rass. Cattolica","potentialAction":[{"@type":"SearchAction","target":{"@type":"EntryPoint","urlTemplate":"https:\/\/www.rassegnastampa-totustuus.it\/cattolica\/?s={search_term_string}"},"query-input":{"@type":"PropertyValueSpecification","valueRequired":true,"valueName":"search_term_string"}}],"inLanguage":"it-IT"},{"@type":"Organization","@id":"https:\/\/www.rassegnastampa-totustuus.it\/cattolica\/#organization","name":"Rassegna Stampa Cattolica","url":"https:\/\/www.rassegnastampa-totustuus.it\/cattolica\/","logo":{"@type":"ImageObject","inLanguage":"it-IT","@id":"https:\/\/www.rassegnastampa-totustuus.it\/cattolica\/#\/schema\/logo\/image\/","url":"https:\/\/www.rassegnastampa-totustuus.it\/cattolica\/wp-content\/uploads\/2014\/04\/logo-rassegna1.gif","contentUrl":"https:\/\/www.rassegnastampa-totustuus.it\/cattolica\/wp-content\/uploads\/2014\/04\/logo-rassegna1.gif","width":600,"height":163,"caption":"Rassegna Stampa Cattolica"},"image":{"@id":"https:\/\/www.rassegnastampa-totustuus.it\/cattolica\/#\/schema\/logo\/image\/"},"sameAs":["https:\/\/www.facebook.com\/rassegnastampacattolica","https:\/\/x.com\/rassegnastampa9"]},{"@type":"Person","@id":"https:\/\/www.rassegnastampa-totustuus.it\/cattolica\/#\/schema\/person\/08f319d2bd1a0904ad9e2bfb7b15e5c3","name":"Redazione","image":{"@type":"ImageObject","inLanguage":"it-IT","@id":"https:\/\/secure.gravatar.com\/avatar\/2fcdf27c78ea025fbdb44e914cc63c72249ffec9dc8aafd5c82b26240ef3f346?s=96&d=mm&r=g","url":"https:\/\/secure.gravatar.com\/avatar\/2fcdf27c78ea025fbdb44e914cc63c72249ffec9dc8aafd5c82b26240ef3f346?s=96&d=mm&r=g","contentUrl":"https:\/\/secure.gravatar.com\/avatar\/2fcdf27c78ea025fbdb44e914cc63c72249ffec9dc8aafd5c82b26240ef3f346?s=96&d=mm&r=g","caption":"Redazione"},"url":"https:\/\/www.rassegnastampa-totustuus.it\/cattolica\/author\/pietroelle\/"}]}},"_links":{"self":[{"href":"https:\/\/www.rassegnastampa-totustuus.it\/cattolica\/wp-json\/wp\/v2\/posts\/685","targetHints":{"allow":["GET"]}}],"collection":[{"href":"https:\/\/www.rassegnastampa-totustuus.it\/cattolica\/wp-json\/wp\/v2\/posts"}],"about":[{"href":"https:\/\/www.rassegnastampa-totustuus.it\/cattolica\/wp-json\/wp\/v2\/types\/post"}],"author":[{"embeddable":true,"href":"https:\/\/www.rassegnastampa-totustuus.it\/cattolica\/wp-json\/wp\/v2\/users\/6"}],"replies":[{"embeddable":true,"href":"https:\/\/www.rassegnastampa-totustuus.it\/cattolica\/wp-json\/wp\/v2\/comments?post=685"}],"version-history":[{"count":5,"href":"https:\/\/www.rassegnastampa-totustuus.it\/cattolica\/wp-json\/wp\/v2\/posts\/685\/revisions"}],"predecessor-version":[{"id":62204,"href":"https:\/\/www.rassegnastampa-totustuus.it\/cattolica\/wp-json\/wp\/v2\/posts\/685\/revisions\/62204"}],"wp:featuredmedia":[{"embeddable":true,"href":"https:\/\/www.rassegnastampa-totustuus.it\/cattolica\/wp-json\/wp\/v2\/media\/32430"}],"wp:attachment":[{"href":"https:\/\/www.rassegnastampa-totustuus.it\/cattolica\/wp-json\/wp\/v2\/media?parent=685"}],"wp:term":[{"taxonomy":"category","embeddable":true,"href":"https:\/\/www.rassegnastampa-totustuus.it\/cattolica\/wp-json\/wp\/v2\/categories?post=685"},{"taxonomy":"post_tag","embeddable":true,"href":"https:\/\/www.rassegnastampa-totustuus.it\/cattolica\/wp-json\/wp\/v2\/tags?post=685"}],"curies":[{"name":"wp","href":"https:\/\/api.w.org\/{rel}","templated":true}]}}