{"id":679,"date":"2005-06-08T00:00:00","date_gmt":"2005-06-07T22:00:00","guid":{"rendered":""},"modified":"2016-03-02T16:30:55","modified_gmt":"2016-03-02T15:30:55","slug":"i-pagani-sono-gli-ufo","status":"publish","type":"post","link":"https:\/\/www.rassegnastampa-totustuus.it\/cattolica\/i-pagani-sono-gli-ufo\/","title":{"rendered":"I pagani? Sono gli Ufo"},"content":{"rendered":"<div style=\"text-align: center;\"><strong><img loading=\"lazy\" decoding=\"async\" class=\"alignright wp-image-31377\" src=\"https:\/\/www.rassegnastampa-totustuus.it\/cattolica\/wp-content\/uploads\/2005\/06\/extraterrestri.jpg\" alt=\"extraterrestri\" width=\"250\" height=\"161\" \/>Avvenire<\/strong> 31 maggio 2005<\/div>\n<p style=\"text-align: justify;\"><em>\u00abLa continua caccia agli extraterrestri dimostra che si cerca un\u2019altra trascendenza per porre fine al cristianesimo\u00bb Parla l\u2019antropologo Ren\u00e9 Girard.\u00a0\u00abC&#8217;\u00e8 qualcosa d&#8217;eroico nella Chiesa, irrisa da tutti, capro espiatorio ufficiale dei media Ci\u00f2 che fa infuriare la gente \u00e8 il suo attenersi con fermezza alla dottrina tradizionale\u00bb \u00abInvece di trasgredire i veri tab\u00f9 della societ\u00e0, si continua a colpire il puritanesimo sessuale, o si finge l&#8217;allegria delle false liberazione<\/em><\/p>\n<p style=\"text-align: center;\"><strong>Michel Treguer<\/strong><\/p>\n<p><!--more--><\/p>\n<div style=\"text-align: justify;\">\u00a0<strong>Professor Girard, che cosa ne pensa del futuro demografico del mondo? Il Vaticano sembra contrario a qualsiasi controllo delle nascite. Per\u00f2 non \u00e8 forse vero che, se diventassimo 50 miliardi, finiremmo con l&#8217;avere qualche problema?<\/strong><\/div>\n<p style=\"text-align: justify;\">\u00abLa posizione della Chiesa cattolica pu\u00f2 sembrare irrealistica. Inizialmente la volont\u00e0 sociale di regolare lo sviluppo della popolazione sembrava del tutto ineccepibile, inoffensiva, priva di conseguenze pericolose per l&#8217;umanit\u00e0 e nessuno dubitava della sua bont\u00e0. Oggi per\u00f2 questo stesso pragmatismo oggettivistico e scientifico ci impone sempre pi\u00f9 comportamenti di cui perfino chi li raccomanda non pare molto fiero, dato che li indica solo con eufemismi lenitivi; in America, ad esempio, nessuno \u00e8 &#8220;favorevole all&#8217;aborto&#8221;: si \u00e8 pro-choice (&#8220;per la scelta&#8221;).<\/p>\n<p style=\"text-align: justify;\">Il messaggio reale \u00e8 semplice: se ci sono troppi bambini, bisogna distruggerli! Non \u00e8 certo privo di significato che i pi\u00f9 ricchi siano anche i pi\u00f9 preoccupati da questo problema&#8230; Non si tratta dell&#8217;aborto &#8211; dir\u00e0 lei &#8211; ma del controllo delle nascite. In teoria \u00e8 vero, ma in pratica \u00e8 falso. Comunque il pragmatismo ha tutti i vantaggi dalla sua parte: l&#8217;evidenza congiunta della ragione e del mimetismo. Perci\u00f2 vi sono molte Chiese &#8211; anzi la maggior parte &#8211; che senza gridarlo ai quattro venti si arrendono a esso.<\/p>\n<p style=\"text-align: justify;\">C&#8217;\u00e8 qualcosa di eroico nell&#8217;atteggiamento della Chiesa cattolica, o per meglio dire nell&#8217;atteggiamento del Vaticano, oggi isolato perfino all&#8217;interno del cattolicesimo, irriso da tutti, capro espiatorio pressoch\u00e9 ufficiale dei media e di tutta l&#8217;intellighentia mondiale, di ogni premio Nobel, tanto pi\u00f9 che si tratta di un eroismo misconosciuto. Siamo sempre meno capaci di rispettare e persino di riconoscere le vere forme di dissenso.<\/p>\n<p style=\"text-align: justify;\">Quello che fa infuriare la gente, in definitiva, \u00e8 che &#8211; lungi dal dare prova di quell&#8217;ipocrisia che sempre gli viene rimproverata, lungi dal mostrarsi &#8220;politico&#8221; &#8211; su questo punto \u00e8 evidente che il cattolicesimo si attiene con fermezza alla sua dottrina tradizionale. Resta fedele al suo atteggiamento di fondo, che consiste nel collocare una certa definizione della salvezza e del peccato al di sopra di ogni imperativo puramente mondano, di qualunque genere sia.<\/p>\n<p style=\"text-align: justify;\">Per definire davvero la questione, bisognerebbe situarla in un quadro storico pi\u00f9 vasto, quello biblico, perch\u00e9 solo nella Bibbia si intravede una storia antropologica e sacrificale dell&#8217;umanit\u00e0, che ha inizio prima della Storia degli storici. Ci\u00f2 che fornisce l&#8217;impulso primario alla nostra civilt\u00e0 in Egitto, in Grecia e specialmente presso gli ebrei \u00e8 &#8211; ne sono convinto &#8211; la rinuncia all&#8217;orribile universo religioso delle prostituzioni sacre, dell&#8217;assassinio del re e soprattutto, certo, dell&#8217;infanticidio rituale e del sacrificio dei primogeniti. Una rinuncia che non avviene senza conflitti, a giudicare dalle esortazioni dei profeti ebrei che, per vari secoli, hanno condannato con veemenza estrema il sopravvivere di tali pratiche.<\/p>\n<p style=\"text-align: justify;\">Dire che siamo gi\u00e0 ricaduti in quel mondo \u00e8 forse un&#8217;esagerazione; tuttavia, per chi pensa seriamente che il destino dell&#8217;uomo &#8211; diversamente dall&#8217;allevamento dei conigli &#8211; non si decide solo sul piano delle statistiche economiche e demografiche, per chi coglie la temibile pertinenza del principio sacrificale rispetto alla comprensione antropologica del nostro universo, la direzione verso cui il mondo sta unanimemente e mimeticamente affondando \u00e8 inquietante: questo \u00e8 il minimo che si possa dire. Si ha l&#8217;impressione che le antiche fatalit\u00e0 primitive, provvisoriamente scartate dalla luce profetica ed evangelica, risorgano sotto la maschera degli imperativi scientifici e tecnologici\u00bb.<\/p>\n<p style=\"text-align: justify;\"><strong>Soprattutto l&#8217;uccisione delle bambine, che ha provocato una penuria di donne, dalla quale sono poi scaturite guerre tribali allo scopo di sottrarre donne ai vicini!<\/strong><\/p>\n<p style=\"text-align: justify;\">\u00abCerti etnologi vedono ormai senz&#8217;altro, all&#8217;origine di simili comportamenti, una specie di scienza infusa delle realt\u00e0 demografi che, una saggezza malthusiana simile alla loro, che l&#8217;universo cristiano avrebbe disgraziatamente dimenticato&#8230; Nella Bibbia, specialmente col racconto del sacrificio di Isacco, i patriarchi suggellano la fine di siffatti orrori nella nostra storia giudaico-cristiana. \u00c8 difficile per me non vedere lo sviluppo attuale come una regressione, come un ritorno inquietante a un passato che sembrava ormai superato per sempre\u00bb.<\/p>\n<p style=\"text-align: justify;\"><strong>A proposito dell&#8217;evoluzione della popolazione mondiale, lei parlava di \u00abtragedia\u00bb. Le ripropongo allora la questione decisiva: non \u00e8 che, lungi all&#8217;obbedire a una volont\u00e0 divina, noi stiamo invece ricostruendo Babele e sfidando Dio? Se il termine ultimo della Storia fosse soltanto la fine del mondo, la catastrofe totale, la scomparsa del genere umano (come quella dei dinosauri) a causa di una guerra termonucleare o di un&#8217;epidemia virale o di qualcos&#8217;altro, la Promessa cristiana acquisirebbe uno strano aspetto, no? E gli angeli in nostra assenza potrebbero discutere per stabilire se Cristo ha solo annunciato oppure creato questa Caduta mortale!<\/strong><\/p>\n<p style=\"text-align: justify;\">\u00abPerch\u00e9 &#8220;strano aspetto&#8221;? Perch\u00e9 accusare un cristianesimo la cui influenza sui poteri che ci governano tende allo zero? Abbiamo una quantit\u00e0 sufficiente di intelligenza scientifica e di strumenti tecnici per opporci alle minacce che si dice pesino sul mondo; ma bisognerebbe anche volervi provvedere davvero. Le nostre piccole rivalit\u00e0 mimetiche restano prioritarie. Invece di accostarsi ai veri temi del nostro tempo, osando trasgredire i veri tab\u00f9 della nostra societ\u00e0, si continua a colpire l&#8217;asino morto del puritanesimo sessuale, ci si rifugia all&#8217;infinito nella solita derisione, nella violenza meccanica, nel freddo glaciale del nulla; oppure, al contrario, si finge l&#8217;allegria delle false liberazioni, si fa l&#8217;imitazione della vecchia disinvoltura surrealista e di tutti i residui perenni di una cultura polverizzata&#8230;<\/p>\n<p style=\"text-align: justify;\">La maggior parte degli intellettuali e degli artisti \u00e8 oggi lontana mille miglia dalla sensibilit\u00e0 popolare, perch\u00e9 l&#8217;annuncio apocalittico &#8211; peculiare del cristianesimo e dell&#8217;ebraismo &#8211; \u00e8 pi\u00f9 vivo che mai. Leggevo di recente, in una pubblicazione sociologica americana, che oltre il 60% dei newyorkesi ritiene che la fine del mondo sia vicina. Sicuramente i cristiani ferventi hanno sempre condiviso questo punto di vista, pur non ritenendolo auspicabile: non c&#8217;\u00e8 in loro una vertigine suicida.<\/p>\n<p style=\"text-align: justify;\">Di che sarcasmi era fino a ieri fatta oggetto (e in parte lo \u00e8 tuttora) la credenza apocalittica! Perfino coloro che la sbeffeggiano ritualmente, in altri momenti scrivono saggi assai eruditi sugli ultimi motivi di panico ecologico e sulla possibile scomparsa della vita sul nostro pianeta. Ci si guarda bene dal confondere questi due generi letterari. Non ci viene detto che cosa rende gli uni degli imbecilli e gli altri degli oracoli scientifici.<\/p>\n<p style=\"text-align: justify;\">Quando prenderemo un po&#8217; in giro &#8211; per rinnovare il nostro senso dell&#8217;umorismo &#8211; tutti quei sapienti che fino a tempi non lontani ritenevano il nostro mondo in tutti i sensi eterno, e per i quali &#8211; poco prima di Darwin &#8211; l&#8217;idea della scomparsa delle specie restava inconcepibile? Il vero ritorno del religioso non \u00e8 quello di cui ci parlano i media, ma quello che abbatte le barriere, ritenute invalicabili, fra il religioso e ci\u00f2 che non lo \u00e8. Quanto pi\u00f9 \u00e8 &#8220;progressista&#8221;, tanto pi\u00f9 la scienza atea \u00e8 &#8220;apocalittica&#8221;, non meno e forse ancor pi\u00f9 del pensiero religioso, ma solo in modo minaccioso. Ecco che cosa \u00e8 veramente interessante e meritevole di essere discusso. Ecco ci\u00f2 che una cultura viva, davvero contemporanea &#8211; se esistesse &#8211; riuscirebbe ad afferrare!\u00bb.<\/p>\n<p style=\"text-align: justify;\"><strong>Questo paradiso cristiano \u00abche non \u00e8 di questo mondo\u00bb non \u00e8 una specie di \u00abIdea\u00bb platonica che separa gli uomini dalla Terra? Non c&#8217;\u00e8 una parte cristiana di responsabilit\u00e0 nel disastro ecologico che stiamo vivendo? (Questo avvicinerebbe ulteriormente cristianesimo e marxismo: vedi il Mare di Aral, il Baltico, Chernobyl..)&#8230;<\/strong><\/p>\n<p style=\"text-align: justify;\">\u00abNo, perch\u00e9 l&#8217;uomo \u00e8 il custode di questo giardino&#8230; Peraltro su questo punto le prospettive sono molto cambiate. Finora si riteneva che fossero solo i capitalisti a non preoccuparsi dell&#8217;ambiente, pur di conseguire i loro profitti. Ma poi ci si \u00e8 accorti che i comunisti, in nome del miglioramento del tenore di vita proletario, hanno fatto di peggio. Detto questo, riconosco senz&#8217;altro un&#8217;indiretta responsabilit\u00e0 del cristianesimo: perch\u00e9 ha reso possibili la scienza e l&#8217;industria, ponendo fine alla schiavit\u00f9&#8230; Se ci fossero gli schiavi, come nella repubblica di Aristotele, si darebbero loro delle scope e non esisterebbe l&#8217;inquinamento! C&#8217;\u00e8 sempre un prezzo da pagare, perch\u00e9 l&#8217;uomo non \u00e8 come ce lo dipingono le utopie razionaliste. Quando ero bambino i &#8220;progressisti&#8221; rimproveravano al Dio della Bibbia di ostacolare il progresso tecnologico. Oggi le stesse persone gli rivolgono il rimprovero opposto\u00bb.<\/p>\n<p style=\"text-align: justify;\"><strong>Si \u00e8 mai chiesto che cosa succederebbe se entrassimo in contatto con una civilt\u00e0 extraterrestre? Che cambiamento potrebbe produrre una cosa del genere nell&#8217;evoluzione del mondo, nella filosofia, nel suo pensiero, nel cristianesimo?<\/strong><\/p>\n<p style=\"text-align: justify;\">\u00abCertamente lei sa che in America si sono spese e ancora si spendono somme folli per cercare di cogliere tracce di vita da qualche parte, nel sistema solare o altrove. Non si raggiunge mai nessun risultato, ma ogni volta si ricomincia daccapo. Questa ostinazione ha qualcosa che sconfina nel religioso antireligioso. Non si tratta pi\u00f9 di negare, come in passato, l&#8217;esistenza di intelligenze extraterrestri, ma di provare che esistono e che la loro presenza dimostra la falsit\u00e0 di una religione incentrata sull&#8217;uomo, cio\u00e8 sul vero problema.<\/p>\n<p style=\"text-align: justify;\">Si crede che il contatto con queste intelligenze extraterrestri &#8220;completerebbe&#8221; la confutazione del cristianesimo. Si impongono due conclusioni. La prima \u00e8 che la confutazione del cristianesimo deve essere completata; la seconda \u00e8 che il contatto con l&#8217;extraumano, per motivi che restano oscuri, \u00e8 percepito come decisivo sul piano religioso. Se tale contatto avesse luogo, sarebbe molto appassionante e certamente molto commovente, ma non capisco perch\u00e9 ci dovrebbe apportare rivelazioni pi\u00f9 decisive di quelle fornite, per esempio, dalla scoperta dell&#8217;America nel 1492.<\/p>\n<p style=\"text-align: justify;\">Da dove pu\u00f2 nascere, in tante persone, l&#8217;irragionevole ma inattaccabile certezza che un&#8217;intelligenza extraumana in qualche parte del cosmo, per il solo fatto di comunicare con noi, getterebbe luce sul significato della nostra esistenza? Pu\u00f2 essere soltanto il bisogno, come in Heidegger, di una trascendenza che ponga fine al cristianesimo. Niente di nuovo sotto il sole. I dischi volanti sono il neopaganesimo delle masse\u00bb.<\/p>\n<p style=\"text-align: center;\">* * *\u00a0<strong><em>\u00a0<\/em><\/strong><\/p>\n<p style=\"text-align: center;\"><strong>Apologeta del cattolicesimo ma in nome della ragione<\/strong><\/p>\n<p style=\"text-align: justify;\"><em>\u00a0<\/em><em>Ren\u00e9 Girard non finisce mai di stupire. Oggi, a 82 anni, i suoi inediti anche pi\u00f9 brevi &#8211; che escono e vengono tradotti pure in Italia &#8211; costituiscono sempre un&#8217;occasione di rigenerazione per il pensiero. Non \u00e8 vero che il maestro francese, che per\u00f2 vive negli Stati Uniti dal 1947, si sia fossilizzato sulla teoria ormai celeberrima del \u00abcapro espiatorio\u00bb; anzi, \u00e8 vero che ogni volta nei suoi nuovi testi si scoprono un corollario o un&#8217;applicazione inediti della sua ipotesi generale. <\/em><\/p>\n<p style=\"text-align: justify;\"><em>Qui l&#8217;occasione \u00e8 fornita da una lunga intervista con l&#8217;etnologo non credente Michel Treguer, appena uscita da Bulzoni sotto il titolo \u00abQuando queste cose cominceranno\u00bb (pp. 180, euro 14) e per la cura di Alberto Beretta Anguissola. La libert\u00e0 interiore di Girard si spinge a diventare quasi apologetica nei confronti del cattolicesimo su varie dibattute questioni (la demografia, l&#8217;etica sessuale, la democrazia, la scienza, il pensiero&#8230;), non tuttavia per partito preso anzi semmai per reazione umana ed intellettuale all&#8217;un iformit\u00e0 anti-scientifica di un dilagante \u00abpolitically correct\u00bb<\/em>.<\/p>\n","protected":false},"excerpt":{"rendered":"<p>Avvenire 31 maggio 2005 \u00abLa continua caccia agli extraterrestri dimostra che si cerca un\u2019altra trascendenza per porre fine al cristianesimo\u00bb Parla l\u2019antropologo Ren\u00e9 Girard.\u00a0\u00abC&#8217;\u00e8 qualcosa d&#8217;eroico nella Chiesa, irrisa da tutti, capro espiatorio ufficiale dei media Ci\u00f2 che fa infuriare la gente \u00e8 il suo attenersi con fermezza alla dottrina tradizionale\u00bb \u00abInvece di trasgredire i &hellip; <\/p>\n<p><a class=\"more-link btn\" href=\"https:\/\/www.rassegnastampa-totustuus.it\/cattolica\/i-pagani-sono-gli-ufo\/\">Continua a leggere<\/a><\/p>\n","protected":false},"author":6,"featured_media":31377,"comment_status":"closed","ping_status":"open","sticky":false,"template":"","format":"standard","meta":{"footnotes":""},"categories":[9],"tags":[217],"class_list":["post-679","post","type-post","status-publish","format-standard","has-post-thumbnail","hentry","category-demografia","tag-demografia-2","item-wrap"],"yoast_head":"<!-- This site is optimized with the Yoast SEO plugin v27.5 - https:\/\/yoast.com\/product\/yoast-seo-wordpress\/ -->\n<title>I pagani? Sono gli Ufo - Rassegna Stampa Cattolica<\/title>\n<meta name=\"description\" content=\"Rassegna Stampa Cattolica - Per una cultura che nasce dalla Rivelazione cristiana in conformit\u00e0 alla tradizione e al Magistero della Chiesa in opposizione ad ogni relativismo e totalitarismo\" \/>\n<meta name=\"robots\" content=\"index, follow, max-snippet:-1, max-image-preview:large, max-video-preview:-1\" \/>\n<link rel=\"canonical\" href=\"https:\/\/www.rassegnastampa-totustuus.it\/cattolica\/i-pagani-sono-gli-ufo\/\" \/>\n<meta property=\"og:locale\" content=\"it_IT\" \/>\n<meta property=\"og:type\" content=\"article\" \/>\n<meta property=\"og:title\" content=\"I pagani? Sono gli Ufo - Rassegna Stampa Cattolica\" \/>\n<meta property=\"og:description\" content=\"Rassegna Stampa Cattolica - Per una cultura che nasce dalla Rivelazione cristiana in conformit\u00e0 alla tradizione e al Magistero della Chiesa in opposizione ad ogni relativismo e totalitarismo\" \/>\n<meta property=\"og:url\" content=\"https:\/\/www.rassegnastampa-totustuus.it\/cattolica\/i-pagani-sono-gli-ufo\/\" \/>\n<meta property=\"og:site_name\" content=\"Rassegna Stampa Cattolica\" \/>\n<meta property=\"article:publisher\" content=\"https:\/\/www.facebook.com\/rassegnastampacattolica\" \/>\n<meta property=\"article:published_time\" content=\"2005-06-07T22:00:00+00:00\" \/>\n<meta property=\"article:modified_time\" content=\"2016-03-02T15:30:55+00:00\" \/>\n<meta property=\"og:image\" content=\"https:\/\/www.rassegnastampa-totustuus.it\/cattolica\/wp-content\/uploads\/2005\/06\/extraterrestri.jpg\" \/>\n\t<meta property=\"og:image:width\" content=\"280\" \/>\n\t<meta property=\"og:image:height\" content=\"180\" \/>\n\t<meta property=\"og:image:type\" content=\"image\/jpeg\" \/>\n<meta name=\"author\" content=\"Redazione\" \/>\n<meta name=\"twitter:card\" content=\"summary_large_image\" \/>\n<meta name=\"twitter:creator\" content=\"@rassegnastampa9\" \/>\n<meta name=\"twitter:site\" content=\"@rassegnastampa9\" \/>\n<meta name=\"twitter:label1\" content=\"Scritto da\" \/>\n\t<meta name=\"twitter:data1\" content=\"Redazione\" \/>\n\t<meta name=\"twitter:label2\" content=\"Tempo di lettura stimato\" \/>\n\t<meta name=\"twitter:data2\" content=\"9 minuti\" \/>\n<script type=\"application\/ld+json\" class=\"yoast-schema-graph\">{\"@context\":\"https:\\\/\\\/schema.org\",\"@graph\":[{\"@type\":\"Article\",\"@id\":\"https:\\\/\\\/www.rassegnastampa-totustuus.it\\\/cattolica\\\/i-pagani-sono-gli-ufo\\\/#article\",\"isPartOf\":{\"@id\":\"https:\\\/\\\/www.rassegnastampa-totustuus.it\\\/cattolica\\\/i-pagani-sono-gli-ufo\\\/\"},\"author\":{\"name\":\"Redazione\",\"@id\":\"https:\\\/\\\/www.rassegnastampa-totustuus.it\\\/cattolica\\\/#\\\/schema\\\/person\\\/08f319d2bd1a0904ad9e2bfb7b15e5c3\"},\"headline\":\"I pagani? Sono gli Ufo\",\"datePublished\":\"2005-06-07T22:00:00+00:00\",\"dateModified\":\"2016-03-02T15:30:55+00:00\",\"mainEntityOfPage\":{\"@id\":\"https:\\\/\\\/www.rassegnastampa-totustuus.it\\\/cattolica\\\/i-pagani-sono-gli-ufo\\\/\"},\"wordCount\":1865,\"publisher\":{\"@id\":\"https:\\\/\\\/www.rassegnastampa-totustuus.it\\\/cattolica\\\/#organization\"},\"image\":{\"@id\":\"https:\\\/\\\/www.rassegnastampa-totustuus.it\\\/cattolica\\\/i-pagani-sono-gli-ufo\\\/#primaryimage\"},\"thumbnailUrl\":\"https:\\\/\\\/www.rassegnastampa-totustuus.it\\\/cattolica\\\/wp-content\\\/uploads\\\/2005\\\/06\\\/extraterrestri.jpg\",\"keywords\":[\"demografia\"],\"articleSection\":[\"Demografia\"],\"inLanguage\":\"it-IT\"},{\"@type\":\"WebPage\",\"@id\":\"https:\\\/\\\/www.rassegnastampa-totustuus.it\\\/cattolica\\\/i-pagani-sono-gli-ufo\\\/\",\"url\":\"https:\\\/\\\/www.rassegnastampa-totustuus.it\\\/cattolica\\\/i-pagani-sono-gli-ufo\\\/\",\"name\":\"I pagani? Sono gli Ufo - Rassegna Stampa Cattolica\",\"isPartOf\":{\"@id\":\"https:\\\/\\\/www.rassegnastampa-totustuus.it\\\/cattolica\\\/#website\"},\"primaryImageOfPage\":{\"@id\":\"https:\\\/\\\/www.rassegnastampa-totustuus.it\\\/cattolica\\\/i-pagani-sono-gli-ufo\\\/#primaryimage\"},\"image\":{\"@id\":\"https:\\\/\\\/www.rassegnastampa-totustuus.it\\\/cattolica\\\/i-pagani-sono-gli-ufo\\\/#primaryimage\"},\"thumbnailUrl\":\"https:\\\/\\\/www.rassegnastampa-totustuus.it\\\/cattolica\\\/wp-content\\\/uploads\\\/2005\\\/06\\\/extraterrestri.jpg\",\"datePublished\":\"2005-06-07T22:00:00+00:00\",\"dateModified\":\"2016-03-02T15:30:55+00:00\",\"description\":\"Rassegna Stampa Cattolica - Per una cultura che nasce dalla Rivelazione cristiana in conformit\u00e0 alla tradizione e al Magistero della Chiesa in opposizione ad ogni relativismo e totalitarismo\",\"breadcrumb\":{\"@id\":\"https:\\\/\\\/www.rassegnastampa-totustuus.it\\\/cattolica\\\/i-pagani-sono-gli-ufo\\\/#breadcrumb\"},\"inLanguage\":\"it-IT\",\"potentialAction\":[{\"@type\":\"ReadAction\",\"target\":[\"https:\\\/\\\/www.rassegnastampa-totustuus.it\\\/cattolica\\\/i-pagani-sono-gli-ufo\\\/\"]}]},{\"@type\":\"ImageObject\",\"inLanguage\":\"it-IT\",\"@id\":\"https:\\\/\\\/www.rassegnastampa-totustuus.it\\\/cattolica\\\/i-pagani-sono-gli-ufo\\\/#primaryimage\",\"url\":\"https:\\\/\\\/www.rassegnastampa-totustuus.it\\\/cattolica\\\/wp-content\\\/uploads\\\/2005\\\/06\\\/extraterrestri.jpg\",\"contentUrl\":\"https:\\\/\\\/www.rassegnastampa-totustuus.it\\\/cattolica\\\/wp-content\\\/uploads\\\/2005\\\/06\\\/extraterrestri.jpg\",\"width\":280,\"height\":180},{\"@type\":\"BreadcrumbList\",\"@id\":\"https:\\\/\\\/www.rassegnastampa-totustuus.it\\\/cattolica\\\/i-pagani-sono-gli-ufo\\\/#breadcrumb\",\"itemListElement\":[{\"@type\":\"ListItem\",\"position\":1,\"name\":\"Home\",\"item\":\"https:\\\/\\\/www.rassegnastampa-totustuus.it\\\/cattolica\\\/\"},{\"@type\":\"ListItem\",\"position\":2,\"name\":\"I pagani? Sono gli Ufo\"}]},{\"@type\":\"WebSite\",\"@id\":\"https:\\\/\\\/www.rassegnastampa-totustuus.it\\\/cattolica\\\/#website\",\"url\":\"https:\\\/\\\/www.rassegnastampa-totustuus.it\\\/cattolica\\\/\",\"name\":\"Rassegna Stampa Cattolica\",\"description\":\"Per una cultura che nasce dalla Rivelazione cristiana in conformit\u00e0 alla tradizione e al Magistero della Chiesa in opposizione ad ogni relativismo e totalitarismo\",\"publisher\":{\"@id\":\"https:\\\/\\\/www.rassegnastampa-totustuus.it\\\/cattolica\\\/#organization\"},\"alternateName\":\"Rass. Cattolica\",\"potentialAction\":[{\"@type\":\"SearchAction\",\"target\":{\"@type\":\"EntryPoint\",\"urlTemplate\":\"https:\\\/\\\/www.rassegnastampa-totustuus.it\\\/cattolica\\\/?s={search_term_string}\"},\"query-input\":{\"@type\":\"PropertyValueSpecification\",\"valueRequired\":true,\"valueName\":\"search_term_string\"}}],\"inLanguage\":\"it-IT\"},{\"@type\":\"Organization\",\"@id\":\"https:\\\/\\\/www.rassegnastampa-totustuus.it\\\/cattolica\\\/#organization\",\"name\":\"Rassegna Stampa Cattolica\",\"url\":\"https:\\\/\\\/www.rassegnastampa-totustuus.it\\\/cattolica\\\/\",\"logo\":{\"@type\":\"ImageObject\",\"inLanguage\":\"it-IT\",\"@id\":\"https:\\\/\\\/www.rassegnastampa-totustuus.it\\\/cattolica\\\/#\\\/schema\\\/logo\\\/image\\\/\",\"url\":\"https:\\\/\\\/www.rassegnastampa-totustuus.it\\\/cattolica\\\/wp-content\\\/uploads\\\/2014\\\/04\\\/logo-rassegna1.gif\",\"contentUrl\":\"https:\\\/\\\/www.rassegnastampa-totustuus.it\\\/cattolica\\\/wp-content\\\/uploads\\\/2014\\\/04\\\/logo-rassegna1.gif\",\"width\":600,\"height\":163,\"caption\":\"Rassegna Stampa Cattolica\"},\"image\":{\"@id\":\"https:\\\/\\\/www.rassegnastampa-totustuus.it\\\/cattolica\\\/#\\\/schema\\\/logo\\\/image\\\/\"},\"sameAs\":[\"https:\\\/\\\/www.facebook.com\\\/rassegnastampacattolica\",\"https:\\\/\\\/x.com\\\/rassegnastampa9\"]},{\"@type\":\"Person\",\"@id\":\"https:\\\/\\\/www.rassegnastampa-totustuus.it\\\/cattolica\\\/#\\\/schema\\\/person\\\/08f319d2bd1a0904ad9e2bfb7b15e5c3\",\"name\":\"Redazione\",\"image\":{\"@type\":\"ImageObject\",\"inLanguage\":\"it-IT\",\"@id\":\"https:\\\/\\\/secure.gravatar.com\\\/avatar\\\/2fcdf27c78ea025fbdb44e914cc63c72249ffec9dc8aafd5c82b26240ef3f346?s=96&d=mm&r=g\",\"url\":\"https:\\\/\\\/secure.gravatar.com\\\/avatar\\\/2fcdf27c78ea025fbdb44e914cc63c72249ffec9dc8aafd5c82b26240ef3f346?s=96&d=mm&r=g\",\"contentUrl\":\"https:\\\/\\\/secure.gravatar.com\\\/avatar\\\/2fcdf27c78ea025fbdb44e914cc63c72249ffec9dc8aafd5c82b26240ef3f346?s=96&d=mm&r=g\",\"caption\":\"Redazione\"},\"url\":\"https:\\\/\\\/www.rassegnastampa-totustuus.it\\\/cattolica\\\/author\\\/pietroelle\\\/\"}]}<\/script>\n<!-- \/ Yoast SEO plugin. -->","yoast_head_json":{"title":"I pagani? Sono gli Ufo - Rassegna Stampa Cattolica","description":"Rassegna Stampa Cattolica - Per una cultura che nasce dalla Rivelazione cristiana in conformit\u00e0 alla tradizione e al Magistero della Chiesa in opposizione ad ogni relativismo e totalitarismo","robots":{"index":"index","follow":"follow","max-snippet":"max-snippet:-1","max-image-preview":"max-image-preview:large","max-video-preview":"max-video-preview:-1"},"canonical":"https:\/\/www.rassegnastampa-totustuus.it\/cattolica\/i-pagani-sono-gli-ufo\/","og_locale":"it_IT","og_type":"article","og_title":"I pagani? Sono gli Ufo - Rassegna Stampa Cattolica","og_description":"Rassegna Stampa Cattolica - Per una cultura che nasce dalla Rivelazione cristiana in conformit\u00e0 alla tradizione e al Magistero della Chiesa in opposizione ad ogni relativismo e totalitarismo","og_url":"https:\/\/www.rassegnastampa-totustuus.it\/cattolica\/i-pagani-sono-gli-ufo\/","og_site_name":"Rassegna Stampa Cattolica","article_publisher":"https:\/\/www.facebook.com\/rassegnastampacattolica","article_published_time":"2005-06-07T22:00:00+00:00","article_modified_time":"2016-03-02T15:30:55+00:00","og_image":[{"width":280,"height":180,"url":"https:\/\/www.rassegnastampa-totustuus.it\/cattolica\/wp-content\/uploads\/2005\/06\/extraterrestri.jpg","type":"image\/jpeg"}],"author":"Redazione","twitter_card":"summary_large_image","twitter_creator":"@rassegnastampa9","twitter_site":"@rassegnastampa9","twitter_misc":{"Scritto da":"Redazione","Tempo di lettura stimato":"9 minuti"},"schema":{"@context":"https:\/\/schema.org","@graph":[{"@type":"Article","@id":"https:\/\/www.rassegnastampa-totustuus.it\/cattolica\/i-pagani-sono-gli-ufo\/#article","isPartOf":{"@id":"https:\/\/www.rassegnastampa-totustuus.it\/cattolica\/i-pagani-sono-gli-ufo\/"},"author":{"name":"Redazione","@id":"https:\/\/www.rassegnastampa-totustuus.it\/cattolica\/#\/schema\/person\/08f319d2bd1a0904ad9e2bfb7b15e5c3"},"headline":"I pagani? Sono gli Ufo","datePublished":"2005-06-07T22:00:00+00:00","dateModified":"2016-03-02T15:30:55+00:00","mainEntityOfPage":{"@id":"https:\/\/www.rassegnastampa-totustuus.it\/cattolica\/i-pagani-sono-gli-ufo\/"},"wordCount":1865,"publisher":{"@id":"https:\/\/www.rassegnastampa-totustuus.it\/cattolica\/#organization"},"image":{"@id":"https:\/\/www.rassegnastampa-totustuus.it\/cattolica\/i-pagani-sono-gli-ufo\/#primaryimage"},"thumbnailUrl":"https:\/\/www.rassegnastampa-totustuus.it\/cattolica\/wp-content\/uploads\/2005\/06\/extraterrestri.jpg","keywords":["demografia"],"articleSection":["Demografia"],"inLanguage":"it-IT"},{"@type":"WebPage","@id":"https:\/\/www.rassegnastampa-totustuus.it\/cattolica\/i-pagani-sono-gli-ufo\/","url":"https:\/\/www.rassegnastampa-totustuus.it\/cattolica\/i-pagani-sono-gli-ufo\/","name":"I pagani? Sono gli Ufo - Rassegna Stampa Cattolica","isPartOf":{"@id":"https:\/\/www.rassegnastampa-totustuus.it\/cattolica\/#website"},"primaryImageOfPage":{"@id":"https:\/\/www.rassegnastampa-totustuus.it\/cattolica\/i-pagani-sono-gli-ufo\/#primaryimage"},"image":{"@id":"https:\/\/www.rassegnastampa-totustuus.it\/cattolica\/i-pagani-sono-gli-ufo\/#primaryimage"},"thumbnailUrl":"https:\/\/www.rassegnastampa-totustuus.it\/cattolica\/wp-content\/uploads\/2005\/06\/extraterrestri.jpg","datePublished":"2005-06-07T22:00:00+00:00","dateModified":"2016-03-02T15:30:55+00:00","description":"Rassegna Stampa Cattolica - Per una cultura che nasce dalla Rivelazione cristiana in conformit\u00e0 alla tradizione e al Magistero della Chiesa in opposizione ad ogni relativismo e totalitarismo","breadcrumb":{"@id":"https:\/\/www.rassegnastampa-totustuus.it\/cattolica\/i-pagani-sono-gli-ufo\/#breadcrumb"},"inLanguage":"it-IT","potentialAction":[{"@type":"ReadAction","target":["https:\/\/www.rassegnastampa-totustuus.it\/cattolica\/i-pagani-sono-gli-ufo\/"]}]},{"@type":"ImageObject","inLanguage":"it-IT","@id":"https:\/\/www.rassegnastampa-totustuus.it\/cattolica\/i-pagani-sono-gli-ufo\/#primaryimage","url":"https:\/\/www.rassegnastampa-totustuus.it\/cattolica\/wp-content\/uploads\/2005\/06\/extraterrestri.jpg","contentUrl":"https:\/\/www.rassegnastampa-totustuus.it\/cattolica\/wp-content\/uploads\/2005\/06\/extraterrestri.jpg","width":280,"height":180},{"@type":"BreadcrumbList","@id":"https:\/\/www.rassegnastampa-totustuus.it\/cattolica\/i-pagani-sono-gli-ufo\/#breadcrumb","itemListElement":[{"@type":"ListItem","position":1,"name":"Home","item":"https:\/\/www.rassegnastampa-totustuus.it\/cattolica\/"},{"@type":"ListItem","position":2,"name":"I pagani? Sono gli Ufo"}]},{"@type":"WebSite","@id":"https:\/\/www.rassegnastampa-totustuus.it\/cattolica\/#website","url":"https:\/\/www.rassegnastampa-totustuus.it\/cattolica\/","name":"Rassegna Stampa Cattolica","description":"Per una cultura che nasce dalla Rivelazione cristiana in conformit\u00e0 alla tradizione e al Magistero della Chiesa in opposizione ad ogni relativismo e totalitarismo","publisher":{"@id":"https:\/\/www.rassegnastampa-totustuus.it\/cattolica\/#organization"},"alternateName":"Rass. Cattolica","potentialAction":[{"@type":"SearchAction","target":{"@type":"EntryPoint","urlTemplate":"https:\/\/www.rassegnastampa-totustuus.it\/cattolica\/?s={search_term_string}"},"query-input":{"@type":"PropertyValueSpecification","valueRequired":true,"valueName":"search_term_string"}}],"inLanguage":"it-IT"},{"@type":"Organization","@id":"https:\/\/www.rassegnastampa-totustuus.it\/cattolica\/#organization","name":"Rassegna Stampa Cattolica","url":"https:\/\/www.rassegnastampa-totustuus.it\/cattolica\/","logo":{"@type":"ImageObject","inLanguage":"it-IT","@id":"https:\/\/www.rassegnastampa-totustuus.it\/cattolica\/#\/schema\/logo\/image\/","url":"https:\/\/www.rassegnastampa-totustuus.it\/cattolica\/wp-content\/uploads\/2014\/04\/logo-rassegna1.gif","contentUrl":"https:\/\/www.rassegnastampa-totustuus.it\/cattolica\/wp-content\/uploads\/2014\/04\/logo-rassegna1.gif","width":600,"height":163,"caption":"Rassegna Stampa Cattolica"},"image":{"@id":"https:\/\/www.rassegnastampa-totustuus.it\/cattolica\/#\/schema\/logo\/image\/"},"sameAs":["https:\/\/www.facebook.com\/rassegnastampacattolica","https:\/\/x.com\/rassegnastampa9"]},{"@type":"Person","@id":"https:\/\/www.rassegnastampa-totustuus.it\/cattolica\/#\/schema\/person\/08f319d2bd1a0904ad9e2bfb7b15e5c3","name":"Redazione","image":{"@type":"ImageObject","inLanguage":"it-IT","@id":"https:\/\/secure.gravatar.com\/avatar\/2fcdf27c78ea025fbdb44e914cc63c72249ffec9dc8aafd5c82b26240ef3f346?s=96&d=mm&r=g","url":"https:\/\/secure.gravatar.com\/avatar\/2fcdf27c78ea025fbdb44e914cc63c72249ffec9dc8aafd5c82b26240ef3f346?s=96&d=mm&r=g","contentUrl":"https:\/\/secure.gravatar.com\/avatar\/2fcdf27c78ea025fbdb44e914cc63c72249ffec9dc8aafd5c82b26240ef3f346?s=96&d=mm&r=g","caption":"Redazione"},"url":"https:\/\/www.rassegnastampa-totustuus.it\/cattolica\/author\/pietroelle\/"}]}},"_links":{"self":[{"href":"https:\/\/www.rassegnastampa-totustuus.it\/cattolica\/wp-json\/wp\/v2\/posts\/679","targetHints":{"allow":["GET"]}}],"collection":[{"href":"https:\/\/www.rassegnastampa-totustuus.it\/cattolica\/wp-json\/wp\/v2\/posts"}],"about":[{"href":"https:\/\/www.rassegnastampa-totustuus.it\/cattolica\/wp-json\/wp\/v2\/types\/post"}],"author":[{"embeddable":true,"href":"https:\/\/www.rassegnastampa-totustuus.it\/cattolica\/wp-json\/wp\/v2\/users\/6"}],"replies":[{"embeddable":true,"href":"https:\/\/www.rassegnastampa-totustuus.it\/cattolica\/wp-json\/wp\/v2\/comments?post=679"}],"version-history":[{"count":3,"href":"https:\/\/www.rassegnastampa-totustuus.it\/cattolica\/wp-json\/wp\/v2\/posts\/679\/revisions"}],"predecessor-version":[{"id":31378,"href":"https:\/\/www.rassegnastampa-totustuus.it\/cattolica\/wp-json\/wp\/v2\/posts\/679\/revisions\/31378"}],"wp:featuredmedia":[{"embeddable":true,"href":"https:\/\/www.rassegnastampa-totustuus.it\/cattolica\/wp-json\/wp\/v2\/media\/31377"}],"wp:attachment":[{"href":"https:\/\/www.rassegnastampa-totustuus.it\/cattolica\/wp-json\/wp\/v2\/media?parent=679"}],"wp:term":[{"taxonomy":"category","embeddable":true,"href":"https:\/\/www.rassegnastampa-totustuus.it\/cattolica\/wp-json\/wp\/v2\/categories?post=679"},{"taxonomy":"post_tag","embeddable":true,"href":"https:\/\/www.rassegnastampa-totustuus.it\/cattolica\/wp-json\/wp\/v2\/tags?post=679"}],"curies":[{"name":"wp","href":"https:\/\/api.w.org\/{rel}","templated":true}]}}