{"id":675,"date":"2005-06-06T13:26:03","date_gmt":"2005-06-06T11:26:03","guid":{"rendered":""},"modified":"2016-07-14T11:36:27","modified_gmt":"2016-07-14T09:36:27","slug":"storia-di-carmelo-porcu","status":"publish","type":"post","link":"https:\/\/www.rassegnastampa-totustuus.it\/cattolica\/storia-di-carmelo-porcu\/","title":{"rendered":"Storia di Carmelo Porcu"},"content":{"rendered":"<div style=\"text-align: center;\">\n<div id=\"attachment_36005\" style=\"width: 259px\" class=\"wp-caption alignleft\"><img loading=\"lazy\" decoding=\"async\" aria-describedby=\"caption-attachment-36005\" class=\"wp-image-36005 size-full\" src=\"https:\/\/www.rassegnastampa-totustuus.it\/cattolica\/wp-content\/uploads\/2005\/06\/Carmelo_Porcu.jpg\" alt=\"Carmelo_Porcu\" width=\"259\" height=\"194\" \/><p id=\"caption-attachment-36005\" class=\"wp-caption-text\">Carmelo Porcu<\/p><\/div>\n<p><strong>Il Foglio<\/strong> 1 giugno 2005<\/div>\n<p style=\"text-align: justify;\"><em>L&#8217;onorevole disabile che rivivrebbe tutta la sua vita cos\u00ec com&#8217;\u00e8. Affetto da tetraparesi spastica, ha scelto il &#8220;partito pi\u00f9 handicappato in assoluto&#8221;, ha iniziato la carriera nell&#8217;MSI. Doveva fare il bandito<\/em><\/p>\n<p style=\"text-align: center;\">di <strong>Pietro Piccinini<\/strong><\/p>\n<p><!--more--><\/p>\n<div style=\"text-align: justify;\">Il maestro della scuola elementare di Orune portava i suoi alunni in aperta campagna e li faceva giocare a calcio. Cos\u00ec, in pantaloncini di velluto e scarponi corazzati da pastore, i piccoli indemoniati potevano sfogare sul pallone la loro furia e tornare in classe con un po\u2019 di attenzione da dedicare alla lezione.<\/div>\n<p style=\"text-align: justify;\">Quella volta, per\u00f2, poco prima di cominciare a sollevare tutt\u2019intorno il consueto polverone, i ragazzini di Orune dovettero fermarsi per considerare un problema inedito, quel loro nuovo compagno tutto storto e un po\u2019 deboluccio che il maestro aveva buttato in mezzo alla mischia: \u201cE a Carmelo cosa gli facciamo fare? Dove lo mettiamo Carmelo?\u201d.<\/p>\n<p style=\"text-align: justify;\">Carmelo stava in piedi per miracolo, scomposto com\u2019era, e se si provava anche solo di parlare il suo corpicino gracile si agitava tutto, convulsamente. Figurarsi se riusciva a calciare diritto un pallone. Ma quelli erano gli anni Sessanta, gli anni in cui il Mago Helenio Herrera faceva faville con l\u2019Inter di Moratti (Angelo), e a qualcuno dei bambini di Orune venne subito l\u2019idea: Carmelo doveva fare l\u2019allenatore. Doveva fare Herrera, Carmelo.<\/p>\n<p style=\"text-align: justify;\">\u201cEcco come ho potuto addirittura giocare a calcio, io: facevo l\u2019allenatore, e organizzavo contemporaneamente l\u2019una e l\u2019altra squadra\u201d. Oggi, 2005, il Mago Herrera della Barbagia non fa pi\u00f9 l\u2019allenatore, \u00e8 un deputato del Parlamento della repubblica. Come sempre, quando parla, il suo corpo freme incontrollato, perch\u00e9 la tetraparesi spastica che lo affligge \u00e8 irreversibile, ma con quel fisico deformato l\u2019onorevole Carmelo Porcu ora ha imparato a convivere.<\/p>\n<p style=\"text-align: justify;\">E a scherzare: \u201cIo sono un sardo della Barbagia, nel mio Dna c\u2019\u00e8 scritto che avrei dovuto fare il bandito o il sequestratore. Perci\u00f2, visto che mi manca la forza fisica, ho scelto di intraprendere la carriera politica\u201d.<\/p>\n<p style=\"text-align: justify;\">La carriera politica Carmelo Porcu ha scelto di cominciarla nell\u2019Msi. Scelta paradossale per uno che i nazisti probabilmente avrebbero infilato vivo in un forno crematorio. \u201cMa io che potevo fare? Da handicappato ho scelto il partito pi\u00f9 handicappato in assoluto\u201d. E gli \u00e8 andata di lusso, visto che oggi Porcu \u00e8 coordinatore regionale di Alleanza nazionale per la Sardegna: \u201cIn effetti in politica mi sono trovato bene, e posso garantire che da handicappato a Montecitorio non ho mai sofferto la solitudine\u201d.<\/p>\n<p style=\"text-align: justify;\">L\u2019onorevole ride volentieri del suo corpo traballante, ma il caso Carmelo Porcu farebbe rabbrividire tutti gli illustri dottori referendari alla Umberto Veronesi, i quali vanno dicendo che la legge 40 condanna i disabili alla vita, e alla vita da disabile. Ed \u00e8 proprio per questo che oggi l\u2019onorevole Porcu al suo brutto corpo \u00e8 affezionato pi\u00f9 che mai, e ha deciso di raccontarne la storia drammatica \u2013 \u201cma in punta di piedi, con discrezione, perch\u00e9 mi d\u00e0 fastidio mettere in piazza queste cose\u201d \u2013 \u201cper difendere la legge 40, perch\u00e9 mi sto rendendo conto che tutto il grande progresso culturale e di costume che abbiamo compiuto in tanti anni riguardo al problema della disabilit\u00e0 viene ora rimesso in discussione.<\/p>\n<p style=\"text-align: justify;\">Si dice che i disabili non devono venire pi\u00f9 al mondo, e nessuno fa una piega, nemmeno le sinistre, che si stracciavano le vesti quando la societ\u00e0 ignorante di qualche decennio fa si azzardava solo a trattare uno spastico come me da disabile anche mentale. Oggi invece perfino loro si permettono il lusso di predicare una felicit\u00e0 che pu\u00f2 essere definita a priori\u201d.<\/p>\n<p style=\"text-align: justify;\">Per Carmelo Porcu il Mondo Nuovo verso cui il nostro secolo precipita, \u00e8 per certi versi un tuffo all\u2019indietro \u201cnegli anni Cinquanta-Sessanta, quando l\u2019avere in casa un figlio disabile era considerato disdicevole, una sorta di marchio d\u2019infamia, una punizione del destino, una colpa da lavare\u201d. Cinquant\u2019anni di battaglie e conquiste sociali spazzati via in un istante: \u201cAll\u2019epoca in cui mia mamma mi portava in braccio, da piccolino, la gente che ci incontrava si commuoveva. <em>\u2018Oh poverino, questo bambino!\u2019<\/em>, le dicevano.<\/p>\n<p style=\"text-align: justify;\">Qualche volta anche esagerando, in maniera pietistica, ma comunque sempre esprimendo solidariet\u00e0. Adesso, al contrario, le donne come mia mamma (che sono delle donne-coraggio, donne che faticano in maniera sovrumana per portare avanti la vita dei loro figli disabili, che amano i loro figli e pi\u00f9 sono disabili e pi\u00f9 li amano) invece di sentirsi amate, ammirate o comunque di sentire la solidariet\u00e0 degli altri, si sentono quasi rimproverate: <em>\u2018Perch\u00e9 hai messo questo figlio al mondo? Non c\u2019hai pensato? Ti \u00e8 sfuggita la situazione di mano?\u2019<\/em>.<\/p>\n<p style=\"text-align: justify;\">Io allora mi chiedo: perch\u00e9 non facciamo loro coraggio, piuttosto di scoraggiarle a fare nascere quelli come me? E poi qual \u00e8 la giuria? C\u2019\u00e8 chi accampa la pretesa assurda di poter dire a un altro uomo: <em>\u2018Tu non sarai felice. Per questo non devi venire al mondo\u2019<\/em>. In un\u2019epoca in cui il progresso della scienza potrebbe permettere anche agli handicappati pi\u00f9 gravi di superare moltissime barriere, e in cui il progresso civile ci permette di considerare cosa condivisa il fatto che tutte le persone sono uguali, si cerca contraddittoriamente di far passare questa possibilit\u00e0 di scelta come positiva, mentre \u00e8 solo la premessa ipocrita di una societ\u00e0 che si avvia ad ammettere le pratiche eugenetiche. Tutto questo mi ha convinto a vincere la naturale riservatezza con cui parlerei della mia malattia\u201d.<\/p>\n<p style=\"text-align: justify;\">Cos\u00ec Carmelo Porcu comincia a raccontare la sua vita, una vita interamente determinata da quelli che lui chiama \u201ci miracoli dell\u2019Amore con la a maiuscola, che sono quei fatti che avvengono quando c\u2019\u00e8 difficolt\u00e0 a riconoscere la vita e allora \u00e8 la vita stessa si fa riconoscere, che si fa vedere\u201d.<\/p>\n<p style=\"text-align: justify;\">Miracolo dell\u2019Amore numero uno, la nascita. \u201cMia mamma aveva avuto numerosi aborti spontanei prima di concepire me, e i medici le avevano diagnosticato che non avrebbe pi\u00f9 potuto avere figli. Quindi affront\u00f2 la mia gravidanza quasi con un po\u2019 di leggerezza, aspettandosi che si verificasse uno dei soliti aborti. Invece nacqui, ma accadde prematuramente (ero di otto mesi), a casa, senza assistenza medica.<\/p>\n<p style=\"text-align: justify;\">La levatrice che assisteva mamma durante il parto, quasi spaventata da com\u2019ero ridotto, mi diede alle donne di casa, le quali furono subito davanti al problema di capire se io ero vivo o morto. Si sincerarono del mio essere in vita attraverso il metodo empirico. Mi misero cio\u00e8 il dito mignolo in bocca per vedere se succhiavo. Quando videro che in effetti succhiavo, tutte si misero a gridare: <em>\u2018Vivu este! Vivu este!\u2019<\/em>, che in sardo significa: <em>\u2018E\u2019 vivo! E\u2019 vivo!\u2019<\/em>\u201d.<\/p>\n<p style=\"text-align: justify;\">Cos\u00ec, nel 1954, Orune si rese conto che Carmelo Porcu era vivo. E soprattutto che, nonostante le previsioni, sopravviveva. \u201cContrariamente a tutto ci\u00f2 che si poteva prevedere umanamente, fui accettato con grandissimo amore dai miei genitori, dalla mia famiglia e successivamente da tutta la comunit\u00e0 paesana, che in un certo senso mi adott\u00f2. Divenni una specie di mascotte.<\/p>\n<p style=\"text-align: justify;\">Mi vedevano crescere con i miei problemi fisici, ma mi sollecitavano sul piano dell\u2019intelligenza, facendo crescere la mia sicurezza e la mia voglia di stare in mezzo agli altri. Allora che i miei genitori fecero un ragionamento da gramsciani inconsapevoli: nella societ\u00e0 barbaricina di allora i maschi, i forti, andavano in campagna a lavorare e a seguire il bestiame, mentre le donne, nelle famiglie che potevano permetterselo, venivano mandate a studiare; ebbene io, nella mia condizione di debolezza, ero equiparabile a una donna e fui mandato a scuola. I miei erano convinti che il mio riscatto dovesse venire attraverso l\u2019istruzione, la scuola\u201d.<\/p>\n<p style=\"text-align: justify;\">E proprio a scuola avvenne il secondo miracolo dell\u2019Amore nella vita di Porcu: quel bambino tutto contorto fu accolto a braccia aperte dagli insegnanti e dai compagni di classe. \u201cGrazie a questa accettazione, riuscii addirittura a compiere il percorso scolastico \u2018normale\u2019, in un momento in cui in Italia non c\u2019erano leggi per l\u2019inserimento dei negli istituti scuole. Anzi, credo di essermi inserito molto di pi\u00f9 io allora di quanto non lo siano, purtroppo, molti disabili oggi che quelle leggi esistono\u201d.<\/p>\n<p style=\"text-align: justify;\"><strong>L\u2019impatto con l\u2019istituto<\/strong><\/p>\n<p style=\"text-align: justify;\">Poi Porcu fa una breve pausa, come per prepararsi ad assorbire un colpo tremendo: \u201cPer le scuole medie fui ricoverato in un istituto per ragazzi disabili, perch\u00e9 la mia famiglia pensava che accanto all\u2019istruzione dovesse esserci il tentativo di recuperarmi sul piano fisico. Perci\u00f2 mi mandarono al centro di Sassari, dove studiai e insieme mi sottoposi al trattamento fisioterapico. Fino a quel momento avevo vissuto in una sorta di ignoranza sulla realt\u00e0 dell\u2019handicap: io facevo perfino a botte con i miei compagni di scuola, mi bastava appoggiarmi al muro per menare come tutti gli altri. Vivevo una perfetta integrazione. Invece quando vidi gli altri ricoverati, scoprii l\u2019handicap. E fu una scoperta traumatica\u201d.<\/p>\n<p style=\"text-align: justify;\">Gli occhi di Carmelo Porcu si velano di lacrime mentre il disabile onorevole si prende un attimo pesante quanto tutte quelle vite vissute nel dolore. \u201cIn mezzo a quei quattrocento handicappati da tutta la Sardegna, ho vissuto anche con persone in uno stato paragonabile a quello di Terri Schiavo. E ho imparato a riconoscere, perfino in loro, lampi di vitalit\u00e0 e \u2013 perch\u00e9 no? \u2013 di felicit\u00e0, sia pure fra tutte le virgolette possibili e immaginabili. E\u2019 bellissimo poter vedere la vita anche in chi sembra non averla quasi pi\u00f9. \u00a0La forma pi\u00f9 debole di vita \u00e8 quella che merita di essere pi\u00f9 tutelata. Se vogliamo costruire una societ\u00e0 pi\u00f9 umana, dobbiamo affrontare il anche discorso della non perfezione dell\u2019uomo, che \u00e8 bello in qualunque situazione e persino quando \u00e8 pi\u00f9 limitato. Ecco perch\u00e9 l\u2019esistenza degli handicappati \u00e8 utile, perch\u00e9 insegna a tutti che la vita non \u00e8 perfetta, non \u00e8 uno spot pubblicitario\u201d.<\/p>\n","protected":false},"excerpt":{"rendered":"<p>Il Foglio 1 giugno 2005 L&#8217;onorevole disabile che rivivrebbe tutta la sua vita cos\u00ec com&#8217;\u00e8. Affetto da tetraparesi spastica, ha scelto il &#8220;partito pi\u00f9 handicappato in assoluto&#8221;, ha iniziato la carriera nell&#8217;MSI. Doveva fare il bandito di Pietro Piccinini<\/p><p><a class=\"more-link btn\" href=\"https:\/\/www.rassegnastampa-totustuus.it\/cattolica\/storia-di-carmelo-porcu\/\">Continua a leggere<\/a><\/p>\n","protected":false},"author":6,"featured_media":36005,"comment_status":"closed","ping_status":"open","sticky":false,"template":"","format":"standard","meta":{"footnotes":""},"categories":[18],"tags":[638,639],"class_list":["post-675","post","type-post","status-publish","format-standard","has-post-thumbnail","hentry","category-personaggi","tag-carmelo-porcu","tag-handicap","item-wrap"],"yoast_head":"<!-- This site is optimized with the Yoast SEO plugin v27.5 - https:\/\/yoast.com\/product\/yoast-seo-wordpress\/ -->\n<title>Storia di Carmelo Porcu - Rassegna Stampa Cattolica<\/title>\n<meta name=\"description\" content=\"Rassegna Stampa Cattolica - Per una cultura che nasce dalla Rivelazione cristiana in conformit\u00e0 alla tradizione e al Magistero della Chiesa in opposizione ad ogni relativismo e totalitarismo\" \/>\n<meta name=\"robots\" content=\"index, follow, max-snippet:-1, max-image-preview:large, max-video-preview:-1\" \/>\n<link rel=\"canonical\" href=\"https:\/\/www.rassegnastampa-totustuus.it\/cattolica\/storia-di-carmelo-porcu\/\" \/>\n<meta property=\"og:locale\" content=\"it_IT\" \/>\n<meta property=\"og:type\" content=\"article\" \/>\n<meta property=\"og:title\" content=\"Storia di Carmelo Porcu - Rassegna Stampa Cattolica\" \/>\n<meta property=\"og:description\" content=\"Rassegna Stampa Cattolica - Per una cultura che nasce dalla Rivelazione cristiana in conformit\u00e0 alla tradizione e al Magistero della Chiesa in opposizione ad ogni relativismo e totalitarismo\" \/>\n<meta property=\"og:url\" content=\"https:\/\/www.rassegnastampa-totustuus.it\/cattolica\/storia-di-carmelo-porcu\/\" \/>\n<meta property=\"og:site_name\" content=\"Rassegna Stampa Cattolica\" \/>\n<meta property=\"article:publisher\" content=\"https:\/\/www.facebook.com\/rassegnastampacattolica\" \/>\n<meta property=\"article:published_time\" content=\"2005-06-06T11:26:03+00:00\" \/>\n<meta property=\"article:modified_time\" content=\"2016-07-14T09:36:27+00:00\" \/>\n<meta property=\"og:image\" content=\"https:\/\/www.rassegnastampa-totustuus.it\/cattolica\/wp-content\/uploads\/2005\/06\/Carmelo_Porcu.jpg\" \/>\n\t<meta property=\"og:image:width\" content=\"259\" \/>\n\t<meta property=\"og:image:height\" content=\"194\" \/>\n\t<meta property=\"og:image:type\" content=\"image\/jpeg\" \/>\n<meta name=\"author\" content=\"Redazione\" \/>\n<meta name=\"twitter:card\" content=\"summary_large_image\" \/>\n<meta name=\"twitter:creator\" content=\"@rassegnastampa9\" \/>\n<meta name=\"twitter:site\" content=\"@rassegnastampa9\" \/>\n<meta name=\"twitter:label1\" content=\"Scritto da\" \/>\n\t<meta name=\"twitter:data1\" content=\"Redazione\" \/>\n\t<meta name=\"twitter:label2\" content=\"Tempo di lettura stimato\" \/>\n\t<meta name=\"twitter:data2\" content=\"8 minuti\" \/>\n<script type=\"application\/ld+json\" class=\"yoast-schema-graph\">{\"@context\":\"https:\\\/\\\/schema.org\",\"@graph\":[{\"@type\":\"Article\",\"@id\":\"https:\\\/\\\/www.rassegnastampa-totustuus.it\\\/cattolica\\\/storia-di-carmelo-porcu\\\/#article\",\"isPartOf\":{\"@id\":\"https:\\\/\\\/www.rassegnastampa-totustuus.it\\\/cattolica\\\/storia-di-carmelo-porcu\\\/\"},\"author\":{\"name\":\"Redazione\",\"@id\":\"https:\\\/\\\/www.rassegnastampa-totustuus.it\\\/cattolica\\\/#\\\/schema\\\/person\\\/08f319d2bd1a0904ad9e2bfb7b15e5c3\"},\"headline\":\"Storia di Carmelo Porcu\",\"datePublished\":\"2005-06-06T11:26:03+00:00\",\"dateModified\":\"2016-07-14T09:36:27+00:00\",\"mainEntityOfPage\":{\"@id\":\"https:\\\/\\\/www.rassegnastampa-totustuus.it\\\/cattolica\\\/storia-di-carmelo-porcu\\\/\"},\"wordCount\":1609,\"publisher\":{\"@id\":\"https:\\\/\\\/www.rassegnastampa-totustuus.it\\\/cattolica\\\/#organization\"},\"image\":{\"@id\":\"https:\\\/\\\/www.rassegnastampa-totustuus.it\\\/cattolica\\\/storia-di-carmelo-porcu\\\/#primaryimage\"},\"thumbnailUrl\":\"https:\\\/\\\/www.rassegnastampa-totustuus.it\\\/cattolica\\\/wp-content\\\/uploads\\\/2005\\\/06\\\/Carmelo_Porcu.jpg\",\"keywords\":[\"Carmelo Porcu\",\"handicap\"],\"articleSection\":[\"Personaggi\"],\"inLanguage\":\"it-IT\"},{\"@type\":\"WebPage\",\"@id\":\"https:\\\/\\\/www.rassegnastampa-totustuus.it\\\/cattolica\\\/storia-di-carmelo-porcu\\\/\",\"url\":\"https:\\\/\\\/www.rassegnastampa-totustuus.it\\\/cattolica\\\/storia-di-carmelo-porcu\\\/\",\"name\":\"Storia di Carmelo Porcu - Rassegna Stampa Cattolica\",\"isPartOf\":{\"@id\":\"https:\\\/\\\/www.rassegnastampa-totustuus.it\\\/cattolica\\\/#website\"},\"primaryImageOfPage\":{\"@id\":\"https:\\\/\\\/www.rassegnastampa-totustuus.it\\\/cattolica\\\/storia-di-carmelo-porcu\\\/#primaryimage\"},\"image\":{\"@id\":\"https:\\\/\\\/www.rassegnastampa-totustuus.it\\\/cattolica\\\/storia-di-carmelo-porcu\\\/#primaryimage\"},\"thumbnailUrl\":\"https:\\\/\\\/www.rassegnastampa-totustuus.it\\\/cattolica\\\/wp-content\\\/uploads\\\/2005\\\/06\\\/Carmelo_Porcu.jpg\",\"datePublished\":\"2005-06-06T11:26:03+00:00\",\"dateModified\":\"2016-07-14T09:36:27+00:00\",\"description\":\"Rassegna Stampa Cattolica - Per una cultura che nasce dalla Rivelazione cristiana in conformit\u00e0 alla tradizione e al Magistero della Chiesa in opposizione ad ogni relativismo e totalitarismo\",\"breadcrumb\":{\"@id\":\"https:\\\/\\\/www.rassegnastampa-totustuus.it\\\/cattolica\\\/storia-di-carmelo-porcu\\\/#breadcrumb\"},\"inLanguage\":\"it-IT\",\"potentialAction\":[{\"@type\":\"ReadAction\",\"target\":[\"https:\\\/\\\/www.rassegnastampa-totustuus.it\\\/cattolica\\\/storia-di-carmelo-porcu\\\/\"]}]},{\"@type\":\"ImageObject\",\"inLanguage\":\"it-IT\",\"@id\":\"https:\\\/\\\/www.rassegnastampa-totustuus.it\\\/cattolica\\\/storia-di-carmelo-porcu\\\/#primaryimage\",\"url\":\"https:\\\/\\\/www.rassegnastampa-totustuus.it\\\/cattolica\\\/wp-content\\\/uploads\\\/2005\\\/06\\\/Carmelo_Porcu.jpg\",\"contentUrl\":\"https:\\\/\\\/www.rassegnastampa-totustuus.it\\\/cattolica\\\/wp-content\\\/uploads\\\/2005\\\/06\\\/Carmelo_Porcu.jpg\",\"width\":259,\"height\":194},{\"@type\":\"BreadcrumbList\",\"@id\":\"https:\\\/\\\/www.rassegnastampa-totustuus.it\\\/cattolica\\\/storia-di-carmelo-porcu\\\/#breadcrumb\",\"itemListElement\":[{\"@type\":\"ListItem\",\"position\":1,\"name\":\"Home\",\"item\":\"https:\\\/\\\/www.rassegnastampa-totustuus.it\\\/cattolica\\\/\"},{\"@type\":\"ListItem\",\"position\":2,\"name\":\"Storia di Carmelo Porcu\"}]},{\"@type\":\"WebSite\",\"@id\":\"https:\\\/\\\/www.rassegnastampa-totustuus.it\\\/cattolica\\\/#website\",\"url\":\"https:\\\/\\\/www.rassegnastampa-totustuus.it\\\/cattolica\\\/\",\"name\":\"Rassegna Stampa Cattolica\",\"description\":\"Per una cultura che nasce dalla Rivelazione cristiana in conformit\u00e0 alla tradizione e al Magistero della Chiesa in opposizione ad ogni relativismo e totalitarismo\",\"publisher\":{\"@id\":\"https:\\\/\\\/www.rassegnastampa-totustuus.it\\\/cattolica\\\/#organization\"},\"alternateName\":\"Rass. Cattolica\",\"potentialAction\":[{\"@type\":\"SearchAction\",\"target\":{\"@type\":\"EntryPoint\",\"urlTemplate\":\"https:\\\/\\\/www.rassegnastampa-totustuus.it\\\/cattolica\\\/?s={search_term_string}\"},\"query-input\":{\"@type\":\"PropertyValueSpecification\",\"valueRequired\":true,\"valueName\":\"search_term_string\"}}],\"inLanguage\":\"it-IT\"},{\"@type\":\"Organization\",\"@id\":\"https:\\\/\\\/www.rassegnastampa-totustuus.it\\\/cattolica\\\/#organization\",\"name\":\"Rassegna Stampa Cattolica\",\"url\":\"https:\\\/\\\/www.rassegnastampa-totustuus.it\\\/cattolica\\\/\",\"logo\":{\"@type\":\"ImageObject\",\"inLanguage\":\"it-IT\",\"@id\":\"https:\\\/\\\/www.rassegnastampa-totustuus.it\\\/cattolica\\\/#\\\/schema\\\/logo\\\/image\\\/\",\"url\":\"https:\\\/\\\/www.rassegnastampa-totustuus.it\\\/cattolica\\\/wp-content\\\/uploads\\\/2014\\\/04\\\/logo-rassegna1.gif\",\"contentUrl\":\"https:\\\/\\\/www.rassegnastampa-totustuus.it\\\/cattolica\\\/wp-content\\\/uploads\\\/2014\\\/04\\\/logo-rassegna1.gif\",\"width\":600,\"height\":163,\"caption\":\"Rassegna Stampa Cattolica\"},\"image\":{\"@id\":\"https:\\\/\\\/www.rassegnastampa-totustuus.it\\\/cattolica\\\/#\\\/schema\\\/logo\\\/image\\\/\"},\"sameAs\":[\"https:\\\/\\\/www.facebook.com\\\/rassegnastampacattolica\",\"https:\\\/\\\/x.com\\\/rassegnastampa9\"]},{\"@type\":\"Person\",\"@id\":\"https:\\\/\\\/www.rassegnastampa-totustuus.it\\\/cattolica\\\/#\\\/schema\\\/person\\\/08f319d2bd1a0904ad9e2bfb7b15e5c3\",\"name\":\"Redazione\",\"image\":{\"@type\":\"ImageObject\",\"inLanguage\":\"it-IT\",\"@id\":\"https:\\\/\\\/secure.gravatar.com\\\/avatar\\\/2fcdf27c78ea025fbdb44e914cc63c72249ffec9dc8aafd5c82b26240ef3f346?s=96&d=mm&r=g\",\"url\":\"https:\\\/\\\/secure.gravatar.com\\\/avatar\\\/2fcdf27c78ea025fbdb44e914cc63c72249ffec9dc8aafd5c82b26240ef3f346?s=96&d=mm&r=g\",\"contentUrl\":\"https:\\\/\\\/secure.gravatar.com\\\/avatar\\\/2fcdf27c78ea025fbdb44e914cc63c72249ffec9dc8aafd5c82b26240ef3f346?s=96&d=mm&r=g\",\"caption\":\"Redazione\"},\"url\":\"https:\\\/\\\/www.rassegnastampa-totustuus.it\\\/cattolica\\\/author\\\/pietroelle\\\/\"}]}<\/script>\n<!-- \/ Yoast SEO plugin. -->","yoast_head_json":{"title":"Storia di Carmelo Porcu - Rassegna Stampa Cattolica","description":"Rassegna Stampa Cattolica - Per una cultura che nasce dalla Rivelazione cristiana in conformit\u00e0 alla tradizione e al Magistero della Chiesa in opposizione ad ogni relativismo e totalitarismo","robots":{"index":"index","follow":"follow","max-snippet":"max-snippet:-1","max-image-preview":"max-image-preview:large","max-video-preview":"max-video-preview:-1"},"canonical":"https:\/\/www.rassegnastampa-totustuus.it\/cattolica\/storia-di-carmelo-porcu\/","og_locale":"it_IT","og_type":"article","og_title":"Storia di Carmelo Porcu - Rassegna Stampa Cattolica","og_description":"Rassegna Stampa Cattolica - Per una cultura che nasce dalla Rivelazione cristiana in conformit\u00e0 alla tradizione e al Magistero della Chiesa in opposizione ad ogni relativismo e totalitarismo","og_url":"https:\/\/www.rassegnastampa-totustuus.it\/cattolica\/storia-di-carmelo-porcu\/","og_site_name":"Rassegna Stampa Cattolica","article_publisher":"https:\/\/www.facebook.com\/rassegnastampacattolica","article_published_time":"2005-06-06T11:26:03+00:00","article_modified_time":"2016-07-14T09:36:27+00:00","og_image":[{"width":259,"height":194,"url":"https:\/\/www.rassegnastampa-totustuus.it\/cattolica\/wp-content\/uploads\/2005\/06\/Carmelo_Porcu.jpg","type":"image\/jpeg"}],"author":"Redazione","twitter_card":"summary_large_image","twitter_creator":"@rassegnastampa9","twitter_site":"@rassegnastampa9","twitter_misc":{"Scritto da":"Redazione","Tempo di lettura stimato":"8 minuti"},"schema":{"@context":"https:\/\/schema.org","@graph":[{"@type":"Article","@id":"https:\/\/www.rassegnastampa-totustuus.it\/cattolica\/storia-di-carmelo-porcu\/#article","isPartOf":{"@id":"https:\/\/www.rassegnastampa-totustuus.it\/cattolica\/storia-di-carmelo-porcu\/"},"author":{"name":"Redazione","@id":"https:\/\/www.rassegnastampa-totustuus.it\/cattolica\/#\/schema\/person\/08f319d2bd1a0904ad9e2bfb7b15e5c3"},"headline":"Storia di Carmelo Porcu","datePublished":"2005-06-06T11:26:03+00:00","dateModified":"2016-07-14T09:36:27+00:00","mainEntityOfPage":{"@id":"https:\/\/www.rassegnastampa-totustuus.it\/cattolica\/storia-di-carmelo-porcu\/"},"wordCount":1609,"publisher":{"@id":"https:\/\/www.rassegnastampa-totustuus.it\/cattolica\/#organization"},"image":{"@id":"https:\/\/www.rassegnastampa-totustuus.it\/cattolica\/storia-di-carmelo-porcu\/#primaryimage"},"thumbnailUrl":"https:\/\/www.rassegnastampa-totustuus.it\/cattolica\/wp-content\/uploads\/2005\/06\/Carmelo_Porcu.jpg","keywords":["Carmelo Porcu","handicap"],"articleSection":["Personaggi"],"inLanguage":"it-IT"},{"@type":"WebPage","@id":"https:\/\/www.rassegnastampa-totustuus.it\/cattolica\/storia-di-carmelo-porcu\/","url":"https:\/\/www.rassegnastampa-totustuus.it\/cattolica\/storia-di-carmelo-porcu\/","name":"Storia di Carmelo Porcu - Rassegna Stampa Cattolica","isPartOf":{"@id":"https:\/\/www.rassegnastampa-totustuus.it\/cattolica\/#website"},"primaryImageOfPage":{"@id":"https:\/\/www.rassegnastampa-totustuus.it\/cattolica\/storia-di-carmelo-porcu\/#primaryimage"},"image":{"@id":"https:\/\/www.rassegnastampa-totustuus.it\/cattolica\/storia-di-carmelo-porcu\/#primaryimage"},"thumbnailUrl":"https:\/\/www.rassegnastampa-totustuus.it\/cattolica\/wp-content\/uploads\/2005\/06\/Carmelo_Porcu.jpg","datePublished":"2005-06-06T11:26:03+00:00","dateModified":"2016-07-14T09:36:27+00:00","description":"Rassegna Stampa Cattolica - Per una cultura che nasce dalla Rivelazione cristiana in conformit\u00e0 alla tradizione e al Magistero della Chiesa in opposizione ad ogni relativismo e totalitarismo","breadcrumb":{"@id":"https:\/\/www.rassegnastampa-totustuus.it\/cattolica\/storia-di-carmelo-porcu\/#breadcrumb"},"inLanguage":"it-IT","potentialAction":[{"@type":"ReadAction","target":["https:\/\/www.rassegnastampa-totustuus.it\/cattolica\/storia-di-carmelo-porcu\/"]}]},{"@type":"ImageObject","inLanguage":"it-IT","@id":"https:\/\/www.rassegnastampa-totustuus.it\/cattolica\/storia-di-carmelo-porcu\/#primaryimage","url":"https:\/\/www.rassegnastampa-totustuus.it\/cattolica\/wp-content\/uploads\/2005\/06\/Carmelo_Porcu.jpg","contentUrl":"https:\/\/www.rassegnastampa-totustuus.it\/cattolica\/wp-content\/uploads\/2005\/06\/Carmelo_Porcu.jpg","width":259,"height":194},{"@type":"BreadcrumbList","@id":"https:\/\/www.rassegnastampa-totustuus.it\/cattolica\/storia-di-carmelo-porcu\/#breadcrumb","itemListElement":[{"@type":"ListItem","position":1,"name":"Home","item":"https:\/\/www.rassegnastampa-totustuus.it\/cattolica\/"},{"@type":"ListItem","position":2,"name":"Storia di Carmelo Porcu"}]},{"@type":"WebSite","@id":"https:\/\/www.rassegnastampa-totustuus.it\/cattolica\/#website","url":"https:\/\/www.rassegnastampa-totustuus.it\/cattolica\/","name":"Rassegna Stampa Cattolica","description":"Per una cultura che nasce dalla Rivelazione cristiana in conformit\u00e0 alla tradizione e al Magistero della Chiesa in opposizione ad ogni relativismo e totalitarismo","publisher":{"@id":"https:\/\/www.rassegnastampa-totustuus.it\/cattolica\/#organization"},"alternateName":"Rass. Cattolica","potentialAction":[{"@type":"SearchAction","target":{"@type":"EntryPoint","urlTemplate":"https:\/\/www.rassegnastampa-totustuus.it\/cattolica\/?s={search_term_string}"},"query-input":{"@type":"PropertyValueSpecification","valueRequired":true,"valueName":"search_term_string"}}],"inLanguage":"it-IT"},{"@type":"Organization","@id":"https:\/\/www.rassegnastampa-totustuus.it\/cattolica\/#organization","name":"Rassegna Stampa Cattolica","url":"https:\/\/www.rassegnastampa-totustuus.it\/cattolica\/","logo":{"@type":"ImageObject","inLanguage":"it-IT","@id":"https:\/\/www.rassegnastampa-totustuus.it\/cattolica\/#\/schema\/logo\/image\/","url":"https:\/\/www.rassegnastampa-totustuus.it\/cattolica\/wp-content\/uploads\/2014\/04\/logo-rassegna1.gif","contentUrl":"https:\/\/www.rassegnastampa-totustuus.it\/cattolica\/wp-content\/uploads\/2014\/04\/logo-rassegna1.gif","width":600,"height":163,"caption":"Rassegna Stampa Cattolica"},"image":{"@id":"https:\/\/www.rassegnastampa-totustuus.it\/cattolica\/#\/schema\/logo\/image\/"},"sameAs":["https:\/\/www.facebook.com\/rassegnastampacattolica","https:\/\/x.com\/rassegnastampa9"]},{"@type":"Person","@id":"https:\/\/www.rassegnastampa-totustuus.it\/cattolica\/#\/schema\/person\/08f319d2bd1a0904ad9e2bfb7b15e5c3","name":"Redazione","image":{"@type":"ImageObject","inLanguage":"it-IT","@id":"https:\/\/secure.gravatar.com\/avatar\/2fcdf27c78ea025fbdb44e914cc63c72249ffec9dc8aafd5c82b26240ef3f346?s=96&d=mm&r=g","url":"https:\/\/secure.gravatar.com\/avatar\/2fcdf27c78ea025fbdb44e914cc63c72249ffec9dc8aafd5c82b26240ef3f346?s=96&d=mm&r=g","contentUrl":"https:\/\/secure.gravatar.com\/avatar\/2fcdf27c78ea025fbdb44e914cc63c72249ffec9dc8aafd5c82b26240ef3f346?s=96&d=mm&r=g","caption":"Redazione"},"url":"https:\/\/www.rassegnastampa-totustuus.it\/cattolica\/author\/pietroelle\/"}]}},"_links":{"self":[{"href":"https:\/\/www.rassegnastampa-totustuus.it\/cattolica\/wp-json\/wp\/v2\/posts\/675","targetHints":{"allow":["GET"]}}],"collection":[{"href":"https:\/\/www.rassegnastampa-totustuus.it\/cattolica\/wp-json\/wp\/v2\/posts"}],"about":[{"href":"https:\/\/www.rassegnastampa-totustuus.it\/cattolica\/wp-json\/wp\/v2\/types\/post"}],"author":[{"embeddable":true,"href":"https:\/\/www.rassegnastampa-totustuus.it\/cattolica\/wp-json\/wp\/v2\/users\/6"}],"replies":[{"embeddable":true,"href":"https:\/\/www.rassegnastampa-totustuus.it\/cattolica\/wp-json\/wp\/v2\/comments?post=675"}],"version-history":[{"count":4,"href":"https:\/\/www.rassegnastampa-totustuus.it\/cattolica\/wp-json\/wp\/v2\/posts\/675\/revisions"}],"predecessor-version":[{"id":36006,"href":"https:\/\/www.rassegnastampa-totustuus.it\/cattolica\/wp-json\/wp\/v2\/posts\/675\/revisions\/36006"}],"wp:featuredmedia":[{"embeddable":true,"href":"https:\/\/www.rassegnastampa-totustuus.it\/cattolica\/wp-json\/wp\/v2\/media\/36005"}],"wp:attachment":[{"href":"https:\/\/www.rassegnastampa-totustuus.it\/cattolica\/wp-json\/wp\/v2\/media?parent=675"}],"wp:term":[{"taxonomy":"category","embeddable":true,"href":"https:\/\/www.rassegnastampa-totustuus.it\/cattolica\/wp-json\/wp\/v2\/categories?post=675"},{"taxonomy":"post_tag","embeddable":true,"href":"https:\/\/www.rassegnastampa-totustuus.it\/cattolica\/wp-json\/wp\/v2\/tags?post=675"}],"curies":[{"name":"wp","href":"https:\/\/api.w.org\/{rel}","templated":true}]}}