{"id":669,"date":"2005-06-01T18:55:06","date_gmt":"2005-06-01T16:55:06","guid":{"rendered":""},"modified":"2016-09-08T09:59:36","modified_gmt":"2016-09-08T07:59:36","slug":"la-tragedia-dell8-settembre","status":"publish","type":"post","link":"https:\/\/www.rassegnastampa-totustuus.it\/cattolica\/la-tragedia-dell8-settembre\/","title":{"rendered":"La tragedia dell&#8217;8 settembre"},"content":{"rendered":"<div>\n<p style=\"text-align: center;\"><a href=\"https:\/\/www.rassegnastampa-totustuus.it\/cattolica\/wp-content\/uploads\/2005\/06\/8_sett_43.jpg\"><img loading=\"lazy\" decoding=\"async\" class=\"alignleft wp-image-30224\" src=\"https:\/\/www.rassegnastampa-totustuus.it\/cattolica\/wp-content\/uploads\/2005\/06\/8_sett_43.jpg\" alt=\"8_sett_43\" width=\"160\" height=\"200\" \/><\/a>\u00a0Pubblicato su <strong>Il Tempo<\/strong> del 26 novembre 1983<\/p>\n<p style=\"text-align: center;\"><em>L\u2019inizio d\u2019una revisione nell\u2019opera di Batoli<\/em><\/p>\n<p style=\"text-align: center;\">di <strong>Augusto Del Noce<\/strong><\/p>\n<p style=\"text-align: justify;\">Rispetto al fascismo del ventennio si \u00e8 passati dalla polemica al giudizio storico, che necessariamente non pu\u00f2 essere di parte, e che perci\u00f2 non \u00e8 n\u00e9 fascista n\u00e9 antifascista. Ma sembra che questo passaggio si sia arrestato davanti alle due date del 25 luglio e dell\u20198 settembre; rispetto alla cronaca dei fatti \u00e8 stato scritto il possibile, ma l\u2019interpretazione storica sinora \u00e8 mancata.<\/p>\n<\/div>\n<p><!--more--><\/p>\n<p style=\"text-align: justify;\">Colmare questa lacuna, attenuando perci\u00f2 sino al limite del possibile le passioni per collocarsi davanti alla prospettiva della storia, \u00e8 stato l\u2019intendimento di Domenico Bartoli in questo suo libro <em>L\u2019Italia si arrende. La tragedia dell\u20198 settembre 1943<\/em> (Editoriale Nuova, Milano, L. 16.000). Difficilmente chi lo accosta, riesce a interromperne la lettura, almeno questo \u00e8 accaduto a me. Naturalmente, trattandosi di un\u2019opera che \u00e8 agli inizi di una revisione storica, l\u2019ho letta come libro stimolante piuttosto che conclusivo; e dir\u00f2 degli stimoli che ne ho ricevuto e del consenso con giudizi che divergono dall\u2019opinione corrente.<\/p>\n<p style=\"text-align: justify;\">\u00abTriste cosa \u00e8 sempre la disfatta del proprio Paese anche per chi non abbia accettato le ragioni e gli scopi della guerra; ma la sconfitta diventa ancora pi\u00f9 pesante se i vinti sono costretti a invocare la protezione dei vincitori di fronte ai propri alleati, come accadde agli italiani dell\u2019estate del \u201843\u00bb, scrive Batoli (p. 70) definendo cos\u00ec perfettamente il primo aspetto della tragedia. La \u00abprotezione dei vincitori\u00bb aveva trasformato l\u2019armistizio dell\u20198 settembre in un rovesciamento di fronte per cui l\u2019Italia passava dalla parte di chi gi\u00e0 allora appariva con pressoch\u00e9 assoluta certezza vincente.<\/p>\n<p style=\"text-align: justify;\"><strong>Cortigiano della vittoria<\/strong><\/p>\n<p style=\"text-align: justify;\"><img loading=\"lazy\" decoding=\"async\" class=\"wp-image-14772 alignright\" src=\"https:\/\/www.rassegnastampa-totustuus.it\/cattolica\/wp-content\/uploads\/2005\/12\/regio-esercito.jpg\" alt=\"regio esercito\" width=\"208\" height=\"200\" \/>Nelle grandi opere della nostra letteratura, da Dante in poi, ci sono due immagini dell\u2019italiano, quella che lo richiama all\u2019ideale che dovrebbe incarnare, di erede della maggiore tradizione occidentale di civilt\u00e0 e di cultura, e quella che lamenta la sua condizione reale di &#8220;cortigiano della vittoria&#8221; quale che sia la parte vittoriosa. Sembrava che nell\u2019estate del \u201943 la seconda immagine avesse definitivamente prevalso.<\/p>\n<p style=\"text-align: justify;\">Vengono in mente i versi scritti da Malaparte nel 949, che lo stesso Batoli riporta: \u00abL\u2019otto settembre \u00e8 giorno memorando &#8211; volta la fronte all\u2019invasor nefando &#8211; l\u2019Italia con l\u2019antico suo valore &#8211; alla vittoria guid\u00f2 il vincitore &#8211; l\u2019otto settembre \u00e8 memorabil data: volte le spalle all\u2019infausta alleata &#8211; gi\u00e0 col ginocchio a terra &#8211; corremmo a vincere coi nostri nemici &#8211; arditamente quella stessa guerra &#8211; che avevamo gi\u00e0 perso con gli amici\u00bb.<\/p>\n<p style=\"text-align: justify;\">Di quel Malaparte che di parte cambi\u00f2 molte volte, non per\u00f2 per opportunismo, ma per uno spirito di contraddizione che lo spingeva a mettere in luce la parte di verit\u00e0 che i giudizi prevalenti, o gli ufficiali, riuscivano a occultare. Parziale, perci\u00f2, sempre; ma quella parte di verit\u00e0 che il suo discorso conteneva merita di essere discussa.<\/p>\n<p style=\"text-align: justify;\">L\u2019accusa di &#8220;tradimento&#8221; deve perci\u00f2 essere affrontata, ed \u00e8 quel che Batoli fa. La sua risposta mi sembra per\u00f2 indulgere talvolta troppo al modulo tradizionale: \u00abCol nazismo la Germania si era collocata al di fuori della civilt\u00e0 moderna. Non si poteva trattare con essa come un altro Paese occidentale dei nostri tempi. Non restava che tentare di ingannarla\u00bb. (p. 219).<\/p>\n<p style=\"text-align: justify;\"><img loading=\"lazy\" decoding=\"async\" class=\"alignleft wp-image-31645\" src=\"https:\/\/www.rassegnastampa-totustuus.it\/cattolica\/wp-content\/uploads\/2004\/11\/guerra.jpg\" alt=\"guerra\" width=\"250\" height=\"166\" \/>Mi pare che con ci\u00f2 si dimentichi che chi si allea con un malfattore, quando la fortuna lo favorisce, e poi contribuisce al suo arresto quando le sorti cambiano, non cessa perci\u00f2 di essere un traditore. Prescindiamo dal fatto che nessuno in Italia sapeva allora delle camere a gas e dei campi di sterminio; di quel genocidio premeditato che sarebbe stato indubbiamente ragione moralmente obbligante per rompere l\u2019alleanza.<\/p>\n<p style=\"text-align: justify;\">Ma fino alle battaglie perdute di Alamein e di Stalingrado, fino, insomma, al nuovo corso che prendeva la guerra, il consenso c\u2019era stato; e non \u00e8 certo difficile cercare gli atti di adesione dell\u2019Asse, e le interpretazioni storiche che cercavano darne, di intellettuali che dopo l\u20198 settembre si presentarono come maestri di antifascismo; ed \u00e8 da osservare che si trattava di atti molte volte non richiesti, e perci\u00f2 a loro modo da considerare sinceri, spiegabili, ancor pi\u00f9 che con ragioni interessate, con il fascino indiscutibile che esercita la tentazione di unificare &#8220;causa giusta&#8221; e &#8220;vittoria&#8221;.<\/p>\n<p style=\"text-align: justify;\">So bene che si parla oggi del criptoantifascismo dei GUF o della rivista <em>Primato<\/em>; ma si tratta di leggende, per non dire di favole. Vano \u00e8 cercare una causa morale nel rovesciamento delle alleanze; la ragione \u00e8 una sola, la guerra perdita (col che non si vuol certo negare l\u2019esistenza di una minoranza antifascista, ferma nel restar tale anche dopo un\u2019eventuale trionfo nazista; ma la sua azione veniva del tutto neutralizzata e paralizzata, finch\u00e9 si vinceva, dai successi, argomento sentito dai pi\u00f9 come decisivo).<\/p>\n<p style=\"text-align: justify;\"><strong>Risparmiare nuovi lutti<\/strong><\/p>\n<p style=\"text-align: justify;\"><img loading=\"lazy\" decoding=\"async\" class=\"alignright wp-image-14702\" src=\"https:\/\/www.rassegnastampa-totustuus.it\/cattolica\/wp-content\/uploads\/2005\/11\/Vittorio-Emanuele-III.jpg\" alt=\"Vittorio Emanuele III\" width=\"150\" height=\"200\" \/>E, tuttavia, non di &#8220;tradimento&#8221; si deve parlare, ma di &#8220;tragedia&#8221;. In quei primi di settembre del \u201943 erano infatti possibili due ragionamenti in nessun modo mediabili. Il primo pu\u00f2 venire cos\u00ec riassunto: quando la guerra si presenta come irrimediabilmente perduta, \u00e8 dovere del Sovrano cercare di risparmiare al suo popolo nuovi lutti e nuove distruzioni; e perci\u00f2 non continuare la guerra fino al momento della <em>debellatio<\/em>; e non importa se l\u2019alleato, alla cui volont\u00e0 \u00e8 preciso dovere non essere subordinati, sia d\u2019altro parere; occorre perci\u00f2 cercare un\u2019uscita dalla guerra che eviti, per quanto possibile, il rovesciamento di fronte.<\/p>\n<p style=\"text-align: justify;\">E\u2019 il giudizio cui si attenne con la pi\u00f9 scrupolosa coerenza il re Vittorio Emanuele III, a cui molti precedenti errori possono essere imputati, ma non questo atteggiamento. E Batoli, che ha il merito di chiarirlo in maniera esemplare, riferisce, condividendolo, il giudizio del generale tedesco von Senger, il difensore di Cassino, secondo cui \u00abVittorio Emanuele ordinando di concludere l\u2019armistizio fece quel che avrebbe dovuto fare come nella prima guerra mondiale, dopo Caporetto, quando invece aveva energicamente impersonato la volont\u00e0 di resistenza e di ripresa\u00bb (p. 43).<\/p>\n<p style=\"text-align: justify;\">La tesi della \u00abfuga ignominiosa\u00bb \u00e8 calunnia priva di alcun fondamento: era proprio invece il dovere del Sovrano a esigere la \u00abfuga a Pescara\u00bb per la salvezza della continuit\u00e0 dello Stato. Quel dovere che pu\u00f2 talvolta esigere da un re la morte eroica, pu\u00f2 talvolta richiedere di salvarsi, magari nelle vesti del fuggiasco, e nel rischio di esser giudicato tale.<\/p>\n<p style=\"text-align: justify;\"><strong>Rottura delle alleanze<\/strong><\/p>\n<p style=\"text-align: justify;\"><img loading=\"lazy\" decoding=\"async\" class=\"size-full wp-image-14707 alignleft\" src=\"https:\/\/www.rassegnastampa-totustuus.it\/cattolica\/wp-content\/uploads\/2005\/11\/Hitler-e-Mussolini.png\" alt=\"Hitler e Mussolini\" width=\"216\" height=\"132\" \/>E\u2019 per\u00f2 da aggiungere che il re, pur agendo con una coerenza che deve oggi non esser pi\u00f9 messa in discussione, e per una sincera devozione alla causa del suo popolo, si atteneva ad una concezione tradizionale della guerra e delle alleanze, quella per cui \u00abla pace separata\u00bb era concepibile; ma nell\u2019impostazione della guerra comune alle due parti, come rivoluzione mondiale, la rottura dell\u2019alleanza era destinata inevitabilmente a diventare quel rovesciamento di fronte che il re non voleva. Cos\u00ec che nella forma in cui coincidevano l\u2019armistizio prima, la cobelligeranza poi, gli alleati mostravano di considerare gli italiani secondo quel giudizio deteriore che prima ho detto.<\/p>\n<p style=\"text-align: justify;\">Non bisogna dimenticare che la storia dell\u2019Italia nel ventennio era caratterizzata dal progressivo avanzare di una diarchia, di una doppia sovranit\u00e0, del re e del duce, diretta, la seconda, all\u2019erosione progressiva, sino all\u2019estinzione, della prima cos\u00ec che la monarchia finiva con l\u2019apparire come un organo mal tollerato, del regime fascista; situazione che il re aveva sopportato, molto a malincuore, per il timore di quel maggior male che sarebbe stata la guerra civile.<\/p>\n<p style=\"text-align: justify;\">Ora questo regime aveva stretto un patto d\u2019acciaio con la Germania, tale che in linea di principio non poteva essere infranto in una guerra che aveva assunto, da entrambe le parti, il carattere di guerra \u00abdi religione senza religione\u00bb, quanto a dire di guerra di sterminio. La resa senza condizioni voleva dunque dire, per gli italiani, accettazione di farsi strumento per quella sorte da riservare all\u2019alleato tedesco che i nuovi alleati avrebbero preferito; forse anche quella, e la proposta fu avanzata, di ridurre il popolo tedesco alla pastorizia.<\/p>\n<p style=\"text-align: justify;\">Date queste circostanze, non stupisce che molti, in nome dell\u2019onore e della fedelt\u00e0, giudicassero che la guerra , anche se quasi certamente perduta, dovesse essere combattuta sino alla morte. E Bartoli riconosce che dalla partesi Sal\u00f2 si schier\u00f2 \u00abgente in buona fede, illusa dal mito della fedelt\u00e0 all\u2019alleato\u00bb; anche se ritrov\u00f2 in compagnia di avventurieri senza scrupoli e di fanatici ottusi, ma questi non mancano mai, da una parte e dall\u2019altra, in ogni guerra civile.<\/p>\n<p style=\"text-align: justify;\"><img loading=\"lazy\" decoding=\"async\" class=\"alignright wp-image-36347\" src=\"https:\/\/www.rassegnastampa-totustuus.it\/cattolica\/wp-content\/uploads\/2005\/06\/Sal\u00f2_bandiera.jpg\" alt=\"salo_bandiera\" width=\"230\" height=\"154\" \/>Egli deve riconoscere a questo punto la singolarit\u00e0 di un fatto su cui non si \u00e8 portata sinora sufficientemente l\u2019attenzione. Il 25 luglio, il fascismo era crollato senza resistenza; dopo l\u20198 settembre la Repubblica Sociale trov\u00f2 un numero consistente di aderenti. Continuazione, per usare una distinzione che si \u00e8 fatta ormai consueta, del fascismo <em>movimento<\/em>, dopo che il fascismo <em>regime<\/em> si era spento?<\/p>\n<p style=\"text-align: justify;\">Non direi; non era tanto il mito del duce ad animare questo nuovo fascismo , quanto quello appunto dell\u2019\u00abonore della fedelt\u00e0\u00bb, dei <em>pacta sunt servanda<\/em>, e la preoccupazione di allontanare dall\u2019Italia la taccia del costante tradimento. Nella situazione nuova che si era venuta a creare dopo l\u2019armistizio coesistevano questi due opporti giudizi; e la tragedia italiana stava appunto nella lacerazione interiore che tale compresenza determinava.<\/p>\n<p style=\"text-align: justify;\"><strong>Crolla il mito della grande potenza<\/strong><\/p>\n<p style=\"text-align: justify;\">Possiamo cercare di definire in una frase il significato dell\u20198 settembre? Direi che fu la tragedia che in cui doveva finire la diarchia che aveva a condizione del suo funzionamento il successo. Il 25 luglio sembrava che la monarchia avesse in qualche modo riassorbito la crisi diarchia attraverso l\u2019autoliquidazione del regime fascista sancita dal Gran Consiglio; ma la crisi scoppi\u00f2 dopo l\u20198 settembre, dando luogo alla guerra civile.<\/p>\n<p style=\"text-align: justify;\">\nSe \u00e8 regola di ogni monarca temere la guerra civile pi\u00f9 di qualsiasi guerra esterna, \u00e8 forse la fedelt\u00e0 a essa il filo\u00a0che permette di intendere l\u2019intera politica che Vittorio Emanuele pratic\u00f2 durante tutto il suo regno, incluso l\u2019intervento nella prima guerra mondiale. Presago probabilmente che la guerra civile avrebbe determinato le condizioni per la fine della monarchia, come avvenne. Prende infatti inizio con l\u20198 settembre il processo che per la monarchia si conclude il 2 giugno, punto che Batoli mette giustamente in rilievo.<\/p>\n<p style=\"text-align: justify;\"><img loading=\"lazy\" decoding=\"async\" class=\"size-full wp-image-14700 alignleft\" src=\"https:\/\/www.rassegnastampa-totustuus.it\/cattolica\/wp-content\/uploads\/2005\/11\/Gran-Consiglio-1943.jpg\" alt=\"Gran Consiglio 1943\" width=\"347\" height=\"145\" srcset=\"https:\/\/www.rassegnastampa-totustuus.it\/cattolica\/wp-content\/uploads\/2005\/11\/Gran-Consiglio-1943.jpg 347w, https:\/\/www.rassegnastampa-totustuus.it\/cattolica\/wp-content\/uploads\/2005\/11\/Gran-Consiglio-1943-300x125.jpg 300w\" sizes=\"auto, (max-width: 347px) 100vw, 347px\" \/>Nell\u2019epilogo egli scrive che l\u20198 settembre fu il crollo del mito dell\u2019Italia grande potenza; mito non nato col fascismo, ma gi\u00e0 presente nel Risorgimento, e poi alimentato dal contributo che l\u2019Italia nella prima guerra mondiale aveva dato all\u2019abbattimento dell\u2019impero asburgico (lasciamo da parte il discorso, oggi facile ma pronunziato con quanto ritardo, sulle disastrose conseguenze di questo evento), e poi portato alle estreme conseguenze dal fascismo. Sotto questo riguardo si pu\u00f2 forse dire che l\u20198 settembre fu la conclusione di un\u2019avventura iniziata con l\u2019intervento nella prima guerra mondiale; in quella che mi si permetter\u00e0 di giudicare \u00absuicidio di Europa\u00bb e \u00abinutile strage\u00bb.<\/p>\n<p style=\"text-align: justify;\">Ma l\u2019idea di una grande potenza ha due aspetti, il materiale e il morale. Ora, l\u2019aspetto morale avrebbe potuto essere meglio custodito, se anzich\u00e9 cedere, negli onesti, ai miti dell\u2019autoredenzione rispetto all\u2019uno o all\u2019altro degli alleati, o alle varie volont\u00e0 rivoluzionarie, azioniste o comuniste o anche repubblicane di Sal\u00f2, oppure negli opportunisti all\u2019ambizione di inserirsi nel nuovo ordine o alla ricerca di far dimenticare i trascorsi fascisti, accendendo cos\u00ec l\u2019esca della guerra civile, gli italiani si fossero uniti in una volont\u00e0 di pace. E\u2019 mia convinzione che se si fosse seguita questa linea, non soltanto si sarebbero evitati molti lutti, ma si sarebbero stabilite migliori condizioni per i decenni seguiti alla guerra.<\/p>\n","protected":false},"excerpt":{"rendered":"<p>\u00a0Pubblicato su Il Tempo del 26 novembre 1983 L\u2019inizio d\u2019una revisione nell\u2019opera di Batoli di Augusto Del Noce Rispetto al fascismo del ventennio si \u00e8 passati dalla polemica al giudizio storico, che necessariamente non pu\u00f2 essere di parte, e che perci\u00f2 non \u00e8 n\u00e9 fascista n\u00e9 antifascista. Ma sembra che questo passaggio si sia arrestato &hellip; <\/p>\n<p><a class=\"more-link btn\" href=\"https:\/\/www.rassegnastampa-totustuus.it\/cattolica\/la-tragedia-dell8-settembre\/\">Continua a leggere<\/a><\/p>\n","protected":false},"author":6,"featured_media":30224,"comment_status":"closed","ping_status":"open","sticky":false,"template":"","format":"standard","meta":{"footnotes":""},"categories":[66,90,24,96],"tags":[628,481,404],"class_list":["post-669","post","type-post","status-publish","format-standard","has-post-thumbnail","hentry","category-adel-noce-scritti","category-ii-guerra-mondiale","category-storia","category-storia-italiana","tag-8-settembre","tag-a-del-noce","tag-storia-italiana-2","item-wrap"],"yoast_head":"<!-- This site is optimized with the Yoast SEO plugin v27.5 - https:\/\/yoast.com\/product\/yoast-seo-wordpress\/ -->\n<title>La tragedia dell&#039;8 settembre - Rassegna Stampa Cattolica<\/title>\n<meta name=\"description\" content=\"Rassegna Stampa Cattolica - Per una cultura che nasce dalla Rivelazione cristiana in conformit\u00e0 alla tradizione e al Magistero della Chiesa in opposizione ad ogni relativismo e totalitarismo\" \/>\n<meta name=\"robots\" content=\"index, follow, max-snippet:-1, max-image-preview:large, max-video-preview:-1\" \/>\n<link rel=\"canonical\" href=\"https:\/\/www.rassegnastampa-totustuus.it\/cattolica\/la-tragedia-dell8-settembre\/\" \/>\n<meta property=\"og:locale\" content=\"it_IT\" \/>\n<meta property=\"og:type\" content=\"article\" \/>\n<meta property=\"og:title\" content=\"La tragedia dell&#039;8 settembre - Rassegna Stampa Cattolica\" \/>\n<meta property=\"og:description\" content=\"Rassegna Stampa Cattolica - Per una cultura che nasce dalla Rivelazione cristiana in conformit\u00e0 alla tradizione e al Magistero della Chiesa in opposizione ad ogni relativismo e totalitarismo\" \/>\n<meta property=\"og:url\" content=\"https:\/\/www.rassegnastampa-totustuus.it\/cattolica\/la-tragedia-dell8-settembre\/\" \/>\n<meta property=\"og:site_name\" content=\"Rassegna Stampa Cattolica\" \/>\n<meta property=\"article:publisher\" content=\"https:\/\/www.facebook.com\/rassegnastampacattolica\" \/>\n<meta property=\"article:published_time\" content=\"2005-06-01T16:55:06+00:00\" \/>\n<meta property=\"article:modified_time\" content=\"2016-09-08T07:59:36+00:00\" \/>\n<meta property=\"og:image\" content=\"https:\/\/www.rassegnastampa-totustuus.it\/cattolica\/wp-content\/uploads\/2005\/06\/8_sett_43.jpg\" \/>\n\t<meta property=\"og:image:width\" content=\"201\" \/>\n\t<meta property=\"og:image:height\" content=\"251\" \/>\n\t<meta property=\"og:image:type\" content=\"image\/jpeg\" \/>\n<meta name=\"author\" content=\"Redazione\" \/>\n<meta name=\"twitter:card\" content=\"summary_large_image\" \/>\n<meta name=\"twitter:creator\" content=\"@rassegnastampa9\" \/>\n<meta name=\"twitter:site\" content=\"@rassegnastampa9\" \/>\n<meta name=\"twitter:label1\" content=\"Scritto da\" \/>\n\t<meta name=\"twitter:data1\" content=\"Redazione\" \/>\n\t<meta name=\"twitter:label2\" content=\"Tempo di lettura stimato\" \/>\n\t<meta name=\"twitter:data2\" content=\"9 minuti\" \/>\n<script type=\"application\/ld+json\" class=\"yoast-schema-graph\">{\"@context\":\"https:\\\/\\\/schema.org\",\"@graph\":[{\"@type\":\"Article\",\"@id\":\"https:\\\/\\\/www.rassegnastampa-totustuus.it\\\/cattolica\\\/la-tragedia-dell8-settembre\\\/#article\",\"isPartOf\":{\"@id\":\"https:\\\/\\\/www.rassegnastampa-totustuus.it\\\/cattolica\\\/la-tragedia-dell8-settembre\\\/\"},\"author\":{\"name\":\"Redazione\",\"@id\":\"https:\\\/\\\/www.rassegnastampa-totustuus.it\\\/cattolica\\\/#\\\/schema\\\/person\\\/08f319d2bd1a0904ad9e2bfb7b15e5c3\"},\"headline\":\"La tragedia dell&#8217;8 settembre\",\"datePublished\":\"2005-06-01T16:55:06+00:00\",\"dateModified\":\"2016-09-08T07:59:36+00:00\",\"mainEntityOfPage\":{\"@id\":\"https:\\\/\\\/www.rassegnastampa-totustuus.it\\\/cattolica\\\/la-tragedia-dell8-settembre\\\/\"},\"wordCount\":1896,\"publisher\":{\"@id\":\"https:\\\/\\\/www.rassegnastampa-totustuus.it\\\/cattolica\\\/#organization\"},\"image\":{\"@id\":\"https:\\\/\\\/www.rassegnastampa-totustuus.it\\\/cattolica\\\/la-tragedia-dell8-settembre\\\/#primaryimage\"},\"thumbnailUrl\":\"https:\\\/\\\/www.rassegnastampa-totustuus.it\\\/cattolica\\\/wp-content\\\/uploads\\\/2005\\\/06\\\/8_sett_43.jpg\",\"keywords\":[\"8 settembre\",\"A.Del Noce\",\"storia italiana\"],\"articleSection\":[\"A.Del Noce - scritti\",\"II Guerra Mondiale\",\"Storia\",\"Storia italiana\"],\"inLanguage\":\"it-IT\"},{\"@type\":\"WebPage\",\"@id\":\"https:\\\/\\\/www.rassegnastampa-totustuus.it\\\/cattolica\\\/la-tragedia-dell8-settembre\\\/\",\"url\":\"https:\\\/\\\/www.rassegnastampa-totustuus.it\\\/cattolica\\\/la-tragedia-dell8-settembre\\\/\",\"name\":\"La tragedia dell'8 settembre - Rassegna Stampa Cattolica\",\"isPartOf\":{\"@id\":\"https:\\\/\\\/www.rassegnastampa-totustuus.it\\\/cattolica\\\/#website\"},\"primaryImageOfPage\":{\"@id\":\"https:\\\/\\\/www.rassegnastampa-totustuus.it\\\/cattolica\\\/la-tragedia-dell8-settembre\\\/#primaryimage\"},\"image\":{\"@id\":\"https:\\\/\\\/www.rassegnastampa-totustuus.it\\\/cattolica\\\/la-tragedia-dell8-settembre\\\/#primaryimage\"},\"thumbnailUrl\":\"https:\\\/\\\/www.rassegnastampa-totustuus.it\\\/cattolica\\\/wp-content\\\/uploads\\\/2005\\\/06\\\/8_sett_43.jpg\",\"datePublished\":\"2005-06-01T16:55:06+00:00\",\"dateModified\":\"2016-09-08T07:59:36+00:00\",\"description\":\"Rassegna Stampa Cattolica - Per una cultura che nasce dalla Rivelazione cristiana in conformit\u00e0 alla tradizione e al Magistero della Chiesa in opposizione ad ogni relativismo e totalitarismo\",\"breadcrumb\":{\"@id\":\"https:\\\/\\\/www.rassegnastampa-totustuus.it\\\/cattolica\\\/la-tragedia-dell8-settembre\\\/#breadcrumb\"},\"inLanguage\":\"it-IT\",\"potentialAction\":[{\"@type\":\"ReadAction\",\"target\":[\"https:\\\/\\\/www.rassegnastampa-totustuus.it\\\/cattolica\\\/la-tragedia-dell8-settembre\\\/\"]}]},{\"@type\":\"ImageObject\",\"inLanguage\":\"it-IT\",\"@id\":\"https:\\\/\\\/www.rassegnastampa-totustuus.it\\\/cattolica\\\/la-tragedia-dell8-settembre\\\/#primaryimage\",\"url\":\"https:\\\/\\\/www.rassegnastampa-totustuus.it\\\/cattolica\\\/wp-content\\\/uploads\\\/2005\\\/06\\\/8_sett_43.jpg\",\"contentUrl\":\"https:\\\/\\\/www.rassegnastampa-totustuus.it\\\/cattolica\\\/wp-content\\\/uploads\\\/2005\\\/06\\\/8_sett_43.jpg\",\"width\":201,\"height\":251},{\"@type\":\"BreadcrumbList\",\"@id\":\"https:\\\/\\\/www.rassegnastampa-totustuus.it\\\/cattolica\\\/la-tragedia-dell8-settembre\\\/#breadcrumb\",\"itemListElement\":[{\"@type\":\"ListItem\",\"position\":1,\"name\":\"Home\",\"item\":\"https:\\\/\\\/www.rassegnastampa-totustuus.it\\\/cattolica\\\/\"},{\"@type\":\"ListItem\",\"position\":2,\"name\":\"La tragedia dell&#8217;8 settembre\"}]},{\"@type\":\"WebSite\",\"@id\":\"https:\\\/\\\/www.rassegnastampa-totustuus.it\\\/cattolica\\\/#website\",\"url\":\"https:\\\/\\\/www.rassegnastampa-totustuus.it\\\/cattolica\\\/\",\"name\":\"Rassegna Stampa Cattolica\",\"description\":\"Per una cultura che nasce dalla Rivelazione cristiana in conformit\u00e0 alla tradizione e al Magistero della Chiesa in opposizione ad ogni relativismo e totalitarismo\",\"publisher\":{\"@id\":\"https:\\\/\\\/www.rassegnastampa-totustuus.it\\\/cattolica\\\/#organization\"},\"alternateName\":\"Rass. Cattolica\",\"potentialAction\":[{\"@type\":\"SearchAction\",\"target\":{\"@type\":\"EntryPoint\",\"urlTemplate\":\"https:\\\/\\\/www.rassegnastampa-totustuus.it\\\/cattolica\\\/?s={search_term_string}\"},\"query-input\":{\"@type\":\"PropertyValueSpecification\",\"valueRequired\":true,\"valueName\":\"search_term_string\"}}],\"inLanguage\":\"it-IT\"},{\"@type\":\"Organization\",\"@id\":\"https:\\\/\\\/www.rassegnastampa-totustuus.it\\\/cattolica\\\/#organization\",\"name\":\"Rassegna Stampa Cattolica\",\"url\":\"https:\\\/\\\/www.rassegnastampa-totustuus.it\\\/cattolica\\\/\",\"logo\":{\"@type\":\"ImageObject\",\"inLanguage\":\"it-IT\",\"@id\":\"https:\\\/\\\/www.rassegnastampa-totustuus.it\\\/cattolica\\\/#\\\/schema\\\/logo\\\/image\\\/\",\"url\":\"https:\\\/\\\/www.rassegnastampa-totustuus.it\\\/cattolica\\\/wp-content\\\/uploads\\\/2014\\\/04\\\/logo-rassegna1.gif\",\"contentUrl\":\"https:\\\/\\\/www.rassegnastampa-totustuus.it\\\/cattolica\\\/wp-content\\\/uploads\\\/2014\\\/04\\\/logo-rassegna1.gif\",\"width\":600,\"height\":163,\"caption\":\"Rassegna Stampa Cattolica\"},\"image\":{\"@id\":\"https:\\\/\\\/www.rassegnastampa-totustuus.it\\\/cattolica\\\/#\\\/schema\\\/logo\\\/image\\\/\"},\"sameAs\":[\"https:\\\/\\\/www.facebook.com\\\/rassegnastampacattolica\",\"https:\\\/\\\/x.com\\\/rassegnastampa9\"]},{\"@type\":\"Person\",\"@id\":\"https:\\\/\\\/www.rassegnastampa-totustuus.it\\\/cattolica\\\/#\\\/schema\\\/person\\\/08f319d2bd1a0904ad9e2bfb7b15e5c3\",\"name\":\"Redazione\",\"image\":{\"@type\":\"ImageObject\",\"inLanguage\":\"it-IT\",\"@id\":\"https:\\\/\\\/secure.gravatar.com\\\/avatar\\\/2fcdf27c78ea025fbdb44e914cc63c72249ffec9dc8aafd5c82b26240ef3f346?s=96&d=mm&r=g\",\"url\":\"https:\\\/\\\/secure.gravatar.com\\\/avatar\\\/2fcdf27c78ea025fbdb44e914cc63c72249ffec9dc8aafd5c82b26240ef3f346?s=96&d=mm&r=g\",\"contentUrl\":\"https:\\\/\\\/secure.gravatar.com\\\/avatar\\\/2fcdf27c78ea025fbdb44e914cc63c72249ffec9dc8aafd5c82b26240ef3f346?s=96&d=mm&r=g\",\"caption\":\"Redazione\"},\"url\":\"https:\\\/\\\/www.rassegnastampa-totustuus.it\\\/cattolica\\\/author\\\/pietroelle\\\/\"}]}<\/script>\n<!-- \/ Yoast SEO plugin. -->","yoast_head_json":{"title":"La tragedia dell'8 settembre - Rassegna Stampa Cattolica","description":"Rassegna Stampa Cattolica - Per una cultura che nasce dalla Rivelazione cristiana in conformit\u00e0 alla tradizione e al Magistero della Chiesa in opposizione ad ogni relativismo e totalitarismo","robots":{"index":"index","follow":"follow","max-snippet":"max-snippet:-1","max-image-preview":"max-image-preview:large","max-video-preview":"max-video-preview:-1"},"canonical":"https:\/\/www.rassegnastampa-totustuus.it\/cattolica\/la-tragedia-dell8-settembre\/","og_locale":"it_IT","og_type":"article","og_title":"La tragedia dell'8 settembre - Rassegna Stampa Cattolica","og_description":"Rassegna Stampa Cattolica - Per una cultura che nasce dalla Rivelazione cristiana in conformit\u00e0 alla tradizione e al Magistero della Chiesa in opposizione ad ogni relativismo e totalitarismo","og_url":"https:\/\/www.rassegnastampa-totustuus.it\/cattolica\/la-tragedia-dell8-settembre\/","og_site_name":"Rassegna Stampa Cattolica","article_publisher":"https:\/\/www.facebook.com\/rassegnastampacattolica","article_published_time":"2005-06-01T16:55:06+00:00","article_modified_time":"2016-09-08T07:59:36+00:00","og_image":[{"width":201,"height":251,"url":"https:\/\/www.rassegnastampa-totustuus.it\/cattolica\/wp-content\/uploads\/2005\/06\/8_sett_43.jpg","type":"image\/jpeg"}],"author":"Redazione","twitter_card":"summary_large_image","twitter_creator":"@rassegnastampa9","twitter_site":"@rassegnastampa9","twitter_misc":{"Scritto da":"Redazione","Tempo di lettura stimato":"9 minuti"},"schema":{"@context":"https:\/\/schema.org","@graph":[{"@type":"Article","@id":"https:\/\/www.rassegnastampa-totustuus.it\/cattolica\/la-tragedia-dell8-settembre\/#article","isPartOf":{"@id":"https:\/\/www.rassegnastampa-totustuus.it\/cattolica\/la-tragedia-dell8-settembre\/"},"author":{"name":"Redazione","@id":"https:\/\/www.rassegnastampa-totustuus.it\/cattolica\/#\/schema\/person\/08f319d2bd1a0904ad9e2bfb7b15e5c3"},"headline":"La tragedia dell&#8217;8 settembre","datePublished":"2005-06-01T16:55:06+00:00","dateModified":"2016-09-08T07:59:36+00:00","mainEntityOfPage":{"@id":"https:\/\/www.rassegnastampa-totustuus.it\/cattolica\/la-tragedia-dell8-settembre\/"},"wordCount":1896,"publisher":{"@id":"https:\/\/www.rassegnastampa-totustuus.it\/cattolica\/#organization"},"image":{"@id":"https:\/\/www.rassegnastampa-totustuus.it\/cattolica\/la-tragedia-dell8-settembre\/#primaryimage"},"thumbnailUrl":"https:\/\/www.rassegnastampa-totustuus.it\/cattolica\/wp-content\/uploads\/2005\/06\/8_sett_43.jpg","keywords":["8 settembre","A.Del Noce","storia italiana"],"articleSection":["A.Del Noce - scritti","II Guerra Mondiale","Storia","Storia italiana"],"inLanguage":"it-IT"},{"@type":"WebPage","@id":"https:\/\/www.rassegnastampa-totustuus.it\/cattolica\/la-tragedia-dell8-settembre\/","url":"https:\/\/www.rassegnastampa-totustuus.it\/cattolica\/la-tragedia-dell8-settembre\/","name":"La tragedia dell'8 settembre - Rassegna Stampa Cattolica","isPartOf":{"@id":"https:\/\/www.rassegnastampa-totustuus.it\/cattolica\/#website"},"primaryImageOfPage":{"@id":"https:\/\/www.rassegnastampa-totustuus.it\/cattolica\/la-tragedia-dell8-settembre\/#primaryimage"},"image":{"@id":"https:\/\/www.rassegnastampa-totustuus.it\/cattolica\/la-tragedia-dell8-settembre\/#primaryimage"},"thumbnailUrl":"https:\/\/www.rassegnastampa-totustuus.it\/cattolica\/wp-content\/uploads\/2005\/06\/8_sett_43.jpg","datePublished":"2005-06-01T16:55:06+00:00","dateModified":"2016-09-08T07:59:36+00:00","description":"Rassegna Stampa Cattolica - Per una cultura che nasce dalla Rivelazione cristiana in conformit\u00e0 alla tradizione e al Magistero della Chiesa in opposizione ad ogni relativismo e totalitarismo","breadcrumb":{"@id":"https:\/\/www.rassegnastampa-totustuus.it\/cattolica\/la-tragedia-dell8-settembre\/#breadcrumb"},"inLanguage":"it-IT","potentialAction":[{"@type":"ReadAction","target":["https:\/\/www.rassegnastampa-totustuus.it\/cattolica\/la-tragedia-dell8-settembre\/"]}]},{"@type":"ImageObject","inLanguage":"it-IT","@id":"https:\/\/www.rassegnastampa-totustuus.it\/cattolica\/la-tragedia-dell8-settembre\/#primaryimage","url":"https:\/\/www.rassegnastampa-totustuus.it\/cattolica\/wp-content\/uploads\/2005\/06\/8_sett_43.jpg","contentUrl":"https:\/\/www.rassegnastampa-totustuus.it\/cattolica\/wp-content\/uploads\/2005\/06\/8_sett_43.jpg","width":201,"height":251},{"@type":"BreadcrumbList","@id":"https:\/\/www.rassegnastampa-totustuus.it\/cattolica\/la-tragedia-dell8-settembre\/#breadcrumb","itemListElement":[{"@type":"ListItem","position":1,"name":"Home","item":"https:\/\/www.rassegnastampa-totustuus.it\/cattolica\/"},{"@type":"ListItem","position":2,"name":"La tragedia dell&#8217;8 settembre"}]},{"@type":"WebSite","@id":"https:\/\/www.rassegnastampa-totustuus.it\/cattolica\/#website","url":"https:\/\/www.rassegnastampa-totustuus.it\/cattolica\/","name":"Rassegna Stampa Cattolica","description":"Per una cultura che nasce dalla Rivelazione cristiana in conformit\u00e0 alla tradizione e al Magistero della Chiesa in opposizione ad ogni relativismo e totalitarismo","publisher":{"@id":"https:\/\/www.rassegnastampa-totustuus.it\/cattolica\/#organization"},"alternateName":"Rass. Cattolica","potentialAction":[{"@type":"SearchAction","target":{"@type":"EntryPoint","urlTemplate":"https:\/\/www.rassegnastampa-totustuus.it\/cattolica\/?s={search_term_string}"},"query-input":{"@type":"PropertyValueSpecification","valueRequired":true,"valueName":"search_term_string"}}],"inLanguage":"it-IT"},{"@type":"Organization","@id":"https:\/\/www.rassegnastampa-totustuus.it\/cattolica\/#organization","name":"Rassegna Stampa Cattolica","url":"https:\/\/www.rassegnastampa-totustuus.it\/cattolica\/","logo":{"@type":"ImageObject","inLanguage":"it-IT","@id":"https:\/\/www.rassegnastampa-totustuus.it\/cattolica\/#\/schema\/logo\/image\/","url":"https:\/\/www.rassegnastampa-totustuus.it\/cattolica\/wp-content\/uploads\/2014\/04\/logo-rassegna1.gif","contentUrl":"https:\/\/www.rassegnastampa-totustuus.it\/cattolica\/wp-content\/uploads\/2014\/04\/logo-rassegna1.gif","width":600,"height":163,"caption":"Rassegna Stampa Cattolica"},"image":{"@id":"https:\/\/www.rassegnastampa-totustuus.it\/cattolica\/#\/schema\/logo\/image\/"},"sameAs":["https:\/\/www.facebook.com\/rassegnastampacattolica","https:\/\/x.com\/rassegnastampa9"]},{"@type":"Person","@id":"https:\/\/www.rassegnastampa-totustuus.it\/cattolica\/#\/schema\/person\/08f319d2bd1a0904ad9e2bfb7b15e5c3","name":"Redazione","image":{"@type":"ImageObject","inLanguage":"it-IT","@id":"https:\/\/secure.gravatar.com\/avatar\/2fcdf27c78ea025fbdb44e914cc63c72249ffec9dc8aafd5c82b26240ef3f346?s=96&d=mm&r=g","url":"https:\/\/secure.gravatar.com\/avatar\/2fcdf27c78ea025fbdb44e914cc63c72249ffec9dc8aafd5c82b26240ef3f346?s=96&d=mm&r=g","contentUrl":"https:\/\/secure.gravatar.com\/avatar\/2fcdf27c78ea025fbdb44e914cc63c72249ffec9dc8aafd5c82b26240ef3f346?s=96&d=mm&r=g","caption":"Redazione"},"url":"https:\/\/www.rassegnastampa-totustuus.it\/cattolica\/author\/pietroelle\/"}]}},"_links":{"self":[{"href":"https:\/\/www.rassegnastampa-totustuus.it\/cattolica\/wp-json\/wp\/v2\/posts\/669","targetHints":{"allow":["GET"]}}],"collection":[{"href":"https:\/\/www.rassegnastampa-totustuus.it\/cattolica\/wp-json\/wp\/v2\/posts"}],"about":[{"href":"https:\/\/www.rassegnastampa-totustuus.it\/cattolica\/wp-json\/wp\/v2\/types\/post"}],"author":[{"embeddable":true,"href":"https:\/\/www.rassegnastampa-totustuus.it\/cattolica\/wp-json\/wp\/v2\/users\/6"}],"replies":[{"embeddable":true,"href":"https:\/\/www.rassegnastampa-totustuus.it\/cattolica\/wp-json\/wp\/v2\/comments?post=669"}],"version-history":[{"count":5,"href":"https:\/\/www.rassegnastampa-totustuus.it\/cattolica\/wp-json\/wp\/v2\/posts\/669\/revisions"}],"predecessor-version":[{"id":36348,"href":"https:\/\/www.rassegnastampa-totustuus.it\/cattolica\/wp-json\/wp\/v2\/posts\/669\/revisions\/36348"}],"wp:featuredmedia":[{"embeddable":true,"href":"https:\/\/www.rassegnastampa-totustuus.it\/cattolica\/wp-json\/wp\/v2\/media\/30224"}],"wp:attachment":[{"href":"https:\/\/www.rassegnastampa-totustuus.it\/cattolica\/wp-json\/wp\/v2\/media?parent=669"}],"wp:term":[{"taxonomy":"category","embeddable":true,"href":"https:\/\/www.rassegnastampa-totustuus.it\/cattolica\/wp-json\/wp\/v2\/categories?post=669"},{"taxonomy":"post_tag","embeddable":true,"href":"https:\/\/www.rassegnastampa-totustuus.it\/cattolica\/wp-json\/wp\/v2\/tags?post=669"}],"curies":[{"name":"wp","href":"https:\/\/api.w.org\/{rel}","templated":true}]}}