{"id":668,"date":"2005-06-01T18:52:44","date_gmt":"2005-06-01T16:52:44","guid":{"rendered":""},"modified":"2016-02-04T10:16:45","modified_gmt":"2016-02-04T09:16:45","slug":"santagostino-una-riscoperta-fuori-dai-miti-rivoluzionari","status":"publish","type":"post","link":"https:\/\/www.rassegnastampa-totustuus.it\/cattolica\/santagostino-una-riscoperta-fuori-dai-miti-rivoluzionari\/","title":{"rendered":"Sant\u2019Agostino, una riscoperta fuori dai miti rivoluzionari"},"content":{"rendered":"<div style=\"text-align: center;\"><a href=\"https:\/\/www.rassegnastampa-totustuus.it\/cattolica\/wp-content\/uploads\/2005\/06\/agostino.jpg\"><img loading=\"lazy\" decoding=\"async\" class=\"alignright wp-image-30226\" src=\"https:\/\/www.rassegnastampa-totustuus.it\/cattolica\/wp-content\/uploads\/2005\/06\/agostino.jpg\" alt=\"agostino\" width=\"142\" height=\"200\" \/><\/a>Articolo pubblicato su <strong>Il Corriere della Sera<\/strong> del 28 agosto 1<\/div>\n<p style=\"text-align: center;\">NEL SEDICESIMO CENTENARIO DELLA CONVERSIONE<\/p>\n<p style=\"text-align: center;\">di <strong>Augusto Del Noce<\/strong><\/p>\n<p style=\"text-align: justify;\">Ricorre quest\u2019anno il sedicesimo centenario della conversione di Sant\u2019Agostino che avvenne nella tarda estate del 386 a Cassiciacum, paese della Lombardia che i pi\u00f9 identificano con Cassago in Brianza e altri, fra cui il Manzoni, con Casciago nel Varesino. Gi\u00e0 sono annunciati due convegni, uno a Varese ai primi di ottobre in cui si parler\u00e0 dei tre scritti composti a Cassiciacum, Contro gli accademici,<\/p>\n<p style=\"text-align: justify;\"><!--more--><\/p>\n<p style=\"text-align: justify;\">La felicit\u00e0, L\u2019ordine; e un altro in primavera a Milano, nel quale il ricordo del battesimo di Sant\u2019Agostino per mano di Sant\u2019Ambrogio sar\u00e0 occasione di pi\u00f9 giornate di studio dedicate ad approfondire le circostanze e l\u2019ambiente in cui avvenne: e altri certamente sono in preparazione.<\/p>\n<p style=\"text-align: justify;\">Veramente a sentir parlare di convegni in occasione di centenari \u00e8 difficile non sentirsi accapponare la pelle, tanti se ne verificano; e la prima parola che si affaccia \u00e8 &#8220;consumismo&#8221; pensando ai tanti convegnisti che saranno inviti, e che di certo non hanno di regola il commemorato in cima ai loro pensieri. Viene in mente l\u2019avversione che per questo tipo di feste centenarie aveva Croce; e certamente gli incontri coi grandi del passato non sono misurati dalle date e non saprei l\u00ec per l\u00ec, almeno, ricordare esempio di opera di ampio respiro su un qualche autore i cui la data centenaria sia stata l\u2019occasione.<\/p>\n<p style=\"text-align: justify;\">Per\u00f2 nel caso delle celebrazioni agostiniane non \u00e8 affatto cos\u00ec, e si pu\u00f2 dire che corrispondano ad una necessit\u00e0 centenaria o meno. Si tratta infatti di ricordarsi, in tante discussioni, sulla tradizione o sul rinnovamento che sempre agostiniano era rimasto fino ai tempi pi\u00f9 recenti nella Chiesa il linguaggio della piet\u00e0, e che questo linguaggio dipende da una metafisica e da una teologia che correntemente sono indicate nelle storie della filosofia come &#8220;metafisica dell\u2019interiorit\u00e0&#8221; o come &#8220;filosofia della conversione&#8221;. La grande opera di Sant\u2019Agostino \u00e8 l\u2019aver trasmesso alla Chiesa la scienza dell\u2019uomo interiore.<\/p>\n<p style=\"text-align: justify;\">Proprio per questo il richiamo al suo pensiero si presenta necessario nei momenti in cui la Chiesa attraversa o ha attraversato una crisi; di quale importanza sia stata questa, non ancora conclusa, dall\u2019ultimo quarto di secolo, non \u00e8 chi non sappia.<\/p>\n<p style=\"text-align: justify;\">Oggi per\u00f2 si \u00e8 sulla via di quella che il cardinale Ratzinger chiam\u00f2 restaurazione, restituendo a questo termine disusato o disprezzato il suo significato autentico; e parole come &#8220;desacralizzazione&#8221;, &#8220;demitizzazione&#8221;, &#8220;secolarizzazione&#8221; e simili sono talmente logore che non c\u2019\u00e8 pi\u00f9 pubblicista che non si trovi imbarazzato a pronunciarle, anche se non sa &#8211; o meglio se non gli \u00e8 possibile &#8211; sostituirle.<\/p>\n<p style=\"text-align: justify;\">Di pi\u00f9, l\u2019agostinismo nel passato, in ragione stessa della ricchezza dei suoi aspetti \u00e8 stato chiamato in molte occasioni quale appoggio alle varie forme del pensiero eterodosso; chi vuole vederne la storia non ha che da consultare il libro del cardinale De Lub\u00e0c su <em>agostinismo e teologia moderna<\/em>, tradotto presso Jaka Book, oggi si presenta come libero da questi fraintendimenti, se non altro perch\u00e9, nella loro prosecuzione, hanno preso altra strada.<\/p>\n<p style=\"text-align: justify;\">Si tratta dunque in questo centenario in qualche misura di una riscoperta se si pensa a quanto sia gravato nell\u2019ultimo quarantennio il discredito maxiano o positivista o psicanalitico sull\u2019idea dell\u2019interiorit\u00e0 come luogo della verit\u00e0; e quanto a tale discredito siano stati sensibili molti teologi.<\/p>\n<p style=\"text-align: justify;\">Non che Sant\u2019Agostino non sia stato studiato in questi ultimi decenni, che anzi \u00e8 stato fatto oggetto di moltissime ricerche: ma \u00e8 stato considerato soprattutto nell\u2019aspetto della &#8220;restituzione al suo tempo&#8221;, criterio che \u00e8 perfettamente valido se si allude al fato che Sant\u2019Agostino appartiene a quei pensatori in cui la verit\u00e0 non pu\u00f2 essere scissa dall\u2019itinerario vissuto attraverso cui vi perviene (l\u2019essersi fato &#8220;questione a se stesso&#8221;); ma tale criterio cessa di essere valido se si vuole definire il pensiero di Sant\u2019Agostino come appartenente a un determinato e ormai lontano periodo della storia del cristianesimo. I due criteri si sono troppo spesso confusi, o li si \u00e8 voluti confondere, per confinare l\u2019agostinismo nel passato.<\/p>\n<p style=\"text-align: justify;\">Certamente, l\u2019epoca in cui visse Sant\u2019Agostino segn\u00f2, almeno dal punto di vista ideale, la maggiore crisi dell\u2019Occidente tra quelle che antecedono la nostra. E tuttavia non bisogna neanche eccedere nell\u2019analogia. Crisi di valore, indubbiamente, allora e oggi. Ma allora il dato di fatto che appariva irreversibile era l\u2019espansione del cristianesimo, pur turbato da conflitti ed eresia, e l\u2019estinguersi senza speranze del paganesimo.<\/p>\n<p style=\"text-align: justify;\">Di un paganesimo in cui le credenze religiose erano ormai spente, e le cui sopravvivenze prendevano le forme di uno scetticismo talvolta pessimistico, pi\u00f9 spesso edonistico e opportunistico, fenomeni che inevitabilmente si riproducono nei periodi di crisi. E naturalmente si accompagnano ad essi, come avviene anche oggi per necessit\u00e0 di associazione, l\u2019astrologia e l\u2019occultismo, quale remissione alle stelle della responsabilit\u00e0 dei propri atti, e dall\u2019astrologia fu tentato anche Agostino appena uscito dal manicheismo.<\/p>\n<p style=\"text-align: justify;\">Oggi, se \u00e8 vero che la Chiesa \u00e8 ancora sulla difensiva, sembra per\u00f2 che per essa sia passato il periodo peggiore, e che invece sia gi\u00e0 idealmente fallita quella rivoluzione che voleva sostituirla, almeno nell\u2019aspetto di fede rivoluzionaria.. L\u2019idea di un recupero di valori della tradizione cristiana e cattolica non appare pi\u00f9 illusione utopica; anche se c\u2019\u00e8 da sgombrare il campo dalle tante macerie di una rivoluzione mondiale che \u00e8 fallita, che rimangono e che inondano anche il campo avverso. Ma quel che soprattutto merita di essere osservato \u00e8 che gli avversari che essa incontra sono quegli stessi, nella loro forma moderna, contro cui Sant\u2019Agostino aveva combattuto: il manicheismo e il pelagianesimo.<\/p>\n<p style=\"text-align: justify;\">Il manicheismo, o lo gnosticismo con cui gi\u00e0 allora in parte si confondeva o si confonde oggi, \u00e8 caratterizzato da un dualismo radicale: mondo del male, il presente, mondo del bene, l\u2019aldil\u00e0; nella moderna posizione rivoluzionaria questo dualismo si \u00e8 riprodotto, anche se all\u2019aldil\u00e0 si \u00e8 sostituito il futuro, per la sostituzione del punto di vista antropologico al cosmologico.<\/p>\n<p style=\"text-align: justify;\">Nella forma, ognuno l\u2019intende, di quella secolaristica mistica secolarizzata che fu il comunismo. Vero \u00e8 che oggi questa mistica si \u00e8 spenta a tal punto che \u00e8 perfino difficile evocarne il ricordo; non che il comunismo non ci sia pi\u00f9, non che non rappresenti pericoli, ma quel che \u00e8 certo \u00e8 che non \u00e8 pi\u00f9 sentito come quella religione che doveva sostituirsi al cristianesimo, di cui parlavano i Gramsci, i Luk\u00e0cs, i Bloch.<\/p>\n<p style=\"text-align: justify;\">Ma a questo avversario esterno se ne aggiungeva un altro interno rappresentato non pi\u00f9 da una religione secolare, ma da una secolarizzazione del cattolicesimo. E in questa secolarizzazione diventava necessario l\u2019incontro con l\u2019altro grande avversario di Agostino, Pelagio.<\/p>\n<p style=\"text-align: justify;\">\u00a0Perch\u00e9 carattere proprio delle nuove teologie \u00e8 la sufficienza della natura a se stessa; senza questo fondamento ideale non ci sarebbe quella laicit\u00e0 che permetterebbe il compromesso storico con le altre volont\u00e0 e in particolare col comunismo. Al peccato di origine si sostituirebbe un peccato sociale o storico; e la grazia si aggiungerebbe come &#8220;un di pi\u00f9&#8221; a un\u2019autosufficienza naturale, o la religione prenderebbe un aspetto vitalizzante, per cui la vita si sostituirebbe alla verit\u00e0.<\/p>\n<p style=\"text-align: justify;\">Il recupero delle idee di peccato e di grazia permettere di comprendere le due principali, o almeno pi\u00f9 note, opere di Sant\u2019Agostino, <em>Le Confessioni<\/em> e poi <em>La Citt\u00e0 di Dio<\/em>: oggetto dell\u2019una e dell\u2019altra \u00e8 la lotta tra il bene e il male, vista nella prima nell\u2019individuo, nella seconda nell\u2019intera storia del mondo. Giustamente il Cremona nel suo bel libro su <em>Agostino d\u2019Ipponia<\/em> che ha pubblicato quest\u2019anno presso l\u2019editore Rusconi, mette in rilievo come <em>Le Confessioni<\/em> sia tale libro che non ha precedenti n\u00e9 successive imitazioni.<\/p>\n<p style=\"text-align: justify;\">Esce dai generi letterari consueti: dalla memorialistica, dai testamenti spirituali, e anche dai libri di carattere religioso ed edificatorio. I protagonisti sono la miseria dell\u2019uomo che Agostino riconosce e, per cos\u00ec dire, misura in se stesso, e la misericordia di Dio. Non si pu\u00f2 non pensare, per esatta antitesi, alle <em>Confessioni<\/em> e <em>La Citt\u00e0 di Dio<\/em> nell\u2019idea gi\u00e0 presente in San Paolo e svolta da Sant\u2019Agostino soprattutto nei <em>Sermoni<\/em>, sulla Chiesa come corpo mistico di Cristo, di cui tutti nella Terra universa, cos\u00ec gli uomini del presente come quelli del passato e del futuro sono membra.<\/p>\n<p style=\"text-align: justify;\">Occasione prossima della <em>Citt\u00e0 di Dio<\/em> fu la conquista e il sacco di Roma, da parte dei Goti di Alarico il 24 agosto 410. Roma non era la citt\u00e0 invincibile? Non poteva dunque la sua caduta ritorcersi nella peggiore accusa contro il cristianesimo? Verissimo, ben pochi credevano ormai pi\u00f9 negli dei pagani. Ma c\u2019erano ancora i rappresentanti della culturache oggi diremmo laica e razionalista: per costoro il cristianesimo era l\u2019altra faccia ella barbarie. La ferocia dominava nei barbari, la superstizione e l\u2019ignoranza nei cristiani, e spesso i due mali si mescolavano.<\/p>\n<p style=\"text-align: justify;\">Il cristianesimo aveva fiaccato quella resistenza interna che aveva fatto del popolo romano il &#8220;principe della Terra&#8221;; e poco importa che il popolo prendesse coscienza di s\u00e9 attraverso miti se questi miti portavano a un dominio che era insieme civilt\u00e0. La risposta di Sant\u2019Agostino \u00e8 che \u00abnoi quindi troviamo nella citt\u00e0 terrena due modelli, l\u2019uno che attesta la propria presenza, l\u2019altro che per mezzo della sua presenza \u00e8 simbolo della citt\u00e0 celeste.<\/p>\n<p style=\"text-align: justify;\">La natura corrotta per il peccato genera perci\u00f2 i cittadini della citt\u00e0 terrena, mentre la grazia che libera la natura dal peccato genera i cittadini della citt\u00e0 celeste\u00bb (Libro XV, 2). Le due citt\u00e0 sono confuse nella storia dal principio alla fine, e i loro confini non coincidono con la Chiesa e con lo Stato. La citt\u00e0 terrena si fonda sulla <em>libido dominandi<\/em>, e la caduta della Roma pagana era in certo modo gi\u00e0 iscritta nella sua origine.<\/p>\n<p style=\"text-align: justify;\">Come giustamente \u00e8 stato detto dal cardinale Ratzinger nella Citt\u00e0 di Dio, \u00abDio precede la &#8220;<em>civitas<\/em>&#8221; mentre nella citt\u00e0 terrena la &#8220;<em>civitas<\/em>&#8221; precede i suoi dei\u00bb. Anche chi prescinda dalla parte teologica non pu\u00f2 non essere portato a sentire l\u2019attualit\u00e0 di Sant\u2019Agostino nella considerazione di tanti e tanti aspetti della politica d\u2019oggi.<\/p>\n<p style=\"text-align: justify;\">La <em>Citt\u00e0 di Dio<\/em> \u00e8 opera di grandi dimensioni, in 22 libri, e suscita tanti e tanti problemi, cos\u00ec che ovviamente non \u00e8 qui possibile parlarne che per minimi accenni n\u00e9 si riesce a trovare &#8211; o almeno io non la trovo &#8211; una frase sintetica che possa abbracciarne il significato. Rischiando il paradosso dico che tra le grandi opere di filosofia della politica \u00e8 quella che oggi pi\u00f9 consiglierei per un\u2019attualit\u00e0 che \u00e8 sconcertante.<\/p>\n","protected":false},"excerpt":{"rendered":"<p>Articolo pubblicato su Il Corriere della Sera del 28 agosto 1 NEL SEDICESIMO CENTENARIO DELLA CONVERSIONE di Augusto Del Noce Ricorre quest\u2019anno il sedicesimo centenario della conversione di Sant\u2019Agostino che avvenne nella tarda estate del 386 a Cassiciacum, paese della Lombardia che i pi\u00f9 identificano con Cassago in Brianza e altri, fra cui il Manzoni, &hellip; <\/p>\n<p><a class=\"more-link btn\" href=\"https:\/\/www.rassegnastampa-totustuus.it\/cattolica\/santagostino-una-riscoperta-fuori-dai-miti-rivoluzionari\/\">Continua a leggere<\/a><\/p>\n","protected":false},"author":6,"featured_media":30226,"comment_status":"closed","ping_status":"open","sticky":false,"template":"","format":"standard","meta":{"footnotes":""},"categories":[66,57,65],"tags":[481,607],"class_list":["post-668","post","type-post","status-publish","format-standard","has-post-thumbnail","hentry","category-adel-noce-scritti","category-filosofia","category-santi","tag-a-del-noce","tag-s-agostino","item-wrap"],"yoast_head":"<!-- This site is optimized with the Yoast SEO plugin v27.5 - https:\/\/yoast.com\/product\/yoast-seo-wordpress\/ -->\n<title>Sant\u2019Agostino, una riscoperta fuori dai miti rivoluzionari - Rassegna Stampa Cattolica<\/title>\n<meta name=\"description\" content=\"Rassegna Stampa Cattolica - Per una cultura che nasce dalla Rivelazione cristiana in conformit\u00e0 alla tradizione e al Magistero della Chiesa in opposizione ad ogni relativismo e totalitarismo\" \/>\n<meta name=\"robots\" content=\"index, follow, max-snippet:-1, max-image-preview:large, max-video-preview:-1\" \/>\n<link rel=\"canonical\" href=\"https:\/\/www.rassegnastampa-totustuus.it\/cattolica\/santagostino-una-riscoperta-fuori-dai-miti-rivoluzionari\/\" \/>\n<meta property=\"og:locale\" content=\"it_IT\" \/>\n<meta property=\"og:type\" content=\"article\" \/>\n<meta property=\"og:title\" content=\"Sant\u2019Agostino, una riscoperta fuori dai miti rivoluzionari - Rassegna Stampa Cattolica\" \/>\n<meta property=\"og:description\" content=\"Rassegna Stampa Cattolica - Per una cultura che nasce dalla Rivelazione cristiana in conformit\u00e0 alla tradizione e al Magistero della Chiesa in opposizione ad ogni relativismo e totalitarismo\" \/>\n<meta property=\"og:url\" content=\"https:\/\/www.rassegnastampa-totustuus.it\/cattolica\/santagostino-una-riscoperta-fuori-dai-miti-rivoluzionari\/\" \/>\n<meta property=\"og:site_name\" content=\"Rassegna Stampa Cattolica\" \/>\n<meta property=\"article:publisher\" content=\"https:\/\/www.facebook.com\/rassegnastampacattolica\" \/>\n<meta property=\"article:published_time\" content=\"2005-06-01T16:52:44+00:00\" \/>\n<meta property=\"article:modified_time\" content=\"2016-02-04T09:16:45+00:00\" \/>\n<meta property=\"og:image\" content=\"https:\/\/www.rassegnastampa-totustuus.it\/cattolica\/wp-content\/uploads\/2005\/06\/agostino.jpg\" \/>\n\t<meta property=\"og:image:width\" content=\"189\" \/>\n\t<meta property=\"og:image:height\" content=\"267\" \/>\n\t<meta property=\"og:image:type\" content=\"image\/jpeg\" \/>\n<meta name=\"author\" content=\"Redazione\" \/>\n<meta name=\"twitter:card\" content=\"summary_large_image\" \/>\n<meta name=\"twitter:creator\" content=\"@rassegnastampa9\" \/>\n<meta name=\"twitter:site\" content=\"@rassegnastampa9\" \/>\n<meta name=\"twitter:label1\" content=\"Scritto da\" \/>\n\t<meta name=\"twitter:data1\" content=\"Redazione\" \/>\n\t<meta name=\"twitter:label2\" content=\"Tempo di lettura stimato\" \/>\n\t<meta name=\"twitter:data2\" content=\"9 minuti\" \/>\n<script type=\"application\/ld+json\" class=\"yoast-schema-graph\">{\"@context\":\"https:\\\/\\\/schema.org\",\"@graph\":[{\"@type\":\"Article\",\"@id\":\"https:\\\/\\\/www.rassegnastampa-totustuus.it\\\/cattolica\\\/santagostino-una-riscoperta-fuori-dai-miti-rivoluzionari\\\/#article\",\"isPartOf\":{\"@id\":\"https:\\\/\\\/www.rassegnastampa-totustuus.it\\\/cattolica\\\/santagostino-una-riscoperta-fuori-dai-miti-rivoluzionari\\\/\"},\"author\":{\"name\":\"Redazione\",\"@id\":\"https:\\\/\\\/www.rassegnastampa-totustuus.it\\\/cattolica\\\/#\\\/schema\\\/person\\\/08f319d2bd1a0904ad9e2bfb7b15e5c3\"},\"headline\":\"Sant\u2019Agostino, una riscoperta fuori dai miti rivoluzionari\",\"datePublished\":\"2005-06-01T16:52:44+00:00\",\"dateModified\":\"2016-02-04T09:16:45+00:00\",\"mainEntityOfPage\":{\"@id\":\"https:\\\/\\\/www.rassegnastampa-totustuus.it\\\/cattolica\\\/santagostino-una-riscoperta-fuori-dai-miti-rivoluzionari\\\/\"},\"wordCount\":1732,\"publisher\":{\"@id\":\"https:\\\/\\\/www.rassegnastampa-totustuus.it\\\/cattolica\\\/#organization\"},\"image\":{\"@id\":\"https:\\\/\\\/www.rassegnastampa-totustuus.it\\\/cattolica\\\/santagostino-una-riscoperta-fuori-dai-miti-rivoluzionari\\\/#primaryimage\"},\"thumbnailUrl\":\"https:\\\/\\\/www.rassegnastampa-totustuus.it\\\/cattolica\\\/wp-content\\\/uploads\\\/2005\\\/06\\\/agostino.jpg\",\"keywords\":[\"A.Del Noce\",\"S Agostino\"],\"articleSection\":[\"A.Del Noce - scritti\",\"Filosofia\",\"Santi\"],\"inLanguage\":\"it-IT\"},{\"@type\":\"WebPage\",\"@id\":\"https:\\\/\\\/www.rassegnastampa-totustuus.it\\\/cattolica\\\/santagostino-una-riscoperta-fuori-dai-miti-rivoluzionari\\\/\",\"url\":\"https:\\\/\\\/www.rassegnastampa-totustuus.it\\\/cattolica\\\/santagostino-una-riscoperta-fuori-dai-miti-rivoluzionari\\\/\",\"name\":\"Sant\u2019Agostino, una riscoperta fuori dai miti rivoluzionari - Rassegna Stampa Cattolica\",\"isPartOf\":{\"@id\":\"https:\\\/\\\/www.rassegnastampa-totustuus.it\\\/cattolica\\\/#website\"},\"primaryImageOfPage\":{\"@id\":\"https:\\\/\\\/www.rassegnastampa-totustuus.it\\\/cattolica\\\/santagostino-una-riscoperta-fuori-dai-miti-rivoluzionari\\\/#primaryimage\"},\"image\":{\"@id\":\"https:\\\/\\\/www.rassegnastampa-totustuus.it\\\/cattolica\\\/santagostino-una-riscoperta-fuori-dai-miti-rivoluzionari\\\/#primaryimage\"},\"thumbnailUrl\":\"https:\\\/\\\/www.rassegnastampa-totustuus.it\\\/cattolica\\\/wp-content\\\/uploads\\\/2005\\\/06\\\/agostino.jpg\",\"datePublished\":\"2005-06-01T16:52:44+00:00\",\"dateModified\":\"2016-02-04T09:16:45+00:00\",\"description\":\"Rassegna Stampa Cattolica - Per una cultura che nasce dalla Rivelazione cristiana in conformit\u00e0 alla tradizione e al Magistero della Chiesa in opposizione ad ogni relativismo e totalitarismo\",\"breadcrumb\":{\"@id\":\"https:\\\/\\\/www.rassegnastampa-totustuus.it\\\/cattolica\\\/santagostino-una-riscoperta-fuori-dai-miti-rivoluzionari\\\/#breadcrumb\"},\"inLanguage\":\"it-IT\",\"potentialAction\":[{\"@type\":\"ReadAction\",\"target\":[\"https:\\\/\\\/www.rassegnastampa-totustuus.it\\\/cattolica\\\/santagostino-una-riscoperta-fuori-dai-miti-rivoluzionari\\\/\"]}]},{\"@type\":\"ImageObject\",\"inLanguage\":\"it-IT\",\"@id\":\"https:\\\/\\\/www.rassegnastampa-totustuus.it\\\/cattolica\\\/santagostino-una-riscoperta-fuori-dai-miti-rivoluzionari\\\/#primaryimage\",\"url\":\"https:\\\/\\\/www.rassegnastampa-totustuus.it\\\/cattolica\\\/wp-content\\\/uploads\\\/2005\\\/06\\\/agostino.jpg\",\"contentUrl\":\"https:\\\/\\\/www.rassegnastampa-totustuus.it\\\/cattolica\\\/wp-content\\\/uploads\\\/2005\\\/06\\\/agostino.jpg\",\"width\":189,\"height\":267},{\"@type\":\"BreadcrumbList\",\"@id\":\"https:\\\/\\\/www.rassegnastampa-totustuus.it\\\/cattolica\\\/santagostino-una-riscoperta-fuori-dai-miti-rivoluzionari\\\/#breadcrumb\",\"itemListElement\":[{\"@type\":\"ListItem\",\"position\":1,\"name\":\"Home\",\"item\":\"https:\\\/\\\/www.rassegnastampa-totustuus.it\\\/cattolica\\\/\"},{\"@type\":\"ListItem\",\"position\":2,\"name\":\"Sant\u2019Agostino, una riscoperta fuori dai miti rivoluzionari\"}]},{\"@type\":\"WebSite\",\"@id\":\"https:\\\/\\\/www.rassegnastampa-totustuus.it\\\/cattolica\\\/#website\",\"url\":\"https:\\\/\\\/www.rassegnastampa-totustuus.it\\\/cattolica\\\/\",\"name\":\"Rassegna Stampa Cattolica\",\"description\":\"Per una cultura che nasce dalla Rivelazione cristiana in conformit\u00e0 alla tradizione e al Magistero della Chiesa in opposizione ad ogni relativismo e totalitarismo\",\"publisher\":{\"@id\":\"https:\\\/\\\/www.rassegnastampa-totustuus.it\\\/cattolica\\\/#organization\"},\"alternateName\":\"Rass. Cattolica\",\"potentialAction\":[{\"@type\":\"SearchAction\",\"target\":{\"@type\":\"EntryPoint\",\"urlTemplate\":\"https:\\\/\\\/www.rassegnastampa-totustuus.it\\\/cattolica\\\/?s={search_term_string}\"},\"query-input\":{\"@type\":\"PropertyValueSpecification\",\"valueRequired\":true,\"valueName\":\"search_term_string\"}}],\"inLanguage\":\"it-IT\"},{\"@type\":\"Organization\",\"@id\":\"https:\\\/\\\/www.rassegnastampa-totustuus.it\\\/cattolica\\\/#organization\",\"name\":\"Rassegna Stampa Cattolica\",\"url\":\"https:\\\/\\\/www.rassegnastampa-totustuus.it\\\/cattolica\\\/\",\"logo\":{\"@type\":\"ImageObject\",\"inLanguage\":\"it-IT\",\"@id\":\"https:\\\/\\\/www.rassegnastampa-totustuus.it\\\/cattolica\\\/#\\\/schema\\\/logo\\\/image\\\/\",\"url\":\"https:\\\/\\\/www.rassegnastampa-totustuus.it\\\/cattolica\\\/wp-content\\\/uploads\\\/2014\\\/04\\\/logo-rassegna1.gif\",\"contentUrl\":\"https:\\\/\\\/www.rassegnastampa-totustuus.it\\\/cattolica\\\/wp-content\\\/uploads\\\/2014\\\/04\\\/logo-rassegna1.gif\",\"width\":600,\"height\":163,\"caption\":\"Rassegna Stampa Cattolica\"},\"image\":{\"@id\":\"https:\\\/\\\/www.rassegnastampa-totustuus.it\\\/cattolica\\\/#\\\/schema\\\/logo\\\/image\\\/\"},\"sameAs\":[\"https:\\\/\\\/www.facebook.com\\\/rassegnastampacattolica\",\"https:\\\/\\\/x.com\\\/rassegnastampa9\"]},{\"@type\":\"Person\",\"@id\":\"https:\\\/\\\/www.rassegnastampa-totustuus.it\\\/cattolica\\\/#\\\/schema\\\/person\\\/08f319d2bd1a0904ad9e2bfb7b15e5c3\",\"name\":\"Redazione\",\"image\":{\"@type\":\"ImageObject\",\"inLanguage\":\"it-IT\",\"@id\":\"https:\\\/\\\/secure.gravatar.com\\\/avatar\\\/2fcdf27c78ea025fbdb44e914cc63c72249ffec9dc8aafd5c82b26240ef3f346?s=96&d=mm&r=g\",\"url\":\"https:\\\/\\\/secure.gravatar.com\\\/avatar\\\/2fcdf27c78ea025fbdb44e914cc63c72249ffec9dc8aafd5c82b26240ef3f346?s=96&d=mm&r=g\",\"contentUrl\":\"https:\\\/\\\/secure.gravatar.com\\\/avatar\\\/2fcdf27c78ea025fbdb44e914cc63c72249ffec9dc8aafd5c82b26240ef3f346?s=96&d=mm&r=g\",\"caption\":\"Redazione\"},\"url\":\"https:\\\/\\\/www.rassegnastampa-totustuus.it\\\/cattolica\\\/author\\\/pietroelle\\\/\"}]}<\/script>\n<!-- \/ Yoast SEO plugin. -->","yoast_head_json":{"title":"Sant\u2019Agostino, una riscoperta fuori dai miti rivoluzionari - Rassegna Stampa Cattolica","description":"Rassegna Stampa Cattolica - Per una cultura che nasce dalla Rivelazione cristiana in conformit\u00e0 alla tradizione e al Magistero della Chiesa in opposizione ad ogni relativismo e totalitarismo","robots":{"index":"index","follow":"follow","max-snippet":"max-snippet:-1","max-image-preview":"max-image-preview:large","max-video-preview":"max-video-preview:-1"},"canonical":"https:\/\/www.rassegnastampa-totustuus.it\/cattolica\/santagostino-una-riscoperta-fuori-dai-miti-rivoluzionari\/","og_locale":"it_IT","og_type":"article","og_title":"Sant\u2019Agostino, una riscoperta fuori dai miti rivoluzionari - Rassegna Stampa Cattolica","og_description":"Rassegna Stampa Cattolica - Per una cultura che nasce dalla Rivelazione cristiana in conformit\u00e0 alla tradizione e al Magistero della Chiesa in opposizione ad ogni relativismo e totalitarismo","og_url":"https:\/\/www.rassegnastampa-totustuus.it\/cattolica\/santagostino-una-riscoperta-fuori-dai-miti-rivoluzionari\/","og_site_name":"Rassegna Stampa Cattolica","article_publisher":"https:\/\/www.facebook.com\/rassegnastampacattolica","article_published_time":"2005-06-01T16:52:44+00:00","article_modified_time":"2016-02-04T09:16:45+00:00","og_image":[{"width":189,"height":267,"url":"https:\/\/www.rassegnastampa-totustuus.it\/cattolica\/wp-content\/uploads\/2005\/06\/agostino.jpg","type":"image\/jpeg"}],"author":"Redazione","twitter_card":"summary_large_image","twitter_creator":"@rassegnastampa9","twitter_site":"@rassegnastampa9","twitter_misc":{"Scritto da":"Redazione","Tempo di lettura stimato":"9 minuti"},"schema":{"@context":"https:\/\/schema.org","@graph":[{"@type":"Article","@id":"https:\/\/www.rassegnastampa-totustuus.it\/cattolica\/santagostino-una-riscoperta-fuori-dai-miti-rivoluzionari\/#article","isPartOf":{"@id":"https:\/\/www.rassegnastampa-totustuus.it\/cattolica\/santagostino-una-riscoperta-fuori-dai-miti-rivoluzionari\/"},"author":{"name":"Redazione","@id":"https:\/\/www.rassegnastampa-totustuus.it\/cattolica\/#\/schema\/person\/08f319d2bd1a0904ad9e2bfb7b15e5c3"},"headline":"Sant\u2019Agostino, una riscoperta fuori dai miti rivoluzionari","datePublished":"2005-06-01T16:52:44+00:00","dateModified":"2016-02-04T09:16:45+00:00","mainEntityOfPage":{"@id":"https:\/\/www.rassegnastampa-totustuus.it\/cattolica\/santagostino-una-riscoperta-fuori-dai-miti-rivoluzionari\/"},"wordCount":1732,"publisher":{"@id":"https:\/\/www.rassegnastampa-totustuus.it\/cattolica\/#organization"},"image":{"@id":"https:\/\/www.rassegnastampa-totustuus.it\/cattolica\/santagostino-una-riscoperta-fuori-dai-miti-rivoluzionari\/#primaryimage"},"thumbnailUrl":"https:\/\/www.rassegnastampa-totustuus.it\/cattolica\/wp-content\/uploads\/2005\/06\/agostino.jpg","keywords":["A.Del Noce","S Agostino"],"articleSection":["A.Del Noce - scritti","Filosofia","Santi"],"inLanguage":"it-IT"},{"@type":"WebPage","@id":"https:\/\/www.rassegnastampa-totustuus.it\/cattolica\/santagostino-una-riscoperta-fuori-dai-miti-rivoluzionari\/","url":"https:\/\/www.rassegnastampa-totustuus.it\/cattolica\/santagostino-una-riscoperta-fuori-dai-miti-rivoluzionari\/","name":"Sant\u2019Agostino, una riscoperta fuori dai miti rivoluzionari - Rassegna Stampa Cattolica","isPartOf":{"@id":"https:\/\/www.rassegnastampa-totustuus.it\/cattolica\/#website"},"primaryImageOfPage":{"@id":"https:\/\/www.rassegnastampa-totustuus.it\/cattolica\/santagostino-una-riscoperta-fuori-dai-miti-rivoluzionari\/#primaryimage"},"image":{"@id":"https:\/\/www.rassegnastampa-totustuus.it\/cattolica\/santagostino-una-riscoperta-fuori-dai-miti-rivoluzionari\/#primaryimage"},"thumbnailUrl":"https:\/\/www.rassegnastampa-totustuus.it\/cattolica\/wp-content\/uploads\/2005\/06\/agostino.jpg","datePublished":"2005-06-01T16:52:44+00:00","dateModified":"2016-02-04T09:16:45+00:00","description":"Rassegna Stampa Cattolica - Per una cultura che nasce dalla Rivelazione cristiana in conformit\u00e0 alla tradizione e al Magistero della Chiesa in opposizione ad ogni relativismo e totalitarismo","breadcrumb":{"@id":"https:\/\/www.rassegnastampa-totustuus.it\/cattolica\/santagostino-una-riscoperta-fuori-dai-miti-rivoluzionari\/#breadcrumb"},"inLanguage":"it-IT","potentialAction":[{"@type":"ReadAction","target":["https:\/\/www.rassegnastampa-totustuus.it\/cattolica\/santagostino-una-riscoperta-fuori-dai-miti-rivoluzionari\/"]}]},{"@type":"ImageObject","inLanguage":"it-IT","@id":"https:\/\/www.rassegnastampa-totustuus.it\/cattolica\/santagostino-una-riscoperta-fuori-dai-miti-rivoluzionari\/#primaryimage","url":"https:\/\/www.rassegnastampa-totustuus.it\/cattolica\/wp-content\/uploads\/2005\/06\/agostino.jpg","contentUrl":"https:\/\/www.rassegnastampa-totustuus.it\/cattolica\/wp-content\/uploads\/2005\/06\/agostino.jpg","width":189,"height":267},{"@type":"BreadcrumbList","@id":"https:\/\/www.rassegnastampa-totustuus.it\/cattolica\/santagostino-una-riscoperta-fuori-dai-miti-rivoluzionari\/#breadcrumb","itemListElement":[{"@type":"ListItem","position":1,"name":"Home","item":"https:\/\/www.rassegnastampa-totustuus.it\/cattolica\/"},{"@type":"ListItem","position":2,"name":"Sant\u2019Agostino, una riscoperta fuori dai miti rivoluzionari"}]},{"@type":"WebSite","@id":"https:\/\/www.rassegnastampa-totustuus.it\/cattolica\/#website","url":"https:\/\/www.rassegnastampa-totustuus.it\/cattolica\/","name":"Rassegna Stampa Cattolica","description":"Per una cultura che nasce dalla Rivelazione cristiana in conformit\u00e0 alla tradizione e al Magistero della Chiesa in opposizione ad ogni relativismo e totalitarismo","publisher":{"@id":"https:\/\/www.rassegnastampa-totustuus.it\/cattolica\/#organization"},"alternateName":"Rass. Cattolica","potentialAction":[{"@type":"SearchAction","target":{"@type":"EntryPoint","urlTemplate":"https:\/\/www.rassegnastampa-totustuus.it\/cattolica\/?s={search_term_string}"},"query-input":{"@type":"PropertyValueSpecification","valueRequired":true,"valueName":"search_term_string"}}],"inLanguage":"it-IT"},{"@type":"Organization","@id":"https:\/\/www.rassegnastampa-totustuus.it\/cattolica\/#organization","name":"Rassegna Stampa Cattolica","url":"https:\/\/www.rassegnastampa-totustuus.it\/cattolica\/","logo":{"@type":"ImageObject","inLanguage":"it-IT","@id":"https:\/\/www.rassegnastampa-totustuus.it\/cattolica\/#\/schema\/logo\/image\/","url":"https:\/\/www.rassegnastampa-totustuus.it\/cattolica\/wp-content\/uploads\/2014\/04\/logo-rassegna1.gif","contentUrl":"https:\/\/www.rassegnastampa-totustuus.it\/cattolica\/wp-content\/uploads\/2014\/04\/logo-rassegna1.gif","width":600,"height":163,"caption":"Rassegna Stampa Cattolica"},"image":{"@id":"https:\/\/www.rassegnastampa-totustuus.it\/cattolica\/#\/schema\/logo\/image\/"},"sameAs":["https:\/\/www.facebook.com\/rassegnastampacattolica","https:\/\/x.com\/rassegnastampa9"]},{"@type":"Person","@id":"https:\/\/www.rassegnastampa-totustuus.it\/cattolica\/#\/schema\/person\/08f319d2bd1a0904ad9e2bfb7b15e5c3","name":"Redazione","image":{"@type":"ImageObject","inLanguage":"it-IT","@id":"https:\/\/secure.gravatar.com\/avatar\/2fcdf27c78ea025fbdb44e914cc63c72249ffec9dc8aafd5c82b26240ef3f346?s=96&d=mm&r=g","url":"https:\/\/secure.gravatar.com\/avatar\/2fcdf27c78ea025fbdb44e914cc63c72249ffec9dc8aafd5c82b26240ef3f346?s=96&d=mm&r=g","contentUrl":"https:\/\/secure.gravatar.com\/avatar\/2fcdf27c78ea025fbdb44e914cc63c72249ffec9dc8aafd5c82b26240ef3f346?s=96&d=mm&r=g","caption":"Redazione"},"url":"https:\/\/www.rassegnastampa-totustuus.it\/cattolica\/author\/pietroelle\/"}]}},"_links":{"self":[{"href":"https:\/\/www.rassegnastampa-totustuus.it\/cattolica\/wp-json\/wp\/v2\/posts\/668","targetHints":{"allow":["GET"]}}],"collection":[{"href":"https:\/\/www.rassegnastampa-totustuus.it\/cattolica\/wp-json\/wp\/v2\/posts"}],"about":[{"href":"https:\/\/www.rassegnastampa-totustuus.it\/cattolica\/wp-json\/wp\/v2\/types\/post"}],"author":[{"embeddable":true,"href":"https:\/\/www.rassegnastampa-totustuus.it\/cattolica\/wp-json\/wp\/v2\/users\/6"}],"replies":[{"embeddable":true,"href":"https:\/\/www.rassegnastampa-totustuus.it\/cattolica\/wp-json\/wp\/v2\/comments?post=668"}],"version-history":[{"count":4,"href":"https:\/\/www.rassegnastampa-totustuus.it\/cattolica\/wp-json\/wp\/v2\/posts\/668\/revisions"}],"predecessor-version":[{"id":30227,"href":"https:\/\/www.rassegnastampa-totustuus.it\/cattolica\/wp-json\/wp\/v2\/posts\/668\/revisions\/30227"}],"wp:featuredmedia":[{"embeddable":true,"href":"https:\/\/www.rassegnastampa-totustuus.it\/cattolica\/wp-json\/wp\/v2\/media\/30226"}],"wp:attachment":[{"href":"https:\/\/www.rassegnastampa-totustuus.it\/cattolica\/wp-json\/wp\/v2\/media?parent=668"}],"wp:term":[{"taxonomy":"category","embeddable":true,"href":"https:\/\/www.rassegnastampa-totustuus.it\/cattolica\/wp-json\/wp\/v2\/categories?post=668"},{"taxonomy":"post_tag","embeddable":true,"href":"https:\/\/www.rassegnastampa-totustuus.it\/cattolica\/wp-json\/wp\/v2\/tags?post=668"}],"curies":[{"name":"wp","href":"https:\/\/api.w.org\/{rel}","templated":true}]}}