{"id":664,"date":"2005-06-01T18:42:28","date_gmt":"2005-06-01T16:42:28","guid":{"rendered":""},"modified":"2016-02-04T11:36:21","modified_gmt":"2016-02-04T10:36:21","slug":"1-le-origini-dellindifferenza-religiosa","status":"publish","type":"post","link":"https:\/\/www.rassegnastampa-totustuus.it\/cattolica\/1-le-origini-dellindifferenza-religiosa\/","title":{"rendered":"1\/ Le origini dell&#8217;indifferenza religiosa"},"content":{"rendered":"<div style=\"text-align: center;\"><a href=\"https:\/\/www.rassegnastampa-totustuus.it\/cattolica\/wp-content\/uploads\/2005\/06\/indiff_religiosa.jpg\"><img loading=\"lazy\" decoding=\"async\" class=\"alignright wp-image-30233\" src=\"https:\/\/www.rassegnastampa-totustuus.it\/cattolica\/wp-content\/uploads\/2005\/06\/indiff_religiosa.jpg\" alt=\"indiff_religiosa\" width=\"240\" height=\"179\" \/><\/a>articolo pubblicato su <strong>Il Tempo <\/strong><\/div>\n<div style=\"text-align: center;\">19 ottobre 198<\/div>\n<p style=\"text-align: center;\">di <strong>Augusto del Noce<\/strong><\/p>\n<p style=\"text-align: justify;\">Il mutato senso dell&#8217;indifferenza religiosa \u00e8 tra i fenomeni pi\u00f9 significativi degli ultimi decenni e condiziona quel profondo cambiamento morale che molti credono di spiegare esaustivamente col passaggio da una societ\u00e0 rurale ad una societ\u00e0 industriale o postindustriale.<\/p>\n<p style=\"text-align: justify;\"><!--more--><\/p>\n<p style=\"text-align: justify;\">Che tale passaggio possa contribuirvi \u00e8 un fatto; non sta per\u00f2 l\u00ec la ragione essenziale, e l&#8217;intendere questo mutamento di senso nelle sue motivazioni profonde, ci porta pure a verificare i limiti delle interpretazioni sociologiche. Il tratto nuovo \u00e8 questo: ha fatto la sua comparsa un&#8217;indifferenza che \u00e8 pi\u00f9 lontana dalla fede di quel che sia l&#8217;ateismo, e che in ci\u00f2 si distingue dall&#8217;indifferenza di altri tempi.<\/p>\n<p style=\"text-align: justify;\">Perch\u00e9, certo anche una volta si parlava di indifferenza; ma in relazione ad una separazione nella vita di una sfera laica e di una sfera religiosa. Onest\u00e0 e lavoro nella prima, preoccupazione per la salvezza nella seconda. E siccome le due sfere erano pensate non soltanto come distinte, ma come separate, la cura delle cose di questo mondo poteva portare aduna dimenticanza, pi\u00f9 o meno pronunciata, del momento religioso.<\/p>\n<p style=\"text-align: justify;\">Era una indifferenza che non importava negazione; si accompagnava spesso, anche al di fuori di ogni confessione religiosa, alla desiderabilit\u00e0 di un&#8217;altra vita in cui virt\u00f9 e felicit\u00e0 fossero congiunte. Almeno come desiderabilit\u00e0, anche quando non ci si pronunciava sulla sua reale esistenza, e anche se, pi\u00f9 che ad essa, si pensava a star bene nella vita precedente.<\/p>\n<p style=\"text-align: justify;\">Non si pu\u00f2 dire che questo tipo di indifferenza sia scomparso. Ma un altro ne \u00e8 sorto che se ne diversifica anzitutto per il suo carattere di &#8220;totalit\u00e0&#8221;. Ed \u00e8 facile accorgersi che, a differenza del primo, succede all&#8217;ateismo anzich\u00e9 precederlo. L&#8217;ateismo, infatti, \u00e8 una risposta negativa al problema di Dio: \u00e8 una &#8220;lotta con Dio&#8221;, in cui l&#8217;ateo finisce spesso col soccombere.<\/p>\n<p style=\"text-align: justify;\">Dimostrare scientificamente la non esistenza di Dio \u00e8 impossibile. Gli argomenti sono morali: ateismo pessimista e ateismo rivoluzionario, tra loro alquanto diversi. <em>Unde malum<\/em>, \u00e8 l&#8217;obiezione del pessimista. Il rivoluzionario pensa invece che la prima liberazione umana richiede la negazione del Signore Celeste, immagine del padrone terreno. Ma entrambe queste forme si rivelano deboli.<\/p>\n<p style=\"text-align: justify;\">L&#8217;ateismo pessimistico \u00e8 una posizione intellettualistica: nella\u00a0 realt\u00e0 \u00e8 piuttosto l&#8217;esperienza del male e del dolore a riportare la speranza religiosa. Per l&#8217;ateismo rivoluzionario basti pensare al &#8220;disincantamento per la rivoluzione&#8221; che c&#8217;\u00e8 oggi. L&#8217;indifferenza religiosa ha come suo carattere non gi\u00e0 la risposta negativa, ma scomparsa del problema di Dio. La fine delle religioni coinciderebbe con questa comparsa. Forse che si discute pi\u00f9 su Giove o su Minerva? Perch\u00e9 lo stesso, qualcuno pensa, non potrebbe avvenire per il cristianesimo?<\/p>\n<p style=\"text-align: justify;\">Del resto non altrimenti pensava il marxismo per cui l&#8217;ateismo era &#8220;un risultato&#8221;; con l&#8217;edificazione della societ\u00e0 socialista, il bisogno religioso e la mitologia in cui si esprimeva dovevano venire automaticamente meno.E&#8217; avvenuto invece che questo tipo di indifferenza religiosa si manifesti oggi soprattutto in Occidente. Come spiegarlo? Bisogna pensare agli anni successivi al &#8217;45 segnati dalla presa di posizionedell&#8217;Occidente rispetto al comunismo, e delle sue risposte, la religiosa e la laicistica. Consideriamo quel che si scriveva, giustamente del resto, allora.<\/p>\n<p style=\"text-align: justify;\">Che il marxismo era una teologia rovesciata, una controreligione che era pur sempre una religione. Era la trascrizione secolarizzata del pensiero ebraico e cristiano e si stabilivano le corrispondenze: la lotta tra la borghesia e il proletariato nell&#8217;ultima epoca della storia traduceva esattamente sul piano mondano la lotta finale tra il Cristo e l&#8217;Anticristo; alla funzione redentrice di Cristo corrispondeva quella che sarebbe stata esercitata dal proletariato, con perfetta simmetria tra l&#8217;estrema sofferenza a cui doveva seguire la Resurrezione; alla trasfigurazione della citt\u00e0 terrena nella citt\u00e0 di Dio, quella del regno della necessit\u00e0 in quello della libert\u00e0, permanendo l&#8217;orientamento della storia verso uno scopo finale. Ma proprio questa simmetria rendeva assoluta l&#8217;antitesi.<\/p>\n<p style=\"text-align: justify;\">Invece, il pensiero laicista portava l&#8217;attenzione sulla simmetria tra teocrazia medievale e ateocrazia comunista. La risposta laica sopprimeva perci\u00f2 nel marxismo tutto l&#8217;elemento profetico e messianico, quel che induceva a parlare di &#8220;Regno eterno&#8221; o di &#8220;surrogato della religione&#8221;; ma nel tempo stesso licenziava, quale risposta inadeguata al marxismo, quella cultura idealistica che intendeva restaurare il divino in termini di immanenza, e conservare il cristianesimo in forma moderna: quel pensiero che in Italia aveva dominato con Croce e con Gentile. Invece per il laicismo di nuovo tipo la condanna, insieme, degli elementi teologici del marxismo coincideva con l&#8217;abbandono di qualsiasi posizione religiosa. Di qui l&#8217;indifferenza nella sua nuova forma.<\/p>\n<p style=\"text-align: justify;\">L&#8217;antireligione era diversa ma superiore a quella marxista, ed \u00e8 essa che ora prevale, in corrispondenza col declino del marxismo; anche se non d\u00e0 luogo a persecuzioni dirette, \u00e8 per la religione un veleno pi\u00f9 sottile.<\/p>\n<p style=\"text-align: justify;\">La mancata distinzione tra le due indifferenze fa si che persone d&#8217;indubbia fede religiosa vedano una sorta di progresso nel passaggio dall&#8217;ateismo all&#8217;indifferenza. E&#8217; normale, a loro giudizio, che vi sia una crisi nel transito da un tipo a un altro di societ\u00e0. L&#8217;immensa trasformazione in cui ci troviamo a vivere esige che anche il cattolicesimo si manifesti in forme diverse. Alla negazione atea, che si dirige contro una religione vista come inscindibilmente connessa con il vecchio tipo di societ\u00e0, seguirebbe un periodo di indifferenza, destinato a scemare quando la religione sapr\u00e0 intendere le nuove domande .<\/p>\n<p style=\"text-align: justify;\">In realt\u00e0, la nuova indifferenza, anzich\u00e9 rappresentare un regresso dell&#8217;ateismo, ne \u00e8 la pienezza . L&#8217;ateismo che si dichiara come tale, ne \u00e8 la condizione e la premessa. Si consideri la formula, di larga circolazione, &#8220;Dio \u00e8 morto&#8221;; essa presuppone un Dio che vive soltanto nella coscienza degli uomini di una determinata situazione storica, e che pu\u00f2 morire perch\u00e9 gi\u00e0 dall&#8217;inizio era negato come realt\u00e0 in s\u00e9, e concepito di fatto come &#8220;mortale&#8221; alla maniera della &#8220;civilt\u00e0&#8221;. L&#8217;indifferenza presuppone l&#8217;ateismo nella forma appunto del &#8220;Dio \u00e8 morto&#8221; onde si accompagna con una curiosit\u00e0 per le religioni di un lontano passato, appunto &#8220;morte&#8221;.<\/p>\n<p style=\"text-align: justify;\">La diffusione dell&#8217;indifferenza religiosa nel senso che si \u00e8 detto, mi sembra il primo dato della situazione occidentale. Quanto serve a chiarire il prevalente comportamento morale?<\/p>\n<div align=\"justify\">Cercher\u00f2 di dare una risposta in un <a href=\"https:\/\/www.rassegnastampa-totustuus.it\/cattolica\/?p=655\" target=\"_blank\">prossimo articolo.<\/a><\/div>\n<div align=\"justify\">________________<\/div>\n<div align=\"justify\"><\/div>\n<div align=\"justify\"><strong>Leggi anche:<\/strong><\/div>\n<div align=\"justify\"><\/div>\n<div align=\"justify\"><a href=\"https:\/\/www.rassegnastampa-totustuus.it\/cattolica\/?p=655\" target=\"_blank\">L&#8217;ideale libertino e il potere tecnologico\u00a0<\/a><\/div>\n","protected":false},"excerpt":{"rendered":"<p>articolo pubblicato su Il Tempo 19 ottobre 198 di Augusto del Noce Il mutato senso dell&#8217;indifferenza religiosa \u00e8 tra i fenomeni pi\u00f9 significativi degli ultimi decenni e condiziona quel profondo cambiamento morale che molti credono di spiegare esaustivamente col passaggio da una societ\u00e0 rurale ad una societ\u00e0 industriale o postindustriale.<\/p><p><a class=\"more-link btn\" href=\"https:\/\/www.rassegnastampa-totustuus.it\/cattolica\/1-le-origini-dellindifferenza-religiosa\/\">Continua a leggere<\/a><\/p>\n","protected":false},"author":6,"featured_media":30233,"comment_status":"closed","ping_status":"open","sticky":false,"template":"","format":"standard","meta":{"footnotes":""},"categories":[66,103],"tags":[481],"class_list":["post-664","post","type-post","status-publish","format-standard","has-post-thumbnail","hentry","category-adel-noce-scritti","category-laicismo","tag-a-del-noce","item-wrap"],"yoast_head":"<!-- This site is optimized with the Yoast SEO plugin v27.4 - https:\/\/yoast.com\/product\/yoast-seo-wordpress\/ -->\n<title>1\/ Le origini dell&#039;indifferenza religiosa - Rassegna Stampa Cattolica<\/title>\n<meta name=\"description\" content=\"Rassegna Stampa Cattolica - Per una cultura che nasce dalla Rivelazione cristiana in conformit\u00e0 alla tradizione e al Magistero della Chiesa in opposizione ad ogni relativismo e totalitarismo\" \/>\n<meta name=\"robots\" content=\"index, follow, max-snippet:-1, max-image-preview:large, max-video-preview:-1\" \/>\n<link rel=\"canonical\" href=\"https:\/\/www.rassegnastampa-totustuus.it\/cattolica\/1-le-origini-dellindifferenza-religiosa\/\" \/>\n<meta property=\"og:locale\" content=\"it_IT\" \/>\n<meta property=\"og:type\" content=\"article\" \/>\n<meta property=\"og:title\" content=\"1\/ Le origini dell&#039;indifferenza religiosa - Rassegna Stampa Cattolica\" \/>\n<meta property=\"og:description\" content=\"Rassegna Stampa Cattolica - Per una cultura che nasce dalla Rivelazione cristiana in conformit\u00e0 alla tradizione e al Magistero della Chiesa in opposizione ad ogni relativismo e totalitarismo\" \/>\n<meta property=\"og:url\" content=\"https:\/\/www.rassegnastampa-totustuus.it\/cattolica\/1-le-origini-dellindifferenza-religiosa\/\" \/>\n<meta property=\"og:site_name\" content=\"Rassegna Stampa Cattolica\" \/>\n<meta property=\"article:publisher\" content=\"https:\/\/www.facebook.com\/rassegnastampacattolica\" \/>\n<meta property=\"article:published_time\" content=\"2005-06-01T16:42:28+00:00\" \/>\n<meta property=\"article:modified_time\" content=\"2016-02-04T10:36:21+00:00\" \/>\n<meta property=\"og:image\" content=\"https:\/\/www.rassegnastampa-totustuus.it\/cattolica\/wp-content\/uploads\/2005\/06\/indiff_religiosa.jpg\" \/>\n\t<meta property=\"og:image:width\" content=\"260\" \/>\n\t<meta property=\"og:image:height\" content=\"194\" \/>\n\t<meta property=\"og:image:type\" content=\"image\/jpeg\" \/>\n<meta name=\"author\" content=\"Redazione\" \/>\n<meta name=\"twitter:card\" content=\"summary_large_image\" \/>\n<meta name=\"twitter:creator\" content=\"@rassegnastampa9\" \/>\n<meta name=\"twitter:site\" content=\"@rassegnastampa9\" \/>\n<meta name=\"twitter:label1\" content=\"Scritto da\" \/>\n\t<meta name=\"twitter:data1\" content=\"Redazione\" \/>\n\t<meta name=\"twitter:label2\" content=\"Tempo di lettura stimato\" \/>\n\t<meta name=\"twitter:data2\" content=\"5 minuti\" \/>\n<script type=\"application\/ld+json\" class=\"yoast-schema-graph\">{\"@context\":\"https:\\\/\\\/schema.org\",\"@graph\":[{\"@type\":\"Article\",\"@id\":\"https:\\\/\\\/www.rassegnastampa-totustuus.it\\\/cattolica\\\/1-le-origini-dellindifferenza-religiosa\\\/#article\",\"isPartOf\":{\"@id\":\"https:\\\/\\\/www.rassegnastampa-totustuus.it\\\/cattolica\\\/1-le-origini-dellindifferenza-religiosa\\\/\"},\"author\":{\"name\":\"Redazione\",\"@id\":\"https:\\\/\\\/www.rassegnastampa-totustuus.it\\\/cattolica\\\/#\\\/schema\\\/person\\\/08f319d2bd1a0904ad9e2bfb7b15e5c3\"},\"headline\":\"1\\\/ Le origini dell&#8217;indifferenza religiosa\",\"datePublished\":\"2005-06-01T16:42:28+00:00\",\"dateModified\":\"2016-02-04T10:36:21+00:00\",\"mainEntityOfPage\":{\"@id\":\"https:\\\/\\\/www.rassegnastampa-totustuus.it\\\/cattolica\\\/1-le-origini-dellindifferenza-religiosa\\\/\"},\"wordCount\":1041,\"publisher\":{\"@id\":\"https:\\\/\\\/www.rassegnastampa-totustuus.it\\\/cattolica\\\/#organization\"},\"image\":{\"@id\":\"https:\\\/\\\/www.rassegnastampa-totustuus.it\\\/cattolica\\\/1-le-origini-dellindifferenza-religiosa\\\/#primaryimage\"},\"thumbnailUrl\":\"https:\\\/\\\/www.rassegnastampa-totustuus.it\\\/cattolica\\\/wp-content\\\/uploads\\\/2005\\\/06\\\/indiff_religiosa.jpg\",\"keywords\":[\"A.Del Noce\"],\"articleSection\":[\"A.Del Noce - scritti\",\"Laicismo\"],\"inLanguage\":\"it-IT\"},{\"@type\":\"WebPage\",\"@id\":\"https:\\\/\\\/www.rassegnastampa-totustuus.it\\\/cattolica\\\/1-le-origini-dellindifferenza-religiosa\\\/\",\"url\":\"https:\\\/\\\/www.rassegnastampa-totustuus.it\\\/cattolica\\\/1-le-origini-dellindifferenza-religiosa\\\/\",\"name\":\"1\\\/ Le origini dell'indifferenza religiosa - Rassegna Stampa Cattolica\",\"isPartOf\":{\"@id\":\"https:\\\/\\\/www.rassegnastampa-totustuus.it\\\/cattolica\\\/#website\"},\"primaryImageOfPage\":{\"@id\":\"https:\\\/\\\/www.rassegnastampa-totustuus.it\\\/cattolica\\\/1-le-origini-dellindifferenza-religiosa\\\/#primaryimage\"},\"image\":{\"@id\":\"https:\\\/\\\/www.rassegnastampa-totustuus.it\\\/cattolica\\\/1-le-origini-dellindifferenza-religiosa\\\/#primaryimage\"},\"thumbnailUrl\":\"https:\\\/\\\/www.rassegnastampa-totustuus.it\\\/cattolica\\\/wp-content\\\/uploads\\\/2005\\\/06\\\/indiff_religiosa.jpg\",\"datePublished\":\"2005-06-01T16:42:28+00:00\",\"dateModified\":\"2016-02-04T10:36:21+00:00\",\"description\":\"Rassegna Stampa Cattolica - Per una cultura che nasce dalla Rivelazione cristiana in conformit\u00e0 alla tradizione e al Magistero della Chiesa in opposizione ad ogni relativismo e totalitarismo\",\"breadcrumb\":{\"@id\":\"https:\\\/\\\/www.rassegnastampa-totustuus.it\\\/cattolica\\\/1-le-origini-dellindifferenza-religiosa\\\/#breadcrumb\"},\"inLanguage\":\"it-IT\",\"potentialAction\":[{\"@type\":\"ReadAction\",\"target\":[\"https:\\\/\\\/www.rassegnastampa-totustuus.it\\\/cattolica\\\/1-le-origini-dellindifferenza-religiosa\\\/\"]}]},{\"@type\":\"ImageObject\",\"inLanguage\":\"it-IT\",\"@id\":\"https:\\\/\\\/www.rassegnastampa-totustuus.it\\\/cattolica\\\/1-le-origini-dellindifferenza-religiosa\\\/#primaryimage\",\"url\":\"https:\\\/\\\/www.rassegnastampa-totustuus.it\\\/cattolica\\\/wp-content\\\/uploads\\\/2005\\\/06\\\/indiff_religiosa.jpg\",\"contentUrl\":\"https:\\\/\\\/www.rassegnastampa-totustuus.it\\\/cattolica\\\/wp-content\\\/uploads\\\/2005\\\/06\\\/indiff_religiosa.jpg\",\"width\":260,\"height\":194},{\"@type\":\"BreadcrumbList\",\"@id\":\"https:\\\/\\\/www.rassegnastampa-totustuus.it\\\/cattolica\\\/1-le-origini-dellindifferenza-religiosa\\\/#breadcrumb\",\"itemListElement\":[{\"@type\":\"ListItem\",\"position\":1,\"name\":\"Home\",\"item\":\"https:\\\/\\\/www.rassegnastampa-totustuus.it\\\/cattolica\\\/\"},{\"@type\":\"ListItem\",\"position\":2,\"name\":\"1\\\/ Le origini dell&#8217;indifferenza religiosa\"}]},{\"@type\":\"WebSite\",\"@id\":\"https:\\\/\\\/www.rassegnastampa-totustuus.it\\\/cattolica\\\/#website\",\"url\":\"https:\\\/\\\/www.rassegnastampa-totustuus.it\\\/cattolica\\\/\",\"name\":\"Rassegna Stampa Cattolica\",\"description\":\"Per una cultura che nasce dalla Rivelazione cristiana in conformit\u00e0 alla tradizione e al Magistero della Chiesa in opposizione ad ogni relativismo e totalitarismo\",\"publisher\":{\"@id\":\"https:\\\/\\\/www.rassegnastampa-totustuus.it\\\/cattolica\\\/#organization\"},\"alternateName\":\"Rass. Cattolica\",\"potentialAction\":[{\"@type\":\"SearchAction\",\"target\":{\"@type\":\"EntryPoint\",\"urlTemplate\":\"https:\\\/\\\/www.rassegnastampa-totustuus.it\\\/cattolica\\\/?s={search_term_string}\"},\"query-input\":{\"@type\":\"PropertyValueSpecification\",\"valueRequired\":true,\"valueName\":\"search_term_string\"}}],\"inLanguage\":\"it-IT\"},{\"@type\":\"Organization\",\"@id\":\"https:\\\/\\\/www.rassegnastampa-totustuus.it\\\/cattolica\\\/#organization\",\"name\":\"Rassegna Stampa Cattolica\",\"url\":\"https:\\\/\\\/www.rassegnastampa-totustuus.it\\\/cattolica\\\/\",\"logo\":{\"@type\":\"ImageObject\",\"inLanguage\":\"it-IT\",\"@id\":\"https:\\\/\\\/www.rassegnastampa-totustuus.it\\\/cattolica\\\/#\\\/schema\\\/logo\\\/image\\\/\",\"url\":\"https:\\\/\\\/www.rassegnastampa-totustuus.it\\\/cattolica\\\/wp-content\\\/uploads\\\/2014\\\/04\\\/logo-rassegna1.gif\",\"contentUrl\":\"https:\\\/\\\/www.rassegnastampa-totustuus.it\\\/cattolica\\\/wp-content\\\/uploads\\\/2014\\\/04\\\/logo-rassegna1.gif\",\"width\":600,\"height\":163,\"caption\":\"Rassegna Stampa Cattolica\"},\"image\":{\"@id\":\"https:\\\/\\\/www.rassegnastampa-totustuus.it\\\/cattolica\\\/#\\\/schema\\\/logo\\\/image\\\/\"},\"sameAs\":[\"https:\\\/\\\/www.facebook.com\\\/rassegnastampacattolica\",\"https:\\\/\\\/x.com\\\/rassegnastampa9\"]},{\"@type\":\"Person\",\"@id\":\"https:\\\/\\\/www.rassegnastampa-totustuus.it\\\/cattolica\\\/#\\\/schema\\\/person\\\/08f319d2bd1a0904ad9e2bfb7b15e5c3\",\"name\":\"Redazione\",\"image\":{\"@type\":\"ImageObject\",\"inLanguage\":\"it-IT\",\"@id\":\"https:\\\/\\\/secure.gravatar.com\\\/avatar\\\/2fcdf27c78ea025fbdb44e914cc63c72249ffec9dc8aafd5c82b26240ef3f346?s=96&d=mm&r=g\",\"url\":\"https:\\\/\\\/secure.gravatar.com\\\/avatar\\\/2fcdf27c78ea025fbdb44e914cc63c72249ffec9dc8aafd5c82b26240ef3f346?s=96&d=mm&r=g\",\"contentUrl\":\"https:\\\/\\\/secure.gravatar.com\\\/avatar\\\/2fcdf27c78ea025fbdb44e914cc63c72249ffec9dc8aafd5c82b26240ef3f346?s=96&d=mm&r=g\",\"caption\":\"Redazione\"},\"url\":\"https:\\\/\\\/www.rassegnastampa-totustuus.it\\\/cattolica\\\/author\\\/pietroelle\\\/\"}]}<\/script>\n<!-- \/ Yoast SEO plugin. -->","yoast_head_json":{"title":"1\/ Le origini dell'indifferenza religiosa - Rassegna Stampa Cattolica","description":"Rassegna Stampa Cattolica - Per una cultura che nasce dalla Rivelazione cristiana in conformit\u00e0 alla tradizione e al Magistero della Chiesa in opposizione ad ogni relativismo e totalitarismo","robots":{"index":"index","follow":"follow","max-snippet":"max-snippet:-1","max-image-preview":"max-image-preview:large","max-video-preview":"max-video-preview:-1"},"canonical":"https:\/\/www.rassegnastampa-totustuus.it\/cattolica\/1-le-origini-dellindifferenza-religiosa\/","og_locale":"it_IT","og_type":"article","og_title":"1\/ Le origini dell'indifferenza religiosa - Rassegna Stampa Cattolica","og_description":"Rassegna Stampa Cattolica - Per una cultura che nasce dalla Rivelazione cristiana in conformit\u00e0 alla tradizione e al Magistero della Chiesa in opposizione ad ogni relativismo e totalitarismo","og_url":"https:\/\/www.rassegnastampa-totustuus.it\/cattolica\/1-le-origini-dellindifferenza-religiosa\/","og_site_name":"Rassegna Stampa Cattolica","article_publisher":"https:\/\/www.facebook.com\/rassegnastampacattolica","article_published_time":"2005-06-01T16:42:28+00:00","article_modified_time":"2016-02-04T10:36:21+00:00","og_image":[{"width":260,"height":194,"url":"https:\/\/www.rassegnastampa-totustuus.it\/cattolica\/wp-content\/uploads\/2005\/06\/indiff_religiosa.jpg","type":"image\/jpeg"}],"author":"Redazione","twitter_card":"summary_large_image","twitter_creator":"@rassegnastampa9","twitter_site":"@rassegnastampa9","twitter_misc":{"Scritto da":"Redazione","Tempo di lettura stimato":"5 minuti"},"schema":{"@context":"https:\/\/schema.org","@graph":[{"@type":"Article","@id":"https:\/\/www.rassegnastampa-totustuus.it\/cattolica\/1-le-origini-dellindifferenza-religiosa\/#article","isPartOf":{"@id":"https:\/\/www.rassegnastampa-totustuus.it\/cattolica\/1-le-origini-dellindifferenza-religiosa\/"},"author":{"name":"Redazione","@id":"https:\/\/www.rassegnastampa-totustuus.it\/cattolica\/#\/schema\/person\/08f319d2bd1a0904ad9e2bfb7b15e5c3"},"headline":"1\/ Le origini dell&#8217;indifferenza religiosa","datePublished":"2005-06-01T16:42:28+00:00","dateModified":"2016-02-04T10:36:21+00:00","mainEntityOfPage":{"@id":"https:\/\/www.rassegnastampa-totustuus.it\/cattolica\/1-le-origini-dellindifferenza-religiosa\/"},"wordCount":1041,"publisher":{"@id":"https:\/\/www.rassegnastampa-totustuus.it\/cattolica\/#organization"},"image":{"@id":"https:\/\/www.rassegnastampa-totustuus.it\/cattolica\/1-le-origini-dellindifferenza-religiosa\/#primaryimage"},"thumbnailUrl":"https:\/\/www.rassegnastampa-totustuus.it\/cattolica\/wp-content\/uploads\/2005\/06\/indiff_religiosa.jpg","keywords":["A.Del Noce"],"articleSection":["A.Del Noce - scritti","Laicismo"],"inLanguage":"it-IT"},{"@type":"WebPage","@id":"https:\/\/www.rassegnastampa-totustuus.it\/cattolica\/1-le-origini-dellindifferenza-religiosa\/","url":"https:\/\/www.rassegnastampa-totustuus.it\/cattolica\/1-le-origini-dellindifferenza-religiosa\/","name":"1\/ Le origini dell'indifferenza religiosa - Rassegna Stampa Cattolica","isPartOf":{"@id":"https:\/\/www.rassegnastampa-totustuus.it\/cattolica\/#website"},"primaryImageOfPage":{"@id":"https:\/\/www.rassegnastampa-totustuus.it\/cattolica\/1-le-origini-dellindifferenza-religiosa\/#primaryimage"},"image":{"@id":"https:\/\/www.rassegnastampa-totustuus.it\/cattolica\/1-le-origini-dellindifferenza-religiosa\/#primaryimage"},"thumbnailUrl":"https:\/\/www.rassegnastampa-totustuus.it\/cattolica\/wp-content\/uploads\/2005\/06\/indiff_religiosa.jpg","datePublished":"2005-06-01T16:42:28+00:00","dateModified":"2016-02-04T10:36:21+00:00","description":"Rassegna Stampa Cattolica - Per una cultura che nasce dalla Rivelazione cristiana in conformit\u00e0 alla tradizione e al Magistero della Chiesa in opposizione ad ogni relativismo e totalitarismo","breadcrumb":{"@id":"https:\/\/www.rassegnastampa-totustuus.it\/cattolica\/1-le-origini-dellindifferenza-religiosa\/#breadcrumb"},"inLanguage":"it-IT","potentialAction":[{"@type":"ReadAction","target":["https:\/\/www.rassegnastampa-totustuus.it\/cattolica\/1-le-origini-dellindifferenza-religiosa\/"]}]},{"@type":"ImageObject","inLanguage":"it-IT","@id":"https:\/\/www.rassegnastampa-totustuus.it\/cattolica\/1-le-origini-dellindifferenza-religiosa\/#primaryimage","url":"https:\/\/www.rassegnastampa-totustuus.it\/cattolica\/wp-content\/uploads\/2005\/06\/indiff_religiosa.jpg","contentUrl":"https:\/\/www.rassegnastampa-totustuus.it\/cattolica\/wp-content\/uploads\/2005\/06\/indiff_religiosa.jpg","width":260,"height":194},{"@type":"BreadcrumbList","@id":"https:\/\/www.rassegnastampa-totustuus.it\/cattolica\/1-le-origini-dellindifferenza-religiosa\/#breadcrumb","itemListElement":[{"@type":"ListItem","position":1,"name":"Home","item":"https:\/\/www.rassegnastampa-totustuus.it\/cattolica\/"},{"@type":"ListItem","position":2,"name":"1\/ Le origini dell&#8217;indifferenza religiosa"}]},{"@type":"WebSite","@id":"https:\/\/www.rassegnastampa-totustuus.it\/cattolica\/#website","url":"https:\/\/www.rassegnastampa-totustuus.it\/cattolica\/","name":"Rassegna Stampa Cattolica","description":"Per una cultura che nasce dalla Rivelazione cristiana in conformit\u00e0 alla tradizione e al Magistero della Chiesa in opposizione ad ogni relativismo e totalitarismo","publisher":{"@id":"https:\/\/www.rassegnastampa-totustuus.it\/cattolica\/#organization"},"alternateName":"Rass. Cattolica","potentialAction":[{"@type":"SearchAction","target":{"@type":"EntryPoint","urlTemplate":"https:\/\/www.rassegnastampa-totustuus.it\/cattolica\/?s={search_term_string}"},"query-input":{"@type":"PropertyValueSpecification","valueRequired":true,"valueName":"search_term_string"}}],"inLanguage":"it-IT"},{"@type":"Organization","@id":"https:\/\/www.rassegnastampa-totustuus.it\/cattolica\/#organization","name":"Rassegna Stampa Cattolica","url":"https:\/\/www.rassegnastampa-totustuus.it\/cattolica\/","logo":{"@type":"ImageObject","inLanguage":"it-IT","@id":"https:\/\/www.rassegnastampa-totustuus.it\/cattolica\/#\/schema\/logo\/image\/","url":"https:\/\/www.rassegnastampa-totustuus.it\/cattolica\/wp-content\/uploads\/2014\/04\/logo-rassegna1.gif","contentUrl":"https:\/\/www.rassegnastampa-totustuus.it\/cattolica\/wp-content\/uploads\/2014\/04\/logo-rassegna1.gif","width":600,"height":163,"caption":"Rassegna Stampa Cattolica"},"image":{"@id":"https:\/\/www.rassegnastampa-totustuus.it\/cattolica\/#\/schema\/logo\/image\/"},"sameAs":["https:\/\/www.facebook.com\/rassegnastampacattolica","https:\/\/x.com\/rassegnastampa9"]},{"@type":"Person","@id":"https:\/\/www.rassegnastampa-totustuus.it\/cattolica\/#\/schema\/person\/08f319d2bd1a0904ad9e2bfb7b15e5c3","name":"Redazione","image":{"@type":"ImageObject","inLanguage":"it-IT","@id":"https:\/\/secure.gravatar.com\/avatar\/2fcdf27c78ea025fbdb44e914cc63c72249ffec9dc8aafd5c82b26240ef3f346?s=96&d=mm&r=g","url":"https:\/\/secure.gravatar.com\/avatar\/2fcdf27c78ea025fbdb44e914cc63c72249ffec9dc8aafd5c82b26240ef3f346?s=96&d=mm&r=g","contentUrl":"https:\/\/secure.gravatar.com\/avatar\/2fcdf27c78ea025fbdb44e914cc63c72249ffec9dc8aafd5c82b26240ef3f346?s=96&d=mm&r=g","caption":"Redazione"},"url":"https:\/\/www.rassegnastampa-totustuus.it\/cattolica\/author\/pietroelle\/"}]}},"_links":{"self":[{"href":"https:\/\/www.rassegnastampa-totustuus.it\/cattolica\/wp-json\/wp\/v2\/posts\/664","targetHints":{"allow":["GET"]}}],"collection":[{"href":"https:\/\/www.rassegnastampa-totustuus.it\/cattolica\/wp-json\/wp\/v2\/posts"}],"about":[{"href":"https:\/\/www.rassegnastampa-totustuus.it\/cattolica\/wp-json\/wp\/v2\/types\/post"}],"author":[{"embeddable":true,"href":"https:\/\/www.rassegnastampa-totustuus.it\/cattolica\/wp-json\/wp\/v2\/users\/6"}],"replies":[{"embeddable":true,"href":"https:\/\/www.rassegnastampa-totustuus.it\/cattolica\/wp-json\/wp\/v2\/comments?post=664"}],"version-history":[{"count":5,"href":"https:\/\/www.rassegnastampa-totustuus.it\/cattolica\/wp-json\/wp\/v2\/posts\/664\/revisions"}],"predecessor-version":[{"id":30249,"href":"https:\/\/www.rassegnastampa-totustuus.it\/cattolica\/wp-json\/wp\/v2\/posts\/664\/revisions\/30249"}],"wp:featuredmedia":[{"embeddable":true,"href":"https:\/\/www.rassegnastampa-totustuus.it\/cattolica\/wp-json\/wp\/v2\/media\/30233"}],"wp:attachment":[{"href":"https:\/\/www.rassegnastampa-totustuus.it\/cattolica\/wp-json\/wp\/v2\/media?parent=664"}],"wp:term":[{"taxonomy":"category","embeddable":true,"href":"https:\/\/www.rassegnastampa-totustuus.it\/cattolica\/wp-json\/wp\/v2\/categories?post=664"},{"taxonomy":"post_tag","embeddable":true,"href":"https:\/\/www.rassegnastampa-totustuus.it\/cattolica\/wp-json\/wp\/v2\/tags?post=664"}],"curies":[{"name":"wp","href":"https:\/\/api.w.org\/{rel}","templated":true}]}}