{"id":663,"date":"2005-06-01T18:40:07","date_gmt":"2005-06-01T16:40:07","guid":{"rendered":""},"modified":"2020-09-06T13:11:39","modified_gmt":"2020-09-06T11:11:39","slug":"modernismo-e-rivoluzione","status":"publish","type":"post","link":"https:\/\/www.rassegnastampa-totustuus.it\/cattolica\/modernismo-e-rivoluzione\/","title":{"rendered":"Modernismo e rivoluzione"},"content":{"rendered":"<div>\n<p style=\"text-align: center;\"><a href=\"https:\/\/www.rassegnastampa-totustuus.it\/cattolica\/wp-content\/uploads\/2005\/06\/Pio-XII.jpg\"><img loading=\"lazy\" decoding=\"async\" class=\"alignleft wp-image-29581\" src=\"https:\/\/www.rassegnastampa-totustuus.it\/cattolica\/wp-content\/uploads\/2005\/06\/Pio-XII.jpg\" alt=\"Pio XII\" width=\"233\" height=\"192\" \/><\/a>articolo pubblicato su <strong>Il Tempo<\/strong> del 8 ottobre 1978<\/p>\n<p style=\"text-align: center;\">di <strong>Augusto Del Noce<\/strong><\/p>\n<\/div>\n<p style=\"text-align: justify;\">Oggi ricorre il ventesimo anniversario della morte di Pio XII. Per rievocare la figura di questo papa che ha lasciato una grande traccia nella storia della Chiesa pubblichiamo il seguente scritto di Augusto Del Noce che deve apparire in un volume di prossima pubblicazione presso la Pan Editrice, destinato a illustrare attraverso giudizi di personalit\u00e0 della cultura la figura e l\u2019opera di Pio XII.<\/p>\n<p><!--more--><\/p>\n<p style=\"text-align: justify;\">Se si vuole esprimere in una formula sintetica il posto che Pio XII occupa nella storia credo che veramente adeguata sia la seguente: \u00abPio XII ha sentito come nessun altro del suo tempo &#8211; che \u00e8 anche il nostro, perch\u00e9 nulla \u00e8 sostanzialmente mutato dalla sua morte a oggi, tranne che sono giunti a maturazione dei germi nefasti che gi\u00e0 allora erano presenti &#8211; il dramma dell\u2019immanentismo etico quale mentalit\u00e0 comune a tutte le parti in lotta\u00bb. Che cosa intendo con questo termine &#8220;immanentismo etico&#8221;?<\/p>\n<p style=\"text-align: justify;\"><a href=\"https:\/\/www.rassegnastampa-totustuus.it\/cattolica\/wp-content\/uploads\/2009\/03\/Pio-XII.jpg\"><img loading=\"lazy\" decoding=\"async\" class=\"size-full wp-image-34932 alignright\" src=\"https:\/\/www.rassegnastampa-totustuus.it\/cattolica\/wp-content\/uploads\/2009\/03\/Pio-XII.jpg\" alt=\"\" width=\"260\" height=\"194\" \/><\/a>La concezione secondo <em>cui non si \u00e8 responsabili <\/em>(nessuno di noi potrebbe agire altrimenti da come agisce), ma si \u00e8 fatti responsabili <em>da altri<\/em> (la societ\u00e0, la storia) in relazione a <em>un progetto<\/em>: ad esempio, il progetto della rivoluzione mondiale giustifica i gulag. Cessato l\u2019impeto pratico dell\u2019azione, sopravviene poi la storia che, giustificatrice e non giustiziera, riconcilia vincitori e vinti, ma solo apparentemente, tanto che &#8220;spiega&#8221; perch\u00e9 i vincitori dovevano vincere , aggiungendo alla loro vittoria l\u2019assoluzione di fronte alla moralit\u00e0.<\/p>\n<p style=\"text-align: justify;\"><strong>Solitudine e coraggio<\/strong><\/p>\n<p style=\"text-align: justify;\">E\u2019 il tratto comune questo delle filosofie secolari, si chiamino positivismo, idealismo, o storicismo: la formula illustre che le unisce \u00e8 l\u2019identificazione di libert\u00e0 e di necessit\u00e0. L\u2019abolizione dell\u2019idea di responsabilit\u00e0 pende due forme, l\u2019umanitaria e la giustificatrice della violenza. Solo apparentemente opposte, perch\u00e9 l\u2019umanitario, dicendo che comprendere \u00e8 giustificare, finisce col giustificare gli stessi atti violenti; almeno quelli che sono stati accompagnati dal successo o che, come oggi si suol dire, vanno \u00abnel senso del progresso\u00bb. Nel nostro secolo, quella che era una concezione filosofica \u00e8 progressivamente diventata &#8220;senso comune&#8221;. Un solo in arrestato progresso si pu\u00f2 constatare nei suoi decenni, quello dell\u2019abolizione dell\u2019etica.<\/p>\n<p style=\"text-align: justify;\"><a href=\"https:\/\/www.rassegnastampa-totustuus.it\/cattolica\/wp-content\/uploads\/2006\/07\/Pio-XII_nunzio.jpg\"><img loading=\"lazy\" decoding=\"async\" class=\"size-full wp-image-28367 alignleft\" src=\"https:\/\/www.rassegnastampa-totustuus.it\/cattolica\/wp-content\/uploads\/2006\/07\/Pio-XII_nunzio.jpg\" alt=\"\" width=\"259\" height=\"194\" \/><\/a>Ora, \u00e8 in relazione a questa diffusa mentalit\u00e0 che si deve spiegare l\u2019atteggiamento di Pio XII durante la seconda guerra mondiale, in cui lott\u00f2 per la pace senza aderire a una &#8220;crociata&#8221; n\u00e9 per l\u2019una n\u00e9 per l\u2019altra parte. Egli aveva una visione della storia contemporanea che era al di l\u00e0 dell\u2019opposizione fascismo-anifascismo, e sapeva che tutte le parti erano state contagiate dall\u2019ateismo.<\/p>\n<p style=\"text-align: justify;\">Si deve parlare di Pio XII come del papa tragico, che si trov\u00f2 solo nella lotta contro tutte le potenze mondane. Ma neppure questa solitudine si deve esagerare; chi \u00e8 avanti negli anni ricorda come nei tempi della guerra tute le coscienze nobili, cattoliche o laiche che fossero, guardassero a lui come alla non spenta luce della civilt\u00e0; la leggenda avversa si form\u00f2 o fu diffusa ad arte, molti anni dopo.<\/p>\n<p style=\"text-align: justify;\">Papa antimoderno? Certamente, nel senso che sentiva che l\u2019umanit\u00e0 era giunta ad una svolta storica in cui si manifestava tutto il male che si era accumulato in questi ultimi secoli. Da una parte erano coloro che negavano apertamene Dio; dall\u2019altra coloro che si servivano della religione per fini temporali. Pio XII si accorse che la guerra non risolveva nulla, come effettivamente \u00e8 stato; di qui la sua instancabile lotta per la pace; di qui la protezione data a tutti i perseguitati, di qualsiasi parte.<\/p>\n<p style=\"text-align: justify;\"><strong>Nelle grandi tempeste<\/strong><\/p>\n<p style=\"text-align: justify;\"><a href=\"https:\/\/www.rassegnastampa-totustuus.it\/cattolica\/wp-content\/uploads\/2015\/11\/Pio-XII.jpg\"><img loading=\"lazy\" decoding=\"async\" class=\"size-full wp-image-27412 alignright\" src=\"https:\/\/www.rassegnastampa-totustuus.it\/cattolica\/wp-content\/uploads\/2015\/11\/Pio-XII.jpg\" alt=\"\" width=\"187\" height=\"269\" \/><\/a>Del resto, anche su questa antimodernit\u00e0 ci si deve intendere. Il termine &#8220;modernit\u00e0&#8221; nell\u2019uso corrente evoca uno schema di periodizzamento che risale alle filosofie razionalistiche della storia; l\u2019epoca moderna \u00e8 quella che ha rinunciato ai miti trascendenti e il cui progresso \u00e8 caratterizzato dall\u2019avanzata in quest\u2019opera di demolizione. Secondo la tradizione assolutamente prevalente nel mondo cattolico, Pio XII pens\u00f2 che questo processo fosse diretto verso la catastrofe e che vivessimo questa catastrofe nelle grandi tempeste del nostro secolo.<\/p>\n<p style=\"text-align: justify;\">Con ci\u00f2 riconfermava la decisa opposizione a quel modernismo cattolico che pensa invece che la religione deve venire adeguata all\u2019opera di demitizzazione, modernismo che riaffiorava nell\u2019immediato dopoguerra, confondendosi con quel progressismo cattolico che invece accetta o l\u2019interpretazione comunista o l\u2019interpretazione azionista della storia contemporanea e vuole modificare il cristianesimo proprio in relazione a questa visione storica decisamente acritica e mutuata dagli avversari; e che dopo la sua morte, da ruscello diventa fiume, secondo la celebre espressione di Maritain.<\/p>\n<p style=\"text-align: justify;\"><a href=\"https:\/\/www.rassegnastampa-totustuus.it\/cattolica\/wp-content\/uploads\/2009\/03\/Vicario_Pio_XII_locandina.png\"><img loading=\"lazy\" decoding=\"async\" class=\" wp-image-46615 alignleft\" src=\"https:\/\/www.rassegnastampa-totustuus.it\/cattolica\/wp-content\/uploads\/2009\/03\/Vicario_Pio_XII_locandina.png\" alt=\"\" width=\"173\" height=\"244\" \/><\/a>Si sa quanto siano forti gli odi teologici, e non c\u2019\u00e8 da stupirsi se la leggenda del &#8220;Vicario&#8221; abbia trovato i suoi inizi proprio negli ambienti modernistici e progressistici, e ne sia stata successivamente alimentata. Mi capit\u00f2 di leggere in un libro di un &#8220;nuovo&#8221; cattolico che Pio XII deve essere considerato il Giuliano l\u2019Apostata del cattolicesimo arcaico. Ne \u00e8 da tacere quanta parte abbia avuto, per questa leggenda, il risentimento per la santificazione di Pio X.<\/p>\n<p style=\"text-align: justify;\">Oggi, per\u00f2, ci troviamo nelle migliori condizioni per comprendere la sua grandezza. Nell\u2019opera di Solzenycin si pu\u00f2 vedere la riconferma della sua visione della storia contemporanea. Ma, anche a parte Solzenycin, non \u00e8 ora corrente il giudizio che Hitler abbia moralmente vinto la guerra? Che cos\u2019altro sui vuol dire, in questa frase, se non che la mentalit\u00e0 disumana di cui Hitler fu allora portatore \u00e8 diventata oggi mentalit\u00e0 comune?<\/p>\n<p style=\"text-align: justify;\">Gli assertori del profascismo di Pio XII sogliono portare l\u2019argomento della scomunica contro il comunismo. Scomunic\u00f2 il comunismo e non scomunic\u00f2 il nazismo, dunque\u2026 Si dimentica che la scomunica del comunismo avvenne alla data del 1 luglio 1949, quattro anni dopo la fine del nazismo. Non credo i possa fargli colpa d\u2019aver preso sul serio le affermazioni costanti dei teorici del comunismo, anche dei meno staliniani come Gramsci, anche delle vittime dei processi staliniani come Bucharin, anche di coloro che successivamente furono esuli d\u2019oltrecortina, come Bloch.<\/p>\n<p style=\"text-align: justify;\"><a href=\"https:\/\/www.rassegnastampa-totustuus.it\/cattolica\/wp-content\/uploads\/2019\/09\/comunismo_nazismo.jpeg\"><img loading=\"lazy\" decoding=\"async\" class=\"size-medium wp-image-44448 alignright\" src=\"https:\/\/www.rassegnastampa-totustuus.it\/cattolica\/wp-content\/uploads\/2019\/09\/comunismo_nazismo-300x169.jpeg\" alt=\"\" width=\"300\" height=\"169\" srcset=\"https:\/\/www.rassegnastampa-totustuus.it\/cattolica\/wp-content\/uploads\/2019\/09\/comunismo_nazismo-300x169.jpeg 300w, https:\/\/www.rassegnastampa-totustuus.it\/cattolica\/wp-content\/uploads\/2019\/09\/comunismo_nazismo-768x432.jpeg 768w, https:\/\/www.rassegnastampa-totustuus.it\/cattolica\/wp-content\/uploads\/2019\/09\/comunismo_nazismo-1024x576.jpeg 1024w, https:\/\/www.rassegnastampa-totustuus.it\/cattolica\/wp-content\/uploads\/2019\/09\/comunismo_nazismo.jpeg 1280w\" sizes=\"auto, (max-width: 300px) 100vw, 300px\" \/><\/a>Su che cos\u2019altro sono infatti costruiti i <em>Quaderni<\/em> gramsciani, se non sulla tesi che il comunismo, \u00abpolitica che \u00e8 anche una filosofia\u00bb, porta al popolo una concezione della vita da cui \u00e8 completamente espunto ogni richiamo ad una realt\u00e0 trascendente? Una concezione in cui non c\u2019\u00e8 pi\u00f9 posto n\u00e9 per il problema dell\u2019esistenza di Dio, n\u00e9 per il suo desiderio?<\/p>\n<p style=\"text-align: justify;\">E la porta attraverso una pedagogia particolare che non mette l\u2019ateismo in primo piano non per un infingimento tattico, ma perch\u00e9 il processo di conversione al marxismo va dalla pratica alla teoria? Forse che avrebbe dovuto guardare invece, anzich\u00e9 a questi teorici rigorosi, alle fantasticherie di alcuni cattolici sul &#8220;marxismo aperto&#8221;, o sul &#8220;Vangelo prigioniero&#8221; sino al marxismo liberatore?<\/p>\n<p style=\"text-align: justify;\">Direi che la scomunica fu il riconoscimento del diritto al comunismo, in quanto teoria, a essere preso sul serio; e che soprattutto fu il doveroso avvertimento ai semplici sul vero significato del loro voto. So bene che dopo la sua morte prevalse nel mondo cattolico una sorta di mitologia; bisogna guardare agli uomini vivi, e non all\u2019astrazione delle teorie.<\/p>\n<p style=\"text-align: justify;\"><a href=\"https:\/\/www.rassegnastampa-totustuus.it\/cattolica\/wp-content\/uploads\/2005\/07\/scomunica_comunisti.jpg\"><img loading=\"lazy\" decoding=\"async\" class=\"size-full wp-image-33768 alignleft\" src=\"https:\/\/www.rassegnastampa-totustuus.it\/cattolica\/wp-content\/uploads\/2005\/07\/scomunica_comunisti.jpg\" alt=\"\" width=\"187\" height=\"269\" \/><\/a>Preoccupazione che pu\u00f2 essere stata ispirata, a volte, da nobilissime ragioni di carit\u00e0, altre volte da motivazioni meno nobili. Quanto a me, penso che, almeno nella storia contemporanea, le idee contino assai pi\u00f9 che gli uomini; che se si vuol promuovere una evoluzione nel comunismo, non si possa ottenerla in altro modo che attraverso una resistenza che mostri l\u2019impossibilit\u00e0 del successo di una sua rivoluzione o di un suo impero mondiale, che lo confuti cio\u00e8 in quell\u2019unit\u00e0 di teoria e di pratica che \u00e8 la sua tesi dominante. Sono pensieri che da quel che \u00e8 avvenuto negli ultimi vent\u2019anno hanno ottenuto una tale dimostrazione, che, per chi vuol vedere, dispensa da ogni altra argomentazione diventata superflua.<\/p>\n<p style=\"text-align: justify;\"><strong>Un preciso parallelo<\/strong><\/p>\n<p style=\"text-align: justify;\">Non mi pare che sia stato mai osservato come l\u2019aspetto tragico del pensiero di Pio XII trovi un preciso parallelo in alcune pagine del migliore Croce; in quelle in cui il suo pensiero \u00e8 pi\u00f9 libero dall\u2019aspetto sistematico, che ora \u00e8 difficilmente difendibile, e improntato a una nota pessimistica, di un pessimismo separato dal decadentismo e perci\u00f2 effettivamente religioso, quale \u00e8 difficile trovare nel nostro secolo.<\/p>\n<p style=\"text-align: justify;\"><a href=\"https:\/\/www.rassegnastampa-totustuus.it\/cattolica\/wp-content\/uploads\/2019\/08\/modernismo.jpg\"><img loading=\"lazy\" decoding=\"async\" class=\" wp-image-44189 alignright\" src=\"https:\/\/www.rassegnastampa-totustuus.it\/cattolica\/wp-content\/uploads\/2019\/08\/modernismo-277x300.jpg\" alt=\"\" width=\"200\" height=\"215\" \/><\/a>Si pensi agli stupendi saggi del \u201946, <em>La fine della Civilt\u00e0 e l\u2019Anticristo che \u00e8 in noi.<\/em> Il secondo, in cui il riferimento ha una precisa dottrina filosofica \u00e8 assai tenue, potrebbe essere assunto come simbolico del comune giudizio del papa e del filosofo intorno al male del secolo; e non \u00e8 un caso che entrambi vedessero l\u2019unica possibilit\u00e0 per la salvezza della civilt\u00e0 i un &#8220;risveglio cristiano&#8221;.<\/p>\n<p style=\"text-align: justify;\">E\u2019 qui, semmai, che si deve passare alla considerazione del limite dell\u2019opera di Pio XII. Per qualche anno, almeno, Pio XII si illuse che l\u2019Occidente prefer\u00ec adeguarsi al suo etimo di &#8220;terra del tramonto&#8221;. Durante questo periodo si accumul\u00f2 l\u2019ampia letteratura contro l\u2019opera di Pio XII. Se l\u2019Occidente cambier\u00e0 rotta, avremo anche la sua riscoperta.<\/p>\n","protected":false},"excerpt":{"rendered":"<p>articolo pubblicato su Il Tempo del 8 ottobre 1978 di Augusto Del Noce Oggi ricorre il ventesimo anniversario della morte di Pio XII. Per rievocare la figura di questo papa che ha lasciato una grande traccia nella storia della Chiesa pubblichiamo il seguente scritto di Augusto Del Noce che deve apparire in un volume di &hellip; <\/p>\n<p><a class=\"more-link btn\" href=\"https:\/\/www.rassegnastampa-totustuus.it\/cattolica\/modernismo-e-rivoluzione\/\">Continua a leggere<\/a><\/p>\n","protected":false},"author":6,"featured_media":29581,"comment_status":"closed","ping_status":"open","sticky":false,"template":"","format":"standard","meta":{"footnotes":""},"categories":[66,54],"tags":[481,386],"class_list":["post-663","post","type-post","status-publish","format-standard","has-post-thumbnail","hentry","category-adel-noce-scritti","category-rivoluzione-e-controrivoluzione","tag-a-del-noce","tag-rivoluzione","item-wrap"],"yoast_head":"<!-- This site is optimized with the Yoast SEO plugin v27.4 - https:\/\/yoast.com\/product\/yoast-seo-wordpress\/ -->\n<title>Modernismo e rivoluzione - Rassegna Stampa Cattolica<\/title>\n<meta name=\"description\" content=\"Rassegna Stampa Cattolica - Per una cultura che nasce dalla Rivelazione cristiana in conformit\u00e0 alla tradizione e al Magistero della Chiesa in opposizione ad ogni relativismo e totalitarismo\" \/>\n<meta name=\"robots\" content=\"index, follow, max-snippet:-1, max-image-preview:large, max-video-preview:-1\" \/>\n<link rel=\"canonical\" href=\"https:\/\/www.rassegnastampa-totustuus.it\/cattolica\/modernismo-e-rivoluzione\/\" \/>\n<meta property=\"og:locale\" content=\"it_IT\" \/>\n<meta property=\"og:type\" content=\"article\" \/>\n<meta property=\"og:title\" content=\"Modernismo e rivoluzione - Rassegna Stampa Cattolica\" \/>\n<meta property=\"og:description\" content=\"Rassegna Stampa Cattolica - Per una cultura che nasce dalla Rivelazione cristiana in conformit\u00e0 alla tradizione e al Magistero della Chiesa in opposizione ad ogni relativismo e totalitarismo\" \/>\n<meta property=\"og:url\" content=\"https:\/\/www.rassegnastampa-totustuus.it\/cattolica\/modernismo-e-rivoluzione\/\" \/>\n<meta property=\"og:site_name\" content=\"Rassegna Stampa Cattolica\" \/>\n<meta property=\"article:publisher\" content=\"https:\/\/www.facebook.com\/rassegnastampacattolica\" \/>\n<meta property=\"article:published_time\" content=\"2005-06-01T16:40:07+00:00\" \/>\n<meta property=\"article:modified_time\" content=\"2020-09-06T11:11:39+00:00\" \/>\n<meta property=\"og:image\" content=\"https:\/\/www.rassegnastampa-totustuus.it\/cattolica\/wp-content\/uploads\/2005\/06\/Pio-XII.jpg\" \/>\n\t<meta property=\"og:image:width\" content=\"247\" \/>\n\t<meta property=\"og:image:height\" content=\"204\" \/>\n\t<meta property=\"og:image:type\" content=\"image\/jpeg\" \/>\n<meta name=\"author\" content=\"Redazione\" \/>\n<meta name=\"twitter:card\" content=\"summary_large_image\" \/>\n<meta name=\"twitter:creator\" content=\"@rassegnastampa9\" \/>\n<meta name=\"twitter:site\" content=\"@rassegnastampa9\" \/>\n<meta name=\"twitter:label1\" content=\"Scritto da\" \/>\n\t<meta name=\"twitter:data1\" content=\"Redazione\" \/>\n\t<meta name=\"twitter:label2\" content=\"Tempo di lettura stimato\" \/>\n\t<meta name=\"twitter:data2\" content=\"7 minuti\" \/>\n<script type=\"application\/ld+json\" class=\"yoast-schema-graph\">{\"@context\":\"https:\\\/\\\/schema.org\",\"@graph\":[{\"@type\":\"Article\",\"@id\":\"https:\\\/\\\/www.rassegnastampa-totustuus.it\\\/cattolica\\\/modernismo-e-rivoluzione\\\/#article\",\"isPartOf\":{\"@id\":\"https:\\\/\\\/www.rassegnastampa-totustuus.it\\\/cattolica\\\/modernismo-e-rivoluzione\\\/\"},\"author\":{\"name\":\"Redazione\",\"@id\":\"https:\\\/\\\/www.rassegnastampa-totustuus.it\\\/cattolica\\\/#\\\/schema\\\/person\\\/08f319d2bd1a0904ad9e2bfb7b15e5c3\"},\"headline\":\"Modernismo e rivoluzione\",\"datePublished\":\"2005-06-01T16:40:07+00:00\",\"dateModified\":\"2020-09-06T11:11:39+00:00\",\"mainEntityOfPage\":{\"@id\":\"https:\\\/\\\/www.rassegnastampa-totustuus.it\\\/cattolica\\\/modernismo-e-rivoluzione\\\/\"},\"wordCount\":1467,\"publisher\":{\"@id\":\"https:\\\/\\\/www.rassegnastampa-totustuus.it\\\/cattolica\\\/#organization\"},\"image\":{\"@id\":\"https:\\\/\\\/www.rassegnastampa-totustuus.it\\\/cattolica\\\/modernismo-e-rivoluzione\\\/#primaryimage\"},\"thumbnailUrl\":\"https:\\\/\\\/www.rassegnastampa-totustuus.it\\\/cattolica\\\/wp-content\\\/uploads\\\/2005\\\/06\\\/Pio-XII.jpg\",\"keywords\":[\"A.Del Noce\",\"Rivoluzione\"],\"articleSection\":[\"A.Del Noce - scritti\",\"Rivoluzione e controrivoluzione\"],\"inLanguage\":\"it-IT\"},{\"@type\":\"WebPage\",\"@id\":\"https:\\\/\\\/www.rassegnastampa-totustuus.it\\\/cattolica\\\/modernismo-e-rivoluzione\\\/\",\"url\":\"https:\\\/\\\/www.rassegnastampa-totustuus.it\\\/cattolica\\\/modernismo-e-rivoluzione\\\/\",\"name\":\"Modernismo e rivoluzione - Rassegna Stampa Cattolica\",\"isPartOf\":{\"@id\":\"https:\\\/\\\/www.rassegnastampa-totustuus.it\\\/cattolica\\\/#website\"},\"primaryImageOfPage\":{\"@id\":\"https:\\\/\\\/www.rassegnastampa-totustuus.it\\\/cattolica\\\/modernismo-e-rivoluzione\\\/#primaryimage\"},\"image\":{\"@id\":\"https:\\\/\\\/www.rassegnastampa-totustuus.it\\\/cattolica\\\/modernismo-e-rivoluzione\\\/#primaryimage\"},\"thumbnailUrl\":\"https:\\\/\\\/www.rassegnastampa-totustuus.it\\\/cattolica\\\/wp-content\\\/uploads\\\/2005\\\/06\\\/Pio-XII.jpg\",\"datePublished\":\"2005-06-01T16:40:07+00:00\",\"dateModified\":\"2020-09-06T11:11:39+00:00\",\"description\":\"Rassegna Stampa Cattolica - Per una cultura che nasce dalla Rivelazione cristiana in conformit\u00e0 alla tradizione e al Magistero della Chiesa in opposizione ad ogni relativismo e totalitarismo\",\"breadcrumb\":{\"@id\":\"https:\\\/\\\/www.rassegnastampa-totustuus.it\\\/cattolica\\\/modernismo-e-rivoluzione\\\/#breadcrumb\"},\"inLanguage\":\"it-IT\",\"potentialAction\":[{\"@type\":\"ReadAction\",\"target\":[\"https:\\\/\\\/www.rassegnastampa-totustuus.it\\\/cattolica\\\/modernismo-e-rivoluzione\\\/\"]}]},{\"@type\":\"ImageObject\",\"inLanguage\":\"it-IT\",\"@id\":\"https:\\\/\\\/www.rassegnastampa-totustuus.it\\\/cattolica\\\/modernismo-e-rivoluzione\\\/#primaryimage\",\"url\":\"https:\\\/\\\/www.rassegnastampa-totustuus.it\\\/cattolica\\\/wp-content\\\/uploads\\\/2005\\\/06\\\/Pio-XII.jpg\",\"contentUrl\":\"https:\\\/\\\/www.rassegnastampa-totustuus.it\\\/cattolica\\\/wp-content\\\/uploads\\\/2005\\\/06\\\/Pio-XII.jpg\",\"width\":247,\"height\":204},{\"@type\":\"BreadcrumbList\",\"@id\":\"https:\\\/\\\/www.rassegnastampa-totustuus.it\\\/cattolica\\\/modernismo-e-rivoluzione\\\/#breadcrumb\",\"itemListElement\":[{\"@type\":\"ListItem\",\"position\":1,\"name\":\"Home\",\"item\":\"https:\\\/\\\/www.rassegnastampa-totustuus.it\\\/cattolica\\\/\"},{\"@type\":\"ListItem\",\"position\":2,\"name\":\"Modernismo e rivoluzione\"}]},{\"@type\":\"WebSite\",\"@id\":\"https:\\\/\\\/www.rassegnastampa-totustuus.it\\\/cattolica\\\/#website\",\"url\":\"https:\\\/\\\/www.rassegnastampa-totustuus.it\\\/cattolica\\\/\",\"name\":\"Rassegna Stampa Cattolica\",\"description\":\"Per una cultura che nasce dalla Rivelazione cristiana in conformit\u00e0 alla tradizione e al Magistero della Chiesa in opposizione ad ogni relativismo e totalitarismo\",\"publisher\":{\"@id\":\"https:\\\/\\\/www.rassegnastampa-totustuus.it\\\/cattolica\\\/#organization\"},\"alternateName\":\"Rass. Cattolica\",\"potentialAction\":[{\"@type\":\"SearchAction\",\"target\":{\"@type\":\"EntryPoint\",\"urlTemplate\":\"https:\\\/\\\/www.rassegnastampa-totustuus.it\\\/cattolica\\\/?s={search_term_string}\"},\"query-input\":{\"@type\":\"PropertyValueSpecification\",\"valueRequired\":true,\"valueName\":\"search_term_string\"}}],\"inLanguage\":\"it-IT\"},{\"@type\":\"Organization\",\"@id\":\"https:\\\/\\\/www.rassegnastampa-totustuus.it\\\/cattolica\\\/#organization\",\"name\":\"Rassegna Stampa Cattolica\",\"url\":\"https:\\\/\\\/www.rassegnastampa-totustuus.it\\\/cattolica\\\/\",\"logo\":{\"@type\":\"ImageObject\",\"inLanguage\":\"it-IT\",\"@id\":\"https:\\\/\\\/www.rassegnastampa-totustuus.it\\\/cattolica\\\/#\\\/schema\\\/logo\\\/image\\\/\",\"url\":\"https:\\\/\\\/www.rassegnastampa-totustuus.it\\\/cattolica\\\/wp-content\\\/uploads\\\/2014\\\/04\\\/logo-rassegna1.gif\",\"contentUrl\":\"https:\\\/\\\/www.rassegnastampa-totustuus.it\\\/cattolica\\\/wp-content\\\/uploads\\\/2014\\\/04\\\/logo-rassegna1.gif\",\"width\":600,\"height\":163,\"caption\":\"Rassegna Stampa Cattolica\"},\"image\":{\"@id\":\"https:\\\/\\\/www.rassegnastampa-totustuus.it\\\/cattolica\\\/#\\\/schema\\\/logo\\\/image\\\/\"},\"sameAs\":[\"https:\\\/\\\/www.facebook.com\\\/rassegnastampacattolica\",\"https:\\\/\\\/x.com\\\/rassegnastampa9\"]},{\"@type\":\"Person\",\"@id\":\"https:\\\/\\\/www.rassegnastampa-totustuus.it\\\/cattolica\\\/#\\\/schema\\\/person\\\/08f319d2bd1a0904ad9e2bfb7b15e5c3\",\"name\":\"Redazione\",\"image\":{\"@type\":\"ImageObject\",\"inLanguage\":\"it-IT\",\"@id\":\"https:\\\/\\\/secure.gravatar.com\\\/avatar\\\/2fcdf27c78ea025fbdb44e914cc63c72249ffec9dc8aafd5c82b26240ef3f346?s=96&d=mm&r=g\",\"url\":\"https:\\\/\\\/secure.gravatar.com\\\/avatar\\\/2fcdf27c78ea025fbdb44e914cc63c72249ffec9dc8aafd5c82b26240ef3f346?s=96&d=mm&r=g\",\"contentUrl\":\"https:\\\/\\\/secure.gravatar.com\\\/avatar\\\/2fcdf27c78ea025fbdb44e914cc63c72249ffec9dc8aafd5c82b26240ef3f346?s=96&d=mm&r=g\",\"caption\":\"Redazione\"},\"url\":\"https:\\\/\\\/www.rassegnastampa-totustuus.it\\\/cattolica\\\/author\\\/pietroelle\\\/\"}]}<\/script>\n<!-- \/ Yoast SEO plugin. -->","yoast_head_json":{"title":"Modernismo e rivoluzione - Rassegna Stampa Cattolica","description":"Rassegna Stampa Cattolica - Per una cultura che nasce dalla Rivelazione cristiana in conformit\u00e0 alla tradizione e al Magistero della Chiesa in opposizione ad ogni relativismo e totalitarismo","robots":{"index":"index","follow":"follow","max-snippet":"max-snippet:-1","max-image-preview":"max-image-preview:large","max-video-preview":"max-video-preview:-1"},"canonical":"https:\/\/www.rassegnastampa-totustuus.it\/cattolica\/modernismo-e-rivoluzione\/","og_locale":"it_IT","og_type":"article","og_title":"Modernismo e rivoluzione - Rassegna Stampa Cattolica","og_description":"Rassegna Stampa Cattolica - Per una cultura che nasce dalla Rivelazione cristiana in conformit\u00e0 alla tradizione e al Magistero della Chiesa in opposizione ad ogni relativismo e totalitarismo","og_url":"https:\/\/www.rassegnastampa-totustuus.it\/cattolica\/modernismo-e-rivoluzione\/","og_site_name":"Rassegna Stampa Cattolica","article_publisher":"https:\/\/www.facebook.com\/rassegnastampacattolica","article_published_time":"2005-06-01T16:40:07+00:00","article_modified_time":"2020-09-06T11:11:39+00:00","og_image":[{"width":247,"height":204,"url":"https:\/\/www.rassegnastampa-totustuus.it\/cattolica\/wp-content\/uploads\/2005\/06\/Pio-XII.jpg","type":"image\/jpeg"}],"author":"Redazione","twitter_card":"summary_large_image","twitter_creator":"@rassegnastampa9","twitter_site":"@rassegnastampa9","twitter_misc":{"Scritto da":"Redazione","Tempo di lettura stimato":"7 minuti"},"schema":{"@context":"https:\/\/schema.org","@graph":[{"@type":"Article","@id":"https:\/\/www.rassegnastampa-totustuus.it\/cattolica\/modernismo-e-rivoluzione\/#article","isPartOf":{"@id":"https:\/\/www.rassegnastampa-totustuus.it\/cattolica\/modernismo-e-rivoluzione\/"},"author":{"name":"Redazione","@id":"https:\/\/www.rassegnastampa-totustuus.it\/cattolica\/#\/schema\/person\/08f319d2bd1a0904ad9e2bfb7b15e5c3"},"headline":"Modernismo e rivoluzione","datePublished":"2005-06-01T16:40:07+00:00","dateModified":"2020-09-06T11:11:39+00:00","mainEntityOfPage":{"@id":"https:\/\/www.rassegnastampa-totustuus.it\/cattolica\/modernismo-e-rivoluzione\/"},"wordCount":1467,"publisher":{"@id":"https:\/\/www.rassegnastampa-totustuus.it\/cattolica\/#organization"},"image":{"@id":"https:\/\/www.rassegnastampa-totustuus.it\/cattolica\/modernismo-e-rivoluzione\/#primaryimage"},"thumbnailUrl":"https:\/\/www.rassegnastampa-totustuus.it\/cattolica\/wp-content\/uploads\/2005\/06\/Pio-XII.jpg","keywords":["A.Del Noce","Rivoluzione"],"articleSection":["A.Del Noce - scritti","Rivoluzione e controrivoluzione"],"inLanguage":"it-IT"},{"@type":"WebPage","@id":"https:\/\/www.rassegnastampa-totustuus.it\/cattolica\/modernismo-e-rivoluzione\/","url":"https:\/\/www.rassegnastampa-totustuus.it\/cattolica\/modernismo-e-rivoluzione\/","name":"Modernismo e rivoluzione - Rassegna Stampa Cattolica","isPartOf":{"@id":"https:\/\/www.rassegnastampa-totustuus.it\/cattolica\/#website"},"primaryImageOfPage":{"@id":"https:\/\/www.rassegnastampa-totustuus.it\/cattolica\/modernismo-e-rivoluzione\/#primaryimage"},"image":{"@id":"https:\/\/www.rassegnastampa-totustuus.it\/cattolica\/modernismo-e-rivoluzione\/#primaryimage"},"thumbnailUrl":"https:\/\/www.rassegnastampa-totustuus.it\/cattolica\/wp-content\/uploads\/2005\/06\/Pio-XII.jpg","datePublished":"2005-06-01T16:40:07+00:00","dateModified":"2020-09-06T11:11:39+00:00","description":"Rassegna Stampa Cattolica - Per una cultura che nasce dalla Rivelazione cristiana in conformit\u00e0 alla tradizione e al Magistero della Chiesa in opposizione ad ogni relativismo e totalitarismo","breadcrumb":{"@id":"https:\/\/www.rassegnastampa-totustuus.it\/cattolica\/modernismo-e-rivoluzione\/#breadcrumb"},"inLanguage":"it-IT","potentialAction":[{"@type":"ReadAction","target":["https:\/\/www.rassegnastampa-totustuus.it\/cattolica\/modernismo-e-rivoluzione\/"]}]},{"@type":"ImageObject","inLanguage":"it-IT","@id":"https:\/\/www.rassegnastampa-totustuus.it\/cattolica\/modernismo-e-rivoluzione\/#primaryimage","url":"https:\/\/www.rassegnastampa-totustuus.it\/cattolica\/wp-content\/uploads\/2005\/06\/Pio-XII.jpg","contentUrl":"https:\/\/www.rassegnastampa-totustuus.it\/cattolica\/wp-content\/uploads\/2005\/06\/Pio-XII.jpg","width":247,"height":204},{"@type":"BreadcrumbList","@id":"https:\/\/www.rassegnastampa-totustuus.it\/cattolica\/modernismo-e-rivoluzione\/#breadcrumb","itemListElement":[{"@type":"ListItem","position":1,"name":"Home","item":"https:\/\/www.rassegnastampa-totustuus.it\/cattolica\/"},{"@type":"ListItem","position":2,"name":"Modernismo e rivoluzione"}]},{"@type":"WebSite","@id":"https:\/\/www.rassegnastampa-totustuus.it\/cattolica\/#website","url":"https:\/\/www.rassegnastampa-totustuus.it\/cattolica\/","name":"Rassegna Stampa Cattolica","description":"Per una cultura che nasce dalla Rivelazione cristiana in conformit\u00e0 alla tradizione e al Magistero della Chiesa in opposizione ad ogni relativismo e totalitarismo","publisher":{"@id":"https:\/\/www.rassegnastampa-totustuus.it\/cattolica\/#organization"},"alternateName":"Rass. Cattolica","potentialAction":[{"@type":"SearchAction","target":{"@type":"EntryPoint","urlTemplate":"https:\/\/www.rassegnastampa-totustuus.it\/cattolica\/?s={search_term_string}"},"query-input":{"@type":"PropertyValueSpecification","valueRequired":true,"valueName":"search_term_string"}}],"inLanguage":"it-IT"},{"@type":"Organization","@id":"https:\/\/www.rassegnastampa-totustuus.it\/cattolica\/#organization","name":"Rassegna Stampa Cattolica","url":"https:\/\/www.rassegnastampa-totustuus.it\/cattolica\/","logo":{"@type":"ImageObject","inLanguage":"it-IT","@id":"https:\/\/www.rassegnastampa-totustuus.it\/cattolica\/#\/schema\/logo\/image\/","url":"https:\/\/www.rassegnastampa-totustuus.it\/cattolica\/wp-content\/uploads\/2014\/04\/logo-rassegna1.gif","contentUrl":"https:\/\/www.rassegnastampa-totustuus.it\/cattolica\/wp-content\/uploads\/2014\/04\/logo-rassegna1.gif","width":600,"height":163,"caption":"Rassegna Stampa Cattolica"},"image":{"@id":"https:\/\/www.rassegnastampa-totustuus.it\/cattolica\/#\/schema\/logo\/image\/"},"sameAs":["https:\/\/www.facebook.com\/rassegnastampacattolica","https:\/\/x.com\/rassegnastampa9"]},{"@type":"Person","@id":"https:\/\/www.rassegnastampa-totustuus.it\/cattolica\/#\/schema\/person\/08f319d2bd1a0904ad9e2bfb7b15e5c3","name":"Redazione","image":{"@type":"ImageObject","inLanguage":"it-IT","@id":"https:\/\/secure.gravatar.com\/avatar\/2fcdf27c78ea025fbdb44e914cc63c72249ffec9dc8aafd5c82b26240ef3f346?s=96&d=mm&r=g","url":"https:\/\/secure.gravatar.com\/avatar\/2fcdf27c78ea025fbdb44e914cc63c72249ffec9dc8aafd5c82b26240ef3f346?s=96&d=mm&r=g","contentUrl":"https:\/\/secure.gravatar.com\/avatar\/2fcdf27c78ea025fbdb44e914cc63c72249ffec9dc8aafd5c82b26240ef3f346?s=96&d=mm&r=g","caption":"Redazione"},"url":"https:\/\/www.rassegnastampa-totustuus.it\/cattolica\/author\/pietroelle\/"}]}},"_links":{"self":[{"href":"https:\/\/www.rassegnastampa-totustuus.it\/cattolica\/wp-json\/wp\/v2\/posts\/663","targetHints":{"allow":["GET"]}}],"collection":[{"href":"https:\/\/www.rassegnastampa-totustuus.it\/cattolica\/wp-json\/wp\/v2\/posts"}],"about":[{"href":"https:\/\/www.rassegnastampa-totustuus.it\/cattolica\/wp-json\/wp\/v2\/types\/post"}],"author":[{"embeddable":true,"href":"https:\/\/www.rassegnastampa-totustuus.it\/cattolica\/wp-json\/wp\/v2\/users\/6"}],"replies":[{"embeddable":true,"href":"https:\/\/www.rassegnastampa-totustuus.it\/cattolica\/wp-json\/wp\/v2\/comments?post=663"}],"version-history":[{"count":4,"href":"https:\/\/www.rassegnastampa-totustuus.it\/cattolica\/wp-json\/wp\/v2\/posts\/663\/revisions"}],"predecessor-version":[{"id":48323,"href":"https:\/\/www.rassegnastampa-totustuus.it\/cattolica\/wp-json\/wp\/v2\/posts\/663\/revisions\/48323"}],"wp:featuredmedia":[{"embeddable":true,"href":"https:\/\/www.rassegnastampa-totustuus.it\/cattolica\/wp-json\/wp\/v2\/media\/29581"}],"wp:attachment":[{"href":"https:\/\/www.rassegnastampa-totustuus.it\/cattolica\/wp-json\/wp\/v2\/media?parent=663"}],"wp:term":[{"taxonomy":"category","embeddable":true,"href":"https:\/\/www.rassegnastampa-totustuus.it\/cattolica\/wp-json\/wp\/v2\/categories?post=663"},{"taxonomy":"post_tag","embeddable":true,"href":"https:\/\/www.rassegnastampa-totustuus.it\/cattolica\/wp-json\/wp\/v2\/tags?post=663"}],"curies":[{"name":"wp","href":"https:\/\/api.w.org\/{rel}","templated":true}]}}