{"id":655,"date":"2005-06-01T18:13:07","date_gmt":"2005-06-01T16:13:07","guid":{"rendered":""},"modified":"2016-02-04T11:34:20","modified_gmt":"2016-02-04T10:34:20","slug":"2-lidea-libertina-e-il-potere-tecnologico","status":"publish","type":"post","link":"https:\/\/www.rassegnastampa-totustuus.it\/cattolica\/2-lidea-libertina-e-il-potere-tecnologico\/","title":{"rendered":"2\/ L\u2019idea libertina e il potere tecnologico"},"content":{"rendered":"<div>\n<p style=\"text-align: center;\"><a href=\"https:\/\/www.rassegnastampa-totustuus.it\/cattolica\/wp-content\/uploads\/2005\/06\/indifferenza.jpg\"><img loading=\"lazy\" decoding=\"async\" class=\"alignleft wp-image-30246\" src=\"https:\/\/www.rassegnastampa-totustuus.it\/cattolica\/wp-content\/uploads\/2005\/06\/indifferenza.jpg\" alt=\"indifferenza\" width=\"250\" height=\"168\" \/><\/a>\u00a0articolo pubblicato su <strong>Il Tempo<\/strong><\/p>\n<p style=\"text-align: center;\">26 ottobre 1986<\/p>\n<\/div>\n<p style=\"text-align: center;\"><em>Origini dell\u2019indifferenza morale<\/em><\/p>\n<p style=\"text-align: center;\">di <strong>Augusto del Noce<\/strong><\/p>\n<p><!--more--><\/p>\n<div style=\"text-align: justify;\">Che cosa \u00e8 cambiato nella morale corrente degli ultimi decenni rispetto ad un passato relativamente prossimo cos\u00ec della morale religiosa come di quella laica , che del resto per gran parte delle valutazioni, non variamo molto? Possiamo parlare di una diffusa indifferenza morale strettamente parallela all\u2019indifferenza religiosa, di cui ho parlato <a href=\"https:\/\/www.rassegnastampa-totustuus.it\/cattolica\/?p=664\" target=\"_blank\">nell\u2019articolo del 19 ottobre<\/a>, e originato dalle stesse cause?<\/div>\n<p style=\"text-align: justify;\">Indifferenza che tende a concludere, come qualche autore ha osservato, nella perdita delle stesse nozioni del bene e del male? I pareri sono a questo proposito discordi; e lasciando ora da parte quelli dei professionali demolitori di tab\u00f9, cortigiani e profittatori della realt\u00e0 presente, riferiamoci ad una opinione abbastanza diffusa tra quei cattolici che sono ottimisti rispetto alla &#8220;modernizzazione&#8221; come passaggio a un mondo maturo e maggiorenne.<\/p>\n<p style=\"text-align: justify;\">Ragionano cos\u00ec: la Chiesa preconciliare non si era accorta della crescita dell\u2019uomo; di conseguenza la morale che essa insegnava era repressiva della vitalit\u00e0; in questo dobbiamo trovare i motivi della sua alleanza con i regimi che, in nome dell\u2019autorit\u00e0, &#8220;frenano&#8221;.<\/p>\n<p style=\"text-align: justify;\">Non bisogna quindi meravigliarsi se nel momento del trapasso sui abbia, corrispondentemente ai torti della Chiesa verso l\u2019et\u00e0 moderna, una crisi della sua morale, in cui gli aspetti negativi e positivi si bilanciano. Dove pi\u00f9 si manifestava l\u2019aspetto repressivo della morale cattolica, se non nelle questioni riguardanti il sesso?<\/p>\n<p style=\"text-align: justify;\">E ancora negli anni del primo dopoguerra il tab\u00f9 sessuale vigeva. E\u2019 quindi naturale che l\u2019incrinazione delle dighe si sia avuta soprattutto nel campo della morale sessuale. E, di conseguenza, che all\u2019idea della famiglia, ordinata alla trasmissione dei valori, si sia sostituita quella della vita di coppia, di fatto finalizzata a una completa soddisfazione erotica.<\/p>\n<p style=\"text-align: justify;\"><strong>Giustizia e volont\u00e0 di pace<\/strong><\/p>\n<p style=\"text-align: justify;\">Ma d\u2019altra parte, la sensibilit\u00e0 agli aspetti pi\u00f9 autentici della moralit\u00e0, fatta di slanci piuttosto che di divieti, sarebbe decisamente aumentata; e si enumerano i caratteri presenti nella giovent\u00f9 di oggi in maggior grado che nelle generazioni passate, solidariet\u00e0, generosit\u00e0, giustizia, volont\u00e0 di pace, sensibilit\u00e0 alla fame nel mondo.<\/p>\n<p style=\"text-align: justify;\">Si aggiunge che certi valori minacciati, come quelli della famiglia, saranno recuperati in una visione morale pi\u00f9 aperta. Ovviamente, non posso qui occuparmi del rapporto tra morale e religione; se una morale autonoma dalla religione possa esistere, o se un pur inconsapevole fondamento religioso stia alla base della moralit\u00e0.<\/p>\n<p style=\"text-align: justify;\">Mi limito a porre la questione se tra il disordine morale di oggi e l\u2019indifferenza religiosa di cui ho parlato nel precedente articolo non intercorra uno stretto vincolo; o se, anzi, l\u2019indifferenza religiosa e l\u2019indifferenza morale, nei caratteri che presentano oggi, non facciano tutt\u2019uno; e ritorno qui su quella vittoria-sconfitta del marxismo di cui ho gi\u00e0 parlato. Nell\u2019Ottocento era avvenuta la grande lotta tra Mazzini e Marx: la critica marxiana verteva sull\u2019idealismo etico di Mazzini, da Marx ironicamente chiamato &#8220;Teopompo&#8221;.<\/p>\n<p style=\"text-align: justify;\">Oggi, dalla sensibilit\u00e0 laica sono pressoch\u00e9 scomparsi i termini sul cui fondamento il genovese conduceva la sua polemica contro il renano, e che in passato aveva ispirato tanta parte della giovent\u00f9 italiana: ideale, sacrificio, missione. Vittoria, per\u00f2, di cui il marxismo non ha fruito. Collocandosi nella stessa linea del suo pensiero, dovremmo dire che la sua opera di demistificazione \u00e8 stata la condizione del passaggio da uno stadio a un altro dello spirito borghese: da quello cristiano-borghese (per usare un\u2019espressione di cui ha fatto largo uso Karl L\u00f6with, e che forse trova la sua esemplificazione pi\u00f9 perfetta in Benedetto Croce) che nella sua espressione migliore tendeva alla conciliazione con la tradizione a quella che completamente rompe e che, a mio giudizio, anche collocandosi dal punto di vista marxiano, realizza il momento della sua forma compiuta.<\/p>\n<p style=\"text-align: justify;\">Lo spirito borghese ha insomma compiutamente assorbito il marxismo, volgendolo a suo vantaggio ed eliminando il suo senso profetico, messianico e rivoluzionario. Penso che sia per questa via che si giunga alla migliore definizione della societ\u00e0 consumista.<\/p>\n<p style=\"text-align: justify;\"><strong>Il &#8220;credo&#8221; della nuova giovent\u00f9<\/strong><\/p>\n<p style=\"text-align: justify;\">E\u2019 ben certo che bisogna guardarsi dai giudizi totali e che non deve venir trascurato il fatto che la minoranza religiosa vive oggi pi\u00f9 intensamente che nel passato i dettami della fede; l\u2019indebolimento quantitativo del cattolicesimo \u00e8 per\u00f2 innegabile. Per quel che riguarda la maggioranza che ha subito l\u2019influenza genericamente progressista o che fino a qualche anno fa amava definirsi tale &#8211; e non mi riferisco in modo particolare alla cultura comunista la cui crisi \u00e8 parallela a quella cattolica &#8211; non \u00e8 vero che l\u2019abbandono di un comandamento che il cattolicesimo di Papa Wojtyla continua a ritenere come essenziale alla morale abbia fatto riscontro un affinamento di sensibilit\u00e0 per altri valori pratici.<\/p>\n<p style=\"text-align: justify;\">Prendiamo, ad esempio, quella volont\u00e0 di pace, che sembra il carattere pi\u00f9 incontestabile della nuova giovent\u00f9, e che sarebbe tale da differenziarla dalle generazioni precedenti. Esiste davvero?Quale pu\u00f2 essere infatti la pi\u00f9 semplice definizione della volont\u00e0 di pace? La coincidenza tra la volont\u00e0 di non essere oppressi e quella di non opprimere.<\/p>\n<p style=\"text-align: justify;\">E\u2019 evidente, posto questo, che non \u00e8 davvero segno di spirito di pacalo slogan che circol\u00f2 in Germania qualche anno fa &#8220;meglio rossi che morti&#8221;; per cui la schiavit\u00f9 volontaria sarebbe dunque preferibile alla morte. E evidente \u00e8 altres\u00ec che lo spirito di non-violenza connaturato alla volont\u00e0 di pace non ammette una distinzione tra violenza rivoluzionaria e violenza reazionaria n\u00e9 l\u2019indifferenza verso chi della violenza rivoluzionaria \u00e8 colpito. Si paragoni ora quel che si disse e si scrisse e si fece a proposito del Vietnam, e quel che fu fatto invece per l\u2019Afghanistan.<\/p>\n<p style=\"text-align: justify;\">Il milione e mezzo di morti, i quattro milioni di profughi, i mutilati dalle piccole bombe sovietiche, fanno solo minima notizia. Del Vietnam si \u00e8 cessato di parlare da quando si \u00e8 instaurato uno dei governi pi\u00f9 duri e repressivi, ma nel segno della rivoluzione. La fame nel mondo? Ma quali sono gli aiuti che davvero arrivano a destinazione, quali sono i soccorsi che vengono dati ai missionari da parte di un Occidente che quanto a consumi alimentari non aveva mai raggiunto il livello presente?<\/p>\n<p style=\"text-align: justify;\">Quel che non \u00e8 stato osservato, e invece lo meritava, \u00e8 la regressione che \u00e8 avvenuta nel laicismo di oggi dallo spirito illuministico, allo spirito libertino, pur nella sovrabbondante produzione che si \u00e8 avuta negli ultimi tempi su questa forma di pensiero. se si comparano le valutazioni morali oggi correnti con quelle del libertinismo del Seicento si \u00e8 colpiti da un\u2019analogia che rasenta l\u2019identit\u00e0. In questa regressione si ripercorrono a rovescio i secoli; l\u2019illuminismo e libertinismo sono orientamenti di pensieri differenti perch\u00e9, pur nella comune critica della tradizione, l\u2019illuminismo mirava a mutare il senso razionale del mondo, mentre il libertinismo si trovava a suo agio nel clima della ragion di Stato.<\/p>\n<p style=\"text-align: justify;\">Si suol distinguere un libertinismo erudito da un libertinismo di costumi, anche se se di fatto le due &#8220;liberazioni dai pregiudizi&#8221; tendano a confondersi. tesi prima del libertinismo erudito \u00e8 la teoria &#8220;politica&#8221; della religione, pensata necessaria come freno del popolo ignorante e puntello dell\u2019ordine, e ridotta a questa funzione; del libertinismo di costume l\u2019illimitata libert\u00e0 sessuale.<\/p>\n<p style=\"text-align: justify;\">Ora, la teoria &#8220;politica&#8221; delle religioni, non ha oggi il suo preciso riscontro nella tesi che abbassa le concezioni della vita a ideologie di potere? E non c\u2019\u00e8 certo bisogno di insistere sul libertinismo di costume; piuttosto sull\u2019unit\u00e0 dei due libertinismi in riviste su cui si forma la media cultura borghese italiana, o meglio, la sua cultura generale in un tempo in cui domina necessariamente quello specialismo, dal quale per definizione sono assenti i giudizi valutativi.<\/p>\n<p style=\"text-align: justify;\"><strong>Quando si conclude un ciclo<\/strong><\/p>\n<p style=\"text-align: justify;\">Non voglio con ci\u00f2 mettere da parte una differenza sensibile: l\u2019antico libertinismo aristocratico si serviva della religione come scuola di rassegnazione. I detentori del potere tecnologico ed economico di oggi tendono a sostituire per il dominio del popolo il sistema di valutazioni libertino alla religione.<\/p>\n<p style=\"text-align: justify;\">Si \u00e8 visto nel passato articolo che l\u2019indifferenza religiosa \u00e8 la pienezza dell\u2019ateismo e che oggi essa si sostituisce all\u2019ateismo rivoluzionario; e gi\u00e0 nel pensiero libertino prevaleva questa totale indifferenza. L\u2019irreligione compie un ciclo e ritorna alla posizione originaria. E se pensiamo che questo rinnovato libertinismo \u00e8 nel nostro secolo l\u2019esito conclusivo di un processo che aveva avuto il suo inizio nel progetto di rivoluzione totale, dobbiamo dire che oggi \u00e8 il tempo in cui la rivoluzione ritrova il suo etimo, da <em>revolvere<\/em>, giro di una cosa su se stessa, ritorno al punto originario. E qui il discorso si allungherebbe sul carattere ciclico, non rettilineo, come comunemente si pensa, della modernit\u00e0.<\/p>\n<p style=\"text-align: justify;\">_____________________<\/p>\n<p style=\"text-align: justify;\"><strong>Leggi anche:<\/strong><\/p>\n<p style=\"text-align: justify;\"><a href=\"https:\/\/www.rassegnastampa-totustuus.it\/cattolica\/?p=664\" target=\"_blank\">Le origini dell&#8217;indifferenza religiosa<\/a><\/p>\n","protected":false},"excerpt":{"rendered":"<p>\u00a0articolo pubblicato su Il Tempo 26 ottobre 1986 Origini dell\u2019indifferenza morale di Augusto del Noce<\/p><p><a class=\"more-link btn\" href=\"https:\/\/www.rassegnastampa-totustuus.it\/cattolica\/2-lidea-libertina-e-il-potere-tecnologico\/\">Continua a leggere<\/a><\/p>\n","protected":false},"author":6,"featured_media":30246,"comment_status":"closed","ping_status":"open","sticky":false,"template":"","format":"standard","meta":{"footnotes":""},"categories":[66],"tags":[481],"class_list":["post-655","post","type-post","status-publish","format-standard","has-post-thumbnail","hentry","category-adel-noce-scritti","tag-a-del-noce","item-wrap"],"yoast_head":"<!-- This site is optimized with the Yoast SEO plugin v27.4 - https:\/\/yoast.com\/product\/yoast-seo-wordpress\/ -->\n<title>2\/ L\u2019idea libertina e il potere tecnologico - Rassegna Stampa Cattolica<\/title>\n<meta name=\"description\" content=\"Rassegna Stampa Cattolica - Per una cultura che nasce dalla Rivelazione cristiana in conformit\u00e0 alla tradizione e al Magistero della Chiesa in opposizione ad ogni relativismo e totalitarismo\" \/>\n<meta name=\"robots\" content=\"index, follow, max-snippet:-1, max-image-preview:large, max-video-preview:-1\" \/>\n<link rel=\"canonical\" href=\"https:\/\/www.rassegnastampa-totustuus.it\/cattolica\/2-lidea-libertina-e-il-potere-tecnologico\/\" \/>\n<meta property=\"og:locale\" content=\"it_IT\" \/>\n<meta property=\"og:type\" content=\"article\" \/>\n<meta property=\"og:title\" content=\"2\/ L\u2019idea libertina e il potere tecnologico - Rassegna Stampa Cattolica\" \/>\n<meta property=\"og:description\" content=\"Rassegna Stampa Cattolica - Per una cultura che nasce dalla Rivelazione cristiana in conformit\u00e0 alla tradizione e al Magistero della Chiesa in opposizione ad ogni relativismo e totalitarismo\" \/>\n<meta property=\"og:url\" content=\"https:\/\/www.rassegnastampa-totustuus.it\/cattolica\/2-lidea-libertina-e-il-potere-tecnologico\/\" \/>\n<meta property=\"og:site_name\" content=\"Rassegna Stampa Cattolica\" \/>\n<meta property=\"article:publisher\" content=\"https:\/\/www.facebook.com\/rassegnastampacattolica\" \/>\n<meta property=\"article:published_time\" content=\"2005-06-01T16:13:07+00:00\" \/>\n<meta property=\"article:modified_time\" content=\"2016-02-04T10:34:20+00:00\" \/>\n<meta property=\"og:image\" content=\"https:\/\/www.rassegnastampa-totustuus.it\/cattolica\/wp-content\/uploads\/2005\/06\/indifferenza.jpg\" \/>\n\t<meta property=\"og:image:width\" content=\"274\" \/>\n\t<meta property=\"og:image:height\" content=\"184\" \/>\n\t<meta property=\"og:image:type\" content=\"image\/jpeg\" \/>\n<meta name=\"author\" content=\"Redazione\" \/>\n<meta name=\"twitter:card\" content=\"summary_large_image\" \/>\n<meta name=\"twitter:creator\" content=\"@rassegnastampa9\" \/>\n<meta name=\"twitter:site\" content=\"@rassegnastampa9\" \/>\n<meta name=\"twitter:label1\" content=\"Scritto da\" \/>\n\t<meta name=\"twitter:data1\" content=\"Redazione\" \/>\n\t<meta name=\"twitter:label2\" content=\"Tempo di lettura stimato\" \/>\n\t<meta name=\"twitter:data2\" content=\"7 minuti\" \/>\n<script type=\"application\/ld+json\" class=\"yoast-schema-graph\">{\"@context\":\"https:\\\/\\\/schema.org\",\"@graph\":[{\"@type\":\"Article\",\"@id\":\"https:\\\/\\\/www.rassegnastampa-totustuus.it\\\/cattolica\\\/2-lidea-libertina-e-il-potere-tecnologico\\\/#article\",\"isPartOf\":{\"@id\":\"https:\\\/\\\/www.rassegnastampa-totustuus.it\\\/cattolica\\\/2-lidea-libertina-e-il-potere-tecnologico\\\/\"},\"author\":{\"name\":\"Redazione\",\"@id\":\"https:\\\/\\\/www.rassegnastampa-totustuus.it\\\/cattolica\\\/#\\\/schema\\\/person\\\/08f319d2bd1a0904ad9e2bfb7b15e5c3\"},\"headline\":\"2\\\/ L\u2019idea libertina e il potere tecnologico\",\"datePublished\":\"2005-06-01T16:13:07+00:00\",\"dateModified\":\"2016-02-04T10:34:20+00:00\",\"mainEntityOfPage\":{\"@id\":\"https:\\\/\\\/www.rassegnastampa-totustuus.it\\\/cattolica\\\/2-lidea-libertina-e-il-potere-tecnologico\\\/\"},\"wordCount\":1421,\"publisher\":{\"@id\":\"https:\\\/\\\/www.rassegnastampa-totustuus.it\\\/cattolica\\\/#organization\"},\"image\":{\"@id\":\"https:\\\/\\\/www.rassegnastampa-totustuus.it\\\/cattolica\\\/2-lidea-libertina-e-il-potere-tecnologico\\\/#primaryimage\"},\"thumbnailUrl\":\"https:\\\/\\\/www.rassegnastampa-totustuus.it\\\/cattolica\\\/wp-content\\\/uploads\\\/2005\\\/06\\\/indifferenza.jpg\",\"keywords\":[\"A.Del Noce\"],\"articleSection\":[\"A.Del Noce - scritti\"],\"inLanguage\":\"it-IT\"},{\"@type\":\"WebPage\",\"@id\":\"https:\\\/\\\/www.rassegnastampa-totustuus.it\\\/cattolica\\\/2-lidea-libertina-e-il-potere-tecnologico\\\/\",\"url\":\"https:\\\/\\\/www.rassegnastampa-totustuus.it\\\/cattolica\\\/2-lidea-libertina-e-il-potere-tecnologico\\\/\",\"name\":\"2\\\/ L\u2019idea libertina e il potere tecnologico - Rassegna Stampa Cattolica\",\"isPartOf\":{\"@id\":\"https:\\\/\\\/www.rassegnastampa-totustuus.it\\\/cattolica\\\/#website\"},\"primaryImageOfPage\":{\"@id\":\"https:\\\/\\\/www.rassegnastampa-totustuus.it\\\/cattolica\\\/2-lidea-libertina-e-il-potere-tecnologico\\\/#primaryimage\"},\"image\":{\"@id\":\"https:\\\/\\\/www.rassegnastampa-totustuus.it\\\/cattolica\\\/2-lidea-libertina-e-il-potere-tecnologico\\\/#primaryimage\"},\"thumbnailUrl\":\"https:\\\/\\\/www.rassegnastampa-totustuus.it\\\/cattolica\\\/wp-content\\\/uploads\\\/2005\\\/06\\\/indifferenza.jpg\",\"datePublished\":\"2005-06-01T16:13:07+00:00\",\"dateModified\":\"2016-02-04T10:34:20+00:00\",\"description\":\"Rassegna Stampa Cattolica - Per una cultura che nasce dalla Rivelazione cristiana in conformit\u00e0 alla tradizione e al Magistero della Chiesa in opposizione ad ogni relativismo e totalitarismo\",\"breadcrumb\":{\"@id\":\"https:\\\/\\\/www.rassegnastampa-totustuus.it\\\/cattolica\\\/2-lidea-libertina-e-il-potere-tecnologico\\\/#breadcrumb\"},\"inLanguage\":\"it-IT\",\"potentialAction\":[{\"@type\":\"ReadAction\",\"target\":[\"https:\\\/\\\/www.rassegnastampa-totustuus.it\\\/cattolica\\\/2-lidea-libertina-e-il-potere-tecnologico\\\/\"]}]},{\"@type\":\"ImageObject\",\"inLanguage\":\"it-IT\",\"@id\":\"https:\\\/\\\/www.rassegnastampa-totustuus.it\\\/cattolica\\\/2-lidea-libertina-e-il-potere-tecnologico\\\/#primaryimage\",\"url\":\"https:\\\/\\\/www.rassegnastampa-totustuus.it\\\/cattolica\\\/wp-content\\\/uploads\\\/2005\\\/06\\\/indifferenza.jpg\",\"contentUrl\":\"https:\\\/\\\/www.rassegnastampa-totustuus.it\\\/cattolica\\\/wp-content\\\/uploads\\\/2005\\\/06\\\/indifferenza.jpg\",\"width\":274,\"height\":184},{\"@type\":\"BreadcrumbList\",\"@id\":\"https:\\\/\\\/www.rassegnastampa-totustuus.it\\\/cattolica\\\/2-lidea-libertina-e-il-potere-tecnologico\\\/#breadcrumb\",\"itemListElement\":[{\"@type\":\"ListItem\",\"position\":1,\"name\":\"Home\",\"item\":\"https:\\\/\\\/www.rassegnastampa-totustuus.it\\\/cattolica\\\/\"},{\"@type\":\"ListItem\",\"position\":2,\"name\":\"2\\\/ L\u2019idea libertina e il potere tecnologico\"}]},{\"@type\":\"WebSite\",\"@id\":\"https:\\\/\\\/www.rassegnastampa-totustuus.it\\\/cattolica\\\/#website\",\"url\":\"https:\\\/\\\/www.rassegnastampa-totustuus.it\\\/cattolica\\\/\",\"name\":\"Rassegna Stampa Cattolica\",\"description\":\"Per una cultura che nasce dalla Rivelazione cristiana in conformit\u00e0 alla tradizione e al Magistero della Chiesa in opposizione ad ogni relativismo e totalitarismo\",\"publisher\":{\"@id\":\"https:\\\/\\\/www.rassegnastampa-totustuus.it\\\/cattolica\\\/#organization\"},\"alternateName\":\"Rass. Cattolica\",\"potentialAction\":[{\"@type\":\"SearchAction\",\"target\":{\"@type\":\"EntryPoint\",\"urlTemplate\":\"https:\\\/\\\/www.rassegnastampa-totustuus.it\\\/cattolica\\\/?s={search_term_string}\"},\"query-input\":{\"@type\":\"PropertyValueSpecification\",\"valueRequired\":true,\"valueName\":\"search_term_string\"}}],\"inLanguage\":\"it-IT\"},{\"@type\":\"Organization\",\"@id\":\"https:\\\/\\\/www.rassegnastampa-totustuus.it\\\/cattolica\\\/#organization\",\"name\":\"Rassegna Stampa Cattolica\",\"url\":\"https:\\\/\\\/www.rassegnastampa-totustuus.it\\\/cattolica\\\/\",\"logo\":{\"@type\":\"ImageObject\",\"inLanguage\":\"it-IT\",\"@id\":\"https:\\\/\\\/www.rassegnastampa-totustuus.it\\\/cattolica\\\/#\\\/schema\\\/logo\\\/image\\\/\",\"url\":\"https:\\\/\\\/www.rassegnastampa-totustuus.it\\\/cattolica\\\/wp-content\\\/uploads\\\/2014\\\/04\\\/logo-rassegna1.gif\",\"contentUrl\":\"https:\\\/\\\/www.rassegnastampa-totustuus.it\\\/cattolica\\\/wp-content\\\/uploads\\\/2014\\\/04\\\/logo-rassegna1.gif\",\"width\":600,\"height\":163,\"caption\":\"Rassegna Stampa Cattolica\"},\"image\":{\"@id\":\"https:\\\/\\\/www.rassegnastampa-totustuus.it\\\/cattolica\\\/#\\\/schema\\\/logo\\\/image\\\/\"},\"sameAs\":[\"https:\\\/\\\/www.facebook.com\\\/rassegnastampacattolica\",\"https:\\\/\\\/x.com\\\/rassegnastampa9\"]},{\"@type\":\"Person\",\"@id\":\"https:\\\/\\\/www.rassegnastampa-totustuus.it\\\/cattolica\\\/#\\\/schema\\\/person\\\/08f319d2bd1a0904ad9e2bfb7b15e5c3\",\"name\":\"Redazione\",\"image\":{\"@type\":\"ImageObject\",\"inLanguage\":\"it-IT\",\"@id\":\"https:\\\/\\\/secure.gravatar.com\\\/avatar\\\/2fcdf27c78ea025fbdb44e914cc63c72249ffec9dc8aafd5c82b26240ef3f346?s=96&d=mm&r=g\",\"url\":\"https:\\\/\\\/secure.gravatar.com\\\/avatar\\\/2fcdf27c78ea025fbdb44e914cc63c72249ffec9dc8aafd5c82b26240ef3f346?s=96&d=mm&r=g\",\"contentUrl\":\"https:\\\/\\\/secure.gravatar.com\\\/avatar\\\/2fcdf27c78ea025fbdb44e914cc63c72249ffec9dc8aafd5c82b26240ef3f346?s=96&d=mm&r=g\",\"caption\":\"Redazione\"},\"url\":\"https:\\\/\\\/www.rassegnastampa-totustuus.it\\\/cattolica\\\/author\\\/pietroelle\\\/\"}]}<\/script>\n<!-- \/ Yoast SEO plugin. -->","yoast_head_json":{"title":"2\/ L\u2019idea libertina e il potere tecnologico - Rassegna Stampa Cattolica","description":"Rassegna Stampa Cattolica - Per una cultura che nasce dalla Rivelazione cristiana in conformit\u00e0 alla tradizione e al Magistero della Chiesa in opposizione ad ogni relativismo e totalitarismo","robots":{"index":"index","follow":"follow","max-snippet":"max-snippet:-1","max-image-preview":"max-image-preview:large","max-video-preview":"max-video-preview:-1"},"canonical":"https:\/\/www.rassegnastampa-totustuus.it\/cattolica\/2-lidea-libertina-e-il-potere-tecnologico\/","og_locale":"it_IT","og_type":"article","og_title":"2\/ L\u2019idea libertina e il potere tecnologico - Rassegna Stampa Cattolica","og_description":"Rassegna Stampa Cattolica - Per una cultura che nasce dalla Rivelazione cristiana in conformit\u00e0 alla tradizione e al Magistero della Chiesa in opposizione ad ogni relativismo e totalitarismo","og_url":"https:\/\/www.rassegnastampa-totustuus.it\/cattolica\/2-lidea-libertina-e-il-potere-tecnologico\/","og_site_name":"Rassegna Stampa Cattolica","article_publisher":"https:\/\/www.facebook.com\/rassegnastampacattolica","article_published_time":"2005-06-01T16:13:07+00:00","article_modified_time":"2016-02-04T10:34:20+00:00","og_image":[{"width":274,"height":184,"url":"https:\/\/www.rassegnastampa-totustuus.it\/cattolica\/wp-content\/uploads\/2005\/06\/indifferenza.jpg","type":"image\/jpeg"}],"author":"Redazione","twitter_card":"summary_large_image","twitter_creator":"@rassegnastampa9","twitter_site":"@rassegnastampa9","twitter_misc":{"Scritto da":"Redazione","Tempo di lettura stimato":"7 minuti"},"schema":{"@context":"https:\/\/schema.org","@graph":[{"@type":"Article","@id":"https:\/\/www.rassegnastampa-totustuus.it\/cattolica\/2-lidea-libertina-e-il-potere-tecnologico\/#article","isPartOf":{"@id":"https:\/\/www.rassegnastampa-totustuus.it\/cattolica\/2-lidea-libertina-e-il-potere-tecnologico\/"},"author":{"name":"Redazione","@id":"https:\/\/www.rassegnastampa-totustuus.it\/cattolica\/#\/schema\/person\/08f319d2bd1a0904ad9e2bfb7b15e5c3"},"headline":"2\/ L\u2019idea libertina e il potere tecnologico","datePublished":"2005-06-01T16:13:07+00:00","dateModified":"2016-02-04T10:34:20+00:00","mainEntityOfPage":{"@id":"https:\/\/www.rassegnastampa-totustuus.it\/cattolica\/2-lidea-libertina-e-il-potere-tecnologico\/"},"wordCount":1421,"publisher":{"@id":"https:\/\/www.rassegnastampa-totustuus.it\/cattolica\/#organization"},"image":{"@id":"https:\/\/www.rassegnastampa-totustuus.it\/cattolica\/2-lidea-libertina-e-il-potere-tecnologico\/#primaryimage"},"thumbnailUrl":"https:\/\/www.rassegnastampa-totustuus.it\/cattolica\/wp-content\/uploads\/2005\/06\/indifferenza.jpg","keywords":["A.Del Noce"],"articleSection":["A.Del Noce - scritti"],"inLanguage":"it-IT"},{"@type":"WebPage","@id":"https:\/\/www.rassegnastampa-totustuus.it\/cattolica\/2-lidea-libertina-e-il-potere-tecnologico\/","url":"https:\/\/www.rassegnastampa-totustuus.it\/cattolica\/2-lidea-libertina-e-il-potere-tecnologico\/","name":"2\/ L\u2019idea libertina e il potere tecnologico - Rassegna Stampa Cattolica","isPartOf":{"@id":"https:\/\/www.rassegnastampa-totustuus.it\/cattolica\/#website"},"primaryImageOfPage":{"@id":"https:\/\/www.rassegnastampa-totustuus.it\/cattolica\/2-lidea-libertina-e-il-potere-tecnologico\/#primaryimage"},"image":{"@id":"https:\/\/www.rassegnastampa-totustuus.it\/cattolica\/2-lidea-libertina-e-il-potere-tecnologico\/#primaryimage"},"thumbnailUrl":"https:\/\/www.rassegnastampa-totustuus.it\/cattolica\/wp-content\/uploads\/2005\/06\/indifferenza.jpg","datePublished":"2005-06-01T16:13:07+00:00","dateModified":"2016-02-04T10:34:20+00:00","description":"Rassegna Stampa Cattolica - Per una cultura che nasce dalla Rivelazione cristiana in conformit\u00e0 alla tradizione e al Magistero della Chiesa in opposizione ad ogni relativismo e totalitarismo","breadcrumb":{"@id":"https:\/\/www.rassegnastampa-totustuus.it\/cattolica\/2-lidea-libertina-e-il-potere-tecnologico\/#breadcrumb"},"inLanguage":"it-IT","potentialAction":[{"@type":"ReadAction","target":["https:\/\/www.rassegnastampa-totustuus.it\/cattolica\/2-lidea-libertina-e-il-potere-tecnologico\/"]}]},{"@type":"ImageObject","inLanguage":"it-IT","@id":"https:\/\/www.rassegnastampa-totustuus.it\/cattolica\/2-lidea-libertina-e-il-potere-tecnologico\/#primaryimage","url":"https:\/\/www.rassegnastampa-totustuus.it\/cattolica\/wp-content\/uploads\/2005\/06\/indifferenza.jpg","contentUrl":"https:\/\/www.rassegnastampa-totustuus.it\/cattolica\/wp-content\/uploads\/2005\/06\/indifferenza.jpg","width":274,"height":184},{"@type":"BreadcrumbList","@id":"https:\/\/www.rassegnastampa-totustuus.it\/cattolica\/2-lidea-libertina-e-il-potere-tecnologico\/#breadcrumb","itemListElement":[{"@type":"ListItem","position":1,"name":"Home","item":"https:\/\/www.rassegnastampa-totustuus.it\/cattolica\/"},{"@type":"ListItem","position":2,"name":"2\/ L\u2019idea libertina e il potere tecnologico"}]},{"@type":"WebSite","@id":"https:\/\/www.rassegnastampa-totustuus.it\/cattolica\/#website","url":"https:\/\/www.rassegnastampa-totustuus.it\/cattolica\/","name":"Rassegna Stampa Cattolica","description":"Per una cultura che nasce dalla Rivelazione cristiana in conformit\u00e0 alla tradizione e al Magistero della Chiesa in opposizione ad ogni relativismo e totalitarismo","publisher":{"@id":"https:\/\/www.rassegnastampa-totustuus.it\/cattolica\/#organization"},"alternateName":"Rass. Cattolica","potentialAction":[{"@type":"SearchAction","target":{"@type":"EntryPoint","urlTemplate":"https:\/\/www.rassegnastampa-totustuus.it\/cattolica\/?s={search_term_string}"},"query-input":{"@type":"PropertyValueSpecification","valueRequired":true,"valueName":"search_term_string"}}],"inLanguage":"it-IT"},{"@type":"Organization","@id":"https:\/\/www.rassegnastampa-totustuus.it\/cattolica\/#organization","name":"Rassegna Stampa Cattolica","url":"https:\/\/www.rassegnastampa-totustuus.it\/cattolica\/","logo":{"@type":"ImageObject","inLanguage":"it-IT","@id":"https:\/\/www.rassegnastampa-totustuus.it\/cattolica\/#\/schema\/logo\/image\/","url":"https:\/\/www.rassegnastampa-totustuus.it\/cattolica\/wp-content\/uploads\/2014\/04\/logo-rassegna1.gif","contentUrl":"https:\/\/www.rassegnastampa-totustuus.it\/cattolica\/wp-content\/uploads\/2014\/04\/logo-rassegna1.gif","width":600,"height":163,"caption":"Rassegna Stampa Cattolica"},"image":{"@id":"https:\/\/www.rassegnastampa-totustuus.it\/cattolica\/#\/schema\/logo\/image\/"},"sameAs":["https:\/\/www.facebook.com\/rassegnastampacattolica","https:\/\/x.com\/rassegnastampa9"]},{"@type":"Person","@id":"https:\/\/www.rassegnastampa-totustuus.it\/cattolica\/#\/schema\/person\/08f319d2bd1a0904ad9e2bfb7b15e5c3","name":"Redazione","image":{"@type":"ImageObject","inLanguage":"it-IT","@id":"https:\/\/secure.gravatar.com\/avatar\/2fcdf27c78ea025fbdb44e914cc63c72249ffec9dc8aafd5c82b26240ef3f346?s=96&d=mm&r=g","url":"https:\/\/secure.gravatar.com\/avatar\/2fcdf27c78ea025fbdb44e914cc63c72249ffec9dc8aafd5c82b26240ef3f346?s=96&d=mm&r=g","contentUrl":"https:\/\/secure.gravatar.com\/avatar\/2fcdf27c78ea025fbdb44e914cc63c72249ffec9dc8aafd5c82b26240ef3f346?s=96&d=mm&r=g","caption":"Redazione"},"url":"https:\/\/www.rassegnastampa-totustuus.it\/cattolica\/author\/pietroelle\/"}]}},"_links":{"self":[{"href":"https:\/\/www.rassegnastampa-totustuus.it\/cattolica\/wp-json\/wp\/v2\/posts\/655","targetHints":{"allow":["GET"]}}],"collection":[{"href":"https:\/\/www.rassegnastampa-totustuus.it\/cattolica\/wp-json\/wp\/v2\/posts"}],"about":[{"href":"https:\/\/www.rassegnastampa-totustuus.it\/cattolica\/wp-json\/wp\/v2\/types\/post"}],"author":[{"embeddable":true,"href":"https:\/\/www.rassegnastampa-totustuus.it\/cattolica\/wp-json\/wp\/v2\/users\/6"}],"replies":[{"embeddable":true,"href":"https:\/\/www.rassegnastampa-totustuus.it\/cattolica\/wp-json\/wp\/v2\/comments?post=655"}],"version-history":[{"count":5,"href":"https:\/\/www.rassegnastampa-totustuus.it\/cattolica\/wp-json\/wp\/v2\/posts\/655\/revisions"}],"predecessor-version":[{"id":30248,"href":"https:\/\/www.rassegnastampa-totustuus.it\/cattolica\/wp-json\/wp\/v2\/posts\/655\/revisions\/30248"}],"wp:featuredmedia":[{"embeddable":true,"href":"https:\/\/www.rassegnastampa-totustuus.it\/cattolica\/wp-json\/wp\/v2\/media\/30246"}],"wp:attachment":[{"href":"https:\/\/www.rassegnastampa-totustuus.it\/cattolica\/wp-json\/wp\/v2\/media?parent=655"}],"wp:term":[{"taxonomy":"category","embeddable":true,"href":"https:\/\/www.rassegnastampa-totustuus.it\/cattolica\/wp-json\/wp\/v2\/categories?post=655"},{"taxonomy":"post_tag","embeddable":true,"href":"https:\/\/www.rassegnastampa-totustuus.it\/cattolica\/wp-json\/wp\/v2\/tags?post=655"}],"curies":[{"name":"wp","href":"https:\/\/api.w.org\/{rel}","templated":true}]}}