{"id":653,"date":"2005-06-01T18:03:29","date_gmt":"2005-06-01T16:03:29","guid":{"rendered":""},"modified":"2016-02-04T11:57:02","modified_gmt":"2016-02-04T10:57:02","slug":"su-franco-rodano","status":"publish","type":"post","link":"https:\/\/www.rassegnastampa-totustuus.it\/cattolica\/su-franco-rodano\/","title":{"rendered":"Su Franco Rodano"},"content":{"rendered":"<div style=\"text-align: center;\">\n<div id=\"attachment_30253\" style=\"width: 150px\" class=\"wp-caption alignright\"><a href=\"https:\/\/www.rassegnastampa-totustuus.it\/cattolica\/wp-content\/uploads\/2005\/06\/Franco-Rodano.jpg\"><img loading=\"lazy\" decoding=\"async\" aria-describedby=\"caption-attachment-30253\" class=\"wp-image-30253\" src=\"https:\/\/www.rassegnastampa-totustuus.it\/cattolica\/wp-content\/uploads\/2005\/06\/Franco-Rodano.jpg\" alt=\"Franco Rodano\" width=\"150\" height=\"200\" \/><\/a><p id=\"caption-attachment-30253\" class=\"wp-caption-text\">Franco Rodano<\/p><\/div>\n<p>Articolo pubblicato su <strong>Il Tempo<\/strong> del 23 luglio 1983<\/div>\n<p style=\"text-align: center;\"><em>E\u2019 morto a 62 anni Franco Rodano<\/em><\/p>\n<p style=\"text-align: center;\"><strong>Fu l\u2019architetto del &#8220;compromesso&#8221;<\/strong><\/p>\n<p style=\"text-align: center;\">di <strong>Augusto Del Noce<\/strong><\/p>\n<p style=\"text-align: justify;\">Franco Rodano, considerato il teorico del compromesso storico, \u00e8 morto la scorsa notte nella dimora estiva di famiglia, un castello a Monterado, presso Ancona, Rodano , che aveva 63 anni, era da tempo malato di cuore.<\/p>\n<p style=\"text-align: justify;\">Franco Rodano era nato a Roma, da famiglia piemontese, nel 1920. Dopo aver svolto azione politica antifascista, fin da ragazzo, nel liceo &#8220;Visconti&#8221; di Roma e nelle sue associazioni giovanili dell\u2019Azione Cattolica , nel 1940 entr\u00f2 in contatto con l\u2019organizzazione clandestina del Pci, con la quale collabor\u00f2 strettamente fin che venne arrestato l\u2019otto maggio 1943.<\/p>\n<p style=\"text-align: justify;\"><!--more--><\/p>\n<p style=\"text-align: justify;\">Liberato dopo il 25 luglio, Rodano, fond\u00f2 e diresse il movimento dei cattolici comunisti, e quando tale movimento dei cattolici comunisti, e quando tale movimento denominatori partito della sinistra cristiana, nel dicembre 1945 si sciolse, entr\u00f2 nel Pci.<\/p>\n<p style=\"text-align: justify;\">Il Presidente Pertini, in un telegramma alla vedova, on. Maria Conciari Rodano, ha espresso il suo profondo dolore per la scomparsa del \u00abcaro amico\u00bb, on. Franco Rodano, \u00abricordandone con animo commosso il passato di coraggioso antifascista e di costante impegno di democratico, di studioso e di politico dalla grande aspirazione ideale\u00bb.<\/p>\n<p style=\"text-align: justify;\">Analoghi sentimenti hanno espresso i presidenti della Camera e del Senato.<\/p>\n<p style=\"text-align: center;\"><strong>* * *<\/strong><\/p>\n<p style=\"text-align: justify;\">La notoriet\u00e0 di Franco Rodano aveva varcato la cerchia dei ristretti ambienti solo intorno al 1975 quando sembrava che il comunismo italiano raggiungesse il governo all\u2019insegna di quella proposta del compromesso storico di cui Rodano era stato senza dubbio, come fu detto, &#8220;l\u2019architetto&#8221;; non nel senso di un lavoro di sottile diplomazia che avrebbe esplicato; ma di una coerente impostazione teorica.<\/p>\n<p style=\"text-align: justify;\">In quegli anni ormai molto lontani si form\u00f2 altres\u00ec una specie di leggenda, secondo cui non soltanto si doveva parlare di Rodano come del presente consigliere di Berlinguer, ma di chi gi\u00e0 in passato sarebbe stato il pi\u00f9 fidato e il pi\u00f9 caro tra i consiglieri di Togliatti. Nella storia del machiavellismo c\u2019\u00e8 la figura dell\u2019eminenza grigia: Rodano avrebbe rappresentato, nel momento Togliatti di questa storia, quel che era stato il Padre Giuseppe, nel momento Richelieu. Altri pensavano a una successione teorica di Rodano a Gramsci, nel senso che le sue tesi avrebbero contenuto i lineamenti essenziali di quel passo successivo a Gramsci che era richiesto dalle mutate circostanze.<\/p>\n<p style=\"text-align: justify;\">A partire da questa definizione, che mi pare la pi\u00f9 pertinente, possiamo renderci conto cos\u00ec dell\u2019isolamento come del rigore della sua ricerca. Di un rigore che deve essere riconosciuto anche da chi, come colui che ne scrive, pensa sia la riprova dell\u2019impossibilit\u00e0 della conciliazione tra cattolicesimo e comunismo.<\/p>\n<p style=\"text-align: justify;\">Bisogna vedervi, per l\u2019isolamento, un fenomeno tipicamente italiano, del tutto indipendente dalle linee religiose progressive francesi e tedesche, anglo-americane o sudamericane; che non si apparenta affatto con i vari disobbedienti all\u2019ordine romano in nome del fermento evangelico, cos\u00ec che se, secondo un uso che fu corrente, si compone di una linea unitaria di &#8220;disobbedienti cattolici&#8221;, che andrebbe dai giansenisti ai modernisti, bisogna dire che \u00e8 difficile trovare un pensiero che sia pi\u00f9 immune di quello di Rodano da venature giansenistiche; e che tuttavia, tra le varie linee progressive, \u00e8 quella che, ai vertici, raggiunse, sia pure per un momento abbastanza breve, che trov\u00f2 il suo culmine nella lettera di Berlinguer al Vescovo Bettazzi del 12 ottobre 1977, la maggiore incidenza politica.<\/p>\n<p style=\"text-align: justify;\">Rispetto al rigore non si pu\u00f2 confondere la sua opera con quella dei vari indipendenti cattolici di sinistra che non assolvono ad altro compito oltre a quello di dar sempre ragione ai comunisti, in qualsiasi occasione; neppure con le varie combinazioni eclettiche di motivi cattolici e comunisti, alla don Girardi, per esempio. Meno che mai a quelle varie teologie della liberazione o della rivoluzione, che di fatto risolvono il cattolicesimo nel marxismo. Il suo tentativo era assai pi\u00f9 ambizioso e diciamo pure teoricamente pi\u00f9 scaltrito; pensava sinceramente a una rinascita religiosa condizionata da una conciliazione non soltanto pratica ma ideale tra cattolicesimo e comunismo.<\/p>\n<p style=\"text-align: justify;\">Il fatto che non abbia appartenuto al mondo accademico e soprattutto quello che non abbia raccolto in volume i numerosi e assai importanti saggi pubblicati su <em>La rivista trimestrale<\/em>, da lui diretta dal \u201962 in poi, ha fatto si che l\u2019eco delle sue idee presso gli intellettuali sia stata piuttosto scarsa. Ma, in realt\u00e0, l\u2019apparente singolarit\u00e0 della sua posizione dipende dalla sua rigorosa coerenza. Si deve vederci il punto d\u2019arrivo obbligato della ricerca dell\u2019incontro tra i cattolici e i comunisti; cos\u00ec che fare i conti col suo pensiero, \u00e8 farli con l\u2019intero progressismo cattolico.<\/p>\n<p style=\"text-align: justify;\">Ha avuto, nel pensiero religioso, dei maestri? Bisogna riconoscere che fu scarsissima su di lui l\u2019influenza nonch\u00e9 dei Maritain e dei Mounier, anche dei pi\u00f9 vicini Metz e Moltman. Il suo pensiero nasce dal clima ardente della seconda guerra mondiale al momento in cui i giovani rovesciavano il loro atteggiamento rispetto al fascismo, e vi vedevano una sorta di &#8220;male radicale&#8221; in cui erano assommati tutti i precedenti mali d\u2019Europa.<\/p>\n<p style=\"text-align: justify;\">Comincia allora l\u2019attenzione e la simpatia dei giovani intellettuali per il comunismo, simpatia a cui partecipano anche molti giovani cattolici. Ma come, questi, riuscivano a mettere da parte l\u2019&#8221;ateismo marquista&#8221;? L\u2019unica via era quella di ravvisare in Marx il pensatore che aveva portato pi\u00f9 a fondo la critica del mondo borghese, cos\u00ec nella sua consacrazione spiritualistica come nell\u2019effettivo materialismo pratico che ne guidava i comportamenti.<\/p>\n<p style=\"text-align: justify;\">Sembrava loro possibile interpretare il marxismo in termini di purificazione e rivendicazione della &#8220;vera&#8221; religione attraverso la distinzione tra marxismo come &#8220;scienza&#8221; e marxismo come &#8220;filosofia&#8221;, tra &#8220;materialismo storico&#8221;, che considerato in s\u00e9 non conterrebbe alcuna negazione dei valori spirituali e &#8220;materialismo dialettico&#8221;.<\/p>\n<p style=\"text-align: justify;\">I due aspetti si sarebbero associati storicamente, come replica alla falsa giustificazione o sacralizzazione dell\u2019ordine costituito, operata dalle filosofie idealistiche e spiritualistiche. La loro scissione sarebbe stata, nel momento immediatamente successivo alla fine della guerra , una necessit\u00e0 per l\u2019avvenire di una civilt\u00e0 che avrebbe dovuto vedere insieme il rifiorire del cattolicesimo e il successo del comunismo.<\/p>\n<p style=\"text-align: justify;\">Il gruppo di cattolici che avevano Rodano come guida sembrava ritrovare tra il \u201943 e il \u201945 il giudizio di Lenin sull\u2019alternativa che si proporrebbe in questo secolo al mondo , \u00abo il comunismo o la barbarie radicale\u00bb, modificandolo nel senso che l\u2019esito della rivoluzione avrebbe dovuto coincidere non con la fine della religione, ma con la sua rinascita.<\/p>\n<p style=\"text-align: justify;\">Che questa speranza fosse possibile in quegli anni lontani \u00e8 fuori dubbio. Ma come poteva continuare a sussistere quando la conoscenza del marxismo, allora assai approssimativa si veniva approfondendo dando luogo alla sterminata bibliografia che \u00e8 apparsa negli anni successivi?<\/p>\n<p style=\"text-align: justify;\">Pure Rodano rimase fedele a quella che abbiamo visto essere la sua interpretazione iniziale pur difendendola e approfondendola attraverso ragionamenti sempre pi\u00f9 scaltriti ma, dobbiamo dirlo, sempre meno persuasivi. Quel che continuava a reggere la sua interpretazione era un\u2019interpretazione della <em>novit\u00e0<\/em> di Togliatti, per cui questi avrebbe, se non esplicitamente nelle espressioni teoriche, almeno implicitamente nella sua politica, riformato l\u2019interpretazione del marxismo in modo tale da farla coincidere sostanzialmente con quella che era stata proposta da quel micropartito della sinistra cattolica che egli, Rodano con altri, aveva fondato nel1945, per poi assorbirlo nel Pci.<\/p>\n<p style=\"text-align: justify;\">A suo giudizio la politica di Togliatti pur attraverso le necessarie prudenze con cui cercava di coprire il distacco dalla scolastica marxista era guidata da un\u2019impostazione teorica che apriva \u00abverso un\u2019interpretazione dell\u2019intero marxismo piuttosto come <em>strumento decisivo<\/em> per l\u2019individuazione e la stessa condotta delle diverse forze storiche le quali, via via, vengono a essere quelle politicamente progressive e feconde, che non come una particolare <em>filosofia della storia<\/em>\u2026ma ci\u00f2 comporta un <em>salto di qualit\u00e0<\/em> sul terreno teorico, ossia l\u2019abbandono di ogni residuo di quella metafisica impropria che \u00e8 il vero e peculiare involucro del grande indirizzo marxiano, e il definitivo passaggio di tale indirizzo dal ruolo di ideologia a quello di lezione storicamente insostituibile\u00bb.<\/p>\n<p style=\"text-align: justify;\">Rodano scriveva questo in un breve libro <em>Sulla politica dei comunisti<\/em> apparso presso Boringhieri nel 1975. Come si vede, il Rodano della piena maturit\u00e0 riproponeva, pur certamente in una forma pi\u00f9 rigorosamente critica, la tesi essenziale della sua giovinezza che crea poi soprattutto il contraccolpo di una situazione storica.<\/p>\n<p style=\"text-align: justify;\">Al pensiero di Rodano ho dedicato un libro di 400 pagine (<em>Il cattolico comunista<\/em>, Rusconi, 1981), e ho creduto di doverlo fare perch\u00e9 il suo stato uno dei rarissimi tentativi, non soltanto in Italia, di pensare il proprio tempo che un cattolico abbia compiuto; esemplare, per la sua coerenza, dello scacco che i cattolici devono incontrare quando pensano di dover formulare i loro giudizi etico-politici nel presupposto che <em>il soggetto della storia della nostra epoca sia la rivoluzione anzich\u00e9 la sua catastrofe.<\/em><\/p>\n<p style=\"text-align: justify;\">L\u2019errore si manifesta in un rovesciamento delle intenzioni, che originariamente significavano speranza in una rinascita religiosa promossa dalla trasfigurazione della guerra antifascista in una lotta in cui cattolici e comunisti si sarebbero trovati uniti contro capitalismo e borghesia. Il risultato, invece, \u00e8 che nella sua prospettiva vengono messi da parte i valori tradizionali cos\u00ec del cristianesimo come del marxismo, mentre non si vede la via per cui dopo il marxismo si potrebbe passare a un cristianesimo rinnovato.<\/p>\n<p style=\"text-align: justify;\">Nell\u2019illusione di un comunismo che faccia posto a una religione trascendente, si priva il marxismo della religiosit\u00e0 secolare che gli \u00e8 propria e si incontra cos\u00ec l\u2019ideologia della societ\u00e0 tecnocratica che appunto ha coinciso con quella di un marxismo a cui sia stato sottratto il momento utopico. Perch\u00e9 questa laicit\u00e0 autosufficiente, anche se lascia un margine oggettivo per un \u00abcoronamento religioso\u00bb di cui umanamente non si sente il bisogno, e per cui la via tende a essere preclusa, non \u00e8 proprio il carattere della societ\u00e0 tecnocratica come rovesciamento <em>agnostico <\/em>del marxismo?<\/p>\n<p style=\"text-align: justify;\">Altre volte ho parlato, anche su queste colonne di quell\u2019esempio della pi\u00f9 radicale eterogenesi dei fini che mai si sia avuta nella storia, che, per una necessit\u00e0 rigorosamente razionale, \u00e8 stata l\u2019esisto storico del marxismo. Qualcosa di strettamente simile si deve dire a proposito del cattocomunismo rodaniano. Ma proprio come verifica di questo la sua opera ha un interesse che vorrei dire eccezionale, e per cui non mi pento affatto del tanto tempo che ho speso per esaminarla in tutti i suoi aspetti.<\/p>\n","protected":false},"excerpt":{"rendered":"<p>Articolo pubblicato su Il Tempo del 23 luglio 1983 E\u2019 morto a 62 anni Franco Rodano Fu l\u2019architetto del &#8220;compromesso&#8221; di Augusto Del Noce Franco Rodano, considerato il teorico del compromesso storico, \u00e8 morto la scorsa notte nella dimora estiva di famiglia, un castello a Monterado, presso Ancona, Rodano , che aveva 63 anni, era &hellip; <\/p>\n<p><a class=\"more-link btn\" href=\"https:\/\/www.rassegnastampa-totustuus.it\/cattolica\/su-franco-rodano\/\">Continua a leggere<\/a><\/p>\n","protected":false},"author":6,"featured_media":30253,"comment_status":"closed","ping_status":"open","sticky":false,"template":"","format":"standard","meta":{"footnotes":""},"categories":[66,18,45],"tags":[481,632,286],"class_list":["post-653","post","type-post","status-publish","format-standard","has-post-thumbnail","hentry","category-adel-noce-scritti","category-personaggi","category-progressismo-cattolico","tag-a-del-noce","tag-franco-rodano","tag-progressismo","item-wrap"],"yoast_head":"<!-- This site is optimized with the Yoast SEO plugin v27.4 - https:\/\/yoast.com\/product\/yoast-seo-wordpress\/ -->\n<title>Su Franco Rodano - Rassegna Stampa Cattolica<\/title>\n<meta name=\"description\" content=\"Rassegna Stampa Cattolica - Per una cultura che nasce dalla Rivelazione cristiana in conformit\u00e0 alla tradizione e al Magistero della Chiesa in opposizione ad ogni relativismo e totalitarismo\" \/>\n<meta name=\"robots\" content=\"index, follow, max-snippet:-1, max-image-preview:large, max-video-preview:-1\" \/>\n<link rel=\"canonical\" href=\"https:\/\/www.rassegnastampa-totustuus.it\/cattolica\/su-franco-rodano\/\" \/>\n<meta property=\"og:locale\" content=\"it_IT\" \/>\n<meta property=\"og:type\" content=\"article\" \/>\n<meta property=\"og:title\" content=\"Su Franco Rodano - Rassegna Stampa Cattolica\" \/>\n<meta property=\"og:description\" content=\"Rassegna Stampa Cattolica - Per una cultura che nasce dalla Rivelazione cristiana in conformit\u00e0 alla tradizione e al Magistero della Chiesa in opposizione ad ogni relativismo e totalitarismo\" \/>\n<meta property=\"og:url\" content=\"https:\/\/www.rassegnastampa-totustuus.it\/cattolica\/su-franco-rodano\/\" \/>\n<meta property=\"og:site_name\" content=\"Rassegna Stampa Cattolica\" \/>\n<meta property=\"article:publisher\" content=\"https:\/\/www.facebook.com\/rassegnastampacattolica\" \/>\n<meta property=\"article:published_time\" content=\"2005-06-01T16:03:29+00:00\" \/>\n<meta property=\"article:modified_time\" content=\"2016-02-04T10:57:02+00:00\" \/>\n<meta property=\"og:image\" content=\"https:\/\/www.rassegnastampa-totustuus.it\/cattolica\/wp-content\/uploads\/2005\/06\/Franco-Rodano.jpg\" \/>\n\t<meta property=\"og:image:width\" content=\"176\" \/>\n\t<meta property=\"og:image:height\" content=\"235\" \/>\n\t<meta property=\"og:image:type\" content=\"image\/jpeg\" \/>\n<meta name=\"author\" content=\"Redazione\" \/>\n<meta name=\"twitter:card\" content=\"summary_large_image\" \/>\n<meta name=\"twitter:creator\" content=\"@rassegnastampa9\" \/>\n<meta name=\"twitter:site\" content=\"@rassegnastampa9\" \/>\n<meta name=\"twitter:label1\" content=\"Scritto da\" \/>\n\t<meta name=\"twitter:data1\" content=\"Redazione\" \/>\n\t<meta name=\"twitter:label2\" content=\"Tempo di lettura stimato\" \/>\n\t<meta name=\"twitter:data2\" content=\"8 minuti\" \/>\n<script type=\"application\/ld+json\" class=\"yoast-schema-graph\">{\"@context\":\"https:\\\/\\\/schema.org\",\"@graph\":[{\"@type\":\"Article\",\"@id\":\"https:\\\/\\\/www.rassegnastampa-totustuus.it\\\/cattolica\\\/su-franco-rodano\\\/#article\",\"isPartOf\":{\"@id\":\"https:\\\/\\\/www.rassegnastampa-totustuus.it\\\/cattolica\\\/su-franco-rodano\\\/\"},\"author\":{\"name\":\"Redazione\",\"@id\":\"https:\\\/\\\/www.rassegnastampa-totustuus.it\\\/cattolica\\\/#\\\/schema\\\/person\\\/08f319d2bd1a0904ad9e2bfb7b15e5c3\"},\"headline\":\"Su Franco Rodano\",\"datePublished\":\"2005-06-01T16:03:29+00:00\",\"dateModified\":\"2016-02-04T10:57:02+00:00\",\"mainEntityOfPage\":{\"@id\":\"https:\\\/\\\/www.rassegnastampa-totustuus.it\\\/cattolica\\\/su-franco-rodano\\\/\"},\"wordCount\":1693,\"publisher\":{\"@id\":\"https:\\\/\\\/www.rassegnastampa-totustuus.it\\\/cattolica\\\/#organization\"},\"image\":{\"@id\":\"https:\\\/\\\/www.rassegnastampa-totustuus.it\\\/cattolica\\\/su-franco-rodano\\\/#primaryimage\"},\"thumbnailUrl\":\"https:\\\/\\\/www.rassegnastampa-totustuus.it\\\/cattolica\\\/wp-content\\\/uploads\\\/2005\\\/06\\\/Franco-Rodano.jpg\",\"keywords\":[\"A.Del Noce\",\"Franco Rodano\",\"progressismo\"],\"articleSection\":[\"A.Del Noce - scritti\",\"Personaggi\",\"Progressismo\"],\"inLanguage\":\"it-IT\"},{\"@type\":\"WebPage\",\"@id\":\"https:\\\/\\\/www.rassegnastampa-totustuus.it\\\/cattolica\\\/su-franco-rodano\\\/\",\"url\":\"https:\\\/\\\/www.rassegnastampa-totustuus.it\\\/cattolica\\\/su-franco-rodano\\\/\",\"name\":\"Su Franco Rodano - Rassegna Stampa Cattolica\",\"isPartOf\":{\"@id\":\"https:\\\/\\\/www.rassegnastampa-totustuus.it\\\/cattolica\\\/#website\"},\"primaryImageOfPage\":{\"@id\":\"https:\\\/\\\/www.rassegnastampa-totustuus.it\\\/cattolica\\\/su-franco-rodano\\\/#primaryimage\"},\"image\":{\"@id\":\"https:\\\/\\\/www.rassegnastampa-totustuus.it\\\/cattolica\\\/su-franco-rodano\\\/#primaryimage\"},\"thumbnailUrl\":\"https:\\\/\\\/www.rassegnastampa-totustuus.it\\\/cattolica\\\/wp-content\\\/uploads\\\/2005\\\/06\\\/Franco-Rodano.jpg\",\"datePublished\":\"2005-06-01T16:03:29+00:00\",\"dateModified\":\"2016-02-04T10:57:02+00:00\",\"description\":\"Rassegna Stampa Cattolica - Per una cultura che nasce dalla Rivelazione cristiana in conformit\u00e0 alla tradizione e al Magistero della Chiesa in opposizione ad ogni relativismo e totalitarismo\",\"breadcrumb\":{\"@id\":\"https:\\\/\\\/www.rassegnastampa-totustuus.it\\\/cattolica\\\/su-franco-rodano\\\/#breadcrumb\"},\"inLanguage\":\"it-IT\",\"potentialAction\":[{\"@type\":\"ReadAction\",\"target\":[\"https:\\\/\\\/www.rassegnastampa-totustuus.it\\\/cattolica\\\/su-franco-rodano\\\/\"]}]},{\"@type\":\"ImageObject\",\"inLanguage\":\"it-IT\",\"@id\":\"https:\\\/\\\/www.rassegnastampa-totustuus.it\\\/cattolica\\\/su-franco-rodano\\\/#primaryimage\",\"url\":\"https:\\\/\\\/www.rassegnastampa-totustuus.it\\\/cattolica\\\/wp-content\\\/uploads\\\/2005\\\/06\\\/Franco-Rodano.jpg\",\"contentUrl\":\"https:\\\/\\\/www.rassegnastampa-totustuus.it\\\/cattolica\\\/wp-content\\\/uploads\\\/2005\\\/06\\\/Franco-Rodano.jpg\",\"width\":176,\"height\":235},{\"@type\":\"BreadcrumbList\",\"@id\":\"https:\\\/\\\/www.rassegnastampa-totustuus.it\\\/cattolica\\\/su-franco-rodano\\\/#breadcrumb\",\"itemListElement\":[{\"@type\":\"ListItem\",\"position\":1,\"name\":\"Home\",\"item\":\"https:\\\/\\\/www.rassegnastampa-totustuus.it\\\/cattolica\\\/\"},{\"@type\":\"ListItem\",\"position\":2,\"name\":\"Su Franco Rodano\"}]},{\"@type\":\"WebSite\",\"@id\":\"https:\\\/\\\/www.rassegnastampa-totustuus.it\\\/cattolica\\\/#website\",\"url\":\"https:\\\/\\\/www.rassegnastampa-totustuus.it\\\/cattolica\\\/\",\"name\":\"Rassegna Stampa Cattolica\",\"description\":\"Per una cultura che nasce dalla Rivelazione cristiana in conformit\u00e0 alla tradizione e al Magistero della Chiesa in opposizione ad ogni relativismo e totalitarismo\",\"publisher\":{\"@id\":\"https:\\\/\\\/www.rassegnastampa-totustuus.it\\\/cattolica\\\/#organization\"},\"alternateName\":\"Rass. Cattolica\",\"potentialAction\":[{\"@type\":\"SearchAction\",\"target\":{\"@type\":\"EntryPoint\",\"urlTemplate\":\"https:\\\/\\\/www.rassegnastampa-totustuus.it\\\/cattolica\\\/?s={search_term_string}\"},\"query-input\":{\"@type\":\"PropertyValueSpecification\",\"valueRequired\":true,\"valueName\":\"search_term_string\"}}],\"inLanguage\":\"it-IT\"},{\"@type\":\"Organization\",\"@id\":\"https:\\\/\\\/www.rassegnastampa-totustuus.it\\\/cattolica\\\/#organization\",\"name\":\"Rassegna Stampa Cattolica\",\"url\":\"https:\\\/\\\/www.rassegnastampa-totustuus.it\\\/cattolica\\\/\",\"logo\":{\"@type\":\"ImageObject\",\"inLanguage\":\"it-IT\",\"@id\":\"https:\\\/\\\/www.rassegnastampa-totustuus.it\\\/cattolica\\\/#\\\/schema\\\/logo\\\/image\\\/\",\"url\":\"https:\\\/\\\/www.rassegnastampa-totustuus.it\\\/cattolica\\\/wp-content\\\/uploads\\\/2014\\\/04\\\/logo-rassegna1.gif\",\"contentUrl\":\"https:\\\/\\\/www.rassegnastampa-totustuus.it\\\/cattolica\\\/wp-content\\\/uploads\\\/2014\\\/04\\\/logo-rassegna1.gif\",\"width\":600,\"height\":163,\"caption\":\"Rassegna Stampa Cattolica\"},\"image\":{\"@id\":\"https:\\\/\\\/www.rassegnastampa-totustuus.it\\\/cattolica\\\/#\\\/schema\\\/logo\\\/image\\\/\"},\"sameAs\":[\"https:\\\/\\\/www.facebook.com\\\/rassegnastampacattolica\",\"https:\\\/\\\/x.com\\\/rassegnastampa9\"]},{\"@type\":\"Person\",\"@id\":\"https:\\\/\\\/www.rassegnastampa-totustuus.it\\\/cattolica\\\/#\\\/schema\\\/person\\\/08f319d2bd1a0904ad9e2bfb7b15e5c3\",\"name\":\"Redazione\",\"image\":{\"@type\":\"ImageObject\",\"inLanguage\":\"it-IT\",\"@id\":\"https:\\\/\\\/secure.gravatar.com\\\/avatar\\\/2fcdf27c78ea025fbdb44e914cc63c72249ffec9dc8aafd5c82b26240ef3f346?s=96&d=mm&r=g\",\"url\":\"https:\\\/\\\/secure.gravatar.com\\\/avatar\\\/2fcdf27c78ea025fbdb44e914cc63c72249ffec9dc8aafd5c82b26240ef3f346?s=96&d=mm&r=g\",\"contentUrl\":\"https:\\\/\\\/secure.gravatar.com\\\/avatar\\\/2fcdf27c78ea025fbdb44e914cc63c72249ffec9dc8aafd5c82b26240ef3f346?s=96&d=mm&r=g\",\"caption\":\"Redazione\"},\"url\":\"https:\\\/\\\/www.rassegnastampa-totustuus.it\\\/cattolica\\\/author\\\/pietroelle\\\/\"}]}<\/script>\n<!-- \/ Yoast SEO plugin. -->","yoast_head_json":{"title":"Su Franco Rodano - Rassegna Stampa Cattolica","description":"Rassegna Stampa Cattolica - Per una cultura che nasce dalla Rivelazione cristiana in conformit\u00e0 alla tradizione e al Magistero della Chiesa in opposizione ad ogni relativismo e totalitarismo","robots":{"index":"index","follow":"follow","max-snippet":"max-snippet:-1","max-image-preview":"max-image-preview:large","max-video-preview":"max-video-preview:-1"},"canonical":"https:\/\/www.rassegnastampa-totustuus.it\/cattolica\/su-franco-rodano\/","og_locale":"it_IT","og_type":"article","og_title":"Su Franco Rodano - Rassegna Stampa Cattolica","og_description":"Rassegna Stampa Cattolica - Per una cultura che nasce dalla Rivelazione cristiana in conformit\u00e0 alla tradizione e al Magistero della Chiesa in opposizione ad ogni relativismo e totalitarismo","og_url":"https:\/\/www.rassegnastampa-totustuus.it\/cattolica\/su-franco-rodano\/","og_site_name":"Rassegna Stampa Cattolica","article_publisher":"https:\/\/www.facebook.com\/rassegnastampacattolica","article_published_time":"2005-06-01T16:03:29+00:00","article_modified_time":"2016-02-04T10:57:02+00:00","og_image":[{"width":176,"height":235,"url":"https:\/\/www.rassegnastampa-totustuus.it\/cattolica\/wp-content\/uploads\/2005\/06\/Franco-Rodano.jpg","type":"image\/jpeg"}],"author":"Redazione","twitter_card":"summary_large_image","twitter_creator":"@rassegnastampa9","twitter_site":"@rassegnastampa9","twitter_misc":{"Scritto da":"Redazione","Tempo di lettura stimato":"8 minuti"},"schema":{"@context":"https:\/\/schema.org","@graph":[{"@type":"Article","@id":"https:\/\/www.rassegnastampa-totustuus.it\/cattolica\/su-franco-rodano\/#article","isPartOf":{"@id":"https:\/\/www.rassegnastampa-totustuus.it\/cattolica\/su-franco-rodano\/"},"author":{"name":"Redazione","@id":"https:\/\/www.rassegnastampa-totustuus.it\/cattolica\/#\/schema\/person\/08f319d2bd1a0904ad9e2bfb7b15e5c3"},"headline":"Su Franco Rodano","datePublished":"2005-06-01T16:03:29+00:00","dateModified":"2016-02-04T10:57:02+00:00","mainEntityOfPage":{"@id":"https:\/\/www.rassegnastampa-totustuus.it\/cattolica\/su-franco-rodano\/"},"wordCount":1693,"publisher":{"@id":"https:\/\/www.rassegnastampa-totustuus.it\/cattolica\/#organization"},"image":{"@id":"https:\/\/www.rassegnastampa-totustuus.it\/cattolica\/su-franco-rodano\/#primaryimage"},"thumbnailUrl":"https:\/\/www.rassegnastampa-totustuus.it\/cattolica\/wp-content\/uploads\/2005\/06\/Franco-Rodano.jpg","keywords":["A.Del Noce","Franco Rodano","progressismo"],"articleSection":["A.Del Noce - scritti","Personaggi","Progressismo"],"inLanguage":"it-IT"},{"@type":"WebPage","@id":"https:\/\/www.rassegnastampa-totustuus.it\/cattolica\/su-franco-rodano\/","url":"https:\/\/www.rassegnastampa-totustuus.it\/cattolica\/su-franco-rodano\/","name":"Su Franco Rodano - Rassegna Stampa Cattolica","isPartOf":{"@id":"https:\/\/www.rassegnastampa-totustuus.it\/cattolica\/#website"},"primaryImageOfPage":{"@id":"https:\/\/www.rassegnastampa-totustuus.it\/cattolica\/su-franco-rodano\/#primaryimage"},"image":{"@id":"https:\/\/www.rassegnastampa-totustuus.it\/cattolica\/su-franco-rodano\/#primaryimage"},"thumbnailUrl":"https:\/\/www.rassegnastampa-totustuus.it\/cattolica\/wp-content\/uploads\/2005\/06\/Franco-Rodano.jpg","datePublished":"2005-06-01T16:03:29+00:00","dateModified":"2016-02-04T10:57:02+00:00","description":"Rassegna Stampa Cattolica - Per una cultura che nasce dalla Rivelazione cristiana in conformit\u00e0 alla tradizione e al Magistero della Chiesa in opposizione ad ogni relativismo e totalitarismo","breadcrumb":{"@id":"https:\/\/www.rassegnastampa-totustuus.it\/cattolica\/su-franco-rodano\/#breadcrumb"},"inLanguage":"it-IT","potentialAction":[{"@type":"ReadAction","target":["https:\/\/www.rassegnastampa-totustuus.it\/cattolica\/su-franco-rodano\/"]}]},{"@type":"ImageObject","inLanguage":"it-IT","@id":"https:\/\/www.rassegnastampa-totustuus.it\/cattolica\/su-franco-rodano\/#primaryimage","url":"https:\/\/www.rassegnastampa-totustuus.it\/cattolica\/wp-content\/uploads\/2005\/06\/Franco-Rodano.jpg","contentUrl":"https:\/\/www.rassegnastampa-totustuus.it\/cattolica\/wp-content\/uploads\/2005\/06\/Franco-Rodano.jpg","width":176,"height":235},{"@type":"BreadcrumbList","@id":"https:\/\/www.rassegnastampa-totustuus.it\/cattolica\/su-franco-rodano\/#breadcrumb","itemListElement":[{"@type":"ListItem","position":1,"name":"Home","item":"https:\/\/www.rassegnastampa-totustuus.it\/cattolica\/"},{"@type":"ListItem","position":2,"name":"Su Franco Rodano"}]},{"@type":"WebSite","@id":"https:\/\/www.rassegnastampa-totustuus.it\/cattolica\/#website","url":"https:\/\/www.rassegnastampa-totustuus.it\/cattolica\/","name":"Rassegna Stampa Cattolica","description":"Per una cultura che nasce dalla Rivelazione cristiana in conformit\u00e0 alla tradizione e al Magistero della Chiesa in opposizione ad ogni relativismo e totalitarismo","publisher":{"@id":"https:\/\/www.rassegnastampa-totustuus.it\/cattolica\/#organization"},"alternateName":"Rass. Cattolica","potentialAction":[{"@type":"SearchAction","target":{"@type":"EntryPoint","urlTemplate":"https:\/\/www.rassegnastampa-totustuus.it\/cattolica\/?s={search_term_string}"},"query-input":{"@type":"PropertyValueSpecification","valueRequired":true,"valueName":"search_term_string"}}],"inLanguage":"it-IT"},{"@type":"Organization","@id":"https:\/\/www.rassegnastampa-totustuus.it\/cattolica\/#organization","name":"Rassegna Stampa Cattolica","url":"https:\/\/www.rassegnastampa-totustuus.it\/cattolica\/","logo":{"@type":"ImageObject","inLanguage":"it-IT","@id":"https:\/\/www.rassegnastampa-totustuus.it\/cattolica\/#\/schema\/logo\/image\/","url":"https:\/\/www.rassegnastampa-totustuus.it\/cattolica\/wp-content\/uploads\/2014\/04\/logo-rassegna1.gif","contentUrl":"https:\/\/www.rassegnastampa-totustuus.it\/cattolica\/wp-content\/uploads\/2014\/04\/logo-rassegna1.gif","width":600,"height":163,"caption":"Rassegna Stampa Cattolica"},"image":{"@id":"https:\/\/www.rassegnastampa-totustuus.it\/cattolica\/#\/schema\/logo\/image\/"},"sameAs":["https:\/\/www.facebook.com\/rassegnastampacattolica","https:\/\/x.com\/rassegnastampa9"]},{"@type":"Person","@id":"https:\/\/www.rassegnastampa-totustuus.it\/cattolica\/#\/schema\/person\/08f319d2bd1a0904ad9e2bfb7b15e5c3","name":"Redazione","image":{"@type":"ImageObject","inLanguage":"it-IT","@id":"https:\/\/secure.gravatar.com\/avatar\/2fcdf27c78ea025fbdb44e914cc63c72249ffec9dc8aafd5c82b26240ef3f346?s=96&d=mm&r=g","url":"https:\/\/secure.gravatar.com\/avatar\/2fcdf27c78ea025fbdb44e914cc63c72249ffec9dc8aafd5c82b26240ef3f346?s=96&d=mm&r=g","contentUrl":"https:\/\/secure.gravatar.com\/avatar\/2fcdf27c78ea025fbdb44e914cc63c72249ffec9dc8aafd5c82b26240ef3f346?s=96&d=mm&r=g","caption":"Redazione"},"url":"https:\/\/www.rassegnastampa-totustuus.it\/cattolica\/author\/pietroelle\/"}]}},"_links":{"self":[{"href":"https:\/\/www.rassegnastampa-totustuus.it\/cattolica\/wp-json\/wp\/v2\/posts\/653","targetHints":{"allow":["GET"]}}],"collection":[{"href":"https:\/\/www.rassegnastampa-totustuus.it\/cattolica\/wp-json\/wp\/v2\/posts"}],"about":[{"href":"https:\/\/www.rassegnastampa-totustuus.it\/cattolica\/wp-json\/wp\/v2\/types\/post"}],"author":[{"embeddable":true,"href":"https:\/\/www.rassegnastampa-totustuus.it\/cattolica\/wp-json\/wp\/v2\/users\/6"}],"replies":[{"embeddable":true,"href":"https:\/\/www.rassegnastampa-totustuus.it\/cattolica\/wp-json\/wp\/v2\/comments?post=653"}],"version-history":[{"count":5,"href":"https:\/\/www.rassegnastampa-totustuus.it\/cattolica\/wp-json\/wp\/v2\/posts\/653\/revisions"}],"predecessor-version":[{"id":30255,"href":"https:\/\/www.rassegnastampa-totustuus.it\/cattolica\/wp-json\/wp\/v2\/posts\/653\/revisions\/30255"}],"wp:featuredmedia":[{"embeddable":true,"href":"https:\/\/www.rassegnastampa-totustuus.it\/cattolica\/wp-json\/wp\/v2\/media\/30253"}],"wp:attachment":[{"href":"https:\/\/www.rassegnastampa-totustuus.it\/cattolica\/wp-json\/wp\/v2\/media?parent=653"}],"wp:term":[{"taxonomy":"category","embeddable":true,"href":"https:\/\/www.rassegnastampa-totustuus.it\/cattolica\/wp-json\/wp\/v2\/categories?post=653"},{"taxonomy":"post_tag","embeddable":true,"href":"https:\/\/www.rassegnastampa-totustuus.it\/cattolica\/wp-json\/wp\/v2\/tags?post=653"}],"curies":[{"name":"wp","href":"https:\/\/api.w.org\/{rel}","templated":true}]}}