{"id":652,"date":"2005-06-01T17:59:54","date_gmt":"2005-06-01T15:59:54","guid":{"rendered":""},"modified":"2016-01-07T14:11:20","modified_gmt":"2016-01-07T13:11:20","slug":"dal-dibattito-sullantifascismo-alla-malattia-morale","status":"publish","type":"post","link":"https:\/\/www.rassegnastampa-totustuus.it\/cattolica\/dal-dibattito-sullantifascismo-alla-malattia-morale\/","title":{"rendered":"Dal dibattito sull\u2019antifascismo alla malattia morale"},"content":{"rendered":"<div style=\"text-align: center;\">\n<p style=\"text-align: center;\"><a href=\"https:\/\/www.rassegnastampa-totustuus.it\/cattolica\/wp-content\/uploads\/2005\/06\/antifascisti.jpg\"><img loading=\"lazy\" decoding=\"async\" class=\"alignleft wp-image-29263\" src=\"https:\/\/www.rassegnastampa-totustuus.it\/cattolica\/wp-content\/uploads\/2005\/06\/antifascisti.jpg\" alt=\"antifascisti\" width=\"209\" height=\"157\" \/><\/a>Articolo pubblicato su <strong>Il Tempo<\/strong> del 3 febbraio 1988<\/p>\n<p><em>Dove sta andando l\u2019Italia?<\/em><\/p>\n<\/div>\n<p style=\"text-align: center;\">di <strong>Augusto Del Noce<\/strong><\/p>\n<p><!--more--><\/p>\n<div style=\"text-align: justify;\">Le parole del senatore Merzagora secondo cui l\u2019Italia \u00absta attraversando uno dei periodi pi\u00f9 nefasti e pi\u00f9 difficili della sua storia\u00bb meritano attenta considerazione.<\/div>\n<p style=\"text-align: justify;\">Mi permetto di tradurre in questi termini: moralmente l\u2019Italia \u00e8 minta da una malattia che, a lungo andare, in tempi che ancora non possiamo prevedere, pu\u00f2 manifestarsi mortale. Ora, la diagnosi \u00e8 possibile anche se per farla occorre un relativo coraggio, perch\u00e9 urta troppe abitudini intellettuali e morali.<\/p>\n<p style=\"text-align: justify;\">Questa situazione non pu\u00f2 non essere che il risultato di un processo che si \u00e8 svolto nel quarantennio in cui l\u2019antifascismo ha dominato. Pu\u00f2 dispiacere il riconoscerlo, ma \u00e8 necessario. Inutile cercare di nasconderlo: l\u2019antifascismo deve essere messo in questione e non soltanto perch\u00e9, come si \u00e8 sostenuto, in polemiche recenti, il fascismo appartenga al passato e non abbia possibilit\u00e0 di risorgere, o perch\u00e9 il concetto di fascismo non esaurisce quello di antidemocrazia. E i primi a doverlo fare sono coloro che l\u2019hanno vissuto, e legato ad esso i valori a cui pi\u00f9 tengono.<\/p>\n<p style=\"text-align: justify;\">Cominciamo con l\u2019osservare che l\u2019antifascismo dei tardi anni \u201980 ha poco in comune con quello degli anni \u201930. Questo era professato, nella generazione allora giovane, da pochissimi e, nel ceto intellettuale, tali giovani guardavano a Croce , se laici, a Maritain se cattolici; o ancora, nelle espressioni pi\u00f9 intensamente religiose, a Capitini, se laici, a La Pira se cattolici.<\/p>\n<p style=\"text-align: justify;\">In nome della &#8220;virt\u00f9&#8221; sfidavano la &#8220;fortuna&#8221; che sembrava essersi pronunciata per il fascismo e il nazismo, forze che sembravano avanzare travolgendo ogni ostacolo. L\u2019antifascismo successivo non \u00e8 una sua continuazione, al fascismo non manc\u00f2 davvero il consenso, finch\u00e8 la sorte gli fu favorevole; la &#8220;conversione&#8221; avvenne nella forma di \u00abpassaggio al campo dei vincitori\u00bb.<\/p>\n<p style=\"text-align: justify;\"><strong>L\u2019equivalenza tra male e autorit\u00e0<\/strong><\/p>\n<p style=\"text-align: justify;\">Si pu\u00f2 anche dire: antifascista negli anni Trenta era aggettivo,. Si era cio\u00e8 antifascisti in nome di un\u2019idea universale, quale che essa fosse: era essa a far pronunziare il giudizio negativo. Quando le cose mutarono, e la fortuna cambi\u00f2 direzione, all\u2019aggettivo antifascista si sostitu\u00ec l\u2019antifascismo sostantivo. Il fascismo essendo diventato &#8220;il male&#8221;, si giustific\u00f2 la scelta per una particolare posizione ideale o politica col cercare di mostrare come essa realizzasse un pi\u00f9 profondo o pi\u00f9 vero antifascismo . Si arriv\u00f2 invece al puro rovescio del fascismo. Si \u00e8 parlato spesso di una continuazione del fascismo nel postfascismo; giudizio che \u00e8 giusto quando si precisi che la continuazione sta qui.<\/p>\n<p style=\"text-align: justify;\">E cio\u00e8: si cominci\u00f2 a pensare, conseguenza dell\u2019atmosfera di guerra &#8211; di una guerra ideologizzata quale altra mai nella storia &#8211; che il fascismo fosse \u00abil male assoluto\u00bb o almeno la forma in cui esso si manifestava nel nostro secolo; la totalit\u00e0 dei mali vi veniva compendiata.<\/p>\n<p style=\"text-align: justify;\">Si pensava dunque, e si continua a pensare in larghi ambienti, a un\u2019essenza unica del fascismo che si sarebbe manifestata in forme diverse, ma analoghe, a seconda delle varie tradizioni nazionali fino trovare la sua espressione piena nel nazismo; e siccome, per designare questa essenza, occorreva indicare un carattere comune si era costretti a cercarlo nello &#8220;spirito autoritario&#8221;; in conseguenza di ci\u00f2, tutto quel che contraddiceva l\u2019idea di autorit\u00e0 veniva automaticamente promosso a &#8220;bene&#8221; e a segno di progresso nella modernizzazione.<\/p>\n<p style=\"text-align: justify;\">L\u2019epoca del fascismo era segnata, e questo \u00e8 vero, dalla retorica degli ideali; quella successiva lo fu dalla loro pretesa demistificazione. Ma essa, se almeno si riconosce che ogni atteggiamento esistenziale corrisponde a una posizione filosofica, nel suo generalizzarsi non poteva finire che con l\u2019assumere il significato di subordinazione del morale all\u2019economico, dell\u2019intelletto al senso.<\/p>\n<p style=\"text-align: justify;\">L\u2019et\u00e0 nuova sorta nel segno della liberazione, minaccia perci\u00f2 di coincidere con quel che Marx chiamava il \u00abmaterialismo crasso\u00bb ravvisandovi l\u2019ultima involuzione della mentalit\u00e0 borghese. In verit\u00e0 tutti gli aspetti di questa mentalit\u00e0 trovano oggi piena manifestazione, cos\u00ec teorica come pratica l\u2019utilitarismo, l\u2019edonismo, l\u2019egoismo; e non vi \u00e8 chi non lo veda. Incontriamo per questa via il senso di un parola resa loora dall\u2019uso improprio, ma che tuttavia non riesco ora a sostituire permissivismo.<\/p>\n<p style=\"text-align: justify;\">Il fascismo veniva configurato come il sistema dei &#8220;divieti&#8221;, del &#8220;tab\u00f9&#8221;, ecc. (e quanto fu scritto a questo riguardo): tutto ci\u00f2 che il fascismo aveva vietato o ostacolato diventava di conseguenza lecito. Ossia \u00abtutto \u00e8 permesso\u00bb, purch\u00e9 siano rispettate quelle regole del giuoco che in e non hanno valori morali, ma sono necessarie alla societ\u00e0, come garanzia della coesistenza fisica dei soggetti. Insomma, \u00e8 la morale di \u00abquelli che ce la fanno e quelli che non ce la fanno\u00bb, il farcela legittimando ogni modo di agire.<\/p>\n<p style=\"text-align: justify;\">Che questo sia il criterio di valutazione oggi prevalente \u00e8 indubbio.<\/p>\n<p style=\"text-align: justify;\"><strong>Cittadini e partiti senza ideali<\/strong><\/p>\n<p style=\"text-align: justify;\">Quel che occorre chiarire \u00e8 il processo attraverso cui ci si \u00e8 arrivati. Che sia nella contraddizione pi\u00f9 estrema con lo spirito dell\u2019antifascismo originario \u00e8 indubbio; ma come esso non ha resistito?<\/p>\n<p style=\"text-align: justify;\">Una via pu\u00f2 essere rintracciata in quella &#8220;sostantivazione&#8221; dell\u2019antifascismo, come se esso includesse tutti i valori ella moralit\u00e0. Il passaggio \u00abal campo dei vincitori\u00bb a cui la si \u00e8 collegata \u00e8 un fenomeno patologico; per\u00f2, rispetto alla storia, normale. Il problema \u00e8 render conto come sia arrivato a inquinare la cultura sino a dominarla e come abbia esercitato la sua influenza sulla politica. Si tratta di un tema estremamente ampio; quel che qui ci si limita a proporre \u00e8 una ricerca sinora mai condotta.<\/p>\n<p style=\"text-align: justify;\">Diamone comunque i primi tratti, facendoli precedere dall\u2019avvertenza che non si tratta di ricerca di colpe, ma di individuazione di errori, anche se in politica gli errori hanno pi\u00f9 peso delle colpe. Si pu\u00f2 trovare la radice della sostantivazione dell\u2019antifascismo nel &#8220;ciellennismo&#8221;, termine con cui intendiamo qualcosa di ben distinto dal Comitato di Liberazione Nazionale, inteso come coalizione provvisoria di partiti d\u2019impostazione ideale affatto diversa contro un comune avversario.<\/p>\n<p style=\"text-align: justify;\"><em>Ciellennismo <\/em>vuol dire invece interpretazione di tale comitato come se a suo fondamento vi fosse un\u2019unit\u00e0 ideale al di la delle differenze; e come se nella costruzione della nuova Itaklia tale unit\u00e0 non dovesse mai venire dimenticata. La sostennero allora i comunisti, nel pensiero che cos\u00ec l\u2019anticomunismo venisse neutralizzato; \u00abogni anticomunismo \u00e8 fascismo\u00bb, \u00abil fascismo \u00e8 anzitutto anticomunismo piuttosto che antiliberalismo\u00bb, furono formule che ebbero ampia circolazione nei primi anni del dopoguerra.<\/p>\n<p style=\"text-align: justify;\">Non furono per\u00f2 loro a inventarla o a insistervi in modo particolare; la sua paternit\u00e0 risale al Partito d\u2019Azione, che in quanto unico partito sorto direttamente contro il fascismo, nell\u2019affermazione dell\u2019unit\u00e0 tra quelle due forme del pensiero politico moderno, liberalismo e socialismo, che il fascismo aveva combattuto, pretendeva esserne la guida ideale. Questo partito usc\u00ec presto dall\u2019agone della politica elettorale per passare a quello della politica della cultura ove ha indubbiamente svolto una funzione egemonica che influenz\u00f2 in modo decisivo, nonch\u00e9 il costume, anche l\u2019effettiva politica. Cos\u00ec che questa idea del CLN trov\u00f2 una sua riaffermazione nei primi anni \u201970 con l\u2019arco costituzionale.<\/p>\n<p style=\"text-align: justify;\">Il risultato \u00e8 stato in tutti i partiti la neutralizzazione degli ideali, o almeno la tendenza in questo senso. Molto scarso infatti, o relegato in una zona della coscienza che sfugge al controllo, \u00e8 il ricordo nei democristiani dell\u2019idea di cristianit\u00e0 come ideale eterno che prmane tale, quali ce siano le forme storiche che pu\u00f2 assumere. Lo stesso si pu\u00f2 dire per il PCI ove della societ\u00e0 degli uguali come fine ultimo si \u00e8 spento il ricordo e sempre pi\u00f9 di rado si fa appello, nonch\u00e9 a Marx, allo stesso Gramsci.<\/p>\n<p style=\"text-align: justify;\">Non si dica che ci\u00f2 avviene in nome della concretezza dei problemi particolari e neppure se ne cerchi la positivit\u00e0 per ci\u00f2 che eliminerebbe l\u2019intolleranza. In realt\u00e0, l\u2019omissione degli ideali ultimi coincide con la perdita di rappresentativit\u00e0 e con la disaffezione per la politica. Da partiti senza ideali ultimi il singolo non si sente rappresentato in quanto ha di meglio. Molto si \u00e8 detto sulla fattura che sui \u00e8 determinata tra il palazzo e il paese: ebbene, \u00e8 qui la sua ragione. E il singolo che non pu\u00f2 pi\u00f9 sentire lo Stato come il suo Stato si richiude nel suo egoismo.<\/p>\n<p style=\"text-align: justify;\">Come si vede, troppi problemi sono stati indicati in questo articolo perch\u00e9 si debba aggiungerne altri. Soltanto, per concludere: si deve fare molta attenzione nell\u2019usare la consueta formula della Repubblica fondata sui valori \u00abdell\u2019antifascismo e della Resistenza\u00bb. Perch\u00e9, che cosa pensare di una Repubblica che \u00e8 fondata non su <em>per<\/em>, ma un <em>contro<\/em>?<\/p>\n<p style=\"text-align: justify;\">Oltre al fatto, su cui non si insister\u00e0 mai abbastanza, che elevare il fascismo a male del secolo non pu\u00f2 che essere il frutto di un\u2019indebita astrazione rispetto alla storia contemporanea vista nel suo insieme; e questo dovrebbero saperlo soprattutto i cattolici che hanno nel &#8220;secolarismo&#8221; o nell\u2019espansione dell\u2019ateismo, nel suo passaggio dalla teoria alla pratica, una chiave interpretativa della storia di questo secolo di ben altro valore; certamente il fascismo fu, seppur ondeggiando tra aspetti contraddittori, tra le forme di secolarismo, ma non la pi\u00f9 importante e la pi\u00f9 radicale.<\/p>\n","protected":false},"excerpt":{"rendered":"<p>Articolo pubblicato su Il Tempo del 3 febbraio 1988 Dove sta andando l\u2019Italia? di Augusto Del Noce<\/p><p><a class=\"more-link btn\" href=\"https:\/\/www.rassegnastampa-totustuus.it\/cattolica\/dal-dibattito-sullantifascismo-alla-malattia-morale\/\">Continua a leggere<\/a><\/p>\n","protected":false},"author":6,"featured_media":29263,"comment_status":"closed","ping_status":"open","sticky":false,"template":"","format":"standard","meta":{"footnotes":""},"categories":[66,96],"tags":[481,404],"class_list":["post-652","post","type-post","status-publish","format-standard","has-post-thumbnail","hentry","category-adel-noce-scritti","category-storia-italiana","tag-a-del-noce","tag-storia-italiana-2","item-wrap"],"yoast_head":"<!-- This site is optimized with the Yoast SEO plugin v27.4 - https:\/\/yoast.com\/product\/yoast-seo-wordpress\/ -->\n<title>Dal dibattito sull\u2019antifascismo alla malattia morale - Rassegna Stampa Cattolica<\/title>\n<meta name=\"description\" content=\"Rassegna Stampa Cattolica - Per una cultura che nasce dalla Rivelazione cristiana in conformit\u00e0 alla tradizione e al Magistero della Chiesa in opposizione ad ogni relativismo e totalitarismo\" \/>\n<meta name=\"robots\" content=\"index, follow, max-snippet:-1, max-image-preview:large, max-video-preview:-1\" \/>\n<link rel=\"canonical\" href=\"https:\/\/www.rassegnastampa-totustuus.it\/cattolica\/dal-dibattito-sullantifascismo-alla-malattia-morale\/\" \/>\n<meta property=\"og:locale\" content=\"it_IT\" \/>\n<meta property=\"og:type\" content=\"article\" \/>\n<meta property=\"og:title\" content=\"Dal dibattito sull\u2019antifascismo alla malattia morale - Rassegna Stampa Cattolica\" \/>\n<meta property=\"og:description\" content=\"Rassegna Stampa Cattolica - Per una cultura che nasce dalla Rivelazione cristiana in conformit\u00e0 alla tradizione e al Magistero della Chiesa in opposizione ad ogni relativismo e totalitarismo\" \/>\n<meta property=\"og:url\" content=\"https:\/\/www.rassegnastampa-totustuus.it\/cattolica\/dal-dibattito-sullantifascismo-alla-malattia-morale\/\" \/>\n<meta property=\"og:site_name\" content=\"Rassegna Stampa Cattolica\" \/>\n<meta property=\"article:publisher\" content=\"https:\/\/www.facebook.com\/rassegnastampacattolica\" \/>\n<meta property=\"article:published_time\" content=\"2005-06-01T15:59:54+00:00\" \/>\n<meta property=\"article:modified_time\" content=\"2016-01-07T13:11:20+00:00\" \/>\n<meta property=\"og:image\" content=\"https:\/\/www.rassegnastampa-totustuus.it\/cattolica\/wp-content\/uploads\/2005\/06\/antifascisti.jpg\" \/>\n\t<meta property=\"og:image:width\" content=\"259\" \/>\n\t<meta property=\"og:image:height\" content=\"195\" \/>\n\t<meta property=\"og:image:type\" content=\"image\/jpeg\" \/>\n<meta name=\"author\" content=\"Redazione\" \/>\n<meta name=\"twitter:card\" content=\"summary_large_image\" \/>\n<meta name=\"twitter:creator\" content=\"@rassegnastampa9\" \/>\n<meta name=\"twitter:site\" content=\"@rassegnastampa9\" \/>\n<meta name=\"twitter:label1\" content=\"Scritto da\" \/>\n\t<meta name=\"twitter:data1\" content=\"Redazione\" \/>\n\t<meta name=\"twitter:label2\" content=\"Tempo di lettura stimato\" \/>\n\t<meta name=\"twitter:data2\" content=\"7 minuti\" \/>\n<script type=\"application\/ld+json\" class=\"yoast-schema-graph\">{\"@context\":\"https:\\\/\\\/schema.org\",\"@graph\":[{\"@type\":\"Article\",\"@id\":\"https:\\\/\\\/www.rassegnastampa-totustuus.it\\\/cattolica\\\/dal-dibattito-sullantifascismo-alla-malattia-morale\\\/#article\",\"isPartOf\":{\"@id\":\"https:\\\/\\\/www.rassegnastampa-totustuus.it\\\/cattolica\\\/dal-dibattito-sullantifascismo-alla-malattia-morale\\\/\"},\"author\":{\"name\":\"Redazione\",\"@id\":\"https:\\\/\\\/www.rassegnastampa-totustuus.it\\\/cattolica\\\/#\\\/schema\\\/person\\\/08f319d2bd1a0904ad9e2bfb7b15e5c3\"},\"headline\":\"Dal dibattito sull\u2019antifascismo alla malattia morale\",\"datePublished\":\"2005-06-01T15:59:54+00:00\",\"dateModified\":\"2016-01-07T13:11:20+00:00\",\"mainEntityOfPage\":{\"@id\":\"https:\\\/\\\/www.rassegnastampa-totustuus.it\\\/cattolica\\\/dal-dibattito-sullantifascismo-alla-malattia-morale\\\/\"},\"wordCount\":1484,\"publisher\":{\"@id\":\"https:\\\/\\\/www.rassegnastampa-totustuus.it\\\/cattolica\\\/#organization\"},\"image\":{\"@id\":\"https:\\\/\\\/www.rassegnastampa-totustuus.it\\\/cattolica\\\/dal-dibattito-sullantifascismo-alla-malattia-morale\\\/#primaryimage\"},\"thumbnailUrl\":\"https:\\\/\\\/www.rassegnastampa-totustuus.it\\\/cattolica\\\/wp-content\\\/uploads\\\/2005\\\/06\\\/antifascisti.jpg\",\"keywords\":[\"A.Del Noce\",\"storia italiana\"],\"articleSection\":[\"A.Del Noce - scritti\",\"Storia italiana\"],\"inLanguage\":\"it-IT\"},{\"@type\":\"WebPage\",\"@id\":\"https:\\\/\\\/www.rassegnastampa-totustuus.it\\\/cattolica\\\/dal-dibattito-sullantifascismo-alla-malattia-morale\\\/\",\"url\":\"https:\\\/\\\/www.rassegnastampa-totustuus.it\\\/cattolica\\\/dal-dibattito-sullantifascismo-alla-malattia-morale\\\/\",\"name\":\"Dal dibattito sull\u2019antifascismo alla malattia morale - Rassegna Stampa Cattolica\",\"isPartOf\":{\"@id\":\"https:\\\/\\\/www.rassegnastampa-totustuus.it\\\/cattolica\\\/#website\"},\"primaryImageOfPage\":{\"@id\":\"https:\\\/\\\/www.rassegnastampa-totustuus.it\\\/cattolica\\\/dal-dibattito-sullantifascismo-alla-malattia-morale\\\/#primaryimage\"},\"image\":{\"@id\":\"https:\\\/\\\/www.rassegnastampa-totustuus.it\\\/cattolica\\\/dal-dibattito-sullantifascismo-alla-malattia-morale\\\/#primaryimage\"},\"thumbnailUrl\":\"https:\\\/\\\/www.rassegnastampa-totustuus.it\\\/cattolica\\\/wp-content\\\/uploads\\\/2005\\\/06\\\/antifascisti.jpg\",\"datePublished\":\"2005-06-01T15:59:54+00:00\",\"dateModified\":\"2016-01-07T13:11:20+00:00\",\"description\":\"Rassegna Stampa Cattolica - Per una cultura che nasce dalla Rivelazione cristiana in conformit\u00e0 alla tradizione e al Magistero della Chiesa in opposizione ad ogni relativismo e totalitarismo\",\"breadcrumb\":{\"@id\":\"https:\\\/\\\/www.rassegnastampa-totustuus.it\\\/cattolica\\\/dal-dibattito-sullantifascismo-alla-malattia-morale\\\/#breadcrumb\"},\"inLanguage\":\"it-IT\",\"potentialAction\":[{\"@type\":\"ReadAction\",\"target\":[\"https:\\\/\\\/www.rassegnastampa-totustuus.it\\\/cattolica\\\/dal-dibattito-sullantifascismo-alla-malattia-morale\\\/\"]}]},{\"@type\":\"ImageObject\",\"inLanguage\":\"it-IT\",\"@id\":\"https:\\\/\\\/www.rassegnastampa-totustuus.it\\\/cattolica\\\/dal-dibattito-sullantifascismo-alla-malattia-morale\\\/#primaryimage\",\"url\":\"https:\\\/\\\/www.rassegnastampa-totustuus.it\\\/cattolica\\\/wp-content\\\/uploads\\\/2005\\\/06\\\/antifascisti.jpg\",\"contentUrl\":\"https:\\\/\\\/www.rassegnastampa-totustuus.it\\\/cattolica\\\/wp-content\\\/uploads\\\/2005\\\/06\\\/antifascisti.jpg\",\"width\":259,\"height\":195},{\"@type\":\"BreadcrumbList\",\"@id\":\"https:\\\/\\\/www.rassegnastampa-totustuus.it\\\/cattolica\\\/dal-dibattito-sullantifascismo-alla-malattia-morale\\\/#breadcrumb\",\"itemListElement\":[{\"@type\":\"ListItem\",\"position\":1,\"name\":\"Home\",\"item\":\"https:\\\/\\\/www.rassegnastampa-totustuus.it\\\/cattolica\\\/\"},{\"@type\":\"ListItem\",\"position\":2,\"name\":\"Dal dibattito sull\u2019antifascismo alla malattia morale\"}]},{\"@type\":\"WebSite\",\"@id\":\"https:\\\/\\\/www.rassegnastampa-totustuus.it\\\/cattolica\\\/#website\",\"url\":\"https:\\\/\\\/www.rassegnastampa-totustuus.it\\\/cattolica\\\/\",\"name\":\"Rassegna Stampa Cattolica\",\"description\":\"Per una cultura che nasce dalla Rivelazione cristiana in conformit\u00e0 alla tradizione e al Magistero della Chiesa in opposizione ad ogni relativismo e totalitarismo\",\"publisher\":{\"@id\":\"https:\\\/\\\/www.rassegnastampa-totustuus.it\\\/cattolica\\\/#organization\"},\"alternateName\":\"Rass. Cattolica\",\"potentialAction\":[{\"@type\":\"SearchAction\",\"target\":{\"@type\":\"EntryPoint\",\"urlTemplate\":\"https:\\\/\\\/www.rassegnastampa-totustuus.it\\\/cattolica\\\/?s={search_term_string}\"},\"query-input\":{\"@type\":\"PropertyValueSpecification\",\"valueRequired\":true,\"valueName\":\"search_term_string\"}}],\"inLanguage\":\"it-IT\"},{\"@type\":\"Organization\",\"@id\":\"https:\\\/\\\/www.rassegnastampa-totustuus.it\\\/cattolica\\\/#organization\",\"name\":\"Rassegna Stampa Cattolica\",\"url\":\"https:\\\/\\\/www.rassegnastampa-totustuus.it\\\/cattolica\\\/\",\"logo\":{\"@type\":\"ImageObject\",\"inLanguage\":\"it-IT\",\"@id\":\"https:\\\/\\\/www.rassegnastampa-totustuus.it\\\/cattolica\\\/#\\\/schema\\\/logo\\\/image\\\/\",\"url\":\"https:\\\/\\\/www.rassegnastampa-totustuus.it\\\/cattolica\\\/wp-content\\\/uploads\\\/2014\\\/04\\\/logo-rassegna1.gif\",\"contentUrl\":\"https:\\\/\\\/www.rassegnastampa-totustuus.it\\\/cattolica\\\/wp-content\\\/uploads\\\/2014\\\/04\\\/logo-rassegna1.gif\",\"width\":600,\"height\":163,\"caption\":\"Rassegna Stampa Cattolica\"},\"image\":{\"@id\":\"https:\\\/\\\/www.rassegnastampa-totustuus.it\\\/cattolica\\\/#\\\/schema\\\/logo\\\/image\\\/\"},\"sameAs\":[\"https:\\\/\\\/www.facebook.com\\\/rassegnastampacattolica\",\"https:\\\/\\\/x.com\\\/rassegnastampa9\"]},{\"@type\":\"Person\",\"@id\":\"https:\\\/\\\/www.rassegnastampa-totustuus.it\\\/cattolica\\\/#\\\/schema\\\/person\\\/08f319d2bd1a0904ad9e2bfb7b15e5c3\",\"name\":\"Redazione\",\"image\":{\"@type\":\"ImageObject\",\"inLanguage\":\"it-IT\",\"@id\":\"https:\\\/\\\/secure.gravatar.com\\\/avatar\\\/2fcdf27c78ea025fbdb44e914cc63c72249ffec9dc8aafd5c82b26240ef3f346?s=96&d=mm&r=g\",\"url\":\"https:\\\/\\\/secure.gravatar.com\\\/avatar\\\/2fcdf27c78ea025fbdb44e914cc63c72249ffec9dc8aafd5c82b26240ef3f346?s=96&d=mm&r=g\",\"contentUrl\":\"https:\\\/\\\/secure.gravatar.com\\\/avatar\\\/2fcdf27c78ea025fbdb44e914cc63c72249ffec9dc8aafd5c82b26240ef3f346?s=96&d=mm&r=g\",\"caption\":\"Redazione\"},\"url\":\"https:\\\/\\\/www.rassegnastampa-totustuus.it\\\/cattolica\\\/author\\\/pietroelle\\\/\"}]}<\/script>\n<!-- \/ Yoast SEO plugin. -->","yoast_head_json":{"title":"Dal dibattito sull\u2019antifascismo alla malattia morale - Rassegna Stampa Cattolica","description":"Rassegna Stampa Cattolica - Per una cultura che nasce dalla Rivelazione cristiana in conformit\u00e0 alla tradizione e al Magistero della Chiesa in opposizione ad ogni relativismo e totalitarismo","robots":{"index":"index","follow":"follow","max-snippet":"max-snippet:-1","max-image-preview":"max-image-preview:large","max-video-preview":"max-video-preview:-1"},"canonical":"https:\/\/www.rassegnastampa-totustuus.it\/cattolica\/dal-dibattito-sullantifascismo-alla-malattia-morale\/","og_locale":"it_IT","og_type":"article","og_title":"Dal dibattito sull\u2019antifascismo alla malattia morale - Rassegna Stampa Cattolica","og_description":"Rassegna Stampa Cattolica - Per una cultura che nasce dalla Rivelazione cristiana in conformit\u00e0 alla tradizione e al Magistero della Chiesa in opposizione ad ogni relativismo e totalitarismo","og_url":"https:\/\/www.rassegnastampa-totustuus.it\/cattolica\/dal-dibattito-sullantifascismo-alla-malattia-morale\/","og_site_name":"Rassegna Stampa Cattolica","article_publisher":"https:\/\/www.facebook.com\/rassegnastampacattolica","article_published_time":"2005-06-01T15:59:54+00:00","article_modified_time":"2016-01-07T13:11:20+00:00","og_image":[{"width":259,"height":195,"url":"https:\/\/www.rassegnastampa-totustuus.it\/cattolica\/wp-content\/uploads\/2005\/06\/antifascisti.jpg","type":"image\/jpeg"}],"author":"Redazione","twitter_card":"summary_large_image","twitter_creator":"@rassegnastampa9","twitter_site":"@rassegnastampa9","twitter_misc":{"Scritto da":"Redazione","Tempo di lettura stimato":"7 minuti"},"schema":{"@context":"https:\/\/schema.org","@graph":[{"@type":"Article","@id":"https:\/\/www.rassegnastampa-totustuus.it\/cattolica\/dal-dibattito-sullantifascismo-alla-malattia-morale\/#article","isPartOf":{"@id":"https:\/\/www.rassegnastampa-totustuus.it\/cattolica\/dal-dibattito-sullantifascismo-alla-malattia-morale\/"},"author":{"name":"Redazione","@id":"https:\/\/www.rassegnastampa-totustuus.it\/cattolica\/#\/schema\/person\/08f319d2bd1a0904ad9e2bfb7b15e5c3"},"headline":"Dal dibattito sull\u2019antifascismo alla malattia morale","datePublished":"2005-06-01T15:59:54+00:00","dateModified":"2016-01-07T13:11:20+00:00","mainEntityOfPage":{"@id":"https:\/\/www.rassegnastampa-totustuus.it\/cattolica\/dal-dibattito-sullantifascismo-alla-malattia-morale\/"},"wordCount":1484,"publisher":{"@id":"https:\/\/www.rassegnastampa-totustuus.it\/cattolica\/#organization"},"image":{"@id":"https:\/\/www.rassegnastampa-totustuus.it\/cattolica\/dal-dibattito-sullantifascismo-alla-malattia-morale\/#primaryimage"},"thumbnailUrl":"https:\/\/www.rassegnastampa-totustuus.it\/cattolica\/wp-content\/uploads\/2005\/06\/antifascisti.jpg","keywords":["A.Del Noce","storia italiana"],"articleSection":["A.Del Noce - scritti","Storia italiana"],"inLanguage":"it-IT"},{"@type":"WebPage","@id":"https:\/\/www.rassegnastampa-totustuus.it\/cattolica\/dal-dibattito-sullantifascismo-alla-malattia-morale\/","url":"https:\/\/www.rassegnastampa-totustuus.it\/cattolica\/dal-dibattito-sullantifascismo-alla-malattia-morale\/","name":"Dal dibattito sull\u2019antifascismo alla malattia morale - Rassegna Stampa Cattolica","isPartOf":{"@id":"https:\/\/www.rassegnastampa-totustuus.it\/cattolica\/#website"},"primaryImageOfPage":{"@id":"https:\/\/www.rassegnastampa-totustuus.it\/cattolica\/dal-dibattito-sullantifascismo-alla-malattia-morale\/#primaryimage"},"image":{"@id":"https:\/\/www.rassegnastampa-totustuus.it\/cattolica\/dal-dibattito-sullantifascismo-alla-malattia-morale\/#primaryimage"},"thumbnailUrl":"https:\/\/www.rassegnastampa-totustuus.it\/cattolica\/wp-content\/uploads\/2005\/06\/antifascisti.jpg","datePublished":"2005-06-01T15:59:54+00:00","dateModified":"2016-01-07T13:11:20+00:00","description":"Rassegna Stampa Cattolica - Per una cultura che nasce dalla Rivelazione cristiana in conformit\u00e0 alla tradizione e al Magistero della Chiesa in opposizione ad ogni relativismo e totalitarismo","breadcrumb":{"@id":"https:\/\/www.rassegnastampa-totustuus.it\/cattolica\/dal-dibattito-sullantifascismo-alla-malattia-morale\/#breadcrumb"},"inLanguage":"it-IT","potentialAction":[{"@type":"ReadAction","target":["https:\/\/www.rassegnastampa-totustuus.it\/cattolica\/dal-dibattito-sullantifascismo-alla-malattia-morale\/"]}]},{"@type":"ImageObject","inLanguage":"it-IT","@id":"https:\/\/www.rassegnastampa-totustuus.it\/cattolica\/dal-dibattito-sullantifascismo-alla-malattia-morale\/#primaryimage","url":"https:\/\/www.rassegnastampa-totustuus.it\/cattolica\/wp-content\/uploads\/2005\/06\/antifascisti.jpg","contentUrl":"https:\/\/www.rassegnastampa-totustuus.it\/cattolica\/wp-content\/uploads\/2005\/06\/antifascisti.jpg","width":259,"height":195},{"@type":"BreadcrumbList","@id":"https:\/\/www.rassegnastampa-totustuus.it\/cattolica\/dal-dibattito-sullantifascismo-alla-malattia-morale\/#breadcrumb","itemListElement":[{"@type":"ListItem","position":1,"name":"Home","item":"https:\/\/www.rassegnastampa-totustuus.it\/cattolica\/"},{"@type":"ListItem","position":2,"name":"Dal dibattito sull\u2019antifascismo alla malattia morale"}]},{"@type":"WebSite","@id":"https:\/\/www.rassegnastampa-totustuus.it\/cattolica\/#website","url":"https:\/\/www.rassegnastampa-totustuus.it\/cattolica\/","name":"Rassegna Stampa Cattolica","description":"Per una cultura che nasce dalla Rivelazione cristiana in conformit\u00e0 alla tradizione e al Magistero della Chiesa in opposizione ad ogni relativismo e totalitarismo","publisher":{"@id":"https:\/\/www.rassegnastampa-totustuus.it\/cattolica\/#organization"},"alternateName":"Rass. Cattolica","potentialAction":[{"@type":"SearchAction","target":{"@type":"EntryPoint","urlTemplate":"https:\/\/www.rassegnastampa-totustuus.it\/cattolica\/?s={search_term_string}"},"query-input":{"@type":"PropertyValueSpecification","valueRequired":true,"valueName":"search_term_string"}}],"inLanguage":"it-IT"},{"@type":"Organization","@id":"https:\/\/www.rassegnastampa-totustuus.it\/cattolica\/#organization","name":"Rassegna Stampa Cattolica","url":"https:\/\/www.rassegnastampa-totustuus.it\/cattolica\/","logo":{"@type":"ImageObject","inLanguage":"it-IT","@id":"https:\/\/www.rassegnastampa-totustuus.it\/cattolica\/#\/schema\/logo\/image\/","url":"https:\/\/www.rassegnastampa-totustuus.it\/cattolica\/wp-content\/uploads\/2014\/04\/logo-rassegna1.gif","contentUrl":"https:\/\/www.rassegnastampa-totustuus.it\/cattolica\/wp-content\/uploads\/2014\/04\/logo-rassegna1.gif","width":600,"height":163,"caption":"Rassegna Stampa Cattolica"},"image":{"@id":"https:\/\/www.rassegnastampa-totustuus.it\/cattolica\/#\/schema\/logo\/image\/"},"sameAs":["https:\/\/www.facebook.com\/rassegnastampacattolica","https:\/\/x.com\/rassegnastampa9"]},{"@type":"Person","@id":"https:\/\/www.rassegnastampa-totustuus.it\/cattolica\/#\/schema\/person\/08f319d2bd1a0904ad9e2bfb7b15e5c3","name":"Redazione","image":{"@type":"ImageObject","inLanguage":"it-IT","@id":"https:\/\/secure.gravatar.com\/avatar\/2fcdf27c78ea025fbdb44e914cc63c72249ffec9dc8aafd5c82b26240ef3f346?s=96&d=mm&r=g","url":"https:\/\/secure.gravatar.com\/avatar\/2fcdf27c78ea025fbdb44e914cc63c72249ffec9dc8aafd5c82b26240ef3f346?s=96&d=mm&r=g","contentUrl":"https:\/\/secure.gravatar.com\/avatar\/2fcdf27c78ea025fbdb44e914cc63c72249ffec9dc8aafd5c82b26240ef3f346?s=96&d=mm&r=g","caption":"Redazione"},"url":"https:\/\/www.rassegnastampa-totustuus.it\/cattolica\/author\/pietroelle\/"}]}},"_links":{"self":[{"href":"https:\/\/www.rassegnastampa-totustuus.it\/cattolica\/wp-json\/wp\/v2\/posts\/652","targetHints":{"allow":["GET"]}}],"collection":[{"href":"https:\/\/www.rassegnastampa-totustuus.it\/cattolica\/wp-json\/wp\/v2\/posts"}],"about":[{"href":"https:\/\/www.rassegnastampa-totustuus.it\/cattolica\/wp-json\/wp\/v2\/types\/post"}],"author":[{"embeddable":true,"href":"https:\/\/www.rassegnastampa-totustuus.it\/cattolica\/wp-json\/wp\/v2\/users\/6"}],"replies":[{"embeddable":true,"href":"https:\/\/www.rassegnastampa-totustuus.it\/cattolica\/wp-json\/wp\/v2\/comments?post=652"}],"version-history":[{"count":5,"href":"https:\/\/www.rassegnastampa-totustuus.it\/cattolica\/wp-json\/wp\/v2\/posts\/652\/revisions"}],"predecessor-version":[{"id":29264,"href":"https:\/\/www.rassegnastampa-totustuus.it\/cattolica\/wp-json\/wp\/v2\/posts\/652\/revisions\/29264"}],"wp:featuredmedia":[{"embeddable":true,"href":"https:\/\/www.rassegnastampa-totustuus.it\/cattolica\/wp-json\/wp\/v2\/media\/29263"}],"wp:attachment":[{"href":"https:\/\/www.rassegnastampa-totustuus.it\/cattolica\/wp-json\/wp\/v2\/media?parent=652"}],"wp:term":[{"taxonomy":"category","embeddable":true,"href":"https:\/\/www.rassegnastampa-totustuus.it\/cattolica\/wp-json\/wp\/v2\/categories?post=652"},{"taxonomy":"post_tag","embeddable":true,"href":"https:\/\/www.rassegnastampa-totustuus.it\/cattolica\/wp-json\/wp\/v2\/tags?post=652"}],"curies":[{"name":"wp","href":"https:\/\/api.w.org\/{rel}","templated":true}]}}