{"id":64968,"date":"2026-09-03T01:00:00","date_gmt":"2026-09-02T23:00:00","guid":{"rendered":"https:\/\/www.rassegnastampa-totustuus.it\/cattolica\/?p=64968"},"modified":"2026-09-02T15:30:47","modified_gmt":"2026-09-02T13:30:47","slug":"woke-il-catalogo-e-questo-breve-rassegna-di-follie-politicamente-corrette","status":"publish","type":"post","link":"https:\/\/www.rassegnastampa-totustuus.it\/cattolica\/woke-il-catalogo-e-questo-breve-rassegna-di-follie-politicamente-corrette\/","title":{"rendered":"Woke, il catalogo \u00e8 questo. Breve rassegna di follie politicamente corrette"},"content":{"rendered":"\n<p class=\"has-text-align-center\"><strong><a href=\"https:\/\/www.ilfoglio.it\/\" target=\"_blank\" rel=\"noreferrer noopener\">Il Foglio<\/a><\/strong> del 29 agosto 2026<\/p>\n\n\n\n<p><em>\u00c8 stata una burla, dicono. Di certo non per le persone linciate ed emarginate. Censura, trigger warning e appropriazione culturale, da Shakespeare a Beethoven, da Cappuccetto Rosso a Picasso. Intanto Trump ringrazia<\/em><\/p>\n\n\n\n<p class=\"has-text-align-center\"><strong>Pierluigi Battista<\/strong><\/p>\n\n\n<div class=\"wp-block-image\">\n<figure class=\"aligncenter size-large is-resized\"><a href=\"https:\/\/www.rassegnastampa-totustuus.it\/cattolica\/wp-content\/uploads\/2021\/08\/Woke_revolution-3.jpg\"><img loading=\"lazy\" decoding=\"async\" width=\"1024\" height=\"614\" src=\"https:\/\/www.rassegnastampa-totustuus.it\/cattolica\/wp-content\/uploads\/2021\/08\/Woke_revolution-3-1024x614.jpg\" alt=\"\" class=\"wp-image-52291\" style=\"width:479px;height:auto\" srcset=\"https:\/\/www.rassegnastampa-totustuus.it\/cattolica\/wp-content\/uploads\/2021\/08\/Woke_revolution-3-1024x614.jpg 1024w, https:\/\/www.rassegnastampa-totustuus.it\/cattolica\/wp-content\/uploads\/2021\/08\/Woke_revolution-3-300x180.jpg 300w, https:\/\/www.rassegnastampa-totustuus.it\/cattolica\/wp-content\/uploads\/2021\/08\/Woke_revolution-3-768x461.jpg 768w, https:\/\/www.rassegnastampa-totustuus.it\/cattolica\/wp-content\/uploads\/2021\/08\/Woke_revolution-3.jpg 1400w\" sizes=\"auto, (max-width: 1024px) 100vw, 1024px\" \/><\/a><\/figure><\/div>\n\n\n<!--more-->\n\n\n\n<p>Finir\u00e0? non finir\u00e0? Si allenter\u00e0 la presa del <em>woke<\/em> e della <em>cancel culture<\/em>, solo perch\u00e9 Alexandria Ocasio-Cortez suggerisce che forse \u00e8 ora di finirla e perch\u00e9 in Italia Conte ne approfitta per sfruculiare la Schlein nel nome della leadership del campo largo? Si dirader\u00e0 la tragedia comica, la commedia tragica, quella fitta cappa di censura, conformismo gregario, bacchettonismo, pruderie oscurantista, allergia alle idee diverse che ha ammorbato il linguaggio delle universit\u00e0, del cinema, delle case editrici? Dicono che \u00e8 stata una burla, ma nella burla negli Stati Uniti e nel Regno Unito molti hanno perso il lavoro, sono stati bullizzati, messi ai margini delle universit\u00e0, linciati nei social fanatizzati. E anche in Italia il vento pestilenziale della censura si \u00e8 fatto sentire, soprattutto a Livorno e a Bologna. Finir\u00e0? Non finir\u00e0? Intanto, madamina, il catalogo \u00e8 questo.<\/p>\n\n\n\n<p>Messa al bando nel tempio accademico di Cambridge del Tito Andronico di Shakespeare: troppi stupri, le studentesse potrebbero offendersi. Cancellazione delle Baccanti di Euripide: discriminazione di genere. Le Supplici di Eschilo bloccate dagli studenti della Sorbona: razzista. La statua abbattuta di Cristoforo Colombo: colonialista. L\u2019iscrizione deturpata dedicata al presidente Lincoln, quello che aveva battuto lo schiavismo: razzista (? s\u00ec). La statua sfregiata di Churchill, quello che ha battuto Hitler: razzista e colonialista. Disarmo della polizia americana, \u201crazzista sistemica\u201d: \u201csistemica\u201d \u00e8 molto grave, non la responsabilit\u00e0 individuale, ma appunto il \u201csistema\u201d. La Disney contro l\u2019\u201cabilismo\u201d di cui si sarebbe macchiata sistemicamente la favola Biancaneve e i sette nani, che tra l\u2019altro nel remake live action si \u00e8 servita dell\u2019intelligenza artificiale per non offendere gli attori di diversamente alta statura; protesta del sindacato di Hollywood degli attori nani che denunciano: \u201cnon possiamo neanche pi\u00f9 lavorare\u201d. I maschi che si percepiscono donne nei centri dove si rifugiano le donne vittime di molestie e violenze sessuali, perci\u00f2 terrorizzate una seconda volta. Genitore 1, Genitore 2 \u2013 et similia \u2013 invece di padre e madre.<\/p>\n\n\n<div class=\"wp-block-image\">\n<figure class=\"aligncenter size-full is-resized\"><a href=\"https:\/\/www.rassegnastampa-totustuus.it\/cattolica\/wp-content\/uploads\/2021\/07\/chiesa_progressisti-gay-gender.jpg\"><img loading=\"lazy\" decoding=\"async\" width=\"274\" height=\"184\" src=\"https:\/\/www.rassegnastampa-totustuus.it\/cattolica\/wp-content\/uploads\/2021\/07\/chiesa_progressisti-gay-gender.jpg\" alt=\"\" class=\"wp-image-52003\" style=\"width:364px;height:auto\"\/><\/a><\/figure><\/div>\n\n\n<p>Le Metamorfosi di Ovidio cancellate dalla Columbia University perch\u00e9 procurano \u201cdanni psichici agli studenti con forti problemi di identit\u00e0\u201d. L* schwa, qualunque pronuncia richieda. L\u2019asterisc*. La censura di Cappuccetto Rosso, \u201cspecista\u201d perch\u00e9 denigra i lupi. L\u2019attacco a Dumbo, \u201cspecista\u201d perch\u00e9 commette \u201cappropriazione culturale\u201d degli elefanti, e colpevole di body shaming perch\u00e9 potrebbe offendere i bambini con le orecchie a sventola (come ero io). Il divieto d\u2019esposizione delle opere di Egon Schiele a Londra per \u201cdivulgazione di immagini offensive per la donna\u201d: un secolo prima a Vienna l\u2019accusa censoria era \u201coscenit\u00e0\u201d. Richiesta di messa all\u2019indice di una mostra di Fernando Botero: body shaming con gli obesi. A New York un gruppo di prestigiosi intellettuali che diffonde un\u2019indignata petizione per far ritirare dalla collezione del Metropolitan Museum una tela di Balthus, Th\u00e9r\u00e8se Revant, perch\u00e9 inciterebbe alla pedofilia \u201cnobilitando il voyeurismo de l\u2019abuso dei bambini\u201d. Il sale della terra della scrittrice Jeanine Cummins accusato di \u201cappropriazione culturale\u201d perch\u00e9 raccontava di migranti messicani, lei bianca. Il film sul musicista ebreo Leonard Bernstein accusato di \u201cappropriazione culturale\u201d perch\u00e9 interpretato da un attore non ebreo. Lo scrittore algerino Kamel Daoud cacciato da Le Monde per aver scritto di \u201cmiseria sessuale del mondo musulmano\u201d, a seguito delle aggressioni alle donne di Colonia nel Capodanno 2015. La parola \u201cdonna\u201d cancellata per mettere al suo posto \u201cpersona con le mestruazioni\u201d. Diritto universale alle mestruazioni anche per chi nasce maschio. La copertina dell\u2019Espresso con il disegno di un uomo incinto e la scritta: \u201cLa diversit\u00e0 \u00e8 ricchezza\u201d. La possibilit\u00e0 di chi ha un elevato livello di testosterone e il cromosoma XY che definisce il sesso biologico maschile di gareggiare negli incontri di boxe categoria donne.<\/p>\n\n\n\n<p>Dai libri di Mark Twain, con parecchi decenni di ritardo, viene espunta la parola \u201cnegro\u201d. Tra i requisiti per la candidatura agli Oscar per il \u201cmiglior film\u201d vengono richiesti almeno due standard da rispettare su quattro che prevedono: che \u201calmeno un attore protagonista debba appartenere a un gruppo etnico o razziale sottorappresentato\u201d; oppure che \u201calmeno il 30 per cento del cast in ruoli minori debba provenire da gruppi sottorappresentati\u201d (donne, minoranze etniche, Lgbtq+ e persone con disabilit\u00e0); oppure che \u201cla trama principale o il tema del film siano incentrati su questi gruppi\u201d: Il Padrino non potrebbe vincere l\u2019Oscar. Molti film western vengono attaccati come manifestazioni di \u201csuprematismo bianco\u201d. La professoressa Kathleen Stock, femminista e lesbica, viene cacciata dall\u2019Universit\u00e0 del Sussex, perch\u00e9 critica nei confronti dei dogmi della teoria del genere. Il linciaggio social di J.K. Rowling, Genitore 1 o similia di Harry Potter, accusata di \u201ctransfobia\u201d e di essere una bieca Terf (Trans Exclusionary Radical Feminist) per aver difeso la realt\u00e0 dell\u2019identit\u00e0 biologica delle donne. Il New York Times, un tempo giornale autorevole, che decide di non nominare pi\u00f9 J.K.Rowling come rappresaglia. Deborah Salomon che sul New York Times attacca il sessista Picasso e scrive \u201cnon sto suggerendo di rimuovere le opere di Picasso dai musei, ma\u2026\u201d. Ma? L\u2019abolizione dei patriarcali jack maschio e jack femmina, in favore di un \u201clinguaggio neutro nell\u2019industria audio\u201d, per collegare amplificatore a cassa acustica. Il finale della Carmen di Bizet stravolto durante un\u2019edizione del Maggio fiorentino (con il consenso dell\u2019allora sindaco di Firenze Nardella) perch\u00e9 l\u2019originale non sarebbe altro che istigazione al \u201cfemminicidio\u201d: \u201cun messaggio culturale, sociale ed etico che denuncia la violenza sulle donne, in aumento in Italia. Anche i maschi che si sentono di essere donne sono donne\u201d.<\/p>\n\n\n<div class=\"wp-block-image\">\n<figure class=\"aligncenter size-full is-resized\"><a href=\"https:\/\/www.rassegnastampa-totustuus.it\/cattolica\/wp-content\/uploads\/2026\/09\/disney_biancaneve.jpg\"><img loading=\"lazy\" decoding=\"async\" width=\"474\" height=\"316\" src=\"https:\/\/www.rassegnastampa-totustuus.it\/cattolica\/wp-content\/uploads\/2026\/09\/disney_biancaneve.jpg\" alt=\"\" class=\"wp-image-64969\" style=\"width:374px;height:auto\" srcset=\"https:\/\/www.rassegnastampa-totustuus.it\/cattolica\/wp-content\/uploads\/2026\/09\/disney_biancaneve.jpg 474w, https:\/\/www.rassegnastampa-totustuus.it\/cattolica\/wp-content\/uploads\/2026\/09\/disney_biancaneve-300x200.jpg 300w\" sizes=\"auto, (max-width: 474px) 100vw, 474px\" \/><\/a><\/figure><\/div>\n\n\n<p>La National Gallery a Londra che viene accusata per aver esposto le opere di Paul Gauguin, messo al bando perch\u00e9 con i ritratti esotici di ragazze (minorenni) polinesiane si \u00e8 dimostrato un \u201cpedofilo perverso\u201d per di pi\u00f9 colonialista e poi \u201cnon dobbiamo pi\u00f9 promuovere i maniaci sessuali\u201d. I libri di Roald Dahl che vengono ripubblicati dalla casa editrice, con il consenso degli eredi, per\u00f2 filtrati da un\u2019agenzia \u201cInclusive Minds\u201d, specializzata nella censura purgativa del linguaggio che cancella \u201cugly\u201d (brutto) e \u201cfat\u201d (grasso). La Special Music School di New York che depenna dai suoi programmi Le petit n\u00e8gre di Claude Debussy per le sue \u201cconnotazioni razziste\u201d. L\u2019esibizione presso la Biennale di una statua che raffigura un pene e sotto la scritta esplicativa \u201cWoman\u201d e conseguente cacciata dell\u2019assessore Pd alla Cultura di Livorno Simone Lenzi che l\u2019aveva scorrettamente perculata. Le aziende americane e inglesi che vengono indotte a istituire programmi Dei (Diversity, Equity, Inclusion) per \u201cpromuovere l\u2019equo trattamento dei gruppi sottorappresentati o sottoposti a discriminazione sulla base della loro identit\u00e0 o disabilit\u00e0\u201d e in uno di questi corsi si dice che il loro scopo virtuoso \u00e8 di \u201cfar prendere coscienza dei privilegi che il fatto di essere bianco, maschio, eterosessuale, comporta\u201d. A Milano la proposta di esibire in una piazza cittadina l\u2019opera di bronzo della scultrice Vera Omodeo intitolata <em>Dal latte materno veniamo<\/em> viene bocciata dalla Commissione perch\u00e9 presenta \u201cvalori certamente rispettabili ma non universalmente condivisibili da tutti i cittadini\u201d (da notare, senza il corretto asterisco, ahi). Alla fine del 2022 la Scozia che approva il <em>Gender Recognition Act<\/em> che consente il cambiamento di genere gi\u00e0 a 16 anni, \u201csenza pareri medici o legali\u201d, per poi frenare.<\/p>\n\n\n\n<p>In campo musicale Il flauto magico di Wolfgang Amadeus Mozart viene deplorato per il suo \u201crazzismo\u201d (??).<\/p>\n\n\n\n<p>Sentenza di severa condanna postuma pronunciata dal <em>Washington Post<\/em> secondo il cui augusto parere anche la Quinta di Ludwig van Beethoven sarebbe \u201cil simbolo della superiorit\u00e0 dell\u2019uomo bianco\u201d: Beethoven \u201csuprematista\u201d sebbene non udente. La casa editrice Random House che pubblica una raccolta di saggi di Norman Mailer per il centenario della nascita dello scrittore, ma strappa via, tra le proteste del figlio, il saggio <em>The White Negro<\/em>. Gli editori americani che si rifiutano di pubblicare A proposito di niente di Woody Allen, pur dichiarato innocente da tutte le accuse di protervia sessuale (in Italia pubblicato grazie alla Nave di Teseo). La casa editrice americana Vintage, area Penguin, che avverte allarmata i suoi lettori (in <em>wokese<\/em>: \u201ctrigger warning\u201d) che nel <em>Grande sonno<\/em> di Raymond Chandler sono contenute \u201crappresentazioni culturali e linguaggio obsoleti\u201d, povero Humphrey Bogart. Lo stesso <em>trigger warning<\/em> viene esibito, con espressioni analoghe, perch\u00e9 la loro ripubblicazione non suoni come \u201capprovazione delle rappresentazioni culturali\u201d delle opere di Hemingway, di Ian Fleming e persino di <em>Gita al faro<\/em> di Virginia Woolf (??). Una casa editrice americana che manda al macero la biografia di Philip Roth (gi\u00e0 contestato come \u201cmisogino bianco eterosessuale\u201d) scritta da Blake Bailey accusato di molestie sessuali ma ancora non raggiunto da una sentenza di condanna (libro poi in Italia pubblicato grazie alla Einaudi). Nel Sussex viene messa al bando la rappresentazione della <em>Signorina Julie<\/em> di August Strindberg, perch\u00e9 ci sono troppi \u201cdialoghi sul suicidio\u201d che potrebbero avere \u201cpotenziali effetti psicologici\u201d sugli spettatori pi\u00f9 fragili. L\u2019Universit\u00e0 di Cardiff ha bandito <em>Pasto nudo<\/em> di William Burroughs a causa del suo \u201clinguaggio scioccante e controverso\u201d che potrebbe destabilizzare le studentesse. A Princeton viene sradicato dai programmi universitari <em>Cicerone<\/em>, bollato con infamia come \u201csuprematista bianco\u201d. A Berlino viene sospeso il balletto dello <em>Schiaccianoci <\/em>di Ciaikovskij perch\u00e9 nell\u2019opera ci sono troppi personaggi cinesi, ma non essendoci nel corpo di ballo ballerini cinesi si era deciso di mascherare ballerini tedeschi come fossero cinesi: \u201cappropriazione culturale\u201d che inoltre conteneva un \u201cmessaggio razzista\u201d, una copia del mai troppo vituperato \u201cblackface\u201d. Viene allestita una nuova trasposizione del <em>Grande Gatsby<\/em> ambientata in una comunit\u00e0 afroamericana di New York per raccontare una storia \u201cpi\u00f9 inclusiva\u201d in particolare \u201cattraverso le moderne lenti del genere e della razza\u201d. In Canada si bruciano cinquemila libri per ragazzi, tra cui Asterix e Tin,<\/p>\n\n\n<div class=\"wp-block-image\">\n<figure class=\"aligncenter size-large is-resized\"><a href=\"https:\/\/www.rassegnastampa-totustuus.it\/cattolica\/wp-content\/uploads\/2019\/11\/libri.jpeg\"><img loading=\"lazy\" decoding=\"async\" width=\"1024\" height=\"683\" src=\"https:\/\/www.rassegnastampa-totustuus.it\/cattolica\/wp-content\/uploads\/2019\/11\/libri-1024x683.jpeg\" alt=\"\" class=\"wp-image-44983\" style=\"width:408px;height:auto\" srcset=\"https:\/\/www.rassegnastampa-totustuus.it\/cattolica\/wp-content\/uploads\/2019\/11\/libri-1024x683.jpeg 1024w, https:\/\/www.rassegnastampa-totustuus.it\/cattolica\/wp-content\/uploads\/2019\/11\/libri-300x200.jpeg 300w, https:\/\/www.rassegnastampa-totustuus.it\/cattolica\/wp-content\/uploads\/2019\/11\/libri-768x512.jpeg 768w, https:\/\/www.rassegnastampa-totustuus.it\/cattolica\/wp-content\/uploads\/2019\/11\/libri.jpeg 1536w\" sizes=\"auto, (max-width: 1024px) 100vw, 1024px\" \/><\/a><\/figure><\/div>\n\n\n<p>La bella addormentata nel bosco viene messa sotto accusa perch\u00e9 il principe bacia la protagonista nel sonno, come suggerisce il titolo stesso, senza esplicito consenso della baciata e molestata. La Disney si \u00e8 scusata perch\u00e9 secondo l\u2019Universit\u00e0 di Aberdeen nel <em>Peter Pan <\/em>si fa uso di un linguaggio offensivo (?) e soprattutto sono presenti inammissibili \u201cstereotipi di genere\u201d. Vengono ritirate in una biblioteca scolastica del Tennessee il celebre graphic novel di Art Spiegelmann dedicato alla Shoah, <em>Maus<\/em>, perch\u00e9 il contenuto \u00e8 \u201ctroppo duro per gli studenti\u201d che potrebbero risentirne traumaticamente. La casa editrice olandese Blossom Books pubblica l\u2019opera di Dante orfana del XXVIII Canto dell\u2019Inferno che contiene un passaggio non precisamente benevolo nei confronti di Maometto: Dante \u201cislamofobo\u201d. La direttrice della casa-museo di Jane Austen dichiara di voler cambiare denominazione all\u2019edificio e al suo prezioso contenuto perch\u00e9 la famiglia della scrittrice \u00e8 sospettata di \u201ccomplicit\u00e0 attiva con il colonialismo\u201d, essendo il padre della Austen amministratore di una piantagione di zucchero di Antigua. Negli Stati Uniti formano un corteo nei pressi della sede di Netflix per chiedere la cancellazione del comico Dave Chapelle perch\u00e9 nel suo repertorio c\u2019\u00e8 una battuta (troppo) salace sui trans, ma Caitlyn Jenner, icona transgender, salva il comico dal linciaggio: \u201cha ragione al 100 per cento\u201d. A Bologna viene negata la presentazione di un libro delle filosofe Adriana Cavarero e Olivia Guaraldo, <em>Donne si nasce<\/em> (<em>e qualche volta lo si diventa<\/em>), per le rumorose \u201ccontestazioni troppo passionali che abbiamo ricevuto dal collettivo Non una di meno\u201d, come ha riferito con un certo imbarazzo l\u2019organizzatrice dell\u2019evento miseramente saltato. E infine, provvisoriamente: il presidente della Los Angeles Opera, Christopher Koelsch, ha dovuto scusarsi \u201cdi essere bianco\u201d.<\/p>\n\n\n\n<p>Finir\u00e0? Non finir\u00e0? Nel frattempo, Donald Trump sentitamente ringrazia.<\/p>\n","protected":false},"excerpt":{"rendered":"<p>Il Foglio del 29 agosto 2026 \u00c8 stata una burla, dicono. Di certo non per le persone linciate ed emarginate. Censura, trigger warning e appropriazione culturale, da Shakespeare a Beethoven, da Cappuccetto Rosso a Picasso. Intanto Trump ringrazia Pierluigi Battista<\/p><p><a class=\"more-link btn\" href=\"https:\/\/www.rassegnastampa-totustuus.it\/cattolica\/woke-il-catalogo-e-questo-breve-rassegna-di-follie-politicamente-corrette\/\">Continua a leggere<\/a><\/p>\n","protected":false},"author":6,"featured_media":52291,"comment_status":"closed","ping_status":"closed","sticky":false,"template":"","format":"standard","meta":{"footnotes":""},"categories":[7,2943,80],"tags":[926,2874],"class_list":["post-64968","post","type-post","status-publish","format-standard","has-post-thumbnail","hentry","category-costume","category-sinistre","category-totalitarismo","tag-ideologie","tag-woke-revolution","item-wrap"],"yoast_head":"<!-- This site is optimized with the Yoast SEO plugin v28.2 - https:\/\/yoast.com\/product\/yoast-seo-wordpress\/ -->\n<title>Woke, il catalogo \u00e8 questo. Breve rassegna di follie politicamente corrette - Rassegna Stampa Cattolica<\/title>\n<meta name=\"description\" content=\"Woke, il catalogo \u00e8 questo. Breve rassegna di follie politicamente corrette che hanno ammorbato le nostre societ\u00e0\" \/>\n<meta name=\"robots\" content=\"index, follow, max-snippet:-1, max-image-preview:large, max-video-preview:-1\" \/>\n<link rel=\"canonical\" href=\"https:\/\/www.rassegnastampa-totustuus.it\/cattolica\/woke-il-catalogo-e-questo-breve-rassegna-di-follie-politicamente-corrette\/\" \/>\n<meta property=\"og:locale\" content=\"it_IT\" \/>\n<meta property=\"og:type\" content=\"article\" \/>\n<meta property=\"og:title\" content=\"Woke, il catalogo \u00e8 questo. Breve rassegna di follie politicamente corrette - Rassegna Stampa Cattolica\" \/>\n<meta property=\"og:description\" content=\"Woke, il catalogo \u00e8 questo. Breve rassegna di follie politicamente corrette che hanno ammorbato le nostre societ\u00e0\" \/>\n<meta property=\"og:url\" content=\"https:\/\/www.rassegnastampa-totustuus.it\/cattolica\/woke-il-catalogo-e-questo-breve-rassegna-di-follie-politicamente-corrette\/\" \/>\n<meta property=\"og:site_name\" content=\"Rassegna Stampa Cattolica\" \/>\n<meta property=\"article:publisher\" content=\"https:\/\/www.facebook.com\/rassegnastampacattolica\" \/>\n<meta property=\"article:published_time\" content=\"2026-09-02T23:00:00+00:00\" \/>\n<meta property=\"og:image\" content=\"https:\/\/www.rassegnastampa-totustuus.it\/cattolica\/wp-content\/uploads\/2021\/08\/Woke_revolution-3.jpg\" \/>\n\t<meta property=\"og:image:width\" content=\"1400\" \/>\n\t<meta property=\"og:image:height\" content=\"840\" \/>\n\t<meta property=\"og:image:type\" content=\"image\/jpeg\" \/>\n<meta name=\"author\" content=\"Redazione\" \/>\n<meta name=\"twitter:card\" content=\"summary_large_image\" \/>\n<meta name=\"twitter:creator\" content=\"@rassegnastampa9\" \/>\n<meta name=\"twitter:site\" content=\"@rassegnastampa9\" \/>\n<meta name=\"twitter:label1\" content=\"Scritto da\" \/>\n\t<meta name=\"twitter:data1\" content=\"Redazione\" \/>\n\t<meta name=\"twitter:label2\" content=\"Tempo di lettura stimato\" \/>\n\t<meta name=\"twitter:data2\" content=\"11 minuti\" \/>\n<script type=\"application\/ld+json\" class=\"yoast-schema-graph\">{\"@context\":\"https:\\\/\\\/schema.org\",\"@graph\":[{\"@type\":\"Article\",\"@id\":\"https:\\\/\\\/www.rassegnastampa-totustuus.it\\\/cattolica\\\/woke-il-catalogo-e-questo-breve-rassegna-di-follie-politicamente-corrette\\\/#article\",\"isPartOf\":{\"@id\":\"https:\\\/\\\/www.rassegnastampa-totustuus.it\\\/cattolica\\\/woke-il-catalogo-e-questo-breve-rassegna-di-follie-politicamente-corrette\\\/\"},\"author\":{\"name\":\"Redazione\",\"@id\":\"https:\\\/\\\/www.rassegnastampa-totustuus.it\\\/cattolica\\\/#\\\/schema\\\/person\\\/08f319d2bd1a0904ad9e2bfb7b15e5c3\"},\"headline\":\"Woke, il catalogo \u00e8 questo. Breve rassegna di follie politicamente corrette\",\"datePublished\":\"2026-09-02T23:00:00+00:00\",\"mainEntityOfPage\":{\"@id\":\"https:\\\/\\\/www.rassegnastampa-totustuus.it\\\/cattolica\\\/woke-il-catalogo-e-questo-breve-rassegna-di-follie-politicamente-corrette\\\/\"},\"wordCount\":1898,\"publisher\":{\"@id\":\"https:\\\/\\\/www.rassegnastampa-totustuus.it\\\/cattolica\\\/#organization\"},\"image\":{\"@id\":\"https:\\\/\\\/www.rassegnastampa-totustuus.it\\\/cattolica\\\/woke-il-catalogo-e-questo-breve-rassegna-di-follie-politicamente-corrette\\\/#primaryimage\"},\"thumbnailUrl\":\"https:\\\/\\\/www.rassegnastampa-totustuus.it\\\/cattolica\\\/wp-content\\\/uploads\\\/2021\\\/08\\\/Woke_revolution-3.jpg\",\"keywords\":[\"ideologie\",\"woke revolution\"],\"articleSection\":[\"Costume\",\"sinistre\",\"Totalitarismo\"],\"inLanguage\":\"it-IT\"},{\"@type\":\"WebPage\",\"@id\":\"https:\\\/\\\/www.rassegnastampa-totustuus.it\\\/cattolica\\\/woke-il-catalogo-e-questo-breve-rassegna-di-follie-politicamente-corrette\\\/\",\"url\":\"https:\\\/\\\/www.rassegnastampa-totustuus.it\\\/cattolica\\\/woke-il-catalogo-e-questo-breve-rassegna-di-follie-politicamente-corrette\\\/\",\"name\":\"Woke, il catalogo \u00e8 questo. Breve rassegna di follie politicamente corrette - Rassegna Stampa Cattolica\",\"isPartOf\":{\"@id\":\"https:\\\/\\\/www.rassegnastampa-totustuus.it\\\/cattolica\\\/#website\"},\"primaryImageOfPage\":{\"@id\":\"https:\\\/\\\/www.rassegnastampa-totustuus.it\\\/cattolica\\\/woke-il-catalogo-e-questo-breve-rassegna-di-follie-politicamente-corrette\\\/#primaryimage\"},\"image\":{\"@id\":\"https:\\\/\\\/www.rassegnastampa-totustuus.it\\\/cattolica\\\/woke-il-catalogo-e-questo-breve-rassegna-di-follie-politicamente-corrette\\\/#primaryimage\"},\"thumbnailUrl\":\"https:\\\/\\\/www.rassegnastampa-totustuus.it\\\/cattolica\\\/wp-content\\\/uploads\\\/2021\\\/08\\\/Woke_revolution-3.jpg\",\"datePublished\":\"2026-09-02T23:00:00+00:00\",\"description\":\"Woke, il catalogo \u00e8 questo. Breve rassegna di follie politicamente corrette che hanno ammorbato le nostre societ\u00e0\",\"breadcrumb\":{\"@id\":\"https:\\\/\\\/www.rassegnastampa-totustuus.it\\\/cattolica\\\/woke-il-catalogo-e-questo-breve-rassegna-di-follie-politicamente-corrette\\\/#breadcrumb\"},\"inLanguage\":\"it-IT\",\"potentialAction\":[{\"@type\":\"ReadAction\",\"target\":[\"https:\\\/\\\/www.rassegnastampa-totustuus.it\\\/cattolica\\\/woke-il-catalogo-e-questo-breve-rassegna-di-follie-politicamente-corrette\\\/\"]}]},{\"@type\":\"ImageObject\",\"inLanguage\":\"it-IT\",\"@id\":\"https:\\\/\\\/www.rassegnastampa-totustuus.it\\\/cattolica\\\/woke-il-catalogo-e-questo-breve-rassegna-di-follie-politicamente-corrette\\\/#primaryimage\",\"url\":\"https:\\\/\\\/www.rassegnastampa-totustuus.it\\\/cattolica\\\/wp-content\\\/uploads\\\/2021\\\/08\\\/Woke_revolution-3.jpg\",\"contentUrl\":\"https:\\\/\\\/www.rassegnastampa-totustuus.it\\\/cattolica\\\/wp-content\\\/uploads\\\/2021\\\/08\\\/Woke_revolution-3.jpg\",\"width\":1400,\"height\":840,\"caption\":\"Amityville, N.Y.: Protestors march against racism and police brutality on Broadway in Amityville, New York on on July 5, 2020. (Photo by Thomas A. Ferrara\\\/Newsday RM via Getty Images)\"},{\"@type\":\"BreadcrumbList\",\"@id\":\"https:\\\/\\\/www.rassegnastampa-totustuus.it\\\/cattolica\\\/woke-il-catalogo-e-questo-breve-rassegna-di-follie-politicamente-corrette\\\/#breadcrumb\",\"itemListElement\":[{\"@type\":\"ListItem\",\"position\":1,\"name\":\"Home\",\"item\":\"https:\\\/\\\/www.rassegnastampa-totustuus.it\\\/cattolica\\\/\"},{\"@type\":\"ListItem\",\"position\":2,\"name\":\"Woke, il catalogo \u00e8 questo. Breve rassegna di follie politicamente corrette\"}]},{\"@type\":\"WebSite\",\"@id\":\"https:\\\/\\\/www.rassegnastampa-totustuus.it\\\/cattolica\\\/#website\",\"url\":\"https:\\\/\\\/www.rassegnastampa-totustuus.it\\\/cattolica\\\/\",\"name\":\"Rassegna Stampa Cattolica\",\"description\":\"Per una cultura che nasce dalla Rivelazione cristiana in conformit\u00e0 alla tradizione e al Magistero della Chiesa in opposizione ad ogni relativismo e totalitarismo\",\"publisher\":{\"@id\":\"https:\\\/\\\/www.rassegnastampa-totustuus.it\\\/cattolica\\\/#organization\"},\"alternateName\":\"Rass. Cattolica\",\"potentialAction\":[{\"@type\":\"SearchAction\",\"target\":{\"@type\":\"EntryPoint\",\"urlTemplate\":\"https:\\\/\\\/www.rassegnastampa-totustuus.it\\\/cattolica\\\/?s={search_term_string}\"},\"query-input\":{\"@type\":\"PropertyValueSpecification\",\"valueRequired\":true,\"valueName\":\"search_term_string\"}}],\"inLanguage\":\"it-IT\"},{\"@type\":\"Organization\",\"@id\":\"https:\\\/\\\/www.rassegnastampa-totustuus.it\\\/cattolica\\\/#organization\",\"name\":\"Rassegna Stampa Cattolica\",\"url\":\"https:\\\/\\\/www.rassegnastampa-totustuus.it\\\/cattolica\\\/\",\"logo\":{\"@type\":\"ImageObject\",\"inLanguage\":\"it-IT\",\"@id\":\"https:\\\/\\\/www.rassegnastampa-totustuus.it\\\/cattolica\\\/#\\\/schema\\\/logo\\\/image\\\/\",\"url\":\"https:\\\/\\\/www.rassegnastampa-totustuus.it\\\/cattolica\\\/wp-content\\\/uploads\\\/2014\\\/04\\\/logo-rassegna1.gif\",\"contentUrl\":\"https:\\\/\\\/www.rassegnastampa-totustuus.it\\\/cattolica\\\/wp-content\\\/uploads\\\/2014\\\/04\\\/logo-rassegna1.gif\",\"width\":600,\"height\":163,\"caption\":\"Rassegna Stampa Cattolica\"},\"image\":{\"@id\":\"https:\\\/\\\/www.rassegnastampa-totustuus.it\\\/cattolica\\\/#\\\/schema\\\/logo\\\/image\\\/\"},\"sameAs\":[\"https:\\\/\\\/www.facebook.com\\\/rassegnastampacattolica\",\"https:\\\/\\\/x.com\\\/rassegnastampa9\"]},{\"@type\":\"Person\",\"@id\":\"https:\\\/\\\/www.rassegnastampa-totustuus.it\\\/cattolica\\\/#\\\/schema\\\/person\\\/08f319d2bd1a0904ad9e2bfb7b15e5c3\",\"name\":\"Redazione\",\"image\":{\"@type\":\"ImageObject\",\"inLanguage\":\"it-IT\",\"@id\":\"https:\\\/\\\/secure.gravatar.com\\\/avatar\\\/2fcdf27c78ea025fbdb44e914cc63c72249ffec9dc8aafd5c82b26240ef3f346?s=96&d=mm&r=g\",\"url\":\"https:\\\/\\\/secure.gravatar.com\\\/avatar\\\/2fcdf27c78ea025fbdb44e914cc63c72249ffec9dc8aafd5c82b26240ef3f346?s=96&d=mm&r=g\",\"contentUrl\":\"https:\\\/\\\/secure.gravatar.com\\\/avatar\\\/2fcdf27c78ea025fbdb44e914cc63c72249ffec9dc8aafd5c82b26240ef3f346?s=96&d=mm&r=g\",\"caption\":\"Redazione\"},\"url\":\"https:\\\/\\\/www.rassegnastampa-totustuus.it\\\/cattolica\\\/author\\\/pietroelle\\\/\"}]}<\/script>\n<!-- \/ Yoast SEO plugin. -->","yoast_head_json":{"title":"Woke, il catalogo \u00e8 questo. Breve rassegna di follie politicamente corrette - Rassegna Stampa Cattolica","description":"Woke, il catalogo \u00e8 questo. Breve rassegna di follie politicamente corrette che hanno ammorbato le nostre societ\u00e0","robots":{"index":"index","follow":"follow","max-snippet":"max-snippet:-1","max-image-preview":"max-image-preview:large","max-video-preview":"max-video-preview:-1"},"canonical":"https:\/\/www.rassegnastampa-totustuus.it\/cattolica\/woke-il-catalogo-e-questo-breve-rassegna-di-follie-politicamente-corrette\/","og_locale":"it_IT","og_type":"article","og_title":"Woke, il catalogo \u00e8 questo. Breve rassegna di follie politicamente corrette - Rassegna Stampa Cattolica","og_description":"Woke, il catalogo \u00e8 questo. Breve rassegna di follie politicamente corrette che hanno ammorbato le nostre societ\u00e0","og_url":"https:\/\/www.rassegnastampa-totustuus.it\/cattolica\/woke-il-catalogo-e-questo-breve-rassegna-di-follie-politicamente-corrette\/","og_site_name":"Rassegna Stampa Cattolica","article_publisher":"https:\/\/www.facebook.com\/rassegnastampacattolica","article_published_time":"2026-09-02T23:00:00+00:00","og_image":[{"width":1400,"height":840,"url":"https:\/\/www.rassegnastampa-totustuus.it\/cattolica\/wp-content\/uploads\/2021\/08\/Woke_revolution-3.jpg","type":"image\/jpeg"}],"author":"Redazione","twitter_card":"summary_large_image","twitter_creator":"@rassegnastampa9","twitter_site":"@rassegnastampa9","twitter_misc":{"Scritto da":"Redazione","Tempo di lettura stimato":"11 minuti"},"schema":{"@context":"https:\/\/schema.org","@graph":[{"@type":"Article","@id":"https:\/\/www.rassegnastampa-totustuus.it\/cattolica\/woke-il-catalogo-e-questo-breve-rassegna-di-follie-politicamente-corrette\/#article","isPartOf":{"@id":"https:\/\/www.rassegnastampa-totustuus.it\/cattolica\/woke-il-catalogo-e-questo-breve-rassegna-di-follie-politicamente-corrette\/"},"author":{"name":"Redazione","@id":"https:\/\/www.rassegnastampa-totustuus.it\/cattolica\/#\/schema\/person\/08f319d2bd1a0904ad9e2bfb7b15e5c3"},"headline":"Woke, il catalogo \u00e8 questo. Breve rassegna di follie politicamente corrette","datePublished":"2026-09-02T23:00:00+00:00","mainEntityOfPage":{"@id":"https:\/\/www.rassegnastampa-totustuus.it\/cattolica\/woke-il-catalogo-e-questo-breve-rassegna-di-follie-politicamente-corrette\/"},"wordCount":1898,"publisher":{"@id":"https:\/\/www.rassegnastampa-totustuus.it\/cattolica\/#organization"},"image":{"@id":"https:\/\/www.rassegnastampa-totustuus.it\/cattolica\/woke-il-catalogo-e-questo-breve-rassegna-di-follie-politicamente-corrette\/#primaryimage"},"thumbnailUrl":"https:\/\/www.rassegnastampa-totustuus.it\/cattolica\/wp-content\/uploads\/2021\/08\/Woke_revolution-3.jpg","keywords":["ideologie","woke revolution"],"articleSection":["Costume","sinistre","Totalitarismo"],"inLanguage":"it-IT"},{"@type":"WebPage","@id":"https:\/\/www.rassegnastampa-totustuus.it\/cattolica\/woke-il-catalogo-e-questo-breve-rassegna-di-follie-politicamente-corrette\/","url":"https:\/\/www.rassegnastampa-totustuus.it\/cattolica\/woke-il-catalogo-e-questo-breve-rassegna-di-follie-politicamente-corrette\/","name":"Woke, il catalogo \u00e8 questo. Breve rassegna di follie politicamente corrette - Rassegna Stampa Cattolica","isPartOf":{"@id":"https:\/\/www.rassegnastampa-totustuus.it\/cattolica\/#website"},"primaryImageOfPage":{"@id":"https:\/\/www.rassegnastampa-totustuus.it\/cattolica\/woke-il-catalogo-e-questo-breve-rassegna-di-follie-politicamente-corrette\/#primaryimage"},"image":{"@id":"https:\/\/www.rassegnastampa-totustuus.it\/cattolica\/woke-il-catalogo-e-questo-breve-rassegna-di-follie-politicamente-corrette\/#primaryimage"},"thumbnailUrl":"https:\/\/www.rassegnastampa-totustuus.it\/cattolica\/wp-content\/uploads\/2021\/08\/Woke_revolution-3.jpg","datePublished":"2026-09-02T23:00:00+00:00","description":"Woke, il catalogo \u00e8 questo. Breve rassegna di follie politicamente corrette che hanno ammorbato le nostre societ\u00e0","breadcrumb":{"@id":"https:\/\/www.rassegnastampa-totustuus.it\/cattolica\/woke-il-catalogo-e-questo-breve-rassegna-di-follie-politicamente-corrette\/#breadcrumb"},"inLanguage":"it-IT","potentialAction":[{"@type":"ReadAction","target":["https:\/\/www.rassegnastampa-totustuus.it\/cattolica\/woke-il-catalogo-e-questo-breve-rassegna-di-follie-politicamente-corrette\/"]}]},{"@type":"ImageObject","inLanguage":"it-IT","@id":"https:\/\/www.rassegnastampa-totustuus.it\/cattolica\/woke-il-catalogo-e-questo-breve-rassegna-di-follie-politicamente-corrette\/#primaryimage","url":"https:\/\/www.rassegnastampa-totustuus.it\/cattolica\/wp-content\/uploads\/2021\/08\/Woke_revolution-3.jpg","contentUrl":"https:\/\/www.rassegnastampa-totustuus.it\/cattolica\/wp-content\/uploads\/2021\/08\/Woke_revolution-3.jpg","width":1400,"height":840,"caption":"Amityville, N.Y.: Protestors march against racism and police brutality on Broadway in Amityville, New York on on July 5, 2020. (Photo by Thomas A. Ferrara\/Newsday RM via Getty Images)"},{"@type":"BreadcrumbList","@id":"https:\/\/www.rassegnastampa-totustuus.it\/cattolica\/woke-il-catalogo-e-questo-breve-rassegna-di-follie-politicamente-corrette\/#breadcrumb","itemListElement":[{"@type":"ListItem","position":1,"name":"Home","item":"https:\/\/www.rassegnastampa-totustuus.it\/cattolica\/"},{"@type":"ListItem","position":2,"name":"Woke, il catalogo \u00e8 questo. Breve rassegna di follie politicamente corrette"}]},{"@type":"WebSite","@id":"https:\/\/www.rassegnastampa-totustuus.it\/cattolica\/#website","url":"https:\/\/www.rassegnastampa-totustuus.it\/cattolica\/","name":"Rassegna Stampa Cattolica","description":"Per una cultura che nasce dalla Rivelazione cristiana in conformit\u00e0 alla tradizione e al Magistero della Chiesa in opposizione ad ogni relativismo e totalitarismo","publisher":{"@id":"https:\/\/www.rassegnastampa-totustuus.it\/cattolica\/#organization"},"alternateName":"Rass. Cattolica","potentialAction":[{"@type":"SearchAction","target":{"@type":"EntryPoint","urlTemplate":"https:\/\/www.rassegnastampa-totustuus.it\/cattolica\/?s={search_term_string}"},"query-input":{"@type":"PropertyValueSpecification","valueRequired":true,"valueName":"search_term_string"}}],"inLanguage":"it-IT"},{"@type":"Organization","@id":"https:\/\/www.rassegnastampa-totustuus.it\/cattolica\/#organization","name":"Rassegna Stampa Cattolica","url":"https:\/\/www.rassegnastampa-totustuus.it\/cattolica\/","logo":{"@type":"ImageObject","inLanguage":"it-IT","@id":"https:\/\/www.rassegnastampa-totustuus.it\/cattolica\/#\/schema\/logo\/image\/","url":"https:\/\/www.rassegnastampa-totustuus.it\/cattolica\/wp-content\/uploads\/2014\/04\/logo-rassegna1.gif","contentUrl":"https:\/\/www.rassegnastampa-totustuus.it\/cattolica\/wp-content\/uploads\/2014\/04\/logo-rassegna1.gif","width":600,"height":163,"caption":"Rassegna Stampa Cattolica"},"image":{"@id":"https:\/\/www.rassegnastampa-totustuus.it\/cattolica\/#\/schema\/logo\/image\/"},"sameAs":["https:\/\/www.facebook.com\/rassegnastampacattolica","https:\/\/x.com\/rassegnastampa9"]},{"@type":"Person","@id":"https:\/\/www.rassegnastampa-totustuus.it\/cattolica\/#\/schema\/person\/08f319d2bd1a0904ad9e2bfb7b15e5c3","name":"Redazione","image":{"@type":"ImageObject","inLanguage":"it-IT","@id":"https:\/\/secure.gravatar.com\/avatar\/2fcdf27c78ea025fbdb44e914cc63c72249ffec9dc8aafd5c82b26240ef3f346?s=96&d=mm&r=g","url":"https:\/\/secure.gravatar.com\/avatar\/2fcdf27c78ea025fbdb44e914cc63c72249ffec9dc8aafd5c82b26240ef3f346?s=96&d=mm&r=g","contentUrl":"https:\/\/secure.gravatar.com\/avatar\/2fcdf27c78ea025fbdb44e914cc63c72249ffec9dc8aafd5c82b26240ef3f346?s=96&d=mm&r=g","caption":"Redazione"},"url":"https:\/\/www.rassegnastampa-totustuus.it\/cattolica\/author\/pietroelle\/"}]}},"_links":{"self":[{"href":"https:\/\/www.rassegnastampa-totustuus.it\/cattolica\/wp-json\/wp\/v2\/posts\/64968","targetHints":{"allow":["GET"]}}],"collection":[{"href":"https:\/\/www.rassegnastampa-totustuus.it\/cattolica\/wp-json\/wp\/v2\/posts"}],"about":[{"href":"https:\/\/www.rassegnastampa-totustuus.it\/cattolica\/wp-json\/wp\/v2\/types\/post"}],"author":[{"embeddable":true,"href":"https:\/\/www.rassegnastampa-totustuus.it\/cattolica\/wp-json\/wp\/v2\/users\/6"}],"replies":[{"embeddable":true,"href":"https:\/\/www.rassegnastampa-totustuus.it\/cattolica\/wp-json\/wp\/v2\/comments?post=64968"}],"version-history":[{"count":1,"href":"https:\/\/www.rassegnastampa-totustuus.it\/cattolica\/wp-json\/wp\/v2\/posts\/64968\/revisions"}],"predecessor-version":[{"id":64970,"href":"https:\/\/www.rassegnastampa-totustuus.it\/cattolica\/wp-json\/wp\/v2\/posts\/64968\/revisions\/64970"}],"wp:featuredmedia":[{"embeddable":true,"href":"https:\/\/www.rassegnastampa-totustuus.it\/cattolica\/wp-json\/wp\/v2\/media\/52291"}],"wp:attachment":[{"href":"https:\/\/www.rassegnastampa-totustuus.it\/cattolica\/wp-json\/wp\/v2\/media?parent=64968"}],"wp:term":[{"taxonomy":"category","embeddable":true,"href":"https:\/\/www.rassegnastampa-totustuus.it\/cattolica\/wp-json\/wp\/v2\/categories?post=64968"},{"taxonomy":"post_tag","embeddable":true,"href":"https:\/\/www.rassegnastampa-totustuus.it\/cattolica\/wp-json\/wp\/v2\/tags?post=64968"}],"curies":[{"name":"wp","href":"https:\/\/api.w.org\/{rel}","templated":true}]}}