{"id":64952,"date":"2026-09-03T01:00:00","date_gmt":"2026-09-02T23:00:00","guid":{"rendered":"https:\/\/www.rassegnastampa-totustuus.it\/cattolica\/?p=64952"},"modified":"2026-09-01T16:40:49","modified_gmt":"2026-09-01T14:40:49","slug":"il-crollo-della-natalita-italiana-e-strutturale","status":"publish","type":"post","link":"https:\/\/www.rassegnastampa-totustuus.it\/cattolica\/il-crollo-della-natalita-italiana-e-strutturale\/","title":{"rendered":"Il crollo della natalit\u00e0 italiana? \u00c8 \u201cstrutturale\u201d"},"content":{"rendered":"\n<p class=\"has-text-align-center\"><strong><a href=\"https:\/\/www.radicicristiane.it\/\" target=\"_blank\" rel=\"noreferrer noopener\">Radici Cristiane <\/a><\/strong>n. 195 luglio-agosto 2026<\/p>\n\n\n\n<p class=\"has-text-align-center\"><em>Presentato a Roma il Dossier 2026 della <\/em>Fondazione per la Natalit\u00e0<\/p>\n\n\n\n<p class=\"has-text-align-center\">di<strong> <a href=\"https:\/\/www.edizionisolfanelli.it\/giuseppebrienza.htm\" target=\"_blank\" rel=\"noreferrer noopener\">Giuseppe Brienza<\/a><\/strong><\/p>\n\n\n\n<p>C\u2019\u00e8 stato un tempo in cui in Italia nasceva quasi un milione di bambini ogni anno.<\/p>\n\n\n\n<p>Nel 1964, ad esempio, sono nati 1.016.120 bambini ma, anche solo vent\u2019anni fa, nel 1995, sono stati 526.000 i nati\/anno. Nel 2025, invece, le nascite si sono attestate a 355.000, nuovo minimo storico per il nostro Paese che segna un calo del 3,9% rispetto all&#8217;anno precedente.<\/p>\n\n\n<div class=\"wp-block-image\">\n<figure class=\"aligncenter size-large is-resized\"><a href=\"https:\/\/www.rassegnastampa-totustuus.it\/cattolica\/wp-content\/uploads\/2020\/07\/denatalit\u00e0_Italia_demografia.jpg\"><img loading=\"lazy\" decoding=\"async\" width=\"1024\" height=\"296\" src=\"https:\/\/www.rassegnastampa-totustuus.it\/cattolica\/wp-content\/uploads\/2020\/07\/denatalit\u00e0_Italia_demografia-1024x296.jpg\" alt=\"\" class=\"wp-image-47846\" style=\"width:567px;height:auto\" srcset=\"https:\/\/www.rassegnastampa-totustuus.it\/cattolica\/wp-content\/uploads\/2020\/07\/denatalit\u00e0_Italia_demografia-1024x296.jpg 1024w, https:\/\/www.rassegnastampa-totustuus.it\/cattolica\/wp-content\/uploads\/2020\/07\/denatalit\u00e0_Italia_demografia-300x87.jpg 300w, https:\/\/www.rassegnastampa-totustuus.it\/cattolica\/wp-content\/uploads\/2020\/07\/denatalit\u00e0_Italia_demografia-768x222.jpg 768w, https:\/\/www.rassegnastampa-totustuus.it\/cattolica\/wp-content\/uploads\/2020\/07\/denatalit\u00e0_Italia_demografia.jpg 1900w\" sizes=\"auto, (max-width: 1024px) 100vw, 1024px\" \/><\/a><\/figure><\/div>\n\n\n<!--more-->\n\n\n\n<p>In pratica in appena 60 anni abbiamo perso pi\u00f9 della met\u00e0 di neonati ogni anno. Con i ritmi attuali, servirebbero tre anni per mettere al mondo lo stesso numero di bambini che nascevano in un solo anno fino alla met\u00e0 degli anni Sessanta.<\/p>\n\n\n\n<h4 class=\"wp-block-heading has-text-align-center\"><strong>Una crisi \u201cstrutturale\u201d<\/strong><\/h4>\n\n\n\n<p>Non \u00e8 una crisi temporanea, quella della denatalit\u00e0 italiana \u00e8 una trasformazione costruita dalle \u00e9lite dal Sessantotto in poi e divenuta ormai strutturale.<\/p>\n\n\n\n<p>Lo conferma la fotografia dell\u2019Italia che offre il Dossier Natalit\u00e0 2026 \u201c<em>Volere o potere<\/em>\u201d, realizzato dalla <em>Fondazione per la Natalit\u00e0<\/em> in collaborazione con Istat e presentato lo scorso <a>28 luglio a Roma<\/a>, a Palazzo Wedekind, nel corso di un evento patrocinato dall\u2019Inps, alla presenza, fra gli altri, del presidente della <em>Fondazione<\/em> Gigi De Palo e del presidente dell\u2019Istituto Nazionale di Statistica (Istat) Francesco Maria Chelli.<\/p>\n\n\n\n<p>Secondo i relatori il crollo delle nascite in Italia non \u00e8 il risultato di un minore desiderio di diventare genitori, ma delle difficolt\u00e0 economiche e sociali che impediscono a milioni di persone di realizzare il proprio progetto di vita e di fare figli.<\/p>\n\n\n\n<p>In realt\u00e0 il fenomeno \u00e8 riconducibile ad una pluralit\u00e0 di fattori che, oltre naturalmente a quelli di stampo demografico, economico e sociale, ne include altri di eguale se non superiore importanza di carattere culturale ed educativo.<\/p>\n\n\n\n<p>Se il numero medio di figli per donna ha toccato, lo scorso anno, il minimo storico di 1,14 collocando l\u2019Italia tra i Paesi europei con la fecondit\u00e0 pi\u00f9 bassa, ci\u00f2 \u00e8 dovuto infatti non solo alla crescita dell\u2019et\u00e0 media al parto (32,7 anni, nel 2025) al protrarsi dei tempi di formazione, alla precariet\u00e0 del lavoro e alla difficolt\u00e0 di accedere al mercato delle abitazioni, ma anche alla bassa propensione a fare famiglia (e quindi anche figli) da parte delle nuove generazioni.<\/p>\n\n\n\n<h4 class=\"wp-block-heading has-text-align-center\"><strong>Il ruolo della mentalit\u00e0 individualista e anti-familiare<\/strong><\/h4>\n\n\n\n<p>Questa bassa propensione \u00e8 dettata da fattori culturali come la possibilit\u00e0, non di rado favorita dai genitori, di uscire molto tardi dal nucleo familiare di origine, nonch\u00e9 dalla mentalit\u00e0 individualista e anti-familiare trasmessa da opinionisti ed artisti e predominante nei vecchi e nuovi media.<\/p>\n\n\n\n<p>Non si vogliono certo sottovalutare nella valutazione dell\u2019attuale crollo delle nascite gli aspetti \u201ctecnici\u201d, cio\u00e8 puramente demografici, sottolineati da Gigi De Paolo nella presentazione di Roma. Nel senso che la denatalit\u00e0 strutturale degli ultimi anni \u00e8 anche il matematico risultato della riduzione nel numero attuale dei potenziali genitori \u00ab<em>appartenenti <\/em>&#8211; come rilevato dal presidente della <em>Fondazione per la Natalit\u00e0<\/em> &#8211; <em>alle sempre pi\u00f9 esigue generazioni nate a partire dalla met\u00e0 degli anni Settanta, quando la fecondit\u00e0 cominci\u00f2 a diminuire, scendendo da oltre 2 figli in media per donna al valore di 1,19 del 1995<\/em>\u00bb.<\/p>\n\n\n\n<p>Nello stesso senso il rapporto annuale Istat 2026 ha documentato come le donne con titolo di studio pi\u00f9 elevato (diploma e laurea) presentano in media \u201ccalendari riproduttivi\u201d piuttosto tardivi, con una concentrazione delle nascite in un intervallo di et\u00e0 pi\u00f9 ristretto.<\/p>\n\n\n\n<p>La riduzione della quota di 18-49enni che desiderano avere un figlio, rileva la <em>Fondazione per la Natalit\u00e0<\/em>, \u00e8 stata notevole negli ultimi due decenni, passando dal 50,7 per cento del 2003 al 45,3 per cento del 2024, a causa non solo delle \u00ab<em>incertezze economiche e lavorative<\/em>\u00bb ma, aggiungiamo noi, anche dalla disistima concreta verso gli impegni e le responsabilit\u00e0 importanti.<\/p>\n\n\n\n<p>Diciamo \u201cconcreta\u201d perch\u00e9, in teoria, la stragrande maggioranza delle donne italiane in et\u00e0 feconda afferma di voler diventare madre. Oltre 6 italiani su 10 in et\u00e0 feconda dichiarano di aver rinunciato ad avere altri figli a causa degli ostacoli economici e sociali mentre per appena il 5,5% la genitorialit\u00e0 non rientra nel proprio progetto di vita.<\/p>\n\n\n\n<p>Il dossier presentato a Roma, da questo punto di vista, mette peraltro in evidenza un ulteriore problema, consistente nella crescente distanza tra ci\u00f2 che le persone vorrebbero realizzare e ci\u00f2 che concretamente realizzano. Se infatti la voglia di avere un figlio dichiarata dalle donne italiane in et\u00e0 fertile si fosse concretizzata, nel 2025 sarebbero nati circa 760 mila bambini, pi\u00f9 del doppio di quelli effettivamente venuti alla luce.<\/p>\n\n\n\n<p>Alla luce di quanto detto risulta sempre pi\u00f9 necessario che lo Stato, le Regioni ed i Comuni promuovano politiche a sostegno della genitorialit\u00e0 e della natalit\u00e0 ma non solo prevedendo validi interventi economici e di conciliazione della vita familiare e lavorativa, soprattutto per le giovani donne, ma contribuendo a riportare il matrimonio e la famiglia al centro del nostro ordinamento.<\/p>\n\n\n\n<h4 class=\"wp-block-heading has-text-align-center\"><strong>Un&#8217;alleanza per la natalit\u00e0<\/strong><\/h4>\n\n\n\n<p>Per il gi\u00e0 citato Gianluigi De Palo ormai \u00ab<em>\u00e8 chiaro che noi veniamo da tanti anni di mancate politiche familiari, da circa 80 anni, nel senso che abbiamo dato per scontata la famiglia, abbiamo dato per scontato gli aiuti e la promozione della famiglia perch\u00e9 la famiglia c&#8217;era. Quello che noi cerchiamo di dire ogni anno, come delle Cassandre, cercando di insistere su questo tema, \u00e8 che bisogna fare un&#8217;alleanza. Non \u00e8 una questione solo politica, \u00e8 una questione che riguarda le aziende, che riguarda il mondo della comunicazione, riguarda il mondo della cultura, riguarda il mondo delle associazioni, delle banche, perch\u00e9 da questa situazione veramente difficile se ne pu\u00f2 uscire solamente insieme. Basti pensare, come dato che a me ha colpito tanto, \u00e8 che l&#8217;Istat ha domandato alle donne in et\u00e0 fertile quanti figli avrebbero voluto. Se tutte le donne che hanno risposto s\u00ec, vorrei un figlio, quest&#8217;anno avessero realizzato i loro sogni e quindi avessero messo al mondo un figlio, avremmo avuto 760.000 bambini, ne abbiamo fatti 355.000, quindi meno della met\u00e0. Allora noi dobbiamo andare a risolvere questo problema, cio\u00e8 mettere le persone nelle condizioni di realizzare i loro sogni familiari<\/em>\u00bb.<\/p>\n\n\n\n<p>Sulla stessa linea il presidente dell\u2019Istat Francesco Maria Chelli, secondo il quale \u00ab<em>la denatalit\u00e0 \u00e8 il problema pi\u00f9 centrale che abbiamo in Italia, nato negli anni Settanta quando cominciano a diminuire i tassi di fecondit\u00e0 cio\u00e8 il numero medio di figli per donna. Oggi siamo a 1,18 mentre il tasso di sostituzione che permetterebbe alla popolazione di rimanere stabile \u00e8 quasi il doppio, pari a 2,1<\/em>\u00bb. \u00ab<em>Questo <\/em>&#8211; ha spiegato il prof. Chelli che \u00e8 Ordinario di Statistica Economica all\u2019Universit\u00e0 Politecnica delle Marche &#8211; <em>&nbsp;va a comprimere le nascite mentre abbiamo una popolazione e una forza lavoro che invecchia, con molte persone che escono dalla classe 15-64 anni per entrare tra gli over 65. Che continueranno a crescere nei prossimi anni a scapito della popolazione attiva. I motivi per cui non si fanno figli &#8211; ha riassunto Chelli &#8211; in generale, sono difficolt\u00e0 economica per gli uomini, precariet\u00e0 lavorativa per le donne e assistenza agli anziani per la \u2019generazione sandwich\u2019<\/em>\u00bb.<\/p>\n","protected":false},"excerpt":{"rendered":"<p>Radici Cristiane n. 195 luglio-agosto 2026 Presentato a Roma il Dossier 2026 della Fondazione per la Natalit\u00e0 di Giuseppe Brienza C\u2019\u00e8 stato un tempo in cui in Italia nasceva quasi un milione di bambini ogni anno. Nel 1964, ad esempio, sono nati 1.016.120 bambini ma, anche solo vent\u2019anni fa, nel 1995, sono stati 526.000 i &hellip; <\/p>\n<p><a class=\"more-link btn\" href=\"https:\/\/www.rassegnastampa-totustuus.it\/cattolica\/il-crollo-della-natalita-italiana-e-strutturale\/\">Continua a leggere<\/a><\/p>\n","protected":false},"author":6,"featured_media":47846,"comment_status":"closed","ping_status":"closed","sticky":false,"template":"","format":"standard","meta":{"footnotes":""},"categories":[9],"tags":[1261,156],"class_list":["post-64952","post","type-post","status-publish","format-standard","has-post-thumbnail","hentry","category-demografia","tag-denatalita","tag-famiglia-2","item-wrap"],"yoast_head":"<!-- This site is optimized with the Yoast SEO plugin v28.2 - https:\/\/yoast.com\/product\/yoast-seo-wordpress\/ -->\n<title>Il crollo della natalit\u00e0 italiana? \u00c8 \u201cstrutturale\u201d - Rassegna Stampa Cattolica<\/title>\n<meta name=\"description\" content=\"Il crollo della natalit\u00e0 italiana? \u00c8 \u201cstrutturale\u201d. Allarme della Fondazione per la Natalit\u00e0 che ha presentato il Dossier 2026\" \/>\n<meta name=\"robots\" content=\"index, follow, max-snippet:-1, max-image-preview:large, max-video-preview:-1\" \/>\n<link rel=\"canonical\" href=\"https:\/\/www.rassegnastampa-totustuus.it\/cattolica\/il-crollo-della-natalita-italiana-e-strutturale\/\" \/>\n<meta property=\"og:locale\" content=\"it_IT\" \/>\n<meta property=\"og:type\" content=\"article\" \/>\n<meta property=\"og:title\" content=\"Il crollo della natalit\u00e0 italiana? \u00c8 \u201cstrutturale\u201d - Rassegna Stampa Cattolica\" \/>\n<meta property=\"og:description\" content=\"Il crollo della natalit\u00e0 italiana? \u00c8 \u201cstrutturale\u201d. Allarme della Fondazione per la Natalit\u00e0 che ha presentato il Dossier 2026\" \/>\n<meta property=\"og:url\" content=\"https:\/\/www.rassegnastampa-totustuus.it\/cattolica\/il-crollo-della-natalita-italiana-e-strutturale\/\" \/>\n<meta property=\"og:site_name\" content=\"Rassegna Stampa Cattolica\" \/>\n<meta property=\"article:publisher\" content=\"https:\/\/www.facebook.com\/rassegnastampacattolica\" \/>\n<meta property=\"article:published_time\" content=\"2026-09-02T23:00:00+00:00\" \/>\n<meta property=\"og:image\" content=\"https:\/\/www.rassegnastampa-totustuus.it\/cattolica\/wp-content\/uploads\/2020\/07\/denatalit\u00e0_Italia_demografia.jpg\" \/>\n\t<meta property=\"og:image:width\" content=\"1900\" \/>\n\t<meta property=\"og:image:height\" content=\"550\" \/>\n\t<meta property=\"og:image:type\" content=\"image\/jpeg\" \/>\n<meta name=\"author\" content=\"Redazione\" \/>\n<meta name=\"twitter:card\" content=\"summary_large_image\" \/>\n<meta name=\"twitter:creator\" content=\"@rassegnastampa9\" \/>\n<meta name=\"twitter:site\" content=\"@rassegnastampa9\" \/>\n<meta name=\"twitter:label1\" content=\"Scritto da\" \/>\n\t<meta name=\"twitter:data1\" content=\"Redazione\" \/>\n\t<meta name=\"twitter:label2\" content=\"Tempo di lettura stimato\" \/>\n\t<meta name=\"twitter:data2\" content=\"7 minuti\" \/>\n<script type=\"application\/ld+json\" class=\"yoast-schema-graph\">{\"@context\":\"https:\\\/\\\/schema.org\",\"@graph\":[{\"@type\":\"Article\",\"@id\":\"https:\\\/\\\/www.rassegnastampa-totustuus.it\\\/cattolica\\\/il-crollo-della-natalita-italiana-e-strutturale\\\/#article\",\"isPartOf\":{\"@id\":\"https:\\\/\\\/www.rassegnastampa-totustuus.it\\\/cattolica\\\/il-crollo-della-natalita-italiana-e-strutturale\\\/\"},\"author\":{\"name\":\"Redazione\",\"@id\":\"https:\\\/\\\/www.rassegnastampa-totustuus.it\\\/cattolica\\\/#\\\/schema\\\/person\\\/08f319d2bd1a0904ad9e2bfb7b15e5c3\"},\"headline\":\"Il crollo della natalit\u00e0 italiana? \u00c8 \u201cstrutturale\u201d\",\"datePublished\":\"2026-09-02T23:00:00+00:00\",\"mainEntityOfPage\":{\"@id\":\"https:\\\/\\\/www.rassegnastampa-totustuus.it\\\/cattolica\\\/il-crollo-della-natalita-italiana-e-strutturale\\\/\"},\"wordCount\":1137,\"publisher\":{\"@id\":\"https:\\\/\\\/www.rassegnastampa-totustuus.it\\\/cattolica\\\/#organization\"},\"image\":{\"@id\":\"https:\\\/\\\/www.rassegnastampa-totustuus.it\\\/cattolica\\\/il-crollo-della-natalita-italiana-e-strutturale\\\/#primaryimage\"},\"thumbnailUrl\":\"https:\\\/\\\/www.rassegnastampa-totustuus.it\\\/cattolica\\\/wp-content\\\/uploads\\\/2020\\\/07\\\/denatalit\u00e0_Italia_demografia.jpg\",\"keywords\":[\"denatalit\u00e0\",\"famiglia\"],\"articleSection\":[\"Demografia\"],\"inLanguage\":\"it-IT\"},{\"@type\":\"WebPage\",\"@id\":\"https:\\\/\\\/www.rassegnastampa-totustuus.it\\\/cattolica\\\/il-crollo-della-natalita-italiana-e-strutturale\\\/\",\"url\":\"https:\\\/\\\/www.rassegnastampa-totustuus.it\\\/cattolica\\\/il-crollo-della-natalita-italiana-e-strutturale\\\/\",\"name\":\"Il crollo della natalit\u00e0 italiana? \u00c8 \u201cstrutturale\u201d - Rassegna Stampa Cattolica\",\"isPartOf\":{\"@id\":\"https:\\\/\\\/www.rassegnastampa-totustuus.it\\\/cattolica\\\/#website\"},\"primaryImageOfPage\":{\"@id\":\"https:\\\/\\\/www.rassegnastampa-totustuus.it\\\/cattolica\\\/il-crollo-della-natalita-italiana-e-strutturale\\\/#primaryimage\"},\"image\":{\"@id\":\"https:\\\/\\\/www.rassegnastampa-totustuus.it\\\/cattolica\\\/il-crollo-della-natalita-italiana-e-strutturale\\\/#primaryimage\"},\"thumbnailUrl\":\"https:\\\/\\\/www.rassegnastampa-totustuus.it\\\/cattolica\\\/wp-content\\\/uploads\\\/2020\\\/07\\\/denatalit\u00e0_Italia_demografia.jpg\",\"datePublished\":\"2026-09-02T23:00:00+00:00\",\"description\":\"Il crollo della natalit\u00e0 italiana? \u00c8 \u201cstrutturale\u201d. Allarme della Fondazione per la Natalit\u00e0 che ha presentato il Dossier 2026\",\"breadcrumb\":{\"@id\":\"https:\\\/\\\/www.rassegnastampa-totustuus.it\\\/cattolica\\\/il-crollo-della-natalita-italiana-e-strutturale\\\/#breadcrumb\"},\"inLanguage\":\"it-IT\",\"potentialAction\":[{\"@type\":\"ReadAction\",\"target\":[\"https:\\\/\\\/www.rassegnastampa-totustuus.it\\\/cattolica\\\/il-crollo-della-natalita-italiana-e-strutturale\\\/\"]}]},{\"@type\":\"ImageObject\",\"inLanguage\":\"it-IT\",\"@id\":\"https:\\\/\\\/www.rassegnastampa-totustuus.it\\\/cattolica\\\/il-crollo-della-natalita-italiana-e-strutturale\\\/#primaryimage\",\"url\":\"https:\\\/\\\/www.rassegnastampa-totustuus.it\\\/cattolica\\\/wp-content\\\/uploads\\\/2020\\\/07\\\/denatalit\u00e0_Italia_demografia.jpg\",\"contentUrl\":\"https:\\\/\\\/www.rassegnastampa-totustuus.it\\\/cattolica\\\/wp-content\\\/uploads\\\/2020\\\/07\\\/denatalit\u00e0_Italia_demografia.jpg\",\"width\":1900,\"height\":550},{\"@type\":\"BreadcrumbList\",\"@id\":\"https:\\\/\\\/www.rassegnastampa-totustuus.it\\\/cattolica\\\/il-crollo-della-natalita-italiana-e-strutturale\\\/#breadcrumb\",\"itemListElement\":[{\"@type\":\"ListItem\",\"position\":1,\"name\":\"Home\",\"item\":\"https:\\\/\\\/www.rassegnastampa-totustuus.it\\\/cattolica\\\/\"},{\"@type\":\"ListItem\",\"position\":2,\"name\":\"Il crollo della natalit\u00e0 italiana? \u00c8 \u201cstrutturale\u201d\"}]},{\"@type\":\"WebSite\",\"@id\":\"https:\\\/\\\/www.rassegnastampa-totustuus.it\\\/cattolica\\\/#website\",\"url\":\"https:\\\/\\\/www.rassegnastampa-totustuus.it\\\/cattolica\\\/\",\"name\":\"Rassegna Stampa Cattolica\",\"description\":\"Per una cultura che nasce dalla Rivelazione cristiana in conformit\u00e0 alla tradizione e al Magistero della Chiesa in opposizione ad ogni relativismo e totalitarismo\",\"publisher\":{\"@id\":\"https:\\\/\\\/www.rassegnastampa-totustuus.it\\\/cattolica\\\/#organization\"},\"alternateName\":\"Rass. Cattolica\",\"potentialAction\":[{\"@type\":\"SearchAction\",\"target\":{\"@type\":\"EntryPoint\",\"urlTemplate\":\"https:\\\/\\\/www.rassegnastampa-totustuus.it\\\/cattolica\\\/?s={search_term_string}\"},\"query-input\":{\"@type\":\"PropertyValueSpecification\",\"valueRequired\":true,\"valueName\":\"search_term_string\"}}],\"inLanguage\":\"it-IT\"},{\"@type\":\"Organization\",\"@id\":\"https:\\\/\\\/www.rassegnastampa-totustuus.it\\\/cattolica\\\/#organization\",\"name\":\"Rassegna Stampa Cattolica\",\"url\":\"https:\\\/\\\/www.rassegnastampa-totustuus.it\\\/cattolica\\\/\",\"logo\":{\"@type\":\"ImageObject\",\"inLanguage\":\"it-IT\",\"@id\":\"https:\\\/\\\/www.rassegnastampa-totustuus.it\\\/cattolica\\\/#\\\/schema\\\/logo\\\/image\\\/\",\"url\":\"https:\\\/\\\/www.rassegnastampa-totustuus.it\\\/cattolica\\\/wp-content\\\/uploads\\\/2014\\\/04\\\/logo-rassegna1.gif\",\"contentUrl\":\"https:\\\/\\\/www.rassegnastampa-totustuus.it\\\/cattolica\\\/wp-content\\\/uploads\\\/2014\\\/04\\\/logo-rassegna1.gif\",\"width\":600,\"height\":163,\"caption\":\"Rassegna Stampa Cattolica\"},\"image\":{\"@id\":\"https:\\\/\\\/www.rassegnastampa-totustuus.it\\\/cattolica\\\/#\\\/schema\\\/logo\\\/image\\\/\"},\"sameAs\":[\"https:\\\/\\\/www.facebook.com\\\/rassegnastampacattolica\",\"https:\\\/\\\/x.com\\\/rassegnastampa9\"]},{\"@type\":\"Person\",\"@id\":\"https:\\\/\\\/www.rassegnastampa-totustuus.it\\\/cattolica\\\/#\\\/schema\\\/person\\\/08f319d2bd1a0904ad9e2bfb7b15e5c3\",\"name\":\"Redazione\",\"image\":{\"@type\":\"ImageObject\",\"inLanguage\":\"it-IT\",\"@id\":\"https:\\\/\\\/secure.gravatar.com\\\/avatar\\\/2fcdf27c78ea025fbdb44e914cc63c72249ffec9dc8aafd5c82b26240ef3f346?s=96&d=mm&r=g\",\"url\":\"https:\\\/\\\/secure.gravatar.com\\\/avatar\\\/2fcdf27c78ea025fbdb44e914cc63c72249ffec9dc8aafd5c82b26240ef3f346?s=96&d=mm&r=g\",\"contentUrl\":\"https:\\\/\\\/secure.gravatar.com\\\/avatar\\\/2fcdf27c78ea025fbdb44e914cc63c72249ffec9dc8aafd5c82b26240ef3f346?s=96&d=mm&r=g\",\"caption\":\"Redazione\"},\"url\":\"https:\\\/\\\/www.rassegnastampa-totustuus.it\\\/cattolica\\\/author\\\/pietroelle\\\/\"}]}<\/script>\n<!-- \/ Yoast SEO plugin. -->","yoast_head_json":{"title":"Il crollo della natalit\u00e0 italiana? \u00c8 \u201cstrutturale\u201d - Rassegna Stampa Cattolica","description":"Il crollo della natalit\u00e0 italiana? \u00c8 \u201cstrutturale\u201d. Allarme della Fondazione per la Natalit\u00e0 che ha presentato il Dossier 2026","robots":{"index":"index","follow":"follow","max-snippet":"max-snippet:-1","max-image-preview":"max-image-preview:large","max-video-preview":"max-video-preview:-1"},"canonical":"https:\/\/www.rassegnastampa-totustuus.it\/cattolica\/il-crollo-della-natalita-italiana-e-strutturale\/","og_locale":"it_IT","og_type":"article","og_title":"Il crollo della natalit\u00e0 italiana? \u00c8 \u201cstrutturale\u201d - Rassegna Stampa Cattolica","og_description":"Il crollo della natalit\u00e0 italiana? \u00c8 \u201cstrutturale\u201d. Allarme della Fondazione per la Natalit\u00e0 che ha presentato il Dossier 2026","og_url":"https:\/\/www.rassegnastampa-totustuus.it\/cattolica\/il-crollo-della-natalita-italiana-e-strutturale\/","og_site_name":"Rassegna Stampa Cattolica","article_publisher":"https:\/\/www.facebook.com\/rassegnastampacattolica","article_published_time":"2026-09-02T23:00:00+00:00","og_image":[{"width":1900,"height":550,"url":"https:\/\/www.rassegnastampa-totustuus.it\/cattolica\/wp-content\/uploads\/2020\/07\/denatalit\u00e0_Italia_demografia.jpg","type":"image\/jpeg"}],"author":"Redazione","twitter_card":"summary_large_image","twitter_creator":"@rassegnastampa9","twitter_site":"@rassegnastampa9","twitter_misc":{"Scritto da":"Redazione","Tempo di lettura stimato":"7 minuti"},"schema":{"@context":"https:\/\/schema.org","@graph":[{"@type":"Article","@id":"https:\/\/www.rassegnastampa-totustuus.it\/cattolica\/il-crollo-della-natalita-italiana-e-strutturale\/#article","isPartOf":{"@id":"https:\/\/www.rassegnastampa-totustuus.it\/cattolica\/il-crollo-della-natalita-italiana-e-strutturale\/"},"author":{"name":"Redazione","@id":"https:\/\/www.rassegnastampa-totustuus.it\/cattolica\/#\/schema\/person\/08f319d2bd1a0904ad9e2bfb7b15e5c3"},"headline":"Il crollo della natalit\u00e0 italiana? \u00c8 \u201cstrutturale\u201d","datePublished":"2026-09-02T23:00:00+00:00","mainEntityOfPage":{"@id":"https:\/\/www.rassegnastampa-totustuus.it\/cattolica\/il-crollo-della-natalita-italiana-e-strutturale\/"},"wordCount":1137,"publisher":{"@id":"https:\/\/www.rassegnastampa-totustuus.it\/cattolica\/#organization"},"image":{"@id":"https:\/\/www.rassegnastampa-totustuus.it\/cattolica\/il-crollo-della-natalita-italiana-e-strutturale\/#primaryimage"},"thumbnailUrl":"https:\/\/www.rassegnastampa-totustuus.it\/cattolica\/wp-content\/uploads\/2020\/07\/denatalit\u00e0_Italia_demografia.jpg","keywords":["denatalit\u00e0","famiglia"],"articleSection":["Demografia"],"inLanguage":"it-IT"},{"@type":"WebPage","@id":"https:\/\/www.rassegnastampa-totustuus.it\/cattolica\/il-crollo-della-natalita-italiana-e-strutturale\/","url":"https:\/\/www.rassegnastampa-totustuus.it\/cattolica\/il-crollo-della-natalita-italiana-e-strutturale\/","name":"Il crollo della natalit\u00e0 italiana? \u00c8 \u201cstrutturale\u201d - Rassegna Stampa Cattolica","isPartOf":{"@id":"https:\/\/www.rassegnastampa-totustuus.it\/cattolica\/#website"},"primaryImageOfPage":{"@id":"https:\/\/www.rassegnastampa-totustuus.it\/cattolica\/il-crollo-della-natalita-italiana-e-strutturale\/#primaryimage"},"image":{"@id":"https:\/\/www.rassegnastampa-totustuus.it\/cattolica\/il-crollo-della-natalita-italiana-e-strutturale\/#primaryimage"},"thumbnailUrl":"https:\/\/www.rassegnastampa-totustuus.it\/cattolica\/wp-content\/uploads\/2020\/07\/denatalit\u00e0_Italia_demografia.jpg","datePublished":"2026-09-02T23:00:00+00:00","description":"Il crollo della natalit\u00e0 italiana? \u00c8 \u201cstrutturale\u201d. Allarme della Fondazione per la Natalit\u00e0 che ha presentato il Dossier 2026","breadcrumb":{"@id":"https:\/\/www.rassegnastampa-totustuus.it\/cattolica\/il-crollo-della-natalita-italiana-e-strutturale\/#breadcrumb"},"inLanguage":"it-IT","potentialAction":[{"@type":"ReadAction","target":["https:\/\/www.rassegnastampa-totustuus.it\/cattolica\/il-crollo-della-natalita-italiana-e-strutturale\/"]}]},{"@type":"ImageObject","inLanguage":"it-IT","@id":"https:\/\/www.rassegnastampa-totustuus.it\/cattolica\/il-crollo-della-natalita-italiana-e-strutturale\/#primaryimage","url":"https:\/\/www.rassegnastampa-totustuus.it\/cattolica\/wp-content\/uploads\/2020\/07\/denatalit\u00e0_Italia_demografia.jpg","contentUrl":"https:\/\/www.rassegnastampa-totustuus.it\/cattolica\/wp-content\/uploads\/2020\/07\/denatalit\u00e0_Italia_demografia.jpg","width":1900,"height":550},{"@type":"BreadcrumbList","@id":"https:\/\/www.rassegnastampa-totustuus.it\/cattolica\/il-crollo-della-natalita-italiana-e-strutturale\/#breadcrumb","itemListElement":[{"@type":"ListItem","position":1,"name":"Home","item":"https:\/\/www.rassegnastampa-totustuus.it\/cattolica\/"},{"@type":"ListItem","position":2,"name":"Il crollo della natalit\u00e0 italiana? \u00c8 \u201cstrutturale\u201d"}]},{"@type":"WebSite","@id":"https:\/\/www.rassegnastampa-totustuus.it\/cattolica\/#website","url":"https:\/\/www.rassegnastampa-totustuus.it\/cattolica\/","name":"Rassegna Stampa Cattolica","description":"Per una cultura che nasce dalla Rivelazione cristiana in conformit\u00e0 alla tradizione e al Magistero della Chiesa in opposizione ad ogni relativismo e totalitarismo","publisher":{"@id":"https:\/\/www.rassegnastampa-totustuus.it\/cattolica\/#organization"},"alternateName":"Rass. Cattolica","potentialAction":[{"@type":"SearchAction","target":{"@type":"EntryPoint","urlTemplate":"https:\/\/www.rassegnastampa-totustuus.it\/cattolica\/?s={search_term_string}"},"query-input":{"@type":"PropertyValueSpecification","valueRequired":true,"valueName":"search_term_string"}}],"inLanguage":"it-IT"},{"@type":"Organization","@id":"https:\/\/www.rassegnastampa-totustuus.it\/cattolica\/#organization","name":"Rassegna Stampa Cattolica","url":"https:\/\/www.rassegnastampa-totustuus.it\/cattolica\/","logo":{"@type":"ImageObject","inLanguage":"it-IT","@id":"https:\/\/www.rassegnastampa-totustuus.it\/cattolica\/#\/schema\/logo\/image\/","url":"https:\/\/www.rassegnastampa-totustuus.it\/cattolica\/wp-content\/uploads\/2014\/04\/logo-rassegna1.gif","contentUrl":"https:\/\/www.rassegnastampa-totustuus.it\/cattolica\/wp-content\/uploads\/2014\/04\/logo-rassegna1.gif","width":600,"height":163,"caption":"Rassegna Stampa Cattolica"},"image":{"@id":"https:\/\/www.rassegnastampa-totustuus.it\/cattolica\/#\/schema\/logo\/image\/"},"sameAs":["https:\/\/www.facebook.com\/rassegnastampacattolica","https:\/\/x.com\/rassegnastampa9"]},{"@type":"Person","@id":"https:\/\/www.rassegnastampa-totustuus.it\/cattolica\/#\/schema\/person\/08f319d2bd1a0904ad9e2bfb7b15e5c3","name":"Redazione","image":{"@type":"ImageObject","inLanguage":"it-IT","@id":"https:\/\/secure.gravatar.com\/avatar\/2fcdf27c78ea025fbdb44e914cc63c72249ffec9dc8aafd5c82b26240ef3f346?s=96&d=mm&r=g","url":"https:\/\/secure.gravatar.com\/avatar\/2fcdf27c78ea025fbdb44e914cc63c72249ffec9dc8aafd5c82b26240ef3f346?s=96&d=mm&r=g","contentUrl":"https:\/\/secure.gravatar.com\/avatar\/2fcdf27c78ea025fbdb44e914cc63c72249ffec9dc8aafd5c82b26240ef3f346?s=96&d=mm&r=g","caption":"Redazione"},"url":"https:\/\/www.rassegnastampa-totustuus.it\/cattolica\/author\/pietroelle\/"}]}},"_links":{"self":[{"href":"https:\/\/www.rassegnastampa-totustuus.it\/cattolica\/wp-json\/wp\/v2\/posts\/64952","targetHints":{"allow":["GET"]}}],"collection":[{"href":"https:\/\/www.rassegnastampa-totustuus.it\/cattolica\/wp-json\/wp\/v2\/posts"}],"about":[{"href":"https:\/\/www.rassegnastampa-totustuus.it\/cattolica\/wp-json\/wp\/v2\/types\/post"}],"author":[{"embeddable":true,"href":"https:\/\/www.rassegnastampa-totustuus.it\/cattolica\/wp-json\/wp\/v2\/users\/6"}],"replies":[{"embeddable":true,"href":"https:\/\/www.rassegnastampa-totustuus.it\/cattolica\/wp-json\/wp\/v2\/comments?post=64952"}],"version-history":[{"count":1,"href":"https:\/\/www.rassegnastampa-totustuus.it\/cattolica\/wp-json\/wp\/v2\/posts\/64952\/revisions"}],"predecessor-version":[{"id":64953,"href":"https:\/\/www.rassegnastampa-totustuus.it\/cattolica\/wp-json\/wp\/v2\/posts\/64952\/revisions\/64953"}],"wp:featuredmedia":[{"embeddable":true,"href":"https:\/\/www.rassegnastampa-totustuus.it\/cattolica\/wp-json\/wp\/v2\/media\/47846"}],"wp:attachment":[{"href":"https:\/\/www.rassegnastampa-totustuus.it\/cattolica\/wp-json\/wp\/v2\/media?parent=64952"}],"wp:term":[{"taxonomy":"category","embeddable":true,"href":"https:\/\/www.rassegnastampa-totustuus.it\/cattolica\/wp-json\/wp\/v2\/categories?post=64952"},{"taxonomy":"post_tag","embeddable":true,"href":"https:\/\/www.rassegnastampa-totustuus.it\/cattolica\/wp-json\/wp\/v2\/tags?post=64952"}],"curies":[{"name":"wp","href":"https:\/\/api.w.org\/{rel}","templated":true}]}}